{"id":102,"date":"2016-01-16T23:54:16","date_gmt":"2016-01-16T23:54:16","guid":{"rendered":"http:\/\/www.vivaeurovision.com\/?p=102"},"modified":"2016-01-19T23:05:37","modified_gmt":"2016-01-19T23:05:37","slug":"lo-que-surja-pedro-palomo-eurovision","status":"publish","type":"post","link":"https:\/\/www.vivaeurovision.com\/index.php\/2016\/01\/16\/lo-que-surja-pedro-palomo-eurovision\/","title":{"rendered":"YA PUEDES VER EL PROGRAMA LO QUE SURJA, DONDE PEDRO PALOMO HABLA DE EUROVISION"},"content":{"rendered":"<p><img loading=\"lazy\" decoding=\"async\" class=\"alignnone size-medium wp-image-104\" src=\"http:\/\/www.vivaeurovision.com\/wp-content\/uploads\/2016\/01\/LQS_BAN-300x119.png\" alt=\"LQS_BAN\" width=\"300\" height=\"119\" srcset=\"https:\/\/www.vivaeurovision.com\/wp-content\/uploads\/2016\/01\/LQS_BAN-300x119.png 300w, https:\/\/www.vivaeurovision.com\/wp-content\/uploads\/2016\/01\/LQS_BAN-768x304.png 768w, https:\/\/www.vivaeurovision.com\/wp-content\/uploads\/2016\/01\/LQS_BAN-1024x405.png 1024w, https:\/\/www.vivaeurovision.com\/wp-content\/uploads\/2016\/01\/LQS_BAN.png 1042w\" sizes=\"auto, (max-width: 300px) 100vw, 300px\" \/><\/p>\n<p>El programa <strong>LO QUE SURJA<\/strong> presentado por <strong>Ismael \u00c1lvarez<\/strong>, <strong>Sabina Pedr\u00f3s<\/strong> y <strong>Miguel\u00a0Pino<\/strong> , ha contado de nuevo con la participaci\u00f3n de <strong>Pedro Palomo<\/strong>, redactor de www.vivaeurovision.com.<\/p>\n<p>Un programa lleno de alegr\u00eda como es de costumbre en las noches del programa, donde hay una gran variedad de contenidos, colaboradores que hacen que las noches sean muy divertidas.<\/p>\n<p>Desde el programa <strong>Lo Que Surja <\/strong>se esta haciendo un seguimiento de todas las novedades sobre el Festival de Eurovisi\u00f3n y en esta ocasi\u00f3n hemos podido disfrutar de las actuaciones de unas particulares Lucia \u00abEurovisi\u00f3n 1982\u00bb con la canci\u00f3n El y de Remedios Amaya \u00abEurovisi\u00f3n 1983\u00bb y la canci\u00f3n Ay quien maneja mi barca.<\/p>\n<p>Tambi\u00e9n se han repasado las actuaciones de diferentes artistas que han pasado por el Festival de Eurovisi\u00f3n, como <strong>Sergio Dalma, Azucar Moreno, Eva Santamar\u00eda o Pastora Soler<\/strong>. Se ha hecho una menci\u00f3n especial a <strong>Soraya<\/strong> presentando un fragmento de su nuevo trabajo <strong>Akustika<\/strong>.<\/p>\n<p>Por supuesto el tema mas importante de la noche ha sido comentar los 6 aspirantes a representar a Espa\u00f1a en el Festival de Eurovisi\u00f3n 2016.<\/p>\n<p><strong>Xuso Jones, Electric Nana, Maverick, Mar\u00eda Isabel, Salvador Beltr\u00e1n y Barei<\/strong><img loading=\"lazy\" decoding=\"async\" class=\"alignnone size-medium wp-image-105\" src=\"http:\/\/www.vivaeurovision.com\/wp-content\/uploads\/2016\/01\/Archivo-17-1-16-0-20-23-300x213.jpeg\" alt=\"Archivo 17-1-16 0 20 23\" width=\"300\" height=\"213\" srcset=\"https:\/\/www.vivaeurovision.com\/wp-content\/uploads\/2016\/01\/Archivo-17-1-16-0-20-23-300x213.jpeg 300w, https:\/\/www.vivaeurovision.com\/wp-content\/uploads\/2016\/01\/Archivo-17-1-16-0-20-23-768x544.jpeg 768w, https:\/\/www.vivaeurovision.com\/wp-content\/uploads\/2016\/01\/Archivo-17-1-16-0-20-23-1024x726.jpeg 1024w\" sizes=\"auto, (max-width: 300px) 100vw, 300px\" \/><\/p>\n<p>Comentando sobre las especulaciones de como ser\u00e1n sus temas, destacando que va a ser una competici\u00f3n muy variada con diferentes estilos e idiomas, adem\u00e1s pudimos conversar en directo con dos de los aspirantes a representar a Espa\u00f1a en Eurovisi\u00f3n, una conversaci\u00f3n telef\u00f3nica con <strong>Mar\u00eda Isabel<\/strong>, donde afirmo estar muy feliz y dijo que la canci\u00f3n que presenta esta en su disco <strong>Yo decido<\/strong> y no ser\u00e1 con ritmos flamencos, tambi\u00e9n confirmo que la canci\u00f3n presentada ser\u00e1 tal y como la que hay publicada en su disco.<\/p>\n<p>Con <strong>Maverick<\/strong> otro de los aspirantes tuvimos la oportunidad de hablar con el en directo y se mostr\u00f3 contento y con ganas y fuerza para el d\u00eda de la gala final, afirmo que su canci\u00f3n es latina, en espa\u00f1ol\u00a0y muy bailable y defendi\u00f3 que hace a\u00f1os no se han llevado candidaturas as\u00ed al Festival de Eurovisi\u00f3n,\u00a0dijo que\u00a0su coach <strong>Laura Pausini<\/strong> esta al\u00a0d\u00eda de todo y tiene el apoyo\u00a0incondicional de ella \u00abmomento que aprovechamos a pedir los 12 puntos de Italia.<\/p>\n<p><em><strong>EN ESTE ENLACE PUEDES VER EL PROGRAMA<\/strong><\/em><br \/>\n<iframe loading=\"lazy\" src=\"https:\/\/www.youtube.com\/embed\/VvLKbNqwKa8\" width=\"560\" height=\"315\" frameborder=\"0\" allowfullscreen=\"allowfullscreen\"><\/iframe><\/p>\n<p>Pod\u00e9is ver el programa en los\u00a0siguientes\u00a0canales<\/p>\n<p><img loading=\"lazy\" decoding=\"async\" class=\"alignnone size-medium wp-image-108\" src=\"http:\/\/www.vivaeurovision.com\/wp-content\/uploads\/2016\/01\/IMG_4246-206x300.jpg\" alt=\"IMG_4246\" width=\"206\" height=\"300\" srcset=\"https:\/\/www.vivaeurovision.com\/wp-content\/uploads\/2016\/01\/IMG_4246-206x300.jpg 206w, https:\/\/www.vivaeurovision.com\/wp-content\/uploads\/2016\/01\/IMG_4246.jpg 639w\" sizes=\"auto, (max-width: 206px) 100vw, 206px\" \/><\/p>\n<p>O directamente online desde <strong><a href=\"http:\/\/loquesurjatv.blogspot.com.es\/\" target=\"_blank\">http:\/\/loquesurjatv.blogspot.com.es\/<\/a><\/strong><\/p>\n<p><img loading=\"lazy\" decoding=\"async\" class=\"alignnone size-full wp-image-103\" src=\"http:\/\/www.vivaeurovision.com\/wp-content\/uploads\/2016\/01\/wsb_239x243_loquesurjaETV.jpg\" alt=\"_wsb_239x243_lo+que+surja+ETV\" width=\"239\" height=\"243\" \/><\/p>\n<p>Twitter <strong><a href=\"https:\/\/twitter.com\/Loquesurjatv?lang=es\" target=\"_blank\">@Loquesurjatv<\/a><\/strong> #LQSTV<strong> <a href=\"https:\/\/www.facebook.com\/loquesurjaTV\/timeline\" target=\"_blank\">Facebook Oficial de Lo Que Surja<\/a> <\/strong><\/p>\n<p>Instragram <strong>@loquesurjatv<\/strong><\/p>\n<p>&nbsp;<\/p>\n<p>Twitter\u00a0<strong> <a href=\"https:\/\/twitter.com\/viva_eurovision\" target=\"_blank\">@viva_eurovision<\/a>\u00a0 <a href=\"https:\/\/www.facebook.com\/Vivaeurovisioncom-867806686671081\/?fref=nf\" target=\"_blank\">FACEBOOK OFICIAL VIVA EUROVISION <\/a><\/strong>Instragram <strong>@vivaeurovision<\/strong><\/p>\n<p>Redactor: Pedro Palomo Twitter <strong><a href=\"https:\/\/twitter.com\/pedropalomobcn?lang=es\" target=\"_blank\">@pedropalomobcn<\/a> <\/strong>Instragram <strong>@pedrobcn<\/strong><br \/>\n<strong>\u00a0<\/strong><\/p>\n<p>&nbsp;<\/p>\n<p>&nbsp;<\/p>\n","protected":false},"excerpt":{"rendered":"<p>El programa LO QUE SURJA presentado por Ismael \u00c1lvarez, Sabina Pedr\u00f3s y Miguel\u00a0Pino , ha contado de nuevo con la participaci\u00f3n de Pedro Palomo, redactor de www.vivaeurovision.com. Un programa lleno&#46;&#46;&#46;<\/p>\n","protected":false},"author":1,"featured_media":109,"comment_status":"open","ping_status":"open","sticky":false,"template":"","format":"standard","meta":{"_exactmetrics_skip_tracking":false,"_exactmetrics_sitenote_active":false,"_exactmetrics_sitenote_note":"","_exactmetrics_sitenote_category":0,"footnotes":""},"categories":[5,6,4,2,3],"tags":[76,78,71,70,17,30,61,11,12,77,62,59,60,80,68,67,63,73,19,20,66,79,64,72,74,75,65,69],"class_list":["post-102","post","type-post","status-publish","format-standard","has-post-thumbnail","hentry","category-entrevistas","category-espana-en-eurovision","category-eurovision","category-noticia","category-ultima-hora","tag-akustika","tag-azucar-moreno","tag-barei","tag-electric-nana","tag-esc","tag-esc-2016","tag-etv","tag-eurovision","tag-eurovision-2016","tag-eva-santamaria","tag-ismael-alvarez","tag-lo-que-surja","tag-lo-que-surja-tv","tag-lucia","tag-maria-isabel","tag-maverick","tag-miguel-pino","tag-pastora-soler","tag-pedro-palomo","tag-pedro-palomo-eurovision","tag-programa","tag-remedios-amaya","tag-sabia-pedros","tag-salvador-beltran","tag-sergio-dalma","tag-soraya","tag-tv-show","tag-xuso-jones"],"yoast_head":"<!-- This site is optimized with the Yoast SEO plugin v27.5 - https:\/\/yoast.com\/product\/yoast-seo-wordpress\/ -->\n<title>YA PUEDES VER EL PROGRAMA LO QUE SURJA, DONDE PEDRO PALOMO HABLA DE EUROVISION - VIVAEUROVISION viva eurovision<\/title>\n<meta name=\"robots\" content=\"index, follow, max-snippet:-1, max-image-preview:large, max-video-preview:-1\" \/>\n<link rel=\"canonical\" href=\"https:\/\/www.vivaeurovision.com\/index.php\/2016\/01\/16\/lo-que-surja-pedro-palomo-eurovision\/\" \/>\n<meta property=\"og:locale\" content=\"es_ES\" \/>\n<meta property=\"og:type\" content=\"article\" \/>\n<meta property=\"og:title\" content=\"YA PUEDES VER EL PROGRAMA LO QUE SURJA, DONDE PEDRO PALOMO HABLA DE EUROVISION - VIVAEUROVISION viva eurovision\" \/>\n<meta property=\"og:description\" content=\"El programa LO QUE SURJA presentado por Ismael \u00c1lvarez, Sabina Pedr\u00f3s y Miguel\u00a0Pino , ha contado de nuevo con la participaci\u00f3n de Pedro Palomo, redactor de www.vivaeurovision.com. Un programa lleno&#046;&#046;&#046;\" \/>\n<meta property=\"og:url\" content=\"https:\/\/www.vivaeurovision.com\/index.php\/2016\/01\/16\/lo-que-surja-pedro-palomo-eurovision\/\" \/>\n<meta property=\"og:site_name\" content=\"VIVAEUROVISION viva eurovision\" \/>\n<meta property=\"article:published_time\" content=\"2016-01-16T23:54:16+00:00\" \/>\n<meta property=\"article:modified_time\" content=\"2016-01-19T23:05:37+00:00\" \/>\n<meta property=\"og:image\" content=\"https:\/\/www.vivaeurovision.com\/wp-content\/uploads\/2016\/01\/Archivo-17-1-16-0-03-59.jpeg\" \/>\n\t<meta property=\"og:image:width\" content=\"1024\" \/>\n\t<meta property=\"og:image:height\" content=\"962\" \/>\n\t<meta property=\"og:image:type\" content=\"image\/jpeg\" \/>\n<meta name=\"author\" content=\"Pedro Palomo\" \/>\n<meta name=\"twitter:card\" content=\"summary_large_image\" \/>\n<meta name=\"twitter:creator\" content=\"@pedropalomobcn\" \/>\n<meta name=\"twitter:label1\" content=\"Escrito por\" \/>\n\t<meta name=\"twitter:data1\" content=\"Pedro Palomo\" \/>\n\t<meta name=\"twitter:label2\" content=\"Tiempo de lectura\" \/>\n\t<meta name=\"twitter:data2\" content=\"2 minutos\" \/>\n<script type=\"application\/ld+json\" class=\"yoast-schema-graph\">{\"@context\":\"https:\\\/\\\/schema.org\",\"@graph\":[{\"@type\":\"Article\",\"@id\":\"https:\\\/\\\/www.vivaeurovision.com\\\/index.php\\\/2016\\\/01\\\/16\\\/lo-que-surja-pedro-palomo-eurovision\\\/#article\",\"isPartOf\":{\"@id\":\"https:\\\/\\\/www.vivaeurovision.com\\\/index.php\\\/2016\\\/01\\\/16\\\/lo-que-surja-pedro-palomo-eurovision\\\/\"},\"author\":{\"name\":\"Pedro Palomo\",\"@id\":\"https:\\\/\\\/www.vivaeurovision.com\\\/#\\\/schema\\\/person\\\/1d31fdaa3f5f7df556f73d164bd3c47a\"},\"headline\":\"YA PUEDES VER EL PROGRAMA LO QUE SURJA, DONDE PEDRO PALOMO HABLA DE EUROVISION\",\"datePublished\":\"2016-01-16T23:54:16+00:00\",\"dateModified\":\"2016-01-19T23:05:37+00:00\",\"mainEntityOfPage\":{\"@id\":\"https:\\\/\\\/www.vivaeurovision.com\\\/index.php\\\/2016\\\/01\\\/16\\\/lo-que-surja-pedro-palomo-eurovision\\\/\"},\"wordCount\":461,\"commentCount\":0,\"publisher\":{\"@id\":\"https:\\\/\\\/www.vivaeurovision.com\\\/#organization\"},\"image\":{\"@id\":\"https:\\\/\\\/www.vivaeurovision.com\\\/index.php\\\/2016\\\/01\\\/16\\\/lo-que-surja-pedro-palomo-eurovision\\\/#primaryimage\"},\"thumbnailUrl\":\"https:\\\/\\\/www.vivaeurovision.com\\\/wp-content\\\/uploads\\\/2016\\\/01\\\/Archivo-17-1-16-0-03-59.jpeg\",\"keywords\":[\"Akustika\",\"Azucar Moreno\",\"Barei\",\"Electric Nana\",\"ESC\",\"Esc 2016\",\"etv\",\"Eurovision\",\"Eurovisi\u00f3n 2016\",\"Eva Santamar\u00eda\",\"Ismael Alvarez\",\"Lo que surja\",\"Lo que surja tv\",\"Lucia\",\"Mar\u00eda Isabel\",\"Maverick\",\"Miguel Pino\",\"Pastora Soler\",\"Pedro Palomo\",\"Pedro Palomo Eurovision\",\"programa\",\"Remedios Amaya\",\"Sabia Pedr\u00f3s\",\"Salvador Beltr\u00e1n\",\"Sergio Dalma\",\"Soraya\",\"TV Show\",\"Xuso Jones\"],\"articleSection\":[\"Entrevistas\",\"Espa\u00f1a en Eurovisi\u00f3n\",\"Inicio\",\"Noticias\",\"Ultima Hora\"],\"inLanguage\":\"es\",\"potentialAction\":[{\"@type\":\"CommentAction\",\"name\":\"Comment\",\"target\":[\"https:\\\/\\\/www.vivaeurovision.com\\\/index.php\\\/2016\\\/01\\\/16\\\/lo-que-surja-pedro-palomo-eurovision\\\/#respond\"]}]},{\"@type\":\"WebPage\",\"@id\":\"https:\\\/\\\/www.vivaeurovision.com\\\/index.php\\\/2016\\\/01\\\/16\\\/lo-que-surja-pedro-palomo-eurovision\\\/\",\"url\":\"https:\\\/\\\/www.vivaeurovision.com\\\/index.php\\\/2016\\\/01\\\/16\\\/lo-que-surja-pedro-palomo-eurovision\\\/\",\"name\":\"YA PUEDES VER EL PROGRAMA LO QUE SURJA, DONDE PEDRO PALOMO HABLA DE EUROVISION - VIVAEUROVISION viva eurovision\",\"isPartOf\":{\"@id\":\"https:\\\/\\\/www.vivaeurovision.com\\\/#website\"},\"primaryImageOfPage\":{\"@id\":\"https:\\\/\\\/www.vivaeurovision.com\\\/index.php\\\/2016\\\/01\\\/16\\\/lo-que-surja-pedro-palomo-eurovision\\\/#primaryimage\"},\"image\":{\"@id\":\"https:\\\/\\\/www.vivaeurovision.com\\\/index.php\\\/2016\\\/01\\\/16\\\/lo-que-surja-pedro-palomo-eurovision\\\/#primaryimage\"},\"thumbnailUrl\":\"https:\\\/\\\/www.vivaeurovision.com\\\/wp-content\\\/uploads\\\/2016\\\/01\\\/Archivo-17-1-16-0-03-59.jpeg\",\"datePublished\":\"2016-01-16T23:54:16+00:00\",\"dateModified\":\"2016-01-19T23:05:37+00:00\",\"breadcrumb\":{\"@id\":\"https:\\\/\\\/www.vivaeurovision.com\\\/index.php\\\/2016\\\/01\\\/16\\\/lo-que-surja-pedro-palomo-eurovision\\\/#breadcrumb\"},\"inLanguage\":\"es\",\"potentialAction\":[{\"@type\":\"ReadAction\",\"target\":[\"https:\\\/\\\/www.vivaeurovision.com\\\/index.php\\\/2016\\\/01\\\/16\\\/lo-que-surja-pedro-palomo-eurovision\\\/\"]}]},{\"@type\":\"ImageObject\",\"inLanguage\":\"es\",\"@id\":\"https:\\\/\\\/www.vivaeurovision.com\\\/index.php\\\/2016\\\/01\\\/16\\\/lo-que-surja-pedro-palomo-eurovision\\\/#primaryimage\",\"url\":\"https:\\\/\\\/www.vivaeurovision.com\\\/wp-content\\\/uploads\\\/2016\\\/01\\\/Archivo-17-1-16-0-03-59.jpeg\",\"contentUrl\":\"https:\\\/\\\/www.vivaeurovision.com\\\/wp-content\\\/uploads\\\/2016\\\/01\\\/Archivo-17-1-16-0-03-59.jpeg\",\"width\":1024,\"height\":962},{\"@type\":\"BreadcrumbList\",\"@id\":\"https:\\\/\\\/www.vivaeurovision.com\\\/index.php\\\/2016\\\/01\\\/16\\\/lo-que-surja-pedro-palomo-eurovision\\\/#breadcrumb\",\"itemListElement\":[{\"@type\":\"ListItem\",\"position\":1,\"name\":\"Portada\",\"item\":\"https:\\\/\\\/www.vivaeurovision.com\\\/\"},{\"@type\":\"ListItem\",\"position\":2,\"name\":\"YA PUEDES VER EL PROGRAMA LO QUE SURJA, DONDE PEDRO PALOMO HABLA DE EUROVISION\"}]},{\"@type\":\"WebSite\",\"@id\":\"https:\\\/\\\/www.vivaeurovision.com\\\/#website\",\"url\":\"https:\\\/\\\/www.vivaeurovision.com\\\/\",\"name\":\"VIVAEUROVISION viva eurovision\",\"description\":\"Tu portal sobre el Festival de Eurovision, eurovision, eurovisi\u00f3n\",\"publisher\":{\"@id\":\"https:\\\/\\\/www.vivaeurovision.com\\\/#organization\"},\"potentialAction\":[{\"@type\":\"SearchAction\",\"target\":{\"@type\":\"EntryPoint\",\"urlTemplate\":\"https:\\\/\\\/www.vivaeurovision.com\\\/?s={search_term_string}\"},\"query-input\":{\"@type\":\"PropertyValueSpecification\",\"valueRequired\":true,\"valueName\":\"search_term_string\"}}],\"inLanguage\":\"es\"},{\"@type\":\"Organization\",\"@id\":\"https:\\\/\\\/www.vivaeurovision.com\\\/#organization\",\"name\":\"vivaeurovision\",\"url\":\"https:\\\/\\\/www.vivaeurovision.com\\\/\",\"logo\":{\"@type\":\"ImageObject\",\"inLanguage\":\"es\",\"@id\":\"https:\\\/\\\/www.vivaeurovision.com\\\/#\\\/schema\\\/logo\\\/image\\\/\",\"url\":\"https:\\\/\\\/www.vivaeurovision.com\\\/wp-content\\\/uploads\\\/2016\\\/01\\\/cropped-image-21-1.jpeg\",\"contentUrl\":\"https:\\\/\\\/www.vivaeurovision.com\\\/wp-content\\\/uploads\\\/2016\\\/01\\\/cropped-image-21-1.jpeg\",\"width\":669,\"height\":368,\"caption\":\"vivaeurovision\"},\"image\":{\"@id\":\"https:\\\/\\\/www.vivaeurovision.com\\\/#\\\/schema\\\/logo\\\/image\\\/\"}},{\"@type\":\"Person\",\"@id\":\"https:\\\/\\\/www.vivaeurovision.com\\\/#\\\/schema\\\/person\\\/1d31fdaa3f5f7df556f73d164bd3c47a\",\"name\":\"Pedro Palomo\",\"image\":{\"@type\":\"ImageObject\",\"inLanguage\":\"es\",\"@id\":\"https:\\\/\\\/secure.gravatar.com\\\/avatar\\\/4cf9a4877f5f71f44fb7cedbe1bac1bd28bd8ce7a217517d98d5b2117f9f5505?s=96&d=mm&r=g\",\"url\":\"https:\\\/\\\/secure.gravatar.com\\\/avatar\\\/4cf9a4877f5f71f44fb7cedbe1bac1bd28bd8ce7a217517d98d5b2117f9f5505?s=96&d=mm&r=g\",\"contentUrl\":\"https:\\\/\\\/secure.gravatar.com\\\/avatar\\\/4cf9a4877f5f71f44fb7cedbe1bac1bd28bd8ce7a217517d98d5b2117f9f5505?s=96&d=mm&r=g\",\"caption\":\"Pedro Palomo\"},\"sameAs\":[\"http:\\\/\\\/www.vivaeurovision.com\",\"@pedrobcn\",\"https:\\\/\\\/x.com\\\/@pedropalomobcn\"]}]}<\/script>\n<!-- \/ Yoast SEO plugin. -->","yoast_head_json":{"title":"YA PUEDES VER EL PROGRAMA LO QUE SURJA, DONDE PEDRO PALOMO HABLA DE EUROVISION - VIVAEUROVISION viva eurovision","robots":{"index":"index","follow":"follow","max-snippet":"max-snippet:-1","max-image-preview":"max-image-preview:large","max-video-preview":"max-video-preview:-1"},"canonical":"https:\/\/www.vivaeurovision.com\/index.php\/2016\/01\/16\/lo-que-surja-pedro-palomo-eurovision\/","og_locale":"es_ES","og_type":"article","og_title":"YA PUEDES VER EL PROGRAMA LO QUE SURJA, DONDE PEDRO PALOMO HABLA DE EUROVISION - VIVAEUROVISION viva eurovision","og_description":"El programa LO QUE SURJA presentado por Ismael \u00c1lvarez, Sabina Pedr\u00f3s y Miguel\u00a0Pino , ha contado de nuevo con la participaci\u00f3n de Pedro Palomo, redactor de www.vivaeurovision.com. Un programa lleno&#46;&#46;&#46;","og_url":"https:\/\/www.vivaeurovision.com\/index.php\/2016\/01\/16\/lo-que-surja-pedro-palomo-eurovision\/","og_site_name":"VIVAEUROVISION viva eurovision","article_published_time":"2016-01-16T23:54:16+00:00","article_modified_time":"2016-01-19T23:05:37+00:00","og_image":[{"width":1024,"height":962,"url":"https:\/\/www.vivaeurovision.com\/wp-content\/uploads\/2016\/01\/Archivo-17-1-16-0-03-59.jpeg","type":"image\/jpeg"}],"author":"Pedro Palomo","twitter_card":"summary_large_image","twitter_creator":"@pedropalomobcn","twitter_misc":{"Escrito por":"Pedro Palomo","Tiempo de lectura":"2 minutos"},"schema":{"@context":"https:\/\/schema.org","@graph":[{"@type":"Article","@id":"https:\/\/www.vivaeurovision.com\/index.php\/2016\/01\/16\/lo-que-surja-pedro-palomo-eurovision\/#article","isPartOf":{"@id":"https:\/\/www.vivaeurovision.com\/index.php\/2016\/01\/16\/lo-que-surja-pedro-palomo-eurovision\/"},"author":{"name":"Pedro Palomo","@id":"https:\/\/www.vivaeurovision.com\/#\/schema\/person\/1d31fdaa3f5f7df556f73d164bd3c47a"},"headline":"YA PUEDES VER EL PROGRAMA LO QUE SURJA, DONDE PEDRO PALOMO HABLA DE EUROVISION","datePublished":"2016-01-16T23:54:16+00:00","dateModified":"2016-01-19T23:05:37+00:00","mainEntityOfPage":{"@id":"https:\/\/www.vivaeurovision.com\/index.php\/2016\/01\/16\/lo-que-surja-pedro-palomo-eurovision\/"},"wordCount":461,"commentCount":0,"publisher":{"@id":"https:\/\/www.vivaeurovision.com\/#organization"},"image":{"@id":"https:\/\/www.vivaeurovision.com\/index.php\/2016\/01\/16\/lo-que-surja-pedro-palomo-eurovision\/#primaryimage"},"thumbnailUrl":"https:\/\/www.vivaeurovision.com\/wp-content\/uploads\/2016\/01\/Archivo-17-1-16-0-03-59.jpeg","keywords":["Akustika","Azucar Moreno","Barei","Electric Nana","ESC","Esc 2016","etv","Eurovision","Eurovisi\u00f3n 2016","Eva Santamar\u00eda","Ismael Alvarez","Lo que surja","Lo que surja tv","Lucia","Mar\u00eda Isabel","Maverick","Miguel Pino","Pastora Soler","Pedro Palomo","Pedro Palomo Eurovision","programa","Remedios Amaya","Sabia Pedr\u00f3s","Salvador Beltr\u00e1n","Sergio Dalma","Soraya","TV Show","Xuso Jones"],"articleSection":["Entrevistas","Espa\u00f1a en Eurovisi\u00f3n","Inicio","Noticias","Ultima Hora"],"inLanguage":"es","potentialAction":[{"@type":"CommentAction","name":"Comment","target":["https:\/\/www.vivaeurovision.com\/index.php\/2016\/01\/16\/lo-que-surja-pedro-palomo-eurovision\/#respond"]}]},{"@type":"WebPage","@id":"https:\/\/www.vivaeurovision.com\/index.php\/2016\/01\/16\/lo-que-surja-pedro-palomo-eurovision\/","url":"https:\/\/www.vivaeurovision.com\/index.php\/2016\/01\/16\/lo-que-surja-pedro-palomo-eurovision\/","name":"YA PUEDES VER EL PROGRAMA LO QUE SURJA, DONDE PEDRO PALOMO HABLA DE EUROVISION - VIVAEUROVISION viva eurovision","isPartOf":{"@id":"https:\/\/www.vivaeurovision.com\/#website"},"primaryImageOfPage":{"@id":"https:\/\/www.vivaeurovision.com\/index.php\/2016\/01\/16\/lo-que-surja-pedro-palomo-eurovision\/#primaryimage"},"image":{"@id":"https:\/\/www.vivaeurovision.com\/index.php\/2016\/01\/16\/lo-que-surja-pedro-palomo-eurovision\/#primaryimage"},"thumbnailUrl":"https:\/\/www.vivaeurovision.com\/wp-content\/uploads\/2016\/01\/Archivo-17-1-16-0-03-59.jpeg","datePublished":"2016-01-16T23:54:16+00:00","dateModified":"2016-01-19T23:05:37+00:00","breadcrumb":{"@id":"https:\/\/www.vivaeurovision.com\/index.php\/2016\/01\/16\/lo-que-surja-pedro-palomo-eurovision\/#breadcrumb"},"inLanguage":"es","potentialAction":[{"@type":"ReadAction","target":["https:\/\/www.vivaeurovision.com\/index.php\/2016\/01\/16\/lo-que-surja-pedro-palomo-eurovision\/"]}]},{"@type":"ImageObject","inLanguage":"es","@id":"https:\/\/www.vivaeurovision.com\/index.php\/2016\/01\/16\/lo-que-surja-pedro-palomo-eurovision\/#primaryimage","url":"https:\/\/www.vivaeurovision.com\/wp-content\/uploads\/2016\/01\/Archivo-17-1-16-0-03-59.jpeg","contentUrl":"https:\/\/www.vivaeurovision.com\/wp-content\/uploads\/2016\/01\/Archivo-17-1-16-0-03-59.jpeg","width":1024,"height":962},{"@type":"BreadcrumbList","@id":"https:\/\/www.vivaeurovision.com\/index.php\/2016\/01\/16\/lo-que-surja-pedro-palomo-eurovision\/#breadcrumb","itemListElement":[{"@type":"ListItem","position":1,"name":"Portada","item":"https:\/\/www.vivaeurovision.com\/"},{"@type":"ListItem","position":2,"name":"YA PUEDES VER EL PROGRAMA LO QUE SURJA, DONDE PEDRO PALOMO HABLA DE EUROVISION"}]},{"@type":"WebSite","@id":"https:\/\/www.vivaeurovision.com\/#website","url":"https:\/\/www.vivaeurovision.com\/","name":"VIVAEUROVISION viva eurovision","description":"Tu portal sobre el Festival de Eurovision, eurovision, eurovisi\u00f3n","publisher":{"@id":"https:\/\/www.vivaeurovision.com\/#organization"},"potentialAction":[{"@type":"SearchAction","target":{"@type":"EntryPoint","urlTemplate":"https:\/\/www.vivaeurovision.com\/?s={search_term_string}"},"query-input":{"@type":"PropertyValueSpecification","valueRequired":true,"valueName":"search_term_string"}}],"inLanguage":"es"},{"@type":"Organization","@id":"https:\/\/www.vivaeurovision.com\/#organization","name":"vivaeurovision","url":"https:\/\/www.vivaeurovision.com\/","logo":{"@type":"ImageObject","inLanguage":"es","@id":"https:\/\/www.vivaeurovision.com\/#\/schema\/logo\/image\/","url":"https:\/\/www.vivaeurovision.com\/wp-content\/uploads\/2016\/01\/cropped-image-21-1.jpeg","contentUrl":"https:\/\/www.vivaeurovision.com\/wp-content\/uploads\/2016\/01\/cropped-image-21-1.jpeg","width":669,"height":368,"caption":"vivaeurovision"},"image":{"@id":"https:\/\/www.vivaeurovision.com\/#\/schema\/logo\/image\/"}},{"@type":"Person","@id":"https:\/\/www.vivaeurovision.com\/#\/schema\/person\/1d31fdaa3f5f7df556f73d164bd3c47a","name":"Pedro Palomo","image":{"@type":"ImageObject","inLanguage":"es","@id":"https:\/\/secure.gravatar.com\/avatar\/4cf9a4877f5f71f44fb7cedbe1bac1bd28bd8ce7a217517d98d5b2117f9f5505?s=96&d=mm&r=g","url":"https:\/\/secure.gravatar.com\/avatar\/4cf9a4877f5f71f44fb7cedbe1bac1bd28bd8ce7a217517d98d5b2117f9f5505?s=96&d=mm&r=g","contentUrl":"https:\/\/secure.gravatar.com\/avatar\/4cf9a4877f5f71f44fb7cedbe1bac1bd28bd8ce7a217517d98d5b2117f9f5505?s=96&d=mm&r=g","caption":"Pedro Palomo"},"sameAs":["http:\/\/www.vivaeurovision.com","@pedrobcn","https:\/\/x.com\/@pedropalomobcn"]}]}},"_links":{"self":[{"href":"https:\/\/www.vivaeurovision.com\/index.php\/wp-json\/wp\/v2\/posts\/102","targetHints":{"allow":["GET"]}}],"collection":[{"href":"https:\/\/www.vivaeurovision.com\/index.php\/wp-json\/wp\/v2\/posts"}],"about":[{"href":"https:\/\/www.vivaeurovision.com\/index.php\/wp-json\/wp\/v2\/types\/post"}],"author":[{"embeddable":true,"href":"https:\/\/www.vivaeurovision.com\/index.php\/wp-json\/wp\/v2\/users\/1"}],"replies":[{"embeddable":true,"href":"https:\/\/www.vivaeurovision.com\/index.php\/wp-json\/wp\/v2\/comments?post=102"}],"version-history":[{"count":0,"href":"https:\/\/www.vivaeurovision.com\/index.php\/wp-json\/wp\/v2\/posts\/102\/revisions"}],"wp:featuredmedia":[{"embeddable":true,"href":"https:\/\/www.vivaeurovision.com\/index.php\/wp-json\/wp\/v2\/media\/109"}],"wp:attachment":[{"href":"https:\/\/www.vivaeurovision.com\/index.php\/wp-json\/wp\/v2\/media?parent=102"}],"wp:term":[{"taxonomy":"category","embeddable":true,"href":"https:\/\/www.vivaeurovision.com\/index.php\/wp-json\/wp\/v2\/categories?post=102"},{"taxonomy":"post_tag","embeddable":true,"href":"https:\/\/www.vivaeurovision.com\/index.php\/wp-json\/wp\/v2\/tags?post=102"}],"curies":[{"name":"wp","href":"https:\/\/api.w.org\/{rel}","templated":true}]}}