{"id":10211,"date":"2019-11-26T15:57:49","date_gmt":"2019-11-26T15:57:49","guid":{"rendered":"http:\/\/www.vivaeurovision.com\/?p=10211"},"modified":"2019-11-26T15:57:51","modified_gmt":"2019-11-26T15:57:51","slug":"10211-melani-eurovision","status":"publish","type":"post","link":"https:\/\/www.vivaeurovision.com\/index.php\/2019\/11\/26\/10211-melani-eurovision\/","title":{"rendered":"Melani muy agradecida por todo el cari\u00f1o recibido"},"content":{"rendered":"<h2>Melani muy agradecida por todo el cari\u00f1o recibido<\/h2>\n<p><img loading=\"lazy\" decoding=\"async\" class=\"alignnone size-medium wp-image-10235\" src=\"http:\/\/www.vivaeurovision.com\/wp-content\/uploads\/2019\/11\/91C83A54-172F-4773-908E-4502CD0A231C-300x206.jpeg\" alt=\"melani eurovision\" width=\"300\" height=\"206\" srcset=\"https:\/\/www.vivaeurovision.com\/wp-content\/uploads\/2019\/11\/91C83A54-172F-4773-908E-4502CD0A231C-300x206.jpeg 300w, https:\/\/www.vivaeurovision.com\/wp-content\/uploads\/2019\/11\/91C83A54-172F-4773-908E-4502CD0A231C-700x481.jpeg 700w, https:\/\/www.vivaeurovision.com\/wp-content\/uploads\/2019\/11\/91C83A54-172F-4773-908E-4502CD0A231C.jpeg 1181w\" sizes=\"auto, (max-width: 300px) 100vw, 300px\" \/><br \/>\nLa espectacular voz y los prodigiosos agudos de Melani han llegado al coraz\u00f3n de toda Europa en Eurovisi\u00f3n Junior 2019. La joven valenciana, de 12 a\u00f1os, ha conquistado la tercera posici\u00f3n tras una actuaci\u00f3n impecable de \u2018Marte\u2019, la canci\u00f3n compuesta por Pablo Mora, en la que se erige como la voz del mar en defensa de los oc\u00e9anos. Polonia, con Viki Gabor, repite como ganadora del certamen juvenil, en segunda posici\u00f3n Kazajist\u00e1n, con Yerzhan Maksim.<\/p>\n<p><iframe loading=\"lazy\"  id=\"_ytid_20705\"  width=\"480\" height=\"270\"  data-origwidth=\"480\" data-origheight=\"270\" src=\"https:\/\/www.youtube.com\/embed\/Qo_Tod1GxyU?enablejsapi=1&#038;autoplay=0&#038;cc_load_policy=0&#038;cc_lang_pref=&#038;iv_load_policy=1&#038;loop=0&#038;rel=1&#038;fs=1&#038;playsinline=0&#038;autohide=2&#038;theme=dark&#038;color=red&#038;controls=1&#038;disablekb=0&#038;\" class=\"__youtube_prefs__  epyt-is-override  no-lazyload\" title=\"YouTube player\"  allow=\"fullscreen; accelerometer; autoplay; clipboard-write; encrypted-media; gyroscope; picture-in-picture; web-share\" referrerpolicy=\"strict-origin-when-cross-origin\" allowfullscreen data-no-lazy=\"1\" data-skipgform_ajax_framebjll=\"\"><\/iframe><\/p>\n<p>Este mi\u00e9rcoles se ha celebrado un encuentro entre los medios y Melani, donde ha contado sus impresiones: \u201cYa he cumplido mi sue\u00f1o. Ya he pisado el escenario que sal\u00eda en mis sue\u00f1os\u201d, ha resumido. La representante espa\u00f1ola ha subrayado tambi\u00e9n su agradecimiento \u201cporque en Espa\u00f1a y otras partes del mundo se han volcado para votar\u201d.<br \/>\nMelani asegura que se siente \u201cmuy contenta cuando veo la actuaci\u00f3n. Antes estaba un poco nerviosa, pero a partir de la primera nota empiezas a disfrutar\u201d. Como balance general afirma que \u201clo mejor de Eurovisi\u00f3n Junior son las experiencias que te llevas, conocer Polonia y los amigos. Nos llevamos todos superbi\u00e9n\u201d.<br \/>\nLa joven cantante ha expresado su agradecimiento a RTVE \u201cpor hacer mi sue\u00f1o realidad\u201d y ha avanzado que \u201cestar\u00eda encantada de participar en Eurovisi\u00f3n\u201d. En este sentido, ha lanzado su consejo dirigido a Blas Cant\u00f3, pr\u00f3ximo representante: \u201cSi es su sue\u00f1o, que disfrute cada segundo al m\u00e1ximo. Va a ser un momento inolvidable en su vida\u201d.<br \/>\nLa jefa de la delegaci\u00f3n de RTVE en Eurovisi\u00f3n, Ana M\u00aa Bordas, ha alabado a Melani por \u201cun trabajo estupendo, una actuaci\u00f3n extraordinaria y su lecci\u00f3n de profesionalidad\u201d. Tambi\u00e9n ha destacado la satisfacci\u00f3n de RTVE por volver a Eurovisi\u00f3n Junior: \u201cLa valoraci\u00f3n es muy buena. Estamos contentos con la audiencia, la candidatura y el trabajo realizado\u201d.<\/p>\n<p><iframe loading=\"lazy\"  id=\"_ytid_80819\"  width=\"480\" height=\"270\"  data-origwidth=\"480\" data-origheight=\"270\" src=\"https:\/\/www.youtube.com\/embed\/sQK2_TR-4kY?enablejsapi=1&#038;autoplay=0&#038;cc_load_policy=0&#038;cc_lang_pref=&#038;iv_load_policy=1&#038;loop=0&#038;rel=1&#038;fs=1&#038;playsinline=0&#038;autohide=2&#038;theme=dark&#038;color=red&#038;controls=1&#038;disablekb=0&#038;\" class=\"__youtube_prefs__  epyt-is-override  no-lazyload\" title=\"YouTube player\"  allow=\"fullscreen; accelerometer; autoplay; clipboard-write; encrypted-media; gyroscope; picture-in-picture; web-share\" referrerpolicy=\"strict-origin-when-cross-origin\" allowfullscreen data-no-lazy=\"1\" data-skipgform_ajax_framebjll=\"\"><\/iframe><\/p>\n<p>Tercera posici\u00f3n en Eurovisi\u00f3n Junior 2019<br \/>\nMelani, segunda favorita del televoto y tercera para el jurado profesional, ha recibido puntos de los jurados de Australia (1), Francia (8), Macedonia del Norte (10), Bielorrusia (7), Malta (4), Gales (7), Kazajist\u00e1n (7) Polonia (8), Irlanda (8), Ucrania (6), Pa\u00edses Bajos (5), Portugal (8), Italia (12), Albania (12), y Serbia (5). Los puntos del p\u00fablico han sido un total de 104. El jurado de Espa\u00f1a, cuya portavoz ha sido Violeta, miembro del coro, ha dado sus 12 puntos a Polonia.<\/p>\n<p><img loading=\"lazy\" decoding=\"async\" class=\"alignnone size-medium wp-image-10237\" src=\"http:\/\/www.vivaeurovision.com\/wp-content\/uploads\/2019\/11\/E501F3B8-605A-43C5-85CB-4250AF437933-300x200.jpeg\" alt=\"melani\" width=\"300\" height=\"200\" srcset=\"https:\/\/www.vivaeurovision.com\/wp-content\/uploads\/2019\/11\/E501F3B8-605A-43C5-85CB-4250AF437933-300x200.jpeg 300w, https:\/\/www.vivaeurovision.com\/wp-content\/uploads\/2019\/11\/E501F3B8-605A-43C5-85CB-4250AF437933-700x467.jpeg 700w, https:\/\/www.vivaeurovision.com\/wp-content\/uploads\/2019\/11\/E501F3B8-605A-43C5-85CB-4250AF437933.jpeg 1181w\" sizes=\"auto, (max-width: 300px) 100vw, 300px\" \/><br \/>\n1,5 millones de espectadores y trending topic<br \/>\nLa final de Eurovisi\u00f3n Junior reuni\u00f3 a casi 1,5 millones de espectadores (1.488.000) y 11,2% de cuota. Un total de 5.399.000 espectadores vieron alg\u00fan momento de la retransmisi\u00f3n, que fue adem\u00e1s trending topic a lo largo del dia con los hashtags #YoVotoPorMelani y #MelaniGanadora, entre otros.<\/p>\n<p>Fuente e Im\u00e1genes: RTVE<\/p>\n<p><img loading=\"lazy\" decoding=\"async\" class=\"alignnone size-medium wp-image-311\" src=\"http:\/\/www.vivaeurovision.com\/wp-content\/uploads\/2016\/01\/image-21-300x165.jpeg\" alt=\"VIVAEUROVISION.COM\" width=\"300\" height=\"165\" srcset=\"https:\/\/www.vivaeurovision.com\/wp-content\/uploads\/2016\/01\/image-21-300x165.jpeg 300w, https:\/\/www.vivaeurovision.com\/wp-content\/uploads\/2016\/01\/image-21-555x305.jpeg 555w, https:\/\/www.vivaeurovision.com\/wp-content\/uploads\/2016\/01\/image-21.jpeg 669w\" sizes=\"auto, (max-width: 300px) 100vw, 300px\" \/><\/p>\n<p>Youtube<\/p>\n<p><a href=\"https:\/\/www.youtube.com\/user\/gurrumi\" target=\"_blank\" rel=\"noopener noreferrer\">Pedro Palomo<\/a><\/p>\n<p>Twitter\u00a0<strong> <a href=\"https:\/\/twitter.com\/viva_eurovision\" target=\"_blank\" rel=\"noopener noreferrer\">@viva_eurovision<\/a>\u00a0 <a href=\"https:\/\/www.facebook.com\/Vivaeurovisioncom-867806686671081\/?fref=nf\" target=\"_blank\" rel=\"noopener noreferrer\">FACEBOOK OFICIAL VIVA EUROVISION <\/a><\/strong>Instragram <strong>\u00a0<\/strong><a href=\"https:\/\/www.instagram.com\/vivaeurovision\/\" target=\"_blank\" rel=\"noopener noreferrer\"><strong>@vivaeurovision<\/strong><\/a><\/p>\n<p>Redactor: Pedro Palomo <a href=\"https:\/\/twitter.com\/pedropalomobcn?lang=es\"><strong>@pedropalomobcn<\/strong><\/a><strong>\u00a0<\/strong>Instagram <a href=\"https:\/\/www.instagram.com\/pedrobcn\/\" target=\"_blank\" rel=\"noopener noreferrer\"><strong>@pedrobcn<\/strong><\/a><\/p>\n","protected":false},"excerpt":{"rendered":"<p>Melani muy agradecida por todo el cari\u00f1o recibido La espectacular voz y los prodigiosos agudos de Melani han llegado al coraz\u00f3n de toda Europa en Eurovisi\u00f3n Junior 2019. La joven&#46;&#46;&#46;<\/p>\n","protected":false},"author":1,"featured_media":10235,"comment_status":"open","ping_status":"closed","sticky":false,"template":"","format":"standard","meta":{"_exactmetrics_skip_tracking":false,"_exactmetrics_sitenote_active":false,"_exactmetrics_sitenote_note":"","_exactmetrics_sitenote_category":0,"footnotes":""},"categories":[6,1195,4,1188,2,875,3],"tags":[11,2547,3748,2543,2544,3935,3897,3840,3841,3842,3936,3923,19,20,766,22],"class_list":["post-10211","post","type-post","status-publish","format-standard","has-post-thumbnail","hentry","category-espana-en-eurovision","category-eurovision-2","category-eurovision","category-noticia-2","category-noticia","category-rincon-vivalamusica","category-ultima-hora","tag-eurovision","tag-jesc","tag-jesc-2019","tag-junior-eurovision","tag-junior-eurovision-song-contest","tag-marte","tag-marte-eurovision-junior","tag-marte-melani-garcia","tag-marte-melani-garcia-eurovision","tag-marte-melani-garcia-eurovision-junior","tag-melani-eurovision","tag-melani-eurovision-junior","tag-pedro-palomo","tag-pedro-palomo-eurovision","tag-pedro-palomo-vivaeurovision","tag-vivaeurovision"],"yoast_head":"<!-- This site is optimized with the Yoast SEO plugin v27.4 - https:\/\/yoast.com\/product\/yoast-seo-wordpress\/ -->\n<title>Melani muy agradecida por todo el cari\u00f1o recibido - VIVAEUROVISION viva eurovision<\/title>\n<meta name=\"description\" content=\"melani eurovision junior, melani eurovision, vivaeurovision, marte, jesc, jesc 2019, viva eurovision, marte jesc 2019, euriovis\u00f3n\" \/>\n<meta name=\"robots\" content=\"index, follow, max-snippet:-1, max-image-preview:large, max-video-preview:-1\" \/>\n<link rel=\"canonical\" href=\"https:\/\/www.vivaeurovision.com\/index.php\/2019\/11\/26\/10211-melani-eurovision\/\" \/>\n<meta property=\"og:locale\" content=\"es_ES\" \/>\n<meta property=\"og:type\" content=\"article\" \/>\n<meta property=\"og:title\" content=\"Melani muy agradecida por todo el cari\u00f1o recibido - VIVAEUROVISION viva eurovision\" \/>\n<meta property=\"og:description\" content=\"melani eurovision junior, melani eurovision, vivaeurovision, marte, jesc, jesc 2019, viva eurovision, marte jesc 2019, euriovis\u00f3n\" \/>\n<meta property=\"og:url\" content=\"https:\/\/www.vivaeurovision.com\/index.php\/2019\/11\/26\/10211-melani-eurovision\/\" \/>\n<meta property=\"og:site_name\" content=\"VIVAEUROVISION viva eurovision\" \/>\n<meta property=\"article:published_time\" content=\"2019-11-26T15:57:49+00:00\" \/>\n<meta property=\"article:modified_time\" content=\"2019-11-26T15:57:51+00:00\" \/>\n<meta property=\"og:image\" content=\"https:\/\/www.vivaeurovision.com\/wp-content\/uploads\/2019\/11\/91C83A54-172F-4773-908E-4502CD0A231C.jpeg\" \/>\n\t<meta property=\"og:image:width\" content=\"1181\" \/>\n\t<meta property=\"og:image:height\" content=\"811\" \/>\n\t<meta property=\"og:image:type\" content=\"image\/jpeg\" \/>\n<meta name=\"author\" content=\"Pedro Palomo\" \/>\n<meta name=\"twitter:card\" content=\"summary_large_image\" \/>\n<meta name=\"twitter:creator\" content=\"@pedropalomobcn\" \/>\n<meta name=\"twitter:label1\" content=\"Escrito por\" \/>\n\t<meta name=\"twitter:data1\" content=\"Pedro Palomo\" \/>\n\t<meta name=\"twitter:label2\" content=\"Tiempo de lectura\" \/>\n\t<meta name=\"twitter:data2\" content=\"2 minutos\" \/>\n<script type=\"application\/ld+json\" class=\"yoast-schema-graph\">{\"@context\":\"https:\\\/\\\/schema.org\",\"@graph\":[{\"@type\":\"Article\",\"@id\":\"https:\\\/\\\/www.vivaeurovision.com\\\/index.php\\\/2019\\\/11\\\/26\\\/10211-melani-eurovision\\\/#article\",\"isPartOf\":{\"@id\":\"https:\\\/\\\/www.vivaeurovision.com\\\/index.php\\\/2019\\\/11\\\/26\\\/10211-melani-eurovision\\\/\"},\"author\":{\"name\":\"Pedro Palomo\",\"@id\":\"https:\\\/\\\/www.vivaeurovision.com\\\/#\\\/schema\\\/person\\\/1d31fdaa3f5f7df556f73d164bd3c47a\"},\"headline\":\"Melani muy agradecida por todo el cari\u00f1o recibido\",\"datePublished\":\"2019-11-26T15:57:49+00:00\",\"dateModified\":\"2019-11-26T15:57:51+00:00\",\"mainEntityOfPage\":{\"@id\":\"https:\\\/\\\/www.vivaeurovision.com\\\/index.php\\\/2019\\\/11\\\/26\\\/10211-melani-eurovision\\\/\"},\"wordCount\":504,\"commentCount\":0,\"publisher\":{\"@id\":\"https:\\\/\\\/www.vivaeurovision.com\\\/#organization\"},\"image\":{\"@id\":\"https:\\\/\\\/www.vivaeurovision.com\\\/index.php\\\/2019\\\/11\\\/26\\\/10211-melani-eurovision\\\/#primaryimage\"},\"thumbnailUrl\":\"https:\\\/\\\/www.vivaeurovision.com\\\/wp-content\\\/uploads\\\/2019\\\/11\\\/91C83A54-172F-4773-908E-4502CD0A231C.jpeg\",\"keywords\":[\"Eurovision\",\"JESC\",\"jesc 2019\",\"junior eurovision\",\"junior eurovision song contest\",\"marte\",\"marte eurovisi\u00f3n junior\",\"marte melani garcia\",\"marte melani garcia eurovision\",\"marte melani garcia eurovision junior\",\"melani eurovision\",\"melani eurovision junior\",\"Pedro Palomo\",\"Pedro Palomo Eurovision\",\"Pedro Palomo Vivaeurovision\",\"vivaeurovision\"],\"articleSection\":[\"Espa\u00f1a en Eurovisi\u00f3n\",\"eurovision\",\"Inicio\",\"Noticia\",\"Noticias\",\"Rinc\u00f3n VIVALAMUSICA\",\"Ultima Hora\"],\"inLanguage\":\"es\",\"potentialAction\":[{\"@type\":\"CommentAction\",\"name\":\"Comment\",\"target\":[\"https:\\\/\\\/www.vivaeurovision.com\\\/index.php\\\/2019\\\/11\\\/26\\\/10211-melani-eurovision\\\/#respond\"]}]},{\"@type\":\"WebPage\",\"@id\":\"https:\\\/\\\/www.vivaeurovision.com\\\/index.php\\\/2019\\\/11\\\/26\\\/10211-melani-eurovision\\\/\",\"url\":\"https:\\\/\\\/www.vivaeurovision.com\\\/index.php\\\/2019\\\/11\\\/26\\\/10211-melani-eurovision\\\/\",\"name\":\"Melani muy agradecida por todo el cari\u00f1o recibido - VIVAEUROVISION viva eurovision\",\"isPartOf\":{\"@id\":\"https:\\\/\\\/www.vivaeurovision.com\\\/#website\"},\"primaryImageOfPage\":{\"@id\":\"https:\\\/\\\/www.vivaeurovision.com\\\/index.php\\\/2019\\\/11\\\/26\\\/10211-melani-eurovision\\\/#primaryimage\"},\"image\":{\"@id\":\"https:\\\/\\\/www.vivaeurovision.com\\\/index.php\\\/2019\\\/11\\\/26\\\/10211-melani-eurovision\\\/#primaryimage\"},\"thumbnailUrl\":\"https:\\\/\\\/www.vivaeurovision.com\\\/wp-content\\\/uploads\\\/2019\\\/11\\\/91C83A54-172F-4773-908E-4502CD0A231C.jpeg\",\"datePublished\":\"2019-11-26T15:57:49+00:00\",\"dateModified\":\"2019-11-26T15:57:51+00:00\",\"description\":\"melani eurovision junior, melani eurovision, vivaeurovision, marte, jesc, jesc 2019, viva eurovision, marte jesc 2019, euriovis\u00f3n\",\"breadcrumb\":{\"@id\":\"https:\\\/\\\/www.vivaeurovision.com\\\/index.php\\\/2019\\\/11\\\/26\\\/10211-melani-eurovision\\\/#breadcrumb\"},\"inLanguage\":\"es\",\"potentialAction\":[{\"@type\":\"ReadAction\",\"target\":[\"https:\\\/\\\/www.vivaeurovision.com\\\/index.php\\\/2019\\\/11\\\/26\\\/10211-melani-eurovision\\\/\"]}]},{\"@type\":\"ImageObject\",\"inLanguage\":\"es\",\"@id\":\"https:\\\/\\\/www.vivaeurovision.com\\\/index.php\\\/2019\\\/11\\\/26\\\/10211-melani-eurovision\\\/#primaryimage\",\"url\":\"https:\\\/\\\/www.vivaeurovision.com\\\/wp-content\\\/uploads\\\/2019\\\/11\\\/91C83A54-172F-4773-908E-4502CD0A231C.jpeg\",\"contentUrl\":\"https:\\\/\\\/www.vivaeurovision.com\\\/wp-content\\\/uploads\\\/2019\\\/11\\\/91C83A54-172F-4773-908E-4502CD0A231C.jpeg\",\"width\":1181,\"height\":811,\"caption\":\"melani eurovision\"},{\"@type\":\"BreadcrumbList\",\"@id\":\"https:\\\/\\\/www.vivaeurovision.com\\\/index.php\\\/2019\\\/11\\\/26\\\/10211-melani-eurovision\\\/#breadcrumb\",\"itemListElement\":[{\"@type\":\"ListItem\",\"position\":1,\"name\":\"Portada\",\"item\":\"https:\\\/\\\/www.vivaeurovision.com\\\/\"},{\"@type\":\"ListItem\",\"position\":2,\"name\":\"Melani muy agradecida por todo el cari\u00f1o recibido\"}]},{\"@type\":\"WebSite\",\"@id\":\"https:\\\/\\\/www.vivaeurovision.com\\\/#website\",\"url\":\"https:\\\/\\\/www.vivaeurovision.com\\\/\",\"name\":\"VIVAEUROVISION viva eurovision\",\"description\":\"Tu portal sobre el Festival de Eurovision, eurovision, eurovisi\u00f3n\",\"publisher\":{\"@id\":\"https:\\\/\\\/www.vivaeurovision.com\\\/#organization\"},\"potentialAction\":[{\"@type\":\"SearchAction\",\"target\":{\"@type\":\"EntryPoint\",\"urlTemplate\":\"https:\\\/\\\/www.vivaeurovision.com\\\/?s={search_term_string}\"},\"query-input\":{\"@type\":\"PropertyValueSpecification\",\"valueRequired\":true,\"valueName\":\"search_term_string\"}}],\"inLanguage\":\"es\"},{\"@type\":\"Organization\",\"@id\":\"https:\\\/\\\/www.vivaeurovision.com\\\/#organization\",\"name\":\"vivaeurovision\",\"url\":\"https:\\\/\\\/www.vivaeurovision.com\\\/\",\"logo\":{\"@type\":\"ImageObject\",\"inLanguage\":\"es\",\"@id\":\"https:\\\/\\\/www.vivaeurovision.com\\\/#\\\/schema\\\/logo\\\/image\\\/\",\"url\":\"https:\\\/\\\/www.vivaeurovision.com\\\/wp-content\\\/uploads\\\/2016\\\/01\\\/cropped-image-21-1.jpeg\",\"contentUrl\":\"https:\\\/\\\/www.vivaeurovision.com\\\/wp-content\\\/uploads\\\/2016\\\/01\\\/cropped-image-21-1.jpeg\",\"width\":669,\"height\":368,\"caption\":\"vivaeurovision\"},\"image\":{\"@id\":\"https:\\\/\\\/www.vivaeurovision.com\\\/#\\\/schema\\\/logo\\\/image\\\/\"}},{\"@type\":\"Person\",\"@id\":\"https:\\\/\\\/www.vivaeurovision.com\\\/#\\\/schema\\\/person\\\/1d31fdaa3f5f7df556f73d164bd3c47a\",\"name\":\"Pedro Palomo\",\"image\":{\"@type\":\"ImageObject\",\"inLanguage\":\"es\",\"@id\":\"https:\\\/\\\/secure.gravatar.com\\\/avatar\\\/4cf9a4877f5f71f44fb7cedbe1bac1bd28bd8ce7a217517d98d5b2117f9f5505?s=96&d=mm&r=g\",\"url\":\"https:\\\/\\\/secure.gravatar.com\\\/avatar\\\/4cf9a4877f5f71f44fb7cedbe1bac1bd28bd8ce7a217517d98d5b2117f9f5505?s=96&d=mm&r=g\",\"contentUrl\":\"https:\\\/\\\/secure.gravatar.com\\\/avatar\\\/4cf9a4877f5f71f44fb7cedbe1bac1bd28bd8ce7a217517d98d5b2117f9f5505?s=96&d=mm&r=g\",\"caption\":\"Pedro Palomo\"},\"sameAs\":[\"http:\\\/\\\/www.vivaeurovision.com\",\"@pedrobcn\",\"https:\\\/\\\/x.com\\\/@pedropalomobcn\"]}]}<\/script>\n<!-- \/ Yoast SEO plugin. -->","yoast_head_json":{"title":"Melani muy agradecida por todo el cari\u00f1o recibido - VIVAEUROVISION viva eurovision","description":"melani eurovision junior, melani eurovision, vivaeurovision, marte, jesc, jesc 2019, viva eurovision, marte jesc 2019, euriovis\u00f3n","robots":{"index":"index","follow":"follow","max-snippet":"max-snippet:-1","max-image-preview":"max-image-preview:large","max-video-preview":"max-video-preview:-1"},"canonical":"https:\/\/www.vivaeurovision.com\/index.php\/2019\/11\/26\/10211-melani-eurovision\/","og_locale":"es_ES","og_type":"article","og_title":"Melani muy agradecida por todo el cari\u00f1o recibido - VIVAEUROVISION viva eurovision","og_description":"melani eurovision junior, melani eurovision, vivaeurovision, marte, jesc, jesc 2019, viva eurovision, marte jesc 2019, euriovis\u00f3n","og_url":"https:\/\/www.vivaeurovision.com\/index.php\/2019\/11\/26\/10211-melani-eurovision\/","og_site_name":"VIVAEUROVISION viva eurovision","article_published_time":"2019-11-26T15:57:49+00:00","article_modified_time":"2019-11-26T15:57:51+00:00","og_image":[{"width":1181,"height":811,"url":"https:\/\/www.vivaeurovision.com\/wp-content\/uploads\/2019\/11\/91C83A54-172F-4773-908E-4502CD0A231C.jpeg","type":"image\/jpeg"}],"author":"Pedro Palomo","twitter_card":"summary_large_image","twitter_creator":"@pedropalomobcn","twitter_misc":{"Escrito por":"Pedro Palomo","Tiempo de lectura":"2 minutos"},"schema":{"@context":"https:\/\/schema.org","@graph":[{"@type":"Article","@id":"https:\/\/www.vivaeurovision.com\/index.php\/2019\/11\/26\/10211-melani-eurovision\/#article","isPartOf":{"@id":"https:\/\/www.vivaeurovision.com\/index.php\/2019\/11\/26\/10211-melani-eurovision\/"},"author":{"name":"Pedro Palomo","@id":"https:\/\/www.vivaeurovision.com\/#\/schema\/person\/1d31fdaa3f5f7df556f73d164bd3c47a"},"headline":"Melani muy agradecida por todo el cari\u00f1o recibido","datePublished":"2019-11-26T15:57:49+00:00","dateModified":"2019-11-26T15:57:51+00:00","mainEntityOfPage":{"@id":"https:\/\/www.vivaeurovision.com\/index.php\/2019\/11\/26\/10211-melani-eurovision\/"},"wordCount":504,"commentCount":0,"publisher":{"@id":"https:\/\/www.vivaeurovision.com\/#organization"},"image":{"@id":"https:\/\/www.vivaeurovision.com\/index.php\/2019\/11\/26\/10211-melani-eurovision\/#primaryimage"},"thumbnailUrl":"https:\/\/www.vivaeurovision.com\/wp-content\/uploads\/2019\/11\/91C83A54-172F-4773-908E-4502CD0A231C.jpeg","keywords":["Eurovision","JESC","jesc 2019","junior eurovision","junior eurovision song contest","marte","marte eurovisi\u00f3n junior","marte melani garcia","marte melani garcia eurovision","marte melani garcia eurovision junior","melani eurovision","melani eurovision junior","Pedro Palomo","Pedro Palomo Eurovision","Pedro Palomo Vivaeurovision","vivaeurovision"],"articleSection":["Espa\u00f1a en Eurovisi\u00f3n","eurovision","Inicio","Noticia","Noticias","Rinc\u00f3n VIVALAMUSICA","Ultima Hora"],"inLanguage":"es","potentialAction":[{"@type":"CommentAction","name":"Comment","target":["https:\/\/www.vivaeurovision.com\/index.php\/2019\/11\/26\/10211-melani-eurovision\/#respond"]}]},{"@type":"WebPage","@id":"https:\/\/www.vivaeurovision.com\/index.php\/2019\/11\/26\/10211-melani-eurovision\/","url":"https:\/\/www.vivaeurovision.com\/index.php\/2019\/11\/26\/10211-melani-eurovision\/","name":"Melani muy agradecida por todo el cari\u00f1o recibido - VIVAEUROVISION viva eurovision","isPartOf":{"@id":"https:\/\/www.vivaeurovision.com\/#website"},"primaryImageOfPage":{"@id":"https:\/\/www.vivaeurovision.com\/index.php\/2019\/11\/26\/10211-melani-eurovision\/#primaryimage"},"image":{"@id":"https:\/\/www.vivaeurovision.com\/index.php\/2019\/11\/26\/10211-melani-eurovision\/#primaryimage"},"thumbnailUrl":"https:\/\/www.vivaeurovision.com\/wp-content\/uploads\/2019\/11\/91C83A54-172F-4773-908E-4502CD0A231C.jpeg","datePublished":"2019-11-26T15:57:49+00:00","dateModified":"2019-11-26T15:57:51+00:00","description":"melani eurovision junior, melani eurovision, vivaeurovision, marte, jesc, jesc 2019, viva eurovision, marte jesc 2019, euriovis\u00f3n","breadcrumb":{"@id":"https:\/\/www.vivaeurovision.com\/index.php\/2019\/11\/26\/10211-melani-eurovision\/#breadcrumb"},"inLanguage":"es","potentialAction":[{"@type":"ReadAction","target":["https:\/\/www.vivaeurovision.com\/index.php\/2019\/11\/26\/10211-melani-eurovision\/"]}]},{"@type":"ImageObject","inLanguage":"es","@id":"https:\/\/www.vivaeurovision.com\/index.php\/2019\/11\/26\/10211-melani-eurovision\/#primaryimage","url":"https:\/\/www.vivaeurovision.com\/wp-content\/uploads\/2019\/11\/91C83A54-172F-4773-908E-4502CD0A231C.jpeg","contentUrl":"https:\/\/www.vivaeurovision.com\/wp-content\/uploads\/2019\/11\/91C83A54-172F-4773-908E-4502CD0A231C.jpeg","width":1181,"height":811,"caption":"melani eurovision"},{"@type":"BreadcrumbList","@id":"https:\/\/www.vivaeurovision.com\/index.php\/2019\/11\/26\/10211-melani-eurovision\/#breadcrumb","itemListElement":[{"@type":"ListItem","position":1,"name":"Portada","item":"https:\/\/www.vivaeurovision.com\/"},{"@type":"ListItem","position":2,"name":"Melani muy agradecida por todo el cari\u00f1o recibido"}]},{"@type":"WebSite","@id":"https:\/\/www.vivaeurovision.com\/#website","url":"https:\/\/www.vivaeurovision.com\/","name":"VIVAEUROVISION viva eurovision","description":"Tu portal sobre el Festival de Eurovision, eurovision, eurovisi\u00f3n","publisher":{"@id":"https:\/\/www.vivaeurovision.com\/#organization"},"potentialAction":[{"@type":"SearchAction","target":{"@type":"EntryPoint","urlTemplate":"https:\/\/www.vivaeurovision.com\/?s={search_term_string}"},"query-input":{"@type":"PropertyValueSpecification","valueRequired":true,"valueName":"search_term_string"}}],"inLanguage":"es"},{"@type":"Organization","@id":"https:\/\/www.vivaeurovision.com\/#organization","name":"vivaeurovision","url":"https:\/\/www.vivaeurovision.com\/","logo":{"@type":"ImageObject","inLanguage":"es","@id":"https:\/\/www.vivaeurovision.com\/#\/schema\/logo\/image\/","url":"https:\/\/www.vivaeurovision.com\/wp-content\/uploads\/2016\/01\/cropped-image-21-1.jpeg","contentUrl":"https:\/\/www.vivaeurovision.com\/wp-content\/uploads\/2016\/01\/cropped-image-21-1.jpeg","width":669,"height":368,"caption":"vivaeurovision"},"image":{"@id":"https:\/\/www.vivaeurovision.com\/#\/schema\/logo\/image\/"}},{"@type":"Person","@id":"https:\/\/www.vivaeurovision.com\/#\/schema\/person\/1d31fdaa3f5f7df556f73d164bd3c47a","name":"Pedro Palomo","image":{"@type":"ImageObject","inLanguage":"es","@id":"https:\/\/secure.gravatar.com\/avatar\/4cf9a4877f5f71f44fb7cedbe1bac1bd28bd8ce7a217517d98d5b2117f9f5505?s=96&d=mm&r=g","url":"https:\/\/secure.gravatar.com\/avatar\/4cf9a4877f5f71f44fb7cedbe1bac1bd28bd8ce7a217517d98d5b2117f9f5505?s=96&d=mm&r=g","contentUrl":"https:\/\/secure.gravatar.com\/avatar\/4cf9a4877f5f71f44fb7cedbe1bac1bd28bd8ce7a217517d98d5b2117f9f5505?s=96&d=mm&r=g","caption":"Pedro Palomo"},"sameAs":["http:\/\/www.vivaeurovision.com","@pedrobcn","https:\/\/x.com\/@pedropalomobcn"]}]}},"_links":{"self":[{"href":"https:\/\/www.vivaeurovision.com\/index.php\/wp-json\/wp\/v2\/posts\/10211","targetHints":{"allow":["GET"]}}],"collection":[{"href":"https:\/\/www.vivaeurovision.com\/index.php\/wp-json\/wp\/v2\/posts"}],"about":[{"href":"https:\/\/www.vivaeurovision.com\/index.php\/wp-json\/wp\/v2\/types\/post"}],"author":[{"embeddable":true,"href":"https:\/\/www.vivaeurovision.com\/index.php\/wp-json\/wp\/v2\/users\/1"}],"replies":[{"embeddable":true,"href":"https:\/\/www.vivaeurovision.com\/index.php\/wp-json\/wp\/v2\/comments?post=10211"}],"version-history":[{"count":4,"href":"https:\/\/www.vivaeurovision.com\/index.php\/wp-json\/wp\/v2\/posts\/10211\/revisions"}],"predecessor-version":[{"id":10238,"href":"https:\/\/www.vivaeurovision.com\/index.php\/wp-json\/wp\/v2\/posts\/10211\/revisions\/10238"}],"wp:featuredmedia":[{"embeddable":true,"href":"https:\/\/www.vivaeurovision.com\/index.php\/wp-json\/wp\/v2\/media\/10235"}],"wp:attachment":[{"href":"https:\/\/www.vivaeurovision.com\/index.php\/wp-json\/wp\/v2\/media?parent=10211"}],"wp:term":[{"taxonomy":"category","embeddable":true,"href":"https:\/\/www.vivaeurovision.com\/index.php\/wp-json\/wp\/v2\/categories?post=10211"},{"taxonomy":"post_tag","embeddable":true,"href":"https:\/\/www.vivaeurovision.com\/index.php\/wp-json\/wp\/v2\/tags?post=10211"}],"curies":[{"name":"wp","href":"https:\/\/api.w.org\/{rel}","templated":true}]}}