{"id":10239,"date":"2019-11-29T18:29:15","date_gmt":"2019-11-29T18:29:15","guid":{"rendered":"http:\/\/www.vivaeurovision.com\/?p=10239"},"modified":"2019-11-29T18:31:38","modified_gmt":"2019-11-29T18:31:38","slug":"10239-sandro-eurovision","status":"publish","type":"post","link":"https:\/\/www.vivaeurovision.com\/index.php\/2019\/11\/29\/10239-sandro-eurovision\/","title":{"rendered":"Sandro Nicolas, representate de Chipre en Eurovision 2020"},"content":{"rendered":"<h2>Sandro Nicolas, representate de Chipre en Eurovision 2020<\/h2>\n<p><img loading=\"lazy\" decoding=\"async\" class=\"alignnone size-medium wp-image-10257\" src=\"http:\/\/www.vivaeurovision.com\/wp-content\/uploads\/2019\/11\/5B72D5BA-7692-4FA4-B902-D414A587B1C5-300x158.png\" alt=\"sandro eurovision 2020\" width=\"300\" height=\"158\" srcset=\"https:\/\/www.vivaeurovision.com\/wp-content\/uploads\/2019\/11\/5B72D5BA-7692-4FA4-B902-D414A587B1C5-300x158.png 300w, https:\/\/www.vivaeurovision.com\/wp-content\/uploads\/2019\/11\/5B72D5BA-7692-4FA4-B902-D414A587B1C5-700x368.png 700w, https:\/\/www.vivaeurovision.com\/wp-content\/uploads\/2019\/11\/5B72D5BA-7692-4FA4-B902-D414A587B1C5-1536x807.png 1536w, https:\/\/www.vivaeurovision.com\/wp-content\/uploads\/2019\/11\/5B72D5BA-7692-4FA4-B902-D414A587B1C5.png 1680w\" sizes=\"auto, (max-width: 300px) 100vw, 300px\" \/><\/p>\n<p>Imagen: Sandro Nicolas Instagram<\/p>\n<p>La CyBC ha anunciado esta tarde su representa para la 65 edici\u00f3n del Festival de Eurovisi\u00f3n, Chipre apuesta un a\u00f1o m\u00e1s por elecci\u00f3n interna y Sandro Nicolas recoge \u00a0el testigo de Eleni Foureira y Tamta.<br \/>\n<span style=\"font-size: inherit;\"><br \/>\nTodav\u00eda se desconoce cu\u00e1ndo se presentar\u00e1 tema, de esta trabajando en la canci\u00f3n el junto a su equipo para poder llevarse el triunfo a Chipre.<\/span><\/p>\n<p><iframe loading=\"lazy\"  id=\"_ytid_84713\"  width=\"480\" height=\"270\"  data-origwidth=\"480\" data-origheight=\"270\" src=\"https:\/\/www.youtube.com\/embed\/ythA7xVN9Yc?enablejsapi=1&#038;autoplay=0&#038;cc_load_policy=0&#038;cc_lang_pref=&#038;iv_load_policy=1&#038;loop=0&#038;rel=1&#038;fs=1&#038;playsinline=0&#038;autohide=2&#038;theme=dark&#038;color=red&#038;controls=1&#038;disablekb=0&#038;\" class=\"__youtube_prefs__  epyt-is-override  no-lazyload\" title=\"YouTube player\"  allow=\"fullscreen; accelerometer; autoplay; clipboard-write; encrypted-media; gyroscope; picture-in-picture; web-share\" referrerpolicy=\"strict-origin-when-cross-origin\" allowfullscreen data-no-lazy=\"1\" data-skipgform_ajax_framebjll=\"\"><\/iframe><\/p>\n<p><img loading=\"lazy\" decoding=\"async\" class=\"alignnone size-medium wp-image-311\" src=\"http:\/\/www.vivaeurovision.com\/wp-content\/uploads\/2016\/01\/image-21-300x165.jpeg\" alt=\"VIVAEUROVISION.COM\" width=\"300\" height=\"165\" srcset=\"https:\/\/www.vivaeurovision.com\/wp-content\/uploads\/2016\/01\/image-21-300x165.jpeg 300w, https:\/\/www.vivaeurovision.com\/wp-content\/uploads\/2016\/01\/image-21-555x305.jpeg 555w, https:\/\/www.vivaeurovision.com\/wp-content\/uploads\/2016\/01\/image-21.jpeg 669w\" sizes=\"auto, (max-width: 300px) 100vw, 300px\" \/><\/p>\n<p>Youtube<\/p>\n<p><a href=\"https:\/\/www.youtube.com\/user\/gurrumi\" target=\"_blank\" rel=\"noopener noreferrer\">Pedro Palomo<\/a><\/p>\n<p>Twitter\u00a0<strong> <a href=\"https:\/\/twitter.com\/viva_eurovision\" target=\"_blank\" rel=\"noopener noreferrer\">@viva_eurovision<\/a>\u00a0 <a href=\"https:\/\/www.facebook.com\/Vivaeurovisioncom-867806686671081\/?fref=nf\" target=\"_blank\" rel=\"noopener noreferrer\">FACEBOOK OFICIAL VIVA EUROVISION <\/a><\/strong>Instragram <strong>\u00a0<\/strong><a href=\"https:\/\/www.instagram.com\/vivaeurovision\/\" target=\"_blank\" rel=\"noopener noreferrer\"><strong>@vivaeurovision<\/strong><\/a><\/p>\n<p>Redactor: Pedro Palomo <a href=\"https:\/\/twitter.com\/pedropalomobcn?lang=es\"><strong>@pedropalomobcn<\/strong><\/a><strong>\u00a0<\/strong>Instagram <a href=\"https:\/\/www.instagram.com\/pedrobcn\/\" target=\"_blank\" rel=\"noopener noreferrer\"><strong>@pedrobcn<\/strong><\/a><\/p>\n","protected":false},"excerpt":{"rendered":"<p>Sandro Nicolas, representate de Chipre en Eurovision 2020 Imagen: Sandro Nicolas Instagram La CyBC ha anunciado esta tarde su representa para la 65 edici\u00f3n del Festival de Eurovisi\u00f3n, Chipre apuesta&#46;&#46;&#46;<\/p>\n","protected":false},"author":1,"featured_media":10257,"comment_status":"open","ping_status":"closed","sticky":false,"template":"","format":"standard","meta":{"_exactmetrics_skip_tracking":false,"_exactmetrics_sitenote_active":false,"_exactmetrics_sitenote_note":"","_exactmetrics_sitenote_category":0,"footnotes":""},"categories":[1195,3781,4,1188,2,3],"tags":[3941,3943,17,3779,3671,3801,3802,3881,3901,19,20,766,3843,3815,3940,3944,3942,23,22],"class_list":["post-10239","post","type-post","status-publish","format-standard","has-post-thumbnail","hentry","category-eurovision-2","category-eurovision-2020","category-eurovision","category-noticia-2","category-noticia","category-ultima-hora","tag-chipre-eurovision-2020","tag-cyprus-eurovision-2020","tag-esc","tag-esc-2020","tag-eurovision-2020","tag-eurovision-rotterdam","tag-eurovision-rotterdam-2020","tag-open-up-eurovision-rotterdam-2020","tag-open-up-rotterdam-2020","tag-pedro-palomo","tag-pedro-palomo-eurovision","tag-pedro-palomo-vivaeurovision","tag-rotterdam-2020","tag-rotterdam-eurovision-2020","tag-sandro-eurovision-2020","tag-sandro-eurovision-cyprus-2020","tag-sandro-nicolas-eurovision","tag-viva-eurovision","tag-vivaeurovision"],"yoast_head":"<!-- This site is optimized with the Yoast SEO plugin v27.4 - https:\/\/yoast.com\/product\/yoast-seo-wordpress\/ -->\n<title>Sandro Nicolas, representate de Chipre en Eurovision 2020 - VIVAEUROVISION viva eurovision<\/title>\n<meta name=\"description\" content=\"sandro eurovision 2020, sandro nicolas eurovision, eurovision 2020, chipre eurovision 2020, cyprus eurovision 2020, vivaeurovision, sandro\" \/>\n<meta name=\"robots\" content=\"index, follow, max-snippet:-1, max-image-preview:large, max-video-preview:-1\" \/>\n<link rel=\"canonical\" href=\"https:\/\/www.vivaeurovision.com\/index.php\/2019\/11\/29\/10239-sandro-eurovision\/\" \/>\n<meta property=\"og:locale\" content=\"es_ES\" \/>\n<meta property=\"og:type\" content=\"article\" \/>\n<meta property=\"og:title\" content=\"Sandro Nicolas, representate de Chipre en Eurovision 2020 - VIVAEUROVISION viva eurovision\" \/>\n<meta property=\"og:description\" content=\"sandro eurovision 2020, sandro nicolas eurovision, eurovision 2020, chipre eurovision 2020, cyprus eurovision 2020, vivaeurovision, sandro\" \/>\n<meta property=\"og:url\" content=\"https:\/\/www.vivaeurovision.com\/index.php\/2019\/11\/29\/10239-sandro-eurovision\/\" \/>\n<meta property=\"og:site_name\" content=\"VIVAEUROVISION viva eurovision\" \/>\n<meta property=\"article:published_time\" content=\"2019-11-29T18:29:15+00:00\" \/>\n<meta property=\"article:modified_time\" content=\"2019-11-29T18:31:38+00:00\" \/>\n<meta property=\"og:image\" content=\"https:\/\/www.vivaeurovision.com\/wp-content\/uploads\/2019\/11\/5B72D5BA-7692-4FA4-B902-D414A587B1C5-700x368.png\" \/>\n\t<meta property=\"og:image:width\" content=\"700\" \/>\n\t<meta property=\"og:image:height\" content=\"368\" \/>\n\t<meta property=\"og:image:type\" content=\"image\/png\" \/>\n<meta name=\"author\" content=\"Pedro Palomo\" \/>\n<meta name=\"twitter:card\" content=\"summary_large_image\" \/>\n<meta name=\"twitter:creator\" content=\"@pedropalomobcn\" \/>\n<meta name=\"twitter:label1\" content=\"Escrito por\" \/>\n\t<meta name=\"twitter:data1\" content=\"Pedro Palomo\" \/>\n\t<meta name=\"twitter:label2\" content=\"Tiempo de lectura\" \/>\n\t<meta name=\"twitter:data2\" content=\"1 minuto\" \/>\n<script type=\"application\/ld+json\" class=\"yoast-schema-graph\">{\"@context\":\"https:\\\/\\\/schema.org\",\"@graph\":[{\"@type\":\"Article\",\"@id\":\"https:\\\/\\\/www.vivaeurovision.com\\\/index.php\\\/2019\\\/11\\\/29\\\/10239-sandro-eurovision\\\/#article\",\"isPartOf\":{\"@id\":\"https:\\\/\\\/www.vivaeurovision.com\\\/index.php\\\/2019\\\/11\\\/29\\\/10239-sandro-eurovision\\\/\"},\"author\":{\"name\":\"Pedro Palomo\",\"@id\":\"https:\\\/\\\/www.vivaeurovision.com\\\/#\\\/schema\\\/person\\\/1d31fdaa3f5f7df556f73d164bd3c47a\"},\"headline\":\"Sandro Nicolas, representate de Chipre en Eurovision 2020\",\"datePublished\":\"2019-11-29T18:29:15+00:00\",\"dateModified\":\"2019-11-29T18:31:38+00:00\",\"mainEntityOfPage\":{\"@id\":\"https:\\\/\\\/www.vivaeurovision.com\\\/index.php\\\/2019\\\/11\\\/29\\\/10239-sandro-eurovision\\\/\"},\"wordCount\":109,\"commentCount\":0,\"publisher\":{\"@id\":\"https:\\\/\\\/www.vivaeurovision.com\\\/#organization\"},\"image\":{\"@id\":\"https:\\\/\\\/www.vivaeurovision.com\\\/index.php\\\/2019\\\/11\\\/29\\\/10239-sandro-eurovision\\\/#primaryimage\"},\"thumbnailUrl\":\"https:\\\/\\\/www.vivaeurovision.com\\\/wp-content\\\/uploads\\\/2019\\\/11\\\/5B72D5BA-7692-4FA4-B902-D414A587B1C5.png\",\"keywords\":[\"chipre eurovision 2020\",\"cyprus eurovision 2020\",\"ESC\",\"esc 2020\",\"eurovision 2020\",\"eurovision rotterdam\",\"eurovision rotterdam 2020\",\"open up eurovision rotterdam 2020\",\"open up Rotterdam 2020\",\"Pedro Palomo\",\"Pedro Palomo Eurovision\",\"Pedro Palomo Vivaeurovision\",\"rotterdam 2020\",\"rotterdam eurovision 2020\",\"sandro eurovision 2020\",\"sandro eurovision cyprus 2020\",\"sandro nicolas eurovision\",\"viva eurovision\",\"vivaeurovision\"],\"articleSection\":[\"eurovision\",\"eurovision 2020\",\"Inicio\",\"Noticia\",\"Noticias\",\"Ultima Hora\"],\"inLanguage\":\"es\",\"potentialAction\":[{\"@type\":\"CommentAction\",\"name\":\"Comment\",\"target\":[\"https:\\\/\\\/www.vivaeurovision.com\\\/index.php\\\/2019\\\/11\\\/29\\\/10239-sandro-eurovision\\\/#respond\"]}]},{\"@type\":\"WebPage\",\"@id\":\"https:\\\/\\\/www.vivaeurovision.com\\\/index.php\\\/2019\\\/11\\\/29\\\/10239-sandro-eurovision\\\/\",\"url\":\"https:\\\/\\\/www.vivaeurovision.com\\\/index.php\\\/2019\\\/11\\\/29\\\/10239-sandro-eurovision\\\/\",\"name\":\"Sandro Nicolas, representate de Chipre en Eurovision 2020 - VIVAEUROVISION viva eurovision\",\"isPartOf\":{\"@id\":\"https:\\\/\\\/www.vivaeurovision.com\\\/#website\"},\"primaryImageOfPage\":{\"@id\":\"https:\\\/\\\/www.vivaeurovision.com\\\/index.php\\\/2019\\\/11\\\/29\\\/10239-sandro-eurovision\\\/#primaryimage\"},\"image\":{\"@id\":\"https:\\\/\\\/www.vivaeurovision.com\\\/index.php\\\/2019\\\/11\\\/29\\\/10239-sandro-eurovision\\\/#primaryimage\"},\"thumbnailUrl\":\"https:\\\/\\\/www.vivaeurovision.com\\\/wp-content\\\/uploads\\\/2019\\\/11\\\/5B72D5BA-7692-4FA4-B902-D414A587B1C5.png\",\"datePublished\":\"2019-11-29T18:29:15+00:00\",\"dateModified\":\"2019-11-29T18:31:38+00:00\",\"description\":\"sandro eurovision 2020, sandro nicolas eurovision, eurovision 2020, chipre eurovision 2020, cyprus eurovision 2020, vivaeurovision, sandro\",\"breadcrumb\":{\"@id\":\"https:\\\/\\\/www.vivaeurovision.com\\\/index.php\\\/2019\\\/11\\\/29\\\/10239-sandro-eurovision\\\/#breadcrumb\"},\"inLanguage\":\"es\",\"potentialAction\":[{\"@type\":\"ReadAction\",\"target\":[\"https:\\\/\\\/www.vivaeurovision.com\\\/index.php\\\/2019\\\/11\\\/29\\\/10239-sandro-eurovision\\\/\"]}]},{\"@type\":\"ImageObject\",\"inLanguage\":\"es\",\"@id\":\"https:\\\/\\\/www.vivaeurovision.com\\\/index.php\\\/2019\\\/11\\\/29\\\/10239-sandro-eurovision\\\/#primaryimage\",\"url\":\"https:\\\/\\\/www.vivaeurovision.com\\\/wp-content\\\/uploads\\\/2019\\\/11\\\/5B72D5BA-7692-4FA4-B902-D414A587B1C5.png\",\"contentUrl\":\"https:\\\/\\\/www.vivaeurovision.com\\\/wp-content\\\/uploads\\\/2019\\\/11\\\/5B72D5BA-7692-4FA4-B902-D414A587B1C5.png\",\"width\":1680,\"height\":883,\"caption\":\"sandro eurovision 2020\"},{\"@type\":\"BreadcrumbList\",\"@id\":\"https:\\\/\\\/www.vivaeurovision.com\\\/index.php\\\/2019\\\/11\\\/29\\\/10239-sandro-eurovision\\\/#breadcrumb\",\"itemListElement\":[{\"@type\":\"ListItem\",\"position\":1,\"name\":\"Portada\",\"item\":\"https:\\\/\\\/www.vivaeurovision.com\\\/\"},{\"@type\":\"ListItem\",\"position\":2,\"name\":\"Sandro Nicolas, representate de Chipre en Eurovision 2020\"}]},{\"@type\":\"WebSite\",\"@id\":\"https:\\\/\\\/www.vivaeurovision.com\\\/#website\",\"url\":\"https:\\\/\\\/www.vivaeurovision.com\\\/\",\"name\":\"VIVAEUROVISION viva eurovision\",\"description\":\"Tu portal sobre el Festival de Eurovision, eurovision, eurovisi\u00f3n\",\"publisher\":{\"@id\":\"https:\\\/\\\/www.vivaeurovision.com\\\/#organization\"},\"potentialAction\":[{\"@type\":\"SearchAction\",\"target\":{\"@type\":\"EntryPoint\",\"urlTemplate\":\"https:\\\/\\\/www.vivaeurovision.com\\\/?s={search_term_string}\"},\"query-input\":{\"@type\":\"PropertyValueSpecification\",\"valueRequired\":true,\"valueName\":\"search_term_string\"}}],\"inLanguage\":\"es\"},{\"@type\":\"Organization\",\"@id\":\"https:\\\/\\\/www.vivaeurovision.com\\\/#organization\",\"name\":\"vivaeurovision\",\"url\":\"https:\\\/\\\/www.vivaeurovision.com\\\/\",\"logo\":{\"@type\":\"ImageObject\",\"inLanguage\":\"es\",\"@id\":\"https:\\\/\\\/www.vivaeurovision.com\\\/#\\\/schema\\\/logo\\\/image\\\/\",\"url\":\"https:\\\/\\\/www.vivaeurovision.com\\\/wp-content\\\/uploads\\\/2016\\\/01\\\/cropped-image-21-1.jpeg\",\"contentUrl\":\"https:\\\/\\\/www.vivaeurovision.com\\\/wp-content\\\/uploads\\\/2016\\\/01\\\/cropped-image-21-1.jpeg\",\"width\":669,\"height\":368,\"caption\":\"vivaeurovision\"},\"image\":{\"@id\":\"https:\\\/\\\/www.vivaeurovision.com\\\/#\\\/schema\\\/logo\\\/image\\\/\"}},{\"@type\":\"Person\",\"@id\":\"https:\\\/\\\/www.vivaeurovision.com\\\/#\\\/schema\\\/person\\\/1d31fdaa3f5f7df556f73d164bd3c47a\",\"name\":\"Pedro Palomo\",\"image\":{\"@type\":\"ImageObject\",\"inLanguage\":\"es\",\"@id\":\"https:\\\/\\\/secure.gravatar.com\\\/avatar\\\/4cf9a4877f5f71f44fb7cedbe1bac1bd28bd8ce7a217517d98d5b2117f9f5505?s=96&d=mm&r=g\",\"url\":\"https:\\\/\\\/secure.gravatar.com\\\/avatar\\\/4cf9a4877f5f71f44fb7cedbe1bac1bd28bd8ce7a217517d98d5b2117f9f5505?s=96&d=mm&r=g\",\"contentUrl\":\"https:\\\/\\\/secure.gravatar.com\\\/avatar\\\/4cf9a4877f5f71f44fb7cedbe1bac1bd28bd8ce7a217517d98d5b2117f9f5505?s=96&d=mm&r=g\",\"caption\":\"Pedro Palomo\"},\"sameAs\":[\"http:\\\/\\\/www.vivaeurovision.com\",\"@pedrobcn\",\"https:\\\/\\\/x.com\\\/@pedropalomobcn\"]}]}<\/script>\n<!-- \/ Yoast SEO plugin. -->","yoast_head_json":{"title":"Sandro Nicolas, representate de Chipre en Eurovision 2020 - VIVAEUROVISION viva eurovision","description":"sandro eurovision 2020, sandro nicolas eurovision, eurovision 2020, chipre eurovision 2020, cyprus eurovision 2020, vivaeurovision, sandro","robots":{"index":"index","follow":"follow","max-snippet":"max-snippet:-1","max-image-preview":"max-image-preview:large","max-video-preview":"max-video-preview:-1"},"canonical":"https:\/\/www.vivaeurovision.com\/index.php\/2019\/11\/29\/10239-sandro-eurovision\/","og_locale":"es_ES","og_type":"article","og_title":"Sandro Nicolas, representate de Chipre en Eurovision 2020 - VIVAEUROVISION viva eurovision","og_description":"sandro eurovision 2020, sandro nicolas eurovision, eurovision 2020, chipre eurovision 2020, cyprus eurovision 2020, vivaeurovision, sandro","og_url":"https:\/\/www.vivaeurovision.com\/index.php\/2019\/11\/29\/10239-sandro-eurovision\/","og_site_name":"VIVAEUROVISION viva eurovision","article_published_time":"2019-11-29T18:29:15+00:00","article_modified_time":"2019-11-29T18:31:38+00:00","og_image":[{"width":700,"height":368,"url":"https:\/\/www.vivaeurovision.com\/wp-content\/uploads\/2019\/11\/5B72D5BA-7692-4FA4-B902-D414A587B1C5-700x368.png","type":"image\/png"}],"author":"Pedro Palomo","twitter_card":"summary_large_image","twitter_creator":"@pedropalomobcn","twitter_misc":{"Escrito por":"Pedro Palomo","Tiempo de lectura":"1 minuto"},"schema":{"@context":"https:\/\/schema.org","@graph":[{"@type":"Article","@id":"https:\/\/www.vivaeurovision.com\/index.php\/2019\/11\/29\/10239-sandro-eurovision\/#article","isPartOf":{"@id":"https:\/\/www.vivaeurovision.com\/index.php\/2019\/11\/29\/10239-sandro-eurovision\/"},"author":{"name":"Pedro Palomo","@id":"https:\/\/www.vivaeurovision.com\/#\/schema\/person\/1d31fdaa3f5f7df556f73d164bd3c47a"},"headline":"Sandro Nicolas, representate de Chipre en Eurovision 2020","datePublished":"2019-11-29T18:29:15+00:00","dateModified":"2019-11-29T18:31:38+00:00","mainEntityOfPage":{"@id":"https:\/\/www.vivaeurovision.com\/index.php\/2019\/11\/29\/10239-sandro-eurovision\/"},"wordCount":109,"commentCount":0,"publisher":{"@id":"https:\/\/www.vivaeurovision.com\/#organization"},"image":{"@id":"https:\/\/www.vivaeurovision.com\/index.php\/2019\/11\/29\/10239-sandro-eurovision\/#primaryimage"},"thumbnailUrl":"https:\/\/www.vivaeurovision.com\/wp-content\/uploads\/2019\/11\/5B72D5BA-7692-4FA4-B902-D414A587B1C5.png","keywords":["chipre eurovision 2020","cyprus eurovision 2020","ESC","esc 2020","eurovision 2020","eurovision rotterdam","eurovision rotterdam 2020","open up eurovision rotterdam 2020","open up Rotterdam 2020","Pedro Palomo","Pedro Palomo Eurovision","Pedro Palomo Vivaeurovision","rotterdam 2020","rotterdam eurovision 2020","sandro eurovision 2020","sandro eurovision cyprus 2020","sandro nicolas eurovision","viva eurovision","vivaeurovision"],"articleSection":["eurovision","eurovision 2020","Inicio","Noticia","Noticias","Ultima Hora"],"inLanguage":"es","potentialAction":[{"@type":"CommentAction","name":"Comment","target":["https:\/\/www.vivaeurovision.com\/index.php\/2019\/11\/29\/10239-sandro-eurovision\/#respond"]}]},{"@type":"WebPage","@id":"https:\/\/www.vivaeurovision.com\/index.php\/2019\/11\/29\/10239-sandro-eurovision\/","url":"https:\/\/www.vivaeurovision.com\/index.php\/2019\/11\/29\/10239-sandro-eurovision\/","name":"Sandro Nicolas, representate de Chipre en Eurovision 2020 - VIVAEUROVISION viva eurovision","isPartOf":{"@id":"https:\/\/www.vivaeurovision.com\/#website"},"primaryImageOfPage":{"@id":"https:\/\/www.vivaeurovision.com\/index.php\/2019\/11\/29\/10239-sandro-eurovision\/#primaryimage"},"image":{"@id":"https:\/\/www.vivaeurovision.com\/index.php\/2019\/11\/29\/10239-sandro-eurovision\/#primaryimage"},"thumbnailUrl":"https:\/\/www.vivaeurovision.com\/wp-content\/uploads\/2019\/11\/5B72D5BA-7692-4FA4-B902-D414A587B1C5.png","datePublished":"2019-11-29T18:29:15+00:00","dateModified":"2019-11-29T18:31:38+00:00","description":"sandro eurovision 2020, sandro nicolas eurovision, eurovision 2020, chipre eurovision 2020, cyprus eurovision 2020, vivaeurovision, sandro","breadcrumb":{"@id":"https:\/\/www.vivaeurovision.com\/index.php\/2019\/11\/29\/10239-sandro-eurovision\/#breadcrumb"},"inLanguage":"es","potentialAction":[{"@type":"ReadAction","target":["https:\/\/www.vivaeurovision.com\/index.php\/2019\/11\/29\/10239-sandro-eurovision\/"]}]},{"@type":"ImageObject","inLanguage":"es","@id":"https:\/\/www.vivaeurovision.com\/index.php\/2019\/11\/29\/10239-sandro-eurovision\/#primaryimage","url":"https:\/\/www.vivaeurovision.com\/wp-content\/uploads\/2019\/11\/5B72D5BA-7692-4FA4-B902-D414A587B1C5.png","contentUrl":"https:\/\/www.vivaeurovision.com\/wp-content\/uploads\/2019\/11\/5B72D5BA-7692-4FA4-B902-D414A587B1C5.png","width":1680,"height":883,"caption":"sandro eurovision 2020"},{"@type":"BreadcrumbList","@id":"https:\/\/www.vivaeurovision.com\/index.php\/2019\/11\/29\/10239-sandro-eurovision\/#breadcrumb","itemListElement":[{"@type":"ListItem","position":1,"name":"Portada","item":"https:\/\/www.vivaeurovision.com\/"},{"@type":"ListItem","position":2,"name":"Sandro Nicolas, representate de Chipre en Eurovision 2020"}]},{"@type":"WebSite","@id":"https:\/\/www.vivaeurovision.com\/#website","url":"https:\/\/www.vivaeurovision.com\/","name":"VIVAEUROVISION viva eurovision","description":"Tu portal sobre el Festival de Eurovision, eurovision, eurovisi\u00f3n","publisher":{"@id":"https:\/\/www.vivaeurovision.com\/#organization"},"potentialAction":[{"@type":"SearchAction","target":{"@type":"EntryPoint","urlTemplate":"https:\/\/www.vivaeurovision.com\/?s={search_term_string}"},"query-input":{"@type":"PropertyValueSpecification","valueRequired":true,"valueName":"search_term_string"}}],"inLanguage":"es"},{"@type":"Organization","@id":"https:\/\/www.vivaeurovision.com\/#organization","name":"vivaeurovision","url":"https:\/\/www.vivaeurovision.com\/","logo":{"@type":"ImageObject","inLanguage":"es","@id":"https:\/\/www.vivaeurovision.com\/#\/schema\/logo\/image\/","url":"https:\/\/www.vivaeurovision.com\/wp-content\/uploads\/2016\/01\/cropped-image-21-1.jpeg","contentUrl":"https:\/\/www.vivaeurovision.com\/wp-content\/uploads\/2016\/01\/cropped-image-21-1.jpeg","width":669,"height":368,"caption":"vivaeurovision"},"image":{"@id":"https:\/\/www.vivaeurovision.com\/#\/schema\/logo\/image\/"}},{"@type":"Person","@id":"https:\/\/www.vivaeurovision.com\/#\/schema\/person\/1d31fdaa3f5f7df556f73d164bd3c47a","name":"Pedro Palomo","image":{"@type":"ImageObject","inLanguage":"es","@id":"https:\/\/secure.gravatar.com\/avatar\/4cf9a4877f5f71f44fb7cedbe1bac1bd28bd8ce7a217517d98d5b2117f9f5505?s=96&d=mm&r=g","url":"https:\/\/secure.gravatar.com\/avatar\/4cf9a4877f5f71f44fb7cedbe1bac1bd28bd8ce7a217517d98d5b2117f9f5505?s=96&d=mm&r=g","contentUrl":"https:\/\/secure.gravatar.com\/avatar\/4cf9a4877f5f71f44fb7cedbe1bac1bd28bd8ce7a217517d98d5b2117f9f5505?s=96&d=mm&r=g","caption":"Pedro Palomo"},"sameAs":["http:\/\/www.vivaeurovision.com","@pedrobcn","https:\/\/x.com\/@pedropalomobcn"]}]}},"_links":{"self":[{"href":"https:\/\/www.vivaeurovision.com\/index.php\/wp-json\/wp\/v2\/posts\/10239","targetHints":{"allow":["GET"]}}],"collection":[{"href":"https:\/\/www.vivaeurovision.com\/index.php\/wp-json\/wp\/v2\/posts"}],"about":[{"href":"https:\/\/www.vivaeurovision.com\/index.php\/wp-json\/wp\/v2\/types\/post"}],"author":[{"embeddable":true,"href":"https:\/\/www.vivaeurovision.com\/index.php\/wp-json\/wp\/v2\/users\/1"}],"replies":[{"embeddable":true,"href":"https:\/\/www.vivaeurovision.com\/index.php\/wp-json\/wp\/v2\/comments?post=10239"}],"version-history":[{"count":4,"href":"https:\/\/www.vivaeurovision.com\/index.php\/wp-json\/wp\/v2\/posts\/10239\/revisions"}],"predecessor-version":[{"id":10266,"href":"https:\/\/www.vivaeurovision.com\/index.php\/wp-json\/wp\/v2\/posts\/10239\/revisions\/10266"}],"wp:featuredmedia":[{"embeddable":true,"href":"https:\/\/www.vivaeurovision.com\/index.php\/wp-json\/wp\/v2\/media\/10257"}],"wp:attachment":[{"href":"https:\/\/www.vivaeurovision.com\/index.php\/wp-json\/wp\/v2\/media?parent=10239"}],"wp:term":[{"taxonomy":"category","embeddable":true,"href":"https:\/\/www.vivaeurovision.com\/index.php\/wp-json\/wp\/v2\/categories?post=10239"},{"taxonomy":"post_tag","embeddable":true,"href":"https:\/\/www.vivaeurovision.com\/index.php\/wp-json\/wp\/v2\/tags?post=10239"}],"curies":[{"name":"wp","href":"https:\/\/api.w.org\/{rel}","templated":true}]}}