{"id":10457,"date":"2020-02-08T23:10:50","date_gmt":"2020-02-08T23:10:50","guid":{"rendered":"http:\/\/www.vivaeurovision.com\/?p=10457"},"modified":"2020-02-08T23:10:52","modified_gmt":"2020-02-08T23:10:52","slug":"10457-destiny-eurovision","status":"publish","type":"post","link":"https:\/\/www.vivaeurovision.com\/index.php\/2020\/02\/08\/10457-destiny-eurovision\/","title":{"rendered":"Destiny de ganar eurovision junior a representar a Malta en Eurovision 2020"},"content":{"rendered":"<p>Destiny de ganar eurovision junior a representar a Malta en Eurovision 2020<br \/>\n<img loading=\"lazy\" decoding=\"async\" class=\"alignnone size-medium wp-image-10495\" src=\"http:\/\/www.vivaeurovision.com\/wp-content\/uploads\/2020\/02\/C77A8CFE-A22A-4ABE-87ED-1B0E9D8DA96F-300x205.jpeg\" alt=\"destiny eurovision 2020\" width=\"300\" height=\"205\" srcset=\"https:\/\/www.vivaeurovision.com\/wp-content\/uploads\/2020\/02\/C77A8CFE-A22A-4ABE-87ED-1B0E9D8DA96F-300x205.jpeg 300w, https:\/\/www.vivaeurovision.com\/wp-content\/uploads\/2020\/02\/C77A8CFE-A22A-4ABE-87ED-1B0E9D8DA96F-700x477.jpeg 700w, https:\/\/www.vivaeurovision.com\/wp-content\/uploads\/2020\/02\/C77A8CFE-A22A-4ABE-87ED-1B0E9D8DA96F-1536x1048.jpeg 1536w, https:\/\/www.vivaeurovision.com\/wp-content\/uploads\/2020\/02\/C77A8CFE-A22A-4ABE-87ED-1B0E9D8DA96F.jpeg 2000w\" sizes=\"auto, (max-width: 300px) 100vw, 300px\" \/><br \/>\nImagen: TVM-Destiny<\/p>\n<p>La flamante ganadora de eurovision junior 2015, intentar\u00e1 repetir triunfo representando a Malta en el pr\u00f3ximo Festival de Eurovisi\u00f3n 2020 que se celebra en Rotterdam.<br \/>\nDestiny ha sido la ganadora de la gran final del X Factor malt\u00e9s, pasaporte que la ha convertido en representante de Malta, adem\u00e1s lo ha hecho con la canci\u00f3n Save The Hero, un tema in\u00e9dito con el que podr\u00eda competir en el escenario de Rotterdam.<\/p>\n<p>La canci\u00f3n no est\u00e1 confirmada que sea el tema con el que represente a Malta en Eurovisi\u00f3n.<\/p>\n<p><iframe loading=\"lazy\"  id=\"_ytid_93836\"  width=\"480\" height=\"270\"  data-origwidth=\"480\" data-origheight=\"270\" src=\"https:\/\/www.youtube.com\/embed\/_oIbA7FVvmg?enablejsapi=1&#038;autoplay=0&#038;cc_load_policy=0&#038;cc_lang_pref=&#038;iv_load_policy=1&#038;loop=0&#038;rel=1&#038;fs=1&#038;playsinline=0&#038;autohide=2&#038;theme=dark&#038;color=red&#038;controls=1&#038;disablekb=0&#038;\" class=\"__youtube_prefs__  epyt-is-override  no-lazyload\" title=\"YouTube player\"  allow=\"fullscreen; accelerometer; autoplay; clipboard-write; encrypted-media; gyroscope; picture-in-picture; web-share\" referrerpolicy=\"strict-origin-when-cross-origin\" allowfullscreen data-no-lazy=\"1\" data-skipgform_ajax_framebjll=\"\"><\/iframe><\/p>\n<p><img loading=\"lazy\" decoding=\"async\" class=\"alignnone size-medium wp-image-311\" src=\"http:\/\/www.vivaeurovision.com\/wp-content\/uploads\/2016\/01\/image-21-300x165.jpeg\" alt=\"VIVAEUROVISION.COM\" width=\"300\" height=\"165\" srcset=\"https:\/\/www.vivaeurovision.com\/wp-content\/uploads\/2016\/01\/image-21-300x165.jpeg 300w, https:\/\/www.vivaeurovision.com\/wp-content\/uploads\/2016\/01\/image-21-555x305.jpeg 555w, https:\/\/www.vivaeurovision.com\/wp-content\/uploads\/2016\/01\/image-21.jpeg 669w\" sizes=\"auto, (max-width: 300px) 100vw, 300px\" \/><\/p>\n<p>Youtube<\/p>\n<p><a href=\"https:\/\/www.youtube.com\/user\/gurrumi\" target=\"_blank\" rel=\"noopener noreferrer\">Pedro Palomo<\/a><\/p>\n<p>Twitter\u00a0<strong> <a href=\"https:\/\/twitter.com\/viva_eurovision\" target=\"_blank\" rel=\"noopener noreferrer\">@viva_eurovision<\/a>\u00a0 <a href=\"https:\/\/www.facebook.com\/Vivaeurovisioncom-867806686671081\/?fref=nf\" target=\"_blank\" rel=\"noopener noreferrer\">FACEBOOK OFICIAL VIVA EUROVISION <\/a><\/strong>Instragram <strong>\u00a0<\/strong><a href=\"https:\/\/www.instagram.com\/vivaeurovision\/\" target=\"_blank\" rel=\"noopener noreferrer\"><strong>@vivaeurovision<\/strong><\/a><\/p>\n<p>Redactor: Pedro Palomo <a href=\"https:\/\/twitter.com\/pedropalomobcn?lang=es\"><strong>@pedropalomobcn<\/strong><\/a><strong>\u00a0<\/strong>Instagram <a href=\"https:\/\/www.instagram.com\/pedrobcn\/\" target=\"_blank\" rel=\"noopener noreferrer\"><strong>@pedrobcn<\/strong><\/a><\/p>\n","protected":false},"excerpt":{"rendered":"<p>Destiny de ganar eurovision junior a representar a Malta en Eurovision 2020 Imagen: TVM-Destiny La flamante ganadora de eurovision junior 2015, intentar\u00e1 repetir triunfo representando a Malta en el pr\u00f3ximo&#46;&#46;&#46;<\/p>\n","protected":false},"author":1,"featured_media":10495,"comment_status":"open","ping_status":"closed","sticky":false,"template":"","format":"standard","meta":{"_exactmetrics_skip_tracking":false,"_exactmetrics_sitenote_active":false,"_exactmetrics_sitenote_note":"","_exactmetrics_sitenote_category":0,"footnotes":""},"categories":[1195,3781,4,1188,2,3],"tags":[4045,4044,4046,4048,3801,3802,1096,629,4047,3879,3881,3901,19,20,1261,766,3843,3815,23,156,22],"class_list":["post-10457","post","type-post","status-publish","format-standard","has-post-thumbnail","hentry","category-eurovision-2","category-eurovision-2020","category-eurovision","category-noticia-2","category-noticia","category-ultima-hora","tag-destiny-eurovision","tag-destiny-eurovision-2020","tag-destiny-eurovision-malta-2020","tag-eurovision-malta-2020","tag-eurovision-rotterdam","tag-eurovision-rotterdam-2020","tag-festival-de-eurovision","tag-malta-eurovision","tag-malta-eurovision-2020","tag-open-up-eurovision-2020","tag-open-up-eurovision-rotterdam-2020","tag-open-up-rotterdam-2020","tag-pedro-palomo","tag-pedro-palomo-eurovision","tag-pedro-palomo-viva-eurovision","tag-pedro-palomo-vivaeurovision","tag-rotterdam-2020","tag-rotterdam-eurovision-2020","tag-viva-eurovision","tag-viva-eurovison","tag-vivaeurovision"],"yoast_head":"<!-- This site is optimized with the Yoast SEO plugin v27.4 - https:\/\/yoast.com\/product\/yoast-seo-wordpress\/ -->\n<title>Destiny de ganar eurovision junior a representar a Malta en Eurovision 2020 - VIVAEUROVISION viva eurovision<\/title>\n<meta name=\"description\" content=\"destiny eurovision, destiny eurovision 2020, destiny eurovision malta 2020, malta eurovision 2020, eurovision malta 2020, viva eurovision, vivaeurovision\" \/>\n<meta name=\"robots\" content=\"index, follow, max-snippet:-1, max-image-preview:large, max-video-preview:-1\" \/>\n<link rel=\"canonical\" href=\"https:\/\/www.vivaeurovision.com\/index.php\/2020\/02\/08\/10457-destiny-eurovision\/\" \/>\n<meta property=\"og:locale\" content=\"es_ES\" \/>\n<meta property=\"og:type\" content=\"article\" \/>\n<meta property=\"og:title\" content=\"Destiny de ganar eurovision junior a representar a Malta en Eurovision 2020 - VIVAEUROVISION viva eurovision\" \/>\n<meta property=\"og:description\" content=\"destiny eurovision, destiny eurovision 2020, destiny eurovision malta 2020, malta eurovision 2020, eurovision malta 2020, viva eurovision, vivaeurovision\" \/>\n<meta property=\"og:url\" content=\"https:\/\/www.vivaeurovision.com\/index.php\/2020\/02\/08\/10457-destiny-eurovision\/\" \/>\n<meta property=\"og:site_name\" content=\"VIVAEUROVISION viva eurovision\" \/>\n<meta property=\"article:published_time\" content=\"2020-02-08T23:10:50+00:00\" \/>\n<meta property=\"article:modified_time\" content=\"2020-02-08T23:10:52+00:00\" \/>\n<meta property=\"og:image\" content=\"https:\/\/www.vivaeurovision.com\/wp-content\/uploads\/2020\/02\/C77A8CFE-A22A-4ABE-87ED-1B0E9D8DA96F.jpeg\" \/>\n\t<meta property=\"og:image:width\" content=\"2000\" \/>\n\t<meta property=\"og:image:height\" content=\"1364\" \/>\n\t<meta property=\"og:image:type\" content=\"image\/jpeg\" \/>\n<meta name=\"author\" content=\"Pedro Palomo\" \/>\n<meta name=\"twitter:card\" content=\"summary_large_image\" \/>\n<meta name=\"twitter:creator\" content=\"@pedropalomobcn\" \/>\n<meta name=\"twitter:label1\" content=\"Escrito por\" \/>\n\t<meta name=\"twitter:data1\" content=\"Pedro Palomo\" \/>\n\t<meta name=\"twitter:label2\" content=\"Tiempo de lectura\" \/>\n\t<meta name=\"twitter:data2\" content=\"1 minuto\" \/>\n<script type=\"application\/ld+json\" class=\"yoast-schema-graph\">{\"@context\":\"https:\\\/\\\/schema.org\",\"@graph\":[{\"@type\":\"Article\",\"@id\":\"https:\\\/\\\/www.vivaeurovision.com\\\/index.php\\\/2020\\\/02\\\/08\\\/10457-destiny-eurovision\\\/#article\",\"isPartOf\":{\"@id\":\"https:\\\/\\\/www.vivaeurovision.com\\\/index.php\\\/2020\\\/02\\\/08\\\/10457-destiny-eurovision\\\/\"},\"author\":{\"name\":\"Pedro Palomo\",\"@id\":\"https:\\\/\\\/www.vivaeurovision.com\\\/#\\\/schema\\\/person\\\/1d31fdaa3f5f7df556f73d164bd3c47a\"},\"headline\":\"Destiny de ganar eurovision junior a representar a Malta en Eurovision 2020\",\"datePublished\":\"2020-02-08T23:10:50+00:00\",\"dateModified\":\"2020-02-08T23:10:52+00:00\",\"mainEntityOfPage\":{\"@id\":\"https:\\\/\\\/www.vivaeurovision.com\\\/index.php\\\/2020\\\/02\\\/08\\\/10457-destiny-eurovision\\\/\"},\"wordCount\":141,\"commentCount\":0,\"publisher\":{\"@id\":\"https:\\\/\\\/www.vivaeurovision.com\\\/#organization\"},\"image\":{\"@id\":\"https:\\\/\\\/www.vivaeurovision.com\\\/index.php\\\/2020\\\/02\\\/08\\\/10457-destiny-eurovision\\\/#primaryimage\"},\"thumbnailUrl\":\"https:\\\/\\\/www.vivaeurovision.com\\\/wp-content\\\/uploads\\\/2020\\\/02\\\/C77A8CFE-A22A-4ABE-87ED-1B0E9D8DA96F.jpeg\",\"keywords\":[\"destiny eurovision\",\"destiny eurovision 2020\",\"destiny eurovision malta 2020\",\"eurovision malta 2020\",\"eurovision rotterdam\",\"eurovision rotterdam 2020\",\"Festival de Eurovisi\u00f3n\",\"malta eurovision\",\"malta eurovision 2020\",\"open up eurovision 2020\",\"open up eurovision rotterdam 2020\",\"open up Rotterdam 2020\",\"Pedro Palomo\",\"Pedro Palomo Eurovision\",\"pedro palomo viva eurovision\",\"Pedro Palomo Vivaeurovision\",\"rotterdam 2020\",\"rotterdam eurovision 2020\",\"viva eurovision\",\"viva eurovison\",\"vivaeurovision\"],\"articleSection\":[\"eurovision\",\"eurovision 2020\",\"Inicio\",\"Noticia\",\"Noticias\",\"Ultima Hora\"],\"inLanguage\":\"es\",\"potentialAction\":[{\"@type\":\"CommentAction\",\"name\":\"Comment\",\"target\":[\"https:\\\/\\\/www.vivaeurovision.com\\\/index.php\\\/2020\\\/02\\\/08\\\/10457-destiny-eurovision\\\/#respond\"]}]},{\"@type\":\"WebPage\",\"@id\":\"https:\\\/\\\/www.vivaeurovision.com\\\/index.php\\\/2020\\\/02\\\/08\\\/10457-destiny-eurovision\\\/\",\"url\":\"https:\\\/\\\/www.vivaeurovision.com\\\/index.php\\\/2020\\\/02\\\/08\\\/10457-destiny-eurovision\\\/\",\"name\":\"Destiny de ganar eurovision junior a representar a Malta en Eurovision 2020 - VIVAEUROVISION viva eurovision\",\"isPartOf\":{\"@id\":\"https:\\\/\\\/www.vivaeurovision.com\\\/#website\"},\"primaryImageOfPage\":{\"@id\":\"https:\\\/\\\/www.vivaeurovision.com\\\/index.php\\\/2020\\\/02\\\/08\\\/10457-destiny-eurovision\\\/#primaryimage\"},\"image\":{\"@id\":\"https:\\\/\\\/www.vivaeurovision.com\\\/index.php\\\/2020\\\/02\\\/08\\\/10457-destiny-eurovision\\\/#primaryimage\"},\"thumbnailUrl\":\"https:\\\/\\\/www.vivaeurovision.com\\\/wp-content\\\/uploads\\\/2020\\\/02\\\/C77A8CFE-A22A-4ABE-87ED-1B0E9D8DA96F.jpeg\",\"datePublished\":\"2020-02-08T23:10:50+00:00\",\"dateModified\":\"2020-02-08T23:10:52+00:00\",\"description\":\"destiny eurovision, destiny eurovision 2020, destiny eurovision malta 2020, malta eurovision 2020, eurovision malta 2020, viva eurovision, vivaeurovision\",\"breadcrumb\":{\"@id\":\"https:\\\/\\\/www.vivaeurovision.com\\\/index.php\\\/2020\\\/02\\\/08\\\/10457-destiny-eurovision\\\/#breadcrumb\"},\"inLanguage\":\"es\",\"potentialAction\":[{\"@type\":\"ReadAction\",\"target\":[\"https:\\\/\\\/www.vivaeurovision.com\\\/index.php\\\/2020\\\/02\\\/08\\\/10457-destiny-eurovision\\\/\"]}]},{\"@type\":\"ImageObject\",\"inLanguage\":\"es\",\"@id\":\"https:\\\/\\\/www.vivaeurovision.com\\\/index.php\\\/2020\\\/02\\\/08\\\/10457-destiny-eurovision\\\/#primaryimage\",\"url\":\"https:\\\/\\\/www.vivaeurovision.com\\\/wp-content\\\/uploads\\\/2020\\\/02\\\/C77A8CFE-A22A-4ABE-87ED-1B0E9D8DA96F.jpeg\",\"contentUrl\":\"https:\\\/\\\/www.vivaeurovision.com\\\/wp-content\\\/uploads\\\/2020\\\/02\\\/C77A8CFE-A22A-4ABE-87ED-1B0E9D8DA96F.jpeg\",\"width\":2000,\"height\":1364,\"caption\":\"destiny eurovision 2020\"},{\"@type\":\"BreadcrumbList\",\"@id\":\"https:\\\/\\\/www.vivaeurovision.com\\\/index.php\\\/2020\\\/02\\\/08\\\/10457-destiny-eurovision\\\/#breadcrumb\",\"itemListElement\":[{\"@type\":\"ListItem\",\"position\":1,\"name\":\"Portada\",\"item\":\"https:\\\/\\\/www.vivaeurovision.com\\\/\"},{\"@type\":\"ListItem\",\"position\":2,\"name\":\"Destiny de ganar eurovision junior a representar a Malta en Eurovision 2020\"}]},{\"@type\":\"WebSite\",\"@id\":\"https:\\\/\\\/www.vivaeurovision.com\\\/#website\",\"url\":\"https:\\\/\\\/www.vivaeurovision.com\\\/\",\"name\":\"VIVAEUROVISION viva eurovision\",\"description\":\"Tu portal sobre el Festival de Eurovision, eurovision, eurovisi\u00f3n\",\"publisher\":{\"@id\":\"https:\\\/\\\/www.vivaeurovision.com\\\/#organization\"},\"potentialAction\":[{\"@type\":\"SearchAction\",\"target\":{\"@type\":\"EntryPoint\",\"urlTemplate\":\"https:\\\/\\\/www.vivaeurovision.com\\\/?s={search_term_string}\"},\"query-input\":{\"@type\":\"PropertyValueSpecification\",\"valueRequired\":true,\"valueName\":\"search_term_string\"}}],\"inLanguage\":\"es\"},{\"@type\":\"Organization\",\"@id\":\"https:\\\/\\\/www.vivaeurovision.com\\\/#organization\",\"name\":\"vivaeurovision\",\"url\":\"https:\\\/\\\/www.vivaeurovision.com\\\/\",\"logo\":{\"@type\":\"ImageObject\",\"inLanguage\":\"es\",\"@id\":\"https:\\\/\\\/www.vivaeurovision.com\\\/#\\\/schema\\\/logo\\\/image\\\/\",\"url\":\"https:\\\/\\\/www.vivaeurovision.com\\\/wp-content\\\/uploads\\\/2016\\\/01\\\/cropped-image-21-1.jpeg\",\"contentUrl\":\"https:\\\/\\\/www.vivaeurovision.com\\\/wp-content\\\/uploads\\\/2016\\\/01\\\/cropped-image-21-1.jpeg\",\"width\":669,\"height\":368,\"caption\":\"vivaeurovision\"},\"image\":{\"@id\":\"https:\\\/\\\/www.vivaeurovision.com\\\/#\\\/schema\\\/logo\\\/image\\\/\"}},{\"@type\":\"Person\",\"@id\":\"https:\\\/\\\/www.vivaeurovision.com\\\/#\\\/schema\\\/person\\\/1d31fdaa3f5f7df556f73d164bd3c47a\",\"name\":\"Pedro Palomo\",\"image\":{\"@type\":\"ImageObject\",\"inLanguage\":\"es\",\"@id\":\"https:\\\/\\\/secure.gravatar.com\\\/avatar\\\/4cf9a4877f5f71f44fb7cedbe1bac1bd28bd8ce7a217517d98d5b2117f9f5505?s=96&d=mm&r=g\",\"url\":\"https:\\\/\\\/secure.gravatar.com\\\/avatar\\\/4cf9a4877f5f71f44fb7cedbe1bac1bd28bd8ce7a217517d98d5b2117f9f5505?s=96&d=mm&r=g\",\"contentUrl\":\"https:\\\/\\\/secure.gravatar.com\\\/avatar\\\/4cf9a4877f5f71f44fb7cedbe1bac1bd28bd8ce7a217517d98d5b2117f9f5505?s=96&d=mm&r=g\",\"caption\":\"Pedro Palomo\"},\"sameAs\":[\"http:\\\/\\\/www.vivaeurovision.com\",\"@pedrobcn\",\"https:\\\/\\\/x.com\\\/@pedropalomobcn\"]}]}<\/script>\n<!-- \/ Yoast SEO plugin. -->","yoast_head_json":{"title":"Destiny de ganar eurovision junior a representar a Malta en Eurovision 2020 - VIVAEUROVISION viva eurovision","description":"destiny eurovision, destiny eurovision 2020, destiny eurovision malta 2020, malta eurovision 2020, eurovision malta 2020, viva eurovision, vivaeurovision","robots":{"index":"index","follow":"follow","max-snippet":"max-snippet:-1","max-image-preview":"max-image-preview:large","max-video-preview":"max-video-preview:-1"},"canonical":"https:\/\/www.vivaeurovision.com\/index.php\/2020\/02\/08\/10457-destiny-eurovision\/","og_locale":"es_ES","og_type":"article","og_title":"Destiny de ganar eurovision junior a representar a Malta en Eurovision 2020 - VIVAEUROVISION viva eurovision","og_description":"destiny eurovision, destiny eurovision 2020, destiny eurovision malta 2020, malta eurovision 2020, eurovision malta 2020, viva eurovision, vivaeurovision","og_url":"https:\/\/www.vivaeurovision.com\/index.php\/2020\/02\/08\/10457-destiny-eurovision\/","og_site_name":"VIVAEUROVISION viva eurovision","article_published_time":"2020-02-08T23:10:50+00:00","article_modified_time":"2020-02-08T23:10:52+00:00","og_image":[{"width":2000,"height":1364,"url":"https:\/\/www.vivaeurovision.com\/wp-content\/uploads\/2020\/02\/C77A8CFE-A22A-4ABE-87ED-1B0E9D8DA96F.jpeg","type":"image\/jpeg"}],"author":"Pedro Palomo","twitter_card":"summary_large_image","twitter_creator":"@pedropalomobcn","twitter_misc":{"Escrito por":"Pedro Palomo","Tiempo de lectura":"1 minuto"},"schema":{"@context":"https:\/\/schema.org","@graph":[{"@type":"Article","@id":"https:\/\/www.vivaeurovision.com\/index.php\/2020\/02\/08\/10457-destiny-eurovision\/#article","isPartOf":{"@id":"https:\/\/www.vivaeurovision.com\/index.php\/2020\/02\/08\/10457-destiny-eurovision\/"},"author":{"name":"Pedro Palomo","@id":"https:\/\/www.vivaeurovision.com\/#\/schema\/person\/1d31fdaa3f5f7df556f73d164bd3c47a"},"headline":"Destiny de ganar eurovision junior a representar a Malta en Eurovision 2020","datePublished":"2020-02-08T23:10:50+00:00","dateModified":"2020-02-08T23:10:52+00:00","mainEntityOfPage":{"@id":"https:\/\/www.vivaeurovision.com\/index.php\/2020\/02\/08\/10457-destiny-eurovision\/"},"wordCount":141,"commentCount":0,"publisher":{"@id":"https:\/\/www.vivaeurovision.com\/#organization"},"image":{"@id":"https:\/\/www.vivaeurovision.com\/index.php\/2020\/02\/08\/10457-destiny-eurovision\/#primaryimage"},"thumbnailUrl":"https:\/\/www.vivaeurovision.com\/wp-content\/uploads\/2020\/02\/C77A8CFE-A22A-4ABE-87ED-1B0E9D8DA96F.jpeg","keywords":["destiny eurovision","destiny eurovision 2020","destiny eurovision malta 2020","eurovision malta 2020","eurovision rotterdam","eurovision rotterdam 2020","Festival de Eurovisi\u00f3n","malta eurovision","malta eurovision 2020","open up eurovision 2020","open up eurovision rotterdam 2020","open up Rotterdam 2020","Pedro Palomo","Pedro Palomo Eurovision","pedro palomo viva eurovision","Pedro Palomo Vivaeurovision","rotterdam 2020","rotterdam eurovision 2020","viva eurovision","viva eurovison","vivaeurovision"],"articleSection":["eurovision","eurovision 2020","Inicio","Noticia","Noticias","Ultima Hora"],"inLanguage":"es","potentialAction":[{"@type":"CommentAction","name":"Comment","target":["https:\/\/www.vivaeurovision.com\/index.php\/2020\/02\/08\/10457-destiny-eurovision\/#respond"]}]},{"@type":"WebPage","@id":"https:\/\/www.vivaeurovision.com\/index.php\/2020\/02\/08\/10457-destiny-eurovision\/","url":"https:\/\/www.vivaeurovision.com\/index.php\/2020\/02\/08\/10457-destiny-eurovision\/","name":"Destiny de ganar eurovision junior a representar a Malta en Eurovision 2020 - VIVAEUROVISION viva eurovision","isPartOf":{"@id":"https:\/\/www.vivaeurovision.com\/#website"},"primaryImageOfPage":{"@id":"https:\/\/www.vivaeurovision.com\/index.php\/2020\/02\/08\/10457-destiny-eurovision\/#primaryimage"},"image":{"@id":"https:\/\/www.vivaeurovision.com\/index.php\/2020\/02\/08\/10457-destiny-eurovision\/#primaryimage"},"thumbnailUrl":"https:\/\/www.vivaeurovision.com\/wp-content\/uploads\/2020\/02\/C77A8CFE-A22A-4ABE-87ED-1B0E9D8DA96F.jpeg","datePublished":"2020-02-08T23:10:50+00:00","dateModified":"2020-02-08T23:10:52+00:00","description":"destiny eurovision, destiny eurovision 2020, destiny eurovision malta 2020, malta eurovision 2020, eurovision malta 2020, viva eurovision, vivaeurovision","breadcrumb":{"@id":"https:\/\/www.vivaeurovision.com\/index.php\/2020\/02\/08\/10457-destiny-eurovision\/#breadcrumb"},"inLanguage":"es","potentialAction":[{"@type":"ReadAction","target":["https:\/\/www.vivaeurovision.com\/index.php\/2020\/02\/08\/10457-destiny-eurovision\/"]}]},{"@type":"ImageObject","inLanguage":"es","@id":"https:\/\/www.vivaeurovision.com\/index.php\/2020\/02\/08\/10457-destiny-eurovision\/#primaryimage","url":"https:\/\/www.vivaeurovision.com\/wp-content\/uploads\/2020\/02\/C77A8CFE-A22A-4ABE-87ED-1B0E9D8DA96F.jpeg","contentUrl":"https:\/\/www.vivaeurovision.com\/wp-content\/uploads\/2020\/02\/C77A8CFE-A22A-4ABE-87ED-1B0E9D8DA96F.jpeg","width":2000,"height":1364,"caption":"destiny eurovision 2020"},{"@type":"BreadcrumbList","@id":"https:\/\/www.vivaeurovision.com\/index.php\/2020\/02\/08\/10457-destiny-eurovision\/#breadcrumb","itemListElement":[{"@type":"ListItem","position":1,"name":"Portada","item":"https:\/\/www.vivaeurovision.com\/"},{"@type":"ListItem","position":2,"name":"Destiny de ganar eurovision junior a representar a Malta en Eurovision 2020"}]},{"@type":"WebSite","@id":"https:\/\/www.vivaeurovision.com\/#website","url":"https:\/\/www.vivaeurovision.com\/","name":"VIVAEUROVISION viva eurovision","description":"Tu portal sobre el Festival de Eurovision, eurovision, eurovisi\u00f3n","publisher":{"@id":"https:\/\/www.vivaeurovision.com\/#organization"},"potentialAction":[{"@type":"SearchAction","target":{"@type":"EntryPoint","urlTemplate":"https:\/\/www.vivaeurovision.com\/?s={search_term_string}"},"query-input":{"@type":"PropertyValueSpecification","valueRequired":true,"valueName":"search_term_string"}}],"inLanguage":"es"},{"@type":"Organization","@id":"https:\/\/www.vivaeurovision.com\/#organization","name":"vivaeurovision","url":"https:\/\/www.vivaeurovision.com\/","logo":{"@type":"ImageObject","inLanguage":"es","@id":"https:\/\/www.vivaeurovision.com\/#\/schema\/logo\/image\/","url":"https:\/\/www.vivaeurovision.com\/wp-content\/uploads\/2016\/01\/cropped-image-21-1.jpeg","contentUrl":"https:\/\/www.vivaeurovision.com\/wp-content\/uploads\/2016\/01\/cropped-image-21-1.jpeg","width":669,"height":368,"caption":"vivaeurovision"},"image":{"@id":"https:\/\/www.vivaeurovision.com\/#\/schema\/logo\/image\/"}},{"@type":"Person","@id":"https:\/\/www.vivaeurovision.com\/#\/schema\/person\/1d31fdaa3f5f7df556f73d164bd3c47a","name":"Pedro Palomo","image":{"@type":"ImageObject","inLanguage":"es","@id":"https:\/\/secure.gravatar.com\/avatar\/4cf9a4877f5f71f44fb7cedbe1bac1bd28bd8ce7a217517d98d5b2117f9f5505?s=96&d=mm&r=g","url":"https:\/\/secure.gravatar.com\/avatar\/4cf9a4877f5f71f44fb7cedbe1bac1bd28bd8ce7a217517d98d5b2117f9f5505?s=96&d=mm&r=g","contentUrl":"https:\/\/secure.gravatar.com\/avatar\/4cf9a4877f5f71f44fb7cedbe1bac1bd28bd8ce7a217517d98d5b2117f9f5505?s=96&d=mm&r=g","caption":"Pedro Palomo"},"sameAs":["http:\/\/www.vivaeurovision.com","@pedrobcn","https:\/\/x.com\/@pedropalomobcn"]}]}},"_links":{"self":[{"href":"https:\/\/www.vivaeurovision.com\/index.php\/wp-json\/wp\/v2\/posts\/10457","targetHints":{"allow":["GET"]}}],"collection":[{"href":"https:\/\/www.vivaeurovision.com\/index.php\/wp-json\/wp\/v2\/posts"}],"about":[{"href":"https:\/\/www.vivaeurovision.com\/index.php\/wp-json\/wp\/v2\/types\/post"}],"author":[{"embeddable":true,"href":"https:\/\/www.vivaeurovision.com\/index.php\/wp-json\/wp\/v2\/users\/1"}],"replies":[{"embeddable":true,"href":"https:\/\/www.vivaeurovision.com\/index.php\/wp-json\/wp\/v2\/comments?post=10457"}],"version-history":[{"count":3,"href":"https:\/\/www.vivaeurovision.com\/index.php\/wp-json\/wp\/v2\/posts\/10457\/revisions"}],"predecessor-version":[{"id":10497,"href":"https:\/\/www.vivaeurovision.com\/index.php\/wp-json\/wp\/v2\/posts\/10457\/revisions\/10497"}],"wp:featuredmedia":[{"embeddable":true,"href":"https:\/\/www.vivaeurovision.com\/index.php\/wp-json\/wp\/v2\/media\/10495"}],"wp:attachment":[{"href":"https:\/\/www.vivaeurovision.com\/index.php\/wp-json\/wp\/v2\/media?parent=10457"}],"wp:term":[{"taxonomy":"category","embeddable":true,"href":"https:\/\/www.vivaeurovision.com\/index.php\/wp-json\/wp\/v2\/categories?post=10457"},{"taxonomy":"post_tag","embeddable":true,"href":"https:\/\/www.vivaeurovision.com\/index.php\/wp-json\/wp\/v2\/tags?post=10457"}],"curies":[{"name":"wp","href":"https:\/\/api.w.org\/{rel}","templated":true}]}}