{"id":10588,"date":"2020-03-01T23:15:53","date_gmt":"2020-03-01T23:15:53","guid":{"rendered":"http:\/\/www.vivaeurovision.com\/?p=10588"},"modified":"2020-03-01T23:15:55","modified_gmt":"2020-03-01T23:15:55","slug":"10588-hurricane-eurovision","status":"publish","type":"post","link":"https:\/\/www.vivaeurovision.com\/index.php\/2020\/03\/01\/10588-hurricane-eurovision\/","title":{"rendered":"El tr\u00edo Hurricane representantes de Serbia en Eurovision 2020 con la canci\u00f3n Hasta La Vista"},"content":{"rendered":"<h2>El tr\u00edo Hurricane representantes de Serbia en Eurovision 2020 con la canci\u00f3n Hasta La Vista<\/h2>\n<p><img loading=\"lazy\" decoding=\"async\" class=\"alignnone size-medium wp-image-10619\" src=\"http:\/\/www.vivaeurovision.com\/wp-content\/uploads\/2020\/02\/B0B511B1-B0D8-4BD4-8B30-693CC36A911A-300x200.jpeg\" alt=\"hurricane eurovision\" width=\"300\" height=\"200\" srcset=\"https:\/\/www.vivaeurovision.com\/wp-content\/uploads\/2020\/02\/B0B511B1-B0D8-4BD4-8B30-693CC36A911A-300x200.jpeg 300w, https:\/\/www.vivaeurovision.com\/wp-content\/uploads\/2020\/02\/B0B511B1-B0D8-4BD4-8B30-693CC36A911A-700x467.jpeg 700w, https:\/\/www.vivaeurovision.com\/wp-content\/uploads\/2020\/02\/B0B511B1-B0D8-4BD4-8B30-693CC36A911A-1536x1024.jpeg 1536w, https:\/\/www.vivaeurovision.com\/wp-content\/uploads\/2020\/02\/B0B511B1-B0D8-4BD4-8B30-693CC36A911A.jpeg 2000w\" sizes=\"auto, (max-width: 300px) 100vw, 300px\" \/><\/p>\n<p>Imagen: RTS-Hurricane<\/p>\n<p>Hoy se ha celebrado la gran final de Serbia <strong>Beovizija\u00a0<\/strong>donde el jurado y el televoto han decidido al 50% quien representa a Serbia en el pr\u00f3ximo Festival de Eurovisi\u00f3n 2020.<\/p>\n<p>El famoso tr\u00edo Hurricane han sido las grandes vencedoras de la noche y son las representantes de Serbia en Rottedarm 2020.<\/p>\n<p>Sanja Vucic es una de las integrantes del grupo, de esta forma regresa al festival tras participar en solitario en el a\u00f1o 2016.<\/p>\n<p><iframe loading=\"lazy\"  id=\"_ytid_87781\"  width=\"480\" height=\"270\"  data-origwidth=\"480\" data-origheight=\"270\" src=\"https:\/\/www.youtube.com\/embed\/TmVqVkjsU3c?enablejsapi=1&#038;autoplay=0&#038;cc_load_policy=0&#038;cc_lang_pref=&#038;iv_load_policy=1&#038;loop=0&#038;rel=1&#038;fs=1&#038;playsinline=0&#038;autohide=2&#038;theme=dark&#038;color=red&#038;controls=1&#038;disablekb=0&#038;\" class=\"__youtube_prefs__  epyt-is-override  no-lazyload\" title=\"YouTube player\"  allow=\"fullscreen; accelerometer; autoplay; clipboard-write; encrypted-media; gyroscope; picture-in-picture; web-share\" referrerpolicy=\"strict-origin-when-cross-origin\" allowfullscreen data-no-lazy=\"1\" data-skipgform_ajax_framebjll=\"\"><\/iframe><\/p>\n<p><iframe loading=\"lazy\"  id=\"_ytid_48323\"  width=\"480\" height=\"270\"  data-origwidth=\"480\" data-origheight=\"270\" src=\"https:\/\/www.youtube.com\/embed\/1Uh_IFJNlfc?enablejsapi=1&#038;autoplay=0&#038;cc_load_policy=0&#038;cc_lang_pref=&#038;iv_load_policy=1&#038;loop=0&#038;rel=1&#038;fs=1&#038;playsinline=0&#038;autohide=2&#038;theme=dark&#038;color=red&#038;controls=1&#038;disablekb=0&#038;\" class=\"__youtube_prefs__  epyt-is-override  no-lazyload\" title=\"YouTube player\"  allow=\"fullscreen; accelerometer; autoplay; clipboard-write; encrypted-media; gyroscope; picture-in-picture; web-share\" referrerpolicy=\"strict-origin-when-cross-origin\" allowfullscreen data-no-lazy=\"1\" data-skipgform_ajax_framebjll=\"\"><\/iframe><\/p>\n<p><img loading=\"lazy\" decoding=\"async\" class=\"alignnone size-medium wp-image-311\" src=\"http:\/\/www.vivaeurovision.com\/wp-content\/uploads\/2016\/01\/image-21-300x165.jpeg\" alt=\"VIVAEUROVISION.COM\" width=\"300\" height=\"165\" srcset=\"https:\/\/www.vivaeurovision.com\/wp-content\/uploads\/2016\/01\/image-21-300x165.jpeg 300w, https:\/\/www.vivaeurovision.com\/wp-content\/uploads\/2016\/01\/image-21-555x305.jpeg 555w, https:\/\/www.vivaeurovision.com\/wp-content\/uploads\/2016\/01\/image-21.jpeg 669w\" sizes=\"auto, (max-width: 300px) 100vw, 300px\" \/><\/p>\n<p>Youtube<\/p>\n<p><a href=\"https:\/\/www.youtube.com\/user\/gurrumi\" target=\"_blank\" rel=\"noopener noreferrer\">Pedro Palomo<\/a><\/p>\n<p>Twitter\u00a0<strong> <a href=\"https:\/\/twitter.com\/viva_eurovision\" target=\"_blank\" rel=\"noopener noreferrer\">@viva_eurovision<\/a>\u00a0 <a href=\"https:\/\/www.facebook.com\/Vivaeurovisioncom-867806686671081\/?fref=nf\" target=\"_blank\" rel=\"noopener noreferrer\">FACEBOOK OFICIAL VIVA EUROVISION <\/a><\/strong>Instragram <strong>\u00a0<\/strong><a href=\"https:\/\/www.instagram.com\/vivaeurovision\/\" target=\"_blank\" rel=\"noopener noreferrer\"><strong>@vivaeurovision<\/strong><\/a><\/p>\n<p>Redactor: Pedro Palomo <a href=\"https:\/\/twitter.com\/pedropalomobcn?lang=es\"><strong>@pedropalomobcn<\/strong><\/a><strong>\u00a0<\/strong>Instagram <a href=\"https:\/\/www.instagram.com\/pedrobcn\/\" target=\"_blank\" rel=\"noopener noreferrer\"><strong>@pedrobcn<\/strong><\/a><\/p>\n","protected":false},"excerpt":{"rendered":"<p>El tr\u00edo Hurricane representantes de Serbia en Eurovision 2020 con la canci\u00f3n Hasta La Vista Imagen: RTS-Hurricane Hoy se ha celebrado la gran final de Serbia Beovizija\u00a0donde el jurado y&#46;&#46;&#46;<\/p>\n","protected":false},"author":1,"featured_media":10619,"comment_status":"open","ping_status":"closed","sticky":false,"template":"","format":"standard","meta":{"_exactmetrics_skip_tracking":false,"_exactmetrics_sitenote_active":false,"_exactmetrics_sitenote_note":"","_exactmetrics_sitenote_category":0,"footnotes":""},"categories":[1195,3781,4,1188,2,3],"tags":[11,3671,3801,3802,4111,4109,4108,3902,3983,3880,3879,3881,3901,19,20,766,3843,3815,550,4110,23,22],"class_list":["post-10588","post","type-post","status-publish","format-standard","has-post-thumbnail","hentry","category-eurovision-2","category-eurovision-2020","category-eurovision","category-noticia-2","category-noticia","category-ultima-hora","tag-eurovision","tag-eurovision-2020","tag-eurovision-rotterdam","tag-eurovision-rotterdam-2020","tag-hurricane","tag-hurricane-eurovision","tag-hurricane-hasta-la-vista","tag-open-up","tag-open-up-2020","tag-open-up-eurovision","tag-open-up-eurovision-2020","tag-open-up-eurovision-rotterdam-2020","tag-open-up-rotterdam-2020","tag-pedro-palomo","tag-pedro-palomo-eurovision","tag-pedro-palomo-vivaeurovision","tag-rotterdam-2020","tag-rotterdam-eurovision-2020","tag-serbia-eurovision","tag-serbia-eurovision-2020","tag-viva-eurovision","tag-vivaeurovision"],"yoast_head":"<!-- This site is optimized with the Yoast SEO plugin v27.4 - https:\/\/yoast.com\/product\/yoast-seo-wordpress\/ -->\n<title>El tr\u00edo Hurricane representantes de Serbia en Eurovision 2020 con la canci\u00f3n Hasta La Vista - VIVAEUROVISION viva eurovision<\/title>\n<meta name=\"description\" content=\"hurricane eurovision, hurricane hasta la vista, eurovision, eurovision 2020, serbia eurovision 2020, vivaeurovision, viva eurovision, hurricane\" \/>\n<meta name=\"robots\" content=\"index, follow, max-snippet:-1, max-image-preview:large, max-video-preview:-1\" \/>\n<link rel=\"canonical\" href=\"https:\/\/www.vivaeurovision.com\/index.php\/2020\/03\/01\/10588-hurricane-eurovision\/\" \/>\n<meta property=\"og:locale\" content=\"es_ES\" \/>\n<meta property=\"og:type\" content=\"article\" \/>\n<meta property=\"og:title\" content=\"El tr\u00edo Hurricane representantes de Serbia en Eurovision 2020 con la canci\u00f3n Hasta La Vista - VIVAEUROVISION viva eurovision\" \/>\n<meta property=\"og:description\" content=\"hurricane eurovision, hurricane hasta la vista, eurovision, eurovision 2020, serbia eurovision 2020, vivaeurovision, viva eurovision, hurricane\" \/>\n<meta property=\"og:url\" content=\"https:\/\/www.vivaeurovision.com\/index.php\/2020\/03\/01\/10588-hurricane-eurovision\/\" \/>\n<meta property=\"og:site_name\" content=\"VIVAEUROVISION viva eurovision\" \/>\n<meta property=\"article:published_time\" content=\"2020-03-01T23:15:53+00:00\" \/>\n<meta property=\"article:modified_time\" content=\"2020-03-01T23:15:55+00:00\" \/>\n<meta property=\"og:image\" content=\"https:\/\/www.vivaeurovision.com\/wp-content\/uploads\/2020\/02\/B0B511B1-B0D8-4BD4-8B30-693CC36A911A.jpeg\" \/>\n\t<meta property=\"og:image:width\" content=\"2000\" \/>\n\t<meta property=\"og:image:height\" content=\"1333\" \/>\n\t<meta property=\"og:image:type\" content=\"image\/jpeg\" \/>\n<meta name=\"author\" content=\"Pedro Palomo\" \/>\n<meta name=\"twitter:card\" content=\"summary_large_image\" \/>\n<meta name=\"twitter:creator\" content=\"@pedropalomobcn\" \/>\n<meta name=\"twitter:label1\" content=\"Escrito por\" \/>\n\t<meta name=\"twitter:data1\" content=\"Pedro Palomo\" \/>\n\t<meta name=\"twitter:label2\" content=\"Tiempo de lectura\" \/>\n\t<meta name=\"twitter:data2\" content=\"1 minuto\" \/>\n<script type=\"application\/ld+json\" class=\"yoast-schema-graph\">{\"@context\":\"https:\\\/\\\/schema.org\",\"@graph\":[{\"@type\":\"Article\",\"@id\":\"https:\\\/\\\/www.vivaeurovision.com\\\/index.php\\\/2020\\\/03\\\/01\\\/10588-hurricane-eurovision\\\/#article\",\"isPartOf\":{\"@id\":\"https:\\\/\\\/www.vivaeurovision.com\\\/index.php\\\/2020\\\/03\\\/01\\\/10588-hurricane-eurovision\\\/\"},\"author\":{\"name\":\"Pedro Palomo\",\"@id\":\"https:\\\/\\\/www.vivaeurovision.com\\\/#\\\/schema\\\/person\\\/1d31fdaa3f5f7df556f73d164bd3c47a\"},\"headline\":\"El tr\u00edo Hurricane representantes de Serbia en Eurovision 2020 con la canci\u00f3n Hasta La Vista\",\"datePublished\":\"2020-03-01T23:15:53+00:00\",\"dateModified\":\"2020-03-01T23:15:55+00:00\",\"mainEntityOfPage\":{\"@id\":\"https:\\\/\\\/www.vivaeurovision.com\\\/index.php\\\/2020\\\/03\\\/01\\\/10588-hurricane-eurovision\\\/\"},\"wordCount\":137,\"commentCount\":0,\"publisher\":{\"@id\":\"https:\\\/\\\/www.vivaeurovision.com\\\/#organization\"},\"image\":{\"@id\":\"https:\\\/\\\/www.vivaeurovision.com\\\/index.php\\\/2020\\\/03\\\/01\\\/10588-hurricane-eurovision\\\/#primaryimage\"},\"thumbnailUrl\":\"https:\\\/\\\/www.vivaeurovision.com\\\/wp-content\\\/uploads\\\/2020\\\/02\\\/B0B511B1-B0D8-4BD4-8B30-693CC36A911A.jpeg\",\"keywords\":[\"Eurovision\",\"eurovision 2020\",\"eurovision rotterdam\",\"eurovision rotterdam 2020\",\"hurricane\",\"hurricane eurovision\",\"hurricane hasta la vista\",\"open up\",\"open up 2020\",\"open up eurovision\",\"open up eurovision 2020\",\"open up eurovision rotterdam 2020\",\"open up Rotterdam 2020\",\"Pedro Palomo\",\"Pedro Palomo Eurovision\",\"Pedro Palomo Vivaeurovision\",\"rotterdam 2020\",\"rotterdam eurovision 2020\",\"serbia eurovision\",\"serbia eurovision 2020\",\"viva eurovision\",\"vivaeurovision\"],\"articleSection\":[\"eurovision\",\"eurovision 2020\",\"Inicio\",\"Noticia\",\"Noticias\",\"Ultima Hora\"],\"inLanguage\":\"es\",\"potentialAction\":[{\"@type\":\"CommentAction\",\"name\":\"Comment\",\"target\":[\"https:\\\/\\\/www.vivaeurovision.com\\\/index.php\\\/2020\\\/03\\\/01\\\/10588-hurricane-eurovision\\\/#respond\"]}]},{\"@type\":\"WebPage\",\"@id\":\"https:\\\/\\\/www.vivaeurovision.com\\\/index.php\\\/2020\\\/03\\\/01\\\/10588-hurricane-eurovision\\\/\",\"url\":\"https:\\\/\\\/www.vivaeurovision.com\\\/index.php\\\/2020\\\/03\\\/01\\\/10588-hurricane-eurovision\\\/\",\"name\":\"El tr\u00edo Hurricane representantes de Serbia en Eurovision 2020 con la canci\u00f3n Hasta La Vista - VIVAEUROVISION viva eurovision\",\"isPartOf\":{\"@id\":\"https:\\\/\\\/www.vivaeurovision.com\\\/#website\"},\"primaryImageOfPage\":{\"@id\":\"https:\\\/\\\/www.vivaeurovision.com\\\/index.php\\\/2020\\\/03\\\/01\\\/10588-hurricane-eurovision\\\/#primaryimage\"},\"image\":{\"@id\":\"https:\\\/\\\/www.vivaeurovision.com\\\/index.php\\\/2020\\\/03\\\/01\\\/10588-hurricane-eurovision\\\/#primaryimage\"},\"thumbnailUrl\":\"https:\\\/\\\/www.vivaeurovision.com\\\/wp-content\\\/uploads\\\/2020\\\/02\\\/B0B511B1-B0D8-4BD4-8B30-693CC36A911A.jpeg\",\"datePublished\":\"2020-03-01T23:15:53+00:00\",\"dateModified\":\"2020-03-01T23:15:55+00:00\",\"description\":\"hurricane eurovision, hurricane hasta la vista, eurovision, eurovision 2020, serbia eurovision 2020, vivaeurovision, viva eurovision, hurricane\",\"breadcrumb\":{\"@id\":\"https:\\\/\\\/www.vivaeurovision.com\\\/index.php\\\/2020\\\/03\\\/01\\\/10588-hurricane-eurovision\\\/#breadcrumb\"},\"inLanguage\":\"es\",\"potentialAction\":[{\"@type\":\"ReadAction\",\"target\":[\"https:\\\/\\\/www.vivaeurovision.com\\\/index.php\\\/2020\\\/03\\\/01\\\/10588-hurricane-eurovision\\\/\"]}]},{\"@type\":\"ImageObject\",\"inLanguage\":\"es\",\"@id\":\"https:\\\/\\\/www.vivaeurovision.com\\\/index.php\\\/2020\\\/03\\\/01\\\/10588-hurricane-eurovision\\\/#primaryimage\",\"url\":\"https:\\\/\\\/www.vivaeurovision.com\\\/wp-content\\\/uploads\\\/2020\\\/02\\\/B0B511B1-B0D8-4BD4-8B30-693CC36A911A.jpeg\",\"contentUrl\":\"https:\\\/\\\/www.vivaeurovision.com\\\/wp-content\\\/uploads\\\/2020\\\/02\\\/B0B511B1-B0D8-4BD4-8B30-693CC36A911A.jpeg\",\"width\":2000,\"height\":1333,\"caption\":\"hurricane eurovision\"},{\"@type\":\"BreadcrumbList\",\"@id\":\"https:\\\/\\\/www.vivaeurovision.com\\\/index.php\\\/2020\\\/03\\\/01\\\/10588-hurricane-eurovision\\\/#breadcrumb\",\"itemListElement\":[{\"@type\":\"ListItem\",\"position\":1,\"name\":\"Portada\",\"item\":\"https:\\\/\\\/www.vivaeurovision.com\\\/\"},{\"@type\":\"ListItem\",\"position\":2,\"name\":\"El tr\u00edo Hurricane representantes de Serbia en Eurovision 2020 con la canci\u00f3n Hasta La Vista\"}]},{\"@type\":\"WebSite\",\"@id\":\"https:\\\/\\\/www.vivaeurovision.com\\\/#website\",\"url\":\"https:\\\/\\\/www.vivaeurovision.com\\\/\",\"name\":\"VIVAEUROVISION viva eurovision\",\"description\":\"Tu portal sobre el Festival de Eurovision, eurovision, eurovisi\u00f3n\",\"publisher\":{\"@id\":\"https:\\\/\\\/www.vivaeurovision.com\\\/#organization\"},\"potentialAction\":[{\"@type\":\"SearchAction\",\"target\":{\"@type\":\"EntryPoint\",\"urlTemplate\":\"https:\\\/\\\/www.vivaeurovision.com\\\/?s={search_term_string}\"},\"query-input\":{\"@type\":\"PropertyValueSpecification\",\"valueRequired\":true,\"valueName\":\"search_term_string\"}}],\"inLanguage\":\"es\"},{\"@type\":\"Organization\",\"@id\":\"https:\\\/\\\/www.vivaeurovision.com\\\/#organization\",\"name\":\"vivaeurovision\",\"url\":\"https:\\\/\\\/www.vivaeurovision.com\\\/\",\"logo\":{\"@type\":\"ImageObject\",\"inLanguage\":\"es\",\"@id\":\"https:\\\/\\\/www.vivaeurovision.com\\\/#\\\/schema\\\/logo\\\/image\\\/\",\"url\":\"https:\\\/\\\/www.vivaeurovision.com\\\/wp-content\\\/uploads\\\/2016\\\/01\\\/cropped-image-21-1.jpeg\",\"contentUrl\":\"https:\\\/\\\/www.vivaeurovision.com\\\/wp-content\\\/uploads\\\/2016\\\/01\\\/cropped-image-21-1.jpeg\",\"width\":669,\"height\":368,\"caption\":\"vivaeurovision\"},\"image\":{\"@id\":\"https:\\\/\\\/www.vivaeurovision.com\\\/#\\\/schema\\\/logo\\\/image\\\/\"}},{\"@type\":\"Person\",\"@id\":\"https:\\\/\\\/www.vivaeurovision.com\\\/#\\\/schema\\\/person\\\/1d31fdaa3f5f7df556f73d164bd3c47a\",\"name\":\"Pedro Palomo\",\"image\":{\"@type\":\"ImageObject\",\"inLanguage\":\"es\",\"@id\":\"https:\\\/\\\/secure.gravatar.com\\\/avatar\\\/4cf9a4877f5f71f44fb7cedbe1bac1bd28bd8ce7a217517d98d5b2117f9f5505?s=96&d=mm&r=g\",\"url\":\"https:\\\/\\\/secure.gravatar.com\\\/avatar\\\/4cf9a4877f5f71f44fb7cedbe1bac1bd28bd8ce7a217517d98d5b2117f9f5505?s=96&d=mm&r=g\",\"contentUrl\":\"https:\\\/\\\/secure.gravatar.com\\\/avatar\\\/4cf9a4877f5f71f44fb7cedbe1bac1bd28bd8ce7a217517d98d5b2117f9f5505?s=96&d=mm&r=g\",\"caption\":\"Pedro Palomo\"},\"sameAs\":[\"http:\\\/\\\/www.vivaeurovision.com\",\"@pedrobcn\",\"https:\\\/\\\/x.com\\\/@pedropalomobcn\"]}]}<\/script>\n<!-- \/ Yoast SEO plugin. -->","yoast_head_json":{"title":"El tr\u00edo Hurricane representantes de Serbia en Eurovision 2020 con la canci\u00f3n Hasta La Vista - VIVAEUROVISION viva eurovision","description":"hurricane eurovision, hurricane hasta la vista, eurovision, eurovision 2020, serbia eurovision 2020, vivaeurovision, viva eurovision, hurricane","robots":{"index":"index","follow":"follow","max-snippet":"max-snippet:-1","max-image-preview":"max-image-preview:large","max-video-preview":"max-video-preview:-1"},"canonical":"https:\/\/www.vivaeurovision.com\/index.php\/2020\/03\/01\/10588-hurricane-eurovision\/","og_locale":"es_ES","og_type":"article","og_title":"El tr\u00edo Hurricane representantes de Serbia en Eurovision 2020 con la canci\u00f3n Hasta La Vista - VIVAEUROVISION viva eurovision","og_description":"hurricane eurovision, hurricane hasta la vista, eurovision, eurovision 2020, serbia eurovision 2020, vivaeurovision, viva eurovision, hurricane","og_url":"https:\/\/www.vivaeurovision.com\/index.php\/2020\/03\/01\/10588-hurricane-eurovision\/","og_site_name":"VIVAEUROVISION viva eurovision","article_published_time":"2020-03-01T23:15:53+00:00","article_modified_time":"2020-03-01T23:15:55+00:00","og_image":[{"width":2000,"height":1333,"url":"https:\/\/www.vivaeurovision.com\/wp-content\/uploads\/2020\/02\/B0B511B1-B0D8-4BD4-8B30-693CC36A911A.jpeg","type":"image\/jpeg"}],"author":"Pedro Palomo","twitter_card":"summary_large_image","twitter_creator":"@pedropalomobcn","twitter_misc":{"Escrito por":"Pedro Palomo","Tiempo de lectura":"1 minuto"},"schema":{"@context":"https:\/\/schema.org","@graph":[{"@type":"Article","@id":"https:\/\/www.vivaeurovision.com\/index.php\/2020\/03\/01\/10588-hurricane-eurovision\/#article","isPartOf":{"@id":"https:\/\/www.vivaeurovision.com\/index.php\/2020\/03\/01\/10588-hurricane-eurovision\/"},"author":{"name":"Pedro Palomo","@id":"https:\/\/www.vivaeurovision.com\/#\/schema\/person\/1d31fdaa3f5f7df556f73d164bd3c47a"},"headline":"El tr\u00edo Hurricane representantes de Serbia en Eurovision 2020 con la canci\u00f3n Hasta La Vista","datePublished":"2020-03-01T23:15:53+00:00","dateModified":"2020-03-01T23:15:55+00:00","mainEntityOfPage":{"@id":"https:\/\/www.vivaeurovision.com\/index.php\/2020\/03\/01\/10588-hurricane-eurovision\/"},"wordCount":137,"commentCount":0,"publisher":{"@id":"https:\/\/www.vivaeurovision.com\/#organization"},"image":{"@id":"https:\/\/www.vivaeurovision.com\/index.php\/2020\/03\/01\/10588-hurricane-eurovision\/#primaryimage"},"thumbnailUrl":"https:\/\/www.vivaeurovision.com\/wp-content\/uploads\/2020\/02\/B0B511B1-B0D8-4BD4-8B30-693CC36A911A.jpeg","keywords":["Eurovision","eurovision 2020","eurovision rotterdam","eurovision rotterdam 2020","hurricane","hurricane eurovision","hurricane hasta la vista","open up","open up 2020","open up eurovision","open up eurovision 2020","open up eurovision rotterdam 2020","open up Rotterdam 2020","Pedro Palomo","Pedro Palomo Eurovision","Pedro Palomo Vivaeurovision","rotterdam 2020","rotterdam eurovision 2020","serbia eurovision","serbia eurovision 2020","viva eurovision","vivaeurovision"],"articleSection":["eurovision","eurovision 2020","Inicio","Noticia","Noticias","Ultima Hora"],"inLanguage":"es","potentialAction":[{"@type":"CommentAction","name":"Comment","target":["https:\/\/www.vivaeurovision.com\/index.php\/2020\/03\/01\/10588-hurricane-eurovision\/#respond"]}]},{"@type":"WebPage","@id":"https:\/\/www.vivaeurovision.com\/index.php\/2020\/03\/01\/10588-hurricane-eurovision\/","url":"https:\/\/www.vivaeurovision.com\/index.php\/2020\/03\/01\/10588-hurricane-eurovision\/","name":"El tr\u00edo Hurricane representantes de Serbia en Eurovision 2020 con la canci\u00f3n Hasta La Vista - VIVAEUROVISION viva eurovision","isPartOf":{"@id":"https:\/\/www.vivaeurovision.com\/#website"},"primaryImageOfPage":{"@id":"https:\/\/www.vivaeurovision.com\/index.php\/2020\/03\/01\/10588-hurricane-eurovision\/#primaryimage"},"image":{"@id":"https:\/\/www.vivaeurovision.com\/index.php\/2020\/03\/01\/10588-hurricane-eurovision\/#primaryimage"},"thumbnailUrl":"https:\/\/www.vivaeurovision.com\/wp-content\/uploads\/2020\/02\/B0B511B1-B0D8-4BD4-8B30-693CC36A911A.jpeg","datePublished":"2020-03-01T23:15:53+00:00","dateModified":"2020-03-01T23:15:55+00:00","description":"hurricane eurovision, hurricane hasta la vista, eurovision, eurovision 2020, serbia eurovision 2020, vivaeurovision, viva eurovision, hurricane","breadcrumb":{"@id":"https:\/\/www.vivaeurovision.com\/index.php\/2020\/03\/01\/10588-hurricane-eurovision\/#breadcrumb"},"inLanguage":"es","potentialAction":[{"@type":"ReadAction","target":["https:\/\/www.vivaeurovision.com\/index.php\/2020\/03\/01\/10588-hurricane-eurovision\/"]}]},{"@type":"ImageObject","inLanguage":"es","@id":"https:\/\/www.vivaeurovision.com\/index.php\/2020\/03\/01\/10588-hurricane-eurovision\/#primaryimage","url":"https:\/\/www.vivaeurovision.com\/wp-content\/uploads\/2020\/02\/B0B511B1-B0D8-4BD4-8B30-693CC36A911A.jpeg","contentUrl":"https:\/\/www.vivaeurovision.com\/wp-content\/uploads\/2020\/02\/B0B511B1-B0D8-4BD4-8B30-693CC36A911A.jpeg","width":2000,"height":1333,"caption":"hurricane eurovision"},{"@type":"BreadcrumbList","@id":"https:\/\/www.vivaeurovision.com\/index.php\/2020\/03\/01\/10588-hurricane-eurovision\/#breadcrumb","itemListElement":[{"@type":"ListItem","position":1,"name":"Portada","item":"https:\/\/www.vivaeurovision.com\/"},{"@type":"ListItem","position":2,"name":"El tr\u00edo Hurricane representantes de Serbia en Eurovision 2020 con la canci\u00f3n Hasta La Vista"}]},{"@type":"WebSite","@id":"https:\/\/www.vivaeurovision.com\/#website","url":"https:\/\/www.vivaeurovision.com\/","name":"VIVAEUROVISION viva eurovision","description":"Tu portal sobre el Festival de Eurovision, eurovision, eurovisi\u00f3n","publisher":{"@id":"https:\/\/www.vivaeurovision.com\/#organization"},"potentialAction":[{"@type":"SearchAction","target":{"@type":"EntryPoint","urlTemplate":"https:\/\/www.vivaeurovision.com\/?s={search_term_string}"},"query-input":{"@type":"PropertyValueSpecification","valueRequired":true,"valueName":"search_term_string"}}],"inLanguage":"es"},{"@type":"Organization","@id":"https:\/\/www.vivaeurovision.com\/#organization","name":"vivaeurovision","url":"https:\/\/www.vivaeurovision.com\/","logo":{"@type":"ImageObject","inLanguage":"es","@id":"https:\/\/www.vivaeurovision.com\/#\/schema\/logo\/image\/","url":"https:\/\/www.vivaeurovision.com\/wp-content\/uploads\/2016\/01\/cropped-image-21-1.jpeg","contentUrl":"https:\/\/www.vivaeurovision.com\/wp-content\/uploads\/2016\/01\/cropped-image-21-1.jpeg","width":669,"height":368,"caption":"vivaeurovision"},"image":{"@id":"https:\/\/www.vivaeurovision.com\/#\/schema\/logo\/image\/"}},{"@type":"Person","@id":"https:\/\/www.vivaeurovision.com\/#\/schema\/person\/1d31fdaa3f5f7df556f73d164bd3c47a","name":"Pedro Palomo","image":{"@type":"ImageObject","inLanguage":"es","@id":"https:\/\/secure.gravatar.com\/avatar\/4cf9a4877f5f71f44fb7cedbe1bac1bd28bd8ce7a217517d98d5b2117f9f5505?s=96&d=mm&r=g","url":"https:\/\/secure.gravatar.com\/avatar\/4cf9a4877f5f71f44fb7cedbe1bac1bd28bd8ce7a217517d98d5b2117f9f5505?s=96&d=mm&r=g","contentUrl":"https:\/\/secure.gravatar.com\/avatar\/4cf9a4877f5f71f44fb7cedbe1bac1bd28bd8ce7a217517d98d5b2117f9f5505?s=96&d=mm&r=g","caption":"Pedro Palomo"},"sameAs":["http:\/\/www.vivaeurovision.com","@pedrobcn","https:\/\/x.com\/@pedropalomobcn"]}]}},"_links":{"self":[{"href":"https:\/\/www.vivaeurovision.com\/index.php\/wp-json\/wp\/v2\/posts\/10588","targetHints":{"allow":["GET"]}}],"collection":[{"href":"https:\/\/www.vivaeurovision.com\/index.php\/wp-json\/wp\/v2\/posts"}],"about":[{"href":"https:\/\/www.vivaeurovision.com\/index.php\/wp-json\/wp\/v2\/types\/post"}],"author":[{"embeddable":true,"href":"https:\/\/www.vivaeurovision.com\/index.php\/wp-json\/wp\/v2\/users\/1"}],"replies":[{"embeddable":true,"href":"https:\/\/www.vivaeurovision.com\/index.php\/wp-json\/wp\/v2\/comments?post=10588"}],"version-history":[{"count":3,"href":"https:\/\/www.vivaeurovision.com\/index.php\/wp-json\/wp\/v2\/posts\/10588\/revisions"}],"predecessor-version":[{"id":10621,"href":"https:\/\/www.vivaeurovision.com\/index.php\/wp-json\/wp\/v2\/posts\/10588\/revisions\/10621"}],"wp:featuredmedia":[{"embeddable":true,"href":"https:\/\/www.vivaeurovision.com\/index.php\/wp-json\/wp\/v2\/media\/10619"}],"wp:attachment":[{"href":"https:\/\/www.vivaeurovision.com\/index.php\/wp-json\/wp\/v2\/media?parent=10588"}],"wp:term":[{"taxonomy":"category","embeddable":true,"href":"https:\/\/www.vivaeurovision.com\/index.php\/wp-json\/wp\/v2\/categories?post=10588"},{"taxonomy":"post_tag","embeddable":true,"href":"https:\/\/www.vivaeurovision.com\/index.php\/wp-json\/wp\/v2\/tags?post=10588"}],"curies":[{"name":"wp","href":"https:\/\/api.w.org\/{rel}","templated":true}]}}