{"id":10612,"date":"2020-03-04T20:16:17","date_gmt":"2020-03-04T20:16:17","guid":{"rendered":"http:\/\/www.vivaeurovision.com\/?p=10612"},"modified":"2020-03-04T20:16:19","modified_gmt":"2020-03-04T20:16:19","slug":"10612-paises-bajos-eurovision","status":"publish","type":"post","link":"https:\/\/www.vivaeurovision.com\/index.php\/2020\/03\/04\/10612-paises-bajos-eurovision\/","title":{"rendered":"Jeangu Macrooy representante de Pa\u00edses Bajos en Eurovision 2020 cantar\u00e1 la balada Grow"},"content":{"rendered":"<h2>Jeangu Macrooy representante de Pa\u00edses Bajos en Eurovision 2020 cantar\u00e1 la balada Grow<br \/>\n<img loading=\"lazy\" decoding=\"async\" class=\"alignnone size-medium wp-image-10346\" src=\"http:\/\/www.vivaeurovision.com\/wp-content\/uploads\/2019\/12\/946823E1-D3FD-4292-B99A-C298A77EADAA-300x158.jpeg\" alt=\"Jeangu Macrooy eurovision\" width=\"300\" height=\"158\" srcset=\"https:\/\/www.vivaeurovision.com\/wp-content\/uploads\/2019\/12\/946823E1-D3FD-4292-B99A-C298A77EADAA-300x158.jpeg 300w, https:\/\/www.vivaeurovision.com\/wp-content\/uploads\/2019\/12\/946823E1-D3FD-4292-B99A-C298A77EADAA-700x368.jpeg 700w, https:\/\/www.vivaeurovision.com\/wp-content\/uploads\/2019\/12\/946823E1-D3FD-4292-B99A-C298A77EADAA-1536x807.jpeg 1536w, https:\/\/www.vivaeurovision.com\/wp-content\/uploads\/2019\/12\/946823E1-D3FD-4292-B99A-C298A77EADAA.jpeg 1680w\" sizes=\"auto, (max-width: 300px) 100vw, 300px\" \/><\/h2>\n<p>Imagen: Jeangu Macrooy<\/p>\n<p><span style=\"font-size: inherit;\">El cantante seleccionado de forma interna, es el compositor del tema con el que competir\u00e1 el pr\u00f3ximo mes de mayo en la gran final de Eurovision, como anfitri\u00f3n en Rotterdam.<\/span><\/p>\n<p><iframe loading=\"lazy\"  id=\"_ytid_94039\"  width=\"480\" height=\"270\"  data-origwidth=\"480\" data-origheight=\"270\" src=\"https:\/\/www.youtube.com\/embed\/sMcxWB90TTY?enablejsapi=1&#038;autoplay=0&#038;cc_load_policy=0&#038;cc_lang_pref=&#038;iv_load_policy=1&#038;loop=0&#038;rel=1&#038;fs=1&#038;playsinline=0&#038;autohide=2&#038;theme=dark&#038;color=red&#038;controls=1&#038;disablekb=0&#038;\" class=\"__youtube_prefs__  epyt-is-override  no-lazyload\" title=\"YouTube player\"  allow=\"fullscreen; accelerometer; autoplay; clipboard-write; encrypted-media; gyroscope; picture-in-picture; web-share\" referrerpolicy=\"strict-origin-when-cross-origin\" allowfullscreen data-no-lazy=\"1\" data-skipgform_ajax_framebjll=\"\"><\/iframe><\/p>\n<p>Un balada que trata sobre el crecimiento personal del cantante, un a\u00f1o m\u00e1s Pa\u00edses Bajos apuesta por una balada \u00edntima y artista con gran capacidad vocal.<\/p>\n<p><img loading=\"lazy\" decoding=\"async\" class=\"alignnone size-medium wp-image-311\" src=\"http:\/\/www.vivaeurovision.com\/wp-content\/uploads\/2016\/01\/image-21-300x165.jpeg\" alt=\"VIVAEUROVISION.COM\" width=\"300\" height=\"165\" srcset=\"https:\/\/www.vivaeurovision.com\/wp-content\/uploads\/2016\/01\/image-21-300x165.jpeg 300w, https:\/\/www.vivaeurovision.com\/wp-content\/uploads\/2016\/01\/image-21-555x305.jpeg 555w, https:\/\/www.vivaeurovision.com\/wp-content\/uploads\/2016\/01\/image-21.jpeg 669w\" sizes=\"auto, (max-width: 300px) 100vw, 300px\" \/><\/p>\n<p>Youtube<\/p>\n<p><a href=\"https:\/\/www.youtube.com\/user\/gurrumi\" target=\"_blank\" rel=\"noopener noreferrer\">Pedro Palomo<\/a><\/p>\n<p>Twitter\u00a0<strong> <a href=\"https:\/\/twitter.com\/viva_eurovision\" target=\"_blank\" rel=\"noopener noreferrer\">@viva_eurovision<\/a>\u00a0 <a href=\"https:\/\/www.facebook.com\/Vivaeurovisioncom-867806686671081\/?fref=nf\" target=\"_blank\" rel=\"noopener noreferrer\">FACEBOOK OFICIAL VIVA EUROVISION <\/a><\/strong>Instragram <strong>\u00a0<\/strong><a href=\"https:\/\/www.instagram.com\/vivaeurovision\/\" target=\"_blank\" rel=\"noopener noreferrer\"><strong>@vivaeurovision<\/strong><\/a><\/p>\n<p>Redactor: Pedro Palomo <a href=\"https:\/\/twitter.com\/pedropalomobcn?lang=es\"><strong>@pedropalomobcn<\/strong><\/a><strong>\u00a0<\/strong>Instagram <a href=\"https:\/\/www.instagram.com\/pedrobcn\/\" target=\"_blank\" rel=\"noopener noreferrer\"><strong>@pedrobcn<\/strong><\/a><\/p>\n","protected":false},"excerpt":{"rendered":"<p>Jeangu Macrooy representante de Pa\u00edses Bajos en Eurovision 2020 cantar\u00e1 la balada Grow Imagen: Jeangu Macrooy El cantante seleccionado de forma interna, es el compositor del tema con el que&#46;&#46;&#46;<\/p>\n","protected":false},"author":1,"featured_media":10346,"comment_status":"open","ping_status":"closed","sticky":false,"template":"","format":"standard","meta":{"_exactmetrics_skip_tracking":false,"_exactmetrics_sitenote_active":false,"_exactmetrics_sitenote_note":"","_exactmetrics_sitenote_category":0,"footnotes":""},"categories":[1195,3781,4,1188,2,3],"tags":[17,3779,11,3671,3801,3802,1096,3985,3984,3902,3983,3880,3879,3881,3901,1707,19,20,766,3843,3815,23,22],"class_list":["post-10612","post","type-post","status-publish","format-standard","has-post-thumbnail","hentry","category-eurovision-2","category-eurovision-2020","category-eurovision","category-noticia-2","category-noticia","category-ultima-hora","tag-esc","tag-esc-2020","tag-eurovision","tag-eurovision-2020","tag-eurovision-rotterdam","tag-eurovision-rotterdam-2020","tag-festival-de-eurovision","tag-jeangu-macrooy","tag-jeangu-macrooy-eurovision","tag-open-up","tag-open-up-2020","tag-open-up-eurovision","tag-open-up-eurovision-2020","tag-open-up-eurovision-rotterdam-2020","tag-open-up-rotterdam-2020","tag-paises-bajos-eurovision","tag-pedro-palomo","tag-pedro-palomo-eurovision","tag-pedro-palomo-vivaeurovision","tag-rotterdam-2020","tag-rotterdam-eurovision-2020","tag-viva-eurovision","tag-vivaeurovision"],"yoast_head":"<!-- This site is optimized with the Yoast SEO plugin v27.4 - https:\/\/yoast.com\/product\/yoast-seo-wordpress\/ -->\n<title>Jeangu Macrooy representante de Pa\u00edses Bajos en Eurovision 2020 cantar\u00e1 la balada Grow - VIVAEUROVISION viva eurovision<\/title>\n<meta name=\"description\" content=\"pa\u00edses bajos eurovision, eurovision 2020, vivaeurovision, viva eurovision, eurovision, festival de Eurovisi\u00f3n, Jeangu Macrooy\" \/>\n<meta name=\"robots\" content=\"index, follow, max-snippet:-1, max-image-preview:large, max-video-preview:-1\" \/>\n<link rel=\"canonical\" href=\"https:\/\/www.vivaeurovision.com\/index.php\/2020\/03\/04\/10612-paises-bajos-eurovision\/\" \/>\n<meta property=\"og:locale\" content=\"es_ES\" \/>\n<meta property=\"og:type\" content=\"article\" \/>\n<meta property=\"og:title\" content=\"Jeangu Macrooy representante de Pa\u00edses Bajos en Eurovision 2020 cantar\u00e1 la balada Grow - VIVAEUROVISION viva eurovision\" \/>\n<meta property=\"og:description\" content=\"pa\u00edses bajos eurovision, eurovision 2020, vivaeurovision, viva eurovision, eurovision, festival de Eurovisi\u00f3n, Jeangu Macrooy\" \/>\n<meta property=\"og:url\" content=\"https:\/\/www.vivaeurovision.com\/index.php\/2020\/03\/04\/10612-paises-bajos-eurovision\/\" \/>\n<meta property=\"og:site_name\" content=\"VIVAEUROVISION viva eurovision\" \/>\n<meta property=\"article:published_time\" content=\"2020-03-04T20:16:17+00:00\" \/>\n<meta property=\"article:modified_time\" content=\"2020-03-04T20:16:19+00:00\" \/>\n<meta property=\"og:image\" content=\"https:\/\/www.vivaeurovision.com\/wp-content\/uploads\/2019\/12\/946823E1-D3FD-4292-B99A-C298A77EADAA.jpeg\" \/>\n\t<meta property=\"og:image:width\" content=\"1680\" \/>\n\t<meta property=\"og:image:height\" content=\"883\" \/>\n\t<meta property=\"og:image:type\" content=\"image\/jpeg\" \/>\n<meta name=\"author\" content=\"Pedro Palomo\" \/>\n<meta name=\"twitter:card\" content=\"summary_large_image\" \/>\n<meta name=\"twitter:creator\" content=\"@pedropalomobcn\" \/>\n<meta name=\"twitter:label1\" content=\"Escrito por\" \/>\n\t<meta name=\"twitter:data1\" content=\"Pedro Palomo\" \/>\n\t<meta name=\"twitter:label2\" content=\"Tiempo de lectura\" \/>\n\t<meta name=\"twitter:data2\" content=\"1 minuto\" \/>\n<script type=\"application\/ld+json\" class=\"yoast-schema-graph\">{\"@context\":\"https:\\\/\\\/schema.org\",\"@graph\":[{\"@type\":\"Article\",\"@id\":\"https:\\\/\\\/www.vivaeurovision.com\\\/index.php\\\/2020\\\/03\\\/04\\\/10612-paises-bajos-eurovision\\\/#article\",\"isPartOf\":{\"@id\":\"https:\\\/\\\/www.vivaeurovision.com\\\/index.php\\\/2020\\\/03\\\/04\\\/10612-paises-bajos-eurovision\\\/\"},\"author\":{\"name\":\"Pedro Palomo\",\"@id\":\"https:\\\/\\\/www.vivaeurovision.com\\\/#\\\/schema\\\/person\\\/1d31fdaa3f5f7df556f73d164bd3c47a\"},\"headline\":\"Jeangu Macrooy representante de Pa\u00edses Bajos en Eurovision 2020 cantar\u00e1 la balada Grow\",\"datePublished\":\"2020-03-04T20:16:17+00:00\",\"dateModified\":\"2020-03-04T20:16:19+00:00\",\"mainEntityOfPage\":{\"@id\":\"https:\\\/\\\/www.vivaeurovision.com\\\/index.php\\\/2020\\\/03\\\/04\\\/10612-paises-bajos-eurovision\\\/\"},\"wordCount\":113,\"commentCount\":0,\"publisher\":{\"@id\":\"https:\\\/\\\/www.vivaeurovision.com\\\/#organization\"},\"image\":{\"@id\":\"https:\\\/\\\/www.vivaeurovision.com\\\/index.php\\\/2020\\\/03\\\/04\\\/10612-paises-bajos-eurovision\\\/#primaryimage\"},\"thumbnailUrl\":\"https:\\\/\\\/www.vivaeurovision.com\\\/wp-content\\\/uploads\\\/2019\\\/12\\\/946823E1-D3FD-4292-B99A-C298A77EADAA.jpeg\",\"keywords\":[\"ESC\",\"esc 2020\",\"Eurovision\",\"eurovision 2020\",\"eurovision rotterdam\",\"eurovision rotterdam 2020\",\"Festival de Eurovisi\u00f3n\",\"Jeangu Macrooy\",\"Jeangu Macrooy eurovision\",\"open up\",\"open up 2020\",\"open up eurovision\",\"open up eurovision 2020\",\"open up eurovision rotterdam 2020\",\"open up Rotterdam 2020\",\"paises bajos eurovision\",\"Pedro Palomo\",\"Pedro Palomo Eurovision\",\"Pedro Palomo Vivaeurovision\",\"rotterdam 2020\",\"rotterdam eurovision 2020\",\"viva eurovision\",\"vivaeurovision\"],\"articleSection\":[\"eurovision\",\"eurovision 2020\",\"Inicio\",\"Noticia\",\"Noticias\",\"Ultima Hora\"],\"inLanguage\":\"es\",\"potentialAction\":[{\"@type\":\"CommentAction\",\"name\":\"Comment\",\"target\":[\"https:\\\/\\\/www.vivaeurovision.com\\\/index.php\\\/2020\\\/03\\\/04\\\/10612-paises-bajos-eurovision\\\/#respond\"]}]},{\"@type\":\"WebPage\",\"@id\":\"https:\\\/\\\/www.vivaeurovision.com\\\/index.php\\\/2020\\\/03\\\/04\\\/10612-paises-bajos-eurovision\\\/\",\"url\":\"https:\\\/\\\/www.vivaeurovision.com\\\/index.php\\\/2020\\\/03\\\/04\\\/10612-paises-bajos-eurovision\\\/\",\"name\":\"Jeangu Macrooy representante de Pa\u00edses Bajos en Eurovision 2020 cantar\u00e1 la balada Grow - VIVAEUROVISION viva eurovision\",\"isPartOf\":{\"@id\":\"https:\\\/\\\/www.vivaeurovision.com\\\/#website\"},\"primaryImageOfPage\":{\"@id\":\"https:\\\/\\\/www.vivaeurovision.com\\\/index.php\\\/2020\\\/03\\\/04\\\/10612-paises-bajos-eurovision\\\/#primaryimage\"},\"image\":{\"@id\":\"https:\\\/\\\/www.vivaeurovision.com\\\/index.php\\\/2020\\\/03\\\/04\\\/10612-paises-bajos-eurovision\\\/#primaryimage\"},\"thumbnailUrl\":\"https:\\\/\\\/www.vivaeurovision.com\\\/wp-content\\\/uploads\\\/2019\\\/12\\\/946823E1-D3FD-4292-B99A-C298A77EADAA.jpeg\",\"datePublished\":\"2020-03-04T20:16:17+00:00\",\"dateModified\":\"2020-03-04T20:16:19+00:00\",\"description\":\"pa\u00edses bajos eurovision, eurovision 2020, vivaeurovision, viva eurovision, eurovision, festival de Eurovisi\u00f3n, Jeangu Macrooy\",\"breadcrumb\":{\"@id\":\"https:\\\/\\\/www.vivaeurovision.com\\\/index.php\\\/2020\\\/03\\\/04\\\/10612-paises-bajos-eurovision\\\/#breadcrumb\"},\"inLanguage\":\"es\",\"potentialAction\":[{\"@type\":\"ReadAction\",\"target\":[\"https:\\\/\\\/www.vivaeurovision.com\\\/index.php\\\/2020\\\/03\\\/04\\\/10612-paises-bajos-eurovision\\\/\"]}]},{\"@type\":\"ImageObject\",\"inLanguage\":\"es\",\"@id\":\"https:\\\/\\\/www.vivaeurovision.com\\\/index.php\\\/2020\\\/03\\\/04\\\/10612-paises-bajos-eurovision\\\/#primaryimage\",\"url\":\"https:\\\/\\\/www.vivaeurovision.com\\\/wp-content\\\/uploads\\\/2019\\\/12\\\/946823E1-D3FD-4292-B99A-C298A77EADAA.jpeg\",\"contentUrl\":\"https:\\\/\\\/www.vivaeurovision.com\\\/wp-content\\\/uploads\\\/2019\\\/12\\\/946823E1-D3FD-4292-B99A-C298A77EADAA.jpeg\",\"width\":1680,\"height\":883,\"caption\":\"Jeangu Macrooy eurovision\"},{\"@type\":\"BreadcrumbList\",\"@id\":\"https:\\\/\\\/www.vivaeurovision.com\\\/index.php\\\/2020\\\/03\\\/04\\\/10612-paises-bajos-eurovision\\\/#breadcrumb\",\"itemListElement\":[{\"@type\":\"ListItem\",\"position\":1,\"name\":\"Portada\",\"item\":\"https:\\\/\\\/www.vivaeurovision.com\\\/\"},{\"@type\":\"ListItem\",\"position\":2,\"name\":\"Jeangu Macrooy representante de Pa\u00edses Bajos en Eurovision 2020 cantar\u00e1 la balada Grow\"}]},{\"@type\":\"WebSite\",\"@id\":\"https:\\\/\\\/www.vivaeurovision.com\\\/#website\",\"url\":\"https:\\\/\\\/www.vivaeurovision.com\\\/\",\"name\":\"VIVAEUROVISION viva eurovision\",\"description\":\"Tu portal sobre el Festival de Eurovision, eurovision, eurovisi\u00f3n\",\"publisher\":{\"@id\":\"https:\\\/\\\/www.vivaeurovision.com\\\/#organization\"},\"potentialAction\":[{\"@type\":\"SearchAction\",\"target\":{\"@type\":\"EntryPoint\",\"urlTemplate\":\"https:\\\/\\\/www.vivaeurovision.com\\\/?s={search_term_string}\"},\"query-input\":{\"@type\":\"PropertyValueSpecification\",\"valueRequired\":true,\"valueName\":\"search_term_string\"}}],\"inLanguage\":\"es\"},{\"@type\":\"Organization\",\"@id\":\"https:\\\/\\\/www.vivaeurovision.com\\\/#organization\",\"name\":\"vivaeurovision\",\"url\":\"https:\\\/\\\/www.vivaeurovision.com\\\/\",\"logo\":{\"@type\":\"ImageObject\",\"inLanguage\":\"es\",\"@id\":\"https:\\\/\\\/www.vivaeurovision.com\\\/#\\\/schema\\\/logo\\\/image\\\/\",\"url\":\"https:\\\/\\\/www.vivaeurovision.com\\\/wp-content\\\/uploads\\\/2016\\\/01\\\/cropped-image-21-1.jpeg\",\"contentUrl\":\"https:\\\/\\\/www.vivaeurovision.com\\\/wp-content\\\/uploads\\\/2016\\\/01\\\/cropped-image-21-1.jpeg\",\"width\":669,\"height\":368,\"caption\":\"vivaeurovision\"},\"image\":{\"@id\":\"https:\\\/\\\/www.vivaeurovision.com\\\/#\\\/schema\\\/logo\\\/image\\\/\"}},{\"@type\":\"Person\",\"@id\":\"https:\\\/\\\/www.vivaeurovision.com\\\/#\\\/schema\\\/person\\\/1d31fdaa3f5f7df556f73d164bd3c47a\",\"name\":\"Pedro Palomo\",\"image\":{\"@type\":\"ImageObject\",\"inLanguage\":\"es\",\"@id\":\"https:\\\/\\\/secure.gravatar.com\\\/avatar\\\/4cf9a4877f5f71f44fb7cedbe1bac1bd28bd8ce7a217517d98d5b2117f9f5505?s=96&d=mm&r=g\",\"url\":\"https:\\\/\\\/secure.gravatar.com\\\/avatar\\\/4cf9a4877f5f71f44fb7cedbe1bac1bd28bd8ce7a217517d98d5b2117f9f5505?s=96&d=mm&r=g\",\"contentUrl\":\"https:\\\/\\\/secure.gravatar.com\\\/avatar\\\/4cf9a4877f5f71f44fb7cedbe1bac1bd28bd8ce7a217517d98d5b2117f9f5505?s=96&d=mm&r=g\",\"caption\":\"Pedro Palomo\"},\"sameAs\":[\"http:\\\/\\\/www.vivaeurovision.com\",\"@pedrobcn\",\"https:\\\/\\\/x.com\\\/@pedropalomobcn\"]}]}<\/script>\n<!-- \/ Yoast SEO plugin. -->","yoast_head_json":{"title":"Jeangu Macrooy representante de Pa\u00edses Bajos en Eurovision 2020 cantar\u00e1 la balada Grow - VIVAEUROVISION viva eurovision","description":"pa\u00edses bajos eurovision, eurovision 2020, vivaeurovision, viva eurovision, eurovision, festival de Eurovisi\u00f3n, Jeangu Macrooy","robots":{"index":"index","follow":"follow","max-snippet":"max-snippet:-1","max-image-preview":"max-image-preview:large","max-video-preview":"max-video-preview:-1"},"canonical":"https:\/\/www.vivaeurovision.com\/index.php\/2020\/03\/04\/10612-paises-bajos-eurovision\/","og_locale":"es_ES","og_type":"article","og_title":"Jeangu Macrooy representante de Pa\u00edses Bajos en Eurovision 2020 cantar\u00e1 la balada Grow - VIVAEUROVISION viva eurovision","og_description":"pa\u00edses bajos eurovision, eurovision 2020, vivaeurovision, viva eurovision, eurovision, festival de Eurovisi\u00f3n, Jeangu Macrooy","og_url":"https:\/\/www.vivaeurovision.com\/index.php\/2020\/03\/04\/10612-paises-bajos-eurovision\/","og_site_name":"VIVAEUROVISION viva eurovision","article_published_time":"2020-03-04T20:16:17+00:00","article_modified_time":"2020-03-04T20:16:19+00:00","og_image":[{"width":1680,"height":883,"url":"https:\/\/www.vivaeurovision.com\/wp-content\/uploads\/2019\/12\/946823E1-D3FD-4292-B99A-C298A77EADAA.jpeg","type":"image\/jpeg"}],"author":"Pedro Palomo","twitter_card":"summary_large_image","twitter_creator":"@pedropalomobcn","twitter_misc":{"Escrito por":"Pedro Palomo","Tiempo de lectura":"1 minuto"},"schema":{"@context":"https:\/\/schema.org","@graph":[{"@type":"Article","@id":"https:\/\/www.vivaeurovision.com\/index.php\/2020\/03\/04\/10612-paises-bajos-eurovision\/#article","isPartOf":{"@id":"https:\/\/www.vivaeurovision.com\/index.php\/2020\/03\/04\/10612-paises-bajos-eurovision\/"},"author":{"name":"Pedro Palomo","@id":"https:\/\/www.vivaeurovision.com\/#\/schema\/person\/1d31fdaa3f5f7df556f73d164bd3c47a"},"headline":"Jeangu Macrooy representante de Pa\u00edses Bajos en Eurovision 2020 cantar\u00e1 la balada Grow","datePublished":"2020-03-04T20:16:17+00:00","dateModified":"2020-03-04T20:16:19+00:00","mainEntityOfPage":{"@id":"https:\/\/www.vivaeurovision.com\/index.php\/2020\/03\/04\/10612-paises-bajos-eurovision\/"},"wordCount":113,"commentCount":0,"publisher":{"@id":"https:\/\/www.vivaeurovision.com\/#organization"},"image":{"@id":"https:\/\/www.vivaeurovision.com\/index.php\/2020\/03\/04\/10612-paises-bajos-eurovision\/#primaryimage"},"thumbnailUrl":"https:\/\/www.vivaeurovision.com\/wp-content\/uploads\/2019\/12\/946823E1-D3FD-4292-B99A-C298A77EADAA.jpeg","keywords":["ESC","esc 2020","Eurovision","eurovision 2020","eurovision rotterdam","eurovision rotterdam 2020","Festival de Eurovisi\u00f3n","Jeangu Macrooy","Jeangu Macrooy eurovision","open up","open up 2020","open up eurovision","open up eurovision 2020","open up eurovision rotterdam 2020","open up Rotterdam 2020","paises bajos eurovision","Pedro Palomo","Pedro Palomo Eurovision","Pedro Palomo Vivaeurovision","rotterdam 2020","rotterdam eurovision 2020","viva eurovision","vivaeurovision"],"articleSection":["eurovision","eurovision 2020","Inicio","Noticia","Noticias","Ultima Hora"],"inLanguage":"es","potentialAction":[{"@type":"CommentAction","name":"Comment","target":["https:\/\/www.vivaeurovision.com\/index.php\/2020\/03\/04\/10612-paises-bajos-eurovision\/#respond"]}]},{"@type":"WebPage","@id":"https:\/\/www.vivaeurovision.com\/index.php\/2020\/03\/04\/10612-paises-bajos-eurovision\/","url":"https:\/\/www.vivaeurovision.com\/index.php\/2020\/03\/04\/10612-paises-bajos-eurovision\/","name":"Jeangu Macrooy representante de Pa\u00edses Bajos en Eurovision 2020 cantar\u00e1 la balada Grow - VIVAEUROVISION viva eurovision","isPartOf":{"@id":"https:\/\/www.vivaeurovision.com\/#website"},"primaryImageOfPage":{"@id":"https:\/\/www.vivaeurovision.com\/index.php\/2020\/03\/04\/10612-paises-bajos-eurovision\/#primaryimage"},"image":{"@id":"https:\/\/www.vivaeurovision.com\/index.php\/2020\/03\/04\/10612-paises-bajos-eurovision\/#primaryimage"},"thumbnailUrl":"https:\/\/www.vivaeurovision.com\/wp-content\/uploads\/2019\/12\/946823E1-D3FD-4292-B99A-C298A77EADAA.jpeg","datePublished":"2020-03-04T20:16:17+00:00","dateModified":"2020-03-04T20:16:19+00:00","description":"pa\u00edses bajos eurovision, eurovision 2020, vivaeurovision, viva eurovision, eurovision, festival de Eurovisi\u00f3n, Jeangu Macrooy","breadcrumb":{"@id":"https:\/\/www.vivaeurovision.com\/index.php\/2020\/03\/04\/10612-paises-bajos-eurovision\/#breadcrumb"},"inLanguage":"es","potentialAction":[{"@type":"ReadAction","target":["https:\/\/www.vivaeurovision.com\/index.php\/2020\/03\/04\/10612-paises-bajos-eurovision\/"]}]},{"@type":"ImageObject","inLanguage":"es","@id":"https:\/\/www.vivaeurovision.com\/index.php\/2020\/03\/04\/10612-paises-bajos-eurovision\/#primaryimage","url":"https:\/\/www.vivaeurovision.com\/wp-content\/uploads\/2019\/12\/946823E1-D3FD-4292-B99A-C298A77EADAA.jpeg","contentUrl":"https:\/\/www.vivaeurovision.com\/wp-content\/uploads\/2019\/12\/946823E1-D3FD-4292-B99A-C298A77EADAA.jpeg","width":1680,"height":883,"caption":"Jeangu Macrooy eurovision"},{"@type":"BreadcrumbList","@id":"https:\/\/www.vivaeurovision.com\/index.php\/2020\/03\/04\/10612-paises-bajos-eurovision\/#breadcrumb","itemListElement":[{"@type":"ListItem","position":1,"name":"Portada","item":"https:\/\/www.vivaeurovision.com\/"},{"@type":"ListItem","position":2,"name":"Jeangu Macrooy representante de Pa\u00edses Bajos en Eurovision 2020 cantar\u00e1 la balada Grow"}]},{"@type":"WebSite","@id":"https:\/\/www.vivaeurovision.com\/#website","url":"https:\/\/www.vivaeurovision.com\/","name":"VIVAEUROVISION viva eurovision","description":"Tu portal sobre el Festival de Eurovision, eurovision, eurovisi\u00f3n","publisher":{"@id":"https:\/\/www.vivaeurovision.com\/#organization"},"potentialAction":[{"@type":"SearchAction","target":{"@type":"EntryPoint","urlTemplate":"https:\/\/www.vivaeurovision.com\/?s={search_term_string}"},"query-input":{"@type":"PropertyValueSpecification","valueRequired":true,"valueName":"search_term_string"}}],"inLanguage":"es"},{"@type":"Organization","@id":"https:\/\/www.vivaeurovision.com\/#organization","name":"vivaeurovision","url":"https:\/\/www.vivaeurovision.com\/","logo":{"@type":"ImageObject","inLanguage":"es","@id":"https:\/\/www.vivaeurovision.com\/#\/schema\/logo\/image\/","url":"https:\/\/www.vivaeurovision.com\/wp-content\/uploads\/2016\/01\/cropped-image-21-1.jpeg","contentUrl":"https:\/\/www.vivaeurovision.com\/wp-content\/uploads\/2016\/01\/cropped-image-21-1.jpeg","width":669,"height":368,"caption":"vivaeurovision"},"image":{"@id":"https:\/\/www.vivaeurovision.com\/#\/schema\/logo\/image\/"}},{"@type":"Person","@id":"https:\/\/www.vivaeurovision.com\/#\/schema\/person\/1d31fdaa3f5f7df556f73d164bd3c47a","name":"Pedro Palomo","image":{"@type":"ImageObject","inLanguage":"es","@id":"https:\/\/secure.gravatar.com\/avatar\/4cf9a4877f5f71f44fb7cedbe1bac1bd28bd8ce7a217517d98d5b2117f9f5505?s=96&d=mm&r=g","url":"https:\/\/secure.gravatar.com\/avatar\/4cf9a4877f5f71f44fb7cedbe1bac1bd28bd8ce7a217517d98d5b2117f9f5505?s=96&d=mm&r=g","contentUrl":"https:\/\/secure.gravatar.com\/avatar\/4cf9a4877f5f71f44fb7cedbe1bac1bd28bd8ce7a217517d98d5b2117f9f5505?s=96&d=mm&r=g","caption":"Pedro Palomo"},"sameAs":["http:\/\/www.vivaeurovision.com","@pedrobcn","https:\/\/x.com\/@pedropalomobcn"]}]}},"_links":{"self":[{"href":"https:\/\/www.vivaeurovision.com\/index.php\/wp-json\/wp\/v2\/posts\/10612","targetHints":{"allow":["GET"]}}],"collection":[{"href":"https:\/\/www.vivaeurovision.com\/index.php\/wp-json\/wp\/v2\/posts"}],"about":[{"href":"https:\/\/www.vivaeurovision.com\/index.php\/wp-json\/wp\/v2\/types\/post"}],"author":[{"embeddable":true,"href":"https:\/\/www.vivaeurovision.com\/index.php\/wp-json\/wp\/v2\/users\/1"}],"replies":[{"embeddable":true,"href":"https:\/\/www.vivaeurovision.com\/index.php\/wp-json\/wp\/v2\/comments?post=10612"}],"version-history":[{"count":3,"href":"https:\/\/www.vivaeurovision.com\/index.php\/wp-json\/wp\/v2\/posts\/10612\/revisions"}],"predecessor-version":[{"id":10635,"href":"https:\/\/www.vivaeurovision.com\/index.php\/wp-json\/wp\/v2\/posts\/10612\/revisions\/10635"}],"wp:featuredmedia":[{"embeddable":true,"href":"https:\/\/www.vivaeurovision.com\/index.php\/wp-json\/wp\/v2\/media\/10346"}],"wp:attachment":[{"href":"https:\/\/www.vivaeurovision.com\/index.php\/wp-json\/wp\/v2\/media?parent=10612"}],"wp:term":[{"taxonomy":"category","embeddable":true,"href":"https:\/\/www.vivaeurovision.com\/index.php\/wp-json\/wp\/v2\/categories?post=10612"},{"taxonomy":"post_tag","embeddable":true,"href":"https:\/\/www.vivaeurovision.com\/index.php\/wp-json\/wp\/v2\/tags?post=10612"}],"curies":[{"name":"wp","href":"https:\/\/api.w.org\/{rel}","templated":true}]}}