{"id":1065,"date":"2016-02-25T17:36:13","date_gmt":"2016-02-25T17:36:13","guid":{"rendered":"http:\/\/www.vivaeurovision.com\/?p=1065"},"modified":"2016-02-25T17:36:13","modified_gmt":"2016-02-25T17:36:13","slug":"conchita-wurts-presentara-al-representante-de-australia-en-eurovison-2016-el-3-de-marzo","status":"publish","type":"post","link":"https:\/\/www.vivaeurovision.com\/index.php\/2016\/02\/25\/conchita-wurts-presentara-al-representante-de-australia-en-eurovison-2016-el-3-de-marzo\/","title":{"rendered":"CONCHITA WURTS PRESENTAR\u00c1 AL REPRESENTANTE DE AUSTRALIA EN EUROVISON 2016 EL 3 DE MARZO"},"content":{"rendered":"<p>Australia Eurovision 2016<\/p>\n<p><img loading=\"lazy\" decoding=\"async\" class=\"alignnone size-medium wp-image-1066\" src=\"http:\/\/www.vivaeurovision.com\/wp-content\/uploads\/2016\/02\/Australia-300x169.jpg\" alt=\"VIVAEUROVISION\" width=\"300\" height=\"169\" srcset=\"https:\/\/www.vivaeurovision.com\/wp-content\/uploads\/2016\/02\/Australia-300x169.jpg 300w, https:\/\/www.vivaeurovision.com\/wp-content\/uploads\/2016\/02\/Australia-768x432.jpg 768w, https:\/\/www.vivaeurovision.com\/wp-content\/uploads\/2016\/02\/Australia-1024x576.jpg 1024w, https:\/\/www.vivaeurovision.com\/wp-content\/uploads\/2016\/02\/Australia.jpg 1920w\" sizes=\"auto, (max-width: 300px) 100vw, 300px\" \/><\/p>\n<p>La SBS ya ha dado a conocer que el pr\u00f3ximo 3 de marzo es la fecha oficial en la que sabremos quien har\u00e1 el relevo de Guy Sebastian en el Festival de Eurovisi\u00f3n 2016.<\/p>\n<p>Para ello han contado ni mas ni menos que con Conchita Wurts, la ganadora del Festival de Eurovisi\u00f3n 2014 tendr\u00e1 el honor de presentar al candidato\/a que representar\u00e1 a Australia en el escenario del Globen Arena de Estocolmo el pr\u00f3ximo mes de mayo.<\/p>\n<p>La presentaci\u00f3n ser\u00e1 durante el concierto Conchita: Desde Viena con Amor, donde la cantante actuar\u00e1 junto a la orquesta sinf\u00f3nica de Sidney, desde la emblem\u00e1tica opera de Sidney.<\/p>\n<p>Ya queda menos para saber quien representar\u00e1 Australia en Eurovisi\u00f3n 2016 y poco a poco ir\u00e1n dando pistas en las redes sociales.<\/p>\n<p><img loading=\"lazy\" decoding=\"async\" class=\"alignnone size-medium wp-image-176\" src=\"http:\/\/www.vivaeurovision.com\/wp-content\/uploads\/2016\/01\/untitledJPGLOGO-2-300x165.jpg\" alt=\"untitledJPGLOGO\" width=\"300\" height=\"165\" srcset=\"https:\/\/www.vivaeurovision.com\/wp-content\/uploads\/2016\/01\/untitledJPGLOGO-2-300x165.jpg 300w, https:\/\/www.vivaeurovision.com\/wp-content\/uploads\/2016\/01\/untitledJPGLOGO-2-555x305.jpg 555w, https:\/\/www.vivaeurovision.com\/wp-content\/uploads\/2016\/01\/untitledJPGLOGO-2.jpg 669w\" sizes=\"auto, (max-width: 300px) 100vw, 300px\" \/><\/p>\n<p>Twitter\u00a0<strong> <a href=\"https:\/\/twitter.com\/viva_eurovision\" target=\"_blank\">@viva_eurovision<\/a>\u00a0 <a href=\"https:\/\/www.facebook.com\/Vivaeurovisioncom-867806686671081\/?fref=nf\" target=\"_blank\">FACEBOOK OFICIAL VIVA EUROVISION <\/a><\/strong>Instragram <strong>@vivaeurovision<\/strong><\/p>\n<p>Fuente: SBS<\/p>\n<p>Fotograf\u00eda: \u00a9<strong>Ken Butti<\/strong><\/p>\n<p>Redactor: Pedro Palomo Twitter <strong><a href=\"https:\/\/twitter.com\/pedropalomobcn?lang=es\" target=\"_blank\">@pedropalomobcn<\/a> <\/strong>Instragram <strong>@pedrobcn<\/strong><\/p>\n","protected":false},"excerpt":{"rendered":"<p>Australia Eurovision 2016 La SBS ya ha dado a conocer que el pr\u00f3ximo 3 de marzo es la fecha oficial en la que sabremos quien har\u00e1 el relevo de Guy&#46;&#46;&#46;<\/p>\n","protected":false},"author":1,"featured_media":1067,"comment_status":"open","ping_status":"open","sticky":false,"template":"","format":"standard","meta":{"_exactmetrics_skip_tracking":false,"_exactmetrics_sitenote_active":false,"_exactmetrics_sitenote_note":"","_exactmetrics_sitenote_category":0,"footnotes":""},"categories":[7,4,2,3],"tags":[378,377,159,280,379,17,30,14,11,12,160,158,20,104,161,23,22],"class_list":["post-1065","post","type-post","status-publish","format-standard","has-post-thumbnail","hentry","category-eurovision-2016","category-eurovision","category-noticia","category-ultima-hora","tag-australia-eurovision","tag-australia-eurovision-2016","tag-come-together","tag-conchita-wurts","tag-conchita-wurts-australia","tag-esc","tag-esc-2016","tag-estocolmo-2016","tag-eurovision","tag-eurovision-2016","tag-eurovision-2016-come-together","tag-eurovision-come-together","tag-pedro-palomo-eurovision","tag-stockholm-2016","tag-stockholm-2016-come-together","tag-viva-eurovision","tag-vivaeurovision"],"yoast_head":"<!-- This site is optimized with the Yoast SEO plugin v27.5 - https:\/\/yoast.com\/product\/yoast-seo-wordpress\/ -->\n<title>CONCHITA WURTS PRESENTAR\u00c1 AL REPRESENTANTE DE AUSTRALIA EN EUROVISON 2016 EL 3 DE MARZO - VIVAEUROVISION viva eurovision<\/title>\n<meta name=\"robots\" content=\"index, follow, max-snippet:-1, max-image-preview:large, max-video-preview:-1\" \/>\n<link rel=\"canonical\" href=\"https:\/\/www.vivaeurovision.com\/index.php\/2016\/02\/25\/conchita-wurts-presentara-al-representante-de-australia-en-eurovison-2016-el-3-de-marzo\/\" \/>\n<meta property=\"og:locale\" content=\"es_ES\" \/>\n<meta property=\"og:type\" content=\"article\" \/>\n<meta property=\"og:title\" content=\"CONCHITA WURTS PRESENTAR\u00c1 AL REPRESENTANTE DE AUSTRALIA EN EUROVISON 2016 EL 3 DE MARZO - VIVAEUROVISION viva eurovision\" \/>\n<meta property=\"og:description\" content=\"Australia Eurovision 2016 La SBS ya ha dado a conocer que el pr\u00f3ximo 3 de marzo es la fecha oficial en la que sabremos quien har\u00e1 el relevo de Guy&#046;&#046;&#046;\" \/>\n<meta property=\"og:url\" content=\"https:\/\/www.vivaeurovision.com\/index.php\/2016\/02\/25\/conchita-wurts-presentara-al-representante-de-australia-en-eurovison-2016-el-3-de-marzo\/\" \/>\n<meta property=\"og:site_name\" content=\"VIVAEUROVISION viva eurovision\" \/>\n<meta property=\"article:published_time\" content=\"2016-02-25T17:36:13+00:00\" \/>\n<meta property=\"og:image\" content=\"https:\/\/www.vivaeurovision.com\/wp-content\/uploads\/2016\/02\/conchita-wurst-ken-butti-2016-copia.jpg\" \/>\n\t<meta property=\"og:image:width\" content=\"636\" \/>\n\t<meta property=\"og:image:height\" content=\"393\" \/>\n\t<meta property=\"og:image:type\" content=\"image\/jpeg\" \/>\n<meta name=\"author\" content=\"Pedro Palomo\" \/>\n<meta name=\"twitter:card\" content=\"summary_large_image\" \/>\n<meta name=\"twitter:creator\" content=\"@pedropalomobcn\" \/>\n<meta name=\"twitter:label1\" content=\"Escrito por\" \/>\n\t<meta name=\"twitter:data1\" content=\"Pedro Palomo\" \/>\n\t<meta name=\"twitter:label2\" content=\"Tiempo de lectura\" \/>\n\t<meta name=\"twitter:data2\" content=\"1 minuto\" \/>\n<script type=\"application\/ld+json\" class=\"yoast-schema-graph\">{\"@context\":\"https:\\\/\\\/schema.org\",\"@graph\":[{\"@type\":\"Article\",\"@id\":\"https:\\\/\\\/www.vivaeurovision.com\\\/index.php\\\/2016\\\/02\\\/25\\\/conchita-wurts-presentara-al-representante-de-australia-en-eurovison-2016-el-3-de-marzo\\\/#article\",\"isPartOf\":{\"@id\":\"https:\\\/\\\/www.vivaeurovision.com\\\/index.php\\\/2016\\\/02\\\/25\\\/conchita-wurts-presentara-al-representante-de-australia-en-eurovison-2016-el-3-de-marzo\\\/\"},\"author\":{\"name\":\"Pedro Palomo\",\"@id\":\"https:\\\/\\\/www.vivaeurovision.com\\\/#\\\/schema\\\/person\\\/1d31fdaa3f5f7df556f73d164bd3c47a\"},\"headline\":\"CONCHITA WURTS PRESENTAR\u00c1 AL REPRESENTANTE DE AUSTRALIA EN EUROVISON 2016 EL 3 DE MARZO\",\"datePublished\":\"2016-02-25T17:36:13+00:00\",\"mainEntityOfPage\":{\"@id\":\"https:\\\/\\\/www.vivaeurovision.com\\\/index.php\\\/2016\\\/02\\\/25\\\/conchita-wurts-presentara-al-representante-de-australia-en-eurovison-2016-el-3-de-marzo\\\/\"},\"wordCount\":169,\"commentCount\":0,\"publisher\":{\"@id\":\"https:\\\/\\\/www.vivaeurovision.com\\\/#organization\"},\"image\":{\"@id\":\"https:\\\/\\\/www.vivaeurovision.com\\\/index.php\\\/2016\\\/02\\\/25\\\/conchita-wurts-presentara-al-representante-de-australia-en-eurovison-2016-el-3-de-marzo\\\/#primaryimage\"},\"thumbnailUrl\":\"https:\\\/\\\/www.vivaeurovision.com\\\/wp-content\\\/uploads\\\/2016\\\/02\\\/conchita-wurst-ken-butti-2016-copia.jpg\",\"keywords\":[\"AUSTRALIA EUROVISION\",\"AUSTRALIA EUROVISION 2016\",\"COME TOGETHER\",\"conchita wurts\",\"CONCHITA WURTS AUSTRALIA\",\"ESC\",\"Esc 2016\",\"Estocolmo 2016\",\"Eurovision\",\"Eurovisi\u00f3n 2016\",\"Eurovision 2016 come together\",\"Eurovision come together\",\"Pedro Palomo Eurovision\",\"stockholm 2016\",\"stockholm 2016 come together\",\"viva eurovision\",\"vivaeurovision\"],\"articleSection\":[\"Eurovisi\u00f3n 2016\",\"Inicio\",\"Noticias\",\"Ultima Hora\"],\"inLanguage\":\"es\",\"potentialAction\":[{\"@type\":\"CommentAction\",\"name\":\"Comment\",\"target\":[\"https:\\\/\\\/www.vivaeurovision.com\\\/index.php\\\/2016\\\/02\\\/25\\\/conchita-wurts-presentara-al-representante-de-australia-en-eurovison-2016-el-3-de-marzo\\\/#respond\"]}]},{\"@type\":\"WebPage\",\"@id\":\"https:\\\/\\\/www.vivaeurovision.com\\\/index.php\\\/2016\\\/02\\\/25\\\/conchita-wurts-presentara-al-representante-de-australia-en-eurovison-2016-el-3-de-marzo\\\/\",\"url\":\"https:\\\/\\\/www.vivaeurovision.com\\\/index.php\\\/2016\\\/02\\\/25\\\/conchita-wurts-presentara-al-representante-de-australia-en-eurovison-2016-el-3-de-marzo\\\/\",\"name\":\"CONCHITA WURTS PRESENTAR\u00c1 AL REPRESENTANTE DE AUSTRALIA EN EUROVISON 2016 EL 3 DE MARZO - VIVAEUROVISION viva eurovision\",\"isPartOf\":{\"@id\":\"https:\\\/\\\/www.vivaeurovision.com\\\/#website\"},\"primaryImageOfPage\":{\"@id\":\"https:\\\/\\\/www.vivaeurovision.com\\\/index.php\\\/2016\\\/02\\\/25\\\/conchita-wurts-presentara-al-representante-de-australia-en-eurovison-2016-el-3-de-marzo\\\/#primaryimage\"},\"image\":{\"@id\":\"https:\\\/\\\/www.vivaeurovision.com\\\/index.php\\\/2016\\\/02\\\/25\\\/conchita-wurts-presentara-al-representante-de-australia-en-eurovison-2016-el-3-de-marzo\\\/#primaryimage\"},\"thumbnailUrl\":\"https:\\\/\\\/www.vivaeurovision.com\\\/wp-content\\\/uploads\\\/2016\\\/02\\\/conchita-wurst-ken-butti-2016-copia.jpg\",\"datePublished\":\"2016-02-25T17:36:13+00:00\",\"breadcrumb\":{\"@id\":\"https:\\\/\\\/www.vivaeurovision.com\\\/index.php\\\/2016\\\/02\\\/25\\\/conchita-wurts-presentara-al-representante-de-australia-en-eurovison-2016-el-3-de-marzo\\\/#breadcrumb\"},\"inLanguage\":\"es\",\"potentialAction\":[{\"@type\":\"ReadAction\",\"target\":[\"https:\\\/\\\/www.vivaeurovision.com\\\/index.php\\\/2016\\\/02\\\/25\\\/conchita-wurts-presentara-al-representante-de-australia-en-eurovison-2016-el-3-de-marzo\\\/\"]}]},{\"@type\":\"ImageObject\",\"inLanguage\":\"es\",\"@id\":\"https:\\\/\\\/www.vivaeurovision.com\\\/index.php\\\/2016\\\/02\\\/25\\\/conchita-wurts-presentara-al-representante-de-australia-en-eurovison-2016-el-3-de-marzo\\\/#primaryimage\",\"url\":\"https:\\\/\\\/www.vivaeurovision.com\\\/wp-content\\\/uploads\\\/2016\\\/02\\\/conchita-wurst-ken-butti-2016-copia.jpg\",\"contentUrl\":\"https:\\\/\\\/www.vivaeurovision.com\\\/wp-content\\\/uploads\\\/2016\\\/02\\\/conchita-wurst-ken-butti-2016-copia.jpg\",\"width\":636,\"height\":393,\"caption\":\"VIVAEUROVISION\"},{\"@type\":\"BreadcrumbList\",\"@id\":\"https:\\\/\\\/www.vivaeurovision.com\\\/index.php\\\/2016\\\/02\\\/25\\\/conchita-wurts-presentara-al-representante-de-australia-en-eurovison-2016-el-3-de-marzo\\\/#breadcrumb\",\"itemListElement\":[{\"@type\":\"ListItem\",\"position\":1,\"name\":\"Portada\",\"item\":\"https:\\\/\\\/www.vivaeurovision.com\\\/\"},{\"@type\":\"ListItem\",\"position\":2,\"name\":\"CONCHITA WURTS PRESENTAR\u00c1 AL REPRESENTANTE DE AUSTRALIA EN EUROVISON 2016 EL 3 DE MARZO\"}]},{\"@type\":\"WebSite\",\"@id\":\"https:\\\/\\\/www.vivaeurovision.com\\\/#website\",\"url\":\"https:\\\/\\\/www.vivaeurovision.com\\\/\",\"name\":\"VIVAEUROVISION viva eurovision\",\"description\":\"Tu portal sobre el Festival de Eurovision, eurovision, eurovisi\u00f3n\",\"publisher\":{\"@id\":\"https:\\\/\\\/www.vivaeurovision.com\\\/#organization\"},\"potentialAction\":[{\"@type\":\"SearchAction\",\"target\":{\"@type\":\"EntryPoint\",\"urlTemplate\":\"https:\\\/\\\/www.vivaeurovision.com\\\/?s={search_term_string}\"},\"query-input\":{\"@type\":\"PropertyValueSpecification\",\"valueRequired\":true,\"valueName\":\"search_term_string\"}}],\"inLanguage\":\"es\"},{\"@type\":\"Organization\",\"@id\":\"https:\\\/\\\/www.vivaeurovision.com\\\/#organization\",\"name\":\"vivaeurovision\",\"url\":\"https:\\\/\\\/www.vivaeurovision.com\\\/\",\"logo\":{\"@type\":\"ImageObject\",\"inLanguage\":\"es\",\"@id\":\"https:\\\/\\\/www.vivaeurovision.com\\\/#\\\/schema\\\/logo\\\/image\\\/\",\"url\":\"https:\\\/\\\/www.vivaeurovision.com\\\/wp-content\\\/uploads\\\/2016\\\/01\\\/cropped-image-21-1.jpeg\",\"contentUrl\":\"https:\\\/\\\/www.vivaeurovision.com\\\/wp-content\\\/uploads\\\/2016\\\/01\\\/cropped-image-21-1.jpeg\",\"width\":669,\"height\":368,\"caption\":\"vivaeurovision\"},\"image\":{\"@id\":\"https:\\\/\\\/www.vivaeurovision.com\\\/#\\\/schema\\\/logo\\\/image\\\/\"}},{\"@type\":\"Person\",\"@id\":\"https:\\\/\\\/www.vivaeurovision.com\\\/#\\\/schema\\\/person\\\/1d31fdaa3f5f7df556f73d164bd3c47a\",\"name\":\"Pedro Palomo\",\"image\":{\"@type\":\"ImageObject\",\"inLanguage\":\"es\",\"@id\":\"https:\\\/\\\/secure.gravatar.com\\\/avatar\\\/4cf9a4877f5f71f44fb7cedbe1bac1bd28bd8ce7a217517d98d5b2117f9f5505?s=96&d=mm&r=g\",\"url\":\"https:\\\/\\\/secure.gravatar.com\\\/avatar\\\/4cf9a4877f5f71f44fb7cedbe1bac1bd28bd8ce7a217517d98d5b2117f9f5505?s=96&d=mm&r=g\",\"contentUrl\":\"https:\\\/\\\/secure.gravatar.com\\\/avatar\\\/4cf9a4877f5f71f44fb7cedbe1bac1bd28bd8ce7a217517d98d5b2117f9f5505?s=96&d=mm&r=g\",\"caption\":\"Pedro Palomo\"},\"sameAs\":[\"http:\\\/\\\/www.vivaeurovision.com\",\"@pedrobcn\",\"https:\\\/\\\/x.com\\\/@pedropalomobcn\"]}]}<\/script>\n<!-- \/ Yoast SEO plugin. -->","yoast_head_json":{"title":"CONCHITA WURTS PRESENTAR\u00c1 AL REPRESENTANTE DE AUSTRALIA EN EUROVISON 2016 EL 3 DE MARZO - VIVAEUROVISION viva eurovision","robots":{"index":"index","follow":"follow","max-snippet":"max-snippet:-1","max-image-preview":"max-image-preview:large","max-video-preview":"max-video-preview:-1"},"canonical":"https:\/\/www.vivaeurovision.com\/index.php\/2016\/02\/25\/conchita-wurts-presentara-al-representante-de-australia-en-eurovison-2016-el-3-de-marzo\/","og_locale":"es_ES","og_type":"article","og_title":"CONCHITA WURTS PRESENTAR\u00c1 AL REPRESENTANTE DE AUSTRALIA EN EUROVISON 2016 EL 3 DE MARZO - VIVAEUROVISION viva eurovision","og_description":"Australia Eurovision 2016 La SBS ya ha dado a conocer que el pr\u00f3ximo 3 de marzo es la fecha oficial en la que sabremos quien har\u00e1 el relevo de Guy&#46;&#46;&#46;","og_url":"https:\/\/www.vivaeurovision.com\/index.php\/2016\/02\/25\/conchita-wurts-presentara-al-representante-de-australia-en-eurovison-2016-el-3-de-marzo\/","og_site_name":"VIVAEUROVISION viva eurovision","article_published_time":"2016-02-25T17:36:13+00:00","og_image":[{"width":636,"height":393,"url":"https:\/\/www.vivaeurovision.com\/wp-content\/uploads\/2016\/02\/conchita-wurst-ken-butti-2016-copia.jpg","type":"image\/jpeg"}],"author":"Pedro Palomo","twitter_card":"summary_large_image","twitter_creator":"@pedropalomobcn","twitter_misc":{"Escrito por":"Pedro Palomo","Tiempo de lectura":"1 minuto"},"schema":{"@context":"https:\/\/schema.org","@graph":[{"@type":"Article","@id":"https:\/\/www.vivaeurovision.com\/index.php\/2016\/02\/25\/conchita-wurts-presentara-al-representante-de-australia-en-eurovison-2016-el-3-de-marzo\/#article","isPartOf":{"@id":"https:\/\/www.vivaeurovision.com\/index.php\/2016\/02\/25\/conchita-wurts-presentara-al-representante-de-australia-en-eurovison-2016-el-3-de-marzo\/"},"author":{"name":"Pedro Palomo","@id":"https:\/\/www.vivaeurovision.com\/#\/schema\/person\/1d31fdaa3f5f7df556f73d164bd3c47a"},"headline":"CONCHITA WURTS PRESENTAR\u00c1 AL REPRESENTANTE DE AUSTRALIA EN EUROVISON 2016 EL 3 DE MARZO","datePublished":"2016-02-25T17:36:13+00:00","mainEntityOfPage":{"@id":"https:\/\/www.vivaeurovision.com\/index.php\/2016\/02\/25\/conchita-wurts-presentara-al-representante-de-australia-en-eurovison-2016-el-3-de-marzo\/"},"wordCount":169,"commentCount":0,"publisher":{"@id":"https:\/\/www.vivaeurovision.com\/#organization"},"image":{"@id":"https:\/\/www.vivaeurovision.com\/index.php\/2016\/02\/25\/conchita-wurts-presentara-al-representante-de-australia-en-eurovison-2016-el-3-de-marzo\/#primaryimage"},"thumbnailUrl":"https:\/\/www.vivaeurovision.com\/wp-content\/uploads\/2016\/02\/conchita-wurst-ken-butti-2016-copia.jpg","keywords":["AUSTRALIA EUROVISION","AUSTRALIA EUROVISION 2016","COME TOGETHER","conchita wurts","CONCHITA WURTS AUSTRALIA","ESC","Esc 2016","Estocolmo 2016","Eurovision","Eurovisi\u00f3n 2016","Eurovision 2016 come together","Eurovision come together","Pedro Palomo Eurovision","stockholm 2016","stockholm 2016 come together","viva eurovision","vivaeurovision"],"articleSection":["Eurovisi\u00f3n 2016","Inicio","Noticias","Ultima Hora"],"inLanguage":"es","potentialAction":[{"@type":"CommentAction","name":"Comment","target":["https:\/\/www.vivaeurovision.com\/index.php\/2016\/02\/25\/conchita-wurts-presentara-al-representante-de-australia-en-eurovison-2016-el-3-de-marzo\/#respond"]}]},{"@type":"WebPage","@id":"https:\/\/www.vivaeurovision.com\/index.php\/2016\/02\/25\/conchita-wurts-presentara-al-representante-de-australia-en-eurovison-2016-el-3-de-marzo\/","url":"https:\/\/www.vivaeurovision.com\/index.php\/2016\/02\/25\/conchita-wurts-presentara-al-representante-de-australia-en-eurovison-2016-el-3-de-marzo\/","name":"CONCHITA WURTS PRESENTAR\u00c1 AL REPRESENTANTE DE AUSTRALIA EN EUROVISON 2016 EL 3 DE MARZO - VIVAEUROVISION viva eurovision","isPartOf":{"@id":"https:\/\/www.vivaeurovision.com\/#website"},"primaryImageOfPage":{"@id":"https:\/\/www.vivaeurovision.com\/index.php\/2016\/02\/25\/conchita-wurts-presentara-al-representante-de-australia-en-eurovison-2016-el-3-de-marzo\/#primaryimage"},"image":{"@id":"https:\/\/www.vivaeurovision.com\/index.php\/2016\/02\/25\/conchita-wurts-presentara-al-representante-de-australia-en-eurovison-2016-el-3-de-marzo\/#primaryimage"},"thumbnailUrl":"https:\/\/www.vivaeurovision.com\/wp-content\/uploads\/2016\/02\/conchita-wurst-ken-butti-2016-copia.jpg","datePublished":"2016-02-25T17:36:13+00:00","breadcrumb":{"@id":"https:\/\/www.vivaeurovision.com\/index.php\/2016\/02\/25\/conchita-wurts-presentara-al-representante-de-australia-en-eurovison-2016-el-3-de-marzo\/#breadcrumb"},"inLanguage":"es","potentialAction":[{"@type":"ReadAction","target":["https:\/\/www.vivaeurovision.com\/index.php\/2016\/02\/25\/conchita-wurts-presentara-al-representante-de-australia-en-eurovison-2016-el-3-de-marzo\/"]}]},{"@type":"ImageObject","inLanguage":"es","@id":"https:\/\/www.vivaeurovision.com\/index.php\/2016\/02\/25\/conchita-wurts-presentara-al-representante-de-australia-en-eurovison-2016-el-3-de-marzo\/#primaryimage","url":"https:\/\/www.vivaeurovision.com\/wp-content\/uploads\/2016\/02\/conchita-wurst-ken-butti-2016-copia.jpg","contentUrl":"https:\/\/www.vivaeurovision.com\/wp-content\/uploads\/2016\/02\/conchita-wurst-ken-butti-2016-copia.jpg","width":636,"height":393,"caption":"VIVAEUROVISION"},{"@type":"BreadcrumbList","@id":"https:\/\/www.vivaeurovision.com\/index.php\/2016\/02\/25\/conchita-wurts-presentara-al-representante-de-australia-en-eurovison-2016-el-3-de-marzo\/#breadcrumb","itemListElement":[{"@type":"ListItem","position":1,"name":"Portada","item":"https:\/\/www.vivaeurovision.com\/"},{"@type":"ListItem","position":2,"name":"CONCHITA WURTS PRESENTAR\u00c1 AL REPRESENTANTE DE AUSTRALIA EN EUROVISON 2016 EL 3 DE MARZO"}]},{"@type":"WebSite","@id":"https:\/\/www.vivaeurovision.com\/#website","url":"https:\/\/www.vivaeurovision.com\/","name":"VIVAEUROVISION viva eurovision","description":"Tu portal sobre el Festival de Eurovision, eurovision, eurovisi\u00f3n","publisher":{"@id":"https:\/\/www.vivaeurovision.com\/#organization"},"potentialAction":[{"@type":"SearchAction","target":{"@type":"EntryPoint","urlTemplate":"https:\/\/www.vivaeurovision.com\/?s={search_term_string}"},"query-input":{"@type":"PropertyValueSpecification","valueRequired":true,"valueName":"search_term_string"}}],"inLanguage":"es"},{"@type":"Organization","@id":"https:\/\/www.vivaeurovision.com\/#organization","name":"vivaeurovision","url":"https:\/\/www.vivaeurovision.com\/","logo":{"@type":"ImageObject","inLanguage":"es","@id":"https:\/\/www.vivaeurovision.com\/#\/schema\/logo\/image\/","url":"https:\/\/www.vivaeurovision.com\/wp-content\/uploads\/2016\/01\/cropped-image-21-1.jpeg","contentUrl":"https:\/\/www.vivaeurovision.com\/wp-content\/uploads\/2016\/01\/cropped-image-21-1.jpeg","width":669,"height":368,"caption":"vivaeurovision"},"image":{"@id":"https:\/\/www.vivaeurovision.com\/#\/schema\/logo\/image\/"}},{"@type":"Person","@id":"https:\/\/www.vivaeurovision.com\/#\/schema\/person\/1d31fdaa3f5f7df556f73d164bd3c47a","name":"Pedro Palomo","image":{"@type":"ImageObject","inLanguage":"es","@id":"https:\/\/secure.gravatar.com\/avatar\/4cf9a4877f5f71f44fb7cedbe1bac1bd28bd8ce7a217517d98d5b2117f9f5505?s=96&d=mm&r=g","url":"https:\/\/secure.gravatar.com\/avatar\/4cf9a4877f5f71f44fb7cedbe1bac1bd28bd8ce7a217517d98d5b2117f9f5505?s=96&d=mm&r=g","contentUrl":"https:\/\/secure.gravatar.com\/avatar\/4cf9a4877f5f71f44fb7cedbe1bac1bd28bd8ce7a217517d98d5b2117f9f5505?s=96&d=mm&r=g","caption":"Pedro Palomo"},"sameAs":["http:\/\/www.vivaeurovision.com","@pedrobcn","https:\/\/x.com\/@pedropalomobcn"]}]}},"_links":{"self":[{"href":"https:\/\/www.vivaeurovision.com\/index.php\/wp-json\/wp\/v2\/posts\/1065","targetHints":{"allow":["GET"]}}],"collection":[{"href":"https:\/\/www.vivaeurovision.com\/index.php\/wp-json\/wp\/v2\/posts"}],"about":[{"href":"https:\/\/www.vivaeurovision.com\/index.php\/wp-json\/wp\/v2\/types\/post"}],"author":[{"embeddable":true,"href":"https:\/\/www.vivaeurovision.com\/index.php\/wp-json\/wp\/v2\/users\/1"}],"replies":[{"embeddable":true,"href":"https:\/\/www.vivaeurovision.com\/index.php\/wp-json\/wp\/v2\/comments?post=1065"}],"version-history":[{"count":0,"href":"https:\/\/www.vivaeurovision.com\/index.php\/wp-json\/wp\/v2\/posts\/1065\/revisions"}],"wp:featuredmedia":[{"embeddable":true,"href":"https:\/\/www.vivaeurovision.com\/index.php\/wp-json\/wp\/v2\/media\/1067"}],"wp:attachment":[{"href":"https:\/\/www.vivaeurovision.com\/index.php\/wp-json\/wp\/v2\/media?parent=1065"}],"wp:term":[{"taxonomy":"category","embeddable":true,"href":"https:\/\/www.vivaeurovision.com\/index.php\/wp-json\/wp\/v2\/categories?post=1065"},{"taxonomy":"post_tag","embeddable":true,"href":"https:\/\/www.vivaeurovision.com\/index.php\/wp-json\/wp\/v2\/tags?post=1065"}],"curies":[{"name":"wp","href":"https:\/\/api.w.org\/{rel}","templated":true}]}}