{"id":11078,"date":"2021-02-05T00:08:31","date_gmt":"2021-02-05T00:08:31","guid":{"rendered":"http:\/\/www.vivaeurovision.com\/?p=11078"},"modified":"2021-02-05T00:08:32","modified_gmt":"2021-02-05T00:08:32","slug":"11078-marvin-dietmann-eurovision","status":"publish","type":"post","link":"https:\/\/www.vivaeurovision.com\/index.php\/2021\/02\/05\/11078-marvin-dietmann-eurovision\/","title":{"rendered":"Marvin Dietmann ser\u00e1 el creador art\u00edstico de la puesta en escena de Espa\u00f1a en Eurovision 2021"},"content":{"rendered":"\n\n\n<h2>Marvin Dietmann ser\u00e1 el creador art\u00edstico de la puesta en escena de Espa\u00f1a en Eurovision 2021<\/h2>\n<p class=\"s15\"><span class=\"s11\"><span class=\"bumpedFont15\"><img loading=\"lazy\" decoding=\"async\" class=\"alignnone size-medium wp-image-11105\" src=\"http:\/\/www.vivaeurovision.com\/wp-content\/uploads\/2021\/02\/3276B9E7-C080-413B-8B9F-A64685626153-200x300.png\" alt=\"Marvin Dietmann\" width=\"200\" height=\"300\" srcset=\"https:\/\/www.vivaeurovision.com\/wp-content\/uploads\/2021\/02\/3276B9E7-C080-413B-8B9F-A64685626153-200x300.png 200w, https:\/\/www.vivaeurovision.com\/wp-content\/uploads\/2021\/02\/3276B9E7-C080-413B-8B9F-A64685626153.png 678w\" sizes=\"auto, (max-width: 200px) 100vw, 200px\" \/><br \/><br \/>Marvin Dietmann. <\/span><\/span><span class=\"s12\"><span class=\"bumpedFont15\">Un profesional reconocido internacionalmente y con una dilata experiencia en el certamen europeo. El escen\u00f3grafo austriaco, <\/span><\/span><span class=\"s12\"><span class=\"bumpedFont15\">responsable de alrededor de 180 <\/span><\/span><span class=\"s14\"><span class=\"bumpedFont15\">shows <\/span><\/span><span class=\"s12\"><span class=\"bumpedFont15\">de t<\/span><\/span><span class=\"s12\"><span class=\"bumpedFont15\">v<\/span><\/span><span class=\"s12\"><span class=\"bumpedFont15\"> en toda Europa, est\u00e1<\/span><\/span> <span class=\"s12\"><span class=\"bumpedFont15\">ligado a Eurovisi\u00f3n desde<\/span><\/span><span class=\"s12\"><span class=\"bumpedFont15\"> 2011<\/span><\/span> <span class=\"s12\"><span class=\"bumpedFont15\">y <\/span><\/span><span class=\"s12\"><span class=\"bumpedFont15\">fue el responsable de la actuaci\u00f3n ganadora de Conchita Wurst en 2014.<\/span><\/span><\/p>\n<p class=\"s15\">\u00a0<\/p>\n<p class=\"s15\"><span class=\"s12\"><span class=\"bumpedFont15\">Su minucioso trabajo destaca por el aprovechamiento del espacio esc\u00e9nico y por estar pensado tanto para el espect\u00e1culo en directo como para sorprender a los casi 200 millones de espectadores que siguen el festival cada a\u00f1o<\/span><\/span><span class=\"s12\"><span class=\"bumpedFont15\"> en todo el mundo<\/span><\/span><span class=\"s12\"><span class=\"bumpedFont15\">.<\/span><\/span><\/p>\n<p class=\"s15\">\u00a0<\/p>\n<p class=\"s15\"><span class=\"s12\"><span class=\"bumpedFont15\">D<\/span><\/span><span class=\"s12\"><span class=\"bumpedFont15\">ietmann, <\/span><\/span><span class=\"s12\"><span class=\"bumpedFont15\">director esc\u00e9nico<\/span><\/span><span class=\"s12\"><span class=\"bumpedFont15\"> de las actuaciones eurovis<\/span><\/span><span class=\"s12\"><span class=\"bumpedFont15\">ivas de Austria <\/span><\/span><span class=\"s12\"><span class=\"bumpedFont15\">en 2018 \u2013C\u00e9sar Sapmson (3\u00ba) y Zo\u00eb (13\u00ba)- <\/span><\/span><span class=\"s12\"><span class=\"bumpedFont15\">ha trabajado<\/span><\/span><span class=\"s12\"><span class=\"bumpedFont15\">tambi\u00e9n<\/span><\/span><span class=\"s12\"><span class=\"bumpedFont15\"> en las candidaturas de otros pa\u00edses, como Bulgaria (2011) y Alemania (2017); y este a\u00f1o <\/span><\/span><span class=\"s12\"><span class=\"bumpedFont15\">colaborar\u00e1 en<\/span><\/span><span class=\"s12\"><span class=\"bumpedFont15\"> las puestas en escena de Austria y Chipre. <\/span><\/span><\/p>\n<p class=\"s15\">\u00a0<\/p>\n<p class=\"s15\"><span class=\"s12\"><span class=\"bumpedFont15\">El director creativo de la propuesta espa\u00f1ola para Eurovisi\u00f3n 2021 ser\u00e1 el encargado de dise\u00f1ar la propuesta esc\u00e9nica de R\u00f3terdam y de la \u2018copia de seguridad\u2019 (<\/span><\/span><span class=\"s14\"><span class=\"bumpedFont15\">back up<\/span><\/span><span class=\"s12\"><span class=\"bumpedFont15\">) que hay que grabar <\/span><\/span><span class=\"s12\"><span class=\"bumpedFont15\">en el caso de que<\/span><\/span><span class=\"s12\"><span class=\"bumpedFont15\"> Blas Cant\u00f3 no pudiera viajar a los Pa\u00edses Bajos debido a las restricciones provocadas por la pandemia del coronavirus. Asimismo, colaborar\u00e1 en la gala de selecci\u00f3n de la canci\u00f3n de Espa\u00f1a que prepara TVE para las pr\u00f3ximas semanas.<\/span><\/span><\/p>\n<p class=\"s15\"><span class=\"s12\"><span class=\"bumpedFont15\">Marvin Dietmann, <\/span><\/span><span class=\"s11\"><span class=\"bumpedFont15\">\u201cemocionado\u201d <\/span><\/span><span class=\"s12\"><span class=\"bumpedFont15\">por trabajar con la delegaci\u00f3n espa\u00f1ola en Eurovisi\u00f3n, ha destacado dos cualidades de Blas por encima del resto: <\/span><\/span><span class=\"s11\"><span class=\"bumpedFont15\">\u201cTiene una presencia fuerte en el escenario y una voz incre\u00edble\u201d. <\/span><\/span><span class=\"s12\"><span class=\"bumpedFont15\">Y tambi<\/span><\/span><span class=\"s12\"><span class=\"bumpedFont15\">\u00e9n <\/span><\/span><span class=\"s12\"><span class=\"bumpedFont15\">ha subrayado la importancia de las historias que cuentan las canciones: \u201cS<\/span><\/span><span class=\"s12\"><span class=\"bumpedFont15\">on emocionantes y nos dejar\u00e1n boquiabiertos a todos\u201d<\/span><\/span><span class=\"s12\"><span class=\"bumpedFont15\">.<\/span><\/span><\/p>\n<p class=\"s15\">\u00a0<\/p>\n<p class=\"s15\"><span class=\"s12\"><span class=\"bumpedFont15\">\u201cAl final, <\/span><\/span><span class=\"s11\"><span class=\"bumpedFont15\">el impacto m\u00e1s importante<\/span><\/span><span class=\"s12\"><span class=\"bumpedFont15\"> del espect\u00e1culo \u2013incluso cuando hablamos del festival de m\u00fasica m\u00e1s grande del mundo- <\/span><\/span><span class=\"s11\"><span class=\"bumpedFont15\">es la verdad del artista<\/span><\/span><span class=\"s12\"><span class=\"bumpedFont15\">. <\/span><\/span><span class=\"s11\"><span class=\"bumpedFont15\">Esto ganar\u00e1 corazones<\/span><\/span><span class=\"s12\"><span class=\"bumpedFont15\"> y, con ello, los puntos y el trofeo\u201d, ha se\u00f1alado.<\/span><\/span><\/p>\n<p class=\"s15\">\u00a0<\/p>\n<p class=\"s15\"><span class=\"s12\"><span class=\"bumpedFont15\">D<\/span><\/span><span class=\"s12\"><span class=\"bumpedFont15\">ietmann <\/span><\/span><span class=\"s12\"><span class=\"bumpedFont15\">ha explicado tambi\u00e9n que su papel es contribuir a que el artista \u201cse sienta seguro en el escenario\u201d: \u201c<\/span><\/span><span class=\"s12\"><span class=\"bumpedFont15\">Hago lo m\u00e1ximo por los artistas y las canciones. Cada canci\u00f3n y <\/span><\/span><span class=\"s12\"><span class=\"bumpedFont15\">cada <\/span><\/span><span class=\"s12\"><span class=\"bumpedFont15\">artista tiene su propia historia y es \u00fanica<\/span><\/span><span class=\"s12\"><span class=\"bumpedFont15\">. <\/span><\/span><span class=\"s12\"><span class=\"bumpedFont15\">Para m\u00ed es un <\/span><\/span><span class=\"s11\"><span class=\"bumpedFont15\">privilegio poder trasladar su viaje emocional al escenario<\/span><\/span><span class=\"s12\"><span class=\"bumpedFont15\">\u201d.<\/span><\/span><\/p>\n<p>Fuente: RTVE\u00a0<\/p>\n\n\n\n\n\n<figure class=\"wp-block-image\"><img loading=\"lazy\" decoding=\"async\" width=\"300\" height=\"165\" src=\"http:\/\/www.vivaeurovision.com\/wp-content\/uploads\/2016\/01\/image-21-300x165.jpeg\" alt=\"VIVAEUROVISION.COM\" class=\"wp-image-311\" srcset=\"https:\/\/www.vivaeurovision.com\/wp-content\/uploads\/2016\/01\/image-21-300x165.jpeg 300w, https:\/\/www.vivaeurovision.com\/wp-content\/uploads\/2016\/01\/image-21-555x305.jpeg 555w, https:\/\/www.vivaeurovision.com\/wp-content\/uploads\/2016\/01\/image-21.jpeg 669w\" sizes=\"auto, (max-width: 300px) 100vw, 300px\" \/><\/figure>\n\n\n\n<p>Youtube<\/p>\n\n\n\n<p><a href=\"https:\/\/www.youtube.com\/user\/gurrumi\" target=\"_blank\" rel=\"noopener noreferrer\">Pedro Palomo<\/a><\/p>\n\n\n\n<p>Twitter&nbsp;<strong> <a href=\"https:\/\/twitter.com\/viva_eurovision\" target=\"_blank\" rel=\"noopener noreferrer\">@viva_eurovision<\/a>&nbsp; <a href=\"https:\/\/www.facebook.com\/Vivaeurovisioncom-867806686671081\/?fref=nf\" target=\"_blank\" rel=\"noopener noreferrer\">FACEBOOK OFICIAL VIVA EUROVISION <\/a><\/strong>Instragram <strong>&nbsp;<\/strong><a href=\"https:\/\/www.instagram.com\/vivaeurovision\/\" target=\"_blank\" rel=\"noopener noreferrer\"><strong>@vivaeurovision<\/strong><\/a><\/p>\n\n\n\n<p>Redactor: Pedro Palomo <a href=\"https:\/\/twitter.com\/pedropalomobcn?lang=es\"><strong>@pedropalomobcn<\/strong><\/a><strong>&nbsp;<\/strong>Instagram <a href=\"https:\/\/www.instagram.com\/pedrobcn\/\" target=\"_blank\" rel=\"noopener noreferrer\"><strong>@pedrobcn<\/strong><\/a><\/p>\n\n\n\n\n\n\n\n\n","protected":false},"excerpt":{"rendered":"<p>Marvin Dietmann ser\u00e1 el creador art\u00edstico de la puesta en escena de Espa\u00f1a en Eurovision 2021 Marvin Dietmann. Un profesional reconocido internacionalmente y con una dilata experiencia en el certamen&#46;&#46;&#46;<\/p>\n","protected":false},"author":1,"featured_media":11105,"comment_status":"open","ping_status":"closed","sticky":false,"template":"","format":"standard","meta":{"_exactmetrics_skip_tracking":false,"_exactmetrics_sitenote_active":false,"_exactmetrics_sitenote_note":"","_exactmetrics_sitenote_category":0,"footnotes":""},"categories":[6,1195,4191,4,1188,2,3],"tags":[1293,1297,3867,4269,1298,4190,4181,4186,4188,4189,4303,4305,4304,19,20,1261,4306,4187,921,4307,23,22],"class_list":["post-11078","post","type-post","status-publish","format-standard","has-post-thumbnail","hentry","category-espana-en-eurovision","category-eurovision-2","category-eurovision-2021","category-eurovision","category-noticia-2","category-noticia","category-ultima-hora","tag-blas-canto","tag-blas-canto-eurovision","tag-blas-canto-eurovision-2","tag-blas-canto-eurovision-2021","tag-blas-canto-festival-de-eurovision","tag-esc-2021","tag-eurovision-2021","tag-eurovision-2021-rotterdam","tag-eurovision-song-contest-2021","tag-festival-de-eurovision-2021","tag-marvin-dietmann","tag-marvin-dietmann-eurovision-2021","tag-marvin-dietmann-spain-eurovision-2021","tag-pedro-palomo","tag-pedro-palomo-eurovision","tag-pedro-palomo-viva-eurovision","tag-puesta-en-escena-espana-eurovision-2021","tag-rotterdam-eurovision-2021","tag-spain-eurovision","tag-spain-eurovision-2021","tag-viva-eurovision","tag-vivaeurovision"],"yoast_head":"<!-- This site is optimized with the Yoast SEO plugin v27.4 - https:\/\/yoast.com\/product\/yoast-seo-wordpress\/ -->\n<title>Marvin Dietmann ser\u00e1 el creador art\u00edstico de la puesta en escena de Espa\u00f1a en Eurovision 2021 - VIVAEUROVISION viva eurovision<\/title>\n<meta name=\"description\" content=\"Marvin Dietmann, Marvin Dietmann eurovision 2021, Marvin Dietmann spain eurovision 2021, vivaeurovision, viva eurovision\" \/>\n<meta name=\"robots\" content=\"index, follow, max-snippet:-1, max-image-preview:large, max-video-preview:-1\" \/>\n<link rel=\"canonical\" href=\"https:\/\/www.vivaeurovision.com\/index.php\/2021\/02\/05\/11078-marvin-dietmann-eurovision\/\" \/>\n<meta property=\"og:locale\" content=\"es_ES\" \/>\n<meta property=\"og:type\" content=\"article\" \/>\n<meta property=\"og:title\" content=\"Marvin Dietmann ser\u00e1 el creador art\u00edstico de la puesta en escena de Espa\u00f1a en Eurovision 2021 - VIVAEUROVISION viva eurovision\" \/>\n<meta property=\"og:description\" content=\"Marvin Dietmann, Marvin Dietmann eurovision 2021, Marvin Dietmann spain eurovision 2021, vivaeurovision, viva eurovision\" \/>\n<meta property=\"og:url\" content=\"https:\/\/www.vivaeurovision.com\/index.php\/2021\/02\/05\/11078-marvin-dietmann-eurovision\/\" \/>\n<meta property=\"og:site_name\" content=\"VIVAEUROVISION viva eurovision\" \/>\n<meta property=\"article:published_time\" content=\"2021-02-05T00:08:31+00:00\" \/>\n<meta property=\"article:modified_time\" content=\"2021-02-05T00:08:32+00:00\" \/>\n<meta property=\"og:image\" content=\"https:\/\/www.vivaeurovision.com\/wp-content\/uploads\/2021\/02\/3276B9E7-C080-413B-8B9F-A64685626153.png\" \/>\n\t<meta property=\"og:image:width\" content=\"678\" \/>\n\t<meta property=\"og:image:height\" content=\"1016\" \/>\n\t<meta property=\"og:image:type\" content=\"image\/png\" \/>\n<meta name=\"author\" content=\"Pedro Palomo\" \/>\n<meta name=\"twitter:card\" content=\"summary_large_image\" \/>\n<meta name=\"twitter:creator\" content=\"@pedropalomobcn\" \/>\n<meta name=\"twitter:label1\" content=\"Escrito por\" \/>\n\t<meta name=\"twitter:data1\" content=\"Pedro Palomo\" \/>\n\t<meta name=\"twitter:label2\" content=\"Tiempo de lectura\" \/>\n\t<meta name=\"twitter:data2\" content=\"3 minutos\" \/>\n<script type=\"application\/ld+json\" class=\"yoast-schema-graph\">{\"@context\":\"https:\\\/\\\/schema.org\",\"@graph\":[{\"@type\":\"Article\",\"@id\":\"https:\\\/\\\/www.vivaeurovision.com\\\/index.php\\\/2021\\\/02\\\/05\\\/11078-marvin-dietmann-eurovision\\\/#article\",\"isPartOf\":{\"@id\":\"https:\\\/\\\/www.vivaeurovision.com\\\/index.php\\\/2021\\\/02\\\/05\\\/11078-marvin-dietmann-eurovision\\\/\"},\"author\":{\"name\":\"Pedro Palomo\",\"@id\":\"https:\\\/\\\/www.vivaeurovision.com\\\/#\\\/schema\\\/person\\\/1d31fdaa3f5f7df556f73d164bd3c47a\"},\"headline\":\"Marvin Dietmann ser\u00e1 el creador art\u00edstico de la puesta en escena de Espa\u00f1a en Eurovision 2021\",\"datePublished\":\"2021-02-05T00:08:31+00:00\",\"dateModified\":\"2021-02-05T00:08:32+00:00\",\"mainEntityOfPage\":{\"@id\":\"https:\\\/\\\/www.vivaeurovision.com\\\/index.php\\\/2021\\\/02\\\/05\\\/11078-marvin-dietmann-eurovision\\\/\"},\"wordCount\":439,\"commentCount\":0,\"publisher\":{\"@id\":\"https:\\\/\\\/www.vivaeurovision.com\\\/#organization\"},\"image\":{\"@id\":\"https:\\\/\\\/www.vivaeurovision.com\\\/index.php\\\/2021\\\/02\\\/05\\\/11078-marvin-dietmann-eurovision\\\/#primaryimage\"},\"thumbnailUrl\":\"https:\\\/\\\/www.vivaeurovision.com\\\/wp-content\\\/uploads\\\/2021\\\/02\\\/3276B9E7-C080-413B-8B9F-A64685626153.png\",\"keywords\":[\"blas cant\u00f3\",\"blas cant\u00f3 eurovision\",\"blas canto eurovision\",\"blas cant\u00f3 eurovision 2021\",\"blas cant\u00f3 festival de eurovision\",\"esc 2021\",\"eurovision 2021\",\"eurovision 2021 rotterdam\",\"eurovision song contest 2021\",\"festival de Eurovisi\u00f3n 2021\",\"Marvin Dietmann\",\"Marvin Dietmann eurovision 2021\",\"Marvin Dietmann spain eurovision 2021\",\"Pedro Palomo\",\"Pedro Palomo Eurovision\",\"pedro palomo viva eurovision\",\"puesta en escena espa\u00f1a eurovision 2021\",\"rotterdam eurovision 2021\",\"spain eurovision\",\"spain eurovision 2021\",\"viva eurovision\",\"vivaeurovision\"],\"articleSection\":[\"Espa\u00f1a en Eurovisi\u00f3n\",\"eurovision\",\"eurovision 2021\",\"Inicio\",\"Noticia\",\"Noticias\",\"Ultima Hora\"],\"inLanguage\":\"es\",\"potentialAction\":[{\"@type\":\"CommentAction\",\"name\":\"Comment\",\"target\":[\"https:\\\/\\\/www.vivaeurovision.com\\\/index.php\\\/2021\\\/02\\\/05\\\/11078-marvin-dietmann-eurovision\\\/#respond\"]}]},{\"@type\":\"WebPage\",\"@id\":\"https:\\\/\\\/www.vivaeurovision.com\\\/index.php\\\/2021\\\/02\\\/05\\\/11078-marvin-dietmann-eurovision\\\/\",\"url\":\"https:\\\/\\\/www.vivaeurovision.com\\\/index.php\\\/2021\\\/02\\\/05\\\/11078-marvin-dietmann-eurovision\\\/\",\"name\":\"Marvin Dietmann ser\u00e1 el creador art\u00edstico de la puesta en escena de Espa\u00f1a en Eurovision 2021 - VIVAEUROVISION viva eurovision\",\"isPartOf\":{\"@id\":\"https:\\\/\\\/www.vivaeurovision.com\\\/#website\"},\"primaryImageOfPage\":{\"@id\":\"https:\\\/\\\/www.vivaeurovision.com\\\/index.php\\\/2021\\\/02\\\/05\\\/11078-marvin-dietmann-eurovision\\\/#primaryimage\"},\"image\":{\"@id\":\"https:\\\/\\\/www.vivaeurovision.com\\\/index.php\\\/2021\\\/02\\\/05\\\/11078-marvin-dietmann-eurovision\\\/#primaryimage\"},\"thumbnailUrl\":\"https:\\\/\\\/www.vivaeurovision.com\\\/wp-content\\\/uploads\\\/2021\\\/02\\\/3276B9E7-C080-413B-8B9F-A64685626153.png\",\"datePublished\":\"2021-02-05T00:08:31+00:00\",\"dateModified\":\"2021-02-05T00:08:32+00:00\",\"description\":\"Marvin Dietmann, Marvin Dietmann eurovision 2021, Marvin Dietmann spain eurovision 2021, vivaeurovision, viva eurovision\",\"breadcrumb\":{\"@id\":\"https:\\\/\\\/www.vivaeurovision.com\\\/index.php\\\/2021\\\/02\\\/05\\\/11078-marvin-dietmann-eurovision\\\/#breadcrumb\"},\"inLanguage\":\"es\",\"potentialAction\":[{\"@type\":\"ReadAction\",\"target\":[\"https:\\\/\\\/www.vivaeurovision.com\\\/index.php\\\/2021\\\/02\\\/05\\\/11078-marvin-dietmann-eurovision\\\/\"]}]},{\"@type\":\"ImageObject\",\"inLanguage\":\"es\",\"@id\":\"https:\\\/\\\/www.vivaeurovision.com\\\/index.php\\\/2021\\\/02\\\/05\\\/11078-marvin-dietmann-eurovision\\\/#primaryimage\",\"url\":\"https:\\\/\\\/www.vivaeurovision.com\\\/wp-content\\\/uploads\\\/2021\\\/02\\\/3276B9E7-C080-413B-8B9F-A64685626153.png\",\"contentUrl\":\"https:\\\/\\\/www.vivaeurovision.com\\\/wp-content\\\/uploads\\\/2021\\\/02\\\/3276B9E7-C080-413B-8B9F-A64685626153.png\",\"width\":678,\"height\":1016,\"caption\":\"Marvin Dietmann\"},{\"@type\":\"BreadcrumbList\",\"@id\":\"https:\\\/\\\/www.vivaeurovision.com\\\/index.php\\\/2021\\\/02\\\/05\\\/11078-marvin-dietmann-eurovision\\\/#breadcrumb\",\"itemListElement\":[{\"@type\":\"ListItem\",\"position\":1,\"name\":\"Portada\",\"item\":\"https:\\\/\\\/www.vivaeurovision.com\\\/\"},{\"@type\":\"ListItem\",\"position\":2,\"name\":\"Marvin Dietmann ser\u00e1 el creador art\u00edstico de la puesta en escena de Espa\u00f1a en Eurovision 2021\"}]},{\"@type\":\"WebSite\",\"@id\":\"https:\\\/\\\/www.vivaeurovision.com\\\/#website\",\"url\":\"https:\\\/\\\/www.vivaeurovision.com\\\/\",\"name\":\"VIVAEUROVISION viva eurovision\",\"description\":\"Tu portal sobre el Festival de Eurovision, eurovision, eurovisi\u00f3n\",\"publisher\":{\"@id\":\"https:\\\/\\\/www.vivaeurovision.com\\\/#organization\"},\"potentialAction\":[{\"@type\":\"SearchAction\",\"target\":{\"@type\":\"EntryPoint\",\"urlTemplate\":\"https:\\\/\\\/www.vivaeurovision.com\\\/?s={search_term_string}\"},\"query-input\":{\"@type\":\"PropertyValueSpecification\",\"valueRequired\":true,\"valueName\":\"search_term_string\"}}],\"inLanguage\":\"es\"},{\"@type\":\"Organization\",\"@id\":\"https:\\\/\\\/www.vivaeurovision.com\\\/#organization\",\"name\":\"vivaeurovision\",\"url\":\"https:\\\/\\\/www.vivaeurovision.com\\\/\",\"logo\":{\"@type\":\"ImageObject\",\"inLanguage\":\"es\",\"@id\":\"https:\\\/\\\/www.vivaeurovision.com\\\/#\\\/schema\\\/logo\\\/image\\\/\",\"url\":\"https:\\\/\\\/www.vivaeurovision.com\\\/wp-content\\\/uploads\\\/2016\\\/01\\\/cropped-image-21-1.jpeg\",\"contentUrl\":\"https:\\\/\\\/www.vivaeurovision.com\\\/wp-content\\\/uploads\\\/2016\\\/01\\\/cropped-image-21-1.jpeg\",\"width\":669,\"height\":368,\"caption\":\"vivaeurovision\"},\"image\":{\"@id\":\"https:\\\/\\\/www.vivaeurovision.com\\\/#\\\/schema\\\/logo\\\/image\\\/\"}},{\"@type\":\"Person\",\"@id\":\"https:\\\/\\\/www.vivaeurovision.com\\\/#\\\/schema\\\/person\\\/1d31fdaa3f5f7df556f73d164bd3c47a\",\"name\":\"Pedro Palomo\",\"image\":{\"@type\":\"ImageObject\",\"inLanguage\":\"es\",\"@id\":\"https:\\\/\\\/secure.gravatar.com\\\/avatar\\\/4cf9a4877f5f71f44fb7cedbe1bac1bd28bd8ce7a217517d98d5b2117f9f5505?s=96&d=mm&r=g\",\"url\":\"https:\\\/\\\/secure.gravatar.com\\\/avatar\\\/4cf9a4877f5f71f44fb7cedbe1bac1bd28bd8ce7a217517d98d5b2117f9f5505?s=96&d=mm&r=g\",\"contentUrl\":\"https:\\\/\\\/secure.gravatar.com\\\/avatar\\\/4cf9a4877f5f71f44fb7cedbe1bac1bd28bd8ce7a217517d98d5b2117f9f5505?s=96&d=mm&r=g\",\"caption\":\"Pedro Palomo\"},\"sameAs\":[\"http:\\\/\\\/www.vivaeurovision.com\",\"@pedrobcn\",\"https:\\\/\\\/x.com\\\/@pedropalomobcn\"]}]}<\/script>\n<!-- \/ Yoast SEO plugin. -->","yoast_head_json":{"title":"Marvin Dietmann ser\u00e1 el creador art\u00edstico de la puesta en escena de Espa\u00f1a en Eurovision 2021 - VIVAEUROVISION viva eurovision","description":"Marvin Dietmann, Marvin Dietmann eurovision 2021, Marvin Dietmann spain eurovision 2021, vivaeurovision, viva eurovision","robots":{"index":"index","follow":"follow","max-snippet":"max-snippet:-1","max-image-preview":"max-image-preview:large","max-video-preview":"max-video-preview:-1"},"canonical":"https:\/\/www.vivaeurovision.com\/index.php\/2021\/02\/05\/11078-marvin-dietmann-eurovision\/","og_locale":"es_ES","og_type":"article","og_title":"Marvin Dietmann ser\u00e1 el creador art\u00edstico de la puesta en escena de Espa\u00f1a en Eurovision 2021 - VIVAEUROVISION viva eurovision","og_description":"Marvin Dietmann, Marvin Dietmann eurovision 2021, Marvin Dietmann spain eurovision 2021, vivaeurovision, viva eurovision","og_url":"https:\/\/www.vivaeurovision.com\/index.php\/2021\/02\/05\/11078-marvin-dietmann-eurovision\/","og_site_name":"VIVAEUROVISION viva eurovision","article_published_time":"2021-02-05T00:08:31+00:00","article_modified_time":"2021-02-05T00:08:32+00:00","og_image":[{"width":678,"height":1016,"url":"https:\/\/www.vivaeurovision.com\/wp-content\/uploads\/2021\/02\/3276B9E7-C080-413B-8B9F-A64685626153.png","type":"image\/png"}],"author":"Pedro Palomo","twitter_card":"summary_large_image","twitter_creator":"@pedropalomobcn","twitter_misc":{"Escrito por":"Pedro Palomo","Tiempo de lectura":"3 minutos"},"schema":{"@context":"https:\/\/schema.org","@graph":[{"@type":"Article","@id":"https:\/\/www.vivaeurovision.com\/index.php\/2021\/02\/05\/11078-marvin-dietmann-eurovision\/#article","isPartOf":{"@id":"https:\/\/www.vivaeurovision.com\/index.php\/2021\/02\/05\/11078-marvin-dietmann-eurovision\/"},"author":{"name":"Pedro Palomo","@id":"https:\/\/www.vivaeurovision.com\/#\/schema\/person\/1d31fdaa3f5f7df556f73d164bd3c47a"},"headline":"Marvin Dietmann ser\u00e1 el creador art\u00edstico de la puesta en escena de Espa\u00f1a en Eurovision 2021","datePublished":"2021-02-05T00:08:31+00:00","dateModified":"2021-02-05T00:08:32+00:00","mainEntityOfPage":{"@id":"https:\/\/www.vivaeurovision.com\/index.php\/2021\/02\/05\/11078-marvin-dietmann-eurovision\/"},"wordCount":439,"commentCount":0,"publisher":{"@id":"https:\/\/www.vivaeurovision.com\/#organization"},"image":{"@id":"https:\/\/www.vivaeurovision.com\/index.php\/2021\/02\/05\/11078-marvin-dietmann-eurovision\/#primaryimage"},"thumbnailUrl":"https:\/\/www.vivaeurovision.com\/wp-content\/uploads\/2021\/02\/3276B9E7-C080-413B-8B9F-A64685626153.png","keywords":["blas cant\u00f3","blas cant\u00f3 eurovision","blas canto eurovision","blas cant\u00f3 eurovision 2021","blas cant\u00f3 festival de eurovision","esc 2021","eurovision 2021","eurovision 2021 rotterdam","eurovision song contest 2021","festival de Eurovisi\u00f3n 2021","Marvin Dietmann","Marvin Dietmann eurovision 2021","Marvin Dietmann spain eurovision 2021","Pedro Palomo","Pedro Palomo Eurovision","pedro palomo viva eurovision","puesta en escena espa\u00f1a eurovision 2021","rotterdam eurovision 2021","spain eurovision","spain eurovision 2021","viva eurovision","vivaeurovision"],"articleSection":["Espa\u00f1a en Eurovisi\u00f3n","eurovision","eurovision 2021","Inicio","Noticia","Noticias","Ultima Hora"],"inLanguage":"es","potentialAction":[{"@type":"CommentAction","name":"Comment","target":["https:\/\/www.vivaeurovision.com\/index.php\/2021\/02\/05\/11078-marvin-dietmann-eurovision\/#respond"]}]},{"@type":"WebPage","@id":"https:\/\/www.vivaeurovision.com\/index.php\/2021\/02\/05\/11078-marvin-dietmann-eurovision\/","url":"https:\/\/www.vivaeurovision.com\/index.php\/2021\/02\/05\/11078-marvin-dietmann-eurovision\/","name":"Marvin Dietmann ser\u00e1 el creador art\u00edstico de la puesta en escena de Espa\u00f1a en Eurovision 2021 - VIVAEUROVISION viva eurovision","isPartOf":{"@id":"https:\/\/www.vivaeurovision.com\/#website"},"primaryImageOfPage":{"@id":"https:\/\/www.vivaeurovision.com\/index.php\/2021\/02\/05\/11078-marvin-dietmann-eurovision\/#primaryimage"},"image":{"@id":"https:\/\/www.vivaeurovision.com\/index.php\/2021\/02\/05\/11078-marvin-dietmann-eurovision\/#primaryimage"},"thumbnailUrl":"https:\/\/www.vivaeurovision.com\/wp-content\/uploads\/2021\/02\/3276B9E7-C080-413B-8B9F-A64685626153.png","datePublished":"2021-02-05T00:08:31+00:00","dateModified":"2021-02-05T00:08:32+00:00","description":"Marvin Dietmann, Marvin Dietmann eurovision 2021, Marvin Dietmann spain eurovision 2021, vivaeurovision, viva eurovision","breadcrumb":{"@id":"https:\/\/www.vivaeurovision.com\/index.php\/2021\/02\/05\/11078-marvin-dietmann-eurovision\/#breadcrumb"},"inLanguage":"es","potentialAction":[{"@type":"ReadAction","target":["https:\/\/www.vivaeurovision.com\/index.php\/2021\/02\/05\/11078-marvin-dietmann-eurovision\/"]}]},{"@type":"ImageObject","inLanguage":"es","@id":"https:\/\/www.vivaeurovision.com\/index.php\/2021\/02\/05\/11078-marvin-dietmann-eurovision\/#primaryimage","url":"https:\/\/www.vivaeurovision.com\/wp-content\/uploads\/2021\/02\/3276B9E7-C080-413B-8B9F-A64685626153.png","contentUrl":"https:\/\/www.vivaeurovision.com\/wp-content\/uploads\/2021\/02\/3276B9E7-C080-413B-8B9F-A64685626153.png","width":678,"height":1016,"caption":"Marvin Dietmann"},{"@type":"BreadcrumbList","@id":"https:\/\/www.vivaeurovision.com\/index.php\/2021\/02\/05\/11078-marvin-dietmann-eurovision\/#breadcrumb","itemListElement":[{"@type":"ListItem","position":1,"name":"Portada","item":"https:\/\/www.vivaeurovision.com\/"},{"@type":"ListItem","position":2,"name":"Marvin Dietmann ser\u00e1 el creador art\u00edstico de la puesta en escena de Espa\u00f1a en Eurovision 2021"}]},{"@type":"WebSite","@id":"https:\/\/www.vivaeurovision.com\/#website","url":"https:\/\/www.vivaeurovision.com\/","name":"VIVAEUROVISION viva eurovision","description":"Tu portal sobre el Festival de Eurovision, eurovision, eurovisi\u00f3n","publisher":{"@id":"https:\/\/www.vivaeurovision.com\/#organization"},"potentialAction":[{"@type":"SearchAction","target":{"@type":"EntryPoint","urlTemplate":"https:\/\/www.vivaeurovision.com\/?s={search_term_string}"},"query-input":{"@type":"PropertyValueSpecification","valueRequired":true,"valueName":"search_term_string"}}],"inLanguage":"es"},{"@type":"Organization","@id":"https:\/\/www.vivaeurovision.com\/#organization","name":"vivaeurovision","url":"https:\/\/www.vivaeurovision.com\/","logo":{"@type":"ImageObject","inLanguage":"es","@id":"https:\/\/www.vivaeurovision.com\/#\/schema\/logo\/image\/","url":"https:\/\/www.vivaeurovision.com\/wp-content\/uploads\/2016\/01\/cropped-image-21-1.jpeg","contentUrl":"https:\/\/www.vivaeurovision.com\/wp-content\/uploads\/2016\/01\/cropped-image-21-1.jpeg","width":669,"height":368,"caption":"vivaeurovision"},"image":{"@id":"https:\/\/www.vivaeurovision.com\/#\/schema\/logo\/image\/"}},{"@type":"Person","@id":"https:\/\/www.vivaeurovision.com\/#\/schema\/person\/1d31fdaa3f5f7df556f73d164bd3c47a","name":"Pedro Palomo","image":{"@type":"ImageObject","inLanguage":"es","@id":"https:\/\/secure.gravatar.com\/avatar\/4cf9a4877f5f71f44fb7cedbe1bac1bd28bd8ce7a217517d98d5b2117f9f5505?s=96&d=mm&r=g","url":"https:\/\/secure.gravatar.com\/avatar\/4cf9a4877f5f71f44fb7cedbe1bac1bd28bd8ce7a217517d98d5b2117f9f5505?s=96&d=mm&r=g","contentUrl":"https:\/\/secure.gravatar.com\/avatar\/4cf9a4877f5f71f44fb7cedbe1bac1bd28bd8ce7a217517d98d5b2117f9f5505?s=96&d=mm&r=g","caption":"Pedro Palomo"},"sameAs":["http:\/\/www.vivaeurovision.com","@pedrobcn","https:\/\/x.com\/@pedropalomobcn"]}]}},"_links":{"self":[{"href":"https:\/\/www.vivaeurovision.com\/index.php\/wp-json\/wp\/v2\/posts\/11078","targetHints":{"allow":["GET"]}}],"collection":[{"href":"https:\/\/www.vivaeurovision.com\/index.php\/wp-json\/wp\/v2\/posts"}],"about":[{"href":"https:\/\/www.vivaeurovision.com\/index.php\/wp-json\/wp\/v2\/types\/post"}],"author":[{"embeddable":true,"href":"https:\/\/www.vivaeurovision.com\/index.php\/wp-json\/wp\/v2\/users\/1"}],"replies":[{"embeddable":true,"href":"https:\/\/www.vivaeurovision.com\/index.php\/wp-json\/wp\/v2\/comments?post=11078"}],"version-history":[{"count":3,"href":"https:\/\/www.vivaeurovision.com\/index.php\/wp-json\/wp\/v2\/posts\/11078\/revisions"}],"predecessor-version":[{"id":11106,"href":"https:\/\/www.vivaeurovision.com\/index.php\/wp-json\/wp\/v2\/posts\/11078\/revisions\/11106"}],"wp:featuredmedia":[{"embeddable":true,"href":"https:\/\/www.vivaeurovision.com\/index.php\/wp-json\/wp\/v2\/media\/11105"}],"wp:attachment":[{"href":"https:\/\/www.vivaeurovision.com\/index.php\/wp-json\/wp\/v2\/media?parent=11078"}],"wp:term":[{"taxonomy":"category","embeddable":true,"href":"https:\/\/www.vivaeurovision.com\/index.php\/wp-json\/wp\/v2\/categories?post=11078"},{"taxonomy":"post_tag","embeddable":true,"href":"https:\/\/www.vivaeurovision.com\/index.php\/wp-json\/wp\/v2\/tags?post=11078"}],"curies":[{"name":"wp","href":"https:\/\/api.w.org\/{rel}","templated":true}]}}