{"id":111,"date":"2016-01-17T00:56:10","date_gmt":"2016-01-17T00:56:10","guid":{"rendered":"http:\/\/www.vivaeurovision.com\/?p=111"},"modified":"2016-01-19T23:05:24","modified_gmt":"2016-01-19T23:05:24","slug":"ya-puedes-escuchar-los-12-temas-de-islandia","status":"publish","type":"post","link":"https:\/\/www.vivaeurovision.com\/index.php\/2016\/01\/17\/ya-puedes-escuchar-los-12-temas-de-islandia\/","title":{"rendered":"YA PUEDES ESCUCHAR LOS 12 TEMAS DE ISLANDIA"},"content":{"rendered":"<p><img loading=\"lazy\" decoding=\"async\" class=\"alignnone size-medium wp-image-112\" src=\"http:\/\/www.vivaeurovision.com\/wp-content\/uploads\/2016\/01\/untitled-300x137.png\" alt=\"untitled\" width=\"300\" height=\"137\" srcset=\"https:\/\/www.vivaeurovision.com\/wp-content\/uploads\/2016\/01\/untitled-300x137.png 300w, https:\/\/www.vivaeurovision.com\/wp-content\/uploads\/2016\/01\/untitled.png 332w\" sizes=\"auto, (max-width: 300px) 100vw, 300px\" \/><\/p>\n<p>R\u00daV la televisi\u00f3n p\u00fablica de Islandia ha dado a conocer las 12 canciones que competir\u00e1n en su preselecci\u00f3n <strong>S\u00d6NGVAKEPPNIN 2016<\/strong>.<\/p>\n<p>Las semifinales ser\u00e1n los d\u00edas 6 y 13 de febrero donde 6 canciones participaran en cada semifinal y el p\u00fablico ser\u00e1 el encargado de seleccionar 3 canciones en cada una de las semifinales.<\/p>\n<p>La gran final se celebrara el d\u00eda 20 de febrero donde los 6 finalistas elegidos por el p\u00fablico, competir\u00e1n para representar a Islandia en Estocolmo 2016. La candidatura ganadora ser\u00e1 elegida por el 50% de votos de un jurado experto y el 50% de votos de la audiencia.<\/p>\n<p><strong>Greta Salome<\/strong>, quien ya represento a Islandia en Eurovisi\u00f3n 2012, quiere volver a repetir la experiencia eurovisiva\u00a0y esta entre los 12 participantes<\/p>\n<p><img loading=\"lazy\" decoding=\"async\" class=\"alignnone size-medium wp-image-113\" src=\"http:\/\/www.vivaeurovision.com\/wp-content\/uploads\/2016\/01\/maxresdefault-300x169.jpg\" alt=\"maxresdefault\" width=\"300\" height=\"169\" srcset=\"https:\/\/www.vivaeurovision.com\/wp-content\/uploads\/2016\/01\/maxresdefault-300x169.jpg 300w, https:\/\/www.vivaeurovision.com\/wp-content\/uploads\/2016\/01\/maxresdefault-768x432.jpg 768w, https:\/\/www.vivaeurovision.com\/wp-content\/uploads\/2016\/01\/maxresdefault-1024x576.jpg 1024w, https:\/\/www.vivaeurovision.com\/wp-content\/uploads\/2016\/01\/maxresdefault.jpg 1280w\" sizes=\"auto, (max-width: 300px) 100vw, 300px\" \/><\/p>\n<p><strong>Listado completo de los 12 participantes:<\/strong><span style=\"color: black; font-family: arial; font-size: large;\"><br \/>\n<\/span><\/p>\n<p><em><strong>Sigga Eyr\u00fan<\/strong>\u00a0&#8211; Kreis\u00ed (Crazy)<\/em><\/p>\n<p><em><strong>Helgi Valur \u00c1sgeirsson<\/strong> &#8211; \u00d3v\u00e6r (Uneasy)<\/em><\/p>\n<p><em><strong>Erna Mist &amp;\u00a0Magn\u00fas Thorlacius<\/strong> &#8211; \u00d3t\u00f6lu\u00f0or\u00f0 (Unspoken words)<\/em><\/p>\n<p><em><strong>Erna Hr\u00f6nn \u00d3lafsd\u00f3ttir &amp;\u00a0Hj\u00f6rtur Traustason<\/strong> &#8211; Hugurminner (My mind is)<\/em><\/p>\n<p><em><strong>\u00de\u00f3rd\u00eds Birna Borgarsd\u00f3ttir\u00a0&amp;\u00a0Gu\u00f0mundur Snorri Sigur\u00f0arson<\/strong> &#8211; Spring yfirheiminn (All over the world)<\/em><\/p>\n<p><em><strong>Alda D\u00eds Arnard\u00f3ttir<\/strong> &#8211; Augnablik (One Moment)<\/em><\/p>\n<p><em><strong>Karlotta Sigur\u00f0ard\u00f3ttir<\/strong> &#8211; \u00d3st\u00f6\u00f0vandi (Unstoppable)<\/em><\/p>\n<p><em><strong>Ing\u00f3lfur \u00de\u00f3rarinsson<\/strong> &#8211; F\u00e1t\u00e6kurn\u00e1msma\u00f0ur (A broke student)<\/em><\/p>\n<p><em><strong>El\u00edsabet Ormslev<\/strong> &#8211; \u00c1 n\u00fd (Again)<\/em><\/p>\n<p><em><strong>Greta Salome Stef\u00e1nsd\u00f3ttir<\/strong> &#8211; Raddirnar (The Voices)<\/em><\/p>\n<p><em><strong>Sigr\u00ed\u00f0ur Eir Zophoniasard\u00f3ttir &amp; J\u00f3hanna Vala H\u00f6skuldsd\u00f3ttir<\/strong> &#8211; \u00c9gs\u00e9\u00feig (I see you)<\/em><\/p>\n<p><em><strong>P\u00e1lmi Gunnarsson<\/strong> &#8211; \u00c9glei\u00f0i\u00feigheim (I lead you home)<\/em><\/p>\n<p><span style=\"text-decoration: underline;\"><strong><a href=\"http:\/\/www.ruv.is\/songvakeppnin\/login\" target=\"_blank\">ESCUCHA AQUI LAS CANCIONES PARTICIPANTES<\/a><\/strong><\/span><\/p>\n<p>Twitter\u00a0<strong> <a href=\"https:\/\/twitter.com\/viva_eurovision\" target=\"_blank\">@viva_eurovision<\/a>\u00a0 <a href=\"https:\/\/www.facebook.com\/Vivaeurovisioncom-867806686671081\/?fref=nf\" target=\"_blank\">FACEBOOK OFICIAL VIVA EUROVISION <\/a><\/strong>Instragram <strong>@vivaeurovision<\/strong><\/p>\n<p>Fuente y fotograf\u00edas: R\u00daV<\/p>\n<p>Redactor: Pedro Palomo Twitter <strong><a href=\"https:\/\/twitter.com\/pedropalomobcn?lang=es\" target=\"_blank\">@pedropalomobcn<\/a> <\/strong>Instragram <strong>@pedrobcn<\/strong><\/p>\n<p>&nbsp;<\/p>\n<p><span style=\"color: black; font-family: arial; font-size: large;\">\u00a0<\/span><\/p>\n<p>&nbsp;<\/p>\n","protected":false},"excerpt":{"rendered":"<p>R\u00daV la televisi\u00f3n p\u00fablica de Islandia ha dado a conocer las 12 canciones que competir\u00e1n en su preselecci\u00f3n S\u00d6NGVAKEPPNIN 2016. Las semifinales ser\u00e1n los d\u00edas 6 y 13 de febrero&#46;&#46;&#46;<\/p>\n","protected":false},"author":1,"featured_media":114,"comment_status":"open","ping_status":"open","sticky":false,"template":"","format":"standard","meta":{"_exactmetrics_skip_tracking":false,"_exactmetrics_sitenote_active":false,"_exactmetrics_sitenote_note":"","_exactmetrics_sitenote_category":0,"footnotes":""},"categories":[7,1],"tags":[17,30,13,14,11,12,85,82,86,84,19,83,81],"class_list":["post-111","post","type-post","status-publish","format-standard","has-post-thumbnail","hentry","category-eurovision-2016","category-sin-categoria","tag-esc","tag-esc-2016","tag-estocolmo","tag-estocolmo-2016","tag-eurovision","tag-eurovision-2016","tag-eurovision-iceland-2016","tag-greta-salome","tag-iceland-2016","tag-islandia","tag-pedro-palomo","tag-ruv","tag-songvakeppnin-2016"],"yoast_head":"<!-- This site is optimized with the Yoast SEO plugin v27.5 - https:\/\/yoast.com\/product\/yoast-seo-wordpress\/ -->\n<title>YA PUEDES ESCUCHAR LOS 12 TEMAS DE ISLANDIA - VIVAEUROVISION viva eurovision<\/title>\n<meta name=\"robots\" content=\"index, follow, max-snippet:-1, max-image-preview:large, max-video-preview:-1\" \/>\n<link rel=\"canonical\" href=\"https:\/\/www.vivaeurovision.com\/index.php\/2016\/01\/17\/ya-puedes-escuchar-los-12-temas-de-islandia\/\" \/>\n<meta property=\"og:locale\" content=\"es_ES\" \/>\n<meta property=\"og:type\" content=\"article\" \/>\n<meta property=\"og:title\" content=\"YA PUEDES ESCUCHAR LOS 12 TEMAS DE ISLANDIA - VIVAEUROVISION viva eurovision\" \/>\n<meta property=\"og:description\" content=\"R\u00daV la televisi\u00f3n p\u00fablica de Islandia ha dado a conocer las 12 canciones que competir\u00e1n en su preselecci\u00f3n S\u00d6NGVAKEPPNIN 2016. Las semifinales ser\u00e1n los d\u00edas 6 y 13 de febrero&#046;&#046;&#046;\" \/>\n<meta property=\"og:url\" content=\"https:\/\/www.vivaeurovision.com\/index.php\/2016\/01\/17\/ya-puedes-escuchar-los-12-temas-de-islandia\/\" \/>\n<meta property=\"og:site_name\" content=\"VIVAEUROVISION viva eurovision\" \/>\n<meta property=\"article:published_time\" content=\"2016-01-17T00:56:10+00:00\" \/>\n<meta property=\"article:modified_time\" content=\"2016-01-19T23:05:24+00:00\" \/>\n<meta property=\"og:image\" content=\"https:\/\/www.vivaeurovision.com\/wp-content\/uploads\/2016\/01\/Archivo-17-1-16-1-29-13.jpeg\" \/>\n\t<meta property=\"og:image:width\" content=\"2144\" \/>\n\t<meta property=\"og:image:height\" content=\"1611\" \/>\n\t<meta property=\"og:image:type\" content=\"image\/jpeg\" \/>\n<meta name=\"author\" content=\"Pedro Palomo\" \/>\n<meta name=\"twitter:card\" content=\"summary_large_image\" \/>\n<meta name=\"twitter:creator\" content=\"@pedropalomobcn\" \/>\n<meta name=\"twitter:label1\" content=\"Escrito por\" \/>\n\t<meta name=\"twitter:data1\" content=\"Pedro Palomo\" \/>\n\t<meta name=\"twitter:label2\" content=\"Tiempo de lectura\" \/>\n\t<meta name=\"twitter:data2\" content=\"1 minuto\" \/>\n<script type=\"application\/ld+json\" class=\"yoast-schema-graph\">{\"@context\":\"https:\\\/\\\/schema.org\",\"@graph\":[{\"@type\":\"Article\",\"@id\":\"https:\\\/\\\/www.vivaeurovision.com\\\/index.php\\\/2016\\\/01\\\/17\\\/ya-puedes-escuchar-los-12-temas-de-islandia\\\/#article\",\"isPartOf\":{\"@id\":\"https:\\\/\\\/www.vivaeurovision.com\\\/index.php\\\/2016\\\/01\\\/17\\\/ya-puedes-escuchar-los-12-temas-de-islandia\\\/\"},\"author\":{\"name\":\"Pedro Palomo\",\"@id\":\"https:\\\/\\\/www.vivaeurovision.com\\\/#\\\/schema\\\/person\\\/1d31fdaa3f5f7df556f73d164bd3c47a\"},\"headline\":\"YA PUEDES ESCUCHAR LOS 12 TEMAS DE ISLANDIA\",\"datePublished\":\"2016-01-17T00:56:10+00:00\",\"dateModified\":\"2016-01-19T23:05:24+00:00\",\"mainEntityOfPage\":{\"@id\":\"https:\\\/\\\/www.vivaeurovision.com\\\/index.php\\\/2016\\\/01\\\/17\\\/ya-puedes-escuchar-los-12-temas-de-islandia\\\/\"},\"wordCount\":295,\"commentCount\":0,\"publisher\":{\"@id\":\"https:\\\/\\\/www.vivaeurovision.com\\\/#organization\"},\"image\":{\"@id\":\"https:\\\/\\\/www.vivaeurovision.com\\\/index.php\\\/2016\\\/01\\\/17\\\/ya-puedes-escuchar-los-12-temas-de-islandia\\\/#primaryimage\"},\"thumbnailUrl\":\"https:\\\/\\\/www.vivaeurovision.com\\\/wp-content\\\/uploads\\\/2016\\\/01\\\/Archivo-17-1-16-1-29-13.jpeg\",\"keywords\":[\"ESC\",\"Esc 2016\",\"Estocolmo\",\"Estocolmo 2016\",\"Eurovision\",\"Eurovisi\u00f3n 2016\",\"Eurovision Iceland 2016\",\"Greta Salome\",\"Iceland 2016\",\"ISLANDIA\",\"Pedro Palomo\",\"R\u00daV\",\"S\u00d6NGVAKEPPNIN 2016\"],\"articleSection\":[\"Eurovisi\u00f3n 2016\"],\"inLanguage\":\"es\",\"potentialAction\":[{\"@type\":\"CommentAction\",\"name\":\"Comment\",\"target\":[\"https:\\\/\\\/www.vivaeurovision.com\\\/index.php\\\/2016\\\/01\\\/17\\\/ya-puedes-escuchar-los-12-temas-de-islandia\\\/#respond\"]}]},{\"@type\":\"WebPage\",\"@id\":\"https:\\\/\\\/www.vivaeurovision.com\\\/index.php\\\/2016\\\/01\\\/17\\\/ya-puedes-escuchar-los-12-temas-de-islandia\\\/\",\"url\":\"https:\\\/\\\/www.vivaeurovision.com\\\/index.php\\\/2016\\\/01\\\/17\\\/ya-puedes-escuchar-los-12-temas-de-islandia\\\/\",\"name\":\"YA PUEDES ESCUCHAR LOS 12 TEMAS DE ISLANDIA - VIVAEUROVISION viva eurovision\",\"isPartOf\":{\"@id\":\"https:\\\/\\\/www.vivaeurovision.com\\\/#website\"},\"primaryImageOfPage\":{\"@id\":\"https:\\\/\\\/www.vivaeurovision.com\\\/index.php\\\/2016\\\/01\\\/17\\\/ya-puedes-escuchar-los-12-temas-de-islandia\\\/#primaryimage\"},\"image\":{\"@id\":\"https:\\\/\\\/www.vivaeurovision.com\\\/index.php\\\/2016\\\/01\\\/17\\\/ya-puedes-escuchar-los-12-temas-de-islandia\\\/#primaryimage\"},\"thumbnailUrl\":\"https:\\\/\\\/www.vivaeurovision.com\\\/wp-content\\\/uploads\\\/2016\\\/01\\\/Archivo-17-1-16-1-29-13.jpeg\",\"datePublished\":\"2016-01-17T00:56:10+00:00\",\"dateModified\":\"2016-01-19T23:05:24+00:00\",\"breadcrumb\":{\"@id\":\"https:\\\/\\\/www.vivaeurovision.com\\\/index.php\\\/2016\\\/01\\\/17\\\/ya-puedes-escuchar-los-12-temas-de-islandia\\\/#breadcrumb\"},\"inLanguage\":\"es\",\"potentialAction\":[{\"@type\":\"ReadAction\",\"target\":[\"https:\\\/\\\/www.vivaeurovision.com\\\/index.php\\\/2016\\\/01\\\/17\\\/ya-puedes-escuchar-los-12-temas-de-islandia\\\/\"]}]},{\"@type\":\"ImageObject\",\"inLanguage\":\"es\",\"@id\":\"https:\\\/\\\/www.vivaeurovision.com\\\/index.php\\\/2016\\\/01\\\/17\\\/ya-puedes-escuchar-los-12-temas-de-islandia\\\/#primaryimage\",\"url\":\"https:\\\/\\\/www.vivaeurovision.com\\\/wp-content\\\/uploads\\\/2016\\\/01\\\/Archivo-17-1-16-1-29-13.jpeg\",\"contentUrl\":\"https:\\\/\\\/www.vivaeurovision.com\\\/wp-content\\\/uploads\\\/2016\\\/01\\\/Archivo-17-1-16-1-29-13.jpeg\",\"width\":2144,\"height\":1611},{\"@type\":\"BreadcrumbList\",\"@id\":\"https:\\\/\\\/www.vivaeurovision.com\\\/index.php\\\/2016\\\/01\\\/17\\\/ya-puedes-escuchar-los-12-temas-de-islandia\\\/#breadcrumb\",\"itemListElement\":[{\"@type\":\"ListItem\",\"position\":1,\"name\":\"Portada\",\"item\":\"https:\\\/\\\/www.vivaeurovision.com\\\/\"},{\"@type\":\"ListItem\",\"position\":2,\"name\":\"YA PUEDES ESCUCHAR LOS 12 TEMAS DE ISLANDIA\"}]},{\"@type\":\"WebSite\",\"@id\":\"https:\\\/\\\/www.vivaeurovision.com\\\/#website\",\"url\":\"https:\\\/\\\/www.vivaeurovision.com\\\/\",\"name\":\"VIVAEUROVISION viva eurovision\",\"description\":\"Tu portal sobre el Festival de Eurovision, eurovision, eurovisi\u00f3n\",\"publisher\":{\"@id\":\"https:\\\/\\\/www.vivaeurovision.com\\\/#organization\"},\"potentialAction\":[{\"@type\":\"SearchAction\",\"target\":{\"@type\":\"EntryPoint\",\"urlTemplate\":\"https:\\\/\\\/www.vivaeurovision.com\\\/?s={search_term_string}\"},\"query-input\":{\"@type\":\"PropertyValueSpecification\",\"valueRequired\":true,\"valueName\":\"search_term_string\"}}],\"inLanguage\":\"es\"},{\"@type\":\"Organization\",\"@id\":\"https:\\\/\\\/www.vivaeurovision.com\\\/#organization\",\"name\":\"vivaeurovision\",\"url\":\"https:\\\/\\\/www.vivaeurovision.com\\\/\",\"logo\":{\"@type\":\"ImageObject\",\"inLanguage\":\"es\",\"@id\":\"https:\\\/\\\/www.vivaeurovision.com\\\/#\\\/schema\\\/logo\\\/image\\\/\",\"url\":\"https:\\\/\\\/www.vivaeurovision.com\\\/wp-content\\\/uploads\\\/2016\\\/01\\\/cropped-image-21-1.jpeg\",\"contentUrl\":\"https:\\\/\\\/www.vivaeurovision.com\\\/wp-content\\\/uploads\\\/2016\\\/01\\\/cropped-image-21-1.jpeg\",\"width\":669,\"height\":368,\"caption\":\"vivaeurovision\"},\"image\":{\"@id\":\"https:\\\/\\\/www.vivaeurovision.com\\\/#\\\/schema\\\/logo\\\/image\\\/\"}},{\"@type\":\"Person\",\"@id\":\"https:\\\/\\\/www.vivaeurovision.com\\\/#\\\/schema\\\/person\\\/1d31fdaa3f5f7df556f73d164bd3c47a\",\"name\":\"Pedro Palomo\",\"image\":{\"@type\":\"ImageObject\",\"inLanguage\":\"es\",\"@id\":\"https:\\\/\\\/secure.gravatar.com\\\/avatar\\\/4cf9a4877f5f71f44fb7cedbe1bac1bd28bd8ce7a217517d98d5b2117f9f5505?s=96&d=mm&r=g\",\"url\":\"https:\\\/\\\/secure.gravatar.com\\\/avatar\\\/4cf9a4877f5f71f44fb7cedbe1bac1bd28bd8ce7a217517d98d5b2117f9f5505?s=96&d=mm&r=g\",\"contentUrl\":\"https:\\\/\\\/secure.gravatar.com\\\/avatar\\\/4cf9a4877f5f71f44fb7cedbe1bac1bd28bd8ce7a217517d98d5b2117f9f5505?s=96&d=mm&r=g\",\"caption\":\"Pedro Palomo\"},\"sameAs\":[\"http:\\\/\\\/www.vivaeurovision.com\",\"@pedrobcn\",\"https:\\\/\\\/x.com\\\/@pedropalomobcn\"]}]}<\/script>\n<!-- \/ Yoast SEO plugin. -->","yoast_head_json":{"title":"YA PUEDES ESCUCHAR LOS 12 TEMAS DE ISLANDIA - VIVAEUROVISION viva eurovision","robots":{"index":"index","follow":"follow","max-snippet":"max-snippet:-1","max-image-preview":"max-image-preview:large","max-video-preview":"max-video-preview:-1"},"canonical":"https:\/\/www.vivaeurovision.com\/index.php\/2016\/01\/17\/ya-puedes-escuchar-los-12-temas-de-islandia\/","og_locale":"es_ES","og_type":"article","og_title":"YA PUEDES ESCUCHAR LOS 12 TEMAS DE ISLANDIA - VIVAEUROVISION viva eurovision","og_description":"R\u00daV la televisi\u00f3n p\u00fablica de Islandia ha dado a conocer las 12 canciones que competir\u00e1n en su preselecci\u00f3n S\u00d6NGVAKEPPNIN 2016. Las semifinales ser\u00e1n los d\u00edas 6 y 13 de febrero&#46;&#46;&#46;","og_url":"https:\/\/www.vivaeurovision.com\/index.php\/2016\/01\/17\/ya-puedes-escuchar-los-12-temas-de-islandia\/","og_site_name":"VIVAEUROVISION viva eurovision","article_published_time":"2016-01-17T00:56:10+00:00","article_modified_time":"2016-01-19T23:05:24+00:00","og_image":[{"width":2144,"height":1611,"url":"https:\/\/www.vivaeurovision.com\/wp-content\/uploads\/2016\/01\/Archivo-17-1-16-1-29-13.jpeg","type":"image\/jpeg"}],"author":"Pedro Palomo","twitter_card":"summary_large_image","twitter_creator":"@pedropalomobcn","twitter_misc":{"Escrito por":"Pedro Palomo","Tiempo de lectura":"1 minuto"},"schema":{"@context":"https:\/\/schema.org","@graph":[{"@type":"Article","@id":"https:\/\/www.vivaeurovision.com\/index.php\/2016\/01\/17\/ya-puedes-escuchar-los-12-temas-de-islandia\/#article","isPartOf":{"@id":"https:\/\/www.vivaeurovision.com\/index.php\/2016\/01\/17\/ya-puedes-escuchar-los-12-temas-de-islandia\/"},"author":{"name":"Pedro Palomo","@id":"https:\/\/www.vivaeurovision.com\/#\/schema\/person\/1d31fdaa3f5f7df556f73d164bd3c47a"},"headline":"YA PUEDES ESCUCHAR LOS 12 TEMAS DE ISLANDIA","datePublished":"2016-01-17T00:56:10+00:00","dateModified":"2016-01-19T23:05:24+00:00","mainEntityOfPage":{"@id":"https:\/\/www.vivaeurovision.com\/index.php\/2016\/01\/17\/ya-puedes-escuchar-los-12-temas-de-islandia\/"},"wordCount":295,"commentCount":0,"publisher":{"@id":"https:\/\/www.vivaeurovision.com\/#organization"},"image":{"@id":"https:\/\/www.vivaeurovision.com\/index.php\/2016\/01\/17\/ya-puedes-escuchar-los-12-temas-de-islandia\/#primaryimage"},"thumbnailUrl":"https:\/\/www.vivaeurovision.com\/wp-content\/uploads\/2016\/01\/Archivo-17-1-16-1-29-13.jpeg","keywords":["ESC","Esc 2016","Estocolmo","Estocolmo 2016","Eurovision","Eurovisi\u00f3n 2016","Eurovision Iceland 2016","Greta Salome","Iceland 2016","ISLANDIA","Pedro Palomo","R\u00daV","S\u00d6NGVAKEPPNIN 2016"],"articleSection":["Eurovisi\u00f3n 2016"],"inLanguage":"es","potentialAction":[{"@type":"CommentAction","name":"Comment","target":["https:\/\/www.vivaeurovision.com\/index.php\/2016\/01\/17\/ya-puedes-escuchar-los-12-temas-de-islandia\/#respond"]}]},{"@type":"WebPage","@id":"https:\/\/www.vivaeurovision.com\/index.php\/2016\/01\/17\/ya-puedes-escuchar-los-12-temas-de-islandia\/","url":"https:\/\/www.vivaeurovision.com\/index.php\/2016\/01\/17\/ya-puedes-escuchar-los-12-temas-de-islandia\/","name":"YA PUEDES ESCUCHAR LOS 12 TEMAS DE ISLANDIA - VIVAEUROVISION viva eurovision","isPartOf":{"@id":"https:\/\/www.vivaeurovision.com\/#website"},"primaryImageOfPage":{"@id":"https:\/\/www.vivaeurovision.com\/index.php\/2016\/01\/17\/ya-puedes-escuchar-los-12-temas-de-islandia\/#primaryimage"},"image":{"@id":"https:\/\/www.vivaeurovision.com\/index.php\/2016\/01\/17\/ya-puedes-escuchar-los-12-temas-de-islandia\/#primaryimage"},"thumbnailUrl":"https:\/\/www.vivaeurovision.com\/wp-content\/uploads\/2016\/01\/Archivo-17-1-16-1-29-13.jpeg","datePublished":"2016-01-17T00:56:10+00:00","dateModified":"2016-01-19T23:05:24+00:00","breadcrumb":{"@id":"https:\/\/www.vivaeurovision.com\/index.php\/2016\/01\/17\/ya-puedes-escuchar-los-12-temas-de-islandia\/#breadcrumb"},"inLanguage":"es","potentialAction":[{"@type":"ReadAction","target":["https:\/\/www.vivaeurovision.com\/index.php\/2016\/01\/17\/ya-puedes-escuchar-los-12-temas-de-islandia\/"]}]},{"@type":"ImageObject","inLanguage":"es","@id":"https:\/\/www.vivaeurovision.com\/index.php\/2016\/01\/17\/ya-puedes-escuchar-los-12-temas-de-islandia\/#primaryimage","url":"https:\/\/www.vivaeurovision.com\/wp-content\/uploads\/2016\/01\/Archivo-17-1-16-1-29-13.jpeg","contentUrl":"https:\/\/www.vivaeurovision.com\/wp-content\/uploads\/2016\/01\/Archivo-17-1-16-1-29-13.jpeg","width":2144,"height":1611},{"@type":"BreadcrumbList","@id":"https:\/\/www.vivaeurovision.com\/index.php\/2016\/01\/17\/ya-puedes-escuchar-los-12-temas-de-islandia\/#breadcrumb","itemListElement":[{"@type":"ListItem","position":1,"name":"Portada","item":"https:\/\/www.vivaeurovision.com\/"},{"@type":"ListItem","position":2,"name":"YA PUEDES ESCUCHAR LOS 12 TEMAS DE ISLANDIA"}]},{"@type":"WebSite","@id":"https:\/\/www.vivaeurovision.com\/#website","url":"https:\/\/www.vivaeurovision.com\/","name":"VIVAEUROVISION viva eurovision","description":"Tu portal sobre el Festival de Eurovision, eurovision, eurovisi\u00f3n","publisher":{"@id":"https:\/\/www.vivaeurovision.com\/#organization"},"potentialAction":[{"@type":"SearchAction","target":{"@type":"EntryPoint","urlTemplate":"https:\/\/www.vivaeurovision.com\/?s={search_term_string}"},"query-input":{"@type":"PropertyValueSpecification","valueRequired":true,"valueName":"search_term_string"}}],"inLanguage":"es"},{"@type":"Organization","@id":"https:\/\/www.vivaeurovision.com\/#organization","name":"vivaeurovision","url":"https:\/\/www.vivaeurovision.com\/","logo":{"@type":"ImageObject","inLanguage":"es","@id":"https:\/\/www.vivaeurovision.com\/#\/schema\/logo\/image\/","url":"https:\/\/www.vivaeurovision.com\/wp-content\/uploads\/2016\/01\/cropped-image-21-1.jpeg","contentUrl":"https:\/\/www.vivaeurovision.com\/wp-content\/uploads\/2016\/01\/cropped-image-21-1.jpeg","width":669,"height":368,"caption":"vivaeurovision"},"image":{"@id":"https:\/\/www.vivaeurovision.com\/#\/schema\/logo\/image\/"}},{"@type":"Person","@id":"https:\/\/www.vivaeurovision.com\/#\/schema\/person\/1d31fdaa3f5f7df556f73d164bd3c47a","name":"Pedro Palomo","image":{"@type":"ImageObject","inLanguage":"es","@id":"https:\/\/secure.gravatar.com\/avatar\/4cf9a4877f5f71f44fb7cedbe1bac1bd28bd8ce7a217517d98d5b2117f9f5505?s=96&d=mm&r=g","url":"https:\/\/secure.gravatar.com\/avatar\/4cf9a4877f5f71f44fb7cedbe1bac1bd28bd8ce7a217517d98d5b2117f9f5505?s=96&d=mm&r=g","contentUrl":"https:\/\/secure.gravatar.com\/avatar\/4cf9a4877f5f71f44fb7cedbe1bac1bd28bd8ce7a217517d98d5b2117f9f5505?s=96&d=mm&r=g","caption":"Pedro Palomo"},"sameAs":["http:\/\/www.vivaeurovision.com","@pedrobcn","https:\/\/x.com\/@pedropalomobcn"]}]}},"_links":{"self":[{"href":"https:\/\/www.vivaeurovision.com\/index.php\/wp-json\/wp\/v2\/posts\/111","targetHints":{"allow":["GET"]}}],"collection":[{"href":"https:\/\/www.vivaeurovision.com\/index.php\/wp-json\/wp\/v2\/posts"}],"about":[{"href":"https:\/\/www.vivaeurovision.com\/index.php\/wp-json\/wp\/v2\/types\/post"}],"author":[{"embeddable":true,"href":"https:\/\/www.vivaeurovision.com\/index.php\/wp-json\/wp\/v2\/users\/1"}],"replies":[{"embeddable":true,"href":"https:\/\/www.vivaeurovision.com\/index.php\/wp-json\/wp\/v2\/comments?post=111"}],"version-history":[{"count":0,"href":"https:\/\/www.vivaeurovision.com\/index.php\/wp-json\/wp\/v2\/posts\/111\/revisions"}],"wp:featuredmedia":[{"embeddable":true,"href":"https:\/\/www.vivaeurovision.com\/index.php\/wp-json\/wp\/v2\/media\/114"}],"wp:attachment":[{"href":"https:\/\/www.vivaeurovision.com\/index.php\/wp-json\/wp\/v2\/media?parent=111"}],"wp:term":[{"taxonomy":"category","embeddable":true,"href":"https:\/\/www.vivaeurovision.com\/index.php\/wp-json\/wp\/v2\/categories?post=111"},{"taxonomy":"post_tag","embeddable":true,"href":"https:\/\/www.vivaeurovision.com\/index.php\/wp-json\/wp\/v2\/tags?post=111"}],"curies":[{"name":"wp","href":"https:\/\/api.w.org\/{rel}","templated":true}]}}