{"id":11695,"date":"2021-08-31T22:15:20","date_gmt":"2021-08-31T22:15:20","guid":{"rendered":"http:\/\/www.vivaeurovision.com\/?p=11695"},"modified":"2021-08-31T22:15:23","modified_gmt":"2021-08-31T22:15:23","slug":"11695-eurovision-2022","status":"publish","type":"post","link":"https:\/\/www.vivaeurovision.com\/index.php\/2021\/08\/31\/11695-eurovision-2022\/","title":{"rendered":"Da comienzo de forma oficial la temporada \u201cEurovision 2022\u201d"},"content":{"rendered":"\n\n\n<h2>Da comienzo de forma oficial la temporada \u201cEurovision 2022\u201d<\/h2>\n<p><img loading=\"lazy\" decoding=\"async\" class=\"alignnone size-medium wp-image-11752\" src=\"http:\/\/www.vivaeurovision.com\/wp-content\/uploads\/2021\/08\/BBBAB12C-5536-4324-B7CC-BE77FE49D6D4-300x169.png\" alt=\"eurovision 2022\" width=\"300\" height=\"169\" srcset=\"https:\/\/www.vivaeurovision.com\/wp-content\/uploads\/2021\/08\/BBBAB12C-5536-4324-B7CC-BE77FE49D6D4-300x169.png 300w, https:\/\/www.vivaeurovision.com\/wp-content\/uploads\/2021\/08\/BBBAB12C-5536-4324-B7CC-BE77FE49D6D4-700x394.png 700w, https:\/\/www.vivaeurovision.com\/wp-content\/uploads\/2021\/08\/BBBAB12C-5536-4324-B7CC-BE77FE49D6D4-1536x864.png 1536w, https:\/\/www.vivaeurovision.com\/wp-content\/uploads\/2021\/08\/BBBAB12C-5536-4324-B7CC-BE77FE49D6D4-2048x1152.png 2048w\" sizes=\"auto, (max-width: 300px) 100vw, 300px\" \/><\/p>\n<p>Hoy 1 de septiembre de 2021, da comienzo de forma oficial la temporada hacia el Festival de Eurovisi\u00f3n 2022.\u00a0<br \/>Desde hoy todas las canciones que cumplan los requisitos y normativas podr\u00e1n participar en el festival de eurovision.\u00a0<br \/>Espa\u00f1a con un grupo de referencia nuevo con<strong> Eva Mora<\/strong> como jefa de la delegaci\u00f3n, junto a ella <strong>Mar\u00eda Eizaguirre; Esteban Calle<\/strong>, de Marketing RTVE;\u00a0<strong>C\u00e9sar Vallejo,\u00a0<\/strong>responsable de Documental Digital y enviado especial en seis ediciones del festival<strong>; Irene Mah\u00eda,\u00a0<\/strong>coordinadora de Contenidos de Actualidad de Playz y enviada especial a Eurovisi\u00f3n en seis ediciones;\u00a0<strong>Fernando Mac\u00edas,\u00a0<\/strong>de\u00a0RTVE Play, coordinador de la web de Eurovisi\u00f3n en RTVE y enviado especial desde 2018<strong>;<\/strong>\u00a0<strong>Javier Martin<\/strong>, periodista de Informativos de RTVE;\u00a0<strong>Jordi Vives,<\/strong>\u00a0realizador de programas musicales<strong>; Julia Varela<\/strong>, comentarista de Eurovisi\u00f3n desde 2015 y directora y presentadora de\u00a0\u2018Tarde lo que tarde\u2019, en RNE; y los especialistas de Radio 3\u00a0<strong>Virginia D\u00edaz<\/strong>\u00a0(\u2018180 grados\u2019,\u00a0\u2018Cachitos\u2019\u00a0en La 2) y<strong>\u00a0Julio R\u00f3denas\u00a0<\/strong>(\u2018Turbo 3\u2019)<strong>.\u00a0<\/strong>Grupo depender\u00e1 de\u00a0<strong>Ana Mar\u00eda Bordas y Amalia Mart\u00ednez<\/strong>. <\/p>\n<p><img loading=\"lazy\" decoding=\"async\" class=\"alignnone size-medium wp-image-11743\" src=\"http:\/\/www.vivaeurovision.com\/wp-content\/uploads\/2021\/08\/0539FEB6-D20A-47F7-B1DB-0DA36F5539B0-300x169.jpeg\" alt=\"Eva mora\" width=\"300\" height=\"169\" srcset=\"https:\/\/www.vivaeurovision.com\/wp-content\/uploads\/2021\/08\/0539FEB6-D20A-47F7-B1DB-0DA36F5539B0-300x169.jpeg 300w, https:\/\/www.vivaeurovision.com\/wp-content\/uploads\/2021\/08\/0539FEB6-D20A-47F7-B1DB-0DA36F5539B0-700x394.jpeg 700w, https:\/\/www.vivaeurovision.com\/wp-content\/uploads\/2021\/08\/0539FEB6-D20A-47F7-B1DB-0DA36F5539B0-1536x864.jpeg 1536w, https:\/\/www.vivaeurovision.com\/wp-content\/uploads\/2021\/08\/0539FEB6-D20A-47F7-B1DB-0DA36F5539B0.jpeg 1600w\" sizes=\"auto, (max-width: 300px) 100vw, 300px\" \/><\/p>\n<p><img loading=\"lazy\" decoding=\"async\" class=\"alignnone size-medium wp-image-11734\" src=\"http:\/\/www.vivaeurovision.com\/wp-content\/uploads\/2021\/07\/A05B7716-CE5F-426F-84B7-3D83F2BA0D20-300x198.jpeg\" alt=\"\" width=\"300\" height=\"198\" srcset=\"https:\/\/www.vivaeurovision.com\/wp-content\/uploads\/2021\/07\/A05B7716-CE5F-426F-84B7-3D83F2BA0D20-300x198.jpeg 300w, https:\/\/www.vivaeurovision.com\/wp-content\/uploads\/2021\/07\/A05B7716-CE5F-426F-84B7-3D83F2BA0D20-700x462.jpeg 700w, https:\/\/www.vivaeurovision.com\/wp-content\/uploads\/2021\/07\/A05B7716-CE5F-426F-84B7-3D83F2BA0D20.jpeg 1417w\" sizes=\"auto, (max-width: 300px) 100vw, 300px\" \/><\/p>\n<p>Un grupo renovado que ya trabaja en el certamen de Benidorm con el cual Espa\u00f1a seleccionar\u00e1 su candidatura para eurovision 2022 y el cual ser\u00e1 la preselecci\u00f3n anual con el sello de identidad de Espa\u00f1a, como otros pa\u00edses tienen sus festivales para seleccionar las canciones y cantantes que competir\u00e1n en eurovision.\u00a0<br \/><br \/><\/p>\n<p>En los pr\u00f3ximos d\u00edas la UER y la RAI anunciar\u00e1n la sede oficial de la 66 edici\u00f3n del Festival de Eurovisi\u00f3n, que se celebrar\u00e1 el pr\u00f3ximo mes de mayo y como ciudad anfitriona parte como favorita Mil\u00e1n.\u00a0<br \/><br \/><\/p>\n<p>Desde viva eurovision os mantendremos informados y damos a todos la bienvenida a la temporada eurovisivas repleta con mucha ilusi\u00f3n y fuerza.\u00a0<\/p>\n\n\n\n\n\n<figure class=\"wp-block-image\"><img loading=\"lazy\" decoding=\"async\" width=\"300\" height=\"165\" src=\"http:\/\/www.vivaeurovision.com\/wp-content\/uploads\/2016\/01\/image-21-300x165.jpeg\" alt=\"VIVAEUROVISION.COM\" class=\"wp-image-311\" srcset=\"https:\/\/www.vivaeurovision.com\/wp-content\/uploads\/2016\/01\/image-21-300x165.jpeg 300w, https:\/\/www.vivaeurovision.com\/wp-content\/uploads\/2016\/01\/image-21-555x305.jpeg 555w, https:\/\/www.vivaeurovision.com\/wp-content\/uploads\/2016\/01\/image-21.jpeg 669w\" sizes=\"auto, (max-width: 300px) 100vw, 300px\" \/><\/figure>\n\n\n\n<p>Youtube<\/p>\n\n\n\n<p><a href=\"https:\/\/www.youtube.com\/user\/gurrumi\" target=\"_blank\" rel=\"noopener noreferrer\">Pedro Palomo<\/a><\/p>\n\n\n\n<p>Twitter&nbsp;<strong> <a href=\"https:\/\/twitter.com\/viva_eurovision\" target=\"_blank\" rel=\"noopener noreferrer\">@viva_eurovision<\/a>&nbsp; <a href=\"https:\/\/www.facebook.com\/Vivaeurovisioncom-867806686671081\/?fref=nf\" target=\"_blank\" rel=\"noopener noreferrer\">FACEBOOK OFICIAL VIVA EUROVISION <\/a><\/strong>Instragram <strong>&nbsp;<\/strong><a href=\"https:\/\/www.instagram.com\/vivaeurovision\/\" target=\"_blank\" rel=\"noopener noreferrer\"><strong>@vivaeurovision<\/strong><\/a><\/p>\n\n\n\n<p>Redactor: Pedro Palomo <a href=\"https:\/\/twitter.com\/pedropalomobcn?lang=es\"><strong>@pedropalomobcn<\/strong><\/a><strong>&nbsp;<\/strong>Instagram <a href=\"https:\/\/www.instagram.com\/pedrobcn\/\" target=\"_blank\" rel=\"noopener noreferrer\"><strong>@pedrobcn<\/strong><\/a><\/p>\n\n\n\n\n\n\n\n\n\n\n","protected":false},"excerpt":{"rendered":"<p>Da comienzo de forma oficial la temporada \u201cEurovision 2022\u201d Hoy 1 de septiembre de 2021, da comienzo de forma oficial la temporada hacia el Festival de Eurovisi\u00f3n 2022.\u00a0Desde hoy todas&#46;&#46;&#46;<\/p>\n","protected":false},"author":1,"featured_media":11752,"comment_status":"open","ping_status":"closed","sticky":false,"template":"","format":"standard","meta":{"_exactmetrics_skip_tracking":false,"_exactmetrics_sitenote_active":false,"_exactmetrics_sitenote_note":"","_exactmetrics_sitenote_category":0,"footnotes":""},"categories":[6,1195,4498,4,1188,2,875,3],"tags":[4521,4530,4520,11,4287,4514,4531,1476,4526,706,1096,3725,4527,4496,4495,34,19,20,766,4519,23,22],"class_list":["post-11695","post","type-post","status-publish","format-standard","has-post-thumbnail","hentry","category-espana-en-eurovision","category-eurovision-2","category-eurovision-2022","category-eurovision","category-noticia-2","category-noticia","category-rincon-vivalamusica","category-ultima-hora","tag-benidorm-eurovision-2022","tag-esc-2022","tag-espana-eurovision-2022","tag-eurovision","tag-eurovision-2022","tag-eurovision-2022-italy","tag-eurovision-italy-2022","tag-eurovision-song-contest","tag-eurovision-song-contest-2022","tag-eurovision-song-contest-festival","tag-festival-de-eurovision","tag-festival-de-eurovision-2","tag-festival-de-eurovision-2022","tag-italia-eurovision-2022","tag-italy-eurovision-2022","tag-noticia","tag-pedro-palomo","tag-pedro-palomo-eurovision","tag-pedro-palomo-vivaeurovision","tag-spain-eurovision-2022","tag-viva-eurovision","tag-vivaeurovision"],"yoast_head":"<!-- This site is optimized with the Yoast SEO plugin v27.5 - https:\/\/yoast.com\/product\/yoast-seo-wordpress\/ -->\n<title>Da comienzo de forma oficial la temporada \u201cEurovision 2022\u201d - VIVAEUROVISION viva eurovision<\/title>\n<meta name=\"description\" content=\"eurovision 2022, viva eurovision, vivaeurovision, eurovision, festival de eurovision, eurovision song contest, eurovision italy 2022\" \/>\n<meta name=\"robots\" content=\"index, follow, max-snippet:-1, max-image-preview:large, max-video-preview:-1\" \/>\n<link rel=\"canonical\" href=\"https:\/\/www.vivaeurovision.com\/index.php\/2021\/08\/31\/11695-eurovision-2022\/\" \/>\n<meta property=\"og:locale\" content=\"es_ES\" \/>\n<meta property=\"og:type\" content=\"article\" \/>\n<meta property=\"og:title\" content=\"Da comienzo de forma oficial la temporada \u201cEurovision 2022\u201d - VIVAEUROVISION viva eurovision\" \/>\n<meta property=\"og:description\" content=\"eurovision 2022, viva eurovision, vivaeurovision, eurovision, festival de eurovision, eurovision song contest, eurovision italy 2022\" \/>\n<meta property=\"og:url\" content=\"https:\/\/www.vivaeurovision.com\/index.php\/2021\/08\/31\/11695-eurovision-2022\/\" \/>\n<meta property=\"og:site_name\" content=\"VIVAEUROVISION viva eurovision\" \/>\n<meta property=\"article:published_time\" content=\"2021-08-31T22:15:20+00:00\" \/>\n<meta property=\"article:modified_time\" content=\"2021-08-31T22:15:23+00:00\" \/>\n<meta property=\"og:image\" content=\"https:\/\/www.vivaeurovision.com\/wp-content\/uploads\/2021\/08\/BBBAB12C-5536-4324-B7CC-BE77FE49D6D4.png\" \/>\n\t<meta property=\"og:image:width\" content=\"2560\" \/>\n\t<meta property=\"og:image:height\" content=\"1440\" \/>\n\t<meta property=\"og:image:type\" content=\"image\/png\" \/>\n<meta name=\"author\" content=\"Pedro Palomo\" \/>\n<meta name=\"twitter:card\" content=\"summary_large_image\" \/>\n<meta name=\"twitter:creator\" content=\"@pedropalomobcn\" \/>\n<meta name=\"twitter:label1\" content=\"Escrito por\" \/>\n\t<meta name=\"twitter:data1\" content=\"Pedro Palomo\" \/>\n\t<meta name=\"twitter:label2\" content=\"Tiempo de lectura\" \/>\n\t<meta name=\"twitter:data2\" content=\"3 minutos\" \/>\n<script type=\"application\/ld+json\" class=\"yoast-schema-graph\">{\"@context\":\"https:\\\/\\\/schema.org\",\"@graph\":[{\"@type\":\"Article\",\"@id\":\"https:\\\/\\\/www.vivaeurovision.com\\\/index.php\\\/2021\\\/08\\\/31\\\/11695-eurovision-2022\\\/#article\",\"isPartOf\":{\"@id\":\"https:\\\/\\\/www.vivaeurovision.com\\\/index.php\\\/2021\\\/08\\\/31\\\/11695-eurovision-2022\\\/\"},\"author\":{\"name\":\"Pedro Palomo\",\"@id\":\"https:\\\/\\\/www.vivaeurovision.com\\\/#\\\/schema\\\/person\\\/1d31fdaa3f5f7df556f73d164bd3c47a\"},\"headline\":\"Da comienzo de forma oficial la temporada \u201cEurovision 2022\u201d\",\"datePublished\":\"2021-08-31T22:15:20+00:00\",\"dateModified\":\"2021-08-31T22:15:23+00:00\",\"mainEntityOfPage\":{\"@id\":\"https:\\\/\\\/www.vivaeurovision.com\\\/index.php\\\/2021\\\/08\\\/31\\\/11695-eurovision-2022\\\/\"},\"wordCount\":335,\"commentCount\":0,\"publisher\":{\"@id\":\"https:\\\/\\\/www.vivaeurovision.com\\\/#organization\"},\"image\":{\"@id\":\"https:\\\/\\\/www.vivaeurovision.com\\\/index.php\\\/2021\\\/08\\\/31\\\/11695-eurovision-2022\\\/#primaryimage\"},\"thumbnailUrl\":\"https:\\\/\\\/www.vivaeurovision.com\\\/wp-content\\\/uploads\\\/2021\\\/08\\\/BBBAB12C-5536-4324-B7CC-BE77FE49D6D4.png\",\"keywords\":[\"Benidorm eurovision 2022\",\"esc 2022\",\"espa\u00f1a eurovision 2022\",\"Eurovision\",\"eurovision 2022\",\"eurovision 2022 italy\",\"eurovision italy 2022\",\"eurovision song contest\",\"Eurovision Song Contest 2022\",\"eurovision song contest festival\",\"Festival de Eurovisi\u00f3n\",\"festival de eurovision\",\"festival de Eurovisi\u00f3n 2022\",\"italia eurovision 2022\",\"italy eurovision 2022\",\"Noticia\",\"Pedro Palomo\",\"Pedro Palomo Eurovision\",\"Pedro Palomo Vivaeurovision\",\"spain eurovision 2022\",\"viva eurovision\",\"vivaeurovision\"],\"articleSection\":[\"Espa\u00f1a en Eurovisi\u00f3n\",\"eurovision\",\"Eurovision 2022\",\"Inicio\",\"Noticia\",\"Noticias\",\"Rinc\u00f3n VIVALAMUSICA\",\"Ultima Hora\"],\"inLanguage\":\"es\",\"potentialAction\":[{\"@type\":\"CommentAction\",\"name\":\"Comment\",\"target\":[\"https:\\\/\\\/www.vivaeurovision.com\\\/index.php\\\/2021\\\/08\\\/31\\\/11695-eurovision-2022\\\/#respond\"]}]},{\"@type\":\"WebPage\",\"@id\":\"https:\\\/\\\/www.vivaeurovision.com\\\/index.php\\\/2021\\\/08\\\/31\\\/11695-eurovision-2022\\\/\",\"url\":\"https:\\\/\\\/www.vivaeurovision.com\\\/index.php\\\/2021\\\/08\\\/31\\\/11695-eurovision-2022\\\/\",\"name\":\"Da comienzo de forma oficial la temporada \u201cEurovision 2022\u201d - VIVAEUROVISION viva eurovision\",\"isPartOf\":{\"@id\":\"https:\\\/\\\/www.vivaeurovision.com\\\/#website\"},\"primaryImageOfPage\":{\"@id\":\"https:\\\/\\\/www.vivaeurovision.com\\\/index.php\\\/2021\\\/08\\\/31\\\/11695-eurovision-2022\\\/#primaryimage\"},\"image\":{\"@id\":\"https:\\\/\\\/www.vivaeurovision.com\\\/index.php\\\/2021\\\/08\\\/31\\\/11695-eurovision-2022\\\/#primaryimage\"},\"thumbnailUrl\":\"https:\\\/\\\/www.vivaeurovision.com\\\/wp-content\\\/uploads\\\/2021\\\/08\\\/BBBAB12C-5536-4324-B7CC-BE77FE49D6D4.png\",\"datePublished\":\"2021-08-31T22:15:20+00:00\",\"dateModified\":\"2021-08-31T22:15:23+00:00\",\"description\":\"eurovision 2022, viva eurovision, vivaeurovision, eurovision, festival de eurovision, eurovision song contest, eurovision italy 2022\",\"breadcrumb\":{\"@id\":\"https:\\\/\\\/www.vivaeurovision.com\\\/index.php\\\/2021\\\/08\\\/31\\\/11695-eurovision-2022\\\/#breadcrumb\"},\"inLanguage\":\"es\",\"potentialAction\":[{\"@type\":\"ReadAction\",\"target\":[\"https:\\\/\\\/www.vivaeurovision.com\\\/index.php\\\/2021\\\/08\\\/31\\\/11695-eurovision-2022\\\/\"]}]},{\"@type\":\"ImageObject\",\"inLanguage\":\"es\",\"@id\":\"https:\\\/\\\/www.vivaeurovision.com\\\/index.php\\\/2021\\\/08\\\/31\\\/11695-eurovision-2022\\\/#primaryimage\",\"url\":\"https:\\\/\\\/www.vivaeurovision.com\\\/wp-content\\\/uploads\\\/2021\\\/08\\\/BBBAB12C-5536-4324-B7CC-BE77FE49D6D4.png\",\"contentUrl\":\"https:\\\/\\\/www.vivaeurovision.com\\\/wp-content\\\/uploads\\\/2021\\\/08\\\/BBBAB12C-5536-4324-B7CC-BE77FE49D6D4.png\",\"width\":2560,\"height\":1440,\"caption\":\"eurovision 2022\"},{\"@type\":\"BreadcrumbList\",\"@id\":\"https:\\\/\\\/www.vivaeurovision.com\\\/index.php\\\/2021\\\/08\\\/31\\\/11695-eurovision-2022\\\/#breadcrumb\",\"itemListElement\":[{\"@type\":\"ListItem\",\"position\":1,\"name\":\"Portada\",\"item\":\"https:\\\/\\\/www.vivaeurovision.com\\\/\"},{\"@type\":\"ListItem\",\"position\":2,\"name\":\"Da comienzo de forma oficial la temporada \u201cEurovision 2022\u201d\"}]},{\"@type\":\"WebSite\",\"@id\":\"https:\\\/\\\/www.vivaeurovision.com\\\/#website\",\"url\":\"https:\\\/\\\/www.vivaeurovision.com\\\/\",\"name\":\"VIVAEUROVISION viva eurovision\",\"description\":\"Tu portal sobre el Festival de Eurovision, eurovision, eurovisi\u00f3n\",\"publisher\":{\"@id\":\"https:\\\/\\\/www.vivaeurovision.com\\\/#organization\"},\"potentialAction\":[{\"@type\":\"SearchAction\",\"target\":{\"@type\":\"EntryPoint\",\"urlTemplate\":\"https:\\\/\\\/www.vivaeurovision.com\\\/?s={search_term_string}\"},\"query-input\":{\"@type\":\"PropertyValueSpecification\",\"valueRequired\":true,\"valueName\":\"search_term_string\"}}],\"inLanguage\":\"es\"},{\"@type\":\"Organization\",\"@id\":\"https:\\\/\\\/www.vivaeurovision.com\\\/#organization\",\"name\":\"vivaeurovision\",\"url\":\"https:\\\/\\\/www.vivaeurovision.com\\\/\",\"logo\":{\"@type\":\"ImageObject\",\"inLanguage\":\"es\",\"@id\":\"https:\\\/\\\/www.vivaeurovision.com\\\/#\\\/schema\\\/logo\\\/image\\\/\",\"url\":\"https:\\\/\\\/www.vivaeurovision.com\\\/wp-content\\\/uploads\\\/2016\\\/01\\\/cropped-image-21-1.jpeg\",\"contentUrl\":\"https:\\\/\\\/www.vivaeurovision.com\\\/wp-content\\\/uploads\\\/2016\\\/01\\\/cropped-image-21-1.jpeg\",\"width\":669,\"height\":368,\"caption\":\"vivaeurovision\"},\"image\":{\"@id\":\"https:\\\/\\\/www.vivaeurovision.com\\\/#\\\/schema\\\/logo\\\/image\\\/\"}},{\"@type\":\"Person\",\"@id\":\"https:\\\/\\\/www.vivaeurovision.com\\\/#\\\/schema\\\/person\\\/1d31fdaa3f5f7df556f73d164bd3c47a\",\"name\":\"Pedro Palomo\",\"image\":{\"@type\":\"ImageObject\",\"inLanguage\":\"es\",\"@id\":\"https:\\\/\\\/secure.gravatar.com\\\/avatar\\\/4cf9a4877f5f71f44fb7cedbe1bac1bd28bd8ce7a217517d98d5b2117f9f5505?s=96&d=mm&r=g\",\"url\":\"https:\\\/\\\/secure.gravatar.com\\\/avatar\\\/4cf9a4877f5f71f44fb7cedbe1bac1bd28bd8ce7a217517d98d5b2117f9f5505?s=96&d=mm&r=g\",\"contentUrl\":\"https:\\\/\\\/secure.gravatar.com\\\/avatar\\\/4cf9a4877f5f71f44fb7cedbe1bac1bd28bd8ce7a217517d98d5b2117f9f5505?s=96&d=mm&r=g\",\"caption\":\"Pedro Palomo\"},\"sameAs\":[\"http:\\\/\\\/www.vivaeurovision.com\",\"@pedrobcn\",\"https:\\\/\\\/x.com\\\/@pedropalomobcn\"]}]}<\/script>\n<!-- \/ Yoast SEO plugin. -->","yoast_head_json":{"title":"Da comienzo de forma oficial la temporada \u201cEurovision 2022\u201d - VIVAEUROVISION viva eurovision","description":"eurovision 2022, viva eurovision, vivaeurovision, eurovision, festival de eurovision, eurovision song contest, eurovision italy 2022","robots":{"index":"index","follow":"follow","max-snippet":"max-snippet:-1","max-image-preview":"max-image-preview:large","max-video-preview":"max-video-preview:-1"},"canonical":"https:\/\/www.vivaeurovision.com\/index.php\/2021\/08\/31\/11695-eurovision-2022\/","og_locale":"es_ES","og_type":"article","og_title":"Da comienzo de forma oficial la temporada \u201cEurovision 2022\u201d - VIVAEUROVISION viva eurovision","og_description":"eurovision 2022, viva eurovision, vivaeurovision, eurovision, festival de eurovision, eurovision song contest, eurovision italy 2022","og_url":"https:\/\/www.vivaeurovision.com\/index.php\/2021\/08\/31\/11695-eurovision-2022\/","og_site_name":"VIVAEUROVISION viva eurovision","article_published_time":"2021-08-31T22:15:20+00:00","article_modified_time":"2021-08-31T22:15:23+00:00","og_image":[{"width":2560,"height":1440,"url":"https:\/\/www.vivaeurovision.com\/wp-content\/uploads\/2021\/08\/BBBAB12C-5536-4324-B7CC-BE77FE49D6D4.png","type":"image\/png"}],"author":"Pedro Palomo","twitter_card":"summary_large_image","twitter_creator":"@pedropalomobcn","twitter_misc":{"Escrito por":"Pedro Palomo","Tiempo de lectura":"3 minutos"},"schema":{"@context":"https:\/\/schema.org","@graph":[{"@type":"Article","@id":"https:\/\/www.vivaeurovision.com\/index.php\/2021\/08\/31\/11695-eurovision-2022\/#article","isPartOf":{"@id":"https:\/\/www.vivaeurovision.com\/index.php\/2021\/08\/31\/11695-eurovision-2022\/"},"author":{"name":"Pedro Palomo","@id":"https:\/\/www.vivaeurovision.com\/#\/schema\/person\/1d31fdaa3f5f7df556f73d164bd3c47a"},"headline":"Da comienzo de forma oficial la temporada \u201cEurovision 2022\u201d","datePublished":"2021-08-31T22:15:20+00:00","dateModified":"2021-08-31T22:15:23+00:00","mainEntityOfPage":{"@id":"https:\/\/www.vivaeurovision.com\/index.php\/2021\/08\/31\/11695-eurovision-2022\/"},"wordCount":335,"commentCount":0,"publisher":{"@id":"https:\/\/www.vivaeurovision.com\/#organization"},"image":{"@id":"https:\/\/www.vivaeurovision.com\/index.php\/2021\/08\/31\/11695-eurovision-2022\/#primaryimage"},"thumbnailUrl":"https:\/\/www.vivaeurovision.com\/wp-content\/uploads\/2021\/08\/BBBAB12C-5536-4324-B7CC-BE77FE49D6D4.png","keywords":["Benidorm eurovision 2022","esc 2022","espa\u00f1a eurovision 2022","Eurovision","eurovision 2022","eurovision 2022 italy","eurovision italy 2022","eurovision song contest","Eurovision Song Contest 2022","eurovision song contest festival","Festival de Eurovisi\u00f3n","festival de eurovision","festival de Eurovisi\u00f3n 2022","italia eurovision 2022","italy eurovision 2022","Noticia","Pedro Palomo","Pedro Palomo Eurovision","Pedro Palomo Vivaeurovision","spain eurovision 2022","viva eurovision","vivaeurovision"],"articleSection":["Espa\u00f1a en Eurovisi\u00f3n","eurovision","Eurovision 2022","Inicio","Noticia","Noticias","Rinc\u00f3n VIVALAMUSICA","Ultima Hora"],"inLanguage":"es","potentialAction":[{"@type":"CommentAction","name":"Comment","target":["https:\/\/www.vivaeurovision.com\/index.php\/2021\/08\/31\/11695-eurovision-2022\/#respond"]}]},{"@type":"WebPage","@id":"https:\/\/www.vivaeurovision.com\/index.php\/2021\/08\/31\/11695-eurovision-2022\/","url":"https:\/\/www.vivaeurovision.com\/index.php\/2021\/08\/31\/11695-eurovision-2022\/","name":"Da comienzo de forma oficial la temporada \u201cEurovision 2022\u201d - VIVAEUROVISION viva eurovision","isPartOf":{"@id":"https:\/\/www.vivaeurovision.com\/#website"},"primaryImageOfPage":{"@id":"https:\/\/www.vivaeurovision.com\/index.php\/2021\/08\/31\/11695-eurovision-2022\/#primaryimage"},"image":{"@id":"https:\/\/www.vivaeurovision.com\/index.php\/2021\/08\/31\/11695-eurovision-2022\/#primaryimage"},"thumbnailUrl":"https:\/\/www.vivaeurovision.com\/wp-content\/uploads\/2021\/08\/BBBAB12C-5536-4324-B7CC-BE77FE49D6D4.png","datePublished":"2021-08-31T22:15:20+00:00","dateModified":"2021-08-31T22:15:23+00:00","description":"eurovision 2022, viva eurovision, vivaeurovision, eurovision, festival de eurovision, eurovision song contest, eurovision italy 2022","breadcrumb":{"@id":"https:\/\/www.vivaeurovision.com\/index.php\/2021\/08\/31\/11695-eurovision-2022\/#breadcrumb"},"inLanguage":"es","potentialAction":[{"@type":"ReadAction","target":["https:\/\/www.vivaeurovision.com\/index.php\/2021\/08\/31\/11695-eurovision-2022\/"]}]},{"@type":"ImageObject","inLanguage":"es","@id":"https:\/\/www.vivaeurovision.com\/index.php\/2021\/08\/31\/11695-eurovision-2022\/#primaryimage","url":"https:\/\/www.vivaeurovision.com\/wp-content\/uploads\/2021\/08\/BBBAB12C-5536-4324-B7CC-BE77FE49D6D4.png","contentUrl":"https:\/\/www.vivaeurovision.com\/wp-content\/uploads\/2021\/08\/BBBAB12C-5536-4324-B7CC-BE77FE49D6D4.png","width":2560,"height":1440,"caption":"eurovision 2022"},{"@type":"BreadcrumbList","@id":"https:\/\/www.vivaeurovision.com\/index.php\/2021\/08\/31\/11695-eurovision-2022\/#breadcrumb","itemListElement":[{"@type":"ListItem","position":1,"name":"Portada","item":"https:\/\/www.vivaeurovision.com\/"},{"@type":"ListItem","position":2,"name":"Da comienzo de forma oficial la temporada \u201cEurovision 2022\u201d"}]},{"@type":"WebSite","@id":"https:\/\/www.vivaeurovision.com\/#website","url":"https:\/\/www.vivaeurovision.com\/","name":"VIVAEUROVISION viva eurovision","description":"Tu portal sobre el Festival de Eurovision, eurovision, eurovisi\u00f3n","publisher":{"@id":"https:\/\/www.vivaeurovision.com\/#organization"},"potentialAction":[{"@type":"SearchAction","target":{"@type":"EntryPoint","urlTemplate":"https:\/\/www.vivaeurovision.com\/?s={search_term_string}"},"query-input":{"@type":"PropertyValueSpecification","valueRequired":true,"valueName":"search_term_string"}}],"inLanguage":"es"},{"@type":"Organization","@id":"https:\/\/www.vivaeurovision.com\/#organization","name":"vivaeurovision","url":"https:\/\/www.vivaeurovision.com\/","logo":{"@type":"ImageObject","inLanguage":"es","@id":"https:\/\/www.vivaeurovision.com\/#\/schema\/logo\/image\/","url":"https:\/\/www.vivaeurovision.com\/wp-content\/uploads\/2016\/01\/cropped-image-21-1.jpeg","contentUrl":"https:\/\/www.vivaeurovision.com\/wp-content\/uploads\/2016\/01\/cropped-image-21-1.jpeg","width":669,"height":368,"caption":"vivaeurovision"},"image":{"@id":"https:\/\/www.vivaeurovision.com\/#\/schema\/logo\/image\/"}},{"@type":"Person","@id":"https:\/\/www.vivaeurovision.com\/#\/schema\/person\/1d31fdaa3f5f7df556f73d164bd3c47a","name":"Pedro Palomo","image":{"@type":"ImageObject","inLanguage":"es","@id":"https:\/\/secure.gravatar.com\/avatar\/4cf9a4877f5f71f44fb7cedbe1bac1bd28bd8ce7a217517d98d5b2117f9f5505?s=96&d=mm&r=g","url":"https:\/\/secure.gravatar.com\/avatar\/4cf9a4877f5f71f44fb7cedbe1bac1bd28bd8ce7a217517d98d5b2117f9f5505?s=96&d=mm&r=g","contentUrl":"https:\/\/secure.gravatar.com\/avatar\/4cf9a4877f5f71f44fb7cedbe1bac1bd28bd8ce7a217517d98d5b2117f9f5505?s=96&d=mm&r=g","caption":"Pedro Palomo"},"sameAs":["http:\/\/www.vivaeurovision.com","@pedrobcn","https:\/\/x.com\/@pedropalomobcn"]}]}},"_links":{"self":[{"href":"https:\/\/www.vivaeurovision.com\/index.php\/wp-json\/wp\/v2\/posts\/11695","targetHints":{"allow":["GET"]}}],"collection":[{"href":"https:\/\/www.vivaeurovision.com\/index.php\/wp-json\/wp\/v2\/posts"}],"about":[{"href":"https:\/\/www.vivaeurovision.com\/index.php\/wp-json\/wp\/v2\/types\/post"}],"author":[{"embeddable":true,"href":"https:\/\/www.vivaeurovision.com\/index.php\/wp-json\/wp\/v2\/users\/1"}],"replies":[{"embeddable":true,"href":"https:\/\/www.vivaeurovision.com\/index.php\/wp-json\/wp\/v2\/comments?post=11695"}],"version-history":[{"count":6,"href":"https:\/\/www.vivaeurovision.com\/index.php\/wp-json\/wp\/v2\/posts\/11695\/revisions"}],"predecessor-version":[{"id":11757,"href":"https:\/\/www.vivaeurovision.com\/index.php\/wp-json\/wp\/v2\/posts\/11695\/revisions\/11757"}],"wp:featuredmedia":[{"embeddable":true,"href":"https:\/\/www.vivaeurovision.com\/index.php\/wp-json\/wp\/v2\/media\/11752"}],"wp:attachment":[{"href":"https:\/\/www.vivaeurovision.com\/index.php\/wp-json\/wp\/v2\/media?parent=11695"}],"wp:term":[{"taxonomy":"category","embeddable":true,"href":"https:\/\/www.vivaeurovision.com\/index.php\/wp-json\/wp\/v2\/categories?post=11695"},{"taxonomy":"post_tag","embeddable":true,"href":"https:\/\/www.vivaeurovision.com\/index.php\/wp-json\/wp\/v2\/tags?post=11695"}],"curies":[{"name":"wp","href":"https:\/\/api.w.org\/{rel}","templated":true}]}}