{"id":11697,"date":"2021-09-03T05:14:56","date_gmt":"2021-09-03T05:14:56","guid":{"rendered":"http:\/\/www.vivaeurovision.com\/?p=11697"},"modified":"2021-09-03T05:14:58","modified_gmt":"2021-09-03T05:14:58","slug":"11697-abba-voyage","status":"publish","type":"post","link":"https:\/\/www.vivaeurovision.com\/index.php\/2021\/09\/03\/11697-abba-voyage\/","title":{"rendered":"ABBA, regresa con nuevo disco casi cuatro d\u00e9cadas despu\u00e9s de su disoluci\u00f3n"},"content":{"rendered":"\n\n\n<h2>ABBA, regresa con nuevo disco casi cuatro d\u00e9cadas despu\u00e9s de su disoluci\u00f3n<\/h2>\n<p><a href=\"http:\/\/www.vivaeurovision.com\/wp-content\/uploads\/2021\/09\/248430FC-6D85-4E1F-A6DA-750788F7934C.webp\"><img loading=\"lazy\" decoding=\"async\" class=\"alignnone size-medium wp-image-11759\" src=\"http:\/\/www.vivaeurovision.com\/wp-content\/uploads\/2021\/09\/248430FC-6D85-4E1F-A6DA-750788F7934C-300x169.webp\" alt=\"ABBA voyage \" width=\"300\" height=\"169\" srcset=\"https:\/\/www.vivaeurovision.com\/wp-content\/uploads\/2021\/09\/248430FC-6D85-4E1F-A6DA-750788F7934C-300x169.webp 300w, https:\/\/www.vivaeurovision.com\/wp-content\/uploads\/2021\/09\/248430FC-6D85-4E1F-A6DA-750788F7934C-700x394.webp 700w, https:\/\/www.vivaeurovision.com\/wp-content\/uploads\/2021\/09\/248430FC-6D85-4E1F-A6DA-750788F7934C.webp 800w\" sizes=\"auto, (max-width: 300px) 100vw, 300px\" \/><\/a><br \/><br \/><\/p>\n<p>Debido a la pandemia el grupo ha retrasado su regreso, pero casi 40 a\u00f1os despu\u00e9s el m\u00edtico grupo sueco vuelve con nuevo disco que se estrenar\u00e1 el pr\u00f3ximo mes de noviembre.\u00a0<br \/><br \/><\/p>\n<p>El t\u00edtulo del \u00e1lbum es Abba voyage, del cual ya se puede escuchar en todas las plataformas digitales dos de sus temas in\u00e9ditos, adem\u00e1s la banda sueca har\u00e1 un show virtual en los que ellos tambi\u00e9n estar\u00e1n presentes de forma virtual con sus propios Abba-tars en los m\u00e1s de 850 personas han trabajado en la recreaci\u00f3n de ellos.<\/p>\n<p><a href=\"http:\/\/www.vivaeurovision.com\/wp-content\/uploads\/2021\/09\/5E6A07A2-6C38-4DEB-B420-4B3479760603.webp\"><img loading=\"lazy\" decoding=\"async\" class=\"alignnone size-medium wp-image-11761\" src=\"http:\/\/www.vivaeurovision.com\/wp-content\/uploads\/2021\/09\/5E6A07A2-6C38-4DEB-B420-4B3479760603-300x92.webp\" alt=\"\" width=\"300\" height=\"92\" srcset=\"https:\/\/www.vivaeurovision.com\/wp-content\/uploads\/2021\/09\/5E6A07A2-6C38-4DEB-B420-4B3479760603-300x92.webp 300w, https:\/\/www.vivaeurovision.com\/wp-content\/uploads\/2021\/09\/5E6A07A2-6C38-4DEB-B420-4B3479760603-700x214.webp 700w, https:\/\/www.vivaeurovision.com\/wp-content\/uploads\/2021\/09\/5E6A07A2-6C38-4DEB-B420-4B3479760603.webp 800w\" sizes=\"auto, (max-width: 300px) 100vw, 300px\" \/><\/a><\/p>\n<figure class=\"wp-block-embed wp-block-embed-youtube is-type-video is-provider-youtube epyt-figure\"><div class=\"wp-block-embed__wrapper\"><iframe loading=\"lazy\"  id=\"_ytid_35659\"  width=\"480\" height=\"270\"  data-origwidth=\"480\" data-origheight=\"270\" src=\"https:\/\/www.youtube.com\/embed\/hWGWFa3jznI?enablejsapi=1&autoplay=0&cc_load_policy=0&cc_lang_pref=&iv_load_policy=1&loop=0&rel=1&fs=1&playsinline=0&autohide=2&theme=dark&color=red&controls=1&disablekb=0&\" class=\"__youtube_prefs__  no-lazyload\" title=\"YouTube player\"  allow=\"fullscreen; accelerometer; autoplay; clipboard-write; encrypted-media; gyroscope; picture-in-picture; web-share\" referrerpolicy=\"strict-origin-when-cross-origin\" allowfullscreen data-no-lazy=\"1\" data-skipgform_ajax_framebjll=\"\"><\/iframe><\/div><\/figure>\n<figure class=\"wp-block-embed wp-block-embed-youtube is-type-video is-provider-youtube epyt-figure\"><div class=\"wp-block-embed__wrapper\"><iframe loading=\"lazy\"  id=\"_ytid_16107\"  width=\"480\" height=\"270\"  data-origwidth=\"480\" data-origheight=\"270\" src=\"https:\/\/www.youtube.com\/embed\/pAzEY1MfXrQ?enablejsapi=1&autoplay=0&cc_load_policy=0&cc_lang_pref=&iv_load_policy=1&loop=0&rel=1&fs=1&playsinline=0&autohide=2&theme=dark&color=red&controls=1&disablekb=0&\" class=\"__youtube_prefs__  no-lazyload\" title=\"YouTube player\"  allow=\"fullscreen; accelerometer; autoplay; clipboard-write; encrypted-media; gyroscope; picture-in-picture; web-share\" referrerpolicy=\"strict-origin-when-cross-origin\" allowfullscreen data-no-lazy=\"1\" data-skipgform_ajax_framebjll=\"\"><\/iframe><\/div><\/figure>\n<p>\u00a0<\/p>\n\n\n\n\n\n<figure class=\"wp-block-image\"><img loading=\"lazy\" decoding=\"async\" width=\"300\" height=\"165\" src=\"http:\/\/www.vivaeurovision.com\/wp-content\/uploads\/2016\/01\/image-21-300x165.jpeg\" alt=\"VIVAEUROVISION.COM\" class=\"wp-image-311\" srcset=\"https:\/\/www.vivaeurovision.com\/wp-content\/uploads\/2016\/01\/image-21-300x165.jpeg 300w, https:\/\/www.vivaeurovision.com\/wp-content\/uploads\/2016\/01\/image-21-555x305.jpeg 555w, https:\/\/www.vivaeurovision.com\/wp-content\/uploads\/2016\/01\/image-21.jpeg 669w\" sizes=\"auto, (max-width: 300px) 100vw, 300px\" \/><\/figure>\n\n\n\n<p>Youtube<\/p>\n\n\n\n<p><a href=\"https:\/\/www.youtube.com\/user\/gurrumi\" target=\"_blank\" rel=\"noopener noreferrer\">Pedro Palomo<\/a><\/p>\n\n\n\n<p>Twitter&nbsp;<strong> <a href=\"https:\/\/twitter.com\/viva_eurovision\" target=\"_blank\" rel=\"noopener noreferrer\">@viva_eurovision<\/a>&nbsp; <a href=\"https:\/\/www.facebook.com\/Vivaeurovisioncom-867806686671081\/?fref=nf\" target=\"_blank\" rel=\"noopener noreferrer\">FACEBOOK OFICIAL VIVA EUROVISION <\/a><\/strong>Instragram <strong>&nbsp;<\/strong><a href=\"https:\/\/www.instagram.com\/vivaeurovision\/\" target=\"_blank\" rel=\"noopener noreferrer\"><strong>@vivaeurovision<\/strong><\/a><\/p>\n\n\n\n<p>Redactor: Pedro Palomo <a href=\"https:\/\/twitter.com\/pedropalomobcn?lang=es\"><strong>@pedropalomobcn<\/strong><\/a><strong>&nbsp;<\/strong>Instagram <a href=\"https:\/\/www.instagram.com\/pedrobcn\/\" target=\"_blank\" rel=\"noopener noreferrer\"><strong>@pedrobcn<\/strong><\/a><\/p>\n\n\n\n\n\n\n\n\n\n\n","protected":false},"excerpt":{"rendered":"<p>ABBA, regresa con nuevo disco casi cuatro d\u00e9cadas despu\u00e9s de su disoluci\u00f3n Debido a la pandemia el grupo ha retrasado su regreso, pero casi 40 a\u00f1os despu\u00e9s el m\u00edtico grupo&#46;&#46;&#46;<\/p>\n","protected":false},"author":1,"featured_media":11759,"comment_status":"open","ping_status":"closed","sticky":false,"template":"","format":"standard","meta":{"_exactmetrics_skip_tracking":false,"_exactmetrics_sitenote_active":false,"_exactmetrics_sitenote_note":"","_exactmetrics_sitenote_category":0,"footnotes":""},"categories":[1195,4,1188,2,875,3],"tags":[4532,4534,4533,17,11,4535,706,1096,34,19,20,766,4536,984,23,22],"class_list":["post-11697","post","type-post","status-publish","format-standard","has-post-thumbnail","hentry","category-eurovision-2","category-eurovision","category-noticia-2","category-noticia","category-rincon-vivalamusica","category-ultima-hora","tag-abba-eurovision","tag-abba-tars","tag-abba-voyage","tag-esc","tag-eurovision","tag-eurovision-abba","tag-eurovision-song-contest-festival","tag-festival-de-eurovision","tag-noticia","tag-pedro-palomo","tag-pedro-palomo-eurovision","tag-pedro-palomo-vivaeurovision","tag-suecia-eurovision","tag-sweden-eurovision","tag-viva-eurovision","tag-vivaeurovision"],"yoast_head":"<!-- This site is optimized with the Yoast SEO plugin v27.5 - https:\/\/yoast.com\/product\/yoast-seo-wordpress\/ -->\n<title>ABBA, regresa con nuevo disco casi cuatro d\u00e9cadas despu\u00e9s de su disoluci\u00f3n - VIVAEUROVISION viva eurovision<\/title>\n<meta name=\"description\" content=\"ABBA voyage, ABBA eurovision, abba tars, vivaeurovision, viva eurovision, eurovision, eurovision abba, Suecia eurovision\" \/>\n<meta name=\"robots\" content=\"index, follow, max-snippet:-1, max-image-preview:large, max-video-preview:-1\" \/>\n<link rel=\"canonical\" href=\"https:\/\/www.vivaeurovision.com\/index.php\/2021\/09\/03\/11697-abba-voyage\/\" \/>\n<meta property=\"og:locale\" content=\"es_ES\" \/>\n<meta property=\"og:type\" content=\"article\" \/>\n<meta property=\"og:title\" content=\"ABBA, regresa con nuevo disco casi cuatro d\u00e9cadas despu\u00e9s de su disoluci\u00f3n - VIVAEUROVISION viva eurovision\" \/>\n<meta property=\"og:description\" content=\"ABBA voyage, ABBA eurovision, abba tars, vivaeurovision, viva eurovision, eurovision, eurovision abba, Suecia eurovision\" \/>\n<meta property=\"og:url\" content=\"https:\/\/www.vivaeurovision.com\/index.php\/2021\/09\/03\/11697-abba-voyage\/\" \/>\n<meta property=\"og:site_name\" content=\"VIVAEUROVISION viva eurovision\" \/>\n<meta property=\"article:published_time\" content=\"2021-09-03T05:14:56+00:00\" \/>\n<meta property=\"article:modified_time\" content=\"2021-09-03T05:14:58+00:00\" \/>\n<meta property=\"og:image\" content=\"https:\/\/www.vivaeurovision.com\/wp-content\/uploads\/2021\/09\/248430FC-6D85-4E1F-A6DA-750788F7934C.webp\" \/>\n\t<meta property=\"og:image:width\" content=\"800\" \/>\n\t<meta property=\"og:image:height\" content=\"450\" \/>\n\t<meta property=\"og:image:type\" content=\"image\/webp\" \/>\n<meta name=\"author\" content=\"Pedro Palomo\" \/>\n<meta name=\"twitter:card\" content=\"summary_large_image\" \/>\n<meta name=\"twitter:creator\" content=\"@pedropalomobcn\" \/>\n<meta name=\"twitter:label1\" content=\"Escrito por\" \/>\n\t<meta name=\"twitter:data1\" content=\"Pedro Palomo\" \/>\n\t<meta name=\"twitter:label2\" content=\"Tiempo de lectura\" \/>\n\t<meta name=\"twitter:data2\" content=\"2 minutos\" \/>\n<script type=\"application\/ld+json\" class=\"yoast-schema-graph\">{\"@context\":\"https:\\\/\\\/schema.org\",\"@graph\":[{\"@type\":\"Article\",\"@id\":\"https:\\\/\\\/www.vivaeurovision.com\\\/index.php\\\/2021\\\/09\\\/03\\\/11697-abba-voyage\\\/#article\",\"isPartOf\":{\"@id\":\"https:\\\/\\\/www.vivaeurovision.com\\\/index.php\\\/2021\\\/09\\\/03\\\/11697-abba-voyage\\\/\"},\"author\":{\"name\":\"Pedro Palomo\",\"@id\":\"https:\\\/\\\/www.vivaeurovision.com\\\/#\\\/schema\\\/person\\\/1d31fdaa3f5f7df556f73d164bd3c47a\"},\"headline\":\"ABBA, regresa con nuevo disco casi cuatro d\u00e9cadas despu\u00e9s de su disoluci\u00f3n\",\"datePublished\":\"2021-09-03T05:14:56+00:00\",\"dateModified\":\"2021-09-03T05:14:58+00:00\",\"mainEntityOfPage\":{\"@id\":\"https:\\\/\\\/www.vivaeurovision.com\\\/index.php\\\/2021\\\/09\\\/03\\\/11697-abba-voyage\\\/\"},\"wordCount\":170,\"commentCount\":0,\"publisher\":{\"@id\":\"https:\\\/\\\/www.vivaeurovision.com\\\/#organization\"},\"image\":{\"@id\":\"https:\\\/\\\/www.vivaeurovision.com\\\/index.php\\\/2021\\\/09\\\/03\\\/11697-abba-voyage\\\/#primaryimage\"},\"thumbnailUrl\":\"https:\\\/\\\/www.vivaeurovision.com\\\/wp-content\\\/uploads\\\/2021\\\/09\\\/248430FC-6D85-4E1F-A6DA-750788F7934C.webp\",\"keywords\":[\"ABBA eurovision\",\"abba tars\",\"ABBA voyage\",\"ESC\",\"Eurovision\",\"eurovision abba\",\"eurovision song contest festival\",\"Festival de Eurovisi\u00f3n\",\"Noticia\",\"Pedro Palomo\",\"Pedro Palomo Eurovision\",\"Pedro Palomo Vivaeurovision\",\"Suecia eurovision\",\"sweden eurovision\",\"viva eurovision\",\"vivaeurovision\"],\"articleSection\":[\"eurovision\",\"Inicio\",\"Noticia\",\"Noticias\",\"Rinc\u00f3n VIVALAMUSICA\",\"Ultima Hora\"],\"inLanguage\":\"es\",\"potentialAction\":[{\"@type\":\"CommentAction\",\"name\":\"Comment\",\"target\":[\"https:\\\/\\\/www.vivaeurovision.com\\\/index.php\\\/2021\\\/09\\\/03\\\/11697-abba-voyage\\\/#respond\"]}]},{\"@type\":\"WebPage\",\"@id\":\"https:\\\/\\\/www.vivaeurovision.com\\\/index.php\\\/2021\\\/09\\\/03\\\/11697-abba-voyage\\\/\",\"url\":\"https:\\\/\\\/www.vivaeurovision.com\\\/index.php\\\/2021\\\/09\\\/03\\\/11697-abba-voyage\\\/\",\"name\":\"ABBA, regresa con nuevo disco casi cuatro d\u00e9cadas despu\u00e9s de su disoluci\u00f3n - VIVAEUROVISION viva eurovision\",\"isPartOf\":{\"@id\":\"https:\\\/\\\/www.vivaeurovision.com\\\/#website\"},\"primaryImageOfPage\":{\"@id\":\"https:\\\/\\\/www.vivaeurovision.com\\\/index.php\\\/2021\\\/09\\\/03\\\/11697-abba-voyage\\\/#primaryimage\"},\"image\":{\"@id\":\"https:\\\/\\\/www.vivaeurovision.com\\\/index.php\\\/2021\\\/09\\\/03\\\/11697-abba-voyage\\\/#primaryimage\"},\"thumbnailUrl\":\"https:\\\/\\\/www.vivaeurovision.com\\\/wp-content\\\/uploads\\\/2021\\\/09\\\/248430FC-6D85-4E1F-A6DA-750788F7934C.webp\",\"datePublished\":\"2021-09-03T05:14:56+00:00\",\"dateModified\":\"2021-09-03T05:14:58+00:00\",\"description\":\"ABBA voyage, ABBA eurovision, abba tars, vivaeurovision, viva eurovision, eurovision, eurovision abba, Suecia eurovision\",\"breadcrumb\":{\"@id\":\"https:\\\/\\\/www.vivaeurovision.com\\\/index.php\\\/2021\\\/09\\\/03\\\/11697-abba-voyage\\\/#breadcrumb\"},\"inLanguage\":\"es\",\"potentialAction\":[{\"@type\":\"ReadAction\",\"target\":[\"https:\\\/\\\/www.vivaeurovision.com\\\/index.php\\\/2021\\\/09\\\/03\\\/11697-abba-voyage\\\/\"]}]},{\"@type\":\"ImageObject\",\"inLanguage\":\"es\",\"@id\":\"https:\\\/\\\/www.vivaeurovision.com\\\/index.php\\\/2021\\\/09\\\/03\\\/11697-abba-voyage\\\/#primaryimage\",\"url\":\"https:\\\/\\\/www.vivaeurovision.com\\\/wp-content\\\/uploads\\\/2021\\\/09\\\/248430FC-6D85-4E1F-A6DA-750788F7934C.webp\",\"contentUrl\":\"https:\\\/\\\/www.vivaeurovision.com\\\/wp-content\\\/uploads\\\/2021\\\/09\\\/248430FC-6D85-4E1F-A6DA-750788F7934C.webp\",\"width\":800,\"height\":450,\"caption\":\"ABBA voyage\"},{\"@type\":\"BreadcrumbList\",\"@id\":\"https:\\\/\\\/www.vivaeurovision.com\\\/index.php\\\/2021\\\/09\\\/03\\\/11697-abba-voyage\\\/#breadcrumb\",\"itemListElement\":[{\"@type\":\"ListItem\",\"position\":1,\"name\":\"Portada\",\"item\":\"https:\\\/\\\/www.vivaeurovision.com\\\/\"},{\"@type\":\"ListItem\",\"position\":2,\"name\":\"ABBA, regresa con nuevo disco casi cuatro d\u00e9cadas despu\u00e9s de su disoluci\u00f3n\"}]},{\"@type\":\"WebSite\",\"@id\":\"https:\\\/\\\/www.vivaeurovision.com\\\/#website\",\"url\":\"https:\\\/\\\/www.vivaeurovision.com\\\/\",\"name\":\"VIVAEUROVISION viva eurovision\",\"description\":\"Tu portal sobre el Festival de Eurovision, eurovision, eurovisi\u00f3n\",\"publisher\":{\"@id\":\"https:\\\/\\\/www.vivaeurovision.com\\\/#organization\"},\"potentialAction\":[{\"@type\":\"SearchAction\",\"target\":{\"@type\":\"EntryPoint\",\"urlTemplate\":\"https:\\\/\\\/www.vivaeurovision.com\\\/?s={search_term_string}\"},\"query-input\":{\"@type\":\"PropertyValueSpecification\",\"valueRequired\":true,\"valueName\":\"search_term_string\"}}],\"inLanguage\":\"es\"},{\"@type\":\"Organization\",\"@id\":\"https:\\\/\\\/www.vivaeurovision.com\\\/#organization\",\"name\":\"vivaeurovision\",\"url\":\"https:\\\/\\\/www.vivaeurovision.com\\\/\",\"logo\":{\"@type\":\"ImageObject\",\"inLanguage\":\"es\",\"@id\":\"https:\\\/\\\/www.vivaeurovision.com\\\/#\\\/schema\\\/logo\\\/image\\\/\",\"url\":\"https:\\\/\\\/www.vivaeurovision.com\\\/wp-content\\\/uploads\\\/2016\\\/01\\\/cropped-image-21-1.jpeg\",\"contentUrl\":\"https:\\\/\\\/www.vivaeurovision.com\\\/wp-content\\\/uploads\\\/2016\\\/01\\\/cropped-image-21-1.jpeg\",\"width\":669,\"height\":368,\"caption\":\"vivaeurovision\"},\"image\":{\"@id\":\"https:\\\/\\\/www.vivaeurovision.com\\\/#\\\/schema\\\/logo\\\/image\\\/\"}},{\"@type\":\"Person\",\"@id\":\"https:\\\/\\\/www.vivaeurovision.com\\\/#\\\/schema\\\/person\\\/1d31fdaa3f5f7df556f73d164bd3c47a\",\"name\":\"Pedro Palomo\",\"image\":{\"@type\":\"ImageObject\",\"inLanguage\":\"es\",\"@id\":\"https:\\\/\\\/secure.gravatar.com\\\/avatar\\\/4cf9a4877f5f71f44fb7cedbe1bac1bd28bd8ce7a217517d98d5b2117f9f5505?s=96&d=mm&r=g\",\"url\":\"https:\\\/\\\/secure.gravatar.com\\\/avatar\\\/4cf9a4877f5f71f44fb7cedbe1bac1bd28bd8ce7a217517d98d5b2117f9f5505?s=96&d=mm&r=g\",\"contentUrl\":\"https:\\\/\\\/secure.gravatar.com\\\/avatar\\\/4cf9a4877f5f71f44fb7cedbe1bac1bd28bd8ce7a217517d98d5b2117f9f5505?s=96&d=mm&r=g\",\"caption\":\"Pedro Palomo\"},\"sameAs\":[\"http:\\\/\\\/www.vivaeurovision.com\",\"@pedrobcn\",\"https:\\\/\\\/x.com\\\/@pedropalomobcn\"]}]}<\/script>\n<!-- \/ Yoast SEO plugin. -->","yoast_head_json":{"title":"ABBA, regresa con nuevo disco casi cuatro d\u00e9cadas despu\u00e9s de su disoluci\u00f3n - VIVAEUROVISION viva eurovision","description":"ABBA voyage, ABBA eurovision, abba tars, vivaeurovision, viva eurovision, eurovision, eurovision abba, Suecia eurovision","robots":{"index":"index","follow":"follow","max-snippet":"max-snippet:-1","max-image-preview":"max-image-preview:large","max-video-preview":"max-video-preview:-1"},"canonical":"https:\/\/www.vivaeurovision.com\/index.php\/2021\/09\/03\/11697-abba-voyage\/","og_locale":"es_ES","og_type":"article","og_title":"ABBA, regresa con nuevo disco casi cuatro d\u00e9cadas despu\u00e9s de su disoluci\u00f3n - VIVAEUROVISION viva eurovision","og_description":"ABBA voyage, ABBA eurovision, abba tars, vivaeurovision, viva eurovision, eurovision, eurovision abba, Suecia eurovision","og_url":"https:\/\/www.vivaeurovision.com\/index.php\/2021\/09\/03\/11697-abba-voyage\/","og_site_name":"VIVAEUROVISION viva eurovision","article_published_time":"2021-09-03T05:14:56+00:00","article_modified_time":"2021-09-03T05:14:58+00:00","og_image":[{"width":800,"height":450,"url":"https:\/\/www.vivaeurovision.com\/wp-content\/uploads\/2021\/09\/248430FC-6D85-4E1F-A6DA-750788F7934C.webp","type":"image\/webp"}],"author":"Pedro Palomo","twitter_card":"summary_large_image","twitter_creator":"@pedropalomobcn","twitter_misc":{"Escrito por":"Pedro Palomo","Tiempo de lectura":"2 minutos"},"schema":{"@context":"https:\/\/schema.org","@graph":[{"@type":"Article","@id":"https:\/\/www.vivaeurovision.com\/index.php\/2021\/09\/03\/11697-abba-voyage\/#article","isPartOf":{"@id":"https:\/\/www.vivaeurovision.com\/index.php\/2021\/09\/03\/11697-abba-voyage\/"},"author":{"name":"Pedro Palomo","@id":"https:\/\/www.vivaeurovision.com\/#\/schema\/person\/1d31fdaa3f5f7df556f73d164bd3c47a"},"headline":"ABBA, regresa con nuevo disco casi cuatro d\u00e9cadas despu\u00e9s de su disoluci\u00f3n","datePublished":"2021-09-03T05:14:56+00:00","dateModified":"2021-09-03T05:14:58+00:00","mainEntityOfPage":{"@id":"https:\/\/www.vivaeurovision.com\/index.php\/2021\/09\/03\/11697-abba-voyage\/"},"wordCount":170,"commentCount":0,"publisher":{"@id":"https:\/\/www.vivaeurovision.com\/#organization"},"image":{"@id":"https:\/\/www.vivaeurovision.com\/index.php\/2021\/09\/03\/11697-abba-voyage\/#primaryimage"},"thumbnailUrl":"https:\/\/www.vivaeurovision.com\/wp-content\/uploads\/2021\/09\/248430FC-6D85-4E1F-A6DA-750788F7934C.webp","keywords":["ABBA eurovision","abba tars","ABBA voyage","ESC","Eurovision","eurovision abba","eurovision song contest festival","Festival de Eurovisi\u00f3n","Noticia","Pedro Palomo","Pedro Palomo Eurovision","Pedro Palomo Vivaeurovision","Suecia eurovision","sweden eurovision","viva eurovision","vivaeurovision"],"articleSection":["eurovision","Inicio","Noticia","Noticias","Rinc\u00f3n VIVALAMUSICA","Ultima Hora"],"inLanguage":"es","potentialAction":[{"@type":"CommentAction","name":"Comment","target":["https:\/\/www.vivaeurovision.com\/index.php\/2021\/09\/03\/11697-abba-voyage\/#respond"]}]},{"@type":"WebPage","@id":"https:\/\/www.vivaeurovision.com\/index.php\/2021\/09\/03\/11697-abba-voyage\/","url":"https:\/\/www.vivaeurovision.com\/index.php\/2021\/09\/03\/11697-abba-voyage\/","name":"ABBA, regresa con nuevo disco casi cuatro d\u00e9cadas despu\u00e9s de su disoluci\u00f3n - VIVAEUROVISION viva eurovision","isPartOf":{"@id":"https:\/\/www.vivaeurovision.com\/#website"},"primaryImageOfPage":{"@id":"https:\/\/www.vivaeurovision.com\/index.php\/2021\/09\/03\/11697-abba-voyage\/#primaryimage"},"image":{"@id":"https:\/\/www.vivaeurovision.com\/index.php\/2021\/09\/03\/11697-abba-voyage\/#primaryimage"},"thumbnailUrl":"https:\/\/www.vivaeurovision.com\/wp-content\/uploads\/2021\/09\/248430FC-6D85-4E1F-A6DA-750788F7934C.webp","datePublished":"2021-09-03T05:14:56+00:00","dateModified":"2021-09-03T05:14:58+00:00","description":"ABBA voyage, ABBA eurovision, abba tars, vivaeurovision, viva eurovision, eurovision, eurovision abba, Suecia eurovision","breadcrumb":{"@id":"https:\/\/www.vivaeurovision.com\/index.php\/2021\/09\/03\/11697-abba-voyage\/#breadcrumb"},"inLanguage":"es","potentialAction":[{"@type":"ReadAction","target":["https:\/\/www.vivaeurovision.com\/index.php\/2021\/09\/03\/11697-abba-voyage\/"]}]},{"@type":"ImageObject","inLanguage":"es","@id":"https:\/\/www.vivaeurovision.com\/index.php\/2021\/09\/03\/11697-abba-voyage\/#primaryimage","url":"https:\/\/www.vivaeurovision.com\/wp-content\/uploads\/2021\/09\/248430FC-6D85-4E1F-A6DA-750788F7934C.webp","contentUrl":"https:\/\/www.vivaeurovision.com\/wp-content\/uploads\/2021\/09\/248430FC-6D85-4E1F-A6DA-750788F7934C.webp","width":800,"height":450,"caption":"ABBA voyage"},{"@type":"BreadcrumbList","@id":"https:\/\/www.vivaeurovision.com\/index.php\/2021\/09\/03\/11697-abba-voyage\/#breadcrumb","itemListElement":[{"@type":"ListItem","position":1,"name":"Portada","item":"https:\/\/www.vivaeurovision.com\/"},{"@type":"ListItem","position":2,"name":"ABBA, regresa con nuevo disco casi cuatro d\u00e9cadas despu\u00e9s de su disoluci\u00f3n"}]},{"@type":"WebSite","@id":"https:\/\/www.vivaeurovision.com\/#website","url":"https:\/\/www.vivaeurovision.com\/","name":"VIVAEUROVISION viva eurovision","description":"Tu portal sobre el Festival de Eurovision, eurovision, eurovisi\u00f3n","publisher":{"@id":"https:\/\/www.vivaeurovision.com\/#organization"},"potentialAction":[{"@type":"SearchAction","target":{"@type":"EntryPoint","urlTemplate":"https:\/\/www.vivaeurovision.com\/?s={search_term_string}"},"query-input":{"@type":"PropertyValueSpecification","valueRequired":true,"valueName":"search_term_string"}}],"inLanguage":"es"},{"@type":"Organization","@id":"https:\/\/www.vivaeurovision.com\/#organization","name":"vivaeurovision","url":"https:\/\/www.vivaeurovision.com\/","logo":{"@type":"ImageObject","inLanguage":"es","@id":"https:\/\/www.vivaeurovision.com\/#\/schema\/logo\/image\/","url":"https:\/\/www.vivaeurovision.com\/wp-content\/uploads\/2016\/01\/cropped-image-21-1.jpeg","contentUrl":"https:\/\/www.vivaeurovision.com\/wp-content\/uploads\/2016\/01\/cropped-image-21-1.jpeg","width":669,"height":368,"caption":"vivaeurovision"},"image":{"@id":"https:\/\/www.vivaeurovision.com\/#\/schema\/logo\/image\/"}},{"@type":"Person","@id":"https:\/\/www.vivaeurovision.com\/#\/schema\/person\/1d31fdaa3f5f7df556f73d164bd3c47a","name":"Pedro Palomo","image":{"@type":"ImageObject","inLanguage":"es","@id":"https:\/\/secure.gravatar.com\/avatar\/4cf9a4877f5f71f44fb7cedbe1bac1bd28bd8ce7a217517d98d5b2117f9f5505?s=96&d=mm&r=g","url":"https:\/\/secure.gravatar.com\/avatar\/4cf9a4877f5f71f44fb7cedbe1bac1bd28bd8ce7a217517d98d5b2117f9f5505?s=96&d=mm&r=g","contentUrl":"https:\/\/secure.gravatar.com\/avatar\/4cf9a4877f5f71f44fb7cedbe1bac1bd28bd8ce7a217517d98d5b2117f9f5505?s=96&d=mm&r=g","caption":"Pedro Palomo"},"sameAs":["http:\/\/www.vivaeurovision.com","@pedrobcn","https:\/\/x.com\/@pedropalomobcn"]}]}},"_links":{"self":[{"href":"https:\/\/www.vivaeurovision.com\/index.php\/wp-json\/wp\/v2\/posts\/11697","targetHints":{"allow":["GET"]}}],"collection":[{"href":"https:\/\/www.vivaeurovision.com\/index.php\/wp-json\/wp\/v2\/posts"}],"about":[{"href":"https:\/\/www.vivaeurovision.com\/index.php\/wp-json\/wp\/v2\/types\/post"}],"author":[{"embeddable":true,"href":"https:\/\/www.vivaeurovision.com\/index.php\/wp-json\/wp\/v2\/users\/1"}],"replies":[{"embeddable":true,"href":"https:\/\/www.vivaeurovision.com\/index.php\/wp-json\/wp\/v2\/comments?post=11697"}],"version-history":[{"count":3,"href":"https:\/\/www.vivaeurovision.com\/index.php\/wp-json\/wp\/v2\/posts\/11697\/revisions"}],"predecessor-version":[{"id":11762,"href":"https:\/\/www.vivaeurovision.com\/index.php\/wp-json\/wp\/v2\/posts\/11697\/revisions\/11762"}],"wp:featuredmedia":[{"embeddable":true,"href":"https:\/\/www.vivaeurovision.com\/index.php\/wp-json\/wp\/v2\/media\/11759"}],"wp:attachment":[{"href":"https:\/\/www.vivaeurovision.com\/index.php\/wp-json\/wp\/v2\/media?parent=11697"}],"wp:term":[{"taxonomy":"category","embeddable":true,"href":"https:\/\/www.vivaeurovision.com\/index.php\/wp-json\/wp\/v2\/categories?post=11697"},{"taxonomy":"post_tag","embeddable":true,"href":"https:\/\/www.vivaeurovision.com\/index.php\/wp-json\/wp\/v2\/tags?post=11697"}],"curies":[{"name":"wp","href":"https:\/\/api.w.org\/{rel}","templated":true}]}}