{"id":11962,"date":"2022-02-03T06:27:35","date_gmt":"2022-02-03T06:27:35","guid":{"rendered":"http:\/\/www.vivaeurovision.com\/?p=11962"},"modified":"2022-02-03T06:27:36","modified_gmt":"2022-02-03T06:27:36","slug":"presentadores-eurovision-2022","status":"publish","type":"post","link":"https:\/\/www.vivaeurovision.com\/index.php\/2022\/02\/03\/presentadores-eurovision-2022\/","title":{"rendered":"Laura Pausini, Mika y Alessandro Cattelan, presentadores de Eurovision 2022"},"content":{"rendered":"\n\n\n\n\n<p>La cantante italiana Laura Pausini, el liban\u00e9s Mika y el <b>presentador<\/b> italiano Alessandro Cattelan se encargar\u00e1n de conducir la pr\u00f3xima edici\u00f3n del <strong>Festival de<\/strong> <b>Eurovisi\u00f3n 2022.<\/b><\/p>\n<p><img loading=\"lazy\" decoding=\"async\" class=\"alignnone size-medium wp-image-12046\" src=\"http:\/\/www.vivaeurovision.com\/wp-content\/uploads\/2022\/02\/02B03208-56AD-4B78-97DD-07DE4670FFAD-300x300.jpeg\" alt=\"laura Pausini mika alssandro cattelan\" width=\"300\" height=\"300\" srcset=\"https:\/\/www.vivaeurovision.com\/wp-content\/uploads\/2022\/02\/02B03208-56AD-4B78-97DD-07DE4670FFAD-300x300.jpeg 300w, https:\/\/www.vivaeurovision.com\/wp-content\/uploads\/2022\/02\/02B03208-56AD-4B78-97DD-07DE4670FFAD-700x700.jpeg 700w, https:\/\/www.vivaeurovision.com\/wp-content\/uploads\/2022\/02\/02B03208-56AD-4B78-97DD-07DE4670FFAD-150x150.jpeg 150w, https:\/\/www.vivaeurovision.com\/wp-content\/uploads\/2022\/02\/02B03208-56AD-4B78-97DD-07DE4670FFAD-1536x1536.jpeg 1536w, https:\/\/www.vivaeurovision.com\/wp-content\/uploads\/2022\/02\/02B03208-56AD-4B78-97DD-07DE4670FFAD.jpeg 2048w, https:\/\/www.vivaeurovision.com\/wp-content\/uploads\/2022\/02\/02B03208-56AD-4B78-97DD-07DE4670FFAD-80x80.jpeg 80w, https:\/\/www.vivaeurovision.com\/wp-content\/uploads\/2022\/02\/02B03208-56AD-4B78-97DD-07DE4670FFAD-320x320.jpeg 320w\" sizes=\"auto, (max-width: 300px) 100vw, 300px\" \/><\/p>\n<p><img loading=\"lazy\" decoding=\"async\" class=\"alignnone size-medium wp-image-12048\" src=\"http:\/\/www.vivaeurovision.com\/wp-content\/uploads\/2022\/02\/E7E3446A-8B13-4F99-82F8-80C49C94A467-300x169.jpeg\" alt=\"Presentadores eurovision 2022\" width=\"300\" height=\"169\" srcset=\"https:\/\/www.vivaeurovision.com\/wp-content\/uploads\/2022\/02\/E7E3446A-8B13-4F99-82F8-80C49C94A467-300x169.jpeg 300w, https:\/\/www.vivaeurovision.com\/wp-content\/uploads\/2022\/02\/E7E3446A-8B13-4F99-82F8-80C49C94A467-700x394.jpeg 700w, https:\/\/www.vivaeurovision.com\/wp-content\/uploads\/2022\/02\/E7E3446A-8B13-4F99-82F8-80C49C94A467-1536x864.jpeg 1536w, https:\/\/www.vivaeurovision.com\/wp-content\/uploads\/2022\/02\/E7E3446A-8B13-4F99-82F8-80C49C94A467-2048x1152.jpeg 2048w\" sizes=\"auto, (max-width: 300px) 100vw, 300px\" \/><\/p>\n<p>Los presentadores de Eurovision 2022, han sido anunciados durante el Festival de San Remo.<\/p>\n<p>Laura Pausini una de las cantantes m\u00e1s internacionales de Italia desde 1993, ganadora de un globo de oro y nominada a un Oscar por mejor canci\u00f3n en 2021, Mika cantante que ha participado en varios talents como jurado y Alessandro Cattelan un gran y reconocido presentador de Italia, tres presentadores que sus nombre sonaban en todas las quinielas y que encajan a la perfecci\u00f3n con el esp\u00edritu festivo de eurovision.\u00a0<\/p>\n\n\n\n<figure class=\"wp-block-image\"><img loading=\"lazy\" decoding=\"async\" width=\"300\" height=\"165\" src=\"http:\/\/www.vivaeurovision.com\/wp-content\/uploads\/2016\/01\/image-21-300x165.jpeg\" alt=\"VIVAEUROVISION.COM\" class=\"wp-image-311\" srcset=\"https:\/\/www.vivaeurovision.com\/wp-content\/uploads\/2016\/01\/image-21-300x165.jpeg 300w, https:\/\/www.vivaeurovision.com\/wp-content\/uploads\/2016\/01\/image-21-555x305.jpeg 555w, https:\/\/www.vivaeurovision.com\/wp-content\/uploads\/2016\/01\/image-21.jpeg 669w\" sizes=\"auto, (max-width: 300px) 100vw, 300px\" \/><\/figure>\n\n\n\n<p>Youtube<\/p>\n\n\n\n<p><a href=\"https:\/\/www.youtube.com\/user\/gurrumi\" target=\"_blank\" rel=\"noopener noreferrer\">Pedro Palomo<\/a><\/p>\n\n\n\n<p>Twitter&nbsp;<strong> <a href=\"https:\/\/twitter.com\/viva_eurovision\" target=\"_blank\" rel=\"noopener noreferrer\">@viva_eurovision<\/a>&nbsp; <a href=\"https:\/\/www.facebook.com\/Vivaeurovisioncom-867806686671081\/?fref=nf\" target=\"_blank\" rel=\"noopener noreferrer\">FACEBOOK OFICIAL VIVA EUROVISION <\/a><\/strong>Instragram <strong>&nbsp;<\/strong><a href=\"https:\/\/www.instagram.com\/vivaeurovision\/\" target=\"_blank\" rel=\"noopener noreferrer\"><strong>@vivaeurovision<\/strong><\/a><\/p>\n\n\n\n<p>Redactor: Pedro Palomo <a href=\"https:\/\/twitter.com\/pedropalomobcn?lang=es\"><strong>@pedropalomobcn<\/strong><\/a><strong>&nbsp;<\/strong>Instagram <a href=\"https:\/\/www.instagram.com\/pedrobcn\/\" target=\"_blank\" rel=\"noopener noreferrer\"><strong>@pedrobcn<\/strong><\/a><\/p>\n\n\n\n\n\n\n\n\n\n\n","protected":false},"excerpt":{"rendered":"<p>La cantante italiana Laura Pausini, el liban\u00e9s Mika y el presentador italiano Alessandro Cattelan se encargar\u00e1n de conducir la pr\u00f3xima edici\u00f3n del Festival de Eurovisi\u00f3n 2022. Los presentadores de Eurovision&#46;&#46;&#46;<\/p>\n","protected":false},"author":1,"featured_media":12048,"comment_status":"open","ping_status":"closed","sticky":false,"template":"","format":"standard","meta":{"_exactmetrics_skip_tracking":false,"_exactmetrics_sitenote_active":false,"_exactmetrics_sitenote_note":"","_exactmetrics_sitenote_category":0,"footnotes":""},"categories":[4594,6,1195,4498,4,1188,2,875,3],"tags":[17,11,4287,4514,4618,4526,706,4617,1096,4527,4496,4495,4615,4612,4616,34,19,20,766,4613,4614,4556,23,22],"class_list":["post-11962","post","type-post","status-publish","format-standard","has-post-thumbnail","hentry","category-benidorm-fest","category-espana-en-eurovision","category-eurovision-2","category-eurovision-2022","category-eurovision","category-noticia-2","category-noticia","category-rincon-vivalamusica","category-ultima-hora","tag-esc","tag-eurovision","tag-eurovision-2022","tag-eurovision-2022-italy","tag-eurovision-2022-the-song-of-beauty","tag-eurovision-song-contest-2022","tag-eurovision-song-contest-festival","tag-eurovision-the-song-of-beauty","tag-festival-de-eurovision","tag-festival-de-eurovision-2022","tag-italia-eurovision-2022","tag-italy-eurovision-2022","tag-laura-pausini-eurovision","tag-laura-pausini-mika-alssandro-cattelan","tag-mika-eurovision","tag-noticia","tag-pedro-palomo","tag-pedro-palomo-eurovision","tag-pedro-palomo-vivaeurovision","tag-presentadores-eurovision-2022","tag-the-song-of-beauty","tag-turin-eurovision-2022","tag-viva-eurovision","tag-vivaeurovision"],"yoast_head":"<!-- This site is optimized with the Yoast SEO plugin v27.5 - https:\/\/yoast.com\/product\/yoast-seo-wordpress\/ -->\n<title>Laura Pausini, Mika y Alessandro Cattelan, presentadores de Eurovision 2022 - VIVAEUROVISION viva eurovision<\/title>\n<meta name=\"description\" content=\"laura Pausini mika alssandro cattelan, presentadores eurovision 2022, eurovision 2022, The song of beauty, vivaeurovision, viva eurovision, eurovision 2022\" \/>\n<meta name=\"robots\" content=\"index, follow, max-snippet:-1, max-image-preview:large, max-video-preview:-1\" \/>\n<link rel=\"canonical\" href=\"https:\/\/www.vivaeurovision.com\/index.php\/2022\/02\/03\/presentadores-eurovision-2022\/\" \/>\n<meta property=\"og:locale\" content=\"es_ES\" \/>\n<meta property=\"og:type\" content=\"article\" \/>\n<meta property=\"og:title\" content=\"Laura Pausini, Mika y Alessandro Cattelan, presentadores de Eurovision 2022 - VIVAEUROVISION viva eurovision\" \/>\n<meta property=\"og:description\" content=\"laura Pausini mika alssandro cattelan, presentadores eurovision 2022, eurovision 2022, The song of beauty, vivaeurovision, viva eurovision, eurovision 2022\" \/>\n<meta property=\"og:url\" content=\"https:\/\/www.vivaeurovision.com\/index.php\/2022\/02\/03\/presentadores-eurovision-2022\/\" \/>\n<meta property=\"og:site_name\" content=\"VIVAEUROVISION viva eurovision\" \/>\n<meta property=\"article:published_time\" content=\"2022-02-03T06:27:35+00:00\" \/>\n<meta property=\"article:modified_time\" content=\"2022-02-03T06:27:36+00:00\" \/>\n<meta property=\"og:image\" content=\"https:\/\/www.vivaeurovision.com\/wp-content\/uploads\/2022\/02\/E7E3446A-8B13-4F99-82F8-80C49C94A467-scaled.jpeg\" \/>\n\t<meta property=\"og:image:width\" content=\"2560\" \/>\n\t<meta property=\"og:image:height\" content=\"1440\" \/>\n\t<meta property=\"og:image:type\" content=\"image\/jpeg\" \/>\n<meta name=\"author\" content=\"Pedro Palomo\" \/>\n<meta name=\"twitter:card\" content=\"summary_large_image\" \/>\n<meta name=\"twitter:creator\" content=\"@pedropalomobcn\" \/>\n<meta name=\"twitter:label1\" content=\"Escrito por\" \/>\n\t<meta name=\"twitter:data1\" content=\"Pedro Palomo\" \/>\n\t<meta name=\"twitter:label2\" content=\"Tiempo de lectura\" \/>\n\t<meta name=\"twitter:data2\" content=\"2 minutos\" \/>\n<script type=\"application\/ld+json\" class=\"yoast-schema-graph\">{\"@context\":\"https:\\\/\\\/schema.org\",\"@graph\":[{\"@type\":\"Article\",\"@id\":\"https:\\\/\\\/www.vivaeurovision.com\\\/index.php\\\/2022\\\/02\\\/03\\\/presentadores-eurovision-2022\\\/#article\",\"isPartOf\":{\"@id\":\"https:\\\/\\\/www.vivaeurovision.com\\\/index.php\\\/2022\\\/02\\\/03\\\/presentadores-eurovision-2022\\\/\"},\"author\":{\"name\":\"Pedro Palomo\",\"@id\":\"https:\\\/\\\/www.vivaeurovision.com\\\/#\\\/schema\\\/person\\\/1d31fdaa3f5f7df556f73d164bd3c47a\"},\"headline\":\"Laura Pausini, Mika y Alessandro Cattelan, presentadores de Eurovision 2022\",\"datePublished\":\"2022-02-03T06:27:35+00:00\",\"dateModified\":\"2022-02-03T06:27:36+00:00\",\"mainEntityOfPage\":{\"@id\":\"https:\\\/\\\/www.vivaeurovision.com\\\/index.php\\\/2022\\\/02\\\/03\\\/presentadores-eurovision-2022\\\/\"},\"wordCount\":146,\"commentCount\":0,\"publisher\":{\"@id\":\"https:\\\/\\\/www.vivaeurovision.com\\\/#organization\"},\"image\":{\"@id\":\"https:\\\/\\\/www.vivaeurovision.com\\\/index.php\\\/2022\\\/02\\\/03\\\/presentadores-eurovision-2022\\\/#primaryimage\"},\"thumbnailUrl\":\"https:\\\/\\\/www.vivaeurovision.com\\\/wp-content\\\/uploads\\\/2022\\\/02\\\/E7E3446A-8B13-4F99-82F8-80C49C94A467-scaled.jpeg\",\"keywords\":[\"ESC\",\"Eurovision\",\"eurovision 2022\",\"eurovision 2022 italy\",\"eurovision 2022 the song of beauty\",\"Eurovision Song Contest 2022\",\"eurovision song contest festival\",\"eurovision The Song of beauty\",\"Festival de Eurovisi\u00f3n\",\"festival de Eurovisi\u00f3n 2022\",\"italia eurovision 2022\",\"italy eurovision 2022\",\"Laura Pausini eurovision\",\"laura Pausini mika alssandro cattelan\",\"mika eurovision\",\"Noticia\",\"Pedro Palomo\",\"Pedro Palomo Eurovision\",\"Pedro Palomo Vivaeurovision\",\"presentadores eurovision 2022\",\"The song of beauty\",\"turin eurovision 2022\",\"viva eurovision\",\"vivaeurovision\"],\"articleSection\":[\"Benidorm Fest\",\"Espa\u00f1a en Eurovisi\u00f3n\",\"eurovision\",\"Eurovision 2022\",\"Inicio\",\"Noticia\",\"Noticias\",\"Rinc\u00f3n VIVALAMUSICA\",\"Ultima Hora\"],\"inLanguage\":\"es\",\"potentialAction\":[{\"@type\":\"CommentAction\",\"name\":\"Comment\",\"target\":[\"https:\\\/\\\/www.vivaeurovision.com\\\/index.php\\\/2022\\\/02\\\/03\\\/presentadores-eurovision-2022\\\/#respond\"]}]},{\"@type\":\"WebPage\",\"@id\":\"https:\\\/\\\/www.vivaeurovision.com\\\/index.php\\\/2022\\\/02\\\/03\\\/presentadores-eurovision-2022\\\/\",\"url\":\"https:\\\/\\\/www.vivaeurovision.com\\\/index.php\\\/2022\\\/02\\\/03\\\/presentadores-eurovision-2022\\\/\",\"name\":\"Laura Pausini, Mika y Alessandro Cattelan, presentadores de Eurovision 2022 - VIVAEUROVISION viva eurovision\",\"isPartOf\":{\"@id\":\"https:\\\/\\\/www.vivaeurovision.com\\\/#website\"},\"primaryImageOfPage\":{\"@id\":\"https:\\\/\\\/www.vivaeurovision.com\\\/index.php\\\/2022\\\/02\\\/03\\\/presentadores-eurovision-2022\\\/#primaryimage\"},\"image\":{\"@id\":\"https:\\\/\\\/www.vivaeurovision.com\\\/index.php\\\/2022\\\/02\\\/03\\\/presentadores-eurovision-2022\\\/#primaryimage\"},\"thumbnailUrl\":\"https:\\\/\\\/www.vivaeurovision.com\\\/wp-content\\\/uploads\\\/2022\\\/02\\\/E7E3446A-8B13-4F99-82F8-80C49C94A467-scaled.jpeg\",\"datePublished\":\"2022-02-03T06:27:35+00:00\",\"dateModified\":\"2022-02-03T06:27:36+00:00\",\"description\":\"laura Pausini mika alssandro cattelan, presentadores eurovision 2022, eurovision 2022, The song of beauty, vivaeurovision, viva eurovision, eurovision 2022\",\"breadcrumb\":{\"@id\":\"https:\\\/\\\/www.vivaeurovision.com\\\/index.php\\\/2022\\\/02\\\/03\\\/presentadores-eurovision-2022\\\/#breadcrumb\"},\"inLanguage\":\"es\",\"potentialAction\":[{\"@type\":\"ReadAction\",\"target\":[\"https:\\\/\\\/www.vivaeurovision.com\\\/index.php\\\/2022\\\/02\\\/03\\\/presentadores-eurovision-2022\\\/\"]}]},{\"@type\":\"ImageObject\",\"inLanguage\":\"es\",\"@id\":\"https:\\\/\\\/www.vivaeurovision.com\\\/index.php\\\/2022\\\/02\\\/03\\\/presentadores-eurovision-2022\\\/#primaryimage\",\"url\":\"https:\\\/\\\/www.vivaeurovision.com\\\/wp-content\\\/uploads\\\/2022\\\/02\\\/E7E3446A-8B13-4F99-82F8-80C49C94A467-scaled.jpeg\",\"contentUrl\":\"https:\\\/\\\/www.vivaeurovision.com\\\/wp-content\\\/uploads\\\/2022\\\/02\\\/E7E3446A-8B13-4F99-82F8-80C49C94A467-scaled.jpeg\",\"width\":2560,\"height\":1440,\"caption\":\"Presentadores eurovision 2022\"},{\"@type\":\"BreadcrumbList\",\"@id\":\"https:\\\/\\\/www.vivaeurovision.com\\\/index.php\\\/2022\\\/02\\\/03\\\/presentadores-eurovision-2022\\\/#breadcrumb\",\"itemListElement\":[{\"@type\":\"ListItem\",\"position\":1,\"name\":\"Portada\",\"item\":\"https:\\\/\\\/www.vivaeurovision.com\\\/\"},{\"@type\":\"ListItem\",\"position\":2,\"name\":\"Laura Pausini, Mika y Alessandro Cattelan, presentadores de Eurovision 2022\"}]},{\"@type\":\"WebSite\",\"@id\":\"https:\\\/\\\/www.vivaeurovision.com\\\/#website\",\"url\":\"https:\\\/\\\/www.vivaeurovision.com\\\/\",\"name\":\"VIVAEUROVISION viva eurovision\",\"description\":\"Tu portal sobre el Festival de Eurovision, eurovision, eurovisi\u00f3n\",\"publisher\":{\"@id\":\"https:\\\/\\\/www.vivaeurovision.com\\\/#organization\"},\"potentialAction\":[{\"@type\":\"SearchAction\",\"target\":{\"@type\":\"EntryPoint\",\"urlTemplate\":\"https:\\\/\\\/www.vivaeurovision.com\\\/?s={search_term_string}\"},\"query-input\":{\"@type\":\"PropertyValueSpecification\",\"valueRequired\":true,\"valueName\":\"search_term_string\"}}],\"inLanguage\":\"es\"},{\"@type\":\"Organization\",\"@id\":\"https:\\\/\\\/www.vivaeurovision.com\\\/#organization\",\"name\":\"vivaeurovision\",\"url\":\"https:\\\/\\\/www.vivaeurovision.com\\\/\",\"logo\":{\"@type\":\"ImageObject\",\"inLanguage\":\"es\",\"@id\":\"https:\\\/\\\/www.vivaeurovision.com\\\/#\\\/schema\\\/logo\\\/image\\\/\",\"url\":\"https:\\\/\\\/www.vivaeurovision.com\\\/wp-content\\\/uploads\\\/2016\\\/01\\\/cropped-image-21-1.jpeg\",\"contentUrl\":\"https:\\\/\\\/www.vivaeurovision.com\\\/wp-content\\\/uploads\\\/2016\\\/01\\\/cropped-image-21-1.jpeg\",\"width\":669,\"height\":368,\"caption\":\"vivaeurovision\"},\"image\":{\"@id\":\"https:\\\/\\\/www.vivaeurovision.com\\\/#\\\/schema\\\/logo\\\/image\\\/\"}},{\"@type\":\"Person\",\"@id\":\"https:\\\/\\\/www.vivaeurovision.com\\\/#\\\/schema\\\/person\\\/1d31fdaa3f5f7df556f73d164bd3c47a\",\"name\":\"Pedro Palomo\",\"image\":{\"@type\":\"ImageObject\",\"inLanguage\":\"es\",\"@id\":\"https:\\\/\\\/secure.gravatar.com\\\/avatar\\\/4cf9a4877f5f71f44fb7cedbe1bac1bd28bd8ce7a217517d98d5b2117f9f5505?s=96&d=mm&r=g\",\"url\":\"https:\\\/\\\/secure.gravatar.com\\\/avatar\\\/4cf9a4877f5f71f44fb7cedbe1bac1bd28bd8ce7a217517d98d5b2117f9f5505?s=96&d=mm&r=g\",\"contentUrl\":\"https:\\\/\\\/secure.gravatar.com\\\/avatar\\\/4cf9a4877f5f71f44fb7cedbe1bac1bd28bd8ce7a217517d98d5b2117f9f5505?s=96&d=mm&r=g\",\"caption\":\"Pedro Palomo\"},\"sameAs\":[\"http:\\\/\\\/www.vivaeurovision.com\",\"@pedrobcn\",\"https:\\\/\\\/x.com\\\/@pedropalomobcn\"]}]}<\/script>\n<!-- \/ Yoast SEO plugin. -->","yoast_head_json":{"title":"Laura Pausini, Mika y Alessandro Cattelan, presentadores de Eurovision 2022 - VIVAEUROVISION viva eurovision","description":"laura Pausini mika alssandro cattelan, presentadores eurovision 2022, eurovision 2022, The song of beauty, vivaeurovision, viva eurovision, eurovision 2022","robots":{"index":"index","follow":"follow","max-snippet":"max-snippet:-1","max-image-preview":"max-image-preview:large","max-video-preview":"max-video-preview:-1"},"canonical":"https:\/\/www.vivaeurovision.com\/index.php\/2022\/02\/03\/presentadores-eurovision-2022\/","og_locale":"es_ES","og_type":"article","og_title":"Laura Pausini, Mika y Alessandro Cattelan, presentadores de Eurovision 2022 - VIVAEUROVISION viva eurovision","og_description":"laura Pausini mika alssandro cattelan, presentadores eurovision 2022, eurovision 2022, The song of beauty, vivaeurovision, viva eurovision, eurovision 2022","og_url":"https:\/\/www.vivaeurovision.com\/index.php\/2022\/02\/03\/presentadores-eurovision-2022\/","og_site_name":"VIVAEUROVISION viva eurovision","article_published_time":"2022-02-03T06:27:35+00:00","article_modified_time":"2022-02-03T06:27:36+00:00","og_image":[{"width":2560,"height":1440,"url":"https:\/\/www.vivaeurovision.com\/wp-content\/uploads\/2022\/02\/E7E3446A-8B13-4F99-82F8-80C49C94A467-scaled.jpeg","type":"image\/jpeg"}],"author":"Pedro Palomo","twitter_card":"summary_large_image","twitter_creator":"@pedropalomobcn","twitter_misc":{"Escrito por":"Pedro Palomo","Tiempo de lectura":"2 minutos"},"schema":{"@context":"https:\/\/schema.org","@graph":[{"@type":"Article","@id":"https:\/\/www.vivaeurovision.com\/index.php\/2022\/02\/03\/presentadores-eurovision-2022\/#article","isPartOf":{"@id":"https:\/\/www.vivaeurovision.com\/index.php\/2022\/02\/03\/presentadores-eurovision-2022\/"},"author":{"name":"Pedro Palomo","@id":"https:\/\/www.vivaeurovision.com\/#\/schema\/person\/1d31fdaa3f5f7df556f73d164bd3c47a"},"headline":"Laura Pausini, Mika y Alessandro Cattelan, presentadores de Eurovision 2022","datePublished":"2022-02-03T06:27:35+00:00","dateModified":"2022-02-03T06:27:36+00:00","mainEntityOfPage":{"@id":"https:\/\/www.vivaeurovision.com\/index.php\/2022\/02\/03\/presentadores-eurovision-2022\/"},"wordCount":146,"commentCount":0,"publisher":{"@id":"https:\/\/www.vivaeurovision.com\/#organization"},"image":{"@id":"https:\/\/www.vivaeurovision.com\/index.php\/2022\/02\/03\/presentadores-eurovision-2022\/#primaryimage"},"thumbnailUrl":"https:\/\/www.vivaeurovision.com\/wp-content\/uploads\/2022\/02\/E7E3446A-8B13-4F99-82F8-80C49C94A467-scaled.jpeg","keywords":["ESC","Eurovision","eurovision 2022","eurovision 2022 italy","eurovision 2022 the song of beauty","Eurovision Song Contest 2022","eurovision song contest festival","eurovision The Song of beauty","Festival de Eurovisi\u00f3n","festival de Eurovisi\u00f3n 2022","italia eurovision 2022","italy eurovision 2022","Laura Pausini eurovision","laura Pausini mika alssandro cattelan","mika eurovision","Noticia","Pedro Palomo","Pedro Palomo Eurovision","Pedro Palomo Vivaeurovision","presentadores eurovision 2022","The song of beauty","turin eurovision 2022","viva eurovision","vivaeurovision"],"articleSection":["Benidorm Fest","Espa\u00f1a en Eurovisi\u00f3n","eurovision","Eurovision 2022","Inicio","Noticia","Noticias","Rinc\u00f3n VIVALAMUSICA","Ultima Hora"],"inLanguage":"es","potentialAction":[{"@type":"CommentAction","name":"Comment","target":["https:\/\/www.vivaeurovision.com\/index.php\/2022\/02\/03\/presentadores-eurovision-2022\/#respond"]}]},{"@type":"WebPage","@id":"https:\/\/www.vivaeurovision.com\/index.php\/2022\/02\/03\/presentadores-eurovision-2022\/","url":"https:\/\/www.vivaeurovision.com\/index.php\/2022\/02\/03\/presentadores-eurovision-2022\/","name":"Laura Pausini, Mika y Alessandro Cattelan, presentadores de Eurovision 2022 - VIVAEUROVISION viva eurovision","isPartOf":{"@id":"https:\/\/www.vivaeurovision.com\/#website"},"primaryImageOfPage":{"@id":"https:\/\/www.vivaeurovision.com\/index.php\/2022\/02\/03\/presentadores-eurovision-2022\/#primaryimage"},"image":{"@id":"https:\/\/www.vivaeurovision.com\/index.php\/2022\/02\/03\/presentadores-eurovision-2022\/#primaryimage"},"thumbnailUrl":"https:\/\/www.vivaeurovision.com\/wp-content\/uploads\/2022\/02\/E7E3446A-8B13-4F99-82F8-80C49C94A467-scaled.jpeg","datePublished":"2022-02-03T06:27:35+00:00","dateModified":"2022-02-03T06:27:36+00:00","description":"laura Pausini mika alssandro cattelan, presentadores eurovision 2022, eurovision 2022, The song of beauty, vivaeurovision, viva eurovision, eurovision 2022","breadcrumb":{"@id":"https:\/\/www.vivaeurovision.com\/index.php\/2022\/02\/03\/presentadores-eurovision-2022\/#breadcrumb"},"inLanguage":"es","potentialAction":[{"@type":"ReadAction","target":["https:\/\/www.vivaeurovision.com\/index.php\/2022\/02\/03\/presentadores-eurovision-2022\/"]}]},{"@type":"ImageObject","inLanguage":"es","@id":"https:\/\/www.vivaeurovision.com\/index.php\/2022\/02\/03\/presentadores-eurovision-2022\/#primaryimage","url":"https:\/\/www.vivaeurovision.com\/wp-content\/uploads\/2022\/02\/E7E3446A-8B13-4F99-82F8-80C49C94A467-scaled.jpeg","contentUrl":"https:\/\/www.vivaeurovision.com\/wp-content\/uploads\/2022\/02\/E7E3446A-8B13-4F99-82F8-80C49C94A467-scaled.jpeg","width":2560,"height":1440,"caption":"Presentadores eurovision 2022"},{"@type":"BreadcrumbList","@id":"https:\/\/www.vivaeurovision.com\/index.php\/2022\/02\/03\/presentadores-eurovision-2022\/#breadcrumb","itemListElement":[{"@type":"ListItem","position":1,"name":"Portada","item":"https:\/\/www.vivaeurovision.com\/"},{"@type":"ListItem","position":2,"name":"Laura Pausini, Mika y Alessandro Cattelan, presentadores de Eurovision 2022"}]},{"@type":"WebSite","@id":"https:\/\/www.vivaeurovision.com\/#website","url":"https:\/\/www.vivaeurovision.com\/","name":"VIVAEUROVISION viva eurovision","description":"Tu portal sobre el Festival de Eurovision, eurovision, eurovisi\u00f3n","publisher":{"@id":"https:\/\/www.vivaeurovision.com\/#organization"},"potentialAction":[{"@type":"SearchAction","target":{"@type":"EntryPoint","urlTemplate":"https:\/\/www.vivaeurovision.com\/?s={search_term_string}"},"query-input":{"@type":"PropertyValueSpecification","valueRequired":true,"valueName":"search_term_string"}}],"inLanguage":"es"},{"@type":"Organization","@id":"https:\/\/www.vivaeurovision.com\/#organization","name":"vivaeurovision","url":"https:\/\/www.vivaeurovision.com\/","logo":{"@type":"ImageObject","inLanguage":"es","@id":"https:\/\/www.vivaeurovision.com\/#\/schema\/logo\/image\/","url":"https:\/\/www.vivaeurovision.com\/wp-content\/uploads\/2016\/01\/cropped-image-21-1.jpeg","contentUrl":"https:\/\/www.vivaeurovision.com\/wp-content\/uploads\/2016\/01\/cropped-image-21-1.jpeg","width":669,"height":368,"caption":"vivaeurovision"},"image":{"@id":"https:\/\/www.vivaeurovision.com\/#\/schema\/logo\/image\/"}},{"@type":"Person","@id":"https:\/\/www.vivaeurovision.com\/#\/schema\/person\/1d31fdaa3f5f7df556f73d164bd3c47a","name":"Pedro Palomo","image":{"@type":"ImageObject","inLanguage":"es","@id":"https:\/\/secure.gravatar.com\/avatar\/4cf9a4877f5f71f44fb7cedbe1bac1bd28bd8ce7a217517d98d5b2117f9f5505?s=96&d=mm&r=g","url":"https:\/\/secure.gravatar.com\/avatar\/4cf9a4877f5f71f44fb7cedbe1bac1bd28bd8ce7a217517d98d5b2117f9f5505?s=96&d=mm&r=g","contentUrl":"https:\/\/secure.gravatar.com\/avatar\/4cf9a4877f5f71f44fb7cedbe1bac1bd28bd8ce7a217517d98d5b2117f9f5505?s=96&d=mm&r=g","caption":"Pedro Palomo"},"sameAs":["http:\/\/www.vivaeurovision.com","@pedrobcn","https:\/\/x.com\/@pedropalomobcn"]}]}},"_links":{"self":[{"href":"https:\/\/www.vivaeurovision.com\/index.php\/wp-json\/wp\/v2\/posts\/11962","targetHints":{"allow":["GET"]}}],"collection":[{"href":"https:\/\/www.vivaeurovision.com\/index.php\/wp-json\/wp\/v2\/posts"}],"about":[{"href":"https:\/\/www.vivaeurovision.com\/index.php\/wp-json\/wp\/v2\/types\/post"}],"author":[{"embeddable":true,"href":"https:\/\/www.vivaeurovision.com\/index.php\/wp-json\/wp\/v2\/users\/1"}],"replies":[{"embeddable":true,"href":"https:\/\/www.vivaeurovision.com\/index.php\/wp-json\/wp\/v2\/comments?post=11962"}],"version-history":[{"count":4,"href":"https:\/\/www.vivaeurovision.com\/index.php\/wp-json\/wp\/v2\/posts\/11962\/revisions"}],"predecessor-version":[{"id":12050,"href":"https:\/\/www.vivaeurovision.com\/index.php\/wp-json\/wp\/v2\/posts\/11962\/revisions\/12050"}],"wp:featuredmedia":[{"embeddable":true,"href":"https:\/\/www.vivaeurovision.com\/index.php\/wp-json\/wp\/v2\/media\/12048"}],"wp:attachment":[{"href":"https:\/\/www.vivaeurovision.com\/index.php\/wp-json\/wp\/v2\/media?parent=11962"}],"wp:term":[{"taxonomy":"category","embeddable":true,"href":"https:\/\/www.vivaeurovision.com\/index.php\/wp-json\/wp\/v2\/categories?post=11962"},{"taxonomy":"post_tag","embeddable":true,"href":"https:\/\/www.vivaeurovision.com\/index.php\/wp-json\/wp\/v2\/tags?post=11962"}],"curies":[{"name":"wp","href":"https:\/\/api.w.org\/{rel}","templated":true}]}}