{"id":1242,"date":"2016-03-03T18:50:57","date_gmt":"2016-03-03T18:50:57","guid":{"rendered":"http:\/\/www.vivaeurovision.com\/?p=1242"},"modified":"2016-03-06T14:01:55","modified_gmt":"2016-03-06T14:01:55","slug":"1242-escmode-valenzuela","status":"publish","type":"post","link":"https:\/\/www.vivaeurovision.com\/index.php\/2016\/03\/03\/1242-escmode-valenzuela\/","title":{"rendered":"ESCmode VALENZUELA:72 A\u00d1OS, UN D\u00cdA COMO HOY"},"content":{"rendered":"<div id=\"attachment_1243\" style=\"width: 310px\" class=\"wp-caption alignnone\"><img loading=\"lazy\" decoding=\"async\" aria-describedby=\"caption-attachment-1243\" class=\"wp-image-1243 size-medium\" src=\"http:\/\/www.vivaeurovision.com\/wp-content\/uploads\/2016\/03\/ESCMODEVALENZUELAVIVAEUROVISION-300x300.jpg\" alt=\"vivaeurovision\" width=\"300\" height=\"300\" srcset=\"https:\/\/www.vivaeurovision.com\/wp-content\/uploads\/2016\/03\/ESCMODEVALENZUELAVIVAEUROVISION-300x300.jpg 300w, https:\/\/www.vivaeurovision.com\/wp-content\/uploads\/2016\/03\/ESCMODEVALENZUELAVIVAEUROVISION-150x150.jpg 150w, https:\/\/www.vivaeurovision.com\/wp-content\/uploads\/2016\/03\/ESCMODEVALENZUELAVIVAEUROVISION-768x767.jpg 768w, https:\/\/www.vivaeurovision.com\/wp-content\/uploads\/2016\/03\/ESCMODEVALENZUELAVIVAEUROVISION.jpg 882w\" sizes=\"auto, (max-width: 300px) 100vw, 300px\" \/><p id=\"caption-attachment-1243\" class=\"wp-caption-text\">ESCmode VALENZUELA<\/p><\/div>\n<p>Imaginad por un momento que so\u00f1\u00e1is que entran en vuestras casas, os echan de ellas, que os expulsan de vuestras tierras, os arrancan de vuestras ra\u00edces.Ojal\u00e1 para ellos hubiera podido ser un sue\u00f1o, y no una pesadilla real, que despu\u00e9s una abuela contar\u00eda a su nieta.<\/p>\n<p>Pues esto es lo que nos canta y nos cuenta Jamala, conocida por todos nosotros por haberlo intentado ya en la preselecci\u00f3n nacional ucraniana en 2011 con la canci\u00f3n \u201cSmile\u201d y por traernos el temazo \u201c1944\u201d para el 2016.<\/p>\n<p>&nbsp;<\/p>\n<p>\u00bfPor qu\u00e9 un pueblo no puede expresar su historia o el dolor de sus generaciones en una letra, melod\u00eda o en una canci\u00f3n en su conjunto?<\/p>\n<p>Muchos medios buscan excusas y se agarran a un clavo ardiendo para tachar esta canci\u00f3n de \u201cpol\u00edtica\u201d, quieren intentar descalificarla para que no pueda defenderse en Estocolmo, adem\u00e1s de intentar evitar que este tema remueva muchas conciencias en Rusia y el resto del mundo.<\/p>\n<p>Como mucho podr\u00e1n plantearse cambiar el t\u00edtulo \u201c1944\u201del \u00fanico dato que alude a fechas hist\u00f3ricas, ya que en aquel a\u00f1o, concretamente el 3 de marzo, la ofensiva sovi\u00e9tica entra en lo que a d\u00eda de hoy es Ucrania,\u00a0\u00a0durante la 2\u00aa guerra mundial.<\/p>\n<p>&nbsp;<\/p>\n<p style=\"text-align: center;\">Luego est\u00e1n las talifanas que por no gustarles la canci\u00f3n, o porque la cantante no tiene un cuerpazomasculino con el que poder babear, intentan hacer le\u00f1a del \u00e1rbol ca\u00eddo. Y no guap@s, a\u00fan quedan bastantes canciones por descubrir este a\u00f1o, tal vez teng\u00e1is suerte y os traigan un Sakis Rouvas en versi\u00f3n rumana o portuguesa, o algo por el estilo. No perd\u00e1is la esperanza.<\/p>\n<div id=\"attachment_1243\" style=\"width: 310px\" class=\"wp-caption aligncenter\"><img loading=\"lazy\" decoding=\"async\" aria-describedby=\"caption-attachment-1243\" class=\"wp-image-1243 size-medium\" src=\"http:\/\/www.vivaeurovision.com\/wp-content\/uploads\/2016\/03\/ESCMODEVALENZUELAVIVAEUROVISION-300x300.jpg\" alt=\"vivaeurovision\" width=\"300\" height=\"300\" srcset=\"https:\/\/www.vivaeurovision.com\/wp-content\/uploads\/2016\/03\/ESCMODEVALENZUELAVIVAEUROVISION-300x300.jpg 300w, https:\/\/www.vivaeurovision.com\/wp-content\/uploads\/2016\/03\/ESCMODEVALENZUELAVIVAEUROVISION-150x150.jpg 150w, https:\/\/www.vivaeurovision.com\/wp-content\/uploads\/2016\/03\/ESCMODEVALENZUELAVIVAEUROVISION-768x767.jpg 768w, https:\/\/www.vivaeurovision.com\/wp-content\/uploads\/2016\/03\/ESCMODEVALENZUELAVIVAEUROVISION.jpg 882w\" sizes=\"auto, (max-width: 300px) 100vw, 300px\" \/><p id=\"caption-attachment-1243\" class=\"wp-caption-text\"><strong>ESCmode VALENZUELA<\/strong><\/p><\/div>\n<p style=\"text-align: center;\">Firmado: ESCmode VALENZUELA<\/p>\n<p style=\"text-align: center;\"><strong><a href=\"https:\/\/www.facebook.com\/toni.valenzuela2?fref=ts\" target=\"_blank\">FACEBOOK PHOTONI BARCELONA<\/a>\u00a0<\/strong>Instagram <strong><a href=\"https:\/\/www.instagram.com\/photoni_barcelona\/\" target=\"_blank\">@photoni_barcelona<\/a><\/strong><\/p>\n<p><img loading=\"lazy\" decoding=\"async\" class=\"alignnone size-medium wp-image-311\" src=\"http:\/\/www.vivaeurovision.com\/wp-content\/uploads\/2016\/01\/image-21-300x165.jpeg\" alt=\"VIVAEUROVISION.COM\" width=\"300\" height=\"165\" srcset=\"https:\/\/www.vivaeurovision.com\/wp-content\/uploads\/2016\/01\/image-21-300x165.jpeg 300w, https:\/\/www.vivaeurovision.com\/wp-content\/uploads\/2016\/01\/image-21-555x305.jpeg 555w, https:\/\/www.vivaeurovision.com\/wp-content\/uploads\/2016\/01\/image-21.jpeg 669w\" sizes=\"auto, (max-width: 300px) 100vw, 300px\" \/><\/p>\n<p>Twitter\u00a0<strong> <a href=\"https:\/\/twitter.com\/viva_eurovision\" target=\"_blank\">@viva_eurovision<\/a>\u00a0 <a href=\"https:\/\/www.facebook.com\/Vivaeurovisioncom-867806686671081\/?fref=nf\" target=\"_blank\">FACEBOOK OFICIAL VIVA EUROVISION <\/a><\/strong>Instragram <strong><a href=\"https:\/\/www.instagram.com\/vivaeurovision\/\" target=\"_blank\">@vivaeurovision<\/a><\/strong><\/p>\n<p><strong>\u00a0<\/strong><\/p>\n","protected":false},"excerpt":{"rendered":"<p>Imaginad por un momento que so\u00f1\u00e1is que entran en vuestras casas, os echan de ellas, que os expulsan de vuestras tierras, os arrancan de vuestras ra\u00edces.Ojal\u00e1 para ellos hubiera podido&#46;&#46;&#46;<\/p>\n","protected":false},"author":5,"featured_media":1246,"comment_status":"open","ping_status":"open","sticky":false,"template":"","format":"standard","meta":{"_exactmetrics_skip_tracking":false,"_exactmetrics_sitenote_active":false,"_exactmetrics_sitenote_note":"","_exactmetrics_sitenote_category":0,"footnotes":""},"categories":[87,4,3],"tags":[484,133,486,131,159,17,30,483,13,14,11,12,160,158,168,349,352,485,104,161,170,167,22],"class_list":["post-1242","post","type-post","status-publish","format-standard","has-post-thumbnail","hentry","category-columnas","category-eurovision","category-ultima-hora","tag-484","tag-columna","tag-columna-escmode-valenzuela","tag-columnas","tag-come-together","tag-esc","tag-esc-2016","tag-escmode-valenzuela","tag-estocolmo","tag-estocolmo-2016","tag-eurovision","tag-eurovision-2016","tag-eurovision-2016-come-together","tag-eurovision-come-together","tag-jamala","tag-jamala-1944","tag-jamala-eurovision","tag-opinion","tag-stockholm-2016","tag-stockholm-2016-come-together","tag-ucrania","tag-ucrania-eurovision-2016","tag-vivaeurovision"],"yoast_head":"<!-- This site is optimized with the Yoast SEO plugin v27.5 - https:\/\/yoast.com\/product\/yoast-seo-wordpress\/ -->\n<title>ESCmode VALENZUELA:72 A\u00d1OS, UN D\u00cdA COMO HOY - VIVAEUROVISION viva eurovision<\/title>\n<meta name=\"robots\" content=\"index, follow, max-snippet:-1, max-image-preview:large, max-video-preview:-1\" \/>\n<link rel=\"canonical\" href=\"https:\/\/www.vivaeurovision.com\/index.php\/2016\/03\/03\/1242-escmode-valenzuela\/\" \/>\n<meta property=\"og:locale\" content=\"es_ES\" \/>\n<meta property=\"og:type\" content=\"article\" \/>\n<meta property=\"og:title\" content=\"ESCmode VALENZUELA:72 A\u00d1OS, UN D\u00cdA COMO HOY - VIVAEUROVISION viva eurovision\" \/>\n<meta property=\"og:description\" content=\"Imaginad por un momento que so\u00f1\u00e1is que entran en vuestras casas, os echan de ellas, que os expulsan de vuestras tierras, os arrancan de vuestras ra\u00edces.Ojal\u00e1 para ellos hubiera podido&#046;&#046;&#046;\" \/>\n<meta property=\"og:url\" content=\"https:\/\/www.vivaeurovision.com\/index.php\/2016\/03\/03\/1242-escmode-valenzuela\/\" \/>\n<meta property=\"og:site_name\" content=\"VIVAEUROVISION viva eurovision\" \/>\n<meta property=\"article:published_time\" content=\"2016-03-03T18:50:57+00:00\" \/>\n<meta property=\"article:modified_time\" content=\"2016-03-06T14:01:55+00:00\" \/>\n<meta property=\"og:image\" content=\"https:\/\/www.vivaeurovision.com\/wp-content\/uploads\/2016\/03\/Sin-t\u00edtulo-1.jpg\" \/>\n\t<meta property=\"og:image:width\" content=\"795\" \/>\n\t<meta property=\"og:image:height\" content=\"500\" \/>\n\t<meta property=\"og:image:type\" content=\"image\/jpeg\" \/>\n<meta name=\"author\" content=\"VIVAEUROVISION\" \/>\n<meta name=\"twitter:card\" content=\"summary_large_image\" \/>\n<meta name=\"twitter:label1\" content=\"Escrito por\" \/>\n\t<meta name=\"twitter:data1\" content=\"VIVAEUROVISION\" \/>\n\t<meta name=\"twitter:label2\" content=\"Tiempo de lectura\" \/>\n\t<meta name=\"twitter:data2\" content=\"2 minutos\" \/>\n<script type=\"application\/ld+json\" class=\"yoast-schema-graph\">{\"@context\":\"https:\\\/\\\/schema.org\",\"@graph\":[{\"@type\":\"Article\",\"@id\":\"https:\\\/\\\/www.vivaeurovision.com\\\/index.php\\\/2016\\\/03\\\/03\\\/1242-escmode-valenzuela\\\/#article\",\"isPartOf\":{\"@id\":\"https:\\\/\\\/www.vivaeurovision.com\\\/index.php\\\/2016\\\/03\\\/03\\\/1242-escmode-valenzuela\\\/\"},\"author\":{\"name\":\"VIVAEUROVISION\",\"@id\":\"https:\\\/\\\/www.vivaeurovision.com\\\/#\\\/schema\\\/person\\\/6d4223f7de6123bb6f58acb8833cf3f9\"},\"headline\":\"ESCmode VALENZUELA:72 A\u00d1OS, UN D\u00cdA COMO HOY\",\"datePublished\":\"2016-03-03T18:50:57+00:00\",\"dateModified\":\"2016-03-06T14:01:55+00:00\",\"mainEntityOfPage\":{\"@id\":\"https:\\\/\\\/www.vivaeurovision.com\\\/index.php\\\/2016\\\/03\\\/03\\\/1242-escmode-valenzuela\\\/\"},\"wordCount\":333,\"commentCount\":0,\"publisher\":{\"@id\":\"https:\\\/\\\/www.vivaeurovision.com\\\/#organization\"},\"image\":{\"@id\":\"https:\\\/\\\/www.vivaeurovision.com\\\/index.php\\\/2016\\\/03\\\/03\\\/1242-escmode-valenzuela\\\/#primaryimage\"},\"thumbnailUrl\":\"https:\\\/\\\/www.vivaeurovision.com\\\/wp-content\\\/uploads\\\/2016\\\/03\\\/Sin-t\u00edtulo-1.jpg\",\"keywords\":[\"1944\",\"columna\",\"columna escmode valenzuela\",\"columnas\",\"COME TOGETHER\",\"ESC\",\"Esc 2016\",\"ESCMODE VALENZUELA\",\"Estocolmo\",\"Estocolmo 2016\",\"Eurovision\",\"Eurovisi\u00f3n 2016\",\"Eurovision 2016 come together\",\"Eurovision come together\",\"jamala\",\"jamala 1944\",\"Jamala eurovision\",\"opini\u00f3n\",\"stockholm 2016\",\"stockholm 2016 come together\",\"ucrania\",\"ucrania eurovision 2016\",\"vivaeurovision\"],\"articleSection\":[\"Columnas\",\"Inicio\",\"Ultima Hora\"],\"inLanguage\":\"es\",\"potentialAction\":[{\"@type\":\"CommentAction\",\"name\":\"Comment\",\"target\":[\"https:\\\/\\\/www.vivaeurovision.com\\\/index.php\\\/2016\\\/03\\\/03\\\/1242-escmode-valenzuela\\\/#respond\"]}]},{\"@type\":\"WebPage\",\"@id\":\"https:\\\/\\\/www.vivaeurovision.com\\\/index.php\\\/2016\\\/03\\\/03\\\/1242-escmode-valenzuela\\\/\",\"url\":\"https:\\\/\\\/www.vivaeurovision.com\\\/index.php\\\/2016\\\/03\\\/03\\\/1242-escmode-valenzuela\\\/\",\"name\":\"ESCmode VALENZUELA:72 A\u00d1OS, UN D\u00cdA COMO HOY - VIVAEUROVISION viva eurovision\",\"isPartOf\":{\"@id\":\"https:\\\/\\\/www.vivaeurovision.com\\\/#website\"},\"primaryImageOfPage\":{\"@id\":\"https:\\\/\\\/www.vivaeurovision.com\\\/index.php\\\/2016\\\/03\\\/03\\\/1242-escmode-valenzuela\\\/#primaryimage\"},\"image\":{\"@id\":\"https:\\\/\\\/www.vivaeurovision.com\\\/index.php\\\/2016\\\/03\\\/03\\\/1242-escmode-valenzuela\\\/#primaryimage\"},\"thumbnailUrl\":\"https:\\\/\\\/www.vivaeurovision.com\\\/wp-content\\\/uploads\\\/2016\\\/03\\\/Sin-t\u00edtulo-1.jpg\",\"datePublished\":\"2016-03-03T18:50:57+00:00\",\"dateModified\":\"2016-03-06T14:01:55+00:00\",\"breadcrumb\":{\"@id\":\"https:\\\/\\\/www.vivaeurovision.com\\\/index.php\\\/2016\\\/03\\\/03\\\/1242-escmode-valenzuela\\\/#breadcrumb\"},\"inLanguage\":\"es\",\"potentialAction\":[{\"@type\":\"ReadAction\",\"target\":[\"https:\\\/\\\/www.vivaeurovision.com\\\/index.php\\\/2016\\\/03\\\/03\\\/1242-escmode-valenzuela\\\/\"]}]},{\"@type\":\"ImageObject\",\"inLanguage\":\"es\",\"@id\":\"https:\\\/\\\/www.vivaeurovision.com\\\/index.php\\\/2016\\\/03\\\/03\\\/1242-escmode-valenzuela\\\/#primaryimage\",\"url\":\"https:\\\/\\\/www.vivaeurovision.com\\\/wp-content\\\/uploads\\\/2016\\\/03\\\/Sin-t\u00edtulo-1.jpg\",\"contentUrl\":\"https:\\\/\\\/www.vivaeurovision.com\\\/wp-content\\\/uploads\\\/2016\\\/03\\\/Sin-t\u00edtulo-1.jpg\",\"width\":795,\"height\":500,\"caption\":\"vivaeurovision\"},{\"@type\":\"BreadcrumbList\",\"@id\":\"https:\\\/\\\/www.vivaeurovision.com\\\/index.php\\\/2016\\\/03\\\/03\\\/1242-escmode-valenzuela\\\/#breadcrumb\",\"itemListElement\":[{\"@type\":\"ListItem\",\"position\":1,\"name\":\"Portada\",\"item\":\"https:\\\/\\\/www.vivaeurovision.com\\\/\"},{\"@type\":\"ListItem\",\"position\":2,\"name\":\"ESCmode VALENZUELA:72 A\u00d1OS, UN D\u00cdA COMO HOY\"}]},{\"@type\":\"WebSite\",\"@id\":\"https:\\\/\\\/www.vivaeurovision.com\\\/#website\",\"url\":\"https:\\\/\\\/www.vivaeurovision.com\\\/\",\"name\":\"VIVAEUROVISION viva eurovision\",\"description\":\"Tu portal sobre el Festival de Eurovision, eurovision, eurovisi\u00f3n\",\"publisher\":{\"@id\":\"https:\\\/\\\/www.vivaeurovision.com\\\/#organization\"},\"potentialAction\":[{\"@type\":\"SearchAction\",\"target\":{\"@type\":\"EntryPoint\",\"urlTemplate\":\"https:\\\/\\\/www.vivaeurovision.com\\\/?s={search_term_string}\"},\"query-input\":{\"@type\":\"PropertyValueSpecification\",\"valueRequired\":true,\"valueName\":\"search_term_string\"}}],\"inLanguage\":\"es\"},{\"@type\":\"Organization\",\"@id\":\"https:\\\/\\\/www.vivaeurovision.com\\\/#organization\",\"name\":\"vivaeurovision\",\"url\":\"https:\\\/\\\/www.vivaeurovision.com\\\/\",\"logo\":{\"@type\":\"ImageObject\",\"inLanguage\":\"es\",\"@id\":\"https:\\\/\\\/www.vivaeurovision.com\\\/#\\\/schema\\\/logo\\\/image\\\/\",\"url\":\"https:\\\/\\\/www.vivaeurovision.com\\\/wp-content\\\/uploads\\\/2016\\\/01\\\/cropped-image-21-1.jpeg\",\"contentUrl\":\"https:\\\/\\\/www.vivaeurovision.com\\\/wp-content\\\/uploads\\\/2016\\\/01\\\/cropped-image-21-1.jpeg\",\"width\":669,\"height\":368,\"caption\":\"vivaeurovision\"},\"image\":{\"@id\":\"https:\\\/\\\/www.vivaeurovision.com\\\/#\\\/schema\\\/logo\\\/image\\\/\"}},{\"@type\":\"Person\",\"@id\":\"https:\\\/\\\/www.vivaeurovision.com\\\/#\\\/schema\\\/person\\\/6d4223f7de6123bb6f58acb8833cf3f9\",\"name\":\"VIVAEUROVISION\",\"image\":{\"@type\":\"ImageObject\",\"inLanguage\":\"es\",\"@id\":\"https:\\\/\\\/secure.gravatar.com\\\/avatar\\\/3dddbbbf0c20b7f6653de9d9d2ac186535318040becfcfcd139bf15ea3810978?s=96&d=mm&r=g\",\"url\":\"https:\\\/\\\/secure.gravatar.com\\\/avatar\\\/3dddbbbf0c20b7f6653de9d9d2ac186535318040becfcfcd139bf15ea3810978?s=96&d=mm&r=g\",\"contentUrl\":\"https:\\\/\\\/secure.gravatar.com\\\/avatar\\\/3dddbbbf0c20b7f6653de9d9d2ac186535318040becfcfcd139bf15ea3810978?s=96&d=mm&r=g\",\"caption\":\"VIVAEUROVISION\"},\"sameAs\":[\"http:\\\/\\\/www.vivaeurovision.com\"]}]}<\/script>\n<!-- \/ Yoast SEO plugin. -->","yoast_head_json":{"title":"ESCmode VALENZUELA:72 A\u00d1OS, UN D\u00cdA COMO HOY - VIVAEUROVISION viva eurovision","robots":{"index":"index","follow":"follow","max-snippet":"max-snippet:-1","max-image-preview":"max-image-preview:large","max-video-preview":"max-video-preview:-1"},"canonical":"https:\/\/www.vivaeurovision.com\/index.php\/2016\/03\/03\/1242-escmode-valenzuela\/","og_locale":"es_ES","og_type":"article","og_title":"ESCmode VALENZUELA:72 A\u00d1OS, UN D\u00cdA COMO HOY - VIVAEUROVISION viva eurovision","og_description":"Imaginad por un momento que so\u00f1\u00e1is que entran en vuestras casas, os echan de ellas, que os expulsan de vuestras tierras, os arrancan de vuestras ra\u00edces.Ojal\u00e1 para ellos hubiera podido&#46;&#46;&#46;","og_url":"https:\/\/www.vivaeurovision.com\/index.php\/2016\/03\/03\/1242-escmode-valenzuela\/","og_site_name":"VIVAEUROVISION viva eurovision","article_published_time":"2016-03-03T18:50:57+00:00","article_modified_time":"2016-03-06T14:01:55+00:00","og_image":[{"width":795,"height":500,"url":"https:\/\/www.vivaeurovision.com\/wp-content\/uploads\/2016\/03\/Sin-t\u00edtulo-1.jpg","type":"image\/jpeg"}],"author":"VIVAEUROVISION","twitter_card":"summary_large_image","twitter_misc":{"Escrito por":"VIVAEUROVISION","Tiempo de lectura":"2 minutos"},"schema":{"@context":"https:\/\/schema.org","@graph":[{"@type":"Article","@id":"https:\/\/www.vivaeurovision.com\/index.php\/2016\/03\/03\/1242-escmode-valenzuela\/#article","isPartOf":{"@id":"https:\/\/www.vivaeurovision.com\/index.php\/2016\/03\/03\/1242-escmode-valenzuela\/"},"author":{"name":"VIVAEUROVISION","@id":"https:\/\/www.vivaeurovision.com\/#\/schema\/person\/6d4223f7de6123bb6f58acb8833cf3f9"},"headline":"ESCmode VALENZUELA:72 A\u00d1OS, UN D\u00cdA COMO HOY","datePublished":"2016-03-03T18:50:57+00:00","dateModified":"2016-03-06T14:01:55+00:00","mainEntityOfPage":{"@id":"https:\/\/www.vivaeurovision.com\/index.php\/2016\/03\/03\/1242-escmode-valenzuela\/"},"wordCount":333,"commentCount":0,"publisher":{"@id":"https:\/\/www.vivaeurovision.com\/#organization"},"image":{"@id":"https:\/\/www.vivaeurovision.com\/index.php\/2016\/03\/03\/1242-escmode-valenzuela\/#primaryimage"},"thumbnailUrl":"https:\/\/www.vivaeurovision.com\/wp-content\/uploads\/2016\/03\/Sin-t\u00edtulo-1.jpg","keywords":["1944","columna","columna escmode valenzuela","columnas","COME TOGETHER","ESC","Esc 2016","ESCMODE VALENZUELA","Estocolmo","Estocolmo 2016","Eurovision","Eurovisi\u00f3n 2016","Eurovision 2016 come together","Eurovision come together","jamala","jamala 1944","Jamala eurovision","opini\u00f3n","stockholm 2016","stockholm 2016 come together","ucrania","ucrania eurovision 2016","vivaeurovision"],"articleSection":["Columnas","Inicio","Ultima Hora"],"inLanguage":"es","potentialAction":[{"@type":"CommentAction","name":"Comment","target":["https:\/\/www.vivaeurovision.com\/index.php\/2016\/03\/03\/1242-escmode-valenzuela\/#respond"]}]},{"@type":"WebPage","@id":"https:\/\/www.vivaeurovision.com\/index.php\/2016\/03\/03\/1242-escmode-valenzuela\/","url":"https:\/\/www.vivaeurovision.com\/index.php\/2016\/03\/03\/1242-escmode-valenzuela\/","name":"ESCmode VALENZUELA:72 A\u00d1OS, UN D\u00cdA COMO HOY - VIVAEUROVISION viva eurovision","isPartOf":{"@id":"https:\/\/www.vivaeurovision.com\/#website"},"primaryImageOfPage":{"@id":"https:\/\/www.vivaeurovision.com\/index.php\/2016\/03\/03\/1242-escmode-valenzuela\/#primaryimage"},"image":{"@id":"https:\/\/www.vivaeurovision.com\/index.php\/2016\/03\/03\/1242-escmode-valenzuela\/#primaryimage"},"thumbnailUrl":"https:\/\/www.vivaeurovision.com\/wp-content\/uploads\/2016\/03\/Sin-t\u00edtulo-1.jpg","datePublished":"2016-03-03T18:50:57+00:00","dateModified":"2016-03-06T14:01:55+00:00","breadcrumb":{"@id":"https:\/\/www.vivaeurovision.com\/index.php\/2016\/03\/03\/1242-escmode-valenzuela\/#breadcrumb"},"inLanguage":"es","potentialAction":[{"@type":"ReadAction","target":["https:\/\/www.vivaeurovision.com\/index.php\/2016\/03\/03\/1242-escmode-valenzuela\/"]}]},{"@type":"ImageObject","inLanguage":"es","@id":"https:\/\/www.vivaeurovision.com\/index.php\/2016\/03\/03\/1242-escmode-valenzuela\/#primaryimage","url":"https:\/\/www.vivaeurovision.com\/wp-content\/uploads\/2016\/03\/Sin-t\u00edtulo-1.jpg","contentUrl":"https:\/\/www.vivaeurovision.com\/wp-content\/uploads\/2016\/03\/Sin-t\u00edtulo-1.jpg","width":795,"height":500,"caption":"vivaeurovision"},{"@type":"BreadcrumbList","@id":"https:\/\/www.vivaeurovision.com\/index.php\/2016\/03\/03\/1242-escmode-valenzuela\/#breadcrumb","itemListElement":[{"@type":"ListItem","position":1,"name":"Portada","item":"https:\/\/www.vivaeurovision.com\/"},{"@type":"ListItem","position":2,"name":"ESCmode VALENZUELA:72 A\u00d1OS, UN D\u00cdA COMO HOY"}]},{"@type":"WebSite","@id":"https:\/\/www.vivaeurovision.com\/#website","url":"https:\/\/www.vivaeurovision.com\/","name":"VIVAEUROVISION viva eurovision","description":"Tu portal sobre el Festival de Eurovision, eurovision, eurovisi\u00f3n","publisher":{"@id":"https:\/\/www.vivaeurovision.com\/#organization"},"potentialAction":[{"@type":"SearchAction","target":{"@type":"EntryPoint","urlTemplate":"https:\/\/www.vivaeurovision.com\/?s={search_term_string}"},"query-input":{"@type":"PropertyValueSpecification","valueRequired":true,"valueName":"search_term_string"}}],"inLanguage":"es"},{"@type":"Organization","@id":"https:\/\/www.vivaeurovision.com\/#organization","name":"vivaeurovision","url":"https:\/\/www.vivaeurovision.com\/","logo":{"@type":"ImageObject","inLanguage":"es","@id":"https:\/\/www.vivaeurovision.com\/#\/schema\/logo\/image\/","url":"https:\/\/www.vivaeurovision.com\/wp-content\/uploads\/2016\/01\/cropped-image-21-1.jpeg","contentUrl":"https:\/\/www.vivaeurovision.com\/wp-content\/uploads\/2016\/01\/cropped-image-21-1.jpeg","width":669,"height":368,"caption":"vivaeurovision"},"image":{"@id":"https:\/\/www.vivaeurovision.com\/#\/schema\/logo\/image\/"}},{"@type":"Person","@id":"https:\/\/www.vivaeurovision.com\/#\/schema\/person\/6d4223f7de6123bb6f58acb8833cf3f9","name":"VIVAEUROVISION","image":{"@type":"ImageObject","inLanguage":"es","@id":"https:\/\/secure.gravatar.com\/avatar\/3dddbbbf0c20b7f6653de9d9d2ac186535318040becfcfcd139bf15ea3810978?s=96&d=mm&r=g","url":"https:\/\/secure.gravatar.com\/avatar\/3dddbbbf0c20b7f6653de9d9d2ac186535318040becfcfcd139bf15ea3810978?s=96&d=mm&r=g","contentUrl":"https:\/\/secure.gravatar.com\/avatar\/3dddbbbf0c20b7f6653de9d9d2ac186535318040becfcfcd139bf15ea3810978?s=96&d=mm&r=g","caption":"VIVAEUROVISION"},"sameAs":["http:\/\/www.vivaeurovision.com"]}]}},"_links":{"self":[{"href":"https:\/\/www.vivaeurovision.com\/index.php\/wp-json\/wp\/v2\/posts\/1242","targetHints":{"allow":["GET"]}}],"collection":[{"href":"https:\/\/www.vivaeurovision.com\/index.php\/wp-json\/wp\/v2\/posts"}],"about":[{"href":"https:\/\/www.vivaeurovision.com\/index.php\/wp-json\/wp\/v2\/types\/post"}],"author":[{"embeddable":true,"href":"https:\/\/www.vivaeurovision.com\/index.php\/wp-json\/wp\/v2\/users\/5"}],"replies":[{"embeddable":true,"href":"https:\/\/www.vivaeurovision.com\/index.php\/wp-json\/wp\/v2\/comments?post=1242"}],"version-history":[{"count":0,"href":"https:\/\/www.vivaeurovision.com\/index.php\/wp-json\/wp\/v2\/posts\/1242\/revisions"}],"wp:featuredmedia":[{"embeddable":true,"href":"https:\/\/www.vivaeurovision.com\/index.php\/wp-json\/wp\/v2\/media\/1246"}],"wp:attachment":[{"href":"https:\/\/www.vivaeurovision.com\/index.php\/wp-json\/wp\/v2\/media?parent=1242"}],"wp:term":[{"taxonomy":"category","embeddable":true,"href":"https:\/\/www.vivaeurovision.com\/index.php\/wp-json\/wp\/v2\/categories?post=1242"},{"taxonomy":"post_tag","embeddable":true,"href":"https:\/\/www.vivaeurovision.com\/index.php\/wp-json\/wp\/v2\/tags?post=1242"}],"curies":[{"name":"wp","href":"https:\/\/api.w.org\/{rel}","templated":true}]}}