{"id":12602,"date":"2022-10-20T21:52:28","date_gmt":"2022-10-20T21:52:28","guid":{"rendered":"https:\/\/www.vivaeurovision.com\/?p=12602"},"modified":"2022-10-20T21:52:29","modified_gmt":"2022-10-20T21:52:29","slug":"12602-eurovision-2023","status":"publish","type":"post","link":"https:\/\/www.vivaeurovision.com\/index.php\/2022\/10\/20\/12602-eurovision-2023\/","title":{"rendered":"37 Pa\u00edses competir\u00e1n en Eurovision 2023"},"content":{"rendered":"\n<h2>37 Pa\u00edses competir\u00e1n en Eurovision 2023<\/h2>\n<p><img loading=\"lazy\" decoding=\"async\" class=\"alignnone size-medium wp-image-12613\" src=\"https:\/\/www.vivaeurovision.com\/wp-content\/uploads\/2022\/10\/40C62AA5-5620-4856-A19D-4D127F675097-300x166.jpeg\" alt=\"eurovision 2023\" width=\"300\" height=\"166\" srcset=\"https:\/\/www.vivaeurovision.com\/wp-content\/uploads\/2022\/10\/40C62AA5-5620-4856-A19D-4D127F675097-300x166.jpeg 300w, https:\/\/www.vivaeurovision.com\/wp-content\/uploads\/2022\/10\/40C62AA5-5620-4856-A19D-4D127F675097-700x388.jpeg 700w, https:\/\/www.vivaeurovision.com\/wp-content\/uploads\/2022\/10\/40C62AA5-5620-4856-A19D-4D127F675097.jpeg 1080w\" sizes=\"auto, (max-width: 300px) 100vw, 300px\" \/><\/p>\n<p>Un total de 37 pa\u00edses competir\u00e1n el pr\u00f3ximo mes de mayo en el Festival de Eurovision 2023. Ni Bulgaria, ni Montenegro, ni Macedonia del Norte participar\u00e1n en la pr\u00f3xima edici\u00f3n del festival, que se celebrar\u00e1 el pr\u00f3ximo mes de mayo en Liverpool.\u00a0<br \/><br \/><\/p>\n<figure class=\"wp-block-embed wp-block-embed-youtube is-type-video is-provider-youtube epyt-figure\"><div class=\"wp-block-embed__wrapper\"><iframe loading=\"lazy\"  id=\"_ytid_54811\"  width=\"480\" height=\"270\"  data-origwidth=\"480\" data-origheight=\"270\" src=\"https:\/\/www.youtube.com\/embed\/WAGP2yOtyxY?enablejsapi=1&autoplay=0&cc_load_policy=0&cc_lang_pref=&iv_load_policy=1&loop=0&rel=1&fs=1&playsinline=0&autohide=2&theme=dark&color=red&controls=1&disablekb=0&\" class=\"__youtube_prefs__  no-lazyload\" title=\"YouTube player\"  allow=\"fullscreen; accelerometer; autoplay; clipboard-write; encrypted-media; gyroscope; picture-in-picture; web-share\" referrerpolicy=\"strict-origin-when-cross-origin\" allowfullscreen data-no-lazy=\"1\" data-skipgform_ajax_framebjll=\"\"><\/iframe><\/div><\/figure>\n\n\n\n<figure class=\"wp-block-image\"><img loading=\"lazy\" decoding=\"async\" width=\"300\" height=\"165\" src=\"http:\/\/www.vivaeurovision.com\/wp-content\/uploads\/2016\/01\/image-21-300x165.jpeg\" alt=\"VIVAEUROVISION.COM\" class=\"wp-image-311\" srcset=\"https:\/\/www.vivaeurovision.com\/wp-content\/uploads\/2016\/01\/image-21-300x165.jpeg 300w, https:\/\/www.vivaeurovision.com\/wp-content\/uploads\/2016\/01\/image-21-555x305.jpeg 555w, https:\/\/www.vivaeurovision.com\/wp-content\/uploads\/2016\/01\/image-21.jpeg 669w\" sizes=\"auto, (max-width: 300px) 100vw, 300px\" \/><\/figure>\n\n\n\n<p>Youtube<\/p>\n\n\n\n<p><a href=\"https:\/\/www.youtube.com\/user\/gurrumi\" target=\"_blank\" rel=\"noopener noreferrer\">Pedro Palomo<\/a><\/p>\n\n\n\n<p>Twitter&nbsp;<strong> <a href=\"https:\/\/twitter.com\/viva_eurovision\" target=\"_blank\" rel=\"noopener noreferrer\">@viva_eurovision<\/a>&nbsp; <a href=\"https:\/\/www.facebook.com\/Vivaeurovisioncom-867806686671081\/?fref=nf\" target=\"_blank\" rel=\"noopener noreferrer\">FACEBOOK OFICIAL VIVA EUROVISION <\/a><\/strong>Instragram <strong>&nbsp;<\/strong><a href=\"https:\/\/www.instagram.com\/vivaeurovision\/\" target=\"_blank\" rel=\"noopener noreferrer\"><strong>@vivaeurovision<\/strong><\/a><\/p>\n\n\n\n<p>Redactor: Pedro Palomo <a href=\"https:\/\/twitter.com\/pedropalomobcn?lang=es\"><strong>@pedropalomobcn<\/strong><\/a><strong>&nbsp;<\/strong>Instagram <a href=\"https:\/\/www.instagram.com\/pedrobcn\/\" target=\"_blank\" rel=\"noopener noreferrer\"><strong>@pedrobcn<\/strong><\/a><\/p>\n","protected":false},"excerpt":{"rendered":"<p>37 Pa\u00edses competir\u00e1n en Eurovision 2023 Un total de 37 pa\u00edses competir\u00e1n el pr\u00f3ximo mes de mayo en el Festival de Eurovision 2023. Ni Bulgaria, ni Montenegro, ni Macedonia del&#46;&#46;&#46;<\/p>\n","protected":false},"author":1,"featured_media":12613,"comment_status":"open","ping_status":"closed","sticky":false,"template":"","format":"standard","meta":{"_exactmetrics_skip_tracking":false,"_exactmetrics_sitenote_active":false,"_exactmetrics_sitenote_note":"","_exactmetrics_sitenote_category":0,"footnotes":""},"categories":[6,1195,4748,4,1188,2,3],"tags":[4744,4740,11,4741,4766,4742,706,4739,4743,4764,1096,34,19,20,766,23,22],"class_list":["post-12602","post","type-post","status-publish","format-standard","has-post-thumbnail","hentry","category-espana-en-eurovision","category-eurovision-2","category-eurovision-2023","category-eurovision","category-noticia-2","category-noticia","category-ultima-hora","tag-esc-2023","tag-espana-eurovision-2023","tag-eurovision","tag-eurovision-2023","tag-eurovision-liverpool-2023","tag-eurovision-song-contest-2023","tag-eurovision-song-contest-festival","tag-eurovision-spain-2023","tag-eurovision-uk-2023","tag-eurovision-united-kingdom-2023","tag-festival-de-eurovision","tag-noticia","tag-pedro-palomo","tag-pedro-palomo-eurovision","tag-pedro-palomo-vivaeurovision","tag-viva-eurovision","tag-vivaeurovision"],"yoast_head":"<!-- This site is optimized with the Yoast SEO plugin v27.4 - https:\/\/yoast.com\/product\/yoast-seo-wordpress\/ -->\n<title>37 Pa\u00edses competir\u00e1n en Eurovision 2023 - VIVAEUROVISION viva eurovision<\/title>\n<meta name=\"description\" content=\"eurovision 2023, eurovision, vivaeurovision, viva eurovision, eurovision Liverpool 2023, ESC 2023, eurovision uk 2023\" \/>\n<meta name=\"robots\" content=\"index, follow, max-snippet:-1, max-image-preview:large, max-video-preview:-1\" \/>\n<link rel=\"canonical\" href=\"https:\/\/www.vivaeurovision.com\/index.php\/2022\/10\/20\/12602-eurovision-2023\/\" \/>\n<meta property=\"og:locale\" content=\"es_ES\" \/>\n<meta property=\"og:type\" content=\"article\" \/>\n<meta property=\"og:title\" content=\"37 Pa\u00edses competir\u00e1n en Eurovision 2023 - VIVAEUROVISION viva eurovision\" \/>\n<meta property=\"og:description\" content=\"eurovision 2023, eurovision, vivaeurovision, viva eurovision, eurovision Liverpool 2023, ESC 2023, eurovision uk 2023\" \/>\n<meta property=\"og:url\" content=\"https:\/\/www.vivaeurovision.com\/index.php\/2022\/10\/20\/12602-eurovision-2023\/\" \/>\n<meta property=\"og:site_name\" content=\"VIVAEUROVISION viva eurovision\" \/>\n<meta property=\"article:published_time\" content=\"2022-10-20T21:52:28+00:00\" \/>\n<meta property=\"article:modified_time\" content=\"2022-10-20T21:52:29+00:00\" \/>\n<meta property=\"og:image\" content=\"https:\/\/www.vivaeurovision.com\/wp-content\/uploads\/2022\/10\/40C62AA5-5620-4856-A19D-4D127F675097.jpeg\" \/>\n\t<meta property=\"og:image:width\" content=\"1080\" \/>\n\t<meta property=\"og:image:height\" content=\"598\" \/>\n\t<meta property=\"og:image:type\" content=\"image\/jpeg\" \/>\n<meta name=\"author\" content=\"Pedro Palomo\" \/>\n<meta name=\"twitter:card\" content=\"summary_large_image\" \/>\n<meta name=\"twitter:creator\" content=\"@pedropalomobcn\" \/>\n<meta name=\"twitter:label1\" content=\"Escrito por\" \/>\n\t<meta name=\"twitter:data1\" content=\"Pedro Palomo\" \/>\n\t<meta name=\"twitter:label2\" content=\"Tiempo de lectura\" \/>\n\t<meta name=\"twitter:data2\" content=\"1 minuto\" \/>\n<script type=\"application\/ld+json\" class=\"yoast-schema-graph\">{\"@context\":\"https:\\\/\\\/schema.org\",\"@graph\":[{\"@type\":\"Article\",\"@id\":\"https:\\\/\\\/www.vivaeurovision.com\\\/index.php\\\/2022\\\/10\\\/20\\\/12602-eurovision-2023\\\/#article\",\"isPartOf\":{\"@id\":\"https:\\\/\\\/www.vivaeurovision.com\\\/index.php\\\/2022\\\/10\\\/20\\\/12602-eurovision-2023\\\/\"},\"author\":{\"name\":\"Pedro Palomo\",\"@id\":\"https:\\\/\\\/www.vivaeurovision.com\\\/#\\\/schema\\\/person\\\/1d31fdaa3f5f7df556f73d164bd3c47a\"},\"headline\":\"37 Pa\u00edses competir\u00e1n en Eurovision 2023\",\"datePublished\":\"2022-10-20T21:52:28+00:00\",\"dateModified\":\"2022-10-20T21:52:29+00:00\",\"mainEntityOfPage\":{\"@id\":\"https:\\\/\\\/www.vivaeurovision.com\\\/index.php\\\/2022\\\/10\\\/20\\\/12602-eurovision-2023\\\/\"},\"wordCount\":91,\"commentCount\":0,\"publisher\":{\"@id\":\"https:\\\/\\\/www.vivaeurovision.com\\\/#organization\"},\"image\":{\"@id\":\"https:\\\/\\\/www.vivaeurovision.com\\\/index.php\\\/2022\\\/10\\\/20\\\/12602-eurovision-2023\\\/#primaryimage\"},\"thumbnailUrl\":\"https:\\\/\\\/www.vivaeurovision.com\\\/wp-content\\\/uploads\\\/2022\\\/10\\\/40C62AA5-5620-4856-A19D-4D127F675097.jpeg\",\"keywords\":[\"ESC 2023\",\"espa\u00f1a eurovision 2023\",\"Eurovision\",\"eurovision 2023\",\"eurovision Liverpool 2023\",\"eurovision song contest 2023\",\"eurovision song contest festival\",\"eurovision spain 2023\",\"eurovision uk 2023\",\"eurovision United Kingdom 2023\",\"Festival de Eurovisi\u00f3n\",\"Noticia\",\"Pedro Palomo\",\"Pedro Palomo Eurovision\",\"Pedro Palomo Vivaeurovision\",\"viva eurovision\",\"vivaeurovision\"],\"articleSection\":[\"Espa\u00f1a en Eurovisi\u00f3n\",\"eurovision\",\"Eurovision 2023\",\"Inicio\",\"Noticia\",\"Noticias\",\"Ultima Hora\"],\"inLanguage\":\"es\",\"potentialAction\":[{\"@type\":\"CommentAction\",\"name\":\"Comment\",\"target\":[\"https:\\\/\\\/www.vivaeurovision.com\\\/index.php\\\/2022\\\/10\\\/20\\\/12602-eurovision-2023\\\/#respond\"]}]},{\"@type\":\"WebPage\",\"@id\":\"https:\\\/\\\/www.vivaeurovision.com\\\/index.php\\\/2022\\\/10\\\/20\\\/12602-eurovision-2023\\\/\",\"url\":\"https:\\\/\\\/www.vivaeurovision.com\\\/index.php\\\/2022\\\/10\\\/20\\\/12602-eurovision-2023\\\/\",\"name\":\"37 Pa\u00edses competir\u00e1n en Eurovision 2023 - VIVAEUROVISION viva eurovision\",\"isPartOf\":{\"@id\":\"https:\\\/\\\/www.vivaeurovision.com\\\/#website\"},\"primaryImageOfPage\":{\"@id\":\"https:\\\/\\\/www.vivaeurovision.com\\\/index.php\\\/2022\\\/10\\\/20\\\/12602-eurovision-2023\\\/#primaryimage\"},\"image\":{\"@id\":\"https:\\\/\\\/www.vivaeurovision.com\\\/index.php\\\/2022\\\/10\\\/20\\\/12602-eurovision-2023\\\/#primaryimage\"},\"thumbnailUrl\":\"https:\\\/\\\/www.vivaeurovision.com\\\/wp-content\\\/uploads\\\/2022\\\/10\\\/40C62AA5-5620-4856-A19D-4D127F675097.jpeg\",\"datePublished\":\"2022-10-20T21:52:28+00:00\",\"dateModified\":\"2022-10-20T21:52:29+00:00\",\"description\":\"eurovision 2023, eurovision, vivaeurovision, viva eurovision, eurovision Liverpool 2023, ESC 2023, eurovision uk 2023\",\"breadcrumb\":{\"@id\":\"https:\\\/\\\/www.vivaeurovision.com\\\/index.php\\\/2022\\\/10\\\/20\\\/12602-eurovision-2023\\\/#breadcrumb\"},\"inLanguage\":\"es\",\"potentialAction\":[{\"@type\":\"ReadAction\",\"target\":[\"https:\\\/\\\/www.vivaeurovision.com\\\/index.php\\\/2022\\\/10\\\/20\\\/12602-eurovision-2023\\\/\"]}]},{\"@type\":\"ImageObject\",\"inLanguage\":\"es\",\"@id\":\"https:\\\/\\\/www.vivaeurovision.com\\\/index.php\\\/2022\\\/10\\\/20\\\/12602-eurovision-2023\\\/#primaryimage\",\"url\":\"https:\\\/\\\/www.vivaeurovision.com\\\/wp-content\\\/uploads\\\/2022\\\/10\\\/40C62AA5-5620-4856-A19D-4D127F675097.jpeg\",\"contentUrl\":\"https:\\\/\\\/www.vivaeurovision.com\\\/wp-content\\\/uploads\\\/2022\\\/10\\\/40C62AA5-5620-4856-A19D-4D127F675097.jpeg\",\"width\":1080,\"height\":598,\"caption\":\"eurovision 2023\"},{\"@type\":\"BreadcrumbList\",\"@id\":\"https:\\\/\\\/www.vivaeurovision.com\\\/index.php\\\/2022\\\/10\\\/20\\\/12602-eurovision-2023\\\/#breadcrumb\",\"itemListElement\":[{\"@type\":\"ListItem\",\"position\":1,\"name\":\"Portada\",\"item\":\"https:\\\/\\\/www.vivaeurovision.com\\\/\"},{\"@type\":\"ListItem\",\"position\":2,\"name\":\"37 Pa\u00edses competir\u00e1n en Eurovision 2023\"}]},{\"@type\":\"WebSite\",\"@id\":\"https:\\\/\\\/www.vivaeurovision.com\\\/#website\",\"url\":\"https:\\\/\\\/www.vivaeurovision.com\\\/\",\"name\":\"VIVAEUROVISION viva eurovision\",\"description\":\"Tu portal sobre el Festival de Eurovision, eurovision, eurovisi\u00f3n\",\"publisher\":{\"@id\":\"https:\\\/\\\/www.vivaeurovision.com\\\/#organization\"},\"potentialAction\":[{\"@type\":\"SearchAction\",\"target\":{\"@type\":\"EntryPoint\",\"urlTemplate\":\"https:\\\/\\\/www.vivaeurovision.com\\\/?s={search_term_string}\"},\"query-input\":{\"@type\":\"PropertyValueSpecification\",\"valueRequired\":true,\"valueName\":\"search_term_string\"}}],\"inLanguage\":\"es\"},{\"@type\":\"Organization\",\"@id\":\"https:\\\/\\\/www.vivaeurovision.com\\\/#organization\",\"name\":\"vivaeurovision\",\"url\":\"https:\\\/\\\/www.vivaeurovision.com\\\/\",\"logo\":{\"@type\":\"ImageObject\",\"inLanguage\":\"es\",\"@id\":\"https:\\\/\\\/www.vivaeurovision.com\\\/#\\\/schema\\\/logo\\\/image\\\/\",\"url\":\"https:\\\/\\\/www.vivaeurovision.com\\\/wp-content\\\/uploads\\\/2016\\\/01\\\/cropped-image-21-1.jpeg\",\"contentUrl\":\"https:\\\/\\\/www.vivaeurovision.com\\\/wp-content\\\/uploads\\\/2016\\\/01\\\/cropped-image-21-1.jpeg\",\"width\":669,\"height\":368,\"caption\":\"vivaeurovision\"},\"image\":{\"@id\":\"https:\\\/\\\/www.vivaeurovision.com\\\/#\\\/schema\\\/logo\\\/image\\\/\"}},{\"@type\":\"Person\",\"@id\":\"https:\\\/\\\/www.vivaeurovision.com\\\/#\\\/schema\\\/person\\\/1d31fdaa3f5f7df556f73d164bd3c47a\",\"name\":\"Pedro Palomo\",\"image\":{\"@type\":\"ImageObject\",\"inLanguage\":\"es\",\"@id\":\"https:\\\/\\\/secure.gravatar.com\\\/avatar\\\/4cf9a4877f5f71f44fb7cedbe1bac1bd28bd8ce7a217517d98d5b2117f9f5505?s=96&d=mm&r=g\",\"url\":\"https:\\\/\\\/secure.gravatar.com\\\/avatar\\\/4cf9a4877f5f71f44fb7cedbe1bac1bd28bd8ce7a217517d98d5b2117f9f5505?s=96&d=mm&r=g\",\"contentUrl\":\"https:\\\/\\\/secure.gravatar.com\\\/avatar\\\/4cf9a4877f5f71f44fb7cedbe1bac1bd28bd8ce7a217517d98d5b2117f9f5505?s=96&d=mm&r=g\",\"caption\":\"Pedro Palomo\"},\"sameAs\":[\"http:\\\/\\\/www.vivaeurovision.com\",\"@pedrobcn\",\"https:\\\/\\\/x.com\\\/@pedropalomobcn\"]}]}<\/script>\n<!-- \/ Yoast SEO plugin. -->","yoast_head_json":{"title":"37 Pa\u00edses competir\u00e1n en Eurovision 2023 - VIVAEUROVISION viva eurovision","description":"eurovision 2023, eurovision, vivaeurovision, viva eurovision, eurovision Liverpool 2023, ESC 2023, eurovision uk 2023","robots":{"index":"index","follow":"follow","max-snippet":"max-snippet:-1","max-image-preview":"max-image-preview:large","max-video-preview":"max-video-preview:-1"},"canonical":"https:\/\/www.vivaeurovision.com\/index.php\/2022\/10\/20\/12602-eurovision-2023\/","og_locale":"es_ES","og_type":"article","og_title":"37 Pa\u00edses competir\u00e1n en Eurovision 2023 - VIVAEUROVISION viva eurovision","og_description":"eurovision 2023, eurovision, vivaeurovision, viva eurovision, eurovision Liverpool 2023, ESC 2023, eurovision uk 2023","og_url":"https:\/\/www.vivaeurovision.com\/index.php\/2022\/10\/20\/12602-eurovision-2023\/","og_site_name":"VIVAEUROVISION viva eurovision","article_published_time":"2022-10-20T21:52:28+00:00","article_modified_time":"2022-10-20T21:52:29+00:00","og_image":[{"width":1080,"height":598,"url":"https:\/\/www.vivaeurovision.com\/wp-content\/uploads\/2022\/10\/40C62AA5-5620-4856-A19D-4D127F675097.jpeg","type":"image\/jpeg"}],"author":"Pedro Palomo","twitter_card":"summary_large_image","twitter_creator":"@pedropalomobcn","twitter_misc":{"Escrito por":"Pedro Palomo","Tiempo de lectura":"1 minuto"},"schema":{"@context":"https:\/\/schema.org","@graph":[{"@type":"Article","@id":"https:\/\/www.vivaeurovision.com\/index.php\/2022\/10\/20\/12602-eurovision-2023\/#article","isPartOf":{"@id":"https:\/\/www.vivaeurovision.com\/index.php\/2022\/10\/20\/12602-eurovision-2023\/"},"author":{"name":"Pedro Palomo","@id":"https:\/\/www.vivaeurovision.com\/#\/schema\/person\/1d31fdaa3f5f7df556f73d164bd3c47a"},"headline":"37 Pa\u00edses competir\u00e1n en Eurovision 2023","datePublished":"2022-10-20T21:52:28+00:00","dateModified":"2022-10-20T21:52:29+00:00","mainEntityOfPage":{"@id":"https:\/\/www.vivaeurovision.com\/index.php\/2022\/10\/20\/12602-eurovision-2023\/"},"wordCount":91,"commentCount":0,"publisher":{"@id":"https:\/\/www.vivaeurovision.com\/#organization"},"image":{"@id":"https:\/\/www.vivaeurovision.com\/index.php\/2022\/10\/20\/12602-eurovision-2023\/#primaryimage"},"thumbnailUrl":"https:\/\/www.vivaeurovision.com\/wp-content\/uploads\/2022\/10\/40C62AA5-5620-4856-A19D-4D127F675097.jpeg","keywords":["ESC 2023","espa\u00f1a eurovision 2023","Eurovision","eurovision 2023","eurovision Liverpool 2023","eurovision song contest 2023","eurovision song contest festival","eurovision spain 2023","eurovision uk 2023","eurovision United Kingdom 2023","Festival de Eurovisi\u00f3n","Noticia","Pedro Palomo","Pedro Palomo Eurovision","Pedro Palomo Vivaeurovision","viva eurovision","vivaeurovision"],"articleSection":["Espa\u00f1a en Eurovisi\u00f3n","eurovision","Eurovision 2023","Inicio","Noticia","Noticias","Ultima Hora"],"inLanguage":"es","potentialAction":[{"@type":"CommentAction","name":"Comment","target":["https:\/\/www.vivaeurovision.com\/index.php\/2022\/10\/20\/12602-eurovision-2023\/#respond"]}]},{"@type":"WebPage","@id":"https:\/\/www.vivaeurovision.com\/index.php\/2022\/10\/20\/12602-eurovision-2023\/","url":"https:\/\/www.vivaeurovision.com\/index.php\/2022\/10\/20\/12602-eurovision-2023\/","name":"37 Pa\u00edses competir\u00e1n en Eurovision 2023 - VIVAEUROVISION viva eurovision","isPartOf":{"@id":"https:\/\/www.vivaeurovision.com\/#website"},"primaryImageOfPage":{"@id":"https:\/\/www.vivaeurovision.com\/index.php\/2022\/10\/20\/12602-eurovision-2023\/#primaryimage"},"image":{"@id":"https:\/\/www.vivaeurovision.com\/index.php\/2022\/10\/20\/12602-eurovision-2023\/#primaryimage"},"thumbnailUrl":"https:\/\/www.vivaeurovision.com\/wp-content\/uploads\/2022\/10\/40C62AA5-5620-4856-A19D-4D127F675097.jpeg","datePublished":"2022-10-20T21:52:28+00:00","dateModified":"2022-10-20T21:52:29+00:00","description":"eurovision 2023, eurovision, vivaeurovision, viva eurovision, eurovision Liverpool 2023, ESC 2023, eurovision uk 2023","breadcrumb":{"@id":"https:\/\/www.vivaeurovision.com\/index.php\/2022\/10\/20\/12602-eurovision-2023\/#breadcrumb"},"inLanguage":"es","potentialAction":[{"@type":"ReadAction","target":["https:\/\/www.vivaeurovision.com\/index.php\/2022\/10\/20\/12602-eurovision-2023\/"]}]},{"@type":"ImageObject","inLanguage":"es","@id":"https:\/\/www.vivaeurovision.com\/index.php\/2022\/10\/20\/12602-eurovision-2023\/#primaryimage","url":"https:\/\/www.vivaeurovision.com\/wp-content\/uploads\/2022\/10\/40C62AA5-5620-4856-A19D-4D127F675097.jpeg","contentUrl":"https:\/\/www.vivaeurovision.com\/wp-content\/uploads\/2022\/10\/40C62AA5-5620-4856-A19D-4D127F675097.jpeg","width":1080,"height":598,"caption":"eurovision 2023"},{"@type":"BreadcrumbList","@id":"https:\/\/www.vivaeurovision.com\/index.php\/2022\/10\/20\/12602-eurovision-2023\/#breadcrumb","itemListElement":[{"@type":"ListItem","position":1,"name":"Portada","item":"https:\/\/www.vivaeurovision.com\/"},{"@type":"ListItem","position":2,"name":"37 Pa\u00edses competir\u00e1n en Eurovision 2023"}]},{"@type":"WebSite","@id":"https:\/\/www.vivaeurovision.com\/#website","url":"https:\/\/www.vivaeurovision.com\/","name":"VIVAEUROVISION viva eurovision","description":"Tu portal sobre el Festival de Eurovision, eurovision, eurovisi\u00f3n","publisher":{"@id":"https:\/\/www.vivaeurovision.com\/#organization"},"potentialAction":[{"@type":"SearchAction","target":{"@type":"EntryPoint","urlTemplate":"https:\/\/www.vivaeurovision.com\/?s={search_term_string}"},"query-input":{"@type":"PropertyValueSpecification","valueRequired":true,"valueName":"search_term_string"}}],"inLanguage":"es"},{"@type":"Organization","@id":"https:\/\/www.vivaeurovision.com\/#organization","name":"vivaeurovision","url":"https:\/\/www.vivaeurovision.com\/","logo":{"@type":"ImageObject","inLanguage":"es","@id":"https:\/\/www.vivaeurovision.com\/#\/schema\/logo\/image\/","url":"https:\/\/www.vivaeurovision.com\/wp-content\/uploads\/2016\/01\/cropped-image-21-1.jpeg","contentUrl":"https:\/\/www.vivaeurovision.com\/wp-content\/uploads\/2016\/01\/cropped-image-21-1.jpeg","width":669,"height":368,"caption":"vivaeurovision"},"image":{"@id":"https:\/\/www.vivaeurovision.com\/#\/schema\/logo\/image\/"}},{"@type":"Person","@id":"https:\/\/www.vivaeurovision.com\/#\/schema\/person\/1d31fdaa3f5f7df556f73d164bd3c47a","name":"Pedro Palomo","image":{"@type":"ImageObject","inLanguage":"es","@id":"https:\/\/secure.gravatar.com\/avatar\/4cf9a4877f5f71f44fb7cedbe1bac1bd28bd8ce7a217517d98d5b2117f9f5505?s=96&d=mm&r=g","url":"https:\/\/secure.gravatar.com\/avatar\/4cf9a4877f5f71f44fb7cedbe1bac1bd28bd8ce7a217517d98d5b2117f9f5505?s=96&d=mm&r=g","contentUrl":"https:\/\/secure.gravatar.com\/avatar\/4cf9a4877f5f71f44fb7cedbe1bac1bd28bd8ce7a217517d98d5b2117f9f5505?s=96&d=mm&r=g","caption":"Pedro Palomo"},"sameAs":["http:\/\/www.vivaeurovision.com","@pedrobcn","https:\/\/x.com\/@pedropalomobcn"]}]}},"_links":{"self":[{"href":"https:\/\/www.vivaeurovision.com\/index.php\/wp-json\/wp\/v2\/posts\/12602","targetHints":{"allow":["GET"]}}],"collection":[{"href":"https:\/\/www.vivaeurovision.com\/index.php\/wp-json\/wp\/v2\/posts"}],"about":[{"href":"https:\/\/www.vivaeurovision.com\/index.php\/wp-json\/wp\/v2\/types\/post"}],"author":[{"embeddable":true,"href":"https:\/\/www.vivaeurovision.com\/index.php\/wp-json\/wp\/v2\/users\/1"}],"replies":[{"embeddable":true,"href":"https:\/\/www.vivaeurovision.com\/index.php\/wp-json\/wp\/v2\/comments?post=12602"}],"version-history":[{"count":2,"href":"https:\/\/www.vivaeurovision.com\/index.php\/wp-json\/wp\/v2\/posts\/12602\/revisions"}],"predecessor-version":[{"id":12614,"href":"https:\/\/www.vivaeurovision.com\/index.php\/wp-json\/wp\/v2\/posts\/12602\/revisions\/12614"}],"wp:featuredmedia":[{"embeddable":true,"href":"https:\/\/www.vivaeurovision.com\/index.php\/wp-json\/wp\/v2\/media\/12613"}],"wp:attachment":[{"href":"https:\/\/www.vivaeurovision.com\/index.php\/wp-json\/wp\/v2\/media?parent=12602"}],"wp:term":[{"taxonomy":"category","embeddable":true,"href":"https:\/\/www.vivaeurovision.com\/index.php\/wp-json\/wp\/v2\/categories?post=12602"},{"taxonomy":"post_tag","embeddable":true,"href":"https:\/\/www.vivaeurovision.com\/index.php\/wp-json\/wp\/v2\/tags?post=12602"}],"curies":[{"name":"wp","href":"https:\/\/api.w.org\/{rel}","templated":true}]}}