{"id":1390,"date":"2016-03-10T01:28:22","date_gmt":"2016-03-10T01:28:22","guid":{"rendered":"http:\/\/www.vivaeurovision.com\/?p=1390"},"modified":"2016-03-10T22:16:21","modified_gmt":"2016-03-10T22:16:21","slug":"dami-im-eurovision-australia","status":"publish","type":"post","link":"https:\/\/www.vivaeurovision.com\/index.php\/2016\/03\/10\/dami-im-eurovision-australia\/","title":{"rendered":"DAMI IM ESCUCHA SOUND OF SILENCE: AUSTRALIA EUROVISION 2016"},"content":{"rendered":"<p style=\"text-align: justify;\"><span style=\"font-family: 'Roboto Condensed', Arial, sans-serif;\">DAMI IM EUROVISION\u00a0<\/span><\/p>\n<p>Vivaeurovision<\/p>\n<div id=\"attachment_1237\" style=\"width: 310px\" class=\"wp-caption alignnone\"><img loading=\"lazy\" decoding=\"async\" aria-describedby=\"caption-attachment-1237\" class=\"wp-image-1237 size-medium\" src=\"http:\/\/www.vivaeurovision.com\/wp-content\/uploads\/2016\/03\/dami-im-super-love-300x300.jpg\" alt=\"vivaeurovision\" width=\"300\" height=\"300\" srcset=\"https:\/\/www.vivaeurovision.com\/wp-content\/uploads\/2016\/03\/dami-im-super-love-300x300.jpg 300w, https:\/\/www.vivaeurovision.com\/wp-content\/uploads\/2016\/03\/dami-im-super-love-150x150.jpg 150w, https:\/\/www.vivaeurovision.com\/wp-content\/uploads\/2016\/03\/dami-im-super-love-768x766.jpg 768w, https:\/\/www.vivaeurovision.com\/wp-content\/uploads\/2016\/03\/dami-im-super-love-1024x1021.jpg 1024w, https:\/\/www.vivaeurovision.com\/wp-content\/uploads\/2016\/03\/dami-im-super-love.jpg 1193w\" sizes=\"auto, (max-width: 300px) 100vw, 300px\" \/><p id=\"caption-attachment-1237\" class=\"wp-caption-text\">dami im<\/p><\/div>\n<p><span style=\"color: #ff0000;\">DAMI IM-SOUND OF SILENCE EUROVISION AUSTRALIA 2016<\/span><br \/>\n<iframe loading=\"lazy\" src=\"https:\/\/www.youtube.com\/embed\/2EG_Jtw4OyU\" width=\"560\" height=\"315\" frameborder=\"0\" allowfullscreen=\"allowfullscreen\"><\/iframe><br \/>\nDAMI IM Representante de Asutralia en el Festival de Eurovisi\u00f3n 2016 acaba de presentar un teaser de Sound of Silence, canci\u00f3n con la que defender\u00e1 los colores de la bandera de Australia en escenario del Globen Arena de Estocolmo el pr\u00f3ximo mes de mayo.<\/p>\n<p>AUSTRALIA ESTE A\u00d1O APUESTA POR UNA GRAN BALADA CON LA POTENTE VOZ DE DAMI IM<\/p>\n<p>https:\/\/instagram.com\/p\/BCwNfiJMFNV\/<\/p>\n<p>La SBS \u00abTelevisi\u00f3n p\u00fablica de Australia\u00bb confirm\u00f3 a DAMI IM como representante de Australia en el pr\u00f3ximo Festival de Eurovisi\u00f3n 2016.<\/p>\n<div id=\"attachment_1398\" style=\"width: 310px\" class=\"wp-caption alignnone\"><img loading=\"lazy\" decoding=\"async\" aria-describedby=\"caption-attachment-1398\" class=\"size-medium wp-image-1398\" src=\"http:\/\/www.vivaeurovision.com\/wp-content\/uploads\/2016\/03\/image-6-300x245.jpeg\" alt=\"VIVAEUROVISION \" width=\"300\" height=\"245\" srcset=\"https:\/\/www.vivaeurovision.com\/wp-content\/uploads\/2016\/03\/image-6-300x245.jpeg 300w, https:\/\/www.vivaeurovision.com\/wp-content\/uploads\/2016\/03\/image-6-768x628.jpeg 768w, https:\/\/www.vivaeurovision.com\/wp-content\/uploads\/2016\/03\/image-6.jpeg 816w\" sizes=\"auto, (max-width: 300px) 100vw, 300px\" \/><p id=\"caption-attachment-1398\" class=\"wp-caption-text\">DAMI IM<\/p><\/div>\n<p>Desde la \u00f3pera de Sydney fue presentada de forma oficial por la propia Conchita Wurts \u00abganadora de Eurovison 2014\u00bb. DAMI IM ha interpretado el tema eurovisivo Waterloo<\/p>\n<p>DAMI IM FELIZ EN EL VIDEO DONDE YA SE MUESTRA COMO REPRESENTANTE DE AUSTRALIA EN EUROVISION 2016<\/p>\n<p>Dami Im, nacida en Corea del Sur pero afincada en Australia desde los 9 a\u00f1os de edad, salt\u00f3 a la fama gracias a su participaci\u00f3n y victoria en el talent show La Voz en el a\u00f1o 2013 y desde entonces no ha parado de cosechar \u00e9xitos. Paul Clarke jefe de la delegaci\u00f3n de Australia, ha declarado que se sienten orgullosos de volver a formar parte de nuevo en el Festival de Eurovisi\u00f3n en Estocolmo y conf\u00edan en Dami Im y su gran potencial. Dami Im por su parte ha declarado que no ve el momento de presentar la canci\u00f3n ante todos y asegura que gustar\u00e1 mucho.<\/p>\n<p>CONCHITA WURTS JUNTO CON GUY SEBASTIAN ANUNCIAN A DAMI IM COMO PROXIMA REPRESENTANTE EN EL FESTIVAL DE EUROVISION 2016 POR AUSTRALIA Y ELLA INTERPRETA EL GRAN CLASICO EUROVISIVO WATERLOO DE ABBA UN GUI\u00d1O A EUROVISION Y A SUECIA PAIS ANFITRION. MIRAR EL VIDEO<\/p>\n<p><iframe loading=\"lazy\"  id=\"_ytid_76104\"  width=\"480\" height=\"270\"  data-origwidth=\"480\" data-origheight=\"270\" src=\"https:\/\/www.youtube.com\/embed\/1mVt9ISpdtU?enablejsapi=1&#038;autoplay=0&#038;cc_load_policy=0&#038;cc_lang_pref=&#038;iv_load_policy=1&#038;loop=0&#038;rel=1&#038;fs=1&#038;playsinline=0&#038;autohide=2&#038;theme=dark&#038;color=red&#038;controls=1&#038;disablekb=0&#038;\" class=\"__youtube_prefs__  epyt-is-override  no-lazyload\" title=\"YouTube player\"  allow=\"fullscreen; accelerometer; autoplay; clipboard-write; encrypted-media; gyroscope; picture-in-picture; web-share\" referrerpolicy=\"strict-origin-when-cross-origin\" allowfullscreen data-no-lazy=\"1\" data-skipgform_ajax_framebjll=\"\"><\/iframe><\/p>\n<p><img loading=\"lazy\" decoding=\"async\" class=\"alignnone size-medium wp-image-311\" src=\"http:\/\/www.vivaeurovision.com\/wp-content\/uploads\/2016\/01\/image-21-300x165.jpeg\" alt=\"VIVAEUROVISION.COM\" width=\"300\" height=\"165\" srcset=\"https:\/\/www.vivaeurovision.com\/wp-content\/uploads\/2016\/01\/image-21-300x165.jpeg 300w, https:\/\/www.vivaeurovision.com\/wp-content\/uploads\/2016\/01\/image-21-555x305.jpeg 555w, https:\/\/www.vivaeurovision.com\/wp-content\/uploads\/2016\/01\/image-21.jpeg 669w\" sizes=\"auto, (max-width: 300px) 100vw, 300px\" \/><br \/>\nVIVAEUROVISION.COM<\/p>\n<p>Twitter @viva_eurovision FACEBOOK OFICIAL VIVA EUROVISION Instragram @vivaeurovision<\/p>\n<p>Fuente: SBS<\/p>\n<p>Fotos: \u00a9Dami Im<\/p>\n<p>Redactor: Pedro Palomo @pedropalomobcn Instagram @pedrobcn<\/p>\n","protected":false},"excerpt":{"rendered":"<p>DAMI IM EUROVISION\u00a0 Vivaeurovision DAMI IM-SOUND OF SILENCE EUROVISION AUSTRALIA 2016 DAMI IM Representante de Asutralia en el Festival de Eurovisi\u00f3n 2016 acaba de presentar un teaser de Sound of&#46;&#46;&#46;<\/p>\n","protected":false},"author":1,"featured_media":1396,"comment_status":"open","ping_status":"open","sticky":false,"template":"","format":"standard","meta":{"_exactmetrics_skip_tracking":false,"_exactmetrics_sitenote_active":false,"_exactmetrics_sitenote_note":"","_exactmetrics_sitenote_category":0,"footnotes":""},"categories":[7,4,2,3],"tags":[579,378,377,159,480,482,577,578,479,580,17,30,13,14,12,160,34,19,20,104,161,23,22],"class_list":["post-1390","post","type-post","status-publish","format-standard","has-post-thumbnail","hentry","category-eurovision-2016","category-eurovision","category-noticia","category-ultima-hora","tag-australia","tag-australia-eurovision","tag-australia-eurovision-2016","tag-come-together","tag-dami-im","tag-dami-im-2016","tag-dami-im-australia","tag-dami-im-australia-eurovision","tag-dami-im-eurovision","tag-dami-im-sound-of-silence","tag-esc","tag-esc-2016","tag-estocolmo","tag-estocolmo-2016","tag-eurovision-2016","tag-eurovision-2016-come-together","tag-noticia","tag-pedro-palomo","tag-pedro-palomo-eurovision","tag-stockholm-2016","tag-stockholm-2016-come-together","tag-viva-eurovision","tag-vivaeurovision"],"yoast_head":"<!-- This site is optimized with the Yoast SEO plugin v27.5 - https:\/\/yoast.com\/product\/yoast-seo-wordpress\/ -->\n<title>DAMI IM ESCUCHA SOUND OF SILENCE: AUSTRALIA EUROVISION 2016 - VIVAEUROVISION viva eurovision<\/title>\n<meta name=\"description\" content=\"DAMI IM EUROVISION SOUND OF SILENCE\" \/>\n<meta name=\"robots\" content=\"index, follow, max-snippet:-1, max-image-preview:large, max-video-preview:-1\" \/>\n<link rel=\"canonical\" href=\"https:\/\/www.vivaeurovision.com\/index.php\/2016\/03\/10\/dami-im-eurovision-australia\/\" \/>\n<meta property=\"og:locale\" content=\"es_ES\" \/>\n<meta property=\"og:type\" content=\"article\" \/>\n<meta property=\"og:title\" content=\"DAMI IM ESCUCHA SOUND OF SILENCE: AUSTRALIA EUROVISION 2016 - VIVAEUROVISION viva eurovision\" \/>\n<meta property=\"og:description\" content=\"DAMI IM EUROVISION SOUND OF SILENCE\" \/>\n<meta property=\"og:url\" content=\"https:\/\/www.vivaeurovision.com\/index.php\/2016\/03\/10\/dami-im-eurovision-australia\/\" \/>\n<meta property=\"og:site_name\" content=\"VIVAEUROVISION viva eurovision\" \/>\n<meta property=\"article:published_time\" content=\"2016-03-10T01:28:22+00:00\" \/>\n<meta property=\"article:modified_time\" content=\"2016-03-10T22:16:21+00:00\" \/>\n<meta property=\"og:image\" content=\"https:\/\/www.vivaeurovision.com\/wp-content\/uploads\/2016\/03\/image-5.jpeg\" \/>\n\t<meta property=\"og:image:width\" content=\"2308\" \/>\n\t<meta property=\"og:image:height\" content=\"1594\" \/>\n\t<meta property=\"og:image:type\" content=\"image\/jpeg\" \/>\n<meta name=\"author\" content=\"Pedro Palomo\" \/>\n<meta name=\"twitter:card\" content=\"summary_large_image\" \/>\n<meta name=\"twitter:creator\" content=\"@pedropalomobcn\" \/>\n<meta name=\"twitter:label1\" content=\"Escrito por\" \/>\n\t<meta name=\"twitter:data1\" content=\"Pedro Palomo\" \/>\n\t<meta name=\"twitter:label2\" content=\"Tiempo de lectura\" \/>\n\t<meta name=\"twitter:data2\" content=\"2 minutos\" \/>\n<script type=\"application\/ld+json\" class=\"yoast-schema-graph\">{\"@context\":\"https:\\\/\\\/schema.org\",\"@graph\":[{\"@type\":\"Article\",\"@id\":\"https:\\\/\\\/www.vivaeurovision.com\\\/index.php\\\/2016\\\/03\\\/10\\\/dami-im-eurovision-australia\\\/#article\",\"isPartOf\":{\"@id\":\"https:\\\/\\\/www.vivaeurovision.com\\\/index.php\\\/2016\\\/03\\\/10\\\/dami-im-eurovision-australia\\\/\"},\"author\":{\"name\":\"Pedro Palomo\",\"@id\":\"https:\\\/\\\/www.vivaeurovision.com\\\/#\\\/schema\\\/person\\\/1d31fdaa3f5f7df556f73d164bd3c47a\"},\"headline\":\"DAMI IM ESCUCHA SOUND OF SILENCE: AUSTRALIA EUROVISION 2016\",\"datePublished\":\"2016-03-10T01:28:22+00:00\",\"dateModified\":\"2016-03-10T22:16:21+00:00\",\"mainEntityOfPage\":{\"@id\":\"https:\\\/\\\/www.vivaeurovision.com\\\/index.php\\\/2016\\\/03\\\/10\\\/dami-im-eurovision-australia\\\/\"},\"wordCount\":350,\"commentCount\":0,\"publisher\":{\"@id\":\"https:\\\/\\\/www.vivaeurovision.com\\\/#organization\"},\"image\":{\"@id\":\"https:\\\/\\\/www.vivaeurovision.com\\\/index.php\\\/2016\\\/03\\\/10\\\/dami-im-eurovision-australia\\\/#primaryimage\"},\"thumbnailUrl\":\"https:\\\/\\\/www.vivaeurovision.com\\\/wp-content\\\/uploads\\\/2016\\\/03\\\/image-5.jpeg\",\"keywords\":[\"Australia\",\"AUSTRALIA EUROVISION\",\"AUSTRALIA EUROVISION 2016\",\"COME TOGETHER\",\"Dami im\",\"Dami Im 2016\",\"DAMI IM Australia\",\"dami IM Australia eurovision\",\"DAMI IM EUROVISION\",\"DAMI IM sound of SILENCE\",\"ESC\",\"Esc 2016\",\"Estocolmo\",\"Estocolmo 2016\",\"Eurovisi\u00f3n 2016\",\"Eurovision 2016 come together\",\"Noticia\",\"Pedro Palomo\",\"Pedro Palomo Eurovision\",\"stockholm 2016\",\"stockholm 2016 come together\",\"viva eurovision\",\"vivaeurovision\"],\"articleSection\":[\"Eurovisi\u00f3n 2016\",\"Inicio\",\"Noticias\",\"Ultima Hora\"],\"inLanguage\":\"es\",\"potentialAction\":[{\"@type\":\"CommentAction\",\"name\":\"Comment\",\"target\":[\"https:\\\/\\\/www.vivaeurovision.com\\\/index.php\\\/2016\\\/03\\\/10\\\/dami-im-eurovision-australia\\\/#respond\"]}]},{\"@type\":\"WebPage\",\"@id\":\"https:\\\/\\\/www.vivaeurovision.com\\\/index.php\\\/2016\\\/03\\\/10\\\/dami-im-eurovision-australia\\\/\",\"url\":\"https:\\\/\\\/www.vivaeurovision.com\\\/index.php\\\/2016\\\/03\\\/10\\\/dami-im-eurovision-australia\\\/\",\"name\":\"DAMI IM ESCUCHA SOUND OF SILENCE: AUSTRALIA EUROVISION 2016 - VIVAEUROVISION viva eurovision\",\"isPartOf\":{\"@id\":\"https:\\\/\\\/www.vivaeurovision.com\\\/#website\"},\"primaryImageOfPage\":{\"@id\":\"https:\\\/\\\/www.vivaeurovision.com\\\/index.php\\\/2016\\\/03\\\/10\\\/dami-im-eurovision-australia\\\/#primaryimage\"},\"image\":{\"@id\":\"https:\\\/\\\/www.vivaeurovision.com\\\/index.php\\\/2016\\\/03\\\/10\\\/dami-im-eurovision-australia\\\/#primaryimage\"},\"thumbnailUrl\":\"https:\\\/\\\/www.vivaeurovision.com\\\/wp-content\\\/uploads\\\/2016\\\/03\\\/image-5.jpeg\",\"datePublished\":\"2016-03-10T01:28:22+00:00\",\"dateModified\":\"2016-03-10T22:16:21+00:00\",\"description\":\"DAMI IM EUROVISION SOUND OF SILENCE\",\"breadcrumb\":{\"@id\":\"https:\\\/\\\/www.vivaeurovision.com\\\/index.php\\\/2016\\\/03\\\/10\\\/dami-im-eurovision-australia\\\/#breadcrumb\"},\"inLanguage\":\"es\",\"potentialAction\":[{\"@type\":\"ReadAction\",\"target\":[\"https:\\\/\\\/www.vivaeurovision.com\\\/index.php\\\/2016\\\/03\\\/10\\\/dami-im-eurovision-australia\\\/\"]}]},{\"@type\":\"ImageObject\",\"inLanguage\":\"es\",\"@id\":\"https:\\\/\\\/www.vivaeurovision.com\\\/index.php\\\/2016\\\/03\\\/10\\\/dami-im-eurovision-australia\\\/#primaryimage\",\"url\":\"https:\\\/\\\/www.vivaeurovision.com\\\/wp-content\\\/uploads\\\/2016\\\/03\\\/image-5.jpeg\",\"contentUrl\":\"https:\\\/\\\/www.vivaeurovision.com\\\/wp-content\\\/uploads\\\/2016\\\/03\\\/image-5.jpeg\",\"width\":2308,\"height\":1594},{\"@type\":\"BreadcrumbList\",\"@id\":\"https:\\\/\\\/www.vivaeurovision.com\\\/index.php\\\/2016\\\/03\\\/10\\\/dami-im-eurovision-australia\\\/#breadcrumb\",\"itemListElement\":[{\"@type\":\"ListItem\",\"position\":1,\"name\":\"Portada\",\"item\":\"https:\\\/\\\/www.vivaeurovision.com\\\/\"},{\"@type\":\"ListItem\",\"position\":2,\"name\":\"DAMI IM ESCUCHA SOUND OF SILENCE: AUSTRALIA EUROVISION 2016\"}]},{\"@type\":\"WebSite\",\"@id\":\"https:\\\/\\\/www.vivaeurovision.com\\\/#website\",\"url\":\"https:\\\/\\\/www.vivaeurovision.com\\\/\",\"name\":\"VIVAEUROVISION viva eurovision\",\"description\":\"Tu portal sobre el Festival de Eurovision, eurovision, eurovisi\u00f3n\",\"publisher\":{\"@id\":\"https:\\\/\\\/www.vivaeurovision.com\\\/#organization\"},\"potentialAction\":[{\"@type\":\"SearchAction\",\"target\":{\"@type\":\"EntryPoint\",\"urlTemplate\":\"https:\\\/\\\/www.vivaeurovision.com\\\/?s={search_term_string}\"},\"query-input\":{\"@type\":\"PropertyValueSpecification\",\"valueRequired\":true,\"valueName\":\"search_term_string\"}}],\"inLanguage\":\"es\"},{\"@type\":\"Organization\",\"@id\":\"https:\\\/\\\/www.vivaeurovision.com\\\/#organization\",\"name\":\"vivaeurovision\",\"url\":\"https:\\\/\\\/www.vivaeurovision.com\\\/\",\"logo\":{\"@type\":\"ImageObject\",\"inLanguage\":\"es\",\"@id\":\"https:\\\/\\\/www.vivaeurovision.com\\\/#\\\/schema\\\/logo\\\/image\\\/\",\"url\":\"https:\\\/\\\/www.vivaeurovision.com\\\/wp-content\\\/uploads\\\/2016\\\/01\\\/cropped-image-21-1.jpeg\",\"contentUrl\":\"https:\\\/\\\/www.vivaeurovision.com\\\/wp-content\\\/uploads\\\/2016\\\/01\\\/cropped-image-21-1.jpeg\",\"width\":669,\"height\":368,\"caption\":\"vivaeurovision\"},\"image\":{\"@id\":\"https:\\\/\\\/www.vivaeurovision.com\\\/#\\\/schema\\\/logo\\\/image\\\/\"}},{\"@type\":\"Person\",\"@id\":\"https:\\\/\\\/www.vivaeurovision.com\\\/#\\\/schema\\\/person\\\/1d31fdaa3f5f7df556f73d164bd3c47a\",\"name\":\"Pedro Palomo\",\"image\":{\"@type\":\"ImageObject\",\"inLanguage\":\"es\",\"@id\":\"https:\\\/\\\/secure.gravatar.com\\\/avatar\\\/4cf9a4877f5f71f44fb7cedbe1bac1bd28bd8ce7a217517d98d5b2117f9f5505?s=96&d=mm&r=g\",\"url\":\"https:\\\/\\\/secure.gravatar.com\\\/avatar\\\/4cf9a4877f5f71f44fb7cedbe1bac1bd28bd8ce7a217517d98d5b2117f9f5505?s=96&d=mm&r=g\",\"contentUrl\":\"https:\\\/\\\/secure.gravatar.com\\\/avatar\\\/4cf9a4877f5f71f44fb7cedbe1bac1bd28bd8ce7a217517d98d5b2117f9f5505?s=96&d=mm&r=g\",\"caption\":\"Pedro Palomo\"},\"sameAs\":[\"http:\\\/\\\/www.vivaeurovision.com\",\"@pedrobcn\",\"https:\\\/\\\/x.com\\\/@pedropalomobcn\"]}]}<\/script>\n<!-- \/ Yoast SEO plugin. -->","yoast_head_json":{"title":"DAMI IM ESCUCHA SOUND OF SILENCE: AUSTRALIA EUROVISION 2016 - VIVAEUROVISION viva eurovision","description":"DAMI IM EUROVISION SOUND OF SILENCE","robots":{"index":"index","follow":"follow","max-snippet":"max-snippet:-1","max-image-preview":"max-image-preview:large","max-video-preview":"max-video-preview:-1"},"canonical":"https:\/\/www.vivaeurovision.com\/index.php\/2016\/03\/10\/dami-im-eurovision-australia\/","og_locale":"es_ES","og_type":"article","og_title":"DAMI IM ESCUCHA SOUND OF SILENCE: AUSTRALIA EUROVISION 2016 - VIVAEUROVISION viva eurovision","og_description":"DAMI IM EUROVISION SOUND OF SILENCE","og_url":"https:\/\/www.vivaeurovision.com\/index.php\/2016\/03\/10\/dami-im-eurovision-australia\/","og_site_name":"VIVAEUROVISION viva eurovision","article_published_time":"2016-03-10T01:28:22+00:00","article_modified_time":"2016-03-10T22:16:21+00:00","og_image":[{"width":2308,"height":1594,"url":"https:\/\/www.vivaeurovision.com\/wp-content\/uploads\/2016\/03\/image-5.jpeg","type":"image\/jpeg"}],"author":"Pedro Palomo","twitter_card":"summary_large_image","twitter_creator":"@pedropalomobcn","twitter_misc":{"Escrito por":"Pedro Palomo","Tiempo de lectura":"2 minutos"},"schema":{"@context":"https:\/\/schema.org","@graph":[{"@type":"Article","@id":"https:\/\/www.vivaeurovision.com\/index.php\/2016\/03\/10\/dami-im-eurovision-australia\/#article","isPartOf":{"@id":"https:\/\/www.vivaeurovision.com\/index.php\/2016\/03\/10\/dami-im-eurovision-australia\/"},"author":{"name":"Pedro Palomo","@id":"https:\/\/www.vivaeurovision.com\/#\/schema\/person\/1d31fdaa3f5f7df556f73d164bd3c47a"},"headline":"DAMI IM ESCUCHA SOUND OF SILENCE: AUSTRALIA EUROVISION 2016","datePublished":"2016-03-10T01:28:22+00:00","dateModified":"2016-03-10T22:16:21+00:00","mainEntityOfPage":{"@id":"https:\/\/www.vivaeurovision.com\/index.php\/2016\/03\/10\/dami-im-eurovision-australia\/"},"wordCount":350,"commentCount":0,"publisher":{"@id":"https:\/\/www.vivaeurovision.com\/#organization"},"image":{"@id":"https:\/\/www.vivaeurovision.com\/index.php\/2016\/03\/10\/dami-im-eurovision-australia\/#primaryimage"},"thumbnailUrl":"https:\/\/www.vivaeurovision.com\/wp-content\/uploads\/2016\/03\/image-5.jpeg","keywords":["Australia","AUSTRALIA EUROVISION","AUSTRALIA EUROVISION 2016","COME TOGETHER","Dami im","Dami Im 2016","DAMI IM Australia","dami IM Australia eurovision","DAMI IM EUROVISION","DAMI IM sound of SILENCE","ESC","Esc 2016","Estocolmo","Estocolmo 2016","Eurovisi\u00f3n 2016","Eurovision 2016 come together","Noticia","Pedro Palomo","Pedro Palomo Eurovision","stockholm 2016","stockholm 2016 come together","viva eurovision","vivaeurovision"],"articleSection":["Eurovisi\u00f3n 2016","Inicio","Noticias","Ultima Hora"],"inLanguage":"es","potentialAction":[{"@type":"CommentAction","name":"Comment","target":["https:\/\/www.vivaeurovision.com\/index.php\/2016\/03\/10\/dami-im-eurovision-australia\/#respond"]}]},{"@type":"WebPage","@id":"https:\/\/www.vivaeurovision.com\/index.php\/2016\/03\/10\/dami-im-eurovision-australia\/","url":"https:\/\/www.vivaeurovision.com\/index.php\/2016\/03\/10\/dami-im-eurovision-australia\/","name":"DAMI IM ESCUCHA SOUND OF SILENCE: AUSTRALIA EUROVISION 2016 - VIVAEUROVISION viva eurovision","isPartOf":{"@id":"https:\/\/www.vivaeurovision.com\/#website"},"primaryImageOfPage":{"@id":"https:\/\/www.vivaeurovision.com\/index.php\/2016\/03\/10\/dami-im-eurovision-australia\/#primaryimage"},"image":{"@id":"https:\/\/www.vivaeurovision.com\/index.php\/2016\/03\/10\/dami-im-eurovision-australia\/#primaryimage"},"thumbnailUrl":"https:\/\/www.vivaeurovision.com\/wp-content\/uploads\/2016\/03\/image-5.jpeg","datePublished":"2016-03-10T01:28:22+00:00","dateModified":"2016-03-10T22:16:21+00:00","description":"DAMI IM EUROVISION SOUND OF SILENCE","breadcrumb":{"@id":"https:\/\/www.vivaeurovision.com\/index.php\/2016\/03\/10\/dami-im-eurovision-australia\/#breadcrumb"},"inLanguage":"es","potentialAction":[{"@type":"ReadAction","target":["https:\/\/www.vivaeurovision.com\/index.php\/2016\/03\/10\/dami-im-eurovision-australia\/"]}]},{"@type":"ImageObject","inLanguage":"es","@id":"https:\/\/www.vivaeurovision.com\/index.php\/2016\/03\/10\/dami-im-eurovision-australia\/#primaryimage","url":"https:\/\/www.vivaeurovision.com\/wp-content\/uploads\/2016\/03\/image-5.jpeg","contentUrl":"https:\/\/www.vivaeurovision.com\/wp-content\/uploads\/2016\/03\/image-5.jpeg","width":2308,"height":1594},{"@type":"BreadcrumbList","@id":"https:\/\/www.vivaeurovision.com\/index.php\/2016\/03\/10\/dami-im-eurovision-australia\/#breadcrumb","itemListElement":[{"@type":"ListItem","position":1,"name":"Portada","item":"https:\/\/www.vivaeurovision.com\/"},{"@type":"ListItem","position":2,"name":"DAMI IM ESCUCHA SOUND OF SILENCE: AUSTRALIA EUROVISION 2016"}]},{"@type":"WebSite","@id":"https:\/\/www.vivaeurovision.com\/#website","url":"https:\/\/www.vivaeurovision.com\/","name":"VIVAEUROVISION viva eurovision","description":"Tu portal sobre el Festival de Eurovision, eurovision, eurovisi\u00f3n","publisher":{"@id":"https:\/\/www.vivaeurovision.com\/#organization"},"potentialAction":[{"@type":"SearchAction","target":{"@type":"EntryPoint","urlTemplate":"https:\/\/www.vivaeurovision.com\/?s={search_term_string}"},"query-input":{"@type":"PropertyValueSpecification","valueRequired":true,"valueName":"search_term_string"}}],"inLanguage":"es"},{"@type":"Organization","@id":"https:\/\/www.vivaeurovision.com\/#organization","name":"vivaeurovision","url":"https:\/\/www.vivaeurovision.com\/","logo":{"@type":"ImageObject","inLanguage":"es","@id":"https:\/\/www.vivaeurovision.com\/#\/schema\/logo\/image\/","url":"https:\/\/www.vivaeurovision.com\/wp-content\/uploads\/2016\/01\/cropped-image-21-1.jpeg","contentUrl":"https:\/\/www.vivaeurovision.com\/wp-content\/uploads\/2016\/01\/cropped-image-21-1.jpeg","width":669,"height":368,"caption":"vivaeurovision"},"image":{"@id":"https:\/\/www.vivaeurovision.com\/#\/schema\/logo\/image\/"}},{"@type":"Person","@id":"https:\/\/www.vivaeurovision.com\/#\/schema\/person\/1d31fdaa3f5f7df556f73d164bd3c47a","name":"Pedro Palomo","image":{"@type":"ImageObject","inLanguage":"es","@id":"https:\/\/secure.gravatar.com\/avatar\/4cf9a4877f5f71f44fb7cedbe1bac1bd28bd8ce7a217517d98d5b2117f9f5505?s=96&d=mm&r=g","url":"https:\/\/secure.gravatar.com\/avatar\/4cf9a4877f5f71f44fb7cedbe1bac1bd28bd8ce7a217517d98d5b2117f9f5505?s=96&d=mm&r=g","contentUrl":"https:\/\/secure.gravatar.com\/avatar\/4cf9a4877f5f71f44fb7cedbe1bac1bd28bd8ce7a217517d98d5b2117f9f5505?s=96&d=mm&r=g","caption":"Pedro Palomo"},"sameAs":["http:\/\/www.vivaeurovision.com","@pedrobcn","https:\/\/x.com\/@pedropalomobcn"]}]}},"_links":{"self":[{"href":"https:\/\/www.vivaeurovision.com\/index.php\/wp-json\/wp\/v2\/posts\/1390","targetHints":{"allow":["GET"]}}],"collection":[{"href":"https:\/\/www.vivaeurovision.com\/index.php\/wp-json\/wp\/v2\/posts"}],"about":[{"href":"https:\/\/www.vivaeurovision.com\/index.php\/wp-json\/wp\/v2\/types\/post"}],"author":[{"embeddable":true,"href":"https:\/\/www.vivaeurovision.com\/index.php\/wp-json\/wp\/v2\/users\/1"}],"replies":[{"embeddable":true,"href":"https:\/\/www.vivaeurovision.com\/index.php\/wp-json\/wp\/v2\/comments?post=1390"}],"version-history":[{"count":0,"href":"https:\/\/www.vivaeurovision.com\/index.php\/wp-json\/wp\/v2\/posts\/1390\/revisions"}],"wp:featuredmedia":[{"embeddable":true,"href":"https:\/\/www.vivaeurovision.com\/index.php\/wp-json\/wp\/v2\/media\/1396"}],"wp:attachment":[{"href":"https:\/\/www.vivaeurovision.com\/index.php\/wp-json\/wp\/v2\/media?parent=1390"}],"wp:term":[{"taxonomy":"category","embeddable":true,"href":"https:\/\/www.vivaeurovision.com\/index.php\/wp-json\/wp\/v2\/categories?post=1390"},{"taxonomy":"post_tag","embeddable":true,"href":"https:\/\/www.vivaeurovision.com\/index.php\/wp-json\/wp\/v2\/tags?post=1390"}],"curies":[{"name":"wp","href":"https:\/\/api.w.org\/{rel}","templated":true}]}}