{"id":1407,"date":"2016-03-10T19:49:24","date_gmt":"2016-03-10T19:49:24","guid":{"rendered":"http:\/\/www.vivaeurovision.com\/?p=1407"},"modified":"2016-03-31T21:12:33","modified_gmt":"2016-03-31T21:12:33","slug":"barey-videoclip-eurovision-say-yay","status":"publish","type":"post","link":"https:\/\/www.vivaeurovision.com\/index.php\/2016\/03\/10\/barey-videoclip-eurovision-say-yay\/","title":{"rendered":"BAREI SAY YAY! VIDEOCLIP EUROVISION ESPA\u00d1A 2016"},"content":{"rendered":"<p><span style=\"color: #ff0000;\">BAREI SAY YAY! VIDEOCLIP EUROVISION ESPA\u00d1A 2016<\/span><\/p>\n<div id=\"attachment_1408\" style=\"width: 310px\" class=\"wp-caption alignnone\"><img loading=\"lazy\" decoding=\"async\" aria-describedby=\"caption-attachment-1408\" class=\"size-medium wp-image-1408\" src=\"http:\/\/www.vivaeurovision.com\/wp-content\/uploads\/2016\/03\/3516087-300x169.jpg\" alt=\"vivaeurovision\" width=\"300\" height=\"169\" srcset=\"https:\/\/www.vivaeurovision.com\/wp-content\/uploads\/2016\/03\/3516087-300x169.jpg 300w, https:\/\/www.vivaeurovision.com\/wp-content\/uploads\/2016\/03\/3516087-768x432.jpg 768w, https:\/\/www.vivaeurovision.com\/wp-content\/uploads\/2016\/03\/3516087.jpg 980w\" sizes=\"auto, (max-width: 300px) 100vw, 300px\" \/><p id=\"caption-attachment-1408\" class=\"wp-caption-text\">Barei RTVE<\/p><\/div>\n<p>&nbsp;<\/p>\n<p><strong>Nuestra representante en el pr\u00f3ximo Festival de Eurovisi\u00f3n 2016, ha presentado hoy en un programa especial en <a href=\"http:\/\/www.rtve.es\/television\/eurovision\/\" target=\"_blank\">RTVE.ES<\/a>\u00a0el videoclip junto con la versi\u00f3n final de la canci\u00f3n SAY YAY! con la que nos va a representar el pr\u00f3ximo 14 de mayo en la gran final del Festival de Eurovisi\u00f3n 2016.<\/strong><\/p>\n<p><span style=\"color: #ff0000;\">MIRA EL VIDEOCLIP DE BAREI-SAY YAY! ESPA\u00d1A EUROVISION 2016<\/span><\/p>\n<p><iframe loading=\"lazy\" src=\"https:\/\/www.youtube.com\/embed\/jBmkNzFZUW4\" width=\"560\" height=\"315\" frameborder=\"0\" allowfullscreen=\"allowfullscreen\"><\/iframe><br \/>\nEl videoclip de SAY YAY! un video que es la carta de presentaci\u00f3n a todo el mundo de nuestra representante, un videoclip con una fotograf\u00eda muy cuidada y donde vemos como diferentes personas bajo un mismo hilo que es el baile de los pies&#8230; siguen adelante esa lucha diaria y ese esfuerzo diario, en el video podemos ver ciudades como Berlin, Barcelona, Miami, La Habana, Londres, Madrid y la ciudad anfitriona donde empieza el video con Barei caminando por las calles de Estocolmo y donde es visible el Globen Arena, lugar donde ella mostrar\u00e1 en directo a todos los europeos el gran potencial de la canci\u00f3n SAY YAY!<\/p>\n<div id=\"attachment_1413\" style=\"width: 310px\" class=\"wp-caption alignnone\"><img loading=\"lazy\" decoding=\"async\" aria-describedby=\"caption-attachment-1413\" class=\"size-medium wp-image-1413\" src=\"http:\/\/www.vivaeurovision.com\/wp-content\/uploads\/2016\/03\/Sin-t\u00edtulo-VIDEO2-300x180.jpg\" alt=\"vivaeurovision\" width=\"300\" height=\"180\" srcset=\"https:\/\/www.vivaeurovision.com\/wp-content\/uploads\/2016\/03\/Sin-t\u00edtulo-VIDEO2-300x180.jpg 300w, https:\/\/www.vivaeurovision.com\/wp-content\/uploads\/2016\/03\/Sin-t\u00edtulo-VIDEO2.jpg 500w\" sizes=\"auto, (max-width: 300px) 100vw, 300px\" \/><p id=\"caption-attachment-1413\" class=\"wp-caption-text\">BAREI SAY YAY!<\/p><\/div>\n<p>Videoclip muy internacional, moderno muy urban y con un look muy rompedor de la cantante, donde se ha cuidado todo los detalles de cada imagen del videoclip en el cual una mezcla de culturas bailan bajo el himno SAY YAY! ese grito de fuerza y lucha constante.<\/p>\n<div id=\"attachment_1414\" style=\"width: 310px\" class=\"wp-caption alignnone\"><img loading=\"lazy\" decoding=\"async\" aria-describedby=\"caption-attachment-1414\" class=\"size-medium wp-image-1414\" src=\"http:\/\/www.vivaeurovision.com\/wp-content\/uploads\/2016\/03\/VIDEO-300x180.jpg\" alt=\"vivaeurovision\" width=\"300\" height=\"180\" srcset=\"https:\/\/www.vivaeurovision.com\/wp-content\/uploads\/2016\/03\/VIDEO-300x180.jpg 300w, https:\/\/www.vivaeurovision.com\/wp-content\/uploads\/2016\/03\/VIDEO.jpg 500w\" sizes=\"auto, (max-width: 300px) 100vw, 300px\" \/><p id=\"caption-attachment-1414\" class=\"wp-caption-text\">BAREI SAY YAY!<\/p><\/div>\n<p>En la canci\u00f3n se han hecho algunos cambios de producci\u00f3n donde se han quitado los coros en castellano y todo es integro en ingl\u00e9s, la estructura es la misma pero tiene un beat mas potente y el final con mas fuerza sin duda alguna.<\/p>\n<p>El programa presentado por <strong>Irene Mahia<\/strong>, ha contado con la presencia de varios seguidores del Festival de Eurovisi\u00f3n y entre ellos algunos de los que participaron en el flashmob del videoclip.<\/p>\n<p>Barei durante todo el programa ha respondido a todas las preguntas que <strong>Irene Mahia<\/strong> le ha realizado y a las que los seguidores han enviado por Twitter con el hashtag <strong>#videoclipbarei<\/strong>, que se ha convertido en <strong>Trending Topic<\/strong> a los pocos minutos de comenzar el programa.<\/p>\n<p>Entre las respuestas hemos podido ver que <strong>Barei<\/strong> tiene muchas ganas de poder hacer mas promoci\u00f3n por toda Europa y ha citado algunos pa\u00edses donde ya ha sido invitada y donde <strong>casi se podr\u00eda confirmar su presencia en el Eurovisi\u00f3n in Concert de \u00c1msterdam \u00abaunque todav\u00eda no esta 100% confirmado\u00bb<\/strong> cabe recordar que el Eurovisi\u00f3n in Concert de \u00c1msterdam y uno de los eventos principales previos al Festival de Eurovisi\u00f3n donde acuden gran cantidad de participantes en el Festival.<\/p>\n<p><strong>Barei<\/strong> ha\u00a0tambi\u00e9n ha hablado de sus favoritos entre los que se encuentra Finlandia, Irlanda y Francia a la que ha querido\u00a0dar un gui\u00f1o al representante de Francia\u00a0<strong>Amir<\/strong> para\u00a0bailar con el y ense\u00f1arle el pase de\u00a0baile de los pies, tal y como el expres\u00f3 en la <a href=\"http:\/\/www.vivaeurovision.com\/index.php\/2016\/03\/07\/1352-amir-eurovision-2016-entrevista\/\" target=\"_blank\"><strong>ENTREVISTA<\/strong> <\/a>que nos concedi\u00f3 en\u00a0VIVAEUROVISION.<\/p>\n<p>Ha hablado sobre sus coristas tambi\u00e9n de lo que ha confirmado que si estar\u00e1n presentes en el escenario del Globen Arena de Estocolmo a excepci\u00f3n de Milena, que estar\u00e1 tras el escenario haciendo el apoyo vocal de Barei.<\/p>\n<p>Tambi\u00e9n se ha sentido muy contenta y orgullosa del core\u00f3grafo <strong>Fritz Mensch <\/strong>al que ha hecho un gran halago por su gran trabajo y trayectoria pese a la juventud que tiene el core\u00f3grafo, ella ha confiado plenamente en el, ya que en el escenario se mostraran los sentimientos que la cantante quiere expresar con la canci\u00f3n.<\/p>\n<p>La puesta en escena ser\u00e1 minimal pero visual, ya lo tienen todo preparado de manera que todos los europeos capten el mensaje durante esos tres minutos.<\/p>\n<p>Sobre la canci\u00f3n como ya hemos dicho los cambios que se han realizado ella misma ha dicho que le gusta y que es normal que hayan seguidores que posiblemente prefieran la primera versi\u00f3n ya que puede pasar el efecto maquetitis que es cuando escuchas un tema por primera vez y te gusta y cuando luego se realizan cambios en el tema hay personas que se les hace extra\u00f1o pero a medida que lo escuchas mas y mas veces acaba gust\u00e1ndote.<\/p>\n<p><span style=\"color: #ff0000;\">MIRA EL VIDEOENCUENTRO DE #VIDEOCLIPBAREI COMPLETO<\/span><\/p>\n<div style=\"width: 100%; padding-top: 64%; position: relative; border-bottom: 1px solid #aaa; display: inline-block; background: rgba(255,255,255,0.9);\">\n<p><iframe loading=\"lazy\" style=\"left: 0px; top: 0px; width: 100%; height: 90%; overflow: hidden; position: absolute;\" src=\"http:\/\/www.rtve.es\/drmn\/embed\/video\/3518382\" name=\"Barei nos presenta su videoclip en exclusiva \" width=\"300\" height=\"150\" frameborder=\"0\" scrolling=\"no\"><\/iframe><\/p>\n<div style=\"position: absolute; bottom: 0; left: 0; font-family: arial,helvetica,sans-serif; font-size: 12px; line-height: 1.833; display: inline-block; padding: 5px 0 5px 10px;\"><span style=\"float: left; margin-right: 10px;\"><img decoding=\"async\" style=\"height: 20px; width: auto; background: transparent; padding: 0; margin: 0;\" src=\"http:\/\/img.irtve.es\/css\/rtve.commons\/rtve.header.footer\/i\/logoRTVEes.png\" alt=\"\" \/><\/span> <a style=\"color: #333; font-weight: bold;\" title=\"Barei nos presenta su videoclip en exclusiva \" href=\"http:\/\/www.rtve.es\/alacarta\/videos\/eurovision-2016\/eurovision-2016-barei-presenta-su-videoclip-exclusiva\/3518382\/\"><strong>Barei nos presenta su videoclip en exclusiva <\/strong><\/a><\/div>\n<\/div>\n<p>&nbsp;<\/p>\n<p><img loading=\"lazy\" decoding=\"async\" class=\"alignnone size-medium wp-image-311\" src=\"http:\/\/www.vivaeurovision.com\/wp-content\/uploads\/2016\/01\/image-21-300x165.jpeg\" alt=\"VIVAEUROVISION.COM\" width=\"300\" height=\"165\" srcset=\"https:\/\/www.vivaeurovision.com\/wp-content\/uploads\/2016\/01\/image-21-300x165.jpeg 300w, https:\/\/www.vivaeurovision.com\/wp-content\/uploads\/2016\/01\/image-21-555x305.jpeg 555w, https:\/\/www.vivaeurovision.com\/wp-content\/uploads\/2016\/01\/image-21.jpeg 669w\" sizes=\"auto, (max-width: 300px) 100vw, 300px\" \/><\/p>\n<p>Twitter\u00a0<strong> <a href=\"https:\/\/twitter.com\/viva_eurovision\" target=\"_blank\">@viva_eurovision<\/a>\u00a0 <a href=\"https:\/\/www.facebook.com\/Vivaeurovisioncom-867806686671081\/?fref=nf\" target=\"_blank\">FACEBOOK OFICIAL VIVA EUROVISION <\/a><\/strong>Instragram <strong><a href=\"https:\/\/www.instagram.com\/vivaeurovision\/\" target=\"_blank\">@vivaeurovision<\/a><\/strong><\/p>\n<p>Artista: Barei <strong><a href=\"http:\/\/www.bareimusic.com\/welcome\/\" target=\"_blank\">www.bareimusic.com<\/a> <\/strong>Twitter <strong><a href=\"https:\/\/twitter.com\/BAREI_MUSIC?lang=es\" target=\"_blank\">@BAREI_MUSIC<\/a><\/strong>\u00a0Instragram <strong><a href=\"https:\/\/www.instagram.com\/bareimusic\/\" target=\"_blank\">@bareimusic<\/a><\/strong><\/p>\n<p><strong><a href=\"https:\/\/www.facebook.com\/bareioficial\/?fref=ts\" target=\"_blank\">FACEBOOK OFICIAL BAREI<\/a>\u00a0<\/strong><\/p>\n<p>Fuente e imagenes: \u00a9RTVE <strong><a href=\"http:\/\/www.rtve.es\/television\/eurovision\/\" target=\"_blank\">www.rtve.es\/television\/eurovision<\/a><\/strong><\/p>\n<p>Redactor: Pedro Palomo <a href=\"https:\/\/twitter.com\/pedropalomobcn?lang=es\"><strong>@pedropalomobcn<\/strong><\/a><strong>\u00a0<\/strong>Instagram <a href=\"https:\/\/www.instagram.com\/pedrobcn\/\" target=\"_blank\"><strong>@pedrobcn<\/strong><\/a><\/p>\n","protected":false},"excerpt":{"rendered":"<p>BAREI SAY YAY! VIDEOCLIP EUROVISION ESPA\u00d1A 2016 &nbsp; Nuestra representante en el pr\u00f3ximo Festival de Eurovisi\u00f3n 2016, ha presentado hoy en un programa especial en RTVE.ES\u00a0el videoclip junto con la&#46;&#46;&#46;<\/p>\n","protected":false},"author":1,"featured_media":1412,"comment_status":"open","ping_status":"open","sticky":false,"template":"","format":"standard","meta":{"_exactmetrics_skip_tracking":false,"_exactmetrics_sitenote_active":false,"_exactmetrics_sitenote_note":"","_exactmetrics_sitenote_category":0,"footnotes":""},"categories":[6,7,2,3],"tags":[71,114,141,198,511,366,159,17,30,15,13,14,108,11,12,160,158,138,34,19,20,18,110,269,16,104,161,57,365,582,23,22],"class_list":["post-1407","post","type-post","status-publish","format-standard","has-post-thumbnail","hentry","category-espana-en-eurovision","category-eurovision-2016","category-noticia","category-ultima-hora","tag-barei","tag-barei-eurovision","tag-barei-eurovision-2016","tag-barei-say-yay","tag-barei-videoclip","tag-barei-videoclip-say-yay","tag-come-together","tag-esc","tag-esc-2016","tag-espana-eurovision-2016","tag-estocolmo","tag-estocolmo-2016","tag-eurobarei","tag-eurovision","tag-eurovision-2016","tag-eurovision-2016-come-together","tag-eurovision-come-together","tag-eurovision-spain-2016","tag-noticia","tag-pedro-palomo","tag-pedro-palomo-eurovision","tag-rtve","tag-rtve-eurovision","tag-say-yay-videoclip","tag-spain-2016","tag-stockholm-2016","tag-stockholm-2016-come-together","tag-tve","tag-videoclip-say-yay","tag-videoclipbarei","tag-viva-eurovision","tag-vivaeurovision"],"yoast_head":"<!-- This site is optimized with the Yoast SEO plugin v27.5 - https:\/\/yoast.com\/product\/yoast-seo-wordpress\/ -->\n<title>BAREI SAY YAY! VIDEOCLIP EUROVISION ESPA\u00d1A 2016 - VIVAEUROVISION viva eurovision<\/title>\n<meta name=\"description\" content=\"BAREI SAY YAY! VIDEOCLIP EUROVISION\" \/>\n<meta name=\"robots\" content=\"index, follow, max-snippet:-1, max-image-preview:large, max-video-preview:-1\" \/>\n<link rel=\"canonical\" href=\"https:\/\/www.vivaeurovision.com\/index.php\/2016\/03\/10\/barey-videoclip-eurovision-say-yay\/\" \/>\n<meta property=\"og:locale\" content=\"es_ES\" \/>\n<meta property=\"og:type\" content=\"article\" \/>\n<meta property=\"og:title\" content=\"BAREI SAY YAY! VIDEOCLIP EUROVISION ESPA\u00d1A 2016 - VIVAEUROVISION viva eurovision\" \/>\n<meta property=\"og:description\" content=\"BAREI SAY YAY! VIDEOCLIP EUROVISION\" \/>\n<meta property=\"og:url\" content=\"https:\/\/www.vivaeurovision.com\/index.php\/2016\/03\/10\/barey-videoclip-eurovision-say-yay\/\" \/>\n<meta property=\"og:site_name\" content=\"VIVAEUROVISION viva eurovision\" \/>\n<meta property=\"article:published_time\" content=\"2016-03-10T19:49:24+00:00\" \/>\n<meta property=\"article:modified_time\" content=\"2016-03-31T21:12:33+00:00\" \/>\n<meta property=\"og:image\" content=\"https:\/\/www.vivaeurovision.com\/wp-content\/uploads\/2016\/03\/VIDEOCLIPOFICIAL.jpg\" \/>\n\t<meta property=\"og:image:width\" content=\"980\" \/>\n\t<meta property=\"og:image:height\" content=\"551\" \/>\n\t<meta property=\"og:image:type\" content=\"image\/jpeg\" \/>\n<meta name=\"author\" content=\"Pedro Palomo\" \/>\n<meta name=\"twitter:card\" content=\"summary_large_image\" \/>\n<meta name=\"twitter:creator\" content=\"@pedropalomobcn\" \/>\n<meta name=\"twitter:label1\" content=\"Escrito por\" \/>\n\t<meta name=\"twitter:data1\" content=\"Pedro Palomo\" \/>\n\t<meta name=\"twitter:label2\" content=\"Tiempo de lectura\" \/>\n\t<meta name=\"twitter:data2\" content=\"4 minutos\" \/>\n<script type=\"application\/ld+json\" class=\"yoast-schema-graph\">{\"@context\":\"https:\\\/\\\/schema.org\",\"@graph\":[{\"@type\":\"Article\",\"@id\":\"https:\\\/\\\/www.vivaeurovision.com\\\/index.php\\\/2016\\\/03\\\/10\\\/barey-videoclip-eurovision-say-yay\\\/#article\",\"isPartOf\":{\"@id\":\"https:\\\/\\\/www.vivaeurovision.com\\\/index.php\\\/2016\\\/03\\\/10\\\/barey-videoclip-eurovision-say-yay\\\/\"},\"author\":{\"name\":\"Pedro Palomo\",\"@id\":\"https:\\\/\\\/www.vivaeurovision.com\\\/#\\\/schema\\\/person\\\/1d31fdaa3f5f7df556f73d164bd3c47a\"},\"headline\":\"BAREI SAY YAY! VIDEOCLIP EUROVISION ESPA\u00d1A 2016\",\"datePublished\":\"2016-03-10T19:49:24+00:00\",\"dateModified\":\"2016-03-31T21:12:33+00:00\",\"mainEntityOfPage\":{\"@id\":\"https:\\\/\\\/www.vivaeurovision.com\\\/index.php\\\/2016\\\/03\\\/10\\\/barey-videoclip-eurovision-say-yay\\\/\"},\"wordCount\":797,\"commentCount\":0,\"publisher\":{\"@id\":\"https:\\\/\\\/www.vivaeurovision.com\\\/#organization\"},\"image\":{\"@id\":\"https:\\\/\\\/www.vivaeurovision.com\\\/index.php\\\/2016\\\/03\\\/10\\\/barey-videoclip-eurovision-say-yay\\\/#primaryimage\"},\"thumbnailUrl\":\"https:\\\/\\\/www.vivaeurovision.com\\\/wp-content\\\/uploads\\\/2016\\\/03\\\/VIDEOCLIPOFICIAL.jpg\",\"keywords\":[\"Barei\",\"barei eurovision\",\"Barei Eurovision 2016\",\"Barei SAY YAY!\",\"barei videoclip\",\"barei videoclip say yay\",\"COME TOGETHER\",\"ESC\",\"Esc 2016\",\"Espa\u00f1a Eurovision 2016\",\"Estocolmo\",\"Estocolmo 2016\",\"eurobarei\",\"Eurovision\",\"Eurovisi\u00f3n 2016\",\"Eurovision 2016 come together\",\"Eurovision come together\",\"eurovision spain 2016\",\"Noticia\",\"Pedro Palomo\",\"Pedro Palomo Eurovision\",\"RTVE\",\"Rtve EUROVISION\",\"say yay! videoclip\",\"Spain 2016\",\"stockholm 2016\",\"stockholm 2016 come together\",\"tve\",\"videoclip say yay\",\"videoclipbarei\",\"viva eurovision\",\"vivaeurovision\"],\"articleSection\":[\"Espa\u00f1a en Eurovisi\u00f3n\",\"Eurovisi\u00f3n 2016\",\"Noticias\",\"Ultima Hora\"],\"inLanguage\":\"es\",\"potentialAction\":[{\"@type\":\"CommentAction\",\"name\":\"Comment\",\"target\":[\"https:\\\/\\\/www.vivaeurovision.com\\\/index.php\\\/2016\\\/03\\\/10\\\/barey-videoclip-eurovision-say-yay\\\/#respond\"]}]},{\"@type\":\"WebPage\",\"@id\":\"https:\\\/\\\/www.vivaeurovision.com\\\/index.php\\\/2016\\\/03\\\/10\\\/barey-videoclip-eurovision-say-yay\\\/\",\"url\":\"https:\\\/\\\/www.vivaeurovision.com\\\/index.php\\\/2016\\\/03\\\/10\\\/barey-videoclip-eurovision-say-yay\\\/\",\"name\":\"BAREI SAY YAY! VIDEOCLIP EUROVISION ESPA\u00d1A 2016 - VIVAEUROVISION viva eurovision\",\"isPartOf\":{\"@id\":\"https:\\\/\\\/www.vivaeurovision.com\\\/#website\"},\"primaryImageOfPage\":{\"@id\":\"https:\\\/\\\/www.vivaeurovision.com\\\/index.php\\\/2016\\\/03\\\/10\\\/barey-videoclip-eurovision-say-yay\\\/#primaryimage\"},\"image\":{\"@id\":\"https:\\\/\\\/www.vivaeurovision.com\\\/index.php\\\/2016\\\/03\\\/10\\\/barey-videoclip-eurovision-say-yay\\\/#primaryimage\"},\"thumbnailUrl\":\"https:\\\/\\\/www.vivaeurovision.com\\\/wp-content\\\/uploads\\\/2016\\\/03\\\/VIDEOCLIPOFICIAL.jpg\",\"datePublished\":\"2016-03-10T19:49:24+00:00\",\"dateModified\":\"2016-03-31T21:12:33+00:00\",\"description\":\"BAREI SAY YAY! VIDEOCLIP EUROVISION\",\"breadcrumb\":{\"@id\":\"https:\\\/\\\/www.vivaeurovision.com\\\/index.php\\\/2016\\\/03\\\/10\\\/barey-videoclip-eurovision-say-yay\\\/#breadcrumb\"},\"inLanguage\":\"es\",\"potentialAction\":[{\"@type\":\"ReadAction\",\"target\":[\"https:\\\/\\\/www.vivaeurovision.com\\\/index.php\\\/2016\\\/03\\\/10\\\/barey-videoclip-eurovision-say-yay\\\/\"]}]},{\"@type\":\"ImageObject\",\"inLanguage\":\"es\",\"@id\":\"https:\\\/\\\/www.vivaeurovision.com\\\/index.php\\\/2016\\\/03\\\/10\\\/barey-videoclip-eurovision-say-yay\\\/#primaryimage\",\"url\":\"https:\\\/\\\/www.vivaeurovision.com\\\/wp-content\\\/uploads\\\/2016\\\/03\\\/VIDEOCLIPOFICIAL.jpg\",\"contentUrl\":\"https:\\\/\\\/www.vivaeurovision.com\\\/wp-content\\\/uploads\\\/2016\\\/03\\\/VIDEOCLIPOFICIAL.jpg\",\"width\":980,\"height\":551,\"caption\":\"BAREI SAY YAY!\"},{\"@type\":\"BreadcrumbList\",\"@id\":\"https:\\\/\\\/www.vivaeurovision.com\\\/index.php\\\/2016\\\/03\\\/10\\\/barey-videoclip-eurovision-say-yay\\\/#breadcrumb\",\"itemListElement\":[{\"@type\":\"ListItem\",\"position\":1,\"name\":\"Portada\",\"item\":\"https:\\\/\\\/www.vivaeurovision.com\\\/\"},{\"@type\":\"ListItem\",\"position\":2,\"name\":\"BAREI SAY YAY! VIDEOCLIP EUROVISION ESPA\u00d1A 2016\"}]},{\"@type\":\"WebSite\",\"@id\":\"https:\\\/\\\/www.vivaeurovision.com\\\/#website\",\"url\":\"https:\\\/\\\/www.vivaeurovision.com\\\/\",\"name\":\"VIVAEUROVISION viva eurovision\",\"description\":\"Tu portal sobre el Festival de Eurovision, eurovision, eurovisi\u00f3n\",\"publisher\":{\"@id\":\"https:\\\/\\\/www.vivaeurovision.com\\\/#organization\"},\"potentialAction\":[{\"@type\":\"SearchAction\",\"target\":{\"@type\":\"EntryPoint\",\"urlTemplate\":\"https:\\\/\\\/www.vivaeurovision.com\\\/?s={search_term_string}\"},\"query-input\":{\"@type\":\"PropertyValueSpecification\",\"valueRequired\":true,\"valueName\":\"search_term_string\"}}],\"inLanguage\":\"es\"},{\"@type\":\"Organization\",\"@id\":\"https:\\\/\\\/www.vivaeurovision.com\\\/#organization\",\"name\":\"vivaeurovision\",\"url\":\"https:\\\/\\\/www.vivaeurovision.com\\\/\",\"logo\":{\"@type\":\"ImageObject\",\"inLanguage\":\"es\",\"@id\":\"https:\\\/\\\/www.vivaeurovision.com\\\/#\\\/schema\\\/logo\\\/image\\\/\",\"url\":\"https:\\\/\\\/www.vivaeurovision.com\\\/wp-content\\\/uploads\\\/2016\\\/01\\\/cropped-image-21-1.jpeg\",\"contentUrl\":\"https:\\\/\\\/www.vivaeurovision.com\\\/wp-content\\\/uploads\\\/2016\\\/01\\\/cropped-image-21-1.jpeg\",\"width\":669,\"height\":368,\"caption\":\"vivaeurovision\"},\"image\":{\"@id\":\"https:\\\/\\\/www.vivaeurovision.com\\\/#\\\/schema\\\/logo\\\/image\\\/\"}},{\"@type\":\"Person\",\"@id\":\"https:\\\/\\\/www.vivaeurovision.com\\\/#\\\/schema\\\/person\\\/1d31fdaa3f5f7df556f73d164bd3c47a\",\"name\":\"Pedro Palomo\",\"image\":{\"@type\":\"ImageObject\",\"inLanguage\":\"es\",\"@id\":\"https:\\\/\\\/secure.gravatar.com\\\/avatar\\\/4cf9a4877f5f71f44fb7cedbe1bac1bd28bd8ce7a217517d98d5b2117f9f5505?s=96&d=mm&r=g\",\"url\":\"https:\\\/\\\/secure.gravatar.com\\\/avatar\\\/4cf9a4877f5f71f44fb7cedbe1bac1bd28bd8ce7a217517d98d5b2117f9f5505?s=96&d=mm&r=g\",\"contentUrl\":\"https:\\\/\\\/secure.gravatar.com\\\/avatar\\\/4cf9a4877f5f71f44fb7cedbe1bac1bd28bd8ce7a217517d98d5b2117f9f5505?s=96&d=mm&r=g\",\"caption\":\"Pedro Palomo\"},\"sameAs\":[\"http:\\\/\\\/www.vivaeurovision.com\",\"@pedrobcn\",\"https:\\\/\\\/x.com\\\/@pedropalomobcn\"]}]}<\/script>\n<!-- \/ Yoast SEO plugin. -->","yoast_head_json":{"title":"BAREI SAY YAY! VIDEOCLIP EUROVISION ESPA\u00d1A 2016 - VIVAEUROVISION viva eurovision","description":"BAREI SAY YAY! VIDEOCLIP EUROVISION","robots":{"index":"index","follow":"follow","max-snippet":"max-snippet:-1","max-image-preview":"max-image-preview:large","max-video-preview":"max-video-preview:-1"},"canonical":"https:\/\/www.vivaeurovision.com\/index.php\/2016\/03\/10\/barey-videoclip-eurovision-say-yay\/","og_locale":"es_ES","og_type":"article","og_title":"BAREI SAY YAY! VIDEOCLIP EUROVISION ESPA\u00d1A 2016 - VIVAEUROVISION viva eurovision","og_description":"BAREI SAY YAY! VIDEOCLIP EUROVISION","og_url":"https:\/\/www.vivaeurovision.com\/index.php\/2016\/03\/10\/barey-videoclip-eurovision-say-yay\/","og_site_name":"VIVAEUROVISION viva eurovision","article_published_time":"2016-03-10T19:49:24+00:00","article_modified_time":"2016-03-31T21:12:33+00:00","og_image":[{"width":980,"height":551,"url":"https:\/\/www.vivaeurovision.com\/wp-content\/uploads\/2016\/03\/VIDEOCLIPOFICIAL.jpg","type":"image\/jpeg"}],"author":"Pedro Palomo","twitter_card":"summary_large_image","twitter_creator":"@pedropalomobcn","twitter_misc":{"Escrito por":"Pedro Palomo","Tiempo de lectura":"4 minutos"},"schema":{"@context":"https:\/\/schema.org","@graph":[{"@type":"Article","@id":"https:\/\/www.vivaeurovision.com\/index.php\/2016\/03\/10\/barey-videoclip-eurovision-say-yay\/#article","isPartOf":{"@id":"https:\/\/www.vivaeurovision.com\/index.php\/2016\/03\/10\/barey-videoclip-eurovision-say-yay\/"},"author":{"name":"Pedro Palomo","@id":"https:\/\/www.vivaeurovision.com\/#\/schema\/person\/1d31fdaa3f5f7df556f73d164bd3c47a"},"headline":"BAREI SAY YAY! VIDEOCLIP EUROVISION ESPA\u00d1A 2016","datePublished":"2016-03-10T19:49:24+00:00","dateModified":"2016-03-31T21:12:33+00:00","mainEntityOfPage":{"@id":"https:\/\/www.vivaeurovision.com\/index.php\/2016\/03\/10\/barey-videoclip-eurovision-say-yay\/"},"wordCount":797,"commentCount":0,"publisher":{"@id":"https:\/\/www.vivaeurovision.com\/#organization"},"image":{"@id":"https:\/\/www.vivaeurovision.com\/index.php\/2016\/03\/10\/barey-videoclip-eurovision-say-yay\/#primaryimage"},"thumbnailUrl":"https:\/\/www.vivaeurovision.com\/wp-content\/uploads\/2016\/03\/VIDEOCLIPOFICIAL.jpg","keywords":["Barei","barei eurovision","Barei Eurovision 2016","Barei SAY YAY!","barei videoclip","barei videoclip say yay","COME TOGETHER","ESC","Esc 2016","Espa\u00f1a Eurovision 2016","Estocolmo","Estocolmo 2016","eurobarei","Eurovision","Eurovisi\u00f3n 2016","Eurovision 2016 come together","Eurovision come together","eurovision spain 2016","Noticia","Pedro Palomo","Pedro Palomo Eurovision","RTVE","Rtve EUROVISION","say yay! videoclip","Spain 2016","stockholm 2016","stockholm 2016 come together","tve","videoclip say yay","videoclipbarei","viva eurovision","vivaeurovision"],"articleSection":["Espa\u00f1a en Eurovisi\u00f3n","Eurovisi\u00f3n 2016","Noticias","Ultima Hora"],"inLanguage":"es","potentialAction":[{"@type":"CommentAction","name":"Comment","target":["https:\/\/www.vivaeurovision.com\/index.php\/2016\/03\/10\/barey-videoclip-eurovision-say-yay\/#respond"]}]},{"@type":"WebPage","@id":"https:\/\/www.vivaeurovision.com\/index.php\/2016\/03\/10\/barey-videoclip-eurovision-say-yay\/","url":"https:\/\/www.vivaeurovision.com\/index.php\/2016\/03\/10\/barey-videoclip-eurovision-say-yay\/","name":"BAREI SAY YAY! VIDEOCLIP EUROVISION ESPA\u00d1A 2016 - VIVAEUROVISION viva eurovision","isPartOf":{"@id":"https:\/\/www.vivaeurovision.com\/#website"},"primaryImageOfPage":{"@id":"https:\/\/www.vivaeurovision.com\/index.php\/2016\/03\/10\/barey-videoclip-eurovision-say-yay\/#primaryimage"},"image":{"@id":"https:\/\/www.vivaeurovision.com\/index.php\/2016\/03\/10\/barey-videoclip-eurovision-say-yay\/#primaryimage"},"thumbnailUrl":"https:\/\/www.vivaeurovision.com\/wp-content\/uploads\/2016\/03\/VIDEOCLIPOFICIAL.jpg","datePublished":"2016-03-10T19:49:24+00:00","dateModified":"2016-03-31T21:12:33+00:00","description":"BAREI SAY YAY! VIDEOCLIP EUROVISION","breadcrumb":{"@id":"https:\/\/www.vivaeurovision.com\/index.php\/2016\/03\/10\/barey-videoclip-eurovision-say-yay\/#breadcrumb"},"inLanguage":"es","potentialAction":[{"@type":"ReadAction","target":["https:\/\/www.vivaeurovision.com\/index.php\/2016\/03\/10\/barey-videoclip-eurovision-say-yay\/"]}]},{"@type":"ImageObject","inLanguage":"es","@id":"https:\/\/www.vivaeurovision.com\/index.php\/2016\/03\/10\/barey-videoclip-eurovision-say-yay\/#primaryimage","url":"https:\/\/www.vivaeurovision.com\/wp-content\/uploads\/2016\/03\/VIDEOCLIPOFICIAL.jpg","contentUrl":"https:\/\/www.vivaeurovision.com\/wp-content\/uploads\/2016\/03\/VIDEOCLIPOFICIAL.jpg","width":980,"height":551,"caption":"BAREI SAY YAY!"},{"@type":"BreadcrumbList","@id":"https:\/\/www.vivaeurovision.com\/index.php\/2016\/03\/10\/barey-videoclip-eurovision-say-yay\/#breadcrumb","itemListElement":[{"@type":"ListItem","position":1,"name":"Portada","item":"https:\/\/www.vivaeurovision.com\/"},{"@type":"ListItem","position":2,"name":"BAREI SAY YAY! VIDEOCLIP EUROVISION ESPA\u00d1A 2016"}]},{"@type":"WebSite","@id":"https:\/\/www.vivaeurovision.com\/#website","url":"https:\/\/www.vivaeurovision.com\/","name":"VIVAEUROVISION viva eurovision","description":"Tu portal sobre el Festival de Eurovision, eurovision, eurovisi\u00f3n","publisher":{"@id":"https:\/\/www.vivaeurovision.com\/#organization"},"potentialAction":[{"@type":"SearchAction","target":{"@type":"EntryPoint","urlTemplate":"https:\/\/www.vivaeurovision.com\/?s={search_term_string}"},"query-input":{"@type":"PropertyValueSpecification","valueRequired":true,"valueName":"search_term_string"}}],"inLanguage":"es"},{"@type":"Organization","@id":"https:\/\/www.vivaeurovision.com\/#organization","name":"vivaeurovision","url":"https:\/\/www.vivaeurovision.com\/","logo":{"@type":"ImageObject","inLanguage":"es","@id":"https:\/\/www.vivaeurovision.com\/#\/schema\/logo\/image\/","url":"https:\/\/www.vivaeurovision.com\/wp-content\/uploads\/2016\/01\/cropped-image-21-1.jpeg","contentUrl":"https:\/\/www.vivaeurovision.com\/wp-content\/uploads\/2016\/01\/cropped-image-21-1.jpeg","width":669,"height":368,"caption":"vivaeurovision"},"image":{"@id":"https:\/\/www.vivaeurovision.com\/#\/schema\/logo\/image\/"}},{"@type":"Person","@id":"https:\/\/www.vivaeurovision.com\/#\/schema\/person\/1d31fdaa3f5f7df556f73d164bd3c47a","name":"Pedro Palomo","image":{"@type":"ImageObject","inLanguage":"es","@id":"https:\/\/secure.gravatar.com\/avatar\/4cf9a4877f5f71f44fb7cedbe1bac1bd28bd8ce7a217517d98d5b2117f9f5505?s=96&d=mm&r=g","url":"https:\/\/secure.gravatar.com\/avatar\/4cf9a4877f5f71f44fb7cedbe1bac1bd28bd8ce7a217517d98d5b2117f9f5505?s=96&d=mm&r=g","contentUrl":"https:\/\/secure.gravatar.com\/avatar\/4cf9a4877f5f71f44fb7cedbe1bac1bd28bd8ce7a217517d98d5b2117f9f5505?s=96&d=mm&r=g","caption":"Pedro Palomo"},"sameAs":["http:\/\/www.vivaeurovision.com","@pedrobcn","https:\/\/x.com\/@pedropalomobcn"]}]}},"_links":{"self":[{"href":"https:\/\/www.vivaeurovision.com\/index.php\/wp-json\/wp\/v2\/posts\/1407","targetHints":{"allow":["GET"]}}],"collection":[{"href":"https:\/\/www.vivaeurovision.com\/index.php\/wp-json\/wp\/v2\/posts"}],"about":[{"href":"https:\/\/www.vivaeurovision.com\/index.php\/wp-json\/wp\/v2\/types\/post"}],"author":[{"embeddable":true,"href":"https:\/\/www.vivaeurovision.com\/index.php\/wp-json\/wp\/v2\/users\/1"}],"replies":[{"embeddable":true,"href":"https:\/\/www.vivaeurovision.com\/index.php\/wp-json\/wp\/v2\/comments?post=1407"}],"version-history":[{"count":0,"href":"https:\/\/www.vivaeurovision.com\/index.php\/wp-json\/wp\/v2\/posts\/1407\/revisions"}],"wp:featuredmedia":[{"embeddable":true,"href":"https:\/\/www.vivaeurovision.com\/index.php\/wp-json\/wp\/v2\/media\/1412"}],"wp:attachment":[{"href":"https:\/\/www.vivaeurovision.com\/index.php\/wp-json\/wp\/v2\/media?parent=1407"}],"wp:term":[{"taxonomy":"category","embeddable":true,"href":"https:\/\/www.vivaeurovision.com\/index.php\/wp-json\/wp\/v2\/categories?post=1407"},{"taxonomy":"post_tag","embeddable":true,"href":"https:\/\/www.vivaeurovision.com\/index.php\/wp-json\/wp\/v2\/tags?post=1407"}],"curies":[{"name":"wp","href":"https:\/\/api.w.org\/{rel}","templated":true}]}}