{"id":1433,"date":"2016-03-12T14:02:09","date_gmt":"2016-03-12T14:02:09","guid":{"rendered":"http:\/\/www.vivaeurovision.com\/?p=1433"},"modified":"2016-03-12T21:17:28","modified_gmt":"2016-03-12T21:17:28","slug":"gran-final-melodifestivalen-suecia-2016-frans","status":"publish","type":"post","link":"https:\/\/www.vivaeurovision.com\/index.php\/2016\/03\/12\/gran-final-melodifestivalen-suecia-2016-frans\/","title":{"rendered":"FRANS REPRESENTANTE DE SUECIA 2016"},"content":{"rendered":"<p>Gran final\u00a0Melodifestivalen de Suecia 2016<\/p>\n<div id=\"attachment_872\" style=\"width: 310px\" class=\"wp-caption alignnone\"><img loading=\"lazy\" decoding=\"async\" aria-describedby=\"caption-attachment-872\" class=\"size-medium wp-image-872\" src=\"http:\/\/www.vivaeurovision.com\/wp-content\/uploads\/2016\/02\/logomelodifestivalen-300x300.png\" alt=\"melodifestivalen\" width=\"300\" height=\"300\" srcset=\"https:\/\/www.vivaeurovision.com\/wp-content\/uploads\/2016\/02\/logomelodifestivalen-300x300.png 300w, https:\/\/www.vivaeurovision.com\/wp-content\/uploads\/2016\/02\/logomelodifestivalen-150x150.png 150w, https:\/\/www.vivaeurovision.com\/wp-content\/uploads\/2016\/02\/logomelodifestivalen.png 512w\" sizes=\"auto, (max-width: 300px) 100vw, 300px\" \/><p id=\"caption-attachment-872\" class=\"wp-caption-text\">melodifestivalen<\/p><\/div>\n<p><span style=\"color: #ff0000;\">FRANS REPRESENTANTE DE SUECIA PA\u00cdS ANFITRI\u00d3N EN EL PR\u00d3XIMO FESTIVAL DE EUROVISION 2016\u00a0<\/span><\/p>\n<div id=\"attachment_1444\" style=\"width: 310px\" class=\"wp-caption alignnone\"><img loading=\"lazy\" decoding=\"async\" aria-describedby=\"caption-attachment-1444\" class=\"size-medium wp-image-1444\" src=\"http:\/\/www.vivaeurovision.com\/wp-content\/uploads\/2016\/03\/image-10-300x224.jpeg\" alt=\"VIVAEUROVISION \" width=\"300\" height=\"224\" srcset=\"https:\/\/www.vivaeurovision.com\/wp-content\/uploads\/2016\/03\/image-10-300x224.jpeg 300w, https:\/\/www.vivaeurovision.com\/wp-content\/uploads\/2016\/03\/image-10-768x572.jpeg 768w, https:\/\/www.vivaeurovision.com\/wp-content\/uploads\/2016\/03\/image-10-1024x763.jpeg 1024w\" sizes=\"auto, (max-width: 300px) 100vw, 300px\" \/><p id=\"caption-attachment-1444\" class=\"wp-caption-text\">FRANS<\/p><\/div>\n<p><span style=\"color: #ff0000;\">El televoto ha otorgado la vitoria a FRANS y su canci\u00f3n If i where sorry.\u00a0<\/span><\/p>\n<p><iframe loading=\"lazy\"  id=\"_ytid_51146\"  width=\"480\" height=\"270\"  data-origwidth=\"480\" data-origheight=\"270\" src=\"https:\/\/www.youtube.com\/embed\/_GTdelXRlA4?enablejsapi=1&#038;autoplay=0&#038;cc_load_policy=0&#038;cc_lang_pref=&#038;iv_load_policy=1&#038;loop=0&#038;rel=1&#038;fs=1&#038;playsinline=0&#038;autohide=2&#038;theme=dark&#038;color=red&#038;controls=1&#038;disablekb=0&#038;\" class=\"__youtube_prefs__  epyt-is-override  no-lazyload\" title=\"YouTube player\"  allow=\"fullscreen; accelerometer; autoplay; clipboard-write; encrypted-media; gyroscope; picture-in-picture; web-share\" referrerpolicy=\"strict-origin-when-cross-origin\" allowfullscreen data-no-lazy=\"1\" data-skipgform_ajax_framebjll=\"\"><\/iframe><\/p>\n<p>Coincidiendo con el decimoquinto aniversario del gran formato de selecci\u00f3n de Suecia, un gran Star Porwer Final Medley donde en el intermedio grandes artistas que han pasado por el Melodifestivalen de Suecia amenizar\u00e1n la noche con sus temas, Mariette (2015), Linus\u00a0 Svenning (2014), Anton Ewald (2013), Timoteij (2010), Caroline af Ugglas (2009), Sarah Dawn Finer (2009), Charlotte Perrelli (2008), BwO (2008), Magnus Carlsson (2007), Andreas Johnson (2006), Nanne Gronvall (2005), After Dark (2004), Brandsta City Slackers (2002), DJ Mendez (2002) y Kikki and Bettan (2002).<\/p>\n<p>La gala presentada por Gina Dirawi y William Spetz desde el Friends Arena de Estocolmo. Un jurado internacional de los pa\u00edses de Australia, Bielorrusia, Bosina, Chipre, Eslovenia, Estonia, Francia, Israel, Italia, Noruega y Paises Bajos m\u00e1s el voto de la audiencia decidir\u00e1n el ganador de la noche y quien defender\u00e1 los colores de la bandera sueca en el Festival de Eurovisi\u00f3n 2016 en Estocolmo.<\/p>\n<p><img loading=\"lazy\" decoding=\"async\" class=\"alignnone size-medium wp-image-1436\" src=\"http:\/\/www.vivaeurovision.com\/wp-content\/uploads\/2016\/03\/melodifestivalen2016-e1457790530678-300x172.jpg\" alt=\"vivaeurovision\" width=\"300\" height=\"172\" srcset=\"https:\/\/www.vivaeurovision.com\/wp-content\/uploads\/2016\/03\/melodifestivalen2016-e1457790530678-300x172.jpg 300w, https:\/\/www.vivaeurovision.com\/wp-content\/uploads\/2016\/03\/melodifestivalen2016-e1457790530678.jpg 642w\" sizes=\"auto, (max-width: 300px) 100vw, 300px\" \/><\/p>\n<p><span style=\"color: #ff0000;\">Los 12 finalistas del Melodifestivalen 2016.<\/span><\/p>\n<p><span style=\"color: #000000;\"><strong>Panetoz \u2013<\/strong> <em>H\u00e5ll om mig h\u00e5rt.<\/em><\/span><br \/>\n<span style=\"color: #000000;\"> (Jimmy Jansson, Karl-Ola Kjellholm, Jakke Erixson, Pa Modou Badjie, Njol Badjie, Nebeyu Baheru)<\/span><\/p>\n<p><strong>Lisa Ajax\u00a0\u2013\u00a0<\/strong><em>My Heart Wants Me Dead<\/em><em>.<\/em><br \/>\n(Linnea Deb, Joy Deb, Anton H\u00e5rd af Segerstad)<\/p>\n<p><strong>David Lindgren\u00a0\u2013\u00a0<\/strong><em>We are Your Tomorrow.<\/em><br \/>\n(Anderz Wrethov, Sharon Vaughn, Gustav Efraimsson)<\/p>\n<p><span style=\"color: #000000;\"><strong>SaRaha<\/strong> \u2013 <em>Kizunguzungu.<\/em><\/span><br \/>\n<span style=\"color: #000000;\"> (Anderz Wrethov, Sara \u201dSaRaha\u201d Larsson, Arash Labaf)<\/span><\/p>\n<p><strong>Oscar Zia<\/strong>\u00a0\u2013\u00a0<em>Human.<\/em><br \/>\n(Oscar Zia, Victor Thell, Maria Smith)<\/p>\n<p><strong>Ace Wilder<\/strong>\u00a0\u2013\u00a0<em>Don\u2019t Worry.<\/em><br \/>\n(joy Deb, Linnea Deb, Anton H\u00e5rd af Segerstad, Ace Wilder)<\/p>\n<p><strong>Robin Bengtsson<\/strong>\u00a0\u2013\u00a0<em>Constellation Price.<\/em><br \/>\n(Bobby Ljunggren, Henrik Wikstr\u00f6m, Mark Hole, Martin Eriksson)<\/p>\n<p><strong>Molly Sand\u00e9n<\/strong>\u00a0\u2013\u00a0<em>Youniverse.<\/em><br \/>\n(Molly Sand\u00e9n, Danny Saucedo, John Alexis)<\/p>\n<p><span style=\"color: #000000;\"><strong>Boris Ren\u00e9<\/strong> \u2013 <em>Put Your Love on Me.<\/em><\/span><br \/>\n<span style=\"color: #000000;\"> (Boris Ren\u00e9, Tobias Lundgren, Tim Larsson)<\/span><\/p>\n<p><span style=\"color: #ff0000;\"><strong>Frans<\/strong>\u00a0\u2013\u00a0<em>If I Were Sorry.<\/em><\/span><br \/>\n<span style=\"color: #ff0000;\"> (Oscar Fogelstr\u00f6m, Michael Saxell, Fredrik Andersson, Frans Jeppsson Wall)<\/span><\/p>\n<p><strong>Wiktoria<\/strong>\u00a0\u2013\u00a0<em>Save Me.<\/em><br \/>\n(Jens Siverstedt, Lauren Dyson, Jonas Wallin)<\/p>\n<p><span style=\"color: #000000;\"><strong>Samir &amp; Viktor<\/strong>\u00a0\u2013\u00a0<em>Bada nakna<\/em><em>.<\/em><\/span><br \/>\n<span style=\"color: #000000;\"> (Fredrik Kempe, David Kreuger, Anderz Wrethov<\/span><\/p>\n<div id=\"attachment_873\" style=\"width: 310px\" class=\"wp-caption alignnone\"><img loading=\"lazy\" decoding=\"async\" aria-describedby=\"caption-attachment-873\" class=\"size-medium wp-image-873\" src=\"http:\/\/www.vivaeurovision.com\/wp-content\/uploads\/2016\/02\/suecia-300x169.jpg\" alt=\"vivaeurovision\" width=\"300\" height=\"169\" srcset=\"https:\/\/www.vivaeurovision.com\/wp-content\/uploads\/2016\/02\/suecia-300x169.jpg 300w, https:\/\/www.vivaeurovision.com\/wp-content\/uploads\/2016\/02\/suecia-768x432.jpg 768w, https:\/\/www.vivaeurovision.com\/wp-content\/uploads\/2016\/02\/suecia-1024x576.jpg 1024w, https:\/\/www.vivaeurovision.com\/wp-content\/uploads\/2016\/02\/suecia.jpg 1920w\" sizes=\"auto, (max-width: 300px) 100vw, 300px\" \/><p id=\"caption-attachment-873\" class=\"wp-caption-text\">vivaeurovision<\/p><\/div>\n<p><img loading=\"lazy\" decoding=\"async\" class=\"alignnone size-medium wp-image-176\" src=\"http:\/\/www.vivaeurovision.com\/wp-content\/uploads\/2016\/01\/untitledJPGLOGO-2-300x165.jpg\" alt=\"untitledJPGLOGO\" width=\"300\" height=\"165\" srcset=\"https:\/\/www.vivaeurovision.com\/wp-content\/uploads\/2016\/01\/untitledJPGLOGO-2-300x165.jpg 300w, https:\/\/www.vivaeurovision.com\/wp-content\/uploads\/2016\/01\/untitledJPGLOGO-2-555x305.jpg 555w, https:\/\/www.vivaeurovision.com\/wp-content\/uploads\/2016\/01\/untitledJPGLOGO-2.jpg 669w\" sizes=\"auto, (max-width: 300px) 100vw, 300px\" \/><\/p>\n<p>Twitter\u00a0<strong> <a href=\"https:\/\/twitter.com\/viva_eurovision\" target=\"_blank\">@viva_eurovision<\/a>\u00a0 <a href=\"https:\/\/www.facebook.com\/Vivaeurovisioncom-867806686671081\/?fref=nf\" target=\"_blank\">FACEBOOK OFICIAL VIVA EUROVISION <\/a><\/strong>Instragram <a href=\"https:\/\/www.instagram.com\/vivaeurovision\/\" target=\"_blank\"><strong>@vivaeurovision<\/strong><\/a><\/p>\n<p>Fuente e imagenes: SVT <strong><a href=\"http:\/\/www.svt.se\/melodifestivalen\/\" target=\"_blank\">http:\/\/www.svt.se\/melodifestivalen\/<\/a><\/strong><\/p>\n<p>Redactor: Pedro Palomo Twitter <strong><a href=\"https:\/\/twitter.com\/pedropalomobcn?lang=es\" target=\"_blank\">@pedropalomobcn<\/a> <\/strong>Instragram <a href=\"https:\/\/www.instagram.com\/pedrobcn\/\" target=\"_blank\"><strong>@pedrobcn<\/strong><\/a><\/p>\n","protected":false},"excerpt":{"rendered":"<p>Gran final\u00a0Melodifestivalen de Suecia 2016 FRANS REPRESENTANTE DE SUECIA PA\u00cdS ANFITRI\u00d3N EN EL PR\u00d3XIMO FESTIVAL DE EUROVISION 2016\u00a0 El televoto ha otorgado la vitoria a FRANS y su canci\u00f3n If&#46;&#46;&#46;<\/p>\n","protected":false},"author":1,"featured_media":1442,"comment_status":"open","ping_status":"open","sticky":false,"template":"","format":"standard","meta":{"_exactmetrics_skip_tracking":false,"_exactmetrics_sitenote_active":false,"_exactmetrics_sitenote_note":"","_exactmetrics_sitenote_category":0,"footnotes":""},"categories":[7,4,2,3],"tags":[159,17,13,14,11,12,160,158,595,596,597,594,230,229,404,592,19,20,104,161,294,593,23,22],"class_list":["post-1433","post","type-post","status-publish","format-standard","has-post-thumbnail","hentry","category-eurovision-2016","category-eurovision","category-noticia","category-ultima-hora","tag-come-together","tag-esc","tag-estocolmo","tag-estocolmo-2016","tag-eurovision","tag-eurovision-2016","tag-eurovision-2016-come-together","tag-eurovision-come-together","tag-eurovision-sweden-2016","tag-melfest","tag-melfest-2016","tag-melodifestival-sweden-2016","tag-melodifestival-sweeden-2016","tag-melodifestivalen","tag-melodifestivalen-2016","tag-melodifestivalen-2016-final","tag-pedro-palomo","tag-pedro-palomo-eurovision","tag-stockholm-2016","tag-stockholm-2016-come-together","tag-suecia-eurovision-2016","tag-sweden-2016","tag-viva-eurovision","tag-vivaeurovision"],"yoast_head":"<!-- This site is optimized with the Yoast SEO plugin v27.5 - https:\/\/yoast.com\/product\/yoast-seo-wordpress\/ -->\n<title>FRANS REPRESENTANTE DE SUECIA 2016 - VIVAEUROVISION viva eurovision<\/title>\n<meta name=\"description\" content=\"eurovision melodifestivalen\" \/>\n<meta name=\"robots\" content=\"index, follow, max-snippet:-1, max-image-preview:large, max-video-preview:-1\" \/>\n<link rel=\"canonical\" href=\"https:\/\/www.vivaeurovision.com\/index.php\/2016\/03\/12\/gran-final-melodifestivalen-suecia-2016-frans\/\" \/>\n<meta property=\"og:locale\" content=\"es_ES\" \/>\n<meta property=\"og:type\" content=\"article\" \/>\n<meta property=\"og:title\" content=\"FRANS REPRESENTANTE DE SUECIA 2016 - VIVAEUROVISION viva eurovision\" \/>\n<meta property=\"og:description\" content=\"eurovision melodifestivalen\" \/>\n<meta property=\"og:url\" content=\"https:\/\/www.vivaeurovision.com\/index.php\/2016\/03\/12\/gran-final-melodifestivalen-suecia-2016-frans\/\" \/>\n<meta property=\"og:site_name\" content=\"VIVAEUROVISION viva eurovision\" \/>\n<meta property=\"article:published_time\" content=\"2016-03-12T14:02:09+00:00\" \/>\n<meta property=\"article:modified_time\" content=\"2016-03-12T21:17:28+00:00\" \/>\n<meta property=\"og:image\" content=\"https:\/\/www.vivaeurovision.com\/wp-content\/uploads\/2016\/03\/image-9.jpeg\" \/>\n\t<meta property=\"og:image:width\" content=\"650\" \/>\n\t<meta property=\"og:image:height\" content=\"366\" \/>\n\t<meta property=\"og:image:type\" content=\"image\/jpeg\" \/>\n<meta name=\"author\" content=\"Pedro Palomo\" \/>\n<meta name=\"twitter:card\" content=\"summary_large_image\" \/>\n<meta name=\"twitter:creator\" content=\"@pedropalomobcn\" \/>\n<meta name=\"twitter:label1\" content=\"Escrito por\" \/>\n\t<meta name=\"twitter:data1\" content=\"Pedro Palomo\" \/>\n\t<meta name=\"twitter:label2\" content=\"Tiempo de lectura\" \/>\n\t<meta name=\"twitter:data2\" content=\"2 minutos\" \/>\n<script type=\"application\/ld+json\" class=\"yoast-schema-graph\">{\"@context\":\"https:\\\/\\\/schema.org\",\"@graph\":[{\"@type\":\"Article\",\"@id\":\"https:\\\/\\\/www.vivaeurovision.com\\\/index.php\\\/2016\\\/03\\\/12\\\/gran-final-melodifestivalen-suecia-2016-frans\\\/#article\",\"isPartOf\":{\"@id\":\"https:\\\/\\\/www.vivaeurovision.com\\\/index.php\\\/2016\\\/03\\\/12\\\/gran-final-melodifestivalen-suecia-2016-frans\\\/\"},\"author\":{\"name\":\"Pedro Palomo\",\"@id\":\"https:\\\/\\\/www.vivaeurovision.com\\\/#\\\/schema\\\/person\\\/1d31fdaa3f5f7df556f73d164bd3c47a\"},\"headline\":\"FRANS REPRESENTANTE DE SUECIA 2016\",\"datePublished\":\"2016-03-12T14:02:09+00:00\",\"dateModified\":\"2016-03-12T21:17:28+00:00\",\"mainEntityOfPage\":{\"@id\":\"https:\\\/\\\/www.vivaeurovision.com\\\/index.php\\\/2016\\\/03\\\/12\\\/gran-final-melodifestivalen-suecia-2016-frans\\\/\"},\"wordCount\":390,\"commentCount\":0,\"publisher\":{\"@id\":\"https:\\\/\\\/www.vivaeurovision.com\\\/#organization\"},\"image\":{\"@id\":\"https:\\\/\\\/www.vivaeurovision.com\\\/index.php\\\/2016\\\/03\\\/12\\\/gran-final-melodifestivalen-suecia-2016-frans\\\/#primaryimage\"},\"thumbnailUrl\":\"https:\\\/\\\/www.vivaeurovision.com\\\/wp-content\\\/uploads\\\/2016\\\/03\\\/image-9.jpeg\",\"keywords\":[\"COME TOGETHER\",\"ESC\",\"Estocolmo\",\"Estocolmo 2016\",\"Eurovision\",\"Eurovisi\u00f3n 2016\",\"Eurovision 2016 come together\",\"Eurovision come together\",\"eurovision sweden 2016\",\"melfest\",\"melfest 2016\",\"melodifestival sweden 2016\",\"melodifestival sweeden 2016\",\"melodifestivalen\",\"melodifestivalen 2016\",\"melodifestivalen 2016 final\",\"Pedro Palomo\",\"Pedro Palomo Eurovision\",\"stockholm 2016\",\"stockholm 2016 come together\",\"suecia eurovision 2016\",\"sweden 2016\",\"viva eurovision\",\"vivaeurovision\"],\"articleSection\":[\"Eurovisi\u00f3n 2016\",\"Inicio\",\"Noticias\",\"Ultima Hora\"],\"inLanguage\":\"es\",\"potentialAction\":[{\"@type\":\"CommentAction\",\"name\":\"Comment\",\"target\":[\"https:\\\/\\\/www.vivaeurovision.com\\\/index.php\\\/2016\\\/03\\\/12\\\/gran-final-melodifestivalen-suecia-2016-frans\\\/#respond\"]}]},{\"@type\":\"WebPage\",\"@id\":\"https:\\\/\\\/www.vivaeurovision.com\\\/index.php\\\/2016\\\/03\\\/12\\\/gran-final-melodifestivalen-suecia-2016-frans\\\/\",\"url\":\"https:\\\/\\\/www.vivaeurovision.com\\\/index.php\\\/2016\\\/03\\\/12\\\/gran-final-melodifestivalen-suecia-2016-frans\\\/\",\"name\":\"FRANS REPRESENTANTE DE SUECIA 2016 - VIVAEUROVISION viva eurovision\",\"isPartOf\":{\"@id\":\"https:\\\/\\\/www.vivaeurovision.com\\\/#website\"},\"primaryImageOfPage\":{\"@id\":\"https:\\\/\\\/www.vivaeurovision.com\\\/index.php\\\/2016\\\/03\\\/12\\\/gran-final-melodifestivalen-suecia-2016-frans\\\/#primaryimage\"},\"image\":{\"@id\":\"https:\\\/\\\/www.vivaeurovision.com\\\/index.php\\\/2016\\\/03\\\/12\\\/gran-final-melodifestivalen-suecia-2016-frans\\\/#primaryimage\"},\"thumbnailUrl\":\"https:\\\/\\\/www.vivaeurovision.com\\\/wp-content\\\/uploads\\\/2016\\\/03\\\/image-9.jpeg\",\"datePublished\":\"2016-03-12T14:02:09+00:00\",\"dateModified\":\"2016-03-12T21:17:28+00:00\",\"description\":\"eurovision melodifestivalen\",\"breadcrumb\":{\"@id\":\"https:\\\/\\\/www.vivaeurovision.com\\\/index.php\\\/2016\\\/03\\\/12\\\/gran-final-melodifestivalen-suecia-2016-frans\\\/#breadcrumb\"},\"inLanguage\":\"es\",\"potentialAction\":[{\"@type\":\"ReadAction\",\"target\":[\"https:\\\/\\\/www.vivaeurovision.com\\\/index.php\\\/2016\\\/03\\\/12\\\/gran-final-melodifestivalen-suecia-2016-frans\\\/\"]}]},{\"@type\":\"ImageObject\",\"inLanguage\":\"es\",\"@id\":\"https:\\\/\\\/www.vivaeurovision.com\\\/index.php\\\/2016\\\/03\\\/12\\\/gran-final-melodifestivalen-suecia-2016-frans\\\/#primaryimage\",\"url\":\"https:\\\/\\\/www.vivaeurovision.com\\\/wp-content\\\/uploads\\\/2016\\\/03\\\/image-9.jpeg\",\"contentUrl\":\"https:\\\/\\\/www.vivaeurovision.com\\\/wp-content\\\/uploads\\\/2016\\\/03\\\/image-9.jpeg\",\"width\":650,\"height\":366},{\"@type\":\"BreadcrumbList\",\"@id\":\"https:\\\/\\\/www.vivaeurovision.com\\\/index.php\\\/2016\\\/03\\\/12\\\/gran-final-melodifestivalen-suecia-2016-frans\\\/#breadcrumb\",\"itemListElement\":[{\"@type\":\"ListItem\",\"position\":1,\"name\":\"Portada\",\"item\":\"https:\\\/\\\/www.vivaeurovision.com\\\/\"},{\"@type\":\"ListItem\",\"position\":2,\"name\":\"FRANS REPRESENTANTE DE SUECIA 2016\"}]},{\"@type\":\"WebSite\",\"@id\":\"https:\\\/\\\/www.vivaeurovision.com\\\/#website\",\"url\":\"https:\\\/\\\/www.vivaeurovision.com\\\/\",\"name\":\"VIVAEUROVISION viva eurovision\",\"description\":\"Tu portal sobre el Festival de Eurovision, eurovision, eurovisi\u00f3n\",\"publisher\":{\"@id\":\"https:\\\/\\\/www.vivaeurovision.com\\\/#organization\"},\"potentialAction\":[{\"@type\":\"SearchAction\",\"target\":{\"@type\":\"EntryPoint\",\"urlTemplate\":\"https:\\\/\\\/www.vivaeurovision.com\\\/?s={search_term_string}\"},\"query-input\":{\"@type\":\"PropertyValueSpecification\",\"valueRequired\":true,\"valueName\":\"search_term_string\"}}],\"inLanguage\":\"es\"},{\"@type\":\"Organization\",\"@id\":\"https:\\\/\\\/www.vivaeurovision.com\\\/#organization\",\"name\":\"vivaeurovision\",\"url\":\"https:\\\/\\\/www.vivaeurovision.com\\\/\",\"logo\":{\"@type\":\"ImageObject\",\"inLanguage\":\"es\",\"@id\":\"https:\\\/\\\/www.vivaeurovision.com\\\/#\\\/schema\\\/logo\\\/image\\\/\",\"url\":\"https:\\\/\\\/www.vivaeurovision.com\\\/wp-content\\\/uploads\\\/2016\\\/01\\\/cropped-image-21-1.jpeg\",\"contentUrl\":\"https:\\\/\\\/www.vivaeurovision.com\\\/wp-content\\\/uploads\\\/2016\\\/01\\\/cropped-image-21-1.jpeg\",\"width\":669,\"height\":368,\"caption\":\"vivaeurovision\"},\"image\":{\"@id\":\"https:\\\/\\\/www.vivaeurovision.com\\\/#\\\/schema\\\/logo\\\/image\\\/\"}},{\"@type\":\"Person\",\"@id\":\"https:\\\/\\\/www.vivaeurovision.com\\\/#\\\/schema\\\/person\\\/1d31fdaa3f5f7df556f73d164bd3c47a\",\"name\":\"Pedro Palomo\",\"image\":{\"@type\":\"ImageObject\",\"inLanguage\":\"es\",\"@id\":\"https:\\\/\\\/secure.gravatar.com\\\/avatar\\\/4cf9a4877f5f71f44fb7cedbe1bac1bd28bd8ce7a217517d98d5b2117f9f5505?s=96&d=mm&r=g\",\"url\":\"https:\\\/\\\/secure.gravatar.com\\\/avatar\\\/4cf9a4877f5f71f44fb7cedbe1bac1bd28bd8ce7a217517d98d5b2117f9f5505?s=96&d=mm&r=g\",\"contentUrl\":\"https:\\\/\\\/secure.gravatar.com\\\/avatar\\\/4cf9a4877f5f71f44fb7cedbe1bac1bd28bd8ce7a217517d98d5b2117f9f5505?s=96&d=mm&r=g\",\"caption\":\"Pedro Palomo\"},\"sameAs\":[\"http:\\\/\\\/www.vivaeurovision.com\",\"@pedrobcn\",\"https:\\\/\\\/x.com\\\/@pedropalomobcn\"]}]}<\/script>\n<!-- \/ Yoast SEO plugin. -->","yoast_head_json":{"title":"FRANS REPRESENTANTE DE SUECIA 2016 - VIVAEUROVISION viva eurovision","description":"eurovision melodifestivalen","robots":{"index":"index","follow":"follow","max-snippet":"max-snippet:-1","max-image-preview":"max-image-preview:large","max-video-preview":"max-video-preview:-1"},"canonical":"https:\/\/www.vivaeurovision.com\/index.php\/2016\/03\/12\/gran-final-melodifestivalen-suecia-2016-frans\/","og_locale":"es_ES","og_type":"article","og_title":"FRANS REPRESENTANTE DE SUECIA 2016 - VIVAEUROVISION viva eurovision","og_description":"eurovision melodifestivalen","og_url":"https:\/\/www.vivaeurovision.com\/index.php\/2016\/03\/12\/gran-final-melodifestivalen-suecia-2016-frans\/","og_site_name":"VIVAEUROVISION viva eurovision","article_published_time":"2016-03-12T14:02:09+00:00","article_modified_time":"2016-03-12T21:17:28+00:00","og_image":[{"width":650,"height":366,"url":"https:\/\/www.vivaeurovision.com\/wp-content\/uploads\/2016\/03\/image-9.jpeg","type":"image\/jpeg"}],"author":"Pedro Palomo","twitter_card":"summary_large_image","twitter_creator":"@pedropalomobcn","twitter_misc":{"Escrito por":"Pedro Palomo","Tiempo de lectura":"2 minutos"},"schema":{"@context":"https:\/\/schema.org","@graph":[{"@type":"Article","@id":"https:\/\/www.vivaeurovision.com\/index.php\/2016\/03\/12\/gran-final-melodifestivalen-suecia-2016-frans\/#article","isPartOf":{"@id":"https:\/\/www.vivaeurovision.com\/index.php\/2016\/03\/12\/gran-final-melodifestivalen-suecia-2016-frans\/"},"author":{"name":"Pedro Palomo","@id":"https:\/\/www.vivaeurovision.com\/#\/schema\/person\/1d31fdaa3f5f7df556f73d164bd3c47a"},"headline":"FRANS REPRESENTANTE DE SUECIA 2016","datePublished":"2016-03-12T14:02:09+00:00","dateModified":"2016-03-12T21:17:28+00:00","mainEntityOfPage":{"@id":"https:\/\/www.vivaeurovision.com\/index.php\/2016\/03\/12\/gran-final-melodifestivalen-suecia-2016-frans\/"},"wordCount":390,"commentCount":0,"publisher":{"@id":"https:\/\/www.vivaeurovision.com\/#organization"},"image":{"@id":"https:\/\/www.vivaeurovision.com\/index.php\/2016\/03\/12\/gran-final-melodifestivalen-suecia-2016-frans\/#primaryimage"},"thumbnailUrl":"https:\/\/www.vivaeurovision.com\/wp-content\/uploads\/2016\/03\/image-9.jpeg","keywords":["COME TOGETHER","ESC","Estocolmo","Estocolmo 2016","Eurovision","Eurovisi\u00f3n 2016","Eurovision 2016 come together","Eurovision come together","eurovision sweden 2016","melfest","melfest 2016","melodifestival sweden 2016","melodifestival sweeden 2016","melodifestivalen","melodifestivalen 2016","melodifestivalen 2016 final","Pedro Palomo","Pedro Palomo Eurovision","stockholm 2016","stockholm 2016 come together","suecia eurovision 2016","sweden 2016","viva eurovision","vivaeurovision"],"articleSection":["Eurovisi\u00f3n 2016","Inicio","Noticias","Ultima Hora"],"inLanguage":"es","potentialAction":[{"@type":"CommentAction","name":"Comment","target":["https:\/\/www.vivaeurovision.com\/index.php\/2016\/03\/12\/gran-final-melodifestivalen-suecia-2016-frans\/#respond"]}]},{"@type":"WebPage","@id":"https:\/\/www.vivaeurovision.com\/index.php\/2016\/03\/12\/gran-final-melodifestivalen-suecia-2016-frans\/","url":"https:\/\/www.vivaeurovision.com\/index.php\/2016\/03\/12\/gran-final-melodifestivalen-suecia-2016-frans\/","name":"FRANS REPRESENTANTE DE SUECIA 2016 - VIVAEUROVISION viva eurovision","isPartOf":{"@id":"https:\/\/www.vivaeurovision.com\/#website"},"primaryImageOfPage":{"@id":"https:\/\/www.vivaeurovision.com\/index.php\/2016\/03\/12\/gran-final-melodifestivalen-suecia-2016-frans\/#primaryimage"},"image":{"@id":"https:\/\/www.vivaeurovision.com\/index.php\/2016\/03\/12\/gran-final-melodifestivalen-suecia-2016-frans\/#primaryimage"},"thumbnailUrl":"https:\/\/www.vivaeurovision.com\/wp-content\/uploads\/2016\/03\/image-9.jpeg","datePublished":"2016-03-12T14:02:09+00:00","dateModified":"2016-03-12T21:17:28+00:00","description":"eurovision melodifestivalen","breadcrumb":{"@id":"https:\/\/www.vivaeurovision.com\/index.php\/2016\/03\/12\/gran-final-melodifestivalen-suecia-2016-frans\/#breadcrumb"},"inLanguage":"es","potentialAction":[{"@type":"ReadAction","target":["https:\/\/www.vivaeurovision.com\/index.php\/2016\/03\/12\/gran-final-melodifestivalen-suecia-2016-frans\/"]}]},{"@type":"ImageObject","inLanguage":"es","@id":"https:\/\/www.vivaeurovision.com\/index.php\/2016\/03\/12\/gran-final-melodifestivalen-suecia-2016-frans\/#primaryimage","url":"https:\/\/www.vivaeurovision.com\/wp-content\/uploads\/2016\/03\/image-9.jpeg","contentUrl":"https:\/\/www.vivaeurovision.com\/wp-content\/uploads\/2016\/03\/image-9.jpeg","width":650,"height":366},{"@type":"BreadcrumbList","@id":"https:\/\/www.vivaeurovision.com\/index.php\/2016\/03\/12\/gran-final-melodifestivalen-suecia-2016-frans\/#breadcrumb","itemListElement":[{"@type":"ListItem","position":1,"name":"Portada","item":"https:\/\/www.vivaeurovision.com\/"},{"@type":"ListItem","position":2,"name":"FRANS REPRESENTANTE DE SUECIA 2016"}]},{"@type":"WebSite","@id":"https:\/\/www.vivaeurovision.com\/#website","url":"https:\/\/www.vivaeurovision.com\/","name":"VIVAEUROVISION viva eurovision","description":"Tu portal sobre el Festival de Eurovision, eurovision, eurovisi\u00f3n","publisher":{"@id":"https:\/\/www.vivaeurovision.com\/#organization"},"potentialAction":[{"@type":"SearchAction","target":{"@type":"EntryPoint","urlTemplate":"https:\/\/www.vivaeurovision.com\/?s={search_term_string}"},"query-input":{"@type":"PropertyValueSpecification","valueRequired":true,"valueName":"search_term_string"}}],"inLanguage":"es"},{"@type":"Organization","@id":"https:\/\/www.vivaeurovision.com\/#organization","name":"vivaeurovision","url":"https:\/\/www.vivaeurovision.com\/","logo":{"@type":"ImageObject","inLanguage":"es","@id":"https:\/\/www.vivaeurovision.com\/#\/schema\/logo\/image\/","url":"https:\/\/www.vivaeurovision.com\/wp-content\/uploads\/2016\/01\/cropped-image-21-1.jpeg","contentUrl":"https:\/\/www.vivaeurovision.com\/wp-content\/uploads\/2016\/01\/cropped-image-21-1.jpeg","width":669,"height":368,"caption":"vivaeurovision"},"image":{"@id":"https:\/\/www.vivaeurovision.com\/#\/schema\/logo\/image\/"}},{"@type":"Person","@id":"https:\/\/www.vivaeurovision.com\/#\/schema\/person\/1d31fdaa3f5f7df556f73d164bd3c47a","name":"Pedro Palomo","image":{"@type":"ImageObject","inLanguage":"es","@id":"https:\/\/secure.gravatar.com\/avatar\/4cf9a4877f5f71f44fb7cedbe1bac1bd28bd8ce7a217517d98d5b2117f9f5505?s=96&d=mm&r=g","url":"https:\/\/secure.gravatar.com\/avatar\/4cf9a4877f5f71f44fb7cedbe1bac1bd28bd8ce7a217517d98d5b2117f9f5505?s=96&d=mm&r=g","contentUrl":"https:\/\/secure.gravatar.com\/avatar\/4cf9a4877f5f71f44fb7cedbe1bac1bd28bd8ce7a217517d98d5b2117f9f5505?s=96&d=mm&r=g","caption":"Pedro Palomo"},"sameAs":["http:\/\/www.vivaeurovision.com","@pedrobcn","https:\/\/x.com\/@pedropalomobcn"]}]}},"_links":{"self":[{"href":"https:\/\/www.vivaeurovision.com\/index.php\/wp-json\/wp\/v2\/posts\/1433","targetHints":{"allow":["GET"]}}],"collection":[{"href":"https:\/\/www.vivaeurovision.com\/index.php\/wp-json\/wp\/v2\/posts"}],"about":[{"href":"https:\/\/www.vivaeurovision.com\/index.php\/wp-json\/wp\/v2\/types\/post"}],"author":[{"embeddable":true,"href":"https:\/\/www.vivaeurovision.com\/index.php\/wp-json\/wp\/v2\/users\/1"}],"replies":[{"embeddable":true,"href":"https:\/\/www.vivaeurovision.com\/index.php\/wp-json\/wp\/v2\/comments?post=1433"}],"version-history":[{"count":0,"href":"https:\/\/www.vivaeurovision.com\/index.php\/wp-json\/wp\/v2\/posts\/1433\/revisions"}],"wp:featuredmedia":[{"embeddable":true,"href":"https:\/\/www.vivaeurovision.com\/index.php\/wp-json\/wp\/v2\/media\/1442"}],"wp:attachment":[{"href":"https:\/\/www.vivaeurovision.com\/index.php\/wp-json\/wp\/v2\/media?parent=1433"}],"wp:term":[{"taxonomy":"category","embeddable":true,"href":"https:\/\/www.vivaeurovision.com\/index.php\/wp-json\/wp\/v2\/categories?post=1433"},{"taxonomy":"post_tag","embeddable":true,"href":"https:\/\/www.vivaeurovision.com\/index.php\/wp-json\/wp\/v2\/tags?post=1433"}],"curies":[{"name":"wp","href":"https:\/\/api.w.org\/{rel}","templated":true}]}}