{"id":1457,"date":"2016-03-13T00:08:29","date_gmt":"2016-03-13T00:08:29","guid":{"rendered":"http:\/\/www.vivaeurovision.com\/?p=1457"},"modified":"2016-03-13T00:44:57","modified_gmt":"2016-03-13T00:44:57","slug":"1457-zaa-eurovision-serbia","status":"publish","type":"post","link":"https:\/\/www.vivaeurovision.com\/index.php\/2016\/03\/13\/1457-zaa-eurovision-serbia\/","title":{"rendered":"EUROVISION SERBIA 2016: ESCUCHA  \u00abGOODBYE\u00bb"},"content":{"rendered":"<p>EUROVISION SERBIA 2016: ESCUCHA LA CANCION \u00abGOODBYE\u00bb<\/p>\n<p><span style=\"color: #ff0000;\">SERBIA EUROVISION 2016 BAJO LA MANO DEL GRUPO\u00a0ZAA Y SU VOCALISTA SANJA VUCIC<\/span><\/p>\n<p><span style=\"color: #ff0000;\">\u00a0<\/span><\/p>\n<div id=\"attachment_1344\" style=\"width: 247px\" class=\"wp-caption alignnone\"><img loading=\"lazy\" decoding=\"async\" aria-describedby=\"caption-attachment-1344\" class=\"size-medium wp-image-1344\" src=\"http:\/\/www.vivaeurovision.com\/wp-content\/uploads\/2016\/03\/222111ZAA__foto_3-237x300.jpg\" alt=\"vivaeurovision\" width=\"237\" height=\"300\" srcset=\"https:\/\/www.vivaeurovision.com\/wp-content\/uploads\/2016\/03\/222111ZAA__foto_3-237x300.jpg 237w, https:\/\/www.vivaeurovision.com\/wp-content\/uploads\/2016\/03\/222111ZAA__foto_3.jpg 600w\" sizes=\"auto, (max-width: 237px) 100vw, 237px\" \/><p id=\"caption-attachment-1344\" class=\"wp-caption-text\">Imagen Eurovisimn.tv SANJA VUCIC<\/p><\/div>\n<p>Serbia ha\u00a0presentado de forma\u00a0oficial su candidatura para el pr\u00f3ximo Festival de Eurovisi\u00f3n 2016 y se el grupo <strong>ZAA<\/strong> cuya vocalista <span style=\"color: #000000;\"><strong>Sandja Vu\u010di\u0107<\/strong> es una de las voces mas potentes del panorama musical serbio. <\/span><\/p>\n<p>El programa especial <strong><span style=\"font-size: large;\"><span style=\"font-family: Arial;\"><em>Pesma Srbije za Evropu<\/em>\u00a0<\/span><\/span><\/strong><\/p>\n<p>La canci\u00f3n Goodbye ha sido compuesta por\u00a0Ivana Peters y trata sobre tema social y grito al\u00a0machismo que se sigue sufriendo ha d\u00eda de hoy.<\/p>\n<p>La canci\u00f3n cuenta con una gran instrumentaci\u00f3n y han utilizado todo el despliegue posible para que ZAA y la canci\u00f3n Goodbye sea una gran apuesta, una balada pop con cierto toque balc\u00e1nico con un estribillo con fuerza y unos coros que acompa\u00f1an a la gran voz de Sandja Vucic.<\/p>\n<p><span style=\"color: #ff0000;\">Escucha la canci\u00f3n Goodbye-Zaa SERBIA EUROVISION 2016<\/span><br \/>\n<iframe loading=\"lazy\" src=\"https:\/\/www.youtube.com\/embed\/mqh-XVcjmHc\" width=\"560\" height=\"315\" frameborder=\"0\" allowfullscreen=\"allowfullscreen\"><\/iframe><br \/>\nLa canci\u00f3n se titula <strong>\u00abGoodbye\u00bb <\/strong>ha sido elegida bajo un comit\u00e9 de expertos musicales y parte del grupo de la RTS \u00abTelevisi\u00f3n p\u00fablica de Serbia\u00bb.<\/p>\n<div id=\"attachment_1345\" style=\"width: 310px\" class=\"wp-caption alignnone\"><img loading=\"lazy\" decoding=\"async\" aria-describedby=\"caption-attachment-1345\" class=\"size-medium wp-image-1345\" src=\"http:\/\/www.vivaeurovision.com\/wp-content\/uploads\/2016\/03\/Serbia-300x169.jpg\" alt=\"vivaeurovision\" width=\"300\" height=\"169\" srcset=\"https:\/\/www.vivaeurovision.com\/wp-content\/uploads\/2016\/03\/Serbia-300x169.jpg 300w, https:\/\/www.vivaeurovision.com\/wp-content\/uploads\/2016\/03\/Serbia-768x432.jpg 768w, https:\/\/www.vivaeurovision.com\/wp-content\/uploads\/2016\/03\/Serbia-1024x576.jpg 1024w, https:\/\/www.vivaeurovision.com\/wp-content\/uploads\/2016\/03\/Serbia.jpg 1920w\" sizes=\"auto, (max-width: 300px) 100vw, 300px\" \/><p id=\"caption-attachment-1345\" class=\"wp-caption-text\">Serbia vivaeurovision<\/p><\/div>\n<p>Dragan Llic El jefe de la delegaci\u00f3n de Serbia ha declarado estar muy orgulloso de la elecci\u00f3n ya que apuestan por algo joven y con mucho talento que va a sorprender a todos los seguidores del Festival de Eurovisi\u00f3n.<\/p>\n<p><strong>\u00a0<\/strong><\/p>\n<p>Serbia actuar\u00e1 en la segunda mitad de la segunda semifinal el pr\u00f3ximo 12 de mayo en el escenario del Globen Arena de Estocolmo.<\/p>\n<p>\u00bfLograr\u00e1 Serbia superar el decimo puesto conseguido por Bojana y su canci\u00f3n Beauty never lies?<\/p>\n<p><img loading=\"lazy\" decoding=\"async\" class=\"alignnone size-medium wp-image-176\" src=\"http:\/\/www.vivaeurovision.com\/wp-content\/uploads\/2016\/01\/untitledJPGLOGO-2-300x165.jpg\" alt=\"untitledJPGLOGO\" width=\"300\" height=\"165\" srcset=\"https:\/\/www.vivaeurovision.com\/wp-content\/uploads\/2016\/01\/untitledJPGLOGO-2-300x165.jpg 300w, https:\/\/www.vivaeurovision.com\/wp-content\/uploads\/2016\/01\/untitledJPGLOGO-2-555x305.jpg 555w, https:\/\/www.vivaeurovision.com\/wp-content\/uploads\/2016\/01\/untitledJPGLOGO-2.jpg 669w\" sizes=\"auto, (max-width: 300px) 100vw, 300px\" \/><\/p>\n<p>Twitter\u00a0<strong> <a href=\"https:\/\/twitter.com\/viva_eurovision\" target=\"_blank\">@viva_eurovision<\/a>\u00a0 <a href=\"https:\/\/www.facebook.com\/Vivaeurovisioncom-867806686671081\/?fref=nf\" target=\"_blank\">FACEBOOK OFICIAL VIVA EUROVISION <\/a><\/strong>Instragram<strong> <a href=\"https:\/\/www.instagram.com\/vivaeurovision\/\" target=\"_blank\">@vivaeurovision<\/a><\/strong><\/p>\n<p>Fuente: RTS y Eurovision.tv<\/p>\n<p>Im\u00e1genes: <strong>\u00a9<span style=\"color: #000000;\">Sandja Vu\u010di\u0107 <\/span><\/strong><span style=\"color: #000000;\">y vivaeurovision <\/span><\/p>\n<p>Redactor: Pedro Palomo <a href=\"https:\/\/twitter.com\/pedropalomobcn?lang=es\"><strong>@pedropalomobcn<\/strong><\/a><strong>\u00a0<\/strong>Instagram <strong><a href=\"https:\/\/www.instagram.com\/pedrobcn\/\" target=\"_blank\">@pedrobcn<\/a><\/strong><\/p>\n","protected":false},"excerpt":{"rendered":"<p>EUROVISION SERBIA 2016: ESCUCHA LA CANCION \u00abGOODBYE\u00bb SERBIA EUROVISION 2016 BAJO LA MANO DEL GRUPO\u00a0ZAA Y SU VOCALISTA SANJA VUCIC \u00a0 Serbia ha\u00a0presentado de forma\u00a0oficial su candidatura para el pr\u00f3ximo&#46;&#46;&#46;<\/p>\n","protected":false},"author":1,"featured_media":1346,"comment_status":"open","ping_status":"open","sticky":false,"template":"","format":"standard","meta":{"_exactmetrics_skip_tracking":false,"_exactmetrics_sitenote_active":false,"_exactmetrics_sitenote_note":"","_exactmetrics_sitenote_category":0,"footnotes":""},"categories":[7,4,2,3],"tags":[159,17,30,13,14,11,12,160,158,552,553,34,19,20,601,558,550,551,104,161,23,22,555,554],"class_list":["post-1457","post","type-post","status-publish","format-standard","has-post-thumbnail","hentry","category-eurovision-2016","category-eurovision","category-noticia","category-ultima-hora","tag-come-together","tag-esc","tag-esc-2016","tag-estocolmo","tag-estocolmo-2016","tag-eurovision","tag-eurovision-2016","tag-eurovision-2016-come-together","tag-eurovision-come-together","tag-eurovision-serbia","tag-eurovision-serbia-2016","tag-noticia","tag-pedro-palomo","tag-pedro-palomo-eurovision","tag-sandja-vucic","tag-sanja-vucic-serbia-eurovision","tag-serbia-eurovision","tag-serbia-eurovision-2016","tag-stockholm-2016","tag-stockholm-2016-come-together","tag-viva-eurovision","tag-vivaeurovision","tag-zaa-eurovision","tag-zaa-serbia-eurovision-2016"],"yoast_head":"<!-- This site is optimized with the Yoast SEO plugin v27.5 - https:\/\/yoast.com\/product\/yoast-seo-wordpress\/ -->\n<title>EUROVISION SERBIA 2016: ESCUCHA &quot;GOODBYE&quot; - VIVAEUROVISION viva eurovision<\/title>\n<meta name=\"description\" content=\"ZAA Eurovision Serbia\" \/>\n<meta name=\"robots\" content=\"index, follow, max-snippet:-1, max-image-preview:large, max-video-preview:-1\" \/>\n<link rel=\"canonical\" href=\"https:\/\/www.vivaeurovision.com\/index.php\/2016\/03\/13\/1457-zaa-eurovision-serbia\/\" \/>\n<meta property=\"og:locale\" content=\"es_ES\" \/>\n<meta property=\"og:type\" content=\"article\" \/>\n<meta property=\"og:title\" content=\"EUROVISION SERBIA 2016: ESCUCHA &quot;GOODBYE&quot; - VIVAEUROVISION viva eurovision\" \/>\n<meta property=\"og:description\" content=\"ZAA Eurovision Serbia\" \/>\n<meta property=\"og:url\" content=\"https:\/\/www.vivaeurovision.com\/index.php\/2016\/03\/13\/1457-zaa-eurovision-serbia\/\" \/>\n<meta property=\"og:site_name\" content=\"VIVAEUROVISION viva eurovision\" \/>\n<meta property=\"article:published_time\" content=\"2016-03-13T00:08:29+00:00\" \/>\n<meta property=\"article:modified_time\" content=\"2016-03-13T00:44:57+00:00\" \/>\n<meta property=\"og:image\" content=\"https:\/\/www.vivaeurovision.com\/wp-content\/uploads\/2016\/03\/sanja-vu\u010di\u0107.jpg\" \/>\n\t<meta property=\"og:image:width\" content=\"620\" \/>\n\t<meta property=\"og:image:height\" content=\"348\" \/>\n\t<meta property=\"og:image:type\" content=\"image\/jpeg\" \/>\n<meta name=\"author\" content=\"Pedro Palomo\" \/>\n<meta name=\"twitter:card\" content=\"summary_large_image\" \/>\n<meta name=\"twitter:creator\" content=\"@pedropalomobcn\" \/>\n<meta name=\"twitter:label1\" content=\"Escrito por\" \/>\n\t<meta name=\"twitter:data1\" content=\"Pedro Palomo\" \/>\n\t<meta name=\"twitter:label2\" content=\"Tiempo de lectura\" \/>\n\t<meta name=\"twitter:data2\" content=\"2 minutos\" \/>\n<script type=\"application\/ld+json\" class=\"yoast-schema-graph\">{\"@context\":\"https:\\\/\\\/schema.org\",\"@graph\":[{\"@type\":\"Article\",\"@id\":\"https:\\\/\\\/www.vivaeurovision.com\\\/index.php\\\/2016\\\/03\\\/13\\\/1457-zaa-eurovision-serbia\\\/#article\",\"isPartOf\":{\"@id\":\"https:\\\/\\\/www.vivaeurovision.com\\\/index.php\\\/2016\\\/03\\\/13\\\/1457-zaa-eurovision-serbia\\\/\"},\"author\":{\"name\":\"Pedro Palomo\",\"@id\":\"https:\\\/\\\/www.vivaeurovision.com\\\/#\\\/schema\\\/person\\\/1d31fdaa3f5f7df556f73d164bd3c47a\"},\"headline\":\"EUROVISION SERBIA 2016: ESCUCHA \u00abGOODBYE\u00bb\",\"datePublished\":\"2016-03-13T00:08:29+00:00\",\"dateModified\":\"2016-03-13T00:44:57+00:00\",\"mainEntityOfPage\":{\"@id\":\"https:\\\/\\\/www.vivaeurovision.com\\\/index.php\\\/2016\\\/03\\\/13\\\/1457-zaa-eurovision-serbia\\\/\"},\"wordCount\":313,\"commentCount\":0,\"publisher\":{\"@id\":\"https:\\\/\\\/www.vivaeurovision.com\\\/#organization\"},\"image\":{\"@id\":\"https:\\\/\\\/www.vivaeurovision.com\\\/index.php\\\/2016\\\/03\\\/13\\\/1457-zaa-eurovision-serbia\\\/#primaryimage\"},\"thumbnailUrl\":\"https:\\\/\\\/www.vivaeurovision.com\\\/wp-content\\\/uploads\\\/2016\\\/03\\\/sanja-vu\u010di\u0107.jpg\",\"keywords\":[\"COME TOGETHER\",\"ESC\",\"Esc 2016\",\"Estocolmo\",\"Estocolmo 2016\",\"Eurovision\",\"Eurovisi\u00f3n 2016\",\"Eurovision 2016 come together\",\"Eurovision come together\",\"eurovision serbia\",\"eurovision serbia 2016\",\"Noticia\",\"Pedro Palomo\",\"Pedro Palomo Eurovision\",\"sandja Vucic\",\"sanja vucic serbia eurovision\",\"serbia eurovision\",\"serbia eurovision 2016\",\"stockholm 2016\",\"stockholm 2016 come together\",\"viva eurovision\",\"vivaeurovision\",\"zaa eurovision\",\"zaa serbia eurovision 2016\"],\"articleSection\":[\"Eurovisi\u00f3n 2016\",\"Inicio\",\"Noticias\",\"Ultima Hora\"],\"inLanguage\":\"es\",\"potentialAction\":[{\"@type\":\"CommentAction\",\"name\":\"Comment\",\"target\":[\"https:\\\/\\\/www.vivaeurovision.com\\\/index.php\\\/2016\\\/03\\\/13\\\/1457-zaa-eurovision-serbia\\\/#respond\"]}]},{\"@type\":\"WebPage\",\"@id\":\"https:\\\/\\\/www.vivaeurovision.com\\\/index.php\\\/2016\\\/03\\\/13\\\/1457-zaa-eurovision-serbia\\\/\",\"url\":\"https:\\\/\\\/www.vivaeurovision.com\\\/index.php\\\/2016\\\/03\\\/13\\\/1457-zaa-eurovision-serbia\\\/\",\"name\":\"EUROVISION SERBIA 2016: ESCUCHA \\\"GOODBYE\\\" - VIVAEUROVISION viva eurovision\",\"isPartOf\":{\"@id\":\"https:\\\/\\\/www.vivaeurovision.com\\\/#website\"},\"primaryImageOfPage\":{\"@id\":\"https:\\\/\\\/www.vivaeurovision.com\\\/index.php\\\/2016\\\/03\\\/13\\\/1457-zaa-eurovision-serbia\\\/#primaryimage\"},\"image\":{\"@id\":\"https:\\\/\\\/www.vivaeurovision.com\\\/index.php\\\/2016\\\/03\\\/13\\\/1457-zaa-eurovision-serbia\\\/#primaryimage\"},\"thumbnailUrl\":\"https:\\\/\\\/www.vivaeurovision.com\\\/wp-content\\\/uploads\\\/2016\\\/03\\\/sanja-vu\u010di\u0107.jpg\",\"datePublished\":\"2016-03-13T00:08:29+00:00\",\"dateModified\":\"2016-03-13T00:44:57+00:00\",\"description\":\"ZAA Eurovision Serbia\",\"breadcrumb\":{\"@id\":\"https:\\\/\\\/www.vivaeurovision.com\\\/index.php\\\/2016\\\/03\\\/13\\\/1457-zaa-eurovision-serbia\\\/#breadcrumb\"},\"inLanguage\":\"es\",\"potentialAction\":[{\"@type\":\"ReadAction\",\"target\":[\"https:\\\/\\\/www.vivaeurovision.com\\\/index.php\\\/2016\\\/03\\\/13\\\/1457-zaa-eurovision-serbia\\\/\"]}]},{\"@type\":\"ImageObject\",\"inLanguage\":\"es\",\"@id\":\"https:\\\/\\\/www.vivaeurovision.com\\\/index.php\\\/2016\\\/03\\\/13\\\/1457-zaa-eurovision-serbia\\\/#primaryimage\",\"url\":\"https:\\\/\\\/www.vivaeurovision.com\\\/wp-content\\\/uploads\\\/2016\\\/03\\\/sanja-vu\u010di\u0107.jpg\",\"contentUrl\":\"https:\\\/\\\/www.vivaeurovision.com\\\/wp-content\\\/uploads\\\/2016\\\/03\\\/sanja-vu\u010di\u0107.jpg\",\"width\":620,\"height\":348,\"caption\":\"sanja vu\u010di\u0107\"},{\"@type\":\"BreadcrumbList\",\"@id\":\"https:\\\/\\\/www.vivaeurovision.com\\\/index.php\\\/2016\\\/03\\\/13\\\/1457-zaa-eurovision-serbia\\\/#breadcrumb\",\"itemListElement\":[{\"@type\":\"ListItem\",\"position\":1,\"name\":\"Portada\",\"item\":\"https:\\\/\\\/www.vivaeurovision.com\\\/\"},{\"@type\":\"ListItem\",\"position\":2,\"name\":\"EUROVISION SERBIA 2016: ESCUCHA \u00abGOODBYE\u00bb\"}]},{\"@type\":\"WebSite\",\"@id\":\"https:\\\/\\\/www.vivaeurovision.com\\\/#website\",\"url\":\"https:\\\/\\\/www.vivaeurovision.com\\\/\",\"name\":\"VIVAEUROVISION viva eurovision\",\"description\":\"Tu portal sobre el Festival de Eurovision, eurovision, eurovisi\u00f3n\",\"publisher\":{\"@id\":\"https:\\\/\\\/www.vivaeurovision.com\\\/#organization\"},\"potentialAction\":[{\"@type\":\"SearchAction\",\"target\":{\"@type\":\"EntryPoint\",\"urlTemplate\":\"https:\\\/\\\/www.vivaeurovision.com\\\/?s={search_term_string}\"},\"query-input\":{\"@type\":\"PropertyValueSpecification\",\"valueRequired\":true,\"valueName\":\"search_term_string\"}}],\"inLanguage\":\"es\"},{\"@type\":\"Organization\",\"@id\":\"https:\\\/\\\/www.vivaeurovision.com\\\/#organization\",\"name\":\"vivaeurovision\",\"url\":\"https:\\\/\\\/www.vivaeurovision.com\\\/\",\"logo\":{\"@type\":\"ImageObject\",\"inLanguage\":\"es\",\"@id\":\"https:\\\/\\\/www.vivaeurovision.com\\\/#\\\/schema\\\/logo\\\/image\\\/\",\"url\":\"https:\\\/\\\/www.vivaeurovision.com\\\/wp-content\\\/uploads\\\/2016\\\/01\\\/cropped-image-21-1.jpeg\",\"contentUrl\":\"https:\\\/\\\/www.vivaeurovision.com\\\/wp-content\\\/uploads\\\/2016\\\/01\\\/cropped-image-21-1.jpeg\",\"width\":669,\"height\":368,\"caption\":\"vivaeurovision\"},\"image\":{\"@id\":\"https:\\\/\\\/www.vivaeurovision.com\\\/#\\\/schema\\\/logo\\\/image\\\/\"}},{\"@type\":\"Person\",\"@id\":\"https:\\\/\\\/www.vivaeurovision.com\\\/#\\\/schema\\\/person\\\/1d31fdaa3f5f7df556f73d164bd3c47a\",\"name\":\"Pedro Palomo\",\"image\":{\"@type\":\"ImageObject\",\"inLanguage\":\"es\",\"@id\":\"https:\\\/\\\/secure.gravatar.com\\\/avatar\\\/4cf9a4877f5f71f44fb7cedbe1bac1bd28bd8ce7a217517d98d5b2117f9f5505?s=96&d=mm&r=g\",\"url\":\"https:\\\/\\\/secure.gravatar.com\\\/avatar\\\/4cf9a4877f5f71f44fb7cedbe1bac1bd28bd8ce7a217517d98d5b2117f9f5505?s=96&d=mm&r=g\",\"contentUrl\":\"https:\\\/\\\/secure.gravatar.com\\\/avatar\\\/4cf9a4877f5f71f44fb7cedbe1bac1bd28bd8ce7a217517d98d5b2117f9f5505?s=96&d=mm&r=g\",\"caption\":\"Pedro Palomo\"},\"sameAs\":[\"http:\\\/\\\/www.vivaeurovision.com\",\"@pedrobcn\",\"https:\\\/\\\/x.com\\\/@pedropalomobcn\"]}]}<\/script>\n<!-- \/ Yoast SEO plugin. -->","yoast_head_json":{"title":"EUROVISION SERBIA 2016: ESCUCHA \"GOODBYE\" - VIVAEUROVISION viva eurovision","description":"ZAA Eurovision Serbia","robots":{"index":"index","follow":"follow","max-snippet":"max-snippet:-1","max-image-preview":"max-image-preview:large","max-video-preview":"max-video-preview:-1"},"canonical":"https:\/\/www.vivaeurovision.com\/index.php\/2016\/03\/13\/1457-zaa-eurovision-serbia\/","og_locale":"es_ES","og_type":"article","og_title":"EUROVISION SERBIA 2016: ESCUCHA \"GOODBYE\" - VIVAEUROVISION viva eurovision","og_description":"ZAA Eurovision Serbia","og_url":"https:\/\/www.vivaeurovision.com\/index.php\/2016\/03\/13\/1457-zaa-eurovision-serbia\/","og_site_name":"VIVAEUROVISION viva eurovision","article_published_time":"2016-03-13T00:08:29+00:00","article_modified_time":"2016-03-13T00:44:57+00:00","og_image":[{"width":620,"height":348,"url":"https:\/\/www.vivaeurovision.com\/wp-content\/uploads\/2016\/03\/sanja-vu\u010di\u0107.jpg","type":"image\/jpeg"}],"author":"Pedro Palomo","twitter_card":"summary_large_image","twitter_creator":"@pedropalomobcn","twitter_misc":{"Escrito por":"Pedro Palomo","Tiempo de lectura":"2 minutos"},"schema":{"@context":"https:\/\/schema.org","@graph":[{"@type":"Article","@id":"https:\/\/www.vivaeurovision.com\/index.php\/2016\/03\/13\/1457-zaa-eurovision-serbia\/#article","isPartOf":{"@id":"https:\/\/www.vivaeurovision.com\/index.php\/2016\/03\/13\/1457-zaa-eurovision-serbia\/"},"author":{"name":"Pedro Palomo","@id":"https:\/\/www.vivaeurovision.com\/#\/schema\/person\/1d31fdaa3f5f7df556f73d164bd3c47a"},"headline":"EUROVISION SERBIA 2016: ESCUCHA \u00abGOODBYE\u00bb","datePublished":"2016-03-13T00:08:29+00:00","dateModified":"2016-03-13T00:44:57+00:00","mainEntityOfPage":{"@id":"https:\/\/www.vivaeurovision.com\/index.php\/2016\/03\/13\/1457-zaa-eurovision-serbia\/"},"wordCount":313,"commentCount":0,"publisher":{"@id":"https:\/\/www.vivaeurovision.com\/#organization"},"image":{"@id":"https:\/\/www.vivaeurovision.com\/index.php\/2016\/03\/13\/1457-zaa-eurovision-serbia\/#primaryimage"},"thumbnailUrl":"https:\/\/www.vivaeurovision.com\/wp-content\/uploads\/2016\/03\/sanja-vu\u010di\u0107.jpg","keywords":["COME TOGETHER","ESC","Esc 2016","Estocolmo","Estocolmo 2016","Eurovision","Eurovisi\u00f3n 2016","Eurovision 2016 come together","Eurovision come together","eurovision serbia","eurovision serbia 2016","Noticia","Pedro Palomo","Pedro Palomo Eurovision","sandja Vucic","sanja vucic serbia eurovision","serbia eurovision","serbia eurovision 2016","stockholm 2016","stockholm 2016 come together","viva eurovision","vivaeurovision","zaa eurovision","zaa serbia eurovision 2016"],"articleSection":["Eurovisi\u00f3n 2016","Inicio","Noticias","Ultima Hora"],"inLanguage":"es","potentialAction":[{"@type":"CommentAction","name":"Comment","target":["https:\/\/www.vivaeurovision.com\/index.php\/2016\/03\/13\/1457-zaa-eurovision-serbia\/#respond"]}]},{"@type":"WebPage","@id":"https:\/\/www.vivaeurovision.com\/index.php\/2016\/03\/13\/1457-zaa-eurovision-serbia\/","url":"https:\/\/www.vivaeurovision.com\/index.php\/2016\/03\/13\/1457-zaa-eurovision-serbia\/","name":"EUROVISION SERBIA 2016: ESCUCHA \"GOODBYE\" - VIVAEUROVISION viva eurovision","isPartOf":{"@id":"https:\/\/www.vivaeurovision.com\/#website"},"primaryImageOfPage":{"@id":"https:\/\/www.vivaeurovision.com\/index.php\/2016\/03\/13\/1457-zaa-eurovision-serbia\/#primaryimage"},"image":{"@id":"https:\/\/www.vivaeurovision.com\/index.php\/2016\/03\/13\/1457-zaa-eurovision-serbia\/#primaryimage"},"thumbnailUrl":"https:\/\/www.vivaeurovision.com\/wp-content\/uploads\/2016\/03\/sanja-vu\u010di\u0107.jpg","datePublished":"2016-03-13T00:08:29+00:00","dateModified":"2016-03-13T00:44:57+00:00","description":"ZAA Eurovision Serbia","breadcrumb":{"@id":"https:\/\/www.vivaeurovision.com\/index.php\/2016\/03\/13\/1457-zaa-eurovision-serbia\/#breadcrumb"},"inLanguage":"es","potentialAction":[{"@type":"ReadAction","target":["https:\/\/www.vivaeurovision.com\/index.php\/2016\/03\/13\/1457-zaa-eurovision-serbia\/"]}]},{"@type":"ImageObject","inLanguage":"es","@id":"https:\/\/www.vivaeurovision.com\/index.php\/2016\/03\/13\/1457-zaa-eurovision-serbia\/#primaryimage","url":"https:\/\/www.vivaeurovision.com\/wp-content\/uploads\/2016\/03\/sanja-vu\u010di\u0107.jpg","contentUrl":"https:\/\/www.vivaeurovision.com\/wp-content\/uploads\/2016\/03\/sanja-vu\u010di\u0107.jpg","width":620,"height":348,"caption":"sanja vu\u010di\u0107"},{"@type":"BreadcrumbList","@id":"https:\/\/www.vivaeurovision.com\/index.php\/2016\/03\/13\/1457-zaa-eurovision-serbia\/#breadcrumb","itemListElement":[{"@type":"ListItem","position":1,"name":"Portada","item":"https:\/\/www.vivaeurovision.com\/"},{"@type":"ListItem","position":2,"name":"EUROVISION SERBIA 2016: ESCUCHA \u00abGOODBYE\u00bb"}]},{"@type":"WebSite","@id":"https:\/\/www.vivaeurovision.com\/#website","url":"https:\/\/www.vivaeurovision.com\/","name":"VIVAEUROVISION viva eurovision","description":"Tu portal sobre el Festival de Eurovision, eurovision, eurovisi\u00f3n","publisher":{"@id":"https:\/\/www.vivaeurovision.com\/#organization"},"potentialAction":[{"@type":"SearchAction","target":{"@type":"EntryPoint","urlTemplate":"https:\/\/www.vivaeurovision.com\/?s={search_term_string}"},"query-input":{"@type":"PropertyValueSpecification","valueRequired":true,"valueName":"search_term_string"}}],"inLanguage":"es"},{"@type":"Organization","@id":"https:\/\/www.vivaeurovision.com\/#organization","name":"vivaeurovision","url":"https:\/\/www.vivaeurovision.com\/","logo":{"@type":"ImageObject","inLanguage":"es","@id":"https:\/\/www.vivaeurovision.com\/#\/schema\/logo\/image\/","url":"https:\/\/www.vivaeurovision.com\/wp-content\/uploads\/2016\/01\/cropped-image-21-1.jpeg","contentUrl":"https:\/\/www.vivaeurovision.com\/wp-content\/uploads\/2016\/01\/cropped-image-21-1.jpeg","width":669,"height":368,"caption":"vivaeurovision"},"image":{"@id":"https:\/\/www.vivaeurovision.com\/#\/schema\/logo\/image\/"}},{"@type":"Person","@id":"https:\/\/www.vivaeurovision.com\/#\/schema\/person\/1d31fdaa3f5f7df556f73d164bd3c47a","name":"Pedro Palomo","image":{"@type":"ImageObject","inLanguage":"es","@id":"https:\/\/secure.gravatar.com\/avatar\/4cf9a4877f5f71f44fb7cedbe1bac1bd28bd8ce7a217517d98d5b2117f9f5505?s=96&d=mm&r=g","url":"https:\/\/secure.gravatar.com\/avatar\/4cf9a4877f5f71f44fb7cedbe1bac1bd28bd8ce7a217517d98d5b2117f9f5505?s=96&d=mm&r=g","contentUrl":"https:\/\/secure.gravatar.com\/avatar\/4cf9a4877f5f71f44fb7cedbe1bac1bd28bd8ce7a217517d98d5b2117f9f5505?s=96&d=mm&r=g","caption":"Pedro Palomo"},"sameAs":["http:\/\/www.vivaeurovision.com","@pedrobcn","https:\/\/x.com\/@pedropalomobcn"]}]}},"_links":{"self":[{"href":"https:\/\/www.vivaeurovision.com\/index.php\/wp-json\/wp\/v2\/posts\/1457","targetHints":{"allow":["GET"]}}],"collection":[{"href":"https:\/\/www.vivaeurovision.com\/index.php\/wp-json\/wp\/v2\/posts"}],"about":[{"href":"https:\/\/www.vivaeurovision.com\/index.php\/wp-json\/wp\/v2\/types\/post"}],"author":[{"embeddable":true,"href":"https:\/\/www.vivaeurovision.com\/index.php\/wp-json\/wp\/v2\/users\/1"}],"replies":[{"embeddable":true,"href":"https:\/\/www.vivaeurovision.com\/index.php\/wp-json\/wp\/v2\/comments?post=1457"}],"version-history":[{"count":0,"href":"https:\/\/www.vivaeurovision.com\/index.php\/wp-json\/wp\/v2\/posts\/1457\/revisions"}],"wp:featuredmedia":[{"embeddable":true,"href":"https:\/\/www.vivaeurovision.com\/index.php\/wp-json\/wp\/v2\/media\/1346"}],"wp:attachment":[{"href":"https:\/\/www.vivaeurovision.com\/index.php\/wp-json\/wp\/v2\/media?parent=1457"}],"wp:term":[{"taxonomy":"category","embeddable":true,"href":"https:\/\/www.vivaeurovision.com\/index.php\/wp-json\/wp\/v2\/categories?post=1457"},{"taxonomy":"post_tag","embeddable":true,"href":"https:\/\/www.vivaeurovision.com\/index.php\/wp-json\/wp\/v2\/tags?post=1457"}],"curies":[{"name":"wp","href":"https:\/\/api.w.org\/{rel}","templated":true}]}}