{"id":1495,"date":"2016-03-16T19:24:09","date_gmt":"2016-03-16T19:24:09","guid":{"rendered":"http:\/\/www.vivaeurovision.com\/?p=1495"},"modified":"2016-03-18T22:52:30","modified_gmt":"2016-03-18T22:52:30","slug":"museo-abba-eurovision","status":"publish","type":"post","link":"https:\/\/www.vivaeurovision.com\/index.php\/2016\/03\/16\/museo-abba-eurovision\/","title":{"rendered":"EL MUSEO ABBA DE ESTOCOLMO, EXPOSICION ESPECIAL EUROVISION EN MAYO"},"content":{"rendered":"<p><strong>EUROVISION COME TOGETHER 2016<\/strong><\/p>\n<p><span style=\"color: #ff0000;\">EL MUSEO ABBA DE ESTOCOLMO, TENDR\u00c1 EXPOSICION ESPECIAL EUROVISION EL MES DE MAYO<\/span><\/p>\n<div id=\"attachment_1496\" style=\"width: 224px\" class=\"wp-caption alignnone\"><img loading=\"lazy\" decoding=\"async\" aria-describedby=\"caption-attachment-1496\" class=\"size-medium wp-image-1496\" src=\"http:\/\/www.vivaeurovision.com\/wp-content\/uploads\/2016\/03\/Good_Evening_WEBB-1-214x300.jpg\" alt=\"vivaeurovision\" width=\"214\" height=\"300\" srcset=\"https:\/\/www.vivaeurovision.com\/wp-content\/uploads\/2016\/03\/Good_Evening_WEBB-1-214x300.jpg 214w, https:\/\/www.vivaeurovision.com\/wp-content\/uploads\/2016\/03\/Good_Evening_WEBB-1.jpg 600w\" sizes=\"auto, (max-width: 214px) 100vw, 214px\" \/><p id=\"caption-attachment-1496\" class=\"wp-caption-text\">Imagen Pop House Sweden<\/p><\/div>\n<p>El museo de Abba situado en la ciudad de Estocolmo, tendr\u00e1 durante todo el mes de mayo un exposici\u00f3n especial dedicada a los 60 a\u00f1os del Festival de Eurovisi\u00f3n, Bj\u00f6rn Ulvaeus integrante de Abba\u00a0y Jon Ola Sand supervisor ejecutivo del Festival de Eurovisi\u00f3n en la UER son los encargados de este proyecto que se inaugurar\u00e1 el pr\u00f3ximo\u00a08 de mayo.<\/p>\n<p>En el museo podremos ver un repaso de la historia del Festival de Eurovisi\u00f3n de forma digital desde el a\u00f1o 1956 con Lys Assia hasta el ultimo ganador del Festival de Eurovisi\u00f3n 2015, M\u00e4ns Zelmerl\u00f6w.<\/p>\n<p>Actuaciones, escenarios y una gran cantidad de situaciones que podr\u00e1n disfrutar todos los que acudan a la exposici\u00f3n, adem\u00e1s tendr\u00e1n un gran protagonismo los 6 ganadores Suecos, ABBA, Herreys, Carola, Charlotte Perrelli, Loreen y M\u00e4ns Zelmerl\u00f6w. Tambi\u00e9n estar\u00e1n expuestos algunos de los trajes originales que han llevado algunos de los participantes del Festival de Eurovisi\u00f3n.<\/p>\n<p>Sin duda alguna una gran cita para todos los seguidores que puedan acudir a la exposici\u00f3n y disfrutar de toda la historia del Festival de Eurovisi\u00f3n de una manera diferente y especial en <strong>GOOD EVENING EUROPE!<\/strong><\/p>\n<p>Bj\u00f6rn Ulvaeus\u00a0deja un mensaje para que todos podamos visitar esta exposici\u00f3n\u00a0especial.<br \/>\n<iframe loading=\"lazy\" src=\"https:\/\/www.youtube.com\/embed\/tpaaie7rzY4\" width=\"420\" height=\"315\" frameborder=\"0\" allowfullscreen=\"allowfullscreen\"><\/iframe><br \/>\nSi ten\u00e9is oportunidad no perderos este gran motivo para conocer m\u00e1s el Festival de Eurovisi\u00f3n, Estocolmo esta con todos los preparativos y ya comienzan a dar detalles de todas las sorpresas que habr\u00e1n en mayo.<\/p>\n<p>Fiestas, conciertos,\u00a0exposiciones y muchas cosas\u00a0m\u00e1s que la ciudad anfitriona esta trabajando ya en ello para que todo gire entorno a la gran celebraci\u00f3n del Festival de Eurovisi\u00f3n 2016.<\/p>\n<p><strong>EUROVISION COME TOGETHER\u00a0<\/strong><\/p>\n<p>&nbsp;<\/p>\n<p><img loading=\"lazy\" decoding=\"async\" class=\"alignnone size-medium wp-image-311\" src=\"http:\/\/www.vivaeurovision.com\/wp-content\/uploads\/2016\/01\/image-21-300x165.jpeg\" alt=\"VIVAEUROVISION.COM\" width=\"300\" height=\"165\" srcset=\"https:\/\/www.vivaeurovision.com\/wp-content\/uploads\/2016\/01\/image-21-300x165.jpeg 300w, https:\/\/www.vivaeurovision.com\/wp-content\/uploads\/2016\/01\/image-21-555x305.jpeg 555w, https:\/\/www.vivaeurovision.com\/wp-content\/uploads\/2016\/01\/image-21.jpeg 669w\" sizes=\"auto, (max-width: 300px) 100vw, 300px\" \/><\/p>\n<p>Twitter\u00a0<strong> <a href=\"https:\/\/twitter.com\/viva_eurovision\" target=\"_blank\"><span style=\"color: #0066cc;\">@viva_eurovision<\/span><\/a>\u00a0 <a href=\"https:\/\/www.facebook.com\/Vivaeurovisioncom-867806686671081\/?fref=nf\" target=\"_blank\"><span style=\"color: #0066cc;\">FACEBOOK OFICIAL VIVA EUROVISION <\/span><\/a><\/strong>Instragram <strong>\u00a0<\/strong><a href=\"https:\/\/www.instagram.com\/vivaeurovision\/\" target=\"_blank\"><strong>@vivaeurovision<\/strong><\/a><\/p>\n<p>Fuente : <strong>www.eurovision.tv<\/strong><\/p>\n<p>Imagen: \u00a9<strong>Pop House Sweden<\/strong><\/p>\n<p>Redactor: Pedro Palomo <a href=\"https:\/\/twitter.com\/pedropalomobcn?lang=es\"><strong><span style=\"color: #0066cc;\">@pedropalomobcn<\/span><\/strong><\/a><strong>\u00a0<\/strong>Instagram <a href=\"https:\/\/www.instagram.com\/pedrobcn\/\" target=\"_blank\"><strong>@pedrobcn<\/strong><\/a><\/p>\n","protected":false},"excerpt":{"rendered":"<p>EUROVISION COME TOGETHER 2016 EL MUSEO ABBA DE ESTOCOLMO, TENDR\u00c1 EXPOSICION ESPECIAL EUROVISION EL MES DE MAYO El museo de Abba situado en la ciudad de Estocolmo, tendr\u00e1 durante todo&#46;&#46;&#46;<\/p>\n","protected":false},"author":1,"featured_media":1497,"comment_status":"open","ping_status":"open","sticky":false,"template":"","format":"standard","meta":{"_exactmetrics_skip_tracking":false,"_exactmetrics_sitenote_active":false,"_exactmetrics_sitenote_note":"","_exactmetrics_sitenote_category":0,"footnotes":""},"categories":[7,4,3],"tags":[641,159,17,30,15,13,14,11,12,160,158,638,640,639,34,19,20,104,161,23,22],"class_list":["post-1495","post","type-post","status-publish","format-standard","has-post-thumbnail","hentry","category-eurovision-2016","category-eurovision","category-ultima-hora","tag-abba","tag-come-together","tag-esc","tag-esc-2016","tag-espana-eurovision-2016","tag-estocolmo","tag-estocolmo-2016","tag-eurovision","tag-eurovision-2016","tag-eurovision-2016-come-together","tag-eurovision-come-together","tag-good-evening-europe","tag-museo-abba","tag-museum-abba","tag-noticia","tag-pedro-palomo","tag-pedro-palomo-eurovision","tag-stockholm-2016","tag-stockholm-2016-come-together","tag-viva-eurovision","tag-vivaeurovision"],"yoast_head":"<!-- This site is optimized with the Yoast SEO plugin v27.5 - https:\/\/yoast.com\/product\/yoast-seo-wordpress\/ -->\n<title>EL MUSEO ABBA DE ESTOCOLMO, EXPOSICION ESPECIAL EUROVISION EN MAYO - VIVAEUROVISION viva eurovision<\/title>\n<meta name=\"description\" content=\"Eurovision, Eurovision 2016, Eurovisi\u00f3n 2016\" \/>\n<meta name=\"robots\" content=\"index, follow, max-snippet:-1, max-image-preview:large, max-video-preview:-1\" \/>\n<link rel=\"canonical\" href=\"https:\/\/www.vivaeurovision.com\/index.php\/2016\/03\/16\/museo-abba-eurovision\/\" \/>\n<meta property=\"og:locale\" content=\"es_ES\" \/>\n<meta property=\"og:type\" content=\"article\" \/>\n<meta property=\"og:title\" content=\"EL MUSEO ABBA DE ESTOCOLMO, EXPOSICION ESPECIAL EUROVISION EN MAYO - VIVAEUROVISION viva eurovision\" \/>\n<meta property=\"og:description\" content=\"Eurovision, Eurovision 2016, Eurovisi\u00f3n 2016\" \/>\n<meta property=\"og:url\" content=\"https:\/\/www.vivaeurovision.com\/index.php\/2016\/03\/16\/museo-abba-eurovision\/\" \/>\n<meta property=\"og:site_name\" content=\"VIVAEUROVISION viva eurovision\" \/>\n<meta property=\"article:published_time\" content=\"2016-03-16T19:24:09+00:00\" \/>\n<meta property=\"article:modified_time\" content=\"2016-03-18T22:52:30+00:00\" \/>\n<meta property=\"og:image\" content=\"https:\/\/www.vivaeurovision.com\/wp-content\/uploads\/2016\/03\/Sin-t\u00edtulo-2.jpg\" \/>\n\t<meta property=\"og:image:width\" content=\"700\" \/>\n\t<meta property=\"og:image:height\" content=\"400\" \/>\n\t<meta property=\"og:image:type\" content=\"image\/jpeg\" \/>\n<meta name=\"author\" content=\"Pedro Palomo\" \/>\n<meta name=\"twitter:card\" content=\"summary_large_image\" \/>\n<meta name=\"twitter:creator\" content=\"@pedropalomobcn\" \/>\n<meta name=\"twitter:label1\" content=\"Escrito por\" \/>\n\t<meta name=\"twitter:data1\" content=\"Pedro Palomo\" \/>\n\t<meta name=\"twitter:label2\" content=\"Tiempo de lectura\" \/>\n\t<meta name=\"twitter:data2\" content=\"2 minutos\" \/>\n<script type=\"application\/ld+json\" class=\"yoast-schema-graph\">{\"@context\":\"https:\\\/\\\/schema.org\",\"@graph\":[{\"@type\":\"Article\",\"@id\":\"https:\\\/\\\/www.vivaeurovision.com\\\/index.php\\\/2016\\\/03\\\/16\\\/museo-abba-eurovision\\\/#article\",\"isPartOf\":{\"@id\":\"https:\\\/\\\/www.vivaeurovision.com\\\/index.php\\\/2016\\\/03\\\/16\\\/museo-abba-eurovision\\\/\"},\"author\":{\"name\":\"Pedro Palomo\",\"@id\":\"https:\\\/\\\/www.vivaeurovision.com\\\/#\\\/schema\\\/person\\\/1d31fdaa3f5f7df556f73d164bd3c47a\"},\"headline\":\"EL MUSEO ABBA DE ESTOCOLMO, EXPOSICION ESPECIAL EUROVISION EN MAYO\",\"datePublished\":\"2016-03-16T19:24:09+00:00\",\"dateModified\":\"2016-03-18T22:52:30+00:00\",\"mainEntityOfPage\":{\"@id\":\"https:\\\/\\\/www.vivaeurovision.com\\\/index.php\\\/2016\\\/03\\\/16\\\/museo-abba-eurovision\\\/\"},\"wordCount\":354,\"commentCount\":0,\"publisher\":{\"@id\":\"https:\\\/\\\/www.vivaeurovision.com\\\/#organization\"},\"image\":{\"@id\":\"https:\\\/\\\/www.vivaeurovision.com\\\/index.php\\\/2016\\\/03\\\/16\\\/museo-abba-eurovision\\\/#primaryimage\"},\"thumbnailUrl\":\"https:\\\/\\\/www.vivaeurovision.com\\\/wp-content\\\/uploads\\\/2016\\\/03\\\/Sin-t\u00edtulo-2.jpg\",\"keywords\":[\"abba\",\"COME TOGETHER\",\"ESC\",\"Esc 2016\",\"Espa\u00f1a Eurovision 2016\",\"Estocolmo\",\"Estocolmo 2016\",\"Eurovision\",\"Eurovisi\u00f3n 2016\",\"Eurovision 2016 come together\",\"Eurovision come together\",\"good evening europe!\",\"museo abba\",\"museum abba\",\"Noticia\",\"Pedro Palomo\",\"Pedro Palomo Eurovision\",\"stockholm 2016\",\"stockholm 2016 come together\",\"viva eurovision\",\"vivaeurovision\"],\"articleSection\":[\"Eurovisi\u00f3n 2016\",\"Inicio\",\"Ultima Hora\"],\"inLanguage\":\"es\",\"potentialAction\":[{\"@type\":\"CommentAction\",\"name\":\"Comment\",\"target\":[\"https:\\\/\\\/www.vivaeurovision.com\\\/index.php\\\/2016\\\/03\\\/16\\\/museo-abba-eurovision\\\/#respond\"]}]},{\"@type\":\"WebPage\",\"@id\":\"https:\\\/\\\/www.vivaeurovision.com\\\/index.php\\\/2016\\\/03\\\/16\\\/museo-abba-eurovision\\\/\",\"url\":\"https:\\\/\\\/www.vivaeurovision.com\\\/index.php\\\/2016\\\/03\\\/16\\\/museo-abba-eurovision\\\/\",\"name\":\"EL MUSEO ABBA DE ESTOCOLMO, EXPOSICION ESPECIAL EUROVISION EN MAYO - VIVAEUROVISION viva eurovision\",\"isPartOf\":{\"@id\":\"https:\\\/\\\/www.vivaeurovision.com\\\/#website\"},\"primaryImageOfPage\":{\"@id\":\"https:\\\/\\\/www.vivaeurovision.com\\\/index.php\\\/2016\\\/03\\\/16\\\/museo-abba-eurovision\\\/#primaryimage\"},\"image\":{\"@id\":\"https:\\\/\\\/www.vivaeurovision.com\\\/index.php\\\/2016\\\/03\\\/16\\\/museo-abba-eurovision\\\/#primaryimage\"},\"thumbnailUrl\":\"https:\\\/\\\/www.vivaeurovision.com\\\/wp-content\\\/uploads\\\/2016\\\/03\\\/Sin-t\u00edtulo-2.jpg\",\"datePublished\":\"2016-03-16T19:24:09+00:00\",\"dateModified\":\"2016-03-18T22:52:30+00:00\",\"description\":\"Eurovision, Eurovision 2016, Eurovisi\u00f3n 2016\",\"breadcrumb\":{\"@id\":\"https:\\\/\\\/www.vivaeurovision.com\\\/index.php\\\/2016\\\/03\\\/16\\\/museo-abba-eurovision\\\/#breadcrumb\"},\"inLanguage\":\"es\",\"potentialAction\":[{\"@type\":\"ReadAction\",\"target\":[\"https:\\\/\\\/www.vivaeurovision.com\\\/index.php\\\/2016\\\/03\\\/16\\\/museo-abba-eurovision\\\/\"]}]},{\"@type\":\"ImageObject\",\"inLanguage\":\"es\",\"@id\":\"https:\\\/\\\/www.vivaeurovision.com\\\/index.php\\\/2016\\\/03\\\/16\\\/museo-abba-eurovision\\\/#primaryimage\",\"url\":\"https:\\\/\\\/www.vivaeurovision.com\\\/wp-content\\\/uploads\\\/2016\\\/03\\\/Sin-t\u00edtulo-2.jpg\",\"contentUrl\":\"https:\\\/\\\/www.vivaeurovision.com\\\/wp-content\\\/uploads\\\/2016\\\/03\\\/Sin-t\u00edtulo-2.jpg\",\"width\":700,\"height\":400},{\"@type\":\"BreadcrumbList\",\"@id\":\"https:\\\/\\\/www.vivaeurovision.com\\\/index.php\\\/2016\\\/03\\\/16\\\/museo-abba-eurovision\\\/#breadcrumb\",\"itemListElement\":[{\"@type\":\"ListItem\",\"position\":1,\"name\":\"Portada\",\"item\":\"https:\\\/\\\/www.vivaeurovision.com\\\/\"},{\"@type\":\"ListItem\",\"position\":2,\"name\":\"EL MUSEO ABBA DE ESTOCOLMO, EXPOSICION ESPECIAL EUROVISION EN MAYO\"}]},{\"@type\":\"WebSite\",\"@id\":\"https:\\\/\\\/www.vivaeurovision.com\\\/#website\",\"url\":\"https:\\\/\\\/www.vivaeurovision.com\\\/\",\"name\":\"VIVAEUROVISION viva eurovision\",\"description\":\"Tu portal sobre el Festival de Eurovision, eurovision, eurovisi\u00f3n\",\"publisher\":{\"@id\":\"https:\\\/\\\/www.vivaeurovision.com\\\/#organization\"},\"potentialAction\":[{\"@type\":\"SearchAction\",\"target\":{\"@type\":\"EntryPoint\",\"urlTemplate\":\"https:\\\/\\\/www.vivaeurovision.com\\\/?s={search_term_string}\"},\"query-input\":{\"@type\":\"PropertyValueSpecification\",\"valueRequired\":true,\"valueName\":\"search_term_string\"}}],\"inLanguage\":\"es\"},{\"@type\":\"Organization\",\"@id\":\"https:\\\/\\\/www.vivaeurovision.com\\\/#organization\",\"name\":\"vivaeurovision\",\"url\":\"https:\\\/\\\/www.vivaeurovision.com\\\/\",\"logo\":{\"@type\":\"ImageObject\",\"inLanguage\":\"es\",\"@id\":\"https:\\\/\\\/www.vivaeurovision.com\\\/#\\\/schema\\\/logo\\\/image\\\/\",\"url\":\"https:\\\/\\\/www.vivaeurovision.com\\\/wp-content\\\/uploads\\\/2016\\\/01\\\/cropped-image-21-1.jpeg\",\"contentUrl\":\"https:\\\/\\\/www.vivaeurovision.com\\\/wp-content\\\/uploads\\\/2016\\\/01\\\/cropped-image-21-1.jpeg\",\"width\":669,\"height\":368,\"caption\":\"vivaeurovision\"},\"image\":{\"@id\":\"https:\\\/\\\/www.vivaeurovision.com\\\/#\\\/schema\\\/logo\\\/image\\\/\"}},{\"@type\":\"Person\",\"@id\":\"https:\\\/\\\/www.vivaeurovision.com\\\/#\\\/schema\\\/person\\\/1d31fdaa3f5f7df556f73d164bd3c47a\",\"name\":\"Pedro Palomo\",\"image\":{\"@type\":\"ImageObject\",\"inLanguage\":\"es\",\"@id\":\"https:\\\/\\\/secure.gravatar.com\\\/avatar\\\/4cf9a4877f5f71f44fb7cedbe1bac1bd28bd8ce7a217517d98d5b2117f9f5505?s=96&d=mm&r=g\",\"url\":\"https:\\\/\\\/secure.gravatar.com\\\/avatar\\\/4cf9a4877f5f71f44fb7cedbe1bac1bd28bd8ce7a217517d98d5b2117f9f5505?s=96&d=mm&r=g\",\"contentUrl\":\"https:\\\/\\\/secure.gravatar.com\\\/avatar\\\/4cf9a4877f5f71f44fb7cedbe1bac1bd28bd8ce7a217517d98d5b2117f9f5505?s=96&d=mm&r=g\",\"caption\":\"Pedro Palomo\"},\"sameAs\":[\"http:\\\/\\\/www.vivaeurovision.com\",\"@pedrobcn\",\"https:\\\/\\\/x.com\\\/@pedropalomobcn\"]}]}<\/script>\n<!-- \/ Yoast SEO plugin. -->","yoast_head_json":{"title":"EL MUSEO ABBA DE ESTOCOLMO, EXPOSICION ESPECIAL EUROVISION EN MAYO - VIVAEUROVISION viva eurovision","description":"Eurovision, Eurovision 2016, Eurovisi\u00f3n 2016","robots":{"index":"index","follow":"follow","max-snippet":"max-snippet:-1","max-image-preview":"max-image-preview:large","max-video-preview":"max-video-preview:-1"},"canonical":"https:\/\/www.vivaeurovision.com\/index.php\/2016\/03\/16\/museo-abba-eurovision\/","og_locale":"es_ES","og_type":"article","og_title":"EL MUSEO ABBA DE ESTOCOLMO, EXPOSICION ESPECIAL EUROVISION EN MAYO - VIVAEUROVISION viva eurovision","og_description":"Eurovision, Eurovision 2016, Eurovisi\u00f3n 2016","og_url":"https:\/\/www.vivaeurovision.com\/index.php\/2016\/03\/16\/museo-abba-eurovision\/","og_site_name":"VIVAEUROVISION viva eurovision","article_published_time":"2016-03-16T19:24:09+00:00","article_modified_time":"2016-03-18T22:52:30+00:00","og_image":[{"width":700,"height":400,"url":"https:\/\/www.vivaeurovision.com\/wp-content\/uploads\/2016\/03\/Sin-t\u00edtulo-2.jpg","type":"image\/jpeg"}],"author":"Pedro Palomo","twitter_card":"summary_large_image","twitter_creator":"@pedropalomobcn","twitter_misc":{"Escrito por":"Pedro Palomo","Tiempo de lectura":"2 minutos"},"schema":{"@context":"https:\/\/schema.org","@graph":[{"@type":"Article","@id":"https:\/\/www.vivaeurovision.com\/index.php\/2016\/03\/16\/museo-abba-eurovision\/#article","isPartOf":{"@id":"https:\/\/www.vivaeurovision.com\/index.php\/2016\/03\/16\/museo-abba-eurovision\/"},"author":{"name":"Pedro Palomo","@id":"https:\/\/www.vivaeurovision.com\/#\/schema\/person\/1d31fdaa3f5f7df556f73d164bd3c47a"},"headline":"EL MUSEO ABBA DE ESTOCOLMO, EXPOSICION ESPECIAL EUROVISION EN MAYO","datePublished":"2016-03-16T19:24:09+00:00","dateModified":"2016-03-18T22:52:30+00:00","mainEntityOfPage":{"@id":"https:\/\/www.vivaeurovision.com\/index.php\/2016\/03\/16\/museo-abba-eurovision\/"},"wordCount":354,"commentCount":0,"publisher":{"@id":"https:\/\/www.vivaeurovision.com\/#organization"},"image":{"@id":"https:\/\/www.vivaeurovision.com\/index.php\/2016\/03\/16\/museo-abba-eurovision\/#primaryimage"},"thumbnailUrl":"https:\/\/www.vivaeurovision.com\/wp-content\/uploads\/2016\/03\/Sin-t\u00edtulo-2.jpg","keywords":["abba","COME TOGETHER","ESC","Esc 2016","Espa\u00f1a Eurovision 2016","Estocolmo","Estocolmo 2016","Eurovision","Eurovisi\u00f3n 2016","Eurovision 2016 come together","Eurovision come together","good evening europe!","museo abba","museum abba","Noticia","Pedro Palomo","Pedro Palomo Eurovision","stockholm 2016","stockholm 2016 come together","viva eurovision","vivaeurovision"],"articleSection":["Eurovisi\u00f3n 2016","Inicio","Ultima Hora"],"inLanguage":"es","potentialAction":[{"@type":"CommentAction","name":"Comment","target":["https:\/\/www.vivaeurovision.com\/index.php\/2016\/03\/16\/museo-abba-eurovision\/#respond"]}]},{"@type":"WebPage","@id":"https:\/\/www.vivaeurovision.com\/index.php\/2016\/03\/16\/museo-abba-eurovision\/","url":"https:\/\/www.vivaeurovision.com\/index.php\/2016\/03\/16\/museo-abba-eurovision\/","name":"EL MUSEO ABBA DE ESTOCOLMO, EXPOSICION ESPECIAL EUROVISION EN MAYO - VIVAEUROVISION viva eurovision","isPartOf":{"@id":"https:\/\/www.vivaeurovision.com\/#website"},"primaryImageOfPage":{"@id":"https:\/\/www.vivaeurovision.com\/index.php\/2016\/03\/16\/museo-abba-eurovision\/#primaryimage"},"image":{"@id":"https:\/\/www.vivaeurovision.com\/index.php\/2016\/03\/16\/museo-abba-eurovision\/#primaryimage"},"thumbnailUrl":"https:\/\/www.vivaeurovision.com\/wp-content\/uploads\/2016\/03\/Sin-t\u00edtulo-2.jpg","datePublished":"2016-03-16T19:24:09+00:00","dateModified":"2016-03-18T22:52:30+00:00","description":"Eurovision, Eurovision 2016, Eurovisi\u00f3n 2016","breadcrumb":{"@id":"https:\/\/www.vivaeurovision.com\/index.php\/2016\/03\/16\/museo-abba-eurovision\/#breadcrumb"},"inLanguage":"es","potentialAction":[{"@type":"ReadAction","target":["https:\/\/www.vivaeurovision.com\/index.php\/2016\/03\/16\/museo-abba-eurovision\/"]}]},{"@type":"ImageObject","inLanguage":"es","@id":"https:\/\/www.vivaeurovision.com\/index.php\/2016\/03\/16\/museo-abba-eurovision\/#primaryimage","url":"https:\/\/www.vivaeurovision.com\/wp-content\/uploads\/2016\/03\/Sin-t\u00edtulo-2.jpg","contentUrl":"https:\/\/www.vivaeurovision.com\/wp-content\/uploads\/2016\/03\/Sin-t\u00edtulo-2.jpg","width":700,"height":400},{"@type":"BreadcrumbList","@id":"https:\/\/www.vivaeurovision.com\/index.php\/2016\/03\/16\/museo-abba-eurovision\/#breadcrumb","itemListElement":[{"@type":"ListItem","position":1,"name":"Portada","item":"https:\/\/www.vivaeurovision.com\/"},{"@type":"ListItem","position":2,"name":"EL MUSEO ABBA DE ESTOCOLMO, EXPOSICION ESPECIAL EUROVISION EN MAYO"}]},{"@type":"WebSite","@id":"https:\/\/www.vivaeurovision.com\/#website","url":"https:\/\/www.vivaeurovision.com\/","name":"VIVAEUROVISION viva eurovision","description":"Tu portal sobre el Festival de Eurovision, eurovision, eurovisi\u00f3n","publisher":{"@id":"https:\/\/www.vivaeurovision.com\/#organization"},"potentialAction":[{"@type":"SearchAction","target":{"@type":"EntryPoint","urlTemplate":"https:\/\/www.vivaeurovision.com\/?s={search_term_string}"},"query-input":{"@type":"PropertyValueSpecification","valueRequired":true,"valueName":"search_term_string"}}],"inLanguage":"es"},{"@type":"Organization","@id":"https:\/\/www.vivaeurovision.com\/#organization","name":"vivaeurovision","url":"https:\/\/www.vivaeurovision.com\/","logo":{"@type":"ImageObject","inLanguage":"es","@id":"https:\/\/www.vivaeurovision.com\/#\/schema\/logo\/image\/","url":"https:\/\/www.vivaeurovision.com\/wp-content\/uploads\/2016\/01\/cropped-image-21-1.jpeg","contentUrl":"https:\/\/www.vivaeurovision.com\/wp-content\/uploads\/2016\/01\/cropped-image-21-1.jpeg","width":669,"height":368,"caption":"vivaeurovision"},"image":{"@id":"https:\/\/www.vivaeurovision.com\/#\/schema\/logo\/image\/"}},{"@type":"Person","@id":"https:\/\/www.vivaeurovision.com\/#\/schema\/person\/1d31fdaa3f5f7df556f73d164bd3c47a","name":"Pedro Palomo","image":{"@type":"ImageObject","inLanguage":"es","@id":"https:\/\/secure.gravatar.com\/avatar\/4cf9a4877f5f71f44fb7cedbe1bac1bd28bd8ce7a217517d98d5b2117f9f5505?s=96&d=mm&r=g","url":"https:\/\/secure.gravatar.com\/avatar\/4cf9a4877f5f71f44fb7cedbe1bac1bd28bd8ce7a217517d98d5b2117f9f5505?s=96&d=mm&r=g","contentUrl":"https:\/\/secure.gravatar.com\/avatar\/4cf9a4877f5f71f44fb7cedbe1bac1bd28bd8ce7a217517d98d5b2117f9f5505?s=96&d=mm&r=g","caption":"Pedro Palomo"},"sameAs":["http:\/\/www.vivaeurovision.com","@pedrobcn","https:\/\/x.com\/@pedropalomobcn"]}]}},"_links":{"self":[{"href":"https:\/\/www.vivaeurovision.com\/index.php\/wp-json\/wp\/v2\/posts\/1495","targetHints":{"allow":["GET"]}}],"collection":[{"href":"https:\/\/www.vivaeurovision.com\/index.php\/wp-json\/wp\/v2\/posts"}],"about":[{"href":"https:\/\/www.vivaeurovision.com\/index.php\/wp-json\/wp\/v2\/types\/post"}],"author":[{"embeddable":true,"href":"https:\/\/www.vivaeurovision.com\/index.php\/wp-json\/wp\/v2\/users\/1"}],"replies":[{"embeddable":true,"href":"https:\/\/www.vivaeurovision.com\/index.php\/wp-json\/wp\/v2\/comments?post=1495"}],"version-history":[{"count":0,"href":"https:\/\/www.vivaeurovision.com\/index.php\/wp-json\/wp\/v2\/posts\/1495\/revisions"}],"wp:featuredmedia":[{"embeddable":true,"href":"https:\/\/www.vivaeurovision.com\/index.php\/wp-json\/wp\/v2\/media\/1497"}],"wp:attachment":[{"href":"https:\/\/www.vivaeurovision.com\/index.php\/wp-json\/wp\/v2\/media?parent=1495"}],"wp:term":[{"taxonomy":"category","embeddable":true,"href":"https:\/\/www.vivaeurovision.com\/index.php\/wp-json\/wp\/v2\/categories?post=1495"},{"taxonomy":"post_tag","embeddable":true,"href":"https:\/\/www.vivaeurovision.com\/index.php\/wp-json\/wp\/v2\/tags?post=1495"}],"curies":[{"name":"wp","href":"https:\/\/api.w.org\/{rel}","templated":true}]}}