{"id":14973,"date":"2026-04-28T20:43:52","date_gmt":"2026-04-28T20:43:52","guid":{"rendered":"https:\/\/www.vivaeurovision.com\/?p=14973"},"modified":"2026-04-28T20:43:54","modified_gmt":"2026-04-28T20:43:54","slug":"14973-despierto-amandote","status":"publish","type":"post","link":"https:\/\/www.vivaeurovision.com\/index.php\/2026\/04\/28\/14973-despierto-amandote\/","title":{"rendered":"\u201cDespierto Am\u00e1ndote\u201d de Miranda, sinton\u00eda de la Vuelta 2026"},"content":{"rendered":"\n<div class=\"s15\"><span class=\"s13\"><span class=\"bumpedFont15\">RTVE <\/span><\/span><span class=\"s13\"><span class=\"bumpedFont15\">y La Vuelta han desvelado <\/span><\/span><span class=\"s13\"><span class=\"bumpedFont15\">la canci\u00f3n que ser\u00e1 la sint<\/span><\/span><span class=\"s13\"><span class=\"bumpedFont15\">on\u00ed<\/span><\/span><span class=\"s13\"><span class=\"bumpedFont15\">a oficial de la pr\u00f3xima edici\u00f3n de la ronda espa\u00f1ola<\/span><\/span><span class=\"s13\"><span class=\"bumpedFont15\">. <\/span><\/span><span class=\"s13\"><span class=\"bumpedFont15\">\u2018<\/span><\/span><a href=\"https:\/\/www.rtve.es\/play\/videos\/benidorm-fest\/actuacion-final-miranda-bailamama-despierto-amandote\/16936768\/\"><span class=\"s14\"><span class=\"bumpedFont15\">Despierto <\/span><\/span><span class=\"s14\"><span class=\"bumpedFont15\">A<\/span><\/span><span class=\"s14\"><span class=\"bumpedFont15\">m\u00e1ndote<\/span><\/span><span class=\"s14\"><span class=\"bumpedFont15\">\u2019<\/span><\/span><span class=\"s14\"><span class=\"bumpedFont15\">, <\/span><\/span><span class=\"s14\"><span class=\"bumpedFont15\">de Miranda<\/span><\/span><\/a><span class=\"s13\"><span class=\"bumpedFont15\">!<\/span><\/span> <span class=\"s13\"><span class=\"bumpedFont15\">acompa\u00f1ar\u00e1<\/span><\/span><span class=\"s13\"><span class=\"bumpedFont15\"> a deportistas y a la audiencia, desde <\/span><\/span><span class=\"s13\"><span class=\"bumpedFont15\">l<\/span><\/span><span class=\"s13\"><span class=\"bumpedFont15\">a salida <\/span><\/span><span class=\"s13\"><span class=\"bumpedFont15\">en<\/span><\/span> <span class=\"s13\"><span class=\"bumpedFont15\">M\u00f3naco<\/span><\/span> <span class=\"s13\"><span class=\"bumpedFont15\">el <\/span><\/span><span class=\"s13\"><span class=\"bumpedFont15\">22 <\/span><\/span><span class=\"s13\"><span class=\"bumpedFont15\">de agosto, hasta<\/span><\/span> <span class=\"s13\"><span class=\"bumpedFont15\">la \u00faltima <\/span><\/span><span class=\"s13\"><span class=\"bumpedFont15\">etapa<\/span><\/span><span class=\"s13\"><span class=\"bumpedFont15\"> en <\/span><\/span><span class=\"s13\"><span class=\"bumpedFont15\">Granada<\/span><\/span><span class=\"s13\"><span class=\"bumpedFont15\"> el <\/span><\/span><span class=\"s13\"><span class=\"bumpedFont15\">13<\/span><\/span><span class=\"s13\"><span class=\"bumpedFont15\"> d<\/span><\/span><span class=\"s13\"><span class=\"bumpedFont15\">e septiembre. <\/span><\/span><\/div>\n<div class=\"s15\"><span class=\"s13\"><span class=\"bumpedFont15\">La <\/span><\/span><span class=\"s13\"><span class=\"bumpedFont15\">noticia se <\/span><\/span><span class=\"s13\"><span class=\"bumpedFont15\">ha dado <\/span><\/span><span class=\"s13\"><span class=\"bumpedFont15\">a conocer <\/span><\/span><span class=\"s13\"><span class=\"bumpedFont15\">en <\/span><\/span><span class=\"s13\"><span class=\"bumpedFont15\">un acto <\/span><\/span><span class=\"s13\"><span class=\"bumpedFont15\">celebrado en Torr<\/span><\/span><span class=\"s13\"><span class=\"bumpedFont15\">espa<\/span><\/span><span class=\"s13\"><span class=\"bumpedFont15\">\u00f1a y <\/span><\/span><span class=\"s13\"><span class=\"bumpedFont15\">conducido<\/span><\/span><span class=\"s13\"><span class=\"bumpedFont15\"> por <\/span><\/span><span class=\"s13\"><span class=\"bumpedFont15\">la<\/span><\/span> <span class=\"s13\"><span class=\"bumpedFont15\">d<\/span><\/span><span class=\"s13\"><span class=\"bumpedFont15\">irectora de Comun<\/span><\/span><span class=\"s13\"><span class=\"bumpedFont15\">icaci\u00f3n y Parti<\/span><\/span><span class=\"s13\"><span class=\"bumpedFont15\">cipaci\u00f3n de RTVE<\/span><\/span><span class=\"s16\"><span class=\"bumpedFont15\">, <\/span><\/span><span class=\"s16\"><span class=\"bumpedFont15\">Mar\u00eda Eizaguirre<\/span><\/span><span class=\"s13\"><span class=\"bumpedFont15\"> e<\/span><\/span><span class=\"s13\"><span class=\"bumpedFont15\">n el que han participado <\/span><\/span><span class=\"s16\"><span class=\"bumpedFont15\">Rosana Romero<\/span><\/span><span class=\"s13\"><span class=\"bumpedFont15\">,<\/span><\/span> <span class=\"s13\"><span class=\"bumpedFont15\">d<\/span><\/span><span class=\"s13\"><span class=\"bumpedFont15\">irectora <\/span><\/span><span class=\"s13\"><span class=\"bumpedFont15\">de <\/span><\/span><span class=\"s13\"><span class=\"bumpedFont15\">D<\/span><\/span><span class=\"s13\"><span class=\"bumpedFont15\">eportes de RTVE<\/span><\/span><span class=\"s13\"><span class=\"bumpedFont15\">;<\/span><\/span> <span class=\"s16\"><span class=\"bumpedFont15\">Charles Ojalvo<\/span><\/span><span class=\"s13\"><span class=\"bumpedFont15\">, <\/span><\/span><span class=\"s13\"><span class=\"bumpedFont15\">s<\/span><\/span><span class=\"s13\"><span class=\"bumpedFont15\">u<\/span><\/span><span class=\"s13\"><span class=\"bumpedFont15\">bdirector <\/span><\/span><span class=\"s13\"><span class=\"bumpedFont15\">general <\/span><\/span><span class=\"s13\"><span class=\"bumpedFont15\">de<\/span><\/span> <span class=\"s13\"><span class=\"bumpedFont15\">Unipu<\/span><\/span><span class=\"s13\"><span class=\"bumpedFont15\">blic<\/span><\/span><span class=\"s13\"><span class=\"bumpedFont15\">;<\/span><\/span><span class=\"s13\"><span class=\"bumpedFont15\"> y <\/span><\/span><span class=\"s16\"><span class=\"bumpedFont15\">Ale Sergi<\/span><\/span><span class=\"s13\"><span class=\"bumpedFont15\"> y <\/span><\/span><span class=\"s16\"><span class=\"bumpedFont15\">Juliana Gattas<\/span><\/span><span class=\"s13\"><span class=\"bumpedFont15\">,<\/span><\/span> <span class=\"s13\"><span class=\"bumpedFont15\">integrantes <\/span><\/span><span class=\"s13\"><span class=\"bumpedFont15\">de<\/span><\/span> <span class=\"s13\"><span class=\"bumpedFont15\">Miranda!<\/span><\/span><\/div>\n<div class=\"s18\"><span class=\"s17\"><span class=\"bumpedFont15\">\u2018<\/span><\/span><span class=\"s17\"><span class=\"bumpedFont15\">Des<\/span><\/span><span class=\"s17\"><span class=\"bumpedFont15\">pier<\/span><\/span><span class=\"s17\"><span class=\"bumpedFont15\">to Am\u00e1ndote<\/span><\/span><span class=\"s17\"><span class=\"bumpedFont15\">\u2019<\/span><\/span><\/div>\n<div class=\"s15\"><span class=\"s13\"><span class=\"bumpedFont15\">L<\/span><\/span><span class=\"s13\"><span class=\"bumpedFont15\">a propuesta de Miran<\/span><\/span><span class=\"s13\"><span class=\"bumpedFont15\">da!<\/span><\/span> <span class=\"s13\"><span class=\"bumpedFont15\">lleg\u00f3 a <\/span><\/span><span class=\"s13\"><span class=\"bumpedFont15\">la final del Benidorm Fest 2026<\/span><\/span><span class=\"s13\"><span class=\"bumpedFont15\">, donde lo<\/span><\/span><span class=\"s13\"><span class=\"bumpedFont15\">gr\u00f3 la qui<\/span><\/span><span class=\"s13\"><span class=\"bumpedFont15\">nta posici\u00f3n: <\/span><\/span><span class=\"s13\"><span class=\"bumpedFont15\">\u201c<\/span><\/span><span class=\"s13\"><span class=\"bumpedFont15\">Qu\u00e9 capsula en el tiempo el Benidorm Fest<\/span><\/span><span class=\"s13\"><span class=\"bumpedFont15\">,<\/span><\/span> <span class=\"s13\"><span class=\"bumpedFont15\">p<\/span><\/span><span class=\"s13\"><span class=\"bumpedFont15\">arece que fue ayer<\/span><\/span><span class=\"s13\"><span class=\"bumpedFont15\">\u201d<\/span><\/span><span class=\"s13\"><span class=\"bumpedFont15\">, <\/span><\/span><span class=\"s13\"><span class=\"bumpedFont15\">ha recordad<\/span><\/span><span class=\"s13\"><span class=\"bumpedFont15\">o<\/span><\/span> <span class=\"s16\"><span class=\"bumpedFont15\">Ju<\/span><\/span><span class=\"s16\"><span class=\"bumpedFont15\">l<\/span><\/span><span class=\"s16\"><span class=\"bumpedFont15\">iana Gattas<\/span><\/span><span class=\"s13\"><span class=\"bumpedFont15\">. Su compa\u00f1ero, <\/span><\/span><span class=\"s16\"><span class=\"bumpedFont15\">Ale Sergi<\/span><\/span><span class=\"s13\"><span class=\"bumpedFont15\">, <\/span><\/span><span class=\"s13\"><span class=\"bumpedFont15\">se <\/span><\/span><span class=\"s13\"><span class=\"bumpedFont15\">ha mostrado<\/span><\/span><span class=\"s13\"><span class=\"bumpedFont15\"> satisfe<\/span><\/span><span class=\"s13\"><span class=\"bumpedFont15\">cho<\/span><\/span><span class=\"s13\"><span class=\"bumpedFont15\"> con<\/span><\/span><span class=\"s13\"><span class=\"bumpedFont15\"> que el tema <\/span><\/span><span class=\"s13\"><span class=\"bumpedFont15\">pueda gozar de <\/span><\/span><span class=\"s13\"><span class=\"bumpedFont15\">una segunda vida<\/span><\/span><span class=\"s13\"><span class=\"bumpedFont15\">:<\/span><\/span> <span class=\"s13\"><span class=\"bumpedFont15\">\u201cE<\/span><\/span><span class=\"s13\"><span class=\"bumpedFont15\">stamos contentos porque ya son\u00f3 en el <\/span><\/span><span class=\"s13\"><span class=\"bumpedFont15\">festival<\/span><\/span><span class=\"s13\"><span class=\"bumpedFont15\">,<\/span><\/span><span class=\"s13\"><span class=\"bumpedFont15\"> pero con esta oportunidad<\/span><\/span><span class=\"s13\"><span class=\"bumpedFont15\">,<\/span><\/span><span class=\"s13\"><span class=\"bumpedFont15\"> mucha gente la <\/span><\/span><span class=\"s13\"><span class=\"bumpedFont15\">va a conocer y otros la van a reescuchar. Yo n<\/span><\/span><span class=\"s13\"><span class=\"bumpedFont15\">o me imagino pedaleando al ritmo<\/span><\/span><span class=\"s13\"><span class=\"bumpedFont15\">,<\/span><\/span><span class=\"s13\"><span class=\"bumpedFont15\"> pero s\u00ed a ellos peda<\/span><\/span><span class=\"s13\"><span class=\"bumpedFont15\">leando con la m\u00fasica<\/span><\/span><span class=\"s13\"><span class=\"bumpedFont15\">\u201d, ha explicado <\/span><\/span><span class=\"s16\"><span class=\"bumpedFont15\">Ale <\/span><\/span><span class=\"s16\"><span class=\"bumpedFont15\">Se<\/span><\/span><span class=\"s16\"><span class=\"bumpedFont15\">rgi<\/span><\/span><span class=\"s13\"><span class=\"bumpedFont15\">,<\/span><\/span> <span class=\"s13\"><span class=\"bumpedFont15\">compositor<\/span><\/span> <span class=\"s13\"><span class=\"bumpedFont15\">d<\/span><\/span><span class=\"s13\"><span class=\"bumpedFont15\">el tema<\/span><\/span><span class=\"s13\"><span class=\"bumpedFont15\"> junto a<\/span><\/span> <span class=\"s16\"><span class=\"bumpedFont15\">Gerardo L\u00f3pez<\/span><\/span><span class=\"s13\"><span class=\"bumpedFont15\">,<\/span><\/span> <span class=\"s16\"><span class=\"bumpedFont15\">Von Linden<\/span><\/span><span class=\"s13\"><span class=\"bumpedFont15\"> y <\/span><\/span><span class=\"s16\"><span class=\"bumpedFont15\">Diego Rom\u00e1n Gutman Goldfinger<\/span><\/span><span class=\"s13\"><span class=\"bumpedFont15\">.<\/span><\/span><\/div>\n<div><img loading=\"lazy\" decoding=\"async\" class=\"alignnone size-medium wp-image-15002\" src=\"https:\/\/www.vivaeurovision.com\/wp-content\/uploads\/2026\/02\/Presentacion-sintonia-La-Vuelta-26-2-300x200.jpeg\" alt=\"\" width=\"300\" height=\"200\" srcset=\"https:\/\/www.vivaeurovision.com\/wp-content\/uploads\/2026\/02\/Presentacion-sintonia-La-Vuelta-26-2-300x200.jpeg 300w, https:\/\/www.vivaeurovision.com\/wp-content\/uploads\/2026\/02\/Presentacion-sintonia-La-Vuelta-26-2-700x467.jpeg 700w, https:\/\/www.vivaeurovision.com\/wp-content\/uploads\/2026\/02\/Presentacion-sintonia-La-Vuelta-26-2-1536x1024.jpeg 1536w, https:\/\/www.vivaeurovision.com\/wp-content\/uploads\/2026\/02\/Presentacion-sintonia-La-Vuelta-26-2.jpeg 1772w\" sizes=\"auto, (max-width: 300px) 100vw, 300px\" \/> <img loading=\"lazy\" decoding=\"async\" class=\"alignnone size-medium wp-image-15003\" src=\"https:\/\/www.vivaeurovision.com\/wp-content\/uploads\/2026\/02\/Presentacion-sintonia-La-Vuelta-26-3-300x200.jpeg\" alt=\"\" width=\"300\" height=\"200\" srcset=\"https:\/\/www.vivaeurovision.com\/wp-content\/uploads\/2026\/02\/Presentacion-sintonia-La-Vuelta-26-3-300x200.jpeg 300w, https:\/\/www.vivaeurovision.com\/wp-content\/uploads\/2026\/02\/Presentacion-sintonia-La-Vuelta-26-3-700x467.jpeg 700w, https:\/\/www.vivaeurovision.com\/wp-content\/uploads\/2026\/02\/Presentacion-sintonia-La-Vuelta-26-3-1536x1024.jpeg 1536w, https:\/\/www.vivaeurovision.com\/wp-content\/uploads\/2026\/02\/Presentacion-sintonia-La-Vuelta-26-3.jpeg 1772w\" sizes=\"auto, (max-width: 300px) 100vw, 300px\" \/><\/div>\n<div>\u00a0<\/div>\n<div>\u00a0<\/div>\n<div class=\"s15\"><span class=\"s13\"><span class=\"bumpedFont15\">\u2018<\/span><\/span><span class=\"s13\"><span class=\"bumpedFont15\">Despierto <\/span><\/span><span class=\"s13\"><span class=\"bumpedFont15\">Am\u00e1ndote<\/span><\/span><span class=\"s13\"><span class=\"bumpedFont15\">\u2019<\/span><\/span><span class=\"s13\"><span class=\"bumpedFont15\"> es un<\/span><\/span><span class=\"s13\"><span class=\"bumpedFont15\">a <\/span><\/span><span class=\"s13\"><span class=\"bumpedFont15\">canci\u00f3n<\/span><\/span> <span class=\"s13\"><span class=\"bumpedFont15\">con tintes ochenteros y <\/span><\/span><span class=\"s19\"><span class=\"bumpedFont15\">synth po<\/span><\/span><span class=\"s19\"><span class=\"bumpedFont15\">p<\/span><\/span> <span class=\"s13\"><span class=\"bumpedFont15\">que habla de <\/span><\/span><span class=\"s13\"><span class=\"bumpedFont15\">disfrut<\/span><\/span><span class=\"s13\"><span class=\"bumpedFont15\">ar<\/span><\/span> <span class=\"s13\"><span class=\"bumpedFont15\">la vida y el amor<\/span><\/span><span class=\"s13\"><span class=\"bumpedFont15\"> con intensidad<\/span><\/span> <span class=\"s13\"><span class=\"bumpedFont15\">y color,<\/span><\/span><span class=\"s13\"><span class=\"bumpedFont15\"> sin preju<\/span><\/span><span class=\"s13\"><span class=\"bumpedFont15\">i<\/span><\/span><span class=\"s13\"><span class=\"bumpedFont15\">cios ni <\/span><\/span><span class=\"s13\"><span class=\"bumpedFont15\">verg\u00fcenzas<\/span><\/span><span class=\"s13\"><span class=\"bumpedFont15\">, y que sus <\/span><\/span><span class=\"s13\"><span class=\"bumpedFont15\">int\u00e9rpretes defienden<\/span><\/span><span class=\"s13\"><span class=\"bumpedFont15\">, <\/span><\/span><span class=\"s13\"><span class=\"bumpedFont15\">en pa<\/span><\/span><span class=\"s13\"><span class=\"bumpedFont15\">labras de<\/span><\/span> <span class=\"s16\"><span class=\"bumpedFont15\">Mar\u00eda Eizaguirre<\/span><\/span><span class=\"s13\"><span class=\"bumpedFont15\">,<\/span><\/span><span class=\"s13\"><span class=\"bumpedFont15\">\u201c<\/span><\/span><span class=\"s13\"><span class=\"bumpedFont15\">co<\/span><\/span><span class=\"s13\"><span class=\"bumpedFont15\">mo solo saben hacer ellos, con humor y mucha iro<\/span><\/span><span class=\"s13\"><span class=\"bumpedFont15\">n<\/span><\/span><span class=\"s13\"><span class=\"bumpedFont15\">\u00eda<\/span><\/span><span class=\"s13\"><span class=\"bumpedFont15\">\u201d<\/span><\/span><span class=\"s13\"><span class=\"bumpedFont15\">. <\/span><\/span><\/div>\n<div class=\"s15\"><span class=\"s13\"><span class=\"bumpedFont15\">Seg\u00fan Sergi, <\/span><\/span><span class=\"s13\"><span class=\"bumpedFont15\">\u2018Despier<\/span><\/span><span class=\"s13\"><span class=\"bumpedFont15\">to <\/span><\/span><span class=\"s13\"><span class=\"bumpedFont15\">am\u00e1ndote<\/span><\/span><span class=\"s13\"><span class=\"bumpedFont15\">\u2019 <\/span><\/span><span class=\"s13\"><span class=\"bumpedFont15\">\u201c<\/span><\/span><span class=\"s13\"><span class=\"bumpedFont15\">pega<\/span><\/span> <span class=\"s19\"><span class=\"bumpedFont15\">rebien<\/span><\/span><span class=\"s13\"><span class=\"bumpedFont15\"> con el pedaleo<\/span><\/span><span class=\"s13\"><span class=\"bumpedFont15\">\u201d, y a\u00f1ade:<\/span><\/span> <span class=\"s13\"><span class=\"bumpedFont15\">\u201c<\/span><\/span><span class=\"s13\"><span class=\"bumpedFont15\">Cuando suene el pajarito van a saber que arranca la carrera<\/span><\/span><span class=\"s13\"><span class=\"bumpedFont15\">\u201d<\/span><\/span><span class=\"s13\"><span class=\"bumpedFont15\">.<\/span><\/span> <span class=\"s13\"><span class=\"bumpedFont15\">De<\/span><\/span><span class=\"s13\"><span class=\"bumpedFont15\"> hecho,<\/span><\/span> <span class=\"s16\"><span class=\"bumpedFont15\">Rosana Romero<\/span><\/span><span class=\"s13\"><span class=\"bumpedFont15\">considera que tiene un encaje perfecto en La Vuelta po<\/span><\/span><span class=\"s13\"><span class=\"bumpedFont15\">rque<\/span><\/span><span class=\"s13\"><span class=\"bumpedFont15\">se trata de u<\/span><\/span><span class=\"s13\"><span class=\"bumpedFont15\">na competici\u00f3n con<\/span><\/span> <span class=\"s13\"><span class=\"bumpedFont15\">\u201c<\/span><\/span><span class=\"s13\"><span class=\"bumpedFont15\">mucha mo<\/span><\/span><span class=\"s13\"><span class=\"bumpedFont15\">nta\u00f1a <\/span><\/span><span class=\"s13\"><span class=\"bumpedFont15\">y la <\/span><\/span><span class=\"s13\"><span class=\"bumpedFont15\">canci\u00f3n<\/span><\/span><span class=\"s13\"><span class=\"bumpedFont15\"> tiene buen r<\/span><\/span><span class=\"s13\"><span class=\"bumpedFont15\">itmo para subir muchos altos<\/span><\/span><span class=\"s13\"><span class=\"bumpedFont15\">\u201d<\/span><\/span><span class=\"s13\"><span class=\"bumpedFont15\">,<\/span><\/span><span class=\"s13\"><span class=\"bumpedFont15\"> ha comentado.<\/span><\/span><\/div>\n<div class=\"s15\"><span class=\"s16\"><span class=\"bumpedFont15\">Charles Ojalvo<\/span><\/span> <span class=\"s13\"><span class=\"bumpedFont15\">ha <\/span><\/span><span class=\"s13\"><span class=\"bumpedFont15\">des<\/span><\/span><span class=\"s13\"><span class=\"bumpedFont15\">tacado la rel<\/span><\/span><span class=\"s13\"><span class=\"bumpedFont15\">evancia hist\u00f3ri<\/span><\/span><span class=\"s13\"><span class=\"bumpedFont15\">ca del v\u00ednculo entre La Vuelta y su canci\u00f3n o<\/span><\/span><span class=\"s13\"><span class=\"bumpedFont15\">ficial: <\/span><\/span><span class=\"s13\"><span class=\"bumpedFont15\">\u201c<\/span><\/span><span class=\"s13\"><span class=\"bumpedFont15\">La m\u00fasica <\/span><\/span><span class=\"s13\"><span class=\"bumpedFont15\">forma<\/span><\/span><span class=\"s13\"><span class=\"bumpedFont15\"> parte del event<\/span><\/span><span class=\"s13\"><span class=\"bumpedFont15\">o. <\/span><\/span><span class=\"s16\"><span class=\"bumpedFont15\">Es una larga trayectoria de artistas de renombre<\/span><\/span><span class=\"s13\"><span class=\"bumpedFont15\">. Para nosotros, <\/span><\/span><span class=\"s13\"><span class=\"bumpedFont15\">la m\u00fasica<\/span><\/span><span class=\"s13\"><span class=\"bumpedFont15\"> y<\/span><\/span><span class=\"s13\"><span class=\"bumpedFont15\"> el videoc<\/span><\/span><span class=\"s13\"><span class=\"bumpedFont15\">lip son<\/span><\/span><span class=\"s13\"><span class=\"bumpedFont15\"> muy importante<\/span><\/span><span class=\"s13\"><span class=\"bumpedFont15\">s<\/span><\/span><span class=\"s13\"><span class=\"bumpedFont15\"> para la promoci\u00f3n <\/span><\/span><span class=\"s13\"><span class=\"bumpedFont15\">de esta gran car<\/span><\/span><span class=\"s13\"><span class=\"bumpedFont15\">rera<\/span><\/span><span class=\"s13\"><span class=\"bumpedFont15\">. Lo que queremos transmitir con <\/span><\/span><span class=\"s13\"><span class=\"bumpedFont15\">L<\/span><\/span><span class=\"s13\"><span class=\"bumpedFont15\">a <\/span><\/span><span class=\"s13\"><span class=\"bumpedFont15\">V<\/span><\/span><span class=\"s13\"><span class=\"bumpedFont15\">uelta es alegr\u00eda, pasi\u00f3n e ilusi\u00f3n infinitas<\/span><\/span><span class=\"s13\"><span class=\"bumpedFont15\">\u201d<\/span><\/span><span class=\"s13\"><span class=\"bumpedFont15\">.<\/span><\/span><\/div>\n<div class=\"s15\"><span class=\"s13\"><span class=\"bumpedFont15\">Respecto al videoclip<\/span><\/span><span class=\"s13\"><span class=\"bumpedFont15\">, el<\/span><\/span><span class=\"s13\"><span class=\"bumpedFont15\"> d<\/span><\/span><span class=\"s13\"><span class=\"bumpedFont15\">\u00fao argen<\/span><\/span><span class=\"s13\"><span class=\"bumpedFont15\">tino ha avanzado<\/span><\/span><span class=\"s13\"><span class=\"bumpedFont15\"> que comenzar\u00e1 a rodarse ma\u00f1ana mi\u00e9rcoles 29 de<\/span><\/span><span class=\"s13\"><span class=\"bumpedFont15\"> abril <\/span><\/span><span class=\"s13\"><span class=\"bumpedFont15\">y que se prolongar\u00e1 <\/span><\/span><span class=\"s13\"><span class=\"bumpedFont15\">durante el jueves<\/span><\/span><span class=\"s13\"><span class=\"bumpedFont15\"> 30<\/span><\/span><span class=\"s13\"><span class=\"bumpedFont15\">, en una grabaci\u00f3n de dos jornadas.<\/span><\/span><\/div>\n<div class=\"s18\"><span class=\"s17\"><span class=\"bumpedFont15\">Miran<\/span><\/span><span class=\"s17\"><span class=\"bumpedFont15\">da!<\/span><\/span><\/div>\n<div class=\"s15\"><span class=\"s13\"><span class=\"bumpedFont15\">Nacida en<\/span><\/span><span class=\"s13\"><span class=\"bumpedFont15\"> 2001<\/span><\/span><span class=\"s13\"><span class=\"bumpedFont15\">, Mir<\/span><\/span><span class=\"s13\"><span class=\"bumpedFont15\">a<\/span><\/span><span class=\"s13\"><span class=\"bumpedFont15\">n<\/span><\/span><span class=\"s13\"><span class=\"bumpedFont15\">da!<\/span><\/span><span class=\"s13\"><span class=\"bumpedFont15\"> es<\/span><\/span> <span class=\"s13\"><span class=\"bumpedFont15\">considerada<\/span><\/span> <span class=\"s13\"><span class=\"bumpedFont15\">una de l<\/span><\/span><span class=\"s13\"><span class=\"bumpedFont15\">as <\/span><\/span><span class=\"s13\"><span class=\"bumpedFont15\">banda<\/span><\/span><span class=\"s13\"><span class=\"bumpedFont15\">s<\/span><\/span><span class=\"s13\"><span class=\"bumpedFont15\">pop m\u00e1s importante<\/span><\/span><span class=\"s13\"><span class=\"bumpedFont15\">s<\/span><\/span><span class=\"s13\"><span class=\"bumpedFont15\"> de Latin<\/span><\/span><span class=\"s13\"><span class=\"bumpedFont15\">oam\u00e9rica<\/span><\/span><span class=\"s13\"><span class=\"bumpedFont15\">. S<\/span><\/span><span class=\"s13\"><span class=\"bumpedFont15\">e reconoce por <\/span><\/span><span class=\"s13\"><span class=\"bumpedFont15\">su extravagante presencia en escenario, canciones pe<\/span><\/span><span class=\"s13\"><span class=\"bumpedFont15\">gadizas y ritmos que van desde la balada al rock, <\/span><\/span><span class=\"s13\"><span class=\"bumpedFont15\">acumulando<\/span><\/span><span class=\"s13\"><span class=\"bumpedFont15\"> 24 a\u00f1os <\/span><\/span><span class=\"s13\"><span class=\"bumpedFont15\">de<\/span><\/span><span class=\"s13\"><span class=\"bumpedFont15\"> hi<\/span><\/span><span class=\"s13\"><span class=\"bumpedFont15\">t<\/span><\/span><span class=\"s13\"><span class=\"bumpedFont15\">s. <\/span><\/span><span class=\"s13\"><span class=\"bumpedFont15\">Del <\/span><\/span><span class=\"s19\"><span class=\"bumpedFont15\">under<\/span><\/span><span class=\"s13\"><span class=\"bumpedFont15\"> porte\u00f1o a los principales escenarios de Am\u00e9ri<\/span><\/span><span class=\"s13\"><span class=\"bumpedFont15\">ca Latina y el mundo, pasando por los podios <\/span><\/span><span class=\"s13\"><span class=\"bumpedFont15\">de los m\u00e1s destacados rankings y ganando los premios m\u00e1s importantes, <\/span><\/span><span class=\"s13\"><span class=\"bumpedFont15\">h<\/span><\/span><span class=\"s13\"><span class=\"bumpedFont15\">a logra<\/span><\/span><span class=\"s13\"><span class=\"bumpedFont15\">do<\/span><\/span><span class=\"s13\"><span class=\"bumpedFont15\"> crear una identidad art\u00edstica \u00fanica.<\/span><\/span><\/div>\n<div class=\"s15\"><span class=\"s13\"><span class=\"bumpedFont15\">El grupo<\/span><\/span><span class=\"s13\"><span class=\"bumpedFont15\"> est\u00e1<\/span><\/span><span class=\"s13\"><span class=\"bumpedFont15\"> ca<\/span><\/span><span class=\"s13\"><span class=\"bumpedFont15\">usando furor<\/span><\/span><span class=\"s13\"><span class=\"bumpedFont15\"> en la escena de la m\u00fasica latina<\/span><\/span><span class=\"s13\"><span class=\"bumpedFont15\">, con <\/span><\/span><span class=\"s13\"><span class=\"bumpedFont15\">12 millones de oy<\/span><\/span><span class=\"s13\"><span class=\"bumpedFont15\">entes mensuales en Spotify, m\u00e1s de 391<\/span><\/span><span class=\"s13\"><span class=\"bumpedFont15\"> millon<\/span><\/span><span class=\"s13\"><span class=\"bumpedFont15\">es de<\/span><\/span> <span class=\"s19\"><span class=\"bumpedFont15\">streams<\/span><\/span><span class=\"s13\"><span class=\"bumpedFont15\">, 577<\/span><\/span><span class=\"s13\"><span class=\"bumpedFont15\"> millones de v<\/span><\/span><span class=\"s13\"><span class=\"bumpedFont15\">isualizaciones en YouTube y <\/span><\/span><span class=\"s13\"><span class=\"bumpedFont15\">un <\/span><\/span><span class=\"s13\"><span class=\"bumpedFont15\">46% de crecimiento en es<\/span><\/span><span class=\"s13\"><span class=\"bumpedFont15\">cuchas<\/span><\/span><span class=\"s13\"><span class=\"bumpedFont15\">.<\/span><\/span><\/div>\n<div class=\"s15\"><span class=\"s13\"><span class=\"bumpedFont15\">En mayo del 2025 el d\u00fao lanz\u00f3 el \u00e1lbum <\/span><\/span><span class=\"s13\"><span class=\"bumpedFont15\">\u2018<\/span><\/span><span class=\"s16\"><span class=\"bumpedFont15\">Nuevo<\/span><\/span><span class=\"s16\"><span class=\"bumpedFont15\"> Ho<\/span><\/span><span class=\"s16\"><span class=\"bumpedFont15\">tel Miranda!<\/span><\/span><span class=\"s13\"><span class=\"bumpedFont15\">\u2019, <\/span><\/span><span class=\"s13\"><span class=\"bumpedFont15\">como sucesor del exitoso <\/span><\/span><span class=\"s13\"><span class=\"bumpedFont15\">\u2018<\/span><\/span><span class=\"s13\"><span class=\"bumpedFont15\">Hotel Miranda!<\/span><\/span><span class=\"s13\"><span class=\"bumpedFont15\">\u2019 que les val<\/span><\/span><span class=\"s13\"><span class=\"bumpedFont15\">i\u00f3 el <\/span><\/span><span class=\"s13\"><span class=\"bumpedFont15\">prestigioso Gardel de Oro<\/span><\/span><span class=\"s13\"><span class=\"bumpedFont15\">. <\/span><\/span><span class=\"s13\"><span class=\"bumpedFont15\">Con cancione<\/span><\/span><span class=\"s13\"><span class=\"bumpedFont15\">s completamente originales, incluye colaboraciones con <\/span><\/span><span class=\"s16\"><span class=\"bumpedFont15\">Kenia OS<\/span><\/span><span class=\"s13\"><span class=\"bumpedFont15\">, <\/span><\/span><span class=\"s16\"><span class=\"bumpedFont15\">Ana Mena<\/span><\/span><span class=\"s13\"><span class=\"bumpedFont15\">, <\/span><\/span><span class=\"s16\"><span class=\"bumpedFont15\">Abraham Mate<\/span><\/span><span class=\"s16\"><span class=\"bumpedFont15\">o<\/span><\/span><span class=\"s13\"><span class=\"bumpedFont15\">,<\/span><\/span> <span class=\"s16\"><span class=\"bumpedFont15\">Conociendo Rusia<\/span><\/span><span class=\"s16\"><span class=\"bumpedFont15\">, <\/span><\/span><span class=\"s16\"><span class=\"bumpedFont15\">Nicki Nico<\/span><\/span><span class=\"s16\"><span class=\"bumpedFont15\">e,<\/span><\/span><span class=\"s16\"><span class=\"bumpedFont15\"> Tini, <\/span><\/span><span class=\"s16\"><span class=\"bumpedFont15\">Fito Paez,<\/span><\/span> <span class=\"s16\"><span class=\"bumpedFont15\">Vicen<\/span><\/span><span class=\"s16\"><span class=\"bumpedFont15\">tico, Leo Ri<\/span><\/span><span class=\"s16\"><span class=\"bumpedFont15\">zzi y Young Cister<\/span><\/span><span class=\"s13\"><span class=\"bumpedFont15\">.<\/span><\/span><\/div>\n<div class=\"s15\"><span class=\"s13\"><span class=\"bumpedFont15\">S<\/span><\/span><span class=\"s13\"><span class=\"bumpedFont15\">u pa<\/span><\/span><span class=\"s13\"><span class=\"bumpedFont15\">rticipaci<\/span><\/span><span class=\"s13\"><span class=\"bumpedFont15\">\u00f3n en el Benidorm Fe<\/span><\/span><span class=\"s13\"><span class=\"bumpedFont15\">st<\/span><\/span><span class=\"s13\"><span class=\"bumpedFont15\">,<\/span><\/span> <span class=\"s13\"><span class=\"bumpedFont15\">y su elecci\u00f3n como voz de La Vuelt<\/span><\/span><span class=\"s13\"><span class=\"bumpedFont15\">a<\/span><\/span><span class=\"s13\"><span class=\"bumpedFont15\">,<\/span><\/span><span class=\"s13\"><span class=\"bumpedFont15\"> ref<\/span><\/span><span class=\"s13\"><span class=\"bumpedFont15\">uer<\/span><\/span><span class=\"s13\"><span class=\"bumpedFont15\">zan su pr<\/span><\/span><span class=\"s13\"><span class=\"bumpedFont15\">esencia internacional y su v\u00ed<\/span><\/span><span class=\"s13\"><span class=\"bumpedFont15\">nculo <\/span><\/span><span class=\"s13\"><span class=\"bumpedFont15\">c<\/span><\/span><span class=\"s13\"><span class=\"bumpedFont15\">on Espa\u00f1a<\/span><\/span><span class=\"s13\"><span class=\"bumpedFont15\"> donde<\/span><\/span><span class=\"s13\"><span class=\"bumpedFont15\">,<\/span><\/span> <span class=\"s13\"><span class=\"bumpedFont15\">a los ya<\/span><\/span><span class=\"s13\"><span class=\"bumpedFont15\"> pro<\/span><\/span><span class=\"s13\"><span class=\"bumpedFont15\">gramad<\/span><\/span><span class=\"s13\"><span class=\"bumpedFont15\">os <\/span><\/span><span class=\"s13\"><span class=\"bumpedFont15\">conc<\/span><\/span><span class=\"s13\"><span class=\"bumpedFont15\">ierto<\/span><\/span><span class=\"s13\"><span class=\"bumpedFont15\">s <\/span><\/span><span class=\"s13\"><span class=\"bumpedFont15\">este a\u00f1o<\/span><\/span> <span class=\"s13\"><span class=\"bumpedFont15\">&#8211;<\/span><\/span><span class=\"s13\"><span class=\"bumpedFont15\">11 <\/span><\/span><span class=\"s13\"><span class=\"bumpedFont15\">de novie<\/span><\/span><span class=\"s13\"><span class=\"bumpedFont15\">m<\/span><\/span><span class=\"s13\"><span class=\"bumpedFont15\">br<\/span><\/span><span class=\"s13\"><span class=\"bumpedFont15\">e en<\/span><\/span><span class=\"s13\"><span class=\"bumpedFont15\"> el M<\/span><\/span><span class=\"s13\"><span class=\"bumpedFont15\">ovistar Aren<\/span><\/span><span class=\"s13\"><span class=\"bumpedFont15\">a de Madrid; <\/span><\/span><span class=\"s13\"><span class=\"bumpedFont15\">y <\/span><\/span><span class=\"s13\"><span class=\"bumpedFont15\">12 de n<\/span><\/span><span class=\"s13\"><span class=\"bumpedFont15\">o<\/span><\/span><span class=\"s13\"><span class=\"bumpedFont15\">viembre en el Sant Jordi Clu<\/span><\/span><span class=\"s13\"><span class=\"bumpedFont15\">b de<\/span><\/span><span class=\"s13\"><span class=\"bumpedFont15\"> Barcelona<\/span><\/span><span class=\"s13\"><span class=\"bumpedFont15\">&#8211; <\/span><\/span><span class=\"s13\"><span class=\"bumpedFont15\">han <\/span><\/span><span class=\"s13\"><span class=\"bumpedFont15\">a\u00f1adido<\/span><\/span> <span class=\"s13\"><span class=\"bumpedFont15\">tres <\/span><\/span><span class=\"s13\"><span class=\"bumpedFont15\">nuevo<\/span><\/span><span class=\"s13\"><span class=\"bumpedFont15\">s destinos<\/span><\/span><span class=\"s13\"><span class=\"bumpedFont15\"> que han revelado<\/span><\/span><span class=\"s13\"><span class=\"bumpedFont15\"> en esta rue<\/span><\/span><span class=\"s13\"><span class=\"bumpedFont15\">da<\/span><\/span><span class=\"s13\"><span class=\"bumpedFont15\"> de prensa<\/span><\/span><span class=\"s13\"><span class=\"bumpedFont15\">: Mallorca, M\u00e1laga <\/span><\/span><span class=\"s13\"><span class=\"bumpedFont15\">y<\/span><\/span><span class=\"s13\"><span class=\"bumpedFont15\"> Valencia.<\/span><\/span><\/div>\n<div class=\"s15\"><span class=\"s17\"><span class=\"bumpedFont15\">La Vuelta 2<\/span><\/span><span class=\"s17\"><span class=\"bumpedFont15\">6<\/span><\/span><span class=\"s17\"><span class=\"bumpedFont15\">, en RTVE<\/span><\/span><\/div>\n<div class=\"s15\"><span class=\"s13\"><span class=\"bumpedFont15\">La Vuelta<\/span><\/span><span class=\"s13\"><span class=\"bumpedFont15\">, una de las <\/span><\/span><span class=\"s13\"><span class=\"bumpedFont15\">grandes rondas del ciclismo mundial<\/span><\/span><span class=\"s13\"><span class=\"bumpedFont15\">, es una de las<\/span><\/span><span class=\"s13\"><span class=\"bumpedFont15\"> citas deportiva<\/span><\/span><span class=\"s13\"><span class=\"bumpedFont15\">s <\/span><\/span><span class=\"s13\"><span class=\"bumpedFont15\">cl\u00e1sicas <\/span><\/span><span class=\"s13\"><span class=\"bumpedFont15\">que<\/span><\/span><span class=\"s13\"><span class=\"bumpedFont15\"> c<\/span><\/span><span class=\"s13\"><span class=\"bumpedFont15\">ada verano<\/span><\/span> <span class=\"s13\"><span class=\"bumpedFont15\">RTVE<\/span><\/span><span class=\"s13\"><span class=\"bumpedFont15\">aco<\/span><\/span><span class=\"s13\"><span class=\"bumpedFont15\">mpa\u00f1a para tr<\/span><\/span><span class=\"s13\"><span class=\"bumpedFont15\">ansm<\/span><\/span><span class=\"s13\"><span class=\"bumpedFont15\">i<\/span><\/span><span class=\"s13\"><span class=\"bumpedFont15\">ti<\/span><\/span><span class=\"s13\"><span class=\"bumpedFont15\">r <\/span><\/span><span class=\"s13\"><span class=\"bumpedFont15\">to<\/span><\/span><span class=\"s13\"><span class=\"bumpedFont15\">da la<\/span><\/span><span class=\"s13\"><span class=\"bumpedFont15\"> emoci\u00f3n del<\/span><\/span><span class=\"s13\"><span class=\"bumpedFont15\"> mejor ciclismo<\/span><\/span><span class=\"s13\"><span class=\"bumpedFont15\">.<\/span><\/span><\/div>\n<div class=\"s15\"><span class=\"s13\"><span class=\"bumpedFont15\">\u201c<\/span><\/span><span class=\"s13\"><span class=\"bumpedFont15\">La Vuelta es<\/span><\/span> <span class=\"s16\"><span class=\"bumpedFont15\">l<\/span><\/span><span class=\"s16\"><span class=\"bumpedFont15\">a <\/span><\/span><span class=\"s16\"><span class=\"bumpedFont15\">producci\u00f3n<\/span><\/span> <span class=\"s16\"><span class=\"bumpedFont15\">m\u00e1s<\/span><\/span><span class=\"s16\"><span class=\"bumpedFont15\"> grande que tiene esta casa<\/span><\/span><span class=\"s13\"><span class=\"bumpedFont15\">, con 80 profesionales<\/span><\/span><span class=\"s13\"><span class=\"bumpedFont15\">,<\/span><\/span><span class=\"s13\"><span class=\"bumpedFont15\"> y <\/span><\/span><span class=\"s13\"><span class=\"bumpedFont15\">que<\/span><\/span><span class=\"s13\"><span class=\"bumpedFont15\"> en esta edici\u00f3<\/span><\/span><span class=\"s13\"><span class=\"bumpedFont15\">n<\/span><\/span><span class=\"s13\"><span class=\"bumpedFont15\"> pasa por <\/span><\/span><span class=\"s16\"><span class=\"bumpedFont15\">Espa\u00f1a, Francia<\/span><\/span><span class=\"s16\"><span class=\"bumpedFont15\">,<\/span><\/span><span class=\"s16\"><span class=\"bumpedFont15\"> M\u00f3naco y Andorra<\/span><\/span><span class=\"s13\"><span class=\"bumpedFont15\">.<\/span><\/span><span class=\"s13\"><span class=\"bumpedFont15\"> Una <\/span><\/span><span class=\"s13\"><span class=\"bumpedFont15\">carrer<\/span><\/span><span class=\"s13\"><span class=\"bumpedFont15\">a<\/span><\/span><span class=\"s13\"><span class=\"bumpedFont15\"> muy mediterr\u00e1nea<\/span><\/span><span class=\"s13\"><span class=\"bumpedFont15\"> con un comienzo y fi<\/span><\/span><span class=\"s13\"><span class=\"bumpedFont15\">nal especial. Empieza en M\u00f3naco y acaba en Granada<\/span><\/span><span class=\"s13\"><span class=\"bumpedFont15\">\u201d<\/span><\/span><span class=\"s13\"><span class=\"bumpedFont15\">,<\/span><\/span> <span class=\"s13\"><span class=\"bumpedFont15\">h<\/span><\/span><span class=\"s13\"><span class=\"bumpedFont15\">a e<\/span><\/span><span class=\"s13\"><span class=\"bumpedFont15\">xplicado<\/span><\/span><span class=\"s13\"><span class=\"bumpedFont15\"> Ro<\/span><\/span><span class=\"s13\"><span class=\"bumpedFont15\">sana Romero<\/span><\/span><span class=\"s13\"><span class=\"bumpedFont15\">.<\/span><\/span><\/div>\n<div class=\"s15\"><span class=\"s13\"><span class=\"bumpedFont15\">Del <\/span><\/span><span class=\"s13\"><span class=\"bumpedFont15\">22 <\/span><\/span><span class=\"s13\"><span class=\"bumpedFont15\">d<\/span><\/span><span class=\"s13\"><span class=\"bumpedFont15\">e agosto al <\/span><\/span><span class=\"s13\"><span class=\"bumpedFont15\">13<\/span><\/span><span class=\"s13\"><span class=\"bumpedFont15\"> de s<\/span><\/span><span class=\"s13\"><span class=\"bumpedFont15\">eptiembre,<\/span><\/span> <span class=\"s13\"><span class=\"bumpedFont15\">la <\/span><\/span><span class=\"s13\"><span class=\"bumpedFont15\">Corporaci\u00f3n <\/span><\/span><span class=\"s13\"><span class=\"bumpedFont15\">s<\/span><\/span><span class=\"s13\"><span class=\"bumpedFont15\">e v<\/span><\/span><span class=\"s13\"><span class=\"bumpedFont15\">olcar<\/span><\/span><span class=\"s13\"><span class=\"bumpedFont15\">\u00e1 con una emisi\u00f3n multicanal en <\/span><\/span><span class=\"s16\"><span class=\"bumpedFont15\">Televisi\u00f3n Espa\u00f1ola<\/span><\/span><span class=\"s13\"><span class=\"bumpedFont15\">, <\/span><\/span><span class=\"s16\"><span class=\"bumpedFont15\">Radio Nacional<\/span><\/span><span class=\"s13\"><span class=\"bumpedFont15\">, <\/span><\/span><span class=\"s16\"><span class=\"bumpedFont15\">RTVE.es<\/span><\/span><span class=\"s13\"><span class=\"bumpedFont15\"> y <\/span><\/span><span class=\"s16\"><span class=\"bumpedFont15\">RTVE Play<\/span><\/span><span class=\"s13\"><span class=\"bumpedFont15\"> para contar <\/span><\/span><span class=\"s13\"><span class=\"bumpedFont15\">el<\/span><\/span><span class=\"s13\"><span class=\"bumpedFont15\"> desarrollo de las 21<\/span><\/span><span class=\"s13\"><span class=\"bumpedFont15\"> etapas que <\/span><\/span><span class=\"s13\"><span class=\"bumpedFont15\">trans<\/span><\/span><span class=\"s13\"><span class=\"bumpedFont15\">currir\u00e1n<\/span><\/span> <span class=\"s13\"><span class=\"bumpedFont15\">por<\/span><\/span><span class=\"s13\"><span class=\"bumpedFont15\">Es<\/span><\/span><span class=\"s13\"><span class=\"bumpedFont15\">pa\u00f1a<\/span><\/span><span class=\"s13\"><span class=\"bumpedFont15\">,<\/span><\/span> <span class=\"s13\"><span class=\"bumpedFont15\">Francia<\/span><\/span><span class=\"s13\"><span class=\"bumpedFont15\">,<\/span><\/span> <span class=\"s13\"><span class=\"bumpedFont15\">M\u00f3n<\/span><\/span><span class=\"s13\"><span class=\"bumpedFont15\">ac<\/span><\/span><span class=\"s13\"><span class=\"bumpedFont15\">o<\/span><\/span><span class=\"s13\"><span class=\"bumpedFont15\"> y Andorra.<\/span><\/span> <span class=\"s13\"><span class=\"bumpedFont15\">Una <\/span><\/span><span class=\"s13\"><span class=\"bumpedFont15\">amplia <\/span><\/span><span class=\"s13\"><span class=\"bumpedFont15\">cobertura q<\/span><\/span><span class=\"s13\"><span class=\"bumpedFont15\">ue<\/span><\/span><span class=\"s13\"><span class=\"bumpedFont15\">, adem\u00e1s, integra <\/span><\/span><span class=\"s13\"><span class=\"bumpedFont15\">programas<\/span><\/span><span class=\"s13\"><span class=\"bumpedFont15\"> es<\/span><\/span><span class=\"s13\"><span class=\"bumpedFont15\">p<\/span><\/span><span class=\"s13\"><span class=\"bumpedFont15\">eciales<\/span><\/span><span class=\"s13\"><span class=\"bumpedFont15\">,<\/span><\/span><span class=\"s13\"><span class=\"bumpedFont15\"> cr\u00f3<\/span><\/span><span class=\"s13\"><span class=\"bumpedFont15\">nicas, <\/span><\/span><span class=\"s13\"><span class=\"bumpedFont15\">reportajes y entrevistas en los inf<\/span><\/span><span class=\"s13\"><span class=\"bumpedFont15\">ormativos de todos los canales, as\u00ed como en l<\/span><\/span><span class=\"s13\"><span class=\"bumpedFont15\">as redes sociales de RT<\/span><\/span><span class=\"s13\"><span class=\"bumpedFont15\">VE<\/span><\/span><span class=\"s13\"><span class=\"bumpedFont15\">.<\/span><\/span> <span class=\"s13\"><span class=\"bumpedFont15\">Un amplio grupo de<\/span><\/span><span class=\"s13\"><span class=\"bumpedFont15\"> profesional<\/span><\/span><span class=\"s13\"><span class=\"bumpedFont15\">es llevan<\/span><\/span><span class=\"s13\"><span class=\"bumpedFont15\">do a <\/span><\/span><span class=\"s13\"><span class=\"bumpedFont15\">tod<\/span><\/span><span class=\"s13\"><span class=\"bumpedFont15\">os los ho<\/span><\/span><span class=\"s13\"><span class=\"bumpedFont15\">g<\/span><\/span><span class=\"s13\"><span class=\"bumpedFont15\">ar<\/span><\/span><span class=\"s13\"><span class=\"bumpedFont15\">es t<\/span><\/span><span class=\"s13\"><span class=\"bumpedFont15\">odo lo que suceda<\/span><\/span><span class=\"s13\"><span class=\"bumpedFont15\"> en la ronda espa\u00f1ola.<\/span><\/span><\/div>\n<div>\u00a0<\/div>\n<div>Fuente e im\u00e1genes: RTVE<\/div>\n\n\n\n<figure class=\"wp-block-image\"><img loading=\"lazy\" decoding=\"async\" width=\"300\" height=\"165\" src=\"http:\/\/www.vivaeurovision.com\/wp-content\/uploads\/2016\/01\/image-21-300x165.jpeg\" alt=\"VIVAEUROVISION.COM\" class=\"wp-image-311\" srcset=\"https:\/\/www.vivaeurovision.com\/wp-content\/uploads\/2016\/01\/image-21-300x165.jpeg 300w, https:\/\/www.vivaeurovision.com\/wp-content\/uploads\/2016\/01\/image-21-555x305.jpeg 555w, https:\/\/www.vivaeurovision.com\/wp-content\/uploads\/2016\/01\/image-21.jpeg 669w\" sizes=\"auto, (max-width: 300px) 100vw, 300px\" \/><\/figure>\n\n\n\n<p>Youtube<\/p>\n\n\n\n<p><a href=\"https:\/\/www.youtube.com\/user\/gurrumi\" target=\"_blank\" rel=\"noopener noreferrer\">Pedro Palomo<\/a><\/p>\n\n\n\n<p>Twitter&nbsp;<strong> <a href=\"https:\/\/twitter.com\/viva_eurovision\" target=\"_blank\" rel=\"noopener noreferrer\">@viva_eurovision<\/a>&nbsp; <a href=\"https:\/\/www.facebook.com\/Vivaeurovisioncom-867806686671081\/?fref=nf\" target=\"_blank\" rel=\"noopener noreferrer\">FACEBOOK OFICIAL VIVA EUROVISION <\/a><\/strong>Instragram <strong>&nbsp;<\/strong><a href=\"https:\/\/www.instagram.com\/vivaeurovision\/\" target=\"_blank\" rel=\"noopener noreferrer\"><strong>@vivaeurovision<\/strong><\/a><\/p>\n\n\n\n<p>Redactor: Pedro Palomo <a href=\"https:\/\/twitter.com\/pedropalomobcn?lang=es\"><strong>@pedropalomobcn<\/strong><\/a><strong>&nbsp;<\/strong>Instagram <a href=\"https:\/\/www.instagram.com\/pedrobcn\/\" target=\"_blank\" rel=\"noopener noreferrer\"><strong>@pedrobcn<\/strong><\/a><\/p>\n","protected":false},"excerpt":{"rendered":"<p>RTVE y La Vuelta han desvelado la canci\u00f3n que ser\u00e1 la sinton\u00eda oficial de la pr\u00f3xima edici\u00f3n de la ronda espa\u00f1ola. \u2018Despierto Am\u00e1ndote\u2019, de Miranda! acompa\u00f1ar\u00e1 a deportistas y a&#46;&#46;&#46;<\/p>\n","protected":false},"author":1,"featured_media":15002,"comment_status":"open","ping_status":"closed","sticky":false,"template":"","format":"standard","meta":{"_exactmetrics_skip_tracking":false,"_exactmetrics_sitenote_active":false,"_exactmetrics_sitenote_note":"","_exactmetrics_sitenote_category":0,"footnotes":""},"categories":[4594,4,1188,2,875,3],"tags":[4561,5201,5202,5200,11,34,19,20,766,18,23,22],"class_list":["post-14973","post","type-post","status-publish","format-standard","has-post-thumbnail","hentry","category-benidorm-fest","category-eurovision","category-noticia-2","category-noticia","category-rincon-vivalamusica","category-ultima-hora","tag-benidorm-fest","tag-despierto-amandote","tag-despierto-amandote-la-vuelta","tag-despierto-amandote-miranda","tag-eurovision","tag-noticia","tag-pedro-palomo","tag-pedro-palomo-eurovision","tag-pedro-palomo-vivaeurovision","tag-rtve","tag-viva-eurovision","tag-vivaeurovision"],"yoast_head":"<!-- This site is optimized with the Yoast SEO plugin v27.5 - https:\/\/yoast.com\/product\/yoast-seo-wordpress\/ -->\n<title>\u201cDespierto Am\u00e1ndote\u201d de Miranda, sinton\u00eda de la Vuelta 2026 - VIVAEUROVISION viva eurovision<\/title>\n<meta name=\"description\" content=\"Despierto am\u00e1ndote, despierto amandote la vuelta, despierto am\u00e1ndote miranda, benidorm Fest, vivaeurovision, viva eurovision, rtve\" \/>\n<meta name=\"robots\" content=\"index, follow, max-snippet:-1, max-image-preview:large, max-video-preview:-1\" \/>\n<link rel=\"canonical\" href=\"https:\/\/www.vivaeurovision.com\/index.php\/2026\/04\/28\/14973-despierto-amandote\/\" \/>\n<meta property=\"og:locale\" content=\"es_ES\" \/>\n<meta property=\"og:type\" content=\"article\" \/>\n<meta property=\"og:title\" content=\"\u201cDespierto Am\u00e1ndote\u201d de Miranda, sinton\u00eda de la Vuelta 2026 - VIVAEUROVISION viva eurovision\" \/>\n<meta property=\"og:description\" content=\"Despierto am\u00e1ndote, despierto amandote la vuelta, despierto am\u00e1ndote miranda, benidorm Fest, vivaeurovision, viva eurovision, rtve\" \/>\n<meta property=\"og:url\" content=\"https:\/\/www.vivaeurovision.com\/index.php\/2026\/04\/28\/14973-despierto-amandote\/\" \/>\n<meta property=\"og:site_name\" content=\"VIVAEUROVISION viva eurovision\" \/>\n<meta property=\"article:published_time\" content=\"2026-04-28T20:43:52+00:00\" \/>\n<meta property=\"article:modified_time\" content=\"2026-04-28T20:43:54+00:00\" \/>\n<meta property=\"og:image\" content=\"https:\/\/www.vivaeurovision.com\/wp-content\/uploads\/2026\/02\/Presentacion-sintonia-La-Vuelta-26-2.jpeg\" \/>\n\t<meta property=\"og:image:width\" content=\"1772\" \/>\n\t<meta property=\"og:image:height\" content=\"1181\" \/>\n\t<meta property=\"og:image:type\" content=\"image\/jpeg\" \/>\n<meta name=\"author\" content=\"Pedro Palomo\" \/>\n<meta name=\"twitter:card\" content=\"summary_large_image\" \/>\n<meta name=\"twitter:creator\" content=\"@pedropalomobcn\" \/>\n<meta name=\"twitter:label1\" content=\"Escrito por\" \/>\n\t<meta name=\"twitter:data1\" content=\"Pedro Palomo\" \/>\n\t<meta name=\"twitter:label2\" content=\"Tiempo de lectura\" \/>\n\t<meta name=\"twitter:data2\" content=\"6 minutos\" \/>\n<script type=\"application\/ld+json\" class=\"yoast-schema-graph\">{\"@context\":\"https:\\\/\\\/schema.org\",\"@graph\":[{\"@type\":\"Article\",\"@id\":\"https:\\\/\\\/www.vivaeurovision.com\\\/index.php\\\/2026\\\/04\\\/28\\\/14973-despierto-amandote\\\/#article\",\"isPartOf\":{\"@id\":\"https:\\\/\\\/www.vivaeurovision.com\\\/index.php\\\/2026\\\/04\\\/28\\\/14973-despierto-amandote\\\/\"},\"author\":{\"name\":\"Pedro Palomo\",\"@id\":\"https:\\\/\\\/www.vivaeurovision.com\\\/#\\\/schema\\\/person\\\/1d31fdaa3f5f7df556f73d164bd3c47a\"},\"headline\":\"\u201cDespierto Am\u00e1ndote\u201d de Miranda, sinton\u00eda de la Vuelta 2026\",\"datePublished\":\"2026-04-28T20:43:52+00:00\",\"dateModified\":\"2026-04-28T20:43:54+00:00\",\"mainEntityOfPage\":{\"@id\":\"https:\\\/\\\/www.vivaeurovision.com\\\/index.php\\\/2026\\\/04\\\/28\\\/14973-despierto-amandote\\\/\"},\"wordCount\":1051,\"commentCount\":0,\"publisher\":{\"@id\":\"https:\\\/\\\/www.vivaeurovision.com\\\/#organization\"},\"image\":{\"@id\":\"https:\\\/\\\/www.vivaeurovision.com\\\/index.php\\\/2026\\\/04\\\/28\\\/14973-despierto-amandote\\\/#primaryimage\"},\"thumbnailUrl\":\"https:\\\/\\\/www.vivaeurovision.com\\\/wp-content\\\/uploads\\\/2026\\\/02\\\/Presentacion-sintonia-La-Vuelta-26-2.jpeg\",\"keywords\":[\"Benidorm Fest\",\"Despierto am\u00e1ndote\",\"despierto amandote la vuelta\",\"despierto am\u00e1ndote miranda\",\"Eurovision\",\"Noticia\",\"Pedro Palomo\",\"Pedro Palomo Eurovision\",\"Pedro Palomo Vivaeurovision\",\"RTVE\",\"viva eurovision\",\"vivaeurovision\"],\"articleSection\":[\"Benidorm Fest\",\"Inicio\",\"Noticia\",\"Noticias\",\"Rinc\u00f3n VIVALAMUSICA\",\"Ultima Hora\"],\"inLanguage\":\"es\",\"potentialAction\":[{\"@type\":\"CommentAction\",\"name\":\"Comment\",\"target\":[\"https:\\\/\\\/www.vivaeurovision.com\\\/index.php\\\/2026\\\/04\\\/28\\\/14973-despierto-amandote\\\/#respond\"]}]},{\"@type\":\"WebPage\",\"@id\":\"https:\\\/\\\/www.vivaeurovision.com\\\/index.php\\\/2026\\\/04\\\/28\\\/14973-despierto-amandote\\\/\",\"url\":\"https:\\\/\\\/www.vivaeurovision.com\\\/index.php\\\/2026\\\/04\\\/28\\\/14973-despierto-amandote\\\/\",\"name\":\"\u201cDespierto Am\u00e1ndote\u201d de Miranda, sinton\u00eda de la Vuelta 2026 - VIVAEUROVISION viva eurovision\",\"isPartOf\":{\"@id\":\"https:\\\/\\\/www.vivaeurovision.com\\\/#website\"},\"primaryImageOfPage\":{\"@id\":\"https:\\\/\\\/www.vivaeurovision.com\\\/index.php\\\/2026\\\/04\\\/28\\\/14973-despierto-amandote\\\/#primaryimage\"},\"image\":{\"@id\":\"https:\\\/\\\/www.vivaeurovision.com\\\/index.php\\\/2026\\\/04\\\/28\\\/14973-despierto-amandote\\\/#primaryimage\"},\"thumbnailUrl\":\"https:\\\/\\\/www.vivaeurovision.com\\\/wp-content\\\/uploads\\\/2026\\\/02\\\/Presentacion-sintonia-La-Vuelta-26-2.jpeg\",\"datePublished\":\"2026-04-28T20:43:52+00:00\",\"dateModified\":\"2026-04-28T20:43:54+00:00\",\"description\":\"Despierto am\u00e1ndote, despierto amandote la vuelta, despierto am\u00e1ndote miranda, benidorm Fest, vivaeurovision, viva eurovision, rtve\",\"breadcrumb\":{\"@id\":\"https:\\\/\\\/www.vivaeurovision.com\\\/index.php\\\/2026\\\/04\\\/28\\\/14973-despierto-amandote\\\/#breadcrumb\"},\"inLanguage\":\"es\",\"potentialAction\":[{\"@type\":\"ReadAction\",\"target\":[\"https:\\\/\\\/www.vivaeurovision.com\\\/index.php\\\/2026\\\/04\\\/28\\\/14973-despierto-amandote\\\/\"]}]},{\"@type\":\"ImageObject\",\"inLanguage\":\"es\",\"@id\":\"https:\\\/\\\/www.vivaeurovision.com\\\/index.php\\\/2026\\\/04\\\/28\\\/14973-despierto-amandote\\\/#primaryimage\",\"url\":\"https:\\\/\\\/www.vivaeurovision.com\\\/wp-content\\\/uploads\\\/2026\\\/02\\\/Presentacion-sintonia-La-Vuelta-26-2.jpeg\",\"contentUrl\":\"https:\\\/\\\/www.vivaeurovision.com\\\/wp-content\\\/uploads\\\/2026\\\/02\\\/Presentacion-sintonia-La-Vuelta-26-2.jpeg\",\"width\":1772,\"height\":1181},{\"@type\":\"BreadcrumbList\",\"@id\":\"https:\\\/\\\/www.vivaeurovision.com\\\/index.php\\\/2026\\\/04\\\/28\\\/14973-despierto-amandote\\\/#breadcrumb\",\"itemListElement\":[{\"@type\":\"ListItem\",\"position\":1,\"name\":\"Portada\",\"item\":\"https:\\\/\\\/www.vivaeurovision.com\\\/\"},{\"@type\":\"ListItem\",\"position\":2,\"name\":\"\u201cDespierto Am\u00e1ndote\u201d de Miranda, sinton\u00eda de la Vuelta 2026\"}]},{\"@type\":\"WebSite\",\"@id\":\"https:\\\/\\\/www.vivaeurovision.com\\\/#website\",\"url\":\"https:\\\/\\\/www.vivaeurovision.com\\\/\",\"name\":\"VIVAEUROVISION viva eurovision\",\"description\":\"Tu portal sobre el Festival de Eurovision, eurovision, eurovisi\u00f3n\",\"publisher\":{\"@id\":\"https:\\\/\\\/www.vivaeurovision.com\\\/#organization\"},\"potentialAction\":[{\"@type\":\"SearchAction\",\"target\":{\"@type\":\"EntryPoint\",\"urlTemplate\":\"https:\\\/\\\/www.vivaeurovision.com\\\/?s={search_term_string}\"},\"query-input\":{\"@type\":\"PropertyValueSpecification\",\"valueRequired\":true,\"valueName\":\"search_term_string\"}}],\"inLanguage\":\"es\"},{\"@type\":\"Organization\",\"@id\":\"https:\\\/\\\/www.vivaeurovision.com\\\/#organization\",\"name\":\"vivaeurovision\",\"url\":\"https:\\\/\\\/www.vivaeurovision.com\\\/\",\"logo\":{\"@type\":\"ImageObject\",\"inLanguage\":\"es\",\"@id\":\"https:\\\/\\\/www.vivaeurovision.com\\\/#\\\/schema\\\/logo\\\/image\\\/\",\"url\":\"https:\\\/\\\/www.vivaeurovision.com\\\/wp-content\\\/uploads\\\/2016\\\/01\\\/cropped-image-21-1.jpeg\",\"contentUrl\":\"https:\\\/\\\/www.vivaeurovision.com\\\/wp-content\\\/uploads\\\/2016\\\/01\\\/cropped-image-21-1.jpeg\",\"width\":669,\"height\":368,\"caption\":\"vivaeurovision\"},\"image\":{\"@id\":\"https:\\\/\\\/www.vivaeurovision.com\\\/#\\\/schema\\\/logo\\\/image\\\/\"}},{\"@type\":\"Person\",\"@id\":\"https:\\\/\\\/www.vivaeurovision.com\\\/#\\\/schema\\\/person\\\/1d31fdaa3f5f7df556f73d164bd3c47a\",\"name\":\"Pedro Palomo\",\"image\":{\"@type\":\"ImageObject\",\"inLanguage\":\"es\",\"@id\":\"https:\\\/\\\/secure.gravatar.com\\\/avatar\\\/4cf9a4877f5f71f44fb7cedbe1bac1bd28bd8ce7a217517d98d5b2117f9f5505?s=96&d=mm&r=g\",\"url\":\"https:\\\/\\\/secure.gravatar.com\\\/avatar\\\/4cf9a4877f5f71f44fb7cedbe1bac1bd28bd8ce7a217517d98d5b2117f9f5505?s=96&d=mm&r=g\",\"contentUrl\":\"https:\\\/\\\/secure.gravatar.com\\\/avatar\\\/4cf9a4877f5f71f44fb7cedbe1bac1bd28bd8ce7a217517d98d5b2117f9f5505?s=96&d=mm&r=g\",\"caption\":\"Pedro Palomo\"},\"sameAs\":[\"http:\\\/\\\/www.vivaeurovision.com\",\"@pedrobcn\",\"https:\\\/\\\/x.com\\\/@pedropalomobcn\"]}]}<\/script>\n<!-- \/ Yoast SEO plugin. -->","yoast_head_json":{"title":"\u201cDespierto Am\u00e1ndote\u201d de Miranda, sinton\u00eda de la Vuelta 2026 - VIVAEUROVISION viva eurovision","description":"Despierto am\u00e1ndote, despierto amandote la vuelta, despierto am\u00e1ndote miranda, benidorm Fest, vivaeurovision, viva eurovision, rtve","robots":{"index":"index","follow":"follow","max-snippet":"max-snippet:-1","max-image-preview":"max-image-preview:large","max-video-preview":"max-video-preview:-1"},"canonical":"https:\/\/www.vivaeurovision.com\/index.php\/2026\/04\/28\/14973-despierto-amandote\/","og_locale":"es_ES","og_type":"article","og_title":"\u201cDespierto Am\u00e1ndote\u201d de Miranda, sinton\u00eda de la Vuelta 2026 - VIVAEUROVISION viva eurovision","og_description":"Despierto am\u00e1ndote, despierto amandote la vuelta, despierto am\u00e1ndote miranda, benidorm Fest, vivaeurovision, viva eurovision, rtve","og_url":"https:\/\/www.vivaeurovision.com\/index.php\/2026\/04\/28\/14973-despierto-amandote\/","og_site_name":"VIVAEUROVISION viva eurovision","article_published_time":"2026-04-28T20:43:52+00:00","article_modified_time":"2026-04-28T20:43:54+00:00","og_image":[{"width":1772,"height":1181,"url":"https:\/\/www.vivaeurovision.com\/wp-content\/uploads\/2026\/02\/Presentacion-sintonia-La-Vuelta-26-2.jpeg","type":"image\/jpeg"}],"author":"Pedro Palomo","twitter_card":"summary_large_image","twitter_creator":"@pedropalomobcn","twitter_misc":{"Escrito por":"Pedro Palomo","Tiempo de lectura":"6 minutos"},"schema":{"@context":"https:\/\/schema.org","@graph":[{"@type":"Article","@id":"https:\/\/www.vivaeurovision.com\/index.php\/2026\/04\/28\/14973-despierto-amandote\/#article","isPartOf":{"@id":"https:\/\/www.vivaeurovision.com\/index.php\/2026\/04\/28\/14973-despierto-amandote\/"},"author":{"name":"Pedro Palomo","@id":"https:\/\/www.vivaeurovision.com\/#\/schema\/person\/1d31fdaa3f5f7df556f73d164bd3c47a"},"headline":"\u201cDespierto Am\u00e1ndote\u201d de Miranda, sinton\u00eda de la Vuelta 2026","datePublished":"2026-04-28T20:43:52+00:00","dateModified":"2026-04-28T20:43:54+00:00","mainEntityOfPage":{"@id":"https:\/\/www.vivaeurovision.com\/index.php\/2026\/04\/28\/14973-despierto-amandote\/"},"wordCount":1051,"commentCount":0,"publisher":{"@id":"https:\/\/www.vivaeurovision.com\/#organization"},"image":{"@id":"https:\/\/www.vivaeurovision.com\/index.php\/2026\/04\/28\/14973-despierto-amandote\/#primaryimage"},"thumbnailUrl":"https:\/\/www.vivaeurovision.com\/wp-content\/uploads\/2026\/02\/Presentacion-sintonia-La-Vuelta-26-2.jpeg","keywords":["Benidorm Fest","Despierto am\u00e1ndote","despierto amandote la vuelta","despierto am\u00e1ndote miranda","Eurovision","Noticia","Pedro Palomo","Pedro Palomo Eurovision","Pedro Palomo Vivaeurovision","RTVE","viva eurovision","vivaeurovision"],"articleSection":["Benidorm Fest","Inicio","Noticia","Noticias","Rinc\u00f3n VIVALAMUSICA","Ultima Hora"],"inLanguage":"es","potentialAction":[{"@type":"CommentAction","name":"Comment","target":["https:\/\/www.vivaeurovision.com\/index.php\/2026\/04\/28\/14973-despierto-amandote\/#respond"]}]},{"@type":"WebPage","@id":"https:\/\/www.vivaeurovision.com\/index.php\/2026\/04\/28\/14973-despierto-amandote\/","url":"https:\/\/www.vivaeurovision.com\/index.php\/2026\/04\/28\/14973-despierto-amandote\/","name":"\u201cDespierto Am\u00e1ndote\u201d de Miranda, sinton\u00eda de la Vuelta 2026 - VIVAEUROVISION viva eurovision","isPartOf":{"@id":"https:\/\/www.vivaeurovision.com\/#website"},"primaryImageOfPage":{"@id":"https:\/\/www.vivaeurovision.com\/index.php\/2026\/04\/28\/14973-despierto-amandote\/#primaryimage"},"image":{"@id":"https:\/\/www.vivaeurovision.com\/index.php\/2026\/04\/28\/14973-despierto-amandote\/#primaryimage"},"thumbnailUrl":"https:\/\/www.vivaeurovision.com\/wp-content\/uploads\/2026\/02\/Presentacion-sintonia-La-Vuelta-26-2.jpeg","datePublished":"2026-04-28T20:43:52+00:00","dateModified":"2026-04-28T20:43:54+00:00","description":"Despierto am\u00e1ndote, despierto amandote la vuelta, despierto am\u00e1ndote miranda, benidorm Fest, vivaeurovision, viva eurovision, rtve","breadcrumb":{"@id":"https:\/\/www.vivaeurovision.com\/index.php\/2026\/04\/28\/14973-despierto-amandote\/#breadcrumb"},"inLanguage":"es","potentialAction":[{"@type":"ReadAction","target":["https:\/\/www.vivaeurovision.com\/index.php\/2026\/04\/28\/14973-despierto-amandote\/"]}]},{"@type":"ImageObject","inLanguage":"es","@id":"https:\/\/www.vivaeurovision.com\/index.php\/2026\/04\/28\/14973-despierto-amandote\/#primaryimage","url":"https:\/\/www.vivaeurovision.com\/wp-content\/uploads\/2026\/02\/Presentacion-sintonia-La-Vuelta-26-2.jpeg","contentUrl":"https:\/\/www.vivaeurovision.com\/wp-content\/uploads\/2026\/02\/Presentacion-sintonia-La-Vuelta-26-2.jpeg","width":1772,"height":1181},{"@type":"BreadcrumbList","@id":"https:\/\/www.vivaeurovision.com\/index.php\/2026\/04\/28\/14973-despierto-amandote\/#breadcrumb","itemListElement":[{"@type":"ListItem","position":1,"name":"Portada","item":"https:\/\/www.vivaeurovision.com\/"},{"@type":"ListItem","position":2,"name":"\u201cDespierto Am\u00e1ndote\u201d de Miranda, sinton\u00eda de la Vuelta 2026"}]},{"@type":"WebSite","@id":"https:\/\/www.vivaeurovision.com\/#website","url":"https:\/\/www.vivaeurovision.com\/","name":"VIVAEUROVISION viva eurovision","description":"Tu portal sobre el Festival de Eurovision, eurovision, eurovisi\u00f3n","publisher":{"@id":"https:\/\/www.vivaeurovision.com\/#organization"},"potentialAction":[{"@type":"SearchAction","target":{"@type":"EntryPoint","urlTemplate":"https:\/\/www.vivaeurovision.com\/?s={search_term_string}"},"query-input":{"@type":"PropertyValueSpecification","valueRequired":true,"valueName":"search_term_string"}}],"inLanguage":"es"},{"@type":"Organization","@id":"https:\/\/www.vivaeurovision.com\/#organization","name":"vivaeurovision","url":"https:\/\/www.vivaeurovision.com\/","logo":{"@type":"ImageObject","inLanguage":"es","@id":"https:\/\/www.vivaeurovision.com\/#\/schema\/logo\/image\/","url":"https:\/\/www.vivaeurovision.com\/wp-content\/uploads\/2016\/01\/cropped-image-21-1.jpeg","contentUrl":"https:\/\/www.vivaeurovision.com\/wp-content\/uploads\/2016\/01\/cropped-image-21-1.jpeg","width":669,"height":368,"caption":"vivaeurovision"},"image":{"@id":"https:\/\/www.vivaeurovision.com\/#\/schema\/logo\/image\/"}},{"@type":"Person","@id":"https:\/\/www.vivaeurovision.com\/#\/schema\/person\/1d31fdaa3f5f7df556f73d164bd3c47a","name":"Pedro Palomo","image":{"@type":"ImageObject","inLanguage":"es","@id":"https:\/\/secure.gravatar.com\/avatar\/4cf9a4877f5f71f44fb7cedbe1bac1bd28bd8ce7a217517d98d5b2117f9f5505?s=96&d=mm&r=g","url":"https:\/\/secure.gravatar.com\/avatar\/4cf9a4877f5f71f44fb7cedbe1bac1bd28bd8ce7a217517d98d5b2117f9f5505?s=96&d=mm&r=g","contentUrl":"https:\/\/secure.gravatar.com\/avatar\/4cf9a4877f5f71f44fb7cedbe1bac1bd28bd8ce7a217517d98d5b2117f9f5505?s=96&d=mm&r=g","caption":"Pedro Palomo"},"sameAs":["http:\/\/www.vivaeurovision.com","@pedrobcn","https:\/\/x.com\/@pedropalomobcn"]}]}},"_links":{"self":[{"href":"https:\/\/www.vivaeurovision.com\/index.php\/wp-json\/wp\/v2\/posts\/14973","targetHints":{"allow":["GET"]}}],"collection":[{"href":"https:\/\/www.vivaeurovision.com\/index.php\/wp-json\/wp\/v2\/posts"}],"about":[{"href":"https:\/\/www.vivaeurovision.com\/index.php\/wp-json\/wp\/v2\/types\/post"}],"author":[{"embeddable":true,"href":"https:\/\/www.vivaeurovision.com\/index.php\/wp-json\/wp\/v2\/users\/1"}],"replies":[{"embeddable":true,"href":"https:\/\/www.vivaeurovision.com\/index.php\/wp-json\/wp\/v2\/comments?post=14973"}],"version-history":[{"count":2,"href":"https:\/\/www.vivaeurovision.com\/index.php\/wp-json\/wp\/v2\/posts\/14973\/revisions"}],"predecessor-version":[{"id":15004,"href":"https:\/\/www.vivaeurovision.com\/index.php\/wp-json\/wp\/v2\/posts\/14973\/revisions\/15004"}],"wp:featuredmedia":[{"embeddable":true,"href":"https:\/\/www.vivaeurovision.com\/index.php\/wp-json\/wp\/v2\/media\/15002"}],"wp:attachment":[{"href":"https:\/\/www.vivaeurovision.com\/index.php\/wp-json\/wp\/v2\/media?parent=14973"}],"wp:term":[{"taxonomy":"category","embeddable":true,"href":"https:\/\/www.vivaeurovision.com\/index.php\/wp-json\/wp\/v2\/categories?post=14973"},{"taxonomy":"post_tag","embeddable":true,"href":"https:\/\/www.vivaeurovision.com\/index.php\/wp-json\/wp\/v2\/tags?post=14973"}],"curies":[{"name":"wp","href":"https:\/\/api.w.org\/{rel}","templated":true}]}}