{"id":15064,"date":"2026-08-31T16:03:22","date_gmt":"2026-08-31T16:03:22","guid":{"rendered":"https:\/\/www.vivaeurovision.com\/?p=15064"},"modified":"2026-08-31T16:03:23","modified_gmt":"2026-08-31T16:03:23","slug":"15064-rtve-premios-juventud","status":"publish","type":"post","link":"https:\/\/www.vivaeurovision.com\/index.php\/2026\/08\/31\/15064-rtve-premios-juventud\/","title":{"rendered":"Los Premios Juventud, se celebran por primera vez en Espa\u00f1a y entre los presentadores estar\u00e1 Jes\u00fas V\u00e1zquez"},"content":{"rendered":"\n<p class=\"s12\"><span class=\"s10\"><span class=\"bumpedFont15\">RTVE<\/span><\/span> <span class=\"s11\"><span class=\"bumpedFont15\">y<\/span><\/span> <span class=\"s10\"><span class=\"bumpedFont15\">Televisa<\/span><\/span><span class=\"s10\"><span class=\"bumpedFont15\">Univisi\u00f3n<\/span><\/span> <span class=\"s11\"><span class=\"bumpedFont15\">h<\/span><\/span><span class=\"s11\"><span class=\"bumpedFont15\">an <\/span><\/span><span class=\"s11\"><span class=\"bumpedFont15\">dado a conocer <\/span><\/span><span class=\"s11\"><span class=\"bumpedFont15\">este lu<\/span><\/span><span class=\"s11\"><span class=\"bumpedFont15\">nes<\/span><\/span> <span class=\"s11\"><span class=\"bumpedFont15\">las<\/span><\/span><span class=\"s11\"><span class=\"bumpedFont15\">novedades de los <\/span><\/span><span class=\"s10\"><span class=\"bumpedFont15\">Premios Juvent<\/span><\/span><span class=\"s10\"><span class=\"bumpedFont15\">ud<\/span><\/span><span class=\"s10\"><span class=\"bumpedFont15\"> 2026, <\/span><\/span><span class=\"s11\"><span class=\"bumpedFont15\">una edici\u00f3n hist\u00f3rica <\/span><\/span><span class=\"s11\"><span class=\"bumpedFont15\">que celebra <\/span><\/span><span class=\"s11\"><span class=\"bumpedFont15\">su primera gala <\/span><\/span><span class=\"s11\"><span class=\"bumpedFont15\">en Europa<\/span><\/span><span class=\"s11\"><span class=\"bumpedFont15\"> y, en concreto, en Espa\u00f1a<\/span><\/span><span class=\"s11\"><span class=\"bumpedFont15\">, <\/span><\/span><span class=\"s11\"><span class=\"bumpedFont15\">gracias a la <\/span><\/span><span class=\"s11\"><span class=\"bumpedFont15\">alianza estr<\/span><\/span><span class=\"s11\"><span class=\"bumpedFont15\">at\u00e9gica<\/span><\/span><span class=\"s11\"><span class=\"bumpedFont15\"> entre <\/span><\/span><span class=\"s10\"><span class=\"bumpedFont15\">RTVE, Televisa<\/span><\/span><span class=\"s10\"><span class=\"bumpedFont15\">Univisi\u00f3n y Starlite<\/span><\/span><span class=\"s11\"><span class=\"bumpedFont15\">.<\/span><\/span> <span class=\"s11\"><span class=\"bumpedFont15\">La gal<\/span><\/span><span class=\"s11\"><span class=\"bumpedFont15\">a <\/span><\/span><span class=\"s11\"><span class=\"bumpedFont15\">s<\/span><\/span><span class=\"s11\"><span class=\"bumpedFont15\">e emitir\u00e1 en La 2 e<\/span><\/span><span class=\"s11\"><span class=\"bumpedFont15\">ste<\/span><\/span><span class=\"s11\"><span class=\"bumpedFont15\">jueves 3 de s<\/span><\/span><span class=\"s11\"><span class=\"bumpedFont15\">eptiembre<\/span><\/span> <span class=\"s11\"><span class=\"bumpedFont15\">desde e<\/span><\/span><span class=\"s11\"><span class=\"bumpedFont15\">l auditorio Starlite Marbella<\/span><\/span><span class=\"s11\"><span class=\"bumpedFont15\">. Desde las 22:30 h<\/span><\/span><span class=\"s11\"><span class=\"bumpedFont15\">oras la cadena ofrecer\u00e1 un<\/span><\/span><span class=\"s11\"><span class=\"bumpedFont15\"> resumen de<\/span><\/span><span class=\"s11\"><span class=\"bumpedFont15\">l desfile <\/span><\/span><span class=\"s11\"><span class=\"bumpedFont15\">previo <\/span><\/span><span class=\"s11\"><span class=\"bumpedFont15\">de estrellas por la alfombra<\/span><\/span><span class=\"s11\"><span class=\"bumpedFont15\"> roja y, a<\/span><\/span><span class=\"s11\"><span class=\"bumpedFont15\"> continuaci<\/span><\/span><span class=\"s11\"><span class=\"bumpedFont15\">\u00f3n, la <\/span><\/span><span class=\"s11\"><span class=\"bumpedFont15\">ceremonia<\/span><\/span><span class=\"s11\"><span class=\"bumpedFont15\"> presentada por <\/span><\/span><span class=\"s10\"><span class=\"bumpedFont15\">Jes\u00fas V\u00e1z<\/span><\/span><span class=\"s10\"><span class=\"bumpedFont15\">quez, Alejandra Espinoz<\/span><\/span><span class=\"s10\"><span class=\"bumpedFont15\">a y Clarissa Molina<\/span><\/span><span class=\"s11\"><span class=\"bumpedFont15\">.<\/span><\/span> <span class=\"s10\"><span class=\"bumpedFont15\">RTV<\/span><\/span><span class=\"s10\"><span class=\"bumpedFont15\">E Play<\/span><\/span><span class=\"s11\"><span class=\"bumpedFont15\"> ofrecer\u00e1<\/span><\/span><span class=\"s11\"><span class=\"bumpedFont15\"> desde las 18<\/span><\/span><span class=\"s11\"><span class=\"bumpedFont15\">:30 horas<\/span><\/span><span class=\"s11\"><span class=\"bumpedFont15\"> la alfombra roja <\/span><\/span><span class=\"s11\"><span class=\"bumpedFont15\">previ<\/span><\/span><span class=\"s11\"><span class=\"bumpedFont15\">a <\/span><\/span><span class=\"s11\"><span class=\"bumpedFont15\">con una se\u00f1al personalizada<\/span><\/span><span class=\"s11\"><span class=\"bumpedFont15\">.<\/span><\/span><\/p>\n<p><img loading=\"lazy\" decoding=\"async\" class=\"alignnone size-medium wp-image-15075\" src=\"https:\/\/www.vivaeurovision.com\/wp-content\/uploads\/2026\/08\/06_Premios-Juventud_Jesus-Vazquez-300x178.jpeg\" alt=\"\" width=\"300\" height=\"178\" srcset=\"https:\/\/www.vivaeurovision.com\/wp-content\/uploads\/2026\/08\/06_Premios-Juventud_Jesus-Vazquez-300x178.jpeg 300w, https:\/\/www.vivaeurovision.com\/wp-content\/uploads\/2026\/08\/06_Premios-Juventud_Jesus-Vazquez-700x415.jpeg 700w, https:\/\/www.vivaeurovision.com\/wp-content\/uploads\/2026\/08\/06_Premios-Juventud_Jesus-Vazquez-1536x910.jpeg 1536w, https:\/\/www.vivaeurovision.com\/wp-content\/uploads\/2026\/08\/06_Premios-Juventud_Jesus-Vazquez.jpeg 1920w\" sizes=\"auto, (max-width: 300px) 100vw, 300px\" \/> <img loading=\"lazy\" decoding=\"async\" class=\"alignnone size-medium wp-image-15076\" src=\"https:\/\/www.vivaeurovision.com\/wp-content\/uploads\/2026\/08\/03_Premios-Juventud_Jesus-Vazquez-y-Alejandra-Espinoza-300x270.jpeg\" alt=\"\" width=\"300\" height=\"270\" srcset=\"https:\/\/www.vivaeurovision.com\/wp-content\/uploads\/2026\/08\/03_Premios-Juventud_Jesus-Vazquez-y-Alejandra-Espinoza-300x270.jpeg 300w, https:\/\/www.vivaeurovision.com\/wp-content\/uploads\/2026\/08\/03_Premios-Juventud_Jesus-Vazquez-y-Alejandra-Espinoza-700x630.jpeg 700w, https:\/\/www.vivaeurovision.com\/wp-content\/uploads\/2026\/08\/03_Premios-Juventud_Jesus-Vazquez-y-Alejandra-Espinoza-1536x1382.jpeg 1536w, https:\/\/www.vivaeurovision.com\/wp-content\/uploads\/2026\/08\/03_Premios-Juventud_Jesus-Vazquez-y-Alejandra-Espinoza.jpeg 1920w\" sizes=\"auto, (max-width: 300px) 100vw, 300px\" \/> <img loading=\"lazy\" decoding=\"async\" class=\"alignnone size-medium wp-image-15077\" src=\"https:\/\/www.vivaeurovision.com\/wp-content\/uploads\/2026\/08\/01_Premios-Juventud_Foto-familia-300x188.jpeg\" alt=\"\" width=\"300\" height=\"188\" srcset=\"https:\/\/www.vivaeurovision.com\/wp-content\/uploads\/2026\/08\/01_Premios-Juventud_Foto-familia-300x188.jpeg 300w, https:\/\/www.vivaeurovision.com\/wp-content\/uploads\/2026\/08\/01_Premios-Juventud_Foto-familia-700x440.jpeg 700w, https:\/\/www.vivaeurovision.com\/wp-content\/uploads\/2026\/08\/01_Premios-Juventud_Foto-familia-1536x965.jpeg 1536w, https:\/\/www.vivaeurovision.com\/wp-content\/uploads\/2026\/08\/01_Premios-Juventud_Foto-familia.jpeg 1920w\" sizes=\"auto, (max-width: 300px) 100vw, 300px\" \/><\/p>\n<p class=\"s12\"><span class=\"s11\"><span class=\"bumpedFont15\">La presentaci<\/span><\/span><span class=\"s11\"><span class=\"bumpedFont15\">\u00f3n de<\/span><\/span><span class=\"s11\"><span class=\"bumpedFont15\">l acto<\/span><\/span><span class=\"s11\"><span class=\"bumpedFont15\">, celebrad<\/span><\/span><span class=\"s11\"><span class=\"bumpedFont15\">a e<\/span><\/span><span class=\"s11\"><span class=\"bumpedFont15\">n <\/span><\/span><span class=\"s11\"><span class=\"bumpedFont15\">Torrespa\u00f1a<\/span><\/span><span class=\"s11\"><span class=\"bumpedFont15\">,<\/span><\/span> <span class=\"s11\"><span class=\"bumpedFont15\">ha estado conducid<\/span><\/span><span class=\"s11\"><span class=\"bumpedFont15\">a<\/span><\/span><span class=\"s11\"><span class=\"bumpedFont15\"> por <\/span><\/span><span class=\"s11\"><span class=\"bumpedFont15\">la <\/span><\/span><span class=\"s11\"><span class=\"bumpedFont15\">directora de Comunicaci\u00f3n y<\/span><\/span><span class=\"s11\"><span class=\"bumpedFont15\"> Participaci\u00f3n de <\/span><\/span><span class=\"s11\"><span class=\"bumpedFont15\">RTVE<\/span><\/span><span class=\"s11\"><span class=\"bumpedFont15\">, <\/span><\/span><span class=\"s10\"><span class=\"bumpedFont15\">Mar\u00eda Eizaguirre<\/span><\/span><span class=\"s11\"><span class=\"bumpedFont15\">, que ha <\/span><\/span><span class=\"s11\"><span class=\"bumpedFont15\">destacado<\/span><\/span> <span class=\"s11\"><span class=\"bumpedFont15\">l<\/span><\/span><span class=\"s11\"><span class=\"bumpedFont15\">a llegada de<\/span><\/span><span class=\"s11\"><span class=\"bumpedFont15\">\u201c<\/span><\/span><span class=\"s11\"><span class=\"bumpedFont15\">nuevos <\/span><\/span><span class=\"s11\"><span class=\"bumpedFont15\">proyectos<\/span><\/span><span class=\"s11\"><span class=\"bumpedFont15\"> y<\/span><\/span><span class=\"s11\"><span class=\"bumpedFont15\"> nuevas ilusiones<\/span><\/span><span class=\"s11\"><span class=\"bumpedFont15\">\u201d<\/span><\/span> <span class=\"s11\"><span class=\"bumpedFont15\">para la nueva temporada de RTVE, <\/span><\/span><span class=\"s11\"><span class=\"bumpedFont15\">entre ello<\/span><\/span><span class=\"s11\"><span class=\"bumpedFont15\">s<\/span><\/span><span class=\"s11\"><span class=\"bumpedFont15\">,<\/span><\/span> <span class=\"s11\"><span class=\"bumpedFont15\">\u201c<\/span><\/span><span class=\"s11\"><span class=\"bumpedFont15\">algunos llenos de m\u00fasica<\/span><\/span><span class=\"s11\"><span class=\"bumpedFont15\">\u201d<\/span><\/span><span class=\"s11\"><span class=\"bumpedFont15\">,<\/span><\/span> <span class=\"s11\"><span class=\"bumpedFont15\">como <\/span><\/span><span class=\"s11\"><span class=\"bumpedFont15\">los Premios Juve<\/span><\/span><span class=\"s11\"><span class=\"bumpedFont15\">ntu<\/span><\/span><span class=\"s11\"><span class=\"bumpedFont15\">d<\/span><\/span><span class=\"s11\"><span class=\"bumpedFont15\">.<\/span><\/span><\/p>\n<p class=\"s12\"><span class=\"s10\"><span class=\"bumpedFont15\">An<\/span><\/span><span class=\"s10\"><span class=\"bumpedFont15\">a Mar\u00eda Bord<\/span><\/span><span class=\"s10\"><span class=\"bumpedFont15\">as<\/span><\/span><span class=\"s11\"><span class=\"bumpedFont15\">, directora de<\/span><\/span><span class=\"s11\"><span class=\"bumpedFont15\"> Producci\u00f3n de<\/span><\/span> <span class=\"s11\"><span class=\"bumpedFont15\">C<\/span><\/span><span class=\"s11\"><span class=\"bumpedFont15\">ontenidos de RTVE, qu<\/span><\/span><span class=\"s11\"><span class=\"bumpedFont15\">ien ha se\u00f1alado <\/span><\/span><span class=\"s11\"><span class=\"bumpedFont15\">la buena <\/span><\/span><span class=\"s11\"><span class=\"bumpedFont15\">relaci\u00f3n y <\/span><\/span><span class=\"s11\"><span class=\"bumpedFont15\">s<\/span><\/span><span class=\"s11\"><span class=\"bumpedFont15\">inton\u00eda entre RTVE <\/span><\/span><span class=\"s11\"><span class=\"bumpedFont15\">y<\/span><\/span><span class=\"s11\"><span class=\"bumpedFont15\"> Univisi\u00f3n <\/span><\/span><span class=\"s11\"><span class=\"bumpedFont15\">desde el<\/span><\/span><span class=\"s11\"><span class=\"bumpedFont15\"> marco de colaboraci\u00f3n<\/span><\/span> <span class=\"s11\"><span class=\"bumpedFont15\">en<\/span><\/span> <span class=\"s11\"><span class=\"bumpedFont15\">los Latin Grammy<\/span><\/span><span class=\"s11\"><span class=\"bumpedFont15\">s<\/span><\/span> <span class=\"s11\"><span class=\"bumpedFont15\">de<\/span><\/span><span class=\"s11\"><span class=\"bumpedFont15\"> Sevilla<\/span><\/span><span class=\"s11\"><span class=\"bumpedFont15\">, <\/span><\/span><span class=\"s11\"><span class=\"bumpedFont15\">as\u00ed como<\/span><\/span><span class=\"s11\"><span class=\"bumpedFont15\"> la<\/span><\/span> <span class=\"s11\"><span class=\"bumpedFont15\">colabora<\/span><\/span><span class=\"s11\"><span class=\"bumpedFont15\">ci\u00f3n<\/span><\/span><span class=\"s11\"><span class=\"bumpedFont15\"> en<\/span><\/span><span class=\"s11\"><span class=\"bumpedFont15\"> el Benidorm Fest. <\/span><\/span><span class=\"s11\"><span class=\"bumpedFont15\">\u201c<\/span><\/span><span class=\"s11\"><span class=\"bumpedFont15\">Uni<\/span><\/span><span class=\"s11\"><span class=\"bumpedFont15\">visi\u00f3n es un <\/span><\/span><span class=\"s11\"><span class=\"bumpedFont15\">partner <\/span><\/span><span class=\"s11\"><span class=\"bumpedFont15\">muy interesante para nosotros<\/span><\/span><span class=\"s11\"><span class=\"bumpedFont15\">. <\/span><\/span><span class=\"s11\"><span class=\"bumpedFont15\">Son <\/span><\/span><span class=\"s11\"><span class=\"bumpedFont15\">dos<\/span><\/span><span class=\"s11\"><span class=\"bumpedFont15\"> mercado<\/span><\/span><span class=\"s11\"><span class=\"bumpedFont15\">s que se unen y que se quieren<\/span><\/span><span class=\"s11\"><span class=\"bumpedFont15\">\u201d<\/span><\/span><span class=\"s11\"><span class=\"bumpedFont15\">, ha destacad<\/span><\/span><span class=\"s11\"><span class=\"bumpedFont15\">o<\/span><\/span><span class=\"s11\"><span class=\"bumpedFont15\">.<\/span><\/span><\/p>\n<p class=\"s12\"><span class=\"s10\"><span class=\"bumpedFont15\">Omar Fajer<\/span><\/span><span class=\"s11\"><span class=\"bumpedFont15\">, <\/span><\/span><span class=\"s11\"><span class=\"bumpedFont15\">representante<\/span><\/span> <span class=\"s11\"><span class=\"bumpedFont15\">de Univisi\u00f3n<\/span><\/span><span class=\"s11\"><span class=\"bumpedFont15\">, <\/span><\/span><span class=\"s11\"><span class=\"bumpedFont15\">se ha mostrado <\/span><\/span><span class=\"s11\"><span class=\"bumpedFont15\">agradecido a RTVE y contento de poder celebrar <\/span><\/span><span class=\"s11\"><span class=\"bumpedFont15\">en Espa\u00f1a<\/span><\/span><span class=\"s11\"><span class=\"bumpedFont15\"> un evento que va a contar con m\u00e1s de 45 artistas<\/span><\/span><span class=\"s11\"><span class=\"bumpedFont15\">. <\/span><\/span><span class=\"s11\"><span class=\"bumpedFont15\">\u201c<\/span><\/span><span class=\"s11\"><span class=\"bumpedFont15\">Estos Premios Juventud va<\/span><\/span><span class=\"s11\"><span class=\"bumpedFont15\">n<\/span><\/span><span class=\"s11\"><span class=\"bumpedFont15\"> a ser un antes y un despu\u00e9s. <\/span><\/span><span class=\"s11\"><span class=\"bumpedFont15\">El fe<\/span><\/span><span class=\"s11\"><span class=\"bumpedFont15\">n\u00f3<\/span><\/span><span class=\"s11\"><span class=\"bumpedFont15\">meno de la m\u00fasica latina e<\/span><\/span><span class=\"s11\"><span class=\"bumpedFont15\">s a nivel mundial. <\/span><\/span><span class=\"s11\"><span class=\"bumpedFont15\">Lo que nos une es el idioma y la m\u00fasica<\/span><\/span><span class=\"s11\"><span class=\"bumpedFont15\">. Que la gente los comente<\/span><\/span><span class=\"s11\"><span class=\"bumpedFont15\"> y disfrute desde casa<\/span><\/span><span class=\"s11\"><span class=\"bumpedFont15\">\u201d<\/span><\/span><span class=\"s11\"><span class=\"bumpedFont15\">.<\/span><\/span><\/p>\n<p class=\"s12\"><span class=\"s10\"><span class=\"bumpedFont15\">Jes\u00fas V\u00e1zquez<\/span><\/span><span class=\"s11\"><span class=\"bumpedFont15\"> ha reconocido que es un honor poder conducir la gala <\/span><\/span><span class=\"s11\"><span class=\"bumpedFont15\">de <\/span><\/span><span class=\"s11\"><span class=\"bumpedFont15\">\u201c<\/span><\/span><span class=\"s11\"><span class=\"bumpedFont15\">un<\/span><\/span><span class=\"s11\"><span class=\"bumpedFont15\">os premios que reconocen la m\u00fasica y la cultura<\/span><\/span><span class=\"s11\"><span class=\"bumpedFont15\">\u201d<\/span><\/span> <span class=\"s11\"><span class=\"bumpedFont15\">y <\/span><\/span><span class=\"s11\"><span class=\"bumpedFont15\">en una <\/span><\/span><span class=\"s11\"><span class=\"bumpedFont15\">\u201c<\/span><\/span><span class=\"s11\"><span class=\"bumpedFont15\">noche que prome<\/span><\/span><span class=\"s11\"><span class=\"bumpedFont15\">te mucho<\/span><\/span><span class=\"s11\"><span class=\"bumpedFont15\">\u201d<\/span><\/span><span class=\"s11\"><span class=\"bumpedFont15\">. <\/span><\/span><span class=\"s11\"><span class=\"bumpedFont15\">\u201d<\/span><\/span><span class=\"s11\"><span class=\"bumpedFont15\">Creo que va a ser un evento inolvidable.<\/span><\/span> <span class=\"s11\"><span class=\"bumpedFont15\">Ser anfitriones es un honor. Va <\/span><\/span><span class=\"s11\"><span class=\"bumpedFont15\">a ser muy interesante e<\/span><\/span><span class=\"s11\"><span class=\"bumpedFont15\">l encuentro entre ambas televisiones<\/span><\/span><span class=\"s11\"><span class=\"bumpedFont15\">\u201d<\/span><\/span><span class=\"s11\"><span class=\"bumpedFont15\">, h<\/span><\/span><span class=\"s11\"><span class=\"bumpedFont15\">a a\u00f1adido.<\/span><\/span><\/p>\n<p class=\"s12\"><span class=\"s11\"><span class=\"bumpedFont15\">El<\/span><\/span><span class=\"s11\"><span class=\"bumpedFont15\"> acto<\/span><\/span> <span class=\"s11\"><span class=\"bumpedFont15\">ha contado<\/span><\/span> <span class=\"s11\"><span class=\"bumpedFont15\">con<\/span><\/span><span class=\"s11\"><span class=\"bumpedFont15\"> la presencia de una de las dos presentadoras que<\/span><\/span><span class=\"s11\"><span class=\"bumpedFont15\"> le<\/span><\/span> <span class=\"s11\"><span class=\"bumpedFont15\">acompa\u00f1ar\u00e1n<\/span><\/span><span class=\"s11\"><span class=\"bumpedFont15\">, <\/span><\/span><span class=\"s10\"><span class=\"bumpedFont15\">Alejandra<\/span><\/span><span class=\"s10\"><span class=\"bumpedFont15\"> Espino<\/span><\/span><span class=\"s10\"><span class=\"bumpedFont15\">za<\/span><\/span><span class=\"s11\"><span class=\"bumpedFont15\">, <\/span><\/span><span class=\"s11\"><span class=\"bumpedFont15\">quien ya sabe lo que es c<\/span><\/span><span class=\"s11\"><span class=\"bumpedFont15\">onducir siete<\/span><\/span><span class=\"s11\"><span class=\"bumpedFont15\"> gala<\/span><\/span><span class=\"s11\"><span class=\"bumpedFont15\">s<\/span><\/span><span class=\"s11\"><span class=\"bumpedFont15\"> de estos premios<\/span><\/span><span class=\"s11\"><span class=\"bumpedFont15\"> has<\/span><\/span><span class=\"s11\"><span class=\"bumpedFont15\">ta la fecha.<\/span><\/span> <span class=\"s11\"><span class=\"bumpedFont15\">\u00ab<\/span><\/span><span class=\"s11\"><span class=\"bumpedFont15\">S<\/span><\/span><span class=\"s11\"><span class=\"bumpedFont15\">iempre es un honor presentar este evento<\/span><\/span><span class=\"s11\"><span class=\"bumpedFont15\">\u201d<\/span><\/span><span class=\"s11\"><span class=\"bumpedFont15\">. <\/span><\/span><span class=\"s11\"><span class=\"bumpedFont15\">\u201c<\/span><\/span><span class=\"s11\"><span class=\"bumpedFont15\">S\u00e9<\/span><\/span><span class=\"s11\"><span class=\"bumpedFont15\"> lo talentoso que es Jes\u00fas y me encanta aprender <\/span><\/span><span class=\"s11\"><span class=\"bumpedFont15\">de<\/span><\/span><span class=\"s11\"><span class=\"bumpedFont15\"> personas como \u00e9l. Me siento bendecida y afortunada. La q<\/span><\/span><span class=\"s11\"><span class=\"bumpedFont15\">uimica <\/span><\/span><span class=\"s11\"><span class=\"bumpedFont15\">entr<\/span><\/span><span class=\"s11\"><span class=\"bumpedFont15\">e los tres <\/span><\/span><span class=\"s11\"><span class=\"bumpedFont15\">va a ser buena<\/span><\/span><span class=\"s11\"><span class=\"bumpedFont15\">\u201d<\/span><\/span><span class=\"s11\"><span class=\"bumpedFont15\">, ha <\/span><\/span><span class=\"s11\"><span class=\"bumpedFont15\">se\u00f1alado la actriz y presentadora mexicana.<\/span><\/span><\/p>\n<p class=\"s12\"><span class=\"s13\"><span class=\"bumpedFont15\">\u2018<\/span><\/span><span class=\"s13\"><span class=\"bumpedFont15\">Noche de<\/span><\/span><span class=\"s13\"><span class=\"bumpedFont15\"> es<\/span><\/span><span class=\"s13\"><span class=\"bumpedFont15\">t<\/span><\/span><span class=\"s13\"><span class=\"bumpedFont15\">rellas<\/span><\/span><span class=\"s13\"><span class=\"bumpedFont15\">\u2019<\/span><\/span><span class=\"s13\"><span class=\"bumpedFont15\">, la <\/span><\/span><span class=\"s13\"><span class=\"bumpedFont15\">alfombra roja de<\/span><\/span><span class=\"s13\"><span class=\"bumpedFont15\"> la noche<\/span><\/span><\/p>\n<p class=\"s12\"><span class=\"s11\"><span class=\"bumpedFont15\">Antes de l<\/span><\/span><span class=\"s11\"><span class=\"bumpedFont15\">a gala<\/span><\/span><span class=\"s11\"><span class=\"bumpedFont15\">, <\/span><\/span><span class=\"s10\"><span class=\"bumpedFont15\">\u2018<\/span><\/span><span class=\"s10\"><span class=\"bumpedFont15\">Noche de Estr<\/span><\/span><span class=\"s10\"><span class=\"bumpedFont15\">ellas<\/span><\/span><span class=\"s10\"><span class=\"bumpedFont15\">\u2019<\/span><\/span><span class=\"s11\"><span class=\"bumpedFont15\">, <\/span><\/span><span class=\"s11\"><span class=\"bumpedFont15\">un especial desde la<\/span><\/span><span class=\"s11\"><span class=\"bumpedFont15\">alfombra roja con entr<\/span><\/span><span class=\"s11\"><span class=\"bumpedFont15\">ev<\/span><\/span><span class=\"s11\"><span class=\"bumpedFont15\">istas exclusivas a los artistas<\/span><\/span><span class=\"s11\"><span class=\"bumpedFont15\">, <\/span><\/span><span class=\"s11\"><span class=\"bumpedFont15\">n<\/span><\/span><span class=\"s11\"><span class=\"bumpedFont15\">\u00fameros<\/span><\/span><span class=\"s11\"><span class=\"bumpedFont15\">music<\/span><\/span><span class=\"s11\"><span class=\"bumpedFont15\">a<\/span><\/span><span class=\"s11\"><span class=\"bumpedFont15\">les<\/span><\/span><span class=\"s11\"><span class=\"bumpedFont15\">, el an\u00e1lisis m\u00e1s divertido de los <\/span><\/span><span class=\"s14\"><span class=\"bumpedFont15\">looks<\/span><\/span><span class=\"s11\"><span class=\"bumpedFont15\"> de las <\/span><\/span><span class=\"s11\"><span class=\"bumpedFont15\">estrellas<\/span><\/span><span class=\"s11\"><span class=\"bumpedFont15\"> y acce<\/span><\/span><span class=\"s11\"><span class=\"bumpedFont15\">so a lo que<\/span><\/span><span class=\"s11\"><span class=\"bumpedFont15\"> ocurre detr\u00e1s de <\/span><\/span><span class=\"s11\"><span class=\"bumpedFont15\">las c\u00e1maras<\/span><\/span><span class=\"s11\"><span class=\"bumpedFont15\">.<\/span><\/span><\/p>\n<p class=\"s12\"><span class=\"s11\"><span class=\"bumpedFont15\">Todo ell<\/span><\/span><span class=\"s11\"><span class=\"bumpedFont15\">o<\/span><\/span><span class=\"s11\"><span class=\"bumpedFont15\">, de la mano de seis presentadores con una conexi\u00f3n especial con e<\/span><\/span><span class=\"s11\"><span class=\"bumpedFont15\">l p\u00fablico: <\/span><\/span><span class=\"s10\"><span class=\"bumpedFont15\">Lola Lolita<\/span><\/span><span class=\"s11\"><span class=\"bumpedFont15\">,<\/span><\/span> <span class=\"s10\"><span class=\"bumpedFont15\">Sof\u00eda <\/span><\/span><span class=\"s10\"><span class=\"bumpedFont15\">S<\/span><\/span><span class=\"s10\"><span class=\"bumpedFont15\">urfer<\/span><\/span><span class=\"s10\"><span class=\"bumpedFont15\">s<\/span><\/span><span class=\"s10\"><span class=\"bumpedFont15\">, <\/span><\/span><span class=\"s10\"><span class=\"bumpedFont15\">Borja Voces<\/span><\/span><span class=\"s11\"><span class=\"bumpedFont15\">, <\/span><\/span><span class=\"s10\"><span class=\"bumpedFont15\">Jorge <\/span><\/span><span class=\"s10\"><span class=\"bumpedFont15\">Bernal<\/span><\/span><span class=\"s10\"><span class=\"bumpedFont15\">, <\/span><\/span><span class=\"s10\"><span class=\"bumpedFont15\">Pauli<\/span><\/span><span class=\"s10\"><span class=\"bumpedFont15\">na Goto<\/span><\/span> <span class=\"s10\"><span class=\"bumpedFont15\">y <\/span><\/span><span class=\"s10\"><span class=\"bumpedFont15\">Joma<\/span><\/span><span class=\"s10\"><span class=\"bumpedFont15\">ri <\/span><\/span><span class=\"s10\"><span class=\"bumpedFont15\">Goyso<\/span><\/span><span class=\"s11\"><span class=\"bumpedFont15\">.<\/span><\/span> <span class=\"s11\"><span class=\"bumpedFont15\">\u201c<\/span><\/span><span class=\"s11\"><span class=\"bumpedFont15\">La moda crea de todo: amor, odio, comentarios<\/span><\/span><span class=\"s11\"><span class=\"bumpedFont15\">\u2026<\/span><\/span><span class=\"s11\"><span class=\"bumpedFont15\">y la gent<\/span><\/span><span class=\"s11\"><span class=\"bumpedFont15\">e la quiere ver. Los artistas se han dado cuenta de eso y saben q<\/span><\/span><span class=\"s11\"><span class=\"bumpedFont15\">ue pisar la alfombra<\/span><\/span><span class=\"s11\"><span class=\"bumpedFont15\">,<\/span><\/span><span class=\"s11\"><span class=\"bumpedFont15\"> ponerse sus mejores ropa<\/span><\/span><span class=\"s11\"><span class=\"bumpedFont15\">s, ser diferentes<\/span><\/span><span class=\"s11\"><span class=\"bumpedFont15\"> y locos<\/span><\/span> <span class=\"s11\"><span class=\"bumpedFont15\">es importante<\/span><\/span><span class=\"s11\"><span class=\"bumpedFont15\">\u201d<\/span><\/span><span class=\"s11\"><span class=\"bumpedFont15\">, <\/span><\/span><span class=\"s11\"><span class=\"bumpedFont15\">ha se\u00f1alado<\/span><\/span><span class=\"s11\"><span class=\"bumpedFont15\"> Goys<\/span><\/span><span class=\"s11\"><span class=\"bumpedFont15\">o.<\/span><\/span><\/p>\n<p class=\"s12\"><span class=\"s11\"><span class=\"bumpedFont15\">Ad<\/span><\/span><span class=\"s11\"><span class=\"bumpedFont15\">em<\/span><\/span><span class=\"s11\"><span class=\"bumpedFont15\">\u00e1s de la emisi\u00f3n de los prem<\/span><\/span><span class=\"s11\"><span class=\"bumpedFont15\">ios, <\/span><\/span><span class=\"s10\"><span class=\"bumpedFont15\">RTVE Play<\/span><\/span><span class=\"s11\"><span class=\"bumpedFont15\"> ofrecer\u00e1<\/span><\/span><span class=\"s11\"><span class=\"bumpedFont15\"> desde las 18<\/span><\/span><span class=\"s11\"><span class=\"bumpedFont15\">:30 horas<\/span><\/span><span class=\"s11\"><span class=\"bumpedFont15\"> la alfombra roja <\/span><\/span><span class=\"s11\"><span class=\"bumpedFont15\">previ<\/span><\/span><span class=\"s11\"><span class=\"bumpedFont15\">a <\/span><\/span><span class=\"s11\"><span class=\"bumpedFont15\">con una se\u00f1al personalizada<\/span><\/span> <span class=\"s11\"><span class=\"bumpedFont15\">que co<\/span><\/span><span class=\"s11\"><span class=\"bumpedFont15\">ntar\u00e1 con<\/span><\/span><span class=\"s11\"><span class=\"bumpedFont15\"> la reportera <\/span><\/span><span class=\"s10\"><span class=\"bumpedFont15\">Eva Prieto<\/span><\/span><span class=\"s11\"><span class=\"bumpedFont15\"> como conductora<\/span><\/span><span class=\"s11\"><span class=\"bumpedFont15\">, seg\u00fan ha <\/span><\/span><span class=\"s11\"><span class=\"bumpedFont15\">explicado <\/span><\/span><span class=\"s10\"><span class=\"bumpedFont15\">Alberto Fern\u00e1n<\/span><\/span><span class=\"s10\"><span class=\"bumpedFont15\">d<\/span><\/span><span class=\"s10\"><span class=\"bumpedFont15\">e<\/span><\/span><span class=\"s10\"><span class=\"bumpedFont15\">z,<\/span><\/span><span class=\"s11\"><span class=\"bumpedFont15\"> director de RTVE Pla<\/span><\/span><span class=\"s11\"><span class=\"bumpedFont15\">y.<\/span><\/span><\/p>\n<p class=\"s12\"><span class=\"s13\"><span class=\"bumpedFont15\">P<\/span><\/span><span class=\"s13\"><span class=\"bumpedFont15\">remios Juve<\/span><\/span><span class=\"s13\"><span class=\"bumpedFont15\">ntud: <\/span><\/span><span class=\"s13\"><span class=\"bumpedFont15\">lo mejor de la m\u00fasica y la cultura latinas<\/span><\/span><\/p>\n<p class=\"s12\"><span class=\"s11\"><span class=\"bumpedFont15\">L<\/span><\/span><span class=\"s11\"><span class=\"bumpedFont15\">a 23\u00aa edici\u00f3n de los Premios Juventud volver\u00e1 a reunir a los grandes referent<\/span><\/span><span class=\"s11\"><span class=\"bumpedFont15\">e<\/span><\/span><span class=\"s11\"><span class=\"bumpedFont15\">s de la m\u00fasica y la c<\/span><\/span><span class=\"s11\"><span class=\"bumpedFont15\">ultura latinas<\/span><\/span><span class=\"s11\"><span class=\"bumpedFont15\">. <\/span><\/span><span class=\"s11\"><span class=\"bumpedFont15\">Con 50 <\/span><\/span><span class=\"s11\"><span class=\"bumpedFont15\">categor\u00edas que reconocen lo mejor<\/span><\/span><span class=\"s11\"><span class=\"bumpedFont15\"> de<\/span><\/span><span class=\"s11\"><span class=\"bumpedFont15\"> la m\u00fa<\/span><\/span><span class=\"s11\"><span class=\"bumpedFont15\">sica, la televisi\u00f3n, el <\/span><\/span><span class=\"s14\"><span class=\"bumpedFont15\">streaming<\/span><\/span><span class=\"s11\"><span class=\"bumpedFont15\">, los cre<\/span><\/span><span class=\"s11\"><span class=\"bumpedFont15\">adores de contenido y la cultura pop, <\/span><\/span><span class=\"s11\"><span class=\"bumpedFont15\">se consolida<\/span><\/span><span class=\"s11\"><span class=\"bumpedFont15\">n<\/span><\/span><span class=\"s11\"><span class=\"bumpedFont15\"> como el term\u00f3metro de las tendencias y los artistas que marcan el pulso de l<\/span><\/span><span class=\"s11\"><span class=\"bumpedFont15\">as nuevas <\/span><\/span><span class=\"s11\"><span class=\"bumpedFont15\">generacione<\/span><\/span><span class=\"s11\"><span class=\"bumpedFont15\">s.<\/span><\/span><\/p>\n<p class=\"s12\"><span class=\"s10\"><span class=\"bumpedFont15\">Jes\u00fas V\u00e1zquez, Aleja<\/span><\/span><span class=\"s10\"><span class=\"bumpedFont15\">ndra Espinoza y Cla<\/span><\/span><span class=\"s10\"><span class=\"bumpedFont15\">rissa <\/span><\/span><span class=\"s10\"><span class=\"bumpedFont15\">Molina<\/span><\/span><span class=\"s11\"><span class=\"bumpedFont15\"> s<\/span><\/span><span class=\"s11\"><span class=\"bumpedFont15\">er\u00e1<\/span><\/span><span class=\"s11\"><span class=\"bumpedFont15\">n los <\/span><\/span><span class=\"s11\"><span class=\"bumpedFont15\">anfitriones de la gran ceremonia de entreg<\/span><\/span><span class=\"s11\"><span class=\"bumpedFont15\">a de premios<\/span><\/span><span class=\"s11\"><span class=\"bumpedFont15\">, a l<\/span><\/span><span class=\"s11\"><span class=\"bumpedFont15\">a que Car\u00edn Le\u00f3n llega como m\u00e1xim<\/span><\/span><span class=\"s11\"><span class=\"bumpedFont15\">o candidat<\/span><\/span><span class=\"s11\"><span class=\"bumpedFont15\">o, con nueve nominaciones<\/span><\/span><span class=\"s11\"><span class=\"bumpedFont15\">, <\/span><\/span><span class=\"s11\"><span class=\"bumpedFont15\">seguido por Be\u00e9le, Kany Garc\u00eda y Rauw Ale<\/span><\/span><span class=\"s11\"><span class=\"bumpedFont15\">jandro, con siete cad<\/span><\/span><span class=\"s11\"><span class=\"bumpedFont15\">a uno. <\/span><\/span><span class=\"s11\"><span class=\"bumpedFont15\">Eladio Carri\u00f3n, <\/span><\/span><span class=\"s11\"><span class=\"bumpedFont15\">Farruko, Karol G, Manuel Turizo, <\/span><\/span><span class=\"s11\"><span class=\"bumpedFont15\">Ovy<\/span><\/span><span class=\"s11\"><span class=\"bumpedFont15\"> On Th<\/span><\/span><span class=\"s11\"><span class=\"bumpedFont15\">e Drums, Quevedo, Romeo Santos, Shakira y <\/span><\/span><span class=\"s11\"><span class=\"bumpedFont15\">Xavi<\/span><\/span><span class=\"s11\"><span class=\"bumpedFont15\"> cuentan <\/span><\/span><span class=\"s11\"><span class=\"bumpedFont15\">con seis nomin<\/span><\/span><span class=\"s11\"><span class=\"bumpedFont15\">aciones.<\/span><\/span><\/p>\n<p class=\"s12\"><span class=\"s11\"><span class=\"bumpedFont15\">En la gala act<\/span><\/span><span class=\"s11\"><span class=\"bumpedFont15\">uar\u00e1n <\/span><\/span><span class=\"s10\"><span class=\"bumpedFont15\">Quevedo, Morat, Manuel Carrasco, La Oreja de Van Gogh, Ana Mena, Juan Ma<\/span><\/span><span class=\"s10\"><span class=\"bumpedFont15\">g\u00e1n, Marc Anthony, Ya<\/span><\/span><span class=\"s10\"><span class=\"bumpedFont15\">ndel, Wisin, Rous, Mau <\/span><\/span><span class=\"s10\"><span class=\"bumpedFont15\">y Ricky, Greeicy, \u00c1ngela Aguilar,<\/span><\/span><span class=\"s10\"><span class=\"bumpedFont15\">Ar<\/span><\/span><span class=\"s10\"><span class=\"bumpedFont15\">ia Veg<\/span><\/span><span class=\"s10\"><span class=\"bumpedFont15\">a, Christian Nodal, Elvis Crespo, Farruko,<\/span><\/span><span class=\"s10\"><span class=\"bumpedFont15\"> Camilo, DND I Do Not Distur<\/span><\/span><span class=\"s10\"><span class=\"bumpedFont15\">b, Natanael Cano<\/span><\/span><span class=\"s11\"><span class=\"bumpedFont15\">, <\/span><\/span><span class=\"s10\"><span class=\"bumpedFont15\">Alo<\/span><\/span><span class=\"s10\"><span class=\"bumpedFont15\">foke Music, Arlene MC, Fariana Jey One, Kapo, Kenia Os, Kiko el crazy<\/span><\/span><span class=\"s10\"><span class=\"bumpedFont15\">, <\/span><\/span><span class=\"s10\"><span class=\"bumpedFont15\">Xavi<\/span><\/span><span class=\"s11\"><span class=\"bumpedFont15\"> y <\/span><\/span><span class=\"s11\"><span class=\"bumpedFont15\">muchos m\u00e1s.<\/span><\/span><\/p>\n<p class=\"s12\"><span class=\"s11\"><span class=\"bumpedFont15\">Los Premi<\/span><\/span><span class=\"s11\"><span class=\"bumpedFont15\">os Juventud contar\u00e1n ta<\/span><\/span><span class=\"s11\"><span class=\"bumpedFont15\">mbi\u00e9n con grandes figuras <\/span><\/span><span class=\"s11\"><span class=\"bumpedFont15\">reconoc<\/span><\/span><span class=\"s11\"><span class=\"bumpedFont15\">id<\/span><\/span><span class=\"s11\"><span class=\"bumpedFont15\">a<\/span><\/span><span class=\"s11\"><span class=\"bumpedFont15\">s como \u201cagentes de cambio\u201d<\/span><\/span><span class=\"s11\"><span class=\"bumpedFont15\"> por su compromiso con<\/span><\/span><span class=\"s11\"><span class=\"bumpedFont15\">la educaci\u00f3n, la acci\u00f3n social y el desarrollo de<\/span><\/span><span class=\"s11\"><span class=\"bumpedFont15\"> las comunidades. <\/span><\/span><span class=\"s11\"><span class=\"bumpedFont15\">Los homenajeados ser\u00e1n<\/span><\/span> <span class=\"s10\"><span class=\"bumpedFont15\">Antonio Banderas<\/span><\/span><span class=\"s11\"><span class=\"bumpedFont15\">, por su labor filant<\/span><\/span><span class=\"s11\"><span class=\"bumpedFont15\">r\u00f3pica, apoyo al desa<\/span><\/span><span class=\"s11\"><span class=\"bumpedFont15\">rrollo educativo y <\/span><\/span><span class=\"s11\"><span class=\"bumpedFont15\">comp<\/span><\/span><span class=\"s11\"><span class=\"bumpedFont15\">ro<\/span><\/span><span class=\"s11\"><span class=\"bumpedFont15\">miso con los sectores m\u00e1s vulne<\/span><\/span><span class=\"s11\"><span class=\"bumpedFont15\">rab<\/span><\/span><span class=\"s11\"><span class=\"bumpedFont15\">les<\/span><\/span><span class=\"s11\"><span class=\"bumpedFont15\">;<\/span><\/span> <span class=\"s10\"><span class=\"bumpedFont15\">La Oreja de Van Gogh<\/span><\/span><span class=\"s11\"><span class=\"bumpedFont15\">, que durante su trayec<\/span><\/span><span class=\"s11\"><span class=\"bumpedFont15\">toria ha demostrado su a<\/span><\/span><span class=\"s11\"><span class=\"bumpedFont15\">poyo a diversas causas soc<\/span><\/span><span class=\"s11\"><span class=\"bumpedFont15\">iales<\/span><\/span><span class=\"s11\"><span class=\"bumpedFont15\">; <\/span><\/span><span class=\"s11\"><span class=\"bumpedFont15\">el cantante y actor estadounidense <\/span><\/span><span class=\"s10\"><span class=\"bumpedFont15\">Marc Anthony<\/span><\/span><span class=\"s11\"><span class=\"bumpedFont15\">;<\/span><\/span><span class=\"s11\"><span class=\"bumpedFont15\"> y el cantante y compos<\/span><\/span><span class=\"s11\"><span class=\"bumpedFont15\">itor puertorrique\u00f1o <\/span><\/span><span class=\"s10\"><span class=\"bumpedFont15\">Y<\/span><\/span><span class=\"s10\"><span class=\"bumpedFont15\">andel<\/span><\/span><span class=\"s11\"><span class=\"bumpedFont15\">.<\/span><\/span><\/p>\n<p class=\"s12\"><span class=\"s13\"><span class=\"bumpedFont15\">Desfile de estre<\/span><\/span><span class=\"s13\"><span class=\"bumpedFont15\">llas e<\/span><\/span><span class=\"s13\"><span class=\"bumpedFont15\">ntregando premios<\/span><\/span><\/p>\n<p class=\"s12\"><span class=\"s11\"><span class=\"bumpedFont15\">La presen<\/span><\/span><span class=\"s11\"><span class=\"bumpedFont15\">tac<\/span><\/span><span class=\"s11\"><span class=\"bumpedFont15\">i\u00f3n y entrega de los galardones <\/span><\/span><span class=\"s11\"><span class=\"bumpedFont15\">correr\u00e1 a cargo <\/span><\/span><span class=\"s11\"><span class=\"bumpedFont15\">de reconocidos artistas nacionales e <\/span><\/span><span class=\"s11\"><span class=\"bumpedFont15\">internacional<\/span><\/span><span class=\"s11\"><span class=\"bumpedFont15\">es<\/span><\/span><span class=\"s11\"><span class=\"bumpedFont15\">, entre los que se encuentra<\/span><\/span><span class=\"s11\"><span class=\"bumpedFont15\">n <\/span><\/span><span class=\"s11\"><span class=\"bumpedFont15\">algunos con una especial vinculaci\u00f3n con RTVE<\/span><\/span><span class=\"s11\"><span class=\"bumpedFont15\">:<\/span><\/span><span class=\"s11\"><span class=\"bumpedFont15\">los \u00faltimos ganadore<\/span><\/span><span class=\"s11\"><span class=\"bumpedFont15\">s del Benidorm Fest,<\/span><\/span> <a href=\"https:\/\/www.rtve.es\/play\/videos\/benidorm-fest\/actuacion-semifinal-tony-grox-lucycalys-tamare\/16925503\/\"><span class=\"s15\"><span class=\"bumpedFont15\">Tony Grox <\/span><\/span><span class=\"s15\"><span class=\"bumpedFont15\">&amp;<\/span><\/span><span class=\"s15\"><span class=\"bumpedFont15\">LUCYC<\/span><\/span><span class=\"s15\"><span class=\"bumpedFont15\">ALYS<\/span><\/span><\/a><span class=\"s11\"><span class=\"bumpedFont15\">, ganadores tambi\u00e9n del Premio Univisi\u00f3n en el certamen alicantino, prese<\/span><\/span><span class=\"s11\"><span class=\"bumpedFont15\">ntar\u00e1n uno de los <\/span><\/span><span class=\"s11\"><span class=\"bumpedFont15\">Pre<\/span><\/span><span class=\"s11\"><span class=\"bumpedFont15\">mios Juventud. En la li<\/span><\/span><span class=\"s11\"><span class=\"bumpedFont15\">sta de entregadores tambi\u00e9n est\u00e1 <\/span><\/span><span class=\"s10\"><span class=\"bumpedFont15\">Mel<\/span><\/span><span class=\"s10\"><span class=\"bumpedFont15\">ody<\/span><\/span><span class=\"s11\"><span class=\"bumpedFont15\">, ganadora del Benidorm Fest 2025<\/span><\/span><span class=\"s11\"><span class=\"bumpedFont15\">. Y en la li<\/span><\/span><span class=\"s11\"><span class=\"bumpedFont15\">sta de artistas asistentes tambi\u00e9n est\u00e1 <\/span><\/span><span class=\"s10\"><span class=\"bumpedFont15\">ASHA<\/span><\/span><span class=\"s11\"><span class=\"bumpedFont15\">, segu<\/span><\/span><span class=\"s11\"><span class=\"bumpedFont15\">nda clas<\/span><\/span><span class=\"s11\"><span class=\"bumpedFont15\">ificada es<\/span><\/span><span class=\"s11\"><span class=\"bumpedFont15\">te a\u00f1o en Benidorm.<\/span><\/span><\/p>\n<p class=\"s12\"><span class=\"s11\"><span class=\"bumpedFont15\">La <\/span><\/span><span class=\"s11\"><span class=\"bumpedFont15\">n\u00f3mina de artistas que entregar\u00e1n gal<\/span><\/span><span class=\"s11\"><span class=\"bumpedFont15\">ardones se completa c<\/span><\/span><span class=\"s11\"><span class=\"bumpedFont15\">on <\/span><\/span><span class=\"s10\"><span class=\"bumpedFont15\">A<\/span><\/span><span class=\"s10\"><span class=\"bumpedFont15\">mara La negra, <\/span><\/span><span class=\"s10\"><span class=\"bumpedFont15\">Angela L<\/span><\/span><span class=\"s10\"><span class=\"bumpedFont15\">eiva, Boza, Candy Lover, Carlos Baute<\/span><\/span><span class=\"s10\"><span class=\"bumpedFont15\">, Car<\/span><\/span><span class=\"s10\"><span class=\"bumpedFont15\">oline Aqui<\/span><\/span><span class=\"s10\"><span class=\"bumpedFont15\">no, \u00a0Chiqui Baby, Christian <\/span><\/span><span class=\"s10\"><span class=\"bumpedFont15\">Alicea, Chuyi<\/span><\/span><span class=\"s10\"><span class=\"bumpedFont15\">n, Codiciado, Corridos de<\/span><\/span><span class=\"s10\"><span class=\"bumpedFont15\">l rey<\/span><\/span><span class=\"s10\"><span class=\"bumpedFont15\">, D<\/span><\/span><span class=\"s10\"><span class=\"bumpedFont15\">amn<\/span><\/span> <span class=\"s10\"><span class=\"bumpedFont15\">Gold<\/span><\/span><span class=\"s10\"><span class=\"bumpedFont15\">o, Dia, Diego Klein, Edgardo N\u00fa<\/span><\/span><span class=\"s10\"><span class=\"bumpedFont15\">\u00f1<\/span><\/span><span class=\"s10\"><span class=\"bumpedFont15\">ez, <\/span><\/span><span class=\"s10\"><span class=\"bumpedFont15\">Emjay, Fabio Cap<\/span><\/span><span class=\"s10\"><span class=\"bumpedFont15\">ri<\/span><\/span><span class=\"s10\"><span class=\"bumpedFont15\">, <\/span><\/span><span class=\"s10\"><span class=\"bumpedFont15\">Ileana Vel\u00e1zquez, <\/span><\/span><span class=\"s10\"><span class=\"bumpedFont15\">Indy Fo<\/span><\/span><span class=\"s10\"><span class=\"bumpedFont15\">ntaine, Isador<\/span><\/span><span class=\"s10\"><span class=\"bumpedFont15\">a, J Noa, Jackie Guerrido, Jorge Bernal, Judeline, Mariange<\/span><\/span><span class=\"s10\"><span class=\"bumpedFont15\">la, <\/span><\/span><span class=\"s10\"><span class=\"bumpedFont15\">Nic, Oma<\/span><\/span><span class=\"s10\"><span class=\"bumpedFont15\">r Camacho, Paulina Goto, Ra\u00fal de <\/span><\/span><span class=\"s10\"><span class=\"bumpedFont15\">Mol<\/span><\/span><span class=\"s10\"><span class=\"bumpedFont15\">ina, Sebas B\u00e1<\/span><\/span><span class=\"s10\"><span class=\"bumpedFont15\">rcenas<\/span><\/span> <span class=\"s10\"><span class=\"bumpedFont15\">y V<\/span><\/span><span class=\"s10\"><span class=\"bumpedFont15\">icky Van.<\/span><\/span><\/p>\n<p class=\"s12\"><span class=\"s11\"><span class=\"bumpedFont15\">RTVE har\u00e1 po<\/span><\/span><span class=\"s11\"><span class=\"bumpedFont15\">sible as<\/span><\/span><span class=\"s11\"><span class=\"bumpedFont15\">\u00ed la uni<\/span><\/span><span class=\"s11\"><span class=\"bumpedFont15\">\u00f3n de<\/span><\/span><span class=\"s11\"><span class=\"bumpedFont15\">l p\u00fablico y la cultura de ambas orillas del <\/span><\/span><span class=\"s11\"><span class=\"bumpedFont15\">Atl\u00e1ntico, a trav<\/span><\/span><span class=\"s11\"><span class=\"bumpedFont15\">\u00e9<\/span><\/span><span class=\"s11\"><span class=\"bumpedFont15\">s de <\/span><\/span><span class=\"s11\"><span class=\"bumpedFont15\">la emisi\u00f3n de un gran evento que en <\/span><\/span><span class=\"s11\"><span class=\"bumpedFont15\">E<\/span><\/span><span class=\"s11\"><span class=\"bumpedFont15\">stados U<\/span><\/span><span class=\"s11\"><span class=\"bumpedFont15\">nidos, <\/span><\/span><span class=\"s11\"><span class=\"bumpedFont15\">ser\u00e1 retransmitido por<\/span><\/span> <span class=\"s10\"><span class=\"bumpedFont15\">Univision, UNI<\/span><\/span><span class=\"s10\"><span class=\"bumpedFont15\">M\u00c1S, Galavisi\u00f3n, ViX y<\/span><\/span><span class=\"s10\"><span class=\"bumpedFont15\"> YouTube<\/span><\/span><span class=\"s11\"><span class=\"bumpedFont15\">, y <\/span><\/span><span class=\"s11\"><span class=\"bumpedFont15\">en<\/span><\/span> <span class=\"s11\"><span class=\"bumpedFont15\">M\u00e9xico s<\/span><\/span><span class=\"s11\"><span class=\"bumpedFont15\">e emitir\u00e1 por <\/span><\/span><span class=\"s10\"><span class=\"bumpedFont15\">Canal 5<\/span><\/span><span class=\"s11\"><span class=\"bumpedFont15\">.<\/span><\/span><\/p>\n<p>\u00a0<\/p>\n<p>Fuente e im\u00e1genes: RTVE<\/p>\n<p>\u00a0<\/p>\n\n\n\n<figure class=\"wp-block-image\"><img loading=\"lazy\" decoding=\"async\" width=\"300\" height=\"165\" src=\"http:\/\/www.vivaeurovision.com\/wp-content\/uploads\/2016\/01\/image-21-300x165.jpeg\" alt=\"VIVAEUROVISION.COM\" class=\"wp-image-311\" srcset=\"https:\/\/www.vivaeurovision.com\/wp-content\/uploads\/2016\/01\/image-21-300x165.jpeg 300w, https:\/\/www.vivaeurovision.com\/wp-content\/uploads\/2016\/01\/image-21-555x305.jpeg 555w, https:\/\/www.vivaeurovision.com\/wp-content\/uploads\/2016\/01\/image-21.jpeg 669w\" sizes=\"auto, (max-width: 300px) 100vw, 300px\" \/><\/figure>\n\n\n\n<p>Youtube<\/p>\n\n\n\n<p><a href=\"https:\/\/www.youtube.com\/user\/gurrumi\" target=\"_blank\" rel=\"noopener noreferrer\">Pedro Palomo<\/a><\/p>\n\n\n\n<p>Twitter&nbsp;<strong> <a href=\"https:\/\/twitter.com\/viva_eurovision\" target=\"_blank\" rel=\"noopener noreferrer\">@viva_eurovision<\/a>&nbsp; <a href=\"https:\/\/www.facebook.com\/Vivaeurovisioncom-867806686671081\/?fref=nf\" target=\"_blank\" rel=\"noopener noreferrer\">FACEBOOK OFICIAL VIVA EUROVISION <\/a><\/strong>Instragram <strong>&nbsp;<\/strong><a href=\"https:\/\/www.instagram.com\/vivaeurovision\/\" target=\"_blank\" rel=\"noopener noreferrer\"><strong>@vivaeurovision<\/strong><\/a><\/p>\n\n\n\n<p>Redactor: Pedro Palomo <a href=\"https:\/\/twitter.com\/pedropalomobcn?lang=es\"><strong>@pedropalomobcn<\/strong><\/a><strong>&nbsp;<\/strong>Instagram <a href=\"https:\/\/www.instagram.com\/pedrobcn\/\" target=\"_blank\" rel=\"noopener noreferrer\"><strong>@pedrobcn<\/strong><\/a><\/p>\n","protected":false},"excerpt":{"rendered":"<p>RTVE y TelevisaUnivisi\u00f3n han dado a conocer este lunes lasnovedades de los Premios Juventud 2026, una edici\u00f3n hist\u00f3rica que celebra su primera gala en Europa y, en concreto, en Espa\u00f1a,&#46;&#46;&#46;<\/p>\n","protected":false},"author":1,"featured_media":15078,"comment_status":"open","ping_status":"closed","sticky":false,"template":"","format":"standard","meta":{"_exactmetrics_skip_tracking":false,"footnotes":""},"categories":[4,1188,2,875,3,25],"tags":[5224,18,5182,4537,5223,4470],"class_list":["post-15064","post","type-post","status-publish","format-standard","has-post-thumbnail","hentry","category-eurovision","category-noticia-2","category-noticia","category-rincon-vivalamusica","category-ultima-hora","category-webs-amigas","tag-premios-juventud-2026","tag-rtve","tag-rtve-la-casa-de-la-musica","tag-rtve-la-que-quieres","tag-rtve-premios-juventud","tag-vivaeurivision"],"yoast_head":"<!-- This site is optimized with the Yoast SEO plugin v28.3 - https:\/\/yoast.com\/product\/yoast-seo-wordpress\/ -->\n<title>Los Premios Juventud, se celebran por primera vez en Espa\u00f1a y entre los presentadores estar\u00e1 Jes\u00fas V\u00e1zquez - VIVAEUROVISION viva eurovision<\/title>\n<meta name=\"description\" content=\"Rtve premios juventud, premios juventud 2026, rtve la que quieres, rtve, rtve la casa de la m\u00fasica, vivaeurivision, viva eurovision\" \/>\n<meta name=\"robots\" content=\"index, follow, max-snippet:-1, max-image-preview:large, max-video-preview:-1\" \/>\n<link rel=\"canonical\" href=\"https:\/\/www.vivaeurovision.com\/index.php\/2026\/08\/31\/15064-rtve-premios-juventud\/\" \/>\n<meta property=\"og:locale\" content=\"es_ES\" \/>\n<meta property=\"og:type\" content=\"article\" \/>\n<meta property=\"og:title\" content=\"Los Premios Juventud, se celebran por primera vez en Espa\u00f1a y entre los presentadores estar\u00e1 Jes\u00fas V\u00e1zquez - VIVAEUROVISION viva eurovision\" \/>\n<meta property=\"og:description\" content=\"Rtve premios juventud, premios juventud 2026, rtve la que quieres, rtve, rtve la casa de la m\u00fasica, vivaeurivision, viva eurovision\" \/>\n<meta property=\"og:url\" content=\"https:\/\/www.vivaeurovision.com\/index.php\/2026\/08\/31\/15064-rtve-premios-juventud\/\" \/>\n<meta property=\"og:site_name\" content=\"VIVAEUROVISION viva eurovision\" \/>\n<meta property=\"article:published_time\" content=\"2026-08-31T16:03:22+00:00\" \/>\n<meta property=\"article:modified_time\" content=\"2026-08-31T16:03:23+00:00\" \/>\n<meta property=\"og:image\" content=\"https:\/\/www.vivaeurovision.com\/wp-content\/uploads\/2026\/08\/01_Premios-Juventud_Foto-familia-1.jpeg\" \/>\n\t<meta property=\"og:image:width\" content=\"1920\" \/>\n\t<meta property=\"og:image:height\" content=\"1206\" \/>\n\t<meta property=\"og:image:type\" content=\"image\/jpeg\" \/>\n<meta name=\"author\" content=\"Pedro Palomo\" \/>\n<meta name=\"twitter:card\" content=\"summary_large_image\" \/>\n<meta name=\"twitter:creator\" content=\"@pedropalomobcn\" \/>\n<meta name=\"twitter:label1\" content=\"Escrito por\" \/>\n\t<meta name=\"twitter:data1\" content=\"Pedro Palomo\" \/>\n\t<meta name=\"twitter:label2\" content=\"Tiempo de lectura\" \/>\n\t<meta name=\"twitter:data2\" content=\"7 minutos\" \/>\n<script type=\"application\/ld+json\" class=\"yoast-schema-graph\">{\"@context\":\"https:\\\/\\\/schema.org\",\"@graph\":[{\"@type\":\"Article\",\"@id\":\"https:\\\/\\\/www.vivaeurovision.com\\\/index.php\\\/2026\\\/08\\\/31\\\/15064-rtve-premios-juventud\\\/#article\",\"isPartOf\":{\"@id\":\"https:\\\/\\\/www.vivaeurovision.com\\\/index.php\\\/2026\\\/08\\\/31\\\/15064-rtve-premios-juventud\\\/\"},\"author\":{\"name\":\"Pedro Palomo\",\"@id\":\"https:\\\/\\\/www.vivaeurovision.com\\\/#\\\/schema\\\/person\\\/1d31fdaa3f5f7df556f73d164bd3c47a\"},\"headline\":\"Los Premios Juventud, se celebran por primera vez en Espa\u00f1a y entre los presentadores estar\u00e1 Jes\u00fas V\u00e1zquez\",\"datePublished\":\"2026-08-31T16:03:22+00:00\",\"dateModified\":\"2026-08-31T16:03:23+00:00\",\"mainEntityOfPage\":{\"@id\":\"https:\\\/\\\/www.vivaeurovision.com\\\/index.php\\\/2026\\\/08\\\/31\\\/15064-rtve-premios-juventud\\\/\"},\"wordCount\":1344,\"commentCount\":0,\"publisher\":{\"@id\":\"https:\\\/\\\/www.vivaeurovision.com\\\/#organization\"},\"image\":{\"@id\":\"https:\\\/\\\/www.vivaeurovision.com\\\/index.php\\\/2026\\\/08\\\/31\\\/15064-rtve-premios-juventud\\\/#primaryimage\"},\"thumbnailUrl\":\"https:\\\/\\\/www.vivaeurovision.com\\\/wp-content\\\/uploads\\\/2026\\\/08\\\/01_Premios-Juventud_Foto-familia-1.jpeg\",\"keywords\":[\"premios juventud 2026\",\"RTVE\",\"rtve la casa de la m\u00fasica\",\"RTVE la que quieres\",\"Rtve premios juventud\",\"vivaeurivision\"],\"articleSection\":[\"Inicio\",\"Noticia\",\"Noticias\",\"Rinc\u00f3n VIVALAMUSICA\",\"Ultima Hora\",\"Webs Amigas\"],\"inLanguage\":\"es\",\"potentialAction\":[{\"@type\":\"CommentAction\",\"name\":\"Comment\",\"target\":[\"https:\\\/\\\/www.vivaeurovision.com\\\/index.php\\\/2026\\\/08\\\/31\\\/15064-rtve-premios-juventud\\\/#respond\"]}]},{\"@type\":\"WebPage\",\"@id\":\"https:\\\/\\\/www.vivaeurovision.com\\\/index.php\\\/2026\\\/08\\\/31\\\/15064-rtve-premios-juventud\\\/\",\"url\":\"https:\\\/\\\/www.vivaeurovision.com\\\/index.php\\\/2026\\\/08\\\/31\\\/15064-rtve-premios-juventud\\\/\",\"name\":\"Los Premios Juventud, se celebran por primera vez en Espa\u00f1a y entre los presentadores estar\u00e1 Jes\u00fas V\u00e1zquez - VIVAEUROVISION viva eurovision\",\"isPartOf\":{\"@id\":\"https:\\\/\\\/www.vivaeurovision.com\\\/#website\"},\"primaryImageOfPage\":{\"@id\":\"https:\\\/\\\/www.vivaeurovision.com\\\/index.php\\\/2026\\\/08\\\/31\\\/15064-rtve-premios-juventud\\\/#primaryimage\"},\"image\":{\"@id\":\"https:\\\/\\\/www.vivaeurovision.com\\\/index.php\\\/2026\\\/08\\\/31\\\/15064-rtve-premios-juventud\\\/#primaryimage\"},\"thumbnailUrl\":\"https:\\\/\\\/www.vivaeurovision.com\\\/wp-content\\\/uploads\\\/2026\\\/08\\\/01_Premios-Juventud_Foto-familia-1.jpeg\",\"datePublished\":\"2026-08-31T16:03:22+00:00\",\"dateModified\":\"2026-08-31T16:03:23+00:00\",\"description\":\"Rtve premios juventud, premios juventud 2026, rtve la que quieres, rtve, rtve la casa de la m\u00fasica, vivaeurivision, viva eurovision\",\"breadcrumb\":{\"@id\":\"https:\\\/\\\/www.vivaeurovision.com\\\/index.php\\\/2026\\\/08\\\/31\\\/15064-rtve-premios-juventud\\\/#breadcrumb\"},\"inLanguage\":\"es\",\"potentialAction\":[{\"@type\":\"ReadAction\",\"target\":[\"https:\\\/\\\/www.vivaeurovision.com\\\/index.php\\\/2026\\\/08\\\/31\\\/15064-rtve-premios-juventud\\\/\"]}]},{\"@type\":\"ImageObject\",\"inLanguage\":\"es\",\"@id\":\"https:\\\/\\\/www.vivaeurovision.com\\\/index.php\\\/2026\\\/08\\\/31\\\/15064-rtve-premios-juventud\\\/#primaryimage\",\"url\":\"https:\\\/\\\/www.vivaeurovision.com\\\/wp-content\\\/uploads\\\/2026\\\/08\\\/01_Premios-Juventud_Foto-familia-1.jpeg\",\"contentUrl\":\"https:\\\/\\\/www.vivaeurovision.com\\\/wp-content\\\/uploads\\\/2026\\\/08\\\/01_Premios-Juventud_Foto-familia-1.jpeg\",\"width\":1920,\"height\":1206},{\"@type\":\"BreadcrumbList\",\"@id\":\"https:\\\/\\\/www.vivaeurovision.com\\\/index.php\\\/2026\\\/08\\\/31\\\/15064-rtve-premios-juventud\\\/#breadcrumb\",\"itemListElement\":[{\"@type\":\"ListItem\",\"position\":1,\"name\":\"Portada\",\"item\":\"https:\\\/\\\/www.vivaeurovision.com\\\/\"},{\"@type\":\"ListItem\",\"position\":2,\"name\":\"Los Premios Juventud, se celebran por primera vez en Espa\u00f1a y entre los presentadores estar\u00e1 Jes\u00fas V\u00e1zquez\"}]},{\"@type\":\"WebSite\",\"@id\":\"https:\\\/\\\/www.vivaeurovision.com\\\/#website\",\"url\":\"https:\\\/\\\/www.vivaeurovision.com\\\/\",\"name\":\"VIVAEUROVISION viva eurovision\",\"description\":\"Tu portal sobre el Festival de Eurovision, eurovision, eurovisi\u00f3n\",\"publisher\":{\"@id\":\"https:\\\/\\\/www.vivaeurovision.com\\\/#organization\"},\"potentialAction\":[{\"@type\":\"SearchAction\",\"target\":{\"@type\":\"EntryPoint\",\"urlTemplate\":\"https:\\\/\\\/www.vivaeurovision.com\\\/?s={search_term_string}\"},\"query-input\":{\"@type\":\"PropertyValueSpecification\",\"valueRequired\":true,\"valueName\":\"search_term_string\"}}],\"inLanguage\":\"es\"},{\"@type\":\"Organization\",\"@id\":\"https:\\\/\\\/www.vivaeurovision.com\\\/#organization\",\"name\":\"vivaeurovision\",\"url\":\"https:\\\/\\\/www.vivaeurovision.com\\\/\",\"logo\":{\"@type\":\"ImageObject\",\"inLanguage\":\"es\",\"@id\":\"https:\\\/\\\/www.vivaeurovision.com\\\/#\\\/schema\\\/logo\\\/image\\\/\",\"url\":\"https:\\\/\\\/www.vivaeurovision.com\\\/wp-content\\\/uploads\\\/2016\\\/01\\\/cropped-image-21-1.jpeg\",\"contentUrl\":\"https:\\\/\\\/www.vivaeurovision.com\\\/wp-content\\\/uploads\\\/2016\\\/01\\\/cropped-image-21-1.jpeg\",\"width\":669,\"height\":368,\"caption\":\"vivaeurovision\"},\"image\":{\"@id\":\"https:\\\/\\\/www.vivaeurovision.com\\\/#\\\/schema\\\/logo\\\/image\\\/\"}},{\"@type\":\"Person\",\"@id\":\"https:\\\/\\\/www.vivaeurovision.com\\\/#\\\/schema\\\/person\\\/1d31fdaa3f5f7df556f73d164bd3c47a\",\"name\":\"Pedro Palomo\",\"image\":{\"@type\":\"ImageObject\",\"inLanguage\":\"es\",\"@id\":\"https:\\\/\\\/secure.gravatar.com\\\/avatar\\\/4cf9a4877f5f71f44fb7cedbe1bac1bd28bd8ce7a217517d98d5b2117f9f5505?s=96&d=mm&r=g\",\"url\":\"https:\\\/\\\/secure.gravatar.com\\\/avatar\\\/4cf9a4877f5f71f44fb7cedbe1bac1bd28bd8ce7a217517d98d5b2117f9f5505?s=96&d=mm&r=g\",\"contentUrl\":\"https:\\\/\\\/secure.gravatar.com\\\/avatar\\\/4cf9a4877f5f71f44fb7cedbe1bac1bd28bd8ce7a217517d98d5b2117f9f5505?s=96&d=mm&r=g\",\"caption\":\"Pedro Palomo\"},\"sameAs\":[\"http:\\\/\\\/www.vivaeurovision.com\",\"@pedrobcn\",\"https:\\\/\\\/x.com\\\/@pedropalomobcn\"]}]}<\/script>\n<!-- \/ Yoast SEO plugin. -->","yoast_head_json":{"title":"Los Premios Juventud, se celebran por primera vez en Espa\u00f1a y entre los presentadores estar\u00e1 Jes\u00fas V\u00e1zquez - VIVAEUROVISION viva eurovision","description":"Rtve premios juventud, premios juventud 2026, rtve la que quieres, rtve, rtve la casa de la m\u00fasica, vivaeurivision, viva eurovision","robots":{"index":"index","follow":"follow","max-snippet":"max-snippet:-1","max-image-preview":"max-image-preview:large","max-video-preview":"max-video-preview:-1"},"canonical":"https:\/\/www.vivaeurovision.com\/index.php\/2026\/08\/31\/15064-rtve-premios-juventud\/","og_locale":"es_ES","og_type":"article","og_title":"Los Premios Juventud, se celebran por primera vez en Espa\u00f1a y entre los presentadores estar\u00e1 Jes\u00fas V\u00e1zquez - VIVAEUROVISION viva eurovision","og_description":"Rtve premios juventud, premios juventud 2026, rtve la que quieres, rtve, rtve la casa de la m\u00fasica, vivaeurivision, viva eurovision","og_url":"https:\/\/www.vivaeurovision.com\/index.php\/2026\/08\/31\/15064-rtve-premios-juventud\/","og_site_name":"VIVAEUROVISION viva eurovision","article_published_time":"2026-08-31T16:03:22+00:00","article_modified_time":"2026-08-31T16:03:23+00:00","og_image":[{"width":1920,"height":1206,"url":"https:\/\/www.vivaeurovision.com\/wp-content\/uploads\/2026\/08\/01_Premios-Juventud_Foto-familia-1.jpeg","type":"image\/jpeg"}],"author":"Pedro Palomo","twitter_card":"summary_large_image","twitter_creator":"@pedropalomobcn","twitter_misc":{"Escrito por":"Pedro Palomo","Tiempo de lectura":"7 minutos"},"schema":{"@context":"https:\/\/schema.org","@graph":[{"@type":"Article","@id":"https:\/\/www.vivaeurovision.com\/index.php\/2026\/08\/31\/15064-rtve-premios-juventud\/#article","isPartOf":{"@id":"https:\/\/www.vivaeurovision.com\/index.php\/2026\/08\/31\/15064-rtve-premios-juventud\/"},"author":{"name":"Pedro Palomo","@id":"https:\/\/www.vivaeurovision.com\/#\/schema\/person\/1d31fdaa3f5f7df556f73d164bd3c47a"},"headline":"Los Premios Juventud, se celebran por primera vez en Espa\u00f1a y entre los presentadores estar\u00e1 Jes\u00fas V\u00e1zquez","datePublished":"2026-08-31T16:03:22+00:00","dateModified":"2026-08-31T16:03:23+00:00","mainEntityOfPage":{"@id":"https:\/\/www.vivaeurovision.com\/index.php\/2026\/08\/31\/15064-rtve-premios-juventud\/"},"wordCount":1344,"commentCount":0,"publisher":{"@id":"https:\/\/www.vivaeurovision.com\/#organization"},"image":{"@id":"https:\/\/www.vivaeurovision.com\/index.php\/2026\/08\/31\/15064-rtve-premios-juventud\/#primaryimage"},"thumbnailUrl":"https:\/\/www.vivaeurovision.com\/wp-content\/uploads\/2026\/08\/01_Premios-Juventud_Foto-familia-1.jpeg","keywords":["premios juventud 2026","RTVE","rtve la casa de la m\u00fasica","RTVE la que quieres","Rtve premios juventud","vivaeurivision"],"articleSection":["Inicio","Noticia","Noticias","Rinc\u00f3n VIVALAMUSICA","Ultima Hora","Webs Amigas"],"inLanguage":"es","potentialAction":[{"@type":"CommentAction","name":"Comment","target":["https:\/\/www.vivaeurovision.com\/index.php\/2026\/08\/31\/15064-rtve-premios-juventud\/#respond"]}]},{"@type":"WebPage","@id":"https:\/\/www.vivaeurovision.com\/index.php\/2026\/08\/31\/15064-rtve-premios-juventud\/","url":"https:\/\/www.vivaeurovision.com\/index.php\/2026\/08\/31\/15064-rtve-premios-juventud\/","name":"Los Premios Juventud, se celebran por primera vez en Espa\u00f1a y entre los presentadores estar\u00e1 Jes\u00fas V\u00e1zquez - VIVAEUROVISION viva eurovision","isPartOf":{"@id":"https:\/\/www.vivaeurovision.com\/#website"},"primaryImageOfPage":{"@id":"https:\/\/www.vivaeurovision.com\/index.php\/2026\/08\/31\/15064-rtve-premios-juventud\/#primaryimage"},"image":{"@id":"https:\/\/www.vivaeurovision.com\/index.php\/2026\/08\/31\/15064-rtve-premios-juventud\/#primaryimage"},"thumbnailUrl":"https:\/\/www.vivaeurovision.com\/wp-content\/uploads\/2026\/08\/01_Premios-Juventud_Foto-familia-1.jpeg","datePublished":"2026-08-31T16:03:22+00:00","dateModified":"2026-08-31T16:03:23+00:00","description":"Rtve premios juventud, premios juventud 2026, rtve la que quieres, rtve, rtve la casa de la m\u00fasica, vivaeurivision, viva eurovision","breadcrumb":{"@id":"https:\/\/www.vivaeurovision.com\/index.php\/2026\/08\/31\/15064-rtve-premios-juventud\/#breadcrumb"},"inLanguage":"es","potentialAction":[{"@type":"ReadAction","target":["https:\/\/www.vivaeurovision.com\/index.php\/2026\/08\/31\/15064-rtve-premios-juventud\/"]}]},{"@type":"ImageObject","inLanguage":"es","@id":"https:\/\/www.vivaeurovision.com\/index.php\/2026\/08\/31\/15064-rtve-premios-juventud\/#primaryimage","url":"https:\/\/www.vivaeurovision.com\/wp-content\/uploads\/2026\/08\/01_Premios-Juventud_Foto-familia-1.jpeg","contentUrl":"https:\/\/www.vivaeurovision.com\/wp-content\/uploads\/2026\/08\/01_Premios-Juventud_Foto-familia-1.jpeg","width":1920,"height":1206},{"@type":"BreadcrumbList","@id":"https:\/\/www.vivaeurovision.com\/index.php\/2026\/08\/31\/15064-rtve-premios-juventud\/#breadcrumb","itemListElement":[{"@type":"ListItem","position":1,"name":"Portada","item":"https:\/\/www.vivaeurovision.com\/"},{"@type":"ListItem","position":2,"name":"Los Premios Juventud, se celebran por primera vez en Espa\u00f1a y entre los presentadores estar\u00e1 Jes\u00fas V\u00e1zquez"}]},{"@type":"WebSite","@id":"https:\/\/www.vivaeurovision.com\/#website","url":"https:\/\/www.vivaeurovision.com\/","name":"VIVAEUROVISION viva eurovision","description":"Tu portal sobre el Festival de Eurovision, eurovision, eurovisi\u00f3n","publisher":{"@id":"https:\/\/www.vivaeurovision.com\/#organization"},"potentialAction":[{"@type":"SearchAction","target":{"@type":"EntryPoint","urlTemplate":"https:\/\/www.vivaeurovision.com\/?s={search_term_string}"},"query-input":{"@type":"PropertyValueSpecification","valueRequired":true,"valueName":"search_term_string"}}],"inLanguage":"es"},{"@type":"Organization","@id":"https:\/\/www.vivaeurovision.com\/#organization","name":"vivaeurovision","url":"https:\/\/www.vivaeurovision.com\/","logo":{"@type":"ImageObject","inLanguage":"es","@id":"https:\/\/www.vivaeurovision.com\/#\/schema\/logo\/image\/","url":"https:\/\/www.vivaeurovision.com\/wp-content\/uploads\/2016\/01\/cropped-image-21-1.jpeg","contentUrl":"https:\/\/www.vivaeurovision.com\/wp-content\/uploads\/2016\/01\/cropped-image-21-1.jpeg","width":669,"height":368,"caption":"vivaeurovision"},"image":{"@id":"https:\/\/www.vivaeurovision.com\/#\/schema\/logo\/image\/"}},{"@type":"Person","@id":"https:\/\/www.vivaeurovision.com\/#\/schema\/person\/1d31fdaa3f5f7df556f73d164bd3c47a","name":"Pedro Palomo","image":{"@type":"ImageObject","inLanguage":"es","@id":"https:\/\/secure.gravatar.com\/avatar\/4cf9a4877f5f71f44fb7cedbe1bac1bd28bd8ce7a217517d98d5b2117f9f5505?s=96&d=mm&r=g","url":"https:\/\/secure.gravatar.com\/avatar\/4cf9a4877f5f71f44fb7cedbe1bac1bd28bd8ce7a217517d98d5b2117f9f5505?s=96&d=mm&r=g","contentUrl":"https:\/\/secure.gravatar.com\/avatar\/4cf9a4877f5f71f44fb7cedbe1bac1bd28bd8ce7a217517d98d5b2117f9f5505?s=96&d=mm&r=g","caption":"Pedro Palomo"},"sameAs":["http:\/\/www.vivaeurovision.com","@pedrobcn","https:\/\/x.com\/@pedropalomobcn"]}]}},"_links":{"self":[{"href":"https:\/\/www.vivaeurovision.com\/index.php\/wp-json\/wp\/v2\/posts\/15064","targetHints":{"allow":["GET"]}}],"collection":[{"href":"https:\/\/www.vivaeurovision.com\/index.php\/wp-json\/wp\/v2\/posts"}],"about":[{"href":"https:\/\/www.vivaeurovision.com\/index.php\/wp-json\/wp\/v2\/types\/post"}],"author":[{"embeddable":true,"href":"https:\/\/www.vivaeurovision.com\/index.php\/wp-json\/wp\/v2\/users\/1"}],"replies":[{"embeddable":true,"href":"https:\/\/www.vivaeurovision.com\/index.php\/wp-json\/wp\/v2\/comments?post=15064"}],"version-history":[{"count":2,"href":"https:\/\/www.vivaeurovision.com\/index.php\/wp-json\/wp\/v2\/posts\/15064\/revisions"}],"predecessor-version":[{"id":15079,"href":"https:\/\/www.vivaeurovision.com\/index.php\/wp-json\/wp\/v2\/posts\/15064\/revisions\/15079"}],"wp:featuredmedia":[{"embeddable":true,"href":"https:\/\/www.vivaeurovision.com\/index.php\/wp-json\/wp\/v2\/media\/15078"}],"wp:attachment":[{"href":"https:\/\/www.vivaeurovision.com\/index.php\/wp-json\/wp\/v2\/media?parent=15064"}],"wp:term":[{"taxonomy":"category","embeddable":true,"href":"https:\/\/www.vivaeurovision.com\/index.php\/wp-json\/wp\/v2\/categories?post=15064"},{"taxonomy":"post_tag","embeddable":true,"href":"https:\/\/www.vivaeurovision.com\/index.php\/wp-json\/wp\/v2\/tags?post=15064"}],"curies":[{"name":"wp","href":"https:\/\/api.w.org\/{rel}","templated":true}]}}