{"id":1732,"date":"2016-04-13T14:45:49","date_gmt":"2016-04-13T14:45:49","guid":{"rendered":"http:\/\/www.vivaeurovision.com\/?p=1732"},"modified":"2016-04-13T17:26:24","modified_gmt":"2016-04-13T17:26:24","slug":"jose-maria-inigo-julia-varela-eurovision","status":"publish","type":"post","link":"https:\/\/www.vivaeurovision.com\/index.php\/2016\/04\/13\/jose-maria-inigo-julia-varela-eurovision\/","title":{"rendered":"Jos\u00e9 Mar\u00eda I\u00f1igo y Julia Varela repiten comentado Eurovision 2016"},"content":{"rendered":"<p>&nbsp;<\/p>\n<p>Eurovison 2016<\/p>\n<p>Jos\u00e9 Mar\u00eda I\u00f1igo y Julia Varela repiten comentando Eurovision 2016 en Estocolmo<\/p>\n<p><img loading=\"lazy\" decoding=\"async\" class=\"alignnone size-medium wp-image-1733\" src=\"http:\/\/www.vivaeurovision.com\/wp-content\/uploads\/2016\/04\/image-9-300x169.jpeg\" alt=\"image\" width=\"300\" height=\"169\" srcset=\"https:\/\/www.vivaeurovision.com\/wp-content\/uploads\/2016\/04\/image-9-300x169.jpeg 300w, https:\/\/www.vivaeurovision.com\/wp-content\/uploads\/2016\/04\/image-9-768x432.jpeg 768w, https:\/\/www.vivaeurovision.com\/wp-content\/uploads\/2016\/04\/image-9.jpeg 981w\" sizes=\"auto, (max-width: 300px) 100vw, 300px\" \/><\/p>\n<p>Hoy se han dado a conocer de forma oficial los comentaristas del Festival de Eurovisi\u00f3n 2016, RTVE en su web lo ha confirmado y repetimos pareja de comentaristas como en Viena 2015.<\/p>\n<p>Jos\u00e9 \u00a0Mar\u00eda I\u00f1igo es el sexto a\u00f1o consecutivo que comenta el festival y el segundo que lo har\u00e1 acompa\u00f1ado de Julia Varela, periodista de RTVE donde la podemos escuchar en radio 3 y ver en Comando Actualidad.<\/p>\n<p>El pasado a\u00f1o Julia Varela tuvo una gran acogida por parte del p\u00fablico como comentarista del Festival de Eurovisi\u00f3n, tras esto la pudimos ver en la gala Objetivo Eurovision donde estaba en el backstage junto con los familiares de los 6 candidatos a representar a Espa\u00f1a en el Festival de Eurovisi\u00f3n.<\/p>\n<p><img loading=\"lazy\" decoding=\"async\" class=\"alignnone size-medium wp-image-1735\" src=\"http:\/\/www.vivaeurovision.com\/wp-content\/uploads\/2016\/04\/image-10-300x300.jpeg\" alt=\"Eurovision \" width=\"300\" height=\"300\" srcset=\"https:\/\/www.vivaeurovision.com\/wp-content\/uploads\/2016\/04\/image-10-300x300.jpeg 300w, https:\/\/www.vivaeurovision.com\/wp-content\/uploads\/2016\/04\/image-10-150x150.jpeg 150w, https:\/\/www.vivaeurovision.com\/wp-content\/uploads\/2016\/04\/image-10-768x768.jpeg 768w, https:\/\/www.vivaeurovision.com\/wp-content\/uploads\/2016\/04\/image-10.jpeg 1024w\" sizes=\"auto, (max-width: 300px) 100vw, 300px\" \/><\/p>\n<p>La experiencia de Jos\u00e9 Mar\u00eda I\u00f1igo se suma a la joven promesa televisiva Julia Varela.<\/p>\n<p>Dos voces \u00a0muy distintas y con mucha profesionalidad, que har\u00e1n que podamos sentir el Festival de Eurovisi\u00f3n 2016, m\u00e1s cerca y con todos los detalles de las galas que veremos en TVE y sobre todo la gran final del 13 de mayo desde el Globen Arena de Estocolmo.<\/p>\n<p>fuente e im\u00e1genes:\u00a0\u00a9RTVE<\/p>\n<p><img loading=\"lazy\" decoding=\"async\" class=\"alignnone size-medium wp-image-311\" src=\"http:\/\/www.vivaeurovision.com\/wp-content\/uploads\/2016\/01\/image-21-300x165.jpeg\" alt=\"VIVAEUROVISION.COM\" width=\"300\" height=\"165\" srcset=\"https:\/\/www.vivaeurovision.com\/wp-content\/uploads\/2016\/01\/image-21-300x165.jpeg 300w, https:\/\/www.vivaeurovision.com\/wp-content\/uploads\/2016\/01\/image-21-555x305.jpeg 555w, https:\/\/www.vivaeurovision.com\/wp-content\/uploads\/2016\/01\/image-21.jpeg 669w\" sizes=\"auto, (max-width: 300px) 100vw, 300px\" \/><\/p>\n<p>VIVAEUROVISION.COM<br \/>\n<img loading=\"lazy\" decoding=\"async\" class=\"alignnone size-medium wp-image-311\" src=\"http:\/\/www.vivaeurovision.com\/wp-content\/uploads\/2016\/01\/image-21-300x165.jpeg\" alt=\"VIVAEUROVISION.COM\" width=\"300\" height=\"165\" srcset=\"https:\/\/www.vivaeurovision.com\/wp-content\/uploads\/2016\/01\/image-21-300x165.jpeg 300w, https:\/\/www.vivaeurovision.com\/wp-content\/uploads\/2016\/01\/image-21-555x305.jpeg 555w, https:\/\/www.vivaeurovision.com\/wp-content\/uploads\/2016\/01\/image-21.jpeg 669w\" sizes=\"auto, (max-width: 300px) 100vw, 300px\" \/><\/p>\n<p>Twitter\u00a0<strong> <a href=\"https:\/\/twitter.com\/viva_eurovision\" target=\"_blank\">@viva_eurovision<\/a>\u00a0 <a href=\"https:\/\/www.facebook.com\/Vivaeurovisioncom-867806686671081\/?fref=nf\" target=\"_blank\">FACEBOOK OFICIAL VIVA EUROVISION <\/a><\/strong>Instragram <strong><a href=\"https:\/\/www.instagram.com\/vivaeurovision\/\" target=\"_blank\">@vivaeurovision<\/a><\/strong><\/p>\n<p>Fuente e im\u00e1genes: <strong>\u00a9RTVE<\/strong><\/p>\n<p>Redactor: Pedro Palomo <a href=\"https:\/\/twitter.com\/pedropalomobcn?lang=es\"><strong>@pedropalomobcn<\/strong><\/a><strong>\u00a0<\/strong>Instagram <a href=\"https:\/\/www.instagram.com\/pedrobcn\/\" target=\"_blank\"><strong>@pedrobcn<\/strong><\/a><\/p>\n<p>&nbsp;<\/p>\n","protected":false},"excerpt":{"rendered":"<p>&nbsp; Eurovison 2016 Jos\u00e9 Mar\u00eda I\u00f1igo y Julia Varela repiten comentando Eurovision 2016 en Estocolmo Hoy se han dado a conocer de forma oficial los comentaristas del Festival de Eurovisi\u00f3n&#46;&#46;&#46;<\/p>\n","protected":false},"author":1,"featured_media":1733,"comment_status":"open","ping_status":"open","sticky":false,"template":"","format":"standard","meta":{"_exactmetrics_skip_tracking":false,"_exactmetrics_sitenote_active":false,"_exactmetrics_sitenote_note":"","_exactmetrics_sitenote_category":0,"footnotes":""},"categories":[6,7,4,2,3],"tags":[71,114,141,198,268,159,17,30,15,13,14,11,12,160,158,737,738,740,739,34,19,20,18,110,16,104,161,57,23,22],"class_list":["post-1732","post","type-post","status-publish","format-standard","has-post-thumbnail","hentry","category-espana-en-eurovision","category-eurovision-2016","category-eurovision","category-noticia","category-ultima-hora","tag-barei","tag-barei-eurovision","tag-barei-eurovision-2016","tag-barei-say-yay","tag-bareivision","tag-come-together","tag-esc","tag-esc-2016","tag-espana-eurovision-2016","tag-estocolmo","tag-estocolmo-2016","tag-eurovision","tag-eurovision-2016","tag-eurovision-2016-come-together","tag-eurovision-come-together","tag-jose-maria-inigo","tag-jose-maria-inigo-eurovision","tag-julia-varela","tag-julia-varela-eurovision","tag-noticia","tag-pedro-palomo","tag-pedro-palomo-eurovision","tag-rtve","tag-rtve-eurovision","tag-spain-2016","tag-stockholm-2016","tag-stockholm-2016-come-together","tag-tve","tag-viva-eurovision","tag-vivaeurovision"],"yoast_head":"<!-- This site is optimized with the Yoast SEO plugin v27.5 - https:\/\/yoast.com\/product\/yoast-seo-wordpress\/ -->\n<title>Jos\u00e9 Mar\u00eda I\u00f1igo y Julia Varela repiten comentado Eurovision 2016 - VIVAEUROVISION viva eurovision<\/title>\n<meta name=\"description\" content=\"Comentar\u00edas del Festival de Eurovision 2016\" \/>\n<meta name=\"robots\" content=\"index, follow, max-snippet:-1, max-image-preview:large, max-video-preview:-1\" \/>\n<link rel=\"canonical\" href=\"https:\/\/www.vivaeurovision.com\/index.php\/2016\/04\/13\/jose-maria-inigo-julia-varela-eurovision\/\" \/>\n<meta property=\"og:locale\" content=\"es_ES\" \/>\n<meta property=\"og:type\" content=\"article\" \/>\n<meta property=\"og:title\" content=\"Jos\u00e9 Mar\u00eda I\u00f1igo y Julia Varela repiten comentado Eurovision 2016 - VIVAEUROVISION viva eurovision\" \/>\n<meta property=\"og:description\" content=\"Comentar\u00edas del Festival de Eurovision 2016\" \/>\n<meta property=\"og:url\" content=\"https:\/\/www.vivaeurovision.com\/index.php\/2016\/04\/13\/jose-maria-inigo-julia-varela-eurovision\/\" \/>\n<meta property=\"og:site_name\" content=\"VIVAEUROVISION viva eurovision\" \/>\n<meta property=\"article:published_time\" content=\"2016-04-13T14:45:49+00:00\" \/>\n<meta property=\"article:modified_time\" content=\"2016-04-13T17:26:24+00:00\" \/>\n<meta property=\"og:image\" content=\"https:\/\/www.vivaeurovision.com\/wp-content\/uploads\/2016\/04\/image-9.jpeg\" \/>\n\t<meta property=\"og:image:width\" content=\"981\" \/>\n\t<meta property=\"og:image:height\" content=\"552\" \/>\n\t<meta property=\"og:image:type\" content=\"image\/jpeg\" \/>\n<meta name=\"author\" content=\"Pedro Palomo\" \/>\n<meta name=\"twitter:card\" content=\"summary_large_image\" \/>\n<meta name=\"twitter:creator\" content=\"@pedropalomobcn\" \/>\n<meta name=\"twitter:label1\" content=\"Escrito por\" \/>\n\t<meta name=\"twitter:data1\" content=\"Pedro Palomo\" \/>\n\t<meta name=\"twitter:label2\" content=\"Tiempo de lectura\" \/>\n\t<meta name=\"twitter:data2\" content=\"1 minuto\" \/>\n<script type=\"application\/ld+json\" class=\"yoast-schema-graph\">{\"@context\":\"https:\\\/\\\/schema.org\",\"@graph\":[{\"@type\":\"Article\",\"@id\":\"https:\\\/\\\/www.vivaeurovision.com\\\/index.php\\\/2016\\\/04\\\/13\\\/jose-maria-inigo-julia-varela-eurovision\\\/#article\",\"isPartOf\":{\"@id\":\"https:\\\/\\\/www.vivaeurovision.com\\\/index.php\\\/2016\\\/04\\\/13\\\/jose-maria-inigo-julia-varela-eurovision\\\/\"},\"author\":{\"name\":\"Pedro Palomo\",\"@id\":\"https:\\\/\\\/www.vivaeurovision.com\\\/#\\\/schema\\\/person\\\/1d31fdaa3f5f7df556f73d164bd3c47a\"},\"headline\":\"Jos\u00e9 Mar\u00eda I\u00f1igo y Julia Varela repiten comentado Eurovision 2016\",\"datePublished\":\"2016-04-13T14:45:49+00:00\",\"dateModified\":\"2016-04-13T17:26:24+00:00\",\"mainEntityOfPage\":{\"@id\":\"https:\\\/\\\/www.vivaeurovision.com\\\/index.php\\\/2016\\\/04\\\/13\\\/jose-maria-inigo-julia-varela-eurovision\\\/\"},\"wordCount\":246,\"commentCount\":0,\"publisher\":{\"@id\":\"https:\\\/\\\/www.vivaeurovision.com\\\/#organization\"},\"image\":{\"@id\":\"https:\\\/\\\/www.vivaeurovision.com\\\/index.php\\\/2016\\\/04\\\/13\\\/jose-maria-inigo-julia-varela-eurovision\\\/#primaryimage\"},\"thumbnailUrl\":\"https:\\\/\\\/www.vivaeurovision.com\\\/wp-content\\\/uploads\\\/2016\\\/04\\\/image-9.jpeg\",\"keywords\":[\"Barei\",\"barei eurovision\",\"Barei Eurovision 2016\",\"Barei SAY YAY!\",\"bareivision\",\"COME TOGETHER\",\"ESC\",\"Esc 2016\",\"Espa\u00f1a Eurovision 2016\",\"Estocolmo\",\"Estocolmo 2016\",\"Eurovision\",\"Eurovisi\u00f3n 2016\",\"Eurovision 2016 come together\",\"Eurovision come together\",\"Jos\u00e9 Mar\u00eda I\u00f1igo\",\"Jos\u00e9 Mar\u00eda I\u00f1igo Eurovision\",\"Julia Varela\",\"Julia Varela Eurovision\",\"Noticia\",\"Pedro Palomo\",\"Pedro Palomo Eurovision\",\"RTVE\",\"Rtve EUROVISION\",\"Spain 2016\",\"stockholm 2016\",\"stockholm 2016 come together\",\"tve\",\"viva eurovision\",\"vivaeurovision\"],\"articleSection\":[\"Espa\u00f1a en Eurovisi\u00f3n\",\"Eurovisi\u00f3n 2016\",\"Inicio\",\"Noticias\",\"Ultima Hora\"],\"inLanguage\":\"es\",\"potentialAction\":[{\"@type\":\"CommentAction\",\"name\":\"Comment\",\"target\":[\"https:\\\/\\\/www.vivaeurovision.com\\\/index.php\\\/2016\\\/04\\\/13\\\/jose-maria-inigo-julia-varela-eurovision\\\/#respond\"]}]},{\"@type\":\"WebPage\",\"@id\":\"https:\\\/\\\/www.vivaeurovision.com\\\/index.php\\\/2016\\\/04\\\/13\\\/jose-maria-inigo-julia-varela-eurovision\\\/\",\"url\":\"https:\\\/\\\/www.vivaeurovision.com\\\/index.php\\\/2016\\\/04\\\/13\\\/jose-maria-inigo-julia-varela-eurovision\\\/\",\"name\":\"Jos\u00e9 Mar\u00eda I\u00f1igo y Julia Varela repiten comentado Eurovision 2016 - VIVAEUROVISION viva eurovision\",\"isPartOf\":{\"@id\":\"https:\\\/\\\/www.vivaeurovision.com\\\/#website\"},\"primaryImageOfPage\":{\"@id\":\"https:\\\/\\\/www.vivaeurovision.com\\\/index.php\\\/2016\\\/04\\\/13\\\/jose-maria-inigo-julia-varela-eurovision\\\/#primaryimage\"},\"image\":{\"@id\":\"https:\\\/\\\/www.vivaeurovision.com\\\/index.php\\\/2016\\\/04\\\/13\\\/jose-maria-inigo-julia-varela-eurovision\\\/#primaryimage\"},\"thumbnailUrl\":\"https:\\\/\\\/www.vivaeurovision.com\\\/wp-content\\\/uploads\\\/2016\\\/04\\\/image-9.jpeg\",\"datePublished\":\"2016-04-13T14:45:49+00:00\",\"dateModified\":\"2016-04-13T17:26:24+00:00\",\"description\":\"Comentar\u00edas del Festival de Eurovision 2016\",\"breadcrumb\":{\"@id\":\"https:\\\/\\\/www.vivaeurovision.com\\\/index.php\\\/2016\\\/04\\\/13\\\/jose-maria-inigo-julia-varela-eurovision\\\/#breadcrumb\"},\"inLanguage\":\"es\",\"potentialAction\":[{\"@type\":\"ReadAction\",\"target\":[\"https:\\\/\\\/www.vivaeurovision.com\\\/index.php\\\/2016\\\/04\\\/13\\\/jose-maria-inigo-julia-varela-eurovision\\\/\"]}]},{\"@type\":\"ImageObject\",\"inLanguage\":\"es\",\"@id\":\"https:\\\/\\\/www.vivaeurovision.com\\\/index.php\\\/2016\\\/04\\\/13\\\/jose-maria-inigo-julia-varela-eurovision\\\/#primaryimage\",\"url\":\"https:\\\/\\\/www.vivaeurovision.com\\\/wp-content\\\/uploads\\\/2016\\\/04\\\/image-9.jpeg\",\"contentUrl\":\"https:\\\/\\\/www.vivaeurovision.com\\\/wp-content\\\/uploads\\\/2016\\\/04\\\/image-9.jpeg\",\"width\":981,\"height\":552},{\"@type\":\"BreadcrumbList\",\"@id\":\"https:\\\/\\\/www.vivaeurovision.com\\\/index.php\\\/2016\\\/04\\\/13\\\/jose-maria-inigo-julia-varela-eurovision\\\/#breadcrumb\",\"itemListElement\":[{\"@type\":\"ListItem\",\"position\":1,\"name\":\"Portada\",\"item\":\"https:\\\/\\\/www.vivaeurovision.com\\\/\"},{\"@type\":\"ListItem\",\"position\":2,\"name\":\"Jos\u00e9 Mar\u00eda I\u00f1igo y Julia Varela repiten comentado Eurovision 2016\"}]},{\"@type\":\"WebSite\",\"@id\":\"https:\\\/\\\/www.vivaeurovision.com\\\/#website\",\"url\":\"https:\\\/\\\/www.vivaeurovision.com\\\/\",\"name\":\"VIVAEUROVISION viva eurovision\",\"description\":\"Tu portal sobre el Festival de Eurovision, eurovision, eurovisi\u00f3n\",\"publisher\":{\"@id\":\"https:\\\/\\\/www.vivaeurovision.com\\\/#organization\"},\"potentialAction\":[{\"@type\":\"SearchAction\",\"target\":{\"@type\":\"EntryPoint\",\"urlTemplate\":\"https:\\\/\\\/www.vivaeurovision.com\\\/?s={search_term_string}\"},\"query-input\":{\"@type\":\"PropertyValueSpecification\",\"valueRequired\":true,\"valueName\":\"search_term_string\"}}],\"inLanguage\":\"es\"},{\"@type\":\"Organization\",\"@id\":\"https:\\\/\\\/www.vivaeurovision.com\\\/#organization\",\"name\":\"vivaeurovision\",\"url\":\"https:\\\/\\\/www.vivaeurovision.com\\\/\",\"logo\":{\"@type\":\"ImageObject\",\"inLanguage\":\"es\",\"@id\":\"https:\\\/\\\/www.vivaeurovision.com\\\/#\\\/schema\\\/logo\\\/image\\\/\",\"url\":\"https:\\\/\\\/www.vivaeurovision.com\\\/wp-content\\\/uploads\\\/2016\\\/01\\\/cropped-image-21-1.jpeg\",\"contentUrl\":\"https:\\\/\\\/www.vivaeurovision.com\\\/wp-content\\\/uploads\\\/2016\\\/01\\\/cropped-image-21-1.jpeg\",\"width\":669,\"height\":368,\"caption\":\"vivaeurovision\"},\"image\":{\"@id\":\"https:\\\/\\\/www.vivaeurovision.com\\\/#\\\/schema\\\/logo\\\/image\\\/\"}},{\"@type\":\"Person\",\"@id\":\"https:\\\/\\\/www.vivaeurovision.com\\\/#\\\/schema\\\/person\\\/1d31fdaa3f5f7df556f73d164bd3c47a\",\"name\":\"Pedro Palomo\",\"image\":{\"@type\":\"ImageObject\",\"inLanguage\":\"es\",\"@id\":\"https:\\\/\\\/secure.gravatar.com\\\/avatar\\\/4cf9a4877f5f71f44fb7cedbe1bac1bd28bd8ce7a217517d98d5b2117f9f5505?s=96&d=mm&r=g\",\"url\":\"https:\\\/\\\/secure.gravatar.com\\\/avatar\\\/4cf9a4877f5f71f44fb7cedbe1bac1bd28bd8ce7a217517d98d5b2117f9f5505?s=96&d=mm&r=g\",\"contentUrl\":\"https:\\\/\\\/secure.gravatar.com\\\/avatar\\\/4cf9a4877f5f71f44fb7cedbe1bac1bd28bd8ce7a217517d98d5b2117f9f5505?s=96&d=mm&r=g\",\"caption\":\"Pedro Palomo\"},\"sameAs\":[\"http:\\\/\\\/www.vivaeurovision.com\",\"@pedrobcn\",\"https:\\\/\\\/x.com\\\/@pedropalomobcn\"]}]}<\/script>\n<!-- \/ Yoast SEO plugin. -->","yoast_head_json":{"title":"Jos\u00e9 Mar\u00eda I\u00f1igo y Julia Varela repiten comentado Eurovision 2016 - VIVAEUROVISION viva eurovision","description":"Comentar\u00edas del Festival de Eurovision 2016","robots":{"index":"index","follow":"follow","max-snippet":"max-snippet:-1","max-image-preview":"max-image-preview:large","max-video-preview":"max-video-preview:-1"},"canonical":"https:\/\/www.vivaeurovision.com\/index.php\/2016\/04\/13\/jose-maria-inigo-julia-varela-eurovision\/","og_locale":"es_ES","og_type":"article","og_title":"Jos\u00e9 Mar\u00eda I\u00f1igo y Julia Varela repiten comentado Eurovision 2016 - VIVAEUROVISION viva eurovision","og_description":"Comentar\u00edas del Festival de Eurovision 2016","og_url":"https:\/\/www.vivaeurovision.com\/index.php\/2016\/04\/13\/jose-maria-inigo-julia-varela-eurovision\/","og_site_name":"VIVAEUROVISION viva eurovision","article_published_time":"2016-04-13T14:45:49+00:00","article_modified_time":"2016-04-13T17:26:24+00:00","og_image":[{"width":981,"height":552,"url":"https:\/\/www.vivaeurovision.com\/wp-content\/uploads\/2016\/04\/image-9.jpeg","type":"image\/jpeg"}],"author":"Pedro Palomo","twitter_card":"summary_large_image","twitter_creator":"@pedropalomobcn","twitter_misc":{"Escrito por":"Pedro Palomo","Tiempo de lectura":"1 minuto"},"schema":{"@context":"https:\/\/schema.org","@graph":[{"@type":"Article","@id":"https:\/\/www.vivaeurovision.com\/index.php\/2016\/04\/13\/jose-maria-inigo-julia-varela-eurovision\/#article","isPartOf":{"@id":"https:\/\/www.vivaeurovision.com\/index.php\/2016\/04\/13\/jose-maria-inigo-julia-varela-eurovision\/"},"author":{"name":"Pedro Palomo","@id":"https:\/\/www.vivaeurovision.com\/#\/schema\/person\/1d31fdaa3f5f7df556f73d164bd3c47a"},"headline":"Jos\u00e9 Mar\u00eda I\u00f1igo y Julia Varela repiten comentado Eurovision 2016","datePublished":"2016-04-13T14:45:49+00:00","dateModified":"2016-04-13T17:26:24+00:00","mainEntityOfPage":{"@id":"https:\/\/www.vivaeurovision.com\/index.php\/2016\/04\/13\/jose-maria-inigo-julia-varela-eurovision\/"},"wordCount":246,"commentCount":0,"publisher":{"@id":"https:\/\/www.vivaeurovision.com\/#organization"},"image":{"@id":"https:\/\/www.vivaeurovision.com\/index.php\/2016\/04\/13\/jose-maria-inigo-julia-varela-eurovision\/#primaryimage"},"thumbnailUrl":"https:\/\/www.vivaeurovision.com\/wp-content\/uploads\/2016\/04\/image-9.jpeg","keywords":["Barei","barei eurovision","Barei Eurovision 2016","Barei SAY YAY!","bareivision","COME TOGETHER","ESC","Esc 2016","Espa\u00f1a Eurovision 2016","Estocolmo","Estocolmo 2016","Eurovision","Eurovisi\u00f3n 2016","Eurovision 2016 come together","Eurovision come together","Jos\u00e9 Mar\u00eda I\u00f1igo","Jos\u00e9 Mar\u00eda I\u00f1igo Eurovision","Julia Varela","Julia Varela Eurovision","Noticia","Pedro Palomo","Pedro Palomo Eurovision","RTVE","Rtve EUROVISION","Spain 2016","stockholm 2016","stockholm 2016 come together","tve","viva eurovision","vivaeurovision"],"articleSection":["Espa\u00f1a en Eurovisi\u00f3n","Eurovisi\u00f3n 2016","Inicio","Noticias","Ultima Hora"],"inLanguage":"es","potentialAction":[{"@type":"CommentAction","name":"Comment","target":["https:\/\/www.vivaeurovision.com\/index.php\/2016\/04\/13\/jose-maria-inigo-julia-varela-eurovision\/#respond"]}]},{"@type":"WebPage","@id":"https:\/\/www.vivaeurovision.com\/index.php\/2016\/04\/13\/jose-maria-inigo-julia-varela-eurovision\/","url":"https:\/\/www.vivaeurovision.com\/index.php\/2016\/04\/13\/jose-maria-inigo-julia-varela-eurovision\/","name":"Jos\u00e9 Mar\u00eda I\u00f1igo y Julia Varela repiten comentado Eurovision 2016 - VIVAEUROVISION viva eurovision","isPartOf":{"@id":"https:\/\/www.vivaeurovision.com\/#website"},"primaryImageOfPage":{"@id":"https:\/\/www.vivaeurovision.com\/index.php\/2016\/04\/13\/jose-maria-inigo-julia-varela-eurovision\/#primaryimage"},"image":{"@id":"https:\/\/www.vivaeurovision.com\/index.php\/2016\/04\/13\/jose-maria-inigo-julia-varela-eurovision\/#primaryimage"},"thumbnailUrl":"https:\/\/www.vivaeurovision.com\/wp-content\/uploads\/2016\/04\/image-9.jpeg","datePublished":"2016-04-13T14:45:49+00:00","dateModified":"2016-04-13T17:26:24+00:00","description":"Comentar\u00edas del Festival de Eurovision 2016","breadcrumb":{"@id":"https:\/\/www.vivaeurovision.com\/index.php\/2016\/04\/13\/jose-maria-inigo-julia-varela-eurovision\/#breadcrumb"},"inLanguage":"es","potentialAction":[{"@type":"ReadAction","target":["https:\/\/www.vivaeurovision.com\/index.php\/2016\/04\/13\/jose-maria-inigo-julia-varela-eurovision\/"]}]},{"@type":"ImageObject","inLanguage":"es","@id":"https:\/\/www.vivaeurovision.com\/index.php\/2016\/04\/13\/jose-maria-inigo-julia-varela-eurovision\/#primaryimage","url":"https:\/\/www.vivaeurovision.com\/wp-content\/uploads\/2016\/04\/image-9.jpeg","contentUrl":"https:\/\/www.vivaeurovision.com\/wp-content\/uploads\/2016\/04\/image-9.jpeg","width":981,"height":552},{"@type":"BreadcrumbList","@id":"https:\/\/www.vivaeurovision.com\/index.php\/2016\/04\/13\/jose-maria-inigo-julia-varela-eurovision\/#breadcrumb","itemListElement":[{"@type":"ListItem","position":1,"name":"Portada","item":"https:\/\/www.vivaeurovision.com\/"},{"@type":"ListItem","position":2,"name":"Jos\u00e9 Mar\u00eda I\u00f1igo y Julia Varela repiten comentado Eurovision 2016"}]},{"@type":"WebSite","@id":"https:\/\/www.vivaeurovision.com\/#website","url":"https:\/\/www.vivaeurovision.com\/","name":"VIVAEUROVISION viva eurovision","description":"Tu portal sobre el Festival de Eurovision, eurovision, eurovisi\u00f3n","publisher":{"@id":"https:\/\/www.vivaeurovision.com\/#organization"},"potentialAction":[{"@type":"SearchAction","target":{"@type":"EntryPoint","urlTemplate":"https:\/\/www.vivaeurovision.com\/?s={search_term_string}"},"query-input":{"@type":"PropertyValueSpecification","valueRequired":true,"valueName":"search_term_string"}}],"inLanguage":"es"},{"@type":"Organization","@id":"https:\/\/www.vivaeurovision.com\/#organization","name":"vivaeurovision","url":"https:\/\/www.vivaeurovision.com\/","logo":{"@type":"ImageObject","inLanguage":"es","@id":"https:\/\/www.vivaeurovision.com\/#\/schema\/logo\/image\/","url":"https:\/\/www.vivaeurovision.com\/wp-content\/uploads\/2016\/01\/cropped-image-21-1.jpeg","contentUrl":"https:\/\/www.vivaeurovision.com\/wp-content\/uploads\/2016\/01\/cropped-image-21-1.jpeg","width":669,"height":368,"caption":"vivaeurovision"},"image":{"@id":"https:\/\/www.vivaeurovision.com\/#\/schema\/logo\/image\/"}},{"@type":"Person","@id":"https:\/\/www.vivaeurovision.com\/#\/schema\/person\/1d31fdaa3f5f7df556f73d164bd3c47a","name":"Pedro Palomo","image":{"@type":"ImageObject","inLanguage":"es","@id":"https:\/\/secure.gravatar.com\/avatar\/4cf9a4877f5f71f44fb7cedbe1bac1bd28bd8ce7a217517d98d5b2117f9f5505?s=96&d=mm&r=g","url":"https:\/\/secure.gravatar.com\/avatar\/4cf9a4877f5f71f44fb7cedbe1bac1bd28bd8ce7a217517d98d5b2117f9f5505?s=96&d=mm&r=g","contentUrl":"https:\/\/secure.gravatar.com\/avatar\/4cf9a4877f5f71f44fb7cedbe1bac1bd28bd8ce7a217517d98d5b2117f9f5505?s=96&d=mm&r=g","caption":"Pedro Palomo"},"sameAs":["http:\/\/www.vivaeurovision.com","@pedrobcn","https:\/\/x.com\/@pedropalomobcn"]}]}},"_links":{"self":[{"href":"https:\/\/www.vivaeurovision.com\/index.php\/wp-json\/wp\/v2\/posts\/1732","targetHints":{"allow":["GET"]}}],"collection":[{"href":"https:\/\/www.vivaeurovision.com\/index.php\/wp-json\/wp\/v2\/posts"}],"about":[{"href":"https:\/\/www.vivaeurovision.com\/index.php\/wp-json\/wp\/v2\/types\/post"}],"author":[{"embeddable":true,"href":"https:\/\/www.vivaeurovision.com\/index.php\/wp-json\/wp\/v2\/users\/1"}],"replies":[{"embeddable":true,"href":"https:\/\/www.vivaeurovision.com\/index.php\/wp-json\/wp\/v2\/comments?post=1732"}],"version-history":[{"count":0,"href":"https:\/\/www.vivaeurovision.com\/index.php\/wp-json\/wp\/v2\/posts\/1732\/revisions"}],"wp:featuredmedia":[{"embeddable":true,"href":"https:\/\/www.vivaeurovision.com\/index.php\/wp-json\/wp\/v2\/media\/1733"}],"wp:attachment":[{"href":"https:\/\/www.vivaeurovision.com\/index.php\/wp-json\/wp\/v2\/media?parent=1732"}],"wp:term":[{"taxonomy":"category","embeddable":true,"href":"https:\/\/www.vivaeurovision.com\/index.php\/wp-json\/wp\/v2\/categories?post=1732"},{"taxonomy":"post_tag","embeddable":true,"href":"https:\/\/www.vivaeurovision.com\/index.php\/wp-json\/wp\/v2\/tags?post=1732"}],"curies":[{"name":"wp","href":"https:\/\/api.w.org\/{rel}","templated":true}]}}