{"id":1741,"date":"2016-04-13T19:34:42","date_gmt":"2016-04-13T19:34:42","guid":{"rendered":"http:\/\/www.vivaeurovision.com\/?p=1741"},"modified":"2016-04-13T19:34:42","modified_gmt":"2016-04-13T19:34:42","slug":"jamala-eurovision-vivaeurovision","status":"publish","type":"post","link":"https:\/\/www.vivaeurovision.com\/index.php\/2016\/04\/13\/jamala-eurovision-vivaeurovision\/","title":{"rendered":"Jamala \u00abEurovision Ucrania 2016\u00bb tiene un mensaje para todos los lectores de vivaeurovision"},"content":{"rendered":"<p>Jamala \u00abUcrania Eurovisi\u00f3n 2016\u00bb tiene un mensaje para todos los lectores de vivaeurovision<\/p>\n<div id=\"attachment_1742\" style=\"width: 216px\" class=\"wp-caption alignnone\"><img loading=\"lazy\" decoding=\"async\" aria-describedby=\"caption-attachment-1742\" class=\"size-medium wp-image-1742\" src=\"http:\/\/www.vivaeurovision.com\/wp-content\/uploads\/2016\/04\/unspecified4-206x300.jpg\" alt=\"vivaeurovosion\" width=\"206\" height=\"300\" srcset=\"https:\/\/www.vivaeurovision.com\/wp-content\/uploads\/2016\/04\/unspecified4-206x300.jpg 206w, https:\/\/www.vivaeurovision.com\/wp-content\/uploads\/2016\/04\/unspecified4-768x1121.jpg 768w, https:\/\/www.vivaeurovision.com\/wp-content\/uploads\/2016\/04\/unspecified4-702x1024.jpg 702w, https:\/\/www.vivaeurovision.com\/wp-content\/uploads\/2016\/04\/unspecified4.jpg 877w\" sizes=\"auto, (max-width: 206px) 100vw, 206px\" \/><p id=\"caption-attachment-1742\" class=\"wp-caption-text\">Jamala<\/p><\/div>\n<p>Jamala representante de Ucrania en el pr\u00f3ximo Festival de Eurovisi\u00f3n 2016 con la canci\u00f3n 1944, ha tenido un bonito mensaje para todos los lectores de vivaeurovision.<\/p>\n<p><strong>Mira el mensaje exclusivo, que Jamala ha dejado a todos los lectores de VIVAEUROVISION<\/strong><br \/>\n<iframe loading=\"lazy\" src=\"https:\/\/www.youtube.com\/embed\/KaokWTW4eAg\" width=\"560\" height=\"315\" frameborder=\"0\" allowfullscreen=\"allowfullscreen\"><\/iframe><br \/>\nHa declarado a vivaeurovision, estar muy feliz de poder representar a su pa\u00eds y agradece todo el apoyo recibido por el tema con el que competir\u00e1 en el puesto n\u00famero 15 de la segunda semifinal el pr\u00f3ximo 12 de mayo y con muchas opciones a su pase a la gran final del 14 de mayo.<\/p>\n<p>Ucrania en su regreso lo hace a lo grande y no es para menos, ya que Jamala tiene una gran trayectoria, siendo una de las voces mas potentes y reconocidas de Europa.<\/p>\n<p>Tras prepararse en Simferopol Music College and Kiev National Music Academy\u00a0como cantante de opera, Jamala en el a\u00f1o 2009 recibi\u00f3 el gran premio en el concurso \u00abNew Wave\u00bb en Letonia.<\/p>\n<p>Tras esto Jamala comenz\u00f3 a recibir grandes reconocimientos y premios en Ucrania y Rusia, donde tanto el publico como la prensa y los cr\u00edticos musicales reconoc\u00edan su gran voz y talento.<\/p>\n<div id=\"attachment_1744\" style=\"width: 216px\" class=\"wp-caption alignnone\"><img loading=\"lazy\" decoding=\"async\" aria-describedby=\"caption-attachment-1744\" class=\"size-medium wp-image-1744\" src=\"http:\/\/www.vivaeurovision.com\/wp-content\/uploads\/2016\/04\/unspecified1-206x300.jpg\" alt=\"vivaeurovision\" width=\"206\" height=\"300\" srcset=\"https:\/\/www.vivaeurovision.com\/wp-content\/uploads\/2016\/04\/unspecified1-206x300.jpg 206w, https:\/\/www.vivaeurovision.com\/wp-content\/uploads\/2016\/04\/unspecified1-768x1121.jpg 768w, https:\/\/www.vivaeurovision.com\/wp-content\/uploads\/2016\/04\/unspecified1-702x1024.jpg 702w, https:\/\/www.vivaeurovision.com\/wp-content\/uploads\/2016\/04\/unspecified1.jpg 877w\" sizes=\"auto, (max-width: 206px) 100vw, 206px\" \/><p id=\"caption-attachment-1744\" class=\"wp-caption-text\">Jamala<\/p><\/div>\n<p><span title=\"Her debut album \u201cFor Every Heart\u201d was released in 2011 and consist of songs that she written by herself.\">Su \u00e1lbum debut \u00abFor Every Heart\u00bb fue lanzado en 2011 con canciones compuestas por ella misma cosech\u00f3 un gran \u00e9xito la llamada Ukrainian soul, varios discos en su carrera musical avalan a Jamala como una de las artistas con mayor reconocimiento europeo. \u00abAll or Nothing\u00bb en el a\u00f1o 2013 donde grab\u00f3 con la orquesta sinf\u00f3nica y comenz\u00f3 a introducir sonidos electr\u00f3nicos, \u201cThank you\u201d en el a\u00f1o 2014 y su \u00faltimo disco \u201cBreath\u201d en 2015.<\/span><\/p>\n<p>4 discos en el mercado, 12 videoclips y una gran trayectoria de conciertos por Letonia, Rusia, Ucrania entre otros pa\u00edses, adem\u00e1s de participar en 2 pel\u00edculas de cine.<\/p>\n<div id=\"attachment_1751\" style=\"width: 310px\" class=\"wp-caption alignnone\"><img loading=\"lazy\" decoding=\"async\" aria-describedby=\"caption-attachment-1751\" class=\"size-medium wp-image-1751\" src=\"http:\/\/www.vivaeurovision.com\/wp-content\/uploads\/2016\/04\/unspecified3-300x200.jpg\" alt=\"vivaeurovision\" width=\"300\" height=\"200\" srcset=\"https:\/\/www.vivaeurovision.com\/wp-content\/uploads\/2016\/04\/unspecified3-300x200.jpg 300w, https:\/\/www.vivaeurovision.com\/wp-content\/uploads\/2016\/04\/unspecified3-768x512.jpg 768w, https:\/\/www.vivaeurovision.com\/wp-content\/uploads\/2016\/04\/unspecified3-1024x683.jpg 1024w, https:\/\/www.vivaeurovision.com\/wp-content\/uploads\/2016\/04\/unspecified3.jpg 1200w\" sizes=\"auto, (max-width: 300px) 100vw, 300px\" \/><p id=\"caption-attachment-1751\" class=\"wp-caption-text\">Jamala<\/p><\/div>\n<p>Jamala presenta 1944 una canci\u00f3n que est\u00e1 dedicada a la expulsi\u00f3n de los t\u00e1rtaros de Crimea\u00a0y con la que gan\u00f3 la final nacional de Ucrania para representar a su pa\u00eds en el Festival de Eurovisi\u00f3n y posicion\u00e1ndose como una de las grandes favoritas a llevarse el triunfo en Estocolmo.<br \/>\n<iframe loading=\"lazy\" src=\"https:\/\/www.youtube.com\/embed\/oxS6eKEOdLQ\" width=\"560\" height=\"315\" frameborder=\"0\" allowfullscreen=\"allowfullscreen\"><\/iframe><\/p>\n<div id=\"attachment_1747\" style=\"width: 210px\" class=\"wp-caption alignnone\"><img loading=\"lazy\" decoding=\"async\" aria-describedby=\"caption-attachment-1747\" class=\"size-medium wp-image-1747\" src=\"http:\/\/www.vivaeurovision.com\/wp-content\/uploads\/2016\/04\/unspecified5-200x300.jpg\" alt=\"vivaeurovision\" width=\"200\" height=\"300\" srcset=\"https:\/\/www.vivaeurovision.com\/wp-content\/uploads\/2016\/04\/unspecified5-200x300.jpg 200w, https:\/\/www.vivaeurovision.com\/wp-content\/uploads\/2016\/04\/unspecified5-768x1152.jpg 768w, https:\/\/www.vivaeurovision.com\/wp-content\/uploads\/2016\/04\/unspecified5-682x1024.jpg 682w, https:\/\/www.vivaeurovision.com\/wp-content\/uploads\/2016\/04\/unspecified5.jpg 853w\" sizes=\"auto, (max-width: 200px) 100vw, 200px\" \/><p id=\"caption-attachment-1747\" class=\"wp-caption-text\">Jamala<\/p><\/div>\n<p><img loading=\"lazy\" decoding=\"async\" class=\"alignnone size-medium wp-image-311\" src=\"http:\/\/www.vivaeurovision.com\/wp-content\/uploads\/2016\/01\/image-21-300x165.jpeg\" alt=\"VIVAEUROVISION.COM\" width=\"300\" height=\"165\" srcset=\"https:\/\/www.vivaeurovision.com\/wp-content\/uploads\/2016\/01\/image-21-300x165.jpeg 300w, https:\/\/www.vivaeurovision.com\/wp-content\/uploads\/2016\/01\/image-21-555x305.jpeg 555w, https:\/\/www.vivaeurovision.com\/wp-content\/uploads\/2016\/01\/image-21.jpeg 669w\" sizes=\"auto, (max-width: 300px) 100vw, 300px\" \/><\/p>\n<p>Twitter\u00a0<strong> <a href=\"https:\/\/twitter.com\/viva_eurovision\" target=\"_blank\">@viva_eurovision<\/a>\u00a0 <a href=\"https:\/\/www.facebook.com\/Vivaeurovisioncom-867806686671081\/?fref=nf\" target=\"_blank\">FACEBOOK OFICIAL VIVA EUROVISION <\/a><\/strong>Instragram <strong><a href=\"https:\/\/www.instagram.com\/vivaeurovision\/\" target=\"_blank\">@vivaeurovision<\/a><\/strong><\/p>\n<p>Im\u00e1genes: <strong>\u00a9Jamala<\/strong><\/p>\n<p>Artista:<strong> JAMALA <a href=\"http:\/\/jamalamusic.com\" target=\"_blank\">http:\/\/jamalamusic.com<\/a> <a href=\"http:\/\/www.youtube.com\/jamalaofficial\" target=\"_blank\">http:\/\/www.youtube.com\/jamalaofficial<\/a> <\/strong><\/p>\n<p><strong><a href=\"https:\/\/soundcloud.com\/jamala\" target=\"_blank\">https:\/\/soundcloud.com\/jamala<\/a>\u00a0\u00a0 <a href=\"http:\/\/www.facebook.com\/jamalaofficial\" target=\"_blank\">http:\/\/www.facebook.com\/jamalaofficial<\/a><\/strong><\/p>\n<p><strong><a href=\"https:\/\/www.instagram.com\/jamalajaaa\" target=\"_blank\">https:\/\/www.instagram.com\/jamalajaaa<\/a><\/strong><\/p>\n<p>Redactor: Pedro Palomo <a href=\"https:\/\/twitter.com\/pedropalomobcn?lang=es\"><strong>@pedropalomobcn<\/strong><\/a><strong>\u00a0<\/strong>Instagram <a href=\"https:\/\/www.instagram.com\/pedrobcn\/\" target=\"_blank\"><strong>@pedrobcn<\/strong><\/a><\/p>\n<p>&nbsp;<\/p>\n","protected":false},"excerpt":{"rendered":"<p>Jamala \u00abUcrania Eurovisi\u00f3n 2016\u00bb tiene un mensaje para todos los lectores de vivaeurovision Jamala representante de Ucrania en el pr\u00f3ximo Festival de Eurovisi\u00f3n 2016 con la canci\u00f3n 1944, ha tenido&#46;&#46;&#46;<\/p>\n","protected":false},"author":1,"featured_media":1750,"comment_status":"open","ping_status":"open","sticky":false,"template":"","format":"standard","meta":{"_exactmetrics_skip_tracking":false,"_exactmetrics_sitenote_active":false,"_exactmetrics_sitenote_note":"","_exactmetrics_sitenote_category":0,"footnotes":""},"categories":[5,7,4,2,3],"tags":[484,159,17,30,11,12,160,158,168,349,352,348,34,19,20,104,161,167,351,23,22],"class_list":["post-1741","post","type-post","status-publish","format-standard","has-post-thumbnail","hentry","category-entrevistas","category-eurovision-2016","category-eurovision","category-noticia","category-ultima-hora","tag-484","tag-come-together","tag-esc","tag-esc-2016","tag-eurovision","tag-eurovision-2016","tag-eurovision-2016-come-together","tag-eurovision-come-together","tag-jamala","tag-jamala-1944","tag-jamala-eurovision","tag-jamala-eurovison-2016","tag-noticia","tag-pedro-palomo","tag-pedro-palomo-eurovision","tag-stockholm-2016","tag-stockholm-2016-come-together","tag-ucrania-eurovision-2016","tag-ukraine-eurovision-2016","tag-viva-eurovision","tag-vivaeurovision"],"yoast_head":"<!-- This site is optimized with the Yoast SEO plugin v27.5 - https:\/\/yoast.com\/product\/yoast-seo-wordpress\/ -->\n<title>Jamala &quot;Eurovision Ucrania 2016&quot; tiene un mensaje para todos los lectores de vivaeurovision - VIVAEUROVISION viva eurovision<\/title>\n<meta name=\"description\" content=\"jamala, eurovision 2016, vivaeurovision\" \/>\n<meta name=\"robots\" content=\"index, follow, max-snippet:-1, max-image-preview:large, max-video-preview:-1\" \/>\n<link rel=\"canonical\" href=\"https:\/\/www.vivaeurovision.com\/index.php\/2016\/04\/13\/jamala-eurovision-vivaeurovision\/\" \/>\n<meta property=\"og:locale\" content=\"es_ES\" \/>\n<meta property=\"og:type\" content=\"article\" \/>\n<meta property=\"og:title\" content=\"Jamala &quot;Eurovision Ucrania 2016&quot; tiene un mensaje para todos los lectores de vivaeurovision - VIVAEUROVISION viva eurovision\" \/>\n<meta property=\"og:description\" content=\"jamala, eurovision 2016, vivaeurovision\" \/>\n<meta property=\"og:url\" content=\"https:\/\/www.vivaeurovision.com\/index.php\/2016\/04\/13\/jamala-eurovision-vivaeurovision\/\" \/>\n<meta property=\"og:site_name\" content=\"VIVAEUROVISION viva eurovision\" \/>\n<meta property=\"article:published_time\" content=\"2016-04-13T19:34:42+00:00\" \/>\n<meta property=\"og:image\" content=\"https:\/\/www.vivaeurovision.com\/wp-content\/uploads\/2016\/04\/Sin-t\u00edtulo-1.jpg\" \/>\n\t<meta property=\"og:image:width\" content=\"553\" \/>\n\t<meta property=\"og:image:height\" content=\"350\" \/>\n\t<meta property=\"og:image:type\" content=\"image\/jpeg\" \/>\n<meta name=\"author\" content=\"Pedro Palomo\" \/>\n<meta name=\"twitter:card\" content=\"summary_large_image\" \/>\n<meta name=\"twitter:creator\" content=\"@pedropalomobcn\" \/>\n<meta name=\"twitter:label1\" content=\"Escrito por\" \/>\n\t<meta name=\"twitter:data1\" content=\"Pedro Palomo\" \/>\n\t<meta name=\"twitter:label2\" content=\"Tiempo de lectura\" \/>\n\t<meta name=\"twitter:data2\" content=\"2 minutos\" \/>\n<script type=\"application\/ld+json\" class=\"yoast-schema-graph\">{\"@context\":\"https:\\\/\\\/schema.org\",\"@graph\":[{\"@type\":\"Article\",\"@id\":\"https:\\\/\\\/www.vivaeurovision.com\\\/index.php\\\/2016\\\/04\\\/13\\\/jamala-eurovision-vivaeurovision\\\/#article\",\"isPartOf\":{\"@id\":\"https:\\\/\\\/www.vivaeurovision.com\\\/index.php\\\/2016\\\/04\\\/13\\\/jamala-eurovision-vivaeurovision\\\/\"},\"author\":{\"name\":\"Pedro Palomo\",\"@id\":\"https:\\\/\\\/www.vivaeurovision.com\\\/#\\\/schema\\\/person\\\/1d31fdaa3f5f7df556f73d164bd3c47a\"},\"headline\":\"Jamala \u00abEurovision Ucrania 2016\u00bb tiene un mensaje para todos los lectores de vivaeurovision\",\"datePublished\":\"2016-04-13T19:34:42+00:00\",\"mainEntityOfPage\":{\"@id\":\"https:\\\/\\\/www.vivaeurovision.com\\\/index.php\\\/2016\\\/04\\\/13\\\/jamala-eurovision-vivaeurovision\\\/\"},\"wordCount\":449,\"commentCount\":0,\"publisher\":{\"@id\":\"https:\\\/\\\/www.vivaeurovision.com\\\/#organization\"},\"image\":{\"@id\":\"https:\\\/\\\/www.vivaeurovision.com\\\/index.php\\\/2016\\\/04\\\/13\\\/jamala-eurovision-vivaeurovision\\\/#primaryimage\"},\"thumbnailUrl\":\"https:\\\/\\\/www.vivaeurovision.com\\\/wp-content\\\/uploads\\\/2016\\\/04\\\/Sin-t\u00edtulo-1.jpg\",\"keywords\":[\"1944\",\"COME TOGETHER\",\"ESC\",\"Esc 2016\",\"Eurovision\",\"Eurovisi\u00f3n 2016\",\"Eurovision 2016 come together\",\"Eurovision come together\",\"jamala\",\"jamala 1944\",\"Jamala eurovision\",\"jamala eurovison 2016\",\"Noticia\",\"Pedro Palomo\",\"Pedro Palomo Eurovision\",\"stockholm 2016\",\"stockholm 2016 come together\",\"ucrania eurovision 2016\",\"ukraine eurovision 2016\",\"viva eurovision\",\"vivaeurovision\"],\"articleSection\":[\"Entrevistas\",\"Eurovisi\u00f3n 2016\",\"Inicio\",\"Noticias\",\"Ultima Hora\"],\"inLanguage\":\"es\",\"potentialAction\":[{\"@type\":\"CommentAction\",\"name\":\"Comment\",\"target\":[\"https:\\\/\\\/www.vivaeurovision.com\\\/index.php\\\/2016\\\/04\\\/13\\\/jamala-eurovision-vivaeurovision\\\/#respond\"]}]},{\"@type\":\"WebPage\",\"@id\":\"https:\\\/\\\/www.vivaeurovision.com\\\/index.php\\\/2016\\\/04\\\/13\\\/jamala-eurovision-vivaeurovision\\\/\",\"url\":\"https:\\\/\\\/www.vivaeurovision.com\\\/index.php\\\/2016\\\/04\\\/13\\\/jamala-eurovision-vivaeurovision\\\/\",\"name\":\"Jamala \\\"Eurovision Ucrania 2016\\\" tiene un mensaje para todos los lectores de vivaeurovision - VIVAEUROVISION viva eurovision\",\"isPartOf\":{\"@id\":\"https:\\\/\\\/www.vivaeurovision.com\\\/#website\"},\"primaryImageOfPage\":{\"@id\":\"https:\\\/\\\/www.vivaeurovision.com\\\/index.php\\\/2016\\\/04\\\/13\\\/jamala-eurovision-vivaeurovision\\\/#primaryimage\"},\"image\":{\"@id\":\"https:\\\/\\\/www.vivaeurovision.com\\\/index.php\\\/2016\\\/04\\\/13\\\/jamala-eurovision-vivaeurovision\\\/#primaryimage\"},\"thumbnailUrl\":\"https:\\\/\\\/www.vivaeurovision.com\\\/wp-content\\\/uploads\\\/2016\\\/04\\\/Sin-t\u00edtulo-1.jpg\",\"datePublished\":\"2016-04-13T19:34:42+00:00\",\"description\":\"jamala, eurovision 2016, vivaeurovision\",\"breadcrumb\":{\"@id\":\"https:\\\/\\\/www.vivaeurovision.com\\\/index.php\\\/2016\\\/04\\\/13\\\/jamala-eurovision-vivaeurovision\\\/#breadcrumb\"},\"inLanguage\":\"es\",\"potentialAction\":[{\"@type\":\"ReadAction\",\"target\":[\"https:\\\/\\\/www.vivaeurovision.com\\\/index.php\\\/2016\\\/04\\\/13\\\/jamala-eurovision-vivaeurovision\\\/\"]}]},{\"@type\":\"ImageObject\",\"inLanguage\":\"es\",\"@id\":\"https:\\\/\\\/www.vivaeurovision.com\\\/index.php\\\/2016\\\/04\\\/13\\\/jamala-eurovision-vivaeurovision\\\/#primaryimage\",\"url\":\"https:\\\/\\\/www.vivaeurovision.com\\\/wp-content\\\/uploads\\\/2016\\\/04\\\/Sin-t\u00edtulo-1.jpg\",\"contentUrl\":\"https:\\\/\\\/www.vivaeurovision.com\\\/wp-content\\\/uploads\\\/2016\\\/04\\\/Sin-t\u00edtulo-1.jpg\",\"width\":553,\"height\":350,\"caption\":\"Jamala\"},{\"@type\":\"BreadcrumbList\",\"@id\":\"https:\\\/\\\/www.vivaeurovision.com\\\/index.php\\\/2016\\\/04\\\/13\\\/jamala-eurovision-vivaeurovision\\\/#breadcrumb\",\"itemListElement\":[{\"@type\":\"ListItem\",\"position\":1,\"name\":\"Portada\",\"item\":\"https:\\\/\\\/www.vivaeurovision.com\\\/\"},{\"@type\":\"ListItem\",\"position\":2,\"name\":\"Jamala \u00abEurovision Ucrania 2016\u00bb tiene un mensaje para todos los lectores de vivaeurovision\"}]},{\"@type\":\"WebSite\",\"@id\":\"https:\\\/\\\/www.vivaeurovision.com\\\/#website\",\"url\":\"https:\\\/\\\/www.vivaeurovision.com\\\/\",\"name\":\"VIVAEUROVISION viva eurovision\",\"description\":\"Tu portal sobre el Festival de Eurovision, eurovision, eurovisi\u00f3n\",\"publisher\":{\"@id\":\"https:\\\/\\\/www.vivaeurovision.com\\\/#organization\"},\"potentialAction\":[{\"@type\":\"SearchAction\",\"target\":{\"@type\":\"EntryPoint\",\"urlTemplate\":\"https:\\\/\\\/www.vivaeurovision.com\\\/?s={search_term_string}\"},\"query-input\":{\"@type\":\"PropertyValueSpecification\",\"valueRequired\":true,\"valueName\":\"search_term_string\"}}],\"inLanguage\":\"es\"},{\"@type\":\"Organization\",\"@id\":\"https:\\\/\\\/www.vivaeurovision.com\\\/#organization\",\"name\":\"vivaeurovision\",\"url\":\"https:\\\/\\\/www.vivaeurovision.com\\\/\",\"logo\":{\"@type\":\"ImageObject\",\"inLanguage\":\"es\",\"@id\":\"https:\\\/\\\/www.vivaeurovision.com\\\/#\\\/schema\\\/logo\\\/image\\\/\",\"url\":\"https:\\\/\\\/www.vivaeurovision.com\\\/wp-content\\\/uploads\\\/2016\\\/01\\\/cropped-image-21-1.jpeg\",\"contentUrl\":\"https:\\\/\\\/www.vivaeurovision.com\\\/wp-content\\\/uploads\\\/2016\\\/01\\\/cropped-image-21-1.jpeg\",\"width\":669,\"height\":368,\"caption\":\"vivaeurovision\"},\"image\":{\"@id\":\"https:\\\/\\\/www.vivaeurovision.com\\\/#\\\/schema\\\/logo\\\/image\\\/\"}},{\"@type\":\"Person\",\"@id\":\"https:\\\/\\\/www.vivaeurovision.com\\\/#\\\/schema\\\/person\\\/1d31fdaa3f5f7df556f73d164bd3c47a\",\"name\":\"Pedro Palomo\",\"image\":{\"@type\":\"ImageObject\",\"inLanguage\":\"es\",\"@id\":\"https:\\\/\\\/secure.gravatar.com\\\/avatar\\\/4cf9a4877f5f71f44fb7cedbe1bac1bd28bd8ce7a217517d98d5b2117f9f5505?s=96&d=mm&r=g\",\"url\":\"https:\\\/\\\/secure.gravatar.com\\\/avatar\\\/4cf9a4877f5f71f44fb7cedbe1bac1bd28bd8ce7a217517d98d5b2117f9f5505?s=96&d=mm&r=g\",\"contentUrl\":\"https:\\\/\\\/secure.gravatar.com\\\/avatar\\\/4cf9a4877f5f71f44fb7cedbe1bac1bd28bd8ce7a217517d98d5b2117f9f5505?s=96&d=mm&r=g\",\"caption\":\"Pedro Palomo\"},\"sameAs\":[\"http:\\\/\\\/www.vivaeurovision.com\",\"@pedrobcn\",\"https:\\\/\\\/x.com\\\/@pedropalomobcn\"]}]}<\/script>\n<!-- \/ Yoast SEO plugin. -->","yoast_head_json":{"title":"Jamala \"Eurovision Ucrania 2016\" tiene un mensaje para todos los lectores de vivaeurovision - VIVAEUROVISION viva eurovision","description":"jamala, eurovision 2016, vivaeurovision","robots":{"index":"index","follow":"follow","max-snippet":"max-snippet:-1","max-image-preview":"max-image-preview:large","max-video-preview":"max-video-preview:-1"},"canonical":"https:\/\/www.vivaeurovision.com\/index.php\/2016\/04\/13\/jamala-eurovision-vivaeurovision\/","og_locale":"es_ES","og_type":"article","og_title":"Jamala \"Eurovision Ucrania 2016\" tiene un mensaje para todos los lectores de vivaeurovision - VIVAEUROVISION viva eurovision","og_description":"jamala, eurovision 2016, vivaeurovision","og_url":"https:\/\/www.vivaeurovision.com\/index.php\/2016\/04\/13\/jamala-eurovision-vivaeurovision\/","og_site_name":"VIVAEUROVISION viva eurovision","article_published_time":"2016-04-13T19:34:42+00:00","og_image":[{"width":553,"height":350,"url":"https:\/\/www.vivaeurovision.com\/wp-content\/uploads\/2016\/04\/Sin-t\u00edtulo-1.jpg","type":"image\/jpeg"}],"author":"Pedro Palomo","twitter_card":"summary_large_image","twitter_creator":"@pedropalomobcn","twitter_misc":{"Escrito por":"Pedro Palomo","Tiempo de lectura":"2 minutos"},"schema":{"@context":"https:\/\/schema.org","@graph":[{"@type":"Article","@id":"https:\/\/www.vivaeurovision.com\/index.php\/2016\/04\/13\/jamala-eurovision-vivaeurovision\/#article","isPartOf":{"@id":"https:\/\/www.vivaeurovision.com\/index.php\/2016\/04\/13\/jamala-eurovision-vivaeurovision\/"},"author":{"name":"Pedro Palomo","@id":"https:\/\/www.vivaeurovision.com\/#\/schema\/person\/1d31fdaa3f5f7df556f73d164bd3c47a"},"headline":"Jamala \u00abEurovision Ucrania 2016\u00bb tiene un mensaje para todos los lectores de vivaeurovision","datePublished":"2016-04-13T19:34:42+00:00","mainEntityOfPage":{"@id":"https:\/\/www.vivaeurovision.com\/index.php\/2016\/04\/13\/jamala-eurovision-vivaeurovision\/"},"wordCount":449,"commentCount":0,"publisher":{"@id":"https:\/\/www.vivaeurovision.com\/#organization"},"image":{"@id":"https:\/\/www.vivaeurovision.com\/index.php\/2016\/04\/13\/jamala-eurovision-vivaeurovision\/#primaryimage"},"thumbnailUrl":"https:\/\/www.vivaeurovision.com\/wp-content\/uploads\/2016\/04\/Sin-t\u00edtulo-1.jpg","keywords":["1944","COME TOGETHER","ESC","Esc 2016","Eurovision","Eurovisi\u00f3n 2016","Eurovision 2016 come together","Eurovision come together","jamala","jamala 1944","Jamala eurovision","jamala eurovison 2016","Noticia","Pedro Palomo","Pedro Palomo Eurovision","stockholm 2016","stockholm 2016 come together","ucrania eurovision 2016","ukraine eurovision 2016","viva eurovision","vivaeurovision"],"articleSection":["Entrevistas","Eurovisi\u00f3n 2016","Inicio","Noticias","Ultima Hora"],"inLanguage":"es","potentialAction":[{"@type":"CommentAction","name":"Comment","target":["https:\/\/www.vivaeurovision.com\/index.php\/2016\/04\/13\/jamala-eurovision-vivaeurovision\/#respond"]}]},{"@type":"WebPage","@id":"https:\/\/www.vivaeurovision.com\/index.php\/2016\/04\/13\/jamala-eurovision-vivaeurovision\/","url":"https:\/\/www.vivaeurovision.com\/index.php\/2016\/04\/13\/jamala-eurovision-vivaeurovision\/","name":"Jamala \"Eurovision Ucrania 2016\" tiene un mensaje para todos los lectores de vivaeurovision - VIVAEUROVISION viva eurovision","isPartOf":{"@id":"https:\/\/www.vivaeurovision.com\/#website"},"primaryImageOfPage":{"@id":"https:\/\/www.vivaeurovision.com\/index.php\/2016\/04\/13\/jamala-eurovision-vivaeurovision\/#primaryimage"},"image":{"@id":"https:\/\/www.vivaeurovision.com\/index.php\/2016\/04\/13\/jamala-eurovision-vivaeurovision\/#primaryimage"},"thumbnailUrl":"https:\/\/www.vivaeurovision.com\/wp-content\/uploads\/2016\/04\/Sin-t\u00edtulo-1.jpg","datePublished":"2016-04-13T19:34:42+00:00","description":"jamala, eurovision 2016, vivaeurovision","breadcrumb":{"@id":"https:\/\/www.vivaeurovision.com\/index.php\/2016\/04\/13\/jamala-eurovision-vivaeurovision\/#breadcrumb"},"inLanguage":"es","potentialAction":[{"@type":"ReadAction","target":["https:\/\/www.vivaeurovision.com\/index.php\/2016\/04\/13\/jamala-eurovision-vivaeurovision\/"]}]},{"@type":"ImageObject","inLanguage":"es","@id":"https:\/\/www.vivaeurovision.com\/index.php\/2016\/04\/13\/jamala-eurovision-vivaeurovision\/#primaryimage","url":"https:\/\/www.vivaeurovision.com\/wp-content\/uploads\/2016\/04\/Sin-t\u00edtulo-1.jpg","contentUrl":"https:\/\/www.vivaeurovision.com\/wp-content\/uploads\/2016\/04\/Sin-t\u00edtulo-1.jpg","width":553,"height":350,"caption":"Jamala"},{"@type":"BreadcrumbList","@id":"https:\/\/www.vivaeurovision.com\/index.php\/2016\/04\/13\/jamala-eurovision-vivaeurovision\/#breadcrumb","itemListElement":[{"@type":"ListItem","position":1,"name":"Portada","item":"https:\/\/www.vivaeurovision.com\/"},{"@type":"ListItem","position":2,"name":"Jamala \u00abEurovision Ucrania 2016\u00bb tiene un mensaje para todos los lectores de vivaeurovision"}]},{"@type":"WebSite","@id":"https:\/\/www.vivaeurovision.com\/#website","url":"https:\/\/www.vivaeurovision.com\/","name":"VIVAEUROVISION viva eurovision","description":"Tu portal sobre el Festival de Eurovision, eurovision, eurovisi\u00f3n","publisher":{"@id":"https:\/\/www.vivaeurovision.com\/#organization"},"potentialAction":[{"@type":"SearchAction","target":{"@type":"EntryPoint","urlTemplate":"https:\/\/www.vivaeurovision.com\/?s={search_term_string}"},"query-input":{"@type":"PropertyValueSpecification","valueRequired":true,"valueName":"search_term_string"}}],"inLanguage":"es"},{"@type":"Organization","@id":"https:\/\/www.vivaeurovision.com\/#organization","name":"vivaeurovision","url":"https:\/\/www.vivaeurovision.com\/","logo":{"@type":"ImageObject","inLanguage":"es","@id":"https:\/\/www.vivaeurovision.com\/#\/schema\/logo\/image\/","url":"https:\/\/www.vivaeurovision.com\/wp-content\/uploads\/2016\/01\/cropped-image-21-1.jpeg","contentUrl":"https:\/\/www.vivaeurovision.com\/wp-content\/uploads\/2016\/01\/cropped-image-21-1.jpeg","width":669,"height":368,"caption":"vivaeurovision"},"image":{"@id":"https:\/\/www.vivaeurovision.com\/#\/schema\/logo\/image\/"}},{"@type":"Person","@id":"https:\/\/www.vivaeurovision.com\/#\/schema\/person\/1d31fdaa3f5f7df556f73d164bd3c47a","name":"Pedro Palomo","image":{"@type":"ImageObject","inLanguage":"es","@id":"https:\/\/secure.gravatar.com\/avatar\/4cf9a4877f5f71f44fb7cedbe1bac1bd28bd8ce7a217517d98d5b2117f9f5505?s=96&d=mm&r=g","url":"https:\/\/secure.gravatar.com\/avatar\/4cf9a4877f5f71f44fb7cedbe1bac1bd28bd8ce7a217517d98d5b2117f9f5505?s=96&d=mm&r=g","contentUrl":"https:\/\/secure.gravatar.com\/avatar\/4cf9a4877f5f71f44fb7cedbe1bac1bd28bd8ce7a217517d98d5b2117f9f5505?s=96&d=mm&r=g","caption":"Pedro Palomo"},"sameAs":["http:\/\/www.vivaeurovision.com","@pedrobcn","https:\/\/x.com\/@pedropalomobcn"]}]}},"_links":{"self":[{"href":"https:\/\/www.vivaeurovision.com\/index.php\/wp-json\/wp\/v2\/posts\/1741","targetHints":{"allow":["GET"]}}],"collection":[{"href":"https:\/\/www.vivaeurovision.com\/index.php\/wp-json\/wp\/v2\/posts"}],"about":[{"href":"https:\/\/www.vivaeurovision.com\/index.php\/wp-json\/wp\/v2\/types\/post"}],"author":[{"embeddable":true,"href":"https:\/\/www.vivaeurovision.com\/index.php\/wp-json\/wp\/v2\/users\/1"}],"replies":[{"embeddable":true,"href":"https:\/\/www.vivaeurovision.com\/index.php\/wp-json\/wp\/v2\/comments?post=1741"}],"version-history":[{"count":0,"href":"https:\/\/www.vivaeurovision.com\/index.php\/wp-json\/wp\/v2\/posts\/1741\/revisions"}],"wp:featuredmedia":[{"embeddable":true,"href":"https:\/\/www.vivaeurovision.com\/index.php\/wp-json\/wp\/v2\/media\/1750"}],"wp:attachment":[{"href":"https:\/\/www.vivaeurovision.com\/index.php\/wp-json\/wp\/v2\/media?parent=1741"}],"wp:term":[{"taxonomy":"category","embeddable":true,"href":"https:\/\/www.vivaeurovision.com\/index.php\/wp-json\/wp\/v2\/categories?post=1741"},{"taxonomy":"post_tag","embeddable":true,"href":"https:\/\/www.vivaeurovision.com\/index.php\/wp-json\/wp\/v2\/tags?post=1741"}],"curies":[{"name":"wp","href":"https:\/\/api.w.org\/{rel}","templated":true}]}}