{"id":1789,"date":"2016-04-24T17:58:52","date_gmt":"2016-04-24T17:58:52","guid":{"rendered":"http:\/\/www.vivaeurovision.com\/?p=1789"},"modified":"2016-04-24T17:58:52","modified_gmt":"2016-04-24T17:58:52","slug":"1789-entrevista-zoe","status":"publish","type":"post","link":"https:\/\/www.vivaeurovision.com\/index.php\/2016\/04\/24\/1789-entrevista-zoe\/","title":{"rendered":"Eurovisi\u00f3n Austria 2016:  Zo\u00eb  \u00abNo he recibido consejos de Conchita Wurts, pero yo ser\u00eda muy feliz de tener el consejo de ella\u00bb"},"content":{"rendered":"<p>Eurovisi\u00f3n Austria 2016: Zo\u00eb \u00abNo he recibido ning\u00fan consejo de Conchita Wurts, ser\u00eda feliz de recibir sus consejos\u00bb<\/p>\n<div id=\"attachment_1793\" style=\"width: 210px\" class=\"wp-caption alignnone\"><img loading=\"lazy\" decoding=\"async\" aria-describedby=\"caption-attachment-1793\" class=\"size-medium wp-image-1793\" src=\"http:\/\/www.vivaeurovision.com\/wp-content\/uploads\/2016\/04\/zoe00_427405-200x300.jpg\" alt=\"vivaeurovision\" width=\"200\" height=\"300\" srcset=\"https:\/\/www.vivaeurovision.com\/wp-content\/uploads\/2016\/04\/zoe00_427405-200x300.jpg 200w, https:\/\/www.vivaeurovision.com\/wp-content\/uploads\/2016\/04\/zoe00_427405-768x1152.jpg 768w, https:\/\/www.vivaeurovision.com\/wp-content\/uploads\/2016\/04\/zoe00_427405-683x1024.jpg 683w\" sizes=\"auto, (max-width: 200px) 100vw, 200px\" \/><p id=\"caption-attachment-1793\" class=\"wp-caption-text\">Foto: ORF<\/p><\/div>\n<p>&nbsp;<\/p>\n<p><strong>Hello Zo\u00eb, mi nombre es Pedro Palomo redactor de vivaeurovision, felicidades por\u00a0tu\u00a0representaci\u00f3n y gracias por la concederme unos minutos contigo.<\/strong><\/p>\n<p>Hola Pedro, es un placer para mi.<\/p>\n<p><strong>\u00bfC\u00f3mo\u00a0te sientes al representar a Austria en Eurovisi\u00f3n?<\/strong><\/p>\n<p>Estoy muy feliz y agradecida y muy motivada para hacer que mi pa\u00eds se sienta orgulloso.<\/p>\n<p><strong>El a\u00f1o pasado no fuiste seleccionada este a\u00f1o si, Conchita Wurts gan\u00f3 Eurovisi\u00f3n en el segundo intento, es el tiempo a Austria este a\u00f1o 2016?<\/strong><\/p>\n<p>Estar en el escenario del Festival de Eurovisi\u00f3n,es un sue\u00f1o que se hace realidad &#8230; primero me tengo que clasificar para\u00a0la gran\u00a0final entonces vamos a ver&#8230;\uf04a<\/p>\n<p><strong>No has \u00a0recibido ning\u00fan consejo de Conchita Wurts?<\/strong><\/p>\n<p>No, no lo hizo, pero yo ser\u00eda muy feliz de\u00a0tener el consejo de ella.<\/p>\n<p><strong>Expl\u00edcame como has\u00a0compuesto tiene Loin D&#8217;ici?<\/strong><\/p>\n<p>Loin d&#8217;ici es una canci\u00f3n acerca de un viaje a un para\u00edso imaginario &#8211; un lugar donde todo el mundo es feliz cantando y bailando. No es un lugar f\u00edsico, m\u00e1s un estado de \u00e1nimo.<br \/>\nLa canci\u00f3n es mi hormiga para irradiar energ\u00eda positiva\u00a0y una sonrisa en los rostros !<br \/>\n<iframe loading=\"lazy\" src=\"https:\/\/www.youtube.com\/embed\/ZaPGwvAis3U\" width=\"560\" height=\"315\" frameborder=\"0\" allowfullscreen=\"allowfullscreen\"><\/iframe><br \/>\n<strong>Vemos que te sientes muy bien cantando en franc\u00e9s y has tenido un gran \u00e9xito como Danse Avec Moi, Adieu, es el idioma con el que te identificas m\u00e1s musicalmente?<\/strong><\/p>\n<p>Pude asistir a la escuela francesa en Viena, as\u00ed que realmente crec\u00ed en adictos a la cultura francesa y el franc\u00e9s es una especie de segunda lengua materna y es una parte de m\u00ed. Me encanta cantar en franc\u00e9s: Musicalmente, tambi\u00e9n una manera de expresar mis emociones.<br \/>\n<strong>Podemos escuchar la versi\u00f3n espa\u00f1ola de Lomo D&#8217;ici?<\/strong><\/p>\n<p>Por el momento no esta en mis planes- pero nunca se sabe..<\/p>\n<p><strong>\u00bfC\u00f3mo est\u00e1s viviendo estos meses previos al Festival de Eurovisi\u00f3n?<\/strong><\/p>\n<p>Me tom\u00e9 un tiempo de espera despu\u00e9s de los preliminares nacionales y fui de vacaciones. Desde que estoy de vuelta Tengo un horario de tiempo completo- Me encanta.<\/p>\n<p><strong>Como vas a sorprender a Europa en el escenario del Globen Arena de Estocolmo?<\/strong><br \/>\nLa puesta en escena probablemente se acompa\u00f1e de efectos visuales que muestran pinturas de color de agua de una tierra de fantas\u00eda y un camino que camino. Actualmente estamos trabajando en ellos y no quiero revelar mucho&#8230;<\/p>\n<p><strong>\u00bfEres fan de Eurovisi\u00f3n?<\/strong><\/p>\n<p>S\u00ed, sin duda &#8211; Crec\u00ed con musica y Eurovisi\u00f3n siempre fue un evento especial en mi familia. Siempre he estado fascinado por el escenario, las luces y el espect\u00e1culo!<\/p>\n<p><strong>Has escuchado la canci\u00f3n de Barei \u00abSay Yay!\u00bb Espa\u00f1a. \u00bfDime lo que piensas?<\/strong><\/p>\n<p>Barei es muy valiente &#8211; canta en Ingl\u00e9s y es creo la primera canci\u00f3n de Espa\u00f1a en la Eurovisi\u00f3n en Ingl\u00e9s. Es una canci\u00f3n muy pegadiza y me gusta mucho! Muy fresco, \ud83d\ude42<\/p>\n<p>&nbsp;<\/p>\n<div id=\"attachment_1795\" style=\"width: 310px\" class=\"wp-caption alignnone\"><img loading=\"lazy\" decoding=\"async\" aria-describedby=\"caption-attachment-1795\" class=\"size-medium wp-image-1795\" src=\"http:\/\/www.vivaeurovision.com\/wp-content\/uploads\/2016\/04\/zoe01_427399-300x200.jpg\" alt=\"Foto ORF\" width=\"300\" height=\"200\" srcset=\"https:\/\/www.vivaeurovision.com\/wp-content\/uploads\/2016\/04\/zoe01_427399-300x200.jpg 300w, https:\/\/www.vivaeurovision.com\/wp-content\/uploads\/2016\/04\/zoe01_427399-768x512.jpg 768w, https:\/\/www.vivaeurovision.com\/wp-content\/uploads\/2016\/04\/zoe01_427399-1024x683.jpg 1024w\" sizes=\"auto, (max-width: 300px) 100vw, 300px\" \/><p id=\"caption-attachment-1795\" class=\"wp-caption-text\">Foto ORF<\/p><\/div>\n<p><span title=\"Hello Zo\u00eb, mi nombre es Pedro Palomo redactor de viva eurovision, felicidades por tu representaci\u00f3n y gracias por la concederme unos minutos contigo. \"><strong>Zo\u00eb Hello, my name is Pedro Palomo editor of living eurovision, congratulations on your behalf and thank you for giving me a few minutes with you.<\/strong><br \/>\n<\/span><\/p>\n<p><span title=\"Hola Pedro, es un placer para mi. \">Hi Pedro it is a pleasure for me.<\/span><\/p>\n<p><span title=\"Hola Pedro, es un placer para mi. \"><br \/>\n<\/span><strong><span title=\"\u00bfC\u00f3mo te sientes al representar a Austria en Eurovisi\u00f3n? \">How do you feel to represent Austria at Eurovisi\u00f3n?<\/span><\/strong><span title=\"\u00bfC\u00f3mo te sientes al representar a Austria en Eurovisi\u00f3n? \"><br \/>\n<\/span><\/p>\n<p><span title=\"Estoy muy feliz y agradecida y muy motivada para hacer que mi pa\u00eds se sienta orgulloso. \">I am very happy and grateful and very motivated to make my country proud.<br \/>\n<\/span><\/p>\n<p><span title=\"El a\u00f1o pasado no fuiste seleccionada este a\u00f1o si, Conchita Wurts gan\u00f3 Eurovisi\u00f3n en el segundo intento, es el tiempo a Austria este a\u00f1o 2016? \"><strong>Last year you were not selected this year if, Conchita Wurts won Eurovision in the second attempt, it is time to Austria this year 2016?<\/strong><br \/>\n<\/span><\/p>\n<p><span title=\"Estar en el escenario del Festival de Eurovisi\u00f3n,es un sue\u00f1o que se hace realidad ... primero me tengo que clasificar para la gran final entonces vamos a ver...\uf04a \">Being on stage at the Eurovision Song Contest is a dream come true &#8230; I have to first qualify for the final then we will see &#8230; <\/span><\/p>\n<p><span title=\"Estar en el escenario del Festival de Eurovisi\u00f3n,es un sue\u00f1o que se hace realidad ... primero me tengo que clasificar para la gran final entonces vamos a ver...\uf04a \">\uf04a<br \/>\n<\/span><strong><span title=\"No has recibido ning\u00fan consejo de Conchita Wurts? \">You have not received any advice from Conchita Wurts?<br \/>\n<\/span><\/strong><\/p>\n<p><span title=\"No, no lo hice, pero yo ser\u00eda muy feliz de tener el consejo de ella. \">No, I did not, but I would be very happy to have her advice.<\/span><\/p>\n<p><span title=\"No, no lo hice, pero yo ser\u00eda muy feliz de tener el consejo de ella. \"><br \/>\n<\/span><strong><span title=\"Expl\u00edcame como has compuesto tiene Loin D'ici? \">Explain how compound Loin D&#8217;ici you have?<br \/>\n<\/span><\/strong><\/p>\n<p><span title=\"Loin d'ici es una canci\u00f3n acerca de un viaje a un para\u00edso imaginario - un lugar donde todo el mundo es feliz cantando y bailando.\">Loin d&#8217;ici is a song about a trip to an imaginary paradise &#8211; a place where everyone is happy singing and dancing. <\/span><span title=\"No es un lugar f\u00edsico, m\u00e1s un estado de \u00e1nimo. \">It is not a physical place, more a mood.<\/span><span title=\"La canci\u00f3n es mi hormiga para irradiar energ\u00eda positiva y una sonrisa en los rostros ! \">The song is my ant to radiate positive energy and a smile on their faces!<\/span><\/p>\n<p><span title=\"La canci\u00f3n es mi hormiga para irradiar energ\u00eda positiva y una sonrisa en los rostros ! \"><br \/>\n<\/span><strong><span title=\"Vemos que te sientes muy bien cantando en franc\u00e9s y has tenido un gran \u00e9xito como Danse Avec Moi, Adieu, es el idioma con el que te identificas m\u00e1s musicalmente? \">We see that you feel good singing in French and have had great success as Danse Avec Moi, Adieu, is the language with which you identify most musically?<\/span><\/strong><\/p>\n<p><span title=\"Pude asistir a la escuela francesa en Viena, as\u00ed que realmente crec\u00ed en adictos a la cultura francesa y el franc\u00e9s es una especie de segunda lengua materna y es una parte de m\u00ed.\">I attended the French school in Vienna, so I really grew up addicted to French culture and French is a sort of second mother tongue and is a part of me. <\/span><span title=\"Me encanta cantar en franc\u00e9s: Musicalmente, tambi\u00e9n una manera de expresar mis emociones. \">I love to sing in French: Musically, also a way of expressing my emotions.<br \/>\n<\/span><\/p>\n<p><span title=\"Podemos escuchar la versi\u00f3n espa\u00f1ola de Lomo D'ici? \"><strong>We can hear the Spanish version of Loin D&#8217;ici?<\/strong><br \/>\n<\/span><span title=\"Por el momento no esta en mis planes- pero nunca se sabe.. \">At the moment not in my plans-but you never know ..<\/span><\/p>\n<p><span title=\"Por el momento no esta en mis planes- pero nunca se sabe.. \"><br \/>\n<\/span><strong><span title=\"\u00bfC\u00f3mo est\u00e1s viviendo estos meses previos al Festival de Eurovisi\u00f3n? \">How are you living these previous months the Eurovision Song Contest?<\/span><\/strong><\/p>\n<p><strong><span title=\"\u00bfC\u00f3mo est\u00e1s viviendo estos meses previos al Festival de Eurovisi\u00f3n? \"><br \/>\n<\/span><\/strong><span title=\"Me tom\u00e9 un tiempo de espera despu\u00e9s de los preliminares nacionales y fui de vacaciones.\">I took a timeout after the national preliminaries and went on vacation. <\/span><span title=\"Desde que estoy de vuelta Tengo un horario de tiempo completo- Me encanta. \">Since I&#8217;m back I have a schedule in full time I love.<\/span><\/p>\n<p><span title=\"Desde que estoy de vuelta Tengo un horario de tiempo completo- Me encanta. \"><br \/>\n<\/span><strong><span title=\"Como vas a sorprender a Europa en el escenario del Globen Arena de Estocolmo? \">As you&#8217;ll be surprised to Europe on stage at the Globen Arena in Stockholm?<\/span><\/strong><\/p>\n<p><strong><span title=\"Como vas a sorprender a Europa en el escenario del Globen Arena de Estocolmo? \"><br \/>\n<\/span><\/strong><span title=\"La puesta en escena probablemente se acompa\u00f1e de efectos visuales que muestran pinturas de color de agua de una tierra de fantas\u00eda y un camino que camino.\">The staging probably be accompanied by visual effects showing water color paintings of a fantasy land and a road way. <\/span><span title=\"Actualmente estamos trabajando en ellos y no quiero revelar mucho... \">We are currently working on them and do not want to reveal much &#8230;<\/span><\/p>\n<p><span title=\"Actualmente estamos trabajando en ellos y no quiero revelar mucho... \"><br \/>\n<\/span><span title=\"\u00bfEres fan de Eurovisi\u00f3n? \"><strong>Are you a fan of Eurovision?<\/strong><br \/>\n<\/span><span title=\"S\u00ed, sin duda - Crec\u00ed con musica y Eurovisi\u00f3n siempre fue un evento especial en mi familia.\">Yes, definitely &#8211; I grew up with music and Eurovision was always a special event in my family. <\/span><span title=\"Siempre he estado fascinado por el escenario, las luces y el espect\u00e1culo! \">I have always been fascinated by the stage, the lights and the show!<\/span><\/p>\n<p><span title=\"Siempre he estado fascinado por el escenario, las luces y el espect\u00e1culo! \"><br \/>\n<\/span><strong><span title=\"Has escuchado la canci\u00f3n de Barei &quot;Say Yay!&quot;\">You&#8217;ve heard the song Barei \u00abSay Yay!\u00bb <\/span><span title=\"Espa\u00f1a.\">Spain. <\/span><span title=\"\u00bfDime lo que piensas? \">Tell me what you think?<\/span><\/strong><\/p>\n<p><strong><span title=\"\u00bfDime lo que piensas? \"><br \/>\n<\/span><\/strong><span title=\"Barei es muy valiente - canta en Ingl\u00e9s y es creo la primera canci\u00f3n de Espa\u00f1a en la Eurovisi\u00f3n en Ingl\u00e9s.\">Barei is very brave &#8211; sings in English and is created the first song of Spain at Eurovision in English. <\/span><span title=\"Es una canci\u00f3n muy pegadiza y me gusta mucho!\">It is a very catchy song and I like it! <\/span><span title=\"Muy fresco :)\">Very fresh \ud83d\ude42<\/span><\/p>\n<p>&nbsp;<\/p>\n<div id=\"attachment_1796\" style=\"width: 210px\" class=\"wp-caption alignnone\"><img loading=\"lazy\" decoding=\"async\" aria-describedby=\"caption-attachment-1796\" class=\"size-medium wp-image-1796\" src=\"http:\/\/www.vivaeurovision.com\/wp-content\/uploads\/2016\/04\/zoe04_427404-200x300.jpg\" alt=\"vivaeurovision\" width=\"200\" height=\"300\" srcset=\"https:\/\/www.vivaeurovision.com\/wp-content\/uploads\/2016\/04\/zoe04_427404-200x300.jpg 200w, https:\/\/www.vivaeurovision.com\/wp-content\/uploads\/2016\/04\/zoe04_427404-768x1152.jpg 768w, https:\/\/www.vivaeurovision.com\/wp-content\/uploads\/2016\/04\/zoe04_427404-683x1024.jpg 683w\" sizes=\"auto, (max-width: 200px) 100vw, 200px\" \/><p id=\"caption-attachment-1796\" class=\"wp-caption-text\">Foto: ORF<\/p><\/div>\n<p>&nbsp;<\/p>\n<p>&nbsp;<\/p>\n<p><img loading=\"lazy\" decoding=\"async\" class=\"alignnone size-medium wp-image-311\" src=\"http:\/\/www.vivaeurovision.com\/wp-content\/uploads\/2016\/01\/image-21-300x165.jpeg\" alt=\"VIVAEUROVISION.COM\" width=\"300\" height=\"165\" srcset=\"https:\/\/www.vivaeurovision.com\/wp-content\/uploads\/2016\/01\/image-21-300x165.jpeg 300w, https:\/\/www.vivaeurovision.com\/wp-content\/uploads\/2016\/01\/image-21-555x305.jpeg 555w, https:\/\/www.vivaeurovision.com\/wp-content\/uploads\/2016\/01\/image-21.jpeg 669w\" sizes=\"auto, (max-width: 300px) 100vw, 300px\" \/><\/p>\n<p>Twitter\u00a0 <strong><a href=\"https:\/\/twitter.com\/viva_eurovision\" target=\"_blank\">@<\/a><a href=\"https:\/\/twitter.com\/viva_eurovision\" target=\"_blank\">viva_eurovision<\/a>\u00a0 <a href=\"https:\/\/www.facebook.com\/Vivaeurovisioncom-867806686671081\/?fref=nf\" target=\"_blank\">FACEBOOK OFICIAL VIVA EUROVISION <\/a><\/strong>Instragram <a href=\"https:\/\/www.instagram.com\/vivaeurovision\/\" target=\"_blank\"><strong>@vivaeurovision<\/strong><\/a><\/p>\n<p>Artista: <a href=\"https:\/\/twitter.com\/Zoe__Music\" target=\"_blank\">@Zoe_Music<\/a>\u00a0 <strong><a href=\"https:\/\/www.facebook.com\/zoemusicofficial\/?fref=ts\" target=\"_blank\">Facebook Oficial Zo\u00eb<\/a><\/strong><\/p>\n<p>Im\u00e1genes:\u00a0 <strong>\u00a9ORF \u00a9Zo\u00eb<\/strong><\/p>\n<p>Redactor: Pedro Palomo <a href=\"https:\/\/twitter.com\/pedropalomobcn?lang=es\"><strong>@pedropalomobcn<\/strong><\/a><strong>\u00a0<\/strong>Instagram <a href=\"https:\/\/www.instagram.com\/pedrobcn\/\" target=\"_blank\"><strong>@pedrobcn<\/strong><\/a><\/p>\n","protected":false},"excerpt":{"rendered":"<p>Eurovisi\u00f3n Austria 2016: Zo\u00eb \u00abNo he recibido ning\u00fan consejo de Conchita Wurts, ser\u00eda feliz de recibir sus consejos\u00bb &nbsp; Hello Zo\u00eb, mi nombre es Pedro Palomo redactor de vivaeurovision, felicidades&#46;&#46;&#46;<\/p>\n","protected":false},"author":1,"featured_media":1798,"comment_status":"open","ping_status":"open","sticky":false,"template":"","format":"standard","meta":{"_exactmetrics_skip_tracking":false,"_exactmetrics_sitenote_active":false,"_exactmetrics_sitenote_note":"","_exactmetrics_sitenote_category":0,"footnotes":""},"categories":[5,7,4,2,3],"tags":[51,50,49,159,33,747,17,30,13,14,11,12,160,636,158,750,602,749,34,19,20,104,161,637,23,22,52,281,282,748,635,634],"class_list":["post-1789","post","type-post","status-publish","format-standard","has-post-thumbnail","hentry","category-entrevistas","category-eurovision-2016","category-eurovision","category-noticia","category-ultima-hora","tag-austria","tag-austria-2016","tag-austria-eurovision-2016","tag-come-together","tag-entrevista","tag-entrevista-zoe","tag-esc","tag-esc-2016","tag-estocolmo","tag-estocolmo-2016","tag-eurovision","tag-eurovision-2016","tag-eurovision-2016-come-together","tag-eurovision-austria-2016","tag-eurovision-come-together","tag-eurovision-interview","tag-interview","tag-loin-dici","tag-noticia","tag-pedro-palomo","tag-pedro-palomo-eurovision","tag-stockholm-2016","tag-stockholm-2016-come-together","tag-videoclip-zoe","tag-viva-eurovision","tag-vivaeurovision","tag-zoe","tag-zoe-austria-2016","tag-zoe-eurovision-2016","tag-zoe-interview","tag-zoe-loin-dici","tag-zoe-loin-dici-eurovision"],"yoast_head":"<!-- This site is optimized with the Yoast SEO plugin v27.5 - https:\/\/yoast.com\/product\/yoast-seo-wordpress\/ -->\n<title>Eurovisi\u00f3n Austria 2016: Zo\u00eb &quot;No he recibido consejos de Conchita Wurts, pero yo ser\u00eda muy feliz de tener el consejo de ella&quot; - VIVAEUROVISION viva eurovision<\/title>\n<meta name=\"description\" content=\"Zo\u00eb, vivaeurovision, Eurovision\" \/>\n<meta name=\"robots\" content=\"index, follow, max-snippet:-1, max-image-preview:large, max-video-preview:-1\" \/>\n<link rel=\"canonical\" href=\"https:\/\/www.vivaeurovision.com\/index.php\/2016\/04\/24\/1789-entrevista-zoe\/\" \/>\n<meta property=\"og:locale\" content=\"es_ES\" \/>\n<meta property=\"og:type\" content=\"article\" \/>\n<meta property=\"og:title\" content=\"Eurovisi\u00f3n Austria 2016: Zo\u00eb &quot;No he recibido consejos de Conchita Wurts, pero yo ser\u00eda muy feliz de tener el consejo de ella&quot; - VIVAEUROVISION viva eurovision\" \/>\n<meta property=\"og:description\" content=\"Zo\u00eb, vivaeurovision, Eurovision\" \/>\n<meta property=\"og:url\" content=\"https:\/\/www.vivaeurovision.com\/index.php\/2016\/04\/24\/1789-entrevista-zoe\/\" \/>\n<meta property=\"og:site_name\" content=\"VIVAEUROVISION viva eurovision\" \/>\n<meta property=\"article:published_time\" content=\"2016-04-24T17:58:52+00:00\" \/>\n<meta property=\"og:image\" content=\"https:\/\/www.vivaeurovision.com\/wp-content\/uploads\/2016\/04\/zoe02_427400-copia.jpg\" \/>\n\t<meta property=\"og:image:width\" content=\"4000\" \/>\n\t<meta property=\"og:image:height\" content=\"2667\" \/>\n\t<meta property=\"og:image:type\" content=\"image\/jpeg\" \/>\n<meta name=\"author\" content=\"Pedro Palomo\" \/>\n<meta name=\"twitter:card\" content=\"summary_large_image\" \/>\n<meta name=\"twitter:creator\" content=\"@pedropalomobcn\" \/>\n<meta name=\"twitter:label1\" content=\"Escrito por\" \/>\n\t<meta name=\"twitter:data1\" content=\"Pedro Palomo\" \/>\n\t<meta name=\"twitter:label2\" content=\"Tiempo de lectura\" \/>\n\t<meta name=\"twitter:data2\" content=\"5 minutos\" \/>\n<script type=\"application\/ld+json\" class=\"yoast-schema-graph\">{\"@context\":\"https:\\\/\\\/schema.org\",\"@graph\":[{\"@type\":\"Article\",\"@id\":\"https:\\\/\\\/www.vivaeurovision.com\\\/index.php\\\/2016\\\/04\\\/24\\\/1789-entrevista-zoe\\\/#article\",\"isPartOf\":{\"@id\":\"https:\\\/\\\/www.vivaeurovision.com\\\/index.php\\\/2016\\\/04\\\/24\\\/1789-entrevista-zoe\\\/\"},\"author\":{\"name\":\"Pedro Palomo\",\"@id\":\"https:\\\/\\\/www.vivaeurovision.com\\\/#\\\/schema\\\/person\\\/1d31fdaa3f5f7df556f73d164bd3c47a\"},\"headline\":\"Eurovisi\u00f3n Austria 2016: Zo\u00eb \u00abNo he recibido consejos de Conchita Wurts, pero yo ser\u00eda muy feliz de tener el consejo de ella\u00bb\",\"datePublished\":\"2016-04-24T17:58:52+00:00\",\"mainEntityOfPage\":{\"@id\":\"https:\\\/\\\/www.vivaeurovision.com\\\/index.php\\\/2016\\\/04\\\/24\\\/1789-entrevista-zoe\\\/\"},\"wordCount\":1041,\"commentCount\":2,\"publisher\":{\"@id\":\"https:\\\/\\\/www.vivaeurovision.com\\\/#organization\"},\"image\":{\"@id\":\"https:\\\/\\\/www.vivaeurovision.com\\\/index.php\\\/2016\\\/04\\\/24\\\/1789-entrevista-zoe\\\/#primaryimage\"},\"thumbnailUrl\":\"https:\\\/\\\/www.vivaeurovision.com\\\/wp-content\\\/uploads\\\/2016\\\/04\\\/zoe02_427400-copia.jpg\",\"keywords\":[\"Austria\",\"Austria 2016\",\"AUSTRIA EUROVISION 2016\",\"COME TOGETHER\",\"Entrevista\",\"entrevista zo\u00eb\",\"ESC\",\"Esc 2016\",\"Estocolmo\",\"Estocolmo 2016\",\"Eurovision\",\"Eurovisi\u00f3n 2016\",\"Eurovision 2016 come together\",\"EUROVISION AUSTRIA 2016\",\"Eurovision come together\",\"eurovision interview\",\"interview\",\"Loin D\u00b4ici\",\"Noticia\",\"Pedro Palomo\",\"Pedro Palomo Eurovision\",\"stockholm 2016\",\"stockholm 2016 come together\",\"VIDEOCLIP ZO\u00cb\",\"viva eurovision\",\"vivaeurovision\",\"ZO\u00cb\",\"ZO\u00cb AUSTRIA 2016\",\"ZO\u00cb EUROVISION 2016\",\"Zo\u00eb interview\",\"ZO\u00cb LOIN D\u00b4ICI\",\"ZO\u00cb LOIN D\u00b4ICI EUROVISION\"],\"articleSection\":[\"Entrevistas\",\"Eurovisi\u00f3n 2016\",\"Inicio\",\"Noticias\",\"Ultima Hora\"],\"inLanguage\":\"es\",\"potentialAction\":[{\"@type\":\"CommentAction\",\"name\":\"Comment\",\"target\":[\"https:\\\/\\\/www.vivaeurovision.com\\\/index.php\\\/2016\\\/04\\\/24\\\/1789-entrevista-zoe\\\/#respond\"]}]},{\"@type\":\"WebPage\",\"@id\":\"https:\\\/\\\/www.vivaeurovision.com\\\/index.php\\\/2016\\\/04\\\/24\\\/1789-entrevista-zoe\\\/\",\"url\":\"https:\\\/\\\/www.vivaeurovision.com\\\/index.php\\\/2016\\\/04\\\/24\\\/1789-entrevista-zoe\\\/\",\"name\":\"Eurovisi\u00f3n Austria 2016: Zo\u00eb \\\"No he recibido consejos de Conchita Wurts, pero yo ser\u00eda muy feliz de tener el consejo de ella\\\" - VIVAEUROVISION viva eurovision\",\"isPartOf\":{\"@id\":\"https:\\\/\\\/www.vivaeurovision.com\\\/#website\"},\"primaryImageOfPage\":{\"@id\":\"https:\\\/\\\/www.vivaeurovision.com\\\/index.php\\\/2016\\\/04\\\/24\\\/1789-entrevista-zoe\\\/#primaryimage\"},\"image\":{\"@id\":\"https:\\\/\\\/www.vivaeurovision.com\\\/index.php\\\/2016\\\/04\\\/24\\\/1789-entrevista-zoe\\\/#primaryimage\"},\"thumbnailUrl\":\"https:\\\/\\\/www.vivaeurovision.com\\\/wp-content\\\/uploads\\\/2016\\\/04\\\/zoe02_427400-copia.jpg\",\"datePublished\":\"2016-04-24T17:58:52+00:00\",\"description\":\"Zo\u00eb, vivaeurovision, Eurovision\",\"breadcrumb\":{\"@id\":\"https:\\\/\\\/www.vivaeurovision.com\\\/index.php\\\/2016\\\/04\\\/24\\\/1789-entrevista-zoe\\\/#breadcrumb\"},\"inLanguage\":\"es\",\"potentialAction\":[{\"@type\":\"ReadAction\",\"target\":[\"https:\\\/\\\/www.vivaeurovision.com\\\/index.php\\\/2016\\\/04\\\/24\\\/1789-entrevista-zoe\\\/\"]}]},{\"@type\":\"ImageObject\",\"inLanguage\":\"es\",\"@id\":\"https:\\\/\\\/www.vivaeurovision.com\\\/index.php\\\/2016\\\/04\\\/24\\\/1789-entrevista-zoe\\\/#primaryimage\",\"url\":\"https:\\\/\\\/www.vivaeurovision.com\\\/wp-content\\\/uploads\\\/2016\\\/04\\\/zoe02_427400-copia.jpg\",\"contentUrl\":\"https:\\\/\\\/www.vivaeurovision.com\\\/wp-content\\\/uploads\\\/2016\\\/04\\\/zoe02_427400-copia.jpg\",\"width\":4000,\"height\":2667,\"caption\":\"FOTO: ORF\"},{\"@type\":\"BreadcrumbList\",\"@id\":\"https:\\\/\\\/www.vivaeurovision.com\\\/index.php\\\/2016\\\/04\\\/24\\\/1789-entrevista-zoe\\\/#breadcrumb\",\"itemListElement\":[{\"@type\":\"ListItem\",\"position\":1,\"name\":\"Portada\",\"item\":\"https:\\\/\\\/www.vivaeurovision.com\\\/\"},{\"@type\":\"ListItem\",\"position\":2,\"name\":\"Eurovisi\u00f3n Austria 2016: Zo\u00eb \u00abNo he recibido consejos de Conchita Wurts, pero yo ser\u00eda muy feliz de tener el consejo de ella\u00bb\"}]},{\"@type\":\"WebSite\",\"@id\":\"https:\\\/\\\/www.vivaeurovision.com\\\/#website\",\"url\":\"https:\\\/\\\/www.vivaeurovision.com\\\/\",\"name\":\"VIVAEUROVISION viva eurovision\",\"description\":\"Tu portal sobre el Festival de Eurovision, eurovision, eurovisi\u00f3n\",\"publisher\":{\"@id\":\"https:\\\/\\\/www.vivaeurovision.com\\\/#organization\"},\"potentialAction\":[{\"@type\":\"SearchAction\",\"target\":{\"@type\":\"EntryPoint\",\"urlTemplate\":\"https:\\\/\\\/www.vivaeurovision.com\\\/?s={search_term_string}\"},\"query-input\":{\"@type\":\"PropertyValueSpecification\",\"valueRequired\":true,\"valueName\":\"search_term_string\"}}],\"inLanguage\":\"es\"},{\"@type\":\"Organization\",\"@id\":\"https:\\\/\\\/www.vivaeurovision.com\\\/#organization\",\"name\":\"vivaeurovision\",\"url\":\"https:\\\/\\\/www.vivaeurovision.com\\\/\",\"logo\":{\"@type\":\"ImageObject\",\"inLanguage\":\"es\",\"@id\":\"https:\\\/\\\/www.vivaeurovision.com\\\/#\\\/schema\\\/logo\\\/image\\\/\",\"url\":\"https:\\\/\\\/www.vivaeurovision.com\\\/wp-content\\\/uploads\\\/2016\\\/01\\\/cropped-image-21-1.jpeg\",\"contentUrl\":\"https:\\\/\\\/www.vivaeurovision.com\\\/wp-content\\\/uploads\\\/2016\\\/01\\\/cropped-image-21-1.jpeg\",\"width\":669,\"height\":368,\"caption\":\"vivaeurovision\"},\"image\":{\"@id\":\"https:\\\/\\\/www.vivaeurovision.com\\\/#\\\/schema\\\/logo\\\/image\\\/\"}},{\"@type\":\"Person\",\"@id\":\"https:\\\/\\\/www.vivaeurovision.com\\\/#\\\/schema\\\/person\\\/1d31fdaa3f5f7df556f73d164bd3c47a\",\"name\":\"Pedro Palomo\",\"image\":{\"@type\":\"ImageObject\",\"inLanguage\":\"es\",\"@id\":\"https:\\\/\\\/secure.gravatar.com\\\/avatar\\\/4cf9a4877f5f71f44fb7cedbe1bac1bd28bd8ce7a217517d98d5b2117f9f5505?s=96&d=mm&r=g\",\"url\":\"https:\\\/\\\/secure.gravatar.com\\\/avatar\\\/4cf9a4877f5f71f44fb7cedbe1bac1bd28bd8ce7a217517d98d5b2117f9f5505?s=96&d=mm&r=g\",\"contentUrl\":\"https:\\\/\\\/secure.gravatar.com\\\/avatar\\\/4cf9a4877f5f71f44fb7cedbe1bac1bd28bd8ce7a217517d98d5b2117f9f5505?s=96&d=mm&r=g\",\"caption\":\"Pedro Palomo\"},\"sameAs\":[\"http:\\\/\\\/www.vivaeurovision.com\",\"@pedrobcn\",\"https:\\\/\\\/x.com\\\/@pedropalomobcn\"]}]}<\/script>\n<!-- \/ Yoast SEO plugin. -->","yoast_head_json":{"title":"Eurovisi\u00f3n Austria 2016: Zo\u00eb \"No he recibido consejos de Conchita Wurts, pero yo ser\u00eda muy feliz de tener el consejo de ella\" - VIVAEUROVISION viva eurovision","description":"Zo\u00eb, vivaeurovision, Eurovision","robots":{"index":"index","follow":"follow","max-snippet":"max-snippet:-1","max-image-preview":"max-image-preview:large","max-video-preview":"max-video-preview:-1"},"canonical":"https:\/\/www.vivaeurovision.com\/index.php\/2016\/04\/24\/1789-entrevista-zoe\/","og_locale":"es_ES","og_type":"article","og_title":"Eurovisi\u00f3n Austria 2016: Zo\u00eb \"No he recibido consejos de Conchita Wurts, pero yo ser\u00eda muy feliz de tener el consejo de ella\" - VIVAEUROVISION viva eurovision","og_description":"Zo\u00eb, vivaeurovision, Eurovision","og_url":"https:\/\/www.vivaeurovision.com\/index.php\/2016\/04\/24\/1789-entrevista-zoe\/","og_site_name":"VIVAEUROVISION viva eurovision","article_published_time":"2016-04-24T17:58:52+00:00","og_image":[{"width":4000,"height":2667,"url":"https:\/\/www.vivaeurovision.com\/wp-content\/uploads\/2016\/04\/zoe02_427400-copia.jpg","type":"image\/jpeg"}],"author":"Pedro Palomo","twitter_card":"summary_large_image","twitter_creator":"@pedropalomobcn","twitter_misc":{"Escrito por":"Pedro Palomo","Tiempo de lectura":"5 minutos"},"schema":{"@context":"https:\/\/schema.org","@graph":[{"@type":"Article","@id":"https:\/\/www.vivaeurovision.com\/index.php\/2016\/04\/24\/1789-entrevista-zoe\/#article","isPartOf":{"@id":"https:\/\/www.vivaeurovision.com\/index.php\/2016\/04\/24\/1789-entrevista-zoe\/"},"author":{"name":"Pedro Palomo","@id":"https:\/\/www.vivaeurovision.com\/#\/schema\/person\/1d31fdaa3f5f7df556f73d164bd3c47a"},"headline":"Eurovisi\u00f3n Austria 2016: Zo\u00eb \u00abNo he recibido consejos de Conchita Wurts, pero yo ser\u00eda muy feliz de tener el consejo de ella\u00bb","datePublished":"2016-04-24T17:58:52+00:00","mainEntityOfPage":{"@id":"https:\/\/www.vivaeurovision.com\/index.php\/2016\/04\/24\/1789-entrevista-zoe\/"},"wordCount":1041,"commentCount":2,"publisher":{"@id":"https:\/\/www.vivaeurovision.com\/#organization"},"image":{"@id":"https:\/\/www.vivaeurovision.com\/index.php\/2016\/04\/24\/1789-entrevista-zoe\/#primaryimage"},"thumbnailUrl":"https:\/\/www.vivaeurovision.com\/wp-content\/uploads\/2016\/04\/zoe02_427400-copia.jpg","keywords":["Austria","Austria 2016","AUSTRIA EUROVISION 2016","COME TOGETHER","Entrevista","entrevista zo\u00eb","ESC","Esc 2016","Estocolmo","Estocolmo 2016","Eurovision","Eurovisi\u00f3n 2016","Eurovision 2016 come together","EUROVISION AUSTRIA 2016","Eurovision come together","eurovision interview","interview","Loin D\u00b4ici","Noticia","Pedro Palomo","Pedro Palomo Eurovision","stockholm 2016","stockholm 2016 come together","VIDEOCLIP ZO\u00cb","viva eurovision","vivaeurovision","ZO\u00cb","ZO\u00cb AUSTRIA 2016","ZO\u00cb EUROVISION 2016","Zo\u00eb interview","ZO\u00cb LOIN D\u00b4ICI","ZO\u00cb LOIN D\u00b4ICI EUROVISION"],"articleSection":["Entrevistas","Eurovisi\u00f3n 2016","Inicio","Noticias","Ultima Hora"],"inLanguage":"es","potentialAction":[{"@type":"CommentAction","name":"Comment","target":["https:\/\/www.vivaeurovision.com\/index.php\/2016\/04\/24\/1789-entrevista-zoe\/#respond"]}]},{"@type":"WebPage","@id":"https:\/\/www.vivaeurovision.com\/index.php\/2016\/04\/24\/1789-entrevista-zoe\/","url":"https:\/\/www.vivaeurovision.com\/index.php\/2016\/04\/24\/1789-entrevista-zoe\/","name":"Eurovisi\u00f3n Austria 2016: Zo\u00eb \"No he recibido consejos de Conchita Wurts, pero yo ser\u00eda muy feliz de tener el consejo de ella\" - VIVAEUROVISION viva eurovision","isPartOf":{"@id":"https:\/\/www.vivaeurovision.com\/#website"},"primaryImageOfPage":{"@id":"https:\/\/www.vivaeurovision.com\/index.php\/2016\/04\/24\/1789-entrevista-zoe\/#primaryimage"},"image":{"@id":"https:\/\/www.vivaeurovision.com\/index.php\/2016\/04\/24\/1789-entrevista-zoe\/#primaryimage"},"thumbnailUrl":"https:\/\/www.vivaeurovision.com\/wp-content\/uploads\/2016\/04\/zoe02_427400-copia.jpg","datePublished":"2016-04-24T17:58:52+00:00","description":"Zo\u00eb, vivaeurovision, Eurovision","breadcrumb":{"@id":"https:\/\/www.vivaeurovision.com\/index.php\/2016\/04\/24\/1789-entrevista-zoe\/#breadcrumb"},"inLanguage":"es","potentialAction":[{"@type":"ReadAction","target":["https:\/\/www.vivaeurovision.com\/index.php\/2016\/04\/24\/1789-entrevista-zoe\/"]}]},{"@type":"ImageObject","inLanguage":"es","@id":"https:\/\/www.vivaeurovision.com\/index.php\/2016\/04\/24\/1789-entrevista-zoe\/#primaryimage","url":"https:\/\/www.vivaeurovision.com\/wp-content\/uploads\/2016\/04\/zoe02_427400-copia.jpg","contentUrl":"https:\/\/www.vivaeurovision.com\/wp-content\/uploads\/2016\/04\/zoe02_427400-copia.jpg","width":4000,"height":2667,"caption":"FOTO: ORF"},{"@type":"BreadcrumbList","@id":"https:\/\/www.vivaeurovision.com\/index.php\/2016\/04\/24\/1789-entrevista-zoe\/#breadcrumb","itemListElement":[{"@type":"ListItem","position":1,"name":"Portada","item":"https:\/\/www.vivaeurovision.com\/"},{"@type":"ListItem","position":2,"name":"Eurovisi\u00f3n Austria 2016: Zo\u00eb \u00abNo he recibido consejos de Conchita Wurts, pero yo ser\u00eda muy feliz de tener el consejo de ella\u00bb"}]},{"@type":"WebSite","@id":"https:\/\/www.vivaeurovision.com\/#website","url":"https:\/\/www.vivaeurovision.com\/","name":"VIVAEUROVISION viva eurovision","description":"Tu portal sobre el Festival de Eurovision, eurovision, eurovisi\u00f3n","publisher":{"@id":"https:\/\/www.vivaeurovision.com\/#organization"},"potentialAction":[{"@type":"SearchAction","target":{"@type":"EntryPoint","urlTemplate":"https:\/\/www.vivaeurovision.com\/?s={search_term_string}"},"query-input":{"@type":"PropertyValueSpecification","valueRequired":true,"valueName":"search_term_string"}}],"inLanguage":"es"},{"@type":"Organization","@id":"https:\/\/www.vivaeurovision.com\/#organization","name":"vivaeurovision","url":"https:\/\/www.vivaeurovision.com\/","logo":{"@type":"ImageObject","inLanguage":"es","@id":"https:\/\/www.vivaeurovision.com\/#\/schema\/logo\/image\/","url":"https:\/\/www.vivaeurovision.com\/wp-content\/uploads\/2016\/01\/cropped-image-21-1.jpeg","contentUrl":"https:\/\/www.vivaeurovision.com\/wp-content\/uploads\/2016\/01\/cropped-image-21-1.jpeg","width":669,"height":368,"caption":"vivaeurovision"},"image":{"@id":"https:\/\/www.vivaeurovision.com\/#\/schema\/logo\/image\/"}},{"@type":"Person","@id":"https:\/\/www.vivaeurovision.com\/#\/schema\/person\/1d31fdaa3f5f7df556f73d164bd3c47a","name":"Pedro Palomo","image":{"@type":"ImageObject","inLanguage":"es","@id":"https:\/\/secure.gravatar.com\/avatar\/4cf9a4877f5f71f44fb7cedbe1bac1bd28bd8ce7a217517d98d5b2117f9f5505?s=96&d=mm&r=g","url":"https:\/\/secure.gravatar.com\/avatar\/4cf9a4877f5f71f44fb7cedbe1bac1bd28bd8ce7a217517d98d5b2117f9f5505?s=96&d=mm&r=g","contentUrl":"https:\/\/secure.gravatar.com\/avatar\/4cf9a4877f5f71f44fb7cedbe1bac1bd28bd8ce7a217517d98d5b2117f9f5505?s=96&d=mm&r=g","caption":"Pedro Palomo"},"sameAs":["http:\/\/www.vivaeurovision.com","@pedrobcn","https:\/\/x.com\/@pedropalomobcn"]}]}},"_links":{"self":[{"href":"https:\/\/www.vivaeurovision.com\/index.php\/wp-json\/wp\/v2\/posts\/1789","targetHints":{"allow":["GET"]}}],"collection":[{"href":"https:\/\/www.vivaeurovision.com\/index.php\/wp-json\/wp\/v2\/posts"}],"about":[{"href":"https:\/\/www.vivaeurovision.com\/index.php\/wp-json\/wp\/v2\/types\/post"}],"author":[{"embeddable":true,"href":"https:\/\/www.vivaeurovision.com\/index.php\/wp-json\/wp\/v2\/users\/1"}],"replies":[{"embeddable":true,"href":"https:\/\/www.vivaeurovision.com\/index.php\/wp-json\/wp\/v2\/comments?post=1789"}],"version-history":[{"count":0,"href":"https:\/\/www.vivaeurovision.com\/index.php\/wp-json\/wp\/v2\/posts\/1789\/revisions"}],"wp:featuredmedia":[{"embeddable":true,"href":"https:\/\/www.vivaeurovision.com\/index.php\/wp-json\/wp\/v2\/media\/1798"}],"wp:attachment":[{"href":"https:\/\/www.vivaeurovision.com\/index.php\/wp-json\/wp\/v2\/media?parent=1789"}],"wp:term":[{"taxonomy":"category","embeddable":true,"href":"https:\/\/www.vivaeurovision.com\/index.php\/wp-json\/wp\/v2\/categories?post=1789"},{"taxonomy":"post_tag","embeddable":true,"href":"https:\/\/www.vivaeurovision.com\/index.php\/wp-json\/wp\/v2\/tags?post=1789"}],"curies":[{"name":"wp","href":"https:\/\/api.w.org\/{rel}","templated":true}]}}