{"id":189,"date":"2016-01-17T21:45:14","date_gmt":"2016-01-17T21:45:14","guid":{"rendered":"http:\/\/www.vivaeurovision.com\/?p=189"},"modified":"2016-01-19T23:04:36","modified_gmt":"2016-01-19T23:04:36","slug":"189","status":"publish","type":"post","link":"https:\/\/www.vivaeurovision.com\/index.php\/2016\/01\/17\/189\/","title":{"rendered":"MAVERICK: UN TEMA QUE OS HARA BAILAR \u00abTENGO MUCHAS GANAS QUE LLEGUE EL DIA DE LA GALA\u00bb"},"content":{"rendered":"<p><strong>Maverick<\/strong> nacido en Vinar\u00f2s \u00abCastell\u00f3n\u00bb en 1996, se dio a conocer gracias al Talent Show La Voz. Donde consigui\u00f3 ser el tercer finalista gracias\u00a0el apoyo incondicional del publico y de su Coach como es Laura Pausini. Tras su paso por el programa lanz\u00f3 su primer \u00e1lbum 18+1 con el que esta cosechando un gran \u00e9xito siendo uno de los artistas noveles del panorama musical espa\u00f1ol con mayor reconocimiento en los \u00faltimos meses. Ahora <strong>Maverick es uno de los aspirantes a representar a Espa\u00f1a en el 61\u00ba Festival de Eurovisi\u00f3n 2016<\/strong> que se celebra en Estocolmo el pr\u00f3ximo 14 de Mayo.<\/p>\n<p>&nbsp;<\/p>\n<p><strong>Hola Maverick, soy Pedro Palomo redactor de VIVAEUROVISION, ante todo felicidades por el \u00e9xito que est\u00e1 teniendo tu \u00e1lbum 18+1 y por ser uno de los candidatos a poder representar a Espa\u00f1a en el Festival de Eurovisi\u00f3n 2016.<\/strong><\/p>\n<p><img loading=\"lazy\" decoding=\"async\" class=\"alignnone size-medium wp-image-191\" src=\"http:\/\/www.vivaeurovision.com\/wp-content\/uploads\/2016\/01\/FullSizeRender-300x297.jpg\" alt=\"FullSizeRender\" width=\"300\" height=\"297\" srcset=\"https:\/\/www.vivaeurovision.com\/wp-content\/uploads\/2016\/01\/FullSizeRender-300x297.jpg 300w, https:\/\/www.vivaeurovision.com\/wp-content\/uploads\/2016\/01\/FullSizeRender-150x150.jpg 150w, https:\/\/www.vivaeurovision.com\/wp-content\/uploads\/2016\/01\/FullSizeRender.jpg 731w\" sizes=\"auto, (max-width: 300px) 100vw, 300px\" \/><\/p>\n<p><strong>\u00bfC\u00f3mo te sientes en este momento?<\/strong><\/p>\n<p>Ahora mismo me siento con mucha ilusi\u00f3n, mucha fuerza y un poco de nervios, es un c\u00famulo de emociones incre\u00edble.<\/p>\n<p><strong>\u00bfHa sido dif\u00edcil para ti mantener el secreto de tu candidatura?<\/strong><\/p>\n<p>Al principio un poco si, nada m\u00e1s supe la noticia llame a mi madre y se lo dije, pero aguant\u00e9 a comunic\u00e1rselo a todos heheh. A mi familia se lo comunique en la cena de Nochebuena y se pusieron a gritar y muy emocionados, eso hizo estar m\u00e1s a\u00fan de celebraci\u00f3n.<\/p>\n<p><strong>\u00bfCu\u00e9ntame c\u00f3mo sali\u00f3 la iniciativa de presentar tu candidatura para poder representar a Espa\u00f1a en el Festival de Eurovisi\u00f3n?<\/strong><\/p>\n<p>S\u00e9 lo coment\u00e9 a la discogr\u00e1fica hace varios meses pero no me dijeron ni que si ni que no, se qued\u00f3 ah\u00ed la cosa&#8230; De repente un d\u00eda me llaman y me dicen:\u00bbMaverick, este fin de semana te metes en el estudio de grabaci\u00f3n porque vamos a enviarle una propuesta a RTVE para poder ir a Eurovision..\u00bb mi cara fue un poema.. Estaba muy feliz y emocionado con todo lo que estaba sucediendo.<\/p>\n<p><strong>\u00bfTu canci\u00f3n tiene unos compositores de gran \u00e9xito en el panorama musical, dame algunos detalles del tema con el que te presentas como aspirante a Eurovisi\u00f3n?<\/strong><\/p>\n<p>Si, cuando escuch\u00e9 la letra de la canci\u00f3n enseguida tuve conexi\u00f3n porque lo relacion\u00e9 con todo lo que he luchado por lo que m\u00e1s amo, la m\u00fasica. Es un tema muy alegre, muy bailable, cuanto m\u00e1s lo escuchas m\u00e1s te gusta, 100% latino,&#8230; Estoy segur\u00edsimo de que nada m\u00e1s la escuch\u00e9is os pondr\u00e9is a bailar!<\/p>\n<p><strong>\u00bfEspa\u00f1ol, Ingl\u00e9s\u2026 es integra en Espa\u00f1ol tu canci\u00f3n?<\/strong><\/p>\n<p>Es integra en Espa\u00f1ol, creo que lo bonito del festival tambi\u00e9n es que cada pa\u00eds cante en su idioma, pertenece a la cultura de cada pa\u00eds.<\/p>\n<p>Maverick \u00abPrincesa Descalza ft. Let-Ice\u00bb<br \/>\n<iframe loading=\"lazy\" src=\"https:\/\/www.youtube.com\/embed\/ovp4xmmVc2I\" width=\"560\" height=\"315\" frameborder=\"0\" allowfullscreen=\"allowfullscreen\"><\/iframe><br \/>\n<strong>\u00bfYa estas prepar\u00e1ndote para la gran final en la \u00a0que competir\u00e1s con otros 5 aspirantes m\u00e1s?<\/strong><\/p>\n<p>Si!! La verdad que estamos trabajando mucho y lo voy a hacer lo mejor que se, tengo muchas ganas de que llegue el d\u00eda de la gala!!<\/p>\n<p><strong>\u00bfC\u00f3mo ves al resto de tus compa\u00f1eros?<\/strong><\/p>\n<p>A algunos de ellos los conozco y son incre\u00edbles, los que no conozco me han dicho toda la gente que son todo coraz\u00f3n, creo que todos vamos con un sue\u00f1o e una ilusi\u00f3n que es representar a nuestro pa\u00eds Espa\u00f1a en Eurovision 2016 y vamos a dar todo de nosotros, son muy talentosos! Tengo ganas de escuchar sus canciones!<\/p>\n<p><strong>\u00bfTe consideras eurofan?<\/strong><\/p>\n<p>He seguido muchos a\u00f1os el festival desde casa con mi familia y mis amigos, desde que tengo uso de raz\u00f3n creo que todos heheh. Me acuerdo que prepar\u00e1bamos una cena de picoteo y disfrut\u00e1bamos viendo el festival.Me podr\u00eda considerar eurofan.<\/p>\n<p><strong>En el caso de ser tu el candidato elegido ganador para representara e Espa\u00f1a en el Festival de Eurovisi\u00f3n 2016. \u00bfC\u00f3mo sorprender\u00edas al p\u00fablico Europeo, durante esos 3 minutos para optar al triunfo en Estocolmo?<\/strong><\/p>\n<p>Una potente coreograf\u00eda y puesta en escena, ya que se me da muy bien bailar, tengo que aprovechar eso.<\/p>\n<p><strong>Fuiste finalista en el Talent Show La Voz con una gran Coach que es Laura Pausini. \u00bfHas podido hablar con ella y darle la noticia?<\/strong><\/p>\n<p>Si, hemos hablado y ella me est\u00e1 apoyando much\u00edsimo, me ha dicho que la mantenga al tanto de nuevas noticias. Ya sab\u00e9is c\u00f3mo es Laura que aparte de gran artista es gran persona y eso es lo que la hace especial.<\/p>\n<p><strong>\u00bfEn el caso que seas nuestro representante en Estocolmo, nos dar\u00e1 Italia los 12 points?<\/strong><\/p>\n<p>Hahaha, no estar\u00eda nada mal no? La verdad que hay mucha gente de Italia, Holanda,.. Que me segu\u00eda en La Voz y que ya me han dicho que voy a tener todo su apoyo, eso es bueno!<\/p>\n<p><strong>\u00bfDe los \u00faltimos participantes que Espa\u00f1a ha llevado a Eurovisi\u00f3n cu\u00e1l es tu favorito?<\/strong><\/p>\n<p>Cuando pienso en \u00abQu\u00e9date conmigo\u00bb de Pastora Soler&#8230; Es solo recordarlo y se me ponen los pelos de punta.<\/p>\n<p><strong>\u00bfAhora dime que artista Eurovisivo a nivel internacional te gusta m\u00e1s? <\/strong><\/p>\n<p>Me dejo alucinado el a\u00f1o pasado la actuaci\u00f3n de \u00abGuy Sebastian\u00bb con Tonight Again<\/p>\n<p><strong>GRACIAS MAVERICK POR TU ANTENCI\u00d3N, POR CONCEDERME ESTOS MINUTOS DE CONVERSACI\u00d3N DESDE VIVAEUROVISON TE DESEAMOS TODO LO MEJOR Y ESTAREMOS MUY ATENTOS A TODO EL PROCESO. NUEVAMENTE FELICIDADES POR SER UNO DE LOS 6 ASPIRANTES A EUROVISION<\/strong><\/p>\n<p>Muchas gracias por tu entrevista! Un saludo y abrazo muy fuerte!!<\/p>\n<p>MAVERICK SALUDA A TODOS LOS LECTORES DE VIVAEUROVISION<br \/>\n<iframe loading=\"lazy\" src=\"https:\/\/www.youtube.com\/embed\/UfxzkrIa4TQ\" width=\"560\" height=\"315\" frameborder=\"0\" allowfullscreen=\"allowfullscreen\"><\/iframe><br \/>\n<img loading=\"lazy\" decoding=\"async\" class=\"alignnone size-medium wp-image-190\" src=\"http:\/\/www.vivaeurovision.com\/wp-content\/uploads\/2016\/01\/IMG_0906-267x300.jpg\" alt=\"IMG_0906\" width=\"267\" height=\"300\" srcset=\"https:\/\/www.vivaeurovision.com\/wp-content\/uploads\/2016\/01\/IMG_0906-267x300.jpg 267w, https:\/\/www.vivaeurovision.com\/wp-content\/uploads\/2016\/01\/IMG_0906.jpg 400w\" sizes=\"auto, (max-width: 267px) 100vw, 267px\" \/><\/p>\n<p>Twitter\u00a0<strong> <a href=\"https:\/\/twitter.com\/viva_eurovision\" target=\"_blank\">@viva_eurovision<\/a>\u00a0 <a href=\"https:\/\/www.facebook.com\/Vivaeurovisioncom-867806686671081\/?fref=nf\" target=\"_blank\">FACEBOOK OFICIAL VIVA EUROVISION <\/a><\/strong>Instragram <strong>@vivaeurovision<\/strong><\/p>\n<p><img loading=\"lazy\" decoding=\"async\" class=\"alignnone size-medium wp-image-166\" src=\"http:\/\/www.vivaeurovision.com\/wp-content\/uploads\/2016\/01\/untitledJPGLOGO-1-300x165.jpg\" alt=\"untitledJPGLOGO\" width=\"300\" height=\"165\" srcset=\"https:\/\/www.vivaeurovision.com\/wp-content\/uploads\/2016\/01\/untitledJPGLOGO-1-300x165.jpg 300w, https:\/\/www.vivaeurovision.com\/wp-content\/uploads\/2016\/01\/untitledJPGLOGO-1-555x305.jpg 555w, https:\/\/www.vivaeurovision.com\/wp-content\/uploads\/2016\/01\/untitledJPGLOGO-1.jpg 669w\" sizes=\"auto, (max-width: 300px) 100vw, 300px\" \/><\/p>\n<p><strong>Artista: Maverick <\/strong><a href=\"http:\/\/www.maverickoficial.com\/\"><strong>http:\/\/www.maverickoficial.com\/<\/strong><\/a><\/p>\n<p><strong>Twitter<\/strong> <a href=\"https:\/\/twitter.com\/MaverickOficial?lang=es\"><strong>@MaverickOficial<\/strong><\/a><strong>\u00a0<\/strong><\/p>\n<p><a href=\"https:\/\/www.facebook.com\/MaverickLopezOficial\/?fref=ts\"><strong>FACEBOOK OFICIAL MAVERICK<\/strong><\/a><\/p>\n<p><strong>Redactor: Pedro Palomo<\/strong> <a href=\"https:\/\/twitter.com\/pedropalomobcn?lang=es\"><strong>@pedropalomobcn<\/strong><\/a><strong>\u00a0Instagram <\/strong><strong>@pedrobcn<\/strong><\/p>\n","protected":false},"excerpt":{"rendered":"<p>Maverick nacido en Vinar\u00f2s \u00abCastell\u00f3n\u00bb en 1996, se dio a conocer gracias al Talent Show La Voz. Donde consigui\u00f3 ser el tercer finalista gracias\u00a0el apoyo incondicional del publico y de&#46;&#46;&#46;<\/p>\n","protected":false},"author":1,"featured_media":192,"comment_status":"open","ping_status":"open","sticky":false,"template":"","format":"standard","meta":{"_exactmetrics_skip_tracking":false,"_exactmetrics_sitenote_active":false,"_exactmetrics_sitenote_note":"","_exactmetrics_sitenote_category":0,"footnotes":""},"categories":[5,6,7,4,2,3],"tags":[33,17,30,13,14,91,11,12,67,89,90,19,20,18,57],"class_list":["post-189","post","type-post","status-publish","format-standard","has-post-thumbnail","hentry","category-entrevistas","category-espana-en-eurovision","category-eurovision-2016","category-eurovision","category-noticia","category-ultima-hora","tag-entrevista","tag-esc","tag-esc-2016","tag-estocolmo","tag-estocolmo-2016","tag-euromaverick","tag-eurovision","tag-eurovision-2016","tag-maverick","tag-maverick-eurovision","tag-maverick-eurovision-2016","tag-pedro-palomo","tag-pedro-palomo-eurovision","tag-rtve","tag-tve"],"yoast_head":"<!-- This site is optimized with the Yoast SEO plugin v27.5 - https:\/\/yoast.com\/product\/yoast-seo-wordpress\/ -->\n<title>MAVERICK: UN TEMA QUE OS HARA BAILAR &quot;TENGO MUCHAS GANAS QUE LLEGUE EL DIA DE LA GALA&quot; - VIVAEUROVISION viva eurovision<\/title>\n<meta name=\"robots\" content=\"index, follow, max-snippet:-1, max-image-preview:large, max-video-preview:-1\" \/>\n<link rel=\"canonical\" href=\"https:\/\/www.vivaeurovision.com\/index.php\/2016\/01\/17\/189\/\" \/>\n<meta property=\"og:locale\" content=\"es_ES\" \/>\n<meta property=\"og:type\" content=\"article\" \/>\n<meta property=\"og:title\" content=\"MAVERICK: UN TEMA QUE OS HARA BAILAR &quot;TENGO MUCHAS GANAS QUE LLEGUE EL DIA DE LA GALA&quot; - VIVAEUROVISION viva eurovision\" \/>\n<meta property=\"og:description\" content=\"Maverick nacido en Vinar\u00f2s \u00abCastell\u00f3n\u00bb en 1996, se dio a conocer gracias al Talent Show La Voz. Donde consigui\u00f3 ser el tercer finalista gracias\u00a0el apoyo incondicional del publico y de&#046;&#046;&#046;\" \/>\n<meta property=\"og:url\" content=\"https:\/\/www.vivaeurovision.com\/index.php\/2016\/01\/17\/189\/\" \/>\n<meta property=\"og:site_name\" content=\"VIVAEUROVISION viva eurovision\" \/>\n<meta property=\"article:published_time\" content=\"2016-01-17T21:45:14+00:00\" \/>\n<meta property=\"article:modified_time\" content=\"2016-01-19T23:04:36+00:00\" \/>\n<meta property=\"og:image\" content=\"https:\/\/www.vivaeurovision.com\/wp-content\/uploads\/2016\/01\/IMG_0904-e1453066295137.jpg\" \/>\n\t<meta property=\"og:image:width\" content=\"778\" \/>\n\t<meta property=\"og:image:height\" content=\"538\" \/>\n\t<meta property=\"og:image:type\" content=\"image\/jpeg\" \/>\n<meta name=\"author\" content=\"Pedro Palomo\" \/>\n<meta name=\"twitter:card\" content=\"summary_large_image\" \/>\n<meta name=\"twitter:creator\" content=\"@pedropalomobcn\" \/>\n<meta name=\"twitter:label1\" content=\"Escrito por\" \/>\n\t<meta name=\"twitter:data1\" content=\"Pedro Palomo\" \/>\n\t<meta name=\"twitter:label2\" content=\"Tiempo de lectura\" \/>\n\t<meta name=\"twitter:data2\" content=\"5 minutos\" \/>\n<script type=\"application\/ld+json\" class=\"yoast-schema-graph\">{\"@context\":\"https:\\\/\\\/schema.org\",\"@graph\":[{\"@type\":\"Article\",\"@id\":\"https:\\\/\\\/www.vivaeurovision.com\\\/index.php\\\/2016\\\/01\\\/17\\\/189\\\/#article\",\"isPartOf\":{\"@id\":\"https:\\\/\\\/www.vivaeurovision.com\\\/index.php\\\/2016\\\/01\\\/17\\\/189\\\/\"},\"author\":{\"name\":\"Pedro Palomo\",\"@id\":\"https:\\\/\\\/www.vivaeurovision.com\\\/#\\\/schema\\\/person\\\/1d31fdaa3f5f7df556f73d164bd3c47a\"},\"headline\":\"MAVERICK: UN TEMA QUE OS HARA BAILAR \u00abTENGO MUCHAS GANAS QUE LLEGUE EL DIA DE LA GALA\u00bb\",\"datePublished\":\"2016-01-17T21:45:14+00:00\",\"dateModified\":\"2016-01-19T23:04:36+00:00\",\"mainEntityOfPage\":{\"@id\":\"https:\\\/\\\/www.vivaeurovision.com\\\/index.php\\\/2016\\\/01\\\/17\\\/189\\\/\"},\"wordCount\":991,\"commentCount\":1,\"publisher\":{\"@id\":\"https:\\\/\\\/www.vivaeurovision.com\\\/#organization\"},\"image\":{\"@id\":\"https:\\\/\\\/www.vivaeurovision.com\\\/index.php\\\/2016\\\/01\\\/17\\\/189\\\/#primaryimage\"},\"thumbnailUrl\":\"https:\\\/\\\/www.vivaeurovision.com\\\/wp-content\\\/uploads\\\/2016\\\/01\\\/IMG_0904-e1453066295137.jpg\",\"keywords\":[\"Entrevista\",\"ESC\",\"Esc 2016\",\"Estocolmo\",\"Estocolmo 2016\",\"euromaverick\",\"Eurovision\",\"Eurovisi\u00f3n 2016\",\"Maverick\",\"maverick eurovision\",\"maverick eurovision 2016\",\"Pedro Palomo\",\"Pedro Palomo Eurovision\",\"RTVE\",\"tve\"],\"articleSection\":[\"Entrevistas\",\"Espa\u00f1a en Eurovisi\u00f3n\",\"Eurovisi\u00f3n 2016\",\"Inicio\",\"Noticias\",\"Ultima Hora\"],\"inLanguage\":\"es\",\"potentialAction\":[{\"@type\":\"CommentAction\",\"name\":\"Comment\",\"target\":[\"https:\\\/\\\/www.vivaeurovision.com\\\/index.php\\\/2016\\\/01\\\/17\\\/189\\\/#respond\"]}]},{\"@type\":\"WebPage\",\"@id\":\"https:\\\/\\\/www.vivaeurovision.com\\\/index.php\\\/2016\\\/01\\\/17\\\/189\\\/\",\"url\":\"https:\\\/\\\/www.vivaeurovision.com\\\/index.php\\\/2016\\\/01\\\/17\\\/189\\\/\",\"name\":\"MAVERICK: UN TEMA QUE OS HARA BAILAR \\\"TENGO MUCHAS GANAS QUE LLEGUE EL DIA DE LA GALA\\\" - VIVAEUROVISION viva eurovision\",\"isPartOf\":{\"@id\":\"https:\\\/\\\/www.vivaeurovision.com\\\/#website\"},\"primaryImageOfPage\":{\"@id\":\"https:\\\/\\\/www.vivaeurovision.com\\\/index.php\\\/2016\\\/01\\\/17\\\/189\\\/#primaryimage\"},\"image\":{\"@id\":\"https:\\\/\\\/www.vivaeurovision.com\\\/index.php\\\/2016\\\/01\\\/17\\\/189\\\/#primaryimage\"},\"thumbnailUrl\":\"https:\\\/\\\/www.vivaeurovision.com\\\/wp-content\\\/uploads\\\/2016\\\/01\\\/IMG_0904-e1453066295137.jpg\",\"datePublished\":\"2016-01-17T21:45:14+00:00\",\"dateModified\":\"2016-01-19T23:04:36+00:00\",\"breadcrumb\":{\"@id\":\"https:\\\/\\\/www.vivaeurovision.com\\\/index.php\\\/2016\\\/01\\\/17\\\/189\\\/#breadcrumb\"},\"inLanguage\":\"es\",\"potentialAction\":[{\"@type\":\"ReadAction\",\"target\":[\"https:\\\/\\\/www.vivaeurovision.com\\\/index.php\\\/2016\\\/01\\\/17\\\/189\\\/\"]}]},{\"@type\":\"ImageObject\",\"inLanguage\":\"es\",\"@id\":\"https:\\\/\\\/www.vivaeurovision.com\\\/index.php\\\/2016\\\/01\\\/17\\\/189\\\/#primaryimage\",\"url\":\"https:\\\/\\\/www.vivaeurovision.com\\\/wp-content\\\/uploads\\\/2016\\\/01\\\/IMG_0904-e1453066295137.jpg\",\"contentUrl\":\"https:\\\/\\\/www.vivaeurovision.com\\\/wp-content\\\/uploads\\\/2016\\\/01\\\/IMG_0904-e1453066295137.jpg\",\"width\":778,\"height\":538},{\"@type\":\"BreadcrumbList\",\"@id\":\"https:\\\/\\\/www.vivaeurovision.com\\\/index.php\\\/2016\\\/01\\\/17\\\/189\\\/#breadcrumb\",\"itemListElement\":[{\"@type\":\"ListItem\",\"position\":1,\"name\":\"Portada\",\"item\":\"https:\\\/\\\/www.vivaeurovision.com\\\/\"},{\"@type\":\"ListItem\",\"position\":2,\"name\":\"MAVERICK: UN TEMA QUE OS HARA BAILAR \u00abTENGO MUCHAS GANAS QUE LLEGUE EL DIA DE LA GALA\u00bb\"}]},{\"@type\":\"WebSite\",\"@id\":\"https:\\\/\\\/www.vivaeurovision.com\\\/#website\",\"url\":\"https:\\\/\\\/www.vivaeurovision.com\\\/\",\"name\":\"VIVAEUROVISION viva eurovision\",\"description\":\"Tu portal sobre el Festival de Eurovision, eurovision, eurovisi\u00f3n\",\"publisher\":{\"@id\":\"https:\\\/\\\/www.vivaeurovision.com\\\/#organization\"},\"potentialAction\":[{\"@type\":\"SearchAction\",\"target\":{\"@type\":\"EntryPoint\",\"urlTemplate\":\"https:\\\/\\\/www.vivaeurovision.com\\\/?s={search_term_string}\"},\"query-input\":{\"@type\":\"PropertyValueSpecification\",\"valueRequired\":true,\"valueName\":\"search_term_string\"}}],\"inLanguage\":\"es\"},{\"@type\":\"Organization\",\"@id\":\"https:\\\/\\\/www.vivaeurovision.com\\\/#organization\",\"name\":\"vivaeurovision\",\"url\":\"https:\\\/\\\/www.vivaeurovision.com\\\/\",\"logo\":{\"@type\":\"ImageObject\",\"inLanguage\":\"es\",\"@id\":\"https:\\\/\\\/www.vivaeurovision.com\\\/#\\\/schema\\\/logo\\\/image\\\/\",\"url\":\"https:\\\/\\\/www.vivaeurovision.com\\\/wp-content\\\/uploads\\\/2016\\\/01\\\/cropped-image-21-1.jpeg\",\"contentUrl\":\"https:\\\/\\\/www.vivaeurovision.com\\\/wp-content\\\/uploads\\\/2016\\\/01\\\/cropped-image-21-1.jpeg\",\"width\":669,\"height\":368,\"caption\":\"vivaeurovision\"},\"image\":{\"@id\":\"https:\\\/\\\/www.vivaeurovision.com\\\/#\\\/schema\\\/logo\\\/image\\\/\"}},{\"@type\":\"Person\",\"@id\":\"https:\\\/\\\/www.vivaeurovision.com\\\/#\\\/schema\\\/person\\\/1d31fdaa3f5f7df556f73d164bd3c47a\",\"name\":\"Pedro Palomo\",\"image\":{\"@type\":\"ImageObject\",\"inLanguage\":\"es\",\"@id\":\"https:\\\/\\\/secure.gravatar.com\\\/avatar\\\/4cf9a4877f5f71f44fb7cedbe1bac1bd28bd8ce7a217517d98d5b2117f9f5505?s=96&d=mm&r=g\",\"url\":\"https:\\\/\\\/secure.gravatar.com\\\/avatar\\\/4cf9a4877f5f71f44fb7cedbe1bac1bd28bd8ce7a217517d98d5b2117f9f5505?s=96&d=mm&r=g\",\"contentUrl\":\"https:\\\/\\\/secure.gravatar.com\\\/avatar\\\/4cf9a4877f5f71f44fb7cedbe1bac1bd28bd8ce7a217517d98d5b2117f9f5505?s=96&d=mm&r=g\",\"caption\":\"Pedro Palomo\"},\"sameAs\":[\"http:\\\/\\\/www.vivaeurovision.com\",\"@pedrobcn\",\"https:\\\/\\\/x.com\\\/@pedropalomobcn\"]}]}<\/script>\n<!-- \/ Yoast SEO plugin. -->","yoast_head_json":{"title":"MAVERICK: UN TEMA QUE OS HARA BAILAR \"TENGO MUCHAS GANAS QUE LLEGUE EL DIA DE LA GALA\" - VIVAEUROVISION viva eurovision","robots":{"index":"index","follow":"follow","max-snippet":"max-snippet:-1","max-image-preview":"max-image-preview:large","max-video-preview":"max-video-preview:-1"},"canonical":"https:\/\/www.vivaeurovision.com\/index.php\/2016\/01\/17\/189\/","og_locale":"es_ES","og_type":"article","og_title":"MAVERICK: UN TEMA QUE OS HARA BAILAR \"TENGO MUCHAS GANAS QUE LLEGUE EL DIA DE LA GALA\" - VIVAEUROVISION viva eurovision","og_description":"Maverick nacido en Vinar\u00f2s \u00abCastell\u00f3n\u00bb en 1996, se dio a conocer gracias al Talent Show La Voz. Donde consigui\u00f3 ser el tercer finalista gracias\u00a0el apoyo incondicional del publico y de&#46;&#46;&#46;","og_url":"https:\/\/www.vivaeurovision.com\/index.php\/2016\/01\/17\/189\/","og_site_name":"VIVAEUROVISION viva eurovision","article_published_time":"2016-01-17T21:45:14+00:00","article_modified_time":"2016-01-19T23:04:36+00:00","og_image":[{"width":778,"height":538,"url":"https:\/\/www.vivaeurovision.com\/wp-content\/uploads\/2016\/01\/IMG_0904-e1453066295137.jpg","type":"image\/jpeg"}],"author":"Pedro Palomo","twitter_card":"summary_large_image","twitter_creator":"@pedropalomobcn","twitter_misc":{"Escrito por":"Pedro Palomo","Tiempo de lectura":"5 minutos"},"schema":{"@context":"https:\/\/schema.org","@graph":[{"@type":"Article","@id":"https:\/\/www.vivaeurovision.com\/index.php\/2016\/01\/17\/189\/#article","isPartOf":{"@id":"https:\/\/www.vivaeurovision.com\/index.php\/2016\/01\/17\/189\/"},"author":{"name":"Pedro Palomo","@id":"https:\/\/www.vivaeurovision.com\/#\/schema\/person\/1d31fdaa3f5f7df556f73d164bd3c47a"},"headline":"MAVERICK: UN TEMA QUE OS HARA BAILAR \u00abTENGO MUCHAS GANAS QUE LLEGUE EL DIA DE LA GALA\u00bb","datePublished":"2016-01-17T21:45:14+00:00","dateModified":"2016-01-19T23:04:36+00:00","mainEntityOfPage":{"@id":"https:\/\/www.vivaeurovision.com\/index.php\/2016\/01\/17\/189\/"},"wordCount":991,"commentCount":1,"publisher":{"@id":"https:\/\/www.vivaeurovision.com\/#organization"},"image":{"@id":"https:\/\/www.vivaeurovision.com\/index.php\/2016\/01\/17\/189\/#primaryimage"},"thumbnailUrl":"https:\/\/www.vivaeurovision.com\/wp-content\/uploads\/2016\/01\/IMG_0904-e1453066295137.jpg","keywords":["Entrevista","ESC","Esc 2016","Estocolmo","Estocolmo 2016","euromaverick","Eurovision","Eurovisi\u00f3n 2016","Maverick","maverick eurovision","maverick eurovision 2016","Pedro Palomo","Pedro Palomo Eurovision","RTVE","tve"],"articleSection":["Entrevistas","Espa\u00f1a en Eurovisi\u00f3n","Eurovisi\u00f3n 2016","Inicio","Noticias","Ultima Hora"],"inLanguage":"es","potentialAction":[{"@type":"CommentAction","name":"Comment","target":["https:\/\/www.vivaeurovision.com\/index.php\/2016\/01\/17\/189\/#respond"]}]},{"@type":"WebPage","@id":"https:\/\/www.vivaeurovision.com\/index.php\/2016\/01\/17\/189\/","url":"https:\/\/www.vivaeurovision.com\/index.php\/2016\/01\/17\/189\/","name":"MAVERICK: UN TEMA QUE OS HARA BAILAR \"TENGO MUCHAS GANAS QUE LLEGUE EL DIA DE LA GALA\" - VIVAEUROVISION viva eurovision","isPartOf":{"@id":"https:\/\/www.vivaeurovision.com\/#website"},"primaryImageOfPage":{"@id":"https:\/\/www.vivaeurovision.com\/index.php\/2016\/01\/17\/189\/#primaryimage"},"image":{"@id":"https:\/\/www.vivaeurovision.com\/index.php\/2016\/01\/17\/189\/#primaryimage"},"thumbnailUrl":"https:\/\/www.vivaeurovision.com\/wp-content\/uploads\/2016\/01\/IMG_0904-e1453066295137.jpg","datePublished":"2016-01-17T21:45:14+00:00","dateModified":"2016-01-19T23:04:36+00:00","breadcrumb":{"@id":"https:\/\/www.vivaeurovision.com\/index.php\/2016\/01\/17\/189\/#breadcrumb"},"inLanguage":"es","potentialAction":[{"@type":"ReadAction","target":["https:\/\/www.vivaeurovision.com\/index.php\/2016\/01\/17\/189\/"]}]},{"@type":"ImageObject","inLanguage":"es","@id":"https:\/\/www.vivaeurovision.com\/index.php\/2016\/01\/17\/189\/#primaryimage","url":"https:\/\/www.vivaeurovision.com\/wp-content\/uploads\/2016\/01\/IMG_0904-e1453066295137.jpg","contentUrl":"https:\/\/www.vivaeurovision.com\/wp-content\/uploads\/2016\/01\/IMG_0904-e1453066295137.jpg","width":778,"height":538},{"@type":"BreadcrumbList","@id":"https:\/\/www.vivaeurovision.com\/index.php\/2016\/01\/17\/189\/#breadcrumb","itemListElement":[{"@type":"ListItem","position":1,"name":"Portada","item":"https:\/\/www.vivaeurovision.com\/"},{"@type":"ListItem","position":2,"name":"MAVERICK: UN TEMA QUE OS HARA BAILAR \u00abTENGO MUCHAS GANAS QUE LLEGUE EL DIA DE LA GALA\u00bb"}]},{"@type":"WebSite","@id":"https:\/\/www.vivaeurovision.com\/#website","url":"https:\/\/www.vivaeurovision.com\/","name":"VIVAEUROVISION viva eurovision","description":"Tu portal sobre el Festival de Eurovision, eurovision, eurovisi\u00f3n","publisher":{"@id":"https:\/\/www.vivaeurovision.com\/#organization"},"potentialAction":[{"@type":"SearchAction","target":{"@type":"EntryPoint","urlTemplate":"https:\/\/www.vivaeurovision.com\/?s={search_term_string}"},"query-input":{"@type":"PropertyValueSpecification","valueRequired":true,"valueName":"search_term_string"}}],"inLanguage":"es"},{"@type":"Organization","@id":"https:\/\/www.vivaeurovision.com\/#organization","name":"vivaeurovision","url":"https:\/\/www.vivaeurovision.com\/","logo":{"@type":"ImageObject","inLanguage":"es","@id":"https:\/\/www.vivaeurovision.com\/#\/schema\/logo\/image\/","url":"https:\/\/www.vivaeurovision.com\/wp-content\/uploads\/2016\/01\/cropped-image-21-1.jpeg","contentUrl":"https:\/\/www.vivaeurovision.com\/wp-content\/uploads\/2016\/01\/cropped-image-21-1.jpeg","width":669,"height":368,"caption":"vivaeurovision"},"image":{"@id":"https:\/\/www.vivaeurovision.com\/#\/schema\/logo\/image\/"}},{"@type":"Person","@id":"https:\/\/www.vivaeurovision.com\/#\/schema\/person\/1d31fdaa3f5f7df556f73d164bd3c47a","name":"Pedro Palomo","image":{"@type":"ImageObject","inLanguage":"es","@id":"https:\/\/secure.gravatar.com\/avatar\/4cf9a4877f5f71f44fb7cedbe1bac1bd28bd8ce7a217517d98d5b2117f9f5505?s=96&d=mm&r=g","url":"https:\/\/secure.gravatar.com\/avatar\/4cf9a4877f5f71f44fb7cedbe1bac1bd28bd8ce7a217517d98d5b2117f9f5505?s=96&d=mm&r=g","contentUrl":"https:\/\/secure.gravatar.com\/avatar\/4cf9a4877f5f71f44fb7cedbe1bac1bd28bd8ce7a217517d98d5b2117f9f5505?s=96&d=mm&r=g","caption":"Pedro Palomo"},"sameAs":["http:\/\/www.vivaeurovision.com","@pedrobcn","https:\/\/x.com\/@pedropalomobcn"]}]}},"_links":{"self":[{"href":"https:\/\/www.vivaeurovision.com\/index.php\/wp-json\/wp\/v2\/posts\/189","targetHints":{"allow":["GET"]}}],"collection":[{"href":"https:\/\/www.vivaeurovision.com\/index.php\/wp-json\/wp\/v2\/posts"}],"about":[{"href":"https:\/\/www.vivaeurovision.com\/index.php\/wp-json\/wp\/v2\/types\/post"}],"author":[{"embeddable":true,"href":"https:\/\/www.vivaeurovision.com\/index.php\/wp-json\/wp\/v2\/users\/1"}],"replies":[{"embeddable":true,"href":"https:\/\/www.vivaeurovision.com\/index.php\/wp-json\/wp\/v2\/comments?post=189"}],"version-history":[{"count":0,"href":"https:\/\/www.vivaeurovision.com\/index.php\/wp-json\/wp\/v2\/posts\/189\/revisions"}],"wp:featuredmedia":[{"embeddable":true,"href":"https:\/\/www.vivaeurovision.com\/index.php\/wp-json\/wp\/v2\/media\/192"}],"wp:attachment":[{"href":"https:\/\/www.vivaeurovision.com\/index.php\/wp-json\/wp\/v2\/media?parent=189"}],"wp:term":[{"taxonomy":"category","embeddable":true,"href":"https:\/\/www.vivaeurovision.com\/index.php\/wp-json\/wp\/v2\/categories?post=189"},{"taxonomy":"post_tag","embeddable":true,"href":"https:\/\/www.vivaeurovision.com\/index.php\/wp-json\/wp\/v2\/tags?post=189"}],"curies":[{"name":"wp","href":"https:\/\/api.w.org\/{rel}","templated":true}]}}