{"id":2181,"date":"2016-05-11T19:37:43","date_gmt":"2016-05-11T19:37:43","guid":{"rendered":"http:\/\/www.vivaeurovision.com\/?p=2181"},"modified":"2016-05-11T19:37:43","modified_gmt":"2016-05-11T19:37:43","slug":"pangea-eurovision","status":"publish","type":"post","link":"https:\/\/www.vivaeurovision.com\/index.php\/2016\/05\/11\/pangea-eurovision\/","title":{"rendered":"Este a\u00f1o el Festival lo ves en PANGEA, Destino Eurovisi\u00f3n"},"content":{"rendered":"<p>&nbsp;<\/p>\n<p><strong>Ruth Lorenzo, Karina, Anabel Conde, Ony de D\u00b4Nash y Nito DK, bailar\u00edn en Eurovisi\u00f3n 2011, ser\u00e1n los cinco rostros eurovisivos presentes en el evento unir\u00e1 m\u00fasica, espect\u00e1culo y destinos de ensue\u00f1o la tarde-noche del 14 de mayo en Madrid<\/strong><\/p>\n<p><img loading=\"lazy\" decoding=\"async\" class=\"alignnone size-medium wp-image-2182\" src=\"http:\/\/www.vivaeurovision.com\/wp-content\/uploads\/2016\/05\/image-33-183x300.jpeg\" alt=\"image\" width=\"183\" height=\"300\" srcset=\"https:\/\/www.vivaeurovision.com\/wp-content\/uploads\/2016\/05\/image-33-183x300.jpeg 183w, https:\/\/www.vivaeurovision.com\/wp-content\/uploads\/2016\/05\/image-33-768x1260.jpeg 768w, https:\/\/www.vivaeurovision.com\/wp-content\/uploads\/2016\/05\/image-33-624x1024.jpeg 624w, https:\/\/www.vivaeurovision.com\/wp-content\/uploads\/2016\/05\/image-33.jpeg 1200w\" sizes=\"auto, (max-width: 183px) 100vw, 183px\" \/><\/p>\n<p>&nbsp;<\/p>\n<p>PANGEA, Destino Eurovisi\u00f3n es la fiesta que la tienda de viajes m\u00e1s grande del mundo, PANGEA The Travel Store, ha organizado en su sede situada en la Calle Pr\u00edncipe de Vergara n\u00famero 26 en Madrid y que contar\u00e1 con estrellas eurovisivas invitadas y el visionado, en pantalla gigante, del Festival de Eurovisi\u00f3n 2016.<\/p>\n<p>El evento comenzar\u00e1 a las 17:00 donde los asistentes, que deber\u00e1n reservar su plaza de manera gratuita enviando sus datos a eurovision@pangea.es, rellenar\u00e1n su \u00abquiniela Top10\u00bb donde colocar\u00e1n la clasificaci\u00f3n de los 10 primeros pa\u00edses en el Festival 2016, entre todos los participantes, la persona que consiga mayor n\u00famero de aciertos ganar\u00e1 un viaje para dos personas con todos los gastos pagados y entradas para Eurovisi\u00f3n 2017, y muchas sorpresas m\u00e1s.<\/p>\n<p>A las 17:15 ser\u00e1 Ruth Lorenzo la encargada de inaugurar PANGEA, Destino Eurovisi\u00f3n junto al presentador del evento, el redactor de eurovision-spain.com y presentador y director del magazine eurovisivo Eurovision Green Room de OndaOrgullo.com, Isaac Urrea. nuestra representante en Eurovisi\u00f3n 2014 hablar\u00e1 en una entrevista con Isaac y despu\u00e9s cantar\u00e1 en ac\u00fastico su canci\u00f3n Dancing in the rain. A las 18:00 ser\u00e1 Ony, del grupo D&#8217;Nash quien participe en el evento, seguido del bailar\u00edn de Luc\u00eda P\u00e9rez en Eurovisi\u00f3n 2011, Nito DK.<\/p>\n<p>A las 19:00 todos los asistentes podr\u00e1n disfrutar de distintos v\u00eddeos eurovisivos dedicados al Top10 Espa\u00f1a y a los \u00faltimos ganadores. A las 19:30 ser\u00e1 el momento en el que la segunda clasificada en Eurovisi\u00f3n 1995, Anabel Conde suba al escenario para su entrevista y para cantar el m\u00edtico \u00faltimo mejor puesto de Espa\u00f1a en el certamen, Vuelve Conmigo. Adem\u00e1s, la malague\u00f1a, cantar\u00e1 dos temas de Eurovisi\u00f3n 2012, Euphoria y Qu\u00e9date conmigo. A las 20:00, otro segundo puesto en el Festival, la gran Karina que cerrar\u00e1 las intervenciones de los artistas invitados.<\/p>\n<p>A las 20:30 ser\u00e1 el momento para la cena y minutos antes de las 21:00 se conectar\u00e1 con TVE para disfrutar en pantalla grande de la 61\u00aa edici\u00f3n del Festival de Eurovisi\u00f3n que se celebra en Estocolmo. Pasada la media noche se conocer\u00e1 al nuevo ganador del certamen musical europeo y al ganador de la \u00abquiniela Top10\u00bb. El fin de fiesta se alargar\u00e1 hasta la 01:00. PANGEA, Destino Eurovisi\u00f3n pretende unir m\u00fasica, espect\u00e1culo y destinos de ensue\u00f1o en uno. 61 a\u00f1os de historia avalan al programa de televisi\u00f3n m\u00e1s visto del mundo con 200 millones de espectadores y un sin fin de pa\u00edses, y destinos potenciales, que participan en el mismo. Viajar est\u00e1 relacionado con muchas experiencias vitales y la m\u00fasica y el espect\u00e1culo es una combinaci\u00f3n que agitada en una cocktelera nos regalan unos d\u00edas inolvidables. La experiencia eurovisiva no lo es menos. \u00a1Ven a disfrutar con PANGEA The Travel Store! \u00a1Feliz Eurovisi\u00f3n 2016!<\/p>\n<p>\u00a1INSCR\u00cdBETE de manera gratuita! Env\u00eda tus datos personales a eurovision@pangea.es<\/p>\n<p>&nbsp;<\/p>\n<p>&nbsp;<\/p>\n","protected":false},"excerpt":{"rendered":"<p>&nbsp; Ruth Lorenzo, Karina, Anabel Conde, Ony de D\u00b4Nash y Nito DK, bailar\u00edn en Eurovisi\u00f3n 2011, ser\u00e1n los cinco rostros eurovisivos presentes en el evento unir\u00e1 m\u00fasica, espect\u00e1culo y destinos&#46;&#46;&#46;<\/p>\n","protected":false},"author":1,"featured_media":2182,"comment_status":"open","ping_status":"open","sticky":false,"template":"","format":"standard","meta":{"_exactmetrics_skip_tracking":false,"_exactmetrics_sitenote_active":false,"_exactmetrics_sitenote_note":"","_exactmetrics_sitenote_category":0,"footnotes":""},"categories":[6,7,4,3],"tags":[71,114,141,198,268,159,17,30,12,160,814,813,812,708,104],"class_list":["post-2181","post","type-post","status-publish","format-standard","has-post-thumbnail","hentry","category-espana-en-eurovision","category-eurovision-2016","category-eurovision","category-ultima-hora","tag-barei","tag-barei-eurovision","tag-barei-eurovision-2016","tag-barei-say-yay","tag-bareivision","tag-come-together","tag-esc","tag-esc-2016","tag-eurovision-2016","tag-eurovision-2016-come-together","tag-isaac-urrea","tag-pangea-eurovision","tag-pangea-party","tag-soysayyay","tag-stockholm-2016"],"yoast_head":"<!-- This site is optimized with the Yoast SEO plugin v27.5 - https:\/\/yoast.com\/product\/yoast-seo-wordpress\/ -->\n<title>Este a\u00f1o el Festival lo ves en PANGEA, Destino Eurovisi\u00f3n - VIVAEUROVISION viva eurovision<\/title>\n<meta name=\"description\" content=\"Eurovision\" \/>\n<meta name=\"robots\" content=\"index, follow, max-snippet:-1, max-image-preview:large, max-video-preview:-1\" \/>\n<link rel=\"canonical\" href=\"https:\/\/www.vivaeurovision.com\/index.php\/2016\/05\/11\/pangea-eurovision\/\" \/>\n<meta property=\"og:locale\" content=\"es_ES\" \/>\n<meta property=\"og:type\" content=\"article\" \/>\n<meta property=\"og:title\" content=\"Este a\u00f1o el Festival lo ves en PANGEA, Destino Eurovisi\u00f3n - VIVAEUROVISION viva eurovision\" \/>\n<meta property=\"og:description\" content=\"Eurovision\" \/>\n<meta property=\"og:url\" content=\"https:\/\/www.vivaeurovision.com\/index.php\/2016\/05\/11\/pangea-eurovision\/\" \/>\n<meta property=\"og:site_name\" content=\"VIVAEUROVISION viva eurovision\" \/>\n<meta property=\"article:published_time\" content=\"2016-05-11T19:37:43+00:00\" \/>\n<meta property=\"og:image\" content=\"https:\/\/www.vivaeurovision.com\/wp-content\/uploads\/2016\/05\/image-33.jpeg\" \/>\n\t<meta property=\"og:image:width\" content=\"1200\" \/>\n\t<meta property=\"og:image:height\" content=\"1969\" \/>\n\t<meta property=\"og:image:type\" content=\"image\/jpeg\" \/>\n<meta name=\"author\" content=\"Pedro Palomo\" \/>\n<meta name=\"twitter:card\" content=\"summary_large_image\" \/>\n<meta name=\"twitter:creator\" content=\"@pedropalomobcn\" \/>\n<meta name=\"twitter:label1\" content=\"Escrito por\" \/>\n\t<meta name=\"twitter:data1\" content=\"Pedro Palomo\" \/>\n\t<meta name=\"twitter:label2\" content=\"Tiempo de lectura\" \/>\n\t<meta name=\"twitter:data2\" content=\"3 minutos\" \/>\n<script type=\"application\/ld+json\" class=\"yoast-schema-graph\">{\"@context\":\"https:\\\/\\\/schema.org\",\"@graph\":[{\"@type\":\"Article\",\"@id\":\"https:\\\/\\\/www.vivaeurovision.com\\\/index.php\\\/2016\\\/05\\\/11\\\/pangea-eurovision\\\/#article\",\"isPartOf\":{\"@id\":\"https:\\\/\\\/www.vivaeurovision.com\\\/index.php\\\/2016\\\/05\\\/11\\\/pangea-eurovision\\\/\"},\"author\":{\"name\":\"Pedro Palomo\",\"@id\":\"https:\\\/\\\/www.vivaeurovision.com\\\/#\\\/schema\\\/person\\\/1d31fdaa3f5f7df556f73d164bd3c47a\"},\"headline\":\"Este a\u00f1o el Festival lo ves en PANGEA, Destino Eurovisi\u00f3n\",\"datePublished\":\"2016-05-11T19:37:43+00:00\",\"mainEntityOfPage\":{\"@id\":\"https:\\\/\\\/www.vivaeurovision.com\\\/index.php\\\/2016\\\/05\\\/11\\\/pangea-eurovision\\\/\"},\"wordCount\":557,\"commentCount\":0,\"publisher\":{\"@id\":\"https:\\\/\\\/www.vivaeurovision.com\\\/#organization\"},\"image\":{\"@id\":\"https:\\\/\\\/www.vivaeurovision.com\\\/index.php\\\/2016\\\/05\\\/11\\\/pangea-eurovision\\\/#primaryimage\"},\"thumbnailUrl\":\"https:\\\/\\\/www.vivaeurovision.com\\\/wp-content\\\/uploads\\\/2016\\\/05\\\/image-33.jpeg\",\"keywords\":[\"Barei\",\"barei eurovision\",\"Barei Eurovision 2016\",\"Barei SAY YAY!\",\"bareivision\",\"COME TOGETHER\",\"ESC\",\"Esc 2016\",\"Eurovisi\u00f3n 2016\",\"Eurovision 2016 come together\",\"Isaac Urrea\",\"Pangea Eurovision\",\"Pangea Party\",\"soysayyay\",\"stockholm 2016\"],\"articleSection\":[\"Espa\u00f1a en Eurovisi\u00f3n\",\"Eurovisi\u00f3n 2016\",\"Inicio\",\"Ultima Hora\"],\"inLanguage\":\"es\",\"potentialAction\":[{\"@type\":\"CommentAction\",\"name\":\"Comment\",\"target\":[\"https:\\\/\\\/www.vivaeurovision.com\\\/index.php\\\/2016\\\/05\\\/11\\\/pangea-eurovision\\\/#respond\"]}]},{\"@type\":\"WebPage\",\"@id\":\"https:\\\/\\\/www.vivaeurovision.com\\\/index.php\\\/2016\\\/05\\\/11\\\/pangea-eurovision\\\/\",\"url\":\"https:\\\/\\\/www.vivaeurovision.com\\\/index.php\\\/2016\\\/05\\\/11\\\/pangea-eurovision\\\/\",\"name\":\"Este a\u00f1o el Festival lo ves en PANGEA, Destino Eurovisi\u00f3n - VIVAEUROVISION viva eurovision\",\"isPartOf\":{\"@id\":\"https:\\\/\\\/www.vivaeurovision.com\\\/#website\"},\"primaryImageOfPage\":{\"@id\":\"https:\\\/\\\/www.vivaeurovision.com\\\/index.php\\\/2016\\\/05\\\/11\\\/pangea-eurovision\\\/#primaryimage\"},\"image\":{\"@id\":\"https:\\\/\\\/www.vivaeurovision.com\\\/index.php\\\/2016\\\/05\\\/11\\\/pangea-eurovision\\\/#primaryimage\"},\"thumbnailUrl\":\"https:\\\/\\\/www.vivaeurovision.com\\\/wp-content\\\/uploads\\\/2016\\\/05\\\/image-33.jpeg\",\"datePublished\":\"2016-05-11T19:37:43+00:00\",\"description\":\"Eurovision\",\"breadcrumb\":{\"@id\":\"https:\\\/\\\/www.vivaeurovision.com\\\/index.php\\\/2016\\\/05\\\/11\\\/pangea-eurovision\\\/#breadcrumb\"},\"inLanguage\":\"es\",\"potentialAction\":[{\"@type\":\"ReadAction\",\"target\":[\"https:\\\/\\\/www.vivaeurovision.com\\\/index.php\\\/2016\\\/05\\\/11\\\/pangea-eurovision\\\/\"]}]},{\"@type\":\"ImageObject\",\"inLanguage\":\"es\",\"@id\":\"https:\\\/\\\/www.vivaeurovision.com\\\/index.php\\\/2016\\\/05\\\/11\\\/pangea-eurovision\\\/#primaryimage\",\"url\":\"https:\\\/\\\/www.vivaeurovision.com\\\/wp-content\\\/uploads\\\/2016\\\/05\\\/image-33.jpeg\",\"contentUrl\":\"https:\\\/\\\/www.vivaeurovision.com\\\/wp-content\\\/uploads\\\/2016\\\/05\\\/image-33.jpeg\",\"width\":1200,\"height\":1969},{\"@type\":\"BreadcrumbList\",\"@id\":\"https:\\\/\\\/www.vivaeurovision.com\\\/index.php\\\/2016\\\/05\\\/11\\\/pangea-eurovision\\\/#breadcrumb\",\"itemListElement\":[{\"@type\":\"ListItem\",\"position\":1,\"name\":\"Portada\",\"item\":\"https:\\\/\\\/www.vivaeurovision.com\\\/\"},{\"@type\":\"ListItem\",\"position\":2,\"name\":\"Este a\u00f1o el Festival lo ves en PANGEA, Destino Eurovisi\u00f3n\"}]},{\"@type\":\"WebSite\",\"@id\":\"https:\\\/\\\/www.vivaeurovision.com\\\/#website\",\"url\":\"https:\\\/\\\/www.vivaeurovision.com\\\/\",\"name\":\"VIVAEUROVISION viva eurovision\",\"description\":\"Tu portal sobre el Festival de Eurovision, eurovision, eurovisi\u00f3n\",\"publisher\":{\"@id\":\"https:\\\/\\\/www.vivaeurovision.com\\\/#organization\"},\"potentialAction\":[{\"@type\":\"SearchAction\",\"target\":{\"@type\":\"EntryPoint\",\"urlTemplate\":\"https:\\\/\\\/www.vivaeurovision.com\\\/?s={search_term_string}\"},\"query-input\":{\"@type\":\"PropertyValueSpecification\",\"valueRequired\":true,\"valueName\":\"search_term_string\"}}],\"inLanguage\":\"es\"},{\"@type\":\"Organization\",\"@id\":\"https:\\\/\\\/www.vivaeurovision.com\\\/#organization\",\"name\":\"vivaeurovision\",\"url\":\"https:\\\/\\\/www.vivaeurovision.com\\\/\",\"logo\":{\"@type\":\"ImageObject\",\"inLanguage\":\"es\",\"@id\":\"https:\\\/\\\/www.vivaeurovision.com\\\/#\\\/schema\\\/logo\\\/image\\\/\",\"url\":\"https:\\\/\\\/www.vivaeurovision.com\\\/wp-content\\\/uploads\\\/2016\\\/01\\\/cropped-image-21-1.jpeg\",\"contentUrl\":\"https:\\\/\\\/www.vivaeurovision.com\\\/wp-content\\\/uploads\\\/2016\\\/01\\\/cropped-image-21-1.jpeg\",\"width\":669,\"height\":368,\"caption\":\"vivaeurovision\"},\"image\":{\"@id\":\"https:\\\/\\\/www.vivaeurovision.com\\\/#\\\/schema\\\/logo\\\/image\\\/\"}},{\"@type\":\"Person\",\"@id\":\"https:\\\/\\\/www.vivaeurovision.com\\\/#\\\/schema\\\/person\\\/1d31fdaa3f5f7df556f73d164bd3c47a\",\"name\":\"Pedro Palomo\",\"image\":{\"@type\":\"ImageObject\",\"inLanguage\":\"es\",\"@id\":\"https:\\\/\\\/secure.gravatar.com\\\/avatar\\\/4cf9a4877f5f71f44fb7cedbe1bac1bd28bd8ce7a217517d98d5b2117f9f5505?s=96&d=mm&r=g\",\"url\":\"https:\\\/\\\/secure.gravatar.com\\\/avatar\\\/4cf9a4877f5f71f44fb7cedbe1bac1bd28bd8ce7a217517d98d5b2117f9f5505?s=96&d=mm&r=g\",\"contentUrl\":\"https:\\\/\\\/secure.gravatar.com\\\/avatar\\\/4cf9a4877f5f71f44fb7cedbe1bac1bd28bd8ce7a217517d98d5b2117f9f5505?s=96&d=mm&r=g\",\"caption\":\"Pedro Palomo\"},\"sameAs\":[\"http:\\\/\\\/www.vivaeurovision.com\",\"@pedrobcn\",\"https:\\\/\\\/x.com\\\/@pedropalomobcn\"]}]}<\/script>\n<!-- \/ Yoast SEO plugin. -->","yoast_head_json":{"title":"Este a\u00f1o el Festival lo ves en PANGEA, Destino Eurovisi\u00f3n - VIVAEUROVISION viva eurovision","description":"Eurovision","robots":{"index":"index","follow":"follow","max-snippet":"max-snippet:-1","max-image-preview":"max-image-preview:large","max-video-preview":"max-video-preview:-1"},"canonical":"https:\/\/www.vivaeurovision.com\/index.php\/2016\/05\/11\/pangea-eurovision\/","og_locale":"es_ES","og_type":"article","og_title":"Este a\u00f1o el Festival lo ves en PANGEA, Destino Eurovisi\u00f3n - VIVAEUROVISION viva eurovision","og_description":"Eurovision","og_url":"https:\/\/www.vivaeurovision.com\/index.php\/2016\/05\/11\/pangea-eurovision\/","og_site_name":"VIVAEUROVISION viva eurovision","article_published_time":"2016-05-11T19:37:43+00:00","og_image":[{"width":1200,"height":1969,"url":"https:\/\/www.vivaeurovision.com\/wp-content\/uploads\/2016\/05\/image-33.jpeg","type":"image\/jpeg"}],"author":"Pedro Palomo","twitter_card":"summary_large_image","twitter_creator":"@pedropalomobcn","twitter_misc":{"Escrito por":"Pedro Palomo","Tiempo de lectura":"3 minutos"},"schema":{"@context":"https:\/\/schema.org","@graph":[{"@type":"Article","@id":"https:\/\/www.vivaeurovision.com\/index.php\/2016\/05\/11\/pangea-eurovision\/#article","isPartOf":{"@id":"https:\/\/www.vivaeurovision.com\/index.php\/2016\/05\/11\/pangea-eurovision\/"},"author":{"name":"Pedro Palomo","@id":"https:\/\/www.vivaeurovision.com\/#\/schema\/person\/1d31fdaa3f5f7df556f73d164bd3c47a"},"headline":"Este a\u00f1o el Festival lo ves en PANGEA, Destino Eurovisi\u00f3n","datePublished":"2016-05-11T19:37:43+00:00","mainEntityOfPage":{"@id":"https:\/\/www.vivaeurovision.com\/index.php\/2016\/05\/11\/pangea-eurovision\/"},"wordCount":557,"commentCount":0,"publisher":{"@id":"https:\/\/www.vivaeurovision.com\/#organization"},"image":{"@id":"https:\/\/www.vivaeurovision.com\/index.php\/2016\/05\/11\/pangea-eurovision\/#primaryimage"},"thumbnailUrl":"https:\/\/www.vivaeurovision.com\/wp-content\/uploads\/2016\/05\/image-33.jpeg","keywords":["Barei","barei eurovision","Barei Eurovision 2016","Barei SAY YAY!","bareivision","COME TOGETHER","ESC","Esc 2016","Eurovisi\u00f3n 2016","Eurovision 2016 come together","Isaac Urrea","Pangea Eurovision","Pangea Party","soysayyay","stockholm 2016"],"articleSection":["Espa\u00f1a en Eurovisi\u00f3n","Eurovisi\u00f3n 2016","Inicio","Ultima Hora"],"inLanguage":"es","potentialAction":[{"@type":"CommentAction","name":"Comment","target":["https:\/\/www.vivaeurovision.com\/index.php\/2016\/05\/11\/pangea-eurovision\/#respond"]}]},{"@type":"WebPage","@id":"https:\/\/www.vivaeurovision.com\/index.php\/2016\/05\/11\/pangea-eurovision\/","url":"https:\/\/www.vivaeurovision.com\/index.php\/2016\/05\/11\/pangea-eurovision\/","name":"Este a\u00f1o el Festival lo ves en PANGEA, Destino Eurovisi\u00f3n - VIVAEUROVISION viva eurovision","isPartOf":{"@id":"https:\/\/www.vivaeurovision.com\/#website"},"primaryImageOfPage":{"@id":"https:\/\/www.vivaeurovision.com\/index.php\/2016\/05\/11\/pangea-eurovision\/#primaryimage"},"image":{"@id":"https:\/\/www.vivaeurovision.com\/index.php\/2016\/05\/11\/pangea-eurovision\/#primaryimage"},"thumbnailUrl":"https:\/\/www.vivaeurovision.com\/wp-content\/uploads\/2016\/05\/image-33.jpeg","datePublished":"2016-05-11T19:37:43+00:00","description":"Eurovision","breadcrumb":{"@id":"https:\/\/www.vivaeurovision.com\/index.php\/2016\/05\/11\/pangea-eurovision\/#breadcrumb"},"inLanguage":"es","potentialAction":[{"@type":"ReadAction","target":["https:\/\/www.vivaeurovision.com\/index.php\/2016\/05\/11\/pangea-eurovision\/"]}]},{"@type":"ImageObject","inLanguage":"es","@id":"https:\/\/www.vivaeurovision.com\/index.php\/2016\/05\/11\/pangea-eurovision\/#primaryimage","url":"https:\/\/www.vivaeurovision.com\/wp-content\/uploads\/2016\/05\/image-33.jpeg","contentUrl":"https:\/\/www.vivaeurovision.com\/wp-content\/uploads\/2016\/05\/image-33.jpeg","width":1200,"height":1969},{"@type":"BreadcrumbList","@id":"https:\/\/www.vivaeurovision.com\/index.php\/2016\/05\/11\/pangea-eurovision\/#breadcrumb","itemListElement":[{"@type":"ListItem","position":1,"name":"Portada","item":"https:\/\/www.vivaeurovision.com\/"},{"@type":"ListItem","position":2,"name":"Este a\u00f1o el Festival lo ves en PANGEA, Destino Eurovisi\u00f3n"}]},{"@type":"WebSite","@id":"https:\/\/www.vivaeurovision.com\/#website","url":"https:\/\/www.vivaeurovision.com\/","name":"VIVAEUROVISION viva eurovision","description":"Tu portal sobre el Festival de Eurovision, eurovision, eurovisi\u00f3n","publisher":{"@id":"https:\/\/www.vivaeurovision.com\/#organization"},"potentialAction":[{"@type":"SearchAction","target":{"@type":"EntryPoint","urlTemplate":"https:\/\/www.vivaeurovision.com\/?s={search_term_string}"},"query-input":{"@type":"PropertyValueSpecification","valueRequired":true,"valueName":"search_term_string"}}],"inLanguage":"es"},{"@type":"Organization","@id":"https:\/\/www.vivaeurovision.com\/#organization","name":"vivaeurovision","url":"https:\/\/www.vivaeurovision.com\/","logo":{"@type":"ImageObject","inLanguage":"es","@id":"https:\/\/www.vivaeurovision.com\/#\/schema\/logo\/image\/","url":"https:\/\/www.vivaeurovision.com\/wp-content\/uploads\/2016\/01\/cropped-image-21-1.jpeg","contentUrl":"https:\/\/www.vivaeurovision.com\/wp-content\/uploads\/2016\/01\/cropped-image-21-1.jpeg","width":669,"height":368,"caption":"vivaeurovision"},"image":{"@id":"https:\/\/www.vivaeurovision.com\/#\/schema\/logo\/image\/"}},{"@type":"Person","@id":"https:\/\/www.vivaeurovision.com\/#\/schema\/person\/1d31fdaa3f5f7df556f73d164bd3c47a","name":"Pedro Palomo","image":{"@type":"ImageObject","inLanguage":"es","@id":"https:\/\/secure.gravatar.com\/avatar\/4cf9a4877f5f71f44fb7cedbe1bac1bd28bd8ce7a217517d98d5b2117f9f5505?s=96&d=mm&r=g","url":"https:\/\/secure.gravatar.com\/avatar\/4cf9a4877f5f71f44fb7cedbe1bac1bd28bd8ce7a217517d98d5b2117f9f5505?s=96&d=mm&r=g","contentUrl":"https:\/\/secure.gravatar.com\/avatar\/4cf9a4877f5f71f44fb7cedbe1bac1bd28bd8ce7a217517d98d5b2117f9f5505?s=96&d=mm&r=g","caption":"Pedro Palomo"},"sameAs":["http:\/\/www.vivaeurovision.com","@pedrobcn","https:\/\/x.com\/@pedropalomobcn"]}]}},"_links":{"self":[{"href":"https:\/\/www.vivaeurovision.com\/index.php\/wp-json\/wp\/v2\/posts\/2181","targetHints":{"allow":["GET"]}}],"collection":[{"href":"https:\/\/www.vivaeurovision.com\/index.php\/wp-json\/wp\/v2\/posts"}],"about":[{"href":"https:\/\/www.vivaeurovision.com\/index.php\/wp-json\/wp\/v2\/types\/post"}],"author":[{"embeddable":true,"href":"https:\/\/www.vivaeurovision.com\/index.php\/wp-json\/wp\/v2\/users\/1"}],"replies":[{"embeddable":true,"href":"https:\/\/www.vivaeurovision.com\/index.php\/wp-json\/wp\/v2\/comments?post=2181"}],"version-history":[{"count":0,"href":"https:\/\/www.vivaeurovision.com\/index.php\/wp-json\/wp\/v2\/posts\/2181\/revisions"}],"wp:featuredmedia":[{"embeddable":true,"href":"https:\/\/www.vivaeurovision.com\/index.php\/wp-json\/wp\/v2\/media\/2182"}],"wp:attachment":[{"href":"https:\/\/www.vivaeurovision.com\/index.php\/wp-json\/wp\/v2\/media?parent=2181"}],"wp:term":[{"taxonomy":"category","embeddable":true,"href":"https:\/\/www.vivaeurovision.com\/index.php\/wp-json\/wp\/v2\/categories?post=2181"},{"taxonomy":"post_tag","embeddable":true,"href":"https:\/\/www.vivaeurovision.com\/index.php\/wp-json\/wp\/v2\/tags?post=2181"}],"curies":[{"name":"wp","href":"https:\/\/api.w.org\/{rel}","templated":true}]}}