{"id":2268,"date":"2016-05-24T10:21:36","date_gmt":"2016-05-24T10:21:36","guid":{"rendered":"http:\/\/www.vivaeurovision.com\/?p=2268"},"modified":"2016-05-24T10:21:36","modified_gmt":"2016-05-24T10:21:36","slug":"2268-eurovision-audiciencia","status":"publish","type":"post","link":"https:\/\/www.vivaeurovision.com\/index.php\/2016\/05\/24\/2268-eurovision-audiciencia\/","title":{"rendered":"El Festival de Eurovision 2016 bate r\u00e9cord de audiencia con 204 millones de espectadores"},"content":{"rendered":"<p>Eurovision 2016<\/p>\n<div id=\"attachment_2212\" style=\"width: 310px\" class=\"wp-caption alignnone\"><img loading=\"lazy\" decoding=\"async\" aria-describedby=\"caption-attachment-2212\" class=\"size-medium wp-image-2212\" src=\"http:\/\/www.vivaeurovision.com\/wp-content\/uploads\/2016\/05\/image-46-300x169.jpeg\" alt=\"Eurovision\" width=\"300\" height=\"169\" srcset=\"https:\/\/www.vivaeurovision.com\/wp-content\/uploads\/2016\/05\/image-46-300x169.jpeg 300w, https:\/\/www.vivaeurovision.com\/wp-content\/uploads\/2016\/05\/image-46-768x433.jpeg 768w, https:\/\/www.vivaeurovision.com\/wp-content\/uploads\/2016\/05\/image-46-1024x577.jpeg 1024w\" sizes=\"auto, (max-width: 300px) 100vw, 300px\" \/><p id=\"caption-attachment-2212\" class=\"wp-caption-text\">VIVAEUROVISION<\/p><\/div>\n<p>El Festival de Eurovisi\u00f3n 2016 bate r\u00e9cord de audiencia y supera en 5 millones a la edici\u00f3n anterior del 2015.<\/p>\n<p>Un total de 204 millones de espectadores un 36,3% de share en m\u00e1s de 40 pa\u00edses, lo hace que a\u00f1o tras a\u00f1o el festival supera las audiencias.<\/p>\n<p>Ademas de crecer en audiencia en pa\u00edses como Alemania con un 36,8% de share siendo el m\u00e1s visto desde el 2010 cuando lograron su victoria. Islandia pese a ser el segundo a\u00f1o consecutivo sin su pase a la gran final ha sido el pa\u00eds que m\u00e1s audiencia ha generado con un 95,5% de share o en Suecia donde ha sido el festival m\u00e1s visto desde el a\u00f1o 2000 con un 84,7% de share.<\/p>\n<p>Ucrania el pa\u00eds ganador cosech\u00f3 m\u00e1s de \u00a0un mill\u00f3n y medio de espectadores siendo el festival m\u00e1s visto desde el 2010.<\/p>\n<p>En Espa\u00f1a la cuota de audiciencia tambi\u00e9n lider\u00f3 la noche del s\u00e1bado 14 en TVE con casi cinco millones de espectadores.<\/p>\n<p>La UER se sienten muy orgullosos del crecimiento que el Festival est\u00e1 teniendo a\u00f1o tras a\u00f1o con sus emisiones en directo en televisi\u00f3n y retransmisiones en decenas de radios y el directo desde el canal oficial de YouTube. Desde que se celebr\u00f3 el primer Festival de Eurovisi\u00f3n en Lugano el avance y el crecimiento ha sido grandioso, llegando a ser uno de los eventos m\u00e1s vistos del a\u00f1o en todo el mundo.<\/p>\n<p>El 42,4% de la audiencia es joven con edad comprendida entre los 15 y los 24 a\u00f1os.<\/p>\n<p>Ademas del gran \u00edndice de audiencia social en las redes sociales.<\/p>\n<p>Resumen de vivaeurovison en el Festival de Eurovisi\u00f3n 2016<\/p>\n<p><iframe loading=\"lazy\"  id=\"_ytid_51628\"  width=\"480\" height=\"360\"  data-origwidth=\"480\" data-origheight=\"360\" src=\"https:\/\/www.youtube.com\/embed\/XeGAlcLihkU?enablejsapi=1&#038;autoplay=0&#038;cc_load_policy=0&#038;cc_lang_pref=&#038;iv_load_policy=1&#038;loop=0&#038;rel=1&#038;fs=1&#038;playsinline=0&#038;autohide=2&#038;theme=dark&#038;color=red&#038;controls=1&#038;disablekb=0&#038;\" class=\"__youtube_prefs__  epyt-is-override  no-lazyload\" title=\"YouTube player\"  allow=\"fullscreen; accelerometer; autoplay; clipboard-write; encrypted-media; gyroscope; picture-in-picture; web-share\" referrerpolicy=\"strict-origin-when-cross-origin\" allowfullscreen data-no-lazy=\"1\" data-skipgform_ajax_framebjll=\"\"><\/iframe><\/p>\n<div id=\"attachment_311\" style=\"width: 310px\" class=\"wp-caption alignnone\"><img loading=\"lazy\" decoding=\"async\" aria-describedby=\"caption-attachment-311\" class=\"size-medium wp-image-311\" src=\"http:\/\/www.vivaeurovision.com\/wp-content\/uploads\/2016\/01\/image-21-300x165.jpeg\" alt=\"VIVAEUROVISION\" width=\"300\" height=\"165\" srcset=\"https:\/\/www.vivaeurovision.com\/wp-content\/uploads\/2016\/01\/image-21-300x165.jpeg 300w, https:\/\/www.vivaeurovision.com\/wp-content\/uploads\/2016\/01\/image-21-555x305.jpeg 555w, https:\/\/www.vivaeurovision.com\/wp-content\/uploads\/2016\/01\/image-21.jpeg 669w\" sizes=\"auto, (max-width: 300px) 100vw, 300px\" \/><p id=\"caption-attachment-311\" class=\"wp-caption-text\">VIVAEUROVISION<\/p><\/div>\n<p>VIVAEUROVISION.COM<\/p>\n<p>Twitter @viva_eurovision FACEBOOK OFICIAL VIVA EUROVISION Instragram @vivaeurovision<\/p>\n<p>Fuente y fotograf\u00edas: www.eurovision.tv \u00a9vivaeurovision<\/p>\n<p>Redactor: Pedro Palomo @pedropalomobcn Instagram @pedrobcn<\/p>\n","protected":false},"excerpt":{"rendered":"<p>Eurovision 2016 El Festival de Eurovisi\u00f3n 2016 bate r\u00e9cord de audiencia y supera en 5 millones a la edici\u00f3n anterior del 2015. Un total de 204 millones de espectadores un&#46;&#46;&#46;<\/p>\n","protected":false},"author":1,"featured_media":2276,"comment_status":"open","ping_status":"open","sticky":false,"template":"","format":"standard","meta":{"_exactmetrics_skip_tracking":false,"_exactmetrics_sitenote_active":false,"_exactmetrics_sitenote_note":"","_exactmetrics_sitenote_category":0,"footnotes":""},"categories":[6,7,4,2,3],"tags":[840,839,159,17,30,15,14,11,838,160,837,158,34,19,20,110,302,708,16,104,161,23,22],"class_list":["post-2268","post","type-post","status-publish","format-standard","has-post-thumbnail","hentry","category-espana-en-eurovision","category-eurovision-2016","category-eurovision","category-noticia","category-ultima-hora","tag-audiciencia-eurovision-2016","tag-audiencia-eurovision","tag-come-together","tag-esc","tag-esc-2016","tag-espana-eurovision-2016","tag-estocolmo-2016","tag-eurovision","tag-eurovision-2016-audiencia","tag-eurovision-2016-come-together","tag-eurovision-2016-share","tag-eurovision-come-together","tag-noticia","tag-pedro-palomo","tag-pedro-palomo-eurovision","tag-rtve-eurovision","tag-say-yay-eurovision-2016","tag-soysayyay","tag-spain-2016","tag-stockholm-2016","tag-stockholm-2016-come-together","tag-viva-eurovision","tag-vivaeurovision"],"yoast_head":"<!-- This site is optimized with the Yoast SEO plugin v27.5 - https:\/\/yoast.com\/product\/yoast-seo-wordpress\/ -->\n<title>El Festival de Eurovision 2016 bate r\u00e9cord de audiencia con 204 millones de espectadores - VIVAEUROVISION viva eurovision<\/title>\n<meta name=\"description\" content=\"Audiencia Festival de Eurovision 2016\" \/>\n<meta name=\"robots\" content=\"index, follow, max-snippet:-1, max-image-preview:large, max-video-preview:-1\" \/>\n<link rel=\"canonical\" href=\"https:\/\/www.vivaeurovision.com\/index.php\/2016\/05\/24\/2268-eurovision-audiciencia\/\" \/>\n<meta property=\"og:locale\" content=\"es_ES\" \/>\n<meta property=\"og:type\" content=\"article\" \/>\n<meta property=\"og:title\" content=\"El Festival de Eurovision 2016 bate r\u00e9cord de audiencia con 204 millones de espectadores - VIVAEUROVISION viva eurovision\" \/>\n<meta property=\"og:description\" content=\"Audiencia Festival de Eurovision 2016\" \/>\n<meta property=\"og:url\" content=\"https:\/\/www.vivaeurovision.com\/index.php\/2016\/05\/24\/2268-eurovision-audiciencia\/\" \/>\n<meta property=\"og:site_name\" content=\"VIVAEUROVISION viva eurovision\" \/>\n<meta property=\"article:published_time\" content=\"2016-05-24T10:21:36+00:00\" \/>\n<meta property=\"og:image\" content=\"https:\/\/www.vivaeurovision.com\/wp-content\/uploads\/2016\/05\/image-51.jpeg\" \/>\n\t<meta property=\"og:image:width\" content=\"2460\" \/>\n\t<meta property=\"og:image:height\" content=\"1640\" \/>\n\t<meta property=\"og:image:type\" content=\"image\/jpeg\" \/>\n<meta name=\"author\" content=\"Pedro Palomo\" \/>\n<meta name=\"twitter:card\" content=\"summary_large_image\" \/>\n<meta name=\"twitter:creator\" content=\"@pedropalomobcn\" \/>\n<meta name=\"twitter:label1\" content=\"Escrito por\" \/>\n\t<meta name=\"twitter:data1\" content=\"Pedro Palomo\" \/>\n\t<meta name=\"twitter:label2\" content=\"Tiempo de lectura\" \/>\n\t<meta name=\"twitter:data2\" content=\"2 minutos\" \/>\n<script type=\"application\/ld+json\" class=\"yoast-schema-graph\">{\"@context\":\"https:\\\/\\\/schema.org\",\"@graph\":[{\"@type\":\"Article\",\"@id\":\"https:\\\/\\\/www.vivaeurovision.com\\\/index.php\\\/2016\\\/05\\\/24\\\/2268-eurovision-audiciencia\\\/#article\",\"isPartOf\":{\"@id\":\"https:\\\/\\\/www.vivaeurovision.com\\\/index.php\\\/2016\\\/05\\\/24\\\/2268-eurovision-audiciencia\\\/\"},\"author\":{\"name\":\"Pedro Palomo\",\"@id\":\"https:\\\/\\\/www.vivaeurovision.com\\\/#\\\/schema\\\/person\\\/1d31fdaa3f5f7df556f73d164bd3c47a\"},\"headline\":\"El Festival de Eurovision 2016 bate r\u00e9cord de audiencia con 204 millones de espectadores\",\"datePublished\":\"2016-05-24T10:21:36+00:00\",\"mainEntityOfPage\":{\"@id\":\"https:\\\/\\\/www.vivaeurovision.com\\\/index.php\\\/2016\\\/05\\\/24\\\/2268-eurovision-audiciencia\\\/\"},\"wordCount\":342,\"commentCount\":0,\"publisher\":{\"@id\":\"https:\\\/\\\/www.vivaeurovision.com\\\/#organization\"},\"image\":{\"@id\":\"https:\\\/\\\/www.vivaeurovision.com\\\/index.php\\\/2016\\\/05\\\/24\\\/2268-eurovision-audiciencia\\\/#primaryimage\"},\"thumbnailUrl\":\"https:\\\/\\\/www.vivaeurovision.com\\\/wp-content\\\/uploads\\\/2016\\\/05\\\/image-51.jpeg\",\"keywords\":[\"audiciencia eurovision 2016\",\"audiencia Eurovision\",\"COME TOGETHER\",\"ESC\",\"Esc 2016\",\"Espa\u00f1a Eurovision 2016\",\"Estocolmo 2016\",\"Eurovision\",\"eurovision 2016 audiencia\",\"Eurovision 2016 come together\",\"eurovision 2016 share\",\"Eurovision come together\",\"Noticia\",\"Pedro Palomo\",\"Pedro Palomo Eurovision\",\"Rtve EUROVISION\",\"say yay! eurovision 2016\",\"soysayyay\",\"Spain 2016\",\"stockholm 2016\",\"stockholm 2016 come together\",\"viva eurovision\",\"vivaeurovision\"],\"articleSection\":[\"Espa\u00f1a en Eurovisi\u00f3n\",\"Eurovisi\u00f3n 2016\",\"Inicio\",\"Noticias\",\"Ultima Hora\"],\"inLanguage\":\"es\",\"potentialAction\":[{\"@type\":\"CommentAction\",\"name\":\"Comment\",\"target\":[\"https:\\\/\\\/www.vivaeurovision.com\\\/index.php\\\/2016\\\/05\\\/24\\\/2268-eurovision-audiciencia\\\/#respond\"]}]},{\"@type\":\"WebPage\",\"@id\":\"https:\\\/\\\/www.vivaeurovision.com\\\/index.php\\\/2016\\\/05\\\/24\\\/2268-eurovision-audiciencia\\\/\",\"url\":\"https:\\\/\\\/www.vivaeurovision.com\\\/index.php\\\/2016\\\/05\\\/24\\\/2268-eurovision-audiciencia\\\/\",\"name\":\"El Festival de Eurovision 2016 bate r\u00e9cord de audiencia con 204 millones de espectadores - VIVAEUROVISION viva eurovision\",\"isPartOf\":{\"@id\":\"https:\\\/\\\/www.vivaeurovision.com\\\/#website\"},\"primaryImageOfPage\":{\"@id\":\"https:\\\/\\\/www.vivaeurovision.com\\\/index.php\\\/2016\\\/05\\\/24\\\/2268-eurovision-audiciencia\\\/#primaryimage\"},\"image\":{\"@id\":\"https:\\\/\\\/www.vivaeurovision.com\\\/index.php\\\/2016\\\/05\\\/24\\\/2268-eurovision-audiciencia\\\/#primaryimage\"},\"thumbnailUrl\":\"https:\\\/\\\/www.vivaeurovision.com\\\/wp-content\\\/uploads\\\/2016\\\/05\\\/image-51.jpeg\",\"datePublished\":\"2016-05-24T10:21:36+00:00\",\"description\":\"Audiencia Festival de Eurovision 2016\",\"breadcrumb\":{\"@id\":\"https:\\\/\\\/www.vivaeurovision.com\\\/index.php\\\/2016\\\/05\\\/24\\\/2268-eurovision-audiciencia\\\/#breadcrumb\"},\"inLanguage\":\"es\",\"potentialAction\":[{\"@type\":\"ReadAction\",\"target\":[\"https:\\\/\\\/www.vivaeurovision.com\\\/index.php\\\/2016\\\/05\\\/24\\\/2268-eurovision-audiciencia\\\/\"]}]},{\"@type\":\"ImageObject\",\"inLanguage\":\"es\",\"@id\":\"https:\\\/\\\/www.vivaeurovision.com\\\/index.php\\\/2016\\\/05\\\/24\\\/2268-eurovision-audiciencia\\\/#primaryimage\",\"url\":\"https:\\\/\\\/www.vivaeurovision.com\\\/wp-content\\\/uploads\\\/2016\\\/05\\\/image-51.jpeg\",\"contentUrl\":\"https:\\\/\\\/www.vivaeurovision.com\\\/wp-content\\\/uploads\\\/2016\\\/05\\\/image-51.jpeg\",\"width\":2460,\"height\":1640},{\"@type\":\"BreadcrumbList\",\"@id\":\"https:\\\/\\\/www.vivaeurovision.com\\\/index.php\\\/2016\\\/05\\\/24\\\/2268-eurovision-audiciencia\\\/#breadcrumb\",\"itemListElement\":[{\"@type\":\"ListItem\",\"position\":1,\"name\":\"Portada\",\"item\":\"https:\\\/\\\/www.vivaeurovision.com\\\/\"},{\"@type\":\"ListItem\",\"position\":2,\"name\":\"El Festival de Eurovision 2016 bate r\u00e9cord de audiencia con 204 millones de espectadores\"}]},{\"@type\":\"WebSite\",\"@id\":\"https:\\\/\\\/www.vivaeurovision.com\\\/#website\",\"url\":\"https:\\\/\\\/www.vivaeurovision.com\\\/\",\"name\":\"VIVAEUROVISION viva eurovision\",\"description\":\"Tu portal sobre el Festival de Eurovision, eurovision, eurovisi\u00f3n\",\"publisher\":{\"@id\":\"https:\\\/\\\/www.vivaeurovision.com\\\/#organization\"},\"potentialAction\":[{\"@type\":\"SearchAction\",\"target\":{\"@type\":\"EntryPoint\",\"urlTemplate\":\"https:\\\/\\\/www.vivaeurovision.com\\\/?s={search_term_string}\"},\"query-input\":{\"@type\":\"PropertyValueSpecification\",\"valueRequired\":true,\"valueName\":\"search_term_string\"}}],\"inLanguage\":\"es\"},{\"@type\":\"Organization\",\"@id\":\"https:\\\/\\\/www.vivaeurovision.com\\\/#organization\",\"name\":\"vivaeurovision\",\"url\":\"https:\\\/\\\/www.vivaeurovision.com\\\/\",\"logo\":{\"@type\":\"ImageObject\",\"inLanguage\":\"es\",\"@id\":\"https:\\\/\\\/www.vivaeurovision.com\\\/#\\\/schema\\\/logo\\\/image\\\/\",\"url\":\"https:\\\/\\\/www.vivaeurovision.com\\\/wp-content\\\/uploads\\\/2016\\\/01\\\/cropped-image-21-1.jpeg\",\"contentUrl\":\"https:\\\/\\\/www.vivaeurovision.com\\\/wp-content\\\/uploads\\\/2016\\\/01\\\/cropped-image-21-1.jpeg\",\"width\":669,\"height\":368,\"caption\":\"vivaeurovision\"},\"image\":{\"@id\":\"https:\\\/\\\/www.vivaeurovision.com\\\/#\\\/schema\\\/logo\\\/image\\\/\"}},{\"@type\":\"Person\",\"@id\":\"https:\\\/\\\/www.vivaeurovision.com\\\/#\\\/schema\\\/person\\\/1d31fdaa3f5f7df556f73d164bd3c47a\",\"name\":\"Pedro Palomo\",\"image\":{\"@type\":\"ImageObject\",\"inLanguage\":\"es\",\"@id\":\"https:\\\/\\\/secure.gravatar.com\\\/avatar\\\/4cf9a4877f5f71f44fb7cedbe1bac1bd28bd8ce7a217517d98d5b2117f9f5505?s=96&d=mm&r=g\",\"url\":\"https:\\\/\\\/secure.gravatar.com\\\/avatar\\\/4cf9a4877f5f71f44fb7cedbe1bac1bd28bd8ce7a217517d98d5b2117f9f5505?s=96&d=mm&r=g\",\"contentUrl\":\"https:\\\/\\\/secure.gravatar.com\\\/avatar\\\/4cf9a4877f5f71f44fb7cedbe1bac1bd28bd8ce7a217517d98d5b2117f9f5505?s=96&d=mm&r=g\",\"caption\":\"Pedro Palomo\"},\"sameAs\":[\"http:\\\/\\\/www.vivaeurovision.com\",\"@pedrobcn\",\"https:\\\/\\\/x.com\\\/@pedropalomobcn\"]}]}<\/script>\n<!-- \/ Yoast SEO plugin. -->","yoast_head_json":{"title":"El Festival de Eurovision 2016 bate r\u00e9cord de audiencia con 204 millones de espectadores - VIVAEUROVISION viva eurovision","description":"Audiencia Festival de Eurovision 2016","robots":{"index":"index","follow":"follow","max-snippet":"max-snippet:-1","max-image-preview":"max-image-preview:large","max-video-preview":"max-video-preview:-1"},"canonical":"https:\/\/www.vivaeurovision.com\/index.php\/2016\/05\/24\/2268-eurovision-audiciencia\/","og_locale":"es_ES","og_type":"article","og_title":"El Festival de Eurovision 2016 bate r\u00e9cord de audiencia con 204 millones de espectadores - VIVAEUROVISION viva eurovision","og_description":"Audiencia Festival de Eurovision 2016","og_url":"https:\/\/www.vivaeurovision.com\/index.php\/2016\/05\/24\/2268-eurovision-audiciencia\/","og_site_name":"VIVAEUROVISION viva eurovision","article_published_time":"2016-05-24T10:21:36+00:00","og_image":[{"width":2460,"height":1640,"url":"https:\/\/www.vivaeurovision.com\/wp-content\/uploads\/2016\/05\/image-51.jpeg","type":"image\/jpeg"}],"author":"Pedro Palomo","twitter_card":"summary_large_image","twitter_creator":"@pedropalomobcn","twitter_misc":{"Escrito por":"Pedro Palomo","Tiempo de lectura":"2 minutos"},"schema":{"@context":"https:\/\/schema.org","@graph":[{"@type":"Article","@id":"https:\/\/www.vivaeurovision.com\/index.php\/2016\/05\/24\/2268-eurovision-audiciencia\/#article","isPartOf":{"@id":"https:\/\/www.vivaeurovision.com\/index.php\/2016\/05\/24\/2268-eurovision-audiciencia\/"},"author":{"name":"Pedro Palomo","@id":"https:\/\/www.vivaeurovision.com\/#\/schema\/person\/1d31fdaa3f5f7df556f73d164bd3c47a"},"headline":"El Festival de Eurovision 2016 bate r\u00e9cord de audiencia con 204 millones de espectadores","datePublished":"2016-05-24T10:21:36+00:00","mainEntityOfPage":{"@id":"https:\/\/www.vivaeurovision.com\/index.php\/2016\/05\/24\/2268-eurovision-audiciencia\/"},"wordCount":342,"commentCount":0,"publisher":{"@id":"https:\/\/www.vivaeurovision.com\/#organization"},"image":{"@id":"https:\/\/www.vivaeurovision.com\/index.php\/2016\/05\/24\/2268-eurovision-audiciencia\/#primaryimage"},"thumbnailUrl":"https:\/\/www.vivaeurovision.com\/wp-content\/uploads\/2016\/05\/image-51.jpeg","keywords":["audiciencia eurovision 2016","audiencia Eurovision","COME TOGETHER","ESC","Esc 2016","Espa\u00f1a Eurovision 2016","Estocolmo 2016","Eurovision","eurovision 2016 audiencia","Eurovision 2016 come together","eurovision 2016 share","Eurovision come together","Noticia","Pedro Palomo","Pedro Palomo Eurovision","Rtve EUROVISION","say yay! eurovision 2016","soysayyay","Spain 2016","stockholm 2016","stockholm 2016 come together","viva eurovision","vivaeurovision"],"articleSection":["Espa\u00f1a en Eurovisi\u00f3n","Eurovisi\u00f3n 2016","Inicio","Noticias","Ultima Hora"],"inLanguage":"es","potentialAction":[{"@type":"CommentAction","name":"Comment","target":["https:\/\/www.vivaeurovision.com\/index.php\/2016\/05\/24\/2268-eurovision-audiciencia\/#respond"]}]},{"@type":"WebPage","@id":"https:\/\/www.vivaeurovision.com\/index.php\/2016\/05\/24\/2268-eurovision-audiciencia\/","url":"https:\/\/www.vivaeurovision.com\/index.php\/2016\/05\/24\/2268-eurovision-audiciencia\/","name":"El Festival de Eurovision 2016 bate r\u00e9cord de audiencia con 204 millones de espectadores - VIVAEUROVISION viva eurovision","isPartOf":{"@id":"https:\/\/www.vivaeurovision.com\/#website"},"primaryImageOfPage":{"@id":"https:\/\/www.vivaeurovision.com\/index.php\/2016\/05\/24\/2268-eurovision-audiciencia\/#primaryimage"},"image":{"@id":"https:\/\/www.vivaeurovision.com\/index.php\/2016\/05\/24\/2268-eurovision-audiciencia\/#primaryimage"},"thumbnailUrl":"https:\/\/www.vivaeurovision.com\/wp-content\/uploads\/2016\/05\/image-51.jpeg","datePublished":"2016-05-24T10:21:36+00:00","description":"Audiencia Festival de Eurovision 2016","breadcrumb":{"@id":"https:\/\/www.vivaeurovision.com\/index.php\/2016\/05\/24\/2268-eurovision-audiciencia\/#breadcrumb"},"inLanguage":"es","potentialAction":[{"@type":"ReadAction","target":["https:\/\/www.vivaeurovision.com\/index.php\/2016\/05\/24\/2268-eurovision-audiciencia\/"]}]},{"@type":"ImageObject","inLanguage":"es","@id":"https:\/\/www.vivaeurovision.com\/index.php\/2016\/05\/24\/2268-eurovision-audiciencia\/#primaryimage","url":"https:\/\/www.vivaeurovision.com\/wp-content\/uploads\/2016\/05\/image-51.jpeg","contentUrl":"https:\/\/www.vivaeurovision.com\/wp-content\/uploads\/2016\/05\/image-51.jpeg","width":2460,"height":1640},{"@type":"BreadcrumbList","@id":"https:\/\/www.vivaeurovision.com\/index.php\/2016\/05\/24\/2268-eurovision-audiciencia\/#breadcrumb","itemListElement":[{"@type":"ListItem","position":1,"name":"Portada","item":"https:\/\/www.vivaeurovision.com\/"},{"@type":"ListItem","position":2,"name":"El Festival de Eurovision 2016 bate r\u00e9cord de audiencia con 204 millones de espectadores"}]},{"@type":"WebSite","@id":"https:\/\/www.vivaeurovision.com\/#website","url":"https:\/\/www.vivaeurovision.com\/","name":"VIVAEUROVISION viva eurovision","description":"Tu portal sobre el Festival de Eurovision, eurovision, eurovisi\u00f3n","publisher":{"@id":"https:\/\/www.vivaeurovision.com\/#organization"},"potentialAction":[{"@type":"SearchAction","target":{"@type":"EntryPoint","urlTemplate":"https:\/\/www.vivaeurovision.com\/?s={search_term_string}"},"query-input":{"@type":"PropertyValueSpecification","valueRequired":true,"valueName":"search_term_string"}}],"inLanguage":"es"},{"@type":"Organization","@id":"https:\/\/www.vivaeurovision.com\/#organization","name":"vivaeurovision","url":"https:\/\/www.vivaeurovision.com\/","logo":{"@type":"ImageObject","inLanguage":"es","@id":"https:\/\/www.vivaeurovision.com\/#\/schema\/logo\/image\/","url":"https:\/\/www.vivaeurovision.com\/wp-content\/uploads\/2016\/01\/cropped-image-21-1.jpeg","contentUrl":"https:\/\/www.vivaeurovision.com\/wp-content\/uploads\/2016\/01\/cropped-image-21-1.jpeg","width":669,"height":368,"caption":"vivaeurovision"},"image":{"@id":"https:\/\/www.vivaeurovision.com\/#\/schema\/logo\/image\/"}},{"@type":"Person","@id":"https:\/\/www.vivaeurovision.com\/#\/schema\/person\/1d31fdaa3f5f7df556f73d164bd3c47a","name":"Pedro Palomo","image":{"@type":"ImageObject","inLanguage":"es","@id":"https:\/\/secure.gravatar.com\/avatar\/4cf9a4877f5f71f44fb7cedbe1bac1bd28bd8ce7a217517d98d5b2117f9f5505?s=96&d=mm&r=g","url":"https:\/\/secure.gravatar.com\/avatar\/4cf9a4877f5f71f44fb7cedbe1bac1bd28bd8ce7a217517d98d5b2117f9f5505?s=96&d=mm&r=g","contentUrl":"https:\/\/secure.gravatar.com\/avatar\/4cf9a4877f5f71f44fb7cedbe1bac1bd28bd8ce7a217517d98d5b2117f9f5505?s=96&d=mm&r=g","caption":"Pedro Palomo"},"sameAs":["http:\/\/www.vivaeurovision.com","@pedrobcn","https:\/\/x.com\/@pedropalomobcn"]}]}},"_links":{"self":[{"href":"https:\/\/www.vivaeurovision.com\/index.php\/wp-json\/wp\/v2\/posts\/2268","targetHints":{"allow":["GET"]}}],"collection":[{"href":"https:\/\/www.vivaeurovision.com\/index.php\/wp-json\/wp\/v2\/posts"}],"about":[{"href":"https:\/\/www.vivaeurovision.com\/index.php\/wp-json\/wp\/v2\/types\/post"}],"author":[{"embeddable":true,"href":"https:\/\/www.vivaeurovision.com\/index.php\/wp-json\/wp\/v2\/users\/1"}],"replies":[{"embeddable":true,"href":"https:\/\/www.vivaeurovision.com\/index.php\/wp-json\/wp\/v2\/comments?post=2268"}],"version-history":[{"count":0,"href":"https:\/\/www.vivaeurovision.com\/index.php\/wp-json\/wp\/v2\/posts\/2268\/revisions"}],"wp:featuredmedia":[{"embeddable":true,"href":"https:\/\/www.vivaeurovision.com\/index.php\/wp-json\/wp\/v2\/media\/2276"}],"wp:attachment":[{"href":"https:\/\/www.vivaeurovision.com\/index.php\/wp-json\/wp\/v2\/media?parent=2268"}],"wp:term":[{"taxonomy":"category","embeddable":true,"href":"https:\/\/www.vivaeurovision.com\/index.php\/wp-json\/wp\/v2\/categories?post=2268"},{"taxonomy":"post_tag","embeddable":true,"href":"https:\/\/www.vivaeurovision.com\/index.php\/wp-json\/wp\/v2\/tags?post=2268"}],"curies":[{"name":"wp","href":"https:\/\/api.w.org\/{rel}","templated":true}]}}