{"id":2309,"date":"2016-06-07T20:11:52","date_gmt":"2016-06-07T20:11:52","guid":{"rendered":"http:\/\/www.vivaeurovision.com\/?p=2309"},"modified":"2016-06-07T20:11:52","modified_gmt":"2016-06-07T20:11:52","slug":"2309-rosa-lopez-eurovision-2017","status":"publish","type":"post","link":"https:\/\/www.vivaeurovision.com\/index.php\/2016\/06\/07\/2309-rosa-lopez-eurovision-2017\/","title":{"rendered":"Rosa L\u00f3pez, ficha por Universal Music Spain \u00bf Podr\u00eda estar preparando su regreso a Eurovisi\u00f3n 2017?"},"content":{"rendered":"<p>Rosa L\u00f3pez representante de Espa\u00f1a en el Festival de Eurovisi\u00f3n en el a\u00f1o 2002 con la canci\u00f3n \u00abEurope\u00b4s Living a Celebration\u00bb, con la que consigui\u00f3 un 7\u00ba puesto con 81 puntos y el record de audiencia en Espa\u00f1a siendo el Festival de Eurovisi\u00f3n mas visto en Espa\u00f1a y uno de los eventos mas vistos en la historia de la televisi\u00f3n en nuestro pa\u00eds, acaba de firmar un contrato con la discogr\u00e1fica Universal Music, comparte discogr\u00e1fica con nuestra ultima representante en el Festival de Eurovisi\u00f3n 2016 \u00abBarei\u00bb.<\/p>\n<p>Rosa L\u00f3pez lo ha hecho p\u00fablico en sus redes sociales con un mensaje de agradecimiento y mostrando una gran felicidad ante el gran proyecto que esta preparando, adem\u00e1s de las negociaciones que se est\u00e1n haciendo para la reuni\u00f3n de todos los miembros de la primera edici\u00f3n del talent show Operaci\u00f3n Triunfo celebrando as\u00ed su 15 aniversario y de la mano de Gestmusic, productora de dicho formato y productora que tambi\u00e9n ha tenido presencia en diferentes festivales de eurovisi\u00f3n y como el pasado a\u00f1o con Edurne, incluso en la edici\u00f3n 2016 algunos de los miembros de la productora acudieron a Estocolmo.<\/p>\n<p>Podr\u00eda estar Rosa L\u00f3pez preparando su regreso al Festival de Eurovisi\u00f3n 2017? Muchas son las inc\u00f3gnitas, pero lo que si que es cierto que ella siempre ha mostrado su inter\u00e9s de regresar y\u00a0adem\u00e1s\u00a0fue invitada especial en\u00a0la gala de celebraci\u00f3n del 60 aniversario donde\u00a0cant\u00f3 un medley eurovisivo.<\/p>\n<p>Aqu\u00ed os dejamos\u00a0la fotograf\u00eda y el mensaje con el que\u00a0Rosa L\u00f3pez\u00a0nos dio la gran noticia de este gran proyecto que seguiremos muy de cerca.<\/p>\n<p>&nbsp;<\/p>\n<p>Podr\u00eda ser\u00a0nuestra pr\u00f3xima\u00a0representante y su deseo de repetir experiencia eurovisiva&#8230;? VIVAEUROVISION estaremos muy atentos\u00a0y os informaremos en todo momento.<\/p>\n<p>&nbsp;<\/p>\n<p>&nbsp;<\/p>\n<p><iframe loading=\"lazy\" style=\"border: currentColor; overflow: hidden;\" src=\"https:\/\/www.facebook.com\/plugins\/post.php?href=https%3A%2F%2Fwww.facebook.com%2Frosalopezoficialpage%2Fposts%2F793986704071948%3A0&amp;width=500\" width=\"500\" height=\"599\" frameborder=\"0\" scrolling=\"no\"><\/iframe><br \/>\n<iframe loading=\"lazy\" src=\"https:\/\/www.youtube.com\/embed\/1xX3dNwHl50\" width=\"420\" height=\"315\" frameborder=\"0\" allowfullscreen=\"allowfullscreen\"><\/iframe><\/p>\n<p><iframe loading=\"lazy\" src=\"https:\/\/www.youtube.com\/embed\/6tT2WF_JoWI\" width=\"560\" height=\"315\" frameborder=\"0\" allowfullscreen=\"allowfullscreen\"><\/iframe><br \/>\n<img loading=\"lazy\" decoding=\"async\" class=\"alignnone size-medium wp-image-311\" src=\"http:\/\/www.vivaeurovision.com\/wp-content\/uploads\/2016\/01\/image-21-300x165.jpeg\" alt=\"VIVAEUROVISION.COM\" width=\"300\" height=\"165\" srcset=\"https:\/\/www.vivaeurovision.com\/wp-content\/uploads\/2016\/01\/image-21-300x165.jpeg 300w, https:\/\/www.vivaeurovision.com\/wp-content\/uploads\/2016\/01\/image-21-555x305.jpeg 555w, https:\/\/www.vivaeurovision.com\/wp-content\/uploads\/2016\/01\/image-21.jpeg 669w\" sizes=\"auto, (max-width: 300px) 100vw, 300px\" \/><\/p>\n<p>Twitter\u00a0<strong> <a href=\"https:\/\/twitter.com\/viva_eurovision\" target=\"_blank\">@viva_eurovision<\/a>\u00a0 <a href=\"https:\/\/www.facebook.com\/Vivaeurovisioncom-867806686671081\/?fref=nf\" target=\"_blank\">FACEBOOK OFICIAL VIVA EUROVISION <\/a><\/strong>Instragram <strong><a href=\"https:\/\/www.instagram.com\/vivaeurovision\/\" target=\"_blank\">@vivaeurovision<\/a><\/strong><\/p>\n<p>im\u00e1genes: \u00a9<strong>Rosa L\u00f3pez <\/strong><\/p>\n<p>Video: Eurovisi\u00f3n.tv<\/p>\n<p>Redactor: Pedro Palomo <a href=\"https:\/\/twitter.com\/pedropalomobcn?lang=es\"><strong>@pedropalomobcn<\/strong><\/a><strong>\u00a0<\/strong>Instagram <a href=\"https:\/\/www.instagram.com\/pedrobcn\/\" target=\"_blank\"><strong>@pedrobcn<\/strong><\/a><\/p>\n","protected":false},"excerpt":{"rendered":"<p>Rosa L\u00f3pez representante de Espa\u00f1a en el Festival de Eurovisi\u00f3n en el a\u00f1o 2002 con la canci\u00f3n \u00abEurope\u00b4s Living a Celebration\u00bb, con la que consigui\u00f3 un 7\u00ba puesto con 81&#46;&#46;&#46;<\/p>\n","protected":false},"author":1,"featured_media":2311,"comment_status":"open","ping_status":"open","sticky":false,"template":"","format":"standard","meta":{"_exactmetrics_skip_tracking":false,"_exactmetrics_sitenote_active":false,"_exactmetrics_sitenote_note":"","_exactmetrics_sitenote_category":0,"footnotes":""},"categories":[6,4,2,3],"tags":[17,865,870,861,56,670,866,869,867,868,863,34,862,864,19,20,856,857,858,859,860,18,110,327,23,22],"class_list":["post-2309","post","type-post","status-publish","format-standard","has-post-thumbnail","hentry","category-espana-en-eurovision","category-eurovision","category-noticia","category-ultima-hora","tag-esc","tag-esc-2017","tag-espana-eurovision-2017","tag-eurovision-2002","tag-eurovision-2015","tag-eurovision-2017","tag-eurovision-song-contest-2017","tag-eurovision-spain-2017","tag-eurovision-ucrania-2017","tag-eurovision-ukraine-2017","tag-gestmusic-eurovision","tag-noticia","tag-operacion-triunfo","tag-operacion-triunfo-eurovision","tag-pedro-palomo","tag-pedro-palomo-eurovision","tag-rosa-lopez","tag-rosa-lopez-eurovision-2002","tag-rosa-lopez-eurovision-2015","tag-rosa-lopez-eurovision-2017","tag-rosa-lopez-universal-music","tag-rtve","tag-rtve-eurovision","tag-universal-music-spain","tag-viva-eurovision","tag-vivaeurovision"],"yoast_head":"<!-- This site is optimized with the Yoast SEO plugin v27.5 - https:\/\/yoast.com\/product\/yoast-seo-wordpress\/ -->\n<title>Rosa L\u00f3pez, ficha por Universal Music Spain \u00bf Podr\u00eda estar preparando su regreso a Eurovisi\u00f3n 2017? - VIVAEUROVISION viva eurovision<\/title>\n<meta name=\"description\" content=\"Podr\u00eda estar preparando Rosa L\u00f3pez Eurovisi\u00f3n 2017 ?\" \/>\n<meta name=\"robots\" content=\"index, follow, max-snippet:-1, max-image-preview:large, max-video-preview:-1\" \/>\n<link rel=\"canonical\" href=\"https:\/\/www.vivaeurovision.com\/index.php\/2016\/06\/07\/2309-rosa-lopez-eurovision-2017\/\" \/>\n<meta property=\"og:locale\" content=\"es_ES\" \/>\n<meta property=\"og:type\" content=\"article\" \/>\n<meta property=\"og:title\" content=\"Rosa L\u00f3pez, ficha por Universal Music Spain \u00bf Podr\u00eda estar preparando su regreso a Eurovisi\u00f3n 2017? - VIVAEUROVISION viva eurovision\" \/>\n<meta property=\"og:description\" content=\"Podr\u00eda estar preparando Rosa L\u00f3pez Eurovisi\u00f3n 2017 ?\" \/>\n<meta property=\"og:url\" content=\"https:\/\/www.vivaeurovision.com\/index.php\/2016\/06\/07\/2309-rosa-lopez-eurovision-2017\/\" \/>\n<meta property=\"og:site_name\" content=\"VIVAEUROVISION viva eurovision\" \/>\n<meta property=\"article:published_time\" content=\"2016-06-07T20:11:52+00:00\" \/>\n<meta property=\"og:image\" content=\"https:\/\/www.vivaeurovision.com\/wp-content\/uploads\/2016\/06\/rosa-aniversario-e1465329752173.jpg\" \/>\n\t<meta property=\"og:image:width\" content=\"558\" \/>\n\t<meta property=\"og:image:height\" content=\"344\" \/>\n\t<meta property=\"og:image:type\" content=\"image\/jpeg\" \/>\n<meta name=\"author\" content=\"Pedro Palomo\" \/>\n<meta name=\"twitter:card\" content=\"summary_large_image\" \/>\n<meta name=\"twitter:creator\" content=\"@pedropalomobcn\" \/>\n<meta name=\"twitter:label1\" content=\"Escrito por\" \/>\n\t<meta name=\"twitter:data1\" content=\"Pedro Palomo\" \/>\n\t<meta name=\"twitter:label2\" content=\"Tiempo de lectura\" \/>\n\t<meta name=\"twitter:data2\" content=\"2 minutos\" \/>\n<script type=\"application\/ld+json\" class=\"yoast-schema-graph\">{\"@context\":\"https:\\\/\\\/schema.org\",\"@graph\":[{\"@type\":\"Article\",\"@id\":\"https:\\\/\\\/www.vivaeurovision.com\\\/index.php\\\/2016\\\/06\\\/07\\\/2309-rosa-lopez-eurovision-2017\\\/#article\",\"isPartOf\":{\"@id\":\"https:\\\/\\\/www.vivaeurovision.com\\\/index.php\\\/2016\\\/06\\\/07\\\/2309-rosa-lopez-eurovision-2017\\\/\"},\"author\":{\"name\":\"Pedro Palomo\",\"@id\":\"https:\\\/\\\/www.vivaeurovision.com\\\/#\\\/schema\\\/person\\\/1d31fdaa3f5f7df556f73d164bd3c47a\"},\"headline\":\"Rosa L\u00f3pez, ficha por Universal Music Spain \u00bf Podr\u00eda estar preparando su regreso a Eurovisi\u00f3n 2017?\",\"datePublished\":\"2016-06-07T20:11:52+00:00\",\"mainEntityOfPage\":{\"@id\":\"https:\\\/\\\/www.vivaeurovision.com\\\/index.php\\\/2016\\\/06\\\/07\\\/2309-rosa-lopez-eurovision-2017\\\/\"},\"wordCount\":357,\"commentCount\":0,\"publisher\":{\"@id\":\"https:\\\/\\\/www.vivaeurovision.com\\\/#organization\"},\"image\":{\"@id\":\"https:\\\/\\\/www.vivaeurovision.com\\\/index.php\\\/2016\\\/06\\\/07\\\/2309-rosa-lopez-eurovision-2017\\\/#primaryimage\"},\"thumbnailUrl\":\"https:\\\/\\\/www.vivaeurovision.com\\\/wp-content\\\/uploads\\\/2016\\\/06\\\/rosa-aniversario-e1465329752173.jpg\",\"keywords\":[\"ESC\",\"esc 2017\",\"espa\u00f1a eurovision 2017\",\"Eurovision 2002\",\"eurovision 2015\",\"Eurovision 2017\",\"eurovision song contest 2017\",\"eurovision spain 2017\",\"eurovision ucrania 2017\",\"eurovision ukraine 2017\",\"gestmusic eurovision\",\"Noticia\",\"Operacion triunfo\",\"operacion triunfo eurovision\",\"Pedro Palomo\",\"Pedro Palomo Eurovision\",\"Rosa L\u00f3pez\",\"Rosa L\u00f3pez Eurovision 2002\",\"Rosa L\u00f3pez Eurovisi\u00f3n 2015\",\"Rosa L\u00f3pez Eurovision 2017\",\"Rosa L\u00f3pez Universal Music\",\"RTVE\",\"Rtve EUROVISION\",\"universal music spain\",\"viva eurovision\",\"vivaeurovision\"],\"articleSection\":[\"Espa\u00f1a en Eurovisi\u00f3n\",\"Inicio\",\"Noticias\",\"Ultima Hora\"],\"inLanguage\":\"es\",\"potentialAction\":[{\"@type\":\"CommentAction\",\"name\":\"Comment\",\"target\":[\"https:\\\/\\\/www.vivaeurovision.com\\\/index.php\\\/2016\\\/06\\\/07\\\/2309-rosa-lopez-eurovision-2017\\\/#respond\"]}]},{\"@type\":\"WebPage\",\"@id\":\"https:\\\/\\\/www.vivaeurovision.com\\\/index.php\\\/2016\\\/06\\\/07\\\/2309-rosa-lopez-eurovision-2017\\\/\",\"url\":\"https:\\\/\\\/www.vivaeurovision.com\\\/index.php\\\/2016\\\/06\\\/07\\\/2309-rosa-lopez-eurovision-2017\\\/\",\"name\":\"Rosa L\u00f3pez, ficha por Universal Music Spain \u00bf Podr\u00eda estar preparando su regreso a Eurovisi\u00f3n 2017? - VIVAEUROVISION viva eurovision\",\"isPartOf\":{\"@id\":\"https:\\\/\\\/www.vivaeurovision.com\\\/#website\"},\"primaryImageOfPage\":{\"@id\":\"https:\\\/\\\/www.vivaeurovision.com\\\/index.php\\\/2016\\\/06\\\/07\\\/2309-rosa-lopez-eurovision-2017\\\/#primaryimage\"},\"image\":{\"@id\":\"https:\\\/\\\/www.vivaeurovision.com\\\/index.php\\\/2016\\\/06\\\/07\\\/2309-rosa-lopez-eurovision-2017\\\/#primaryimage\"},\"thumbnailUrl\":\"https:\\\/\\\/www.vivaeurovision.com\\\/wp-content\\\/uploads\\\/2016\\\/06\\\/rosa-aniversario-e1465329752173.jpg\",\"datePublished\":\"2016-06-07T20:11:52+00:00\",\"description\":\"Podr\u00eda estar preparando Rosa L\u00f3pez Eurovisi\u00f3n 2017 ?\",\"breadcrumb\":{\"@id\":\"https:\\\/\\\/www.vivaeurovision.com\\\/index.php\\\/2016\\\/06\\\/07\\\/2309-rosa-lopez-eurovision-2017\\\/#breadcrumb\"},\"inLanguage\":\"es\",\"potentialAction\":[{\"@type\":\"ReadAction\",\"target\":[\"https:\\\/\\\/www.vivaeurovision.com\\\/index.php\\\/2016\\\/06\\\/07\\\/2309-rosa-lopez-eurovision-2017\\\/\"]}]},{\"@type\":\"ImageObject\",\"inLanguage\":\"es\",\"@id\":\"https:\\\/\\\/www.vivaeurovision.com\\\/index.php\\\/2016\\\/06\\\/07\\\/2309-rosa-lopez-eurovision-2017\\\/#primaryimage\",\"url\":\"https:\\\/\\\/www.vivaeurovision.com\\\/wp-content\\\/uploads\\\/2016\\\/06\\\/rosa-aniversario-e1465329752173.jpg\",\"contentUrl\":\"https:\\\/\\\/www.vivaeurovision.com\\\/wp-content\\\/uploads\\\/2016\\\/06\\\/rosa-aniversario-e1465329752173.jpg\",\"width\":558,\"height\":344,\"caption\":\"Rosa L\u00f3pez\"},{\"@type\":\"BreadcrumbList\",\"@id\":\"https:\\\/\\\/www.vivaeurovision.com\\\/index.php\\\/2016\\\/06\\\/07\\\/2309-rosa-lopez-eurovision-2017\\\/#breadcrumb\",\"itemListElement\":[{\"@type\":\"ListItem\",\"position\":1,\"name\":\"Portada\",\"item\":\"https:\\\/\\\/www.vivaeurovision.com\\\/\"},{\"@type\":\"ListItem\",\"position\":2,\"name\":\"Rosa L\u00f3pez, ficha por Universal Music Spain \u00bf Podr\u00eda estar preparando su regreso a Eurovisi\u00f3n 2017?\"}]},{\"@type\":\"WebSite\",\"@id\":\"https:\\\/\\\/www.vivaeurovision.com\\\/#website\",\"url\":\"https:\\\/\\\/www.vivaeurovision.com\\\/\",\"name\":\"VIVAEUROVISION viva eurovision\",\"description\":\"Tu portal sobre el Festival de Eurovision, eurovision, eurovisi\u00f3n\",\"publisher\":{\"@id\":\"https:\\\/\\\/www.vivaeurovision.com\\\/#organization\"},\"potentialAction\":[{\"@type\":\"SearchAction\",\"target\":{\"@type\":\"EntryPoint\",\"urlTemplate\":\"https:\\\/\\\/www.vivaeurovision.com\\\/?s={search_term_string}\"},\"query-input\":{\"@type\":\"PropertyValueSpecification\",\"valueRequired\":true,\"valueName\":\"search_term_string\"}}],\"inLanguage\":\"es\"},{\"@type\":\"Organization\",\"@id\":\"https:\\\/\\\/www.vivaeurovision.com\\\/#organization\",\"name\":\"vivaeurovision\",\"url\":\"https:\\\/\\\/www.vivaeurovision.com\\\/\",\"logo\":{\"@type\":\"ImageObject\",\"inLanguage\":\"es\",\"@id\":\"https:\\\/\\\/www.vivaeurovision.com\\\/#\\\/schema\\\/logo\\\/image\\\/\",\"url\":\"https:\\\/\\\/www.vivaeurovision.com\\\/wp-content\\\/uploads\\\/2016\\\/01\\\/cropped-image-21-1.jpeg\",\"contentUrl\":\"https:\\\/\\\/www.vivaeurovision.com\\\/wp-content\\\/uploads\\\/2016\\\/01\\\/cropped-image-21-1.jpeg\",\"width\":669,\"height\":368,\"caption\":\"vivaeurovision\"},\"image\":{\"@id\":\"https:\\\/\\\/www.vivaeurovision.com\\\/#\\\/schema\\\/logo\\\/image\\\/\"}},{\"@type\":\"Person\",\"@id\":\"https:\\\/\\\/www.vivaeurovision.com\\\/#\\\/schema\\\/person\\\/1d31fdaa3f5f7df556f73d164bd3c47a\",\"name\":\"Pedro Palomo\",\"image\":{\"@type\":\"ImageObject\",\"inLanguage\":\"es\",\"@id\":\"https:\\\/\\\/secure.gravatar.com\\\/avatar\\\/4cf9a4877f5f71f44fb7cedbe1bac1bd28bd8ce7a217517d98d5b2117f9f5505?s=96&d=mm&r=g\",\"url\":\"https:\\\/\\\/secure.gravatar.com\\\/avatar\\\/4cf9a4877f5f71f44fb7cedbe1bac1bd28bd8ce7a217517d98d5b2117f9f5505?s=96&d=mm&r=g\",\"contentUrl\":\"https:\\\/\\\/secure.gravatar.com\\\/avatar\\\/4cf9a4877f5f71f44fb7cedbe1bac1bd28bd8ce7a217517d98d5b2117f9f5505?s=96&d=mm&r=g\",\"caption\":\"Pedro Palomo\"},\"sameAs\":[\"http:\\\/\\\/www.vivaeurovision.com\",\"@pedrobcn\",\"https:\\\/\\\/x.com\\\/@pedropalomobcn\"]}]}<\/script>\n<!-- \/ Yoast SEO plugin. -->","yoast_head_json":{"title":"Rosa L\u00f3pez, ficha por Universal Music Spain \u00bf Podr\u00eda estar preparando su regreso a Eurovisi\u00f3n 2017? - VIVAEUROVISION viva eurovision","description":"Podr\u00eda estar preparando Rosa L\u00f3pez Eurovisi\u00f3n 2017 ?","robots":{"index":"index","follow":"follow","max-snippet":"max-snippet:-1","max-image-preview":"max-image-preview:large","max-video-preview":"max-video-preview:-1"},"canonical":"https:\/\/www.vivaeurovision.com\/index.php\/2016\/06\/07\/2309-rosa-lopez-eurovision-2017\/","og_locale":"es_ES","og_type":"article","og_title":"Rosa L\u00f3pez, ficha por Universal Music Spain \u00bf Podr\u00eda estar preparando su regreso a Eurovisi\u00f3n 2017? - VIVAEUROVISION viva eurovision","og_description":"Podr\u00eda estar preparando Rosa L\u00f3pez Eurovisi\u00f3n 2017 ?","og_url":"https:\/\/www.vivaeurovision.com\/index.php\/2016\/06\/07\/2309-rosa-lopez-eurovision-2017\/","og_site_name":"VIVAEUROVISION viva eurovision","article_published_time":"2016-06-07T20:11:52+00:00","og_image":[{"width":558,"height":344,"url":"https:\/\/www.vivaeurovision.com\/wp-content\/uploads\/2016\/06\/rosa-aniversario-e1465329752173.jpg","type":"image\/jpeg"}],"author":"Pedro Palomo","twitter_card":"summary_large_image","twitter_creator":"@pedropalomobcn","twitter_misc":{"Escrito por":"Pedro Palomo","Tiempo de lectura":"2 minutos"},"schema":{"@context":"https:\/\/schema.org","@graph":[{"@type":"Article","@id":"https:\/\/www.vivaeurovision.com\/index.php\/2016\/06\/07\/2309-rosa-lopez-eurovision-2017\/#article","isPartOf":{"@id":"https:\/\/www.vivaeurovision.com\/index.php\/2016\/06\/07\/2309-rosa-lopez-eurovision-2017\/"},"author":{"name":"Pedro Palomo","@id":"https:\/\/www.vivaeurovision.com\/#\/schema\/person\/1d31fdaa3f5f7df556f73d164bd3c47a"},"headline":"Rosa L\u00f3pez, ficha por Universal Music Spain \u00bf Podr\u00eda estar preparando su regreso a Eurovisi\u00f3n 2017?","datePublished":"2016-06-07T20:11:52+00:00","mainEntityOfPage":{"@id":"https:\/\/www.vivaeurovision.com\/index.php\/2016\/06\/07\/2309-rosa-lopez-eurovision-2017\/"},"wordCount":357,"commentCount":0,"publisher":{"@id":"https:\/\/www.vivaeurovision.com\/#organization"},"image":{"@id":"https:\/\/www.vivaeurovision.com\/index.php\/2016\/06\/07\/2309-rosa-lopez-eurovision-2017\/#primaryimage"},"thumbnailUrl":"https:\/\/www.vivaeurovision.com\/wp-content\/uploads\/2016\/06\/rosa-aniversario-e1465329752173.jpg","keywords":["ESC","esc 2017","espa\u00f1a eurovision 2017","Eurovision 2002","eurovision 2015","Eurovision 2017","eurovision song contest 2017","eurovision spain 2017","eurovision ucrania 2017","eurovision ukraine 2017","gestmusic eurovision","Noticia","Operacion triunfo","operacion triunfo eurovision","Pedro Palomo","Pedro Palomo Eurovision","Rosa L\u00f3pez","Rosa L\u00f3pez Eurovision 2002","Rosa L\u00f3pez Eurovisi\u00f3n 2015","Rosa L\u00f3pez Eurovision 2017","Rosa L\u00f3pez Universal Music","RTVE","Rtve EUROVISION","universal music spain","viva eurovision","vivaeurovision"],"articleSection":["Espa\u00f1a en Eurovisi\u00f3n","Inicio","Noticias","Ultima Hora"],"inLanguage":"es","potentialAction":[{"@type":"CommentAction","name":"Comment","target":["https:\/\/www.vivaeurovision.com\/index.php\/2016\/06\/07\/2309-rosa-lopez-eurovision-2017\/#respond"]}]},{"@type":"WebPage","@id":"https:\/\/www.vivaeurovision.com\/index.php\/2016\/06\/07\/2309-rosa-lopez-eurovision-2017\/","url":"https:\/\/www.vivaeurovision.com\/index.php\/2016\/06\/07\/2309-rosa-lopez-eurovision-2017\/","name":"Rosa L\u00f3pez, ficha por Universal Music Spain \u00bf Podr\u00eda estar preparando su regreso a Eurovisi\u00f3n 2017? - VIVAEUROVISION viva eurovision","isPartOf":{"@id":"https:\/\/www.vivaeurovision.com\/#website"},"primaryImageOfPage":{"@id":"https:\/\/www.vivaeurovision.com\/index.php\/2016\/06\/07\/2309-rosa-lopez-eurovision-2017\/#primaryimage"},"image":{"@id":"https:\/\/www.vivaeurovision.com\/index.php\/2016\/06\/07\/2309-rosa-lopez-eurovision-2017\/#primaryimage"},"thumbnailUrl":"https:\/\/www.vivaeurovision.com\/wp-content\/uploads\/2016\/06\/rosa-aniversario-e1465329752173.jpg","datePublished":"2016-06-07T20:11:52+00:00","description":"Podr\u00eda estar preparando Rosa L\u00f3pez Eurovisi\u00f3n 2017 ?","breadcrumb":{"@id":"https:\/\/www.vivaeurovision.com\/index.php\/2016\/06\/07\/2309-rosa-lopez-eurovision-2017\/#breadcrumb"},"inLanguage":"es","potentialAction":[{"@type":"ReadAction","target":["https:\/\/www.vivaeurovision.com\/index.php\/2016\/06\/07\/2309-rosa-lopez-eurovision-2017\/"]}]},{"@type":"ImageObject","inLanguage":"es","@id":"https:\/\/www.vivaeurovision.com\/index.php\/2016\/06\/07\/2309-rosa-lopez-eurovision-2017\/#primaryimage","url":"https:\/\/www.vivaeurovision.com\/wp-content\/uploads\/2016\/06\/rosa-aniversario-e1465329752173.jpg","contentUrl":"https:\/\/www.vivaeurovision.com\/wp-content\/uploads\/2016\/06\/rosa-aniversario-e1465329752173.jpg","width":558,"height":344,"caption":"Rosa L\u00f3pez"},{"@type":"BreadcrumbList","@id":"https:\/\/www.vivaeurovision.com\/index.php\/2016\/06\/07\/2309-rosa-lopez-eurovision-2017\/#breadcrumb","itemListElement":[{"@type":"ListItem","position":1,"name":"Portada","item":"https:\/\/www.vivaeurovision.com\/"},{"@type":"ListItem","position":2,"name":"Rosa L\u00f3pez, ficha por Universal Music Spain \u00bf Podr\u00eda estar preparando su regreso a Eurovisi\u00f3n 2017?"}]},{"@type":"WebSite","@id":"https:\/\/www.vivaeurovision.com\/#website","url":"https:\/\/www.vivaeurovision.com\/","name":"VIVAEUROVISION viva eurovision","description":"Tu portal sobre el Festival de Eurovision, eurovision, eurovisi\u00f3n","publisher":{"@id":"https:\/\/www.vivaeurovision.com\/#organization"},"potentialAction":[{"@type":"SearchAction","target":{"@type":"EntryPoint","urlTemplate":"https:\/\/www.vivaeurovision.com\/?s={search_term_string}"},"query-input":{"@type":"PropertyValueSpecification","valueRequired":true,"valueName":"search_term_string"}}],"inLanguage":"es"},{"@type":"Organization","@id":"https:\/\/www.vivaeurovision.com\/#organization","name":"vivaeurovision","url":"https:\/\/www.vivaeurovision.com\/","logo":{"@type":"ImageObject","inLanguage":"es","@id":"https:\/\/www.vivaeurovision.com\/#\/schema\/logo\/image\/","url":"https:\/\/www.vivaeurovision.com\/wp-content\/uploads\/2016\/01\/cropped-image-21-1.jpeg","contentUrl":"https:\/\/www.vivaeurovision.com\/wp-content\/uploads\/2016\/01\/cropped-image-21-1.jpeg","width":669,"height":368,"caption":"vivaeurovision"},"image":{"@id":"https:\/\/www.vivaeurovision.com\/#\/schema\/logo\/image\/"}},{"@type":"Person","@id":"https:\/\/www.vivaeurovision.com\/#\/schema\/person\/1d31fdaa3f5f7df556f73d164bd3c47a","name":"Pedro Palomo","image":{"@type":"ImageObject","inLanguage":"es","@id":"https:\/\/secure.gravatar.com\/avatar\/4cf9a4877f5f71f44fb7cedbe1bac1bd28bd8ce7a217517d98d5b2117f9f5505?s=96&d=mm&r=g","url":"https:\/\/secure.gravatar.com\/avatar\/4cf9a4877f5f71f44fb7cedbe1bac1bd28bd8ce7a217517d98d5b2117f9f5505?s=96&d=mm&r=g","contentUrl":"https:\/\/secure.gravatar.com\/avatar\/4cf9a4877f5f71f44fb7cedbe1bac1bd28bd8ce7a217517d98d5b2117f9f5505?s=96&d=mm&r=g","caption":"Pedro Palomo"},"sameAs":["http:\/\/www.vivaeurovision.com","@pedrobcn","https:\/\/x.com\/@pedropalomobcn"]}]}},"_links":{"self":[{"href":"https:\/\/www.vivaeurovision.com\/index.php\/wp-json\/wp\/v2\/posts\/2309","targetHints":{"allow":["GET"]}}],"collection":[{"href":"https:\/\/www.vivaeurovision.com\/index.php\/wp-json\/wp\/v2\/posts"}],"about":[{"href":"https:\/\/www.vivaeurovision.com\/index.php\/wp-json\/wp\/v2\/types\/post"}],"author":[{"embeddable":true,"href":"https:\/\/www.vivaeurovision.com\/index.php\/wp-json\/wp\/v2\/users\/1"}],"replies":[{"embeddable":true,"href":"https:\/\/www.vivaeurovision.com\/index.php\/wp-json\/wp\/v2\/comments?post=2309"}],"version-history":[{"count":0,"href":"https:\/\/www.vivaeurovision.com\/index.php\/wp-json\/wp\/v2\/posts\/2309\/revisions"}],"wp:featuredmedia":[{"embeddable":true,"href":"https:\/\/www.vivaeurovision.com\/index.php\/wp-json\/wp\/v2\/media\/2311"}],"wp:attachment":[{"href":"https:\/\/www.vivaeurovision.com\/index.php\/wp-json\/wp\/v2\/media?parent=2309"}],"wp:term":[{"taxonomy":"category","embeddable":true,"href":"https:\/\/www.vivaeurovision.com\/index.php\/wp-json\/wp\/v2\/categories?post=2309"},{"taxonomy":"post_tag","embeddable":true,"href":"https:\/\/www.vivaeurovision.com\/index.php\/wp-json\/wp\/v2\/tags?post=2309"}],"curies":[{"name":"wp","href":"https:\/\/api.w.org\/{rel}","templated":true}]}}