{"id":2484,"date":"2016-09-07T17:21:31","date_gmt":"2016-09-07T17:21:31","guid":{"rendered":"http:\/\/www.vivaeurovision.com\/?p=2484"},"modified":"2016-09-07T17:21:31","modified_gmt":"2016-09-07T17:21:31","slug":"melodifestivalen-2017-de-suecia-ya-tiene-fecha","status":"publish","type":"post","link":"https:\/\/www.vivaeurovision.com\/index.php\/2016\/09\/07\/melodifestivalen-2017-de-suecia-ya-tiene-fecha\/","title":{"rendered":"MELODIFESTIVALEN 2017 DE SUECIA YA TIENE FECHA"},"content":{"rendered":"<h2>MELODIFESTIVALEN 2017\u00a0DE SUECIA YA TIENE FECHA<\/h2>\n<div id=\"attachment_872\" style=\"width: 310px\" class=\"wp-caption alignnone\"><img loading=\"lazy\" decoding=\"async\" aria-describedby=\"caption-attachment-872\" class=\"size-medium wp-image-872\" src=\"http:\/\/www.vivaeurovision.com\/wp-content\/uploads\/2016\/02\/logomelodifestivalen-300x300.png\" alt=\"melodifestivalen\" width=\"300\" height=\"300\" srcset=\"https:\/\/www.vivaeurovision.com\/wp-content\/uploads\/2016\/02\/logomelodifestivalen-300x300.png 300w, https:\/\/www.vivaeurovision.com\/wp-content\/uploads\/2016\/02\/logomelodifestivalen-150x150.png 150w, https:\/\/www.vivaeurovision.com\/wp-content\/uploads\/2016\/02\/logomelodifestivalen.png 512w\" sizes=\"auto, (max-width: 300px) 100vw, 300px\" \/><p id=\"caption-attachment-872\" class=\"wp-caption-text\">melodifestivalen<\/p><\/div>\n<p>La SVT ya ha dado a conocer las fechas de su gran preselecci\u00f3n, Melodifestivalen 2017.<\/p>\n<p>Del 4 de febrero al 11 de marzo ser\u00e1n las 6 galas.<\/p>\n<p>Tambi\u00e9n se han confirmado los primeros participantes que son la banda <strong>LES GORDON<\/strong>, quienes\u00a0han participado en\u00a0el concurso Svensktoppen Nasta,\u00a0organizado por la televisi\u00f3n p\u00fablica junto con radio P4.<\/p>\n<p><strong>Semifinal 1<\/strong>: El 4 de febrero en Gotemburgo en el Scandinavium<\/p>\n<p><strong>Semifinal 2<\/strong>: El 11 de febrero en Malm\u00f6 en el Malm\u00f6 Arena<\/p>\n<p><strong>Semifinal 3<\/strong>: El 18 de febrero en V\u00e4xj\u00f6, en el Vida Arena<\/p>\n<p><strong>Semifinal 4<\/strong>: El 25 de febrero en Skelleftea en el Skellefte\u00e5 Kraft Arena<\/p>\n<p><strong>Andra Chansen (Repesca)<\/strong>: El 4 de marzo en Link\u00f6ping en el Saab Arena<\/p>\n<p><strong>Final<\/strong>: El 11 de marzo en Estocolmo en el Friends Arena<\/p>\n<p>Conseguir\u00e1 Suecia la victoria un a\u00f1o m\u00e1s o regresar\u00e1 al top 5 conseguido en Estocolmo por el cantante <strong>FRANS<\/strong>.<\/p>\n<p><strong><img loading=\"lazy\" decoding=\"async\" class=\"alignnone size-medium wp-image-1442\" src=\"http:\/\/www.vivaeurovision.com\/wp-content\/uploads\/2016\/03\/image-9-300x169.jpeg\" alt=\"image\" width=\"300\" height=\"169\" srcset=\"https:\/\/www.vivaeurovision.com\/wp-content\/uploads\/2016\/03\/image-9-300x169.jpeg 300w, https:\/\/www.vivaeurovision.com\/wp-content\/uploads\/2016\/03\/image-9.jpeg 650w\" sizes=\"auto, (max-width: 300px) 100vw, 300px\" \/><\/strong><br \/>\n<iframe loading=\"lazy\" src=\"https:\/\/www.youtube.com\/embed\/2AIPrVchJN8\" width=\"560\" height=\"315\" frameborder=\"0\" allowfullscreen=\"allowfullscreen\"><\/iframe><br \/>\n<img loading=\"lazy\" decoding=\"async\" class=\"alignnone size-medium wp-image-176\" src=\"http:\/\/www.vivaeurovision.com\/wp-content\/uploads\/2016\/01\/untitledJPGLOGO-2-300x165.jpg\" alt=\"untitledJPGLOGO\" width=\"300\" height=\"165\" srcset=\"https:\/\/www.vivaeurovision.com\/wp-content\/uploads\/2016\/01\/untitledJPGLOGO-2-300x165.jpg 300w, https:\/\/www.vivaeurovision.com\/wp-content\/uploads\/2016\/01\/untitledJPGLOGO-2-555x305.jpg 555w, https:\/\/www.vivaeurovision.com\/wp-content\/uploads\/2016\/01\/untitledJPGLOGO-2.jpg 669w\" sizes=\"auto, (max-width: 300px) 100vw, 300px\" \/><\/p>\n<p>Twitter\u00a0<strong> <a href=\"https:\/\/twitter.com\/viva_eurovision\" target=\"_blank\">@viva_eurovision<\/a>\u00a0 <a href=\"https:\/\/www.facebook.com\/Vivaeurovisioncom-867806686671081\/?fref=nf\" target=\"_blank\">FACEBOOK OFICIAL VIVA EUROVISION <\/a><\/strong>Instragram <a href=\"https:\/\/www.instagram.com\/vivaeurovision\/\" target=\"_blank\"><strong>@vivaeurovision<\/strong><\/a><\/p>\n<p>Fuente e imagenes: SVT <strong><a href=\"http:\/\/www.svt.se\/melodifestivalen\/\" target=\"_blank\">http:\/\/www.svt.se\/melodifestivalen\/<\/a><\/strong><\/p>\n<p>Redactor: Pedro Palomo Twitter <strong><a href=\"https:\/\/twitter.com\/pedropalomobcn?lang=es\" target=\"_blank\">@pedropalomobcn<\/a> <\/strong>Instragram <a href=\"https:\/\/www.instagram.com\/pedrobcn\/\" target=\"_blank\"><strong>@pedrobcn<\/strong><\/a><\/p>\n","protected":false},"excerpt":{"rendered":"<p>MELODIFESTIVALEN 2017\u00a0DE SUECIA YA TIENE FECHA La SVT ya ha dado a conocer las fechas de su gran preselecci\u00f3n, Melodifestivalen 2017. Del 4 de febrero al 11 de marzo ser\u00e1n&#46;&#46;&#46;<\/p>\n","protected":false},"author":1,"featured_media":2485,"comment_status":"open","ping_status":"open","sticky":false,"template":"","format":"standard","meta":{"_exactmetrics_skip_tracking":false,"_exactmetrics_sitenote_active":false,"_exactmetrics_sitenote_note":"","_exactmetrics_sitenote_category":0,"footnotes":""},"categories":[876,4,2,3],"tags":[17,865,11,670,229,986,19,20,766,987,983,984,985,23,22],"class_list":["post-2484","post","type-post","status-publish","format-standard","has-post-thumbnail","hentry","category-eurovision-2017","category-eurovision","category-noticia","category-ultima-hora","tag-esc","tag-esc-2017","tag-eurovision","tag-eurovision-2017","tag-melodifestivalen","tag-melodifestivalen-2017","tag-pedro-palomo","tag-pedro-palomo-eurovision","tag-pedro-palomo-vivaeurovision","tag-suecia-eurovision-2017","tag-sweden-2017","tag-sweden-eurovision","tag-sweden-eurovision-2017","tag-viva-eurovision","tag-vivaeurovision"],"yoast_head":"<!-- This site is optimized with the Yoast SEO plugin v27.5 - https:\/\/yoast.com\/product\/yoast-seo-wordpress\/ -->\n<title>MELODIFESTIVALEN 2017 DE SUECIA YA TIENE FECHA - VIVAEUROVISION viva eurovision<\/title>\n<meta name=\"robots\" content=\"index, follow, max-snippet:-1, max-image-preview:large, max-video-preview:-1\" \/>\n<link rel=\"canonical\" href=\"https:\/\/www.vivaeurovision.com\/index.php\/2016\/09\/07\/melodifestivalen-2017-de-suecia-ya-tiene-fecha\/\" \/>\n<meta property=\"og:locale\" content=\"es_ES\" \/>\n<meta property=\"og:type\" content=\"article\" \/>\n<meta property=\"og:title\" content=\"MELODIFESTIVALEN 2017 DE SUECIA YA TIENE FECHA - VIVAEUROVISION viva eurovision\" \/>\n<meta property=\"og:description\" content=\"MELODIFESTIVALEN 2017\u00a0DE SUECIA YA TIENE FECHA La SVT ya ha dado a conocer las fechas de su gran preselecci\u00f3n, Melodifestivalen 2017. Del 4 de febrero al 11 de marzo ser\u00e1n&#046;&#046;&#046;\" \/>\n<meta property=\"og:url\" content=\"https:\/\/www.vivaeurovision.com\/index.php\/2016\/09\/07\/melodifestivalen-2017-de-suecia-ya-tiene-fecha\/\" \/>\n<meta property=\"og:site_name\" content=\"VIVAEUROVISION viva eurovision\" \/>\n<meta property=\"article:published_time\" content=\"2016-09-07T17:21:31+00:00\" \/>\n<meta property=\"og:image\" content=\"https:\/\/www.vivaeurovision.com\/wp-content\/uploads\/2016\/09\/bandera_10_20121226_1458367217-copia.jpg\" \/>\n\t<meta property=\"og:image:width\" content=\"1920\" \/>\n\t<meta property=\"og:image:height\" content=\"1080\" \/>\n\t<meta property=\"og:image:type\" content=\"image\/jpeg\" \/>\n<meta name=\"author\" content=\"Pedro Palomo\" \/>\n<meta name=\"twitter:card\" content=\"summary_large_image\" \/>\n<meta name=\"twitter:creator\" content=\"@pedropalomobcn\" \/>\n<meta name=\"twitter:label1\" content=\"Escrito por\" \/>\n\t<meta name=\"twitter:data1\" content=\"Pedro Palomo\" \/>\n\t<meta name=\"twitter:label2\" content=\"Tiempo de lectura\" \/>\n\t<meta name=\"twitter:data2\" content=\"1 minuto\" \/>\n<script type=\"application\/ld+json\" class=\"yoast-schema-graph\">{\"@context\":\"https:\\\/\\\/schema.org\",\"@graph\":[{\"@type\":\"Article\",\"@id\":\"https:\\\/\\\/www.vivaeurovision.com\\\/index.php\\\/2016\\\/09\\\/07\\\/melodifestivalen-2017-de-suecia-ya-tiene-fecha\\\/#article\",\"isPartOf\":{\"@id\":\"https:\\\/\\\/www.vivaeurovision.com\\\/index.php\\\/2016\\\/09\\\/07\\\/melodifestivalen-2017-de-suecia-ya-tiene-fecha\\\/\"},\"author\":{\"name\":\"Pedro Palomo\",\"@id\":\"https:\\\/\\\/www.vivaeurovision.com\\\/#\\\/schema\\\/person\\\/1d31fdaa3f5f7df556f73d164bd3c47a\"},\"headline\":\"MELODIFESTIVALEN 2017 DE SUECIA YA TIENE FECHA\",\"datePublished\":\"2016-09-07T17:21:31+00:00\",\"mainEntityOfPage\":{\"@id\":\"https:\\\/\\\/www.vivaeurovision.com\\\/index.php\\\/2016\\\/09\\\/07\\\/melodifestivalen-2017-de-suecia-ya-tiene-fecha\\\/\"},\"wordCount\":187,\"commentCount\":0,\"publisher\":{\"@id\":\"https:\\\/\\\/www.vivaeurovision.com\\\/#organization\"},\"image\":{\"@id\":\"https:\\\/\\\/www.vivaeurovision.com\\\/index.php\\\/2016\\\/09\\\/07\\\/melodifestivalen-2017-de-suecia-ya-tiene-fecha\\\/#primaryimage\"},\"thumbnailUrl\":\"https:\\\/\\\/www.vivaeurovision.com\\\/wp-content\\\/uploads\\\/2016\\\/09\\\/bandera_10_20121226_1458367217-copia.jpg\",\"keywords\":[\"ESC\",\"esc 2017\",\"Eurovision\",\"Eurovision 2017\",\"melodifestivalen\",\"melodifestivalen 2017\",\"Pedro Palomo\",\"Pedro Palomo Eurovision\",\"Pedro Palomo Vivaeurovision\",\"suecia eurovision 2017\",\"sweden 2017\",\"sweden eurovision\",\"sweden eurovision 2017\",\"viva eurovision\",\"vivaeurovision\"],\"articleSection\":[\"Eurovisi\u00f3n 2017\",\"Inicio\",\"Noticias\",\"Ultima Hora\"],\"inLanguage\":\"es\",\"potentialAction\":[{\"@type\":\"CommentAction\",\"name\":\"Comment\",\"target\":[\"https:\\\/\\\/www.vivaeurovision.com\\\/index.php\\\/2016\\\/09\\\/07\\\/melodifestivalen-2017-de-suecia-ya-tiene-fecha\\\/#respond\"]}]},{\"@type\":\"WebPage\",\"@id\":\"https:\\\/\\\/www.vivaeurovision.com\\\/index.php\\\/2016\\\/09\\\/07\\\/melodifestivalen-2017-de-suecia-ya-tiene-fecha\\\/\",\"url\":\"https:\\\/\\\/www.vivaeurovision.com\\\/index.php\\\/2016\\\/09\\\/07\\\/melodifestivalen-2017-de-suecia-ya-tiene-fecha\\\/\",\"name\":\"MELODIFESTIVALEN 2017 DE SUECIA YA TIENE FECHA - VIVAEUROVISION viva eurovision\",\"isPartOf\":{\"@id\":\"https:\\\/\\\/www.vivaeurovision.com\\\/#website\"},\"primaryImageOfPage\":{\"@id\":\"https:\\\/\\\/www.vivaeurovision.com\\\/index.php\\\/2016\\\/09\\\/07\\\/melodifestivalen-2017-de-suecia-ya-tiene-fecha\\\/#primaryimage\"},\"image\":{\"@id\":\"https:\\\/\\\/www.vivaeurovision.com\\\/index.php\\\/2016\\\/09\\\/07\\\/melodifestivalen-2017-de-suecia-ya-tiene-fecha\\\/#primaryimage\"},\"thumbnailUrl\":\"https:\\\/\\\/www.vivaeurovision.com\\\/wp-content\\\/uploads\\\/2016\\\/09\\\/bandera_10_20121226_1458367217-copia.jpg\",\"datePublished\":\"2016-09-07T17:21:31+00:00\",\"breadcrumb\":{\"@id\":\"https:\\\/\\\/www.vivaeurovision.com\\\/index.php\\\/2016\\\/09\\\/07\\\/melodifestivalen-2017-de-suecia-ya-tiene-fecha\\\/#breadcrumb\"},\"inLanguage\":\"es\",\"potentialAction\":[{\"@type\":\"ReadAction\",\"target\":[\"https:\\\/\\\/www.vivaeurovision.com\\\/index.php\\\/2016\\\/09\\\/07\\\/melodifestivalen-2017-de-suecia-ya-tiene-fecha\\\/\"]}]},{\"@type\":\"ImageObject\",\"inLanguage\":\"es\",\"@id\":\"https:\\\/\\\/www.vivaeurovision.com\\\/index.php\\\/2016\\\/09\\\/07\\\/melodifestivalen-2017-de-suecia-ya-tiene-fecha\\\/#primaryimage\",\"url\":\"https:\\\/\\\/www.vivaeurovision.com\\\/wp-content\\\/uploads\\\/2016\\\/09\\\/bandera_10_20121226_1458367217-copia.jpg\",\"contentUrl\":\"https:\\\/\\\/www.vivaeurovision.com\\\/wp-content\\\/uploads\\\/2016\\\/09\\\/bandera_10_20121226_1458367217-copia.jpg\",\"width\":1920,\"height\":1080},{\"@type\":\"BreadcrumbList\",\"@id\":\"https:\\\/\\\/www.vivaeurovision.com\\\/index.php\\\/2016\\\/09\\\/07\\\/melodifestivalen-2017-de-suecia-ya-tiene-fecha\\\/#breadcrumb\",\"itemListElement\":[{\"@type\":\"ListItem\",\"position\":1,\"name\":\"Portada\",\"item\":\"https:\\\/\\\/www.vivaeurovision.com\\\/\"},{\"@type\":\"ListItem\",\"position\":2,\"name\":\"MELODIFESTIVALEN 2017 DE SUECIA YA TIENE FECHA\"}]},{\"@type\":\"WebSite\",\"@id\":\"https:\\\/\\\/www.vivaeurovision.com\\\/#website\",\"url\":\"https:\\\/\\\/www.vivaeurovision.com\\\/\",\"name\":\"VIVAEUROVISION viva eurovision\",\"description\":\"Tu portal sobre el Festival de Eurovision, eurovision, eurovisi\u00f3n\",\"publisher\":{\"@id\":\"https:\\\/\\\/www.vivaeurovision.com\\\/#organization\"},\"potentialAction\":[{\"@type\":\"SearchAction\",\"target\":{\"@type\":\"EntryPoint\",\"urlTemplate\":\"https:\\\/\\\/www.vivaeurovision.com\\\/?s={search_term_string}\"},\"query-input\":{\"@type\":\"PropertyValueSpecification\",\"valueRequired\":true,\"valueName\":\"search_term_string\"}}],\"inLanguage\":\"es\"},{\"@type\":\"Organization\",\"@id\":\"https:\\\/\\\/www.vivaeurovision.com\\\/#organization\",\"name\":\"vivaeurovision\",\"url\":\"https:\\\/\\\/www.vivaeurovision.com\\\/\",\"logo\":{\"@type\":\"ImageObject\",\"inLanguage\":\"es\",\"@id\":\"https:\\\/\\\/www.vivaeurovision.com\\\/#\\\/schema\\\/logo\\\/image\\\/\",\"url\":\"https:\\\/\\\/www.vivaeurovision.com\\\/wp-content\\\/uploads\\\/2016\\\/01\\\/cropped-image-21-1.jpeg\",\"contentUrl\":\"https:\\\/\\\/www.vivaeurovision.com\\\/wp-content\\\/uploads\\\/2016\\\/01\\\/cropped-image-21-1.jpeg\",\"width\":669,\"height\":368,\"caption\":\"vivaeurovision\"},\"image\":{\"@id\":\"https:\\\/\\\/www.vivaeurovision.com\\\/#\\\/schema\\\/logo\\\/image\\\/\"}},{\"@type\":\"Person\",\"@id\":\"https:\\\/\\\/www.vivaeurovision.com\\\/#\\\/schema\\\/person\\\/1d31fdaa3f5f7df556f73d164bd3c47a\",\"name\":\"Pedro Palomo\",\"image\":{\"@type\":\"ImageObject\",\"inLanguage\":\"es\",\"@id\":\"https:\\\/\\\/secure.gravatar.com\\\/avatar\\\/4cf9a4877f5f71f44fb7cedbe1bac1bd28bd8ce7a217517d98d5b2117f9f5505?s=96&d=mm&r=g\",\"url\":\"https:\\\/\\\/secure.gravatar.com\\\/avatar\\\/4cf9a4877f5f71f44fb7cedbe1bac1bd28bd8ce7a217517d98d5b2117f9f5505?s=96&d=mm&r=g\",\"contentUrl\":\"https:\\\/\\\/secure.gravatar.com\\\/avatar\\\/4cf9a4877f5f71f44fb7cedbe1bac1bd28bd8ce7a217517d98d5b2117f9f5505?s=96&d=mm&r=g\",\"caption\":\"Pedro Palomo\"},\"sameAs\":[\"http:\\\/\\\/www.vivaeurovision.com\",\"@pedrobcn\",\"https:\\\/\\\/x.com\\\/@pedropalomobcn\"]}]}<\/script>\n<!-- \/ Yoast SEO plugin. -->","yoast_head_json":{"title":"MELODIFESTIVALEN 2017 DE SUECIA YA TIENE FECHA - VIVAEUROVISION viva eurovision","robots":{"index":"index","follow":"follow","max-snippet":"max-snippet:-1","max-image-preview":"max-image-preview:large","max-video-preview":"max-video-preview:-1"},"canonical":"https:\/\/www.vivaeurovision.com\/index.php\/2016\/09\/07\/melodifestivalen-2017-de-suecia-ya-tiene-fecha\/","og_locale":"es_ES","og_type":"article","og_title":"MELODIFESTIVALEN 2017 DE SUECIA YA TIENE FECHA - VIVAEUROVISION viva eurovision","og_description":"MELODIFESTIVALEN 2017\u00a0DE SUECIA YA TIENE FECHA La SVT ya ha dado a conocer las fechas de su gran preselecci\u00f3n, Melodifestivalen 2017. Del 4 de febrero al 11 de marzo ser\u00e1n&#46;&#46;&#46;","og_url":"https:\/\/www.vivaeurovision.com\/index.php\/2016\/09\/07\/melodifestivalen-2017-de-suecia-ya-tiene-fecha\/","og_site_name":"VIVAEUROVISION viva eurovision","article_published_time":"2016-09-07T17:21:31+00:00","og_image":[{"width":1920,"height":1080,"url":"https:\/\/www.vivaeurovision.com\/wp-content\/uploads\/2016\/09\/bandera_10_20121226_1458367217-copia.jpg","type":"image\/jpeg"}],"author":"Pedro Palomo","twitter_card":"summary_large_image","twitter_creator":"@pedropalomobcn","twitter_misc":{"Escrito por":"Pedro Palomo","Tiempo de lectura":"1 minuto"},"schema":{"@context":"https:\/\/schema.org","@graph":[{"@type":"Article","@id":"https:\/\/www.vivaeurovision.com\/index.php\/2016\/09\/07\/melodifestivalen-2017-de-suecia-ya-tiene-fecha\/#article","isPartOf":{"@id":"https:\/\/www.vivaeurovision.com\/index.php\/2016\/09\/07\/melodifestivalen-2017-de-suecia-ya-tiene-fecha\/"},"author":{"name":"Pedro Palomo","@id":"https:\/\/www.vivaeurovision.com\/#\/schema\/person\/1d31fdaa3f5f7df556f73d164bd3c47a"},"headline":"MELODIFESTIVALEN 2017 DE SUECIA YA TIENE FECHA","datePublished":"2016-09-07T17:21:31+00:00","mainEntityOfPage":{"@id":"https:\/\/www.vivaeurovision.com\/index.php\/2016\/09\/07\/melodifestivalen-2017-de-suecia-ya-tiene-fecha\/"},"wordCount":187,"commentCount":0,"publisher":{"@id":"https:\/\/www.vivaeurovision.com\/#organization"},"image":{"@id":"https:\/\/www.vivaeurovision.com\/index.php\/2016\/09\/07\/melodifestivalen-2017-de-suecia-ya-tiene-fecha\/#primaryimage"},"thumbnailUrl":"https:\/\/www.vivaeurovision.com\/wp-content\/uploads\/2016\/09\/bandera_10_20121226_1458367217-copia.jpg","keywords":["ESC","esc 2017","Eurovision","Eurovision 2017","melodifestivalen","melodifestivalen 2017","Pedro Palomo","Pedro Palomo Eurovision","Pedro Palomo Vivaeurovision","suecia eurovision 2017","sweden 2017","sweden eurovision","sweden eurovision 2017","viva eurovision","vivaeurovision"],"articleSection":["Eurovisi\u00f3n 2017","Inicio","Noticias","Ultima Hora"],"inLanguage":"es","potentialAction":[{"@type":"CommentAction","name":"Comment","target":["https:\/\/www.vivaeurovision.com\/index.php\/2016\/09\/07\/melodifestivalen-2017-de-suecia-ya-tiene-fecha\/#respond"]}]},{"@type":"WebPage","@id":"https:\/\/www.vivaeurovision.com\/index.php\/2016\/09\/07\/melodifestivalen-2017-de-suecia-ya-tiene-fecha\/","url":"https:\/\/www.vivaeurovision.com\/index.php\/2016\/09\/07\/melodifestivalen-2017-de-suecia-ya-tiene-fecha\/","name":"MELODIFESTIVALEN 2017 DE SUECIA YA TIENE FECHA - VIVAEUROVISION viva eurovision","isPartOf":{"@id":"https:\/\/www.vivaeurovision.com\/#website"},"primaryImageOfPage":{"@id":"https:\/\/www.vivaeurovision.com\/index.php\/2016\/09\/07\/melodifestivalen-2017-de-suecia-ya-tiene-fecha\/#primaryimage"},"image":{"@id":"https:\/\/www.vivaeurovision.com\/index.php\/2016\/09\/07\/melodifestivalen-2017-de-suecia-ya-tiene-fecha\/#primaryimage"},"thumbnailUrl":"https:\/\/www.vivaeurovision.com\/wp-content\/uploads\/2016\/09\/bandera_10_20121226_1458367217-copia.jpg","datePublished":"2016-09-07T17:21:31+00:00","breadcrumb":{"@id":"https:\/\/www.vivaeurovision.com\/index.php\/2016\/09\/07\/melodifestivalen-2017-de-suecia-ya-tiene-fecha\/#breadcrumb"},"inLanguage":"es","potentialAction":[{"@type":"ReadAction","target":["https:\/\/www.vivaeurovision.com\/index.php\/2016\/09\/07\/melodifestivalen-2017-de-suecia-ya-tiene-fecha\/"]}]},{"@type":"ImageObject","inLanguage":"es","@id":"https:\/\/www.vivaeurovision.com\/index.php\/2016\/09\/07\/melodifestivalen-2017-de-suecia-ya-tiene-fecha\/#primaryimage","url":"https:\/\/www.vivaeurovision.com\/wp-content\/uploads\/2016\/09\/bandera_10_20121226_1458367217-copia.jpg","contentUrl":"https:\/\/www.vivaeurovision.com\/wp-content\/uploads\/2016\/09\/bandera_10_20121226_1458367217-copia.jpg","width":1920,"height":1080},{"@type":"BreadcrumbList","@id":"https:\/\/www.vivaeurovision.com\/index.php\/2016\/09\/07\/melodifestivalen-2017-de-suecia-ya-tiene-fecha\/#breadcrumb","itemListElement":[{"@type":"ListItem","position":1,"name":"Portada","item":"https:\/\/www.vivaeurovision.com\/"},{"@type":"ListItem","position":2,"name":"MELODIFESTIVALEN 2017 DE SUECIA YA TIENE FECHA"}]},{"@type":"WebSite","@id":"https:\/\/www.vivaeurovision.com\/#website","url":"https:\/\/www.vivaeurovision.com\/","name":"VIVAEUROVISION viva eurovision","description":"Tu portal sobre el Festival de Eurovision, eurovision, eurovisi\u00f3n","publisher":{"@id":"https:\/\/www.vivaeurovision.com\/#organization"},"potentialAction":[{"@type":"SearchAction","target":{"@type":"EntryPoint","urlTemplate":"https:\/\/www.vivaeurovision.com\/?s={search_term_string}"},"query-input":{"@type":"PropertyValueSpecification","valueRequired":true,"valueName":"search_term_string"}}],"inLanguage":"es"},{"@type":"Organization","@id":"https:\/\/www.vivaeurovision.com\/#organization","name":"vivaeurovision","url":"https:\/\/www.vivaeurovision.com\/","logo":{"@type":"ImageObject","inLanguage":"es","@id":"https:\/\/www.vivaeurovision.com\/#\/schema\/logo\/image\/","url":"https:\/\/www.vivaeurovision.com\/wp-content\/uploads\/2016\/01\/cropped-image-21-1.jpeg","contentUrl":"https:\/\/www.vivaeurovision.com\/wp-content\/uploads\/2016\/01\/cropped-image-21-1.jpeg","width":669,"height":368,"caption":"vivaeurovision"},"image":{"@id":"https:\/\/www.vivaeurovision.com\/#\/schema\/logo\/image\/"}},{"@type":"Person","@id":"https:\/\/www.vivaeurovision.com\/#\/schema\/person\/1d31fdaa3f5f7df556f73d164bd3c47a","name":"Pedro Palomo","image":{"@type":"ImageObject","inLanguage":"es","@id":"https:\/\/secure.gravatar.com\/avatar\/4cf9a4877f5f71f44fb7cedbe1bac1bd28bd8ce7a217517d98d5b2117f9f5505?s=96&d=mm&r=g","url":"https:\/\/secure.gravatar.com\/avatar\/4cf9a4877f5f71f44fb7cedbe1bac1bd28bd8ce7a217517d98d5b2117f9f5505?s=96&d=mm&r=g","contentUrl":"https:\/\/secure.gravatar.com\/avatar\/4cf9a4877f5f71f44fb7cedbe1bac1bd28bd8ce7a217517d98d5b2117f9f5505?s=96&d=mm&r=g","caption":"Pedro Palomo"},"sameAs":["http:\/\/www.vivaeurovision.com","@pedrobcn","https:\/\/x.com\/@pedropalomobcn"]}]}},"_links":{"self":[{"href":"https:\/\/www.vivaeurovision.com\/index.php\/wp-json\/wp\/v2\/posts\/2484","targetHints":{"allow":["GET"]}}],"collection":[{"href":"https:\/\/www.vivaeurovision.com\/index.php\/wp-json\/wp\/v2\/posts"}],"about":[{"href":"https:\/\/www.vivaeurovision.com\/index.php\/wp-json\/wp\/v2\/types\/post"}],"author":[{"embeddable":true,"href":"https:\/\/www.vivaeurovision.com\/index.php\/wp-json\/wp\/v2\/users\/1"}],"replies":[{"embeddable":true,"href":"https:\/\/www.vivaeurovision.com\/index.php\/wp-json\/wp\/v2\/comments?post=2484"}],"version-history":[{"count":0,"href":"https:\/\/www.vivaeurovision.com\/index.php\/wp-json\/wp\/v2\/posts\/2484\/revisions"}],"wp:featuredmedia":[{"embeddable":true,"href":"https:\/\/www.vivaeurovision.com\/index.php\/wp-json\/wp\/v2\/media\/2485"}],"wp:attachment":[{"href":"https:\/\/www.vivaeurovision.com\/index.php\/wp-json\/wp\/v2\/media?parent=2484"}],"wp:term":[{"taxonomy":"category","embeddable":true,"href":"https:\/\/www.vivaeurovision.com\/index.php\/wp-json\/wp\/v2\/categories?post=2484"},{"taxonomy":"post_tag","embeddable":true,"href":"https:\/\/www.vivaeurovision.com\/index.php\/wp-json\/wp\/v2\/tags?post=2484"}],"curies":[{"name":"wp","href":"https:\/\/api.w.org\/{rel}","templated":true}]}}