{"id":2537,"date":"2016-09-21T19:20:59","date_gmt":"2016-09-21T19:20:59","guid":{"rendered":"http:\/\/www.vivaeurovision.com\/?p=2537"},"modified":"2016-09-21T19:20:59","modified_gmt":"2016-09-21T19:20:59","slug":"austria-eurovision-2017-eleccion-interna","status":"publish","type":"post","link":"https:\/\/www.vivaeurovision.com\/index.php\/2016\/09\/21\/austria-eurovision-2017-eleccion-interna\/","title":{"rendered":"AUSTRIA EUROVISI\u00d3N 2017: ELECCI\u00d3N INTERNA"},"content":{"rendered":"<h2>AUSTRIA EUROVISI\u00d3N 2017: ELECCI\u00d3N INTERNA<\/h2>\n<p><img loading=\"lazy\" decoding=\"async\" class=\"alignnone size-full wp-image-84\" src=\"http:\/\/www.vivaeurovision.com\/wp-content\/uploads\/2016\/01\/image-1.png\" alt=\"image\" width=\"115\" height=\"49\" \/><\/p>\n<p>La ORF \u00abtelevisi\u00f3n p\u00fablica de Austria\u00bb ya esta manos a la obra para el Festival de Eurovisi\u00f3n 2017.<\/p>\n<p>Este a\u00f1o cambian el proceso de elecci\u00f3n y ser\u00e1 de manera interna como ya ocurri\u00f3 en el a\u00f1o 2014, cuando Conchita Wurts se alz\u00f3 con la victoria del Festival de Eurovisi\u00f3n.<\/p>\n<p>Tras las dos preselecciones donde ganaron el pasaporte para el Festival el grupo The Makesmakes en 2015 quedando \u00faltimos siendo el pa\u00eds anfitrion\u00a0y Zo\u00eb en 2016\u00a0quedando en un decimotercer puesto en la gran final. Ahora ORF quiere recuperar la victoria que lograron con Conchita Wurts y seleccionaran cantante y canci\u00f3n a puertas cerradas.<\/p>\n<p><strong><a href=\"http:\/\/www.vivaeurovision.com\/index.php\/2016\/04\/24\/1789-entrevista-zoe\/\" target=\"_blank\">AQUI PODEIS LEER LA ENTREVISTA QUE ZO\u00cb NOS CONCEDI\u00d3 A VIVAEUROVISION<\/a><\/strong><\/p>\n<p><strong>Veremos repetir a Conchita Wurts en Eurovisi\u00f3n 2017?<\/strong><\/p>\n<p><strong>Coincidir\u00e1 Conchita Wurts con Ruth Lorenzo en Eurovisi\u00f3n 2017 ?<\/strong><\/p>\n<p><strong>Repetir\u00e1 Zo\u00eb por segundo a\u00f1o consecutivo ya que se ha ganado el coraz\u00f3n de todo el p\u00fablico?<\/strong><\/p>\n<p>En vivaeurovision os mantendremos informados de todo.<\/p>\n<p>De momento seguiremos disfrutando de ZO\u00cb y su tema LOIN D\u00b4ICI<br \/>\n<iframe loading=\"lazy\" src=\"https:\/\/www.youtube.com\/embed\/3xuPYt5i5cE\" width=\"560\" height=\"315\" frameborder=\"0\" allowfullscreen=\"allowfullscreen\"><\/iframe><br \/>\n<img loading=\"lazy\" decoding=\"async\" class=\"alignnone size-medium wp-image-176\" src=\"http:\/\/www.vivaeurovision.com\/wp-content\/uploads\/2016\/01\/untitledJPGLOGO-2-300x165.jpg\" alt=\"untitledJPGLOGO\" width=\"300\" height=\"165\" srcset=\"https:\/\/www.vivaeurovision.com\/wp-content\/uploads\/2016\/01\/untitledJPGLOGO-2-300x165.jpg 300w, https:\/\/www.vivaeurovision.com\/wp-content\/uploads\/2016\/01\/untitledJPGLOGO-2-555x305.jpg 555w, https:\/\/www.vivaeurovision.com\/wp-content\/uploads\/2016\/01\/untitledJPGLOGO-2.jpg 669w\" sizes=\"auto, (max-width: 300px) 100vw, 300px\" \/><\/p>\n<p>Twitter\u00a0<strong> <a href=\"https:\/\/twitter.com\/viva_eurovision\" target=\"_blank\">@viva_eurovision<\/a>\u00a0 <a href=\"https:\/\/www.facebook.com\/Vivaeurovisioncom-867806686671081\/?fref=nf\" target=\"_blank\">FACEBOOK OFICIAL VIVA EUROVISION <\/a><\/strong>Instragram<strong> <a href=\"https:\/\/www.instagram.com\/vivaeurovision\/\" target=\"_blank\">@vivaeurovision<\/a><\/strong><\/p>\n<p>&nbsp;<\/p>\n<p>Redactor: Pedro Palomo <a href=\"https:\/\/twitter.com\/pedropalomobcn?lang=es\"><strong>@pedropalomobcn<\/strong><\/a><strong>\u00a0<\/strong>Instagram <strong><a href=\"https:\/\/www.instagram.com\/pedrobcn\/\" target=\"_blank\">@pedrobcn<\/a><\/strong><\/p>\n","protected":false},"excerpt":{"rendered":"<p>AUSTRIA EUROVISI\u00d3N 2017: ELECCI\u00d3N INTERNA La ORF \u00abtelevisi\u00f3n p\u00fablica de Austria\u00bb ya esta manos a la obra para el Festival de Eurovisi\u00f3n 2017. Este a\u00f1o cambian el proceso de elecci\u00f3n&#46;&#46;&#46;<\/p>\n","protected":false},"author":1,"featured_media":2539,"comment_status":"open","ping_status":"open","sticky":false,"template":"","format":"standard","meta":{"_exactmetrics_skip_tracking":false,"_exactmetrics_sitenote_active":false,"_exactmetrics_sitenote_note":"","_exactmetrics_sitenote_category":0,"footnotes":""},"categories":[876,4,2,3],"tags":[1031,1032,33,747,17,865,11,670,1033,999,1017,866,706,1018,34,1034,1035,19,20,766,23,22,52,282,748,635],"class_list":["post-2537","post","type-post","status-publish","format-standard","has-post-thumbnail","hentry","category-eurovision-2017","category-eurovision","category-noticia","category-ultima-hora","tag-austria-eurovision","tag-austria-eurovision-2017","tag-entrevista","tag-entrevista-zoe","tag-esc","tag-esc-2017","tag-eurovision","tag-eurovision-2017","tag-eurovision-austria-2017","tag-eurovision-kiev","tag-eurovision-kiev-2017","tag-eurovision-song-contest-2017","tag-eurovision-song-contest-festival","tag-news","tag-noticia","tag-orf","tag-orf-eurovision-2017","tag-pedro-palomo","tag-pedro-palomo-eurovision","tag-pedro-palomo-vivaeurovision","tag-viva-eurovision","tag-vivaeurovision","tag-zoe","tag-zoe-eurovision-2016","tag-zoe-interview","tag-zoe-loin-dici"],"yoast_head":"<!-- This site is optimized with the Yoast SEO plugin v27.5 - https:\/\/yoast.com\/product\/yoast-seo-wordpress\/ -->\n<title>AUSTRIA EUROVISI\u00d3N 2017: ELECCI\u00d3N INTERNA - VIVAEUROVISION viva eurovision<\/title>\n<meta name=\"description\" content=\"AUSTRIA EUROVISI\u00d3N 2017\" \/>\n<meta name=\"robots\" content=\"index, follow, max-snippet:-1, max-image-preview:large, max-video-preview:-1\" \/>\n<link rel=\"canonical\" href=\"https:\/\/www.vivaeurovision.com\/index.php\/2016\/09\/21\/austria-eurovision-2017-eleccion-interna\/\" \/>\n<meta property=\"og:locale\" content=\"es_ES\" \/>\n<meta property=\"og:type\" content=\"article\" \/>\n<meta property=\"og:title\" content=\"AUSTRIA EUROVISI\u00d3N 2017: ELECCI\u00d3N INTERNA - VIVAEUROVISION viva eurovision\" \/>\n<meta property=\"og:description\" content=\"AUSTRIA EUROVISI\u00d3N 2017\" \/>\n<meta property=\"og:url\" content=\"https:\/\/www.vivaeurovision.com\/index.php\/2016\/09\/21\/austria-eurovision-2017-eleccion-interna\/\" \/>\n<meta property=\"og:site_name\" content=\"VIVAEUROVISION viva eurovision\" \/>\n<meta property=\"article:published_time\" content=\"2016-09-21T19:20:59+00:00\" \/>\n<meta property=\"og:image\" content=\"https:\/\/www.vivaeurovision.com\/wp-content\/uploads\/2016\/09\/331938-alexfas01-copia.jpg\" \/>\n\t<meta property=\"og:image:width\" content=\"1280\" \/>\n\t<meta property=\"og:image:height\" content=\"720\" \/>\n\t<meta property=\"og:image:type\" content=\"image\/jpeg\" \/>\n<meta name=\"author\" content=\"Pedro Palomo\" \/>\n<meta name=\"twitter:card\" content=\"summary_large_image\" \/>\n<meta name=\"twitter:creator\" content=\"@pedropalomobcn\" \/>\n<meta name=\"twitter:label1\" content=\"Escrito por\" \/>\n\t<meta name=\"twitter:data1\" content=\"Pedro Palomo\" \/>\n\t<meta name=\"twitter:label2\" content=\"Tiempo de lectura\" \/>\n\t<meta name=\"twitter:data2\" content=\"1 minuto\" \/>\n<script type=\"application\/ld+json\" class=\"yoast-schema-graph\">{\"@context\":\"https:\\\/\\\/schema.org\",\"@graph\":[{\"@type\":\"Article\",\"@id\":\"https:\\\/\\\/www.vivaeurovision.com\\\/index.php\\\/2016\\\/09\\\/21\\\/austria-eurovision-2017-eleccion-interna\\\/#article\",\"isPartOf\":{\"@id\":\"https:\\\/\\\/www.vivaeurovision.com\\\/index.php\\\/2016\\\/09\\\/21\\\/austria-eurovision-2017-eleccion-interna\\\/\"},\"author\":{\"name\":\"Pedro Palomo\",\"@id\":\"https:\\\/\\\/www.vivaeurovision.com\\\/#\\\/schema\\\/person\\\/1d31fdaa3f5f7df556f73d164bd3c47a\"},\"headline\":\"AUSTRIA EUROVISI\u00d3N 2017: ELECCI\u00d3N INTERNA\",\"datePublished\":\"2016-09-21T19:20:59+00:00\",\"mainEntityOfPage\":{\"@id\":\"https:\\\/\\\/www.vivaeurovision.com\\\/index.php\\\/2016\\\/09\\\/21\\\/austria-eurovision-2017-eleccion-interna\\\/\"},\"wordCount\":204,\"commentCount\":0,\"publisher\":{\"@id\":\"https:\\\/\\\/www.vivaeurovision.com\\\/#organization\"},\"image\":{\"@id\":\"https:\\\/\\\/www.vivaeurovision.com\\\/index.php\\\/2016\\\/09\\\/21\\\/austria-eurovision-2017-eleccion-interna\\\/#primaryimage\"},\"thumbnailUrl\":\"https:\\\/\\\/www.vivaeurovision.com\\\/wp-content\\\/uploads\\\/2016\\\/09\\\/331938-alexfas01-copia.jpg\",\"keywords\":[\"austria eurovision\",\"austria eurovision 2017\",\"Entrevista\",\"entrevista zo\u00eb\",\"ESC\",\"esc 2017\",\"Eurovision\",\"Eurovision 2017\",\"eurovision austria 2017\",\"Eurovision Kiev\",\"eurovision kiev 2017\",\"eurovision song contest 2017\",\"eurovision song contest festival\",\"news\",\"Noticia\",\"orf\",\"orf eurovision 2017\",\"Pedro Palomo\",\"Pedro Palomo Eurovision\",\"Pedro Palomo Vivaeurovision\",\"viva eurovision\",\"vivaeurovision\",\"ZO\u00cb\",\"ZO\u00cb EUROVISION 2016\",\"Zo\u00eb interview\",\"ZO\u00cb LOIN D\u00b4ICI\"],\"articleSection\":[\"Eurovisi\u00f3n 2017\",\"Inicio\",\"Noticias\",\"Ultima Hora\"],\"inLanguage\":\"es\",\"potentialAction\":[{\"@type\":\"CommentAction\",\"name\":\"Comment\",\"target\":[\"https:\\\/\\\/www.vivaeurovision.com\\\/index.php\\\/2016\\\/09\\\/21\\\/austria-eurovision-2017-eleccion-interna\\\/#respond\"]}]},{\"@type\":\"WebPage\",\"@id\":\"https:\\\/\\\/www.vivaeurovision.com\\\/index.php\\\/2016\\\/09\\\/21\\\/austria-eurovision-2017-eleccion-interna\\\/\",\"url\":\"https:\\\/\\\/www.vivaeurovision.com\\\/index.php\\\/2016\\\/09\\\/21\\\/austria-eurovision-2017-eleccion-interna\\\/\",\"name\":\"AUSTRIA EUROVISI\u00d3N 2017: ELECCI\u00d3N INTERNA - VIVAEUROVISION viva eurovision\",\"isPartOf\":{\"@id\":\"https:\\\/\\\/www.vivaeurovision.com\\\/#website\"},\"primaryImageOfPage\":{\"@id\":\"https:\\\/\\\/www.vivaeurovision.com\\\/index.php\\\/2016\\\/09\\\/21\\\/austria-eurovision-2017-eleccion-interna\\\/#primaryimage\"},\"image\":{\"@id\":\"https:\\\/\\\/www.vivaeurovision.com\\\/index.php\\\/2016\\\/09\\\/21\\\/austria-eurovision-2017-eleccion-interna\\\/#primaryimage\"},\"thumbnailUrl\":\"https:\\\/\\\/www.vivaeurovision.com\\\/wp-content\\\/uploads\\\/2016\\\/09\\\/331938-alexfas01-copia.jpg\",\"datePublished\":\"2016-09-21T19:20:59+00:00\",\"description\":\"AUSTRIA EUROVISI\u00d3N 2017\",\"breadcrumb\":{\"@id\":\"https:\\\/\\\/www.vivaeurovision.com\\\/index.php\\\/2016\\\/09\\\/21\\\/austria-eurovision-2017-eleccion-interna\\\/#breadcrumb\"},\"inLanguage\":\"es\",\"potentialAction\":[{\"@type\":\"ReadAction\",\"target\":[\"https:\\\/\\\/www.vivaeurovision.com\\\/index.php\\\/2016\\\/09\\\/21\\\/austria-eurovision-2017-eleccion-interna\\\/\"]}]},{\"@type\":\"ImageObject\",\"inLanguage\":\"es\",\"@id\":\"https:\\\/\\\/www.vivaeurovision.com\\\/index.php\\\/2016\\\/09\\\/21\\\/austria-eurovision-2017-eleccion-interna\\\/#primaryimage\",\"url\":\"https:\\\/\\\/www.vivaeurovision.com\\\/wp-content\\\/uploads\\\/2016\\\/09\\\/331938-alexfas01-copia.jpg\",\"contentUrl\":\"https:\\\/\\\/www.vivaeurovision.com\\\/wp-content\\\/uploads\\\/2016\\\/09\\\/331938-alexfas01-copia.jpg\",\"width\":1280,\"height\":720,\"caption\":\"Austria Eurovision\"},{\"@type\":\"BreadcrumbList\",\"@id\":\"https:\\\/\\\/www.vivaeurovision.com\\\/index.php\\\/2016\\\/09\\\/21\\\/austria-eurovision-2017-eleccion-interna\\\/#breadcrumb\",\"itemListElement\":[{\"@type\":\"ListItem\",\"position\":1,\"name\":\"Portada\",\"item\":\"https:\\\/\\\/www.vivaeurovision.com\\\/\"},{\"@type\":\"ListItem\",\"position\":2,\"name\":\"AUSTRIA EUROVISI\u00d3N 2017: ELECCI\u00d3N INTERNA\"}]},{\"@type\":\"WebSite\",\"@id\":\"https:\\\/\\\/www.vivaeurovision.com\\\/#website\",\"url\":\"https:\\\/\\\/www.vivaeurovision.com\\\/\",\"name\":\"VIVAEUROVISION viva eurovision\",\"description\":\"Tu portal sobre el Festival de Eurovision, eurovision, eurovisi\u00f3n\",\"publisher\":{\"@id\":\"https:\\\/\\\/www.vivaeurovision.com\\\/#organization\"},\"potentialAction\":[{\"@type\":\"SearchAction\",\"target\":{\"@type\":\"EntryPoint\",\"urlTemplate\":\"https:\\\/\\\/www.vivaeurovision.com\\\/?s={search_term_string}\"},\"query-input\":{\"@type\":\"PropertyValueSpecification\",\"valueRequired\":true,\"valueName\":\"search_term_string\"}}],\"inLanguage\":\"es\"},{\"@type\":\"Organization\",\"@id\":\"https:\\\/\\\/www.vivaeurovision.com\\\/#organization\",\"name\":\"vivaeurovision\",\"url\":\"https:\\\/\\\/www.vivaeurovision.com\\\/\",\"logo\":{\"@type\":\"ImageObject\",\"inLanguage\":\"es\",\"@id\":\"https:\\\/\\\/www.vivaeurovision.com\\\/#\\\/schema\\\/logo\\\/image\\\/\",\"url\":\"https:\\\/\\\/www.vivaeurovision.com\\\/wp-content\\\/uploads\\\/2016\\\/01\\\/cropped-image-21-1.jpeg\",\"contentUrl\":\"https:\\\/\\\/www.vivaeurovision.com\\\/wp-content\\\/uploads\\\/2016\\\/01\\\/cropped-image-21-1.jpeg\",\"width\":669,\"height\":368,\"caption\":\"vivaeurovision\"},\"image\":{\"@id\":\"https:\\\/\\\/www.vivaeurovision.com\\\/#\\\/schema\\\/logo\\\/image\\\/\"}},{\"@type\":\"Person\",\"@id\":\"https:\\\/\\\/www.vivaeurovision.com\\\/#\\\/schema\\\/person\\\/1d31fdaa3f5f7df556f73d164bd3c47a\",\"name\":\"Pedro Palomo\",\"image\":{\"@type\":\"ImageObject\",\"inLanguage\":\"es\",\"@id\":\"https:\\\/\\\/secure.gravatar.com\\\/avatar\\\/4cf9a4877f5f71f44fb7cedbe1bac1bd28bd8ce7a217517d98d5b2117f9f5505?s=96&d=mm&r=g\",\"url\":\"https:\\\/\\\/secure.gravatar.com\\\/avatar\\\/4cf9a4877f5f71f44fb7cedbe1bac1bd28bd8ce7a217517d98d5b2117f9f5505?s=96&d=mm&r=g\",\"contentUrl\":\"https:\\\/\\\/secure.gravatar.com\\\/avatar\\\/4cf9a4877f5f71f44fb7cedbe1bac1bd28bd8ce7a217517d98d5b2117f9f5505?s=96&d=mm&r=g\",\"caption\":\"Pedro Palomo\"},\"sameAs\":[\"http:\\\/\\\/www.vivaeurovision.com\",\"@pedrobcn\",\"https:\\\/\\\/x.com\\\/@pedropalomobcn\"]}]}<\/script>\n<!-- \/ Yoast SEO plugin. -->","yoast_head_json":{"title":"AUSTRIA EUROVISI\u00d3N 2017: ELECCI\u00d3N INTERNA - VIVAEUROVISION viva eurovision","description":"AUSTRIA EUROVISI\u00d3N 2017","robots":{"index":"index","follow":"follow","max-snippet":"max-snippet:-1","max-image-preview":"max-image-preview:large","max-video-preview":"max-video-preview:-1"},"canonical":"https:\/\/www.vivaeurovision.com\/index.php\/2016\/09\/21\/austria-eurovision-2017-eleccion-interna\/","og_locale":"es_ES","og_type":"article","og_title":"AUSTRIA EUROVISI\u00d3N 2017: ELECCI\u00d3N INTERNA - VIVAEUROVISION viva eurovision","og_description":"AUSTRIA EUROVISI\u00d3N 2017","og_url":"https:\/\/www.vivaeurovision.com\/index.php\/2016\/09\/21\/austria-eurovision-2017-eleccion-interna\/","og_site_name":"VIVAEUROVISION viva eurovision","article_published_time":"2016-09-21T19:20:59+00:00","og_image":[{"width":1280,"height":720,"url":"https:\/\/www.vivaeurovision.com\/wp-content\/uploads\/2016\/09\/331938-alexfas01-copia.jpg","type":"image\/jpeg"}],"author":"Pedro Palomo","twitter_card":"summary_large_image","twitter_creator":"@pedropalomobcn","twitter_misc":{"Escrito por":"Pedro Palomo","Tiempo de lectura":"1 minuto"},"schema":{"@context":"https:\/\/schema.org","@graph":[{"@type":"Article","@id":"https:\/\/www.vivaeurovision.com\/index.php\/2016\/09\/21\/austria-eurovision-2017-eleccion-interna\/#article","isPartOf":{"@id":"https:\/\/www.vivaeurovision.com\/index.php\/2016\/09\/21\/austria-eurovision-2017-eleccion-interna\/"},"author":{"name":"Pedro Palomo","@id":"https:\/\/www.vivaeurovision.com\/#\/schema\/person\/1d31fdaa3f5f7df556f73d164bd3c47a"},"headline":"AUSTRIA EUROVISI\u00d3N 2017: ELECCI\u00d3N INTERNA","datePublished":"2016-09-21T19:20:59+00:00","mainEntityOfPage":{"@id":"https:\/\/www.vivaeurovision.com\/index.php\/2016\/09\/21\/austria-eurovision-2017-eleccion-interna\/"},"wordCount":204,"commentCount":0,"publisher":{"@id":"https:\/\/www.vivaeurovision.com\/#organization"},"image":{"@id":"https:\/\/www.vivaeurovision.com\/index.php\/2016\/09\/21\/austria-eurovision-2017-eleccion-interna\/#primaryimage"},"thumbnailUrl":"https:\/\/www.vivaeurovision.com\/wp-content\/uploads\/2016\/09\/331938-alexfas01-copia.jpg","keywords":["austria eurovision","austria eurovision 2017","Entrevista","entrevista zo\u00eb","ESC","esc 2017","Eurovision","Eurovision 2017","eurovision austria 2017","Eurovision Kiev","eurovision kiev 2017","eurovision song contest 2017","eurovision song contest festival","news","Noticia","orf","orf eurovision 2017","Pedro Palomo","Pedro Palomo Eurovision","Pedro Palomo Vivaeurovision","viva eurovision","vivaeurovision","ZO\u00cb","ZO\u00cb EUROVISION 2016","Zo\u00eb interview","ZO\u00cb LOIN D\u00b4ICI"],"articleSection":["Eurovisi\u00f3n 2017","Inicio","Noticias","Ultima Hora"],"inLanguage":"es","potentialAction":[{"@type":"CommentAction","name":"Comment","target":["https:\/\/www.vivaeurovision.com\/index.php\/2016\/09\/21\/austria-eurovision-2017-eleccion-interna\/#respond"]}]},{"@type":"WebPage","@id":"https:\/\/www.vivaeurovision.com\/index.php\/2016\/09\/21\/austria-eurovision-2017-eleccion-interna\/","url":"https:\/\/www.vivaeurovision.com\/index.php\/2016\/09\/21\/austria-eurovision-2017-eleccion-interna\/","name":"AUSTRIA EUROVISI\u00d3N 2017: ELECCI\u00d3N INTERNA - VIVAEUROVISION viva eurovision","isPartOf":{"@id":"https:\/\/www.vivaeurovision.com\/#website"},"primaryImageOfPage":{"@id":"https:\/\/www.vivaeurovision.com\/index.php\/2016\/09\/21\/austria-eurovision-2017-eleccion-interna\/#primaryimage"},"image":{"@id":"https:\/\/www.vivaeurovision.com\/index.php\/2016\/09\/21\/austria-eurovision-2017-eleccion-interna\/#primaryimage"},"thumbnailUrl":"https:\/\/www.vivaeurovision.com\/wp-content\/uploads\/2016\/09\/331938-alexfas01-copia.jpg","datePublished":"2016-09-21T19:20:59+00:00","description":"AUSTRIA EUROVISI\u00d3N 2017","breadcrumb":{"@id":"https:\/\/www.vivaeurovision.com\/index.php\/2016\/09\/21\/austria-eurovision-2017-eleccion-interna\/#breadcrumb"},"inLanguage":"es","potentialAction":[{"@type":"ReadAction","target":["https:\/\/www.vivaeurovision.com\/index.php\/2016\/09\/21\/austria-eurovision-2017-eleccion-interna\/"]}]},{"@type":"ImageObject","inLanguage":"es","@id":"https:\/\/www.vivaeurovision.com\/index.php\/2016\/09\/21\/austria-eurovision-2017-eleccion-interna\/#primaryimage","url":"https:\/\/www.vivaeurovision.com\/wp-content\/uploads\/2016\/09\/331938-alexfas01-copia.jpg","contentUrl":"https:\/\/www.vivaeurovision.com\/wp-content\/uploads\/2016\/09\/331938-alexfas01-copia.jpg","width":1280,"height":720,"caption":"Austria Eurovision"},{"@type":"BreadcrumbList","@id":"https:\/\/www.vivaeurovision.com\/index.php\/2016\/09\/21\/austria-eurovision-2017-eleccion-interna\/#breadcrumb","itemListElement":[{"@type":"ListItem","position":1,"name":"Portada","item":"https:\/\/www.vivaeurovision.com\/"},{"@type":"ListItem","position":2,"name":"AUSTRIA EUROVISI\u00d3N 2017: ELECCI\u00d3N INTERNA"}]},{"@type":"WebSite","@id":"https:\/\/www.vivaeurovision.com\/#website","url":"https:\/\/www.vivaeurovision.com\/","name":"VIVAEUROVISION viva eurovision","description":"Tu portal sobre el Festival de Eurovision, eurovision, eurovisi\u00f3n","publisher":{"@id":"https:\/\/www.vivaeurovision.com\/#organization"},"potentialAction":[{"@type":"SearchAction","target":{"@type":"EntryPoint","urlTemplate":"https:\/\/www.vivaeurovision.com\/?s={search_term_string}"},"query-input":{"@type":"PropertyValueSpecification","valueRequired":true,"valueName":"search_term_string"}}],"inLanguage":"es"},{"@type":"Organization","@id":"https:\/\/www.vivaeurovision.com\/#organization","name":"vivaeurovision","url":"https:\/\/www.vivaeurovision.com\/","logo":{"@type":"ImageObject","inLanguage":"es","@id":"https:\/\/www.vivaeurovision.com\/#\/schema\/logo\/image\/","url":"https:\/\/www.vivaeurovision.com\/wp-content\/uploads\/2016\/01\/cropped-image-21-1.jpeg","contentUrl":"https:\/\/www.vivaeurovision.com\/wp-content\/uploads\/2016\/01\/cropped-image-21-1.jpeg","width":669,"height":368,"caption":"vivaeurovision"},"image":{"@id":"https:\/\/www.vivaeurovision.com\/#\/schema\/logo\/image\/"}},{"@type":"Person","@id":"https:\/\/www.vivaeurovision.com\/#\/schema\/person\/1d31fdaa3f5f7df556f73d164bd3c47a","name":"Pedro Palomo","image":{"@type":"ImageObject","inLanguage":"es","@id":"https:\/\/secure.gravatar.com\/avatar\/4cf9a4877f5f71f44fb7cedbe1bac1bd28bd8ce7a217517d98d5b2117f9f5505?s=96&d=mm&r=g","url":"https:\/\/secure.gravatar.com\/avatar\/4cf9a4877f5f71f44fb7cedbe1bac1bd28bd8ce7a217517d98d5b2117f9f5505?s=96&d=mm&r=g","contentUrl":"https:\/\/secure.gravatar.com\/avatar\/4cf9a4877f5f71f44fb7cedbe1bac1bd28bd8ce7a217517d98d5b2117f9f5505?s=96&d=mm&r=g","caption":"Pedro Palomo"},"sameAs":["http:\/\/www.vivaeurovision.com","@pedrobcn","https:\/\/x.com\/@pedropalomobcn"]}]}},"_links":{"self":[{"href":"https:\/\/www.vivaeurovision.com\/index.php\/wp-json\/wp\/v2\/posts\/2537","targetHints":{"allow":["GET"]}}],"collection":[{"href":"https:\/\/www.vivaeurovision.com\/index.php\/wp-json\/wp\/v2\/posts"}],"about":[{"href":"https:\/\/www.vivaeurovision.com\/index.php\/wp-json\/wp\/v2\/types\/post"}],"author":[{"embeddable":true,"href":"https:\/\/www.vivaeurovision.com\/index.php\/wp-json\/wp\/v2\/users\/1"}],"replies":[{"embeddable":true,"href":"https:\/\/www.vivaeurovision.com\/index.php\/wp-json\/wp\/v2\/comments?post=2537"}],"version-history":[{"count":0,"href":"https:\/\/www.vivaeurovision.com\/index.php\/wp-json\/wp\/v2\/posts\/2537\/revisions"}],"wp:featuredmedia":[{"embeddable":true,"href":"https:\/\/www.vivaeurovision.com\/index.php\/wp-json\/wp\/v2\/media\/2539"}],"wp:attachment":[{"href":"https:\/\/www.vivaeurovision.com\/index.php\/wp-json\/wp\/v2\/media?parent=2537"}],"wp:term":[{"taxonomy":"category","embeddable":true,"href":"https:\/\/www.vivaeurovision.com\/index.php\/wp-json\/wp\/v2\/categories?post=2537"},{"taxonomy":"post_tag","embeddable":true,"href":"https:\/\/www.vivaeurovision.com\/index.php\/wp-json\/wp\/v2\/tags?post=2537"}],"curies":[{"name":"wp","href":"https:\/\/api.w.org\/{rel}","templated":true}]}}