{"id":2595,"date":"2016-10-02T20:08:11","date_gmt":"2016-10-02T20:08:11","guid":{"rendered":"http:\/\/www.vivaeurovision.com\/?p=2595"},"modified":"2016-12-11T02:57:09","modified_gmt":"2016-12-11T02:57:09","slug":"2595-soraya-eurovision-congreso-ogae-2016","status":"publish","type":"post","link":"https:\/\/www.vivaeurovision.com\/index.php\/2016\/10\/02\/2595-soraya-eurovision-congreso-ogae-2016\/","title":{"rendered":"SORAYA ENCUENTRO EMOTIVO, EN EL CONGRESO DE OGAE SPAIN 2016, JUNTO CON OTROS INVITADOS DE EUROVISI\u00d3N AQU\u00cd TEN\u00c9IS TODOS LOS DETALLES"},"content":{"rendered":"<h2>SORAYA ENCUENTRO EMOTIVO, EN EL CONGRESO DE OGAE SPAIN 2016, JUNTO CON OTROS INVITADOS DE EUROVISI\u00d3N AQU\u00cd TEN\u00c9IS TODOS LOS DETALLES<\/h2>\n<p><img loading=\"lazy\" decoding=\"async\" class=\"alignnone size-medium wp-image-2610\" src=\"http:\/\/www.vivaeurovision.com\/wp-content\/uploads\/2016\/10\/IMG_1721-copia-300x225.jpg\" alt=\"img_1721-copia\" width=\"300\" height=\"225\" srcset=\"https:\/\/www.vivaeurovision.com\/wp-content\/uploads\/2016\/10\/IMG_1721-copia-300x225.jpg 300w, https:\/\/www.vivaeurovision.com\/wp-content\/uploads\/2016\/10\/IMG_1721-copia-1024x768.jpg 1024w\" sizes=\"auto, (max-width: 300px) 100vw, 300px\" \/><\/p>\n<p>&nbsp;<\/p>\n<p><strong>Da comienzo el congreso de Ogae Spain, con un anuncio que no gust\u00f3 nada a los asistentes, Federico Llano uno de los invitados al congreso no ha podido asistir.<\/strong><\/p>\n<p>Repaso de un v\u00eddeo de todos los artistas que han pasado por el congreso de OGAE durante estos 11 a\u00f1os. La mayor ovaci\u00f3n se la ha llevado Pastora Soler, Amaya Uranga de Mocedades y Anabel Conde. Tras ellas Zlata Ognevich \u00abUcrania 2013\u00bb y Edurne el ateneo se ha crecido cuando han aparecido las im\u00e1genes de ellas, con Suzy los aplausos y tarareos han sido impresionantes.<br \/>\nTras el repaso han pasado un v\u00eddeo con los artistas invitados de este a\u00f1o !!\u00a0 Con Soraya el ateneo se ha rendido aplausos, una de las artistas mas queridas y esperadas en el congreso. Menci\u00f3n especial a Barei que ha dejado un saludo de agradecimiento a Ogae Spain y todos los asistentes, ya que muy a su pesar no ha podido asistir al congreso debido a que ya ten\u00eda sus vacaciones reservadas y ha\u00a0mandado un mensaje para todos con un v\u00eddeo desde el aeropuerto. Silvery Eurofan ha sido el creador de los v\u00eddeos.<\/p>\n<p><strong>Marie Myriam primera invitada y ganadora del Festival de Eurovisi\u00f3n en 1977.<\/strong><\/p>\n<div id=\"attachment_2604\" style=\"width: 310px\" class=\"wp-caption alignnone\"><img loading=\"lazy\" decoding=\"async\" aria-describedby=\"caption-attachment-2604\" class=\"size-medium wp-image-2604\" src=\"http:\/\/www.vivaeurovision.com\/wp-content\/uploads\/2016\/10\/IMG_1552-copia-300x169.jpg\" alt=\"eurovision\" width=\"300\" height=\"169\" srcset=\"https:\/\/www.vivaeurovision.com\/wp-content\/uploads\/2016\/10\/IMG_1552-copia-300x169.jpg 300w, https:\/\/www.vivaeurovision.com\/wp-content\/uploads\/2016\/10\/IMG_1552-copia-1024x577.jpg 1024w\" sizes=\"auto, (max-width: 300px) 100vw, 300px\" \/><p id=\"caption-attachment-2604\" class=\"wp-caption-text\">vivaeurovision<\/p><\/div>\n<p><strong>Marie Myriam<\/strong> dice que tras Eurovision su primera actuaci\u00f3n televisiva la realiz\u00f3 en madrid y TVE . Dice que el destino quiso que estuviese en la preselecci\u00f3n en el a\u00f1o 1977 con la que se alz\u00f3 con el triunfo de Francia en Eurovisi\u00f3n ese mismo a\u00f1o, ella cantaba en el restaurante de sus padres hasta que el compositor de la canci\u00f3n la escuch\u00f3 y le dijo que la quer\u00eda llevar a Eurovisi\u00f3n.<\/p>\n<p>Dijo que no quiso volver a presentarse m\u00e1s Eurovisi\u00f3n porque lo quiso vivir una vez y forma parte de su historia, tambi\u00e9n ha desvelado que est\u00e1 escribiendo un libro de su biograf\u00eda y un cd para el 40 aniversario de su victoria en el festival, sin dudarlo ha dicho que le ha gustado mucho la representaci\u00f3n de Amir en el festival de Eurovisi\u00f3n 2016.<\/p>\n<p>Marie, recibi\u00f3 un bonito homenaje de la mano de <strong>F\u00e9lix del Valle<\/strong>, cant\u00f3 el tema con el que ella gan\u00f3 el Festival de Eurovisi\u00f3n de 1977.<\/p>\n<div id=\"attachment_2617\" style=\"width: 310px\" class=\"wp-caption alignnone\"><img loading=\"lazy\" decoding=\"async\" aria-describedby=\"caption-attachment-2617\" class=\"size-medium wp-image-2617\" src=\"http:\/\/www.vivaeurovision.com\/wp-content\/uploads\/2016\/10\/IMG_1490-e1475438581940-300x225.jpg\" alt=\"vivaeurovision\" width=\"300\" height=\"225\" srcset=\"https:\/\/www.vivaeurovision.com\/wp-content\/uploads\/2016\/10\/IMG_1490-e1475438581940-300x225.jpg 300w, https:\/\/www.vivaeurovision.com\/wp-content\/uploads\/2016\/10\/IMG_1490-e1475438581940-1024x768.jpg 1024w\" sizes=\"auto, (max-width: 300px) 100vw, 300px\" \/><p id=\"caption-attachment-2617\" class=\"wp-caption-text\">vivaeurovision<\/p><\/div>\n<p>El presidente de Ogae Spain Jose Juan Santana, explica las normativas del club y recuerda\u00a0que las entradas que otorga OGAE para Eurovisi\u00f3n, queda totalmente \u00a0prohibida la reventa ilegal de entradas y tambi\u00e9n ha dicho a todos los asistentes que ya est\u00e1n trabajando para conseguir el mayo n\u00famero de packs posibles para Ogae Spain de cara el pr\u00f3ximo Festival de Eurovisi\u00f3n que se celebra en Kiev.<\/p>\n<p><strong>Soraya un de las artistas m\u00e1s queridas y esperadas en el congreso, sale a escena dejando un momento hist\u00f3rico y bonito con su encuentro con los seguidores del Festival de Eurovisi\u00f3n.<\/strong><\/p>\n<div id=\"attachment_2605\" style=\"width: 310px\" class=\"wp-caption alignnone\"><img loading=\"lazy\" decoding=\"async\" aria-describedby=\"caption-attachment-2605\" class=\"size-medium wp-image-2605\" src=\"http:\/\/www.vivaeurovision.com\/wp-content\/uploads\/2016\/10\/IMG_1599-copia-300x169.jpg\" alt=\"vivaeurovision\" width=\"300\" height=\"169\" srcset=\"https:\/\/www.vivaeurovision.com\/wp-content\/uploads\/2016\/10\/IMG_1599-copia-300x169.jpg 300w, https:\/\/www.vivaeurovision.com\/wp-content\/uploads\/2016\/10\/IMG_1599-copia-1024x577.jpg 1024w\" sizes=\"auto, (max-width: 300px) 100vw, 300px\" \/><p id=\"caption-attachment-2605\" class=\"wp-caption-text\">vivaeurovision<\/p><\/div>\n<p><strong>Soraya<\/strong> no puede evitar emocionarse cuando sale al escenario y ve al\u00a0p\u00fablico en pie\u00a0recibi\u00e9ndola con\u00a0grandes aplausos y ovaci\u00f3n,\u00a0el\u00a0teatro Ateneo de Madrid se rinde ante\u00a0nuestra representante\u00a0del Festival de Eurovisi\u00f3n 2009, minutos de aplausos sin parar y gran\u00a0emoci\u00f3n se notaba\u00a0en cada rinc\u00f3n del teatro, donde tanto como para Soraya como para los asistentes ha sido un encuentro muy esperado que\u00a0ha puesto la piel de gallina a\u00a0todos.<\/p>\n<p>&nbsp;<\/p>\n<p>De su experiencia tras el Festival, ha dicho\u00a0que ella se creci\u00f3 tras el festival supo salir adelante y seguir trabajando en su pasi\u00f3n que es la m\u00fasica, no ha dudado en mostrar las banderas que llevo en la green room banderas que en su d\u00eda le regalamos varios seguidores del festival dos banderas espa\u00f1olas y una bandera extreme\u00f1a , tambi\u00e9n ha mostrado el vestido que luci\u00f3 en la gran final de Eurovisi\u00f3n en 2009 un vestido con violeta con cristales de Swarovski .<br \/>\nOgae le ha regalado una r\u00e9plica suya de una mu\u00f1eca barbie .<\/p>\n<p><img loading=\"lazy\" decoding=\"async\" class=\"alignnone size-medium wp-image-2613\" src=\"http:\/\/www.vivaeurovision.com\/wp-content\/uploads\/2016\/10\/IMG_0670-300x225.jpg\" alt=\"\" width=\"300\" height=\"225\" srcset=\"https:\/\/www.vivaeurovision.com\/wp-content\/uploads\/2016\/10\/IMG_0670-300x225.jpg 300w, https:\/\/www.vivaeurovision.com\/wp-content\/uploads\/2016\/10\/IMG_0670-1024x768.jpg 1024w\" sizes=\"auto, (max-width: 300px) 100vw, 300px\" \/><\/p>\n<p>Soraya finalmente, nos deleit\u00f3 con un versi\u00f3n intima y a capella de LA NOCHE ES PARA MI, erizando los pelos de todos los presentes.<\/p>\n<p><strong>SORAYA DEMOSTR\u00d3 UNA VEZ M\u00c1S QUE ES UNA GRAN ARTISTA, CON GRAN TRAYECTORIA\u00a0NACIONAL E INTERNACIONAL,\u00a0CERCANA, HUMILDE Y CON LOS PIES EN EL SUELO PISANDO SIEMPRE FIRME.<\/strong><\/p>\n<p>&nbsp;<\/p>\n<div id=\"attachment_2606\" style=\"width: 310px\" class=\"wp-caption alignnone\"><img loading=\"lazy\" decoding=\"async\" aria-describedby=\"caption-attachment-2606\" class=\"size-medium wp-image-2606\" src=\"http:\/\/www.vivaeurovision.com\/wp-content\/uploads\/2016\/10\/IMG_1737-copia-300x169.jpg\" alt=\"eurovision\" width=\"300\" height=\"169\" srcset=\"https:\/\/www.vivaeurovision.com\/wp-content\/uploads\/2016\/10\/IMG_1737-copia-300x169.jpg 300w, https:\/\/www.vivaeurovision.com\/wp-content\/uploads\/2016\/10\/IMG_1737-copia-1024x577.jpg 1024w\" sizes=\"auto, (max-width: 300px) 100vw, 300px\" \/><p id=\"caption-attachment-2606\" class=\"wp-caption-text\">vivaeurovision<\/p><\/div>\n<p>Montenegro dice que si volver\u00eda a representar al festival. Declara que es festival en su carrera supuso un paso grande en su carrera y que gracias a ello est\u00e1 aqu\u00ed en el congreso y es una gran oportunidad para ella.<\/p>\n<p>Adem\u00e1s, cant\u00f3 dos temas La reina de la noche\u00a0y \u00a0Just Get Out Of My Life tema con el que represent\u00f3 a Montenegro en el a\u00f1o 2009, compuesto por Jose Juan Santana \u00abPresidente de OGAE SPAIN\u00bb.<\/p>\n<p><strong>Salvador Beltr\u00e1n segundo invitado de la tarde y llen\u00f3 de alegr\u00eda el Ateneo de Madrid.<\/strong><\/p>\n<div id=\"attachment_2609\" style=\"width: 310px\" class=\"wp-caption alignnone\"><img loading=\"lazy\" decoding=\"async\" aria-describedby=\"caption-attachment-2609\" class=\"size-medium wp-image-2609\" src=\"http:\/\/www.vivaeurovision.com\/wp-content\/uploads\/2016\/10\/IMG_1769-copia-300x169.jpg\" alt=\"eurovision\" width=\"300\" height=\"169\" srcset=\"https:\/\/www.vivaeurovision.com\/wp-content\/uploads\/2016\/10\/IMG_1769-copia-300x169.jpg 300w, https:\/\/www.vivaeurovision.com\/wp-content\/uploads\/2016\/10\/IMG_1769-copia-1024x577.jpg 1024w\" sizes=\"auto, (max-width: 300px) 100vw, 300px\" \/><p id=\"caption-attachment-2609\" class=\"wp-caption-text\">vivaeurovision<\/p><\/div>\n<p>Salvador Beltr\u00e1n agradece el apoyo de los seguidores y para el fue un orgullo poder estar en objetivo Eurovisi\u00f3n con d\u00edas de alegr\u00eda y fue una experiencia incre\u00edble para el.<\/p>\n<p>Mand\u00f3 dos temas a TVE para Eurovisi\u00f3n 2016, uno de ellos hablaba del maltrato un tema reflexivo y se decant\u00f3 por d\u00edas de alegr\u00eda que es algo que nos representa a muchos espa\u00f1oles.<\/p>\n<p>Recuerda que fue muy bonito el ver que el jurado internacional le diera a el la m\u00e1xima puntuaci\u00f3n.<\/p>\n<p>Reconoce que el sonido fue un poco chunguete algo que nos ha transmitido mucha simpat\u00eda a los asistentes porque lo ha declarado con la sencillez que le caracteriza . El piensa que el sonido esa noche fue desastroso y que no fue culpa de los aspirantes.<\/p>\n<p>Volver\u00eda a presentarse si encuentra de nuevo una canci\u00f3n oportuna. La discogr\u00e1fica le apoy\u00f3 en todo momento con la candidatura.<\/p>\n<p>El recuerda que se lleva bien con los otros cinco otros aspirantes que estuvieron en objetivo Eurovisi\u00f3n .<\/p>\n<p><strong>Evridiki \u00faltima invitada de la tarde, donde vivaeurovision no pudimos estar presentes por problemas de horario. <\/strong><\/p>\n<p>Desde aqu\u00ed queremos hacer menci\u00f3n a los videos que presentaron en el congreso, realizados por <strong>Sivery Eurofan.<\/strong><\/p>\n<p>Tambi\u00e9n hacemos menci\u00f3n especial al primer socio honor\u00edfico de OGAE SPAIN, con un bonito homenaje a Jorge L\u00f3pez Ca\u00f1amares.<\/p>\n<p><strong>VIVAEUROVISION FELICITA A OGAE SPAIN TODO EL ESFUERZO Y TRABAJO REALIZADO PARA QUE ESTE CONGRESO HAYA SIDO UN CONGRESO GRANDE MUY MUY GRANDE !!<\/strong><\/p>\n<p><em><strong>Aqu\u00ed os dejamos un resumen del congreso OGAE SPAIN 2016 y todos sus invitados<\/strong><\/em><br \/>\n<iframe loading=\"lazy\" src=\"https:\/\/www.youtube.com\/embed\/QTPhqQNP5Bc\" width=\"560\" height=\"315\" frameborder=\"0\" allowfullscreen=\"allowfullscreen\"><\/iframe><br \/>\nTambi\u00e9n invitamos a los lectores que no duden en asociarse al club y poder disfrutar de todos estos momentos. Toda la informaci\u00f3n de OGAE SPAIN la encontrareis aqu\u00ed <a href=\"http:\/\/www.ogaespain.com\/\" target=\"_blank\">http:\/\/www.ogaespain.com\/<\/a><\/p>\n<div id=\"attachment_2593\" style=\"width: 310px\" class=\"wp-caption alignnone\"><img loading=\"lazy\" decoding=\"async\" aria-describedby=\"caption-attachment-2593\" class=\"size-medium wp-image-2593\" src=\"http:\/\/www.vivaeurovision.com\/wp-content\/uploads\/2016\/09\/14355128_10214112980441356_1808446974826034790_n-300x111.jpg\" alt=\"OGAE SPAIN\" width=\"300\" height=\"111\" srcset=\"https:\/\/www.vivaeurovision.com\/wp-content\/uploads\/2016\/09\/14355128_10214112980441356_1808446974826034790_n-300x111.jpg 300w, https:\/\/www.vivaeurovision.com\/wp-content\/uploads\/2016\/09\/14355128_10214112980441356_1808446974826034790_n.jpg 851w\" sizes=\"auto, (max-width: 300px) 100vw, 300px\" \/><p id=\"caption-attachment-2593\" class=\"wp-caption-text\">OGAE SPAIN<\/p><\/div>\n<p>&nbsp;<\/p>\n<p><img loading=\"lazy\" decoding=\"async\" class=\"alignnone size-medium wp-image-311\" src=\"http:\/\/www.vivaeurovision.com\/wp-content\/uploads\/2016\/01\/image-21-300x165.jpeg\" alt=\"VIVAEUROVISION.COM\" width=\"300\" height=\"165\" srcset=\"https:\/\/www.vivaeurovision.com\/wp-content\/uploads\/2016\/01\/image-21-300x165.jpeg 300w, https:\/\/www.vivaeurovision.com\/wp-content\/uploads\/2016\/01\/image-21-555x305.jpeg 555w, https:\/\/www.vivaeurovision.com\/wp-content\/uploads\/2016\/01\/image-21.jpeg 669w\" sizes=\"auto, (max-width: 300px) 100vw, 300px\" \/><\/p>\n<p>Twitter\u00a0<strong> <a href=\"https:\/\/twitter.com\/viva_eurovision\" target=\"_blank\"><span style=\"color: #0066cc;\">@viva_eurovision<\/span><\/a>\u00a0 <a href=\"https:\/\/www.facebook.com\/Vivaeurovisioncom-867806686671081\/?fref=nf\" target=\"_blank\"><span style=\"color: #0066cc;\">FACEBOOK OFICIAL VIVA EUROVISION <\/span><\/a><\/strong>Instragram <strong>\u00a0<\/strong><a href=\"https:\/\/www.instagram.com\/vivaeurovision\/\" target=\"_blank\"><strong>@vivaeurovision<\/strong><\/a><\/p>\n<p>Redactor: Pedro Palomo <a href=\"https:\/\/twitter.com\/pedropalomobcn?lang=es\"><strong><span style=\"color: #0066cc;\">@pedropalomobcn<\/span><\/strong><\/a><strong>\u00a0<\/strong>Instagram <a href=\"https:\/\/www.instagram.com\/pedrobcn\/\" target=\"_blank\"><strong>@pedrobcn<\/strong><\/a><\/p>\n<p>Im\u00e1genes: \u00a9VIVAEUROVISION<\/p>\n<p>Agradecimientos: OGAE ESPA\u00d1A <a href=\"http:\/\/www.ogaespain.com\/\" target=\"_blank\">http:\/\/www.ogaespain.com\/<\/a><\/p>\n","protected":false},"excerpt":{"rendered":"<p>SORAYA ENCUENTRO EMOTIVO, EN EL CONGRESO DE OGAE SPAIN 2016, JUNTO CON OTROS INVITADOS DE EUROVISI\u00d3N AQU\u00cd TEN\u00c9IS TODOS LOS DETALLES &nbsp; Da comienzo el congreso de Ogae Spain, con&#46;&#46;&#46;<\/p>\n","protected":false},"author":1,"featured_media":2616,"comment_status":"open","ping_status":"open","sticky":false,"template":"","format":"standard","meta":{"_exactmetrics_skip_tracking":false,"_exactmetrics_sitenote_active":false,"_exactmetrics_sitenote_note":"","_exactmetrics_sitenote_category":0,"footnotes":""},"categories":[5,6,4,2,3],"tags":[1077,1078,1079,1081,17,11,1082,264,12,670,706,1080,1076,1018,34,19,20,766,72,163,75,992,1075,1074,996,1073,23,22],"class_list":["post-2595","post","type-post","status-publish","format-standard","has-post-thumbnail","hentry","category-entrevistas","category-espana-en-eurovision","category-eurovision","category-noticia","category-ultima-hora","tag-andrea-demirovic","tag-congreso-ogae-espana-2016","tag-congreso-ogae-spain-2016","tag-cronica","tag-esc","tag-eurovision","tag-eurovision-1977","tag-eurovision-2009","tag-eurovision-2016","tag-eurovision-2017","tag-eurovision-song-contest-festival","tag-evridiki","tag-marie-myriam-eurovision","tag-news","tag-noticia","tag-pedro-palomo","tag-pedro-palomo-eurovision","tag-pedro-palomo-vivaeurovision","tag-salvador-beltran","tag-salvador-beltran-dias-de-alegria","tag-soraya","tag-soraya-arnelas","tag-soraya-congreso-ogae-espana","tag-soraya-congreso-ogae-spain","tag-soraya-eurovision","tag-soraya-eurovision-2009","tag-viva-eurovision","tag-vivaeurovision"],"yoast_head":"<!-- This site is optimized with the Yoast SEO plugin v27.5 - https:\/\/yoast.com\/product\/yoast-seo-wordpress\/ -->\n<title>SORAYA ENCUENTRO EMOTIVO, SINCERO Y SIN MIEDO EN EL CONGRESO DE OGAE SPAIN 2016, JUNTO CON OTROS INVITADOS DE EUROVISI\u00d3N AQU\u00cd TEN\u00c9IS TODOS LOS DETALLES<\/title>\n<meta name=\"description\" content=\"Soraya Congreso Ogae Spain 2016, Eurovisi\u00f3n, Eurovision 2009\" \/>\n<meta name=\"robots\" content=\"index, follow, max-snippet:-1, max-image-preview:large, max-video-preview:-1\" \/>\n<link rel=\"canonical\" href=\"https:\/\/www.vivaeurovision.com\/index.php\/2016\/10\/02\/2595-soraya-eurovision-congreso-ogae-2016\/\" \/>\n<meta property=\"og:locale\" content=\"es_ES\" \/>\n<meta property=\"og:type\" content=\"article\" \/>\n<meta property=\"og:title\" content=\"SORAYA ENCUENTRO EMOTIVO, SINCERO Y SIN MIEDO EN EL CONGRESO DE OGAE SPAIN 2016, JUNTO CON OTROS INVITADOS DE EUROVISI\u00d3N AQU\u00cd TEN\u00c9IS TODOS LOS DETALLES\" \/>\n<meta property=\"og:description\" content=\"Soraya Congreso Ogae Spain 2016, Eurovisi\u00f3n, Eurovision 2009\" \/>\n<meta property=\"og:url\" content=\"https:\/\/www.vivaeurovision.com\/index.php\/2016\/10\/02\/2595-soraya-eurovision-congreso-ogae-2016\/\" \/>\n<meta property=\"og:site_name\" content=\"VIVAEUROVISION viva eurovision\" \/>\n<meta property=\"article:published_time\" content=\"2016-10-02T20:08:11+00:00\" \/>\n<meta property=\"article:modified_time\" content=\"2016-12-11T02:57:09+00:00\" \/>\n<meta property=\"og:image\" content=\"https:\/\/www.vivaeurovision.com\/wp-content\/uploads\/2016\/10\/Sin-t\u00edtulo-1-e1475437395416.jpg\" \/>\n\t<meta property=\"og:image:width\" content=\"651\" \/>\n\t<meta property=\"og:image:height\" content=\"346\" \/>\n\t<meta property=\"og:image:type\" content=\"image\/jpeg\" \/>\n<meta name=\"author\" content=\"Pedro Palomo\" \/>\n<meta name=\"twitter:card\" content=\"summary_large_image\" \/>\n<meta name=\"twitter:creator\" content=\"@pedropalomobcn\" \/>\n<meta name=\"twitter:label1\" content=\"Escrito por\" \/>\n\t<meta name=\"twitter:data1\" content=\"Pedro Palomo\" \/>\n\t<meta name=\"twitter:label2\" content=\"Tiempo de lectura\" \/>\n\t<meta name=\"twitter:data2\" content=\"6 minutos\" \/>\n<script type=\"application\/ld+json\" class=\"yoast-schema-graph\">{\"@context\":\"https:\\\/\\\/schema.org\",\"@graph\":[{\"@type\":\"Article\",\"@id\":\"https:\\\/\\\/www.vivaeurovision.com\\\/index.php\\\/2016\\\/10\\\/02\\\/2595-soraya-eurovision-congreso-ogae-2016\\\/#article\",\"isPartOf\":{\"@id\":\"https:\\\/\\\/www.vivaeurovision.com\\\/index.php\\\/2016\\\/10\\\/02\\\/2595-soraya-eurovision-congreso-ogae-2016\\\/\"},\"author\":{\"name\":\"Pedro Palomo\",\"@id\":\"https:\\\/\\\/www.vivaeurovision.com\\\/#\\\/schema\\\/person\\\/1d31fdaa3f5f7df556f73d164bd3c47a\"},\"headline\":\"SORAYA ENCUENTRO EMOTIVO, EN EL CONGRESO DE OGAE SPAIN 2016, JUNTO CON OTROS INVITADOS DE EUROVISI\u00d3N AQU\u00cd TEN\u00c9IS TODOS LOS DETALLES\",\"datePublished\":\"2016-10-02T20:08:11+00:00\",\"dateModified\":\"2016-12-11T02:57:09+00:00\",\"mainEntityOfPage\":{\"@id\":\"https:\\\/\\\/www.vivaeurovision.com\\\/index.php\\\/2016\\\/10\\\/02\\\/2595-soraya-eurovision-congreso-ogae-2016\\\/\"},\"wordCount\":1245,\"commentCount\":0,\"publisher\":{\"@id\":\"https:\\\/\\\/www.vivaeurovision.com\\\/#organization\"},\"image\":{\"@id\":\"https:\\\/\\\/www.vivaeurovision.com\\\/index.php\\\/2016\\\/10\\\/02\\\/2595-soraya-eurovision-congreso-ogae-2016\\\/#primaryimage\"},\"thumbnailUrl\":\"https:\\\/\\\/www.vivaeurovision.com\\\/wp-content\\\/uploads\\\/2016\\\/10\\\/Sin-t\u00edtulo-1-e1475437395416.jpg\",\"keywords\":[\"Andrea Demirovic\",\"Congreso Ogae Espa\u00f1a 2016\",\"Congreso Ogae Spain 2016\",\"cronica\",\"ESC\",\"Eurovision\",\"Eurovision 1977\",\"eurovision 2009\",\"Eurovisi\u00f3n 2016\",\"Eurovision 2017\",\"eurovision song contest festival\",\"Evridiki\",\"Marie Myriam Eurovision\",\"news\",\"Noticia\",\"Pedro Palomo\",\"Pedro Palomo Eurovision\",\"Pedro Palomo Vivaeurovision\",\"Salvador Beltr\u00e1n\",\"Salvador Beltr\u00e1n D\u00edas de Alegr\u00eda\",\"Soraya\",\"Soraya Arnelas\",\"Soraya Congreso Ogae Espa\u00f1a\",\"Soraya Congreso Ogae Spain\",\"Soraya Eurovision\",\"Soraya Eurovision 2009\",\"viva eurovision\",\"vivaeurovision\"],\"articleSection\":[\"Entrevistas\",\"Espa\u00f1a en Eurovisi\u00f3n\",\"Inicio\",\"Noticias\",\"Ultima Hora\"],\"inLanguage\":\"es\",\"potentialAction\":[{\"@type\":\"CommentAction\",\"name\":\"Comment\",\"target\":[\"https:\\\/\\\/www.vivaeurovision.com\\\/index.php\\\/2016\\\/10\\\/02\\\/2595-soraya-eurovision-congreso-ogae-2016\\\/#respond\"]}]},{\"@type\":\"WebPage\",\"@id\":\"https:\\\/\\\/www.vivaeurovision.com\\\/index.php\\\/2016\\\/10\\\/02\\\/2595-soraya-eurovision-congreso-ogae-2016\\\/\",\"url\":\"https:\\\/\\\/www.vivaeurovision.com\\\/index.php\\\/2016\\\/10\\\/02\\\/2595-soraya-eurovision-congreso-ogae-2016\\\/\",\"name\":\"SORAYA ENCUENTRO EMOTIVO, SINCERO Y SIN MIEDO EN EL CONGRESO DE OGAE SPAIN 2016, JUNTO CON OTROS INVITADOS DE EUROVISI\u00d3N AQU\u00cd TEN\u00c9IS TODOS LOS DETALLES\",\"isPartOf\":{\"@id\":\"https:\\\/\\\/www.vivaeurovision.com\\\/#website\"},\"primaryImageOfPage\":{\"@id\":\"https:\\\/\\\/www.vivaeurovision.com\\\/index.php\\\/2016\\\/10\\\/02\\\/2595-soraya-eurovision-congreso-ogae-2016\\\/#primaryimage\"},\"image\":{\"@id\":\"https:\\\/\\\/www.vivaeurovision.com\\\/index.php\\\/2016\\\/10\\\/02\\\/2595-soraya-eurovision-congreso-ogae-2016\\\/#primaryimage\"},\"thumbnailUrl\":\"https:\\\/\\\/www.vivaeurovision.com\\\/wp-content\\\/uploads\\\/2016\\\/10\\\/Sin-t\u00edtulo-1-e1475437395416.jpg\",\"datePublished\":\"2016-10-02T20:08:11+00:00\",\"dateModified\":\"2016-12-11T02:57:09+00:00\",\"description\":\"Soraya Congreso Ogae Spain 2016, Eurovisi\u00f3n, Eurovision 2009\",\"breadcrumb\":{\"@id\":\"https:\\\/\\\/www.vivaeurovision.com\\\/index.php\\\/2016\\\/10\\\/02\\\/2595-soraya-eurovision-congreso-ogae-2016\\\/#breadcrumb\"},\"inLanguage\":\"es\",\"potentialAction\":[{\"@type\":\"ReadAction\",\"target\":[\"https:\\\/\\\/www.vivaeurovision.com\\\/index.php\\\/2016\\\/10\\\/02\\\/2595-soraya-eurovision-congreso-ogae-2016\\\/\"]}]},{\"@type\":\"ImageObject\",\"inLanguage\":\"es\",\"@id\":\"https:\\\/\\\/www.vivaeurovision.com\\\/index.php\\\/2016\\\/10\\\/02\\\/2595-soraya-eurovision-congreso-ogae-2016\\\/#primaryimage\",\"url\":\"https:\\\/\\\/www.vivaeurovision.com\\\/wp-content\\\/uploads\\\/2016\\\/10\\\/Sin-t\u00edtulo-1-e1475437395416.jpg\",\"contentUrl\":\"https:\\\/\\\/www.vivaeurovision.com\\\/wp-content\\\/uploads\\\/2016\\\/10\\\/Sin-t\u00edtulo-1-e1475437395416.jpg\",\"width\":651,\"height\":346,\"caption\":\"vivaeurovision\"},{\"@type\":\"BreadcrumbList\",\"@id\":\"https:\\\/\\\/www.vivaeurovision.com\\\/index.php\\\/2016\\\/10\\\/02\\\/2595-soraya-eurovision-congreso-ogae-2016\\\/#breadcrumb\",\"itemListElement\":[{\"@type\":\"ListItem\",\"position\":1,\"name\":\"Portada\",\"item\":\"https:\\\/\\\/www.vivaeurovision.com\\\/\"},{\"@type\":\"ListItem\",\"position\":2,\"name\":\"SORAYA ENCUENTRO EMOTIVO, EN EL CONGRESO DE OGAE SPAIN 2016, JUNTO CON OTROS INVITADOS DE EUROVISI\u00d3N AQU\u00cd TEN\u00c9IS TODOS LOS DETALLES\"}]},{\"@type\":\"WebSite\",\"@id\":\"https:\\\/\\\/www.vivaeurovision.com\\\/#website\",\"url\":\"https:\\\/\\\/www.vivaeurovision.com\\\/\",\"name\":\"VIVAEUROVISION viva eurovision\",\"description\":\"Tu portal sobre el Festival de Eurovision, eurovision, eurovisi\u00f3n\",\"publisher\":{\"@id\":\"https:\\\/\\\/www.vivaeurovision.com\\\/#organization\"},\"potentialAction\":[{\"@type\":\"SearchAction\",\"target\":{\"@type\":\"EntryPoint\",\"urlTemplate\":\"https:\\\/\\\/www.vivaeurovision.com\\\/?s={search_term_string}\"},\"query-input\":{\"@type\":\"PropertyValueSpecification\",\"valueRequired\":true,\"valueName\":\"search_term_string\"}}],\"inLanguage\":\"es\"},{\"@type\":\"Organization\",\"@id\":\"https:\\\/\\\/www.vivaeurovision.com\\\/#organization\",\"name\":\"vivaeurovision\",\"url\":\"https:\\\/\\\/www.vivaeurovision.com\\\/\",\"logo\":{\"@type\":\"ImageObject\",\"inLanguage\":\"es\",\"@id\":\"https:\\\/\\\/www.vivaeurovision.com\\\/#\\\/schema\\\/logo\\\/image\\\/\",\"url\":\"https:\\\/\\\/www.vivaeurovision.com\\\/wp-content\\\/uploads\\\/2016\\\/01\\\/cropped-image-21-1.jpeg\",\"contentUrl\":\"https:\\\/\\\/www.vivaeurovision.com\\\/wp-content\\\/uploads\\\/2016\\\/01\\\/cropped-image-21-1.jpeg\",\"width\":669,\"height\":368,\"caption\":\"vivaeurovision\"},\"image\":{\"@id\":\"https:\\\/\\\/www.vivaeurovision.com\\\/#\\\/schema\\\/logo\\\/image\\\/\"}},{\"@type\":\"Person\",\"@id\":\"https:\\\/\\\/www.vivaeurovision.com\\\/#\\\/schema\\\/person\\\/1d31fdaa3f5f7df556f73d164bd3c47a\",\"name\":\"Pedro Palomo\",\"image\":{\"@type\":\"ImageObject\",\"inLanguage\":\"es\",\"@id\":\"https:\\\/\\\/secure.gravatar.com\\\/avatar\\\/4cf9a4877f5f71f44fb7cedbe1bac1bd28bd8ce7a217517d98d5b2117f9f5505?s=96&d=mm&r=g\",\"url\":\"https:\\\/\\\/secure.gravatar.com\\\/avatar\\\/4cf9a4877f5f71f44fb7cedbe1bac1bd28bd8ce7a217517d98d5b2117f9f5505?s=96&d=mm&r=g\",\"contentUrl\":\"https:\\\/\\\/secure.gravatar.com\\\/avatar\\\/4cf9a4877f5f71f44fb7cedbe1bac1bd28bd8ce7a217517d98d5b2117f9f5505?s=96&d=mm&r=g\",\"caption\":\"Pedro Palomo\"},\"sameAs\":[\"http:\\\/\\\/www.vivaeurovision.com\",\"@pedrobcn\",\"https:\\\/\\\/x.com\\\/@pedropalomobcn\"]}]}<\/script>\n<!-- \/ Yoast SEO plugin. -->","yoast_head_json":{"title":"SORAYA ENCUENTRO EMOTIVO, SINCERO Y SIN MIEDO EN EL CONGRESO DE OGAE SPAIN 2016, JUNTO CON OTROS INVITADOS DE EUROVISI\u00d3N AQU\u00cd TEN\u00c9IS TODOS LOS DETALLES","description":"Soraya Congreso Ogae Spain 2016, Eurovisi\u00f3n, Eurovision 2009","robots":{"index":"index","follow":"follow","max-snippet":"max-snippet:-1","max-image-preview":"max-image-preview:large","max-video-preview":"max-video-preview:-1"},"canonical":"https:\/\/www.vivaeurovision.com\/index.php\/2016\/10\/02\/2595-soraya-eurovision-congreso-ogae-2016\/","og_locale":"es_ES","og_type":"article","og_title":"SORAYA ENCUENTRO EMOTIVO, SINCERO Y SIN MIEDO EN EL CONGRESO DE OGAE SPAIN 2016, JUNTO CON OTROS INVITADOS DE EUROVISI\u00d3N AQU\u00cd TEN\u00c9IS TODOS LOS DETALLES","og_description":"Soraya Congreso Ogae Spain 2016, Eurovisi\u00f3n, Eurovision 2009","og_url":"https:\/\/www.vivaeurovision.com\/index.php\/2016\/10\/02\/2595-soraya-eurovision-congreso-ogae-2016\/","og_site_name":"VIVAEUROVISION viva eurovision","article_published_time":"2016-10-02T20:08:11+00:00","article_modified_time":"2016-12-11T02:57:09+00:00","og_image":[{"width":651,"height":346,"url":"https:\/\/www.vivaeurovision.com\/wp-content\/uploads\/2016\/10\/Sin-t\u00edtulo-1-e1475437395416.jpg","type":"image\/jpeg"}],"author":"Pedro Palomo","twitter_card":"summary_large_image","twitter_creator":"@pedropalomobcn","twitter_misc":{"Escrito por":"Pedro Palomo","Tiempo de lectura":"6 minutos"},"schema":{"@context":"https:\/\/schema.org","@graph":[{"@type":"Article","@id":"https:\/\/www.vivaeurovision.com\/index.php\/2016\/10\/02\/2595-soraya-eurovision-congreso-ogae-2016\/#article","isPartOf":{"@id":"https:\/\/www.vivaeurovision.com\/index.php\/2016\/10\/02\/2595-soraya-eurovision-congreso-ogae-2016\/"},"author":{"name":"Pedro Palomo","@id":"https:\/\/www.vivaeurovision.com\/#\/schema\/person\/1d31fdaa3f5f7df556f73d164bd3c47a"},"headline":"SORAYA ENCUENTRO EMOTIVO, EN EL CONGRESO DE OGAE SPAIN 2016, JUNTO CON OTROS INVITADOS DE EUROVISI\u00d3N AQU\u00cd TEN\u00c9IS TODOS LOS DETALLES","datePublished":"2016-10-02T20:08:11+00:00","dateModified":"2016-12-11T02:57:09+00:00","mainEntityOfPage":{"@id":"https:\/\/www.vivaeurovision.com\/index.php\/2016\/10\/02\/2595-soraya-eurovision-congreso-ogae-2016\/"},"wordCount":1245,"commentCount":0,"publisher":{"@id":"https:\/\/www.vivaeurovision.com\/#organization"},"image":{"@id":"https:\/\/www.vivaeurovision.com\/index.php\/2016\/10\/02\/2595-soraya-eurovision-congreso-ogae-2016\/#primaryimage"},"thumbnailUrl":"https:\/\/www.vivaeurovision.com\/wp-content\/uploads\/2016\/10\/Sin-t\u00edtulo-1-e1475437395416.jpg","keywords":["Andrea Demirovic","Congreso Ogae Espa\u00f1a 2016","Congreso Ogae Spain 2016","cronica","ESC","Eurovision","Eurovision 1977","eurovision 2009","Eurovisi\u00f3n 2016","Eurovision 2017","eurovision song contest festival","Evridiki","Marie Myriam Eurovision","news","Noticia","Pedro Palomo","Pedro Palomo Eurovision","Pedro Palomo Vivaeurovision","Salvador Beltr\u00e1n","Salvador Beltr\u00e1n D\u00edas de Alegr\u00eda","Soraya","Soraya Arnelas","Soraya Congreso Ogae Espa\u00f1a","Soraya Congreso Ogae Spain","Soraya Eurovision","Soraya Eurovision 2009","viva eurovision","vivaeurovision"],"articleSection":["Entrevistas","Espa\u00f1a en Eurovisi\u00f3n","Inicio","Noticias","Ultima Hora"],"inLanguage":"es","potentialAction":[{"@type":"CommentAction","name":"Comment","target":["https:\/\/www.vivaeurovision.com\/index.php\/2016\/10\/02\/2595-soraya-eurovision-congreso-ogae-2016\/#respond"]}]},{"@type":"WebPage","@id":"https:\/\/www.vivaeurovision.com\/index.php\/2016\/10\/02\/2595-soraya-eurovision-congreso-ogae-2016\/","url":"https:\/\/www.vivaeurovision.com\/index.php\/2016\/10\/02\/2595-soraya-eurovision-congreso-ogae-2016\/","name":"SORAYA ENCUENTRO EMOTIVO, SINCERO Y SIN MIEDO EN EL CONGRESO DE OGAE SPAIN 2016, JUNTO CON OTROS INVITADOS DE EUROVISI\u00d3N AQU\u00cd TEN\u00c9IS TODOS LOS DETALLES","isPartOf":{"@id":"https:\/\/www.vivaeurovision.com\/#website"},"primaryImageOfPage":{"@id":"https:\/\/www.vivaeurovision.com\/index.php\/2016\/10\/02\/2595-soraya-eurovision-congreso-ogae-2016\/#primaryimage"},"image":{"@id":"https:\/\/www.vivaeurovision.com\/index.php\/2016\/10\/02\/2595-soraya-eurovision-congreso-ogae-2016\/#primaryimage"},"thumbnailUrl":"https:\/\/www.vivaeurovision.com\/wp-content\/uploads\/2016\/10\/Sin-t\u00edtulo-1-e1475437395416.jpg","datePublished":"2016-10-02T20:08:11+00:00","dateModified":"2016-12-11T02:57:09+00:00","description":"Soraya Congreso Ogae Spain 2016, Eurovisi\u00f3n, Eurovision 2009","breadcrumb":{"@id":"https:\/\/www.vivaeurovision.com\/index.php\/2016\/10\/02\/2595-soraya-eurovision-congreso-ogae-2016\/#breadcrumb"},"inLanguage":"es","potentialAction":[{"@type":"ReadAction","target":["https:\/\/www.vivaeurovision.com\/index.php\/2016\/10\/02\/2595-soraya-eurovision-congreso-ogae-2016\/"]}]},{"@type":"ImageObject","inLanguage":"es","@id":"https:\/\/www.vivaeurovision.com\/index.php\/2016\/10\/02\/2595-soraya-eurovision-congreso-ogae-2016\/#primaryimage","url":"https:\/\/www.vivaeurovision.com\/wp-content\/uploads\/2016\/10\/Sin-t\u00edtulo-1-e1475437395416.jpg","contentUrl":"https:\/\/www.vivaeurovision.com\/wp-content\/uploads\/2016\/10\/Sin-t\u00edtulo-1-e1475437395416.jpg","width":651,"height":346,"caption":"vivaeurovision"},{"@type":"BreadcrumbList","@id":"https:\/\/www.vivaeurovision.com\/index.php\/2016\/10\/02\/2595-soraya-eurovision-congreso-ogae-2016\/#breadcrumb","itemListElement":[{"@type":"ListItem","position":1,"name":"Portada","item":"https:\/\/www.vivaeurovision.com\/"},{"@type":"ListItem","position":2,"name":"SORAYA ENCUENTRO EMOTIVO, EN EL CONGRESO DE OGAE SPAIN 2016, JUNTO CON OTROS INVITADOS DE EUROVISI\u00d3N AQU\u00cd TEN\u00c9IS TODOS LOS DETALLES"}]},{"@type":"WebSite","@id":"https:\/\/www.vivaeurovision.com\/#website","url":"https:\/\/www.vivaeurovision.com\/","name":"VIVAEUROVISION viva eurovision","description":"Tu portal sobre el Festival de Eurovision, eurovision, eurovisi\u00f3n","publisher":{"@id":"https:\/\/www.vivaeurovision.com\/#organization"},"potentialAction":[{"@type":"SearchAction","target":{"@type":"EntryPoint","urlTemplate":"https:\/\/www.vivaeurovision.com\/?s={search_term_string}"},"query-input":{"@type":"PropertyValueSpecification","valueRequired":true,"valueName":"search_term_string"}}],"inLanguage":"es"},{"@type":"Organization","@id":"https:\/\/www.vivaeurovision.com\/#organization","name":"vivaeurovision","url":"https:\/\/www.vivaeurovision.com\/","logo":{"@type":"ImageObject","inLanguage":"es","@id":"https:\/\/www.vivaeurovision.com\/#\/schema\/logo\/image\/","url":"https:\/\/www.vivaeurovision.com\/wp-content\/uploads\/2016\/01\/cropped-image-21-1.jpeg","contentUrl":"https:\/\/www.vivaeurovision.com\/wp-content\/uploads\/2016\/01\/cropped-image-21-1.jpeg","width":669,"height":368,"caption":"vivaeurovision"},"image":{"@id":"https:\/\/www.vivaeurovision.com\/#\/schema\/logo\/image\/"}},{"@type":"Person","@id":"https:\/\/www.vivaeurovision.com\/#\/schema\/person\/1d31fdaa3f5f7df556f73d164bd3c47a","name":"Pedro Palomo","image":{"@type":"ImageObject","inLanguage":"es","@id":"https:\/\/secure.gravatar.com\/avatar\/4cf9a4877f5f71f44fb7cedbe1bac1bd28bd8ce7a217517d98d5b2117f9f5505?s=96&d=mm&r=g","url":"https:\/\/secure.gravatar.com\/avatar\/4cf9a4877f5f71f44fb7cedbe1bac1bd28bd8ce7a217517d98d5b2117f9f5505?s=96&d=mm&r=g","contentUrl":"https:\/\/secure.gravatar.com\/avatar\/4cf9a4877f5f71f44fb7cedbe1bac1bd28bd8ce7a217517d98d5b2117f9f5505?s=96&d=mm&r=g","caption":"Pedro Palomo"},"sameAs":["http:\/\/www.vivaeurovision.com","@pedrobcn","https:\/\/x.com\/@pedropalomobcn"]}]}},"_links":{"self":[{"href":"https:\/\/www.vivaeurovision.com\/index.php\/wp-json\/wp\/v2\/posts\/2595","targetHints":{"allow":["GET"]}}],"collection":[{"href":"https:\/\/www.vivaeurovision.com\/index.php\/wp-json\/wp\/v2\/posts"}],"about":[{"href":"https:\/\/www.vivaeurovision.com\/index.php\/wp-json\/wp\/v2\/types\/post"}],"author":[{"embeddable":true,"href":"https:\/\/www.vivaeurovision.com\/index.php\/wp-json\/wp\/v2\/users\/1"}],"replies":[{"embeddable":true,"href":"https:\/\/www.vivaeurovision.com\/index.php\/wp-json\/wp\/v2\/comments?post=2595"}],"version-history":[{"count":0,"href":"https:\/\/www.vivaeurovision.com\/index.php\/wp-json\/wp\/v2\/posts\/2595\/revisions"}],"wp:featuredmedia":[{"embeddable":true,"href":"https:\/\/www.vivaeurovision.com\/index.php\/wp-json\/wp\/v2\/media\/2616"}],"wp:attachment":[{"href":"https:\/\/www.vivaeurovision.com\/index.php\/wp-json\/wp\/v2\/media?parent=2595"}],"wp:term":[{"taxonomy":"category","embeddable":true,"href":"https:\/\/www.vivaeurovision.com\/index.php\/wp-json\/wp\/v2\/categories?post=2595"},{"taxonomy":"post_tag","embeddable":true,"href":"https:\/\/www.vivaeurovision.com\/index.php\/wp-json\/wp\/v2\/tags?post=2595"}],"curies":[{"name":"wp","href":"https:\/\/api.w.org\/{rel}","templated":true}]}}