{"id":2597,"date":"2016-10-14T07:23:21","date_gmt":"2016-10-14T07:23:21","guid":{"rendered":"http:\/\/www.vivaeurovision.com\/?p=2597"},"modified":"2016-10-14T09:16:48","modified_gmt":"2016-10-14T09:16:48","slug":"ruth-lorenzo-voces","status":"publish","type":"post","link":"https:\/\/www.vivaeurovision.com\/index.php\/2016\/10\/14\/ruth-lorenzo-voces\/","title":{"rendered":"Ruth Lorenzo en lo m\u00e1s alto de las listas de ventas con \u00abVOCES\u00bb"},"content":{"rendered":"<h2>Ruth Lorenzo en lo m\u00e1s alto de las listas de ventas con \u00abVOCES\u00bb<\/h2>\n<div id=\"attachment_2636\" style=\"width: 310px\" class=\"wp-caption alignnone\"><img loading=\"lazy\" decoding=\"async\" aria-describedby=\"caption-attachment-2636\" class=\"size-medium wp-image-2636\" src=\"http:\/\/www.vivaeurovision.com\/wp-content\/uploads\/2016\/10\/IMG_2736-300x238.jpg\" alt=\"VIVAEUROVISION \" width=\"300\" height=\"238\" srcset=\"https:\/\/www.vivaeurovision.com\/wp-content\/uploads\/2016\/10\/IMG_2736-300x238.jpg 300w, https:\/\/www.vivaeurovision.com\/wp-content\/uploads\/2016\/10\/IMG_2736-1024x814.jpg 1024w, https:\/\/www.vivaeurovision.com\/wp-content\/uploads\/2016\/10\/IMG_2736.jpg 1242w\" sizes=\"auto, (max-width: 300px) 100vw, 300px\" \/><p id=\"caption-attachment-2636\" class=\"wp-caption-text\">Ruth Lorenzo<\/p><\/div>\n<p>Ruth Lorenzo nuestra representante en el Festival de Eurovisi\u00f3n 2014, regresa al panorama musical a lo grande.<\/p>\n<p>En pocas horas de su lanzamiento el nuevo single de la murciana, logra alcanzar el n\u00famero uno de ventas digitales, superando a otros grandes estrenos del d\u00eda como el nuevo single de David Bisbal.<\/p>\n<div id=\"attachment_2637\" style=\"width: 213px\" class=\"wp-caption alignnone\"><img loading=\"lazy\" decoding=\"async\" aria-describedby=\"caption-attachment-2637\" class=\"size-medium wp-image-2637\" src=\"http:\/\/www.vivaeurovision.com\/wp-content\/uploads\/2016\/10\/IMG_2739-203x300.jpg\" alt=\"Ruth Lorenzo \" width=\"203\" height=\"300\" srcset=\"https:\/\/www.vivaeurovision.com\/wp-content\/uploads\/2016\/10\/IMG_2739-203x300.jpg 203w, https:\/\/www.vivaeurovision.com\/wp-content\/uploads\/2016\/10\/IMG_2739-693x1024.jpg 693w, https:\/\/www.vivaeurovision.com\/wp-content\/uploads\/2016\/10\/IMG_2739.jpg 1242w\" sizes=\"auto, (max-width: 203px) 100vw, 203px\" \/><p id=\"caption-attachment-2637\" class=\"wp-caption-text\">VIVAEUROVISION<\/p><\/div>\n<p>Voces, tema que estar\u00e1 incluido en su nuevo disco y que adem\u00e1s es el himno de \u00abPOR ELLAS 2016\u00bb. Un tema con fines ben\u00e9ficos por la lucha contra el cancer. \u00a0Lo presentar\u00e1 en directo el pr\u00f3ximo 22 de octubre.<\/p>\n<p>https:\/\/www.youtube.com\/shared?ci=HEAUJq_6MVM<\/p>\n<p>VOCES, tambi\u00e9n da nombre a la nueva gira de Ruth Lorenzo que recorrer\u00e1 varias ciudades por todo el pa\u00eds.<\/p>\n<p>Adem\u00e1s de querer batir un r\u00e9cord mundial de realizar 8 conciertos en 8 ciudades distintas en 12 horas.<\/p>\n<p>Ruth Lorenzo sigue demostrando. Su gran fuerza musical.<\/p>\n<p>Ahora nos queda la inc\u00f3gnita, de si Ruth Lorenzo ser\u00e1 finalmente la pr\u00f3xima representante de Espa\u00f1a en el Festival de Eurovisi\u00f3n 2017.<\/p>\n<p>Seguiremos informando.<\/p>\n<p><img loading=\"lazy\" decoding=\"async\" class=\"alignnone size-medium wp-image-311\" src=\"http:\/\/www.vivaeurovision.com\/wp-content\/uploads\/2016\/01\/image-21-300x165.jpeg\" alt=\"VIVAEUROVISION.COM\" width=\"300\" height=\"165\" srcset=\"https:\/\/www.vivaeurovision.com\/wp-content\/uploads\/2016\/01\/image-21-300x165.jpeg 300w, https:\/\/www.vivaeurovision.com\/wp-content\/uploads\/2016\/01\/image-21-555x305.jpeg 555w, https:\/\/www.vivaeurovision.com\/wp-content\/uploads\/2016\/01\/image-21.jpeg 669w\" sizes=\"auto, (max-width: 300px) 100vw, 300px\" \/><\/p>\n<p>Twitter\u00a0<strong> <a href=\"https:\/\/twitter.com\/viva_eurovision\" target=\"_blank\"><span style=\"color: #0066cc;\">@viva_eurovision<\/span><\/a>\u00a0 <a href=\"https:\/\/www.facebook.com\/Vivaeurovisioncom-867806686671081\/?fref=nf\" target=\"_blank\"><span style=\"color: #0066cc;\">FACEBOOK OFICIAL VIVA EUROVISION <\/span><\/a><\/strong>Instragram <strong>\u00a0<\/strong><a href=\"https:\/\/www.instagram.com\/vivaeurovision\/\" target=\"_blank\"><strong>@vivaeurovision<\/strong><\/a><\/p>\n<p><strong>\u00a0<\/strong><\/p>\n<p>Redactor: Pedro Palomo <a href=\"https:\/\/twitter.com\/pedropalomobcn?lang=es\"><strong><span style=\"color: #0066cc;\">@pedropalomobcn<\/span><\/strong><\/a><strong>\u00a0<\/strong>Instagram <a href=\"https:\/\/www.instagram.com\/pedrobcn\/\" target=\"_blank\"><strong>@pedrobcn<\/strong><\/a><\/p>\n<p>&nbsp;<\/p>\n<p>&nbsp;<\/p>\n<p>&nbsp;<\/p>\n","protected":false},"excerpt":{"rendered":"<p>Ruth Lorenzo en lo m\u00e1s alto de las listas de ventas con \u00abVOCES\u00bb Ruth Lorenzo nuestra representante en el Festival de Eurovisi\u00f3n 2014, regresa al panorama musical a lo grande.&#46;&#46;&#46;<\/p>\n","protected":false},"author":1,"featured_media":2636,"comment_status":"open","ping_status":"open","sticky":false,"template":"","format":"standard","meta":{"_exactmetrics_skip_tracking":false,"_exactmetrics_sitenote_active":false,"_exactmetrics_sitenote_note":"","_exactmetrics_sitenote_category":0,"footnotes":""},"categories":[6,876,4,2,1,3],"tags":[11,874,670,19,20,766,1101,1105,187,1103,1104,963,1099,1102,1098,23,22,1100],"class_list":["post-2597","post","type-post","status-publish","format-standard","has-post-thumbnail","hentry","category-espana-en-eurovision","category-eurovision-2017","category-eurovision","category-noticia","category-sin-categoria","category-ultima-hora","tag-eurovision","tag-eurovision-2014","tag-eurovision-2017","tag-pedro-palomo","tag-pedro-palomo-eurovision","tag-pedro-palomo-vivaeurovision","tag-por-ellas-2016","tag-por-ellas-cadena-100","tag-ruth-lorenzo","tag-ruth-lorenzo-eurovision","tag-ruth-lorenzo-eurovision-2014","tag-ruth-lorenzo-eurovision-2017","tag-ruth-lorenzo-gira-voces","tag-ruth-lorenzo-por-ellas-2016","tag-ruth-lorenzo-voces","tag-viva-eurovision","tag-vivaeurovision","tag-voces"],"yoast_head":"<!-- This site is optimized with the Yoast SEO plugin v27.5 - https:\/\/yoast.com\/product\/yoast-seo-wordpress\/ -->\n<title>Ruth Lorenzo en lo m\u00e1s alto de las listas de ventas con &quot;VOCES&quot; - VIVAEUROVISION viva eurovision<\/title>\n<meta name=\"description\" content=\"Ruth Lorenzo VOCES\" \/>\n<meta name=\"robots\" content=\"index, follow, max-snippet:-1, max-image-preview:large, max-video-preview:-1\" \/>\n<link rel=\"canonical\" href=\"https:\/\/www.vivaeurovision.com\/index.php\/2016\/10\/14\/ruth-lorenzo-voces\/\" \/>\n<meta property=\"og:locale\" content=\"es_ES\" \/>\n<meta property=\"og:type\" content=\"article\" \/>\n<meta property=\"og:title\" content=\"Ruth Lorenzo en lo m\u00e1s alto de las listas de ventas con &quot;VOCES&quot; - VIVAEUROVISION viva eurovision\" \/>\n<meta property=\"og:description\" content=\"Ruth Lorenzo VOCES\" \/>\n<meta property=\"og:url\" content=\"https:\/\/www.vivaeurovision.com\/index.php\/2016\/10\/14\/ruth-lorenzo-voces\/\" \/>\n<meta property=\"og:site_name\" content=\"VIVAEUROVISION viva eurovision\" \/>\n<meta property=\"article:published_time\" content=\"2016-10-14T07:23:21+00:00\" \/>\n<meta property=\"article:modified_time\" content=\"2016-10-14T09:16:48+00:00\" \/>\n<meta property=\"og:image\" content=\"https:\/\/www.vivaeurovision.com\/wp-content\/uploads\/2016\/10\/IMG_2736.jpg\" \/>\n\t<meta property=\"og:image:width\" content=\"1242\" \/>\n\t<meta property=\"og:image:height\" content=\"987\" \/>\n\t<meta property=\"og:image:type\" content=\"image\/jpeg\" \/>\n<meta name=\"author\" content=\"Pedro Palomo\" \/>\n<meta name=\"twitter:card\" content=\"summary_large_image\" \/>\n<meta name=\"twitter:creator\" content=\"@pedropalomobcn\" \/>\n<meta name=\"twitter:label1\" content=\"Escrito por\" \/>\n\t<meta name=\"twitter:data1\" content=\"Pedro Palomo\" \/>\n\t<meta name=\"twitter:label2\" content=\"Tiempo de lectura\" \/>\n\t<meta name=\"twitter:data2\" content=\"1 minuto\" \/>\n<script type=\"application\/ld+json\" class=\"yoast-schema-graph\">{\"@context\":\"https:\\\/\\\/schema.org\",\"@graph\":[{\"@type\":\"Article\",\"@id\":\"https:\\\/\\\/www.vivaeurovision.com\\\/index.php\\\/2016\\\/10\\\/14\\\/ruth-lorenzo-voces\\\/#article\",\"isPartOf\":{\"@id\":\"https:\\\/\\\/www.vivaeurovision.com\\\/index.php\\\/2016\\\/10\\\/14\\\/ruth-lorenzo-voces\\\/\"},\"author\":{\"name\":\"Pedro Palomo\",\"@id\":\"https:\\\/\\\/www.vivaeurovision.com\\\/#\\\/schema\\\/person\\\/1d31fdaa3f5f7df556f73d164bd3c47a\"},\"headline\":\"Ruth Lorenzo en lo m\u00e1s alto de las listas de ventas con \u00abVOCES\u00bb\",\"datePublished\":\"2016-10-14T07:23:21+00:00\",\"dateModified\":\"2016-10-14T09:16:48+00:00\",\"mainEntityOfPage\":{\"@id\":\"https:\\\/\\\/www.vivaeurovision.com\\\/index.php\\\/2016\\\/10\\\/14\\\/ruth-lorenzo-voces\\\/\"},\"wordCount\":237,\"commentCount\":0,\"publisher\":{\"@id\":\"https:\\\/\\\/www.vivaeurovision.com\\\/#organization\"},\"image\":{\"@id\":\"https:\\\/\\\/www.vivaeurovision.com\\\/index.php\\\/2016\\\/10\\\/14\\\/ruth-lorenzo-voces\\\/#primaryimage\"},\"thumbnailUrl\":\"https:\\\/\\\/www.vivaeurovision.com\\\/wp-content\\\/uploads\\\/2016\\\/10\\\/IMG_2736.jpg\",\"keywords\":[\"Eurovision\",\"Eurovision 2014\",\"Eurovision 2017\",\"Pedro Palomo\",\"Pedro Palomo Eurovision\",\"Pedro Palomo Vivaeurovision\",\"Por ellas 2016\",\"Por ellas cadena 100\",\"Ruth Lorenzo\",\"Ruth Lorenzo eurovision\",\"Ruth Lorenzo eurovision 2014\",\"ruth lorenzo eurovision 2017\",\"ruth Lorenzo gira VOCES\",\"Ruth Lorenzo por ellas 2016\",\"Ruth Lorenzo VOCES\",\"viva eurovision\",\"vivaeurovision\",\"VOCES\"],\"articleSection\":{\"0\":\"Espa\u00f1a en Eurovisi\u00f3n\",\"1\":\"Eurovisi\u00f3n 2017\",\"2\":\"Inicio\",\"3\":\"Noticias\",\"5\":\"Ultima Hora\"},\"inLanguage\":\"es\",\"potentialAction\":[{\"@type\":\"CommentAction\",\"name\":\"Comment\",\"target\":[\"https:\\\/\\\/www.vivaeurovision.com\\\/index.php\\\/2016\\\/10\\\/14\\\/ruth-lorenzo-voces\\\/#respond\"]}]},{\"@type\":\"WebPage\",\"@id\":\"https:\\\/\\\/www.vivaeurovision.com\\\/index.php\\\/2016\\\/10\\\/14\\\/ruth-lorenzo-voces\\\/\",\"url\":\"https:\\\/\\\/www.vivaeurovision.com\\\/index.php\\\/2016\\\/10\\\/14\\\/ruth-lorenzo-voces\\\/\",\"name\":\"Ruth Lorenzo en lo m\u00e1s alto de las listas de ventas con \\\"VOCES\\\" - VIVAEUROVISION viva eurovision\",\"isPartOf\":{\"@id\":\"https:\\\/\\\/www.vivaeurovision.com\\\/#website\"},\"primaryImageOfPage\":{\"@id\":\"https:\\\/\\\/www.vivaeurovision.com\\\/index.php\\\/2016\\\/10\\\/14\\\/ruth-lorenzo-voces\\\/#primaryimage\"},\"image\":{\"@id\":\"https:\\\/\\\/www.vivaeurovision.com\\\/index.php\\\/2016\\\/10\\\/14\\\/ruth-lorenzo-voces\\\/#primaryimage\"},\"thumbnailUrl\":\"https:\\\/\\\/www.vivaeurovision.com\\\/wp-content\\\/uploads\\\/2016\\\/10\\\/IMG_2736.jpg\",\"datePublished\":\"2016-10-14T07:23:21+00:00\",\"dateModified\":\"2016-10-14T09:16:48+00:00\",\"description\":\"Ruth Lorenzo VOCES\",\"breadcrumb\":{\"@id\":\"https:\\\/\\\/www.vivaeurovision.com\\\/index.php\\\/2016\\\/10\\\/14\\\/ruth-lorenzo-voces\\\/#breadcrumb\"},\"inLanguage\":\"es\",\"potentialAction\":[{\"@type\":\"ReadAction\",\"target\":[\"https:\\\/\\\/www.vivaeurovision.com\\\/index.php\\\/2016\\\/10\\\/14\\\/ruth-lorenzo-voces\\\/\"]}]},{\"@type\":\"ImageObject\",\"inLanguage\":\"es\",\"@id\":\"https:\\\/\\\/www.vivaeurovision.com\\\/index.php\\\/2016\\\/10\\\/14\\\/ruth-lorenzo-voces\\\/#primaryimage\",\"url\":\"https:\\\/\\\/www.vivaeurovision.com\\\/wp-content\\\/uploads\\\/2016\\\/10\\\/IMG_2736.jpg\",\"contentUrl\":\"https:\\\/\\\/www.vivaeurovision.com\\\/wp-content\\\/uploads\\\/2016\\\/10\\\/IMG_2736.jpg\",\"width\":1242,\"height\":987,\"caption\":\"Ruth Lorenzo\"},{\"@type\":\"BreadcrumbList\",\"@id\":\"https:\\\/\\\/www.vivaeurovision.com\\\/index.php\\\/2016\\\/10\\\/14\\\/ruth-lorenzo-voces\\\/#breadcrumb\",\"itemListElement\":[{\"@type\":\"ListItem\",\"position\":1,\"name\":\"Portada\",\"item\":\"https:\\\/\\\/www.vivaeurovision.com\\\/\"},{\"@type\":\"ListItem\",\"position\":2,\"name\":\"Ruth Lorenzo en lo m\u00e1s alto de las listas de ventas con \u00abVOCES\u00bb\"}]},{\"@type\":\"WebSite\",\"@id\":\"https:\\\/\\\/www.vivaeurovision.com\\\/#website\",\"url\":\"https:\\\/\\\/www.vivaeurovision.com\\\/\",\"name\":\"VIVAEUROVISION viva eurovision\",\"description\":\"Tu portal sobre el Festival de Eurovision, eurovision, eurovisi\u00f3n\",\"publisher\":{\"@id\":\"https:\\\/\\\/www.vivaeurovision.com\\\/#organization\"},\"potentialAction\":[{\"@type\":\"SearchAction\",\"target\":{\"@type\":\"EntryPoint\",\"urlTemplate\":\"https:\\\/\\\/www.vivaeurovision.com\\\/?s={search_term_string}\"},\"query-input\":{\"@type\":\"PropertyValueSpecification\",\"valueRequired\":true,\"valueName\":\"search_term_string\"}}],\"inLanguage\":\"es\"},{\"@type\":\"Organization\",\"@id\":\"https:\\\/\\\/www.vivaeurovision.com\\\/#organization\",\"name\":\"vivaeurovision\",\"url\":\"https:\\\/\\\/www.vivaeurovision.com\\\/\",\"logo\":{\"@type\":\"ImageObject\",\"inLanguage\":\"es\",\"@id\":\"https:\\\/\\\/www.vivaeurovision.com\\\/#\\\/schema\\\/logo\\\/image\\\/\",\"url\":\"https:\\\/\\\/www.vivaeurovision.com\\\/wp-content\\\/uploads\\\/2016\\\/01\\\/cropped-image-21-1.jpeg\",\"contentUrl\":\"https:\\\/\\\/www.vivaeurovision.com\\\/wp-content\\\/uploads\\\/2016\\\/01\\\/cropped-image-21-1.jpeg\",\"width\":669,\"height\":368,\"caption\":\"vivaeurovision\"},\"image\":{\"@id\":\"https:\\\/\\\/www.vivaeurovision.com\\\/#\\\/schema\\\/logo\\\/image\\\/\"}},{\"@type\":\"Person\",\"@id\":\"https:\\\/\\\/www.vivaeurovision.com\\\/#\\\/schema\\\/person\\\/1d31fdaa3f5f7df556f73d164bd3c47a\",\"name\":\"Pedro Palomo\",\"image\":{\"@type\":\"ImageObject\",\"inLanguage\":\"es\",\"@id\":\"https:\\\/\\\/secure.gravatar.com\\\/avatar\\\/4cf9a4877f5f71f44fb7cedbe1bac1bd28bd8ce7a217517d98d5b2117f9f5505?s=96&d=mm&r=g\",\"url\":\"https:\\\/\\\/secure.gravatar.com\\\/avatar\\\/4cf9a4877f5f71f44fb7cedbe1bac1bd28bd8ce7a217517d98d5b2117f9f5505?s=96&d=mm&r=g\",\"contentUrl\":\"https:\\\/\\\/secure.gravatar.com\\\/avatar\\\/4cf9a4877f5f71f44fb7cedbe1bac1bd28bd8ce7a217517d98d5b2117f9f5505?s=96&d=mm&r=g\",\"caption\":\"Pedro Palomo\"},\"sameAs\":[\"http:\\\/\\\/www.vivaeurovision.com\",\"@pedrobcn\",\"https:\\\/\\\/x.com\\\/@pedropalomobcn\"]}]}<\/script>\n<!-- \/ Yoast SEO plugin. -->","yoast_head_json":{"title":"Ruth Lorenzo en lo m\u00e1s alto de las listas de ventas con \"VOCES\" - VIVAEUROVISION viva eurovision","description":"Ruth Lorenzo VOCES","robots":{"index":"index","follow":"follow","max-snippet":"max-snippet:-1","max-image-preview":"max-image-preview:large","max-video-preview":"max-video-preview:-1"},"canonical":"https:\/\/www.vivaeurovision.com\/index.php\/2016\/10\/14\/ruth-lorenzo-voces\/","og_locale":"es_ES","og_type":"article","og_title":"Ruth Lorenzo en lo m\u00e1s alto de las listas de ventas con \"VOCES\" - VIVAEUROVISION viva eurovision","og_description":"Ruth Lorenzo VOCES","og_url":"https:\/\/www.vivaeurovision.com\/index.php\/2016\/10\/14\/ruth-lorenzo-voces\/","og_site_name":"VIVAEUROVISION viva eurovision","article_published_time":"2016-10-14T07:23:21+00:00","article_modified_time":"2016-10-14T09:16:48+00:00","og_image":[{"width":1242,"height":987,"url":"https:\/\/www.vivaeurovision.com\/wp-content\/uploads\/2016\/10\/IMG_2736.jpg","type":"image\/jpeg"}],"author":"Pedro Palomo","twitter_card":"summary_large_image","twitter_creator":"@pedropalomobcn","twitter_misc":{"Escrito por":"Pedro Palomo","Tiempo de lectura":"1 minuto"},"schema":{"@context":"https:\/\/schema.org","@graph":[{"@type":"Article","@id":"https:\/\/www.vivaeurovision.com\/index.php\/2016\/10\/14\/ruth-lorenzo-voces\/#article","isPartOf":{"@id":"https:\/\/www.vivaeurovision.com\/index.php\/2016\/10\/14\/ruth-lorenzo-voces\/"},"author":{"name":"Pedro Palomo","@id":"https:\/\/www.vivaeurovision.com\/#\/schema\/person\/1d31fdaa3f5f7df556f73d164bd3c47a"},"headline":"Ruth Lorenzo en lo m\u00e1s alto de las listas de ventas con \u00abVOCES\u00bb","datePublished":"2016-10-14T07:23:21+00:00","dateModified":"2016-10-14T09:16:48+00:00","mainEntityOfPage":{"@id":"https:\/\/www.vivaeurovision.com\/index.php\/2016\/10\/14\/ruth-lorenzo-voces\/"},"wordCount":237,"commentCount":0,"publisher":{"@id":"https:\/\/www.vivaeurovision.com\/#organization"},"image":{"@id":"https:\/\/www.vivaeurovision.com\/index.php\/2016\/10\/14\/ruth-lorenzo-voces\/#primaryimage"},"thumbnailUrl":"https:\/\/www.vivaeurovision.com\/wp-content\/uploads\/2016\/10\/IMG_2736.jpg","keywords":["Eurovision","Eurovision 2014","Eurovision 2017","Pedro Palomo","Pedro Palomo Eurovision","Pedro Palomo Vivaeurovision","Por ellas 2016","Por ellas cadena 100","Ruth Lorenzo","Ruth Lorenzo eurovision","Ruth Lorenzo eurovision 2014","ruth lorenzo eurovision 2017","ruth Lorenzo gira VOCES","Ruth Lorenzo por ellas 2016","Ruth Lorenzo VOCES","viva eurovision","vivaeurovision","VOCES"],"articleSection":{"0":"Espa\u00f1a en Eurovisi\u00f3n","1":"Eurovisi\u00f3n 2017","2":"Inicio","3":"Noticias","5":"Ultima Hora"},"inLanguage":"es","potentialAction":[{"@type":"CommentAction","name":"Comment","target":["https:\/\/www.vivaeurovision.com\/index.php\/2016\/10\/14\/ruth-lorenzo-voces\/#respond"]}]},{"@type":"WebPage","@id":"https:\/\/www.vivaeurovision.com\/index.php\/2016\/10\/14\/ruth-lorenzo-voces\/","url":"https:\/\/www.vivaeurovision.com\/index.php\/2016\/10\/14\/ruth-lorenzo-voces\/","name":"Ruth Lorenzo en lo m\u00e1s alto de las listas de ventas con \"VOCES\" - VIVAEUROVISION viva eurovision","isPartOf":{"@id":"https:\/\/www.vivaeurovision.com\/#website"},"primaryImageOfPage":{"@id":"https:\/\/www.vivaeurovision.com\/index.php\/2016\/10\/14\/ruth-lorenzo-voces\/#primaryimage"},"image":{"@id":"https:\/\/www.vivaeurovision.com\/index.php\/2016\/10\/14\/ruth-lorenzo-voces\/#primaryimage"},"thumbnailUrl":"https:\/\/www.vivaeurovision.com\/wp-content\/uploads\/2016\/10\/IMG_2736.jpg","datePublished":"2016-10-14T07:23:21+00:00","dateModified":"2016-10-14T09:16:48+00:00","description":"Ruth Lorenzo VOCES","breadcrumb":{"@id":"https:\/\/www.vivaeurovision.com\/index.php\/2016\/10\/14\/ruth-lorenzo-voces\/#breadcrumb"},"inLanguage":"es","potentialAction":[{"@type":"ReadAction","target":["https:\/\/www.vivaeurovision.com\/index.php\/2016\/10\/14\/ruth-lorenzo-voces\/"]}]},{"@type":"ImageObject","inLanguage":"es","@id":"https:\/\/www.vivaeurovision.com\/index.php\/2016\/10\/14\/ruth-lorenzo-voces\/#primaryimage","url":"https:\/\/www.vivaeurovision.com\/wp-content\/uploads\/2016\/10\/IMG_2736.jpg","contentUrl":"https:\/\/www.vivaeurovision.com\/wp-content\/uploads\/2016\/10\/IMG_2736.jpg","width":1242,"height":987,"caption":"Ruth Lorenzo"},{"@type":"BreadcrumbList","@id":"https:\/\/www.vivaeurovision.com\/index.php\/2016\/10\/14\/ruth-lorenzo-voces\/#breadcrumb","itemListElement":[{"@type":"ListItem","position":1,"name":"Portada","item":"https:\/\/www.vivaeurovision.com\/"},{"@type":"ListItem","position":2,"name":"Ruth Lorenzo en lo m\u00e1s alto de las listas de ventas con \u00abVOCES\u00bb"}]},{"@type":"WebSite","@id":"https:\/\/www.vivaeurovision.com\/#website","url":"https:\/\/www.vivaeurovision.com\/","name":"VIVAEUROVISION viva eurovision","description":"Tu portal sobre el Festival de Eurovision, eurovision, eurovisi\u00f3n","publisher":{"@id":"https:\/\/www.vivaeurovision.com\/#organization"},"potentialAction":[{"@type":"SearchAction","target":{"@type":"EntryPoint","urlTemplate":"https:\/\/www.vivaeurovision.com\/?s={search_term_string}"},"query-input":{"@type":"PropertyValueSpecification","valueRequired":true,"valueName":"search_term_string"}}],"inLanguage":"es"},{"@type":"Organization","@id":"https:\/\/www.vivaeurovision.com\/#organization","name":"vivaeurovision","url":"https:\/\/www.vivaeurovision.com\/","logo":{"@type":"ImageObject","inLanguage":"es","@id":"https:\/\/www.vivaeurovision.com\/#\/schema\/logo\/image\/","url":"https:\/\/www.vivaeurovision.com\/wp-content\/uploads\/2016\/01\/cropped-image-21-1.jpeg","contentUrl":"https:\/\/www.vivaeurovision.com\/wp-content\/uploads\/2016\/01\/cropped-image-21-1.jpeg","width":669,"height":368,"caption":"vivaeurovision"},"image":{"@id":"https:\/\/www.vivaeurovision.com\/#\/schema\/logo\/image\/"}},{"@type":"Person","@id":"https:\/\/www.vivaeurovision.com\/#\/schema\/person\/1d31fdaa3f5f7df556f73d164bd3c47a","name":"Pedro Palomo","image":{"@type":"ImageObject","inLanguage":"es","@id":"https:\/\/secure.gravatar.com\/avatar\/4cf9a4877f5f71f44fb7cedbe1bac1bd28bd8ce7a217517d98d5b2117f9f5505?s=96&d=mm&r=g","url":"https:\/\/secure.gravatar.com\/avatar\/4cf9a4877f5f71f44fb7cedbe1bac1bd28bd8ce7a217517d98d5b2117f9f5505?s=96&d=mm&r=g","contentUrl":"https:\/\/secure.gravatar.com\/avatar\/4cf9a4877f5f71f44fb7cedbe1bac1bd28bd8ce7a217517d98d5b2117f9f5505?s=96&d=mm&r=g","caption":"Pedro Palomo"},"sameAs":["http:\/\/www.vivaeurovision.com","@pedrobcn","https:\/\/x.com\/@pedropalomobcn"]}]}},"_links":{"self":[{"href":"https:\/\/www.vivaeurovision.com\/index.php\/wp-json\/wp\/v2\/posts\/2597","targetHints":{"allow":["GET"]}}],"collection":[{"href":"https:\/\/www.vivaeurovision.com\/index.php\/wp-json\/wp\/v2\/posts"}],"about":[{"href":"https:\/\/www.vivaeurovision.com\/index.php\/wp-json\/wp\/v2\/types\/post"}],"author":[{"embeddable":true,"href":"https:\/\/www.vivaeurovision.com\/index.php\/wp-json\/wp\/v2\/users\/1"}],"replies":[{"embeddable":true,"href":"https:\/\/www.vivaeurovision.com\/index.php\/wp-json\/wp\/v2\/comments?post=2597"}],"version-history":[{"count":0,"href":"https:\/\/www.vivaeurovision.com\/index.php\/wp-json\/wp\/v2\/posts\/2597\/revisions"}],"wp:featuredmedia":[{"embeddable":true,"href":"https:\/\/www.vivaeurovision.com\/index.php\/wp-json\/wp\/v2\/media\/2636"}],"wp:attachment":[{"href":"https:\/\/www.vivaeurovision.com\/index.php\/wp-json\/wp\/v2\/media?parent=2597"}],"wp:term":[{"taxonomy":"category","embeddable":true,"href":"https:\/\/www.vivaeurovision.com\/index.php\/wp-json\/wp\/v2\/categories?post=2597"},{"taxonomy":"post_tag","embeddable":true,"href":"https:\/\/www.vivaeurovision.com\/index.php\/wp-json\/wp\/v2\/tags?post=2597"}],"curies":[{"name":"wp","href":"https:\/\/api.w.org\/{rel}","templated":true}]}}