{"id":2768,"date":"2016-10-29T17:48:12","date_gmt":"2016-10-29T17:48:12","guid":{"rendered":"http:\/\/www.vivaeurovision.com\/?p=2768"},"modified":"2016-10-29T17:48:12","modified_gmt":"2016-10-29T17:48:12","slug":"og3ne-a-eurovision-2017-por-paises-bajos","status":"publish","type":"post","link":"https:\/\/www.vivaeurovision.com\/index.php\/2016\/10\/29\/og3ne-a-eurovision-2017-por-paises-bajos\/","title":{"rendered":"O\u00b4G3NE: A EUROVISI\u00d3N 2017 POR PAISES BAJOS"},"content":{"rendered":"<h2>O\u00b4G3NE A EUROVISI\u00d3N 2017 POR PAISES BAJOS, 10 A\u00d1OS DESPUES DE EUROJUNIOR<\/h2>\n<p><img loading=\"lazy\" decoding=\"async\" class=\"alignnone size-medium wp-image-2532\" src=\"http:\/\/www.vivaeurovision.com\/wp-content\/uploads\/2016\/09\/\u0432\u0438\u0437\u0430-\u0432-\u043d\u0438\u0434\u0435\u0440\u043b\u0430\u043d\u0434\u044b-\u0443\u043a\u0440\u0430\u0438\u043d\u0446\u0430\u043c-copia-300x188.jpg\" alt=\"vivaeurovision\" width=\"300\" height=\"188\" srcset=\"https:\/\/www.vivaeurovision.com\/wp-content\/uploads\/2016\/09\/\u0432\u0438\u0437\u0430-\u0432-\u043d\u0438\u0434\u0435\u0440\u043b\u0430\u043d\u0434\u044b-\u0443\u043a\u0440\u0430\u0438\u043d\u0446\u0430\u043c-copia-300x188.jpg 300w, https:\/\/www.vivaeurovision.com\/wp-content\/uploads\/2016\/09\/\u0432\u0438\u0437\u0430-\u0432-\u043d\u0438\u0434\u0435\u0440\u043b\u0430\u043d\u0434\u044b-\u0443\u043a\u0440\u0430\u0438\u043d\u0446\u0430\u043c-copia-1024x642.jpg 1024w, https:\/\/www.vivaeurovision.com\/wp-content\/uploads\/2016\/09\/\u0432\u0438\u0437\u0430-\u0432-\u043d\u0438\u0434\u0435\u0440\u043b\u0430\u043d\u0434\u044b-\u0443\u043a\u0440\u0430\u0438\u043d\u0446\u0430\u043c-copia.jpg 1280w\" sizes=\"auto, (max-width: 300px) 100vw, 300px\" \/><\/p>\n<p>Un secreto a voces que hoy ha sido confirmado por <strong>AVROTROS, <\/strong>tras varios meses de rumores.<\/p>\n<div id=\"attachment_2770\" style=\"width: 310px\" class=\"wp-caption alignnone\"><img loading=\"lazy\" decoding=\"async\" aria-describedby=\"caption-attachment-2770\" class=\"size-medium wp-image-2770\" src=\"http:\/\/www.vivaeurovision.com\/wp-content\/uploads\/2016\/10\/Og3ne-1414438354-300x200.jpg\" alt=\"eurovision\" width=\"300\" height=\"200\" srcset=\"https:\/\/www.vivaeurovision.com\/wp-content\/uploads\/2016\/10\/Og3ne-1414438354-300x200.jpg 300w, https:\/\/www.vivaeurovision.com\/wp-content\/uploads\/2016\/10\/Og3ne-1414438354-1024x683.jpg 1024w, https:\/\/www.vivaeurovision.com\/wp-content\/uploads\/2016\/10\/Og3ne-1414438354.jpg 2048w\" sizes=\"auto, (max-width: 300px) 100vw, 300px\" \/><p id=\"caption-attachment-2770\" class=\"wp-caption-text\">O&#8217;G3NE \uf1f9Robin Kamphuis<\/p><\/div>\n<p>El grupo femenino O\u00b4G3NE, ser\u00e1n las representantes de Pa\u00edses Bajos, en Festival de Eurovisi\u00f3n 2017, coincidiendo que hace\u00a0 10 a\u00f1os ellas representaron a Pa\u00edses Bajos en Eurojunior.<\/p>\n<p>Las ganadoras de La Voz en 2014 en Pa\u00edses Bajos, se concierten en las sucesoras de Douwe Bob.<\/p>\n<p>Conseguir\u00e1n seguir la buena racha que Pa\u00edses Bajos esta cosechando en Eurovisi\u00f3n en los \u00faltimos a\u00f1os?<\/p>\n<p>No cabe duda que calidad vocal, musical y visual tienen, ahora nos toca esperar a conocer el tema con el que defender\u00e1n su pa\u00eds en Kiev 2017, el pr\u00f3ximo mes de mayo.<\/p>\n<p>Como viene siendo de costumbre en los \u00faltimos a\u00f1os,\u00a0Pa\u00edses Bajos es uno de los primeros en dar a conocer\u00a0a sus\u00a0representantes.<\/p>\n<p>Con la\u00a0noticia de hoy O\u00b4G3NE se convierten oficialmente en las segundas artistas confirmadas, que estar\u00e1n en el escenario de\u00a0Kiev 2017.<br \/>\n<iframe loading=\"lazy\" src=\"https:\/\/www.youtube.com\/embed\/xp-BfilyMfA\" width=\"560\" height=\"315\" frameborder=\"0\" allowfullscreen=\"allowfullscreen\"><\/iframe><\/p>\n<p><iframe loading=\"lazy\" src=\"https:\/\/www.youtube.com\/embed\/lwTeK2-URPE\" width=\"560\" height=\"315\" frameborder=\"0\" allowfullscreen=\"allowfullscreen\"><\/iframe><br \/>\n<img loading=\"lazy\" decoding=\"async\" class=\"alignnone size-medium wp-image-176\" src=\"http:\/\/www.vivaeurovision.com\/wp-content\/uploads\/2016\/01\/untitledJPGLOGO-2-300x165.jpg\" alt=\"untitledJPGLOGO\" width=\"300\" height=\"165\" srcset=\"https:\/\/www.vivaeurovision.com\/wp-content\/uploads\/2016\/01\/untitledJPGLOGO-2-300x165.jpg 300w, https:\/\/www.vivaeurovision.com\/wp-content\/uploads\/2016\/01\/untitledJPGLOGO-2-555x305.jpg 555w, https:\/\/www.vivaeurovision.com\/wp-content\/uploads\/2016\/01\/untitledJPGLOGO-2.jpg 669w\" sizes=\"auto, (max-width: 300px) 100vw, 300px\" \/><\/p>\n<p>Twitter\u00a0<strong> <a href=\"https:\/\/twitter.com\/viva_eurovision\" target=\"_blank\">@viva_eurovision<\/a>\u00a0 <a href=\"https:\/\/www.facebook.com\/Vivaeurovisioncom-867806686671081\/?fref=nf\" target=\"_blank\">FACEBOOK OFICIAL VIVA EUROVISION <\/a><\/strong>Instragram<strong> <a href=\"https:\/\/www.instagram.com\/vivaeurovision\/\" target=\"_blank\">@vivaeurovision<\/a><\/strong><\/p>\n<p>Imagentes: \u00a9<span class=\"title\">O&#8217;G3NE<\/span> <span class=\"description\">Lisa, Amy &amp; Shelly, also known as O&#8217;G3NE<\/span> \u00a9<span class=\"copyright\">Robin Kamphuis<\/span><\/p>\n<p>Redactor: Pedro Palomo <a href=\"https:\/\/twitter.com\/pedropalomobcn?lang=es\"><strong>@pedropalomobcn<\/strong><\/a><strong>\u00a0<\/strong>Instagram <strong><a href=\"https:\/\/www.instagram.com\/pedrobcn\/\" target=\"_blank\">@pedrobcn<\/a><\/strong><\/p>\n","protected":false},"excerpt":{"rendered":"<p>O\u00b4G3NE A EUROVISI\u00d3N 2017 POR PAISES BAJOS, 10 A\u00d1OS DESPUES DE EUROJUNIOR Un secreto a voces que hoy ha sido confirmado por AVROTROS, tras varios meses de rumores. El grupo&#46;&#46;&#46;<\/p>\n","protected":false},"author":1,"featured_media":2771,"comment_status":"open","ping_status":"open","sticky":false,"template":"","format":"standard","meta":{"_exactmetrics_skip_tracking":false,"_exactmetrics_sitenote_active":false,"_exactmetrics_sitenote_note":"","_exactmetrics_sitenote_category":0,"footnotes":""},"categories":[876,4,2,3],"tags":[1156,1155,17,865,11,1017,866,706,1023,34,1157,1154,1024,1025,1026,19,20,766,1027,1029,1028,23],"class_list":["post-2768","post","type-post","status-publish","format-standard","has-post-thumbnail","hentry","category-eurovision-2017","category-eurovision","category-noticia","category-ultima-hora","tag-also-known","tag-amy-shelly","tag-esc","tag-esc-2017","tag-eurovision","tag-eurovision-kiev-2017","tag-eurovision-song-contest-2017","tag-eurovision-song-contest-festival","tag-kiev-2017","tag-noticia","tag-og3ne-eurovision-2017","tag-og3ne-lisa","tag-og3ne","tag-og3ne-eurovision","tag-paises-bajos-eurovision-2017","tag-pedro-palomo","tag-pedro-palomo-eurovision","tag-pedro-palomo-vivaeurovision","tag-the-netherlands-eurovision","tag-the-netherlands-eurovision-2017","tag-the-netherlans-eurovision-og3ne","tag-viva-eurovision"],"yoast_head":"<!-- This site is optimized with the Yoast SEO plugin v27.5 - https:\/\/yoast.com\/product\/yoast-seo-wordpress\/ -->\n<title>O\u00b4G3NE: A EUROVISI\u00d3N 2017 POR PAISES BAJOS - VIVAEUROVISION viva eurovision<\/title>\n<meta name=\"description\" content=\"O\u00b4G3NE Eurovisi\u00f3n 2017, Eurovision, Pa\u00edses Bajos, vivaeurovision, eurovisi\u00f3n 2017, Eurovision 2017, Kiev 2017, Eurovision Song Contest Festival\" \/>\n<meta name=\"robots\" content=\"index, follow, max-snippet:-1, max-image-preview:large, max-video-preview:-1\" \/>\n<link rel=\"canonical\" href=\"https:\/\/www.vivaeurovision.com\/index.php\/2016\/10\/29\/og3ne-a-eurovision-2017-por-paises-bajos\/\" \/>\n<meta property=\"og:locale\" content=\"es_ES\" \/>\n<meta property=\"og:type\" content=\"article\" \/>\n<meta property=\"og:title\" content=\"O\u00b4G3NE: A EUROVISI\u00d3N 2017 POR PAISES BAJOS - VIVAEUROVISION viva eurovision\" \/>\n<meta property=\"og:description\" content=\"O\u00b4G3NE Eurovisi\u00f3n 2017, Eurovision, Pa\u00edses Bajos, vivaeurovision, eurovisi\u00f3n 2017, Eurovision 2017, Kiev 2017, Eurovision Song Contest Festival\" \/>\n<meta property=\"og:url\" content=\"https:\/\/www.vivaeurovision.com\/index.php\/2016\/10\/29\/og3ne-a-eurovision-2017-por-paises-bajos\/\" \/>\n<meta property=\"og:site_name\" content=\"VIVAEUROVISION viva eurovision\" \/>\n<meta property=\"article:published_time\" content=\"2016-10-29T17:48:12+00:00\" \/>\n<meta property=\"og:image\" content=\"https:\/\/www.vivaeurovision.com\/wp-content\/uploads\/2016\/10\/Sin-t\u00edtulo-1-5.jpg\" \/>\n\t<meta property=\"og:image:width\" content=\"600\" \/>\n\t<meta property=\"og:image:height\" content=\"350\" \/>\n\t<meta property=\"og:image:type\" content=\"image\/jpeg\" \/>\n<meta name=\"author\" content=\"Pedro Palomo\" \/>\n<meta name=\"twitter:card\" content=\"summary_large_image\" \/>\n<meta name=\"twitter:creator\" content=\"@pedropalomobcn\" \/>\n<meta name=\"twitter:label1\" content=\"Escrito por\" \/>\n\t<meta name=\"twitter:data1\" content=\"Pedro Palomo\" \/>\n\t<meta name=\"twitter:label2\" content=\"Tiempo de lectura\" \/>\n\t<meta name=\"twitter:data2\" content=\"1 minuto\" \/>\n<script type=\"application\/ld+json\" class=\"yoast-schema-graph\">{\"@context\":\"https:\\\/\\\/schema.org\",\"@graph\":[{\"@type\":\"Article\",\"@id\":\"https:\\\/\\\/www.vivaeurovision.com\\\/index.php\\\/2016\\\/10\\\/29\\\/og3ne-a-eurovision-2017-por-paises-bajos\\\/#article\",\"isPartOf\":{\"@id\":\"https:\\\/\\\/www.vivaeurovision.com\\\/index.php\\\/2016\\\/10\\\/29\\\/og3ne-a-eurovision-2017-por-paises-bajos\\\/\"},\"author\":{\"name\":\"Pedro Palomo\",\"@id\":\"https:\\\/\\\/www.vivaeurovision.com\\\/#\\\/schema\\\/person\\\/1d31fdaa3f5f7df556f73d164bd3c47a\"},\"headline\":\"O\u00b4G3NE: A EUROVISI\u00d3N 2017 POR PAISES BAJOS\",\"datePublished\":\"2016-10-29T17:48:12+00:00\",\"mainEntityOfPage\":{\"@id\":\"https:\\\/\\\/www.vivaeurovision.com\\\/index.php\\\/2016\\\/10\\\/29\\\/og3ne-a-eurovision-2017-por-paises-bajos\\\/\"},\"wordCount\":235,\"commentCount\":0,\"publisher\":{\"@id\":\"https:\\\/\\\/www.vivaeurovision.com\\\/#organization\"},\"image\":{\"@id\":\"https:\\\/\\\/www.vivaeurovision.com\\\/index.php\\\/2016\\\/10\\\/29\\\/og3ne-a-eurovision-2017-por-paises-bajos\\\/#primaryimage\"},\"thumbnailUrl\":\"https:\\\/\\\/www.vivaeurovision.com\\\/wp-content\\\/uploads\\\/2016\\\/10\\\/Sin-t\u00edtulo-1-5.jpg\",\"keywords\":[\"also known\",\"Amy &amp; Shelly\",\"ESC\",\"esc 2017\",\"Eurovision\",\"eurovision kiev 2017\",\"eurovision song contest 2017\",\"eurovision song contest festival\",\"kiev 2017\",\"Noticia\",\"O'G3NE eurovision 2017\",\"O'G3NE Lisa\",\"O\u00b4G3NE\",\"O\u00b4G3NE EUROVISION\",\"PAISES BAJOS EUROVISION 2017\",\"Pedro Palomo\",\"Pedro Palomo Eurovision\",\"Pedro Palomo Vivaeurovision\",\"THE NETHERLANDS EUROVISION\",\"THE NETHERLANDS EUROVISION 2017\",\"THE NETHERLANS EUROVISION O\u00b4G3NE\",\"viva eurovision\"],\"articleSection\":[\"Eurovisi\u00f3n 2017\",\"Inicio\",\"Noticias\",\"Ultima Hora\"],\"inLanguage\":\"es\",\"potentialAction\":[{\"@type\":\"CommentAction\",\"name\":\"Comment\",\"target\":[\"https:\\\/\\\/www.vivaeurovision.com\\\/index.php\\\/2016\\\/10\\\/29\\\/og3ne-a-eurovision-2017-por-paises-bajos\\\/#respond\"]}]},{\"@type\":\"WebPage\",\"@id\":\"https:\\\/\\\/www.vivaeurovision.com\\\/index.php\\\/2016\\\/10\\\/29\\\/og3ne-a-eurovision-2017-por-paises-bajos\\\/\",\"url\":\"https:\\\/\\\/www.vivaeurovision.com\\\/index.php\\\/2016\\\/10\\\/29\\\/og3ne-a-eurovision-2017-por-paises-bajos\\\/\",\"name\":\"O\u00b4G3NE: A EUROVISI\u00d3N 2017 POR PAISES BAJOS - VIVAEUROVISION viva eurovision\",\"isPartOf\":{\"@id\":\"https:\\\/\\\/www.vivaeurovision.com\\\/#website\"},\"primaryImageOfPage\":{\"@id\":\"https:\\\/\\\/www.vivaeurovision.com\\\/index.php\\\/2016\\\/10\\\/29\\\/og3ne-a-eurovision-2017-por-paises-bajos\\\/#primaryimage\"},\"image\":{\"@id\":\"https:\\\/\\\/www.vivaeurovision.com\\\/index.php\\\/2016\\\/10\\\/29\\\/og3ne-a-eurovision-2017-por-paises-bajos\\\/#primaryimage\"},\"thumbnailUrl\":\"https:\\\/\\\/www.vivaeurovision.com\\\/wp-content\\\/uploads\\\/2016\\\/10\\\/Sin-t\u00edtulo-1-5.jpg\",\"datePublished\":\"2016-10-29T17:48:12+00:00\",\"description\":\"O\u00b4G3NE Eurovisi\u00f3n 2017, Eurovision, Pa\u00edses Bajos, vivaeurovision, eurovisi\u00f3n 2017, Eurovision 2017, Kiev 2017, Eurovision Song Contest Festival\",\"breadcrumb\":{\"@id\":\"https:\\\/\\\/www.vivaeurovision.com\\\/index.php\\\/2016\\\/10\\\/29\\\/og3ne-a-eurovision-2017-por-paises-bajos\\\/#breadcrumb\"},\"inLanguage\":\"es\",\"potentialAction\":[{\"@type\":\"ReadAction\",\"target\":[\"https:\\\/\\\/www.vivaeurovision.com\\\/index.php\\\/2016\\\/10\\\/29\\\/og3ne-a-eurovision-2017-por-paises-bajos\\\/\"]}]},{\"@type\":\"ImageObject\",\"inLanguage\":\"es\",\"@id\":\"https:\\\/\\\/www.vivaeurovision.com\\\/index.php\\\/2016\\\/10\\\/29\\\/og3ne-a-eurovision-2017-por-paises-bajos\\\/#primaryimage\",\"url\":\"https:\\\/\\\/www.vivaeurovision.com\\\/wp-content\\\/uploads\\\/2016\\\/10\\\/Sin-t\u00edtulo-1-5.jpg\",\"contentUrl\":\"https:\\\/\\\/www.vivaeurovision.com\\\/wp-content\\\/uploads\\\/2016\\\/10\\\/Sin-t\u00edtulo-1-5.jpg\",\"width\":600,\"height\":350,\"caption\":\"O\u00b4G3NE\"},{\"@type\":\"BreadcrumbList\",\"@id\":\"https:\\\/\\\/www.vivaeurovision.com\\\/index.php\\\/2016\\\/10\\\/29\\\/og3ne-a-eurovision-2017-por-paises-bajos\\\/#breadcrumb\",\"itemListElement\":[{\"@type\":\"ListItem\",\"position\":1,\"name\":\"Portada\",\"item\":\"https:\\\/\\\/www.vivaeurovision.com\\\/\"},{\"@type\":\"ListItem\",\"position\":2,\"name\":\"O\u00b4G3NE: A EUROVISI\u00d3N 2017 POR PAISES BAJOS\"}]},{\"@type\":\"WebSite\",\"@id\":\"https:\\\/\\\/www.vivaeurovision.com\\\/#website\",\"url\":\"https:\\\/\\\/www.vivaeurovision.com\\\/\",\"name\":\"VIVAEUROVISION viva eurovision\",\"description\":\"Tu portal sobre el Festival de Eurovision, eurovision, eurovisi\u00f3n\",\"publisher\":{\"@id\":\"https:\\\/\\\/www.vivaeurovision.com\\\/#organization\"},\"potentialAction\":[{\"@type\":\"SearchAction\",\"target\":{\"@type\":\"EntryPoint\",\"urlTemplate\":\"https:\\\/\\\/www.vivaeurovision.com\\\/?s={search_term_string}\"},\"query-input\":{\"@type\":\"PropertyValueSpecification\",\"valueRequired\":true,\"valueName\":\"search_term_string\"}}],\"inLanguage\":\"es\"},{\"@type\":\"Organization\",\"@id\":\"https:\\\/\\\/www.vivaeurovision.com\\\/#organization\",\"name\":\"vivaeurovision\",\"url\":\"https:\\\/\\\/www.vivaeurovision.com\\\/\",\"logo\":{\"@type\":\"ImageObject\",\"inLanguage\":\"es\",\"@id\":\"https:\\\/\\\/www.vivaeurovision.com\\\/#\\\/schema\\\/logo\\\/image\\\/\",\"url\":\"https:\\\/\\\/www.vivaeurovision.com\\\/wp-content\\\/uploads\\\/2016\\\/01\\\/cropped-image-21-1.jpeg\",\"contentUrl\":\"https:\\\/\\\/www.vivaeurovision.com\\\/wp-content\\\/uploads\\\/2016\\\/01\\\/cropped-image-21-1.jpeg\",\"width\":669,\"height\":368,\"caption\":\"vivaeurovision\"},\"image\":{\"@id\":\"https:\\\/\\\/www.vivaeurovision.com\\\/#\\\/schema\\\/logo\\\/image\\\/\"}},{\"@type\":\"Person\",\"@id\":\"https:\\\/\\\/www.vivaeurovision.com\\\/#\\\/schema\\\/person\\\/1d31fdaa3f5f7df556f73d164bd3c47a\",\"name\":\"Pedro Palomo\",\"image\":{\"@type\":\"ImageObject\",\"inLanguage\":\"es\",\"@id\":\"https:\\\/\\\/secure.gravatar.com\\\/avatar\\\/4cf9a4877f5f71f44fb7cedbe1bac1bd28bd8ce7a217517d98d5b2117f9f5505?s=96&d=mm&r=g\",\"url\":\"https:\\\/\\\/secure.gravatar.com\\\/avatar\\\/4cf9a4877f5f71f44fb7cedbe1bac1bd28bd8ce7a217517d98d5b2117f9f5505?s=96&d=mm&r=g\",\"contentUrl\":\"https:\\\/\\\/secure.gravatar.com\\\/avatar\\\/4cf9a4877f5f71f44fb7cedbe1bac1bd28bd8ce7a217517d98d5b2117f9f5505?s=96&d=mm&r=g\",\"caption\":\"Pedro Palomo\"},\"sameAs\":[\"http:\\\/\\\/www.vivaeurovision.com\",\"@pedrobcn\",\"https:\\\/\\\/x.com\\\/@pedropalomobcn\"]}]}<\/script>\n<!-- \/ Yoast SEO plugin. -->","yoast_head_json":{"title":"O\u00b4G3NE: A EUROVISI\u00d3N 2017 POR PAISES BAJOS - VIVAEUROVISION viva eurovision","description":"O\u00b4G3NE Eurovisi\u00f3n 2017, Eurovision, Pa\u00edses Bajos, vivaeurovision, eurovisi\u00f3n 2017, Eurovision 2017, Kiev 2017, Eurovision Song Contest Festival","robots":{"index":"index","follow":"follow","max-snippet":"max-snippet:-1","max-image-preview":"max-image-preview:large","max-video-preview":"max-video-preview:-1"},"canonical":"https:\/\/www.vivaeurovision.com\/index.php\/2016\/10\/29\/og3ne-a-eurovision-2017-por-paises-bajos\/","og_locale":"es_ES","og_type":"article","og_title":"O\u00b4G3NE: A EUROVISI\u00d3N 2017 POR PAISES BAJOS - VIVAEUROVISION viva eurovision","og_description":"O\u00b4G3NE Eurovisi\u00f3n 2017, Eurovision, Pa\u00edses Bajos, vivaeurovision, eurovisi\u00f3n 2017, Eurovision 2017, Kiev 2017, Eurovision Song Contest Festival","og_url":"https:\/\/www.vivaeurovision.com\/index.php\/2016\/10\/29\/og3ne-a-eurovision-2017-por-paises-bajos\/","og_site_name":"VIVAEUROVISION viva eurovision","article_published_time":"2016-10-29T17:48:12+00:00","og_image":[{"width":600,"height":350,"url":"https:\/\/www.vivaeurovision.com\/wp-content\/uploads\/2016\/10\/Sin-t\u00edtulo-1-5.jpg","type":"image\/jpeg"}],"author":"Pedro Palomo","twitter_card":"summary_large_image","twitter_creator":"@pedropalomobcn","twitter_misc":{"Escrito por":"Pedro Palomo","Tiempo de lectura":"1 minuto"},"schema":{"@context":"https:\/\/schema.org","@graph":[{"@type":"Article","@id":"https:\/\/www.vivaeurovision.com\/index.php\/2016\/10\/29\/og3ne-a-eurovision-2017-por-paises-bajos\/#article","isPartOf":{"@id":"https:\/\/www.vivaeurovision.com\/index.php\/2016\/10\/29\/og3ne-a-eurovision-2017-por-paises-bajos\/"},"author":{"name":"Pedro Palomo","@id":"https:\/\/www.vivaeurovision.com\/#\/schema\/person\/1d31fdaa3f5f7df556f73d164bd3c47a"},"headline":"O\u00b4G3NE: A EUROVISI\u00d3N 2017 POR PAISES BAJOS","datePublished":"2016-10-29T17:48:12+00:00","mainEntityOfPage":{"@id":"https:\/\/www.vivaeurovision.com\/index.php\/2016\/10\/29\/og3ne-a-eurovision-2017-por-paises-bajos\/"},"wordCount":235,"commentCount":0,"publisher":{"@id":"https:\/\/www.vivaeurovision.com\/#organization"},"image":{"@id":"https:\/\/www.vivaeurovision.com\/index.php\/2016\/10\/29\/og3ne-a-eurovision-2017-por-paises-bajos\/#primaryimage"},"thumbnailUrl":"https:\/\/www.vivaeurovision.com\/wp-content\/uploads\/2016\/10\/Sin-t\u00edtulo-1-5.jpg","keywords":["also known","Amy &amp; Shelly","ESC","esc 2017","Eurovision","eurovision kiev 2017","eurovision song contest 2017","eurovision song contest festival","kiev 2017","Noticia","O'G3NE eurovision 2017","O'G3NE Lisa","O\u00b4G3NE","O\u00b4G3NE EUROVISION","PAISES BAJOS EUROVISION 2017","Pedro Palomo","Pedro Palomo Eurovision","Pedro Palomo Vivaeurovision","THE NETHERLANDS EUROVISION","THE NETHERLANDS EUROVISION 2017","THE NETHERLANS EUROVISION O\u00b4G3NE","viva eurovision"],"articleSection":["Eurovisi\u00f3n 2017","Inicio","Noticias","Ultima Hora"],"inLanguage":"es","potentialAction":[{"@type":"CommentAction","name":"Comment","target":["https:\/\/www.vivaeurovision.com\/index.php\/2016\/10\/29\/og3ne-a-eurovision-2017-por-paises-bajos\/#respond"]}]},{"@type":"WebPage","@id":"https:\/\/www.vivaeurovision.com\/index.php\/2016\/10\/29\/og3ne-a-eurovision-2017-por-paises-bajos\/","url":"https:\/\/www.vivaeurovision.com\/index.php\/2016\/10\/29\/og3ne-a-eurovision-2017-por-paises-bajos\/","name":"O\u00b4G3NE: A EUROVISI\u00d3N 2017 POR PAISES BAJOS - VIVAEUROVISION viva eurovision","isPartOf":{"@id":"https:\/\/www.vivaeurovision.com\/#website"},"primaryImageOfPage":{"@id":"https:\/\/www.vivaeurovision.com\/index.php\/2016\/10\/29\/og3ne-a-eurovision-2017-por-paises-bajos\/#primaryimage"},"image":{"@id":"https:\/\/www.vivaeurovision.com\/index.php\/2016\/10\/29\/og3ne-a-eurovision-2017-por-paises-bajos\/#primaryimage"},"thumbnailUrl":"https:\/\/www.vivaeurovision.com\/wp-content\/uploads\/2016\/10\/Sin-t\u00edtulo-1-5.jpg","datePublished":"2016-10-29T17:48:12+00:00","description":"O\u00b4G3NE Eurovisi\u00f3n 2017, Eurovision, Pa\u00edses Bajos, vivaeurovision, eurovisi\u00f3n 2017, Eurovision 2017, Kiev 2017, Eurovision Song Contest Festival","breadcrumb":{"@id":"https:\/\/www.vivaeurovision.com\/index.php\/2016\/10\/29\/og3ne-a-eurovision-2017-por-paises-bajos\/#breadcrumb"},"inLanguage":"es","potentialAction":[{"@type":"ReadAction","target":["https:\/\/www.vivaeurovision.com\/index.php\/2016\/10\/29\/og3ne-a-eurovision-2017-por-paises-bajos\/"]}]},{"@type":"ImageObject","inLanguage":"es","@id":"https:\/\/www.vivaeurovision.com\/index.php\/2016\/10\/29\/og3ne-a-eurovision-2017-por-paises-bajos\/#primaryimage","url":"https:\/\/www.vivaeurovision.com\/wp-content\/uploads\/2016\/10\/Sin-t\u00edtulo-1-5.jpg","contentUrl":"https:\/\/www.vivaeurovision.com\/wp-content\/uploads\/2016\/10\/Sin-t\u00edtulo-1-5.jpg","width":600,"height":350,"caption":"O\u00b4G3NE"},{"@type":"BreadcrumbList","@id":"https:\/\/www.vivaeurovision.com\/index.php\/2016\/10\/29\/og3ne-a-eurovision-2017-por-paises-bajos\/#breadcrumb","itemListElement":[{"@type":"ListItem","position":1,"name":"Portada","item":"https:\/\/www.vivaeurovision.com\/"},{"@type":"ListItem","position":2,"name":"O\u00b4G3NE: A EUROVISI\u00d3N 2017 POR PAISES BAJOS"}]},{"@type":"WebSite","@id":"https:\/\/www.vivaeurovision.com\/#website","url":"https:\/\/www.vivaeurovision.com\/","name":"VIVAEUROVISION viva eurovision","description":"Tu portal sobre el Festival de Eurovision, eurovision, eurovisi\u00f3n","publisher":{"@id":"https:\/\/www.vivaeurovision.com\/#organization"},"potentialAction":[{"@type":"SearchAction","target":{"@type":"EntryPoint","urlTemplate":"https:\/\/www.vivaeurovision.com\/?s={search_term_string}"},"query-input":{"@type":"PropertyValueSpecification","valueRequired":true,"valueName":"search_term_string"}}],"inLanguage":"es"},{"@type":"Organization","@id":"https:\/\/www.vivaeurovision.com\/#organization","name":"vivaeurovision","url":"https:\/\/www.vivaeurovision.com\/","logo":{"@type":"ImageObject","inLanguage":"es","@id":"https:\/\/www.vivaeurovision.com\/#\/schema\/logo\/image\/","url":"https:\/\/www.vivaeurovision.com\/wp-content\/uploads\/2016\/01\/cropped-image-21-1.jpeg","contentUrl":"https:\/\/www.vivaeurovision.com\/wp-content\/uploads\/2016\/01\/cropped-image-21-1.jpeg","width":669,"height":368,"caption":"vivaeurovision"},"image":{"@id":"https:\/\/www.vivaeurovision.com\/#\/schema\/logo\/image\/"}},{"@type":"Person","@id":"https:\/\/www.vivaeurovision.com\/#\/schema\/person\/1d31fdaa3f5f7df556f73d164bd3c47a","name":"Pedro Palomo","image":{"@type":"ImageObject","inLanguage":"es","@id":"https:\/\/secure.gravatar.com\/avatar\/4cf9a4877f5f71f44fb7cedbe1bac1bd28bd8ce7a217517d98d5b2117f9f5505?s=96&d=mm&r=g","url":"https:\/\/secure.gravatar.com\/avatar\/4cf9a4877f5f71f44fb7cedbe1bac1bd28bd8ce7a217517d98d5b2117f9f5505?s=96&d=mm&r=g","contentUrl":"https:\/\/secure.gravatar.com\/avatar\/4cf9a4877f5f71f44fb7cedbe1bac1bd28bd8ce7a217517d98d5b2117f9f5505?s=96&d=mm&r=g","caption":"Pedro Palomo"},"sameAs":["http:\/\/www.vivaeurovision.com","@pedrobcn","https:\/\/x.com\/@pedropalomobcn"]}]}},"_links":{"self":[{"href":"https:\/\/www.vivaeurovision.com\/index.php\/wp-json\/wp\/v2\/posts\/2768","targetHints":{"allow":["GET"]}}],"collection":[{"href":"https:\/\/www.vivaeurovision.com\/index.php\/wp-json\/wp\/v2\/posts"}],"about":[{"href":"https:\/\/www.vivaeurovision.com\/index.php\/wp-json\/wp\/v2\/types\/post"}],"author":[{"embeddable":true,"href":"https:\/\/www.vivaeurovision.com\/index.php\/wp-json\/wp\/v2\/users\/1"}],"replies":[{"embeddable":true,"href":"https:\/\/www.vivaeurovision.com\/index.php\/wp-json\/wp\/v2\/comments?post=2768"}],"version-history":[{"count":0,"href":"https:\/\/www.vivaeurovision.com\/index.php\/wp-json\/wp\/v2\/posts\/2768\/revisions"}],"wp:featuredmedia":[{"embeddable":true,"href":"https:\/\/www.vivaeurovision.com\/index.php\/wp-json\/wp\/v2\/media\/2771"}],"wp:attachment":[{"href":"https:\/\/www.vivaeurovision.com\/index.php\/wp-json\/wp\/v2\/media?parent=2768"}],"wp:term":[{"taxonomy":"category","embeddable":true,"href":"https:\/\/www.vivaeurovision.com\/index.php\/wp-json\/wp\/v2\/categories?post=2768"},{"taxonomy":"post_tag","embeddable":true,"href":"https:\/\/www.vivaeurovision.com\/index.php\/wp-json\/wp\/v2\/tags?post=2768"}],"curies":[{"name":"wp","href":"https:\/\/api.w.org\/{rel}","templated":true}]}}