{"id":2795,"date":"2016-11-02T19:59:43","date_gmt":"2016-11-02T19:59:43","guid":{"rendered":"http:\/\/www.vivaeurovision.com\/?p=2795"},"modified":"2016-11-02T20:41:10","modified_gmt":"2016-11-02T20:41:10","slug":"milena-brody-espana-eurovision-2017","status":"publish","type":"post","link":"https:\/\/www.vivaeurovision.com\/index.php\/2016\/11\/02\/milena-brody-espana-eurovision-2017\/","title":{"rendered":"Milena Brody: \u00abMe gustar\u00eda ir al Festival de Eurovisi\u00f3n 2017, como solista\u00bb"},"content":{"rendered":"<h2>Milena Brody: \u00abMe gustar\u00eda ir al Festival de Eurovisi\u00f3n 2017, como solista\u00bb<\/h2>\n<div id=\"attachment_2801\" style=\"width: 310px\" class=\"wp-caption alignnone\"><img loading=\"lazy\" decoding=\"async\" aria-describedby=\"caption-attachment-2801\" class=\"size-medium wp-image-2801\" src=\"http:\/\/www.vivaeurovision.com\/wp-content\/uploads\/2016\/11\/Milena-Brody-foto-1-300x199.jpg\" alt=\"eurovision\" width=\"300\" height=\"199\" srcset=\"https:\/\/www.vivaeurovision.com\/wp-content\/uploads\/2016\/11\/Milena-Brody-foto-1-300x199.jpg 300w, https:\/\/www.vivaeurovision.com\/wp-content\/uploads\/2016\/11\/Milena-Brody-foto-1-1024x678.jpg 1024w, https:\/\/www.vivaeurovision.com\/wp-content\/uploads\/2016\/11\/Milena-Brody-foto-1.jpg 1060w\" sizes=\"auto, (max-width: 300px) 100vw, 300px\" \/><p id=\"caption-attachment-2801\" class=\"wp-caption-text\">milena brody<\/p><\/div>\n<p><strong>Milena Brody, cantante, compositora y violinista. Est\u00e1 decidida a regresar al Festival de Eurovisi\u00f3n pero esta vez como solista.<\/strong><br \/>\n<iframe loading=\"lazy\" src=\"https:\/\/www.youtube.com\/embed\/9CyLj4inGv8\" width=\"560\" height=\"315\" frameborder=\"0\" allowfullscreen=\"allowfullscreen\"><\/iframe><br \/>\nMilena tiene ya experiencia en el certamen ya que ha pisado el escenario eurovisivo en dos ocasiones, <strong>2013 corista del Sue\u00f1o de Morfeo y 2016 corista de Barei.<\/strong><\/p>\n<p>Inmersa en el \u00e1lbum que lanzar\u00e1 al mercado en los pr\u00f3ximos meses, la cantante esta decidida a poder representar a Espa\u00f1a en el pr\u00f3ximo Festival de Eurovisi\u00f3n 2017, que se celebra en su pa\u00eds natal UCRANIA.<\/p>\n<p>De esta manera se convertir\u00eda en la primera Ucraniana en representar a Espa\u00f1a en Eurovisi\u00f3n.<\/p>\n<p><strong>NO DUDEIS EN VER LA ENTREVISTA, DONDE MILENA NOS CONCEDI\u00d3 UNOS MINUTOS Y NOS DESVEL\u00d3 ALGUNOS DETALLES<\/strong><br \/>\n<iframe loading=\"lazy\" src=\"https:\/\/www.youtube.com\/embed\/o_ChysxX-IY\" width=\"560\" height=\"315\" frameborder=\"0\" allowfullscreen=\"allowfullscreen\"><\/iframe><br \/>\nMilena una artista con gran formaci\u00f3n musical.<\/p>\n<p>Desarroll\u00f3 un estrecho v\u00ednculo con la m\u00fasica de ra\u00edz afroamericana. Con maestros como<strong> Ver\u00f3nica Ferreiro<\/strong>, <strong>Celia Mur<\/strong> o <strong>Liliana Aracil<\/strong>, se ha formado en g\u00e9neros como el soul y el jazz con base en la m\u00fasica popular, lo que culminar\u00eda en su participaci\u00f3n en diversos coros de gospel o el cuarteto femenino <strong>Spin Gospel.<\/strong><\/p>\n<p>Recibi\u00f3 una Menci\u00f3n Especial en la madrile\u00f1a <strong>Escuela de M\u00fasica Creativa<\/strong>. Tambi\u00e9n como violista ha sido alumna de <strong>Alan Kovacs<\/strong> y de la <strong>Escuela de M\u00fasica Grappelli<\/strong>, formando parte de la <strong>Joven Orquesta de la Comunidad de Madrid<\/strong> y, actualmente, de la <strong>Orquesta Filarm\u00f3nica de Espa\u00f1a.<\/strong><\/p>\n<p>Ha trabajado acompa\u00f1ado en los escenarios a varios artistas nacionales e internacionales, como Alejandro Sanz, Manuel Carrasco, Xuso Jones, Laura Pausini o Ricky Martin entre otros.<br \/>\n<iframe loading=\"lazy\" src=\"https:\/\/www.youtube.com\/embed\/naiAFQa_4ck\" width=\"560\" height=\"315\" frameborder=\"0\" allowfullscreen=\"allowfullscreen\"><\/iframe><\/p>\n<div id=\"attachment_2805\" style=\"width: 209px\" class=\"wp-caption alignnone\"><img loading=\"lazy\" decoding=\"async\" aria-describedby=\"caption-attachment-2805\" class=\"size-medium wp-image-2805\" src=\"http:\/\/www.vivaeurovision.com\/wp-content\/uploads\/2016\/11\/Milena-Brody-4-199x300.jpg\" alt=\"milena brody eurovision\" width=\"199\" height=\"300\" srcset=\"https:\/\/www.vivaeurovision.com\/wp-content\/uploads\/2016\/11\/Milena-Brody-4-199x300.jpg 199w, https:\/\/www.vivaeurovision.com\/wp-content\/uploads\/2016\/11\/Milena-Brody-4.jpg 678w\" sizes=\"auto, (max-width: 199px) 100vw, 199px\" \/><p id=\"caption-attachment-2805\" class=\"wp-caption-text\">milena brody<\/p><\/div>\n<p><img loading=\"lazy\" decoding=\"async\" class=\"alignnone size-medium wp-image-311\" src=\"http:\/\/www.vivaeurovision.com\/wp-content\/uploads\/2016\/01\/image-21-300x165.jpeg\" alt=\"VIVAEUROVISION.COM\" width=\"300\" height=\"165\" srcset=\"https:\/\/www.vivaeurovision.com\/wp-content\/uploads\/2016\/01\/image-21-300x165.jpeg 300w, https:\/\/www.vivaeurovision.com\/wp-content\/uploads\/2016\/01\/image-21-555x305.jpeg 555w, https:\/\/www.vivaeurovision.com\/wp-content\/uploads\/2016\/01\/image-21.jpeg 669w\" sizes=\"auto, (max-width: 300px) 100vw, 300px\" \/><\/p>\n<p>Twitter\u00a0<strong> <a href=\"https:\/\/twitter.com\/viva_eurovision\" target=\"_blank\"><span style=\"color: #0066cc;\">@viva_eurovision<\/span><\/a>\u00a0 <a href=\"https:\/\/www.facebook.com\/Vivaeurovisioncom-867806686671081\/?fref=nf\" target=\"_blank\"><span style=\"color: #0066cc;\">FACEBOOK OFICIAL VIVA EUROVISION <\/span><\/a><\/strong>Instragram <strong>\u00a0<\/strong><a href=\"https:\/\/www.instagram.com\/vivaeurovision\/\" target=\"_blank\"><strong>@vivaeurovision<\/strong><\/a><\/p>\n<p><strong>\u00a0<\/strong>Artista: Milena Brody <strong><a href=\"http:\/\/www.milenabrody.com\/\" target=\"_blank\">http:\/\/www.milenabrody.com\/<\/a><\/strong><\/p>\n<p><strong><a href=\"https:\/\/www.facebook.com\/milenabrodymusic\/?fref=ts\" target=\"_blank\">FACEBOOK OFICIAL DE MILENA BRODY<\/a>\u00a0\u00a0\u00a0\u00a0\u00a0\u00a0 <a href=\"https:\/\/www.youtube.com\/channel\/UC8ar2yTL24_egJapAFmSXkw\" target=\"_blank\">CANAL YOUTUBE MILENA BRODY<\/a><\/strong><\/p>\n<p>Im\u00e1genes: \u00a9Milena Brody<\/p>\n<p>Redactor: Pedro Palomo <a href=\"https:\/\/twitter.com\/pedropalomobcn?lang=es\"><strong><span style=\"color: #0066cc;\">@pedropalomobcn<\/span><\/strong><\/a><strong>\u00a0<\/strong>Instagram <a href=\"https:\/\/www.instagram.com\/pedrobcn\/\" target=\"_blank\"><strong>@pedrobcn<\/strong><\/a><\/p>\n","protected":false},"excerpt":{"rendered":"<p>Milena Brody: \u00abMe gustar\u00eda ir al Festival de Eurovisi\u00f3n 2017, como solista\u00bb Milena Brody, cantante, compositora y violinista. Est\u00e1 decidida a regresar al Festival de Eurovisi\u00f3n pero esta vez como&#46;&#46;&#46;<\/p>\n","protected":false},"author":1,"featured_media":2806,"comment_status":"open","ping_status":"open","sticky":false,"template":"","format":"standard","meta":{"_exactmetrics_skip_tracking":false,"_exactmetrics_sitenote_active":false,"_exactmetrics_sitenote_note":"","_exactmetrics_sitenote_category":0,"footnotes":""},"categories":[5,6,876,4,2,3],"tags":[33,17,865,870,670,1017,866,706,869,1023,1162,1165,1163,1164,1166,34,139,1146,19,20,766],"class_list":["post-2795","post","type-post","status-publish","format-standard","has-post-thumbnail","hentry","category-entrevistas","category-espana-en-eurovision","category-eurovision-2017","category-eurovision","category-noticia","category-ultima-hora","tag-entrevista","tag-esc","tag-esc-2017","tag-espana-eurovision-2017","tag-eurovision-2017","tag-eurovision-kiev-2017","tag-eurovision-song-contest-2017","tag-eurovision-song-contest-festival","tag-eurovision-spain-2017","tag-kiev-2017","tag-milena-brody","tag-milena-brody-entrevista","tag-milena-brody-eurovision","tag-milena-brody-eurovision-2017","tag-milena-brody-objetivo-eurovision","tag-noticia","tag-objetivo-eurovision","tag-objetivo-eurovision-2017","tag-pedro-palomo","tag-pedro-palomo-eurovision","tag-pedro-palomo-vivaeurovision"],"yoast_head":"<!-- This site is optimized with the Yoast SEO plugin v27.5 - https:\/\/yoast.com\/product\/yoast-seo-wordpress\/ -->\n<title>Milena Brody: &quot;Me gustar\u00eda ir al Festival de Eurovisi\u00f3n 2017, como solista&quot; - VIVAEUROVISION viva eurovision<\/title>\n<meta name=\"description\" content=\"Milena Brody, Eurovisi\u00f3n 2017, vivaeurovision, Festival de Eurovisi\u00f3n 2017, Espa\u00f1a Eurovisi\u00f3n 2017, Objetivo Eurovisi\u00f3n 2017\" \/>\n<meta name=\"robots\" content=\"index, follow, max-snippet:-1, max-image-preview:large, max-video-preview:-1\" \/>\n<link rel=\"canonical\" href=\"https:\/\/www.vivaeurovision.com\/index.php\/2016\/11\/02\/milena-brody-espana-eurovision-2017\/\" \/>\n<meta property=\"og:locale\" content=\"es_ES\" \/>\n<meta property=\"og:type\" content=\"article\" \/>\n<meta property=\"og:title\" content=\"Milena Brody: &quot;Me gustar\u00eda ir al Festival de Eurovisi\u00f3n 2017, como solista&quot; - VIVAEUROVISION viva eurovision\" \/>\n<meta property=\"og:description\" content=\"Milena Brody, Eurovisi\u00f3n 2017, vivaeurovision, Festival de Eurovisi\u00f3n 2017, Espa\u00f1a Eurovisi\u00f3n 2017, Objetivo Eurovisi\u00f3n 2017\" \/>\n<meta property=\"og:url\" content=\"https:\/\/www.vivaeurovision.com\/index.php\/2016\/11\/02\/milena-brody-espana-eurovision-2017\/\" \/>\n<meta property=\"og:site_name\" content=\"VIVAEUROVISION viva eurovision\" \/>\n<meta property=\"article:published_time\" content=\"2016-11-02T19:59:43+00:00\" \/>\n<meta property=\"article:modified_time\" content=\"2016-11-02T20:41:10+00:00\" \/>\n<meta property=\"og:image\" content=\"https:\/\/www.vivaeurovision.com\/wp-content\/uploads\/2016\/11\/Sin-t\u00edtulo-1-1.jpg\" \/>\n\t<meta property=\"og:image:width\" content=\"600\" \/>\n\t<meta property=\"og:image:height\" content=\"350\" \/>\n\t<meta property=\"og:image:type\" content=\"image\/jpeg\" \/>\n<meta name=\"author\" content=\"Pedro Palomo\" \/>\n<meta name=\"twitter:card\" content=\"summary_large_image\" \/>\n<meta name=\"twitter:creator\" content=\"@pedropalomobcn\" \/>\n<meta name=\"twitter:label1\" content=\"Escrito por\" \/>\n\t<meta name=\"twitter:data1\" content=\"Pedro Palomo\" \/>\n\t<meta name=\"twitter:label2\" content=\"Tiempo de lectura\" \/>\n\t<meta name=\"twitter:data2\" content=\"2 minutos\" \/>\n<script type=\"application\/ld+json\" class=\"yoast-schema-graph\">{\"@context\":\"https:\\\/\\\/schema.org\",\"@graph\":[{\"@type\":\"Article\",\"@id\":\"https:\\\/\\\/www.vivaeurovision.com\\\/index.php\\\/2016\\\/11\\\/02\\\/milena-brody-espana-eurovision-2017\\\/#article\",\"isPartOf\":{\"@id\":\"https:\\\/\\\/www.vivaeurovision.com\\\/index.php\\\/2016\\\/11\\\/02\\\/milena-brody-espana-eurovision-2017\\\/\"},\"author\":{\"name\":\"Pedro Palomo\",\"@id\":\"https:\\\/\\\/www.vivaeurovision.com\\\/#\\\/schema\\\/person\\\/1d31fdaa3f5f7df556f73d164bd3c47a\"},\"headline\":\"Milena Brody: \u00abMe gustar\u00eda ir al Festival de Eurovisi\u00f3n 2017, como solista\u00bb\",\"datePublished\":\"2016-11-02T19:59:43+00:00\",\"dateModified\":\"2016-11-02T20:41:10+00:00\",\"mainEntityOfPage\":{\"@id\":\"https:\\\/\\\/www.vivaeurovision.com\\\/index.php\\\/2016\\\/11\\\/02\\\/milena-brody-espana-eurovision-2017\\\/\"},\"wordCount\":351,\"commentCount\":1,\"publisher\":{\"@id\":\"https:\\\/\\\/www.vivaeurovision.com\\\/#organization\"},\"image\":{\"@id\":\"https:\\\/\\\/www.vivaeurovision.com\\\/index.php\\\/2016\\\/11\\\/02\\\/milena-brody-espana-eurovision-2017\\\/#primaryimage\"},\"thumbnailUrl\":\"https:\\\/\\\/www.vivaeurovision.com\\\/wp-content\\\/uploads\\\/2016\\\/11\\\/Sin-t\u00edtulo-1-1.jpg\",\"keywords\":[\"Entrevista\",\"ESC\",\"esc 2017\",\"espa\u00f1a eurovision 2017\",\"Eurovision 2017\",\"eurovision kiev 2017\",\"eurovision song contest 2017\",\"eurovision song contest festival\",\"eurovision spain 2017\",\"kiev 2017\",\"Milena Brody\",\"Milena Brody Entrevista\",\"Milena Brody Eurovision\",\"Milena Brody Eurovision 2017\",\"Milena Brody Objetivo Eurovisi\u00f3n\",\"Noticia\",\"objetivo eurovision\",\"objetivo Eurovisi\u00f3n 2017\",\"Pedro Palomo\",\"Pedro Palomo Eurovision\",\"Pedro Palomo Vivaeurovision\"],\"articleSection\":[\"Entrevistas\",\"Espa\u00f1a en Eurovisi\u00f3n\",\"Eurovisi\u00f3n 2017\",\"Inicio\",\"Noticias\",\"Ultima Hora\"],\"inLanguage\":\"es\",\"potentialAction\":[{\"@type\":\"CommentAction\",\"name\":\"Comment\",\"target\":[\"https:\\\/\\\/www.vivaeurovision.com\\\/index.php\\\/2016\\\/11\\\/02\\\/milena-brody-espana-eurovision-2017\\\/#respond\"]}]},{\"@type\":\"WebPage\",\"@id\":\"https:\\\/\\\/www.vivaeurovision.com\\\/index.php\\\/2016\\\/11\\\/02\\\/milena-brody-espana-eurovision-2017\\\/\",\"url\":\"https:\\\/\\\/www.vivaeurovision.com\\\/index.php\\\/2016\\\/11\\\/02\\\/milena-brody-espana-eurovision-2017\\\/\",\"name\":\"Milena Brody: \\\"Me gustar\u00eda ir al Festival de Eurovisi\u00f3n 2017, como solista\\\" - VIVAEUROVISION viva eurovision\",\"isPartOf\":{\"@id\":\"https:\\\/\\\/www.vivaeurovision.com\\\/#website\"},\"primaryImageOfPage\":{\"@id\":\"https:\\\/\\\/www.vivaeurovision.com\\\/index.php\\\/2016\\\/11\\\/02\\\/milena-brody-espana-eurovision-2017\\\/#primaryimage\"},\"image\":{\"@id\":\"https:\\\/\\\/www.vivaeurovision.com\\\/index.php\\\/2016\\\/11\\\/02\\\/milena-brody-espana-eurovision-2017\\\/#primaryimage\"},\"thumbnailUrl\":\"https:\\\/\\\/www.vivaeurovision.com\\\/wp-content\\\/uploads\\\/2016\\\/11\\\/Sin-t\u00edtulo-1-1.jpg\",\"datePublished\":\"2016-11-02T19:59:43+00:00\",\"dateModified\":\"2016-11-02T20:41:10+00:00\",\"description\":\"Milena Brody, Eurovisi\u00f3n 2017, vivaeurovision, Festival de Eurovisi\u00f3n 2017, Espa\u00f1a Eurovisi\u00f3n 2017, Objetivo Eurovisi\u00f3n 2017\",\"breadcrumb\":{\"@id\":\"https:\\\/\\\/www.vivaeurovision.com\\\/index.php\\\/2016\\\/11\\\/02\\\/milena-brody-espana-eurovision-2017\\\/#breadcrumb\"},\"inLanguage\":\"es\",\"potentialAction\":[{\"@type\":\"ReadAction\",\"target\":[\"https:\\\/\\\/www.vivaeurovision.com\\\/index.php\\\/2016\\\/11\\\/02\\\/milena-brody-espana-eurovision-2017\\\/\"]}]},{\"@type\":\"ImageObject\",\"inLanguage\":\"es\",\"@id\":\"https:\\\/\\\/www.vivaeurovision.com\\\/index.php\\\/2016\\\/11\\\/02\\\/milena-brody-espana-eurovision-2017\\\/#primaryimage\",\"url\":\"https:\\\/\\\/www.vivaeurovision.com\\\/wp-content\\\/uploads\\\/2016\\\/11\\\/Sin-t\u00edtulo-1-1.jpg\",\"contentUrl\":\"https:\\\/\\\/www.vivaeurovision.com\\\/wp-content\\\/uploads\\\/2016\\\/11\\\/Sin-t\u00edtulo-1-1.jpg\",\"width\":600,\"height\":350,\"caption\":\"vivaeurovision\"},{\"@type\":\"BreadcrumbList\",\"@id\":\"https:\\\/\\\/www.vivaeurovision.com\\\/index.php\\\/2016\\\/11\\\/02\\\/milena-brody-espana-eurovision-2017\\\/#breadcrumb\",\"itemListElement\":[{\"@type\":\"ListItem\",\"position\":1,\"name\":\"Portada\",\"item\":\"https:\\\/\\\/www.vivaeurovision.com\\\/\"},{\"@type\":\"ListItem\",\"position\":2,\"name\":\"Milena Brody: \u00abMe gustar\u00eda ir al Festival de Eurovisi\u00f3n 2017, como solista\u00bb\"}]},{\"@type\":\"WebSite\",\"@id\":\"https:\\\/\\\/www.vivaeurovision.com\\\/#website\",\"url\":\"https:\\\/\\\/www.vivaeurovision.com\\\/\",\"name\":\"VIVAEUROVISION viva eurovision\",\"description\":\"Tu portal sobre el Festival de Eurovision, eurovision, eurovisi\u00f3n\",\"publisher\":{\"@id\":\"https:\\\/\\\/www.vivaeurovision.com\\\/#organization\"},\"potentialAction\":[{\"@type\":\"SearchAction\",\"target\":{\"@type\":\"EntryPoint\",\"urlTemplate\":\"https:\\\/\\\/www.vivaeurovision.com\\\/?s={search_term_string}\"},\"query-input\":{\"@type\":\"PropertyValueSpecification\",\"valueRequired\":true,\"valueName\":\"search_term_string\"}}],\"inLanguage\":\"es\"},{\"@type\":\"Organization\",\"@id\":\"https:\\\/\\\/www.vivaeurovision.com\\\/#organization\",\"name\":\"vivaeurovision\",\"url\":\"https:\\\/\\\/www.vivaeurovision.com\\\/\",\"logo\":{\"@type\":\"ImageObject\",\"inLanguage\":\"es\",\"@id\":\"https:\\\/\\\/www.vivaeurovision.com\\\/#\\\/schema\\\/logo\\\/image\\\/\",\"url\":\"https:\\\/\\\/www.vivaeurovision.com\\\/wp-content\\\/uploads\\\/2016\\\/01\\\/cropped-image-21-1.jpeg\",\"contentUrl\":\"https:\\\/\\\/www.vivaeurovision.com\\\/wp-content\\\/uploads\\\/2016\\\/01\\\/cropped-image-21-1.jpeg\",\"width\":669,\"height\":368,\"caption\":\"vivaeurovision\"},\"image\":{\"@id\":\"https:\\\/\\\/www.vivaeurovision.com\\\/#\\\/schema\\\/logo\\\/image\\\/\"}},{\"@type\":\"Person\",\"@id\":\"https:\\\/\\\/www.vivaeurovision.com\\\/#\\\/schema\\\/person\\\/1d31fdaa3f5f7df556f73d164bd3c47a\",\"name\":\"Pedro Palomo\",\"image\":{\"@type\":\"ImageObject\",\"inLanguage\":\"es\",\"@id\":\"https:\\\/\\\/secure.gravatar.com\\\/avatar\\\/4cf9a4877f5f71f44fb7cedbe1bac1bd28bd8ce7a217517d98d5b2117f9f5505?s=96&d=mm&r=g\",\"url\":\"https:\\\/\\\/secure.gravatar.com\\\/avatar\\\/4cf9a4877f5f71f44fb7cedbe1bac1bd28bd8ce7a217517d98d5b2117f9f5505?s=96&d=mm&r=g\",\"contentUrl\":\"https:\\\/\\\/secure.gravatar.com\\\/avatar\\\/4cf9a4877f5f71f44fb7cedbe1bac1bd28bd8ce7a217517d98d5b2117f9f5505?s=96&d=mm&r=g\",\"caption\":\"Pedro Palomo\"},\"sameAs\":[\"http:\\\/\\\/www.vivaeurovision.com\",\"@pedrobcn\",\"https:\\\/\\\/x.com\\\/@pedropalomobcn\"]}]}<\/script>\n<!-- \/ Yoast SEO plugin. -->","yoast_head_json":{"title":"Milena Brody: \"Me gustar\u00eda ir al Festival de Eurovisi\u00f3n 2017, como solista\" - VIVAEUROVISION viva eurovision","description":"Milena Brody, Eurovisi\u00f3n 2017, vivaeurovision, Festival de Eurovisi\u00f3n 2017, Espa\u00f1a Eurovisi\u00f3n 2017, Objetivo Eurovisi\u00f3n 2017","robots":{"index":"index","follow":"follow","max-snippet":"max-snippet:-1","max-image-preview":"max-image-preview:large","max-video-preview":"max-video-preview:-1"},"canonical":"https:\/\/www.vivaeurovision.com\/index.php\/2016\/11\/02\/milena-brody-espana-eurovision-2017\/","og_locale":"es_ES","og_type":"article","og_title":"Milena Brody: \"Me gustar\u00eda ir al Festival de Eurovisi\u00f3n 2017, como solista\" - VIVAEUROVISION viva eurovision","og_description":"Milena Brody, Eurovisi\u00f3n 2017, vivaeurovision, Festival de Eurovisi\u00f3n 2017, Espa\u00f1a Eurovisi\u00f3n 2017, Objetivo Eurovisi\u00f3n 2017","og_url":"https:\/\/www.vivaeurovision.com\/index.php\/2016\/11\/02\/milena-brody-espana-eurovision-2017\/","og_site_name":"VIVAEUROVISION viva eurovision","article_published_time":"2016-11-02T19:59:43+00:00","article_modified_time":"2016-11-02T20:41:10+00:00","og_image":[{"width":600,"height":350,"url":"https:\/\/www.vivaeurovision.com\/wp-content\/uploads\/2016\/11\/Sin-t\u00edtulo-1-1.jpg","type":"image\/jpeg"}],"author":"Pedro Palomo","twitter_card":"summary_large_image","twitter_creator":"@pedropalomobcn","twitter_misc":{"Escrito por":"Pedro Palomo","Tiempo de lectura":"2 minutos"},"schema":{"@context":"https:\/\/schema.org","@graph":[{"@type":"Article","@id":"https:\/\/www.vivaeurovision.com\/index.php\/2016\/11\/02\/milena-brody-espana-eurovision-2017\/#article","isPartOf":{"@id":"https:\/\/www.vivaeurovision.com\/index.php\/2016\/11\/02\/milena-brody-espana-eurovision-2017\/"},"author":{"name":"Pedro Palomo","@id":"https:\/\/www.vivaeurovision.com\/#\/schema\/person\/1d31fdaa3f5f7df556f73d164bd3c47a"},"headline":"Milena Brody: \u00abMe gustar\u00eda ir al Festival de Eurovisi\u00f3n 2017, como solista\u00bb","datePublished":"2016-11-02T19:59:43+00:00","dateModified":"2016-11-02T20:41:10+00:00","mainEntityOfPage":{"@id":"https:\/\/www.vivaeurovision.com\/index.php\/2016\/11\/02\/milena-brody-espana-eurovision-2017\/"},"wordCount":351,"commentCount":1,"publisher":{"@id":"https:\/\/www.vivaeurovision.com\/#organization"},"image":{"@id":"https:\/\/www.vivaeurovision.com\/index.php\/2016\/11\/02\/milena-brody-espana-eurovision-2017\/#primaryimage"},"thumbnailUrl":"https:\/\/www.vivaeurovision.com\/wp-content\/uploads\/2016\/11\/Sin-t\u00edtulo-1-1.jpg","keywords":["Entrevista","ESC","esc 2017","espa\u00f1a eurovision 2017","Eurovision 2017","eurovision kiev 2017","eurovision song contest 2017","eurovision song contest festival","eurovision spain 2017","kiev 2017","Milena Brody","Milena Brody Entrevista","Milena Brody Eurovision","Milena Brody Eurovision 2017","Milena Brody Objetivo Eurovisi\u00f3n","Noticia","objetivo eurovision","objetivo Eurovisi\u00f3n 2017","Pedro Palomo","Pedro Palomo Eurovision","Pedro Palomo Vivaeurovision"],"articleSection":["Entrevistas","Espa\u00f1a en Eurovisi\u00f3n","Eurovisi\u00f3n 2017","Inicio","Noticias","Ultima Hora"],"inLanguage":"es","potentialAction":[{"@type":"CommentAction","name":"Comment","target":["https:\/\/www.vivaeurovision.com\/index.php\/2016\/11\/02\/milena-brody-espana-eurovision-2017\/#respond"]}]},{"@type":"WebPage","@id":"https:\/\/www.vivaeurovision.com\/index.php\/2016\/11\/02\/milena-brody-espana-eurovision-2017\/","url":"https:\/\/www.vivaeurovision.com\/index.php\/2016\/11\/02\/milena-brody-espana-eurovision-2017\/","name":"Milena Brody: \"Me gustar\u00eda ir al Festival de Eurovisi\u00f3n 2017, como solista\" - VIVAEUROVISION viva eurovision","isPartOf":{"@id":"https:\/\/www.vivaeurovision.com\/#website"},"primaryImageOfPage":{"@id":"https:\/\/www.vivaeurovision.com\/index.php\/2016\/11\/02\/milena-brody-espana-eurovision-2017\/#primaryimage"},"image":{"@id":"https:\/\/www.vivaeurovision.com\/index.php\/2016\/11\/02\/milena-brody-espana-eurovision-2017\/#primaryimage"},"thumbnailUrl":"https:\/\/www.vivaeurovision.com\/wp-content\/uploads\/2016\/11\/Sin-t\u00edtulo-1-1.jpg","datePublished":"2016-11-02T19:59:43+00:00","dateModified":"2016-11-02T20:41:10+00:00","description":"Milena Brody, Eurovisi\u00f3n 2017, vivaeurovision, Festival de Eurovisi\u00f3n 2017, Espa\u00f1a Eurovisi\u00f3n 2017, Objetivo Eurovisi\u00f3n 2017","breadcrumb":{"@id":"https:\/\/www.vivaeurovision.com\/index.php\/2016\/11\/02\/milena-brody-espana-eurovision-2017\/#breadcrumb"},"inLanguage":"es","potentialAction":[{"@type":"ReadAction","target":["https:\/\/www.vivaeurovision.com\/index.php\/2016\/11\/02\/milena-brody-espana-eurovision-2017\/"]}]},{"@type":"ImageObject","inLanguage":"es","@id":"https:\/\/www.vivaeurovision.com\/index.php\/2016\/11\/02\/milena-brody-espana-eurovision-2017\/#primaryimage","url":"https:\/\/www.vivaeurovision.com\/wp-content\/uploads\/2016\/11\/Sin-t\u00edtulo-1-1.jpg","contentUrl":"https:\/\/www.vivaeurovision.com\/wp-content\/uploads\/2016\/11\/Sin-t\u00edtulo-1-1.jpg","width":600,"height":350,"caption":"vivaeurovision"},{"@type":"BreadcrumbList","@id":"https:\/\/www.vivaeurovision.com\/index.php\/2016\/11\/02\/milena-brody-espana-eurovision-2017\/#breadcrumb","itemListElement":[{"@type":"ListItem","position":1,"name":"Portada","item":"https:\/\/www.vivaeurovision.com\/"},{"@type":"ListItem","position":2,"name":"Milena Brody: \u00abMe gustar\u00eda ir al Festival de Eurovisi\u00f3n 2017, como solista\u00bb"}]},{"@type":"WebSite","@id":"https:\/\/www.vivaeurovision.com\/#website","url":"https:\/\/www.vivaeurovision.com\/","name":"VIVAEUROVISION viva eurovision","description":"Tu portal sobre el Festival de Eurovision, eurovision, eurovisi\u00f3n","publisher":{"@id":"https:\/\/www.vivaeurovision.com\/#organization"},"potentialAction":[{"@type":"SearchAction","target":{"@type":"EntryPoint","urlTemplate":"https:\/\/www.vivaeurovision.com\/?s={search_term_string}"},"query-input":{"@type":"PropertyValueSpecification","valueRequired":true,"valueName":"search_term_string"}}],"inLanguage":"es"},{"@type":"Organization","@id":"https:\/\/www.vivaeurovision.com\/#organization","name":"vivaeurovision","url":"https:\/\/www.vivaeurovision.com\/","logo":{"@type":"ImageObject","inLanguage":"es","@id":"https:\/\/www.vivaeurovision.com\/#\/schema\/logo\/image\/","url":"https:\/\/www.vivaeurovision.com\/wp-content\/uploads\/2016\/01\/cropped-image-21-1.jpeg","contentUrl":"https:\/\/www.vivaeurovision.com\/wp-content\/uploads\/2016\/01\/cropped-image-21-1.jpeg","width":669,"height":368,"caption":"vivaeurovision"},"image":{"@id":"https:\/\/www.vivaeurovision.com\/#\/schema\/logo\/image\/"}},{"@type":"Person","@id":"https:\/\/www.vivaeurovision.com\/#\/schema\/person\/1d31fdaa3f5f7df556f73d164bd3c47a","name":"Pedro Palomo","image":{"@type":"ImageObject","inLanguage":"es","@id":"https:\/\/secure.gravatar.com\/avatar\/4cf9a4877f5f71f44fb7cedbe1bac1bd28bd8ce7a217517d98d5b2117f9f5505?s=96&d=mm&r=g","url":"https:\/\/secure.gravatar.com\/avatar\/4cf9a4877f5f71f44fb7cedbe1bac1bd28bd8ce7a217517d98d5b2117f9f5505?s=96&d=mm&r=g","contentUrl":"https:\/\/secure.gravatar.com\/avatar\/4cf9a4877f5f71f44fb7cedbe1bac1bd28bd8ce7a217517d98d5b2117f9f5505?s=96&d=mm&r=g","caption":"Pedro Palomo"},"sameAs":["http:\/\/www.vivaeurovision.com","@pedrobcn","https:\/\/x.com\/@pedropalomobcn"]}]}},"_links":{"self":[{"href":"https:\/\/www.vivaeurovision.com\/index.php\/wp-json\/wp\/v2\/posts\/2795","targetHints":{"allow":["GET"]}}],"collection":[{"href":"https:\/\/www.vivaeurovision.com\/index.php\/wp-json\/wp\/v2\/posts"}],"about":[{"href":"https:\/\/www.vivaeurovision.com\/index.php\/wp-json\/wp\/v2\/types\/post"}],"author":[{"embeddable":true,"href":"https:\/\/www.vivaeurovision.com\/index.php\/wp-json\/wp\/v2\/users\/1"}],"replies":[{"embeddable":true,"href":"https:\/\/www.vivaeurovision.com\/index.php\/wp-json\/wp\/v2\/comments?post=2795"}],"version-history":[{"count":0,"href":"https:\/\/www.vivaeurovision.com\/index.php\/wp-json\/wp\/v2\/posts\/2795\/revisions"}],"wp:featuredmedia":[{"embeddable":true,"href":"https:\/\/www.vivaeurovision.com\/index.php\/wp-json\/wp\/v2\/media\/2806"}],"wp:attachment":[{"href":"https:\/\/www.vivaeurovision.com\/index.php\/wp-json\/wp\/v2\/media?parent=2795"}],"wp:term":[{"taxonomy":"category","embeddable":true,"href":"https:\/\/www.vivaeurovision.com\/index.php\/wp-json\/wp\/v2\/categories?post=2795"},{"taxonomy":"post_tag","embeddable":true,"href":"https:\/\/www.vivaeurovision.com\/index.php\/wp-json\/wp\/v2\/tags?post=2795"}],"curies":[{"name":"wp","href":"https:\/\/api.w.org\/{rel}","templated":true}]}}