{"id":3218,"date":"2016-12-20T16:53:25","date_gmt":"2016-12-20T16:53:25","guid":{"rendered":"http:\/\/www.vivaeurovision.com\/?p=3218"},"modified":"2017-01-10T18:07:46","modified_gmt":"2017-01-10T18:07:46","slug":"leklein-fruela-javian-eurovision","status":"publish","type":"post","link":"https:\/\/www.vivaeurovision.com\/index.php\/2016\/12\/20\/leklein-fruela-javian-eurovision\/","title":{"rendered":"LeKlein, Fruela y Javian son los finalistas del eurocasting"},"content":{"rendered":"<h2>LeKlein, Fruela y Javian son los finalistas del eurocasting<\/h2>\n<div id=\"attachment_3301\" style=\"width: 310px\" class=\"wp-caption alignnone\"><img loading=\"lazy\" decoding=\"async\" aria-describedby=\"caption-attachment-3301\" class=\"size-medium wp-image-3301\" src=\"http:\/\/www.vivaeurovision.com\/wp-content\/uploads\/2016\/12\/Enlight1-6-300x300.jpg\" alt=\"Eurovision\" width=\"300\" height=\"300\" srcset=\"https:\/\/www.vivaeurovision.com\/wp-content\/uploads\/2016\/12\/Enlight1-6-300x300.jpg 300w, https:\/\/www.vivaeurovision.com\/wp-content\/uploads\/2016\/12\/Enlight1-6-150x150.jpg 150w, https:\/\/www.vivaeurovision.com\/wp-content\/uploads\/2016\/12\/Enlight1-6-1024x1024.jpg 1024w, https:\/\/www.vivaeurovision.com\/wp-content\/uploads\/2016\/12\/Enlight1-6.jpg 2048w\" sizes=\"auto, (max-width: 300px) 100vw, 300px\" \/><p id=\"caption-attachment-3301\" class=\"wp-caption-text\">vivaeurovision<\/p><\/div>\n<p><strong>Leklein<\/strong> se convierte en la primera finalista del eurocasting con su tema Ouch!! Un de las grandes sorpresas de este eurocasting<\/p>\n<p><iframe loading=\"lazy\"  id=\"_ytid_19595\"  width=\"480\" height=\"270\"  data-origwidth=\"480\" data-origheight=\"270\" src=\"https:\/\/www.youtube.com\/embed\/H7J2tV9X-3Y?enablejsapi=1&#038;autoplay=0&#038;cc_load_policy=0&#038;cc_lang_pref=&#038;iv_load_policy=1&#038;loop=0&#038;rel=1&#038;fs=1&#038;playsinline=0&#038;autohide=2&#038;theme=dark&#038;color=red&#038;controls=1&#038;disablekb=0&#038;\" class=\"__youtube_prefs__  epyt-is-override  no-lazyload\" title=\"YouTube player\"  allow=\"fullscreen; accelerometer; autoplay; clipboard-write; encrypted-media; gyroscope; picture-in-picture; web-share\" referrerpolicy=\"strict-origin-when-cross-origin\" allowfullscreen data-no-lazy=\"1\" data-skipgform_ajax_framebjll=\"\"><\/iframe><\/p>\n<p><strong>Fruela<\/strong> con tu tema <strong>Live it Up<\/strong> ha sido elegido tambi\u00e9n por el jurado como finalista y donde han aclarado que es uno de los temas m\u00e1s actuales del eurocasting. Adem\u00e1s de ser el ganador del sondeo de vivaeurovision.<\/p>\n<p><iframe loading=\"lazy\" src=\"https:\/\/www.youtube.com\/embed\/ucHxvG1koAw\" width=\"560\" height=\"315\" frameborder=\"0\" allowfullscreen=\"allowfullscreen\"><\/iframe><\/p>\n<p><strong>Javian<\/strong> con su tema \u00a0<strong>No somos h\u00e9roes<\/strong> se convierte tambi\u00e9n en otro de los favoritos del p\u00fablico y el jurado y consigue su plaza en la final.<\/p>\n<p><iframe loading=\"lazy\"  id=\"_ytid_74021\"  width=\"480\" height=\"270\"  data-origwidth=\"480\" data-origheight=\"270\" src=\"https:\/\/www.youtube.com\/embed\/L8rDtE7yUhQ?enablejsapi=1&#038;autoplay=0&#038;cc_load_policy=0&#038;cc_lang_pref=&#038;iv_load_policy=1&#038;loop=0&#038;rel=1&#038;fs=1&#038;playsinline=0&#038;autohide=2&#038;theme=dark&#038;color=red&#038;controls=1&#038;disablekb=0&#038;\" class=\"__youtube_prefs__  epyt-is-override  no-lazyload\" title=\"YouTube player\"  allow=\"fullscreen; accelerometer; autoplay; clipboard-write; encrypted-media; gyroscope; picture-in-picture; web-share\" referrerpolicy=\"strict-origin-when-cross-origin\" allowfullscreen data-no-lazy=\"1\" data-skipgform_ajax_framebjll=\"\"><\/iframe><\/p>\n<p>Una de las grandes favoritas por todo el sector eurofan Brequette, ha quedado fuera de su carrera hacia objetivo eurovisi\u00f3n y las redes sociales se han volcado en muestras de cari\u00f1o hac\u00eda la cantante.<\/p>\n<p>El jurado, compuesto por\u00a0<strong>siete profesionales<\/strong>\u00a0de distintos \u00e1mbitos del mundo de la m\u00fasica, ha estado integrado por:\u00a0<strong>Juan Mag\u00e1n<\/strong>\u00a0(<strong>presidente<\/strong>), productor, autor y cantante;\u00a0<strong>Pascual Osa<\/strong>, compositor y director de orquesta;\u00a0<strong>Guille Milkyway<\/strong>, productor, autor, cantante y creador del proyecto La Casa Azul;\u00a0<strong>Sheila Blanco<\/strong>, cantante, autora y profesora de t\u00e9cnica vocal;\u00a0<strong>Pepe Herrero<\/strong>, compositor y director de orquesta;\u00a0<strong>Sebasti\u00e1n Alonso<\/strong>, director de Jenesaispop; y\u00a0<strong>David Feito<\/strong>, cantante, autor y productor.<\/p>\n<p>Todos ellos han emitido sus votaciones de manera individual, valorando sus tres propuestas favoritas con\u00a0<strong>3<\/strong>,\u00a0<strong>2\u00a0<\/strong>y\u00a0<strong>1<\/strong>\u00a0punto. Tras la suma de sus votaciones, los tres artistas elegidos han sido\u00a0<strong>Javi\u00e1n<\/strong>,\u00a0<strong>Leklein\u00a0<\/strong>y\u00a0<strong>Fruela<\/strong>.<\/p>\n<h2><strong>La clasificaci\u00f3n final de jurado, ha sido la siguiente<\/strong><\/h2>\n<p><span style=\"font-size: medium;\"><strong>1\u00ba. LeKlein &#8211;<em> Ouch!!<\/em>: 9 puntos<\/strong><br \/>\n<strong>2\u00ba. Fruela &#8211;<em> Live it up!<\/em>: 8 puntos<\/strong><br \/>\n<strong>3\u00ba. Javi\u00e1n &#8211; <em>No somos h\u00e9roes<\/em>: 7 puntos<\/strong><br \/>\n<strong>4\u00ba. Brequette &#8211; <em>No enemy<\/em>: 6 puntos<\/strong><br \/>\n<strong>4\u00ba. Nicky Triphook &#8211; <em>Daddy&#8217;s little girl<\/em>: 6 puntos<\/strong><br \/>\n<strong>6\u00ba. Nieves Hidalgo &#8211;<em> Esclava<\/em>: 2 puntos<\/strong><br \/>\n<strong>6\u00ba. Pedro Elipe &#8211; <em>Del dolor<\/em>: 2 puntos<\/strong><br \/>\n<strong>8\u00ba. Rebeca Moss &#8211;<em> Volver\u00e9 por ti<\/em>: 1 punto<\/strong><br \/>\n<strong>9\u00ba. Romy Low &#8211; <em>In love<\/em>: 1 punto<\/strong><br \/>\n<strong>10\u00ba. Nito &#8211;<em> Luna<\/em>: 0 puntos\u00a0\u00a0<\/strong>\u00a0\u00a0\u00a0\u00a0 <\/span><\/p>\n<p>En el programa especial dirigido por Cesar Vallejo y presentado por Irene Mahia y Paloma Gonz\u00e1lez, tambi\u00e9n se han dado a conocer los \u00faltimos tres finalistas para\u00a0el concurso del\u00a0\u00a0logo para la gala OBJETIVO EUROVISION #ObjetivoLogo y desde vivaeurovision felicitamos a todos los participantes y en especial al creador del logo de nuestra web, un gran eurofan que quiere poder conseguir que su trabajo se vea reflejado en OBJETIVO EUROVISION<\/p>\n<blockquote class=\"twitter-tweet\" data-lang=\"es\">\n<p dir=\"ltr\" lang=\"es\">Me acabo de enterar!!! MUCHAS GRACIAS a <a href=\"https:\/\/twitter.com\/eurovision_tve\">@eurovision_tve<\/a> por elegir uno de mis logos como finalista <a href=\"https:\/\/twitter.com\/hashtag\/ObjetivoLogo?src=hash\">#ObjetivoLogo<\/a> <a href=\"https:\/\/twitter.com\/hashtag\/ObjetivoEurovision?src=hash\">#ObjetivoEurovision<\/a> <a href=\"https:\/\/t.co\/LfqO3zwbEF\">pic.twitter.com\/LfqO3zwbEF<\/a><\/p>\n<p>\u2014 ed. (@eddisseny) <a href=\"https:\/\/twitter.com\/eddisseny\/status\/804324521884995584\">1 de diciembre de 2016<\/a><\/p><\/blockquote>\n<p><script async src=\"\/\/platform.twitter.com\/widgets.js\" charset=\"utf-8\"><\/script><\/p>\n<p>&nbsp;<\/p>\n<p>VUELVE A VER EL VIDEO ENCUETRO DE SPAIN CALLING EN EL SIGUIENTE ENLACE<\/p>\n<div style=\"width: 100%; padding-top: 64%; position: relative; border-bottom: 1px solid #aaa; display: inline-block; background: rgba(255,255,255,0.9);\">\n<p><iframe loading=\"lazy\" style=\"left: 0px; top: 0px; width: 100%; height: 90%; overflow: hidden; position: absolute;\" src=\"http:\/\/www.rtve.es\/drmn\/embed\/video\/3838019\" name=\"Eurovisi\u00f3n 2017- El jurado elige a los tres finalistas del #Eurocasting\" width=\"300\" height=\"150\" frameborder=\"0\" scrolling=\"no\"><\/iframe><\/p>\n<div style=\"position: absolute; bottom: 0; left: 0; font-family: arial,helvetica,sans-serif; font-size: 12px; line-height: 1.833; display: inline-block; padding: 5px 0 5px 10px;\"><span style=\"float: left; margin-right: 10px;\"><img decoding=\"async\" style=\"height: 20px; width: auto; background: transparent; padding: 0; margin: 0;\" src=\"http:\/\/img.irtve.es\/css\/rtve.commons\/rtve.header.footer\/i\/logoRTVEes.png\" \/><\/span> <a style=\"color: #333; font-weight: bold;\" title=\"Eurovisi\u00f3n 2017- El jurado elige a los tres finalistas del #Eurocasting\" href=\"http:\/\/www.rtve.es\/alacarta\/videos\/eurovision-2017\/objetivo-eurovision-finalistas\/3838019\/\"><strong>Eurovisi\u00f3n 2017- El jurado elige a los tres finalistas del #Eurocasting<\/strong><\/a><\/div>\n<\/div>\n<p>&nbsp;<\/p>\n<p><img loading=\"lazy\" decoding=\"async\" class=\"alignnone size-medium wp-image-311\" src=\"http:\/\/www.vivaeurovision.com\/wp-content\/uploads\/2016\/01\/image-21-300x165.jpeg\" alt=\"VIVAEUROVISION.COM\" width=\"300\" height=\"165\" srcset=\"https:\/\/www.vivaeurovision.com\/wp-content\/uploads\/2016\/01\/image-21-300x165.jpeg 300w, https:\/\/www.vivaeurovision.com\/wp-content\/uploads\/2016\/01\/image-21-555x305.jpeg 555w, https:\/\/www.vivaeurovision.com\/wp-content\/uploads\/2016\/01\/image-21.jpeg 669w\" sizes=\"auto, (max-width: 300px) 100vw, 300px\" \/><\/p>\n<p>Twitter\u00a0<strong> <a href=\"https:\/\/twitter.com\/viva_eurovision\" target=\"_blank\"><span style=\"color: #0066cc;\">@viva_eurovision<\/span><\/a>\u00a0 <a href=\"https:\/\/www.facebook.com\/Vivaeurovisioncom-867806686671081\/?fref=nf\" target=\"_blank\"><span style=\"color: #0066cc;\">FACEBOOK OFICIAL VIVA EUROVISION <\/span><\/a><\/strong>Instragram <strong>\u00a0<\/strong><a href=\"https:\/\/www.instagram.com\/vivaeurovision\/\" target=\"_blank\"><strong>@vivaeurovision<\/strong><\/a><\/p>\n<p>Redactor: Pedro Palomo <a href=\"https:\/\/twitter.com\/pedropalomobcn?lang=es\"><strong><span style=\"color: #0066cc;\">@pedropalomobcn<\/span><\/strong><\/a><strong>\u00a0<\/strong>Instagram <a href=\"https:\/\/www.instagram.com\/pedrobcn\/\" target=\"_blank\"><strong>@pedrobcn<\/strong><\/a><\/p>\n","protected":false},"excerpt":{"rendered":"<p>LeKlein, Fruela y Javian son los finalistas del eurocasting Leklein se convierte en la primera finalista del eurocasting con su tema Ouch!! Un de las grandes sorpresas de este eurocasting&#46;&#46;&#46;<\/p>\n","protected":false},"author":1,"featured_media":3304,"comment_status":"open","ping_status":"open","sticky":false,"template":"","format":"standard","meta":{"_exactmetrics_skip_tracking":false,"_exactmetrics_sitenote_active":false,"_exactmetrics_sitenote_note":"","_exactmetrics_sitenote_category":0,"footnotes":""},"categories":[6,1195,876,4,1188,2,3],"tags":[1213,11,670,866,869,1314,1315,1318,1316,1317,1354,1399,1372,1400,1344,1346,1348,1347,1345,1351,1398,139,1243,1401,1350,19,20,766,23,22],"class_list":["post-3218","post","type-post","status-publish","format-standard","has-post-thumbnail","hentry","category-espana-en-eurovision","category-eurovision-2","category-eurovision-2017","category-eurovision","category-noticia-2","category-noticia","category-ultima-hora","tag-eurocasting","tag-eurovision","tag-eurovision-2017","tag-eurovision-song-contest-2017","tag-eurovision-spain-2017","tag-fruela","tag-fruela-eurocasting","tag-fruela-eurovision","tag-fruela-live-it-up","tag-fruela-objetivo-eurovision","tag-javian","tag-javian-eurocasting","tag-javian-eurovision","tag-javian-objtivo-eurovision","tag-leklein","tag-leklein-eurocasting","tag-leklein-eurovision","tag-leklein-objetivo-eurovision","tag-leklein-ouch","tag-live-it-up","tag-no-somos-heroes","tag-objetivo-eurovision","tag-objetivo-logo","tag-objetivologo","tag-ouch","tag-pedro-palomo","tag-pedro-palomo-eurovision","tag-pedro-palomo-vivaeurovision","tag-viva-eurovision","tag-vivaeurovision"],"yoast_head":"<!-- This site is optimized with the Yoast SEO plugin v27.5 - https:\/\/yoast.com\/product\/yoast-seo-wordpress\/ -->\n<title>LeKlein, Fruela y Javian son los finalistas del eurocasting - VIVAEUROVISION viva eurovision<\/title>\n<meta name=\"description\" content=\"fruela, leklein, javian, eurocasting, objetivo eurovisi\u00f3n, vivaeurovision, festival de eurovisi\u00f3n, eurovisi\u00f3n 2017, eurovision\" \/>\n<meta name=\"robots\" content=\"index, follow, max-snippet:-1, max-image-preview:large, max-video-preview:-1\" \/>\n<link rel=\"canonical\" href=\"https:\/\/www.vivaeurovision.com\/index.php\/2016\/12\/20\/leklein-fruela-javian-eurovision\/\" \/>\n<meta property=\"og:locale\" content=\"es_ES\" \/>\n<meta property=\"og:type\" content=\"article\" \/>\n<meta property=\"og:title\" content=\"LeKlein, Fruela y Javian son los finalistas del eurocasting - VIVAEUROVISION viva eurovision\" \/>\n<meta property=\"og:description\" content=\"fruela, leklein, javian, eurocasting, objetivo eurovisi\u00f3n, vivaeurovision, festival de eurovisi\u00f3n, eurovisi\u00f3n 2017, eurovision\" \/>\n<meta property=\"og:url\" content=\"https:\/\/www.vivaeurovision.com\/index.php\/2016\/12\/20\/leklein-fruela-javian-eurovision\/\" \/>\n<meta property=\"og:site_name\" content=\"VIVAEUROVISION viva eurovision\" \/>\n<meta property=\"article:published_time\" content=\"2016-12-20T16:53:25+00:00\" \/>\n<meta property=\"article:modified_time\" content=\"2017-01-10T18:07:46+00:00\" \/>\n<meta property=\"og:image\" content=\"https:\/\/www.vivaeurovision.com\/wp-content\/uploads\/2016\/12\/finalistas.jpg\" \/>\n\t<meta property=\"og:image:width\" content=\"600\" \/>\n\t<meta property=\"og:image:height\" content=\"300\" \/>\n\t<meta property=\"og:image:type\" content=\"image\/jpeg\" \/>\n<meta name=\"author\" content=\"Pedro Palomo\" \/>\n<meta name=\"twitter:card\" content=\"summary_large_image\" \/>\n<meta name=\"twitter:creator\" content=\"@pedropalomobcn\" \/>\n<meta name=\"twitter:label1\" content=\"Escrito por\" \/>\n\t<meta name=\"twitter:data1\" content=\"Pedro Palomo\" \/>\n\t<meta name=\"twitter:label2\" content=\"Tiempo de lectura\" \/>\n\t<meta name=\"twitter:data2\" content=\"2 minutos\" \/>\n<script type=\"application\/ld+json\" class=\"yoast-schema-graph\">{\"@context\":\"https:\\\/\\\/schema.org\",\"@graph\":[{\"@type\":\"Article\",\"@id\":\"https:\\\/\\\/www.vivaeurovision.com\\\/index.php\\\/2016\\\/12\\\/20\\\/leklein-fruela-javian-eurovision\\\/#article\",\"isPartOf\":{\"@id\":\"https:\\\/\\\/www.vivaeurovision.com\\\/index.php\\\/2016\\\/12\\\/20\\\/leklein-fruela-javian-eurovision\\\/\"},\"author\":{\"name\":\"Pedro Palomo\",\"@id\":\"https:\\\/\\\/www.vivaeurovision.com\\\/#\\\/schema\\\/person\\\/1d31fdaa3f5f7df556f73d164bd3c47a\"},\"headline\":\"LeKlein, Fruela y Javian son los finalistas del eurocasting\",\"datePublished\":\"2016-12-20T16:53:25+00:00\",\"dateModified\":\"2017-01-10T18:07:46+00:00\",\"mainEntityOfPage\":{\"@id\":\"https:\\\/\\\/www.vivaeurovision.com\\\/index.php\\\/2016\\\/12\\\/20\\\/leklein-fruela-javian-eurovision\\\/\"},\"wordCount\":493,\"commentCount\":0,\"publisher\":{\"@id\":\"https:\\\/\\\/www.vivaeurovision.com\\\/#organization\"},\"image\":{\"@id\":\"https:\\\/\\\/www.vivaeurovision.com\\\/index.php\\\/2016\\\/12\\\/20\\\/leklein-fruela-javian-eurovision\\\/#primaryimage\"},\"thumbnailUrl\":\"https:\\\/\\\/www.vivaeurovision.com\\\/wp-content\\\/uploads\\\/2016\\\/12\\\/finalistas.jpg\",\"keywords\":[\"eurocasting\",\"Eurovision\",\"Eurovision 2017\",\"eurovision song contest 2017\",\"eurovision spain 2017\",\"fruela\",\"fruela eurocasting\",\"fruela eurovision\",\"fruela live it up\",\"fruela objetivo eurovision\",\"javian\",\"javian eurocasting\",\"javian eurovision\",\"javian objtivo eurovision\",\"LeKlein\",\"LeKlein eurocasting\",\"LeKlein eurovision\",\"LeKlein objetivo Eurovision\",\"LeKlein Ouch\",\"live it up\",\"no somos heroes\",\"objetivo eurovision\",\"objetivo logo\",\"objetivologo\",\"Ouch\",\"Pedro Palomo\",\"Pedro Palomo Eurovision\",\"Pedro Palomo Vivaeurovision\",\"viva eurovision\",\"vivaeurovision\"],\"articleSection\":[\"Espa\u00f1a en Eurovisi\u00f3n\",\"eurovision\",\"Eurovisi\u00f3n 2017\",\"Inicio\",\"Noticia\",\"Noticias\",\"Ultima Hora\"],\"inLanguage\":\"es\",\"potentialAction\":[{\"@type\":\"CommentAction\",\"name\":\"Comment\",\"target\":[\"https:\\\/\\\/www.vivaeurovision.com\\\/index.php\\\/2016\\\/12\\\/20\\\/leklein-fruela-javian-eurovision\\\/#respond\"]}]},{\"@type\":\"WebPage\",\"@id\":\"https:\\\/\\\/www.vivaeurovision.com\\\/index.php\\\/2016\\\/12\\\/20\\\/leklein-fruela-javian-eurovision\\\/\",\"url\":\"https:\\\/\\\/www.vivaeurovision.com\\\/index.php\\\/2016\\\/12\\\/20\\\/leklein-fruela-javian-eurovision\\\/\",\"name\":\"LeKlein, Fruela y Javian son los finalistas del eurocasting - VIVAEUROVISION viva eurovision\",\"isPartOf\":{\"@id\":\"https:\\\/\\\/www.vivaeurovision.com\\\/#website\"},\"primaryImageOfPage\":{\"@id\":\"https:\\\/\\\/www.vivaeurovision.com\\\/index.php\\\/2016\\\/12\\\/20\\\/leklein-fruela-javian-eurovision\\\/#primaryimage\"},\"image\":{\"@id\":\"https:\\\/\\\/www.vivaeurovision.com\\\/index.php\\\/2016\\\/12\\\/20\\\/leklein-fruela-javian-eurovision\\\/#primaryimage\"},\"thumbnailUrl\":\"https:\\\/\\\/www.vivaeurovision.com\\\/wp-content\\\/uploads\\\/2016\\\/12\\\/finalistas.jpg\",\"datePublished\":\"2016-12-20T16:53:25+00:00\",\"dateModified\":\"2017-01-10T18:07:46+00:00\",\"description\":\"fruela, leklein, javian, eurocasting, objetivo eurovisi\u00f3n, vivaeurovision, festival de eurovisi\u00f3n, eurovisi\u00f3n 2017, eurovision\",\"breadcrumb\":{\"@id\":\"https:\\\/\\\/www.vivaeurovision.com\\\/index.php\\\/2016\\\/12\\\/20\\\/leklein-fruela-javian-eurovision\\\/#breadcrumb\"},\"inLanguage\":\"es\",\"potentialAction\":[{\"@type\":\"ReadAction\",\"target\":[\"https:\\\/\\\/www.vivaeurovision.com\\\/index.php\\\/2016\\\/12\\\/20\\\/leklein-fruela-javian-eurovision\\\/\"]}]},{\"@type\":\"ImageObject\",\"inLanguage\":\"es\",\"@id\":\"https:\\\/\\\/www.vivaeurovision.com\\\/index.php\\\/2016\\\/12\\\/20\\\/leklein-fruela-javian-eurovision\\\/#primaryimage\",\"url\":\"https:\\\/\\\/www.vivaeurovision.com\\\/wp-content\\\/uploads\\\/2016\\\/12\\\/finalistas.jpg\",\"contentUrl\":\"https:\\\/\\\/www.vivaeurovision.com\\\/wp-content\\\/uploads\\\/2016\\\/12\\\/finalistas.jpg\",\"width\":600,\"height\":300,\"caption\":\"vivaeurovision\"},{\"@type\":\"BreadcrumbList\",\"@id\":\"https:\\\/\\\/www.vivaeurovision.com\\\/index.php\\\/2016\\\/12\\\/20\\\/leklein-fruela-javian-eurovision\\\/#breadcrumb\",\"itemListElement\":[{\"@type\":\"ListItem\",\"position\":1,\"name\":\"Portada\",\"item\":\"https:\\\/\\\/www.vivaeurovision.com\\\/\"},{\"@type\":\"ListItem\",\"position\":2,\"name\":\"LeKlein, Fruela y Javian son los finalistas del eurocasting\"}]},{\"@type\":\"WebSite\",\"@id\":\"https:\\\/\\\/www.vivaeurovision.com\\\/#website\",\"url\":\"https:\\\/\\\/www.vivaeurovision.com\\\/\",\"name\":\"VIVAEUROVISION viva eurovision\",\"description\":\"Tu portal sobre el Festival de Eurovision, eurovision, eurovisi\u00f3n\",\"publisher\":{\"@id\":\"https:\\\/\\\/www.vivaeurovision.com\\\/#organization\"},\"potentialAction\":[{\"@type\":\"SearchAction\",\"target\":{\"@type\":\"EntryPoint\",\"urlTemplate\":\"https:\\\/\\\/www.vivaeurovision.com\\\/?s={search_term_string}\"},\"query-input\":{\"@type\":\"PropertyValueSpecification\",\"valueRequired\":true,\"valueName\":\"search_term_string\"}}],\"inLanguage\":\"es\"},{\"@type\":\"Organization\",\"@id\":\"https:\\\/\\\/www.vivaeurovision.com\\\/#organization\",\"name\":\"vivaeurovision\",\"url\":\"https:\\\/\\\/www.vivaeurovision.com\\\/\",\"logo\":{\"@type\":\"ImageObject\",\"inLanguage\":\"es\",\"@id\":\"https:\\\/\\\/www.vivaeurovision.com\\\/#\\\/schema\\\/logo\\\/image\\\/\",\"url\":\"https:\\\/\\\/www.vivaeurovision.com\\\/wp-content\\\/uploads\\\/2016\\\/01\\\/cropped-image-21-1.jpeg\",\"contentUrl\":\"https:\\\/\\\/www.vivaeurovision.com\\\/wp-content\\\/uploads\\\/2016\\\/01\\\/cropped-image-21-1.jpeg\",\"width\":669,\"height\":368,\"caption\":\"vivaeurovision\"},\"image\":{\"@id\":\"https:\\\/\\\/www.vivaeurovision.com\\\/#\\\/schema\\\/logo\\\/image\\\/\"}},{\"@type\":\"Person\",\"@id\":\"https:\\\/\\\/www.vivaeurovision.com\\\/#\\\/schema\\\/person\\\/1d31fdaa3f5f7df556f73d164bd3c47a\",\"name\":\"Pedro Palomo\",\"image\":{\"@type\":\"ImageObject\",\"inLanguage\":\"es\",\"@id\":\"https:\\\/\\\/secure.gravatar.com\\\/avatar\\\/4cf9a4877f5f71f44fb7cedbe1bac1bd28bd8ce7a217517d98d5b2117f9f5505?s=96&d=mm&r=g\",\"url\":\"https:\\\/\\\/secure.gravatar.com\\\/avatar\\\/4cf9a4877f5f71f44fb7cedbe1bac1bd28bd8ce7a217517d98d5b2117f9f5505?s=96&d=mm&r=g\",\"contentUrl\":\"https:\\\/\\\/secure.gravatar.com\\\/avatar\\\/4cf9a4877f5f71f44fb7cedbe1bac1bd28bd8ce7a217517d98d5b2117f9f5505?s=96&d=mm&r=g\",\"caption\":\"Pedro Palomo\"},\"sameAs\":[\"http:\\\/\\\/www.vivaeurovision.com\",\"@pedrobcn\",\"https:\\\/\\\/x.com\\\/@pedropalomobcn\"]}]}<\/script>\n<!-- \/ Yoast SEO plugin. -->","yoast_head_json":{"title":"LeKlein, Fruela y Javian son los finalistas del eurocasting - VIVAEUROVISION viva eurovision","description":"fruela, leklein, javian, eurocasting, objetivo eurovisi\u00f3n, vivaeurovision, festival de eurovisi\u00f3n, eurovisi\u00f3n 2017, eurovision","robots":{"index":"index","follow":"follow","max-snippet":"max-snippet:-1","max-image-preview":"max-image-preview:large","max-video-preview":"max-video-preview:-1"},"canonical":"https:\/\/www.vivaeurovision.com\/index.php\/2016\/12\/20\/leklein-fruela-javian-eurovision\/","og_locale":"es_ES","og_type":"article","og_title":"LeKlein, Fruela y Javian son los finalistas del eurocasting - VIVAEUROVISION viva eurovision","og_description":"fruela, leklein, javian, eurocasting, objetivo eurovisi\u00f3n, vivaeurovision, festival de eurovisi\u00f3n, eurovisi\u00f3n 2017, eurovision","og_url":"https:\/\/www.vivaeurovision.com\/index.php\/2016\/12\/20\/leklein-fruela-javian-eurovision\/","og_site_name":"VIVAEUROVISION viva eurovision","article_published_time":"2016-12-20T16:53:25+00:00","article_modified_time":"2017-01-10T18:07:46+00:00","og_image":[{"width":600,"height":300,"url":"https:\/\/www.vivaeurovision.com\/wp-content\/uploads\/2016\/12\/finalistas.jpg","type":"image\/jpeg"}],"author":"Pedro Palomo","twitter_card":"summary_large_image","twitter_creator":"@pedropalomobcn","twitter_misc":{"Escrito por":"Pedro Palomo","Tiempo de lectura":"2 minutos"},"schema":{"@context":"https:\/\/schema.org","@graph":[{"@type":"Article","@id":"https:\/\/www.vivaeurovision.com\/index.php\/2016\/12\/20\/leklein-fruela-javian-eurovision\/#article","isPartOf":{"@id":"https:\/\/www.vivaeurovision.com\/index.php\/2016\/12\/20\/leklein-fruela-javian-eurovision\/"},"author":{"name":"Pedro Palomo","@id":"https:\/\/www.vivaeurovision.com\/#\/schema\/person\/1d31fdaa3f5f7df556f73d164bd3c47a"},"headline":"LeKlein, Fruela y Javian son los finalistas del eurocasting","datePublished":"2016-12-20T16:53:25+00:00","dateModified":"2017-01-10T18:07:46+00:00","mainEntityOfPage":{"@id":"https:\/\/www.vivaeurovision.com\/index.php\/2016\/12\/20\/leklein-fruela-javian-eurovision\/"},"wordCount":493,"commentCount":0,"publisher":{"@id":"https:\/\/www.vivaeurovision.com\/#organization"},"image":{"@id":"https:\/\/www.vivaeurovision.com\/index.php\/2016\/12\/20\/leklein-fruela-javian-eurovision\/#primaryimage"},"thumbnailUrl":"https:\/\/www.vivaeurovision.com\/wp-content\/uploads\/2016\/12\/finalistas.jpg","keywords":["eurocasting","Eurovision","Eurovision 2017","eurovision song contest 2017","eurovision spain 2017","fruela","fruela eurocasting","fruela eurovision","fruela live it up","fruela objetivo eurovision","javian","javian eurocasting","javian eurovision","javian objtivo eurovision","LeKlein","LeKlein eurocasting","LeKlein eurovision","LeKlein objetivo Eurovision","LeKlein Ouch","live it up","no somos heroes","objetivo eurovision","objetivo logo","objetivologo","Ouch","Pedro Palomo","Pedro Palomo Eurovision","Pedro Palomo Vivaeurovision","viva eurovision","vivaeurovision"],"articleSection":["Espa\u00f1a en Eurovisi\u00f3n","eurovision","Eurovisi\u00f3n 2017","Inicio","Noticia","Noticias","Ultima Hora"],"inLanguage":"es","potentialAction":[{"@type":"CommentAction","name":"Comment","target":["https:\/\/www.vivaeurovision.com\/index.php\/2016\/12\/20\/leklein-fruela-javian-eurovision\/#respond"]}]},{"@type":"WebPage","@id":"https:\/\/www.vivaeurovision.com\/index.php\/2016\/12\/20\/leklein-fruela-javian-eurovision\/","url":"https:\/\/www.vivaeurovision.com\/index.php\/2016\/12\/20\/leklein-fruela-javian-eurovision\/","name":"LeKlein, Fruela y Javian son los finalistas del eurocasting - VIVAEUROVISION viva eurovision","isPartOf":{"@id":"https:\/\/www.vivaeurovision.com\/#website"},"primaryImageOfPage":{"@id":"https:\/\/www.vivaeurovision.com\/index.php\/2016\/12\/20\/leklein-fruela-javian-eurovision\/#primaryimage"},"image":{"@id":"https:\/\/www.vivaeurovision.com\/index.php\/2016\/12\/20\/leklein-fruela-javian-eurovision\/#primaryimage"},"thumbnailUrl":"https:\/\/www.vivaeurovision.com\/wp-content\/uploads\/2016\/12\/finalistas.jpg","datePublished":"2016-12-20T16:53:25+00:00","dateModified":"2017-01-10T18:07:46+00:00","description":"fruela, leklein, javian, eurocasting, objetivo eurovisi\u00f3n, vivaeurovision, festival de eurovisi\u00f3n, eurovisi\u00f3n 2017, eurovision","breadcrumb":{"@id":"https:\/\/www.vivaeurovision.com\/index.php\/2016\/12\/20\/leklein-fruela-javian-eurovision\/#breadcrumb"},"inLanguage":"es","potentialAction":[{"@type":"ReadAction","target":["https:\/\/www.vivaeurovision.com\/index.php\/2016\/12\/20\/leklein-fruela-javian-eurovision\/"]}]},{"@type":"ImageObject","inLanguage":"es","@id":"https:\/\/www.vivaeurovision.com\/index.php\/2016\/12\/20\/leklein-fruela-javian-eurovision\/#primaryimage","url":"https:\/\/www.vivaeurovision.com\/wp-content\/uploads\/2016\/12\/finalistas.jpg","contentUrl":"https:\/\/www.vivaeurovision.com\/wp-content\/uploads\/2016\/12\/finalistas.jpg","width":600,"height":300,"caption":"vivaeurovision"},{"@type":"BreadcrumbList","@id":"https:\/\/www.vivaeurovision.com\/index.php\/2016\/12\/20\/leklein-fruela-javian-eurovision\/#breadcrumb","itemListElement":[{"@type":"ListItem","position":1,"name":"Portada","item":"https:\/\/www.vivaeurovision.com\/"},{"@type":"ListItem","position":2,"name":"LeKlein, Fruela y Javian son los finalistas del eurocasting"}]},{"@type":"WebSite","@id":"https:\/\/www.vivaeurovision.com\/#website","url":"https:\/\/www.vivaeurovision.com\/","name":"VIVAEUROVISION viva eurovision","description":"Tu portal sobre el Festival de Eurovision, eurovision, eurovisi\u00f3n","publisher":{"@id":"https:\/\/www.vivaeurovision.com\/#organization"},"potentialAction":[{"@type":"SearchAction","target":{"@type":"EntryPoint","urlTemplate":"https:\/\/www.vivaeurovision.com\/?s={search_term_string}"},"query-input":{"@type":"PropertyValueSpecification","valueRequired":true,"valueName":"search_term_string"}}],"inLanguage":"es"},{"@type":"Organization","@id":"https:\/\/www.vivaeurovision.com\/#organization","name":"vivaeurovision","url":"https:\/\/www.vivaeurovision.com\/","logo":{"@type":"ImageObject","inLanguage":"es","@id":"https:\/\/www.vivaeurovision.com\/#\/schema\/logo\/image\/","url":"https:\/\/www.vivaeurovision.com\/wp-content\/uploads\/2016\/01\/cropped-image-21-1.jpeg","contentUrl":"https:\/\/www.vivaeurovision.com\/wp-content\/uploads\/2016\/01\/cropped-image-21-1.jpeg","width":669,"height":368,"caption":"vivaeurovision"},"image":{"@id":"https:\/\/www.vivaeurovision.com\/#\/schema\/logo\/image\/"}},{"@type":"Person","@id":"https:\/\/www.vivaeurovision.com\/#\/schema\/person\/1d31fdaa3f5f7df556f73d164bd3c47a","name":"Pedro Palomo","image":{"@type":"ImageObject","inLanguage":"es","@id":"https:\/\/secure.gravatar.com\/avatar\/4cf9a4877f5f71f44fb7cedbe1bac1bd28bd8ce7a217517d98d5b2117f9f5505?s=96&d=mm&r=g","url":"https:\/\/secure.gravatar.com\/avatar\/4cf9a4877f5f71f44fb7cedbe1bac1bd28bd8ce7a217517d98d5b2117f9f5505?s=96&d=mm&r=g","contentUrl":"https:\/\/secure.gravatar.com\/avatar\/4cf9a4877f5f71f44fb7cedbe1bac1bd28bd8ce7a217517d98d5b2117f9f5505?s=96&d=mm&r=g","caption":"Pedro Palomo"},"sameAs":["http:\/\/www.vivaeurovision.com","@pedrobcn","https:\/\/x.com\/@pedropalomobcn"]}]}},"_links":{"self":[{"href":"https:\/\/www.vivaeurovision.com\/index.php\/wp-json\/wp\/v2\/posts\/3218","targetHints":{"allow":["GET"]}}],"collection":[{"href":"https:\/\/www.vivaeurovision.com\/index.php\/wp-json\/wp\/v2\/posts"}],"about":[{"href":"https:\/\/www.vivaeurovision.com\/index.php\/wp-json\/wp\/v2\/types\/post"}],"author":[{"embeddable":true,"href":"https:\/\/www.vivaeurovision.com\/index.php\/wp-json\/wp\/v2\/users\/1"}],"replies":[{"embeddable":true,"href":"https:\/\/www.vivaeurovision.com\/index.php\/wp-json\/wp\/v2\/comments?post=3218"}],"version-history":[{"count":0,"href":"https:\/\/www.vivaeurovision.com\/index.php\/wp-json\/wp\/v2\/posts\/3218\/revisions"}],"wp:featuredmedia":[{"embeddable":true,"href":"https:\/\/www.vivaeurovision.com\/index.php\/wp-json\/wp\/v2\/media\/3304"}],"wp:attachment":[{"href":"https:\/\/www.vivaeurovision.com\/index.php\/wp-json\/wp\/v2\/media?parent=3218"}],"wp:term":[{"taxonomy":"category","embeddable":true,"href":"https:\/\/www.vivaeurovision.com\/index.php\/wp-json\/wp\/v2\/categories?post=3218"},{"taxonomy":"post_tag","embeddable":true,"href":"https:\/\/www.vivaeurovision.com\/index.php\/wp-json\/wp\/v2\/tags?post=3218"}],"curies":[{"name":"wp","href":"https:\/\/api.w.org\/{rel}","templated":true}]}}