{"id":3310,"date":"2016-12-22T21:32:28","date_gmt":"2016-12-22T21:32:28","guid":{"rendered":"http:\/\/www.vivaeurovision.com\/?p=3310"},"modified":"2016-12-22T21:35:55","modified_gmt":"2016-12-22T21:35:55","slug":"logo-objetivo-eurovision","status":"publish","type":"post","link":"https:\/\/www.vivaeurovision.com\/index.php\/2016\/12\/22\/logo-objetivo-eurovision\/","title":{"rendered":"VOTA POR TU LOGO FAVORITO PARA OBJETIVO EUROVISI\u00d3N"},"content":{"rendered":"<h2>VOTA POR TU LOGO FAVORITO PARA OBJETIVO EUROVISI\u00d3N<\/h2>\n<div id=\"attachment_3311\" style=\"width: 310px\" class=\"wp-caption alignnone\"><img loading=\"lazy\" decoding=\"async\" aria-describedby=\"caption-attachment-3311\" class=\"size-medium wp-image-3311\" src=\"http:\/\/www.vivaeurovision.com\/wp-content\/uploads\/2016\/12\/BeFunky-Collage-300x200.jpg\" alt=\"EUROVISION\" width=\"300\" height=\"200\" srcset=\"https:\/\/www.vivaeurovision.com\/wp-content\/uploads\/2016\/12\/BeFunky-Collage-300x200.jpg 300w, https:\/\/www.vivaeurovision.com\/wp-content\/uploads\/2016\/12\/BeFunky-Collage-1024x682.jpg 1024w\" sizes=\"auto, (max-width: 300px) 100vw, 300px\" \/><p id=\"caption-attachment-3311\" class=\"wp-caption-text\">VIVAEUROVISION<\/p><\/div>\n<p>Ya puedes votar por tu logo favorito en la pagina de RTVE.ES<\/p>\n<p>12 Finalistas y un solo ganador, el concurso que por primera vez ha organizado RTVE, para la creaci\u00f3n de logos, ha recibido casi 200 logos, de entre ellos tan solo 12 son finalistas y los han ido presentando en los programas especiales SPAIN CALLING.<\/p>\n<p>Aqu\u00ed ten\u00e9is el listado completo de los participantes.<\/p>\n<p>Puedes votar por tu logo favorito en el siguiente enlace.<\/p>\n<p><strong><a href=\"http:\/\/www.rtve.es\/television\/eurovision\/eurologo\/\" target=\"_blank\">http:\/\/www.rtve.es\/television\/eurovision\/eurologo\/<\/a><\/strong><\/p>\n<p>&nbsp;<\/p>\n<p><strong>Vota por tu logo favorito<\/strong><\/p>\n<div><label class=\"choice\" for=\"element_13_25\">@alvarosalasdice<\/label><\/div>\n<div><label class=\"choice\" for=\"element_13_26\">@Carel3DS<\/label><\/div>\n<div><label class=\"choice\" for=\"element_13_27\">@delgado1905<\/label><\/div>\n<div><label class=\"choice\" for=\"element_13_28\">@eddisseny<\/label><\/div>\n<div><label class=\"choice\" for=\"element_13_29\">@indigo_svq<\/label><\/div>\n<div><label class=\"choice\" for=\"element_13_30\">@Javi99ab<\/label><\/div>\n<div><label class=\"choice\" for=\"element_13_31\">@jantacreativo<\/label><\/div>\n<div><label class=\"choice\" for=\"element_13_32\">@jcavaa<\/label><\/div>\n<div><label class=\"choice\" for=\"element_13_33\">@JoseOigemeei<\/label><\/div>\n<div><label class=\"choice\" for=\"element_13_34\">@mnever97<\/label><\/div>\n<div><label class=\"choice\" for=\"element_13_35\">@3renx<\/label><\/div>\n<div><label class=\"choice\" for=\"element_13_36\">@tentagraficas<\/label><\/div>\n<div><\/div>\n<div>Desde vivaeurovision, deseamos suerte a todos los participantes por el gran trabajo que todos han realizado y la gran variedad de logos con gran calidad. Todos y cada uno de ellos tienen algo especial que les hace \u00fanicos. Adem\u00e1s todos\u00a0se han tomado muy en serio este concurso y conseguir se imagen de OBJETIVO EUROVISION. FELICIDADES A LOS 12 FINALISTAS.<\/div>\n<div><\/div>\n<div>Tambi\u00e9n queremos hacer menci\u00f3n, agradecimiento\u00a0y destacar el logo de @eddisseny dise\u00f1ador del logo de VIVAEUROVISION.<\/div>\n<div>Aqu\u00ed os dejamos un ejemplo de su logo en movimiento\u00a0al ritmo de las canciones\u00a0de los tres finalistas del eurocasting, un peque\u00f1o ejemplo de como quedar\u00eda en pantalla, v\u00eddeo creado por <strong>David Avila \u00abDavid Gordo\u00bb<\/strong> junto con<strong> @eddisseny \u00abEDU\u00bb <\/strong>\u00a0y la colaboraci\u00f3n de <strong>Pedro Palomo<\/strong><\/div>\n<p><iframe loading=\"lazy\" src=\"https:\/\/www.youtube.com\/embed\/jCd0tqYcEpU\" width=\"560\" height=\"315\" frameborder=\"0\" allowfullscreen=\"allowfullscreen\"><\/iframe><\/p>\n<div><\/div>\n<div><\/div>\n<div><\/div>\n<div>\n<p><img loading=\"lazy\" decoding=\"async\" class=\"alignnone size-medium wp-image-311\" src=\"http:\/\/www.vivaeurovision.com\/wp-content\/uploads\/2016\/01\/image-21-300x165.jpeg\" alt=\"VIVAEUROVISION.COM\" width=\"300\" height=\"165\" srcset=\"https:\/\/www.vivaeurovision.com\/wp-content\/uploads\/2016\/01\/image-21-300x165.jpeg 300w, https:\/\/www.vivaeurovision.com\/wp-content\/uploads\/2016\/01\/image-21-555x305.jpeg 555w, https:\/\/www.vivaeurovision.com\/wp-content\/uploads\/2016\/01\/image-21.jpeg 669w\" sizes=\"auto, (max-width: 300px) 100vw, 300px\" \/>Twitter\u00a0<strong> <a href=\"https:\/\/twitter.com\/viva_eurovision\" target=\"_blank\"><span style=\"color: #0066cc;\">@viva_eurovision<\/span><\/a>\u00a0 <a href=\"https:\/\/www.facebook.com\/Vivaeurovisioncom-867806686671081\/?fref=nf\" target=\"_blank\"><span style=\"color: #0066cc;\">FACEBOOK OFICIAL VIVA EUROVISION <\/span><\/a><\/strong>Instragram <strong>\u00a0<\/strong><a href=\"https:\/\/www.instagram.com\/vivaeurovision\/\" target=\"_blank\"><strong>@vivaeurovision<\/strong><\/a><\/p>\n<p>Redactor: Pedro Palomo <a href=\"https:\/\/twitter.com\/pedropalomobcn?lang=es\"><strong><span style=\"color: #0066cc;\">@pedropalomobcn<\/span><\/strong><\/a><strong>\u00a0<\/strong>Instagram <a href=\"https:\/\/www.instagram.com\/pedrobcn\/\" target=\"_blank\"><strong>@pedrobcn<\/strong><\/a><\/p>\n<\/div>\n","protected":false},"excerpt":{"rendered":"<p>VOTA POR TU LOGO FAVORITO PARA OBJETIVO EUROVISI\u00d3N Ya puedes votar por tu logo favorito en la pagina de RTVE.ES 12 Finalistas y un solo ganador, el concurso que por&#46;&#46;&#46;<\/p>\n","protected":false},"author":1,"featured_media":3311,"comment_status":"open","ping_status":"open","sticky":false,"template":"","format":"standard","meta":{"_exactmetrics_skip_tracking":false,"_exactmetrics_sitenote_active":false,"_exactmetrics_sitenote_note":"","_exactmetrics_sitenote_category":0,"footnotes":""},"categories":[6,1195,876,4,1188,2,3],"tags":[11,670,1096,1097,139,1146,1243,19,20,766,18,110,920,23,22],"class_list":["post-3310","post","type-post","status-publish","format-standard","has-post-thumbnail","hentry","category-espana-en-eurovision","category-eurovision-2","category-eurovision-2017","category-eurovision","category-noticia-2","category-noticia","category-ultima-hora","tag-eurovision","tag-eurovision-2017","tag-festival-de-eurovision","tag-festival-de-eurovision-2017","tag-objetivo-eurovision","tag-objetivo-eurovision-2017","tag-objetivo-logo","tag-pedro-palomo","tag-pedro-palomo-eurovision","tag-pedro-palomo-vivaeurovision","tag-rtve","tag-rtve-eurovision","tag-spain-eurovision-2017","tag-viva-eurovision","tag-vivaeurovision"],"yoast_head":"<!-- This site is optimized with the Yoast SEO plugin v27.5 - https:\/\/yoast.com\/product\/yoast-seo-wordpress\/ -->\n<title>VOTA POR TU LOGO FAVORITO PARA OBJETIVO EUROVISI\u00d3N - VIVAEUROVISION viva eurovision<\/title>\n<meta name=\"description\" content=\"objetivo logo, objetivo eurovisi\u00f3n, vivaeurovision, eurovisi\u00f3n song contest, festival de eurovisi\u00f3n, objetivo eurovisi\u00f3n 2017, eurovision\" \/>\n<meta name=\"robots\" content=\"index, follow, max-snippet:-1, max-image-preview:large, max-video-preview:-1\" \/>\n<link rel=\"canonical\" href=\"https:\/\/www.vivaeurovision.com\/index.php\/2016\/12\/22\/logo-objetivo-eurovision\/\" \/>\n<meta property=\"og:locale\" content=\"es_ES\" \/>\n<meta property=\"og:type\" content=\"article\" \/>\n<meta property=\"og:title\" content=\"VOTA POR TU LOGO FAVORITO PARA OBJETIVO EUROVISI\u00d3N - VIVAEUROVISION viva eurovision\" \/>\n<meta property=\"og:description\" content=\"objetivo logo, objetivo eurovisi\u00f3n, vivaeurovision, eurovisi\u00f3n song contest, festival de eurovisi\u00f3n, objetivo eurovisi\u00f3n 2017, eurovision\" \/>\n<meta property=\"og:url\" content=\"https:\/\/www.vivaeurovision.com\/index.php\/2016\/12\/22\/logo-objetivo-eurovision\/\" \/>\n<meta property=\"og:site_name\" content=\"VIVAEUROVISION viva eurovision\" \/>\n<meta property=\"article:published_time\" content=\"2016-12-22T21:32:28+00:00\" \/>\n<meta property=\"article:modified_time\" content=\"2016-12-22T21:35:55+00:00\" \/>\n<meta property=\"og:image\" content=\"https:\/\/www.vivaeurovision.com\/wp-content\/uploads\/2016\/12\/BeFunky-Collage.jpg\" \/>\n\t<meta property=\"og:image:width\" content=\"3992\" \/>\n\t<meta property=\"og:image:height\" content=\"2659\" \/>\n\t<meta property=\"og:image:type\" content=\"image\/jpeg\" \/>\n<meta name=\"author\" content=\"Pedro Palomo\" \/>\n<meta name=\"twitter:card\" content=\"summary_large_image\" \/>\n<meta name=\"twitter:creator\" content=\"@pedropalomobcn\" \/>\n<meta name=\"twitter:label1\" content=\"Escrito por\" \/>\n\t<meta name=\"twitter:data1\" content=\"Pedro Palomo\" \/>\n\t<meta name=\"twitter:label2\" content=\"Tiempo de lectura\" \/>\n\t<meta name=\"twitter:data2\" content=\"1 minuto\" \/>\n<script type=\"application\/ld+json\" class=\"yoast-schema-graph\">{\"@context\":\"https:\\\/\\\/schema.org\",\"@graph\":[{\"@type\":\"Article\",\"@id\":\"https:\\\/\\\/www.vivaeurovision.com\\\/index.php\\\/2016\\\/12\\\/22\\\/logo-objetivo-eurovision\\\/#article\",\"isPartOf\":{\"@id\":\"https:\\\/\\\/www.vivaeurovision.com\\\/index.php\\\/2016\\\/12\\\/22\\\/logo-objetivo-eurovision\\\/\"},\"author\":{\"name\":\"Pedro Palomo\",\"@id\":\"https:\\\/\\\/www.vivaeurovision.com\\\/#\\\/schema\\\/person\\\/1d31fdaa3f5f7df556f73d164bd3c47a\"},\"headline\":\"VOTA POR TU LOGO FAVORITO PARA OBJETIVO EUROVISI\u00d3N\",\"datePublished\":\"2016-12-22T21:32:28+00:00\",\"dateModified\":\"2016-12-22T21:35:55+00:00\",\"mainEntityOfPage\":{\"@id\":\"https:\\\/\\\/www.vivaeurovision.com\\\/index.php\\\/2016\\\/12\\\/22\\\/logo-objetivo-eurovision\\\/\"},\"wordCount\":272,\"commentCount\":0,\"publisher\":{\"@id\":\"https:\\\/\\\/www.vivaeurovision.com\\\/#organization\"},\"image\":{\"@id\":\"https:\\\/\\\/www.vivaeurovision.com\\\/index.php\\\/2016\\\/12\\\/22\\\/logo-objetivo-eurovision\\\/#primaryimage\"},\"thumbnailUrl\":\"https:\\\/\\\/www.vivaeurovision.com\\\/wp-content\\\/uploads\\\/2016\\\/12\\\/BeFunky-Collage.jpg\",\"keywords\":[\"Eurovision\",\"Eurovision 2017\",\"Festival de Eurovisi\u00f3n\",\"Festival de Eurovisi\u00f3n 2017\",\"objetivo eurovision\",\"objetivo Eurovisi\u00f3n 2017\",\"objetivo logo\",\"Pedro Palomo\",\"Pedro Palomo Eurovision\",\"Pedro Palomo Vivaeurovision\",\"RTVE\",\"Rtve EUROVISION\",\"spain eurovision 2017\",\"viva eurovision\",\"vivaeurovision\"],\"articleSection\":[\"Espa\u00f1a en Eurovisi\u00f3n\",\"eurovision\",\"Eurovisi\u00f3n 2017\",\"Inicio\",\"Noticia\",\"Noticias\",\"Ultima Hora\"],\"inLanguage\":\"es\",\"potentialAction\":[{\"@type\":\"CommentAction\",\"name\":\"Comment\",\"target\":[\"https:\\\/\\\/www.vivaeurovision.com\\\/index.php\\\/2016\\\/12\\\/22\\\/logo-objetivo-eurovision\\\/#respond\"]}]},{\"@type\":\"WebPage\",\"@id\":\"https:\\\/\\\/www.vivaeurovision.com\\\/index.php\\\/2016\\\/12\\\/22\\\/logo-objetivo-eurovision\\\/\",\"url\":\"https:\\\/\\\/www.vivaeurovision.com\\\/index.php\\\/2016\\\/12\\\/22\\\/logo-objetivo-eurovision\\\/\",\"name\":\"VOTA POR TU LOGO FAVORITO PARA OBJETIVO EUROVISI\u00d3N - VIVAEUROVISION viva eurovision\",\"isPartOf\":{\"@id\":\"https:\\\/\\\/www.vivaeurovision.com\\\/#website\"},\"primaryImageOfPage\":{\"@id\":\"https:\\\/\\\/www.vivaeurovision.com\\\/index.php\\\/2016\\\/12\\\/22\\\/logo-objetivo-eurovision\\\/#primaryimage\"},\"image\":{\"@id\":\"https:\\\/\\\/www.vivaeurovision.com\\\/index.php\\\/2016\\\/12\\\/22\\\/logo-objetivo-eurovision\\\/#primaryimage\"},\"thumbnailUrl\":\"https:\\\/\\\/www.vivaeurovision.com\\\/wp-content\\\/uploads\\\/2016\\\/12\\\/BeFunky-Collage.jpg\",\"datePublished\":\"2016-12-22T21:32:28+00:00\",\"dateModified\":\"2016-12-22T21:35:55+00:00\",\"description\":\"objetivo logo, objetivo eurovisi\u00f3n, vivaeurovision, eurovisi\u00f3n song contest, festival de eurovisi\u00f3n, objetivo eurovisi\u00f3n 2017, eurovision\",\"breadcrumb\":{\"@id\":\"https:\\\/\\\/www.vivaeurovision.com\\\/index.php\\\/2016\\\/12\\\/22\\\/logo-objetivo-eurovision\\\/#breadcrumb\"},\"inLanguage\":\"es\",\"potentialAction\":[{\"@type\":\"ReadAction\",\"target\":[\"https:\\\/\\\/www.vivaeurovision.com\\\/index.php\\\/2016\\\/12\\\/22\\\/logo-objetivo-eurovision\\\/\"]}]},{\"@type\":\"ImageObject\",\"inLanguage\":\"es\",\"@id\":\"https:\\\/\\\/www.vivaeurovision.com\\\/index.php\\\/2016\\\/12\\\/22\\\/logo-objetivo-eurovision\\\/#primaryimage\",\"url\":\"https:\\\/\\\/www.vivaeurovision.com\\\/wp-content\\\/uploads\\\/2016\\\/12\\\/BeFunky-Collage.jpg\",\"contentUrl\":\"https:\\\/\\\/www.vivaeurovision.com\\\/wp-content\\\/uploads\\\/2016\\\/12\\\/BeFunky-Collage.jpg\",\"width\":3992,\"height\":2659,\"caption\":\"VIVAEUROVISION\"},{\"@type\":\"BreadcrumbList\",\"@id\":\"https:\\\/\\\/www.vivaeurovision.com\\\/index.php\\\/2016\\\/12\\\/22\\\/logo-objetivo-eurovision\\\/#breadcrumb\",\"itemListElement\":[{\"@type\":\"ListItem\",\"position\":1,\"name\":\"Portada\",\"item\":\"https:\\\/\\\/www.vivaeurovision.com\\\/\"},{\"@type\":\"ListItem\",\"position\":2,\"name\":\"VOTA POR TU LOGO FAVORITO PARA OBJETIVO EUROVISI\u00d3N\"}]},{\"@type\":\"WebSite\",\"@id\":\"https:\\\/\\\/www.vivaeurovision.com\\\/#website\",\"url\":\"https:\\\/\\\/www.vivaeurovision.com\\\/\",\"name\":\"VIVAEUROVISION viva eurovision\",\"description\":\"Tu portal sobre el Festival de Eurovision, eurovision, eurovisi\u00f3n\",\"publisher\":{\"@id\":\"https:\\\/\\\/www.vivaeurovision.com\\\/#organization\"},\"potentialAction\":[{\"@type\":\"SearchAction\",\"target\":{\"@type\":\"EntryPoint\",\"urlTemplate\":\"https:\\\/\\\/www.vivaeurovision.com\\\/?s={search_term_string}\"},\"query-input\":{\"@type\":\"PropertyValueSpecification\",\"valueRequired\":true,\"valueName\":\"search_term_string\"}}],\"inLanguage\":\"es\"},{\"@type\":\"Organization\",\"@id\":\"https:\\\/\\\/www.vivaeurovision.com\\\/#organization\",\"name\":\"vivaeurovision\",\"url\":\"https:\\\/\\\/www.vivaeurovision.com\\\/\",\"logo\":{\"@type\":\"ImageObject\",\"inLanguage\":\"es\",\"@id\":\"https:\\\/\\\/www.vivaeurovision.com\\\/#\\\/schema\\\/logo\\\/image\\\/\",\"url\":\"https:\\\/\\\/www.vivaeurovision.com\\\/wp-content\\\/uploads\\\/2016\\\/01\\\/cropped-image-21-1.jpeg\",\"contentUrl\":\"https:\\\/\\\/www.vivaeurovision.com\\\/wp-content\\\/uploads\\\/2016\\\/01\\\/cropped-image-21-1.jpeg\",\"width\":669,\"height\":368,\"caption\":\"vivaeurovision\"},\"image\":{\"@id\":\"https:\\\/\\\/www.vivaeurovision.com\\\/#\\\/schema\\\/logo\\\/image\\\/\"}},{\"@type\":\"Person\",\"@id\":\"https:\\\/\\\/www.vivaeurovision.com\\\/#\\\/schema\\\/person\\\/1d31fdaa3f5f7df556f73d164bd3c47a\",\"name\":\"Pedro Palomo\",\"image\":{\"@type\":\"ImageObject\",\"inLanguage\":\"es\",\"@id\":\"https:\\\/\\\/secure.gravatar.com\\\/avatar\\\/4cf9a4877f5f71f44fb7cedbe1bac1bd28bd8ce7a217517d98d5b2117f9f5505?s=96&d=mm&r=g\",\"url\":\"https:\\\/\\\/secure.gravatar.com\\\/avatar\\\/4cf9a4877f5f71f44fb7cedbe1bac1bd28bd8ce7a217517d98d5b2117f9f5505?s=96&d=mm&r=g\",\"contentUrl\":\"https:\\\/\\\/secure.gravatar.com\\\/avatar\\\/4cf9a4877f5f71f44fb7cedbe1bac1bd28bd8ce7a217517d98d5b2117f9f5505?s=96&d=mm&r=g\",\"caption\":\"Pedro Palomo\"},\"sameAs\":[\"http:\\\/\\\/www.vivaeurovision.com\",\"@pedrobcn\",\"https:\\\/\\\/x.com\\\/@pedropalomobcn\"]}]}<\/script>\n<!-- \/ Yoast SEO plugin. -->","yoast_head_json":{"title":"VOTA POR TU LOGO FAVORITO PARA OBJETIVO EUROVISI\u00d3N - VIVAEUROVISION viva eurovision","description":"objetivo logo, objetivo eurovisi\u00f3n, vivaeurovision, eurovisi\u00f3n song contest, festival de eurovisi\u00f3n, objetivo eurovisi\u00f3n 2017, eurovision","robots":{"index":"index","follow":"follow","max-snippet":"max-snippet:-1","max-image-preview":"max-image-preview:large","max-video-preview":"max-video-preview:-1"},"canonical":"https:\/\/www.vivaeurovision.com\/index.php\/2016\/12\/22\/logo-objetivo-eurovision\/","og_locale":"es_ES","og_type":"article","og_title":"VOTA POR TU LOGO FAVORITO PARA OBJETIVO EUROVISI\u00d3N - VIVAEUROVISION viva eurovision","og_description":"objetivo logo, objetivo eurovisi\u00f3n, vivaeurovision, eurovisi\u00f3n song contest, festival de eurovisi\u00f3n, objetivo eurovisi\u00f3n 2017, eurovision","og_url":"https:\/\/www.vivaeurovision.com\/index.php\/2016\/12\/22\/logo-objetivo-eurovision\/","og_site_name":"VIVAEUROVISION viva eurovision","article_published_time":"2016-12-22T21:32:28+00:00","article_modified_time":"2016-12-22T21:35:55+00:00","og_image":[{"width":3992,"height":2659,"url":"https:\/\/www.vivaeurovision.com\/wp-content\/uploads\/2016\/12\/BeFunky-Collage.jpg","type":"image\/jpeg"}],"author":"Pedro Palomo","twitter_card":"summary_large_image","twitter_creator":"@pedropalomobcn","twitter_misc":{"Escrito por":"Pedro Palomo","Tiempo de lectura":"1 minuto"},"schema":{"@context":"https:\/\/schema.org","@graph":[{"@type":"Article","@id":"https:\/\/www.vivaeurovision.com\/index.php\/2016\/12\/22\/logo-objetivo-eurovision\/#article","isPartOf":{"@id":"https:\/\/www.vivaeurovision.com\/index.php\/2016\/12\/22\/logo-objetivo-eurovision\/"},"author":{"name":"Pedro Palomo","@id":"https:\/\/www.vivaeurovision.com\/#\/schema\/person\/1d31fdaa3f5f7df556f73d164bd3c47a"},"headline":"VOTA POR TU LOGO FAVORITO PARA OBJETIVO EUROVISI\u00d3N","datePublished":"2016-12-22T21:32:28+00:00","dateModified":"2016-12-22T21:35:55+00:00","mainEntityOfPage":{"@id":"https:\/\/www.vivaeurovision.com\/index.php\/2016\/12\/22\/logo-objetivo-eurovision\/"},"wordCount":272,"commentCount":0,"publisher":{"@id":"https:\/\/www.vivaeurovision.com\/#organization"},"image":{"@id":"https:\/\/www.vivaeurovision.com\/index.php\/2016\/12\/22\/logo-objetivo-eurovision\/#primaryimage"},"thumbnailUrl":"https:\/\/www.vivaeurovision.com\/wp-content\/uploads\/2016\/12\/BeFunky-Collage.jpg","keywords":["Eurovision","Eurovision 2017","Festival de Eurovisi\u00f3n","Festival de Eurovisi\u00f3n 2017","objetivo eurovision","objetivo Eurovisi\u00f3n 2017","objetivo logo","Pedro Palomo","Pedro Palomo Eurovision","Pedro Palomo Vivaeurovision","RTVE","Rtve EUROVISION","spain eurovision 2017","viva eurovision","vivaeurovision"],"articleSection":["Espa\u00f1a en Eurovisi\u00f3n","eurovision","Eurovisi\u00f3n 2017","Inicio","Noticia","Noticias","Ultima Hora"],"inLanguage":"es","potentialAction":[{"@type":"CommentAction","name":"Comment","target":["https:\/\/www.vivaeurovision.com\/index.php\/2016\/12\/22\/logo-objetivo-eurovision\/#respond"]}]},{"@type":"WebPage","@id":"https:\/\/www.vivaeurovision.com\/index.php\/2016\/12\/22\/logo-objetivo-eurovision\/","url":"https:\/\/www.vivaeurovision.com\/index.php\/2016\/12\/22\/logo-objetivo-eurovision\/","name":"VOTA POR TU LOGO FAVORITO PARA OBJETIVO EUROVISI\u00d3N - VIVAEUROVISION viva eurovision","isPartOf":{"@id":"https:\/\/www.vivaeurovision.com\/#website"},"primaryImageOfPage":{"@id":"https:\/\/www.vivaeurovision.com\/index.php\/2016\/12\/22\/logo-objetivo-eurovision\/#primaryimage"},"image":{"@id":"https:\/\/www.vivaeurovision.com\/index.php\/2016\/12\/22\/logo-objetivo-eurovision\/#primaryimage"},"thumbnailUrl":"https:\/\/www.vivaeurovision.com\/wp-content\/uploads\/2016\/12\/BeFunky-Collage.jpg","datePublished":"2016-12-22T21:32:28+00:00","dateModified":"2016-12-22T21:35:55+00:00","description":"objetivo logo, objetivo eurovisi\u00f3n, vivaeurovision, eurovisi\u00f3n song contest, festival de eurovisi\u00f3n, objetivo eurovisi\u00f3n 2017, eurovision","breadcrumb":{"@id":"https:\/\/www.vivaeurovision.com\/index.php\/2016\/12\/22\/logo-objetivo-eurovision\/#breadcrumb"},"inLanguage":"es","potentialAction":[{"@type":"ReadAction","target":["https:\/\/www.vivaeurovision.com\/index.php\/2016\/12\/22\/logo-objetivo-eurovision\/"]}]},{"@type":"ImageObject","inLanguage":"es","@id":"https:\/\/www.vivaeurovision.com\/index.php\/2016\/12\/22\/logo-objetivo-eurovision\/#primaryimage","url":"https:\/\/www.vivaeurovision.com\/wp-content\/uploads\/2016\/12\/BeFunky-Collage.jpg","contentUrl":"https:\/\/www.vivaeurovision.com\/wp-content\/uploads\/2016\/12\/BeFunky-Collage.jpg","width":3992,"height":2659,"caption":"VIVAEUROVISION"},{"@type":"BreadcrumbList","@id":"https:\/\/www.vivaeurovision.com\/index.php\/2016\/12\/22\/logo-objetivo-eurovision\/#breadcrumb","itemListElement":[{"@type":"ListItem","position":1,"name":"Portada","item":"https:\/\/www.vivaeurovision.com\/"},{"@type":"ListItem","position":2,"name":"VOTA POR TU LOGO FAVORITO PARA OBJETIVO EUROVISI\u00d3N"}]},{"@type":"WebSite","@id":"https:\/\/www.vivaeurovision.com\/#website","url":"https:\/\/www.vivaeurovision.com\/","name":"VIVAEUROVISION viva eurovision","description":"Tu portal sobre el Festival de Eurovision, eurovision, eurovisi\u00f3n","publisher":{"@id":"https:\/\/www.vivaeurovision.com\/#organization"},"potentialAction":[{"@type":"SearchAction","target":{"@type":"EntryPoint","urlTemplate":"https:\/\/www.vivaeurovision.com\/?s={search_term_string}"},"query-input":{"@type":"PropertyValueSpecification","valueRequired":true,"valueName":"search_term_string"}}],"inLanguage":"es"},{"@type":"Organization","@id":"https:\/\/www.vivaeurovision.com\/#organization","name":"vivaeurovision","url":"https:\/\/www.vivaeurovision.com\/","logo":{"@type":"ImageObject","inLanguage":"es","@id":"https:\/\/www.vivaeurovision.com\/#\/schema\/logo\/image\/","url":"https:\/\/www.vivaeurovision.com\/wp-content\/uploads\/2016\/01\/cropped-image-21-1.jpeg","contentUrl":"https:\/\/www.vivaeurovision.com\/wp-content\/uploads\/2016\/01\/cropped-image-21-1.jpeg","width":669,"height":368,"caption":"vivaeurovision"},"image":{"@id":"https:\/\/www.vivaeurovision.com\/#\/schema\/logo\/image\/"}},{"@type":"Person","@id":"https:\/\/www.vivaeurovision.com\/#\/schema\/person\/1d31fdaa3f5f7df556f73d164bd3c47a","name":"Pedro Palomo","image":{"@type":"ImageObject","inLanguage":"es","@id":"https:\/\/secure.gravatar.com\/avatar\/4cf9a4877f5f71f44fb7cedbe1bac1bd28bd8ce7a217517d98d5b2117f9f5505?s=96&d=mm&r=g","url":"https:\/\/secure.gravatar.com\/avatar\/4cf9a4877f5f71f44fb7cedbe1bac1bd28bd8ce7a217517d98d5b2117f9f5505?s=96&d=mm&r=g","contentUrl":"https:\/\/secure.gravatar.com\/avatar\/4cf9a4877f5f71f44fb7cedbe1bac1bd28bd8ce7a217517d98d5b2117f9f5505?s=96&d=mm&r=g","caption":"Pedro Palomo"},"sameAs":["http:\/\/www.vivaeurovision.com","@pedrobcn","https:\/\/x.com\/@pedropalomobcn"]}]}},"_links":{"self":[{"href":"https:\/\/www.vivaeurovision.com\/index.php\/wp-json\/wp\/v2\/posts\/3310","targetHints":{"allow":["GET"]}}],"collection":[{"href":"https:\/\/www.vivaeurovision.com\/index.php\/wp-json\/wp\/v2\/posts"}],"about":[{"href":"https:\/\/www.vivaeurovision.com\/index.php\/wp-json\/wp\/v2\/types\/post"}],"author":[{"embeddable":true,"href":"https:\/\/www.vivaeurovision.com\/index.php\/wp-json\/wp\/v2\/users\/1"}],"replies":[{"embeddable":true,"href":"https:\/\/www.vivaeurovision.com\/index.php\/wp-json\/wp\/v2\/comments?post=3310"}],"version-history":[{"count":0,"href":"https:\/\/www.vivaeurovision.com\/index.php\/wp-json\/wp\/v2\/posts\/3310\/revisions"}],"wp:featuredmedia":[{"embeddable":true,"href":"https:\/\/www.vivaeurovision.com\/index.php\/wp-json\/wp\/v2\/media\/3311"}],"wp:attachment":[{"href":"https:\/\/www.vivaeurovision.com\/index.php\/wp-json\/wp\/v2\/media?parent=3310"}],"wp:term":[{"taxonomy":"category","embeddable":true,"href":"https:\/\/www.vivaeurovision.com\/index.php\/wp-json\/wp\/v2\/categories?post=3310"},{"taxonomy":"post_tag","embeddable":true,"href":"https:\/\/www.vivaeurovision.com\/index.php\/wp-json\/wp\/v2\/tags?post=3310"}],"curies":[{"name":"wp","href":"https:\/\/api.w.org\/{rel}","templated":true}]}}