{"id":3315,"date":"2016-12-24T01:12:05","date_gmt":"2016-12-24T01:12:05","guid":{"rendered":"http:\/\/www.vivaeurovision.com\/?p=3315"},"modified":"2016-12-24T01:12:05","modified_gmt":"2016-12-24T01:12:05","slug":"lindita-albania-eurovision-2017","status":"publish","type":"post","link":"https:\/\/www.vivaeurovision.com\/index.php\/2016\/12\/24\/lindita-albania-eurovision-2017\/","title":{"rendered":"Lindita Halimi, representante de Albania en Eurovisi\u00f3n 2017"},"content":{"rendered":"<h2>Eurovisi\u00f3n Albania 2017<\/h2>\n<h2>Lindita Halimi, representante de Albania en Eurovisi\u00f3n 2017<\/h2>\n<p><img loading=\"lazy\" decoding=\"async\" class=\"alignnone size-medium wp-image-3316\" src=\"http:\/\/www.vivaeurovision.com\/wp-content\/uploads\/2016\/12\/Enlight1-7-300x183.jpg\" alt=\"eurovision\" width=\"300\" height=\"183\" srcset=\"https:\/\/www.vivaeurovision.com\/wp-content\/uploads\/2016\/12\/Enlight1-7-300x183.jpg 300w, https:\/\/www.vivaeurovision.com\/wp-content\/uploads\/2016\/12\/Enlight1-7.jpg 950w\" sizes=\"auto, (max-width: 300px) 100vw, 300px\" \/><\/p>\n<p>Hace escasos minutos Albania ha celebrado su final nacional. Su 55\u00ba edici\u00f3n del <strong>Festivali i K\u00ebng\u00ebs<\/strong>.<\/p>\n<p><strong>Lindita Halimi<\/strong>, nacida en Kosovo y participante de la \u00faltima edici\u00f3n de American Idol, ha logrado ganar gracias al jurado y el p\u00fablico con su canci\u00f3n <strong>Bot\u00eb<\/strong>.<\/p>\n<p>Lindita, ha conseguido vencer a los otros 13 participantes y ha logrado la puntuaci\u00f3n de 85 puntos.<\/p>\n<p>\u00bf Conseguir\u00e1 este a\u00f1o Albania llegar a la gran final del pr\u00f3ximo festival de eurovisi\u00f3n 2017 ?<\/p>\n<p>De momento os dejamos la actuaci\u00f3n de Lindita y si canci\u00f3n Bot\u00eb, con la que pisar\u00e1 el escenario de Kiev 2017.<\/p>\n<p><iframe loading=\"lazy\"  id=\"_ytid_82977\"  width=\"480\" height=\"270\"  data-origwidth=\"480\" data-origheight=\"270\" src=\"https:\/\/www.youtube.com\/embed\/9e3usZ779pw?enablejsapi=1&#038;autoplay=0&#038;cc_load_policy=0&#038;cc_lang_pref=&#038;iv_load_policy=1&#038;loop=0&#038;rel=1&#038;fs=1&#038;playsinline=0&#038;autohide=2&#038;theme=dark&#038;color=red&#038;controls=1&#038;disablekb=0&#038;\" class=\"__youtube_prefs__  epyt-is-override  no-lazyload\" title=\"YouTube player\"  allow=\"fullscreen; accelerometer; autoplay; clipboard-write; encrypted-media; gyroscope; picture-in-picture; web-share\" referrerpolicy=\"strict-origin-when-cross-origin\" allowfullscreen data-no-lazy=\"1\" data-skipgform_ajax_framebjll=\"\"><\/iframe><\/p>\n<p>De esta manera se proclama como la primera canci\u00f3n del Festival de Eurovisi\u00f3n 2017.<\/p>\n<div id=\"attachment_3319\" style=\"width: 291px\" class=\"wp-caption alignnone\"><img loading=\"lazy\" decoding=\"async\" aria-describedby=\"caption-attachment-3319\" class=\"size-medium wp-image-3319\" src=\"http:\/\/www.vivaeurovision.com\/wp-content\/uploads\/2016\/12\/IMG_9230-281x300.jpg\" alt=\"eurovision \" width=\"281\" height=\"300\" srcset=\"https:\/\/www.vivaeurovision.com\/wp-content\/uploads\/2016\/12\/IMG_9230-281x300.jpg 281w, https:\/\/www.vivaeurovision.com\/wp-content\/uploads\/2016\/12\/IMG_9230.jpg 600w\" sizes=\"auto, (max-width: 281px) 100vw, 281px\" \/><p id=\"caption-attachment-3319\" class=\"wp-caption-text\">IMAGEN LINDITA, RTSH<\/p><\/div>\n<p>Desde hoy la carrera hacia la victoria en Kiev, ha comenzado.<\/p>\n<p>Fuente y imganes: RTSH y Eurovision.tv<\/p>\n","protected":false},"excerpt":{"rendered":"<p>Eurovisi\u00f3n Albania 2017 Lindita Halimi, representante de Albania en Eurovisi\u00f3n 2017 Hace escasos minutos Albania ha celebrado su final nacional. Su 55\u00ba edici\u00f3n del Festivali i K\u00ebng\u00ebs. Lindita Halimi, nacida&#46;&#46;&#46;<\/p>\n","protected":false},"author":1,"featured_media":3316,"comment_status":"open","ping_status":"open","sticky":false,"template":"","format":"standard","meta":{"_exactmetrics_skip_tracking":false,"_exactmetrics_sitenote_active":false,"_exactmetrics_sitenote_note":"","_exactmetrics_sitenote_category":0,"footnotes":""},"categories":[1195,876,4,1188,2,3],"tags":[1419,1416,1413,17,865,1420,670,1417,1412,1017,866,1096,1097,1418,1410,1411,1415,1407,1408,1409,766,1414,23,22],"class_list":["post-3315","post","type-post","status-publish","format-standard","has-post-thumbnail","hentry","category-eurovision-2","category-eurovision-2017","category-eurovision","category-noticia-2","category-noticia","category-ultima-hora","tag-albania-esc","tag-albania-eurovision","tag-albania-eurovision-2017","tag-esc","tag-esc-2017","tag-esc-albania-2017","tag-eurovision-2017","tag-eurovision-albania","tag-eurovision-albania-2017","tag-eurovision-kiev-2017","tag-eurovision-song-contest-2017","tag-festival-de-eurovision","tag-festival-de-eurovision-2017","tag-festivali-i-kenges","tag-lindita-bote","tag-lindita-bote-eurovision","tag-lindita-eurovision-2017","tag-lindita-halimi","tag-lindita-halimi-albania","tag-lindita-halimi-bote","tag-pedro-palomo-vivaeurovision","tag-rtsh","tag-viva-eurovision","tag-vivaeurovision"],"yoast_head":"<!-- This site is optimized with the Yoast SEO plugin v27.5 - https:\/\/yoast.com\/product\/yoast-seo-wordpress\/ -->\n<title>Lindita Halimi, representante de Albania en Eurovisi\u00f3n 2017 - VIVAEUROVISION viva eurovision<\/title>\n<meta name=\"description\" content=\"eurovision, eurovision Albania 2017, lindita halimi eurovision, lindita halimi, festival de eurovisi\u00f3n, eurovisi\u00f3n, vivaeurovision, eurovision 2017\" \/>\n<meta name=\"robots\" content=\"index, follow, max-snippet:-1, max-image-preview:large, max-video-preview:-1\" \/>\n<link rel=\"canonical\" href=\"https:\/\/www.vivaeurovision.com\/index.php\/2016\/12\/24\/lindita-albania-eurovision-2017\/\" \/>\n<meta property=\"og:locale\" content=\"es_ES\" \/>\n<meta property=\"og:type\" content=\"article\" \/>\n<meta property=\"og:title\" content=\"Lindita Halimi, representante de Albania en Eurovisi\u00f3n 2017 - VIVAEUROVISION viva eurovision\" \/>\n<meta property=\"og:description\" content=\"eurovision, eurovision Albania 2017, lindita halimi eurovision, lindita halimi, festival de eurovisi\u00f3n, eurovisi\u00f3n, vivaeurovision, eurovision 2017\" \/>\n<meta property=\"og:url\" content=\"https:\/\/www.vivaeurovision.com\/index.php\/2016\/12\/24\/lindita-albania-eurovision-2017\/\" \/>\n<meta property=\"og:site_name\" content=\"VIVAEUROVISION viva eurovision\" \/>\n<meta property=\"article:published_time\" content=\"2016-12-24T01:12:05+00:00\" \/>\n<meta property=\"og:image\" content=\"https:\/\/www.vivaeurovision.com\/wp-content\/uploads\/2016\/12\/Enlight1-7.jpg\" \/>\n\t<meta property=\"og:image:width\" content=\"950\" \/>\n\t<meta property=\"og:image:height\" content=\"579\" \/>\n\t<meta property=\"og:image:type\" content=\"image\/jpeg\" \/>\n<meta name=\"author\" content=\"Pedro Palomo\" \/>\n<meta name=\"twitter:card\" content=\"summary_large_image\" \/>\n<meta name=\"twitter:creator\" content=\"@pedropalomobcn\" \/>\n<meta name=\"twitter:label1\" content=\"Escrito por\" \/>\n\t<meta name=\"twitter:data1\" content=\"Pedro Palomo\" \/>\n\t<meta name=\"twitter:label2\" content=\"Tiempo de lectura\" \/>\n\t<meta name=\"twitter:data2\" content=\"1 minuto\" \/>\n<script type=\"application\/ld+json\" class=\"yoast-schema-graph\">{\"@context\":\"https:\\\/\\\/schema.org\",\"@graph\":[{\"@type\":\"Article\",\"@id\":\"https:\\\/\\\/www.vivaeurovision.com\\\/index.php\\\/2016\\\/12\\\/24\\\/lindita-albania-eurovision-2017\\\/#article\",\"isPartOf\":{\"@id\":\"https:\\\/\\\/www.vivaeurovision.com\\\/index.php\\\/2016\\\/12\\\/24\\\/lindita-albania-eurovision-2017\\\/\"},\"author\":{\"name\":\"Pedro Palomo\",\"@id\":\"https:\\\/\\\/www.vivaeurovision.com\\\/#\\\/schema\\\/person\\\/1d31fdaa3f5f7df556f73d164bd3c47a\"},\"headline\":\"Lindita Halimi, representante de Albania en Eurovisi\u00f3n 2017\",\"datePublished\":\"2016-12-24T01:12:05+00:00\",\"mainEntityOfPage\":{\"@id\":\"https:\\\/\\\/www.vivaeurovision.com\\\/index.php\\\/2016\\\/12\\\/24\\\/lindita-albania-eurovision-2017\\\/\"},\"wordCount\":171,\"commentCount\":1,\"publisher\":{\"@id\":\"https:\\\/\\\/www.vivaeurovision.com\\\/#organization\"},\"image\":{\"@id\":\"https:\\\/\\\/www.vivaeurovision.com\\\/index.php\\\/2016\\\/12\\\/24\\\/lindita-albania-eurovision-2017\\\/#primaryimage\"},\"thumbnailUrl\":\"https:\\\/\\\/www.vivaeurovision.com\\\/wp-content\\\/uploads\\\/2016\\\/12\\\/Enlight1-7.jpg\",\"keywords\":[\"Albania ESC\",\"Albania eurovision\",\"Albania eurovision 2017\",\"ESC\",\"esc 2017\",\"esc Albania 2017\",\"Eurovision 2017\",\"eurovision Albania\",\"eurovision Albania 2017\",\"eurovision kiev 2017\",\"eurovision song contest 2017\",\"Festival de Eurovisi\u00f3n\",\"Festival de Eurovisi\u00f3n 2017\",\"Festivali i k\u00ebng\u00ebs\",\"lindita bot\u00eb\",\"lindita bot\u00eb eurovision\",\"Lindita eurovision 2017\",\"Lindita Halimi\",\"lindita halimi Albania\",\"lindita halimi bot\u00eb\",\"Pedro Palomo Vivaeurovision\",\"rtsh\",\"viva eurovision\",\"vivaeurovision\"],\"articleSection\":[\"eurovision\",\"Eurovisi\u00f3n 2017\",\"Inicio\",\"Noticia\",\"Noticias\",\"Ultima Hora\"],\"inLanguage\":\"es\",\"potentialAction\":[{\"@type\":\"CommentAction\",\"name\":\"Comment\",\"target\":[\"https:\\\/\\\/www.vivaeurovision.com\\\/index.php\\\/2016\\\/12\\\/24\\\/lindita-albania-eurovision-2017\\\/#respond\"]}]},{\"@type\":\"WebPage\",\"@id\":\"https:\\\/\\\/www.vivaeurovision.com\\\/index.php\\\/2016\\\/12\\\/24\\\/lindita-albania-eurovision-2017\\\/\",\"url\":\"https:\\\/\\\/www.vivaeurovision.com\\\/index.php\\\/2016\\\/12\\\/24\\\/lindita-albania-eurovision-2017\\\/\",\"name\":\"Lindita Halimi, representante de Albania en Eurovisi\u00f3n 2017 - VIVAEUROVISION viva eurovision\",\"isPartOf\":{\"@id\":\"https:\\\/\\\/www.vivaeurovision.com\\\/#website\"},\"primaryImageOfPage\":{\"@id\":\"https:\\\/\\\/www.vivaeurovision.com\\\/index.php\\\/2016\\\/12\\\/24\\\/lindita-albania-eurovision-2017\\\/#primaryimage\"},\"image\":{\"@id\":\"https:\\\/\\\/www.vivaeurovision.com\\\/index.php\\\/2016\\\/12\\\/24\\\/lindita-albania-eurovision-2017\\\/#primaryimage\"},\"thumbnailUrl\":\"https:\\\/\\\/www.vivaeurovision.com\\\/wp-content\\\/uploads\\\/2016\\\/12\\\/Enlight1-7.jpg\",\"datePublished\":\"2016-12-24T01:12:05+00:00\",\"description\":\"eurovision, eurovision Albania 2017, lindita halimi eurovision, lindita halimi, festival de eurovisi\u00f3n, eurovisi\u00f3n, vivaeurovision, eurovision 2017\",\"breadcrumb\":{\"@id\":\"https:\\\/\\\/www.vivaeurovision.com\\\/index.php\\\/2016\\\/12\\\/24\\\/lindita-albania-eurovision-2017\\\/#breadcrumb\"},\"inLanguage\":\"es\",\"potentialAction\":[{\"@type\":\"ReadAction\",\"target\":[\"https:\\\/\\\/www.vivaeurovision.com\\\/index.php\\\/2016\\\/12\\\/24\\\/lindita-albania-eurovision-2017\\\/\"]}]},{\"@type\":\"ImageObject\",\"inLanguage\":\"es\",\"@id\":\"https:\\\/\\\/www.vivaeurovision.com\\\/index.php\\\/2016\\\/12\\\/24\\\/lindita-albania-eurovision-2017\\\/#primaryimage\",\"url\":\"https:\\\/\\\/www.vivaeurovision.com\\\/wp-content\\\/uploads\\\/2016\\\/12\\\/Enlight1-7.jpg\",\"contentUrl\":\"https:\\\/\\\/www.vivaeurovision.com\\\/wp-content\\\/uploads\\\/2016\\\/12\\\/Enlight1-7.jpg\",\"width\":950,\"height\":579,\"caption\":\"eurovision\"},{\"@type\":\"BreadcrumbList\",\"@id\":\"https:\\\/\\\/www.vivaeurovision.com\\\/index.php\\\/2016\\\/12\\\/24\\\/lindita-albania-eurovision-2017\\\/#breadcrumb\",\"itemListElement\":[{\"@type\":\"ListItem\",\"position\":1,\"name\":\"Portada\",\"item\":\"https:\\\/\\\/www.vivaeurovision.com\\\/\"},{\"@type\":\"ListItem\",\"position\":2,\"name\":\"Lindita Halimi, representante de Albania en Eurovisi\u00f3n 2017\"}]},{\"@type\":\"WebSite\",\"@id\":\"https:\\\/\\\/www.vivaeurovision.com\\\/#website\",\"url\":\"https:\\\/\\\/www.vivaeurovision.com\\\/\",\"name\":\"VIVAEUROVISION viva eurovision\",\"description\":\"Tu portal sobre el Festival de Eurovision, eurovision, eurovisi\u00f3n\",\"publisher\":{\"@id\":\"https:\\\/\\\/www.vivaeurovision.com\\\/#organization\"},\"potentialAction\":[{\"@type\":\"SearchAction\",\"target\":{\"@type\":\"EntryPoint\",\"urlTemplate\":\"https:\\\/\\\/www.vivaeurovision.com\\\/?s={search_term_string}\"},\"query-input\":{\"@type\":\"PropertyValueSpecification\",\"valueRequired\":true,\"valueName\":\"search_term_string\"}}],\"inLanguage\":\"es\"},{\"@type\":\"Organization\",\"@id\":\"https:\\\/\\\/www.vivaeurovision.com\\\/#organization\",\"name\":\"vivaeurovision\",\"url\":\"https:\\\/\\\/www.vivaeurovision.com\\\/\",\"logo\":{\"@type\":\"ImageObject\",\"inLanguage\":\"es\",\"@id\":\"https:\\\/\\\/www.vivaeurovision.com\\\/#\\\/schema\\\/logo\\\/image\\\/\",\"url\":\"https:\\\/\\\/www.vivaeurovision.com\\\/wp-content\\\/uploads\\\/2016\\\/01\\\/cropped-image-21-1.jpeg\",\"contentUrl\":\"https:\\\/\\\/www.vivaeurovision.com\\\/wp-content\\\/uploads\\\/2016\\\/01\\\/cropped-image-21-1.jpeg\",\"width\":669,\"height\":368,\"caption\":\"vivaeurovision\"},\"image\":{\"@id\":\"https:\\\/\\\/www.vivaeurovision.com\\\/#\\\/schema\\\/logo\\\/image\\\/\"}},{\"@type\":\"Person\",\"@id\":\"https:\\\/\\\/www.vivaeurovision.com\\\/#\\\/schema\\\/person\\\/1d31fdaa3f5f7df556f73d164bd3c47a\",\"name\":\"Pedro Palomo\",\"image\":{\"@type\":\"ImageObject\",\"inLanguage\":\"es\",\"@id\":\"https:\\\/\\\/secure.gravatar.com\\\/avatar\\\/4cf9a4877f5f71f44fb7cedbe1bac1bd28bd8ce7a217517d98d5b2117f9f5505?s=96&d=mm&r=g\",\"url\":\"https:\\\/\\\/secure.gravatar.com\\\/avatar\\\/4cf9a4877f5f71f44fb7cedbe1bac1bd28bd8ce7a217517d98d5b2117f9f5505?s=96&d=mm&r=g\",\"contentUrl\":\"https:\\\/\\\/secure.gravatar.com\\\/avatar\\\/4cf9a4877f5f71f44fb7cedbe1bac1bd28bd8ce7a217517d98d5b2117f9f5505?s=96&d=mm&r=g\",\"caption\":\"Pedro Palomo\"},\"sameAs\":[\"http:\\\/\\\/www.vivaeurovision.com\",\"@pedrobcn\",\"https:\\\/\\\/x.com\\\/@pedropalomobcn\"]}]}<\/script>\n<!-- \/ Yoast SEO plugin. -->","yoast_head_json":{"title":"Lindita Halimi, representante de Albania en Eurovisi\u00f3n 2017 - VIVAEUROVISION viva eurovision","description":"eurovision, eurovision Albania 2017, lindita halimi eurovision, lindita halimi, festival de eurovisi\u00f3n, eurovisi\u00f3n, vivaeurovision, eurovision 2017","robots":{"index":"index","follow":"follow","max-snippet":"max-snippet:-1","max-image-preview":"max-image-preview:large","max-video-preview":"max-video-preview:-1"},"canonical":"https:\/\/www.vivaeurovision.com\/index.php\/2016\/12\/24\/lindita-albania-eurovision-2017\/","og_locale":"es_ES","og_type":"article","og_title":"Lindita Halimi, representante de Albania en Eurovisi\u00f3n 2017 - VIVAEUROVISION viva eurovision","og_description":"eurovision, eurovision Albania 2017, lindita halimi eurovision, lindita halimi, festival de eurovisi\u00f3n, eurovisi\u00f3n, vivaeurovision, eurovision 2017","og_url":"https:\/\/www.vivaeurovision.com\/index.php\/2016\/12\/24\/lindita-albania-eurovision-2017\/","og_site_name":"VIVAEUROVISION viva eurovision","article_published_time":"2016-12-24T01:12:05+00:00","og_image":[{"width":950,"height":579,"url":"https:\/\/www.vivaeurovision.com\/wp-content\/uploads\/2016\/12\/Enlight1-7.jpg","type":"image\/jpeg"}],"author":"Pedro Palomo","twitter_card":"summary_large_image","twitter_creator":"@pedropalomobcn","twitter_misc":{"Escrito por":"Pedro Palomo","Tiempo de lectura":"1 minuto"},"schema":{"@context":"https:\/\/schema.org","@graph":[{"@type":"Article","@id":"https:\/\/www.vivaeurovision.com\/index.php\/2016\/12\/24\/lindita-albania-eurovision-2017\/#article","isPartOf":{"@id":"https:\/\/www.vivaeurovision.com\/index.php\/2016\/12\/24\/lindita-albania-eurovision-2017\/"},"author":{"name":"Pedro Palomo","@id":"https:\/\/www.vivaeurovision.com\/#\/schema\/person\/1d31fdaa3f5f7df556f73d164bd3c47a"},"headline":"Lindita Halimi, representante de Albania en Eurovisi\u00f3n 2017","datePublished":"2016-12-24T01:12:05+00:00","mainEntityOfPage":{"@id":"https:\/\/www.vivaeurovision.com\/index.php\/2016\/12\/24\/lindita-albania-eurovision-2017\/"},"wordCount":171,"commentCount":1,"publisher":{"@id":"https:\/\/www.vivaeurovision.com\/#organization"},"image":{"@id":"https:\/\/www.vivaeurovision.com\/index.php\/2016\/12\/24\/lindita-albania-eurovision-2017\/#primaryimage"},"thumbnailUrl":"https:\/\/www.vivaeurovision.com\/wp-content\/uploads\/2016\/12\/Enlight1-7.jpg","keywords":["Albania ESC","Albania eurovision","Albania eurovision 2017","ESC","esc 2017","esc Albania 2017","Eurovision 2017","eurovision Albania","eurovision Albania 2017","eurovision kiev 2017","eurovision song contest 2017","Festival de Eurovisi\u00f3n","Festival de Eurovisi\u00f3n 2017","Festivali i k\u00ebng\u00ebs","lindita bot\u00eb","lindita bot\u00eb eurovision","Lindita eurovision 2017","Lindita Halimi","lindita halimi Albania","lindita halimi bot\u00eb","Pedro Palomo Vivaeurovision","rtsh","viva eurovision","vivaeurovision"],"articleSection":["eurovision","Eurovisi\u00f3n 2017","Inicio","Noticia","Noticias","Ultima Hora"],"inLanguage":"es","potentialAction":[{"@type":"CommentAction","name":"Comment","target":["https:\/\/www.vivaeurovision.com\/index.php\/2016\/12\/24\/lindita-albania-eurovision-2017\/#respond"]}]},{"@type":"WebPage","@id":"https:\/\/www.vivaeurovision.com\/index.php\/2016\/12\/24\/lindita-albania-eurovision-2017\/","url":"https:\/\/www.vivaeurovision.com\/index.php\/2016\/12\/24\/lindita-albania-eurovision-2017\/","name":"Lindita Halimi, representante de Albania en Eurovisi\u00f3n 2017 - VIVAEUROVISION viva eurovision","isPartOf":{"@id":"https:\/\/www.vivaeurovision.com\/#website"},"primaryImageOfPage":{"@id":"https:\/\/www.vivaeurovision.com\/index.php\/2016\/12\/24\/lindita-albania-eurovision-2017\/#primaryimage"},"image":{"@id":"https:\/\/www.vivaeurovision.com\/index.php\/2016\/12\/24\/lindita-albania-eurovision-2017\/#primaryimage"},"thumbnailUrl":"https:\/\/www.vivaeurovision.com\/wp-content\/uploads\/2016\/12\/Enlight1-7.jpg","datePublished":"2016-12-24T01:12:05+00:00","description":"eurovision, eurovision Albania 2017, lindita halimi eurovision, lindita halimi, festival de eurovisi\u00f3n, eurovisi\u00f3n, vivaeurovision, eurovision 2017","breadcrumb":{"@id":"https:\/\/www.vivaeurovision.com\/index.php\/2016\/12\/24\/lindita-albania-eurovision-2017\/#breadcrumb"},"inLanguage":"es","potentialAction":[{"@type":"ReadAction","target":["https:\/\/www.vivaeurovision.com\/index.php\/2016\/12\/24\/lindita-albania-eurovision-2017\/"]}]},{"@type":"ImageObject","inLanguage":"es","@id":"https:\/\/www.vivaeurovision.com\/index.php\/2016\/12\/24\/lindita-albania-eurovision-2017\/#primaryimage","url":"https:\/\/www.vivaeurovision.com\/wp-content\/uploads\/2016\/12\/Enlight1-7.jpg","contentUrl":"https:\/\/www.vivaeurovision.com\/wp-content\/uploads\/2016\/12\/Enlight1-7.jpg","width":950,"height":579,"caption":"eurovision"},{"@type":"BreadcrumbList","@id":"https:\/\/www.vivaeurovision.com\/index.php\/2016\/12\/24\/lindita-albania-eurovision-2017\/#breadcrumb","itemListElement":[{"@type":"ListItem","position":1,"name":"Portada","item":"https:\/\/www.vivaeurovision.com\/"},{"@type":"ListItem","position":2,"name":"Lindita Halimi, representante de Albania en Eurovisi\u00f3n 2017"}]},{"@type":"WebSite","@id":"https:\/\/www.vivaeurovision.com\/#website","url":"https:\/\/www.vivaeurovision.com\/","name":"VIVAEUROVISION viva eurovision","description":"Tu portal sobre el Festival de Eurovision, eurovision, eurovisi\u00f3n","publisher":{"@id":"https:\/\/www.vivaeurovision.com\/#organization"},"potentialAction":[{"@type":"SearchAction","target":{"@type":"EntryPoint","urlTemplate":"https:\/\/www.vivaeurovision.com\/?s={search_term_string}"},"query-input":{"@type":"PropertyValueSpecification","valueRequired":true,"valueName":"search_term_string"}}],"inLanguage":"es"},{"@type":"Organization","@id":"https:\/\/www.vivaeurovision.com\/#organization","name":"vivaeurovision","url":"https:\/\/www.vivaeurovision.com\/","logo":{"@type":"ImageObject","inLanguage":"es","@id":"https:\/\/www.vivaeurovision.com\/#\/schema\/logo\/image\/","url":"https:\/\/www.vivaeurovision.com\/wp-content\/uploads\/2016\/01\/cropped-image-21-1.jpeg","contentUrl":"https:\/\/www.vivaeurovision.com\/wp-content\/uploads\/2016\/01\/cropped-image-21-1.jpeg","width":669,"height":368,"caption":"vivaeurovision"},"image":{"@id":"https:\/\/www.vivaeurovision.com\/#\/schema\/logo\/image\/"}},{"@type":"Person","@id":"https:\/\/www.vivaeurovision.com\/#\/schema\/person\/1d31fdaa3f5f7df556f73d164bd3c47a","name":"Pedro Palomo","image":{"@type":"ImageObject","inLanguage":"es","@id":"https:\/\/secure.gravatar.com\/avatar\/4cf9a4877f5f71f44fb7cedbe1bac1bd28bd8ce7a217517d98d5b2117f9f5505?s=96&d=mm&r=g","url":"https:\/\/secure.gravatar.com\/avatar\/4cf9a4877f5f71f44fb7cedbe1bac1bd28bd8ce7a217517d98d5b2117f9f5505?s=96&d=mm&r=g","contentUrl":"https:\/\/secure.gravatar.com\/avatar\/4cf9a4877f5f71f44fb7cedbe1bac1bd28bd8ce7a217517d98d5b2117f9f5505?s=96&d=mm&r=g","caption":"Pedro Palomo"},"sameAs":["http:\/\/www.vivaeurovision.com","@pedrobcn","https:\/\/x.com\/@pedropalomobcn"]}]}},"_links":{"self":[{"href":"https:\/\/www.vivaeurovision.com\/index.php\/wp-json\/wp\/v2\/posts\/3315","targetHints":{"allow":["GET"]}}],"collection":[{"href":"https:\/\/www.vivaeurovision.com\/index.php\/wp-json\/wp\/v2\/posts"}],"about":[{"href":"https:\/\/www.vivaeurovision.com\/index.php\/wp-json\/wp\/v2\/types\/post"}],"author":[{"embeddable":true,"href":"https:\/\/www.vivaeurovision.com\/index.php\/wp-json\/wp\/v2\/users\/1"}],"replies":[{"embeddable":true,"href":"https:\/\/www.vivaeurovision.com\/index.php\/wp-json\/wp\/v2\/comments?post=3315"}],"version-history":[{"count":0,"href":"https:\/\/www.vivaeurovision.com\/index.php\/wp-json\/wp\/v2\/posts\/3315\/revisions"}],"wp:featuredmedia":[{"embeddable":true,"href":"https:\/\/www.vivaeurovision.com\/index.php\/wp-json\/wp\/v2\/media\/3316"}],"wp:attachment":[{"href":"https:\/\/www.vivaeurovision.com\/index.php\/wp-json\/wp\/v2\/media?parent=3315"}],"wp:term":[{"taxonomy":"category","embeddable":true,"href":"https:\/\/www.vivaeurovision.com\/index.php\/wp-json\/wp\/v2\/categories?post=3315"},{"taxonomy":"post_tag","embeddable":true,"href":"https:\/\/www.vivaeurovision.com\/index.php\/wp-json\/wp\/v2\/tags?post=3315"}],"curies":[{"name":"wp","href":"https:\/\/api.w.org\/{rel}","templated":true}]}}