{"id":3332,"date":"2016-12-31T13:32:53","date_gmt":"2016-12-31T13:32:53","guid":{"rendered":"http:\/\/www.vivaeurovision.com\/?p=3332"},"modified":"2016-12-31T13:32:53","modified_gmt":"2016-12-31T13:32:53","slug":"3332-entrevista-javian-eurovision","status":"publish","type":"post","link":"https:\/\/www.vivaeurovision.com\/index.php\/2016\/12\/31\/3332-entrevista-javian-eurovision\/","title":{"rendered":"Javian despide el a\u00f1o con una entrevista, hablando alto y claro sobre su candidatura"},"content":{"rendered":"<h2>Javian despide el a\u00f1o con una entrevista, hablando alto y claro sobre su candidatura<\/h2>\n<div id=\"attachment_3366\" style=\"width: 210px\" class=\"wp-caption alignnone\"><img loading=\"lazy\" decoding=\"async\" aria-describedby=\"caption-attachment-3366\" class=\"size-medium wp-image-3366\" src=\"http:\/\/www.vivaeurovision.com\/wp-content\/uploads\/2016\/12\/Archivo-30-12-16-18-59-14-200x300.jpeg\" alt=\"eurovision\" width=\"200\" height=\"300\" srcset=\"https:\/\/www.vivaeurovision.com\/wp-content\/uploads\/2016\/12\/Archivo-30-12-16-18-59-14-200x300.jpeg 200w, https:\/\/www.vivaeurovision.com\/wp-content\/uploads\/2016\/12\/Archivo-30-12-16-18-59-14-700x1051.jpeg 700w, https:\/\/www.vivaeurovision.com\/wp-content\/uploads\/2016\/12\/Archivo-30-12-16-18-59-14.jpeg 1066w\" sizes=\"auto, (max-width: 200px) 100vw, 200px\" \/><p id=\"caption-attachment-3366\" class=\"wp-caption-text\">Javian<\/p><\/div>\n<p><strong>Javian, nos ha concedido una entrevista en exclusiva.<\/strong><\/p>\n<p><strong>Javian<\/strong>, uno de los finalistas del eurocasting que ha organizado RTVE, nos habla de como se encuentra en este momento.<\/p>\n<p>Durante la entrevista deja muy claro que es seguidor del Festival de Eurovisi\u00f3n, donde hace referencias algunas de las actuaciones que m\u00e1s le han impactado del festival.<\/p>\n<p>Tambi\u00e9n explica como decidi\u00f3 presentar su tema <strong>No Somos Heroes<\/strong>, al eurocasting de RTVE.<\/p>\n<p>Ha tenido la oportunidad de hablar claramente de su tema y dejar clara cuales son sus influencias, el cantante admite que pueda tener un cierto parecido a otra canci\u00f3n, lo cual en los tiempos que estamos es muy dif\u00edcil, que una canci\u00f3n no tenga alguna similitud con otra, pero no pasa por alto la palabra plagio, algo de lo que muy claro deja dicho en la entrevista.<\/p>\n<p>Habla tambi\u00e9n sobre su vivencia en OT el Reencuetro y el Concierto.<\/p>\n<p>Nos dice, quien era su\u00a0candidatura favorita del eurocasting y que no est\u00e1n en la final, destaca dos pero claramente tiene una favorita. No dud\u00e9is en saberlo.<\/p>\n<p>Si quer\u00e9is saber\u00a0que artista es para Javian, id\u00f3neo \u00a0para ir al Festival de Eurovisi\u00f3n no dud\u00e9is en escuchar la entrevista.<\/p>\n<h3><strong>Alto y claro Javian defiende su banda, su tema No Somos Heroes y nos deja un v\u00eddeo con un mensaje para todos.<\/strong><\/h3>\n<h2>\nNO DUDEIS EN ESCUCHAR LA ENTREVISTA<br \/>\n<iframe loading=\"lazy\" src=\"https:\/\/www.youtube.com\/embed\/MZerhIAayrY\" width=\"560\" height=\"315\" frameborder=\"0\" allowfullscreen=\"allowfullscreen\"><\/iframe><\/h2>\n<div id=\"attachment_3367\" style=\"width: 196px\" class=\"wp-caption alignnone\"><img loading=\"lazy\" decoding=\"async\" aria-describedby=\"caption-attachment-3367\" class=\"size-medium wp-image-3367\" src=\"http:\/\/www.vivaeurovision.com\/wp-content\/uploads\/2016\/12\/Archivo-30-12-16-18-59-03-186x300.jpeg\" alt=\"eurovision\" width=\"186\" height=\"300\" srcset=\"https:\/\/www.vivaeurovision.com\/wp-content\/uploads\/2016\/12\/Archivo-30-12-16-18-59-03-186x300.jpeg 186w, https:\/\/www.vivaeurovision.com\/wp-content\/uploads\/2016\/12\/Archivo-30-12-16-18-59-03-700x1131.jpeg 700w, https:\/\/www.vivaeurovision.com\/wp-content\/uploads\/2016\/12\/Archivo-30-12-16-18-59-03.jpeg 990w\" sizes=\"auto, (max-width: 186px) 100vw, 186px\" \/><p id=\"caption-attachment-3367\" class=\"wp-caption-text\">Javian<\/p><\/div>\n<p><img loading=\"lazy\" decoding=\"async\" class=\"alignnone size-medium wp-image-311\" src=\"http:\/\/www.vivaeurovision.com\/wp-content\/uploads\/2016\/01\/image-21-300x165.jpeg\" alt=\"VIVAEUROVISION.COM\" width=\"300\" height=\"165\" srcset=\"https:\/\/www.vivaeurovision.com\/wp-content\/uploads\/2016\/01\/image-21-300x165.jpeg 300w, https:\/\/www.vivaeurovision.com\/wp-content\/uploads\/2016\/01\/image-21-555x305.jpeg 555w, https:\/\/www.vivaeurovision.com\/wp-content\/uploads\/2016\/01\/image-21.jpeg 669w\" sizes=\"auto, (max-width: 300px) 100vw, 300px\" \/><\/p>\n<p>Twitter\u00a0<strong> <a href=\"https:\/\/twitter.com\/viva_eurovision\" target=\"_blank\"><span style=\"color: #0066cc;\">@viva_eurovision<\/span><\/a>\u00a0 <a href=\"https:\/\/www.facebook.com\/Vivaeurovisioncom-867806686671081\/?fref=nf\" target=\"_blank\"><span style=\"color: #0066cc;\">FACEBOOK OFICIAL VIVA EUROVISION <\/span><\/a><\/strong>Instragram <strong>\u00a0<\/strong><a href=\"https:\/\/www.instagram.com\/vivaeurovision\/\" target=\"_blank\"><strong>@vivaeurovision<\/strong><\/a><\/p>\n<p>Artista: <strong>Javian <a href=\"https:\/\/twitter.com\/javian_oficial?lang=es\" target=\"_blank\">Twitter Oficial Javian<\/a><\/strong><\/p>\n<p>Redactor: Pedro Palomo <a href=\"https:\/\/twitter.com\/pedropalomobcn?lang=es\"><strong><span style=\"color: #0066cc;\">@pedropalomobcn<\/span><\/strong><\/a><strong>\u00a0<\/strong>Instagram <a href=\"https:\/\/www.instagram.com\/pedrobcn\/\" target=\"_blank\"><strong>@pedrobcn<\/strong><\/a><\/p>\n","protected":false},"excerpt":{"rendered":"<p>Javian despide el a\u00f1o con una entrevista, hablando alto y claro sobre su candidatura Javian, nos ha concedido una entrevista en exclusiva. Javian, uno de los finalistas del eurocasting que&#46;&#46;&#46;<\/p>\n","protected":false},"author":1,"featured_media":3368,"comment_status":"open","ping_status":"open","sticky":false,"template":"","format":"standard","meta":{"_exactmetrics_skip_tracking":false,"_exactmetrics_sitenote_active":false,"_exactmetrics_sitenote_note":"","_exactmetrics_sitenote_category":0,"footnotes":""},"categories":[5,6,1195,876,4,1188,2,3],"tags":[33,1437,1438,1213,11,1096,1354,1399,1372,1434,1436,1435,139,1146,19,20,766,23,22],"class_list":["post-3332","post","type-post","status-publish","format-standard","has-post-thumbnail","hentry","category-entrevistas","category-espana-en-eurovision","category-eurovision-2","category-eurovision-2017","category-eurovision","category-noticia-2","category-noticia","category-ultima-hora","tag-entrevista","tag-entrevista-javian","tag-entrevista-javian-eurovision","tag-eurocasting","tag-eurovision","tag-festival-de-eurovision","tag-javian","tag-javian-eurocasting","tag-javian-eurovision","tag-javian-no-somos-heroes","tag-javian-objetivo-eurovision","tag-no-somos-heroes-eurovision","tag-objetivo-eurovision","tag-objetivo-eurovision-2017","tag-pedro-palomo","tag-pedro-palomo-eurovision","tag-pedro-palomo-vivaeurovision","tag-viva-eurovision","tag-vivaeurovision"],"yoast_head":"<!-- This site is optimized with the Yoast SEO plugin v27.5 - https:\/\/yoast.com\/product\/yoast-seo-wordpress\/ -->\n<title>Javian despide el a\u00f1o con una entrevista, hablando alto y claro sobre su candidatura - VIVAEUROVISION viva eurovision<\/title>\n<meta name=\"description\" content=\"javian, eurovision, vivaeurovision, festival de eurovisi\u00f3n, objetivo eurovisi\u00f3n, entrevista javian, no somos h\u00e9roes, eurocasting\" \/>\n<meta name=\"robots\" content=\"index, follow, max-snippet:-1, max-image-preview:large, max-video-preview:-1\" \/>\n<link rel=\"canonical\" href=\"https:\/\/www.vivaeurovision.com\/index.php\/2016\/12\/31\/3332-entrevista-javian-eurovision\/\" \/>\n<meta property=\"og:locale\" content=\"es_ES\" \/>\n<meta property=\"og:type\" content=\"article\" \/>\n<meta property=\"og:title\" content=\"Javian despide el a\u00f1o con una entrevista, hablando alto y claro sobre su candidatura - VIVAEUROVISION viva eurovision\" \/>\n<meta property=\"og:description\" content=\"javian, eurovision, vivaeurovision, festival de eurovisi\u00f3n, objetivo eurovisi\u00f3n, entrevista javian, no somos h\u00e9roes, eurocasting\" \/>\n<meta property=\"og:url\" content=\"https:\/\/www.vivaeurovision.com\/index.php\/2016\/12\/31\/3332-entrevista-javian-eurovision\/\" \/>\n<meta property=\"og:site_name\" content=\"VIVAEUROVISION viva eurovision\" \/>\n<meta property=\"article:published_time\" content=\"2016-12-31T13:32:53+00:00\" \/>\n<meta property=\"og:image\" content=\"https:\/\/www.vivaeurovision.com\/wp-content\/uploads\/2016\/12\/Sin-t\u00edtulo-1-6.jpg\" \/>\n\t<meta property=\"og:image:width\" content=\"564\" \/>\n\t<meta property=\"og:image:height\" content=\"300\" \/>\n\t<meta property=\"og:image:type\" content=\"image\/jpeg\" \/>\n<meta name=\"author\" content=\"Pedro Palomo\" \/>\n<meta name=\"twitter:card\" content=\"summary_large_image\" \/>\n<meta name=\"twitter:creator\" content=\"@pedropalomobcn\" \/>\n<meta name=\"twitter:label1\" content=\"Escrito por\" \/>\n\t<meta name=\"twitter:data1\" content=\"Pedro Palomo\" \/>\n\t<meta name=\"twitter:label2\" content=\"Tiempo de lectura\" \/>\n\t<meta name=\"twitter:data2\" content=\"1 minuto\" \/>\n<script type=\"application\/ld+json\" class=\"yoast-schema-graph\">{\"@context\":\"https:\\\/\\\/schema.org\",\"@graph\":[{\"@type\":\"Article\",\"@id\":\"https:\\\/\\\/www.vivaeurovision.com\\\/index.php\\\/2016\\\/12\\\/31\\\/3332-entrevista-javian-eurovision\\\/#article\",\"isPartOf\":{\"@id\":\"https:\\\/\\\/www.vivaeurovision.com\\\/index.php\\\/2016\\\/12\\\/31\\\/3332-entrevista-javian-eurovision\\\/\"},\"author\":{\"name\":\"Pedro Palomo\",\"@id\":\"https:\\\/\\\/www.vivaeurovision.com\\\/#\\\/schema\\\/person\\\/1d31fdaa3f5f7df556f73d164bd3c47a\"},\"headline\":\"Javian despide el a\u00f1o con una entrevista, hablando alto y claro sobre su candidatura\",\"datePublished\":\"2016-12-31T13:32:53+00:00\",\"mainEntityOfPage\":{\"@id\":\"https:\\\/\\\/www.vivaeurovision.com\\\/index.php\\\/2016\\\/12\\\/31\\\/3332-entrevista-javian-eurovision\\\/\"},\"wordCount\":304,\"commentCount\":1,\"publisher\":{\"@id\":\"https:\\\/\\\/www.vivaeurovision.com\\\/#organization\"},\"image\":{\"@id\":\"https:\\\/\\\/www.vivaeurovision.com\\\/index.php\\\/2016\\\/12\\\/31\\\/3332-entrevista-javian-eurovision\\\/#primaryimage\"},\"thumbnailUrl\":\"https:\\\/\\\/www.vivaeurovision.com\\\/wp-content\\\/uploads\\\/2016\\\/12\\\/Sin-t\u00edtulo-1-6.jpg\",\"keywords\":[\"Entrevista\",\"entrevista javian\",\"entrevista javian eurovision\",\"eurocasting\",\"Eurovision\",\"Festival de Eurovisi\u00f3n\",\"javian\",\"javian eurocasting\",\"javian eurovision\",\"javian no somos heroes\",\"javian objetivo eurovision\",\"no somos heroes eurovision\",\"objetivo eurovision\",\"objetivo Eurovisi\u00f3n 2017\",\"Pedro Palomo\",\"Pedro Palomo Eurovision\",\"Pedro Palomo Vivaeurovision\",\"viva eurovision\",\"vivaeurovision\"],\"articleSection\":[\"Entrevistas\",\"Espa\u00f1a en Eurovisi\u00f3n\",\"eurovision\",\"Eurovisi\u00f3n 2017\",\"Inicio\",\"Noticia\",\"Noticias\",\"Ultima Hora\"],\"inLanguage\":\"es\",\"potentialAction\":[{\"@type\":\"CommentAction\",\"name\":\"Comment\",\"target\":[\"https:\\\/\\\/www.vivaeurovision.com\\\/index.php\\\/2016\\\/12\\\/31\\\/3332-entrevista-javian-eurovision\\\/#respond\"]}]},{\"@type\":\"WebPage\",\"@id\":\"https:\\\/\\\/www.vivaeurovision.com\\\/index.php\\\/2016\\\/12\\\/31\\\/3332-entrevista-javian-eurovision\\\/\",\"url\":\"https:\\\/\\\/www.vivaeurovision.com\\\/index.php\\\/2016\\\/12\\\/31\\\/3332-entrevista-javian-eurovision\\\/\",\"name\":\"Javian despide el a\u00f1o con una entrevista, hablando alto y claro sobre su candidatura - VIVAEUROVISION viva eurovision\",\"isPartOf\":{\"@id\":\"https:\\\/\\\/www.vivaeurovision.com\\\/#website\"},\"primaryImageOfPage\":{\"@id\":\"https:\\\/\\\/www.vivaeurovision.com\\\/index.php\\\/2016\\\/12\\\/31\\\/3332-entrevista-javian-eurovision\\\/#primaryimage\"},\"image\":{\"@id\":\"https:\\\/\\\/www.vivaeurovision.com\\\/index.php\\\/2016\\\/12\\\/31\\\/3332-entrevista-javian-eurovision\\\/#primaryimage\"},\"thumbnailUrl\":\"https:\\\/\\\/www.vivaeurovision.com\\\/wp-content\\\/uploads\\\/2016\\\/12\\\/Sin-t\u00edtulo-1-6.jpg\",\"datePublished\":\"2016-12-31T13:32:53+00:00\",\"description\":\"javian, eurovision, vivaeurovision, festival de eurovisi\u00f3n, objetivo eurovisi\u00f3n, entrevista javian, no somos h\u00e9roes, eurocasting\",\"breadcrumb\":{\"@id\":\"https:\\\/\\\/www.vivaeurovision.com\\\/index.php\\\/2016\\\/12\\\/31\\\/3332-entrevista-javian-eurovision\\\/#breadcrumb\"},\"inLanguage\":\"es\",\"potentialAction\":[{\"@type\":\"ReadAction\",\"target\":[\"https:\\\/\\\/www.vivaeurovision.com\\\/index.php\\\/2016\\\/12\\\/31\\\/3332-entrevista-javian-eurovision\\\/\"]}]},{\"@type\":\"ImageObject\",\"inLanguage\":\"es\",\"@id\":\"https:\\\/\\\/www.vivaeurovision.com\\\/index.php\\\/2016\\\/12\\\/31\\\/3332-entrevista-javian-eurovision\\\/#primaryimage\",\"url\":\"https:\\\/\\\/www.vivaeurovision.com\\\/wp-content\\\/uploads\\\/2016\\\/12\\\/Sin-t\u00edtulo-1-6.jpg\",\"contentUrl\":\"https:\\\/\\\/www.vivaeurovision.com\\\/wp-content\\\/uploads\\\/2016\\\/12\\\/Sin-t\u00edtulo-1-6.jpg\",\"width\":564,\"height\":300,\"caption\":\"eurovision\"},{\"@type\":\"BreadcrumbList\",\"@id\":\"https:\\\/\\\/www.vivaeurovision.com\\\/index.php\\\/2016\\\/12\\\/31\\\/3332-entrevista-javian-eurovision\\\/#breadcrumb\",\"itemListElement\":[{\"@type\":\"ListItem\",\"position\":1,\"name\":\"Portada\",\"item\":\"https:\\\/\\\/www.vivaeurovision.com\\\/\"},{\"@type\":\"ListItem\",\"position\":2,\"name\":\"Javian despide el a\u00f1o con una entrevista, hablando alto y claro sobre su candidatura\"}]},{\"@type\":\"WebSite\",\"@id\":\"https:\\\/\\\/www.vivaeurovision.com\\\/#website\",\"url\":\"https:\\\/\\\/www.vivaeurovision.com\\\/\",\"name\":\"VIVAEUROVISION viva eurovision\",\"description\":\"Tu portal sobre el Festival de Eurovision, eurovision, eurovisi\u00f3n\",\"publisher\":{\"@id\":\"https:\\\/\\\/www.vivaeurovision.com\\\/#organization\"},\"potentialAction\":[{\"@type\":\"SearchAction\",\"target\":{\"@type\":\"EntryPoint\",\"urlTemplate\":\"https:\\\/\\\/www.vivaeurovision.com\\\/?s={search_term_string}\"},\"query-input\":{\"@type\":\"PropertyValueSpecification\",\"valueRequired\":true,\"valueName\":\"search_term_string\"}}],\"inLanguage\":\"es\"},{\"@type\":\"Organization\",\"@id\":\"https:\\\/\\\/www.vivaeurovision.com\\\/#organization\",\"name\":\"vivaeurovision\",\"url\":\"https:\\\/\\\/www.vivaeurovision.com\\\/\",\"logo\":{\"@type\":\"ImageObject\",\"inLanguage\":\"es\",\"@id\":\"https:\\\/\\\/www.vivaeurovision.com\\\/#\\\/schema\\\/logo\\\/image\\\/\",\"url\":\"https:\\\/\\\/www.vivaeurovision.com\\\/wp-content\\\/uploads\\\/2016\\\/01\\\/cropped-image-21-1.jpeg\",\"contentUrl\":\"https:\\\/\\\/www.vivaeurovision.com\\\/wp-content\\\/uploads\\\/2016\\\/01\\\/cropped-image-21-1.jpeg\",\"width\":669,\"height\":368,\"caption\":\"vivaeurovision\"},\"image\":{\"@id\":\"https:\\\/\\\/www.vivaeurovision.com\\\/#\\\/schema\\\/logo\\\/image\\\/\"}},{\"@type\":\"Person\",\"@id\":\"https:\\\/\\\/www.vivaeurovision.com\\\/#\\\/schema\\\/person\\\/1d31fdaa3f5f7df556f73d164bd3c47a\",\"name\":\"Pedro Palomo\",\"image\":{\"@type\":\"ImageObject\",\"inLanguage\":\"es\",\"@id\":\"https:\\\/\\\/secure.gravatar.com\\\/avatar\\\/4cf9a4877f5f71f44fb7cedbe1bac1bd28bd8ce7a217517d98d5b2117f9f5505?s=96&d=mm&r=g\",\"url\":\"https:\\\/\\\/secure.gravatar.com\\\/avatar\\\/4cf9a4877f5f71f44fb7cedbe1bac1bd28bd8ce7a217517d98d5b2117f9f5505?s=96&d=mm&r=g\",\"contentUrl\":\"https:\\\/\\\/secure.gravatar.com\\\/avatar\\\/4cf9a4877f5f71f44fb7cedbe1bac1bd28bd8ce7a217517d98d5b2117f9f5505?s=96&d=mm&r=g\",\"caption\":\"Pedro Palomo\"},\"sameAs\":[\"http:\\\/\\\/www.vivaeurovision.com\",\"@pedrobcn\",\"https:\\\/\\\/x.com\\\/@pedropalomobcn\"]}]}<\/script>\n<!-- \/ Yoast SEO plugin. -->","yoast_head_json":{"title":"Javian despide el a\u00f1o con una entrevista, hablando alto y claro sobre su candidatura - VIVAEUROVISION viva eurovision","description":"javian, eurovision, vivaeurovision, festival de eurovisi\u00f3n, objetivo eurovisi\u00f3n, entrevista javian, no somos h\u00e9roes, eurocasting","robots":{"index":"index","follow":"follow","max-snippet":"max-snippet:-1","max-image-preview":"max-image-preview:large","max-video-preview":"max-video-preview:-1"},"canonical":"https:\/\/www.vivaeurovision.com\/index.php\/2016\/12\/31\/3332-entrevista-javian-eurovision\/","og_locale":"es_ES","og_type":"article","og_title":"Javian despide el a\u00f1o con una entrevista, hablando alto y claro sobre su candidatura - VIVAEUROVISION viva eurovision","og_description":"javian, eurovision, vivaeurovision, festival de eurovisi\u00f3n, objetivo eurovisi\u00f3n, entrevista javian, no somos h\u00e9roes, eurocasting","og_url":"https:\/\/www.vivaeurovision.com\/index.php\/2016\/12\/31\/3332-entrevista-javian-eurovision\/","og_site_name":"VIVAEUROVISION viva eurovision","article_published_time":"2016-12-31T13:32:53+00:00","og_image":[{"width":564,"height":300,"url":"https:\/\/www.vivaeurovision.com\/wp-content\/uploads\/2016\/12\/Sin-t\u00edtulo-1-6.jpg","type":"image\/jpeg"}],"author":"Pedro Palomo","twitter_card":"summary_large_image","twitter_creator":"@pedropalomobcn","twitter_misc":{"Escrito por":"Pedro Palomo","Tiempo de lectura":"1 minuto"},"schema":{"@context":"https:\/\/schema.org","@graph":[{"@type":"Article","@id":"https:\/\/www.vivaeurovision.com\/index.php\/2016\/12\/31\/3332-entrevista-javian-eurovision\/#article","isPartOf":{"@id":"https:\/\/www.vivaeurovision.com\/index.php\/2016\/12\/31\/3332-entrevista-javian-eurovision\/"},"author":{"name":"Pedro Palomo","@id":"https:\/\/www.vivaeurovision.com\/#\/schema\/person\/1d31fdaa3f5f7df556f73d164bd3c47a"},"headline":"Javian despide el a\u00f1o con una entrevista, hablando alto y claro sobre su candidatura","datePublished":"2016-12-31T13:32:53+00:00","mainEntityOfPage":{"@id":"https:\/\/www.vivaeurovision.com\/index.php\/2016\/12\/31\/3332-entrevista-javian-eurovision\/"},"wordCount":304,"commentCount":1,"publisher":{"@id":"https:\/\/www.vivaeurovision.com\/#organization"},"image":{"@id":"https:\/\/www.vivaeurovision.com\/index.php\/2016\/12\/31\/3332-entrevista-javian-eurovision\/#primaryimage"},"thumbnailUrl":"https:\/\/www.vivaeurovision.com\/wp-content\/uploads\/2016\/12\/Sin-t\u00edtulo-1-6.jpg","keywords":["Entrevista","entrevista javian","entrevista javian eurovision","eurocasting","Eurovision","Festival de Eurovisi\u00f3n","javian","javian eurocasting","javian eurovision","javian no somos heroes","javian objetivo eurovision","no somos heroes eurovision","objetivo eurovision","objetivo Eurovisi\u00f3n 2017","Pedro Palomo","Pedro Palomo Eurovision","Pedro Palomo Vivaeurovision","viva eurovision","vivaeurovision"],"articleSection":["Entrevistas","Espa\u00f1a en Eurovisi\u00f3n","eurovision","Eurovisi\u00f3n 2017","Inicio","Noticia","Noticias","Ultima Hora"],"inLanguage":"es","potentialAction":[{"@type":"CommentAction","name":"Comment","target":["https:\/\/www.vivaeurovision.com\/index.php\/2016\/12\/31\/3332-entrevista-javian-eurovision\/#respond"]}]},{"@type":"WebPage","@id":"https:\/\/www.vivaeurovision.com\/index.php\/2016\/12\/31\/3332-entrevista-javian-eurovision\/","url":"https:\/\/www.vivaeurovision.com\/index.php\/2016\/12\/31\/3332-entrevista-javian-eurovision\/","name":"Javian despide el a\u00f1o con una entrevista, hablando alto y claro sobre su candidatura - VIVAEUROVISION viva eurovision","isPartOf":{"@id":"https:\/\/www.vivaeurovision.com\/#website"},"primaryImageOfPage":{"@id":"https:\/\/www.vivaeurovision.com\/index.php\/2016\/12\/31\/3332-entrevista-javian-eurovision\/#primaryimage"},"image":{"@id":"https:\/\/www.vivaeurovision.com\/index.php\/2016\/12\/31\/3332-entrevista-javian-eurovision\/#primaryimage"},"thumbnailUrl":"https:\/\/www.vivaeurovision.com\/wp-content\/uploads\/2016\/12\/Sin-t\u00edtulo-1-6.jpg","datePublished":"2016-12-31T13:32:53+00:00","description":"javian, eurovision, vivaeurovision, festival de eurovisi\u00f3n, objetivo eurovisi\u00f3n, entrevista javian, no somos h\u00e9roes, eurocasting","breadcrumb":{"@id":"https:\/\/www.vivaeurovision.com\/index.php\/2016\/12\/31\/3332-entrevista-javian-eurovision\/#breadcrumb"},"inLanguage":"es","potentialAction":[{"@type":"ReadAction","target":["https:\/\/www.vivaeurovision.com\/index.php\/2016\/12\/31\/3332-entrevista-javian-eurovision\/"]}]},{"@type":"ImageObject","inLanguage":"es","@id":"https:\/\/www.vivaeurovision.com\/index.php\/2016\/12\/31\/3332-entrevista-javian-eurovision\/#primaryimage","url":"https:\/\/www.vivaeurovision.com\/wp-content\/uploads\/2016\/12\/Sin-t\u00edtulo-1-6.jpg","contentUrl":"https:\/\/www.vivaeurovision.com\/wp-content\/uploads\/2016\/12\/Sin-t\u00edtulo-1-6.jpg","width":564,"height":300,"caption":"eurovision"},{"@type":"BreadcrumbList","@id":"https:\/\/www.vivaeurovision.com\/index.php\/2016\/12\/31\/3332-entrevista-javian-eurovision\/#breadcrumb","itemListElement":[{"@type":"ListItem","position":1,"name":"Portada","item":"https:\/\/www.vivaeurovision.com\/"},{"@type":"ListItem","position":2,"name":"Javian despide el a\u00f1o con una entrevista, hablando alto y claro sobre su candidatura"}]},{"@type":"WebSite","@id":"https:\/\/www.vivaeurovision.com\/#website","url":"https:\/\/www.vivaeurovision.com\/","name":"VIVAEUROVISION viva eurovision","description":"Tu portal sobre el Festival de Eurovision, eurovision, eurovisi\u00f3n","publisher":{"@id":"https:\/\/www.vivaeurovision.com\/#organization"},"potentialAction":[{"@type":"SearchAction","target":{"@type":"EntryPoint","urlTemplate":"https:\/\/www.vivaeurovision.com\/?s={search_term_string}"},"query-input":{"@type":"PropertyValueSpecification","valueRequired":true,"valueName":"search_term_string"}}],"inLanguage":"es"},{"@type":"Organization","@id":"https:\/\/www.vivaeurovision.com\/#organization","name":"vivaeurovision","url":"https:\/\/www.vivaeurovision.com\/","logo":{"@type":"ImageObject","inLanguage":"es","@id":"https:\/\/www.vivaeurovision.com\/#\/schema\/logo\/image\/","url":"https:\/\/www.vivaeurovision.com\/wp-content\/uploads\/2016\/01\/cropped-image-21-1.jpeg","contentUrl":"https:\/\/www.vivaeurovision.com\/wp-content\/uploads\/2016\/01\/cropped-image-21-1.jpeg","width":669,"height":368,"caption":"vivaeurovision"},"image":{"@id":"https:\/\/www.vivaeurovision.com\/#\/schema\/logo\/image\/"}},{"@type":"Person","@id":"https:\/\/www.vivaeurovision.com\/#\/schema\/person\/1d31fdaa3f5f7df556f73d164bd3c47a","name":"Pedro Palomo","image":{"@type":"ImageObject","inLanguage":"es","@id":"https:\/\/secure.gravatar.com\/avatar\/4cf9a4877f5f71f44fb7cedbe1bac1bd28bd8ce7a217517d98d5b2117f9f5505?s=96&d=mm&r=g","url":"https:\/\/secure.gravatar.com\/avatar\/4cf9a4877f5f71f44fb7cedbe1bac1bd28bd8ce7a217517d98d5b2117f9f5505?s=96&d=mm&r=g","contentUrl":"https:\/\/secure.gravatar.com\/avatar\/4cf9a4877f5f71f44fb7cedbe1bac1bd28bd8ce7a217517d98d5b2117f9f5505?s=96&d=mm&r=g","caption":"Pedro Palomo"},"sameAs":["http:\/\/www.vivaeurovision.com","@pedrobcn","https:\/\/x.com\/@pedropalomobcn"]}]}},"_links":{"self":[{"href":"https:\/\/www.vivaeurovision.com\/index.php\/wp-json\/wp\/v2\/posts\/3332","targetHints":{"allow":["GET"]}}],"collection":[{"href":"https:\/\/www.vivaeurovision.com\/index.php\/wp-json\/wp\/v2\/posts"}],"about":[{"href":"https:\/\/www.vivaeurovision.com\/index.php\/wp-json\/wp\/v2\/types\/post"}],"author":[{"embeddable":true,"href":"https:\/\/www.vivaeurovision.com\/index.php\/wp-json\/wp\/v2\/users\/1"}],"replies":[{"embeddable":true,"href":"https:\/\/www.vivaeurovision.com\/index.php\/wp-json\/wp\/v2\/comments?post=3332"}],"version-history":[{"count":0,"href":"https:\/\/www.vivaeurovision.com\/index.php\/wp-json\/wp\/v2\/posts\/3332\/revisions"}],"wp:featuredmedia":[{"embeddable":true,"href":"https:\/\/www.vivaeurovision.com\/index.php\/wp-json\/wp\/v2\/media\/3368"}],"wp:attachment":[{"href":"https:\/\/www.vivaeurovision.com\/index.php\/wp-json\/wp\/v2\/media?parent=3332"}],"wp:term":[{"taxonomy":"category","embeddable":true,"href":"https:\/\/www.vivaeurovision.com\/index.php\/wp-json\/wp\/v2\/categories?post=3332"},{"taxonomy":"post_tag","embeddable":true,"href":"https:\/\/www.vivaeurovision.com\/index.php\/wp-json\/wp\/v2\/tags?post=3332"}],"curies":[{"name":"wp","href":"https:\/\/api.w.org\/{rel}","templated":true}]}}