{"id":3390,"date":"2017-01-13T03:27:01","date_gmt":"2017-01-13T03:27:01","guid":{"rendered":"http:\/\/www.vivaeurovision.com\/?p=3390"},"modified":"2017-01-15T13:24:04","modified_gmt":"2017-01-15T13:24:04","slug":"3390-objetivo-eurovision-2017","status":"publish","type":"post","link":"https:\/\/www.vivaeurovision.com\/index.php\/2017\/01\/13\/3390-objetivo-eurovision-2017\/","title":{"rendered":"Los 6 candidatos a representar a Espa\u00f1a en el Festival de Eurovisi\u00f3n 2017"},"content":{"rendered":"<h2>Los 6 candidatos a representar a Espa\u00f1a en el Festival de Eurovisi\u00f3n 2017<\/h2>\n<p><img loading=\"lazy\" decoding=\"async\" class=\"alignnone size-medium wp-image-3455\" src=\"http:\/\/www.vivaeurovision.com\/wp-content\/uploads\/2017\/01\/untitled-1-300x164.png\" alt=\"eurovision\" width=\"300\" height=\"164\" srcset=\"https:\/\/www.vivaeurovision.com\/wp-content\/uploads\/2017\/01\/untitled-1-300x164.png 300w, https:\/\/www.vivaeurovision.com\/wp-content\/uploads\/2017\/01\/untitled-1-700x383.png 700w, https:\/\/www.vivaeurovision.com\/wp-content\/uploads\/2017\/01\/untitled-1-555x305.png 555w\" sizes=\"auto, (max-width: 300px) 100vw, 300px\" \/><\/p>\n<p>Seis candidatos con estilos muy distintos, de nuevo este a\u00f1o en Objetivo Eurovisi\u00f3n se apuesta por la variedad y la calidad.<\/p>\n<h1>Objetivo Eurovisi\u00f3n 2017<\/h1>\n<p><strong>LeKlein-Ouch!<\/strong><\/p>\n<p><strong>Maika-Momento Critico<\/strong><\/p>\n<p><strong>Manel Navarro-Do it for your lover<\/strong><\/p>\n<p><strong>Mario Jefferson-Spin my head<\/strong><\/p>\n<p><strong>Mirela- Contigo<\/strong><\/p>\n<p><strong>Paula Rojo-Lo Que Nunca Fue<\/strong><\/p>\n<p>&nbsp;<\/p>\n<p><strong>Mirela, Maika, Manel Navarro, Mario Jefferson y Paula Rojo<\/strong> son los 5 candidatos elegidos internamente por <strong>RTVE<\/strong>, a ellos se suma el nombre de <strong>LeKlein<\/strong> ganadora del eurocasting online donde se presentaron casi 400 candidaturas.<\/p>\n<p><strong>LeKlein\u00a0<\/strong>ganadora de\u00a0la final del #EuroCasting\u00a0con <strong>\u2018Ouch!\u2019<\/strong>, pop electr\u00f3nico latino en cuya composici\u00f3n ha participado junto a David Ascanio, Albert Neve y Abel Ramos. Detr\u00e1s de LeKlein est\u00e1 Vanesa Cort\u00e9s, una polifac\u00e9tica artista nacida en Toledo hace 36 a\u00f1os. En 2002 gan\u00f3 el premio Artista Revelaci\u00f3n de Los 40 Principales y, entre sus trabajos m\u00e1s destacados, se encuentra su etapa como cantante residente en la discoteca Amnesia de Ibiza. Tambi\u00e9n ha sido nominada en varias ocasiones como mejor vocalista house en los Dj Mags, premio que ha ganado en dos ocasiones<\/p>\n<p><strong><a href=\"http:\/\/www.vivaeurovision.com\/index.php\/2017\/01\/11\/3434-leklein-eurovision\/\" target=\"_blank\">ENTREVISTA EXCLUSIVA DE LEKLEIN PARA VIVAEUROVISION<\/a><\/strong><\/p>\n<div style=\"width: 100%; padding-top: 64%; position: relative; border-bottom: 1px solid #aaa; display: inline-block; background: rgba(255,255,255,0.9);\">\n<p><iframe loading=\"lazy\" style=\"left: 0px; top: 0px; width: 100%; height: 90%; overflow: hidden; position: absolute;\" src=\"http:\/\/www.rtve.es\/drmn\/embed\/video\/3865668\" name=\"LeKlein canta 'Ouch!!' en la final del Eurocasting\" width=\"300\" height=\"150\" frameborder=\"0\" scrolling=\"no\"><\/iframe><\/p>\n<div style=\"position: absolute; bottom: 0; left: 0; font-family: arial,helvetica,sans-serif; font-size: 12px; line-height: 1.833; display: inline-block; padding: 5px 0 5px 10px;\"><span style=\"float: left; margin-right: 10px;\"><img decoding=\"async\" style=\"height: 20px; width: auto; background: transparent; padding: 0; margin: 0;\" src=\"http:\/\/img.irtve.es\/css\/rtve.commons\/rtve.header.footer\/i\/logoRTVEes.png\" \/><\/span> <a style=\"color: #333; font-weight: bold;\" title=\"LeKlein canta 'Ouch!!' en la final del Eurocasting\" href=\"http:\/\/www.rtve.es\/alacarta\/videos\/eurovision-2017\/eurocasting-leklein-canta-ouch-final-del-eurocasting\/3865668\/\"><strong>LeKlein canta &#8216;Ouch!!&#8217; en la final del Eurocasting<\/strong><\/a><\/div>\n<\/div>\n<p><iframe loading=\"lazy\" src=\"https:\/\/www.youtube.com\/embed\/92u9RDdCa14\" width=\"560\" height=\"315\" frameborder=\"0\" allowfullscreen=\"allowfullscreen\"><\/iframe><br \/>\n<strong>Maika <\/strong>(40) con <strong>\u2018Momento cr\u00edtico\u2019, <\/strong>de J.J. Santana y Rafael Artesero. Nacida en Reus, Maika se dio a conocer en \u2018La Voz\u2019 en 2012. Despu\u00e9s public\u00f3 el single \u2018En sus manos\u2019 y en 2013 el \u00e1lbum \u2018No return\u2019, con canciones en espa\u00f1ol y en ingl\u00e9s; y en 2016 otro digital titulado \u2018New Perspective\u2019. Tambi\u00e9n ha participado en \u2018Lev\u00e1ntate All Stars\u2019 y ha realizado giras por Espa\u00f1a y festivales en el extranjero.<\/p>\n<div style=\"width: 100%; padding-top: 64%; position: relative; border-bottom: 1px solid #aaa; display: inline-block; background: rgba(255,255,255,0.9);\">\n<p><iframe loading=\"lazy\" style=\"left: 0px; top: 0px; width: 100%; height: 90%; overflow: hidden; position: absolute;\" src=\"http:\/\/www.rtve.es\/drmn\/embed\/video\/3862188\" name=\"Maika Barbero canta \" width=\"300\" height=\"150\" frameborder=\"0\" scrolling=\"no\"><\/iframe><\/p>\n<div style=\"position: absolute; bottom: 0; left: 0; font-family: arial,helvetica,sans-serif; font-size: 12px; line-height: 1.833; display: inline-block; padding: 5px 0 5px 10px;\"><span style=\"float: left; margin-right: 10px;\"><img decoding=\"async\" style=\"height: 20px; width: auto; background: transparent; padding: 0; margin: 0;\" src=\"http:\/\/img.irtve.es\/css\/rtve.commons\/rtve.header.footer\/i\/logoRTVEes.png\" \/><\/span> <a style=\"color: #333; font-weight: bold;\" title=\"Maika Barbero canta \" href=\"http:\/\/www.rtve.es\/alacarta\/videos\/eurovision-2017\/eurovision-2017-maika-barbero-canta-momento-critico\/3862188\/\"><strong>Maika Barbero canta \u00abMomento cr\u00edtico\u00bb<\/strong><\/a><\/div>\n<\/div>\n<p><strong>Manel Navarro<\/strong> (20) participar\u00e1 con un tema pop propio: <strong>\u2018Do it for your lover\u2019. <\/strong>Joven cantautor de Sabadell, Manel compone en ingl\u00e9s y canta de forma ac\u00fastica o electr\u00f3nica con su inseparable guitarra. Comenz\u00f3 compartiendo versiones en sus redes sociales, y hace tres a\u00f1os sobresali\u00f3 con su cover ac\u00fastica de \u2018Hold on, we\u2019re going home\u2019, del canadiense Drake, y consigui\u00f3 la grabaci\u00f3n del primer tema de su autor\u00eda, \u2018Brand new day\u2019. Tras el single \u2018Candle\u2019 con Sony Music, acaba de publicar \u2018Do it for your lover\u2019.<\/p>\n<div style=\"width: 100%; padding-top: 64%; position: relative; border-bottom: 1px solid #aaa; display: inline-block; background: rgba(255,255,255,0.9);\">\n<p><iframe loading=\"lazy\" style=\"left: 0px; top: 0px; width: 100%; height: 90%; overflow: hidden; position: absolute;\" src=\"http:\/\/www.rtve.es\/drmn\/embed\/video\/3865478\" name=\"Manel Navarro canta \" width=\"300\" height=\"150\" frameborder=\"0\" scrolling=\"no\"><\/iframe><\/p>\n<div style=\"position: absolute; bottom: 0; left: 0; font-family: arial,helvetica,sans-serif; font-size: 12px; line-height: 1.833; display: inline-block; padding: 5px 0 5px 10px;\"><span style=\"float: left; margin-right: 10px;\"><img decoding=\"async\" style=\"height: 20px; width: auto; background: transparent; padding: 0; margin: 0;\" src=\"http:\/\/img.irtve.es\/css\/rtve.commons\/rtve.header.footer\/i\/logoRTVEes.png\" \/><\/span> <a style=\"color: #333; font-weight: bold;\" title=\"Manel Navarro canta \" href=\"http:\/\/www.rtve.es\/alacarta\/videos\/eurovision-2017\/eurovision-2017-manel-navarro-canta-do-it-for-your-lover\/3865478\/\"><strong>Manel Navarro canta \u00abDo it for your lover\u00bb<\/strong><\/a><\/div>\n<\/div>\n<p><strong>Mario Jefferson <\/strong>(26) acudir\u00e1 a \u2018Objetivo Eurovisi\u00f3n\u2019 con el tema pop <strong>\u2018Spin my head\u2019, <\/strong>de Chris Whale. Mitad espa\u00f1ol, mitad ingl\u00e9s, Mario naci\u00f3 en la Costa del Sol pero vive en Madrid y tiene muchos fans en sus redes sociales. En 2008 particip\u00f3 en \u2018X Factor\u2019 y en 2010 en \u2018Operaci\u00f3n Triunfo\u2019. Ha publicado trabajos musicales como \u2018The night I forgot your name\u2019, \u2018Cadillac\u2019, y \u2018Walk that way\u2019.<\/p>\n<div style=\"width: 100%; padding-top: 64%; position: relative; border-bottom: 1px solid #aaa; display: inline-block; background: rgba(255,255,255,0.9);\">\n<p><iframe loading=\"lazy\" style=\"left: 0px; top: 0px; width: 100%; height: 90%; overflow: hidden; position: absolute;\" src=\"http:\/\/www.rtve.es\/drmn\/embed\/video\/3862201\" name=\"Mario Jefferson canta \" width=\"300\" height=\"150\" frameborder=\"0\" scrolling=\"no\"><\/iframe><\/p>\n<div style=\"position: absolute; bottom: 0; left: 0; font-family: arial,helvetica,sans-serif; font-size: 12px; line-height: 1.833; display: inline-block; padding: 5px 0 5px 10px;\"><span style=\"float: left; margin-right: 10px;\"><img decoding=\"async\" style=\"height: 20px; width: auto; background: transparent; padding: 0; margin: 0;\" src=\"http:\/\/img.irtve.es\/css\/rtve.commons\/rtve.header.footer\/i\/logoRTVEes.png\" \/><\/span> <a style=\"color: #333; font-weight: bold;\" title=\"Mario Jefferson canta \" href=\"http:\/\/www.rtve.es\/alacarta\/videos\/eurovision-2017\/eurovision-2017-mario-jefferson-canta-spin-my-head-pierdo-control\/3862201\/\"><strong>Mario Jefferson canta \u00abSpin my head\u00bb \/ \u00abPierdo el control\u00bb<\/strong><\/a><\/div>\n<\/div>\n<p><strong>Mirela <\/strong>(26) se llama <strong>\u2018Contigo\u2019<\/strong>, pop latino compuesto por Tony S\u00e1nchez-Ohlsson, Isaac Luke y Ander P\u00e9rez. Con doce a\u00f1os de experiencia en los escenarios, Mirela ha sido finalista de la selecci\u00f3n espa\u00f1ola para Eurovisi\u00f3n Junior y para el Festival de Eurovisi\u00f3n. Ha trabajado actuando en distintas televisiones (TVE; Gente de primera; La Voz\u2026) y musicales (El rey le\u00f3n; Shrek; Peter Pan&#8230;). <a href=\"http:\/\/www.vivaeurovision.com\/index.php\/2016\/07\/04\/mirela-eurovision-no-lo-descarto\/\" target=\"_blank\"><strong>AQU\u00cd POD\u00c9IS LEER LA ENTREVISTA QUE MIRELA NOS CONCEDI\u00d3 A VIVAEUROVISION<\/strong> <\/a><\/p>\n<div style=\"width: 100%; padding-top: 64%; position: relative; border-bottom: 1px solid #aaa; display: inline-block; background: rgba(255,255,255,0.9);\">\n<p><iframe loading=\"lazy\" style=\"left: 0px; top: 0px; width: 100%; height: 90%; overflow: hidden; position: absolute;\" src=\"http:\/\/www.rtve.es\/drmn\/embed\/video\/3864306\" name=\"Mirela Cabero canta \" width=\"300\" height=\"150\" frameborder=\"0\" scrolling=\"no\"><\/iframe><\/p>\n<div style=\"position: absolute; bottom: 0; left: 0; font-family: arial,helvetica,sans-serif; font-size: 12px; line-height: 1.833; display: inline-block; padding: 5px 0 5px 10px;\"><span style=\"float: left; margin-right: 10px;\"><img decoding=\"async\" style=\"height: 20px; width: auto; background: transparent; padding: 0; margin: 0;\" src=\"http:\/\/img.irtve.es\/css\/rtve.commons\/rtve.header.footer\/i\/logoRTVEes.png\" \/><\/span> <a style=\"color: #333; font-weight: bold;\" title=\"Mirela Cabero canta \" href=\"http:\/\/www.rtve.es\/alacarta\/videos\/eurovision-2017\/mirela-cabero-canta-contigo\/3864306\/\"><strong>Mirela Cabero canta \u00abContigo\u00bb<\/strong><\/a><\/div>\n<\/div>\n<p><iframe loading=\"lazy\" src=\"https:\/\/www.youtube.com\/embed\/sR_J_O7kh04\" width=\"560\" height=\"315\" frameborder=\"0\" allowfullscreen=\"allowfullscreen\"><\/iframe><br \/>\n<strong>Paula Rojo<\/strong> (26 a\u00f1os) presenta <strong>\u2018Lo que nunca fue\u2019, <\/strong>una canci\u00f3n de country pop compuesta por ella junto a \u00c1lvaro B\u00e1rcena. Esta joven asturiana se hizo popular hace cuatro a\u00f1os a trav\u00e9s del programa \u2018La Voz\u2019, donde consigui\u00f3 un contrato con Universal Music. Ha publicado singles y \u00e1lbumes como \u2018Solo t\u00fa\u2019, \u2018Si me voy\u2019, \u2018Miedo a querer\u2019, \u2018Crecer para ver\u2019 y \u2018\u00c9rase un sue\u00f1o\u2019, adem\u00e1s de grabar con Disney.<\/p>\n<div style=\"width: 100%; padding-top: 64%; position: relative; border-bottom: 1px solid #aaa; display: inline-block; background: rgba(255,255,255,0.9);\">\n<p><iframe loading=\"lazy\" style=\"left: 0px; top: 0px; width: 100%; height: 90%; overflow: hidden; position: absolute;\" src=\"http:\/\/www.rtve.es\/drmn\/embed\/video\/3862214\" name=\"Paula Rojo canta \" width=\"300\" height=\"150\" frameborder=\"0\" scrolling=\"no\"><\/iframe><\/p>\n<div style=\"position: absolute; bottom: 0; left: 0; font-family: arial,helvetica,sans-serif; font-size: 12px; line-height: 1.833; display: inline-block; padding: 5px 0 5px 10px;\"><span style=\"float: left; margin-right: 10px;\"><img decoding=\"async\" style=\"height: 20px; width: auto; background: transparent; padding: 0; margin: 0;\" src=\"http:\/\/img.irtve.es\/css\/rtve.commons\/rtve.header.footer\/i\/logoRTVEes.png\" \/><\/span> <a style=\"color: #333; font-weight: bold;\" title=\"Paula Rojo canta \" href=\"http:\/\/www.rtve.es\/alacarta\/videos\/eurovision-2017\/eurovision-2017-paula-rojo-canta-nunca-fue\/3862214\/\"><strong>Paula Rojo canta \u00abLo que nunca fue\u00bb<\/strong><\/a><\/div>\n<\/div>\n<p><strong>Eurovisi\u00f3n 2017: Sistema mixto de elecci\u00f3n 5 artistas internamente y 1 artista online<\/strong><\/p>\n<p>La gala final se celebrar\u00e1 el pr\u00f3ximo mes de febrero, desde vivaeurovision os mantendremos informados en todo momento, de todos los detalles.<br \/>\n<iframe loading=\"lazy\" src=\"https:\/\/www.youtube.com\/embed\/AtR76rWMgj8\" width=\"560\" height=\"315\" frameborder=\"0\" allowfullscreen=\"allowfullscreen\"><\/iframe><br \/>\n<img loading=\"lazy\" decoding=\"async\" class=\"alignnone size-medium wp-image-311\" src=\"http:\/\/www.vivaeurovision.com\/wp-content\/uploads\/2016\/01\/image-21-300x165.jpeg\" alt=\"VIVAEUROVISION.COM\" width=\"300\" height=\"165\" srcset=\"https:\/\/www.vivaeurovision.com\/wp-content\/uploads\/2016\/01\/image-21-300x165.jpeg 300w, https:\/\/www.vivaeurovision.com\/wp-content\/uploads\/2016\/01\/image-21-555x305.jpeg 555w, https:\/\/www.vivaeurovision.com\/wp-content\/uploads\/2016\/01\/image-21.jpeg 669w\" sizes=\"auto, (max-width: 300px) 100vw, 300px\" \/><\/p>\n<p>Twitter\u00a0<strong> <a href=\"https:\/\/twitter.com\/viva_eurovision\" target=\"_blank\"><span style=\"color: #0066cc;\">@viva_eurovision<\/span><\/a>\u00a0 <a href=\"https:\/\/www.facebook.com\/Vivaeurovisioncom-867806686671081\/?fref=nf\" target=\"_blank\"><span style=\"color: #0066cc;\">FACEBOOK OFICIAL VIVA EUROVISION <\/span><\/a><\/strong>Instragram <strong>\u00a0<\/strong><a href=\"https:\/\/www.instagram.com\/vivaeurovision\/\" target=\"_blank\"><strong>@vivaeurovision<\/strong><\/a><\/p>\n<p>Redactor: Pedro Palomo <a href=\"https:\/\/twitter.com\/pedropalomobcn?lang=es\"><strong><span style=\"color: #0066cc;\">@pedropalomobcn<\/span><\/strong><\/a><strong>\u00a0<\/strong>Instagram <a href=\"https:\/\/www.instagram.com\/pedrobcn\/\" target=\"_blank\"><strong>@pedrobcn<\/strong><\/a><\/p>\n<p><strong><a href=\"http:\/\/www.rtve.es\/television\/eurovision\/\" target=\"_blank\">RTVE<\/a><\/strong><\/p>\n<p>&nbsp;<\/p>\n","protected":false},"excerpt":{"rendered":"<p>Los 6 candidatos a representar a Espa\u00f1a en el Festival de Eurovisi\u00f3n 2017 Seis candidatos con estilos muy distintos, de nuevo este a\u00f1o en Objetivo Eurovisi\u00f3n se apuesta por la&#46;&#46;&#46;<\/p>\n","protected":false},"author":1,"featured_media":3460,"comment_status":"open","ping_status":"open","sticky":false,"template":"","format":"standard","meta":{"_exactmetrics_skip_tracking":false,"_exactmetrics_sitenote_active":false,"_exactmetrics_sitenote_note":"","_exactmetrics_sitenote_category":0,"footnotes":""},"categories":[5,6,1195,876,4,1188,2,3],"tags":[865,870,1213,11,670,866,706,1096,1344,1347,1458,1454,1459,1466,1463,1464,1465,902,1460,34,139,1146,1461,1462,19,20,766,18,110,57,23,22],"class_list":["post-3390","post","type-post","status-publish","format-standard","has-post-thumbnail","hentry","category-entrevistas","category-espana-en-eurovision","category-eurovision-2","category-eurovision-2017","category-eurovision","category-noticia-2","category-noticia","category-ultima-hora","tag-esc-2017","tag-espana-eurovision-2017","tag-eurocasting","tag-eurovision","tag-eurovision-2017","tag-eurovision-song-contest-2017","tag-eurovision-song-contest-festival","tag-festival-de-eurovision","tag-leklein","tag-leklein-objetivo-eurovision","tag-maika","tag-maika-barbero","tag-maika-objetivo-eurovision","tag-manel-navarro","tag-manel-navarro-objetivo-eurovision","tag-mario-jefferson","tag-mario-jefferson-objetivo-eurovision","tag-mirela","tag-mirela-objetivo-eurovision","tag-noticia","tag-objetivo-eurovision","tag-objetivo-eurovision-2017","tag-paula-rojo","tag-paula-rojo-objetivo-eurovision","tag-pedro-palomo","tag-pedro-palomo-eurovision","tag-pedro-palomo-vivaeurovision","tag-rtve","tag-rtve-eurovision","tag-tve","tag-viva-eurovision","tag-vivaeurovision"],"yoast_head":"<!-- This site is optimized with the Yoast SEO plugin v27.5 - https:\/\/yoast.com\/product\/yoast-seo-wordpress\/ -->\n<title>Los 6 candidatos a representar a Espa\u00f1a en el Festival de Eurovisi\u00f3n 2017 - VIVAEUROVISION viva eurovision<\/title>\n<meta name=\"robots\" content=\"index, follow, max-snippet:-1, max-image-preview:large, max-video-preview:-1\" \/>\n<link rel=\"canonical\" href=\"https:\/\/www.vivaeurovision.com\/index.php\/2017\/01\/13\/3390-objetivo-eurovision-2017\/\" \/>\n<meta property=\"og:locale\" content=\"es_ES\" \/>\n<meta property=\"og:type\" content=\"article\" \/>\n<meta property=\"og:title\" content=\"Los 6 candidatos a representar a Espa\u00f1a en el Festival de Eurovisi\u00f3n 2017 - VIVAEUROVISION viva eurovision\" \/>\n<meta property=\"og:description\" content=\"Los 6 candidatos a representar a Espa\u00f1a en el Festival de Eurovisi\u00f3n 2017 Seis candidatos con estilos muy distintos, de nuevo este a\u00f1o en Objetivo Eurovisi\u00f3n se apuesta por la&#046;&#046;&#046;\" \/>\n<meta property=\"og:url\" content=\"https:\/\/www.vivaeurovision.com\/index.php\/2017\/01\/13\/3390-objetivo-eurovision-2017\/\" \/>\n<meta property=\"og:site_name\" content=\"VIVAEUROVISION viva eurovision\" \/>\n<meta property=\"article:published_time\" content=\"2017-01-13T03:27:01+00:00\" \/>\n<meta property=\"article:modified_time\" content=\"2017-01-15T13:24:04+00:00\" \/>\n<meta property=\"og:image\" content=\"https:\/\/www.vivaeurovision.com\/wp-content\/uploads\/2017\/01\/Sin-t\u00edtulo-1-1-e1484277159855.jpg\" \/>\n\t<meta property=\"og:image:width\" content=\"1890\" \/>\n\t<meta property=\"og:image:height\" content=\"1195\" \/>\n\t<meta property=\"og:image:type\" content=\"image\/jpeg\" \/>\n<meta name=\"author\" content=\"Pedro Palomo\" \/>\n<meta name=\"twitter:card\" content=\"summary_large_image\" \/>\n<meta name=\"twitter:creator\" content=\"@pedropalomobcn\" \/>\n<meta name=\"twitter:label1\" content=\"Escrito por\" \/>\n\t<meta name=\"twitter:data1\" content=\"Pedro Palomo\" \/>\n\t<meta name=\"twitter:label2\" content=\"Tiempo de lectura\" \/>\n\t<meta name=\"twitter:data2\" content=\"3 minutos\" \/>\n<script type=\"application\/ld+json\" class=\"yoast-schema-graph\">{\"@context\":\"https:\\\/\\\/schema.org\",\"@graph\":[{\"@type\":\"Article\",\"@id\":\"https:\\\/\\\/www.vivaeurovision.com\\\/index.php\\\/2017\\\/01\\\/13\\\/3390-objetivo-eurovision-2017\\\/#article\",\"isPartOf\":{\"@id\":\"https:\\\/\\\/www.vivaeurovision.com\\\/index.php\\\/2017\\\/01\\\/13\\\/3390-objetivo-eurovision-2017\\\/\"},\"author\":{\"name\":\"Pedro Palomo\",\"@id\":\"https:\\\/\\\/www.vivaeurovision.com\\\/#\\\/schema\\\/person\\\/1d31fdaa3f5f7df556f73d164bd3c47a\"},\"headline\":\"Los 6 candidatos a representar a Espa\u00f1a en el Festival de Eurovisi\u00f3n 2017\",\"datePublished\":\"2017-01-13T03:27:01+00:00\",\"dateModified\":\"2017-01-15T13:24:04+00:00\",\"mainEntityOfPage\":{\"@id\":\"https:\\\/\\\/www.vivaeurovision.com\\\/index.php\\\/2017\\\/01\\\/13\\\/3390-objetivo-eurovision-2017\\\/\"},\"wordCount\":697,\"commentCount\":0,\"publisher\":{\"@id\":\"https:\\\/\\\/www.vivaeurovision.com\\\/#organization\"},\"image\":{\"@id\":\"https:\\\/\\\/www.vivaeurovision.com\\\/index.php\\\/2017\\\/01\\\/13\\\/3390-objetivo-eurovision-2017\\\/#primaryimage\"},\"thumbnailUrl\":\"https:\\\/\\\/www.vivaeurovision.com\\\/wp-content\\\/uploads\\\/2017\\\/01\\\/Sin-t\u00edtulo-1-1-e1484277159855.jpg\",\"keywords\":[\"esc 2017\",\"espa\u00f1a eurovision 2017\",\"eurocasting\",\"Eurovision\",\"Eurovision 2017\",\"eurovision song contest 2017\",\"eurovision song contest festival\",\"Festival de Eurovisi\u00f3n\",\"LeKlein\",\"LeKlein objetivo Eurovision\",\"maika\",\"maika barbero\",\"maika objetivo eurovision\",\"manel navarro\",\"manel navarro objetivo eurovision\",\"mario jefferson\",\"mario jefferson objetivo eurovision\",\"MIRELA\",\"mirela objetivo eurovision\",\"Noticia\",\"objetivo eurovision\",\"objetivo Eurovisi\u00f3n 2017\",\"paula rojo\",\"paula rojo objetivo eurovision\",\"Pedro Palomo\",\"Pedro Palomo Eurovision\",\"Pedro Palomo Vivaeurovision\",\"RTVE\",\"Rtve EUROVISION\",\"tve\",\"viva eurovision\",\"vivaeurovision\"],\"articleSection\":[\"Entrevistas\",\"Espa\u00f1a en Eurovisi\u00f3n\",\"eurovision\",\"Eurovisi\u00f3n 2017\",\"Inicio\",\"Noticia\",\"Noticias\",\"Ultima Hora\"],\"inLanguage\":\"es\",\"potentialAction\":[{\"@type\":\"CommentAction\",\"name\":\"Comment\",\"target\":[\"https:\\\/\\\/www.vivaeurovision.com\\\/index.php\\\/2017\\\/01\\\/13\\\/3390-objetivo-eurovision-2017\\\/#respond\"]}]},{\"@type\":\"WebPage\",\"@id\":\"https:\\\/\\\/www.vivaeurovision.com\\\/index.php\\\/2017\\\/01\\\/13\\\/3390-objetivo-eurovision-2017\\\/\",\"url\":\"https:\\\/\\\/www.vivaeurovision.com\\\/index.php\\\/2017\\\/01\\\/13\\\/3390-objetivo-eurovision-2017\\\/\",\"name\":\"Los 6 candidatos a representar a Espa\u00f1a en el Festival de Eurovisi\u00f3n 2017 - VIVAEUROVISION viva eurovision\",\"isPartOf\":{\"@id\":\"https:\\\/\\\/www.vivaeurovision.com\\\/#website\"},\"primaryImageOfPage\":{\"@id\":\"https:\\\/\\\/www.vivaeurovision.com\\\/index.php\\\/2017\\\/01\\\/13\\\/3390-objetivo-eurovision-2017\\\/#primaryimage\"},\"image\":{\"@id\":\"https:\\\/\\\/www.vivaeurovision.com\\\/index.php\\\/2017\\\/01\\\/13\\\/3390-objetivo-eurovision-2017\\\/#primaryimage\"},\"thumbnailUrl\":\"https:\\\/\\\/www.vivaeurovision.com\\\/wp-content\\\/uploads\\\/2017\\\/01\\\/Sin-t\u00edtulo-1-1-e1484277159855.jpg\",\"datePublished\":\"2017-01-13T03:27:01+00:00\",\"dateModified\":\"2017-01-15T13:24:04+00:00\",\"breadcrumb\":{\"@id\":\"https:\\\/\\\/www.vivaeurovision.com\\\/index.php\\\/2017\\\/01\\\/13\\\/3390-objetivo-eurovision-2017\\\/#breadcrumb\"},\"inLanguage\":\"es\",\"potentialAction\":[{\"@type\":\"ReadAction\",\"target\":[\"https:\\\/\\\/www.vivaeurovision.com\\\/index.php\\\/2017\\\/01\\\/13\\\/3390-objetivo-eurovision-2017\\\/\"]}]},{\"@type\":\"ImageObject\",\"inLanguage\":\"es\",\"@id\":\"https:\\\/\\\/www.vivaeurovision.com\\\/index.php\\\/2017\\\/01\\\/13\\\/3390-objetivo-eurovision-2017\\\/#primaryimage\",\"url\":\"https:\\\/\\\/www.vivaeurovision.com\\\/wp-content\\\/uploads\\\/2017\\\/01\\\/Sin-t\u00edtulo-1-1-e1484277159855.jpg\",\"contentUrl\":\"https:\\\/\\\/www.vivaeurovision.com\\\/wp-content\\\/uploads\\\/2017\\\/01\\\/Sin-t\u00edtulo-1-1-e1484277159855.jpg\",\"width\":1890,\"height\":1195,\"caption\":\"vivaeurovision\"},{\"@type\":\"BreadcrumbList\",\"@id\":\"https:\\\/\\\/www.vivaeurovision.com\\\/index.php\\\/2017\\\/01\\\/13\\\/3390-objetivo-eurovision-2017\\\/#breadcrumb\",\"itemListElement\":[{\"@type\":\"ListItem\",\"position\":1,\"name\":\"Portada\",\"item\":\"https:\\\/\\\/www.vivaeurovision.com\\\/\"},{\"@type\":\"ListItem\",\"position\":2,\"name\":\"Los 6 candidatos a representar a Espa\u00f1a en el Festival de Eurovisi\u00f3n 2017\"}]},{\"@type\":\"WebSite\",\"@id\":\"https:\\\/\\\/www.vivaeurovision.com\\\/#website\",\"url\":\"https:\\\/\\\/www.vivaeurovision.com\\\/\",\"name\":\"VIVAEUROVISION viva eurovision\",\"description\":\"Tu portal sobre el Festival de Eurovision, eurovision, eurovisi\u00f3n\",\"publisher\":{\"@id\":\"https:\\\/\\\/www.vivaeurovision.com\\\/#organization\"},\"potentialAction\":[{\"@type\":\"SearchAction\",\"target\":{\"@type\":\"EntryPoint\",\"urlTemplate\":\"https:\\\/\\\/www.vivaeurovision.com\\\/?s={search_term_string}\"},\"query-input\":{\"@type\":\"PropertyValueSpecification\",\"valueRequired\":true,\"valueName\":\"search_term_string\"}}],\"inLanguage\":\"es\"},{\"@type\":\"Organization\",\"@id\":\"https:\\\/\\\/www.vivaeurovision.com\\\/#organization\",\"name\":\"vivaeurovision\",\"url\":\"https:\\\/\\\/www.vivaeurovision.com\\\/\",\"logo\":{\"@type\":\"ImageObject\",\"inLanguage\":\"es\",\"@id\":\"https:\\\/\\\/www.vivaeurovision.com\\\/#\\\/schema\\\/logo\\\/image\\\/\",\"url\":\"https:\\\/\\\/www.vivaeurovision.com\\\/wp-content\\\/uploads\\\/2016\\\/01\\\/cropped-image-21-1.jpeg\",\"contentUrl\":\"https:\\\/\\\/www.vivaeurovision.com\\\/wp-content\\\/uploads\\\/2016\\\/01\\\/cropped-image-21-1.jpeg\",\"width\":669,\"height\":368,\"caption\":\"vivaeurovision\"},\"image\":{\"@id\":\"https:\\\/\\\/www.vivaeurovision.com\\\/#\\\/schema\\\/logo\\\/image\\\/\"}},{\"@type\":\"Person\",\"@id\":\"https:\\\/\\\/www.vivaeurovision.com\\\/#\\\/schema\\\/person\\\/1d31fdaa3f5f7df556f73d164bd3c47a\",\"name\":\"Pedro Palomo\",\"image\":{\"@type\":\"ImageObject\",\"inLanguage\":\"es\",\"@id\":\"https:\\\/\\\/secure.gravatar.com\\\/avatar\\\/4cf9a4877f5f71f44fb7cedbe1bac1bd28bd8ce7a217517d98d5b2117f9f5505?s=96&d=mm&r=g\",\"url\":\"https:\\\/\\\/secure.gravatar.com\\\/avatar\\\/4cf9a4877f5f71f44fb7cedbe1bac1bd28bd8ce7a217517d98d5b2117f9f5505?s=96&d=mm&r=g\",\"contentUrl\":\"https:\\\/\\\/secure.gravatar.com\\\/avatar\\\/4cf9a4877f5f71f44fb7cedbe1bac1bd28bd8ce7a217517d98d5b2117f9f5505?s=96&d=mm&r=g\",\"caption\":\"Pedro Palomo\"},\"sameAs\":[\"http:\\\/\\\/www.vivaeurovision.com\",\"@pedrobcn\",\"https:\\\/\\\/x.com\\\/@pedropalomobcn\"]}]}<\/script>\n<!-- \/ Yoast SEO plugin. -->","yoast_head_json":{"title":"Los 6 candidatos a representar a Espa\u00f1a en el Festival de Eurovisi\u00f3n 2017 - VIVAEUROVISION viva eurovision","robots":{"index":"index","follow":"follow","max-snippet":"max-snippet:-1","max-image-preview":"max-image-preview:large","max-video-preview":"max-video-preview:-1"},"canonical":"https:\/\/www.vivaeurovision.com\/index.php\/2017\/01\/13\/3390-objetivo-eurovision-2017\/","og_locale":"es_ES","og_type":"article","og_title":"Los 6 candidatos a representar a Espa\u00f1a en el Festival de Eurovisi\u00f3n 2017 - VIVAEUROVISION viva eurovision","og_description":"Los 6 candidatos a representar a Espa\u00f1a en el Festival de Eurovisi\u00f3n 2017 Seis candidatos con estilos muy distintos, de nuevo este a\u00f1o en Objetivo Eurovisi\u00f3n se apuesta por la&#46;&#46;&#46;","og_url":"https:\/\/www.vivaeurovision.com\/index.php\/2017\/01\/13\/3390-objetivo-eurovision-2017\/","og_site_name":"VIVAEUROVISION viva eurovision","article_published_time":"2017-01-13T03:27:01+00:00","article_modified_time":"2017-01-15T13:24:04+00:00","og_image":[{"width":1890,"height":1195,"url":"https:\/\/www.vivaeurovision.com\/wp-content\/uploads\/2017\/01\/Sin-t\u00edtulo-1-1-e1484277159855.jpg","type":"image\/jpeg"}],"author":"Pedro Palomo","twitter_card":"summary_large_image","twitter_creator":"@pedropalomobcn","twitter_misc":{"Escrito por":"Pedro Palomo","Tiempo de lectura":"3 minutos"},"schema":{"@context":"https:\/\/schema.org","@graph":[{"@type":"Article","@id":"https:\/\/www.vivaeurovision.com\/index.php\/2017\/01\/13\/3390-objetivo-eurovision-2017\/#article","isPartOf":{"@id":"https:\/\/www.vivaeurovision.com\/index.php\/2017\/01\/13\/3390-objetivo-eurovision-2017\/"},"author":{"name":"Pedro Palomo","@id":"https:\/\/www.vivaeurovision.com\/#\/schema\/person\/1d31fdaa3f5f7df556f73d164bd3c47a"},"headline":"Los 6 candidatos a representar a Espa\u00f1a en el Festival de Eurovisi\u00f3n 2017","datePublished":"2017-01-13T03:27:01+00:00","dateModified":"2017-01-15T13:24:04+00:00","mainEntityOfPage":{"@id":"https:\/\/www.vivaeurovision.com\/index.php\/2017\/01\/13\/3390-objetivo-eurovision-2017\/"},"wordCount":697,"commentCount":0,"publisher":{"@id":"https:\/\/www.vivaeurovision.com\/#organization"},"image":{"@id":"https:\/\/www.vivaeurovision.com\/index.php\/2017\/01\/13\/3390-objetivo-eurovision-2017\/#primaryimage"},"thumbnailUrl":"https:\/\/www.vivaeurovision.com\/wp-content\/uploads\/2017\/01\/Sin-t\u00edtulo-1-1-e1484277159855.jpg","keywords":["esc 2017","espa\u00f1a eurovision 2017","eurocasting","Eurovision","Eurovision 2017","eurovision song contest 2017","eurovision song contest festival","Festival de Eurovisi\u00f3n","LeKlein","LeKlein objetivo Eurovision","maika","maika barbero","maika objetivo eurovision","manel navarro","manel navarro objetivo eurovision","mario jefferson","mario jefferson objetivo eurovision","MIRELA","mirela objetivo eurovision","Noticia","objetivo eurovision","objetivo Eurovisi\u00f3n 2017","paula rojo","paula rojo objetivo eurovision","Pedro Palomo","Pedro Palomo Eurovision","Pedro Palomo Vivaeurovision","RTVE","Rtve EUROVISION","tve","viva eurovision","vivaeurovision"],"articleSection":["Entrevistas","Espa\u00f1a en Eurovisi\u00f3n","eurovision","Eurovisi\u00f3n 2017","Inicio","Noticia","Noticias","Ultima Hora"],"inLanguage":"es","potentialAction":[{"@type":"CommentAction","name":"Comment","target":["https:\/\/www.vivaeurovision.com\/index.php\/2017\/01\/13\/3390-objetivo-eurovision-2017\/#respond"]}]},{"@type":"WebPage","@id":"https:\/\/www.vivaeurovision.com\/index.php\/2017\/01\/13\/3390-objetivo-eurovision-2017\/","url":"https:\/\/www.vivaeurovision.com\/index.php\/2017\/01\/13\/3390-objetivo-eurovision-2017\/","name":"Los 6 candidatos a representar a Espa\u00f1a en el Festival de Eurovisi\u00f3n 2017 - VIVAEUROVISION viva eurovision","isPartOf":{"@id":"https:\/\/www.vivaeurovision.com\/#website"},"primaryImageOfPage":{"@id":"https:\/\/www.vivaeurovision.com\/index.php\/2017\/01\/13\/3390-objetivo-eurovision-2017\/#primaryimage"},"image":{"@id":"https:\/\/www.vivaeurovision.com\/index.php\/2017\/01\/13\/3390-objetivo-eurovision-2017\/#primaryimage"},"thumbnailUrl":"https:\/\/www.vivaeurovision.com\/wp-content\/uploads\/2017\/01\/Sin-t\u00edtulo-1-1-e1484277159855.jpg","datePublished":"2017-01-13T03:27:01+00:00","dateModified":"2017-01-15T13:24:04+00:00","breadcrumb":{"@id":"https:\/\/www.vivaeurovision.com\/index.php\/2017\/01\/13\/3390-objetivo-eurovision-2017\/#breadcrumb"},"inLanguage":"es","potentialAction":[{"@type":"ReadAction","target":["https:\/\/www.vivaeurovision.com\/index.php\/2017\/01\/13\/3390-objetivo-eurovision-2017\/"]}]},{"@type":"ImageObject","inLanguage":"es","@id":"https:\/\/www.vivaeurovision.com\/index.php\/2017\/01\/13\/3390-objetivo-eurovision-2017\/#primaryimage","url":"https:\/\/www.vivaeurovision.com\/wp-content\/uploads\/2017\/01\/Sin-t\u00edtulo-1-1-e1484277159855.jpg","contentUrl":"https:\/\/www.vivaeurovision.com\/wp-content\/uploads\/2017\/01\/Sin-t\u00edtulo-1-1-e1484277159855.jpg","width":1890,"height":1195,"caption":"vivaeurovision"},{"@type":"BreadcrumbList","@id":"https:\/\/www.vivaeurovision.com\/index.php\/2017\/01\/13\/3390-objetivo-eurovision-2017\/#breadcrumb","itemListElement":[{"@type":"ListItem","position":1,"name":"Portada","item":"https:\/\/www.vivaeurovision.com\/"},{"@type":"ListItem","position":2,"name":"Los 6 candidatos a representar a Espa\u00f1a en el Festival de Eurovisi\u00f3n 2017"}]},{"@type":"WebSite","@id":"https:\/\/www.vivaeurovision.com\/#website","url":"https:\/\/www.vivaeurovision.com\/","name":"VIVAEUROVISION viva eurovision","description":"Tu portal sobre el Festival de Eurovision, eurovision, eurovisi\u00f3n","publisher":{"@id":"https:\/\/www.vivaeurovision.com\/#organization"},"potentialAction":[{"@type":"SearchAction","target":{"@type":"EntryPoint","urlTemplate":"https:\/\/www.vivaeurovision.com\/?s={search_term_string}"},"query-input":{"@type":"PropertyValueSpecification","valueRequired":true,"valueName":"search_term_string"}}],"inLanguage":"es"},{"@type":"Organization","@id":"https:\/\/www.vivaeurovision.com\/#organization","name":"vivaeurovision","url":"https:\/\/www.vivaeurovision.com\/","logo":{"@type":"ImageObject","inLanguage":"es","@id":"https:\/\/www.vivaeurovision.com\/#\/schema\/logo\/image\/","url":"https:\/\/www.vivaeurovision.com\/wp-content\/uploads\/2016\/01\/cropped-image-21-1.jpeg","contentUrl":"https:\/\/www.vivaeurovision.com\/wp-content\/uploads\/2016\/01\/cropped-image-21-1.jpeg","width":669,"height":368,"caption":"vivaeurovision"},"image":{"@id":"https:\/\/www.vivaeurovision.com\/#\/schema\/logo\/image\/"}},{"@type":"Person","@id":"https:\/\/www.vivaeurovision.com\/#\/schema\/person\/1d31fdaa3f5f7df556f73d164bd3c47a","name":"Pedro Palomo","image":{"@type":"ImageObject","inLanguage":"es","@id":"https:\/\/secure.gravatar.com\/avatar\/4cf9a4877f5f71f44fb7cedbe1bac1bd28bd8ce7a217517d98d5b2117f9f5505?s=96&d=mm&r=g","url":"https:\/\/secure.gravatar.com\/avatar\/4cf9a4877f5f71f44fb7cedbe1bac1bd28bd8ce7a217517d98d5b2117f9f5505?s=96&d=mm&r=g","contentUrl":"https:\/\/secure.gravatar.com\/avatar\/4cf9a4877f5f71f44fb7cedbe1bac1bd28bd8ce7a217517d98d5b2117f9f5505?s=96&d=mm&r=g","caption":"Pedro Palomo"},"sameAs":["http:\/\/www.vivaeurovision.com","@pedrobcn","https:\/\/x.com\/@pedropalomobcn"]}]}},"_links":{"self":[{"href":"https:\/\/www.vivaeurovision.com\/index.php\/wp-json\/wp\/v2\/posts\/3390","targetHints":{"allow":["GET"]}}],"collection":[{"href":"https:\/\/www.vivaeurovision.com\/index.php\/wp-json\/wp\/v2\/posts"}],"about":[{"href":"https:\/\/www.vivaeurovision.com\/index.php\/wp-json\/wp\/v2\/types\/post"}],"author":[{"embeddable":true,"href":"https:\/\/www.vivaeurovision.com\/index.php\/wp-json\/wp\/v2\/users\/1"}],"replies":[{"embeddable":true,"href":"https:\/\/www.vivaeurovision.com\/index.php\/wp-json\/wp\/v2\/comments?post=3390"}],"version-history":[{"count":0,"href":"https:\/\/www.vivaeurovision.com\/index.php\/wp-json\/wp\/v2\/posts\/3390\/revisions"}],"wp:featuredmedia":[{"embeddable":true,"href":"https:\/\/www.vivaeurovision.com\/index.php\/wp-json\/wp\/v2\/media\/3460"}],"wp:attachment":[{"href":"https:\/\/www.vivaeurovision.com\/index.php\/wp-json\/wp\/v2\/media?parent=3390"}],"wp:term":[{"taxonomy":"category","embeddable":true,"href":"https:\/\/www.vivaeurovision.com\/index.php\/wp-json\/wp\/v2\/categories?post=3390"},{"taxonomy":"post_tag","embeddable":true,"href":"https:\/\/www.vivaeurovision.com\/index.php\/wp-json\/wp\/v2\/tags?post=3390"}],"curies":[{"name":"wp","href":"https:\/\/api.w.org\/{rel}","templated":true}]}}