{"id":3474,"date":"2017-01-14T15:29:20","date_gmt":"2017-01-14T15:29:20","guid":{"rendered":"http:\/\/www.vivaeurovision.com\/?p=3474"},"modified":"2017-01-14T15:29:20","modified_gmt":"2017-01-14T15:29:20","slug":"3474-votaciones-eurocasting-eurovision","status":"publish","type":"post","link":"https:\/\/www.vivaeurovision.com\/index.php\/2017\/01\/14\/3474-votaciones-eurocasting-eurovision\/","title":{"rendered":"Publicados los votos del p\u00fablico en el eurocasting de RTVE"},"content":{"rendered":"<h2>Publicados los votos del p\u00fablico en el eurocasting de RTVE<\/h2>\n<p><img loading=\"lazy\" decoding=\"async\" class=\"alignnone size-medium wp-image-3483\" src=\"http:\/\/www.vivaeurovision.com\/wp-content\/uploads\/2017\/01\/votodelpublico-300x169.png\" alt=\"eurovisi\u00f3n\" width=\"300\" height=\"169\" srcset=\"https:\/\/www.vivaeurovision.com\/wp-content\/uploads\/2017\/01\/votodelpublico-300x169.png 300w, https:\/\/www.vivaeurovision.com\/wp-content\/uploads\/2017\/01\/votodelpublico-700x394.png 700w, https:\/\/www.vivaeurovision.com\/wp-content\/uploads\/2017\/01\/votodelpublico.png 1600w\" sizes=\"auto, (max-width: 300px) 100vw, 300px\" \/><\/p>\n<p>Nito y su tema Luna, habr\u00eda sido el sexto candidato de Objetivo Eurovisi\u00f3n 2017 si la decisi\u00f3n hubiese sido solo de los votos online, seguido de Javia, Brequette, Leklein, Pedro Elipe, Fruela, Rommy Low, Nieves Hidalgo, Nicky Triphook y Rebeca Moss, as\u00ed ha sido el top 10 del p\u00fablico.<\/p>\n<p>Algo que hizo cambiar totalmente ante los votos del jurado profesional, que tan solo coincidieron con el p\u00fablico\u00a0entre los tres primeros\u00a0con Javian.<\/p>\n<p><img loading=\"lazy\" decoding=\"async\" class=\"alignnone size-medium wp-image-3484\" src=\"http:\/\/www.vivaeurovision.com\/wp-content\/uploads\/2017\/01\/votosdeljurado-300x84.png\" alt=\"eurovision\" width=\"300\" height=\"84\" srcset=\"https:\/\/www.vivaeurovision.com\/wp-content\/uploads\/2017\/01\/votosdeljurado-300x84.png 300w, https:\/\/www.vivaeurovision.com\/wp-content\/uploads\/2017\/01\/votosdeljurado-700x195.png 700w, https:\/\/www.vivaeurovision.com\/wp-content\/uploads\/2017\/01\/votosdeljurado.png 1019w\" sizes=\"auto, (max-width: 300px) 100vw, 300px\" \/><\/p>\n<p>Las votaciones del jurado interno de RTVE hicieron bajar algunos de los favoritos por el p\u00fablico, como es el caso de Nito con 0 puntos\u00a0o Brequette con 6 puntos empatada con Nicky Triphook en cuarto lugar por el jurado profesional.<\/p>\n<p><img loading=\"lazy\" decoding=\"async\" class=\"alignnone size-medium wp-image-311\" src=\"http:\/\/www.vivaeurovision.com\/wp-content\/uploads\/2016\/01\/image-21-300x165.jpeg\" alt=\"VIVAEUROVISION.COM\" width=\"300\" height=\"165\" srcset=\"https:\/\/www.vivaeurovision.com\/wp-content\/uploads\/2016\/01\/image-21-300x165.jpeg 300w, https:\/\/www.vivaeurovision.com\/wp-content\/uploads\/2016\/01\/image-21-555x305.jpeg 555w, https:\/\/www.vivaeurovision.com\/wp-content\/uploads\/2016\/01\/image-21.jpeg 669w\" sizes=\"auto, (max-width: 300px) 100vw, 300px\" \/><\/p>\n<p>Twitter\u00a0<strong> <a href=\"https:\/\/twitter.com\/viva_eurovision\" target=\"_blank\"><span style=\"color: #0066cc;\">@viva_eurovision<\/span><\/a>\u00a0 <a href=\"https:\/\/www.facebook.com\/Vivaeurovisioncom-867806686671081\/?fref=nf\" target=\"_blank\"><span style=\"color: #0066cc;\">FACEBOOK OFICIAL VIVA EUROVISION <\/span><\/a><\/strong>Instragram <strong>\u00a0<\/strong><a href=\"https:\/\/www.instagram.com\/vivaeurovision\/\" target=\"_blank\"><strong>@vivaeurovision<\/strong><\/a><\/p>\n<p>Redactor: Pedro Palomo <a href=\"https:\/\/twitter.com\/pedropalomobcn?lang=es\"><strong><span style=\"color: #0066cc;\">@pedropalomobcn<\/span><\/strong><\/a><strong>\u00a0<\/strong>Instagram <a href=\"https:\/\/www.instagram.com\/pedrobcn\/\" target=\"_blank\"><strong>@pedrobcn<\/strong><\/a><\/p>\n<p>Fuente e im\u00e1genes: \u00a9RTVE<\/p>\n","protected":false},"excerpt":{"rendered":"<p>Publicados los votos del p\u00fablico en el eurocasting de RTVE Nito y su tema Luna, habr\u00eda sido el sexto candidato de Objetivo Eurovisi\u00f3n 2017 si la decisi\u00f3n hubiese sido solo&#46;&#46;&#46;<\/p>\n","protected":false},"author":1,"featured_media":3483,"comment_status":"open","ping_status":"open","sticky":false,"template":"","format":"standard","meta":{"_exactmetrics_skip_tracking":false,"_exactmetrics_sitenote_active":false,"_exactmetrics_sitenote_note":"","_exactmetrics_sitenote_category":0,"footnotes":""},"categories":[6,1195,876,4,1188,2,1,3],"tags":[865,870,1213,11,670,866,706,139,1146,20,18,110,23,22],"class_list":["post-3474","post","type-post","status-publish","format-standard","has-post-thumbnail","hentry","category-espana-en-eurovision","category-eurovision-2","category-eurovision-2017","category-eurovision","category-noticia-2","category-noticia","category-sin-categoria","category-ultima-hora","tag-esc-2017","tag-espana-eurovision-2017","tag-eurocasting","tag-eurovision","tag-eurovision-2017","tag-eurovision-song-contest-2017","tag-eurovision-song-contest-festival","tag-objetivo-eurovision","tag-objetivo-eurovision-2017","tag-pedro-palomo-eurovision","tag-rtve","tag-rtve-eurovision","tag-viva-eurovision","tag-vivaeurovision"],"yoast_head":"<!-- This site is optimized with the Yoast SEO plugin v27.5 - https:\/\/yoast.com\/product\/yoast-seo-wordpress\/ -->\n<title>Publicados los votos del p\u00fablico en el eurocasting de RTVE - VIVAEUROVISION viva eurovision<\/title>\n<meta name=\"robots\" content=\"index, follow, max-snippet:-1, max-image-preview:large, max-video-preview:-1\" \/>\n<link rel=\"canonical\" href=\"https:\/\/www.vivaeurovision.com\/index.php\/2017\/01\/14\/3474-votaciones-eurocasting-eurovision\/\" \/>\n<meta property=\"og:locale\" content=\"es_ES\" \/>\n<meta property=\"og:type\" content=\"article\" \/>\n<meta property=\"og:title\" content=\"Publicados los votos del p\u00fablico en el eurocasting de RTVE - VIVAEUROVISION viva eurovision\" \/>\n<meta property=\"og:description\" content=\"Publicados los votos del p\u00fablico en el eurocasting de RTVE Nito y su tema Luna, habr\u00eda sido el sexto candidato de Objetivo Eurovisi\u00f3n 2017 si la decisi\u00f3n hubiese sido solo&#046;&#046;&#046;\" \/>\n<meta property=\"og:url\" content=\"https:\/\/www.vivaeurovision.com\/index.php\/2017\/01\/14\/3474-votaciones-eurocasting-eurovision\/\" \/>\n<meta property=\"og:site_name\" content=\"VIVAEUROVISION viva eurovision\" \/>\n<meta property=\"article:published_time\" content=\"2017-01-14T15:29:20+00:00\" \/>\n<meta property=\"og:image\" content=\"https:\/\/www.vivaeurovision.com\/wp-content\/uploads\/2017\/01\/votodelpublico.png\" \/>\n\t<meta property=\"og:image:width\" content=\"1600\" \/>\n\t<meta property=\"og:image:height\" content=\"900\" \/>\n\t<meta property=\"og:image:type\" content=\"image\/png\" \/>\n<meta name=\"author\" content=\"Pedro Palomo\" \/>\n<meta name=\"twitter:card\" content=\"summary_large_image\" \/>\n<meta name=\"twitter:creator\" content=\"@pedropalomobcn\" \/>\n<meta name=\"twitter:label1\" content=\"Escrito por\" \/>\n\t<meta name=\"twitter:data1\" content=\"Pedro Palomo\" \/>\n\t<meta name=\"twitter:label2\" content=\"Tiempo de lectura\" \/>\n\t<meta name=\"twitter:data2\" content=\"1 minuto\" \/>\n<script type=\"application\/ld+json\" class=\"yoast-schema-graph\">{\"@context\":\"https:\\\/\\\/schema.org\",\"@graph\":[{\"@type\":\"Article\",\"@id\":\"https:\\\/\\\/www.vivaeurovision.com\\\/index.php\\\/2017\\\/01\\\/14\\\/3474-votaciones-eurocasting-eurovision\\\/#article\",\"isPartOf\":{\"@id\":\"https:\\\/\\\/www.vivaeurovision.com\\\/index.php\\\/2017\\\/01\\\/14\\\/3474-votaciones-eurocasting-eurovision\\\/\"},\"author\":{\"name\":\"Pedro Palomo\",\"@id\":\"https:\\\/\\\/www.vivaeurovision.com\\\/#\\\/schema\\\/person\\\/1d31fdaa3f5f7df556f73d164bd3c47a\"},\"headline\":\"Publicados los votos del p\u00fablico en el eurocasting de RTVE\",\"datePublished\":\"2017-01-14T15:29:20+00:00\",\"mainEntityOfPage\":{\"@id\":\"https:\\\/\\\/www.vivaeurovision.com\\\/index.php\\\/2017\\\/01\\\/14\\\/3474-votaciones-eurocasting-eurovision\\\/\"},\"wordCount\":158,\"commentCount\":0,\"publisher\":{\"@id\":\"https:\\\/\\\/www.vivaeurovision.com\\\/#organization\"},\"image\":{\"@id\":\"https:\\\/\\\/www.vivaeurovision.com\\\/index.php\\\/2017\\\/01\\\/14\\\/3474-votaciones-eurocasting-eurovision\\\/#primaryimage\"},\"thumbnailUrl\":\"https:\\\/\\\/www.vivaeurovision.com\\\/wp-content\\\/uploads\\\/2017\\\/01\\\/votodelpublico.png\",\"keywords\":[\"esc 2017\",\"espa\u00f1a eurovision 2017\",\"eurocasting\",\"Eurovision\",\"Eurovision 2017\",\"eurovision song contest 2017\",\"eurovision song contest festival\",\"objetivo eurovision\",\"objetivo Eurovisi\u00f3n 2017\",\"Pedro Palomo Eurovision\",\"RTVE\",\"Rtve EUROVISION\",\"viva eurovision\",\"vivaeurovision\"],\"articleSection\":{\"0\":\"Espa\u00f1a en Eurovisi\u00f3n\",\"1\":\"eurovision\",\"2\":\"Eurovisi\u00f3n 2017\",\"3\":\"Inicio\",\"4\":\"Noticia\",\"5\":\"Noticias\",\"7\":\"Ultima Hora\"},\"inLanguage\":\"es\",\"potentialAction\":[{\"@type\":\"CommentAction\",\"name\":\"Comment\",\"target\":[\"https:\\\/\\\/www.vivaeurovision.com\\\/index.php\\\/2017\\\/01\\\/14\\\/3474-votaciones-eurocasting-eurovision\\\/#respond\"]}]},{\"@type\":\"WebPage\",\"@id\":\"https:\\\/\\\/www.vivaeurovision.com\\\/index.php\\\/2017\\\/01\\\/14\\\/3474-votaciones-eurocasting-eurovision\\\/\",\"url\":\"https:\\\/\\\/www.vivaeurovision.com\\\/index.php\\\/2017\\\/01\\\/14\\\/3474-votaciones-eurocasting-eurovision\\\/\",\"name\":\"Publicados los votos del p\u00fablico en el eurocasting de RTVE - VIVAEUROVISION viva eurovision\",\"isPartOf\":{\"@id\":\"https:\\\/\\\/www.vivaeurovision.com\\\/#website\"},\"primaryImageOfPage\":{\"@id\":\"https:\\\/\\\/www.vivaeurovision.com\\\/index.php\\\/2017\\\/01\\\/14\\\/3474-votaciones-eurocasting-eurovision\\\/#primaryimage\"},\"image\":{\"@id\":\"https:\\\/\\\/www.vivaeurovision.com\\\/index.php\\\/2017\\\/01\\\/14\\\/3474-votaciones-eurocasting-eurovision\\\/#primaryimage\"},\"thumbnailUrl\":\"https:\\\/\\\/www.vivaeurovision.com\\\/wp-content\\\/uploads\\\/2017\\\/01\\\/votodelpublico.png\",\"datePublished\":\"2017-01-14T15:29:20+00:00\",\"breadcrumb\":{\"@id\":\"https:\\\/\\\/www.vivaeurovision.com\\\/index.php\\\/2017\\\/01\\\/14\\\/3474-votaciones-eurocasting-eurovision\\\/#breadcrumb\"},\"inLanguage\":\"es\",\"potentialAction\":[{\"@type\":\"ReadAction\",\"target\":[\"https:\\\/\\\/www.vivaeurovision.com\\\/index.php\\\/2017\\\/01\\\/14\\\/3474-votaciones-eurocasting-eurovision\\\/\"]}]},{\"@type\":\"ImageObject\",\"inLanguage\":\"es\",\"@id\":\"https:\\\/\\\/www.vivaeurovision.com\\\/index.php\\\/2017\\\/01\\\/14\\\/3474-votaciones-eurocasting-eurovision\\\/#primaryimage\",\"url\":\"https:\\\/\\\/www.vivaeurovision.com\\\/wp-content\\\/uploads\\\/2017\\\/01\\\/votodelpublico.png\",\"contentUrl\":\"https:\\\/\\\/www.vivaeurovision.com\\\/wp-content\\\/uploads\\\/2017\\\/01\\\/votodelpublico.png\",\"width\":1600,\"height\":900,\"caption\":\"eurovisi\u00f3n\"},{\"@type\":\"BreadcrumbList\",\"@id\":\"https:\\\/\\\/www.vivaeurovision.com\\\/index.php\\\/2017\\\/01\\\/14\\\/3474-votaciones-eurocasting-eurovision\\\/#breadcrumb\",\"itemListElement\":[{\"@type\":\"ListItem\",\"position\":1,\"name\":\"Portada\",\"item\":\"https:\\\/\\\/www.vivaeurovision.com\\\/\"},{\"@type\":\"ListItem\",\"position\":2,\"name\":\"Publicados los votos del p\u00fablico en el eurocasting de RTVE\"}]},{\"@type\":\"WebSite\",\"@id\":\"https:\\\/\\\/www.vivaeurovision.com\\\/#website\",\"url\":\"https:\\\/\\\/www.vivaeurovision.com\\\/\",\"name\":\"VIVAEUROVISION viva eurovision\",\"description\":\"Tu portal sobre el Festival de Eurovision, eurovision, eurovisi\u00f3n\",\"publisher\":{\"@id\":\"https:\\\/\\\/www.vivaeurovision.com\\\/#organization\"},\"potentialAction\":[{\"@type\":\"SearchAction\",\"target\":{\"@type\":\"EntryPoint\",\"urlTemplate\":\"https:\\\/\\\/www.vivaeurovision.com\\\/?s={search_term_string}\"},\"query-input\":{\"@type\":\"PropertyValueSpecification\",\"valueRequired\":true,\"valueName\":\"search_term_string\"}}],\"inLanguage\":\"es\"},{\"@type\":\"Organization\",\"@id\":\"https:\\\/\\\/www.vivaeurovision.com\\\/#organization\",\"name\":\"vivaeurovision\",\"url\":\"https:\\\/\\\/www.vivaeurovision.com\\\/\",\"logo\":{\"@type\":\"ImageObject\",\"inLanguage\":\"es\",\"@id\":\"https:\\\/\\\/www.vivaeurovision.com\\\/#\\\/schema\\\/logo\\\/image\\\/\",\"url\":\"https:\\\/\\\/www.vivaeurovision.com\\\/wp-content\\\/uploads\\\/2016\\\/01\\\/cropped-image-21-1.jpeg\",\"contentUrl\":\"https:\\\/\\\/www.vivaeurovision.com\\\/wp-content\\\/uploads\\\/2016\\\/01\\\/cropped-image-21-1.jpeg\",\"width\":669,\"height\":368,\"caption\":\"vivaeurovision\"},\"image\":{\"@id\":\"https:\\\/\\\/www.vivaeurovision.com\\\/#\\\/schema\\\/logo\\\/image\\\/\"}},{\"@type\":\"Person\",\"@id\":\"https:\\\/\\\/www.vivaeurovision.com\\\/#\\\/schema\\\/person\\\/1d31fdaa3f5f7df556f73d164bd3c47a\",\"name\":\"Pedro Palomo\",\"image\":{\"@type\":\"ImageObject\",\"inLanguage\":\"es\",\"@id\":\"https:\\\/\\\/secure.gravatar.com\\\/avatar\\\/4cf9a4877f5f71f44fb7cedbe1bac1bd28bd8ce7a217517d98d5b2117f9f5505?s=96&d=mm&r=g\",\"url\":\"https:\\\/\\\/secure.gravatar.com\\\/avatar\\\/4cf9a4877f5f71f44fb7cedbe1bac1bd28bd8ce7a217517d98d5b2117f9f5505?s=96&d=mm&r=g\",\"contentUrl\":\"https:\\\/\\\/secure.gravatar.com\\\/avatar\\\/4cf9a4877f5f71f44fb7cedbe1bac1bd28bd8ce7a217517d98d5b2117f9f5505?s=96&d=mm&r=g\",\"caption\":\"Pedro Palomo\"},\"sameAs\":[\"http:\\\/\\\/www.vivaeurovision.com\",\"@pedrobcn\",\"https:\\\/\\\/x.com\\\/@pedropalomobcn\"]}]}<\/script>\n<!-- \/ Yoast SEO plugin. -->","yoast_head_json":{"title":"Publicados los votos del p\u00fablico en el eurocasting de RTVE - VIVAEUROVISION viva eurovision","robots":{"index":"index","follow":"follow","max-snippet":"max-snippet:-1","max-image-preview":"max-image-preview:large","max-video-preview":"max-video-preview:-1"},"canonical":"https:\/\/www.vivaeurovision.com\/index.php\/2017\/01\/14\/3474-votaciones-eurocasting-eurovision\/","og_locale":"es_ES","og_type":"article","og_title":"Publicados los votos del p\u00fablico en el eurocasting de RTVE - VIVAEUROVISION viva eurovision","og_description":"Publicados los votos del p\u00fablico en el eurocasting de RTVE Nito y su tema Luna, habr\u00eda sido el sexto candidato de Objetivo Eurovisi\u00f3n 2017 si la decisi\u00f3n hubiese sido solo&#46;&#46;&#46;","og_url":"https:\/\/www.vivaeurovision.com\/index.php\/2017\/01\/14\/3474-votaciones-eurocasting-eurovision\/","og_site_name":"VIVAEUROVISION viva eurovision","article_published_time":"2017-01-14T15:29:20+00:00","og_image":[{"width":1600,"height":900,"url":"https:\/\/www.vivaeurovision.com\/wp-content\/uploads\/2017\/01\/votodelpublico.png","type":"image\/png"}],"author":"Pedro Palomo","twitter_card":"summary_large_image","twitter_creator":"@pedropalomobcn","twitter_misc":{"Escrito por":"Pedro Palomo","Tiempo de lectura":"1 minuto"},"schema":{"@context":"https:\/\/schema.org","@graph":[{"@type":"Article","@id":"https:\/\/www.vivaeurovision.com\/index.php\/2017\/01\/14\/3474-votaciones-eurocasting-eurovision\/#article","isPartOf":{"@id":"https:\/\/www.vivaeurovision.com\/index.php\/2017\/01\/14\/3474-votaciones-eurocasting-eurovision\/"},"author":{"name":"Pedro Palomo","@id":"https:\/\/www.vivaeurovision.com\/#\/schema\/person\/1d31fdaa3f5f7df556f73d164bd3c47a"},"headline":"Publicados los votos del p\u00fablico en el eurocasting de RTVE","datePublished":"2017-01-14T15:29:20+00:00","mainEntityOfPage":{"@id":"https:\/\/www.vivaeurovision.com\/index.php\/2017\/01\/14\/3474-votaciones-eurocasting-eurovision\/"},"wordCount":158,"commentCount":0,"publisher":{"@id":"https:\/\/www.vivaeurovision.com\/#organization"},"image":{"@id":"https:\/\/www.vivaeurovision.com\/index.php\/2017\/01\/14\/3474-votaciones-eurocasting-eurovision\/#primaryimage"},"thumbnailUrl":"https:\/\/www.vivaeurovision.com\/wp-content\/uploads\/2017\/01\/votodelpublico.png","keywords":["esc 2017","espa\u00f1a eurovision 2017","eurocasting","Eurovision","Eurovision 2017","eurovision song contest 2017","eurovision song contest festival","objetivo eurovision","objetivo Eurovisi\u00f3n 2017","Pedro Palomo Eurovision","RTVE","Rtve EUROVISION","viva eurovision","vivaeurovision"],"articleSection":{"0":"Espa\u00f1a en Eurovisi\u00f3n","1":"eurovision","2":"Eurovisi\u00f3n 2017","3":"Inicio","4":"Noticia","5":"Noticias","7":"Ultima Hora"},"inLanguage":"es","potentialAction":[{"@type":"CommentAction","name":"Comment","target":["https:\/\/www.vivaeurovision.com\/index.php\/2017\/01\/14\/3474-votaciones-eurocasting-eurovision\/#respond"]}]},{"@type":"WebPage","@id":"https:\/\/www.vivaeurovision.com\/index.php\/2017\/01\/14\/3474-votaciones-eurocasting-eurovision\/","url":"https:\/\/www.vivaeurovision.com\/index.php\/2017\/01\/14\/3474-votaciones-eurocasting-eurovision\/","name":"Publicados los votos del p\u00fablico en el eurocasting de RTVE - VIVAEUROVISION viva eurovision","isPartOf":{"@id":"https:\/\/www.vivaeurovision.com\/#website"},"primaryImageOfPage":{"@id":"https:\/\/www.vivaeurovision.com\/index.php\/2017\/01\/14\/3474-votaciones-eurocasting-eurovision\/#primaryimage"},"image":{"@id":"https:\/\/www.vivaeurovision.com\/index.php\/2017\/01\/14\/3474-votaciones-eurocasting-eurovision\/#primaryimage"},"thumbnailUrl":"https:\/\/www.vivaeurovision.com\/wp-content\/uploads\/2017\/01\/votodelpublico.png","datePublished":"2017-01-14T15:29:20+00:00","breadcrumb":{"@id":"https:\/\/www.vivaeurovision.com\/index.php\/2017\/01\/14\/3474-votaciones-eurocasting-eurovision\/#breadcrumb"},"inLanguage":"es","potentialAction":[{"@type":"ReadAction","target":["https:\/\/www.vivaeurovision.com\/index.php\/2017\/01\/14\/3474-votaciones-eurocasting-eurovision\/"]}]},{"@type":"ImageObject","inLanguage":"es","@id":"https:\/\/www.vivaeurovision.com\/index.php\/2017\/01\/14\/3474-votaciones-eurocasting-eurovision\/#primaryimage","url":"https:\/\/www.vivaeurovision.com\/wp-content\/uploads\/2017\/01\/votodelpublico.png","contentUrl":"https:\/\/www.vivaeurovision.com\/wp-content\/uploads\/2017\/01\/votodelpublico.png","width":1600,"height":900,"caption":"eurovisi\u00f3n"},{"@type":"BreadcrumbList","@id":"https:\/\/www.vivaeurovision.com\/index.php\/2017\/01\/14\/3474-votaciones-eurocasting-eurovision\/#breadcrumb","itemListElement":[{"@type":"ListItem","position":1,"name":"Portada","item":"https:\/\/www.vivaeurovision.com\/"},{"@type":"ListItem","position":2,"name":"Publicados los votos del p\u00fablico en el eurocasting de RTVE"}]},{"@type":"WebSite","@id":"https:\/\/www.vivaeurovision.com\/#website","url":"https:\/\/www.vivaeurovision.com\/","name":"VIVAEUROVISION viva eurovision","description":"Tu portal sobre el Festival de Eurovision, eurovision, eurovisi\u00f3n","publisher":{"@id":"https:\/\/www.vivaeurovision.com\/#organization"},"potentialAction":[{"@type":"SearchAction","target":{"@type":"EntryPoint","urlTemplate":"https:\/\/www.vivaeurovision.com\/?s={search_term_string}"},"query-input":{"@type":"PropertyValueSpecification","valueRequired":true,"valueName":"search_term_string"}}],"inLanguage":"es"},{"@type":"Organization","@id":"https:\/\/www.vivaeurovision.com\/#organization","name":"vivaeurovision","url":"https:\/\/www.vivaeurovision.com\/","logo":{"@type":"ImageObject","inLanguage":"es","@id":"https:\/\/www.vivaeurovision.com\/#\/schema\/logo\/image\/","url":"https:\/\/www.vivaeurovision.com\/wp-content\/uploads\/2016\/01\/cropped-image-21-1.jpeg","contentUrl":"https:\/\/www.vivaeurovision.com\/wp-content\/uploads\/2016\/01\/cropped-image-21-1.jpeg","width":669,"height":368,"caption":"vivaeurovision"},"image":{"@id":"https:\/\/www.vivaeurovision.com\/#\/schema\/logo\/image\/"}},{"@type":"Person","@id":"https:\/\/www.vivaeurovision.com\/#\/schema\/person\/1d31fdaa3f5f7df556f73d164bd3c47a","name":"Pedro Palomo","image":{"@type":"ImageObject","inLanguage":"es","@id":"https:\/\/secure.gravatar.com\/avatar\/4cf9a4877f5f71f44fb7cedbe1bac1bd28bd8ce7a217517d98d5b2117f9f5505?s=96&d=mm&r=g","url":"https:\/\/secure.gravatar.com\/avatar\/4cf9a4877f5f71f44fb7cedbe1bac1bd28bd8ce7a217517d98d5b2117f9f5505?s=96&d=mm&r=g","contentUrl":"https:\/\/secure.gravatar.com\/avatar\/4cf9a4877f5f71f44fb7cedbe1bac1bd28bd8ce7a217517d98d5b2117f9f5505?s=96&d=mm&r=g","caption":"Pedro Palomo"},"sameAs":["http:\/\/www.vivaeurovision.com","@pedrobcn","https:\/\/x.com\/@pedropalomobcn"]}]}},"_links":{"self":[{"href":"https:\/\/www.vivaeurovision.com\/index.php\/wp-json\/wp\/v2\/posts\/3474","targetHints":{"allow":["GET"]}}],"collection":[{"href":"https:\/\/www.vivaeurovision.com\/index.php\/wp-json\/wp\/v2\/posts"}],"about":[{"href":"https:\/\/www.vivaeurovision.com\/index.php\/wp-json\/wp\/v2\/types\/post"}],"author":[{"embeddable":true,"href":"https:\/\/www.vivaeurovision.com\/index.php\/wp-json\/wp\/v2\/users\/1"}],"replies":[{"embeddable":true,"href":"https:\/\/www.vivaeurovision.com\/index.php\/wp-json\/wp\/v2\/comments?post=3474"}],"version-history":[{"count":0,"href":"https:\/\/www.vivaeurovision.com\/index.php\/wp-json\/wp\/v2\/posts\/3474\/revisions"}],"wp:featuredmedia":[{"embeddable":true,"href":"https:\/\/www.vivaeurovision.com\/index.php\/wp-json\/wp\/v2\/media\/3483"}],"wp:attachment":[{"href":"https:\/\/www.vivaeurovision.com\/index.php\/wp-json\/wp\/v2\/media?parent=3474"}],"wp:term":[{"taxonomy":"category","embeddable":true,"href":"https:\/\/www.vivaeurovision.com\/index.php\/wp-json\/wp\/v2\/categories?post=3474"},{"taxonomy":"post_tag","embeddable":true,"href":"https:\/\/www.vivaeurovision.com\/index.php\/wp-json\/wp\/v2\/tags?post=3474"}],"curies":[{"name":"wp","href":"https:\/\/api.w.org\/{rel}","templated":true}]}}