{"id":3476,"date":"2017-01-15T13:17:43","date_gmt":"2017-01-15T13:17:43","guid":{"rendered":"http:\/\/www.vivaeurovision.com\/?p=3476"},"modified":"2017-01-15T18:13:52","modified_gmt":"2017-01-15T18:13:52","slug":"3476-objetivo-eurovision","status":"publish","type":"post","link":"https:\/\/www.vivaeurovision.com\/index.php\/2017\/01\/15\/3476-objetivo-eurovision\/","title":{"rendered":"Escucha \u00edntegras las 6 canciones de Objetivo Eurovisi\u00f3n 2017"},"content":{"rendered":"<p>&nbsp;<\/p>\n<h2>Escucha \u00edntegras las 6 canciones de Objetivo Eurovisi\u00f3n 2017<\/h2>\n<p><img loading=\"lazy\" decoding=\"async\" class=\"alignnone size-medium wp-image-3455\" src=\"http:\/\/www.vivaeurovision.com\/wp-content\/uploads\/2017\/01\/untitled-1-300x164.png\" alt=\"eurovision\" width=\"300\" height=\"164\" srcset=\"https:\/\/www.vivaeurovision.com\/wp-content\/uploads\/2017\/01\/untitled-1-300x164.png 300w, https:\/\/www.vivaeurovision.com\/wp-content\/uploads\/2017\/01\/untitled-1-700x383.png 700w, https:\/\/www.vivaeurovision.com\/wp-content\/uploads\/2017\/01\/untitled-1-555x305.png 555w\" sizes=\"auto, (max-width: 300px) 100vw, 300px\" \/><\/p>\n<p>Esta ma\u00f1ana RTVE ha presentado los temas que competir\u00e1n en la gran final nacional Objetivo Eurovisi\u00f3n. Algunos hab\u00edan publicado ya sus temas y RTVE ha decidido presentarlos de forma integra los 6 temas candidatos a representar a Espa\u00f1a en el Festival de Eurovisi\u00f3n 2017.<\/p>\n<p>Escucha las canciones en este enlace<\/p>\n<p><a href=\"http:\/\/www.rtve.es\/television\/20170115\/ya-puedes-escuchar-canciones-candidatos-objetivo-eurovision\/1473143.shtml\" target=\"_blank\">RTVE EUROVISION<\/a><\/p>\n<p>&nbsp;<\/p>\n<p><img loading=\"lazy\" decoding=\"async\" class=\"alignnone size-medium wp-image-3487\" src=\"http:\/\/www.vivaeurovision.com\/wp-content\/uploads\/2017\/01\/Maika-300x200.jpg\" alt=\"eurovision\" width=\"300\" height=\"200\" srcset=\"https:\/\/www.vivaeurovision.com\/wp-content\/uploads\/2017\/01\/Maika-300x200.jpg 300w, https:\/\/www.vivaeurovision.com\/wp-content\/uploads\/2017\/01\/Maika-700x467.jpg 700w\" sizes=\"auto, (max-width: 300px) 100vw, 300px\" \/><\/p>\n<p>El rock llega\u00a0de la mano de<strong> Maika<\/strong> y su canci\u00f3n <strong>\u00abMomento Cr\u00edtico\u00bb<\/strong> de\u00a0<strong>J.J. Santana y Rafael Artesero.<\/strong><\/p>\n<p><strong><a href=\"http:\/\/rtve.es\/a\/3866906\" target=\"_blank\">Esc\u00fachalo aqu\u00ed<\/a><\/strong><\/p>\n<p><img loading=\"lazy\" decoding=\"async\" class=\"alignnone size-medium wp-image-3488\" src=\"http:\/\/www.vivaeurovision.com\/wp-content\/uploads\/2017\/01\/ManelNavarro-223x300.jpg\" alt=\"eurovision\" width=\"223\" height=\"300\" srcset=\"https:\/\/www.vivaeurovision.com\/wp-content\/uploads\/2017\/01\/ManelNavarro-223x300.jpg 223w, https:\/\/www.vivaeurovision.com\/wp-content\/uploads\/2017\/01\/ManelNavarro-700x942.jpg 700w\" sizes=\"auto, (max-width: 223px) 100vw, 223px\" \/><\/p>\n<p><strong>Manel Navarro<\/strong>\u00a0\u00a0participa\u00a0con el tema pop compuesto por \u00e9l mismo:\u00a0<strong>\u2018Do it for your lover\u2019<\/strong><\/p>\n<p><strong><a href=\"http:\/\/rtve.es\/a\/3866905\" target=\"_blank\">Esc\u00fachalo aqu\u00ed<\/a><\/strong><\/p>\n<p><img loading=\"lazy\" decoding=\"async\" class=\"alignnone size-medium wp-image-3489\" src=\"http:\/\/www.vivaeurovision.com\/wp-content\/uploads\/2017\/01\/MarioJefferson-273x300.jpg\" alt=\"eurovision\" width=\"273\" height=\"300\" srcset=\"https:\/\/www.vivaeurovision.com\/wp-content\/uploads\/2017\/01\/MarioJefferson-273x300.jpg 273w, https:\/\/www.vivaeurovision.com\/wp-content\/uploads\/2017\/01\/MarioJefferson-700x769.jpg 700w, https:\/\/www.vivaeurovision.com\/wp-content\/uploads\/2017\/01\/MarioJefferson.jpg 932w\" sizes=\"auto, (max-width: 273px) 100vw, 273px\" \/><\/p>\n<p><strong>Mario Jefferson<\/strong>\u00a0presenta<strong> el tema pop \u2018Spin my head\u2019, de Chris Whale<\/strong>. Mitad espa\u00f1ol, mitad ingl\u00e9s.<\/p>\n<p><strong><a href=\"http:\/\/rtve.es\/a\/3866925\" target=\"_blank\">Esc\u00fachalo aqu\u00ed<\/a><\/strong><\/p>\n<p><img loading=\"lazy\" decoding=\"async\" class=\"alignnone size-medium wp-image-3490\" src=\"http:\/\/www.vivaeurovision.com\/wp-content\/uploads\/2017\/01\/Mirela-300x200.jpg\" alt=\"eurovision\" width=\"300\" height=\"200\" srcset=\"https:\/\/www.vivaeurovision.com\/wp-content\/uploads\/2017\/01\/Mirela-300x200.jpg 300w, https:\/\/www.vivaeurovision.com\/wp-content\/uploads\/2017\/01\/Mirela-700x466.jpg 700w, https:\/\/www.vivaeurovision.com\/wp-content\/uploads\/2017\/01\/Mirela.jpg 1600w\" sizes=\"auto, (max-width: 300px) 100vw, 300px\" \/><\/p>\n<p><strong>Mirela<\/strong> se presenta a Objetivo Eurovisi\u00f3n 2017, con tema <strong>pop latino compuesto por Tony S\u00e1nchez-Ohlsson, Isaac Luke y Ander P\u00e9rez.<\/strong><\/p>\n<p><strong><a href=\"http:\/\/rtve.es\/a\/3867580\" target=\"_blank\">Esc\u00fachalo aqu\u00ed<\/a><\/strong><\/p>\n<p><img loading=\"lazy\" decoding=\"async\" class=\"alignnone size-medium wp-image-3491\" src=\"http:\/\/www.vivaeurovision.com\/wp-content\/uploads\/2017\/01\/PaulaRojo-300x200.jpg\" alt=\"eurovision\" width=\"300\" height=\"200\" srcset=\"https:\/\/www.vivaeurovision.com\/wp-content\/uploads\/2017\/01\/PaulaRojo-300x200.jpg 300w, https:\/\/www.vivaeurovision.com\/wp-content\/uploads\/2017\/01\/PaulaRojo-700x467.jpg 700w, https:\/\/www.vivaeurovision.com\/wp-content\/uploads\/2017\/01\/PaulaRojo.jpg 1200w\" sizes=\"auto, (max-width: 300px) 100vw, 300px\" \/><\/p>\n<p><strong>Paula Rojo<\/strong> presenta <strong>\u00abLo que Nunca fue\u00bb <\/strong>una canci\u00f3n de\u00a0country pop\u00a0compuesta por ella junto<strong> a \u00c1lvaro B\u00e1rcena<\/strong><\/p>\n<p><strong><a href=\"http:\/\/rtve.es\/a\/3866957\" target=\"_blank\">Esc\u00fachalo aqu\u00ed<\/a><\/strong><\/p>\n<p><img loading=\"lazy\" decoding=\"async\" class=\"size-medium wp-image-3439\" src=\"http:\/\/www.vivaeurovision.com\/wp-content\/uploads\/2017\/01\/Archivo-10-1-17-20-47-26-199x300.png\" alt=\"eurovision\" width=\"199\" height=\"300\" srcset=\"https:\/\/www.vivaeurovision.com\/wp-content\/uploads\/2017\/01\/Archivo-10-1-17-20-47-26-199x300.png 199w, https:\/\/www.vivaeurovision.com\/wp-content\/uploads\/2017\/01\/Archivo-10-1-17-20-47-26.png 644w\" sizes=\"auto, (max-width: 199px) 100vw, 199px\" \/><\/p>\n<p class=\"wp-caption-dd\"><strong>LeKlein <\/strong>ganadora del eurocasting online presenta un tema,\u00a0pop electr\u00f3nico latino\u00a0en cuya composici\u00f3n ha participado junto a\u00a0<strong>David Ascanio, Albert Neve y Abel Ramos<\/strong><\/p>\n<div style=\"width: 100%; padding-top: 64%; position: relative; border-bottom: 1px solid #aaa; display: inline-block; background: rgba(255,255,255,0.9);\">\n<p><iframe loading=\"lazy\" style=\"left: 0px; top: 0px; width: 100%; height: 90%; overflow: hidden; position: absolute;\" src=\"http:\/\/www.rtve.es\/drmn\/embed\/video\/3827501\" name=\"LeKlein canta \" width=\"300\" height=\"150\" frameborder=\"0\" scrolling=\"no\"><\/iframe><\/p>\n<div style=\"position: absolute; bottom: 0; left: 0; font-family: arial,helvetica,sans-serif; font-size: 12px; line-height: 1.833; display: inline-block; padding: 5px 0 5px 10px;\"><span style=\"float: left; margin-right: 10px;\"><img decoding=\"async\" style=\"height: 20px; width: auto; background: transparent; padding: 0; margin: 0;\" src=\"http:\/\/img.irtve.es\/css\/rtve.commons\/rtve.header.footer\/i\/logoRTVEes.png\" \/><\/span> <a style=\"color: #333; font-weight: bold;\" title=\"LeKlein canta \" href=\"http:\/\/www.rtve.es\/alacarta\/videos\/eurovision-2017\/leklein-canta-ouch\/3827501\/\"><strong>LeKlein canta \u00abOuch!!\u00bb<\/strong><\/a><\/div>\n<\/div>\n<p>La gran final se celebrar el pr\u00f3ximo mes de febrero en La1, vivaeurovision os mantendr\u00e1 informados de todos.<\/p>\n<p>Esperamos vuestras opiniones. Variedad y diferentes estilos pero tan solo una canci\u00f3n ser\u00e1 la que nos represente en el pr\u00f3ximo festival de eurovisi\u00f3n que se celebra en Kiev el pr\u00f3ximo mes de mayo.<\/p>\n<p>&nbsp;<\/p>\n<p>&nbsp;<\/p>\n<p><img loading=\"lazy\" decoding=\"async\" class=\"alignnone size-medium wp-image-311\" src=\"http:\/\/www.vivaeurovision.com\/wp-content\/uploads\/2016\/01\/image-21-300x165.jpeg\" alt=\"VIVAEUROVISION.COM\" width=\"300\" height=\"165\" srcset=\"https:\/\/www.vivaeurovision.com\/wp-content\/uploads\/2016\/01\/image-21-300x165.jpeg 300w, https:\/\/www.vivaeurovision.com\/wp-content\/uploads\/2016\/01\/image-21-555x305.jpeg 555w, https:\/\/www.vivaeurovision.com\/wp-content\/uploads\/2016\/01\/image-21.jpeg 669w\" sizes=\"auto, (max-width: 300px) 100vw, 300px\" \/><\/p>\n<p>Twitter\u00a0<strong> <a href=\"https:\/\/twitter.com\/viva_eurovision\" target=\"_blank\"><span style=\"color: #0066cc;\">@viva_eurovision<\/span><\/a>\u00a0 <a href=\"https:\/\/www.facebook.com\/Vivaeurovisioncom-867806686671081\/?fref=nf\" target=\"_blank\"><span style=\"color: #0066cc;\">FACEBOOK OFICIAL VIVA EUROVISION <\/span><\/a><\/strong>Instragram <strong>\u00a0<\/strong><a href=\"https:\/\/www.instagram.com\/vivaeurovision\/\" target=\"_blank\"><strong>@vivaeurovision<\/strong><\/a><\/p>\n<p>Redactor: Pedro Palomo <a href=\"https:\/\/twitter.com\/pedropalomobcn?lang=es\"><strong><span style=\"color: #0066cc;\">@pedropalomobcn<\/span><\/strong><\/a><strong>\u00a0<\/strong>Instagram <a href=\"https:\/\/www.instagram.com\/pedrobcn\/\" target=\"_blank\"><strong>@pedrobcn<\/strong><\/a><\/p>\n<p>&nbsp;<\/p>\n","protected":false},"excerpt":{"rendered":"<p>&nbsp; Escucha \u00edntegras las 6 canciones de Objetivo Eurovisi\u00f3n 2017 Esta ma\u00f1ana RTVE ha presentado los temas que competir\u00e1n en la gran final nacional Objetivo Eurovisi\u00f3n. Algunos hab\u00edan publicado ya&#46;&#46;&#46;<\/p>\n","protected":false},"author":1,"featured_media":3460,"comment_status":"open","ping_status":"open","sticky":false,"template":"","format":"standard","meta":{"_exactmetrics_skip_tracking":false,"_exactmetrics_sitenote_active":false,"_exactmetrics_sitenote_note":"","_exactmetrics_sitenote_category":0,"footnotes":""},"categories":[6,1195,876,4,1188,2,3],"tags":[17,865,870,11,670,1476,869,1023,1344,1348,1347,1458,1454,1459,1466,1472,1463,1464,1473,902,918,1460,1228,34,1475,139,1461,1474,1462,19,20,766,22],"class_list":["post-3476","post","type-post","status-publish","format-standard","has-post-thumbnail","hentry","category-espana-en-eurovision","category-eurovision-2","category-eurovision-2017","category-eurovision","category-noticia-2","category-noticia","category-ultima-hora","tag-esc","tag-esc-2017","tag-espana-eurovision-2017","tag-eurovision","tag-eurovision-2017","tag-eurovision-song-contest","tag-eurovision-spain-2017","tag-kiev-2017","tag-leklein","tag-leklein-eurovision","tag-leklein-objetivo-eurovision","tag-maika","tag-maika-barbero","tag-maika-objetivo-eurovision","tag-manel-navarro","tag-manel-navarro-eurovision","tag-manel-navarro-objetivo-eurovision","tag-mario-jefferson","tag-mario-jefferson-eurovision","tag-mirela","tag-mirela-eurovision","tag-mirela-objetivo-eurovision","tag-musica","tag-noticia","tag-objetivo-eurovisio-2017","tag-objetivo-eurovision","tag-paula-rojo","tag-paula-rojo-eurovision","tag-paula-rojo-objetivo-eurovision","tag-pedro-palomo","tag-pedro-palomo-eurovision","tag-pedro-palomo-vivaeurovision","tag-vivaeurovision"],"yoast_head":"<!-- This site is optimized with the Yoast SEO plugin v27.5 - https:\/\/yoast.com\/product\/yoast-seo-wordpress\/ -->\n<title>Escucha \u00edntegras las 6 canciones de Objetivo Eurovisi\u00f3n 2017 - VIVAEUROVISION viva eurovision<\/title>\n<meta name=\"description\" content=\"objetivo eurovisi\u00f3n, objetivo eurovisi\u00f3n 2017, festival de eurovisi\u00f3n, vivaeurovision, eurovisi\u00f3n 2017, eurovision song contest\" \/>\n<meta name=\"robots\" content=\"index, follow, max-snippet:-1, max-image-preview:large, max-video-preview:-1\" \/>\n<link rel=\"canonical\" href=\"https:\/\/www.vivaeurovision.com\/index.php\/2017\/01\/15\/3476-objetivo-eurovision\/\" \/>\n<meta property=\"og:locale\" content=\"es_ES\" \/>\n<meta property=\"og:type\" content=\"article\" \/>\n<meta property=\"og:title\" content=\"Escucha \u00edntegras las 6 canciones de Objetivo Eurovisi\u00f3n 2017 - VIVAEUROVISION viva eurovision\" \/>\n<meta property=\"og:description\" content=\"objetivo eurovisi\u00f3n, objetivo eurovisi\u00f3n 2017, festival de eurovisi\u00f3n, vivaeurovision, eurovisi\u00f3n 2017, eurovision song contest\" \/>\n<meta property=\"og:url\" content=\"https:\/\/www.vivaeurovision.com\/index.php\/2017\/01\/15\/3476-objetivo-eurovision\/\" \/>\n<meta property=\"og:site_name\" content=\"VIVAEUROVISION viva eurovision\" \/>\n<meta property=\"article:published_time\" content=\"2017-01-15T13:17:43+00:00\" \/>\n<meta property=\"article:modified_time\" content=\"2017-01-15T18:13:52+00:00\" \/>\n<meta property=\"og:image\" content=\"https:\/\/www.vivaeurovision.com\/wp-content\/uploads\/2017\/01\/Sin-t\u00edtulo-1-1-e1484277159855.jpg\" \/>\n\t<meta property=\"og:image:width\" content=\"1890\" \/>\n\t<meta property=\"og:image:height\" content=\"1195\" \/>\n\t<meta property=\"og:image:type\" content=\"image\/jpeg\" \/>\n<meta name=\"author\" content=\"Pedro Palomo\" \/>\n<meta name=\"twitter:card\" content=\"summary_large_image\" \/>\n<meta name=\"twitter:creator\" content=\"@pedropalomobcn\" \/>\n<meta name=\"twitter:label1\" content=\"Escrito por\" \/>\n\t<meta name=\"twitter:data1\" content=\"Pedro Palomo\" \/>\n\t<meta name=\"twitter:label2\" content=\"Tiempo de lectura\" \/>\n\t<meta name=\"twitter:data2\" content=\"1 minuto\" \/>\n<script type=\"application\/ld+json\" class=\"yoast-schema-graph\">{\"@context\":\"https:\\\/\\\/schema.org\",\"@graph\":[{\"@type\":\"Article\",\"@id\":\"https:\\\/\\\/www.vivaeurovision.com\\\/index.php\\\/2017\\\/01\\\/15\\\/3476-objetivo-eurovision\\\/#article\",\"isPartOf\":{\"@id\":\"https:\\\/\\\/www.vivaeurovision.com\\\/index.php\\\/2017\\\/01\\\/15\\\/3476-objetivo-eurovision\\\/\"},\"author\":{\"name\":\"Pedro Palomo\",\"@id\":\"https:\\\/\\\/www.vivaeurovision.com\\\/#\\\/schema\\\/person\\\/1d31fdaa3f5f7df556f73d164bd3c47a\"},\"headline\":\"Escucha \u00edntegras las 6 canciones de Objetivo Eurovisi\u00f3n 2017\",\"datePublished\":\"2017-01-15T13:17:43+00:00\",\"dateModified\":\"2017-01-15T18:13:52+00:00\",\"mainEntityOfPage\":{\"@id\":\"https:\\\/\\\/www.vivaeurovision.com\\\/index.php\\\/2017\\\/01\\\/15\\\/3476-objetivo-eurovision\\\/\"},\"wordCount\":292,\"commentCount\":1,\"publisher\":{\"@id\":\"https:\\\/\\\/www.vivaeurovision.com\\\/#organization\"},\"image\":{\"@id\":\"https:\\\/\\\/www.vivaeurovision.com\\\/index.php\\\/2017\\\/01\\\/15\\\/3476-objetivo-eurovision\\\/#primaryimage\"},\"thumbnailUrl\":\"https:\\\/\\\/www.vivaeurovision.com\\\/wp-content\\\/uploads\\\/2017\\\/01\\\/Sin-t\u00edtulo-1-1-e1484277159855.jpg\",\"keywords\":[\"ESC\",\"esc 2017\",\"espa\u00f1a eurovision 2017\",\"Eurovision\",\"Eurovision 2017\",\"eurovision song contest\",\"eurovision spain 2017\",\"kiev 2017\",\"LeKlein\",\"LeKlein eurovision\",\"LeKlein objetivo Eurovision\",\"maika\",\"maika barbero\",\"maika objetivo eurovision\",\"manel navarro\",\"manel navarro eurovision\",\"manel navarro objetivo eurovision\",\"mario jefferson\",\"mario jefferson eurovision\",\"MIRELA\",\"mirela eurovision\",\"mirela objetivo eurovision\",\"m\u00fasica\",\"Noticia\",\"objetivo eurovisio 2017\",\"objetivo eurovision\",\"paula rojo\",\"paula rojo eurovision\",\"paula rojo objetivo eurovision\",\"Pedro Palomo\",\"Pedro Palomo Eurovision\",\"Pedro Palomo Vivaeurovision\",\"vivaeurovision\"],\"articleSection\":[\"Espa\u00f1a en Eurovisi\u00f3n\",\"eurovision\",\"Eurovisi\u00f3n 2017\",\"Inicio\",\"Noticia\",\"Noticias\",\"Ultima Hora\"],\"inLanguage\":\"es\",\"potentialAction\":[{\"@type\":\"CommentAction\",\"name\":\"Comment\",\"target\":[\"https:\\\/\\\/www.vivaeurovision.com\\\/index.php\\\/2017\\\/01\\\/15\\\/3476-objetivo-eurovision\\\/#respond\"]}]},{\"@type\":\"WebPage\",\"@id\":\"https:\\\/\\\/www.vivaeurovision.com\\\/index.php\\\/2017\\\/01\\\/15\\\/3476-objetivo-eurovision\\\/\",\"url\":\"https:\\\/\\\/www.vivaeurovision.com\\\/index.php\\\/2017\\\/01\\\/15\\\/3476-objetivo-eurovision\\\/\",\"name\":\"Escucha \u00edntegras las 6 canciones de Objetivo Eurovisi\u00f3n 2017 - VIVAEUROVISION viva eurovision\",\"isPartOf\":{\"@id\":\"https:\\\/\\\/www.vivaeurovision.com\\\/#website\"},\"primaryImageOfPage\":{\"@id\":\"https:\\\/\\\/www.vivaeurovision.com\\\/index.php\\\/2017\\\/01\\\/15\\\/3476-objetivo-eurovision\\\/#primaryimage\"},\"image\":{\"@id\":\"https:\\\/\\\/www.vivaeurovision.com\\\/index.php\\\/2017\\\/01\\\/15\\\/3476-objetivo-eurovision\\\/#primaryimage\"},\"thumbnailUrl\":\"https:\\\/\\\/www.vivaeurovision.com\\\/wp-content\\\/uploads\\\/2017\\\/01\\\/Sin-t\u00edtulo-1-1-e1484277159855.jpg\",\"datePublished\":\"2017-01-15T13:17:43+00:00\",\"dateModified\":\"2017-01-15T18:13:52+00:00\",\"description\":\"objetivo eurovisi\u00f3n, objetivo eurovisi\u00f3n 2017, festival de eurovisi\u00f3n, vivaeurovision, eurovisi\u00f3n 2017, eurovision song contest\",\"breadcrumb\":{\"@id\":\"https:\\\/\\\/www.vivaeurovision.com\\\/index.php\\\/2017\\\/01\\\/15\\\/3476-objetivo-eurovision\\\/#breadcrumb\"},\"inLanguage\":\"es\",\"potentialAction\":[{\"@type\":\"ReadAction\",\"target\":[\"https:\\\/\\\/www.vivaeurovision.com\\\/index.php\\\/2017\\\/01\\\/15\\\/3476-objetivo-eurovision\\\/\"]}]},{\"@type\":\"ImageObject\",\"inLanguage\":\"es\",\"@id\":\"https:\\\/\\\/www.vivaeurovision.com\\\/index.php\\\/2017\\\/01\\\/15\\\/3476-objetivo-eurovision\\\/#primaryimage\",\"url\":\"https:\\\/\\\/www.vivaeurovision.com\\\/wp-content\\\/uploads\\\/2017\\\/01\\\/Sin-t\u00edtulo-1-1-e1484277159855.jpg\",\"contentUrl\":\"https:\\\/\\\/www.vivaeurovision.com\\\/wp-content\\\/uploads\\\/2017\\\/01\\\/Sin-t\u00edtulo-1-1-e1484277159855.jpg\",\"width\":1890,\"height\":1195,\"caption\":\"vivaeurovision\"},{\"@type\":\"BreadcrumbList\",\"@id\":\"https:\\\/\\\/www.vivaeurovision.com\\\/index.php\\\/2017\\\/01\\\/15\\\/3476-objetivo-eurovision\\\/#breadcrumb\",\"itemListElement\":[{\"@type\":\"ListItem\",\"position\":1,\"name\":\"Portada\",\"item\":\"https:\\\/\\\/www.vivaeurovision.com\\\/\"},{\"@type\":\"ListItem\",\"position\":2,\"name\":\"Escucha \u00edntegras las 6 canciones de Objetivo Eurovisi\u00f3n 2017\"}]},{\"@type\":\"WebSite\",\"@id\":\"https:\\\/\\\/www.vivaeurovision.com\\\/#website\",\"url\":\"https:\\\/\\\/www.vivaeurovision.com\\\/\",\"name\":\"VIVAEUROVISION viva eurovision\",\"description\":\"Tu portal sobre el Festival de Eurovision, eurovision, eurovisi\u00f3n\",\"publisher\":{\"@id\":\"https:\\\/\\\/www.vivaeurovision.com\\\/#organization\"},\"potentialAction\":[{\"@type\":\"SearchAction\",\"target\":{\"@type\":\"EntryPoint\",\"urlTemplate\":\"https:\\\/\\\/www.vivaeurovision.com\\\/?s={search_term_string}\"},\"query-input\":{\"@type\":\"PropertyValueSpecification\",\"valueRequired\":true,\"valueName\":\"search_term_string\"}}],\"inLanguage\":\"es\"},{\"@type\":\"Organization\",\"@id\":\"https:\\\/\\\/www.vivaeurovision.com\\\/#organization\",\"name\":\"vivaeurovision\",\"url\":\"https:\\\/\\\/www.vivaeurovision.com\\\/\",\"logo\":{\"@type\":\"ImageObject\",\"inLanguage\":\"es\",\"@id\":\"https:\\\/\\\/www.vivaeurovision.com\\\/#\\\/schema\\\/logo\\\/image\\\/\",\"url\":\"https:\\\/\\\/www.vivaeurovision.com\\\/wp-content\\\/uploads\\\/2016\\\/01\\\/cropped-image-21-1.jpeg\",\"contentUrl\":\"https:\\\/\\\/www.vivaeurovision.com\\\/wp-content\\\/uploads\\\/2016\\\/01\\\/cropped-image-21-1.jpeg\",\"width\":669,\"height\":368,\"caption\":\"vivaeurovision\"},\"image\":{\"@id\":\"https:\\\/\\\/www.vivaeurovision.com\\\/#\\\/schema\\\/logo\\\/image\\\/\"}},{\"@type\":\"Person\",\"@id\":\"https:\\\/\\\/www.vivaeurovision.com\\\/#\\\/schema\\\/person\\\/1d31fdaa3f5f7df556f73d164bd3c47a\",\"name\":\"Pedro Palomo\",\"image\":{\"@type\":\"ImageObject\",\"inLanguage\":\"es\",\"@id\":\"https:\\\/\\\/secure.gravatar.com\\\/avatar\\\/4cf9a4877f5f71f44fb7cedbe1bac1bd28bd8ce7a217517d98d5b2117f9f5505?s=96&d=mm&r=g\",\"url\":\"https:\\\/\\\/secure.gravatar.com\\\/avatar\\\/4cf9a4877f5f71f44fb7cedbe1bac1bd28bd8ce7a217517d98d5b2117f9f5505?s=96&d=mm&r=g\",\"contentUrl\":\"https:\\\/\\\/secure.gravatar.com\\\/avatar\\\/4cf9a4877f5f71f44fb7cedbe1bac1bd28bd8ce7a217517d98d5b2117f9f5505?s=96&d=mm&r=g\",\"caption\":\"Pedro Palomo\"},\"sameAs\":[\"http:\\\/\\\/www.vivaeurovision.com\",\"@pedrobcn\",\"https:\\\/\\\/x.com\\\/@pedropalomobcn\"]}]}<\/script>\n<!-- \/ Yoast SEO plugin. -->","yoast_head_json":{"title":"Escucha \u00edntegras las 6 canciones de Objetivo Eurovisi\u00f3n 2017 - VIVAEUROVISION viva eurovision","description":"objetivo eurovisi\u00f3n, objetivo eurovisi\u00f3n 2017, festival de eurovisi\u00f3n, vivaeurovision, eurovisi\u00f3n 2017, eurovision song contest","robots":{"index":"index","follow":"follow","max-snippet":"max-snippet:-1","max-image-preview":"max-image-preview:large","max-video-preview":"max-video-preview:-1"},"canonical":"https:\/\/www.vivaeurovision.com\/index.php\/2017\/01\/15\/3476-objetivo-eurovision\/","og_locale":"es_ES","og_type":"article","og_title":"Escucha \u00edntegras las 6 canciones de Objetivo Eurovisi\u00f3n 2017 - VIVAEUROVISION viva eurovision","og_description":"objetivo eurovisi\u00f3n, objetivo eurovisi\u00f3n 2017, festival de eurovisi\u00f3n, vivaeurovision, eurovisi\u00f3n 2017, eurovision song contest","og_url":"https:\/\/www.vivaeurovision.com\/index.php\/2017\/01\/15\/3476-objetivo-eurovision\/","og_site_name":"VIVAEUROVISION viva eurovision","article_published_time":"2017-01-15T13:17:43+00:00","article_modified_time":"2017-01-15T18:13:52+00:00","og_image":[{"width":1890,"height":1195,"url":"https:\/\/www.vivaeurovision.com\/wp-content\/uploads\/2017\/01\/Sin-t\u00edtulo-1-1-e1484277159855.jpg","type":"image\/jpeg"}],"author":"Pedro Palomo","twitter_card":"summary_large_image","twitter_creator":"@pedropalomobcn","twitter_misc":{"Escrito por":"Pedro Palomo","Tiempo de lectura":"1 minuto"},"schema":{"@context":"https:\/\/schema.org","@graph":[{"@type":"Article","@id":"https:\/\/www.vivaeurovision.com\/index.php\/2017\/01\/15\/3476-objetivo-eurovision\/#article","isPartOf":{"@id":"https:\/\/www.vivaeurovision.com\/index.php\/2017\/01\/15\/3476-objetivo-eurovision\/"},"author":{"name":"Pedro Palomo","@id":"https:\/\/www.vivaeurovision.com\/#\/schema\/person\/1d31fdaa3f5f7df556f73d164bd3c47a"},"headline":"Escucha \u00edntegras las 6 canciones de Objetivo Eurovisi\u00f3n 2017","datePublished":"2017-01-15T13:17:43+00:00","dateModified":"2017-01-15T18:13:52+00:00","mainEntityOfPage":{"@id":"https:\/\/www.vivaeurovision.com\/index.php\/2017\/01\/15\/3476-objetivo-eurovision\/"},"wordCount":292,"commentCount":1,"publisher":{"@id":"https:\/\/www.vivaeurovision.com\/#organization"},"image":{"@id":"https:\/\/www.vivaeurovision.com\/index.php\/2017\/01\/15\/3476-objetivo-eurovision\/#primaryimage"},"thumbnailUrl":"https:\/\/www.vivaeurovision.com\/wp-content\/uploads\/2017\/01\/Sin-t\u00edtulo-1-1-e1484277159855.jpg","keywords":["ESC","esc 2017","espa\u00f1a eurovision 2017","Eurovision","Eurovision 2017","eurovision song contest","eurovision spain 2017","kiev 2017","LeKlein","LeKlein eurovision","LeKlein objetivo Eurovision","maika","maika barbero","maika objetivo eurovision","manel navarro","manel navarro eurovision","manel navarro objetivo eurovision","mario jefferson","mario jefferson eurovision","MIRELA","mirela eurovision","mirela objetivo eurovision","m\u00fasica","Noticia","objetivo eurovisio 2017","objetivo eurovision","paula rojo","paula rojo eurovision","paula rojo objetivo eurovision","Pedro Palomo","Pedro Palomo Eurovision","Pedro Palomo Vivaeurovision","vivaeurovision"],"articleSection":["Espa\u00f1a en Eurovisi\u00f3n","eurovision","Eurovisi\u00f3n 2017","Inicio","Noticia","Noticias","Ultima Hora"],"inLanguage":"es","potentialAction":[{"@type":"CommentAction","name":"Comment","target":["https:\/\/www.vivaeurovision.com\/index.php\/2017\/01\/15\/3476-objetivo-eurovision\/#respond"]}]},{"@type":"WebPage","@id":"https:\/\/www.vivaeurovision.com\/index.php\/2017\/01\/15\/3476-objetivo-eurovision\/","url":"https:\/\/www.vivaeurovision.com\/index.php\/2017\/01\/15\/3476-objetivo-eurovision\/","name":"Escucha \u00edntegras las 6 canciones de Objetivo Eurovisi\u00f3n 2017 - VIVAEUROVISION viva eurovision","isPartOf":{"@id":"https:\/\/www.vivaeurovision.com\/#website"},"primaryImageOfPage":{"@id":"https:\/\/www.vivaeurovision.com\/index.php\/2017\/01\/15\/3476-objetivo-eurovision\/#primaryimage"},"image":{"@id":"https:\/\/www.vivaeurovision.com\/index.php\/2017\/01\/15\/3476-objetivo-eurovision\/#primaryimage"},"thumbnailUrl":"https:\/\/www.vivaeurovision.com\/wp-content\/uploads\/2017\/01\/Sin-t\u00edtulo-1-1-e1484277159855.jpg","datePublished":"2017-01-15T13:17:43+00:00","dateModified":"2017-01-15T18:13:52+00:00","description":"objetivo eurovisi\u00f3n, objetivo eurovisi\u00f3n 2017, festival de eurovisi\u00f3n, vivaeurovision, eurovisi\u00f3n 2017, eurovision song contest","breadcrumb":{"@id":"https:\/\/www.vivaeurovision.com\/index.php\/2017\/01\/15\/3476-objetivo-eurovision\/#breadcrumb"},"inLanguage":"es","potentialAction":[{"@type":"ReadAction","target":["https:\/\/www.vivaeurovision.com\/index.php\/2017\/01\/15\/3476-objetivo-eurovision\/"]}]},{"@type":"ImageObject","inLanguage":"es","@id":"https:\/\/www.vivaeurovision.com\/index.php\/2017\/01\/15\/3476-objetivo-eurovision\/#primaryimage","url":"https:\/\/www.vivaeurovision.com\/wp-content\/uploads\/2017\/01\/Sin-t\u00edtulo-1-1-e1484277159855.jpg","contentUrl":"https:\/\/www.vivaeurovision.com\/wp-content\/uploads\/2017\/01\/Sin-t\u00edtulo-1-1-e1484277159855.jpg","width":1890,"height":1195,"caption":"vivaeurovision"},{"@type":"BreadcrumbList","@id":"https:\/\/www.vivaeurovision.com\/index.php\/2017\/01\/15\/3476-objetivo-eurovision\/#breadcrumb","itemListElement":[{"@type":"ListItem","position":1,"name":"Portada","item":"https:\/\/www.vivaeurovision.com\/"},{"@type":"ListItem","position":2,"name":"Escucha \u00edntegras las 6 canciones de Objetivo Eurovisi\u00f3n 2017"}]},{"@type":"WebSite","@id":"https:\/\/www.vivaeurovision.com\/#website","url":"https:\/\/www.vivaeurovision.com\/","name":"VIVAEUROVISION viva eurovision","description":"Tu portal sobre el Festival de Eurovision, eurovision, eurovisi\u00f3n","publisher":{"@id":"https:\/\/www.vivaeurovision.com\/#organization"},"potentialAction":[{"@type":"SearchAction","target":{"@type":"EntryPoint","urlTemplate":"https:\/\/www.vivaeurovision.com\/?s={search_term_string}"},"query-input":{"@type":"PropertyValueSpecification","valueRequired":true,"valueName":"search_term_string"}}],"inLanguage":"es"},{"@type":"Organization","@id":"https:\/\/www.vivaeurovision.com\/#organization","name":"vivaeurovision","url":"https:\/\/www.vivaeurovision.com\/","logo":{"@type":"ImageObject","inLanguage":"es","@id":"https:\/\/www.vivaeurovision.com\/#\/schema\/logo\/image\/","url":"https:\/\/www.vivaeurovision.com\/wp-content\/uploads\/2016\/01\/cropped-image-21-1.jpeg","contentUrl":"https:\/\/www.vivaeurovision.com\/wp-content\/uploads\/2016\/01\/cropped-image-21-1.jpeg","width":669,"height":368,"caption":"vivaeurovision"},"image":{"@id":"https:\/\/www.vivaeurovision.com\/#\/schema\/logo\/image\/"}},{"@type":"Person","@id":"https:\/\/www.vivaeurovision.com\/#\/schema\/person\/1d31fdaa3f5f7df556f73d164bd3c47a","name":"Pedro Palomo","image":{"@type":"ImageObject","inLanguage":"es","@id":"https:\/\/secure.gravatar.com\/avatar\/4cf9a4877f5f71f44fb7cedbe1bac1bd28bd8ce7a217517d98d5b2117f9f5505?s=96&d=mm&r=g","url":"https:\/\/secure.gravatar.com\/avatar\/4cf9a4877f5f71f44fb7cedbe1bac1bd28bd8ce7a217517d98d5b2117f9f5505?s=96&d=mm&r=g","contentUrl":"https:\/\/secure.gravatar.com\/avatar\/4cf9a4877f5f71f44fb7cedbe1bac1bd28bd8ce7a217517d98d5b2117f9f5505?s=96&d=mm&r=g","caption":"Pedro Palomo"},"sameAs":["http:\/\/www.vivaeurovision.com","@pedrobcn","https:\/\/x.com\/@pedropalomobcn"]}]}},"_links":{"self":[{"href":"https:\/\/www.vivaeurovision.com\/index.php\/wp-json\/wp\/v2\/posts\/3476","targetHints":{"allow":["GET"]}}],"collection":[{"href":"https:\/\/www.vivaeurovision.com\/index.php\/wp-json\/wp\/v2\/posts"}],"about":[{"href":"https:\/\/www.vivaeurovision.com\/index.php\/wp-json\/wp\/v2\/types\/post"}],"author":[{"embeddable":true,"href":"https:\/\/www.vivaeurovision.com\/index.php\/wp-json\/wp\/v2\/users\/1"}],"replies":[{"embeddable":true,"href":"https:\/\/www.vivaeurovision.com\/index.php\/wp-json\/wp\/v2\/comments?post=3476"}],"version-history":[{"count":0,"href":"https:\/\/www.vivaeurovision.com\/index.php\/wp-json\/wp\/v2\/posts\/3476\/revisions"}],"wp:featuredmedia":[{"embeddable":true,"href":"https:\/\/www.vivaeurovision.com\/index.php\/wp-json\/wp\/v2\/media\/3460"}],"wp:attachment":[{"href":"https:\/\/www.vivaeurovision.com\/index.php\/wp-json\/wp\/v2\/media?parent=3476"}],"wp:term":[{"taxonomy":"category","embeddable":true,"href":"https:\/\/www.vivaeurovision.com\/index.php\/wp-json\/wp\/v2\/categories?post=3476"},{"taxonomy":"post_tag","embeddable":true,"href":"https:\/\/www.vivaeurovision.com\/index.php\/wp-json\/wp\/v2\/tags?post=3476"}],"curies":[{"name":"wp","href":"https:\/\/api.w.org\/{rel}","templated":true}]}}