{"id":3629,"date":"2017-01-22T19:08:43","date_gmt":"2017-01-22T19:08:43","guid":{"rendered":"http:\/\/www.vivaeurovision.com\/?p=3629"},"modified":"2017-01-22T19:08:43","modified_gmt":"2017-01-22T19:08:43","slug":"3629-mirela-eurovision","status":"publish","type":"post","link":"https:\/\/www.vivaeurovision.com\/index.php\/2017\/01\/22\/3629-mirela-eurovision\/","title":{"rendered":"\u00abObjetivo Eurovisi\u00f3n 2017\u00bb Mirela: El calor de los eurofans y de todo el p\u00fablico que te apoya es lo m\u00e1s grande que puede tener un artista"},"content":{"rendered":"<h2>Con m\u00e1s madurez, tablas en los escenarios,\u00a0con fuerza y mucha ilusi\u00f3n Mirela esta m\u00e1s preparada que nunca para cumplir su sue\u00f1o y representar a Espa\u00f1a en el Festival de Eurovisi\u00f3n 2017.<\/h2>\n<h3>\u00abObjetivo Eurovisi\u00f3n 2017\u00bb Mirela: El calor de los eurofans y de todo el p\u00fablico que te apoya es lo m\u00e1s grande que puede tener un artista<\/h3>\n<p><img loading=\"lazy\" decoding=\"async\" class=\"alignnone size-medium wp-image-3632\" src=\"http:\/\/www.vivaeurovision.com\/wp-content\/uploads\/2017\/01\/Sin-t\u00edtulo-1-4-208x300.jpg\" alt=\"eurovision\" width=\"208\" height=\"300\" srcset=\"https:\/\/www.vivaeurovision.com\/wp-content\/uploads\/2017\/01\/Sin-t\u00edtulo-1-4-208x300.jpg 208w, https:\/\/www.vivaeurovision.com\/wp-content\/uploads\/2017\/01\/Sin-t\u00edtulo-1-4.jpg 347w\" sizes=\"auto, (max-width: 208px) 100vw, 208px\" \/><\/p>\n<p><strong>Mirela<\/strong> una de las candidatas a representar a Espa\u00f1a en pr\u00f3ximo Festival de Eurovisi\u00f3n 2017, nos ha concedido una entrevista exclusiva para <strong>vivaeurovision<\/strong>.<\/p>\n<p><strong>Mirela<\/strong> cuenta con una gran carrera musical, su paso por <strong>Eurojunior<\/strong>,\u00a0tres veces ha intentado representar a Espa\u00f1a en el <strong>Festival de Eurovisi\u00f3n<\/strong> en la que\u00a0dos de ellas consigui\u00f3 estar en la final y desde el 2007 que fue su primer intento de representar a nuestro pa\u00eds en el certamen musical m\u00e1s importante del mundo, regresa con m\u00e1s fuerza y ganas que nunca, <strong>CONTIGO<\/strong> es el tema que presenta compuesto por, <strong>Tony S\u00e1nchez-Ohlsson, Isaac Luke y Ander P\u00e9rez<\/strong>, compositores con grandes \u00e9xitos en el certamen europeo y tambi\u00e9n en la m\u00fasica de nuestro pa\u00eds.<\/p>\n<p>A lo largo de su carrera musical, Mirela ha participado en el talent show <strong>LA VOZ<\/strong>, tambi\u00e9n ha protagonizado varios musicales y actualmente trabaja en uno de los musicales con m\u00e1s \u00e9xitos del mundo <strong>\u00abEl Rey Le\u00f3n\u00bb <\/strong>donde lleva cuatro a\u00f1os siendo protagonista y d\u00e1ndole una gran experiencia en los escenarios y en el directo. El pasado verano Mirela consigui\u00f3 otro \u00e9xito m\u00e1s en su carrera, siendo la voz del himno del certamen de belleza <strong>Mr Gay Pride<\/strong>, donde interpret\u00f3 <strong>SOY COMO SOY<\/strong> ante miles de personas en la Puerta del Sol de Madrid.<\/p>\n<p><strong>Un peque\u00f1o adelanto de lo que la cantante nos ha contestado a la entrevista, escuchar la entrevista completa donde nos desvela algunos grandes detalles&#8230;<\/strong><\/p>\n<p>La cantante durante la entrevista nos desvela como surgi\u00f3 el presentarse en Objetivo Eurovisi\u00f3n 2017, algo que ya nos dejo caer en la entrevista que le realizamos el pasado mes de Julio, tambi\u00e9n hace un balance de toda su carrera y nos explica como desde el 2007 a evolucionado y como persigue su sue\u00f1o que es representar a nuestro pa\u00eds en el Festival de Eurovisi\u00f3n.<\/p>\n<p>Agradecida con el apoyo recibido, escucha las criticas junto con su equipo tanto las positivas como las negativas.<\/p>\n<p>Tambi\u00e9n sorprendida por el \u00e9xito en ventas digitales y visualizaciones en YouTube de su canci\u00f3n <strong>CONTIGO.<\/strong><\/p>\n<p>Habla tambi\u00e9n de las opciones que tiene para poder realizar la puesta en escena, tiene tambi\u00e9n da\u00a0su opini\u00f3n sobre el resto de compa\u00f1eros de Objetivo Eurovisi\u00f3n 2017.<\/p>\n<p>Nos desvela si habr\u00e1n cambios en la producci\u00f3n del tema <strong>CONTIGO<\/strong>.<\/p>\n<p><strong>SI QUIERES DESCUBRIR QUE NOS HA EXPLICADO MIRELA, NO DUDES EN ESCUCHAR LA ENTREVISTA Y ADEM\u00c1S CON UN V\u00cdDEO DEDICADO PARA TODOS LOS LECTORES DE VIVAEUROVISION<\/strong><br \/>\n<iframe loading=\"lazy\" src=\"https:\/\/www.youtube.com\/embed\/aPIewl0ZfYY\" width=\"560\" height=\"315\" frameborder=\"0\" allowfullscreen=\"allowfullscreen\"><\/iframe><br \/>\n&nbsp;<\/p>\n<p>Una Mirela luchar\u00e1 en Objetivo Eurovisi\u00f3n 2017, para conseguir\u00a0el sue\u00f1o eurovisivo\u00a0por el que Mirela tiene y\u00a0ha demostrado a lo largo de estos a\u00f1os.<\/p>\n<p><strong>Escucha la canci\u00f3n\u00a0\u00abCONTIGO\u00bb de Mirela<\/strong><br \/>\n<iframe loading=\"lazy\" src=\"https:\/\/www.youtube.com\/embed\/bO82_QuryPk\" width=\"560\" height=\"315\" frameborder=\"0\" allowfullscreen=\"allowfullscreen\"><\/iframe><br \/>\n<img loading=\"lazy\" decoding=\"async\" class=\"alignnone size-medium wp-image-3633\" src=\"http:\/\/www.vivaeurovision.com\/wp-content\/uploads\/2017\/01\/Sin-t\u00edtulo-2-169x300.jpg\" alt=\"eurovision\" width=\"169\" height=\"300\" srcset=\"https:\/\/www.vivaeurovision.com\/wp-content\/uploads\/2017\/01\/Sin-t\u00edtulo-2-169x300.jpg 169w, https:\/\/www.vivaeurovision.com\/wp-content\/uploads\/2017\/01\/Sin-t\u00edtulo-2.jpg 450w\" sizes=\"auto, (max-width: 169px) 100vw, 169px\" \/><\/p>\n<p><strong>Si te gusta la canci\u00f3n de Mirela, no de olvides de votar en el sondeo de VIVAEUROVISION<\/strong><\/p>\n<p>[wpdevart_poll id=\u00bb8&#8243; theme=\u00bb0&#8243;]<\/p>\n<p><img loading=\"lazy\" decoding=\"async\" class=\"alignnone size-medium wp-image-3637\" src=\"http:\/\/www.vivaeurovision.com\/wp-content\/uploads\/2017\/01\/nuevo-post-rosa-acoplado-300x140.jpg\" alt=\"eurovision\" width=\"300\" height=\"140\" srcset=\"https:\/\/www.vivaeurovision.com\/wp-content\/uploads\/2017\/01\/nuevo-post-rosa-acoplado-300x140.jpg 300w, https:\/\/www.vivaeurovision.com\/wp-content\/uploads\/2017\/01\/nuevo-post-rosa-acoplado-700x327.jpg 700w, https:\/\/www.vivaeurovision.com\/wp-content\/uploads\/2017\/01\/nuevo-post-rosa-acoplado-520x245.jpg 520w, https:\/\/www.vivaeurovision.com\/wp-content\/uploads\/2017\/01\/nuevo-post-rosa-acoplado.jpg 1181w\" sizes=\"auto, (max-width: 300px) 100vw, 300px\" \/><\/p>\n<p><img loading=\"lazy\" decoding=\"async\" class=\"alignnone size-medium wp-image-311\" src=\"http:\/\/www.vivaeurovision.com\/wp-content\/uploads\/2016\/01\/image-21-300x165.jpeg\" alt=\"VIVAEUROVISION.COM\" width=\"300\" height=\"165\" srcset=\"https:\/\/www.vivaeurovision.com\/wp-content\/uploads\/2016\/01\/image-21-300x165.jpeg 300w, https:\/\/www.vivaeurovision.com\/wp-content\/uploads\/2016\/01\/image-21-555x305.jpeg 555w, https:\/\/www.vivaeurovision.com\/wp-content\/uploads\/2016\/01\/image-21.jpeg 669w\" sizes=\"auto, (max-width: 300px) 100vw, 300px\" \/><\/p>\n<p>Twitter\u00a0<strong> <a href=\"https:\/\/twitter.com\/viva_eurovision\" target=\"_blank\"><span style=\"color: #0066cc;\">@viva_eurovision<\/span><\/a>\u00a0 <a href=\"https:\/\/www.facebook.com\/Vivaeurovisioncom-867806686671081\/?fref=nf\" target=\"_blank\"><span style=\"color: #0066cc;\">FACEBOOK OFICIAL VIVA EUROVISION <\/span><\/a><\/strong>Instragram <strong>\u00a0<\/strong><a href=\"https:\/\/www.instagram.com\/vivaeurovision\/\" target=\"_blank\"><strong>@vivaeurovision<\/strong><\/a><\/p>\n<p>Arista: <strong>MIRELA\u00a0\u00a0\u00a0<a href=\"https:\/\/www.facebook.com\/mirelalavoz\/?fref=ts\" target=\"_blank\">FACEBOOK OFICIAL DE MIRELA<\/a>\u00a0\u00a0 <\/strong><\/p>\n<p><strong><a href=\"https:\/\/twitter.com\/mirelacofficial?lang=es\" target=\"_blank\">Twitter Oficial @MirelaCofficial<\/a>\u00a0\u00a0<\/strong><\/p>\n<p><strong> <a href=\"https:\/\/www.instagram.com\/mirelaofficial\/\" target=\"_blank\">Instagram @mirelaofficial<\/a><\/strong><\/p>\n<p>Im\u00e1genes: <strong>\u00a9Mirela<\/strong><\/p>\n<p>Redactor: Pedro Palomo <a href=\"https:\/\/twitter.com\/pedropalomobcn?lang=es\"><strong><span style=\"color: #0066cc;\">@pedropalomobcn<\/span><\/strong><\/a><strong>\u00a0<\/strong>Instagram <a href=\"https:\/\/www.instagram.com\/pedrobcn\/\" target=\"_blank\"><strong>@pedrobcn<\/strong><\/a><\/p>\n<p><strong><a href=\"https:\/\/www.facebook.com\/CatMusicSpain\/?fref=ts\" target=\"_blank\">Facebook Cat Music Spain<\/a><\/strong><\/p>\n<p><strong><a href=\"http:\/\/fb.com\/CatMusicRomania\" target=\"_blank\">Facebook Cat Music Romania<\/a><\/strong><\/p>\n<p><strong><a href=\"http:\/\/www.youtube.com\/catmusicoffice\" target=\"_blank\">Canal Youtube Cat Music<\/a><\/strong><\/p>\n<p><strong><a href=\"http:\/\/www.twitter.com\/catmusicromania\" target=\"_blank\">Twitter Cat Music Romania<\/a><\/strong><\/p>\n<p><strong><a href=\"http:\/\/www.catmusic.ro\" target=\"_blank\">www.catmusic.ro<\/a><\/strong><\/p>\n","protected":false},"excerpt":{"rendered":"<p>Con m\u00e1s madurez, tablas en los escenarios,\u00a0con fuerza y mucha ilusi\u00f3n Mirela esta m\u00e1s preparada que nunca para cumplir su sue\u00f1o y representar a Espa\u00f1a en el Festival de Eurovisi\u00f3n&#46;&#46;&#46;<\/p>\n","protected":false},"author":1,"featured_media":3630,"comment_status":"open","ping_status":"open","sticky":false,"template":"","format":"standard","meta":{"_exactmetrics_skip_tracking":false,"_exactmetrics_sitenote_active":false,"_exactmetrics_sitenote_note":"","_exactmetrics_sitenote_category":0,"footnotes":""},"categories":[5,6,1195,876,4,1188,2,3],"tags":[1511,1508,1509,33,17,865,870,11,670,866,706,1096,1097,902,1477,1510,918,919,1480,1460,1478,34,139,1146,19,20,766,18,110,920,23,22],"class_list":["post-3629","post","type-post","status-publish","format-standard","has-post-thumbnail","hentry","category-entrevistas","category-espana-en-eurovision","category-eurovision-2","category-eurovision-2017","category-eurovision","category-noticia-2","category-noticia","category-ultima-hora","tag-cat-music","tag-contigo-eurovision-2017","tag-contigo-objetivo-eurovision","tag-entrevista","tag-esc","tag-esc-2017","tag-espana-eurovision-2017","tag-eurovision","tag-eurovision-2017","tag-eurovision-song-contest-2017","tag-eurovision-song-contest-festival","tag-festival-de-eurovision","tag-festival-de-eurovision-2017","tag-mirela","tag-mirela-contigo","tag-mirela-contigo-objetivo-eurovision","tag-mirela-eurovision","tag-mirela-eurovision-2017","tag-mirela-itunes","tag-mirela-objetivo-eurovision","tag-mirela-objetivo-eurovision-2017","tag-noticia","tag-objetivo-eurovision","tag-objetivo-eurovision-2017","tag-pedro-palomo","tag-pedro-palomo-eurovision","tag-pedro-palomo-vivaeurovision","tag-rtve","tag-rtve-eurovision","tag-spain-eurovision-2017","tag-viva-eurovision","tag-vivaeurovision"],"yoast_head":"<!-- This site is optimized with the Yoast SEO plugin v27.5 - https:\/\/yoast.com\/product\/yoast-seo-wordpress\/ -->\n<title>&quot;Objetivo Eurovisi\u00f3n 2017&quot; Mirela: El calor de los eurofans y de todo el p\u00fablico que te apoya es lo m\u00e1s grande que puede tener un artista - VIVAEUROVISION viva eurovision<\/title>\n<meta name=\"robots\" content=\"index, follow, max-snippet:-1, max-image-preview:large, max-video-preview:-1\" \/>\n<link rel=\"canonical\" href=\"https:\/\/www.vivaeurovision.com\/index.php\/2017\/01\/22\/3629-mirela-eurovision\/\" \/>\n<meta property=\"og:locale\" content=\"es_ES\" \/>\n<meta property=\"og:type\" content=\"article\" \/>\n<meta property=\"og:title\" content=\"&quot;Objetivo Eurovisi\u00f3n 2017&quot; Mirela: El calor de los eurofans y de todo el p\u00fablico que te apoya es lo m\u00e1s grande que puede tener un artista - VIVAEUROVISION viva eurovision\" \/>\n<meta property=\"og:description\" content=\"Con m\u00e1s madurez, tablas en los escenarios,\u00a0con fuerza y mucha ilusi\u00f3n Mirela esta m\u00e1s preparada que nunca para cumplir su sue\u00f1o y representar a Espa\u00f1a en el Festival de Eurovisi\u00f3n&#046;&#046;&#046;\" \/>\n<meta property=\"og:url\" content=\"https:\/\/www.vivaeurovision.com\/index.php\/2017\/01\/22\/3629-mirela-eurovision\/\" \/>\n<meta property=\"og:site_name\" content=\"VIVAEUROVISION viva eurovision\" \/>\n<meta property=\"article:published_time\" content=\"2017-01-22T19:08:43+00:00\" \/>\n<meta property=\"og:image\" content=\"https:\/\/www.vivaeurovision.com\/wp-content\/uploads\/2017\/01\/nuevo-post-rosa-acoplado1.jpg\" \/>\n\t<meta property=\"og:image:width\" content=\"1181\" \/>\n\t<meta property=\"og:image:height\" content=\"552\" \/>\n\t<meta property=\"og:image:type\" content=\"image\/jpeg\" \/>\n<meta name=\"author\" content=\"Pedro Palomo\" \/>\n<meta name=\"twitter:card\" content=\"summary_large_image\" \/>\n<meta name=\"twitter:creator\" content=\"@pedropalomobcn\" \/>\n<meta name=\"twitter:label1\" content=\"Escrito por\" \/>\n\t<meta name=\"twitter:data1\" content=\"Pedro Palomo\" \/>\n\t<meta name=\"twitter:label2\" content=\"Tiempo de lectura\" \/>\n\t<meta name=\"twitter:data2\" content=\"3 minutos\" \/>\n<script type=\"application\/ld+json\" class=\"yoast-schema-graph\">{\"@context\":\"https:\\\/\\\/schema.org\",\"@graph\":[{\"@type\":\"Article\",\"@id\":\"https:\\\/\\\/www.vivaeurovision.com\\\/index.php\\\/2017\\\/01\\\/22\\\/3629-mirela-eurovision\\\/#article\",\"isPartOf\":{\"@id\":\"https:\\\/\\\/www.vivaeurovision.com\\\/index.php\\\/2017\\\/01\\\/22\\\/3629-mirela-eurovision\\\/\"},\"author\":{\"name\":\"Pedro Palomo\",\"@id\":\"https:\\\/\\\/www.vivaeurovision.com\\\/#\\\/schema\\\/person\\\/1d31fdaa3f5f7df556f73d164bd3c47a\"},\"headline\":\"\u00abObjetivo Eurovisi\u00f3n 2017\u00bb Mirela: El calor de los eurofans y de todo el p\u00fablico que te apoya es lo m\u00e1s grande que puede tener un artista\",\"datePublished\":\"2017-01-22T19:08:43+00:00\",\"mainEntityOfPage\":{\"@id\":\"https:\\\/\\\/www.vivaeurovision.com\\\/index.php\\\/2017\\\/01\\\/22\\\/3629-mirela-eurovision\\\/\"},\"wordCount\":630,\"commentCount\":0,\"publisher\":{\"@id\":\"https:\\\/\\\/www.vivaeurovision.com\\\/#organization\"},\"image\":{\"@id\":\"https:\\\/\\\/www.vivaeurovision.com\\\/index.php\\\/2017\\\/01\\\/22\\\/3629-mirela-eurovision\\\/#primaryimage\"},\"thumbnailUrl\":\"https:\\\/\\\/www.vivaeurovision.com\\\/wp-content\\\/uploads\\\/2017\\\/01\\\/nuevo-post-rosa-acoplado1.jpg\",\"keywords\":[\"cat music\",\"contigo eurovision 2017\",\"contigo objetivo eurovision\",\"Entrevista\",\"ESC\",\"esc 2017\",\"espa\u00f1a eurovision 2017\",\"Eurovision\",\"Eurovision 2017\",\"eurovision song contest 2017\",\"eurovision song contest festival\",\"Festival de Eurovisi\u00f3n\",\"Festival de Eurovisi\u00f3n 2017\",\"MIRELA\",\"mirela contigo\",\"mirela contigo objetivo eurovision\",\"mirela eurovision\",\"mirela eurovision 2017\",\"mirela itunes\",\"mirela objetivo eurovision\",\"mirela objetivo eurovision 2017\",\"Noticia\",\"objetivo eurovision\",\"objetivo Eurovisi\u00f3n 2017\",\"Pedro Palomo\",\"Pedro Palomo Eurovision\",\"Pedro Palomo Vivaeurovision\",\"RTVE\",\"Rtve EUROVISION\",\"spain eurovision 2017\",\"viva eurovision\",\"vivaeurovision\"],\"articleSection\":[\"Entrevistas\",\"Espa\u00f1a en Eurovisi\u00f3n\",\"eurovision\",\"Eurovisi\u00f3n 2017\",\"Inicio\",\"Noticia\",\"Noticias\",\"Ultima Hora\"],\"inLanguage\":\"es\",\"potentialAction\":[{\"@type\":\"CommentAction\",\"name\":\"Comment\",\"target\":[\"https:\\\/\\\/www.vivaeurovision.com\\\/index.php\\\/2017\\\/01\\\/22\\\/3629-mirela-eurovision\\\/#respond\"]}]},{\"@type\":\"WebPage\",\"@id\":\"https:\\\/\\\/www.vivaeurovision.com\\\/index.php\\\/2017\\\/01\\\/22\\\/3629-mirela-eurovision\\\/\",\"url\":\"https:\\\/\\\/www.vivaeurovision.com\\\/index.php\\\/2017\\\/01\\\/22\\\/3629-mirela-eurovision\\\/\",\"name\":\"\\\"Objetivo Eurovisi\u00f3n 2017\\\" Mirela: El calor de los eurofans y de todo el p\u00fablico que te apoya es lo m\u00e1s grande que puede tener un artista - VIVAEUROVISION viva eurovision\",\"isPartOf\":{\"@id\":\"https:\\\/\\\/www.vivaeurovision.com\\\/#website\"},\"primaryImageOfPage\":{\"@id\":\"https:\\\/\\\/www.vivaeurovision.com\\\/index.php\\\/2017\\\/01\\\/22\\\/3629-mirela-eurovision\\\/#primaryimage\"},\"image\":{\"@id\":\"https:\\\/\\\/www.vivaeurovision.com\\\/index.php\\\/2017\\\/01\\\/22\\\/3629-mirela-eurovision\\\/#primaryimage\"},\"thumbnailUrl\":\"https:\\\/\\\/www.vivaeurovision.com\\\/wp-content\\\/uploads\\\/2017\\\/01\\\/nuevo-post-rosa-acoplado1.jpg\",\"datePublished\":\"2017-01-22T19:08:43+00:00\",\"breadcrumb\":{\"@id\":\"https:\\\/\\\/www.vivaeurovision.com\\\/index.php\\\/2017\\\/01\\\/22\\\/3629-mirela-eurovision\\\/#breadcrumb\"},\"inLanguage\":\"es\",\"potentialAction\":[{\"@type\":\"ReadAction\",\"target\":[\"https:\\\/\\\/www.vivaeurovision.com\\\/index.php\\\/2017\\\/01\\\/22\\\/3629-mirela-eurovision\\\/\"]}]},{\"@type\":\"ImageObject\",\"inLanguage\":\"es\",\"@id\":\"https:\\\/\\\/www.vivaeurovision.com\\\/index.php\\\/2017\\\/01\\\/22\\\/3629-mirela-eurovision\\\/#primaryimage\",\"url\":\"https:\\\/\\\/www.vivaeurovision.com\\\/wp-content\\\/uploads\\\/2017\\\/01\\\/nuevo-post-rosa-acoplado1.jpg\",\"contentUrl\":\"https:\\\/\\\/www.vivaeurovision.com\\\/wp-content\\\/uploads\\\/2017\\\/01\\\/nuevo-post-rosa-acoplado1.jpg\",\"width\":1181,\"height\":552,\"caption\":\"vivaeurovision\"},{\"@type\":\"BreadcrumbList\",\"@id\":\"https:\\\/\\\/www.vivaeurovision.com\\\/index.php\\\/2017\\\/01\\\/22\\\/3629-mirela-eurovision\\\/#breadcrumb\",\"itemListElement\":[{\"@type\":\"ListItem\",\"position\":1,\"name\":\"Portada\",\"item\":\"https:\\\/\\\/www.vivaeurovision.com\\\/\"},{\"@type\":\"ListItem\",\"position\":2,\"name\":\"\u00abObjetivo Eurovisi\u00f3n 2017\u00bb Mirela: El calor de los eurofans y de todo el p\u00fablico que te apoya es lo m\u00e1s grande que puede tener un artista\"}]},{\"@type\":\"WebSite\",\"@id\":\"https:\\\/\\\/www.vivaeurovision.com\\\/#website\",\"url\":\"https:\\\/\\\/www.vivaeurovision.com\\\/\",\"name\":\"VIVAEUROVISION viva eurovision\",\"description\":\"Tu portal sobre el Festival de Eurovision, eurovision, eurovisi\u00f3n\",\"publisher\":{\"@id\":\"https:\\\/\\\/www.vivaeurovision.com\\\/#organization\"},\"potentialAction\":[{\"@type\":\"SearchAction\",\"target\":{\"@type\":\"EntryPoint\",\"urlTemplate\":\"https:\\\/\\\/www.vivaeurovision.com\\\/?s={search_term_string}\"},\"query-input\":{\"@type\":\"PropertyValueSpecification\",\"valueRequired\":true,\"valueName\":\"search_term_string\"}}],\"inLanguage\":\"es\"},{\"@type\":\"Organization\",\"@id\":\"https:\\\/\\\/www.vivaeurovision.com\\\/#organization\",\"name\":\"vivaeurovision\",\"url\":\"https:\\\/\\\/www.vivaeurovision.com\\\/\",\"logo\":{\"@type\":\"ImageObject\",\"inLanguage\":\"es\",\"@id\":\"https:\\\/\\\/www.vivaeurovision.com\\\/#\\\/schema\\\/logo\\\/image\\\/\",\"url\":\"https:\\\/\\\/www.vivaeurovision.com\\\/wp-content\\\/uploads\\\/2016\\\/01\\\/cropped-image-21-1.jpeg\",\"contentUrl\":\"https:\\\/\\\/www.vivaeurovision.com\\\/wp-content\\\/uploads\\\/2016\\\/01\\\/cropped-image-21-1.jpeg\",\"width\":669,\"height\":368,\"caption\":\"vivaeurovision\"},\"image\":{\"@id\":\"https:\\\/\\\/www.vivaeurovision.com\\\/#\\\/schema\\\/logo\\\/image\\\/\"}},{\"@type\":\"Person\",\"@id\":\"https:\\\/\\\/www.vivaeurovision.com\\\/#\\\/schema\\\/person\\\/1d31fdaa3f5f7df556f73d164bd3c47a\",\"name\":\"Pedro Palomo\",\"image\":{\"@type\":\"ImageObject\",\"inLanguage\":\"es\",\"@id\":\"https:\\\/\\\/secure.gravatar.com\\\/avatar\\\/4cf9a4877f5f71f44fb7cedbe1bac1bd28bd8ce7a217517d98d5b2117f9f5505?s=96&d=mm&r=g\",\"url\":\"https:\\\/\\\/secure.gravatar.com\\\/avatar\\\/4cf9a4877f5f71f44fb7cedbe1bac1bd28bd8ce7a217517d98d5b2117f9f5505?s=96&d=mm&r=g\",\"contentUrl\":\"https:\\\/\\\/secure.gravatar.com\\\/avatar\\\/4cf9a4877f5f71f44fb7cedbe1bac1bd28bd8ce7a217517d98d5b2117f9f5505?s=96&d=mm&r=g\",\"caption\":\"Pedro Palomo\"},\"sameAs\":[\"http:\\\/\\\/www.vivaeurovision.com\",\"@pedrobcn\",\"https:\\\/\\\/x.com\\\/@pedropalomobcn\"]}]}<\/script>\n<!-- \/ Yoast SEO plugin. -->","yoast_head_json":{"title":"\"Objetivo Eurovisi\u00f3n 2017\" Mirela: El calor de los eurofans y de todo el p\u00fablico que te apoya es lo m\u00e1s grande que puede tener un artista - VIVAEUROVISION viva eurovision","robots":{"index":"index","follow":"follow","max-snippet":"max-snippet:-1","max-image-preview":"max-image-preview:large","max-video-preview":"max-video-preview:-1"},"canonical":"https:\/\/www.vivaeurovision.com\/index.php\/2017\/01\/22\/3629-mirela-eurovision\/","og_locale":"es_ES","og_type":"article","og_title":"\"Objetivo Eurovisi\u00f3n 2017\" Mirela: El calor de los eurofans y de todo el p\u00fablico que te apoya es lo m\u00e1s grande que puede tener un artista - VIVAEUROVISION viva eurovision","og_description":"Con m\u00e1s madurez, tablas en los escenarios,\u00a0con fuerza y mucha ilusi\u00f3n Mirela esta m\u00e1s preparada que nunca para cumplir su sue\u00f1o y representar a Espa\u00f1a en el Festival de Eurovisi\u00f3n&#46;&#46;&#46;","og_url":"https:\/\/www.vivaeurovision.com\/index.php\/2017\/01\/22\/3629-mirela-eurovision\/","og_site_name":"VIVAEUROVISION viva eurovision","article_published_time":"2017-01-22T19:08:43+00:00","og_image":[{"width":1181,"height":552,"url":"https:\/\/www.vivaeurovision.com\/wp-content\/uploads\/2017\/01\/nuevo-post-rosa-acoplado1.jpg","type":"image\/jpeg"}],"author":"Pedro Palomo","twitter_card":"summary_large_image","twitter_creator":"@pedropalomobcn","twitter_misc":{"Escrito por":"Pedro Palomo","Tiempo de lectura":"3 minutos"},"schema":{"@context":"https:\/\/schema.org","@graph":[{"@type":"Article","@id":"https:\/\/www.vivaeurovision.com\/index.php\/2017\/01\/22\/3629-mirela-eurovision\/#article","isPartOf":{"@id":"https:\/\/www.vivaeurovision.com\/index.php\/2017\/01\/22\/3629-mirela-eurovision\/"},"author":{"name":"Pedro Palomo","@id":"https:\/\/www.vivaeurovision.com\/#\/schema\/person\/1d31fdaa3f5f7df556f73d164bd3c47a"},"headline":"\u00abObjetivo Eurovisi\u00f3n 2017\u00bb Mirela: El calor de los eurofans y de todo el p\u00fablico que te apoya es lo m\u00e1s grande que puede tener un artista","datePublished":"2017-01-22T19:08:43+00:00","mainEntityOfPage":{"@id":"https:\/\/www.vivaeurovision.com\/index.php\/2017\/01\/22\/3629-mirela-eurovision\/"},"wordCount":630,"commentCount":0,"publisher":{"@id":"https:\/\/www.vivaeurovision.com\/#organization"},"image":{"@id":"https:\/\/www.vivaeurovision.com\/index.php\/2017\/01\/22\/3629-mirela-eurovision\/#primaryimage"},"thumbnailUrl":"https:\/\/www.vivaeurovision.com\/wp-content\/uploads\/2017\/01\/nuevo-post-rosa-acoplado1.jpg","keywords":["cat music","contigo eurovision 2017","contigo objetivo eurovision","Entrevista","ESC","esc 2017","espa\u00f1a eurovision 2017","Eurovision","Eurovision 2017","eurovision song contest 2017","eurovision song contest festival","Festival de Eurovisi\u00f3n","Festival de Eurovisi\u00f3n 2017","MIRELA","mirela contigo","mirela contigo objetivo eurovision","mirela eurovision","mirela eurovision 2017","mirela itunes","mirela objetivo eurovision","mirela objetivo eurovision 2017","Noticia","objetivo eurovision","objetivo Eurovisi\u00f3n 2017","Pedro Palomo","Pedro Palomo Eurovision","Pedro Palomo Vivaeurovision","RTVE","Rtve EUROVISION","spain eurovision 2017","viva eurovision","vivaeurovision"],"articleSection":["Entrevistas","Espa\u00f1a en Eurovisi\u00f3n","eurovision","Eurovisi\u00f3n 2017","Inicio","Noticia","Noticias","Ultima Hora"],"inLanguage":"es","potentialAction":[{"@type":"CommentAction","name":"Comment","target":["https:\/\/www.vivaeurovision.com\/index.php\/2017\/01\/22\/3629-mirela-eurovision\/#respond"]}]},{"@type":"WebPage","@id":"https:\/\/www.vivaeurovision.com\/index.php\/2017\/01\/22\/3629-mirela-eurovision\/","url":"https:\/\/www.vivaeurovision.com\/index.php\/2017\/01\/22\/3629-mirela-eurovision\/","name":"\"Objetivo Eurovisi\u00f3n 2017\" Mirela: El calor de los eurofans y de todo el p\u00fablico que te apoya es lo m\u00e1s grande que puede tener un artista - VIVAEUROVISION viva eurovision","isPartOf":{"@id":"https:\/\/www.vivaeurovision.com\/#website"},"primaryImageOfPage":{"@id":"https:\/\/www.vivaeurovision.com\/index.php\/2017\/01\/22\/3629-mirela-eurovision\/#primaryimage"},"image":{"@id":"https:\/\/www.vivaeurovision.com\/index.php\/2017\/01\/22\/3629-mirela-eurovision\/#primaryimage"},"thumbnailUrl":"https:\/\/www.vivaeurovision.com\/wp-content\/uploads\/2017\/01\/nuevo-post-rosa-acoplado1.jpg","datePublished":"2017-01-22T19:08:43+00:00","breadcrumb":{"@id":"https:\/\/www.vivaeurovision.com\/index.php\/2017\/01\/22\/3629-mirela-eurovision\/#breadcrumb"},"inLanguage":"es","potentialAction":[{"@type":"ReadAction","target":["https:\/\/www.vivaeurovision.com\/index.php\/2017\/01\/22\/3629-mirela-eurovision\/"]}]},{"@type":"ImageObject","inLanguage":"es","@id":"https:\/\/www.vivaeurovision.com\/index.php\/2017\/01\/22\/3629-mirela-eurovision\/#primaryimage","url":"https:\/\/www.vivaeurovision.com\/wp-content\/uploads\/2017\/01\/nuevo-post-rosa-acoplado1.jpg","contentUrl":"https:\/\/www.vivaeurovision.com\/wp-content\/uploads\/2017\/01\/nuevo-post-rosa-acoplado1.jpg","width":1181,"height":552,"caption":"vivaeurovision"},{"@type":"BreadcrumbList","@id":"https:\/\/www.vivaeurovision.com\/index.php\/2017\/01\/22\/3629-mirela-eurovision\/#breadcrumb","itemListElement":[{"@type":"ListItem","position":1,"name":"Portada","item":"https:\/\/www.vivaeurovision.com\/"},{"@type":"ListItem","position":2,"name":"\u00abObjetivo Eurovisi\u00f3n 2017\u00bb Mirela: El calor de los eurofans y de todo el p\u00fablico que te apoya es lo m\u00e1s grande que puede tener un artista"}]},{"@type":"WebSite","@id":"https:\/\/www.vivaeurovision.com\/#website","url":"https:\/\/www.vivaeurovision.com\/","name":"VIVAEUROVISION viva eurovision","description":"Tu portal sobre el Festival de Eurovision, eurovision, eurovisi\u00f3n","publisher":{"@id":"https:\/\/www.vivaeurovision.com\/#organization"},"potentialAction":[{"@type":"SearchAction","target":{"@type":"EntryPoint","urlTemplate":"https:\/\/www.vivaeurovision.com\/?s={search_term_string}"},"query-input":{"@type":"PropertyValueSpecification","valueRequired":true,"valueName":"search_term_string"}}],"inLanguage":"es"},{"@type":"Organization","@id":"https:\/\/www.vivaeurovision.com\/#organization","name":"vivaeurovision","url":"https:\/\/www.vivaeurovision.com\/","logo":{"@type":"ImageObject","inLanguage":"es","@id":"https:\/\/www.vivaeurovision.com\/#\/schema\/logo\/image\/","url":"https:\/\/www.vivaeurovision.com\/wp-content\/uploads\/2016\/01\/cropped-image-21-1.jpeg","contentUrl":"https:\/\/www.vivaeurovision.com\/wp-content\/uploads\/2016\/01\/cropped-image-21-1.jpeg","width":669,"height":368,"caption":"vivaeurovision"},"image":{"@id":"https:\/\/www.vivaeurovision.com\/#\/schema\/logo\/image\/"}},{"@type":"Person","@id":"https:\/\/www.vivaeurovision.com\/#\/schema\/person\/1d31fdaa3f5f7df556f73d164bd3c47a","name":"Pedro Palomo","image":{"@type":"ImageObject","inLanguage":"es","@id":"https:\/\/secure.gravatar.com\/avatar\/4cf9a4877f5f71f44fb7cedbe1bac1bd28bd8ce7a217517d98d5b2117f9f5505?s=96&d=mm&r=g","url":"https:\/\/secure.gravatar.com\/avatar\/4cf9a4877f5f71f44fb7cedbe1bac1bd28bd8ce7a217517d98d5b2117f9f5505?s=96&d=mm&r=g","contentUrl":"https:\/\/secure.gravatar.com\/avatar\/4cf9a4877f5f71f44fb7cedbe1bac1bd28bd8ce7a217517d98d5b2117f9f5505?s=96&d=mm&r=g","caption":"Pedro Palomo"},"sameAs":["http:\/\/www.vivaeurovision.com","@pedrobcn","https:\/\/x.com\/@pedropalomobcn"]}]}},"_links":{"self":[{"href":"https:\/\/www.vivaeurovision.com\/index.php\/wp-json\/wp\/v2\/posts\/3629","targetHints":{"allow":["GET"]}}],"collection":[{"href":"https:\/\/www.vivaeurovision.com\/index.php\/wp-json\/wp\/v2\/posts"}],"about":[{"href":"https:\/\/www.vivaeurovision.com\/index.php\/wp-json\/wp\/v2\/types\/post"}],"author":[{"embeddable":true,"href":"https:\/\/www.vivaeurovision.com\/index.php\/wp-json\/wp\/v2\/users\/1"}],"replies":[{"embeddable":true,"href":"https:\/\/www.vivaeurovision.com\/index.php\/wp-json\/wp\/v2\/comments?post=3629"}],"version-history":[{"count":0,"href":"https:\/\/www.vivaeurovision.com\/index.php\/wp-json\/wp\/v2\/posts\/3629\/revisions"}],"wp:featuredmedia":[{"embeddable":true,"href":"https:\/\/www.vivaeurovision.com\/index.php\/wp-json\/wp\/v2\/media\/3630"}],"wp:attachment":[{"href":"https:\/\/www.vivaeurovision.com\/index.php\/wp-json\/wp\/v2\/media?parent=3629"}],"wp:term":[{"taxonomy":"category","embeddable":true,"href":"https:\/\/www.vivaeurovision.com\/index.php\/wp-json\/wp\/v2\/categories?post=3629"},{"taxonomy":"post_tag","embeddable":true,"href":"https:\/\/www.vivaeurovision.com\/index.php\/wp-json\/wp\/v2\/tags?post=3629"}],"curies":[{"name":"wp","href":"https:\/\/api.w.org\/{rel}","templated":true}]}}