{"id":3662,"date":"2017-01-31T14:14:38","date_gmt":"2017-01-31T14:14:38","guid":{"rendered":"http:\/\/www.vivaeurovision.com\/?p=3662"},"modified":"2017-01-31T14:14:38","modified_gmt":"2017-01-31T14:14:38","slug":"3662-eurovision-2017","status":"publish","type":"post","link":"https:\/\/www.vivaeurovision.com\/index.php\/2017\/01\/31\/3662-eurovision-2017\/","title":{"rendered":"Presentado el escenario de Eurovisi\u00f3n 2017 y el sorteo de las semifinales \u00abEspa\u00f1a emitir\u00e1 y votar\u00e1 en la primera semifinal\u00bb"},"content":{"rendered":"<p>Hoy se ha \u00a0celebrado el sorteo de las semifinales para la pr\u00f3xima edici\u00f3n del Festival de Eurovisi\u00f3n y adem\u00e1s se ha presentado el primer boceto del escenario.<\/p>\n<p><img loading=\"lazy\" decoding=\"async\" class=\"alignnone size-medium wp-image-3686\" src=\"http:\/\/www.vivaeurovision.com\/wp-content\/uploads\/2017\/01\/IMG_1488-300x147.png\" alt=\"eurovision\" width=\"300\" height=\"147\" srcset=\"https:\/\/www.vivaeurovision.com\/wp-content\/uploads\/2017\/01\/IMG_1488-300x147.png 300w, https:\/\/www.vivaeurovision.com\/wp-content\/uploads\/2017\/01\/IMG_1488.png 600w\" sizes=\"auto, (max-width: 300px) 100vw, 300px\" \/><\/p>\n<p>Espa\u00f1a, Italia y Reino Unido votar\u00e1n en la primera semifinal el pr\u00f3ximo 9 de mayo.<\/p>\n<p>Francia, Alemania y Ucrania votar\u00e1n en la segunda semifinal el 11 de mayo.<\/p>\n<p><img loading=\"lazy\" decoding=\"async\" class=\"alignnone size-medium wp-image-3687\" src=\"http:\/\/www.vivaeurovision.com\/wp-content\/uploads\/2017\/01\/IMG_1491-300x168.jpg\" alt=\"eurovision\" width=\"300\" height=\"168\" srcset=\"https:\/\/www.vivaeurovision.com\/wp-content\/uploads\/2017\/01\/IMG_1491-300x168.jpg 300w, https:\/\/www.vivaeurovision.com\/wp-content\/uploads\/2017\/01\/IMG_1491.jpg 600w\" sizes=\"auto, (max-width: 300px) 100vw, 300px\" \/><\/p>\n<p>Primera \u00a0Semifinal<\/p>\n<p><strong>Primera Mitad<\/strong><br \/>\nMontenegro<br \/>\nFinlandia<br \/>\nGeorgia<br \/>\nPortugal<br \/>\nB\u00e9lgica<br \/>\nSuecia<br \/>\nAlbania<br \/>\nAzerbaijan<br \/>\nAustralia<br \/>\n<strong>Segunda mitad<\/strong><br \/>\nChipre<br \/>\nEslovenia<br \/>\nArmenia<br \/>\nMoldavia<br \/>\nRep\u00fablica Checa<br \/>\nLetonia<br \/>\nIslandia<br \/>\nGrecia<br \/>\nPolonia<\/p>\n<p>&nbsp;<\/p>\n<p>Segunda Semifinal<\/p>\n<p><strong>Primera Mitad<\/strong><br \/>\nF.Y.R. Macedonia<br \/>\nMalta<br \/>\nPa\u00edses Bajos<br \/>\nSerbia<br \/>\nDinamarca<br \/>\nRusia<br \/>\nRuman\u00eda<br \/>\nHungr\u00eda<br \/>\nAustria<br \/>\nIrlanda<br \/>\n<strong>Segunda Mitad<\/strong><br \/>\nSuiza<br \/>\nEstonia<br \/>\nIsrael<br \/>\nBulgaria<br \/>\nSan Marino<br \/>\nLituania<br \/>\nCroacia<br \/>\nNoruega<br \/>\nBielorrusia<br \/>\nLas dos ganadoras de Ucrania Ruslana \u00ab2004\u00bb y Jamala \u00ab2016\u00bb han estado presentes durante toda la ceremonia, donde adem\u00e1s Estocolmo ha pasado el testigo a la actual ciudad anfitriona KIEV 2017.<br \/>\n<iframe loading=\"lazy\" src=\"https:\/\/www.youtube.com\/embed\/oU6-80sPdfc\" width=\"560\" height=\"315\" frameborder=\"0\" allowfullscreen=\"allowfullscreen\"><\/iframe><br \/>\n<img loading=\"lazy\" decoding=\"async\" class=\"alignnone size-medium wp-image-311\" src=\"http:\/\/www.vivaeurovision.com\/wp-content\/uploads\/2016\/01\/image-21-300x165.jpeg\" alt=\"VIVAEUROVISION.COM\" width=\"300\" height=\"165\" srcset=\"https:\/\/www.vivaeurovision.com\/wp-content\/uploads\/2016\/01\/image-21-300x165.jpeg 300w, https:\/\/www.vivaeurovision.com\/wp-content\/uploads\/2016\/01\/image-21-555x305.jpeg 555w, https:\/\/www.vivaeurovision.com\/wp-content\/uploads\/2016\/01\/image-21.jpeg 669w\" sizes=\"auto, (max-width: 300px) 100vw, 300px\" \/><\/p>\n<p>Twitter\u00a0<strong> <a href=\"https:\/\/twitter.com\/viva_eurovision\" target=\"_blank\"><span style=\"color: #0066cc;\">@viva_eurovision<\/span><\/a>\u00a0 <a href=\"https:\/\/www.facebook.com\/Vivaeurovisioncom-867806686671081\/?fref=nf\" target=\"_blank\"><span style=\"color: #0066cc;\">FACEBOOK OFICIAL VIVA EUROVISION <\/span><\/a><\/strong>Instragram <strong>\u00a0<\/strong><a href=\"https:\/\/www.instagram.com\/vivaeurovision\/\" target=\"_blank\"><strong>@vivaeurovision<\/strong><\/a><\/p>\n<p>Redactor: Pedro Palomo <a href=\"https:\/\/twitter.com\/pedropalomobcn?lang=es\"><strong><span style=\"color: #0066cc;\">@pedropalomobcn<\/span><\/strong><\/a><strong>\u00a0<\/strong>Instagram <a href=\"https:\/\/www.instagram.com\/pedrobcn\/\" target=\"_blank\"><strong>@pedrobcn<\/strong><\/a><\/p>\n<p>Im\u00e1genes: \u00a9eurovision.tv<\/p>\n","protected":false},"excerpt":{"rendered":"<p>Hoy se ha \u00a0celebrado el sorteo de las semifinales para la pr\u00f3xima edici\u00f3n del Festival de Eurovisi\u00f3n y adem\u00e1s se ha presentado el primer boceto del escenario. Espa\u00f1a, Italia y&#46;&#46;&#46;<\/p>\n","protected":false},"author":1,"featured_media":3690,"comment_status":"open","ping_status":"open","sticky":false,"template":"","format":"standard","meta":{"_exactmetrics_skip_tracking":false,"_exactmetrics_sitenote_active":false,"_exactmetrics_sitenote_note":"","_exactmetrics_sitenote_category":0,"footnotes":""},"categories":[6,1195,876,4,1188,2,3],"tags":[1542,155,17,865,11,670,1543,1017,866,706,1096,1023,34,766,154,23,22],"class_list":["post-3662","post","type-post","status-publish","format-standard","has-post-thumbnail","hentry","category-espana-en-eurovision","category-eurovision-2","category-eurovision-2017","category-eurovision","category-noticia-2","category-noticia","category-ultima-hora","tag-celebrate-diversity","tag-ebu","tag-esc","tag-esc-2017","tag-eurovision","tag-eurovision-2017","tag-eurovision-celebrate-diversity","tag-eurovision-kiev-2017","tag-eurovision-song-contest-2017","tag-eurovision-song-contest-festival","tag-festival-de-eurovision","tag-kiev-2017","tag-noticia","tag-pedro-palomo-vivaeurovision","tag-uer","tag-viva-eurovision","tag-vivaeurovision"],"yoast_head":"<!-- This site is optimized with the Yoast SEO plugin v27.5 - https:\/\/yoast.com\/product\/yoast-seo-wordpress\/ -->\n<title>Presentado el escenario de Eurovisi\u00f3n 2017 y el sorteo de las semifinales &quot;Espa\u00f1a emitir\u00e1 y votar\u00e1 en la primera semifinal&quot; - VIVAEUROVISION viva eurovision<\/title>\n<meta name=\"robots\" content=\"index, follow, max-snippet:-1, max-image-preview:large, max-video-preview:-1\" \/>\n<link rel=\"canonical\" href=\"https:\/\/www.vivaeurovision.com\/index.php\/2017\/01\/31\/3662-eurovision-2017\/\" \/>\n<meta property=\"og:locale\" content=\"es_ES\" \/>\n<meta property=\"og:type\" content=\"article\" \/>\n<meta property=\"og:title\" content=\"Presentado el escenario de Eurovisi\u00f3n 2017 y el sorteo de las semifinales &quot;Espa\u00f1a emitir\u00e1 y votar\u00e1 en la primera semifinal&quot; - VIVAEUROVISION viva eurovision\" \/>\n<meta property=\"og:description\" content=\"Hoy se ha \u00a0celebrado el sorteo de las semifinales para la pr\u00f3xima edici\u00f3n del Festival de Eurovisi\u00f3n y adem\u00e1s se ha presentado el primer boceto del escenario. Espa\u00f1a, Italia y&#046;&#046;&#046;\" \/>\n<meta property=\"og:url\" content=\"https:\/\/www.vivaeurovision.com\/index.php\/2017\/01\/31\/3662-eurovision-2017\/\" \/>\n<meta property=\"og:site_name\" content=\"VIVAEUROVISION viva eurovision\" \/>\n<meta property=\"article:published_time\" content=\"2017-01-31T14:14:38+00:00\" \/>\n<meta property=\"og:image\" content=\"https:\/\/www.vivaeurovision.com\/wp-content\/uploads\/2017\/01\/IMG_1487.png\" \/>\n\t<meta property=\"og:image:width\" content=\"1200\" \/>\n\t<meta property=\"og:image:height\" content=\"587\" \/>\n\t<meta property=\"og:image:type\" content=\"image\/png\" \/>\n<meta name=\"author\" content=\"Pedro Palomo\" \/>\n<meta name=\"twitter:card\" content=\"summary_large_image\" \/>\n<meta name=\"twitter:creator\" content=\"@pedropalomobcn\" \/>\n<meta name=\"twitter:label1\" content=\"Escrito por\" \/>\n\t<meta name=\"twitter:data1\" content=\"Pedro Palomo\" \/>\n\t<meta name=\"twitter:label2\" content=\"Tiempo de lectura\" \/>\n\t<meta name=\"twitter:data2\" content=\"1 minuto\" \/>\n<script type=\"application\/ld+json\" class=\"yoast-schema-graph\">{\"@context\":\"https:\\\/\\\/schema.org\",\"@graph\":[{\"@type\":\"Article\",\"@id\":\"https:\\\/\\\/www.vivaeurovision.com\\\/index.php\\\/2017\\\/01\\\/31\\\/3662-eurovision-2017\\\/#article\",\"isPartOf\":{\"@id\":\"https:\\\/\\\/www.vivaeurovision.com\\\/index.php\\\/2017\\\/01\\\/31\\\/3662-eurovision-2017\\\/\"},\"author\":{\"name\":\"Pedro Palomo\",\"@id\":\"https:\\\/\\\/www.vivaeurovision.com\\\/#\\\/schema\\\/person\\\/1d31fdaa3f5f7df556f73d164bd3c47a\"},\"headline\":\"Presentado el escenario de Eurovisi\u00f3n 2017 y el sorteo de las semifinales \u00abEspa\u00f1a emitir\u00e1 y votar\u00e1 en la primera semifinal\u00bb\",\"datePublished\":\"2017-01-31T14:14:38+00:00\",\"mainEntityOfPage\":{\"@id\":\"https:\\\/\\\/www.vivaeurovision.com\\\/index.php\\\/2017\\\/01\\\/31\\\/3662-eurovision-2017\\\/\"},\"wordCount\":191,\"commentCount\":0,\"publisher\":{\"@id\":\"https:\\\/\\\/www.vivaeurovision.com\\\/#organization\"},\"image\":{\"@id\":\"https:\\\/\\\/www.vivaeurovision.com\\\/index.php\\\/2017\\\/01\\\/31\\\/3662-eurovision-2017\\\/#primaryimage\"},\"thumbnailUrl\":\"https:\\\/\\\/www.vivaeurovision.com\\\/wp-content\\\/uploads\\\/2017\\\/01\\\/IMG_1487.png\",\"keywords\":[\"celebrate diversity\",\"ebu\",\"ESC\",\"esc 2017\",\"Eurovision\",\"Eurovision 2017\",\"eurovision celebrate diversity\",\"eurovision kiev 2017\",\"eurovision song contest 2017\",\"eurovision song contest festival\",\"Festival de Eurovisi\u00f3n\",\"kiev 2017\",\"Noticia\",\"Pedro Palomo Vivaeurovision\",\"uer\",\"viva eurovision\",\"vivaeurovision\"],\"articleSection\":[\"Espa\u00f1a en Eurovisi\u00f3n\",\"eurovision\",\"Eurovisi\u00f3n 2017\",\"Inicio\",\"Noticia\",\"Noticias\",\"Ultima Hora\"],\"inLanguage\":\"es\",\"potentialAction\":[{\"@type\":\"CommentAction\",\"name\":\"Comment\",\"target\":[\"https:\\\/\\\/www.vivaeurovision.com\\\/index.php\\\/2017\\\/01\\\/31\\\/3662-eurovision-2017\\\/#respond\"]}]},{\"@type\":\"WebPage\",\"@id\":\"https:\\\/\\\/www.vivaeurovision.com\\\/index.php\\\/2017\\\/01\\\/31\\\/3662-eurovision-2017\\\/\",\"url\":\"https:\\\/\\\/www.vivaeurovision.com\\\/index.php\\\/2017\\\/01\\\/31\\\/3662-eurovision-2017\\\/\",\"name\":\"Presentado el escenario de Eurovisi\u00f3n 2017 y el sorteo de las semifinales \\\"Espa\u00f1a emitir\u00e1 y votar\u00e1 en la primera semifinal\\\" - VIVAEUROVISION viva eurovision\",\"isPartOf\":{\"@id\":\"https:\\\/\\\/www.vivaeurovision.com\\\/#website\"},\"primaryImageOfPage\":{\"@id\":\"https:\\\/\\\/www.vivaeurovision.com\\\/index.php\\\/2017\\\/01\\\/31\\\/3662-eurovision-2017\\\/#primaryimage\"},\"image\":{\"@id\":\"https:\\\/\\\/www.vivaeurovision.com\\\/index.php\\\/2017\\\/01\\\/31\\\/3662-eurovision-2017\\\/#primaryimage\"},\"thumbnailUrl\":\"https:\\\/\\\/www.vivaeurovision.com\\\/wp-content\\\/uploads\\\/2017\\\/01\\\/IMG_1487.png\",\"datePublished\":\"2017-01-31T14:14:38+00:00\",\"breadcrumb\":{\"@id\":\"https:\\\/\\\/www.vivaeurovision.com\\\/index.php\\\/2017\\\/01\\\/31\\\/3662-eurovision-2017\\\/#breadcrumb\"},\"inLanguage\":\"es\",\"potentialAction\":[{\"@type\":\"ReadAction\",\"target\":[\"https:\\\/\\\/www.vivaeurovision.com\\\/index.php\\\/2017\\\/01\\\/31\\\/3662-eurovision-2017\\\/\"]}]},{\"@type\":\"ImageObject\",\"inLanguage\":\"es\",\"@id\":\"https:\\\/\\\/www.vivaeurovision.com\\\/index.php\\\/2017\\\/01\\\/31\\\/3662-eurovision-2017\\\/#primaryimage\",\"url\":\"https:\\\/\\\/www.vivaeurovision.com\\\/wp-content\\\/uploads\\\/2017\\\/01\\\/IMG_1487.png\",\"contentUrl\":\"https:\\\/\\\/www.vivaeurovision.com\\\/wp-content\\\/uploads\\\/2017\\\/01\\\/IMG_1487.png\",\"width\":1200,\"height\":587},{\"@type\":\"BreadcrumbList\",\"@id\":\"https:\\\/\\\/www.vivaeurovision.com\\\/index.php\\\/2017\\\/01\\\/31\\\/3662-eurovision-2017\\\/#breadcrumb\",\"itemListElement\":[{\"@type\":\"ListItem\",\"position\":1,\"name\":\"Portada\",\"item\":\"https:\\\/\\\/www.vivaeurovision.com\\\/\"},{\"@type\":\"ListItem\",\"position\":2,\"name\":\"Presentado el escenario de Eurovisi\u00f3n 2017 y el sorteo de las semifinales \u00abEspa\u00f1a emitir\u00e1 y votar\u00e1 en la primera semifinal\u00bb\"}]},{\"@type\":\"WebSite\",\"@id\":\"https:\\\/\\\/www.vivaeurovision.com\\\/#website\",\"url\":\"https:\\\/\\\/www.vivaeurovision.com\\\/\",\"name\":\"VIVAEUROVISION viva eurovision\",\"description\":\"Tu portal sobre el Festival de Eurovision, eurovision, eurovisi\u00f3n\",\"publisher\":{\"@id\":\"https:\\\/\\\/www.vivaeurovision.com\\\/#organization\"},\"potentialAction\":[{\"@type\":\"SearchAction\",\"target\":{\"@type\":\"EntryPoint\",\"urlTemplate\":\"https:\\\/\\\/www.vivaeurovision.com\\\/?s={search_term_string}\"},\"query-input\":{\"@type\":\"PropertyValueSpecification\",\"valueRequired\":true,\"valueName\":\"search_term_string\"}}],\"inLanguage\":\"es\"},{\"@type\":\"Organization\",\"@id\":\"https:\\\/\\\/www.vivaeurovision.com\\\/#organization\",\"name\":\"vivaeurovision\",\"url\":\"https:\\\/\\\/www.vivaeurovision.com\\\/\",\"logo\":{\"@type\":\"ImageObject\",\"inLanguage\":\"es\",\"@id\":\"https:\\\/\\\/www.vivaeurovision.com\\\/#\\\/schema\\\/logo\\\/image\\\/\",\"url\":\"https:\\\/\\\/www.vivaeurovision.com\\\/wp-content\\\/uploads\\\/2016\\\/01\\\/cropped-image-21-1.jpeg\",\"contentUrl\":\"https:\\\/\\\/www.vivaeurovision.com\\\/wp-content\\\/uploads\\\/2016\\\/01\\\/cropped-image-21-1.jpeg\",\"width\":669,\"height\":368,\"caption\":\"vivaeurovision\"},\"image\":{\"@id\":\"https:\\\/\\\/www.vivaeurovision.com\\\/#\\\/schema\\\/logo\\\/image\\\/\"}},{\"@type\":\"Person\",\"@id\":\"https:\\\/\\\/www.vivaeurovision.com\\\/#\\\/schema\\\/person\\\/1d31fdaa3f5f7df556f73d164bd3c47a\",\"name\":\"Pedro Palomo\",\"image\":{\"@type\":\"ImageObject\",\"inLanguage\":\"es\",\"@id\":\"https:\\\/\\\/secure.gravatar.com\\\/avatar\\\/4cf9a4877f5f71f44fb7cedbe1bac1bd28bd8ce7a217517d98d5b2117f9f5505?s=96&d=mm&r=g\",\"url\":\"https:\\\/\\\/secure.gravatar.com\\\/avatar\\\/4cf9a4877f5f71f44fb7cedbe1bac1bd28bd8ce7a217517d98d5b2117f9f5505?s=96&d=mm&r=g\",\"contentUrl\":\"https:\\\/\\\/secure.gravatar.com\\\/avatar\\\/4cf9a4877f5f71f44fb7cedbe1bac1bd28bd8ce7a217517d98d5b2117f9f5505?s=96&d=mm&r=g\",\"caption\":\"Pedro Palomo\"},\"sameAs\":[\"http:\\\/\\\/www.vivaeurovision.com\",\"@pedrobcn\",\"https:\\\/\\\/x.com\\\/@pedropalomobcn\"]}]}<\/script>\n<!-- \/ Yoast SEO plugin. -->","yoast_head_json":{"title":"Presentado el escenario de Eurovisi\u00f3n 2017 y el sorteo de las semifinales \"Espa\u00f1a emitir\u00e1 y votar\u00e1 en la primera semifinal\" - VIVAEUROVISION viva eurovision","robots":{"index":"index","follow":"follow","max-snippet":"max-snippet:-1","max-image-preview":"max-image-preview:large","max-video-preview":"max-video-preview:-1"},"canonical":"https:\/\/www.vivaeurovision.com\/index.php\/2017\/01\/31\/3662-eurovision-2017\/","og_locale":"es_ES","og_type":"article","og_title":"Presentado el escenario de Eurovisi\u00f3n 2017 y el sorteo de las semifinales \"Espa\u00f1a emitir\u00e1 y votar\u00e1 en la primera semifinal\" - VIVAEUROVISION viva eurovision","og_description":"Hoy se ha \u00a0celebrado el sorteo de las semifinales para la pr\u00f3xima edici\u00f3n del Festival de Eurovisi\u00f3n y adem\u00e1s se ha presentado el primer boceto del escenario. Espa\u00f1a, Italia y&#46;&#46;&#46;","og_url":"https:\/\/www.vivaeurovision.com\/index.php\/2017\/01\/31\/3662-eurovision-2017\/","og_site_name":"VIVAEUROVISION viva eurovision","article_published_time":"2017-01-31T14:14:38+00:00","og_image":[{"width":1200,"height":587,"url":"https:\/\/www.vivaeurovision.com\/wp-content\/uploads\/2017\/01\/IMG_1487.png","type":"image\/png"}],"author":"Pedro Palomo","twitter_card":"summary_large_image","twitter_creator":"@pedropalomobcn","twitter_misc":{"Escrito por":"Pedro Palomo","Tiempo de lectura":"1 minuto"},"schema":{"@context":"https:\/\/schema.org","@graph":[{"@type":"Article","@id":"https:\/\/www.vivaeurovision.com\/index.php\/2017\/01\/31\/3662-eurovision-2017\/#article","isPartOf":{"@id":"https:\/\/www.vivaeurovision.com\/index.php\/2017\/01\/31\/3662-eurovision-2017\/"},"author":{"name":"Pedro Palomo","@id":"https:\/\/www.vivaeurovision.com\/#\/schema\/person\/1d31fdaa3f5f7df556f73d164bd3c47a"},"headline":"Presentado el escenario de Eurovisi\u00f3n 2017 y el sorteo de las semifinales \u00abEspa\u00f1a emitir\u00e1 y votar\u00e1 en la primera semifinal\u00bb","datePublished":"2017-01-31T14:14:38+00:00","mainEntityOfPage":{"@id":"https:\/\/www.vivaeurovision.com\/index.php\/2017\/01\/31\/3662-eurovision-2017\/"},"wordCount":191,"commentCount":0,"publisher":{"@id":"https:\/\/www.vivaeurovision.com\/#organization"},"image":{"@id":"https:\/\/www.vivaeurovision.com\/index.php\/2017\/01\/31\/3662-eurovision-2017\/#primaryimage"},"thumbnailUrl":"https:\/\/www.vivaeurovision.com\/wp-content\/uploads\/2017\/01\/IMG_1487.png","keywords":["celebrate diversity","ebu","ESC","esc 2017","Eurovision","Eurovision 2017","eurovision celebrate diversity","eurovision kiev 2017","eurovision song contest 2017","eurovision song contest festival","Festival de Eurovisi\u00f3n","kiev 2017","Noticia","Pedro Palomo Vivaeurovision","uer","viva eurovision","vivaeurovision"],"articleSection":["Espa\u00f1a en Eurovisi\u00f3n","eurovision","Eurovisi\u00f3n 2017","Inicio","Noticia","Noticias","Ultima Hora"],"inLanguage":"es","potentialAction":[{"@type":"CommentAction","name":"Comment","target":["https:\/\/www.vivaeurovision.com\/index.php\/2017\/01\/31\/3662-eurovision-2017\/#respond"]}]},{"@type":"WebPage","@id":"https:\/\/www.vivaeurovision.com\/index.php\/2017\/01\/31\/3662-eurovision-2017\/","url":"https:\/\/www.vivaeurovision.com\/index.php\/2017\/01\/31\/3662-eurovision-2017\/","name":"Presentado el escenario de Eurovisi\u00f3n 2017 y el sorteo de las semifinales \"Espa\u00f1a emitir\u00e1 y votar\u00e1 en la primera semifinal\" - VIVAEUROVISION viva eurovision","isPartOf":{"@id":"https:\/\/www.vivaeurovision.com\/#website"},"primaryImageOfPage":{"@id":"https:\/\/www.vivaeurovision.com\/index.php\/2017\/01\/31\/3662-eurovision-2017\/#primaryimage"},"image":{"@id":"https:\/\/www.vivaeurovision.com\/index.php\/2017\/01\/31\/3662-eurovision-2017\/#primaryimage"},"thumbnailUrl":"https:\/\/www.vivaeurovision.com\/wp-content\/uploads\/2017\/01\/IMG_1487.png","datePublished":"2017-01-31T14:14:38+00:00","breadcrumb":{"@id":"https:\/\/www.vivaeurovision.com\/index.php\/2017\/01\/31\/3662-eurovision-2017\/#breadcrumb"},"inLanguage":"es","potentialAction":[{"@type":"ReadAction","target":["https:\/\/www.vivaeurovision.com\/index.php\/2017\/01\/31\/3662-eurovision-2017\/"]}]},{"@type":"ImageObject","inLanguage":"es","@id":"https:\/\/www.vivaeurovision.com\/index.php\/2017\/01\/31\/3662-eurovision-2017\/#primaryimage","url":"https:\/\/www.vivaeurovision.com\/wp-content\/uploads\/2017\/01\/IMG_1487.png","contentUrl":"https:\/\/www.vivaeurovision.com\/wp-content\/uploads\/2017\/01\/IMG_1487.png","width":1200,"height":587},{"@type":"BreadcrumbList","@id":"https:\/\/www.vivaeurovision.com\/index.php\/2017\/01\/31\/3662-eurovision-2017\/#breadcrumb","itemListElement":[{"@type":"ListItem","position":1,"name":"Portada","item":"https:\/\/www.vivaeurovision.com\/"},{"@type":"ListItem","position":2,"name":"Presentado el escenario de Eurovisi\u00f3n 2017 y el sorteo de las semifinales \u00abEspa\u00f1a emitir\u00e1 y votar\u00e1 en la primera semifinal\u00bb"}]},{"@type":"WebSite","@id":"https:\/\/www.vivaeurovision.com\/#website","url":"https:\/\/www.vivaeurovision.com\/","name":"VIVAEUROVISION viva eurovision","description":"Tu portal sobre el Festival de Eurovision, eurovision, eurovisi\u00f3n","publisher":{"@id":"https:\/\/www.vivaeurovision.com\/#organization"},"potentialAction":[{"@type":"SearchAction","target":{"@type":"EntryPoint","urlTemplate":"https:\/\/www.vivaeurovision.com\/?s={search_term_string}"},"query-input":{"@type":"PropertyValueSpecification","valueRequired":true,"valueName":"search_term_string"}}],"inLanguage":"es"},{"@type":"Organization","@id":"https:\/\/www.vivaeurovision.com\/#organization","name":"vivaeurovision","url":"https:\/\/www.vivaeurovision.com\/","logo":{"@type":"ImageObject","inLanguage":"es","@id":"https:\/\/www.vivaeurovision.com\/#\/schema\/logo\/image\/","url":"https:\/\/www.vivaeurovision.com\/wp-content\/uploads\/2016\/01\/cropped-image-21-1.jpeg","contentUrl":"https:\/\/www.vivaeurovision.com\/wp-content\/uploads\/2016\/01\/cropped-image-21-1.jpeg","width":669,"height":368,"caption":"vivaeurovision"},"image":{"@id":"https:\/\/www.vivaeurovision.com\/#\/schema\/logo\/image\/"}},{"@type":"Person","@id":"https:\/\/www.vivaeurovision.com\/#\/schema\/person\/1d31fdaa3f5f7df556f73d164bd3c47a","name":"Pedro Palomo","image":{"@type":"ImageObject","inLanguage":"es","@id":"https:\/\/secure.gravatar.com\/avatar\/4cf9a4877f5f71f44fb7cedbe1bac1bd28bd8ce7a217517d98d5b2117f9f5505?s=96&d=mm&r=g","url":"https:\/\/secure.gravatar.com\/avatar\/4cf9a4877f5f71f44fb7cedbe1bac1bd28bd8ce7a217517d98d5b2117f9f5505?s=96&d=mm&r=g","contentUrl":"https:\/\/secure.gravatar.com\/avatar\/4cf9a4877f5f71f44fb7cedbe1bac1bd28bd8ce7a217517d98d5b2117f9f5505?s=96&d=mm&r=g","caption":"Pedro Palomo"},"sameAs":["http:\/\/www.vivaeurovision.com","@pedrobcn","https:\/\/x.com\/@pedropalomobcn"]}]}},"_links":{"self":[{"href":"https:\/\/www.vivaeurovision.com\/index.php\/wp-json\/wp\/v2\/posts\/3662","targetHints":{"allow":["GET"]}}],"collection":[{"href":"https:\/\/www.vivaeurovision.com\/index.php\/wp-json\/wp\/v2\/posts"}],"about":[{"href":"https:\/\/www.vivaeurovision.com\/index.php\/wp-json\/wp\/v2\/types\/post"}],"author":[{"embeddable":true,"href":"https:\/\/www.vivaeurovision.com\/index.php\/wp-json\/wp\/v2\/users\/1"}],"replies":[{"embeddable":true,"href":"https:\/\/www.vivaeurovision.com\/index.php\/wp-json\/wp\/v2\/comments?post=3662"}],"version-history":[{"count":0,"href":"https:\/\/www.vivaeurovision.com\/index.php\/wp-json\/wp\/v2\/posts\/3662\/revisions"}],"wp:featuredmedia":[{"embeddable":true,"href":"https:\/\/www.vivaeurovision.com\/index.php\/wp-json\/wp\/v2\/media\/3690"}],"wp:attachment":[{"href":"https:\/\/www.vivaeurovision.com\/index.php\/wp-json\/wp\/v2\/media?parent=3662"}],"wp:term":[{"taxonomy":"category","embeddable":true,"href":"https:\/\/www.vivaeurovision.com\/index.php\/wp-json\/wp\/v2\/categories?post=3662"},{"taxonomy":"post_tag","embeddable":true,"href":"https:\/\/www.vivaeurovision.com\/index.php\/wp-json\/wp\/v2\/tags?post=3662"}],"curies":[{"name":"wp","href":"https:\/\/api.w.org\/{rel}","templated":true}]}}