{"id":3731,"date":"2017-02-04T23:21:48","date_gmt":"2017-02-04T23:21:48","guid":{"rendered":"http:\/\/www.vivaeurovision.com\/?p=3731"},"modified":"2017-02-04T23:21:48","modified_gmt":"2017-02-04T23:21:48","slug":"objetivo-eurovision-2017-2","status":"publish","type":"post","link":"https:\/\/www.vivaeurovision.com\/index.php\/2017\/02\/04\/objetivo-eurovision-2017-2\/","title":{"rendered":"11 DE FEBRERO GRAN FINAL DE OBJETIVO EUROVISI\u00d3N 2017"},"content":{"rendered":"<p>La gran final de Objetivo Eurovisi\u00f3n 2017, se celebrar\u00e1 el pr\u00f3ximo d\u00eda 11 de febrero. El ente p\u00fablico ha elegido de nuevo el s\u00e1bado como ya ocurri\u00f3 en la preselecci\u00f3n Mira qui\u00e9n va a Eurovisi\u00f3n en 2014.<\/p>\n<p>Dentro de una semana sabremos ya qui\u00e9n representar\u00e1 a Espa\u00f1a en el Festival de Eurovisi\u00f3n.<\/p>\n<h2>11 DE FEBRERO GRAN FINAL DE OBJETIVO EUROVISI\u00d3N 2017<\/h2>\n<p>Viento y Agua films junto con RTVE se encargar\u00e1n de la producci\u00f3n de la gala como en a\u00f1os anteriores, la parte t\u00e9cnica de sonido e iluminaci\u00f3n ser\u00e1 RTVE quien tomar\u00e1 la riendas en este asunto.<\/p>\n<p>La gala ser\u00e1 presentada por el <strong>Jaime Cantizano<\/strong>, un aire renovado en RTVE con el gran maestro de ceremonias, que ya declar\u00f3 que estamos ante la mejor preselecci\u00f3n en muchos a\u00f1os.<\/p>\n<p><img loading=\"lazy\" decoding=\"async\" class=\"alignnone size-medium wp-image-3701\" src=\"http:\/\/www.vivaeurovision.com\/wp-content\/uploads\/2017\/02\/jaimecantizano-300x140.jpg\" alt=\"eurovision\" width=\"300\" height=\"140\" srcset=\"https:\/\/www.vivaeurovision.com\/wp-content\/uploads\/2017\/02\/jaimecantizano-300x140.jpg 300w, https:\/\/www.vivaeurovision.com\/wp-content\/uploads\/2017\/02\/jaimecantizano-700x327.jpg 700w, https:\/\/www.vivaeurovision.com\/wp-content\/uploads\/2017\/02\/jaimecantizano-520x245.jpg 520w, https:\/\/www.vivaeurovision.com\/wp-content\/uploads\/2017\/02\/jaimecantizano.jpg 1181w\" sizes=\"auto, (max-width: 300px) 100vw, 300px\" \/><\/p>\n<p>El orden de actuaci\u00f3n de los candidatos, ha sido elegido de forma que a nivel t\u00e9cnico por las puestas en escenas y la variedad de estilos, todas las canciones puedan brillar igual, adem\u00e1s todas tendr\u00e1n el mismo tiempo de votaciones.<\/p>\n<p><strong>Las actuaciones ser\u00e1 presentadas en este orden.<\/strong><\/p>\n<p><strong>Manel Navarro<\/strong><\/p>\n<p><strong>Leklein<\/strong><\/p>\n<p><strong>Paula Rojo<\/strong><\/p>\n<p><strong>Mario Jefferson<\/strong><\/p>\n<p><strong>Maika <\/strong><\/p>\n<p><strong>Mirela<\/strong><\/p>\n<p>Desde vivaeurovision, lanzamos hace unos d\u00edas el sondeo para que vot\u00e9is, por vuestro candidato\/a favorito\/a para representar a Espa\u00f1a en el pr\u00f3ximo Festival de Eurovisi\u00f3n 2017, que se celebra en Kiev los pr\u00f3ximos 9,11 y 13 de mayo.<\/p>\n<p>Hemos tenido la oportunidad de poder hablar con cada uno de ellos, la primera fue <strong>Leklein<\/strong> ganadora del Eurocasting online, seguidamente entrevistamos a <strong>Maika, Mario Jefferson, Mirela, Paula Rojo y Manel Navarro.<\/strong><\/p>\n<p><strong>VOTA POR TU FAVORITO<\/strong><\/p>\n<p>[wpdevart_poll id=\u00bb8&#8243; theme=\u00bb0&#8243;]<\/p>\n<p>Aqu\u00ed os dejamos los enlaces de las entrevistas a los 6 candidatos de Objetivo Eurovisi\u00f3n, quedan muy pocos d\u00edas para conocer quien representar\u00e1 a Espa\u00f1a en Eurovisi\u00f3n 2017.<\/p>\n<p><strong>Esperamos que os gusten las entrevistas y escuch\u00e9is lo que cada uno de los 6 candidatos, han expresado en las entrevistas realizadas por Pedro Palomo, fundador de VIVAEUROVISION. Tambi\u00e9n en cada enlace podr\u00e9is disfrutar de las canciones de cada uno y de unos bonitos v\u00eddeos que cada uno de ellos han dedicado a todos los lectores. Desde vivaeurovision deseamos suerte a los seis y agradecemos la profesionalidad y cercan\u00eda que todos han tenido. Es momento de disfrutar de sus canciones y escuchar lo ellos han expresado en las entrevistas que les hemos realizado.<\/strong><\/p>\n<p>Clica sobre los enlaces.<\/p>\n<h2><span style=\"text-decoration: underline;\"><strong><a href=\"http:\/\/www.vivaeurovision.com\/index.php\/2017\/01\/11\/3434-leklein-eurovision\/\" target=\"_blank\">ENTREVISTA A LEKLEIN<\/a><\/strong><\/span><br \/>\n<iframe loading=\"lazy\" src=\"https:\/\/www.youtube.com\/embed\/92u9RDdCa14\" width=\"560\" height=\"315\" frameborder=\"0\" allowfullscreen=\"allowfullscreen\"><\/iframe><\/h2>\n<h2><span style=\"text-decoration: underline;\"><strong><a href=\"http:\/\/www.vivaeurovision.com\/index.php\/2017\/01\/18\/objetivo-eurovision-2017-maika\/\" target=\"_blank\">ENTREVISTA A MAIKA <\/a><\/strong><\/span><\/h2>\n<h2><iframe loading=\"lazy\" src=\"https:\/\/www.youtube.com\/embed\/gVmf5e-49Gk\" width=\"560\" height=\"315\" frameborder=\"0\" allowfullscreen=\"allowfullscreen\"><\/iframe><\/h2>\n<h2><span style=\"text-decoration: underline;\"><a href=\"http:\/\/www.vivaeurovision.com\/index.php\/2017\/01\/20\/3582-mario-jefferson-objetivo-eurovision\/\" target=\"_blank\">ENTREVISTA A MARIO JEFFERSON<\/a><\/span><\/h2>\n<p><iframe loading=\"lazy\" src=\"https:\/\/www.youtube.com\/embed\/ankgHDmb6Nc\" width=\"560\" height=\"315\" frameborder=\"0\" allowfullscreen=\"allowfullscreen\"><\/iframe><\/p>\n<h2><span style=\"text-decoration: underline;\"><a href=\"http:\/\/www.vivaeurovision.com\/index.php\/2017\/01\/22\/3629-mirela-eurovision\/\" target=\"_blank\">ENTREVISTA A MIRELA<\/a><\/span><\/h2>\n<p><iframe loading=\"lazy\" src=\"https:\/\/www.youtube.com\/embed\/aPIewl0ZfYY\" width=\"560\" height=\"315\" frameborder=\"0\" allowfullscreen=\"allowfullscreen\"><\/iframe><\/p>\n<h2><span style=\"text-decoration: underline;\"><a href=\"http:\/\/www.vivaeurovision.com\/index.php\/2017\/01\/25\/3645-paula-rojo-eurovision\/\" target=\"_blank\">ENTREVISTA A PAULA ROJO<\/a><\/span><\/h2>\n<p><iframe loading=\"lazy\" src=\"https:\/\/www.youtube.com\/embed\/9pdeQCESdlY\" width=\"560\" height=\"315\" frameborder=\"0\" allowfullscreen=\"allowfullscreen\"><\/iframe><\/p>\n<h2><span style=\"text-decoration: underline;\"><a href=\"http:\/\/www.vivaeurovision.com\/index.php\/2017\/01\/30\/manel-navarro-eurovision\/\" target=\"_blank\">ENTREVISTA A MANEL NAVARRO<\/a><\/span><\/h2>\n<p><iframe loading=\"lazy\" src=\"https:\/\/www.youtube.com\/embed\/_8mqiiZ3Sps\" width=\"560\" height=\"315\" frameborder=\"0\" allowfullscreen=\"allowfullscreen\"><\/iframe><\/p>\n<p><img loading=\"lazy\" decoding=\"async\" class=\"alignnone size-medium wp-image-3702\" src=\"http:\/\/www.vivaeurovision.com\/wp-content\/uploads\/2017\/02\/imagenfondonuevo-300x91.jpg\" alt=\"eurovision\" width=\"300\" height=\"91\" srcset=\"https:\/\/www.vivaeurovision.com\/wp-content\/uploads\/2017\/02\/imagenfondonuevo-300x91.jpg 300w, https:\/\/www.vivaeurovision.com\/wp-content\/uploads\/2017\/02\/imagenfondonuevo-700x213.jpg 700w, https:\/\/www.vivaeurovision.com\/wp-content\/uploads\/2017\/02\/imagenfondonuevo.jpg 1980w\" sizes=\"auto, (max-width: 300px) 100vw, 300px\" \/><\/p>\n<p><strong>VOTA POR TU FAVORITO\/A EN NUESTRO SONDEO<\/strong><\/p>\n<p>[wpdevart_poll id=\u00bb8&#8243; theme=\u00bb0&#8243;]<br \/>\n<img loading=\"lazy\" decoding=\"async\" class=\"alignnone size-medium wp-image-311\" src=\"http:\/\/www.vivaeurovision.com\/wp-content\/uploads\/2016\/01\/image-21-300x165.jpeg\" alt=\"VIVAEUROVISION.COM\" width=\"300\" height=\"165\" srcset=\"https:\/\/www.vivaeurovision.com\/wp-content\/uploads\/2016\/01\/image-21-300x165.jpeg 300w, https:\/\/www.vivaeurovision.com\/wp-content\/uploads\/2016\/01\/image-21-555x305.jpeg 555w, https:\/\/www.vivaeurovision.com\/wp-content\/uploads\/2016\/01\/image-21.jpeg 669w\" sizes=\"auto, (max-width: 300px) 100vw, 300px\" \/><\/p>\n<p>Twitter\u00a0<strong> <a href=\"https:\/\/twitter.com\/viva_eurovision\" target=\"_blank\"><span style=\"color: #0066cc;\">@viva_eurovision<\/span><\/a>\u00a0 <a href=\"https:\/\/www.facebook.com\/Vivaeurovisioncom-867806686671081\/?fref=nf\" target=\"_blank\"><span style=\"color: #0066cc;\">FACEBOOK OFICIAL VIVA EUROVISION <\/span><\/a><\/strong>Instragram <strong>\u00a0<\/strong><a href=\"https:\/\/www.instagram.com\/vivaeurovision\/\" target=\"_blank\"><strong>@vivaeurovision<\/strong><\/a><\/p>\n<p>Redactor: Pedro Palomo <a href=\"https:\/\/twitter.com\/pedropalomobcn?lang=es\"><strong><span style=\"color: #0066cc;\">@pedropalomobcn<\/span><\/strong><\/a><strong>\u00a0<\/strong>Instagram <a href=\"https:\/\/www.instagram.com\/pedrobcn\/\" target=\"_blank\"><strong>@pedrobcn<\/strong><\/a><\/p>\n","protected":false},"excerpt":{"rendered":"<p>La gran final de Objetivo Eurovisi\u00f3n 2017, se celebrar\u00e1 el pr\u00f3ximo d\u00eda 11 de febrero. El ente p\u00fablico ha elegido de nuevo el s\u00e1bado como ya ocurri\u00f3 en la preselecci\u00f3n&#46;&#46;&#46;<\/p>\n","protected":false},"author":1,"featured_media":3733,"comment_status":"open","ping_status":"open","sticky":false,"template":"","format":"standard","meta":{"_exactmetrics_skip_tracking":false,"_exactmetrics_sitenote_active":false,"_exactmetrics_sitenote_note":"","_exactmetrics_sitenote_category":0,"footnotes":""},"categories":[5,6,1195,876,4,1188,2,3],"tags":[17,865,870,11,670,866,706,869,1096,1553,1555,1552,1344,1347,1345,1482,1459,1466,1544,1463,1464,1465,1505,902,1477,918,1460,34,139,1146,1461,1513,1462,19,20,766,18,110,57,23,22],"class_list":["post-3731","post","type-post","status-publish","format-standard","has-post-thumbnail","hentry","category-entrevistas","category-espana-en-eurovision","category-eurovision-2","category-eurovision-2017","category-eurovision","category-noticia-2","category-noticia","category-ultima-hora","tag-esc","tag-esc-2017","tag-espana-eurovision-2017","tag-eurovision","tag-eurovision-2017","tag-eurovision-song-contest-2017","tag-eurovision-song-contest-festival","tag-eurovision-spain-2017","tag-festival-de-eurovision","tag-jaime-cantizano","tag-jaime-cantizano-eurovision-2017","tag-jaime-cantizano-objetivo-eurovision","tag-leklein","tag-leklein-objetivo-eurovision","tag-leklein-ouch","tag-maika-momento-critico","tag-maika-objetivo-eurovision","tag-manel-navarro","tag-manel-navarro-do-it-for-your-lover","tag-manel-navarro-objetivo-eurovision","tag-mario-jefferson","tag-mario-jefferson-objetivo-eurovision","tag-mario-jefferson-spin-my-head","tag-mirela","tag-mirela-contigo","tag-mirela-eurovision","tag-mirela-objetivo-eurovision","tag-noticia","tag-objetivo-eurovision","tag-objetivo-eurovision-2017","tag-paula-rojo","tag-paula-rojo-lo-que-nunca-fue","tag-paula-rojo-objetivo-eurovision","tag-pedro-palomo","tag-pedro-palomo-eurovision","tag-pedro-palomo-vivaeurovision","tag-rtve","tag-rtve-eurovision","tag-tve","tag-viva-eurovision","tag-vivaeurovision"],"yoast_head":"<!-- This site is optimized with the Yoast SEO plugin v27.5 - https:\/\/yoast.com\/product\/yoast-seo-wordpress\/ -->\n<title>11 DE FEBRERO GRAN FINAL DE OBJETIVO EUROVISI\u00d3N 2017 - VIVAEUROVISION viva eurovision<\/title>\n<meta name=\"robots\" content=\"index, follow, max-snippet:-1, max-image-preview:large, max-video-preview:-1\" \/>\n<link rel=\"canonical\" href=\"https:\/\/www.vivaeurovision.com\/index.php\/2017\/02\/04\/objetivo-eurovision-2017-2\/\" \/>\n<meta property=\"og:locale\" content=\"es_ES\" \/>\n<meta property=\"og:type\" content=\"article\" \/>\n<meta property=\"og:title\" content=\"11 DE FEBRERO GRAN FINAL DE OBJETIVO EUROVISI\u00d3N 2017 - VIVAEUROVISION viva eurovision\" \/>\n<meta property=\"og:description\" content=\"La gran final de Objetivo Eurovisi\u00f3n 2017, se celebrar\u00e1 el pr\u00f3ximo d\u00eda 11 de febrero. El ente p\u00fablico ha elegido de nuevo el s\u00e1bado como ya ocurri\u00f3 en la preselecci\u00f3n&#046;&#046;&#046;\" \/>\n<meta property=\"og:url\" content=\"https:\/\/www.vivaeurovision.com\/index.php\/2017\/02\/04\/objetivo-eurovision-2017-2\/\" \/>\n<meta property=\"og:site_name\" content=\"VIVAEUROVISION viva eurovision\" \/>\n<meta property=\"article:published_time\" content=\"2017-02-04T23:21:48+00:00\" \/>\n<meta property=\"og:image\" content=\"https:\/\/www.vivaeurovision.com\/wp-content\/uploads\/2017\/02\/objetivoeurovision2017.png\" \/>\n\t<meta property=\"og:image:width\" content=\"1181\" \/>\n\t<meta property=\"og:image:height\" content=\"552\" \/>\n\t<meta property=\"og:image:type\" content=\"image\/png\" \/>\n<meta name=\"author\" content=\"Pedro Palomo\" \/>\n<meta name=\"twitter:card\" content=\"summary_large_image\" \/>\n<meta name=\"twitter:creator\" content=\"@pedropalomobcn\" \/>\n<meta name=\"twitter:label1\" content=\"Escrito por\" \/>\n\t<meta name=\"twitter:data1\" content=\"Pedro Palomo\" \/>\n\t<meta name=\"twitter:label2\" content=\"Tiempo de lectura\" \/>\n\t<meta name=\"twitter:data2\" content=\"2 minutos\" \/>\n<script type=\"application\/ld+json\" class=\"yoast-schema-graph\">{\"@context\":\"https:\\\/\\\/schema.org\",\"@graph\":[{\"@type\":\"Article\",\"@id\":\"https:\\\/\\\/www.vivaeurovision.com\\\/index.php\\\/2017\\\/02\\\/04\\\/objetivo-eurovision-2017-2\\\/#article\",\"isPartOf\":{\"@id\":\"https:\\\/\\\/www.vivaeurovision.com\\\/index.php\\\/2017\\\/02\\\/04\\\/objetivo-eurovision-2017-2\\\/\"},\"author\":{\"name\":\"Pedro Palomo\",\"@id\":\"https:\\\/\\\/www.vivaeurovision.com\\\/#\\\/schema\\\/person\\\/1d31fdaa3f5f7df556f73d164bd3c47a\"},\"headline\":\"11 DE FEBRERO GRAN FINAL DE OBJETIVO EUROVISI\u00d3N 2017\",\"datePublished\":\"2017-02-04T23:21:48+00:00\",\"mainEntityOfPage\":{\"@id\":\"https:\\\/\\\/www.vivaeurovision.com\\\/index.php\\\/2017\\\/02\\\/04\\\/objetivo-eurovision-2017-2\\\/\"},\"wordCount\":471,\"commentCount\":0,\"publisher\":{\"@id\":\"https:\\\/\\\/www.vivaeurovision.com\\\/#organization\"},\"image\":{\"@id\":\"https:\\\/\\\/www.vivaeurovision.com\\\/index.php\\\/2017\\\/02\\\/04\\\/objetivo-eurovision-2017-2\\\/#primaryimage\"},\"thumbnailUrl\":\"https:\\\/\\\/www.vivaeurovision.com\\\/wp-content\\\/uploads\\\/2017\\\/02\\\/objetivoeurovision2017.png\",\"keywords\":[\"ESC\",\"esc 2017\",\"espa\u00f1a eurovision 2017\",\"Eurovision\",\"Eurovision 2017\",\"eurovision song contest 2017\",\"eurovision song contest festival\",\"eurovision spain 2017\",\"Festival de Eurovisi\u00f3n\",\"Jaime cantizano\",\"Jaime Cantizano Eurovisi\u00f3n 2017\",\"Jaime cantizano Objetivo Eurovisi\u00f3n\",\"LeKlein\",\"LeKlein objetivo Eurovision\",\"LeKlein Ouch\",\"maika momento crit\u00edco\",\"maika objetivo eurovision\",\"manel navarro\",\"manel navarro do it for your lover\",\"manel navarro objetivo eurovision\",\"mario jefferson\",\"mario jefferson objetivo eurovision\",\"mario jefferson spin my head\",\"MIRELA\",\"mirela contigo\",\"mirela eurovision\",\"mirela objetivo eurovision\",\"Noticia\",\"objetivo eurovision\",\"objetivo Eurovisi\u00f3n 2017\",\"paula rojo\",\"paula rojo lo que nunca fue\",\"paula rojo objetivo eurovision\",\"Pedro Palomo\",\"Pedro Palomo Eurovision\",\"Pedro Palomo Vivaeurovision\",\"RTVE\",\"Rtve EUROVISION\",\"tve\",\"viva eurovision\",\"vivaeurovision\"],\"articleSection\":[\"Entrevistas\",\"Espa\u00f1a en Eurovisi\u00f3n\",\"eurovision\",\"Eurovisi\u00f3n 2017\",\"Inicio\",\"Noticia\",\"Noticias\",\"Ultima Hora\"],\"inLanguage\":\"es\",\"potentialAction\":[{\"@type\":\"CommentAction\",\"name\":\"Comment\",\"target\":[\"https:\\\/\\\/www.vivaeurovision.com\\\/index.php\\\/2017\\\/02\\\/04\\\/objetivo-eurovision-2017-2\\\/#respond\"]}]},{\"@type\":\"WebPage\",\"@id\":\"https:\\\/\\\/www.vivaeurovision.com\\\/index.php\\\/2017\\\/02\\\/04\\\/objetivo-eurovision-2017-2\\\/\",\"url\":\"https:\\\/\\\/www.vivaeurovision.com\\\/index.php\\\/2017\\\/02\\\/04\\\/objetivo-eurovision-2017-2\\\/\",\"name\":\"11 DE FEBRERO GRAN FINAL DE OBJETIVO EUROVISI\u00d3N 2017 - VIVAEUROVISION viva eurovision\",\"isPartOf\":{\"@id\":\"https:\\\/\\\/www.vivaeurovision.com\\\/#website\"},\"primaryImageOfPage\":{\"@id\":\"https:\\\/\\\/www.vivaeurovision.com\\\/index.php\\\/2017\\\/02\\\/04\\\/objetivo-eurovision-2017-2\\\/#primaryimage\"},\"image\":{\"@id\":\"https:\\\/\\\/www.vivaeurovision.com\\\/index.php\\\/2017\\\/02\\\/04\\\/objetivo-eurovision-2017-2\\\/#primaryimage\"},\"thumbnailUrl\":\"https:\\\/\\\/www.vivaeurovision.com\\\/wp-content\\\/uploads\\\/2017\\\/02\\\/objetivoeurovision2017.png\",\"datePublished\":\"2017-02-04T23:21:48+00:00\",\"breadcrumb\":{\"@id\":\"https:\\\/\\\/www.vivaeurovision.com\\\/index.php\\\/2017\\\/02\\\/04\\\/objetivo-eurovision-2017-2\\\/#breadcrumb\"},\"inLanguage\":\"es\",\"potentialAction\":[{\"@type\":\"ReadAction\",\"target\":[\"https:\\\/\\\/www.vivaeurovision.com\\\/index.php\\\/2017\\\/02\\\/04\\\/objetivo-eurovision-2017-2\\\/\"]}]},{\"@type\":\"ImageObject\",\"inLanguage\":\"es\",\"@id\":\"https:\\\/\\\/www.vivaeurovision.com\\\/index.php\\\/2017\\\/02\\\/04\\\/objetivo-eurovision-2017-2\\\/#primaryimage\",\"url\":\"https:\\\/\\\/www.vivaeurovision.com\\\/wp-content\\\/uploads\\\/2017\\\/02\\\/objetivoeurovision2017.png\",\"contentUrl\":\"https:\\\/\\\/www.vivaeurovision.com\\\/wp-content\\\/uploads\\\/2017\\\/02\\\/objetivoeurovision2017.png\",\"width\":1181,\"height\":552,\"caption\":\"eurovisi\u00f3n\"},{\"@type\":\"BreadcrumbList\",\"@id\":\"https:\\\/\\\/www.vivaeurovision.com\\\/index.php\\\/2017\\\/02\\\/04\\\/objetivo-eurovision-2017-2\\\/#breadcrumb\",\"itemListElement\":[{\"@type\":\"ListItem\",\"position\":1,\"name\":\"Portada\",\"item\":\"https:\\\/\\\/www.vivaeurovision.com\\\/\"},{\"@type\":\"ListItem\",\"position\":2,\"name\":\"11 DE FEBRERO GRAN FINAL DE OBJETIVO EUROVISI\u00d3N 2017\"}]},{\"@type\":\"WebSite\",\"@id\":\"https:\\\/\\\/www.vivaeurovision.com\\\/#website\",\"url\":\"https:\\\/\\\/www.vivaeurovision.com\\\/\",\"name\":\"VIVAEUROVISION viva eurovision\",\"description\":\"Tu portal sobre el Festival de Eurovision, eurovision, eurovisi\u00f3n\",\"publisher\":{\"@id\":\"https:\\\/\\\/www.vivaeurovision.com\\\/#organization\"},\"potentialAction\":[{\"@type\":\"SearchAction\",\"target\":{\"@type\":\"EntryPoint\",\"urlTemplate\":\"https:\\\/\\\/www.vivaeurovision.com\\\/?s={search_term_string}\"},\"query-input\":{\"@type\":\"PropertyValueSpecification\",\"valueRequired\":true,\"valueName\":\"search_term_string\"}}],\"inLanguage\":\"es\"},{\"@type\":\"Organization\",\"@id\":\"https:\\\/\\\/www.vivaeurovision.com\\\/#organization\",\"name\":\"vivaeurovision\",\"url\":\"https:\\\/\\\/www.vivaeurovision.com\\\/\",\"logo\":{\"@type\":\"ImageObject\",\"inLanguage\":\"es\",\"@id\":\"https:\\\/\\\/www.vivaeurovision.com\\\/#\\\/schema\\\/logo\\\/image\\\/\",\"url\":\"https:\\\/\\\/www.vivaeurovision.com\\\/wp-content\\\/uploads\\\/2016\\\/01\\\/cropped-image-21-1.jpeg\",\"contentUrl\":\"https:\\\/\\\/www.vivaeurovision.com\\\/wp-content\\\/uploads\\\/2016\\\/01\\\/cropped-image-21-1.jpeg\",\"width\":669,\"height\":368,\"caption\":\"vivaeurovision\"},\"image\":{\"@id\":\"https:\\\/\\\/www.vivaeurovision.com\\\/#\\\/schema\\\/logo\\\/image\\\/\"}},{\"@type\":\"Person\",\"@id\":\"https:\\\/\\\/www.vivaeurovision.com\\\/#\\\/schema\\\/person\\\/1d31fdaa3f5f7df556f73d164bd3c47a\",\"name\":\"Pedro Palomo\",\"image\":{\"@type\":\"ImageObject\",\"inLanguage\":\"es\",\"@id\":\"https:\\\/\\\/secure.gravatar.com\\\/avatar\\\/4cf9a4877f5f71f44fb7cedbe1bac1bd28bd8ce7a217517d98d5b2117f9f5505?s=96&d=mm&r=g\",\"url\":\"https:\\\/\\\/secure.gravatar.com\\\/avatar\\\/4cf9a4877f5f71f44fb7cedbe1bac1bd28bd8ce7a217517d98d5b2117f9f5505?s=96&d=mm&r=g\",\"contentUrl\":\"https:\\\/\\\/secure.gravatar.com\\\/avatar\\\/4cf9a4877f5f71f44fb7cedbe1bac1bd28bd8ce7a217517d98d5b2117f9f5505?s=96&d=mm&r=g\",\"caption\":\"Pedro Palomo\"},\"sameAs\":[\"http:\\\/\\\/www.vivaeurovision.com\",\"@pedrobcn\",\"https:\\\/\\\/x.com\\\/@pedropalomobcn\"]}]}<\/script>\n<!-- \/ Yoast SEO plugin. -->","yoast_head_json":{"title":"11 DE FEBRERO GRAN FINAL DE OBJETIVO EUROVISI\u00d3N 2017 - VIVAEUROVISION viva eurovision","robots":{"index":"index","follow":"follow","max-snippet":"max-snippet:-1","max-image-preview":"max-image-preview:large","max-video-preview":"max-video-preview:-1"},"canonical":"https:\/\/www.vivaeurovision.com\/index.php\/2017\/02\/04\/objetivo-eurovision-2017-2\/","og_locale":"es_ES","og_type":"article","og_title":"11 DE FEBRERO GRAN FINAL DE OBJETIVO EUROVISI\u00d3N 2017 - VIVAEUROVISION viva eurovision","og_description":"La gran final de Objetivo Eurovisi\u00f3n 2017, se celebrar\u00e1 el pr\u00f3ximo d\u00eda 11 de febrero. El ente p\u00fablico ha elegido de nuevo el s\u00e1bado como ya ocurri\u00f3 en la preselecci\u00f3n&#46;&#46;&#46;","og_url":"https:\/\/www.vivaeurovision.com\/index.php\/2017\/02\/04\/objetivo-eurovision-2017-2\/","og_site_name":"VIVAEUROVISION viva eurovision","article_published_time":"2017-02-04T23:21:48+00:00","og_image":[{"width":1181,"height":552,"url":"https:\/\/www.vivaeurovision.com\/wp-content\/uploads\/2017\/02\/objetivoeurovision2017.png","type":"image\/png"}],"author":"Pedro Palomo","twitter_card":"summary_large_image","twitter_creator":"@pedropalomobcn","twitter_misc":{"Escrito por":"Pedro Palomo","Tiempo de lectura":"2 minutos"},"schema":{"@context":"https:\/\/schema.org","@graph":[{"@type":"Article","@id":"https:\/\/www.vivaeurovision.com\/index.php\/2017\/02\/04\/objetivo-eurovision-2017-2\/#article","isPartOf":{"@id":"https:\/\/www.vivaeurovision.com\/index.php\/2017\/02\/04\/objetivo-eurovision-2017-2\/"},"author":{"name":"Pedro Palomo","@id":"https:\/\/www.vivaeurovision.com\/#\/schema\/person\/1d31fdaa3f5f7df556f73d164bd3c47a"},"headline":"11 DE FEBRERO GRAN FINAL DE OBJETIVO EUROVISI\u00d3N 2017","datePublished":"2017-02-04T23:21:48+00:00","mainEntityOfPage":{"@id":"https:\/\/www.vivaeurovision.com\/index.php\/2017\/02\/04\/objetivo-eurovision-2017-2\/"},"wordCount":471,"commentCount":0,"publisher":{"@id":"https:\/\/www.vivaeurovision.com\/#organization"},"image":{"@id":"https:\/\/www.vivaeurovision.com\/index.php\/2017\/02\/04\/objetivo-eurovision-2017-2\/#primaryimage"},"thumbnailUrl":"https:\/\/www.vivaeurovision.com\/wp-content\/uploads\/2017\/02\/objetivoeurovision2017.png","keywords":["ESC","esc 2017","espa\u00f1a eurovision 2017","Eurovision","Eurovision 2017","eurovision song contest 2017","eurovision song contest festival","eurovision spain 2017","Festival de Eurovisi\u00f3n","Jaime cantizano","Jaime Cantizano Eurovisi\u00f3n 2017","Jaime cantizano Objetivo Eurovisi\u00f3n","LeKlein","LeKlein objetivo Eurovision","LeKlein Ouch","maika momento crit\u00edco","maika objetivo eurovision","manel navarro","manel navarro do it for your lover","manel navarro objetivo eurovision","mario jefferson","mario jefferson objetivo eurovision","mario jefferson spin my head","MIRELA","mirela contigo","mirela eurovision","mirela objetivo eurovision","Noticia","objetivo eurovision","objetivo Eurovisi\u00f3n 2017","paula rojo","paula rojo lo que nunca fue","paula rojo objetivo eurovision","Pedro Palomo","Pedro Palomo Eurovision","Pedro Palomo Vivaeurovision","RTVE","Rtve EUROVISION","tve","viva eurovision","vivaeurovision"],"articleSection":["Entrevistas","Espa\u00f1a en Eurovisi\u00f3n","eurovision","Eurovisi\u00f3n 2017","Inicio","Noticia","Noticias","Ultima Hora"],"inLanguage":"es","potentialAction":[{"@type":"CommentAction","name":"Comment","target":["https:\/\/www.vivaeurovision.com\/index.php\/2017\/02\/04\/objetivo-eurovision-2017-2\/#respond"]}]},{"@type":"WebPage","@id":"https:\/\/www.vivaeurovision.com\/index.php\/2017\/02\/04\/objetivo-eurovision-2017-2\/","url":"https:\/\/www.vivaeurovision.com\/index.php\/2017\/02\/04\/objetivo-eurovision-2017-2\/","name":"11 DE FEBRERO GRAN FINAL DE OBJETIVO EUROVISI\u00d3N 2017 - VIVAEUROVISION viva eurovision","isPartOf":{"@id":"https:\/\/www.vivaeurovision.com\/#website"},"primaryImageOfPage":{"@id":"https:\/\/www.vivaeurovision.com\/index.php\/2017\/02\/04\/objetivo-eurovision-2017-2\/#primaryimage"},"image":{"@id":"https:\/\/www.vivaeurovision.com\/index.php\/2017\/02\/04\/objetivo-eurovision-2017-2\/#primaryimage"},"thumbnailUrl":"https:\/\/www.vivaeurovision.com\/wp-content\/uploads\/2017\/02\/objetivoeurovision2017.png","datePublished":"2017-02-04T23:21:48+00:00","breadcrumb":{"@id":"https:\/\/www.vivaeurovision.com\/index.php\/2017\/02\/04\/objetivo-eurovision-2017-2\/#breadcrumb"},"inLanguage":"es","potentialAction":[{"@type":"ReadAction","target":["https:\/\/www.vivaeurovision.com\/index.php\/2017\/02\/04\/objetivo-eurovision-2017-2\/"]}]},{"@type":"ImageObject","inLanguage":"es","@id":"https:\/\/www.vivaeurovision.com\/index.php\/2017\/02\/04\/objetivo-eurovision-2017-2\/#primaryimage","url":"https:\/\/www.vivaeurovision.com\/wp-content\/uploads\/2017\/02\/objetivoeurovision2017.png","contentUrl":"https:\/\/www.vivaeurovision.com\/wp-content\/uploads\/2017\/02\/objetivoeurovision2017.png","width":1181,"height":552,"caption":"eurovisi\u00f3n"},{"@type":"BreadcrumbList","@id":"https:\/\/www.vivaeurovision.com\/index.php\/2017\/02\/04\/objetivo-eurovision-2017-2\/#breadcrumb","itemListElement":[{"@type":"ListItem","position":1,"name":"Portada","item":"https:\/\/www.vivaeurovision.com\/"},{"@type":"ListItem","position":2,"name":"11 DE FEBRERO GRAN FINAL DE OBJETIVO EUROVISI\u00d3N 2017"}]},{"@type":"WebSite","@id":"https:\/\/www.vivaeurovision.com\/#website","url":"https:\/\/www.vivaeurovision.com\/","name":"VIVAEUROVISION viva eurovision","description":"Tu portal sobre el Festival de Eurovision, eurovision, eurovisi\u00f3n","publisher":{"@id":"https:\/\/www.vivaeurovision.com\/#organization"},"potentialAction":[{"@type":"SearchAction","target":{"@type":"EntryPoint","urlTemplate":"https:\/\/www.vivaeurovision.com\/?s={search_term_string}"},"query-input":{"@type":"PropertyValueSpecification","valueRequired":true,"valueName":"search_term_string"}}],"inLanguage":"es"},{"@type":"Organization","@id":"https:\/\/www.vivaeurovision.com\/#organization","name":"vivaeurovision","url":"https:\/\/www.vivaeurovision.com\/","logo":{"@type":"ImageObject","inLanguage":"es","@id":"https:\/\/www.vivaeurovision.com\/#\/schema\/logo\/image\/","url":"https:\/\/www.vivaeurovision.com\/wp-content\/uploads\/2016\/01\/cropped-image-21-1.jpeg","contentUrl":"https:\/\/www.vivaeurovision.com\/wp-content\/uploads\/2016\/01\/cropped-image-21-1.jpeg","width":669,"height":368,"caption":"vivaeurovision"},"image":{"@id":"https:\/\/www.vivaeurovision.com\/#\/schema\/logo\/image\/"}},{"@type":"Person","@id":"https:\/\/www.vivaeurovision.com\/#\/schema\/person\/1d31fdaa3f5f7df556f73d164bd3c47a","name":"Pedro Palomo","image":{"@type":"ImageObject","inLanguage":"es","@id":"https:\/\/secure.gravatar.com\/avatar\/4cf9a4877f5f71f44fb7cedbe1bac1bd28bd8ce7a217517d98d5b2117f9f5505?s=96&d=mm&r=g","url":"https:\/\/secure.gravatar.com\/avatar\/4cf9a4877f5f71f44fb7cedbe1bac1bd28bd8ce7a217517d98d5b2117f9f5505?s=96&d=mm&r=g","contentUrl":"https:\/\/secure.gravatar.com\/avatar\/4cf9a4877f5f71f44fb7cedbe1bac1bd28bd8ce7a217517d98d5b2117f9f5505?s=96&d=mm&r=g","caption":"Pedro Palomo"},"sameAs":["http:\/\/www.vivaeurovision.com","@pedrobcn","https:\/\/x.com\/@pedropalomobcn"]}]}},"_links":{"self":[{"href":"https:\/\/www.vivaeurovision.com\/index.php\/wp-json\/wp\/v2\/posts\/3731","targetHints":{"allow":["GET"]}}],"collection":[{"href":"https:\/\/www.vivaeurovision.com\/index.php\/wp-json\/wp\/v2\/posts"}],"about":[{"href":"https:\/\/www.vivaeurovision.com\/index.php\/wp-json\/wp\/v2\/types\/post"}],"author":[{"embeddable":true,"href":"https:\/\/www.vivaeurovision.com\/index.php\/wp-json\/wp\/v2\/users\/1"}],"replies":[{"embeddable":true,"href":"https:\/\/www.vivaeurovision.com\/index.php\/wp-json\/wp\/v2\/comments?post=3731"}],"version-history":[{"count":0,"href":"https:\/\/www.vivaeurovision.com\/index.php\/wp-json\/wp\/v2\/posts\/3731\/revisions"}],"wp:featuredmedia":[{"embeddable":true,"href":"https:\/\/www.vivaeurovision.com\/index.php\/wp-json\/wp\/v2\/media\/3733"}],"wp:attachment":[{"href":"https:\/\/www.vivaeurovision.com\/index.php\/wp-json\/wp\/v2\/media?parent=3731"}],"wp:term":[{"taxonomy":"category","embeddable":true,"href":"https:\/\/www.vivaeurovision.com\/index.php\/wp-json\/wp\/v2\/categories?post=3731"},{"taxonomy":"post_tag","embeddable":true,"href":"https:\/\/www.vivaeurovision.com\/index.php\/wp-json\/wp\/v2\/tags?post=3731"}],"curies":[{"name":"wp","href":"https:\/\/api.w.org\/{rel}","templated":true}]}}