{"id":3755,"date":"2017-02-07T22:47:06","date_gmt":"2017-02-07T22:47:06","guid":{"rendered":"http:\/\/www.vivaeurovision.com\/?p=3755"},"modified":"2017-02-07T22:48:36","modified_gmt":"2017-02-07T22:48:36","slug":"3755-mirela-eurovision","status":"publish","type":"post","link":"https:\/\/www.vivaeurovision.com\/index.php\/2017\/02\/07\/3755-mirela-eurovision\/","title":{"rendered":"Objetivo Eurovisi\u00f3n 2017: Escucha la versi\u00f3n ac\u00fastica de \u00abContigo\u00bb de Mirela, en LOS40"},"content":{"rendered":"<p><strong>Objetivo Eurovisi\u00f3n 2017: Escucha la versi\u00f3n ac\u00fastica de \u00abContigo\u00bb de Mirela<\/strong><\/p>\n<p>La cantante acudi\u00f3 a Los40, donde interpreto la versi\u00f3n ac\u00fastica de la canci\u00f3n con la que aspira a representar\u00a0 a Espa\u00f1a en el\u00a0pr\u00f3ximo Festival de Eurovisi\u00f3n 2017.<br \/>\n<iframe loading=\"lazy\" style=\"border: currentColor; overflow: hidden;\" src=\"https:\/\/www.facebook.com\/plugins\/post.php?href=https%3A%2F%2Fwww.facebook.com%2Fmirelalavoz%2Fposts%2F1455916371086275&amp;width=500\" width=\"500\" height=\"483\" frameborder=\"0\" scrolling=\"no\"><\/iframe><\/p>\n<p><strong>\u00a0SI MIRELA ES TU FAVORITA, VOTA EN EL SONDEO DE VIVAEUROVISION<\/strong><\/p>\n<p>[wpdevart_poll id=\u00bb8&#8243; theme=\u00bb0&#8243;]<\/p>\n<p><strong><span style=\"font-family: Thread-00001e84-Id-000000a7;\">Mirela<\/span><\/strong> una de las candidatas a representar a Espa\u00f1a en pr\u00f3ximo Festival de Eurovisi\u00f3n 2017, nos ha concedido una entrevista exclusiva para <strong><span style=\"font-family: Thread-00001e84-Id-000000a7;\">vivaeurovision<\/span><\/strong>.<\/p>\n<p><strong><span style=\"font-family: Thread-00001e84-Id-000000a7;\">Mirela<\/span><\/strong> cuenta con una gran carrera musical, su paso por <strong><span style=\"font-family: Thread-00001e84-Id-000000a7;\">Eurojunior<\/span><\/strong>,\u00a0tres veces ha intentado representar a Espa\u00f1a en el <strong><span style=\"font-family: Thread-00001e84-Id-000000a7;\">Festival de Eurovisi\u00f3n<\/span><\/strong> en la que\u00a0dos de ellas consigui\u00f3 estar en la final y desde el 2007 que fue su primer intento de representar a nuestro pa\u00eds en el certamen musical m\u00e1s importante del mundo, regresa con m\u00e1s fuerza y ganas que nunca, <strong><span style=\"font-family: Thread-00001e84-Id-000000a7;\">CONTIGO<\/span><\/strong> es el tema que presenta compuesto por, <strong><span style=\"font-family: Thread-00001e84-Id-000000a7;\">Tony S\u00e1nchez-Ohlsson, Isaac Luke y Ander P\u00e9rez<\/span><\/strong>, compositores con grandes \u00e9xitos en el certamen europeo y tambi\u00e9n en la m\u00fasica de nuestro pa\u00eds.<\/p>\n<p>A lo largo de su carrera musical, Mirela ha participado en el talent show <strong><span style=\"font-family: Thread-00001e84-Id-000000a7;\">LA VOZ<\/span><\/strong>, tambi\u00e9n ha protagonizado varios musicales y actualmente trabaja en uno de los musicales con m\u00e1s \u00e9xitos del mundo <strong><span style=\"font-family: Thread-00001e84-Id-000000a7;\">\u201cEl Rey Le\u00f3n\u201d <\/span><\/strong>donde lleva cuatro a\u00f1os siendo protagonista y d\u00e1ndole una gran experiencia en los escenarios y en el directo. El pasado verano Mirela consigui\u00f3 otro \u00e9xito m\u00e1s en su carrera, siendo la voz del himno del certamen de belleza <strong><span style=\"font-family: Thread-00001e84-Id-000000a7;\">Mr Gay Pride<\/span><\/strong>, donde interpret\u00f3 <strong><span style=\"font-family: Thread-00001e84-Id-000000a7;\">SOY COMO SOY<\/span><\/strong> ante miles de personas en la Puerta del Sol de Madrid.<\/p>\n<p><strong>Entrevista a Mirela<\/strong><br \/>\n<iframe loading=\"lazy\" src=\"https:\/\/www.youtube.com\/embed\/aPIewl0ZfYY\" width=\"560\" height=\"315\" frameborder=\"0\" allowfullscreen=\"allowfullscreen\"><\/iframe><br \/>\n<iframe loading=\"lazy\" src=\"https:\/\/www.youtube.com\/embed\/bO82_QuryPk\" width=\"560\" height=\"315\" frameborder=\"0\" allowfullscreen=\"allowfullscreen\"><\/iframe><\/p>\n<p><a href=\"http:\/\/los40.com\/los40\/2017\/02\/07\/cinetv\/1486474280_610349.html\" target=\"_blank\">Escuchala en Los40<\/a><\/p>\n<p><img loading=\"lazy\" decoding=\"async\" class=\"alignnone size-medium wp-image-3633\" src=\"http:\/\/www.vivaeurovision.com\/wp-content\/uploads\/2017\/01\/Sin-t\u00edtulo-2-169x300.jpg\" alt=\"eurovision\" width=\"169\" height=\"300\" srcset=\"https:\/\/www.vivaeurovision.com\/wp-content\/uploads\/2017\/01\/Sin-t\u00edtulo-2-169x300.jpg 169w, https:\/\/www.vivaeurovision.com\/wp-content\/uploads\/2017\/01\/Sin-t\u00edtulo-2.jpg 450w\" sizes=\"auto, (max-width: 169px) 100vw, 169px\" \/><\/p>\n<p>[wpdevart_poll id=\u00bb8&#8243; theme=\u00bb0&#8243;]<\/p>\n<p><img loading=\"lazy\" decoding=\"async\" class=\"alignnone size-medium wp-image-311\" src=\"http:\/\/www.vivaeurovision.com\/wp-content\/uploads\/2016\/01\/image-21-300x165.jpeg\" alt=\"VIVAEUROVISION.COM\" width=\"300\" height=\"165\" srcset=\"https:\/\/www.vivaeurovision.com\/wp-content\/uploads\/2016\/01\/image-21-300x165.jpeg 300w, https:\/\/www.vivaeurovision.com\/wp-content\/uploads\/2016\/01\/image-21-555x305.jpeg 555w, https:\/\/www.vivaeurovision.com\/wp-content\/uploads\/2016\/01\/image-21.jpeg 669w\" sizes=\"auto, (max-width: 300px) 100vw, 300px\" \/><\/p>\n<p>Twitter\u00a0<strong> <a href=\"https:\/\/twitter.com\/viva_eurovision\" target=\"_blank\"><span style=\"color: #0066cc;\">@viva_eurovision<\/span><\/a>\u00a0 <a href=\"https:\/\/www.facebook.com\/Vivaeurovisioncom-867806686671081\/?fref=nf\" target=\"_blank\"><span style=\"color: #0066cc;\">FACEBOOK OFICIAL VIVA EUROVISION <\/span><\/a><\/strong>Instragram <strong>\u00a0<\/strong><a href=\"https:\/\/www.instagram.com\/vivaeurovision\/\" target=\"_blank\"><strong>@vivaeurovision<\/strong><\/a><\/p>\n<p>Redactor: Pedro Palomo <a href=\"https:\/\/twitter.com\/pedropalomobcn?lang=es\"><strong><span style=\"color: #0066cc;\">@pedropalomobcn<\/span><\/strong><\/a><strong>\u00a0<\/strong>Instagram <a href=\"https:\/\/www.instagram.com\/pedrobcn\/\" target=\"_blank\"><strong>@pedrobcn<\/strong><\/a><\/p>\n<p>Fuente: <a href=\"http:\/\/www.los40.com\" target=\"_blank\">www.los40.com<\/a><\/p>\n","protected":false},"excerpt":{"rendered":"<p>Objetivo Eurovisi\u00f3n 2017: Escucha la versi\u00f3n ac\u00fastica de \u00abContigo\u00bb de Mirela La cantante acudi\u00f3 a Los40, donde interpreto la versi\u00f3n ac\u00fastica de la canci\u00f3n con la que aspira a representar\u00a0&#46;&#46;&#46;<\/p>\n","protected":false},"author":1,"featured_media":3630,"comment_status":"open","ping_status":"open","sticky":false,"template":"","format":"standard","meta":{"_exactmetrics_skip_tracking":false,"_exactmetrics_sitenote_active":false,"_exactmetrics_sitenote_note":"","_exactmetrics_sitenote_category":0,"footnotes":""},"categories":[5,6,1195,876,4,1188,2,3],"tags":[1479,1508,1582,33,1559,17,865,870,11,670,866,706,869,1096,902,1477,1563,1510,918,919,1480,904,1460,1478,34,139,1146,19,20,766,18,110,23,22],"class_list":["post-3755","post","type-post","status-publish","format-standard","has-post-thumbnail","hentry","category-entrevistas","category-espana-en-eurovision","category-eurovision-2","category-eurovision-2017","category-eurovision","category-noticia-2","category-noticia","category-ultima-hora","tag-contigo","tag-contigo-eurovision-2017","tag-contigoaeurovision","tag-entrevista","tag-entrevista-mirela","tag-esc","tag-esc-2017","tag-espana-eurovision-2017","tag-eurovision","tag-eurovision-2017","tag-eurovision-song-contest-2017","tag-eurovision-song-contest-festival","tag-eurovision-spain-2017","tag-festival-de-eurovision","tag-mirela","tag-mirela-contigo","tag-mirela-contigo-eurovision","tag-mirela-contigo-objetivo-eurovision","tag-mirela-eurovision","tag-mirela-eurovision-2017","tag-mirela-itunes","tag-mirela-mr-gay-pride-espana","tag-mirela-objetivo-eurovision","tag-mirela-objetivo-eurovision-2017","tag-noticia","tag-objetivo-eurovision","tag-objetivo-eurovision-2017","tag-pedro-palomo","tag-pedro-palomo-eurovision","tag-pedro-palomo-vivaeurovision","tag-rtve","tag-rtve-eurovision","tag-viva-eurovision","tag-vivaeurovision"],"yoast_head":"<!-- This site is optimized with the Yoast SEO plugin v27.5 - https:\/\/yoast.com\/product\/yoast-seo-wordpress\/ -->\n<title>Objetivo Eurovisi\u00f3n 2017: Escucha la versi\u00f3n ac\u00fastica de &quot;Contigo&quot; de Mirela, en LOS40 - VIVAEUROVISION viva eurovision<\/title>\n<meta name=\"robots\" content=\"index, follow, max-snippet:-1, max-image-preview:large, max-video-preview:-1\" \/>\n<link rel=\"canonical\" href=\"https:\/\/www.vivaeurovision.com\/index.php\/2017\/02\/07\/3755-mirela-eurovision\/\" \/>\n<meta property=\"og:locale\" content=\"es_ES\" \/>\n<meta property=\"og:type\" content=\"article\" \/>\n<meta property=\"og:title\" content=\"Objetivo Eurovisi\u00f3n 2017: Escucha la versi\u00f3n ac\u00fastica de &quot;Contigo&quot; de Mirela, en LOS40 - VIVAEUROVISION viva eurovision\" \/>\n<meta property=\"og:description\" content=\"Objetivo Eurovisi\u00f3n 2017: Escucha la versi\u00f3n ac\u00fastica de \u00abContigo\u00bb de Mirela La cantante acudi\u00f3 a Los40, donde interpreto la versi\u00f3n ac\u00fastica de la canci\u00f3n con la que aspira a representar\u00a0&#046;&#046;&#046;\" \/>\n<meta property=\"og:url\" content=\"https:\/\/www.vivaeurovision.com\/index.php\/2017\/02\/07\/3755-mirela-eurovision\/\" \/>\n<meta property=\"og:site_name\" content=\"VIVAEUROVISION viva eurovision\" \/>\n<meta property=\"article:published_time\" content=\"2017-02-07T22:47:06+00:00\" \/>\n<meta property=\"article:modified_time\" content=\"2017-02-07T22:48:36+00:00\" \/>\n<meta property=\"og:image\" content=\"https:\/\/www.vivaeurovision.com\/wp-content\/uploads\/2017\/01\/nuevo-post-rosa-acoplado1.jpg\" \/>\n\t<meta property=\"og:image:width\" content=\"1181\" \/>\n\t<meta property=\"og:image:height\" content=\"552\" \/>\n\t<meta property=\"og:image:type\" content=\"image\/jpeg\" \/>\n<meta name=\"author\" content=\"Pedro Palomo\" \/>\n<meta name=\"twitter:card\" content=\"summary_large_image\" \/>\n<meta name=\"twitter:creator\" content=\"@pedropalomobcn\" \/>\n<meta name=\"twitter:label1\" content=\"Escrito por\" \/>\n\t<meta name=\"twitter:data1\" content=\"Pedro Palomo\" \/>\n\t<meta name=\"twitter:label2\" content=\"Tiempo de lectura\" \/>\n\t<meta name=\"twitter:data2\" content=\"2 minutos\" \/>\n<script type=\"application\/ld+json\" class=\"yoast-schema-graph\">{\"@context\":\"https:\\\/\\\/schema.org\",\"@graph\":[{\"@type\":\"Article\",\"@id\":\"https:\\\/\\\/www.vivaeurovision.com\\\/index.php\\\/2017\\\/02\\\/07\\\/3755-mirela-eurovision\\\/#article\",\"isPartOf\":{\"@id\":\"https:\\\/\\\/www.vivaeurovision.com\\\/index.php\\\/2017\\\/02\\\/07\\\/3755-mirela-eurovision\\\/\"},\"author\":{\"name\":\"Pedro Palomo\",\"@id\":\"https:\\\/\\\/www.vivaeurovision.com\\\/#\\\/schema\\\/person\\\/1d31fdaa3f5f7df556f73d164bd3c47a\"},\"headline\":\"Objetivo Eurovisi\u00f3n 2017: Escucha la versi\u00f3n ac\u00fastica de \u00abContigo\u00bb de Mirela, en LOS40\",\"datePublished\":\"2017-02-07T22:47:06+00:00\",\"dateModified\":\"2017-02-07T22:48:36+00:00\",\"mainEntityOfPage\":{\"@id\":\"https:\\\/\\\/www.vivaeurovision.com\\\/index.php\\\/2017\\\/02\\\/07\\\/3755-mirela-eurovision\\\/\"},\"wordCount\":334,\"commentCount\":0,\"publisher\":{\"@id\":\"https:\\\/\\\/www.vivaeurovision.com\\\/#organization\"},\"image\":{\"@id\":\"https:\\\/\\\/www.vivaeurovision.com\\\/index.php\\\/2017\\\/02\\\/07\\\/3755-mirela-eurovision\\\/#primaryimage\"},\"thumbnailUrl\":\"https:\\\/\\\/www.vivaeurovision.com\\\/wp-content\\\/uploads\\\/2017\\\/01\\\/nuevo-post-rosa-acoplado1.jpg\",\"keywords\":[\"contigo\",\"contigo eurovision 2017\",\"contigoaeurovision\",\"Entrevista\",\"entrevista mirela\",\"ESC\",\"esc 2017\",\"espa\u00f1a eurovision 2017\",\"Eurovision\",\"Eurovision 2017\",\"eurovision song contest 2017\",\"eurovision song contest festival\",\"eurovision spain 2017\",\"Festival de Eurovisi\u00f3n\",\"MIRELA\",\"mirela contigo\",\"mirela contigo eurovision\",\"mirela contigo objetivo eurovision\",\"mirela eurovision\",\"mirela eurovision 2017\",\"mirela itunes\",\"MIRELA MR GAY PRIDE ESPA\u00d1A\",\"mirela objetivo eurovision\",\"mirela objetivo eurovision 2017\",\"Noticia\",\"objetivo eurovision\",\"objetivo Eurovisi\u00f3n 2017\",\"Pedro Palomo\",\"Pedro Palomo Eurovision\",\"Pedro Palomo Vivaeurovision\",\"RTVE\",\"Rtve EUROVISION\",\"viva eurovision\",\"vivaeurovision\"],\"articleSection\":[\"Entrevistas\",\"Espa\u00f1a en Eurovisi\u00f3n\",\"eurovision\",\"Eurovisi\u00f3n 2017\",\"Inicio\",\"Noticia\",\"Noticias\",\"Ultima Hora\"],\"inLanguage\":\"es\",\"potentialAction\":[{\"@type\":\"CommentAction\",\"name\":\"Comment\",\"target\":[\"https:\\\/\\\/www.vivaeurovision.com\\\/index.php\\\/2017\\\/02\\\/07\\\/3755-mirela-eurovision\\\/#respond\"]}]},{\"@type\":\"WebPage\",\"@id\":\"https:\\\/\\\/www.vivaeurovision.com\\\/index.php\\\/2017\\\/02\\\/07\\\/3755-mirela-eurovision\\\/\",\"url\":\"https:\\\/\\\/www.vivaeurovision.com\\\/index.php\\\/2017\\\/02\\\/07\\\/3755-mirela-eurovision\\\/\",\"name\":\"Objetivo Eurovisi\u00f3n 2017: Escucha la versi\u00f3n ac\u00fastica de \\\"Contigo\\\" de Mirela, en LOS40 - VIVAEUROVISION viva eurovision\",\"isPartOf\":{\"@id\":\"https:\\\/\\\/www.vivaeurovision.com\\\/#website\"},\"primaryImageOfPage\":{\"@id\":\"https:\\\/\\\/www.vivaeurovision.com\\\/index.php\\\/2017\\\/02\\\/07\\\/3755-mirela-eurovision\\\/#primaryimage\"},\"image\":{\"@id\":\"https:\\\/\\\/www.vivaeurovision.com\\\/index.php\\\/2017\\\/02\\\/07\\\/3755-mirela-eurovision\\\/#primaryimage\"},\"thumbnailUrl\":\"https:\\\/\\\/www.vivaeurovision.com\\\/wp-content\\\/uploads\\\/2017\\\/01\\\/nuevo-post-rosa-acoplado1.jpg\",\"datePublished\":\"2017-02-07T22:47:06+00:00\",\"dateModified\":\"2017-02-07T22:48:36+00:00\",\"breadcrumb\":{\"@id\":\"https:\\\/\\\/www.vivaeurovision.com\\\/index.php\\\/2017\\\/02\\\/07\\\/3755-mirela-eurovision\\\/#breadcrumb\"},\"inLanguage\":\"es\",\"potentialAction\":[{\"@type\":\"ReadAction\",\"target\":[\"https:\\\/\\\/www.vivaeurovision.com\\\/index.php\\\/2017\\\/02\\\/07\\\/3755-mirela-eurovision\\\/\"]}]},{\"@type\":\"ImageObject\",\"inLanguage\":\"es\",\"@id\":\"https:\\\/\\\/www.vivaeurovision.com\\\/index.php\\\/2017\\\/02\\\/07\\\/3755-mirela-eurovision\\\/#primaryimage\",\"url\":\"https:\\\/\\\/www.vivaeurovision.com\\\/wp-content\\\/uploads\\\/2017\\\/01\\\/nuevo-post-rosa-acoplado1.jpg\",\"contentUrl\":\"https:\\\/\\\/www.vivaeurovision.com\\\/wp-content\\\/uploads\\\/2017\\\/01\\\/nuevo-post-rosa-acoplado1.jpg\",\"width\":1181,\"height\":552,\"caption\":\"vivaeurovision\"},{\"@type\":\"BreadcrumbList\",\"@id\":\"https:\\\/\\\/www.vivaeurovision.com\\\/index.php\\\/2017\\\/02\\\/07\\\/3755-mirela-eurovision\\\/#breadcrumb\",\"itemListElement\":[{\"@type\":\"ListItem\",\"position\":1,\"name\":\"Portada\",\"item\":\"https:\\\/\\\/www.vivaeurovision.com\\\/\"},{\"@type\":\"ListItem\",\"position\":2,\"name\":\"Objetivo Eurovisi\u00f3n 2017: Escucha la versi\u00f3n ac\u00fastica de \u00abContigo\u00bb de Mirela, en LOS40\"}]},{\"@type\":\"WebSite\",\"@id\":\"https:\\\/\\\/www.vivaeurovision.com\\\/#website\",\"url\":\"https:\\\/\\\/www.vivaeurovision.com\\\/\",\"name\":\"VIVAEUROVISION viva eurovision\",\"description\":\"Tu portal sobre el Festival de Eurovision, eurovision, eurovisi\u00f3n\",\"publisher\":{\"@id\":\"https:\\\/\\\/www.vivaeurovision.com\\\/#organization\"},\"potentialAction\":[{\"@type\":\"SearchAction\",\"target\":{\"@type\":\"EntryPoint\",\"urlTemplate\":\"https:\\\/\\\/www.vivaeurovision.com\\\/?s={search_term_string}\"},\"query-input\":{\"@type\":\"PropertyValueSpecification\",\"valueRequired\":true,\"valueName\":\"search_term_string\"}}],\"inLanguage\":\"es\"},{\"@type\":\"Organization\",\"@id\":\"https:\\\/\\\/www.vivaeurovision.com\\\/#organization\",\"name\":\"vivaeurovision\",\"url\":\"https:\\\/\\\/www.vivaeurovision.com\\\/\",\"logo\":{\"@type\":\"ImageObject\",\"inLanguage\":\"es\",\"@id\":\"https:\\\/\\\/www.vivaeurovision.com\\\/#\\\/schema\\\/logo\\\/image\\\/\",\"url\":\"https:\\\/\\\/www.vivaeurovision.com\\\/wp-content\\\/uploads\\\/2016\\\/01\\\/cropped-image-21-1.jpeg\",\"contentUrl\":\"https:\\\/\\\/www.vivaeurovision.com\\\/wp-content\\\/uploads\\\/2016\\\/01\\\/cropped-image-21-1.jpeg\",\"width\":669,\"height\":368,\"caption\":\"vivaeurovision\"},\"image\":{\"@id\":\"https:\\\/\\\/www.vivaeurovision.com\\\/#\\\/schema\\\/logo\\\/image\\\/\"}},{\"@type\":\"Person\",\"@id\":\"https:\\\/\\\/www.vivaeurovision.com\\\/#\\\/schema\\\/person\\\/1d31fdaa3f5f7df556f73d164bd3c47a\",\"name\":\"Pedro Palomo\",\"image\":{\"@type\":\"ImageObject\",\"inLanguage\":\"es\",\"@id\":\"https:\\\/\\\/secure.gravatar.com\\\/avatar\\\/4cf9a4877f5f71f44fb7cedbe1bac1bd28bd8ce7a217517d98d5b2117f9f5505?s=96&d=mm&r=g\",\"url\":\"https:\\\/\\\/secure.gravatar.com\\\/avatar\\\/4cf9a4877f5f71f44fb7cedbe1bac1bd28bd8ce7a217517d98d5b2117f9f5505?s=96&d=mm&r=g\",\"contentUrl\":\"https:\\\/\\\/secure.gravatar.com\\\/avatar\\\/4cf9a4877f5f71f44fb7cedbe1bac1bd28bd8ce7a217517d98d5b2117f9f5505?s=96&d=mm&r=g\",\"caption\":\"Pedro Palomo\"},\"sameAs\":[\"http:\\\/\\\/www.vivaeurovision.com\",\"@pedrobcn\",\"https:\\\/\\\/x.com\\\/@pedropalomobcn\"]}]}<\/script>\n<!-- \/ Yoast SEO plugin. -->","yoast_head_json":{"title":"Objetivo Eurovisi\u00f3n 2017: Escucha la versi\u00f3n ac\u00fastica de \"Contigo\" de Mirela, en LOS40 - VIVAEUROVISION viva eurovision","robots":{"index":"index","follow":"follow","max-snippet":"max-snippet:-1","max-image-preview":"max-image-preview:large","max-video-preview":"max-video-preview:-1"},"canonical":"https:\/\/www.vivaeurovision.com\/index.php\/2017\/02\/07\/3755-mirela-eurovision\/","og_locale":"es_ES","og_type":"article","og_title":"Objetivo Eurovisi\u00f3n 2017: Escucha la versi\u00f3n ac\u00fastica de \"Contigo\" de Mirela, en LOS40 - VIVAEUROVISION viva eurovision","og_description":"Objetivo Eurovisi\u00f3n 2017: Escucha la versi\u00f3n ac\u00fastica de \u00abContigo\u00bb de Mirela La cantante acudi\u00f3 a Los40, donde interpreto la versi\u00f3n ac\u00fastica de la canci\u00f3n con la que aspira a representar\u00a0&#46;&#46;&#46;","og_url":"https:\/\/www.vivaeurovision.com\/index.php\/2017\/02\/07\/3755-mirela-eurovision\/","og_site_name":"VIVAEUROVISION viva eurovision","article_published_time":"2017-02-07T22:47:06+00:00","article_modified_time":"2017-02-07T22:48:36+00:00","og_image":[{"width":1181,"height":552,"url":"https:\/\/www.vivaeurovision.com\/wp-content\/uploads\/2017\/01\/nuevo-post-rosa-acoplado1.jpg","type":"image\/jpeg"}],"author":"Pedro Palomo","twitter_card":"summary_large_image","twitter_creator":"@pedropalomobcn","twitter_misc":{"Escrito por":"Pedro Palomo","Tiempo de lectura":"2 minutos"},"schema":{"@context":"https:\/\/schema.org","@graph":[{"@type":"Article","@id":"https:\/\/www.vivaeurovision.com\/index.php\/2017\/02\/07\/3755-mirela-eurovision\/#article","isPartOf":{"@id":"https:\/\/www.vivaeurovision.com\/index.php\/2017\/02\/07\/3755-mirela-eurovision\/"},"author":{"name":"Pedro Palomo","@id":"https:\/\/www.vivaeurovision.com\/#\/schema\/person\/1d31fdaa3f5f7df556f73d164bd3c47a"},"headline":"Objetivo Eurovisi\u00f3n 2017: Escucha la versi\u00f3n ac\u00fastica de \u00abContigo\u00bb de Mirela, en LOS40","datePublished":"2017-02-07T22:47:06+00:00","dateModified":"2017-02-07T22:48:36+00:00","mainEntityOfPage":{"@id":"https:\/\/www.vivaeurovision.com\/index.php\/2017\/02\/07\/3755-mirela-eurovision\/"},"wordCount":334,"commentCount":0,"publisher":{"@id":"https:\/\/www.vivaeurovision.com\/#organization"},"image":{"@id":"https:\/\/www.vivaeurovision.com\/index.php\/2017\/02\/07\/3755-mirela-eurovision\/#primaryimage"},"thumbnailUrl":"https:\/\/www.vivaeurovision.com\/wp-content\/uploads\/2017\/01\/nuevo-post-rosa-acoplado1.jpg","keywords":["contigo","contigo eurovision 2017","contigoaeurovision","Entrevista","entrevista mirela","ESC","esc 2017","espa\u00f1a eurovision 2017","Eurovision","Eurovision 2017","eurovision song contest 2017","eurovision song contest festival","eurovision spain 2017","Festival de Eurovisi\u00f3n","MIRELA","mirela contigo","mirela contigo eurovision","mirela contigo objetivo eurovision","mirela eurovision","mirela eurovision 2017","mirela itunes","MIRELA MR GAY PRIDE ESPA\u00d1A","mirela objetivo eurovision","mirela objetivo eurovision 2017","Noticia","objetivo eurovision","objetivo Eurovisi\u00f3n 2017","Pedro Palomo","Pedro Palomo Eurovision","Pedro Palomo Vivaeurovision","RTVE","Rtve EUROVISION","viva eurovision","vivaeurovision"],"articleSection":["Entrevistas","Espa\u00f1a en Eurovisi\u00f3n","eurovision","Eurovisi\u00f3n 2017","Inicio","Noticia","Noticias","Ultima Hora"],"inLanguage":"es","potentialAction":[{"@type":"CommentAction","name":"Comment","target":["https:\/\/www.vivaeurovision.com\/index.php\/2017\/02\/07\/3755-mirela-eurovision\/#respond"]}]},{"@type":"WebPage","@id":"https:\/\/www.vivaeurovision.com\/index.php\/2017\/02\/07\/3755-mirela-eurovision\/","url":"https:\/\/www.vivaeurovision.com\/index.php\/2017\/02\/07\/3755-mirela-eurovision\/","name":"Objetivo Eurovisi\u00f3n 2017: Escucha la versi\u00f3n ac\u00fastica de \"Contigo\" de Mirela, en LOS40 - VIVAEUROVISION viva eurovision","isPartOf":{"@id":"https:\/\/www.vivaeurovision.com\/#website"},"primaryImageOfPage":{"@id":"https:\/\/www.vivaeurovision.com\/index.php\/2017\/02\/07\/3755-mirela-eurovision\/#primaryimage"},"image":{"@id":"https:\/\/www.vivaeurovision.com\/index.php\/2017\/02\/07\/3755-mirela-eurovision\/#primaryimage"},"thumbnailUrl":"https:\/\/www.vivaeurovision.com\/wp-content\/uploads\/2017\/01\/nuevo-post-rosa-acoplado1.jpg","datePublished":"2017-02-07T22:47:06+00:00","dateModified":"2017-02-07T22:48:36+00:00","breadcrumb":{"@id":"https:\/\/www.vivaeurovision.com\/index.php\/2017\/02\/07\/3755-mirela-eurovision\/#breadcrumb"},"inLanguage":"es","potentialAction":[{"@type":"ReadAction","target":["https:\/\/www.vivaeurovision.com\/index.php\/2017\/02\/07\/3755-mirela-eurovision\/"]}]},{"@type":"ImageObject","inLanguage":"es","@id":"https:\/\/www.vivaeurovision.com\/index.php\/2017\/02\/07\/3755-mirela-eurovision\/#primaryimage","url":"https:\/\/www.vivaeurovision.com\/wp-content\/uploads\/2017\/01\/nuevo-post-rosa-acoplado1.jpg","contentUrl":"https:\/\/www.vivaeurovision.com\/wp-content\/uploads\/2017\/01\/nuevo-post-rosa-acoplado1.jpg","width":1181,"height":552,"caption":"vivaeurovision"},{"@type":"BreadcrumbList","@id":"https:\/\/www.vivaeurovision.com\/index.php\/2017\/02\/07\/3755-mirela-eurovision\/#breadcrumb","itemListElement":[{"@type":"ListItem","position":1,"name":"Portada","item":"https:\/\/www.vivaeurovision.com\/"},{"@type":"ListItem","position":2,"name":"Objetivo Eurovisi\u00f3n 2017: Escucha la versi\u00f3n ac\u00fastica de \u00abContigo\u00bb de Mirela, en LOS40"}]},{"@type":"WebSite","@id":"https:\/\/www.vivaeurovision.com\/#website","url":"https:\/\/www.vivaeurovision.com\/","name":"VIVAEUROVISION viva eurovision","description":"Tu portal sobre el Festival de Eurovision, eurovision, eurovisi\u00f3n","publisher":{"@id":"https:\/\/www.vivaeurovision.com\/#organization"},"potentialAction":[{"@type":"SearchAction","target":{"@type":"EntryPoint","urlTemplate":"https:\/\/www.vivaeurovision.com\/?s={search_term_string}"},"query-input":{"@type":"PropertyValueSpecification","valueRequired":true,"valueName":"search_term_string"}}],"inLanguage":"es"},{"@type":"Organization","@id":"https:\/\/www.vivaeurovision.com\/#organization","name":"vivaeurovision","url":"https:\/\/www.vivaeurovision.com\/","logo":{"@type":"ImageObject","inLanguage":"es","@id":"https:\/\/www.vivaeurovision.com\/#\/schema\/logo\/image\/","url":"https:\/\/www.vivaeurovision.com\/wp-content\/uploads\/2016\/01\/cropped-image-21-1.jpeg","contentUrl":"https:\/\/www.vivaeurovision.com\/wp-content\/uploads\/2016\/01\/cropped-image-21-1.jpeg","width":669,"height":368,"caption":"vivaeurovision"},"image":{"@id":"https:\/\/www.vivaeurovision.com\/#\/schema\/logo\/image\/"}},{"@type":"Person","@id":"https:\/\/www.vivaeurovision.com\/#\/schema\/person\/1d31fdaa3f5f7df556f73d164bd3c47a","name":"Pedro Palomo","image":{"@type":"ImageObject","inLanguage":"es","@id":"https:\/\/secure.gravatar.com\/avatar\/4cf9a4877f5f71f44fb7cedbe1bac1bd28bd8ce7a217517d98d5b2117f9f5505?s=96&d=mm&r=g","url":"https:\/\/secure.gravatar.com\/avatar\/4cf9a4877f5f71f44fb7cedbe1bac1bd28bd8ce7a217517d98d5b2117f9f5505?s=96&d=mm&r=g","contentUrl":"https:\/\/secure.gravatar.com\/avatar\/4cf9a4877f5f71f44fb7cedbe1bac1bd28bd8ce7a217517d98d5b2117f9f5505?s=96&d=mm&r=g","caption":"Pedro Palomo"},"sameAs":["http:\/\/www.vivaeurovision.com","@pedrobcn","https:\/\/x.com\/@pedropalomobcn"]}]}},"_links":{"self":[{"href":"https:\/\/www.vivaeurovision.com\/index.php\/wp-json\/wp\/v2\/posts\/3755","targetHints":{"allow":["GET"]}}],"collection":[{"href":"https:\/\/www.vivaeurovision.com\/index.php\/wp-json\/wp\/v2\/posts"}],"about":[{"href":"https:\/\/www.vivaeurovision.com\/index.php\/wp-json\/wp\/v2\/types\/post"}],"author":[{"embeddable":true,"href":"https:\/\/www.vivaeurovision.com\/index.php\/wp-json\/wp\/v2\/users\/1"}],"replies":[{"embeddable":true,"href":"https:\/\/www.vivaeurovision.com\/index.php\/wp-json\/wp\/v2\/comments?post=3755"}],"version-history":[{"count":0,"href":"https:\/\/www.vivaeurovision.com\/index.php\/wp-json\/wp\/v2\/posts\/3755\/revisions"}],"wp:featuredmedia":[{"embeddable":true,"href":"https:\/\/www.vivaeurovision.com\/index.php\/wp-json\/wp\/v2\/media\/3630"}],"wp:attachment":[{"href":"https:\/\/www.vivaeurovision.com\/index.php\/wp-json\/wp\/v2\/media?parent=3755"}],"wp:term":[{"taxonomy":"category","embeddable":true,"href":"https:\/\/www.vivaeurovision.com\/index.php\/wp-json\/wp\/v2\/categories?post=3755"},{"taxonomy":"post_tag","embeddable":true,"href":"https:\/\/www.vivaeurovision.com\/index.php\/wp-json\/wp\/v2\/tags?post=3755"}],"curies":[{"name":"wp","href":"https:\/\/api.w.org\/{rel}","templated":true}]}}