{"id":3908,"date":"2017-03-02T18:28:03","date_gmt":"2017-03-02T18:28:03","guid":{"rendered":"http:\/\/www.vivaeurovision.com\/?p=3908"},"modified":"2017-03-02T18:28:03","modified_gmt":"2017-03-02T18:28:03","slug":"3908-eurovision","status":"publish","type":"post","link":"https:\/\/www.vivaeurovision.com\/index.php\/2017\/03\/02\/3908-eurovision\/","title":{"rendered":"Dos voces y un solo interprete, escucha My Friend canci\u00f3n con la que Croacia participar\u00e1 en Eurovisi\u00f3n 2017"},"content":{"rendered":"<p>Jacques Houdek, ha sido seleccionado de forma interna por la televisi\u00f3n p\u00fablica de Croacia, para representar al pa\u00eds en el pr\u00f3ximo Festival de Eurovisi\u00f3n 2017.<\/p>\n<p><img loading=\"lazy\" decoding=\"async\" class=\"alignnone size-medium wp-image-3863\" src=\"http:\/\/www.vivaeurovision.com\/wp-content\/uploads\/2017\/02\/IMG_2731-300x111.jpg\" alt=\"eurovisi\u00f3n\" width=\"300\" height=\"111\" srcset=\"https:\/\/www.vivaeurovision.com\/wp-content\/uploads\/2017\/02\/IMG_2731-300x111.jpg 300w, https:\/\/www.vivaeurovision.com\/wp-content\/uploads\/2017\/02\/IMG_2731-700x259.jpg 700w, https:\/\/www.vivaeurovision.com\/wp-content\/uploads\/2017\/02\/IMG_2731.jpg 2048w\" sizes=\"auto, (max-width: 300px) 100vw, 300px\" \/><\/p>\n<p>Como ya sucediera el pasado a\u00f1o, Croacia vuelve apostar por un cantante que salt\u00f3 a la fama gracias a un talent show.<\/p>\n<p><strong>Dos voces y un solo interprete, escucha My Friend canci\u00f3n con la que Croacia participar\u00e1 en Eurovisi\u00f3n 2017<\/strong><br \/>\n<iframe loading=\"lazy\" src=\"https:\/\/www.youtube.com\/embed\/ifk8-xBauyQ\" width=\"560\" height=\"315\" frameborder=\"0\" allowfullscreen=\"allowfullscreen\"><\/iframe><br \/>\n<img loading=\"lazy\" decoding=\"async\" class=\"alignnone size-medium wp-image-311\" src=\"http:\/\/www.vivaeurovision.com\/wp-content\/uploads\/2016\/01\/image-21-300x165.jpeg\" alt=\"VIVAEUROVISION.COM\" width=\"300\" height=\"165\" srcset=\"https:\/\/www.vivaeurovision.com\/wp-content\/uploads\/2016\/01\/image-21-300x165.jpeg 300w, https:\/\/www.vivaeurovision.com\/wp-content\/uploads\/2016\/01\/image-21-555x305.jpeg 555w, https:\/\/www.vivaeurovision.com\/wp-content\/uploads\/2016\/01\/image-21.jpeg 669w\" sizes=\"auto, (max-width: 300px) 100vw, 300px\" \/><\/p>\n<p>Twitter\u00a0<strong> <a href=\"https:\/\/twitter.com\/viva_eurovision\" target=\"_blank\"><span style=\"color: #0066cc;\">@viva_eurovision<\/span><\/a>\u00a0 <a href=\"https:\/\/www.facebook.com\/Vivaeurovisioncom-867806686671081\/?fref=nf\" target=\"_blank\"><span style=\"color: #0066cc;\">FACEBOOK OFICIAL VIVA EUROVISION <\/span><\/a><\/strong>Instragram <strong>\u00a0<\/strong><a href=\"https:\/\/www.instagram.com\/vivaeurovision\/\" target=\"_blank\"><strong>@vivaeurovision<\/strong><\/a><\/p>\n<p>Redactor: Pedro Palomo <a href=\"https:\/\/twitter.com\/pedropalomobcn?lang=es\"><strong><span style=\"color: #0066cc;\">@pedropalomobcn<\/span><\/strong><\/a><strong>\u00a0<\/strong>Instagram <a href=\"https:\/\/www.instagram.com\/pedrobcn\/\" target=\"_blank\"><strong>@pedrobcn<\/strong><\/a><\/p>\n","protected":false},"excerpt":{"rendered":"<p>Jacques Houdek, ha sido seleccionado de forma interna por la televisi\u00f3n p\u00fablica de Croacia, para representar al pa\u00eds en el pr\u00f3ximo Festival de Eurovisi\u00f3n 2017. Como ya sucediera el pasado&#46;&#46;&#46;<\/p>\n","protected":false},"author":1,"featured_media":3863,"comment_status":"open","ping_status":"open","sticky":false,"template":"","format":"standard","meta":{"_exactmetrics_skip_tracking":false,"_exactmetrics_sitenote_active":false,"_exactmetrics_sitenote_note":"","_exactmetrics_sitenote_category":0,"footnotes":""},"categories":[1195,876,4,1188,2,3],"tags":[1542,1622,1620,17,865,11,1576,999,1017,866,706,1096,1617,1618,1619,1698,1699,34,20,766,23,22],"class_list":["post-3908","post","type-post","status-publish","format-standard","has-post-thumbnail","hentry","category-eurovision-2","category-eurovision-2017","category-eurovision","category-noticia-2","category-noticia","category-ultima-hora","tag-celebrate-diversity","tag-croacia-eurovision-2017","tag-croatia-eurovision-2017","tag-esc","tag-esc-2017","tag-eurovision","tag-eurovision-celebrate-diversity-kiev-2017","tag-eurovision-kiev","tag-eurovision-kiev-2017","tag-eurovision-song-contest-2017","tag-eurovision-song-contest-festival","tag-festival-de-eurovision","tag-jacques-houdek","tag-jacques-houdek-eurovision","tag-jacques-houdek-eurovision-2017","tag-jacques-houdek-my-friend","tag-jacques-houdek-my-friend-eurovision","tag-noticia","tag-pedro-palomo-eurovision","tag-pedro-palomo-vivaeurovision","tag-viva-eurovision","tag-vivaeurovision"],"yoast_head":"<!-- This site is optimized with the Yoast SEO plugin v27.5 - https:\/\/yoast.com\/product\/yoast-seo-wordpress\/ -->\n<title>Dos voces y un solo interprete, escucha My Friend canci\u00f3n con la que Croacia participar\u00e1 en Eurovisi\u00f3n 2017 - VIVAEUROVISION viva eurovision<\/title>\n<meta name=\"robots\" content=\"index, follow, max-snippet:-1, max-image-preview:large, max-video-preview:-1\" \/>\n<link rel=\"canonical\" href=\"https:\/\/www.vivaeurovision.com\/index.php\/2017\/03\/02\/3908-eurovision\/\" \/>\n<meta property=\"og:locale\" content=\"es_ES\" \/>\n<meta property=\"og:type\" content=\"article\" \/>\n<meta property=\"og:title\" content=\"Dos voces y un solo interprete, escucha My Friend canci\u00f3n con la que Croacia participar\u00e1 en Eurovisi\u00f3n 2017 - VIVAEUROVISION viva eurovision\" \/>\n<meta property=\"og:description\" content=\"Jacques Houdek, ha sido seleccionado de forma interna por la televisi\u00f3n p\u00fablica de Croacia, para representar al pa\u00eds en el pr\u00f3ximo Festival de Eurovisi\u00f3n 2017. Como ya sucediera el pasado&#046;&#046;&#046;\" \/>\n<meta property=\"og:url\" content=\"https:\/\/www.vivaeurovision.com\/index.php\/2017\/03\/02\/3908-eurovision\/\" \/>\n<meta property=\"og:site_name\" content=\"VIVAEUROVISION viva eurovision\" \/>\n<meta property=\"article:published_time\" content=\"2017-03-02T18:28:03+00:00\" \/>\n<meta property=\"og:image\" content=\"https:\/\/www.vivaeurovision.com\/wp-content\/uploads\/2017\/02\/IMG_2731.jpg\" \/>\n\t<meta property=\"og:image:width\" content=\"2048\" \/>\n\t<meta property=\"og:image:height\" content=\"758\" \/>\n\t<meta property=\"og:image:type\" content=\"image\/jpeg\" \/>\n<meta name=\"author\" content=\"Pedro Palomo\" \/>\n<meta name=\"twitter:card\" content=\"summary_large_image\" \/>\n<meta name=\"twitter:creator\" content=\"@pedropalomobcn\" \/>\n<meta name=\"twitter:label1\" content=\"Escrito por\" \/>\n\t<meta name=\"twitter:data1\" content=\"Pedro Palomo\" \/>\n<script type=\"application\/ld+json\" class=\"yoast-schema-graph\">{\"@context\":\"https:\\\/\\\/schema.org\",\"@graph\":[{\"@type\":\"Article\",\"@id\":\"https:\\\/\\\/www.vivaeurovision.com\\\/index.php\\\/2017\\\/03\\\/02\\\/3908-eurovision\\\/#article\",\"isPartOf\":{\"@id\":\"https:\\\/\\\/www.vivaeurovision.com\\\/index.php\\\/2017\\\/03\\\/02\\\/3908-eurovision\\\/\"},\"author\":{\"name\":\"Pedro Palomo\",\"@id\":\"https:\\\/\\\/www.vivaeurovision.com\\\/#\\\/schema\\\/person\\\/1d31fdaa3f5f7df556f73d164bd3c47a\"},\"headline\":\"Dos voces y un solo interprete, escucha My Friend canci\u00f3n con la que Croacia participar\u00e1 en Eurovisi\u00f3n 2017\",\"datePublished\":\"2017-03-02T18:28:03+00:00\",\"mainEntityOfPage\":{\"@id\":\"https:\\\/\\\/www.vivaeurovision.com\\\/index.php\\\/2017\\\/03\\\/02\\\/3908-eurovision\\\/\"},\"wordCount\":105,\"commentCount\":0,\"publisher\":{\"@id\":\"https:\\\/\\\/www.vivaeurovision.com\\\/#organization\"},\"image\":{\"@id\":\"https:\\\/\\\/www.vivaeurovision.com\\\/index.php\\\/2017\\\/03\\\/02\\\/3908-eurovision\\\/#primaryimage\"},\"thumbnailUrl\":\"https:\\\/\\\/www.vivaeurovision.com\\\/wp-content\\\/uploads\\\/2017\\\/02\\\/IMG_2731.jpg\",\"keywords\":[\"celebrate diversity\",\"Croacia eurovision 2017\",\"Croatia eurovision 2017\",\"ESC\",\"esc 2017\",\"Eurovision\",\"eurovision celebrate diversity kiev 2017\",\"Eurovision Kiev\",\"eurovision kiev 2017\",\"eurovision song contest 2017\",\"eurovision song contest festival\",\"Festival de Eurovisi\u00f3n\",\"Jacques Houdek\",\"Jacques Houdek Eurovision\",\"Jacques Houdek Eurovision 2017\",\"Jacques Houdek my friend\",\"Jacques Houdek my friend eurovision\",\"Noticia\",\"Pedro Palomo Eurovision\",\"Pedro Palomo Vivaeurovision\",\"viva eurovision\",\"vivaeurovision\"],\"articleSection\":[\"eurovision\",\"Eurovisi\u00f3n 2017\",\"Inicio\",\"Noticia\",\"Noticias\",\"Ultima Hora\"],\"inLanguage\":\"es\",\"potentialAction\":[{\"@type\":\"CommentAction\",\"name\":\"Comment\",\"target\":[\"https:\\\/\\\/www.vivaeurovision.com\\\/index.php\\\/2017\\\/03\\\/02\\\/3908-eurovision\\\/#respond\"]}]},{\"@type\":\"WebPage\",\"@id\":\"https:\\\/\\\/www.vivaeurovision.com\\\/index.php\\\/2017\\\/03\\\/02\\\/3908-eurovision\\\/\",\"url\":\"https:\\\/\\\/www.vivaeurovision.com\\\/index.php\\\/2017\\\/03\\\/02\\\/3908-eurovision\\\/\",\"name\":\"Dos voces y un solo interprete, escucha My Friend canci\u00f3n con la que Croacia participar\u00e1 en Eurovisi\u00f3n 2017 - VIVAEUROVISION viva eurovision\",\"isPartOf\":{\"@id\":\"https:\\\/\\\/www.vivaeurovision.com\\\/#website\"},\"primaryImageOfPage\":{\"@id\":\"https:\\\/\\\/www.vivaeurovision.com\\\/index.php\\\/2017\\\/03\\\/02\\\/3908-eurovision\\\/#primaryimage\"},\"image\":{\"@id\":\"https:\\\/\\\/www.vivaeurovision.com\\\/index.php\\\/2017\\\/03\\\/02\\\/3908-eurovision\\\/#primaryimage\"},\"thumbnailUrl\":\"https:\\\/\\\/www.vivaeurovision.com\\\/wp-content\\\/uploads\\\/2017\\\/02\\\/IMG_2731.jpg\",\"datePublished\":\"2017-03-02T18:28:03+00:00\",\"breadcrumb\":{\"@id\":\"https:\\\/\\\/www.vivaeurovision.com\\\/index.php\\\/2017\\\/03\\\/02\\\/3908-eurovision\\\/#breadcrumb\"},\"inLanguage\":\"es\",\"potentialAction\":[{\"@type\":\"ReadAction\",\"target\":[\"https:\\\/\\\/www.vivaeurovision.com\\\/index.php\\\/2017\\\/03\\\/02\\\/3908-eurovision\\\/\"]}]},{\"@type\":\"ImageObject\",\"inLanguage\":\"es\",\"@id\":\"https:\\\/\\\/www.vivaeurovision.com\\\/index.php\\\/2017\\\/03\\\/02\\\/3908-eurovision\\\/#primaryimage\",\"url\":\"https:\\\/\\\/www.vivaeurovision.com\\\/wp-content\\\/uploads\\\/2017\\\/02\\\/IMG_2731.jpg\",\"contentUrl\":\"https:\\\/\\\/www.vivaeurovision.com\\\/wp-content\\\/uploads\\\/2017\\\/02\\\/IMG_2731.jpg\",\"width\":2048,\"height\":758,\"caption\":\"eurovisi\u00f3n\"},{\"@type\":\"BreadcrumbList\",\"@id\":\"https:\\\/\\\/www.vivaeurovision.com\\\/index.php\\\/2017\\\/03\\\/02\\\/3908-eurovision\\\/#breadcrumb\",\"itemListElement\":[{\"@type\":\"ListItem\",\"position\":1,\"name\":\"Portada\",\"item\":\"https:\\\/\\\/www.vivaeurovision.com\\\/\"},{\"@type\":\"ListItem\",\"position\":2,\"name\":\"Dos voces y un solo interprete, escucha My Friend canci\u00f3n con la que Croacia participar\u00e1 en Eurovisi\u00f3n 2017\"}]},{\"@type\":\"WebSite\",\"@id\":\"https:\\\/\\\/www.vivaeurovision.com\\\/#website\",\"url\":\"https:\\\/\\\/www.vivaeurovision.com\\\/\",\"name\":\"VIVAEUROVISION viva eurovision\",\"description\":\"Tu portal sobre el Festival de Eurovision, eurovision, eurovisi\u00f3n\",\"publisher\":{\"@id\":\"https:\\\/\\\/www.vivaeurovision.com\\\/#organization\"},\"potentialAction\":[{\"@type\":\"SearchAction\",\"target\":{\"@type\":\"EntryPoint\",\"urlTemplate\":\"https:\\\/\\\/www.vivaeurovision.com\\\/?s={search_term_string}\"},\"query-input\":{\"@type\":\"PropertyValueSpecification\",\"valueRequired\":true,\"valueName\":\"search_term_string\"}}],\"inLanguage\":\"es\"},{\"@type\":\"Organization\",\"@id\":\"https:\\\/\\\/www.vivaeurovision.com\\\/#organization\",\"name\":\"vivaeurovision\",\"url\":\"https:\\\/\\\/www.vivaeurovision.com\\\/\",\"logo\":{\"@type\":\"ImageObject\",\"inLanguage\":\"es\",\"@id\":\"https:\\\/\\\/www.vivaeurovision.com\\\/#\\\/schema\\\/logo\\\/image\\\/\",\"url\":\"https:\\\/\\\/www.vivaeurovision.com\\\/wp-content\\\/uploads\\\/2016\\\/01\\\/cropped-image-21-1.jpeg\",\"contentUrl\":\"https:\\\/\\\/www.vivaeurovision.com\\\/wp-content\\\/uploads\\\/2016\\\/01\\\/cropped-image-21-1.jpeg\",\"width\":669,\"height\":368,\"caption\":\"vivaeurovision\"},\"image\":{\"@id\":\"https:\\\/\\\/www.vivaeurovision.com\\\/#\\\/schema\\\/logo\\\/image\\\/\"}},{\"@type\":\"Person\",\"@id\":\"https:\\\/\\\/www.vivaeurovision.com\\\/#\\\/schema\\\/person\\\/1d31fdaa3f5f7df556f73d164bd3c47a\",\"name\":\"Pedro Palomo\",\"image\":{\"@type\":\"ImageObject\",\"inLanguage\":\"es\",\"@id\":\"https:\\\/\\\/secure.gravatar.com\\\/avatar\\\/4cf9a4877f5f71f44fb7cedbe1bac1bd28bd8ce7a217517d98d5b2117f9f5505?s=96&d=mm&r=g\",\"url\":\"https:\\\/\\\/secure.gravatar.com\\\/avatar\\\/4cf9a4877f5f71f44fb7cedbe1bac1bd28bd8ce7a217517d98d5b2117f9f5505?s=96&d=mm&r=g\",\"contentUrl\":\"https:\\\/\\\/secure.gravatar.com\\\/avatar\\\/4cf9a4877f5f71f44fb7cedbe1bac1bd28bd8ce7a217517d98d5b2117f9f5505?s=96&d=mm&r=g\",\"caption\":\"Pedro Palomo\"},\"sameAs\":[\"http:\\\/\\\/www.vivaeurovision.com\",\"@pedrobcn\",\"https:\\\/\\\/x.com\\\/@pedropalomobcn\"]}]}<\/script>\n<!-- \/ Yoast SEO plugin. -->","yoast_head_json":{"title":"Dos voces y un solo interprete, escucha My Friend canci\u00f3n con la que Croacia participar\u00e1 en Eurovisi\u00f3n 2017 - VIVAEUROVISION viva eurovision","robots":{"index":"index","follow":"follow","max-snippet":"max-snippet:-1","max-image-preview":"max-image-preview:large","max-video-preview":"max-video-preview:-1"},"canonical":"https:\/\/www.vivaeurovision.com\/index.php\/2017\/03\/02\/3908-eurovision\/","og_locale":"es_ES","og_type":"article","og_title":"Dos voces y un solo interprete, escucha My Friend canci\u00f3n con la que Croacia participar\u00e1 en Eurovisi\u00f3n 2017 - VIVAEUROVISION viva eurovision","og_description":"Jacques Houdek, ha sido seleccionado de forma interna por la televisi\u00f3n p\u00fablica de Croacia, para representar al pa\u00eds en el pr\u00f3ximo Festival de Eurovisi\u00f3n 2017. Como ya sucediera el pasado&#46;&#46;&#46;","og_url":"https:\/\/www.vivaeurovision.com\/index.php\/2017\/03\/02\/3908-eurovision\/","og_site_name":"VIVAEUROVISION viva eurovision","article_published_time":"2017-03-02T18:28:03+00:00","og_image":[{"width":2048,"height":758,"url":"https:\/\/www.vivaeurovision.com\/wp-content\/uploads\/2017\/02\/IMG_2731.jpg","type":"image\/jpeg"}],"author":"Pedro Palomo","twitter_card":"summary_large_image","twitter_creator":"@pedropalomobcn","twitter_misc":{"Escrito por":"Pedro Palomo"},"schema":{"@context":"https:\/\/schema.org","@graph":[{"@type":"Article","@id":"https:\/\/www.vivaeurovision.com\/index.php\/2017\/03\/02\/3908-eurovision\/#article","isPartOf":{"@id":"https:\/\/www.vivaeurovision.com\/index.php\/2017\/03\/02\/3908-eurovision\/"},"author":{"name":"Pedro Palomo","@id":"https:\/\/www.vivaeurovision.com\/#\/schema\/person\/1d31fdaa3f5f7df556f73d164bd3c47a"},"headline":"Dos voces y un solo interprete, escucha My Friend canci\u00f3n con la que Croacia participar\u00e1 en Eurovisi\u00f3n 2017","datePublished":"2017-03-02T18:28:03+00:00","mainEntityOfPage":{"@id":"https:\/\/www.vivaeurovision.com\/index.php\/2017\/03\/02\/3908-eurovision\/"},"wordCount":105,"commentCount":0,"publisher":{"@id":"https:\/\/www.vivaeurovision.com\/#organization"},"image":{"@id":"https:\/\/www.vivaeurovision.com\/index.php\/2017\/03\/02\/3908-eurovision\/#primaryimage"},"thumbnailUrl":"https:\/\/www.vivaeurovision.com\/wp-content\/uploads\/2017\/02\/IMG_2731.jpg","keywords":["celebrate diversity","Croacia eurovision 2017","Croatia eurovision 2017","ESC","esc 2017","Eurovision","eurovision celebrate diversity kiev 2017","Eurovision Kiev","eurovision kiev 2017","eurovision song contest 2017","eurovision song contest festival","Festival de Eurovisi\u00f3n","Jacques Houdek","Jacques Houdek Eurovision","Jacques Houdek Eurovision 2017","Jacques Houdek my friend","Jacques Houdek my friend eurovision","Noticia","Pedro Palomo Eurovision","Pedro Palomo Vivaeurovision","viva eurovision","vivaeurovision"],"articleSection":["eurovision","Eurovisi\u00f3n 2017","Inicio","Noticia","Noticias","Ultima Hora"],"inLanguage":"es","potentialAction":[{"@type":"CommentAction","name":"Comment","target":["https:\/\/www.vivaeurovision.com\/index.php\/2017\/03\/02\/3908-eurovision\/#respond"]}]},{"@type":"WebPage","@id":"https:\/\/www.vivaeurovision.com\/index.php\/2017\/03\/02\/3908-eurovision\/","url":"https:\/\/www.vivaeurovision.com\/index.php\/2017\/03\/02\/3908-eurovision\/","name":"Dos voces y un solo interprete, escucha My Friend canci\u00f3n con la que Croacia participar\u00e1 en Eurovisi\u00f3n 2017 - VIVAEUROVISION viva eurovision","isPartOf":{"@id":"https:\/\/www.vivaeurovision.com\/#website"},"primaryImageOfPage":{"@id":"https:\/\/www.vivaeurovision.com\/index.php\/2017\/03\/02\/3908-eurovision\/#primaryimage"},"image":{"@id":"https:\/\/www.vivaeurovision.com\/index.php\/2017\/03\/02\/3908-eurovision\/#primaryimage"},"thumbnailUrl":"https:\/\/www.vivaeurovision.com\/wp-content\/uploads\/2017\/02\/IMG_2731.jpg","datePublished":"2017-03-02T18:28:03+00:00","breadcrumb":{"@id":"https:\/\/www.vivaeurovision.com\/index.php\/2017\/03\/02\/3908-eurovision\/#breadcrumb"},"inLanguage":"es","potentialAction":[{"@type":"ReadAction","target":["https:\/\/www.vivaeurovision.com\/index.php\/2017\/03\/02\/3908-eurovision\/"]}]},{"@type":"ImageObject","inLanguage":"es","@id":"https:\/\/www.vivaeurovision.com\/index.php\/2017\/03\/02\/3908-eurovision\/#primaryimage","url":"https:\/\/www.vivaeurovision.com\/wp-content\/uploads\/2017\/02\/IMG_2731.jpg","contentUrl":"https:\/\/www.vivaeurovision.com\/wp-content\/uploads\/2017\/02\/IMG_2731.jpg","width":2048,"height":758,"caption":"eurovisi\u00f3n"},{"@type":"BreadcrumbList","@id":"https:\/\/www.vivaeurovision.com\/index.php\/2017\/03\/02\/3908-eurovision\/#breadcrumb","itemListElement":[{"@type":"ListItem","position":1,"name":"Portada","item":"https:\/\/www.vivaeurovision.com\/"},{"@type":"ListItem","position":2,"name":"Dos voces y un solo interprete, escucha My Friend canci\u00f3n con la que Croacia participar\u00e1 en Eurovisi\u00f3n 2017"}]},{"@type":"WebSite","@id":"https:\/\/www.vivaeurovision.com\/#website","url":"https:\/\/www.vivaeurovision.com\/","name":"VIVAEUROVISION viva eurovision","description":"Tu portal sobre el Festival de Eurovision, eurovision, eurovisi\u00f3n","publisher":{"@id":"https:\/\/www.vivaeurovision.com\/#organization"},"potentialAction":[{"@type":"SearchAction","target":{"@type":"EntryPoint","urlTemplate":"https:\/\/www.vivaeurovision.com\/?s={search_term_string}"},"query-input":{"@type":"PropertyValueSpecification","valueRequired":true,"valueName":"search_term_string"}}],"inLanguage":"es"},{"@type":"Organization","@id":"https:\/\/www.vivaeurovision.com\/#organization","name":"vivaeurovision","url":"https:\/\/www.vivaeurovision.com\/","logo":{"@type":"ImageObject","inLanguage":"es","@id":"https:\/\/www.vivaeurovision.com\/#\/schema\/logo\/image\/","url":"https:\/\/www.vivaeurovision.com\/wp-content\/uploads\/2016\/01\/cropped-image-21-1.jpeg","contentUrl":"https:\/\/www.vivaeurovision.com\/wp-content\/uploads\/2016\/01\/cropped-image-21-1.jpeg","width":669,"height":368,"caption":"vivaeurovision"},"image":{"@id":"https:\/\/www.vivaeurovision.com\/#\/schema\/logo\/image\/"}},{"@type":"Person","@id":"https:\/\/www.vivaeurovision.com\/#\/schema\/person\/1d31fdaa3f5f7df556f73d164bd3c47a","name":"Pedro Palomo","image":{"@type":"ImageObject","inLanguage":"es","@id":"https:\/\/secure.gravatar.com\/avatar\/4cf9a4877f5f71f44fb7cedbe1bac1bd28bd8ce7a217517d98d5b2117f9f5505?s=96&d=mm&r=g","url":"https:\/\/secure.gravatar.com\/avatar\/4cf9a4877f5f71f44fb7cedbe1bac1bd28bd8ce7a217517d98d5b2117f9f5505?s=96&d=mm&r=g","contentUrl":"https:\/\/secure.gravatar.com\/avatar\/4cf9a4877f5f71f44fb7cedbe1bac1bd28bd8ce7a217517d98d5b2117f9f5505?s=96&d=mm&r=g","caption":"Pedro Palomo"},"sameAs":["http:\/\/www.vivaeurovision.com","@pedrobcn","https:\/\/x.com\/@pedropalomobcn"]}]}},"_links":{"self":[{"href":"https:\/\/www.vivaeurovision.com\/index.php\/wp-json\/wp\/v2\/posts\/3908","targetHints":{"allow":["GET"]}}],"collection":[{"href":"https:\/\/www.vivaeurovision.com\/index.php\/wp-json\/wp\/v2\/posts"}],"about":[{"href":"https:\/\/www.vivaeurovision.com\/index.php\/wp-json\/wp\/v2\/types\/post"}],"author":[{"embeddable":true,"href":"https:\/\/www.vivaeurovision.com\/index.php\/wp-json\/wp\/v2\/users\/1"}],"replies":[{"embeddable":true,"href":"https:\/\/www.vivaeurovision.com\/index.php\/wp-json\/wp\/v2\/comments?post=3908"}],"version-history":[{"count":0,"href":"https:\/\/www.vivaeurovision.com\/index.php\/wp-json\/wp\/v2\/posts\/3908\/revisions"}],"wp:featuredmedia":[{"embeddable":true,"href":"https:\/\/www.vivaeurovision.com\/index.php\/wp-json\/wp\/v2\/media\/3863"}],"wp:attachment":[{"href":"https:\/\/www.vivaeurovision.com\/index.php\/wp-json\/wp\/v2\/media?parent=3908"}],"wp:term":[{"taxonomy":"category","embeddable":true,"href":"https:\/\/www.vivaeurovision.com\/index.php\/wp-json\/wp\/v2\/categories?post=3908"},{"taxonomy":"post_tag","embeddable":true,"href":"https:\/\/www.vivaeurovision.com\/index.php\/wp-json\/wp\/v2\/tags?post=3908"}],"curies":[{"name":"wp","href":"https:\/\/api.w.org\/{rel}","templated":true}]}}