{"id":3912,"date":"2017-02-23T19:27:22","date_gmt":"2017-02-23T19:27:22","guid":{"rendered":"http:\/\/www.vivaeurovision.com\/?p=3912"},"modified":"2017-02-24T08:18:12","modified_gmt":"2017-02-24T08:18:12","slug":"eurovision-melodifestivalen","status":"publish","type":"post","link":"https:\/\/www.vivaeurovision.com\/index.php\/2017\/02\/23\/eurovision-melodifestivalen\/","title":{"rendered":"Disponible el ensayo de Loreen y el resto de participantes de la \u00faltima semifinal del Melodifestivalen"},"content":{"rendered":"<p>Suecia un a\u00f1o m\u00e1s saca toda su artiller\u00eda para llevarse el triunfo de nuevo, el pr\u00f3ximo 25 de febrero se celebra la \u00faltima semifinal del melodifestivalen sueco el m\u00edtico proceso de selecci\u00f3n de Suecia.<\/p>\n<p>De los siete participantes, dos pasar\u00e1n directos a la gran final y otros dos pasar\u00e1n a la repesca Andra Chansen.<\/p>\n<p>Esta semana participa Loreen que regresa con ganas de triunfar de nuevo por todo lo alto y llevar a lo m\u00e1s arriba en el Festival de Eurovisi\u00f3n a Suecia una vez m\u00e1s.<\/p>\n<p><strong>Disponible el ensayo de Loreen y el resto de participantes de la \u00faltima semifinal del melodifestivalen<\/strong><\/p>\n<p><a href=\"http:\/\/www.svt.se\/melodifestivalen\/loreen-med-statements-i-melodifestivalen-2017-efter-eurovision-med-euphoria-smygtitta-pa-nya-laten-bidraget-i-skelleftea\" target=\"_blank\">Clica aqu\u00ed para ver los ensayos <\/a><\/p>\n<p><img loading=\"lazy\" decoding=\"async\" class=\"alignnone size-medium wp-image-3913\" src=\"http:\/\/www.vivaeurovision.com\/wp-content\/uploads\/2017\/02\/e7hv26aivntfy4rlwl6bokrpssy-jpg-300x169.jpg\" alt=\"eurovision \" width=\"300\" height=\"169\" srcset=\"https:\/\/www.vivaeurovision.com\/wp-content\/uploads\/2017\/02\/e7hv26aivntfy4rlwl6bokrpssy-jpg-300x169.jpg 300w, https:\/\/www.vivaeurovision.com\/wp-content\/uploads\/2017\/02\/e7hv26aivntfy4rlwl6bokrpssy-jpg.jpg 650w\" sizes=\"auto, (max-width: 300px) 100vw, 300px\" \/><\/p>\n<p>Im\u00e1genes: <strong>\u00a9SVT<\/strong><\/p>\n<p>Aqu\u00ed pod\u00e9is ver el saludo que Loreen nos\u00a0dej\u00f3 para todos los lectores de vivaeurovision, cuando particip\u00f3 como jurado en la pasada edici\u00f3n de Objetivo Eurovisi\u00f3n 2016.<\/p>\n<p><iframe loading=\"lazy\" src=\"https:\/\/www.youtube.com\/embed\/4w-0BENMCXg\" width=\"560\" height=\"315\" frameborder=\"0\" allowfullscreen=\"allowfullscreen\"><\/iframe><br \/>\nAdem\u00e1s de los 30 segundos de ensayos tambi\u00e9n disponemos de un minuto de cada canci\u00f3n para ir abriendo boca.<\/p>\n<p><a href=\"http:\/\/www.svt.se\/melodifestivalen\/lyssna-pa-en-minut-av-bidragen-i-deltavling-fyra-i-melodifestivalen-2017#12514652_29_6\" target=\"_blank\">Escucha aqu\u00ed el adelanto de todas las canciones.<\/a><\/p>\n<p><img loading=\"lazy\" decoding=\"async\" class=\"alignnone size-medium wp-image-3914\" src=\"http:\/\/www.vivaeurovision.com\/wp-content\/uploads\/2017\/02\/23022017_104613_artister-deltavling-4-jpg-300x169.jpg\" alt=\"melodifestivalen\" width=\"300\" height=\"169\" srcset=\"https:\/\/www.vivaeurovision.com\/wp-content\/uploads\/2017\/02\/23022017_104613_artister-deltavling-4-jpg-300x169.jpg 300w, https:\/\/www.vivaeurovision.com\/wp-content\/uploads\/2017\/02\/23022017_104613_artister-deltavling-4-jpg.jpg 600w\" sizes=\"auto, (max-width: 300px) 100vw, 300px\" \/><\/p>\n<p>Im\u00e1genes: <strong>\u00a9SVT<\/strong><\/p>\n<p><iframe loading=\"lazy\"  id=\"_ytid_33469\"  width=\"480\" height=\"270\"  data-origwidth=\"480\" data-origheight=\"270\" src=\"https:\/\/www.youtube.com\/embed\/NmR3X6_jn1Y?enablejsapi=1&#038;autoplay=0&#038;cc_load_policy=0&#038;cc_lang_pref=&#038;iv_load_policy=1&#038;loop=0&#038;rel=1&#038;fs=1&#038;playsinline=0&#038;autohide=2&#038;theme=dark&#038;color=red&#038;controls=1&#038;disablekb=0&#038;\" class=\"__youtube_prefs__  epyt-is-override  no-lazyload\" title=\"YouTube player\"  allow=\"fullscreen; accelerometer; autoplay; clipboard-write; encrypted-media; gyroscope; picture-in-picture; web-share\" referrerpolicy=\"strict-origin-when-cross-origin\" allowfullscreen data-no-lazy=\"1\" data-skipgform_ajax_framebjll=\"\"><\/iframe><\/p>\n<p>ORDEN DE ACTUACI\u00d3N<\/p>\n<h4><strong>Semifinal 4 \u2013 Skellefte\u00e5 \u2013 25 de febrero<\/strong><\/h4>\n<p>1. <strong>Jon Henrik Fj\u00e4llgren feat. Aninia<\/strong> \u2013 \u201dEn v\u00e4rld full av strider (Vearelde gusnie jeenh vigkieh)\u201d<br \/>\n2. <strong>Alice<\/strong> \u2013 \u201dRunning with Lions\u201d<br \/>\n3. <strong>Les Gordons<\/strong> \u2013 \u201dBound To Fall\u201d<br \/>\n4. <strong>Wiktoria<\/strong> \u2013 \u201dAs I Lay Me Down\u201d<br \/>\n5. <strong>Axel Schylstr\u00f6m<\/strong> \u2013 \u201dN\u00e4r ingen ser\u201d<br \/>\n6. <strong>Sara Varga och Juha Mulari<\/strong> \u2013 \u201dDu f\u00e5r inte \u00e4ndra p\u00e5 mig\u201d<br \/>\n7. <strong>Loreen<\/strong> \u2013 \u201dStatements\u201d<\/p>\n<div id=\"attachment_3429\" style=\"width: 310px\" class=\"wp-caption alignnone\"><img loading=\"lazy\" decoding=\"async\" aria-describedby=\"caption-attachment-3429\" class=\"size-medium wp-image-3429\" src=\"http:\/\/www.vivaeurovision.com\/wp-content\/uploads\/2017\/01\/melloallaartister-jpg-300x169.jpg\" alt=\"melodifestivalen\" width=\"300\" height=\"169\" srcset=\"https:\/\/www.vivaeurovision.com\/wp-content\/uploads\/2017\/01\/melloallaartister-jpg-300x169.jpg 300w, https:\/\/www.vivaeurovision.com\/wp-content\/uploads\/2017\/01\/melloallaartister-jpg.jpg 650w\" sizes=\"auto, (max-width: 300px) 100vw, 300px\" \/><p id=\"caption-attachment-3429\" class=\"wp-caption-text\">Imagen SVT<\/p><\/div>\n<p>M\u00e1s informaci\u00f3n la pod\u00e9is encontrar en la pagina web oficial de la SVT <strong><a href=\"http:\/\/www.svt.se\/melodifestivalen\/hit-kommer-melodifestivalen-2017-se-alla-staderna\" target=\"_blank\">SVT WEBSITE<\/a><\/strong><\/p>\n<p><strong>En vivaeurovision os mantendremos informados de todo el proceso y de la gala Andra Chanses que se celebrar\u00e1 la pr\u00f3xima semana donde se seleccionaran a los \u00faltimos finalistas para la gran final de Estocolmo, donde conoceremos al sucesor\/ra de Frans en Eurovisi\u00f3n 2017. <\/strong><\/p>\n<p><img loading=\"lazy\" decoding=\"async\" class=\"alignnone size-medium wp-image-311\" src=\"http:\/\/www.vivaeurovision.com\/wp-content\/uploads\/2016\/01\/image-21-300x165.jpeg\" alt=\"VIVAEUROVISION.COM\" width=\"300\" height=\"165\" srcset=\"https:\/\/www.vivaeurovision.com\/wp-content\/uploads\/2016\/01\/image-21-300x165.jpeg 300w, https:\/\/www.vivaeurovision.com\/wp-content\/uploads\/2016\/01\/image-21-555x305.jpeg 555w, https:\/\/www.vivaeurovision.com\/wp-content\/uploads\/2016\/01\/image-21.jpeg 669w\" sizes=\"auto, (max-width: 300px) 100vw, 300px\" \/><\/p>\n<p>Twitter\u00a0<strong> <a href=\"https:\/\/twitter.com\/viva_eurovision\" target=\"_blank\"><span style=\"color: #0066cc;\">@viva_eurovision<\/span><\/a>\u00a0 <a href=\"https:\/\/www.facebook.com\/Vivaeurovisioncom-867806686671081\/?fref=nf\" target=\"_blank\"><span style=\"color: #0066cc;\">FACEBOOK OFICIAL VIVA EUROVISION <\/span><\/a><\/strong>Instragram <strong>\u00a0<\/strong><a href=\"https:\/\/www.instagram.com\/vivaeurovision\/\" target=\"_blank\"><strong>@vivaeurovision<\/strong><\/a><\/p>\n<p>Redactor: Pedro Palomo <a href=\"https:\/\/twitter.com\/pedropalomobcn?lang=es\"><strong><span style=\"color: #0066cc;\">@pedropalomobcn<\/span><\/strong><\/a><strong>\u00a0<\/strong>Instagram <a href=\"https:\/\/www.instagram.com\/pedrobcn\/\" target=\"_blank\"><strong>@pedrobcn<\/strong><\/a><\/p>\n<p>Im\u00e1genes: <strong>\u00a9SVT<\/strong><\/p>\n","protected":false},"excerpt":{"rendered":"<p>Suecia un a\u00f1o m\u00e1s saca toda su artiller\u00eda para llevarse el triunfo de nuevo, el pr\u00f3ximo 25 de febrero se celebra la \u00faltima semifinal del melodifestivalen sueco el m\u00edtico proceso&#46;&#46;&#46;<\/p>\n","protected":false},"author":1,"featured_media":3913,"comment_status":"open","ping_status":"open","sticky":false,"template":"","format":"standard","meta":{"_exactmetrics_skip_tracking":false,"_exactmetrics_sitenote_active":false,"_exactmetrics_sitenote_note":"","_exactmetrics_sitenote_category":0,"footnotes":""},"categories":[1195,876,4,1188,2,3],"tags":[1542,17,865,11,1543,866,706,1096,164,1646,1643,1644,1272,1645,229,986,34,19,20,766,320,805,23,22],"class_list":["post-3912","post","type-post","status-publish","format-standard","has-post-thumbnail","hentry","category-eurovision-2","category-eurovision-2017","category-eurovision","category-noticia-2","category-noticia","category-ultima-hora","tag-celebrate-diversity","tag-esc","tag-esc-2017","tag-eurovision","tag-eurovision-celebrate-diversity","tag-eurovision-song-contest-2017","tag-eurovision-song-contest-festival","tag-festival-de-eurovision","tag-loreen","tag-loreen-eurovision","tag-loreen-eurovision-2017","tag-loreen-melodifestivalen","tag-loreen-melodifestivalen-2017","tag-loreen-statements","tag-melodifestivalen","tag-melodifestivalen-2017","tag-noticia","tag-pedro-palomo","tag-pedro-palomo-eurovision","tag-pedro-palomo-vivaeurovision","tag-svt","tag-svt-eurovision","tag-viva-eurovision","tag-vivaeurovision"],"yoast_head":"<!-- This site is optimized with the Yoast SEO plugin v27.5 - https:\/\/yoast.com\/product\/yoast-seo-wordpress\/ -->\n<title>Disponible el ensayo de Loreen y el resto de participantes de la \u00faltima semifinal del Melodifestivalen - VIVAEUROVISION viva eurovision<\/title>\n<meta name=\"robots\" content=\"index, follow, max-snippet:-1, max-image-preview:large, max-video-preview:-1\" \/>\n<link rel=\"canonical\" href=\"https:\/\/www.vivaeurovision.com\/index.php\/2017\/02\/23\/eurovision-melodifestivalen\/\" \/>\n<meta property=\"og:locale\" content=\"es_ES\" \/>\n<meta property=\"og:type\" content=\"article\" \/>\n<meta property=\"og:title\" content=\"Disponible el ensayo de Loreen y el resto de participantes de la \u00faltima semifinal del Melodifestivalen - VIVAEUROVISION viva eurovision\" \/>\n<meta property=\"og:description\" content=\"Suecia un a\u00f1o m\u00e1s saca toda su artiller\u00eda para llevarse el triunfo de nuevo, el pr\u00f3ximo 25 de febrero se celebra la \u00faltima semifinal del melodifestivalen sueco el m\u00edtico proceso&#046;&#046;&#046;\" \/>\n<meta property=\"og:url\" content=\"https:\/\/www.vivaeurovision.com\/index.php\/2017\/02\/23\/eurovision-melodifestivalen\/\" \/>\n<meta property=\"og:site_name\" content=\"VIVAEUROVISION viva eurovision\" \/>\n<meta property=\"article:published_time\" content=\"2017-02-23T19:27:22+00:00\" \/>\n<meta property=\"article:modified_time\" content=\"2017-02-24T08:18:12+00:00\" \/>\n<meta property=\"og:image\" content=\"https:\/\/www.vivaeurovision.com\/wp-content\/uploads\/2017\/02\/e7hv26aivntfy4rlwl6bokrpssy-jpg.jpg\" \/>\n\t<meta property=\"og:image:width\" content=\"650\" \/>\n\t<meta property=\"og:image:height\" content=\"366\" \/>\n\t<meta property=\"og:image:type\" content=\"image\/jpeg\" \/>\n<meta name=\"author\" content=\"Pedro Palomo\" \/>\n<meta name=\"twitter:card\" content=\"summary_large_image\" \/>\n<meta name=\"twitter:creator\" content=\"@pedropalomobcn\" \/>\n<meta name=\"twitter:label1\" content=\"Escrito por\" \/>\n\t<meta name=\"twitter:data1\" content=\"Pedro Palomo\" \/>\n\t<meta name=\"twitter:label2\" content=\"Tiempo de lectura\" \/>\n\t<meta name=\"twitter:data2\" content=\"2 minutos\" \/>\n<script type=\"application\/ld+json\" class=\"yoast-schema-graph\">{\"@context\":\"https:\\\/\\\/schema.org\",\"@graph\":[{\"@type\":\"Article\",\"@id\":\"https:\\\/\\\/www.vivaeurovision.com\\\/index.php\\\/2017\\\/02\\\/23\\\/eurovision-melodifestivalen\\\/#article\",\"isPartOf\":{\"@id\":\"https:\\\/\\\/www.vivaeurovision.com\\\/index.php\\\/2017\\\/02\\\/23\\\/eurovision-melodifestivalen\\\/\"},\"author\":{\"name\":\"Pedro Palomo\",\"@id\":\"https:\\\/\\\/www.vivaeurovision.com\\\/#\\\/schema\\\/person\\\/1d31fdaa3f5f7df556f73d164bd3c47a\"},\"headline\":\"Disponible el ensayo de Loreen y el resto de participantes de la \u00faltima semifinal del Melodifestivalen\",\"datePublished\":\"2017-02-23T19:27:22+00:00\",\"dateModified\":\"2017-02-24T08:18:12+00:00\",\"mainEntityOfPage\":{\"@id\":\"https:\\\/\\\/www.vivaeurovision.com\\\/index.php\\\/2017\\\/02\\\/23\\\/eurovision-melodifestivalen\\\/\"},\"wordCount\":355,\"commentCount\":0,\"publisher\":{\"@id\":\"https:\\\/\\\/www.vivaeurovision.com\\\/#organization\"},\"image\":{\"@id\":\"https:\\\/\\\/www.vivaeurovision.com\\\/index.php\\\/2017\\\/02\\\/23\\\/eurovision-melodifestivalen\\\/#primaryimage\"},\"thumbnailUrl\":\"https:\\\/\\\/www.vivaeurovision.com\\\/wp-content\\\/uploads\\\/2017\\\/02\\\/e7hv26aivntfy4rlwl6bokrpssy-jpg.jpg\",\"keywords\":[\"celebrate diversity\",\"ESC\",\"esc 2017\",\"Eurovision\",\"eurovision celebrate diversity\",\"eurovision song contest 2017\",\"eurovision song contest festival\",\"Festival de Eurovisi\u00f3n\",\"Loreen\",\"loreen eurovision\",\"loreen eurovision 2017\",\"loreen melodifestivalen\",\"loreen melodifestivalen 2017\",\"loreen statements\",\"melodifestivalen\",\"melodifestivalen 2017\",\"Noticia\",\"Pedro Palomo\",\"Pedro Palomo Eurovision\",\"Pedro Palomo Vivaeurovision\",\"svt\",\"Svt Eurovision\",\"viva eurovision\",\"vivaeurovision\"],\"articleSection\":[\"eurovision\",\"Eurovisi\u00f3n 2017\",\"Inicio\",\"Noticia\",\"Noticias\",\"Ultima Hora\"],\"inLanguage\":\"es\",\"potentialAction\":[{\"@type\":\"CommentAction\",\"name\":\"Comment\",\"target\":[\"https:\\\/\\\/www.vivaeurovision.com\\\/index.php\\\/2017\\\/02\\\/23\\\/eurovision-melodifestivalen\\\/#respond\"]}]},{\"@type\":\"WebPage\",\"@id\":\"https:\\\/\\\/www.vivaeurovision.com\\\/index.php\\\/2017\\\/02\\\/23\\\/eurovision-melodifestivalen\\\/\",\"url\":\"https:\\\/\\\/www.vivaeurovision.com\\\/index.php\\\/2017\\\/02\\\/23\\\/eurovision-melodifestivalen\\\/\",\"name\":\"Disponible el ensayo de Loreen y el resto de participantes de la \u00faltima semifinal del Melodifestivalen - VIVAEUROVISION viva eurovision\",\"isPartOf\":{\"@id\":\"https:\\\/\\\/www.vivaeurovision.com\\\/#website\"},\"primaryImageOfPage\":{\"@id\":\"https:\\\/\\\/www.vivaeurovision.com\\\/index.php\\\/2017\\\/02\\\/23\\\/eurovision-melodifestivalen\\\/#primaryimage\"},\"image\":{\"@id\":\"https:\\\/\\\/www.vivaeurovision.com\\\/index.php\\\/2017\\\/02\\\/23\\\/eurovision-melodifestivalen\\\/#primaryimage\"},\"thumbnailUrl\":\"https:\\\/\\\/www.vivaeurovision.com\\\/wp-content\\\/uploads\\\/2017\\\/02\\\/e7hv26aivntfy4rlwl6bokrpssy-jpg.jpg\",\"datePublished\":\"2017-02-23T19:27:22+00:00\",\"dateModified\":\"2017-02-24T08:18:12+00:00\",\"breadcrumb\":{\"@id\":\"https:\\\/\\\/www.vivaeurovision.com\\\/index.php\\\/2017\\\/02\\\/23\\\/eurovision-melodifestivalen\\\/#breadcrumb\"},\"inLanguage\":\"es\",\"potentialAction\":[{\"@type\":\"ReadAction\",\"target\":[\"https:\\\/\\\/www.vivaeurovision.com\\\/index.php\\\/2017\\\/02\\\/23\\\/eurovision-melodifestivalen\\\/\"]}]},{\"@type\":\"ImageObject\",\"inLanguage\":\"es\",\"@id\":\"https:\\\/\\\/www.vivaeurovision.com\\\/index.php\\\/2017\\\/02\\\/23\\\/eurovision-melodifestivalen\\\/#primaryimage\",\"url\":\"https:\\\/\\\/www.vivaeurovision.com\\\/wp-content\\\/uploads\\\/2017\\\/02\\\/e7hv26aivntfy4rlwl6bokrpssy-jpg.jpg\",\"contentUrl\":\"https:\\\/\\\/www.vivaeurovision.com\\\/wp-content\\\/uploads\\\/2017\\\/02\\\/e7hv26aivntfy4rlwl6bokrpssy-jpg.jpg\",\"width\":650,\"height\":366,\"caption\":\"eurovision\"},{\"@type\":\"BreadcrumbList\",\"@id\":\"https:\\\/\\\/www.vivaeurovision.com\\\/index.php\\\/2017\\\/02\\\/23\\\/eurovision-melodifestivalen\\\/#breadcrumb\",\"itemListElement\":[{\"@type\":\"ListItem\",\"position\":1,\"name\":\"Portada\",\"item\":\"https:\\\/\\\/www.vivaeurovision.com\\\/\"},{\"@type\":\"ListItem\",\"position\":2,\"name\":\"Disponible el ensayo de Loreen y el resto de participantes de la \u00faltima semifinal del Melodifestivalen\"}]},{\"@type\":\"WebSite\",\"@id\":\"https:\\\/\\\/www.vivaeurovision.com\\\/#website\",\"url\":\"https:\\\/\\\/www.vivaeurovision.com\\\/\",\"name\":\"VIVAEUROVISION viva eurovision\",\"description\":\"Tu portal sobre el Festival de Eurovision, eurovision, eurovisi\u00f3n\",\"publisher\":{\"@id\":\"https:\\\/\\\/www.vivaeurovision.com\\\/#organization\"},\"potentialAction\":[{\"@type\":\"SearchAction\",\"target\":{\"@type\":\"EntryPoint\",\"urlTemplate\":\"https:\\\/\\\/www.vivaeurovision.com\\\/?s={search_term_string}\"},\"query-input\":{\"@type\":\"PropertyValueSpecification\",\"valueRequired\":true,\"valueName\":\"search_term_string\"}}],\"inLanguage\":\"es\"},{\"@type\":\"Organization\",\"@id\":\"https:\\\/\\\/www.vivaeurovision.com\\\/#organization\",\"name\":\"vivaeurovision\",\"url\":\"https:\\\/\\\/www.vivaeurovision.com\\\/\",\"logo\":{\"@type\":\"ImageObject\",\"inLanguage\":\"es\",\"@id\":\"https:\\\/\\\/www.vivaeurovision.com\\\/#\\\/schema\\\/logo\\\/image\\\/\",\"url\":\"https:\\\/\\\/www.vivaeurovision.com\\\/wp-content\\\/uploads\\\/2016\\\/01\\\/cropped-image-21-1.jpeg\",\"contentUrl\":\"https:\\\/\\\/www.vivaeurovision.com\\\/wp-content\\\/uploads\\\/2016\\\/01\\\/cropped-image-21-1.jpeg\",\"width\":669,\"height\":368,\"caption\":\"vivaeurovision\"},\"image\":{\"@id\":\"https:\\\/\\\/www.vivaeurovision.com\\\/#\\\/schema\\\/logo\\\/image\\\/\"}},{\"@type\":\"Person\",\"@id\":\"https:\\\/\\\/www.vivaeurovision.com\\\/#\\\/schema\\\/person\\\/1d31fdaa3f5f7df556f73d164bd3c47a\",\"name\":\"Pedro Palomo\",\"image\":{\"@type\":\"ImageObject\",\"inLanguage\":\"es\",\"@id\":\"https:\\\/\\\/secure.gravatar.com\\\/avatar\\\/4cf9a4877f5f71f44fb7cedbe1bac1bd28bd8ce7a217517d98d5b2117f9f5505?s=96&d=mm&r=g\",\"url\":\"https:\\\/\\\/secure.gravatar.com\\\/avatar\\\/4cf9a4877f5f71f44fb7cedbe1bac1bd28bd8ce7a217517d98d5b2117f9f5505?s=96&d=mm&r=g\",\"contentUrl\":\"https:\\\/\\\/secure.gravatar.com\\\/avatar\\\/4cf9a4877f5f71f44fb7cedbe1bac1bd28bd8ce7a217517d98d5b2117f9f5505?s=96&d=mm&r=g\",\"caption\":\"Pedro Palomo\"},\"sameAs\":[\"http:\\\/\\\/www.vivaeurovision.com\",\"@pedrobcn\",\"https:\\\/\\\/x.com\\\/@pedropalomobcn\"]}]}<\/script>\n<!-- \/ Yoast SEO plugin. -->","yoast_head_json":{"title":"Disponible el ensayo de Loreen y el resto de participantes de la \u00faltima semifinal del Melodifestivalen - VIVAEUROVISION viva eurovision","robots":{"index":"index","follow":"follow","max-snippet":"max-snippet:-1","max-image-preview":"max-image-preview:large","max-video-preview":"max-video-preview:-1"},"canonical":"https:\/\/www.vivaeurovision.com\/index.php\/2017\/02\/23\/eurovision-melodifestivalen\/","og_locale":"es_ES","og_type":"article","og_title":"Disponible el ensayo de Loreen y el resto de participantes de la \u00faltima semifinal del Melodifestivalen - VIVAEUROVISION viva eurovision","og_description":"Suecia un a\u00f1o m\u00e1s saca toda su artiller\u00eda para llevarse el triunfo de nuevo, el pr\u00f3ximo 25 de febrero se celebra la \u00faltima semifinal del melodifestivalen sueco el m\u00edtico proceso&#46;&#46;&#46;","og_url":"https:\/\/www.vivaeurovision.com\/index.php\/2017\/02\/23\/eurovision-melodifestivalen\/","og_site_name":"VIVAEUROVISION viva eurovision","article_published_time":"2017-02-23T19:27:22+00:00","article_modified_time":"2017-02-24T08:18:12+00:00","og_image":[{"width":650,"height":366,"url":"https:\/\/www.vivaeurovision.com\/wp-content\/uploads\/2017\/02\/e7hv26aivntfy4rlwl6bokrpssy-jpg.jpg","type":"image\/jpeg"}],"author":"Pedro Palomo","twitter_card":"summary_large_image","twitter_creator":"@pedropalomobcn","twitter_misc":{"Escrito por":"Pedro Palomo","Tiempo de lectura":"2 minutos"},"schema":{"@context":"https:\/\/schema.org","@graph":[{"@type":"Article","@id":"https:\/\/www.vivaeurovision.com\/index.php\/2017\/02\/23\/eurovision-melodifestivalen\/#article","isPartOf":{"@id":"https:\/\/www.vivaeurovision.com\/index.php\/2017\/02\/23\/eurovision-melodifestivalen\/"},"author":{"name":"Pedro Palomo","@id":"https:\/\/www.vivaeurovision.com\/#\/schema\/person\/1d31fdaa3f5f7df556f73d164bd3c47a"},"headline":"Disponible el ensayo de Loreen y el resto de participantes de la \u00faltima semifinal del Melodifestivalen","datePublished":"2017-02-23T19:27:22+00:00","dateModified":"2017-02-24T08:18:12+00:00","mainEntityOfPage":{"@id":"https:\/\/www.vivaeurovision.com\/index.php\/2017\/02\/23\/eurovision-melodifestivalen\/"},"wordCount":355,"commentCount":0,"publisher":{"@id":"https:\/\/www.vivaeurovision.com\/#organization"},"image":{"@id":"https:\/\/www.vivaeurovision.com\/index.php\/2017\/02\/23\/eurovision-melodifestivalen\/#primaryimage"},"thumbnailUrl":"https:\/\/www.vivaeurovision.com\/wp-content\/uploads\/2017\/02\/e7hv26aivntfy4rlwl6bokrpssy-jpg.jpg","keywords":["celebrate diversity","ESC","esc 2017","Eurovision","eurovision celebrate diversity","eurovision song contest 2017","eurovision song contest festival","Festival de Eurovisi\u00f3n","Loreen","loreen eurovision","loreen eurovision 2017","loreen melodifestivalen","loreen melodifestivalen 2017","loreen statements","melodifestivalen","melodifestivalen 2017","Noticia","Pedro Palomo","Pedro Palomo Eurovision","Pedro Palomo Vivaeurovision","svt","Svt Eurovision","viva eurovision","vivaeurovision"],"articleSection":["eurovision","Eurovisi\u00f3n 2017","Inicio","Noticia","Noticias","Ultima Hora"],"inLanguage":"es","potentialAction":[{"@type":"CommentAction","name":"Comment","target":["https:\/\/www.vivaeurovision.com\/index.php\/2017\/02\/23\/eurovision-melodifestivalen\/#respond"]}]},{"@type":"WebPage","@id":"https:\/\/www.vivaeurovision.com\/index.php\/2017\/02\/23\/eurovision-melodifestivalen\/","url":"https:\/\/www.vivaeurovision.com\/index.php\/2017\/02\/23\/eurovision-melodifestivalen\/","name":"Disponible el ensayo de Loreen y el resto de participantes de la \u00faltima semifinal del Melodifestivalen - VIVAEUROVISION viva eurovision","isPartOf":{"@id":"https:\/\/www.vivaeurovision.com\/#website"},"primaryImageOfPage":{"@id":"https:\/\/www.vivaeurovision.com\/index.php\/2017\/02\/23\/eurovision-melodifestivalen\/#primaryimage"},"image":{"@id":"https:\/\/www.vivaeurovision.com\/index.php\/2017\/02\/23\/eurovision-melodifestivalen\/#primaryimage"},"thumbnailUrl":"https:\/\/www.vivaeurovision.com\/wp-content\/uploads\/2017\/02\/e7hv26aivntfy4rlwl6bokrpssy-jpg.jpg","datePublished":"2017-02-23T19:27:22+00:00","dateModified":"2017-02-24T08:18:12+00:00","breadcrumb":{"@id":"https:\/\/www.vivaeurovision.com\/index.php\/2017\/02\/23\/eurovision-melodifestivalen\/#breadcrumb"},"inLanguage":"es","potentialAction":[{"@type":"ReadAction","target":["https:\/\/www.vivaeurovision.com\/index.php\/2017\/02\/23\/eurovision-melodifestivalen\/"]}]},{"@type":"ImageObject","inLanguage":"es","@id":"https:\/\/www.vivaeurovision.com\/index.php\/2017\/02\/23\/eurovision-melodifestivalen\/#primaryimage","url":"https:\/\/www.vivaeurovision.com\/wp-content\/uploads\/2017\/02\/e7hv26aivntfy4rlwl6bokrpssy-jpg.jpg","contentUrl":"https:\/\/www.vivaeurovision.com\/wp-content\/uploads\/2017\/02\/e7hv26aivntfy4rlwl6bokrpssy-jpg.jpg","width":650,"height":366,"caption":"eurovision"},{"@type":"BreadcrumbList","@id":"https:\/\/www.vivaeurovision.com\/index.php\/2017\/02\/23\/eurovision-melodifestivalen\/#breadcrumb","itemListElement":[{"@type":"ListItem","position":1,"name":"Portada","item":"https:\/\/www.vivaeurovision.com\/"},{"@type":"ListItem","position":2,"name":"Disponible el ensayo de Loreen y el resto de participantes de la \u00faltima semifinal del Melodifestivalen"}]},{"@type":"WebSite","@id":"https:\/\/www.vivaeurovision.com\/#website","url":"https:\/\/www.vivaeurovision.com\/","name":"VIVAEUROVISION viva eurovision","description":"Tu portal sobre el Festival de Eurovision, eurovision, eurovisi\u00f3n","publisher":{"@id":"https:\/\/www.vivaeurovision.com\/#organization"},"potentialAction":[{"@type":"SearchAction","target":{"@type":"EntryPoint","urlTemplate":"https:\/\/www.vivaeurovision.com\/?s={search_term_string}"},"query-input":{"@type":"PropertyValueSpecification","valueRequired":true,"valueName":"search_term_string"}}],"inLanguage":"es"},{"@type":"Organization","@id":"https:\/\/www.vivaeurovision.com\/#organization","name":"vivaeurovision","url":"https:\/\/www.vivaeurovision.com\/","logo":{"@type":"ImageObject","inLanguage":"es","@id":"https:\/\/www.vivaeurovision.com\/#\/schema\/logo\/image\/","url":"https:\/\/www.vivaeurovision.com\/wp-content\/uploads\/2016\/01\/cropped-image-21-1.jpeg","contentUrl":"https:\/\/www.vivaeurovision.com\/wp-content\/uploads\/2016\/01\/cropped-image-21-1.jpeg","width":669,"height":368,"caption":"vivaeurovision"},"image":{"@id":"https:\/\/www.vivaeurovision.com\/#\/schema\/logo\/image\/"}},{"@type":"Person","@id":"https:\/\/www.vivaeurovision.com\/#\/schema\/person\/1d31fdaa3f5f7df556f73d164bd3c47a","name":"Pedro Palomo","image":{"@type":"ImageObject","inLanguage":"es","@id":"https:\/\/secure.gravatar.com\/avatar\/4cf9a4877f5f71f44fb7cedbe1bac1bd28bd8ce7a217517d98d5b2117f9f5505?s=96&d=mm&r=g","url":"https:\/\/secure.gravatar.com\/avatar\/4cf9a4877f5f71f44fb7cedbe1bac1bd28bd8ce7a217517d98d5b2117f9f5505?s=96&d=mm&r=g","contentUrl":"https:\/\/secure.gravatar.com\/avatar\/4cf9a4877f5f71f44fb7cedbe1bac1bd28bd8ce7a217517d98d5b2117f9f5505?s=96&d=mm&r=g","caption":"Pedro Palomo"},"sameAs":["http:\/\/www.vivaeurovision.com","@pedrobcn","https:\/\/x.com\/@pedropalomobcn"]}]}},"_links":{"self":[{"href":"https:\/\/www.vivaeurovision.com\/index.php\/wp-json\/wp\/v2\/posts\/3912","targetHints":{"allow":["GET"]}}],"collection":[{"href":"https:\/\/www.vivaeurovision.com\/index.php\/wp-json\/wp\/v2\/posts"}],"about":[{"href":"https:\/\/www.vivaeurovision.com\/index.php\/wp-json\/wp\/v2\/types\/post"}],"author":[{"embeddable":true,"href":"https:\/\/www.vivaeurovision.com\/index.php\/wp-json\/wp\/v2\/users\/1"}],"replies":[{"embeddable":true,"href":"https:\/\/www.vivaeurovision.com\/index.php\/wp-json\/wp\/v2\/comments?post=3912"}],"version-history":[{"count":0,"href":"https:\/\/www.vivaeurovision.com\/index.php\/wp-json\/wp\/v2\/posts\/3912\/revisions"}],"wp:featuredmedia":[{"embeddable":true,"href":"https:\/\/www.vivaeurovision.com\/index.php\/wp-json\/wp\/v2\/media\/3913"}],"wp:attachment":[{"href":"https:\/\/www.vivaeurovision.com\/index.php\/wp-json\/wp\/v2\/media?parent=3912"}],"wp:term":[{"taxonomy":"category","embeddable":true,"href":"https:\/\/www.vivaeurovision.com\/index.php\/wp-json\/wp\/v2\/categories?post=3912"},{"taxonomy":"post_tag","embeddable":true,"href":"https:\/\/www.vivaeurovision.com\/index.php\/wp-json\/wp\/v2\/tags?post=3912"}],"curies":[{"name":"wp","href":"https:\/\/api.w.org\/{rel}","templated":true}]}}