{"id":4051,"date":"2017-03-05T21:39:11","date_gmt":"2017-03-05T21:39:11","guid":{"rendered":"http:\/\/www.vivaeurovision.com\/?p=4051"},"modified":"2017-03-05T22:53:28","modified_gmt":"2017-03-05T22:53:28","slug":"4051-rumania-eurovision-2017","status":"publish","type":"post","link":"https:\/\/www.vivaeurovision.com\/index.php\/2017\/03\/05\/4051-rumania-eurovision-2017\/","title":{"rendered":"Eurovisi\u00f3n 2017:  Ilinca feat. Alex Florea, representantes de Rumania con el tema Yodel It!"},"content":{"rendered":"<p>Hoy se ha celebrado la final de la preselecci\u00f3n de Rumania, tras la decisi\u00f3n tomada por la UER\u00a0el pasado a\u00f1o, de expulsar por temas econ\u00f3micos\u00a0a Ruman\u00eda\u00a0del festival a pocas semanas de celebrarse en Estocolmo. Un a\u00f1o despu\u00e9s\u00a0Ruman\u00eda regresa al Festival de Eurovisi\u00f3n 2017.<\/p>\n<p>Tras varias audiciones y la semifinal con un jurado formado por Paula Seling &amp;\u00a0Ovi ( eurovisi\u00f3n 2010 y 2014) y Luminita Anghel ( eurovisi\u00f3n 2005), <strong>Selectia Nationala 2017<\/strong> ha llegado a la gran final, donde el televoto ha decidido que, \u00a0<strong>Ilinca feat. Alex Florea<\/strong> sean los representantes de Ruman\u00eda en la 62 edici\u00f3n del Festival de Eurovisi\u00f3n, el pr\u00f3ximo mes de mayo en Kiev.<\/p>\n<p><strong>Escucha Yodel It! canci\u00f3n de Ilinca y Alex Florea<\/strong><\/p>\n<p><iframe loading=\"lazy\" src=\"https:\/\/www.youtube.com\/embed\/1Ap6uI-Nx5A\" width=\"560\" height=\"315\" frameborder=\"0\" allowfullscreen=\"allowfullscreen\"><\/iframe><\/p>\n<p><iframe loading=\"lazy\" src=\"https:\/\/www.youtube.com\/embed\/gU8GxDbhZ9U\" width=\"560\" height=\"315\" frameborder=\"0\" allowfullscreen=\"allowfullscreen\"><\/iframe><br \/>\nDurante la gala hemos podido ver al representante de Espa\u00f1a, <strong>Manel Navarro<\/strong> que se encuentra en plena promoci\u00f3n europea, con el tema <strong>Do It For Your Lover.<\/strong><\/p>\n<p>Ruman\u00eda competir\u00e1 en la\u00a0semifinal semifinal el pr\u00f3ximo jueves 11 de mayo.<\/p>\n<p><img loading=\"lazy\" decoding=\"async\" class=\"alignnone size-medium wp-image-4057\" src=\"http:\/\/www.vivaeurovision.com\/wp-content\/uploads\/2017\/03\/thumbnail_Finalistii-300x166.jpg\" alt=\"eurovisi\u00f3n\" width=\"300\" height=\"166\" srcset=\"https:\/\/www.vivaeurovision.com\/wp-content\/uploads\/2017\/03\/thumbnail_Finalistii-300x166.jpg 300w, https:\/\/www.vivaeurovision.com\/wp-content\/uploads\/2017\/03\/thumbnail_Finalistii-700x387.jpg 700w, https:\/\/www.vivaeurovision.com\/wp-content\/uploads\/2017\/03\/thumbnail_Finalistii.jpg 1280w\" sizes=\"auto, (max-width: 300px) 100vw, 300px\" \/><br \/>\n1. Ana Maria Miric\u0103<br \/>\n2. Ilinca feat. Alex Florea<br \/>\n3. Eduard Santha<br \/>\n4. Xandra<br \/>\n5. MIHAI<br \/>\n6. Maxim<br \/>\n7. Tavi Colen &amp; Emma<br \/>\n8. Instinct<br \/>\n9. Ramona Nerra<br \/>\n10. Cristina Vasiu<\/p>\n<p>\u00bf Conseguir\u00e1 Rumania su pase a la gran final de Eurovisi\u00f3n 2017 ?<\/p>\n<p><img loading=\"lazy\" decoding=\"async\" class=\"alignnone size-medium wp-image-311\" src=\"http:\/\/www.vivaeurovision.com\/wp-content\/uploads\/2016\/01\/image-21-300x165.jpeg\" alt=\"VIVAEUROVISION.COM\" width=\"300\" height=\"165\" srcset=\"https:\/\/www.vivaeurovision.com\/wp-content\/uploads\/2016\/01\/image-21-300x165.jpeg 300w, https:\/\/www.vivaeurovision.com\/wp-content\/uploads\/2016\/01\/image-21-555x305.jpeg 555w, https:\/\/www.vivaeurovision.com\/wp-content\/uploads\/2016\/01\/image-21.jpeg 669w\" sizes=\"auto, (max-width: 300px) 100vw, 300px\" \/><\/p>\n<p>Twitter\u00a0<strong> <a href=\"https:\/\/twitter.com\/viva_eurovision\" target=\"_blank\"><span style=\"color: #0066cc;\">@viva_eurovision<\/span><\/a>\u00a0 <a href=\"https:\/\/www.facebook.com\/Vivaeurovisioncom-867806686671081\/?fref=nf\" target=\"_blank\"><span style=\"color: #0066cc;\">FACEBOOK OFICIAL VIVA EUROVISION <\/span><\/a><\/strong>Instragram <strong>\u00a0<\/strong><a href=\"https:\/\/www.instagram.com\/vivaeurovision\/\" target=\"_blank\"><strong>@vivaeurovision<\/strong><\/a><\/p>\n<p>Redactor: Pedro Palomo <a href=\"https:\/\/twitter.com\/pedropalomobcn?lang=es\"><strong><span style=\"color: #0066cc;\">@pedropalomobcn<\/span><\/strong><\/a><strong>\u00a0<\/strong>Instagram <a href=\"https:\/\/www.instagram.com\/pedrobcn\/\" target=\"_blank\"><strong>@pedrobcn<\/strong><\/a><\/p>\n<p>Im\u00e1genes:TVR<\/p>\n","protected":false},"excerpt":{"rendered":"<p>Hoy se ha celebrado la final de la preselecci\u00f3n de Rumania, tras la decisi\u00f3n tomada por la UER\u00a0el pasado a\u00f1o, de expulsar por temas econ\u00f3micos\u00a0a Ruman\u00eda\u00a0del festival a pocas semanas&#46;&#46;&#46;<\/p>\n","protected":false},"author":1,"featured_media":4059,"comment_status":"open","ping_status":"closed","sticky":false,"template":"","format":"standard","meta":{"_exactmetrics_skip_tracking":false,"_exactmetrics_sitenote_active":false,"_exactmetrics_sitenote_note":"","_exactmetrics_sitenote_category":0,"footnotes":""},"categories":[1195,876,4,1188,2,3],"tags":[1542,17,865,11,670,1000,1543,1576,999,1719,1720,866,706,1096,1721,1722,1723,34,19,20,766,1524,1522,1718,23,22],"class_list":["post-4051","post","type-post","status-publish","format-standard","has-post-thumbnail","hentry","category-eurovision-2","category-eurovision-2017","category-eurovision","category-noticia-2","category-noticia","category-ultima-hora","tag-celebrate-diversity","tag-esc","tag-esc-2017","tag-eurovision","tag-eurovision-2017","tag-eurovision-2017-kiev","tag-eurovision-celebrate-diversity","tag-eurovision-celebrate-diversity-kiev-2017","tag-eurovision-kiev","tag-eurovision-romania-2017","tag-eurovision-rumania-2017","tag-eurovision-song-contest-2017","tag-eurovision-song-contest-festival","tag-festival-de-eurovision","tag-ilinca-feat-alex-florea","tag-ilinca-feat-alex-florea-eurovision","tag-ilinca-feat-alex-florea-yodel-it","tag-noticia","tag-pedro-palomo","tag-pedro-palomo-eurovision","tag-pedro-palomo-vivaeurovision","tag-romania-eurovision-2017","tag-rumania-eurovision-2017","tag-selectia-nationala","tag-viva-eurovision","tag-vivaeurovision"],"yoast_head":"<!-- This site is optimized with the Yoast SEO plugin v27.5 - https:\/\/yoast.com\/product\/yoast-seo-wordpress\/ -->\n<title>Eurovisi\u00f3n 2017: Ilinca feat. Alex Florea, representantes de Rumania con el tema Yodel It! - VIVAEUROVISION viva eurovision<\/title>\n<meta name=\"robots\" content=\"index, follow, max-snippet:-1, max-image-preview:large, max-video-preview:-1\" \/>\n<link rel=\"canonical\" href=\"https:\/\/www.vivaeurovision.com\/index.php\/2017\/03\/05\/4051-rumania-eurovision-2017\/\" \/>\n<meta property=\"og:locale\" content=\"es_ES\" \/>\n<meta property=\"og:type\" content=\"article\" \/>\n<meta property=\"og:title\" content=\"Eurovisi\u00f3n 2017: Ilinca feat. Alex Florea, representantes de Rumania con el tema Yodel It! - VIVAEUROVISION viva eurovision\" \/>\n<meta property=\"og:description\" content=\"Hoy se ha celebrado la final de la preselecci\u00f3n de Rumania, tras la decisi\u00f3n tomada por la UER\u00a0el pasado a\u00f1o, de expulsar por temas econ\u00f3micos\u00a0a Ruman\u00eda\u00a0del festival a pocas semanas&#046;&#046;&#046;\" \/>\n<meta property=\"og:url\" content=\"https:\/\/www.vivaeurovision.com\/index.php\/2017\/03\/05\/4051-rumania-eurovision-2017\/\" \/>\n<meta property=\"og:site_name\" content=\"VIVAEUROVISION viva eurovision\" \/>\n<meta property=\"article:published_time\" content=\"2017-03-05T21:39:11+00:00\" \/>\n<meta property=\"article:modified_time\" content=\"2017-03-05T22:53:28+00:00\" \/>\n<meta property=\"og:image\" content=\"https:\/\/www.vivaeurovision.com\/wp-content\/uploads\/2017\/03\/rumaniaeurovision.jpg\" \/>\n\t<meta property=\"og:image:width\" content=\"1181\" \/>\n\t<meta property=\"og:image:height\" content=\"552\" \/>\n\t<meta property=\"og:image:type\" content=\"image\/jpeg\" \/>\n<meta name=\"author\" content=\"Pedro Palomo\" \/>\n<meta name=\"twitter:card\" content=\"summary_large_image\" \/>\n<meta name=\"twitter:creator\" content=\"@pedropalomobcn\" \/>\n<meta name=\"twitter:label1\" content=\"Escrito por\" \/>\n\t<meta name=\"twitter:data1\" content=\"Pedro Palomo\" \/>\n\t<meta name=\"twitter:label2\" content=\"Tiempo de lectura\" \/>\n\t<meta name=\"twitter:data2\" content=\"1 minuto\" \/>\n<script type=\"application\/ld+json\" class=\"yoast-schema-graph\">{\"@context\":\"https:\\\/\\\/schema.org\",\"@graph\":[{\"@type\":\"Article\",\"@id\":\"https:\\\/\\\/www.vivaeurovision.com\\\/index.php\\\/2017\\\/03\\\/05\\\/4051-rumania-eurovision-2017\\\/#article\",\"isPartOf\":{\"@id\":\"https:\\\/\\\/www.vivaeurovision.com\\\/index.php\\\/2017\\\/03\\\/05\\\/4051-rumania-eurovision-2017\\\/\"},\"author\":{\"name\":\"Pedro Palomo\",\"@id\":\"https:\\\/\\\/www.vivaeurovision.com\\\/#\\\/schema\\\/person\\\/1d31fdaa3f5f7df556f73d164bd3c47a\"},\"headline\":\"Eurovisi\u00f3n 2017: Ilinca feat. Alex Florea, representantes de Rumania con el tema Yodel It!\",\"datePublished\":\"2017-03-05T21:39:11+00:00\",\"dateModified\":\"2017-03-05T22:53:28+00:00\",\"mainEntityOfPage\":{\"@id\":\"https:\\\/\\\/www.vivaeurovision.com\\\/index.php\\\/2017\\\/03\\\/05\\\/4051-rumania-eurovision-2017\\\/\"},\"wordCount\":235,\"commentCount\":0,\"publisher\":{\"@id\":\"https:\\\/\\\/www.vivaeurovision.com\\\/#organization\"},\"image\":{\"@id\":\"https:\\\/\\\/www.vivaeurovision.com\\\/index.php\\\/2017\\\/03\\\/05\\\/4051-rumania-eurovision-2017\\\/#primaryimage\"},\"thumbnailUrl\":\"https:\\\/\\\/www.vivaeurovision.com\\\/wp-content\\\/uploads\\\/2017\\\/03\\\/rumaniaeurovision.jpg\",\"keywords\":[\"celebrate diversity\",\"ESC\",\"esc 2017\",\"Eurovision\",\"Eurovision 2017\",\"Eurovision 2017 kiev\",\"eurovision celebrate diversity\",\"eurovision celebrate diversity kiev 2017\",\"Eurovision Kiev\",\"eurovision romania 2017\",\"eurovision rumania 2017\",\"eurovision song contest 2017\",\"eurovision song contest festival\",\"Festival de Eurovisi\u00f3n\",\"Ilinca feat. Alex Florea\",\"Ilinca feat. Alex Florea eurovision\",\"Ilinca feat. Alex Florea yodel it\",\"Noticia\",\"Pedro Palomo\",\"Pedro Palomo Eurovision\",\"Pedro Palomo Vivaeurovision\",\"romania eurovision 2017\",\"rumania eurovision 2017\",\"selectia nationala\",\"viva eurovision\",\"vivaeurovision\"],\"articleSection\":[\"eurovision\",\"Eurovisi\u00f3n 2017\",\"Inicio\",\"Noticia\",\"Noticias\",\"Ultima Hora\"],\"inLanguage\":\"es\",\"potentialAction\":[{\"@type\":\"CommentAction\",\"name\":\"Comment\",\"target\":[\"https:\\\/\\\/www.vivaeurovision.com\\\/index.php\\\/2017\\\/03\\\/05\\\/4051-rumania-eurovision-2017\\\/#respond\"]}]},{\"@type\":\"WebPage\",\"@id\":\"https:\\\/\\\/www.vivaeurovision.com\\\/index.php\\\/2017\\\/03\\\/05\\\/4051-rumania-eurovision-2017\\\/\",\"url\":\"https:\\\/\\\/www.vivaeurovision.com\\\/index.php\\\/2017\\\/03\\\/05\\\/4051-rumania-eurovision-2017\\\/\",\"name\":\"Eurovisi\u00f3n 2017: Ilinca feat. Alex Florea, representantes de Rumania con el tema Yodel It! - VIVAEUROVISION viva eurovision\",\"isPartOf\":{\"@id\":\"https:\\\/\\\/www.vivaeurovision.com\\\/#website\"},\"primaryImageOfPage\":{\"@id\":\"https:\\\/\\\/www.vivaeurovision.com\\\/index.php\\\/2017\\\/03\\\/05\\\/4051-rumania-eurovision-2017\\\/#primaryimage\"},\"image\":{\"@id\":\"https:\\\/\\\/www.vivaeurovision.com\\\/index.php\\\/2017\\\/03\\\/05\\\/4051-rumania-eurovision-2017\\\/#primaryimage\"},\"thumbnailUrl\":\"https:\\\/\\\/www.vivaeurovision.com\\\/wp-content\\\/uploads\\\/2017\\\/03\\\/rumaniaeurovision.jpg\",\"datePublished\":\"2017-03-05T21:39:11+00:00\",\"dateModified\":\"2017-03-05T22:53:28+00:00\",\"breadcrumb\":{\"@id\":\"https:\\\/\\\/www.vivaeurovision.com\\\/index.php\\\/2017\\\/03\\\/05\\\/4051-rumania-eurovision-2017\\\/#breadcrumb\"},\"inLanguage\":\"es\",\"potentialAction\":[{\"@type\":\"ReadAction\",\"target\":[\"https:\\\/\\\/www.vivaeurovision.com\\\/index.php\\\/2017\\\/03\\\/05\\\/4051-rumania-eurovision-2017\\\/\"]}]},{\"@type\":\"ImageObject\",\"inLanguage\":\"es\",\"@id\":\"https:\\\/\\\/www.vivaeurovision.com\\\/index.php\\\/2017\\\/03\\\/05\\\/4051-rumania-eurovision-2017\\\/#primaryimage\",\"url\":\"https:\\\/\\\/www.vivaeurovision.com\\\/wp-content\\\/uploads\\\/2017\\\/03\\\/rumaniaeurovision.jpg\",\"contentUrl\":\"https:\\\/\\\/www.vivaeurovision.com\\\/wp-content\\\/uploads\\\/2017\\\/03\\\/rumaniaeurovision.jpg\",\"width\":1181,\"height\":552,\"caption\":\"eurovision\"},{\"@type\":\"BreadcrumbList\",\"@id\":\"https:\\\/\\\/www.vivaeurovision.com\\\/index.php\\\/2017\\\/03\\\/05\\\/4051-rumania-eurovision-2017\\\/#breadcrumb\",\"itemListElement\":[{\"@type\":\"ListItem\",\"position\":1,\"name\":\"Portada\",\"item\":\"https:\\\/\\\/www.vivaeurovision.com\\\/\"},{\"@type\":\"ListItem\",\"position\":2,\"name\":\"Eurovisi\u00f3n 2017: Ilinca feat. Alex Florea, representantes de Rumania con el tema Yodel It!\"}]},{\"@type\":\"WebSite\",\"@id\":\"https:\\\/\\\/www.vivaeurovision.com\\\/#website\",\"url\":\"https:\\\/\\\/www.vivaeurovision.com\\\/\",\"name\":\"VIVAEUROVISION viva eurovision\",\"description\":\"Tu portal sobre el Festival de Eurovision, eurovision, eurovisi\u00f3n\",\"publisher\":{\"@id\":\"https:\\\/\\\/www.vivaeurovision.com\\\/#organization\"},\"potentialAction\":[{\"@type\":\"SearchAction\",\"target\":{\"@type\":\"EntryPoint\",\"urlTemplate\":\"https:\\\/\\\/www.vivaeurovision.com\\\/?s={search_term_string}\"},\"query-input\":{\"@type\":\"PropertyValueSpecification\",\"valueRequired\":true,\"valueName\":\"search_term_string\"}}],\"inLanguage\":\"es\"},{\"@type\":\"Organization\",\"@id\":\"https:\\\/\\\/www.vivaeurovision.com\\\/#organization\",\"name\":\"vivaeurovision\",\"url\":\"https:\\\/\\\/www.vivaeurovision.com\\\/\",\"logo\":{\"@type\":\"ImageObject\",\"inLanguage\":\"es\",\"@id\":\"https:\\\/\\\/www.vivaeurovision.com\\\/#\\\/schema\\\/logo\\\/image\\\/\",\"url\":\"https:\\\/\\\/www.vivaeurovision.com\\\/wp-content\\\/uploads\\\/2016\\\/01\\\/cropped-image-21-1.jpeg\",\"contentUrl\":\"https:\\\/\\\/www.vivaeurovision.com\\\/wp-content\\\/uploads\\\/2016\\\/01\\\/cropped-image-21-1.jpeg\",\"width\":669,\"height\":368,\"caption\":\"vivaeurovision\"},\"image\":{\"@id\":\"https:\\\/\\\/www.vivaeurovision.com\\\/#\\\/schema\\\/logo\\\/image\\\/\"}},{\"@type\":\"Person\",\"@id\":\"https:\\\/\\\/www.vivaeurovision.com\\\/#\\\/schema\\\/person\\\/1d31fdaa3f5f7df556f73d164bd3c47a\",\"name\":\"Pedro Palomo\",\"image\":{\"@type\":\"ImageObject\",\"inLanguage\":\"es\",\"@id\":\"https:\\\/\\\/secure.gravatar.com\\\/avatar\\\/4cf9a4877f5f71f44fb7cedbe1bac1bd28bd8ce7a217517d98d5b2117f9f5505?s=96&d=mm&r=g\",\"url\":\"https:\\\/\\\/secure.gravatar.com\\\/avatar\\\/4cf9a4877f5f71f44fb7cedbe1bac1bd28bd8ce7a217517d98d5b2117f9f5505?s=96&d=mm&r=g\",\"contentUrl\":\"https:\\\/\\\/secure.gravatar.com\\\/avatar\\\/4cf9a4877f5f71f44fb7cedbe1bac1bd28bd8ce7a217517d98d5b2117f9f5505?s=96&d=mm&r=g\",\"caption\":\"Pedro Palomo\"},\"sameAs\":[\"http:\\\/\\\/www.vivaeurovision.com\",\"@pedrobcn\",\"https:\\\/\\\/x.com\\\/@pedropalomobcn\"]}]}<\/script>\n<!-- \/ Yoast SEO plugin. -->","yoast_head_json":{"title":"Eurovisi\u00f3n 2017: Ilinca feat. Alex Florea, representantes de Rumania con el tema Yodel It! - VIVAEUROVISION viva eurovision","robots":{"index":"index","follow":"follow","max-snippet":"max-snippet:-1","max-image-preview":"max-image-preview:large","max-video-preview":"max-video-preview:-1"},"canonical":"https:\/\/www.vivaeurovision.com\/index.php\/2017\/03\/05\/4051-rumania-eurovision-2017\/","og_locale":"es_ES","og_type":"article","og_title":"Eurovisi\u00f3n 2017: Ilinca feat. Alex Florea, representantes de Rumania con el tema Yodel It! - VIVAEUROVISION viva eurovision","og_description":"Hoy se ha celebrado la final de la preselecci\u00f3n de Rumania, tras la decisi\u00f3n tomada por la UER\u00a0el pasado a\u00f1o, de expulsar por temas econ\u00f3micos\u00a0a Ruman\u00eda\u00a0del festival a pocas semanas&#46;&#46;&#46;","og_url":"https:\/\/www.vivaeurovision.com\/index.php\/2017\/03\/05\/4051-rumania-eurovision-2017\/","og_site_name":"VIVAEUROVISION viva eurovision","article_published_time":"2017-03-05T21:39:11+00:00","article_modified_time":"2017-03-05T22:53:28+00:00","og_image":[{"width":1181,"height":552,"url":"https:\/\/www.vivaeurovision.com\/wp-content\/uploads\/2017\/03\/rumaniaeurovision.jpg","type":"image\/jpeg"}],"author":"Pedro Palomo","twitter_card":"summary_large_image","twitter_creator":"@pedropalomobcn","twitter_misc":{"Escrito por":"Pedro Palomo","Tiempo de lectura":"1 minuto"},"schema":{"@context":"https:\/\/schema.org","@graph":[{"@type":"Article","@id":"https:\/\/www.vivaeurovision.com\/index.php\/2017\/03\/05\/4051-rumania-eurovision-2017\/#article","isPartOf":{"@id":"https:\/\/www.vivaeurovision.com\/index.php\/2017\/03\/05\/4051-rumania-eurovision-2017\/"},"author":{"name":"Pedro Palomo","@id":"https:\/\/www.vivaeurovision.com\/#\/schema\/person\/1d31fdaa3f5f7df556f73d164bd3c47a"},"headline":"Eurovisi\u00f3n 2017: Ilinca feat. Alex Florea, representantes de Rumania con el tema Yodel It!","datePublished":"2017-03-05T21:39:11+00:00","dateModified":"2017-03-05T22:53:28+00:00","mainEntityOfPage":{"@id":"https:\/\/www.vivaeurovision.com\/index.php\/2017\/03\/05\/4051-rumania-eurovision-2017\/"},"wordCount":235,"commentCount":0,"publisher":{"@id":"https:\/\/www.vivaeurovision.com\/#organization"},"image":{"@id":"https:\/\/www.vivaeurovision.com\/index.php\/2017\/03\/05\/4051-rumania-eurovision-2017\/#primaryimage"},"thumbnailUrl":"https:\/\/www.vivaeurovision.com\/wp-content\/uploads\/2017\/03\/rumaniaeurovision.jpg","keywords":["celebrate diversity","ESC","esc 2017","Eurovision","Eurovision 2017","Eurovision 2017 kiev","eurovision celebrate diversity","eurovision celebrate diversity kiev 2017","Eurovision Kiev","eurovision romania 2017","eurovision rumania 2017","eurovision song contest 2017","eurovision song contest festival","Festival de Eurovisi\u00f3n","Ilinca feat. Alex Florea","Ilinca feat. Alex Florea eurovision","Ilinca feat. Alex Florea yodel it","Noticia","Pedro Palomo","Pedro Palomo Eurovision","Pedro Palomo Vivaeurovision","romania eurovision 2017","rumania eurovision 2017","selectia nationala","viva eurovision","vivaeurovision"],"articleSection":["eurovision","Eurovisi\u00f3n 2017","Inicio","Noticia","Noticias","Ultima Hora"],"inLanguage":"es","potentialAction":[{"@type":"CommentAction","name":"Comment","target":["https:\/\/www.vivaeurovision.com\/index.php\/2017\/03\/05\/4051-rumania-eurovision-2017\/#respond"]}]},{"@type":"WebPage","@id":"https:\/\/www.vivaeurovision.com\/index.php\/2017\/03\/05\/4051-rumania-eurovision-2017\/","url":"https:\/\/www.vivaeurovision.com\/index.php\/2017\/03\/05\/4051-rumania-eurovision-2017\/","name":"Eurovisi\u00f3n 2017: Ilinca feat. Alex Florea, representantes de Rumania con el tema Yodel It! - VIVAEUROVISION viva eurovision","isPartOf":{"@id":"https:\/\/www.vivaeurovision.com\/#website"},"primaryImageOfPage":{"@id":"https:\/\/www.vivaeurovision.com\/index.php\/2017\/03\/05\/4051-rumania-eurovision-2017\/#primaryimage"},"image":{"@id":"https:\/\/www.vivaeurovision.com\/index.php\/2017\/03\/05\/4051-rumania-eurovision-2017\/#primaryimage"},"thumbnailUrl":"https:\/\/www.vivaeurovision.com\/wp-content\/uploads\/2017\/03\/rumaniaeurovision.jpg","datePublished":"2017-03-05T21:39:11+00:00","dateModified":"2017-03-05T22:53:28+00:00","breadcrumb":{"@id":"https:\/\/www.vivaeurovision.com\/index.php\/2017\/03\/05\/4051-rumania-eurovision-2017\/#breadcrumb"},"inLanguage":"es","potentialAction":[{"@type":"ReadAction","target":["https:\/\/www.vivaeurovision.com\/index.php\/2017\/03\/05\/4051-rumania-eurovision-2017\/"]}]},{"@type":"ImageObject","inLanguage":"es","@id":"https:\/\/www.vivaeurovision.com\/index.php\/2017\/03\/05\/4051-rumania-eurovision-2017\/#primaryimage","url":"https:\/\/www.vivaeurovision.com\/wp-content\/uploads\/2017\/03\/rumaniaeurovision.jpg","contentUrl":"https:\/\/www.vivaeurovision.com\/wp-content\/uploads\/2017\/03\/rumaniaeurovision.jpg","width":1181,"height":552,"caption":"eurovision"},{"@type":"BreadcrumbList","@id":"https:\/\/www.vivaeurovision.com\/index.php\/2017\/03\/05\/4051-rumania-eurovision-2017\/#breadcrumb","itemListElement":[{"@type":"ListItem","position":1,"name":"Portada","item":"https:\/\/www.vivaeurovision.com\/"},{"@type":"ListItem","position":2,"name":"Eurovisi\u00f3n 2017: Ilinca feat. Alex Florea, representantes de Rumania con el tema Yodel It!"}]},{"@type":"WebSite","@id":"https:\/\/www.vivaeurovision.com\/#website","url":"https:\/\/www.vivaeurovision.com\/","name":"VIVAEUROVISION viva eurovision","description":"Tu portal sobre el Festival de Eurovision, eurovision, eurovisi\u00f3n","publisher":{"@id":"https:\/\/www.vivaeurovision.com\/#organization"},"potentialAction":[{"@type":"SearchAction","target":{"@type":"EntryPoint","urlTemplate":"https:\/\/www.vivaeurovision.com\/?s={search_term_string}"},"query-input":{"@type":"PropertyValueSpecification","valueRequired":true,"valueName":"search_term_string"}}],"inLanguage":"es"},{"@type":"Organization","@id":"https:\/\/www.vivaeurovision.com\/#organization","name":"vivaeurovision","url":"https:\/\/www.vivaeurovision.com\/","logo":{"@type":"ImageObject","inLanguage":"es","@id":"https:\/\/www.vivaeurovision.com\/#\/schema\/logo\/image\/","url":"https:\/\/www.vivaeurovision.com\/wp-content\/uploads\/2016\/01\/cropped-image-21-1.jpeg","contentUrl":"https:\/\/www.vivaeurovision.com\/wp-content\/uploads\/2016\/01\/cropped-image-21-1.jpeg","width":669,"height":368,"caption":"vivaeurovision"},"image":{"@id":"https:\/\/www.vivaeurovision.com\/#\/schema\/logo\/image\/"}},{"@type":"Person","@id":"https:\/\/www.vivaeurovision.com\/#\/schema\/person\/1d31fdaa3f5f7df556f73d164bd3c47a","name":"Pedro Palomo","image":{"@type":"ImageObject","inLanguage":"es","@id":"https:\/\/secure.gravatar.com\/avatar\/4cf9a4877f5f71f44fb7cedbe1bac1bd28bd8ce7a217517d98d5b2117f9f5505?s=96&d=mm&r=g","url":"https:\/\/secure.gravatar.com\/avatar\/4cf9a4877f5f71f44fb7cedbe1bac1bd28bd8ce7a217517d98d5b2117f9f5505?s=96&d=mm&r=g","contentUrl":"https:\/\/secure.gravatar.com\/avatar\/4cf9a4877f5f71f44fb7cedbe1bac1bd28bd8ce7a217517d98d5b2117f9f5505?s=96&d=mm&r=g","caption":"Pedro Palomo"},"sameAs":["http:\/\/www.vivaeurovision.com","@pedrobcn","https:\/\/x.com\/@pedropalomobcn"]}]}},"_links":{"self":[{"href":"https:\/\/www.vivaeurovision.com\/index.php\/wp-json\/wp\/v2\/posts\/4051","targetHints":{"allow":["GET"]}}],"collection":[{"href":"https:\/\/www.vivaeurovision.com\/index.php\/wp-json\/wp\/v2\/posts"}],"about":[{"href":"https:\/\/www.vivaeurovision.com\/index.php\/wp-json\/wp\/v2\/types\/post"}],"author":[{"embeddable":true,"href":"https:\/\/www.vivaeurovision.com\/index.php\/wp-json\/wp\/v2\/users\/1"}],"replies":[{"embeddable":true,"href":"https:\/\/www.vivaeurovision.com\/index.php\/wp-json\/wp\/v2\/comments?post=4051"}],"version-history":[{"count":0,"href":"https:\/\/www.vivaeurovision.com\/index.php\/wp-json\/wp\/v2\/posts\/4051\/revisions"}],"wp:featuredmedia":[{"embeddable":true,"href":"https:\/\/www.vivaeurovision.com\/index.php\/wp-json\/wp\/v2\/media\/4059"}],"wp:attachment":[{"href":"https:\/\/www.vivaeurovision.com\/index.php\/wp-json\/wp\/v2\/media?parent=4051"}],"wp:term":[{"taxonomy":"category","embeddable":true,"href":"https:\/\/www.vivaeurovision.com\/index.php\/wp-json\/wp\/v2\/categories?post=4051"},{"taxonomy":"post_tag","embeddable":true,"href":"https:\/\/www.vivaeurovision.com\/index.php\/wp-json\/wp\/v2\/tags?post=4051"}],"curies":[{"name":"wp","href":"https:\/\/api.w.org\/{rel}","templated":true}]}}