{"id":434,"date":"2016-01-25T11:41:58","date_gmt":"2016-01-25T11:41:58","guid":{"rendered":"http:\/\/www.vivaeurovision.com\/?p=434"},"modified":"2016-01-31T20:11:03","modified_gmt":"2016-01-31T20:11:03","slug":"434-sorteo-semifinales-eurovision","status":"publish","type":"post","link":"https:\/\/www.vivaeurovision.com\/index.php\/2016\/01\/25\/434-sorteo-semifinales-eurovision\/","title":{"rendered":"ESPA\u00d1A EMITIR\u00c1 Y VOTAR\u00c1 EN LA PRIMERA SEMIFINAL DE EUROVISION 2016"},"content":{"rendered":"<p><img loading=\"lazy\" decoding=\"async\" class=\"alignnone size-medium wp-image-435\" src=\"http:\/\/www.vivaeurovision.com\/wp-content\/uploads\/2016\/01\/Logo_blue-300x53.png\" alt=\"Logo_blue\" width=\"300\" height=\"53\" srcset=\"https:\/\/www.vivaeurovision.com\/wp-content\/uploads\/2016\/01\/Logo_blue-300x53.png 300w, https:\/\/www.vivaeurovision.com\/wp-content\/uploads\/2016\/01\/Logo_blue.png 580w\" sizes=\"auto, (max-width: 300px) 100vw, 300px\" \/><\/p>\n<p>La UER- EBU, ha realizado hoy el sorteo de las semifinales, donde como ya sab\u00edamos Israel participara y votar\u00e1 en la segunda semifinal debido a su fiesta nacional y Alemania votar\u00e1 en la segunda semifinal tras las reuni\u00f3n que tuvieron los miembros de la UER con la delegaci\u00f3n alemana.<\/p>\n<p>Australia este a\u00f1o tambi\u00e9n entrar\u00e1 en el sorteo, ya que no tiene las mimas condiciones del pasado a\u00f1o y ahora forma parte de la competici\u00f3n como el resto de pa\u00edses que no forman parte del big 5 y el pa\u00eds anfitri\u00f3n.<\/p>\n<p>El orden de actuaci\u00f3n lo determinar\u00e1 la organizaci\u00f3n anfitriona en el mes de Marzo.<\/p>\n<p>El big 5 y el pa\u00eds anfitri\u00f3n emitir\u00e1n y votar\u00e1n en las siguientes semifinales:<\/p>\n<p><img loading=\"lazy\" decoding=\"async\" class=\"alignnone size-medium wp-image-440\" src=\"http:\/\/www.vivaeurovision.com\/wp-content\/uploads\/2016\/01\/image-24-300x169.jpeg\" alt=\"image\" width=\"300\" height=\"169\" srcset=\"https:\/\/www.vivaeurovision.com\/wp-content\/uploads\/2016\/01\/image-24-300x169.jpeg 300w, https:\/\/www.vivaeurovision.com\/wp-content\/uploads\/2016\/01\/image-24.jpeg 480w\" sizes=\"auto, (max-width: 300px) 100vw, 300px\" \/><\/p>\n<p><strong>PRIMERA SEMIFINAL EMITIR\u00c1N Y VOTAR\u00c1N:\u00a0<\/strong><\/p>\n<p>Suecia \u00abPa\u00eds anfitri\u00f3n\u00bb<\/p>\n<p>Espa\u00f1a<\/p>\n<p>Francia<\/p>\n<p><strong>SEGUNDA SEMIFINAL EMITIR\u00c1N Y VOTAR\u00c1N:<\/strong><\/p>\n<p>Alemania<\/p>\n<p>Reino Unido<\/p>\n<p>Italia<\/p>\n<p>Los 37 pa\u00edses participantes luchar\u00e1n para su pase a la gran final del 14 de mayo y solo 10 de cada semifinal lo conseguir\u00e1n, lo har\u00e1n en las semifinales del 10 y 12 de mayo y estar\u00e1n repartidos en este orden:<\/p>\n<p><strong>1\u00aa SEMIFINAL EUROVISION 2016 10 DE MAYO\u00a0<\/strong><\/p>\n<p><strong>Primera mitad<\/strong><br \/>\nCroacia<br \/>\nFinlandia<br \/>\nMoldavia<br \/>\nArmenia<br \/>\nGrecia<br \/>\nHungr\u00eda<br \/>\nRusia<br \/>\nPa\u00edses Bajos<br \/>\nSan Marino<\/p>\n<p><strong>Segunda mitad<\/strong><\/p>\n<p>Azerbaij\u00e1n<br \/>\nChipre<br \/>\nMalta<br \/>\nBosnia y Herzegovina<br \/>\nEstonia<br \/>\nRep\u00fablica Checa<br \/>\nMontenegro<br \/>\nIslandia<br \/>\nAustria<\/p>\n<p><strong>2\u00aa SEMIFINAL EUROVISION 2016 12 DE MAYO<\/strong><\/p>\n<p><strong>Primera mitad<\/strong><\/p>\n<p>Letonia<br \/>\nBielorrusia<br \/>\nIrlanda<br \/>\nSuiza<br \/>\nARY Macedonia<br \/>\nAustralia<br \/>\nLituania<br \/>\nPolonia<br \/>\nIsrael<br \/>\nSerbia<\/p>\n<p><strong>Segunda mitad<\/strong><\/p>\n<p>Albania<br \/>\nBulgaria<br \/>\nDinamarca<br \/>\nGeorgia<br \/>\nRuman\u00eda<br \/>\nEslovenia<br \/>\nNoruega<br \/>\nUcrania<br \/>\nB\u00e9lgica<\/p>\n<p><img loading=\"lazy\" decoding=\"async\" class=\"alignnone size-medium wp-image-452\" src=\"http:\/\/www.vivaeurovision.com\/wp-content\/uploads\/2016\/01\/image-28-300x169.jpeg\" alt=\"image\" width=\"300\" height=\"169\" srcset=\"https:\/\/www.vivaeurovision.com\/wp-content\/uploads\/2016\/01\/image-28-300x169.jpeg 300w, https:\/\/www.vivaeurovision.com\/wp-content\/uploads\/2016\/01\/image-28.jpeg 650w\" sizes=\"auto, (max-width: 300px) 100vw, 300px\" \/><\/p>\n<p><img loading=\"lazy\" decoding=\"async\" class=\"alignnone size-medium wp-image-311\" src=\"http:\/\/www.vivaeurovision.com\/wp-content\/uploads\/2016\/01\/image-21-300x165.jpeg\" alt=\"VIVAEUROVISION.COM\" width=\"300\" height=\"165\" srcset=\"https:\/\/www.vivaeurovision.com\/wp-content\/uploads\/2016\/01\/image-21-300x165.jpeg 300w, https:\/\/www.vivaeurovision.com\/wp-content\/uploads\/2016\/01\/image-21-555x305.jpeg 555w, https:\/\/www.vivaeurovision.com\/wp-content\/uploads\/2016\/01\/image-21.jpeg 669w\" sizes=\"auto, (max-width: 300px) 100vw, 300px\" \/><\/p>\n<p>Twitter\u00a0<strong> <a href=\"https:\/\/twitter.com\/viva_eurovision\" target=\"_blank\">@viva_eurovision<\/a>\u00a0 <a href=\"https:\/\/www.facebook.com\/Vivaeurovisioncom-867806686671081\/?fref=nf\" target=\"_blank\">FACEBOOK OFICIAL VIVA EUROVISION <\/a><\/strong>Instragram <strong>@vivaeurovision<\/strong><\/p>\n<p>Fuente y fotograf\u00edas: SVT<\/p>\n<p>Redactor: Pedro Palomo <a href=\"https:\/\/twitter.com\/pedropalomobcn?lang=es\"><strong>@pedropalomobcn<\/strong><\/a><strong>\u00a0<\/strong>Instagram <strong>@pedrobcn<\/strong><\/p>\n<p>&nbsp;<\/p>\n<p>&nbsp;<\/p>\n","protected":false},"excerpt":{"rendered":"<p>La UER- EBU, ha realizado hoy el sorteo de las semifinales, donde como ya sab\u00edamos Israel participara y votar\u00e1 en la segunda semifinal debido a su fiesta nacional y Alemania&#46;&#46;&#46;<\/p>\n","protected":false},"author":1,"featured_media":455,"comment_status":"open","ping_status":"open","sticky":false,"template":"","format":"standard","meta":{"_exactmetrics_skip_tracking":false,"_exactmetrics_sitenote_active":false,"_exactmetrics_sitenote_note":"","_exactmetrics_sitenote_category":0,"footnotes":""},"categories":[7,4,3],"tags":[159,155,30,157,11,12,160,158,19,18,152,151,153,104,161,57,154,156,22],"class_list":["post-434","post","type-post","status-publish","format-standard","has-post-thumbnail","hentry","category-eurovision-2016","category-eurovision","category-ultima-hora","tag-come-together","tag-ebu","tag-esc-2016","tag-estocolomo-2016","tag-eurovision","tag-eurovision-2016","tag-eurovision-2016-come-together","tag-eurovision-come-together","tag-pedro-palomo","tag-rtve","tag-semifinal-eurovision","tag-semifinales-eurovision","tag-sorteo-semifinales-eurovision","tag-stockholm-2016","tag-stockholm-2016-come-together","tag-tve","tag-uer","tag-viva-eurovison","tag-vivaeurovision"],"yoast_head":"<!-- This site is optimized with the Yoast SEO plugin v27.5 - https:\/\/yoast.com\/product\/yoast-seo-wordpress\/ -->\n<title>ESPA\u00d1A EMITIR\u00c1 Y VOTAR\u00c1 EN LA PRIMERA SEMIFINAL DE EUROVISION 2016 - VIVAEUROVISION viva eurovision<\/title>\n<meta name=\"robots\" content=\"index, follow, max-snippet:-1, max-image-preview:large, max-video-preview:-1\" \/>\n<link rel=\"canonical\" href=\"https:\/\/www.vivaeurovision.com\/index.php\/2016\/01\/25\/434-sorteo-semifinales-eurovision\/\" \/>\n<meta property=\"og:locale\" content=\"es_ES\" \/>\n<meta property=\"og:type\" content=\"article\" \/>\n<meta property=\"og:title\" content=\"ESPA\u00d1A EMITIR\u00c1 Y VOTAR\u00c1 EN LA PRIMERA SEMIFINAL DE EUROVISION 2016 - VIVAEUROVISION viva eurovision\" \/>\n<meta property=\"og:description\" content=\"La UER- EBU, ha realizado hoy el sorteo de las semifinales, donde como ya sab\u00edamos Israel participara y votar\u00e1 en la segunda semifinal debido a su fiesta nacional y Alemania&#046;&#046;&#046;\" \/>\n<meta property=\"og:url\" content=\"https:\/\/www.vivaeurovision.com\/index.php\/2016\/01\/25\/434-sorteo-semifinales-eurovision\/\" \/>\n<meta property=\"og:site_name\" content=\"VIVAEUROVISION viva eurovision\" \/>\n<meta property=\"article:published_time\" content=\"2016-01-25T11:41:58+00:00\" \/>\n<meta property=\"article:modified_time\" content=\"2016-01-31T20:11:03+00:00\" \/>\n<meta property=\"og:image\" content=\"https:\/\/www.vivaeurovision.com\/wp-content\/uploads\/2016\/01\/image-29.jpeg\" \/>\n\t<meta property=\"og:image:width\" content=\"555\" \/>\n\t<meta property=\"og:image:height\" content=\"305\" \/>\n\t<meta property=\"og:image:type\" content=\"image\/jpeg\" \/>\n<meta name=\"author\" content=\"Pedro Palomo\" \/>\n<meta name=\"twitter:card\" content=\"summary_large_image\" \/>\n<meta name=\"twitter:creator\" content=\"@pedropalomobcn\" \/>\n<meta name=\"twitter:label1\" content=\"Escrito por\" \/>\n\t<meta name=\"twitter:data1\" content=\"Pedro Palomo\" \/>\n\t<meta name=\"twitter:label2\" content=\"Tiempo de lectura\" \/>\n\t<meta name=\"twitter:data2\" content=\"1 minuto\" \/>\n<script type=\"application\/ld+json\" class=\"yoast-schema-graph\">{\"@context\":\"https:\\\/\\\/schema.org\",\"@graph\":[{\"@type\":\"Article\",\"@id\":\"https:\\\/\\\/www.vivaeurovision.com\\\/index.php\\\/2016\\\/01\\\/25\\\/434-sorteo-semifinales-eurovision\\\/#article\",\"isPartOf\":{\"@id\":\"https:\\\/\\\/www.vivaeurovision.com\\\/index.php\\\/2016\\\/01\\\/25\\\/434-sorteo-semifinales-eurovision\\\/\"},\"author\":{\"name\":\"Pedro Palomo\",\"@id\":\"https:\\\/\\\/www.vivaeurovision.com\\\/#\\\/schema\\\/person\\\/1d31fdaa3f5f7df556f73d164bd3c47a\"},\"headline\":\"ESPA\u00d1A EMITIR\u00c1 Y VOTAR\u00c1 EN LA PRIMERA SEMIFINAL DE EUROVISION 2016\",\"datePublished\":\"2016-01-25T11:41:58+00:00\",\"dateModified\":\"2016-01-31T20:11:03+00:00\",\"mainEntityOfPage\":{\"@id\":\"https:\\\/\\\/www.vivaeurovision.com\\\/index.php\\\/2016\\\/01\\\/25\\\/434-sorteo-semifinales-eurovision\\\/\"},\"wordCount\":297,\"commentCount\":0,\"publisher\":{\"@id\":\"https:\\\/\\\/www.vivaeurovision.com\\\/#organization\"},\"image\":{\"@id\":\"https:\\\/\\\/www.vivaeurovision.com\\\/index.php\\\/2016\\\/01\\\/25\\\/434-sorteo-semifinales-eurovision\\\/#primaryimage\"},\"thumbnailUrl\":\"https:\\\/\\\/www.vivaeurovision.com\\\/wp-content\\\/uploads\\\/2016\\\/01\\\/image-29.jpeg\",\"keywords\":[\"COME TOGETHER\",\"ebu\",\"Esc 2016\",\"estocolomo 2016\",\"Eurovision\",\"Eurovisi\u00f3n 2016\",\"Eurovision 2016 come together\",\"Eurovision come together\",\"Pedro Palomo\",\"RTVE\",\"Semifinal eurovision\",\"Semifinales Eurovision\",\"sorteo semifinales eurovision\",\"stockholm 2016\",\"stockholm 2016 come together\",\"tve\",\"uer\",\"viva eurovison\",\"vivaeurovision\"],\"articleSection\":[\"Eurovisi\u00f3n 2016\",\"Inicio\",\"Ultima Hora\"],\"inLanguage\":\"es\",\"potentialAction\":[{\"@type\":\"CommentAction\",\"name\":\"Comment\",\"target\":[\"https:\\\/\\\/www.vivaeurovision.com\\\/index.php\\\/2016\\\/01\\\/25\\\/434-sorteo-semifinales-eurovision\\\/#respond\"]}]},{\"@type\":\"WebPage\",\"@id\":\"https:\\\/\\\/www.vivaeurovision.com\\\/index.php\\\/2016\\\/01\\\/25\\\/434-sorteo-semifinales-eurovision\\\/\",\"url\":\"https:\\\/\\\/www.vivaeurovision.com\\\/index.php\\\/2016\\\/01\\\/25\\\/434-sorteo-semifinales-eurovision\\\/\",\"name\":\"ESPA\u00d1A EMITIR\u00c1 Y VOTAR\u00c1 EN LA PRIMERA SEMIFINAL DE EUROVISION 2016 - VIVAEUROVISION viva eurovision\",\"isPartOf\":{\"@id\":\"https:\\\/\\\/www.vivaeurovision.com\\\/#website\"},\"primaryImageOfPage\":{\"@id\":\"https:\\\/\\\/www.vivaeurovision.com\\\/index.php\\\/2016\\\/01\\\/25\\\/434-sorteo-semifinales-eurovision\\\/#primaryimage\"},\"image\":{\"@id\":\"https:\\\/\\\/www.vivaeurovision.com\\\/index.php\\\/2016\\\/01\\\/25\\\/434-sorteo-semifinales-eurovision\\\/#primaryimage\"},\"thumbnailUrl\":\"https:\\\/\\\/www.vivaeurovision.com\\\/wp-content\\\/uploads\\\/2016\\\/01\\\/image-29.jpeg\",\"datePublished\":\"2016-01-25T11:41:58+00:00\",\"dateModified\":\"2016-01-31T20:11:03+00:00\",\"breadcrumb\":{\"@id\":\"https:\\\/\\\/www.vivaeurovision.com\\\/index.php\\\/2016\\\/01\\\/25\\\/434-sorteo-semifinales-eurovision\\\/#breadcrumb\"},\"inLanguage\":\"es\",\"potentialAction\":[{\"@type\":\"ReadAction\",\"target\":[\"https:\\\/\\\/www.vivaeurovision.com\\\/index.php\\\/2016\\\/01\\\/25\\\/434-sorteo-semifinales-eurovision\\\/\"]}]},{\"@type\":\"ImageObject\",\"inLanguage\":\"es\",\"@id\":\"https:\\\/\\\/www.vivaeurovision.com\\\/index.php\\\/2016\\\/01\\\/25\\\/434-sorteo-semifinales-eurovision\\\/#primaryimage\",\"url\":\"https:\\\/\\\/www.vivaeurovision.com\\\/wp-content\\\/uploads\\\/2016\\\/01\\\/image-29.jpeg\",\"contentUrl\":\"https:\\\/\\\/www.vivaeurovision.com\\\/wp-content\\\/uploads\\\/2016\\\/01\\\/image-29.jpeg\",\"width\":555,\"height\":305},{\"@type\":\"BreadcrumbList\",\"@id\":\"https:\\\/\\\/www.vivaeurovision.com\\\/index.php\\\/2016\\\/01\\\/25\\\/434-sorteo-semifinales-eurovision\\\/#breadcrumb\",\"itemListElement\":[{\"@type\":\"ListItem\",\"position\":1,\"name\":\"Portada\",\"item\":\"https:\\\/\\\/www.vivaeurovision.com\\\/\"},{\"@type\":\"ListItem\",\"position\":2,\"name\":\"ESPA\u00d1A EMITIR\u00c1 Y VOTAR\u00c1 EN LA PRIMERA SEMIFINAL DE EUROVISION 2016\"}]},{\"@type\":\"WebSite\",\"@id\":\"https:\\\/\\\/www.vivaeurovision.com\\\/#website\",\"url\":\"https:\\\/\\\/www.vivaeurovision.com\\\/\",\"name\":\"VIVAEUROVISION viva eurovision\",\"description\":\"Tu portal sobre el Festival de Eurovision, eurovision, eurovisi\u00f3n\",\"publisher\":{\"@id\":\"https:\\\/\\\/www.vivaeurovision.com\\\/#organization\"},\"potentialAction\":[{\"@type\":\"SearchAction\",\"target\":{\"@type\":\"EntryPoint\",\"urlTemplate\":\"https:\\\/\\\/www.vivaeurovision.com\\\/?s={search_term_string}\"},\"query-input\":{\"@type\":\"PropertyValueSpecification\",\"valueRequired\":true,\"valueName\":\"search_term_string\"}}],\"inLanguage\":\"es\"},{\"@type\":\"Organization\",\"@id\":\"https:\\\/\\\/www.vivaeurovision.com\\\/#organization\",\"name\":\"vivaeurovision\",\"url\":\"https:\\\/\\\/www.vivaeurovision.com\\\/\",\"logo\":{\"@type\":\"ImageObject\",\"inLanguage\":\"es\",\"@id\":\"https:\\\/\\\/www.vivaeurovision.com\\\/#\\\/schema\\\/logo\\\/image\\\/\",\"url\":\"https:\\\/\\\/www.vivaeurovision.com\\\/wp-content\\\/uploads\\\/2016\\\/01\\\/cropped-image-21-1.jpeg\",\"contentUrl\":\"https:\\\/\\\/www.vivaeurovision.com\\\/wp-content\\\/uploads\\\/2016\\\/01\\\/cropped-image-21-1.jpeg\",\"width\":669,\"height\":368,\"caption\":\"vivaeurovision\"},\"image\":{\"@id\":\"https:\\\/\\\/www.vivaeurovision.com\\\/#\\\/schema\\\/logo\\\/image\\\/\"}},{\"@type\":\"Person\",\"@id\":\"https:\\\/\\\/www.vivaeurovision.com\\\/#\\\/schema\\\/person\\\/1d31fdaa3f5f7df556f73d164bd3c47a\",\"name\":\"Pedro Palomo\",\"image\":{\"@type\":\"ImageObject\",\"inLanguage\":\"es\",\"@id\":\"https:\\\/\\\/secure.gravatar.com\\\/avatar\\\/4cf9a4877f5f71f44fb7cedbe1bac1bd28bd8ce7a217517d98d5b2117f9f5505?s=96&d=mm&r=g\",\"url\":\"https:\\\/\\\/secure.gravatar.com\\\/avatar\\\/4cf9a4877f5f71f44fb7cedbe1bac1bd28bd8ce7a217517d98d5b2117f9f5505?s=96&d=mm&r=g\",\"contentUrl\":\"https:\\\/\\\/secure.gravatar.com\\\/avatar\\\/4cf9a4877f5f71f44fb7cedbe1bac1bd28bd8ce7a217517d98d5b2117f9f5505?s=96&d=mm&r=g\",\"caption\":\"Pedro Palomo\"},\"sameAs\":[\"http:\\\/\\\/www.vivaeurovision.com\",\"@pedrobcn\",\"https:\\\/\\\/x.com\\\/@pedropalomobcn\"]}]}<\/script>\n<!-- \/ Yoast SEO plugin. -->","yoast_head_json":{"title":"ESPA\u00d1A EMITIR\u00c1 Y VOTAR\u00c1 EN LA PRIMERA SEMIFINAL DE EUROVISION 2016 - VIVAEUROVISION viva eurovision","robots":{"index":"index","follow":"follow","max-snippet":"max-snippet:-1","max-image-preview":"max-image-preview:large","max-video-preview":"max-video-preview:-1"},"canonical":"https:\/\/www.vivaeurovision.com\/index.php\/2016\/01\/25\/434-sorteo-semifinales-eurovision\/","og_locale":"es_ES","og_type":"article","og_title":"ESPA\u00d1A EMITIR\u00c1 Y VOTAR\u00c1 EN LA PRIMERA SEMIFINAL DE EUROVISION 2016 - VIVAEUROVISION viva eurovision","og_description":"La UER- EBU, ha realizado hoy el sorteo de las semifinales, donde como ya sab\u00edamos Israel participara y votar\u00e1 en la segunda semifinal debido a su fiesta nacional y Alemania&#46;&#46;&#46;","og_url":"https:\/\/www.vivaeurovision.com\/index.php\/2016\/01\/25\/434-sorteo-semifinales-eurovision\/","og_site_name":"VIVAEUROVISION viva eurovision","article_published_time":"2016-01-25T11:41:58+00:00","article_modified_time":"2016-01-31T20:11:03+00:00","og_image":[{"width":555,"height":305,"url":"https:\/\/www.vivaeurovision.com\/wp-content\/uploads\/2016\/01\/image-29.jpeg","type":"image\/jpeg"}],"author":"Pedro Palomo","twitter_card":"summary_large_image","twitter_creator":"@pedropalomobcn","twitter_misc":{"Escrito por":"Pedro Palomo","Tiempo de lectura":"1 minuto"},"schema":{"@context":"https:\/\/schema.org","@graph":[{"@type":"Article","@id":"https:\/\/www.vivaeurovision.com\/index.php\/2016\/01\/25\/434-sorteo-semifinales-eurovision\/#article","isPartOf":{"@id":"https:\/\/www.vivaeurovision.com\/index.php\/2016\/01\/25\/434-sorteo-semifinales-eurovision\/"},"author":{"name":"Pedro Palomo","@id":"https:\/\/www.vivaeurovision.com\/#\/schema\/person\/1d31fdaa3f5f7df556f73d164bd3c47a"},"headline":"ESPA\u00d1A EMITIR\u00c1 Y VOTAR\u00c1 EN LA PRIMERA SEMIFINAL DE EUROVISION 2016","datePublished":"2016-01-25T11:41:58+00:00","dateModified":"2016-01-31T20:11:03+00:00","mainEntityOfPage":{"@id":"https:\/\/www.vivaeurovision.com\/index.php\/2016\/01\/25\/434-sorteo-semifinales-eurovision\/"},"wordCount":297,"commentCount":0,"publisher":{"@id":"https:\/\/www.vivaeurovision.com\/#organization"},"image":{"@id":"https:\/\/www.vivaeurovision.com\/index.php\/2016\/01\/25\/434-sorteo-semifinales-eurovision\/#primaryimage"},"thumbnailUrl":"https:\/\/www.vivaeurovision.com\/wp-content\/uploads\/2016\/01\/image-29.jpeg","keywords":["COME TOGETHER","ebu","Esc 2016","estocolomo 2016","Eurovision","Eurovisi\u00f3n 2016","Eurovision 2016 come together","Eurovision come together","Pedro Palomo","RTVE","Semifinal eurovision","Semifinales Eurovision","sorteo semifinales eurovision","stockholm 2016","stockholm 2016 come together","tve","uer","viva eurovison","vivaeurovision"],"articleSection":["Eurovisi\u00f3n 2016","Inicio","Ultima Hora"],"inLanguage":"es","potentialAction":[{"@type":"CommentAction","name":"Comment","target":["https:\/\/www.vivaeurovision.com\/index.php\/2016\/01\/25\/434-sorteo-semifinales-eurovision\/#respond"]}]},{"@type":"WebPage","@id":"https:\/\/www.vivaeurovision.com\/index.php\/2016\/01\/25\/434-sorteo-semifinales-eurovision\/","url":"https:\/\/www.vivaeurovision.com\/index.php\/2016\/01\/25\/434-sorteo-semifinales-eurovision\/","name":"ESPA\u00d1A EMITIR\u00c1 Y VOTAR\u00c1 EN LA PRIMERA SEMIFINAL DE EUROVISION 2016 - VIVAEUROVISION viva eurovision","isPartOf":{"@id":"https:\/\/www.vivaeurovision.com\/#website"},"primaryImageOfPage":{"@id":"https:\/\/www.vivaeurovision.com\/index.php\/2016\/01\/25\/434-sorteo-semifinales-eurovision\/#primaryimage"},"image":{"@id":"https:\/\/www.vivaeurovision.com\/index.php\/2016\/01\/25\/434-sorteo-semifinales-eurovision\/#primaryimage"},"thumbnailUrl":"https:\/\/www.vivaeurovision.com\/wp-content\/uploads\/2016\/01\/image-29.jpeg","datePublished":"2016-01-25T11:41:58+00:00","dateModified":"2016-01-31T20:11:03+00:00","breadcrumb":{"@id":"https:\/\/www.vivaeurovision.com\/index.php\/2016\/01\/25\/434-sorteo-semifinales-eurovision\/#breadcrumb"},"inLanguage":"es","potentialAction":[{"@type":"ReadAction","target":["https:\/\/www.vivaeurovision.com\/index.php\/2016\/01\/25\/434-sorteo-semifinales-eurovision\/"]}]},{"@type":"ImageObject","inLanguage":"es","@id":"https:\/\/www.vivaeurovision.com\/index.php\/2016\/01\/25\/434-sorteo-semifinales-eurovision\/#primaryimage","url":"https:\/\/www.vivaeurovision.com\/wp-content\/uploads\/2016\/01\/image-29.jpeg","contentUrl":"https:\/\/www.vivaeurovision.com\/wp-content\/uploads\/2016\/01\/image-29.jpeg","width":555,"height":305},{"@type":"BreadcrumbList","@id":"https:\/\/www.vivaeurovision.com\/index.php\/2016\/01\/25\/434-sorteo-semifinales-eurovision\/#breadcrumb","itemListElement":[{"@type":"ListItem","position":1,"name":"Portada","item":"https:\/\/www.vivaeurovision.com\/"},{"@type":"ListItem","position":2,"name":"ESPA\u00d1A EMITIR\u00c1 Y VOTAR\u00c1 EN LA PRIMERA SEMIFINAL DE EUROVISION 2016"}]},{"@type":"WebSite","@id":"https:\/\/www.vivaeurovision.com\/#website","url":"https:\/\/www.vivaeurovision.com\/","name":"VIVAEUROVISION viva eurovision","description":"Tu portal sobre el Festival de Eurovision, eurovision, eurovisi\u00f3n","publisher":{"@id":"https:\/\/www.vivaeurovision.com\/#organization"},"potentialAction":[{"@type":"SearchAction","target":{"@type":"EntryPoint","urlTemplate":"https:\/\/www.vivaeurovision.com\/?s={search_term_string}"},"query-input":{"@type":"PropertyValueSpecification","valueRequired":true,"valueName":"search_term_string"}}],"inLanguage":"es"},{"@type":"Organization","@id":"https:\/\/www.vivaeurovision.com\/#organization","name":"vivaeurovision","url":"https:\/\/www.vivaeurovision.com\/","logo":{"@type":"ImageObject","inLanguage":"es","@id":"https:\/\/www.vivaeurovision.com\/#\/schema\/logo\/image\/","url":"https:\/\/www.vivaeurovision.com\/wp-content\/uploads\/2016\/01\/cropped-image-21-1.jpeg","contentUrl":"https:\/\/www.vivaeurovision.com\/wp-content\/uploads\/2016\/01\/cropped-image-21-1.jpeg","width":669,"height":368,"caption":"vivaeurovision"},"image":{"@id":"https:\/\/www.vivaeurovision.com\/#\/schema\/logo\/image\/"}},{"@type":"Person","@id":"https:\/\/www.vivaeurovision.com\/#\/schema\/person\/1d31fdaa3f5f7df556f73d164bd3c47a","name":"Pedro Palomo","image":{"@type":"ImageObject","inLanguage":"es","@id":"https:\/\/secure.gravatar.com\/avatar\/4cf9a4877f5f71f44fb7cedbe1bac1bd28bd8ce7a217517d98d5b2117f9f5505?s=96&d=mm&r=g","url":"https:\/\/secure.gravatar.com\/avatar\/4cf9a4877f5f71f44fb7cedbe1bac1bd28bd8ce7a217517d98d5b2117f9f5505?s=96&d=mm&r=g","contentUrl":"https:\/\/secure.gravatar.com\/avatar\/4cf9a4877f5f71f44fb7cedbe1bac1bd28bd8ce7a217517d98d5b2117f9f5505?s=96&d=mm&r=g","caption":"Pedro Palomo"},"sameAs":["http:\/\/www.vivaeurovision.com","@pedrobcn","https:\/\/x.com\/@pedropalomobcn"]}]}},"_links":{"self":[{"href":"https:\/\/www.vivaeurovision.com\/index.php\/wp-json\/wp\/v2\/posts\/434","targetHints":{"allow":["GET"]}}],"collection":[{"href":"https:\/\/www.vivaeurovision.com\/index.php\/wp-json\/wp\/v2\/posts"}],"about":[{"href":"https:\/\/www.vivaeurovision.com\/index.php\/wp-json\/wp\/v2\/types\/post"}],"author":[{"embeddable":true,"href":"https:\/\/www.vivaeurovision.com\/index.php\/wp-json\/wp\/v2\/users\/1"}],"replies":[{"embeddable":true,"href":"https:\/\/www.vivaeurovision.com\/index.php\/wp-json\/wp\/v2\/comments?post=434"}],"version-history":[{"count":0,"href":"https:\/\/www.vivaeurovision.com\/index.php\/wp-json\/wp\/v2\/posts\/434\/revisions"}],"wp:featuredmedia":[{"embeddable":true,"href":"https:\/\/www.vivaeurovision.com\/index.php\/wp-json\/wp\/v2\/media\/455"}],"wp:attachment":[{"href":"https:\/\/www.vivaeurovision.com\/index.php\/wp-json\/wp\/v2\/media?parent=434"}],"wp:term":[{"taxonomy":"category","embeddable":true,"href":"https:\/\/www.vivaeurovision.com\/index.php\/wp-json\/wp\/v2\/categories?post=434"},{"taxonomy":"post_tag","embeddable":true,"href":"https:\/\/www.vivaeurovision.com\/index.php\/wp-json\/wp\/v2\/tags?post=434"}],"curies":[{"name":"wp","href":"https:\/\/api.w.org\/{rel}","templated":true}]}}