{"id":4353,"date":"2017-04-07T18:17:24","date_gmt":"2017-04-07T18:17:24","guid":{"rendered":"http:\/\/www.vivaeurovision.com\/?p=4353"},"modified":"2017-04-07T23:04:03","modified_gmt":"2017-04-07T23:04:03","slug":"4353-eurovision","status":"publish","type":"post","link":"https:\/\/www.vivaeurovision.com\/index.php\/2017\/04\/07\/4353-eurovision\/","title":{"rendered":"Manel Navarro, \u00e9xito en su tour europeo y versi\u00f3n ac\u00fastica de Do It For Your Love, canci\u00f3n con la que defender\u00e1 a Espa\u00f1a en Eurovisi\u00f3n"},"content":{"rendered":"<h4>Eurovision 2017<\/h4>\n<h4>El gran tour europeo de Manel Navarro, recibido en varios pa\u00edses con mucho \u00e9xito.<\/h4>\n<p><img loading=\"lazy\" decoding=\"async\" class=\"alignnone size-medium wp-image-4376\" src=\"http:\/\/www.vivaeurovision.com\/wp-content\/uploads\/2017\/04\/Manel_Londres_03-300x199.jpg\" alt=\"eurovision \" width=\"300\" height=\"199\" srcset=\"https:\/\/www.vivaeurovision.com\/wp-content\/uploads\/2017\/04\/Manel_Londres_03-300x199.jpg 300w, https:\/\/www.vivaeurovision.com\/wp-content\/uploads\/2017\/04\/Manel_Londres_03-700x463.jpg 700w, https:\/\/www.vivaeurovision.com\/wp-content\/uploads\/2017\/04\/Manel_Londres_03.jpg 1035w\" sizes=\"auto, (max-width: 300px) 100vw, 300px\" \/><\/p>\n<p><strong>El cantante ha lanzado la versi\u00f3n ac\u00fastica de su tema Do It For Your Lover, la cual ha tenido una gran acogida.<\/strong><br \/>\n<iframe loading=\"lazy\" src=\"https:\/\/www.youtube.com\/embed\/mQV1tkV0YU8\" width=\"560\" height=\"315\" frameborder=\"0\" allowfullscreen=\"allowfullscreen\"><\/iframe><br \/>\nEl candidato espa\u00f1ol en Eurovisi\u00f3n est\u00e1 teniendo una excelente acogida en su periplo europeo. Es uno de los artistas que m\u00e1s ha subido en \u2018social media\u2019 y que ha generado mayor contenido e inter\u00e9s en redes sociales y ha compartido muchos \u201cmomentos musicales\u201d y acciones con otros candidatos de Eurovisi\u00f3n, lo que abre una ventana a muchos otros pa\u00edses.<\/p>\n<p>Manel tuvo el honor de ser el elegido por la candidata del Reino Unido, <strong>Lucie Jones<\/strong>, para protagonizar un aplaudido dueto de la canci\u00f3n \u2018In the name of love\u2019 durante su visita a Londres, hecho del que muchos medios destacados brit\u00e1nicos se han hecho eco.<\/p>\n<div id=\"attachment_4371\" style=\"width: 310px\" class=\"wp-caption alignnone\"><img loading=\"lazy\" decoding=\"async\" aria-describedby=\"caption-attachment-4371\" class=\"size-medium wp-image-4371\" src=\"http:\/\/www.vivaeurovision.com\/wp-content\/uploads\/2017\/04\/Manel_Londres_02cGazdeVere-300x200.jpg\" alt=\"\" width=\"300\" height=\"200\" srcset=\"https:\/\/www.vivaeurovision.com\/wp-content\/uploads\/2017\/04\/Manel_Londres_02cGazdeVere-300x200.jpg 300w, https:\/\/www.vivaeurovision.com\/wp-content\/uploads\/2017\/04\/Manel_Londres_02cGazdeVere-700x468.jpg 700w\" sizes=\"auto, (max-width: 300px) 100vw, 300px\" \/><p id=\"caption-attachment-4371\" class=\"wp-caption-text\">London Eurovision Party 2017<\/p><\/div>\n<p>Adem\u00e1s, ha grabado \u2018covers\u2019 con el resto de representantes que los usuarios ir\u00e1n conociendo en los pr\u00f3ximos d\u00edas en los perfiles de los artistas. Esta misma noche, se lanzar\u00e1 la realizada con el joven Kristian Kostov, el representante de Bulgaria (\u2018The A team, de Ed Sheeran\u2019)<\/p>\n<p><strong>Asimismo, Manel ha grabado un \u2018mashup\u2019 con sus canciones favoritas de Eurovisi\u00f3n que ha funcionado muy bien en redes.<\/strong><br \/>\n<iframe loading=\"lazy\" src=\"https:\/\/www.youtube.com\/embed\/llUnD_2o7qk\" width=\"560\" height=\"315\" frameborder=\"0\" allowfullscreen=\"allowfullscreen\"><\/iframe><br \/>\n\u201cLa experiencia ha sido incre\u00edble\u201d<\/p>\n<p>\u201cTanto en Londres como en Tel-Aviv nos han recibido a todos los candidatos con mucho respeto y mucha pasi\u00f3n. Hemos trabajado mucho en los dos viajes para dar a conocer nuestra candidatura y la verdad es que los medios de comunicaci\u00f3n se han volcado con nosotros all\u00ed\u201d, afirma Manel Navarro que aunque algo cansado, se muestra agradecido con el recibimiento que han tenido tanto de fans como de la prensa en ambas ciudades.<\/p>\n<p><strong>El joven m\u00fasico, que ha destacado \u201cel buen rollo generalizado\u201d que ha surgido entre todos los candidatos, ha afirmado que ha congeniado especialmente bien con los chicos de Noruega, Joakim With Steen y Aleksander Walman; Kristian de Bulgaria; Robin de Grecia; y Nathan, de Austria. Y que la artista que m\u00e1s le ha sorprendido es la cantante de Finlandia, Leena Tirronen.<\/strong><\/p>\n<p><img loading=\"lazy\" decoding=\"async\" class=\"alignnone size-medium wp-image-4372\" src=\"http:\/\/www.vivaeurovision.com\/wp-content\/uploads\/2017\/04\/Manel_AUSTRIA-IRLANDA-Y-BULGARIA-300x225.jpg\" alt=\"eurovision\" width=\"300\" height=\"225\" srcset=\"https:\/\/www.vivaeurovision.com\/wp-content\/uploads\/2017\/04\/Manel_AUSTRIA-IRLANDA-Y-BULGARIA-300x225.jpg 300w, https:\/\/www.vivaeurovision.com\/wp-content\/uploads\/2017\/04\/Manel_AUSTRIA-IRLANDA-Y-BULGARIA-700x525.jpg 700w, https:\/\/www.vivaeurovision.com\/wp-content\/uploads\/2017\/04\/Manel_AUSTRIA-IRLANDA-Y-BULGARIA.jpg 1600w\" sizes=\"auto, (max-width: 300px) 100vw, 300px\" \/><br \/>\nAdem\u00e1s de compartir experiencias, Manel ha aprovechado estos d\u00edas de viaje para grabar sorpresas en forma de duetos con muchos de los candidatos, aunque hay dos que a\u00fan le quedan por hacer, y que est\u00e1 deseando: <strong>Alma (Francia) y Robin (Suecia).<\/strong><\/p>\n<p>Amsterdam y Madrid, pr\u00f3ximas paradas<\/p>\n<p><strong>Tras la estancia en Londres y Tel-Aviv, Manel ya est\u00e1 en Amsterdam para participar este s\u00e1bado en el \u2018Eurovision in Concert\u2019, la decana de las citas pre-eurovisivas. Y, el pr\u00f3ximo s\u00e1bado 15 de abril, ser\u00e1 el anfitri\u00f3n de la primera pre-party de Eurovisi\u00f3n en Espa\u00f1a, \u2018Eurovision-spain Pre-Party\u2019, donde recoger\u00e1 el testigo de manos de Barei, representante de 2016, delante de cerca de 2.000 espectadores en la Sala La Riviera de Madrid.<\/strong><\/p>\n<p>La presencia de Manel en todas estas citas europeas no se limita solo a la presentaci\u00f3n de su canci\u00f3n, <strong>\u2018Do it for your lover\u2019<\/strong>, y a compartir escenario con numerosos artistas de esta edici\u00f3n del Festival, sino que es el momento perfecto para promocionar la candidatura espa\u00f1ola entre los medios de comunicaci\u00f3n de toda Europa.<\/p>\n<p><strong>Una ventana internacional que tambi\u00e9n le llevar\u00e1 hasta Portugal<\/strong>, pa\u00eds que ha regresado a Eurovisi\u00f3n con <strong>Salvador Sobral<\/strong>, tras su ausencia en 2016. Hasta all\u00ed viajar\u00e1 Manel a finales de abril para dar a conocer su propuesta a los medios de comunicaci\u00f3n y telespectadores lusos.<\/p>\n<p><strong>RECUERDA DE VOTAR POR TU FAVORITO EN EL SONDEO DE VIVAEROVISION<\/strong><\/p>\n<p>[wpdevart_poll id=\u00bb9&#8243; theme=\u00bb0&#8243;]<\/p>\n<p><img loading=\"lazy\" decoding=\"async\" class=\"alignnone size-medium wp-image-311\" src=\"http:\/\/www.vivaeurovision.com\/wp-content\/uploads\/2016\/01\/image-21-300x165.jpeg\" alt=\"VIVAEUROVISION.COM\" width=\"300\" height=\"165\" srcset=\"https:\/\/www.vivaeurovision.com\/wp-content\/uploads\/2016\/01\/image-21-300x165.jpeg 300w, https:\/\/www.vivaeurovision.com\/wp-content\/uploads\/2016\/01\/image-21-555x305.jpeg 555w, https:\/\/www.vivaeurovision.com\/wp-content\/uploads\/2016\/01\/image-21.jpeg 669w\" sizes=\"auto, (max-width: 300px) 100vw, 300px\" \/><\/p>\n<p>Twitter\u00a0<strong> <a href=\"https:\/\/twitter.com\/viva_eurovision\" target=\"_blank\"><span style=\"color: #0066cc;\">@viva_eurovision<\/span><\/a>\u00a0 <a href=\"https:\/\/www.facebook.com\/Vivaeurovisioncom-867806686671081\/?fref=nf\" target=\"_blank\"><span style=\"color: #0066cc;\">FACEBOOK OFICIAL VIVA EUROVISION <\/span><\/a><\/strong>Instragram <strong>\u00a0<\/strong><a href=\"https:\/\/www.instagram.com\/vivaeurovision\/\" target=\"_blank\"><strong>@vivaeurovision<\/strong><\/a><\/p>\n<p>Redactor: Pedro Palomo <a href=\"https:\/\/twitter.com\/pedropalomobcn?lang=es\"><strong><span style=\"color: #0066cc;\">@pedropalomobcn<\/span><\/strong><\/a><strong>\u00a0<\/strong>Instagram <a href=\"https:\/\/www.instagram.com\/pedrobcn\/\" target=\"_blank\"><strong>@pedrobcn<\/strong><\/a><\/p>\n<p>Fuente e im\u00e1genes: <strong>\u00a9RTVE<\/strong><\/p>\n","protected":false},"excerpt":{"rendered":"<p>Eurovision 2017 El gran tour europeo de Manel Navarro, recibido en varios pa\u00edses con mucho \u00e9xito. El cantante ha lanzado la versi\u00f3n ac\u00fastica de su tema Do It For Your&#46;&#46;&#46;<\/p>\n","protected":false},"author":1,"featured_media":4380,"comment_status":"open","ping_status":"closed","sticky":false,"template":"","format":"standard","meta":{"_exactmetrics_skip_tracking":false,"_exactmetrics_sitenote_active":false,"_exactmetrics_sitenote_note":"","_exactmetrics_sitenote_category":0,"footnotes":""},"categories":[6,1195,876,4,1188,2],"tags":[1542,1546,1600,17,865,870,11,670,1543,1576,1017,866,706,869,1096,1466,1544,1547,1472,1548,34,139,1146,19,20,766,18,110,57,23,22],"class_list":["post-4353","post","type-post","status-publish","format-standard","has-post-thumbnail","hentry","category-espana-en-eurovision","category-eurovision-2","category-eurovision-2017","category-eurovision","category-noticia-2","category-noticia","tag-celebrate-diversity","tag-do-it-for-yor-lover-eurovision","tag-do-it-for-yor-lover-eurovision-2017","tag-esc","tag-esc-2017","tag-espana-eurovision-2017","tag-eurovision","tag-eurovision-2017","tag-eurovision-celebrate-diversity","tag-eurovision-celebrate-diversity-kiev-2017","tag-eurovision-kiev-2017","tag-eurovision-song-contest-2017","tag-eurovision-song-contest-festival","tag-eurovision-spain-2017","tag-festival-de-eurovision","tag-manel-navarro","tag-manel-navarro-do-it-for-your-lover","tag-manel-navarro-do-it-for-your-lover-eurovision","tag-manel-navarro-eurovision","tag-manel-navarro-eurovision-2017","tag-noticia","tag-objetivo-eurovision","tag-objetivo-eurovision-2017","tag-pedro-palomo","tag-pedro-palomo-eurovision","tag-pedro-palomo-vivaeurovision","tag-rtve","tag-rtve-eurovision","tag-tve","tag-viva-eurovision","tag-vivaeurovision"],"yoast_head":"<!-- This site is optimized with the Yoast SEO plugin v27.5 - https:\/\/yoast.com\/product\/yoast-seo-wordpress\/ -->\n<title>Manel Navarro, \u00e9xito en su tour europeo y versi\u00f3n ac\u00fastica de Do It For Your Love, canci\u00f3n con la que defender\u00e1 a Espa\u00f1a en Eurovisi\u00f3n - VIVAEUROVISION viva eurovision<\/title>\n<meta name=\"description\" content=\"eurovision, manel navarro, vivaeurovision, festival de eurovision, eurovisi\u00f3n, eurovision 2017, viva eurovision, Kiev 2017\" \/>\n<meta name=\"robots\" content=\"index, follow, max-snippet:-1, max-image-preview:large, max-video-preview:-1\" \/>\n<link rel=\"canonical\" href=\"https:\/\/www.vivaeurovision.com\/index.php\/2017\/04\/07\/4353-eurovision\/\" \/>\n<meta property=\"og:locale\" content=\"es_ES\" \/>\n<meta property=\"og:type\" content=\"article\" \/>\n<meta property=\"og:title\" content=\"Manel Navarro, \u00e9xito en su tour europeo y versi\u00f3n ac\u00fastica de Do It For Your Love, canci\u00f3n con la que defender\u00e1 a Espa\u00f1a en Eurovisi\u00f3n - VIVAEUROVISION viva eurovision\" \/>\n<meta property=\"og:description\" content=\"eurovision, manel navarro, vivaeurovision, festival de eurovision, eurovisi\u00f3n, eurovision 2017, viva eurovision, Kiev 2017\" \/>\n<meta property=\"og:url\" content=\"https:\/\/www.vivaeurovision.com\/index.php\/2017\/04\/07\/4353-eurovision\/\" \/>\n<meta property=\"og:site_name\" content=\"VIVAEUROVISION viva eurovision\" \/>\n<meta property=\"article:published_time\" content=\"2017-04-07T18:17:24+00:00\" \/>\n<meta property=\"article:modified_time\" content=\"2017-04-07T23:04:03+00:00\" \/>\n<meta property=\"og:image\" content=\"https:\/\/www.vivaeurovision.com\/wp-content\/uploads\/2017\/04\/manelnavarrotour.jpg\" \/>\n\t<meta property=\"og:image:width\" content=\"1181\" \/>\n\t<meta property=\"og:image:height\" content=\"552\" \/>\n\t<meta property=\"og:image:type\" content=\"image\/jpeg\" \/>\n<meta name=\"author\" content=\"Pedro Palomo\" \/>\n<meta name=\"twitter:card\" content=\"summary_large_image\" \/>\n<meta name=\"twitter:creator\" content=\"@pedropalomobcn\" \/>\n<meta name=\"twitter:label1\" content=\"Escrito por\" \/>\n\t<meta name=\"twitter:data1\" content=\"Pedro Palomo\" \/>\n\t<meta name=\"twitter:label2\" content=\"Tiempo de lectura\" \/>\n\t<meta name=\"twitter:data2\" content=\"3 minutos\" \/>\n<script type=\"application\/ld+json\" class=\"yoast-schema-graph\">{\"@context\":\"https:\\\/\\\/schema.org\",\"@graph\":[{\"@type\":\"Article\",\"@id\":\"https:\\\/\\\/www.vivaeurovision.com\\\/index.php\\\/2017\\\/04\\\/07\\\/4353-eurovision\\\/#article\",\"isPartOf\":{\"@id\":\"https:\\\/\\\/www.vivaeurovision.com\\\/index.php\\\/2017\\\/04\\\/07\\\/4353-eurovision\\\/\"},\"author\":{\"name\":\"Pedro Palomo\",\"@id\":\"https:\\\/\\\/www.vivaeurovision.com\\\/#\\\/schema\\\/person\\\/1d31fdaa3f5f7df556f73d164bd3c47a\"},\"headline\":\"Manel Navarro, \u00e9xito en su tour europeo y versi\u00f3n ac\u00fastica de Do It For Your Love, canci\u00f3n con la que defender\u00e1 a Espa\u00f1a en Eurovisi\u00f3n\",\"datePublished\":\"2017-04-07T18:17:24+00:00\",\"dateModified\":\"2017-04-07T23:04:03+00:00\",\"mainEntityOfPage\":{\"@id\":\"https:\\\/\\\/www.vivaeurovision.com\\\/index.php\\\/2017\\\/04\\\/07\\\/4353-eurovision\\\/\"},\"wordCount\":673,\"commentCount\":0,\"publisher\":{\"@id\":\"https:\\\/\\\/www.vivaeurovision.com\\\/#organization\"},\"image\":{\"@id\":\"https:\\\/\\\/www.vivaeurovision.com\\\/index.php\\\/2017\\\/04\\\/07\\\/4353-eurovision\\\/#primaryimage\"},\"thumbnailUrl\":\"https:\\\/\\\/www.vivaeurovision.com\\\/wp-content\\\/uploads\\\/2017\\\/04\\\/manelnavarrotour.jpg\",\"keywords\":[\"celebrate diversity\",\"do it for yor lover eurovision\",\"do it for yor lover eurovision 2017\",\"ESC\",\"esc 2017\",\"espa\u00f1a eurovision 2017\",\"Eurovision\",\"Eurovision 2017\",\"eurovision celebrate diversity\",\"eurovision celebrate diversity kiev 2017\",\"eurovision kiev 2017\",\"eurovision song contest 2017\",\"eurovision song contest festival\",\"eurovision spain 2017\",\"Festival de Eurovisi\u00f3n\",\"manel navarro\",\"manel navarro do it for your lover\",\"manel navarro do it for your lover eurovision\",\"manel navarro eurovision\",\"manel navarro eurovision 2017\",\"Noticia\",\"objetivo eurovision\",\"objetivo Eurovisi\u00f3n 2017\",\"Pedro Palomo\",\"Pedro Palomo Eurovision\",\"Pedro Palomo Vivaeurovision\",\"RTVE\",\"Rtve EUROVISION\",\"tve\",\"viva eurovision\",\"vivaeurovision\"],\"articleSection\":[\"Espa\u00f1a en Eurovisi\u00f3n\",\"eurovision\",\"Eurovisi\u00f3n 2017\",\"Inicio\",\"Noticia\",\"Noticias\"],\"inLanguage\":\"es\",\"potentialAction\":[{\"@type\":\"CommentAction\",\"name\":\"Comment\",\"target\":[\"https:\\\/\\\/www.vivaeurovision.com\\\/index.php\\\/2017\\\/04\\\/07\\\/4353-eurovision\\\/#respond\"]}]},{\"@type\":\"WebPage\",\"@id\":\"https:\\\/\\\/www.vivaeurovision.com\\\/index.php\\\/2017\\\/04\\\/07\\\/4353-eurovision\\\/\",\"url\":\"https:\\\/\\\/www.vivaeurovision.com\\\/index.php\\\/2017\\\/04\\\/07\\\/4353-eurovision\\\/\",\"name\":\"Manel Navarro, \u00e9xito en su tour europeo y versi\u00f3n ac\u00fastica de Do It For Your Love, canci\u00f3n con la que defender\u00e1 a Espa\u00f1a en Eurovisi\u00f3n - VIVAEUROVISION viva eurovision\",\"isPartOf\":{\"@id\":\"https:\\\/\\\/www.vivaeurovision.com\\\/#website\"},\"primaryImageOfPage\":{\"@id\":\"https:\\\/\\\/www.vivaeurovision.com\\\/index.php\\\/2017\\\/04\\\/07\\\/4353-eurovision\\\/#primaryimage\"},\"image\":{\"@id\":\"https:\\\/\\\/www.vivaeurovision.com\\\/index.php\\\/2017\\\/04\\\/07\\\/4353-eurovision\\\/#primaryimage\"},\"thumbnailUrl\":\"https:\\\/\\\/www.vivaeurovision.com\\\/wp-content\\\/uploads\\\/2017\\\/04\\\/manelnavarrotour.jpg\",\"datePublished\":\"2017-04-07T18:17:24+00:00\",\"dateModified\":\"2017-04-07T23:04:03+00:00\",\"description\":\"eurovision, manel navarro, vivaeurovision, festival de eurovision, eurovisi\u00f3n, eurovision 2017, viva eurovision, Kiev 2017\",\"breadcrumb\":{\"@id\":\"https:\\\/\\\/www.vivaeurovision.com\\\/index.php\\\/2017\\\/04\\\/07\\\/4353-eurovision\\\/#breadcrumb\"},\"inLanguage\":\"es\",\"potentialAction\":[{\"@type\":\"ReadAction\",\"target\":[\"https:\\\/\\\/www.vivaeurovision.com\\\/index.php\\\/2017\\\/04\\\/07\\\/4353-eurovision\\\/\"]}]},{\"@type\":\"ImageObject\",\"inLanguage\":\"es\",\"@id\":\"https:\\\/\\\/www.vivaeurovision.com\\\/index.php\\\/2017\\\/04\\\/07\\\/4353-eurovision\\\/#primaryimage\",\"url\":\"https:\\\/\\\/www.vivaeurovision.com\\\/wp-content\\\/uploads\\\/2017\\\/04\\\/manelnavarrotour.jpg\",\"contentUrl\":\"https:\\\/\\\/www.vivaeurovision.com\\\/wp-content\\\/uploads\\\/2017\\\/04\\\/manelnavarrotour.jpg\",\"width\":1181,\"height\":552,\"caption\":\"eurovision\"},{\"@type\":\"BreadcrumbList\",\"@id\":\"https:\\\/\\\/www.vivaeurovision.com\\\/index.php\\\/2017\\\/04\\\/07\\\/4353-eurovision\\\/#breadcrumb\",\"itemListElement\":[{\"@type\":\"ListItem\",\"position\":1,\"name\":\"Portada\",\"item\":\"https:\\\/\\\/www.vivaeurovision.com\\\/\"},{\"@type\":\"ListItem\",\"position\":2,\"name\":\"Manel Navarro, \u00e9xito en su tour europeo y versi\u00f3n ac\u00fastica de Do It For Your Love, canci\u00f3n con la que defender\u00e1 a Espa\u00f1a en Eurovisi\u00f3n\"}]},{\"@type\":\"WebSite\",\"@id\":\"https:\\\/\\\/www.vivaeurovision.com\\\/#website\",\"url\":\"https:\\\/\\\/www.vivaeurovision.com\\\/\",\"name\":\"VIVAEUROVISION viva eurovision\",\"description\":\"Tu portal sobre el Festival de Eurovision, eurovision, eurovisi\u00f3n\",\"publisher\":{\"@id\":\"https:\\\/\\\/www.vivaeurovision.com\\\/#organization\"},\"potentialAction\":[{\"@type\":\"SearchAction\",\"target\":{\"@type\":\"EntryPoint\",\"urlTemplate\":\"https:\\\/\\\/www.vivaeurovision.com\\\/?s={search_term_string}\"},\"query-input\":{\"@type\":\"PropertyValueSpecification\",\"valueRequired\":true,\"valueName\":\"search_term_string\"}}],\"inLanguage\":\"es\"},{\"@type\":\"Organization\",\"@id\":\"https:\\\/\\\/www.vivaeurovision.com\\\/#organization\",\"name\":\"vivaeurovision\",\"url\":\"https:\\\/\\\/www.vivaeurovision.com\\\/\",\"logo\":{\"@type\":\"ImageObject\",\"inLanguage\":\"es\",\"@id\":\"https:\\\/\\\/www.vivaeurovision.com\\\/#\\\/schema\\\/logo\\\/image\\\/\",\"url\":\"https:\\\/\\\/www.vivaeurovision.com\\\/wp-content\\\/uploads\\\/2016\\\/01\\\/cropped-image-21-1.jpeg\",\"contentUrl\":\"https:\\\/\\\/www.vivaeurovision.com\\\/wp-content\\\/uploads\\\/2016\\\/01\\\/cropped-image-21-1.jpeg\",\"width\":669,\"height\":368,\"caption\":\"vivaeurovision\"},\"image\":{\"@id\":\"https:\\\/\\\/www.vivaeurovision.com\\\/#\\\/schema\\\/logo\\\/image\\\/\"}},{\"@type\":\"Person\",\"@id\":\"https:\\\/\\\/www.vivaeurovision.com\\\/#\\\/schema\\\/person\\\/1d31fdaa3f5f7df556f73d164bd3c47a\",\"name\":\"Pedro Palomo\",\"image\":{\"@type\":\"ImageObject\",\"inLanguage\":\"es\",\"@id\":\"https:\\\/\\\/secure.gravatar.com\\\/avatar\\\/4cf9a4877f5f71f44fb7cedbe1bac1bd28bd8ce7a217517d98d5b2117f9f5505?s=96&d=mm&r=g\",\"url\":\"https:\\\/\\\/secure.gravatar.com\\\/avatar\\\/4cf9a4877f5f71f44fb7cedbe1bac1bd28bd8ce7a217517d98d5b2117f9f5505?s=96&d=mm&r=g\",\"contentUrl\":\"https:\\\/\\\/secure.gravatar.com\\\/avatar\\\/4cf9a4877f5f71f44fb7cedbe1bac1bd28bd8ce7a217517d98d5b2117f9f5505?s=96&d=mm&r=g\",\"caption\":\"Pedro Palomo\"},\"sameAs\":[\"http:\\\/\\\/www.vivaeurovision.com\",\"@pedrobcn\",\"https:\\\/\\\/x.com\\\/@pedropalomobcn\"]}]}<\/script>\n<!-- \/ Yoast SEO plugin. -->","yoast_head_json":{"title":"Manel Navarro, \u00e9xito en su tour europeo y versi\u00f3n ac\u00fastica de Do It For Your Love, canci\u00f3n con la que defender\u00e1 a Espa\u00f1a en Eurovisi\u00f3n - VIVAEUROVISION viva eurovision","description":"eurovision, manel navarro, vivaeurovision, festival de eurovision, eurovisi\u00f3n, eurovision 2017, viva eurovision, Kiev 2017","robots":{"index":"index","follow":"follow","max-snippet":"max-snippet:-1","max-image-preview":"max-image-preview:large","max-video-preview":"max-video-preview:-1"},"canonical":"https:\/\/www.vivaeurovision.com\/index.php\/2017\/04\/07\/4353-eurovision\/","og_locale":"es_ES","og_type":"article","og_title":"Manel Navarro, \u00e9xito en su tour europeo y versi\u00f3n ac\u00fastica de Do It For Your Love, canci\u00f3n con la que defender\u00e1 a Espa\u00f1a en Eurovisi\u00f3n - VIVAEUROVISION viva eurovision","og_description":"eurovision, manel navarro, vivaeurovision, festival de eurovision, eurovisi\u00f3n, eurovision 2017, viva eurovision, Kiev 2017","og_url":"https:\/\/www.vivaeurovision.com\/index.php\/2017\/04\/07\/4353-eurovision\/","og_site_name":"VIVAEUROVISION viva eurovision","article_published_time":"2017-04-07T18:17:24+00:00","article_modified_time":"2017-04-07T23:04:03+00:00","og_image":[{"width":1181,"height":552,"url":"https:\/\/www.vivaeurovision.com\/wp-content\/uploads\/2017\/04\/manelnavarrotour.jpg","type":"image\/jpeg"}],"author":"Pedro Palomo","twitter_card":"summary_large_image","twitter_creator":"@pedropalomobcn","twitter_misc":{"Escrito por":"Pedro Palomo","Tiempo de lectura":"3 minutos"},"schema":{"@context":"https:\/\/schema.org","@graph":[{"@type":"Article","@id":"https:\/\/www.vivaeurovision.com\/index.php\/2017\/04\/07\/4353-eurovision\/#article","isPartOf":{"@id":"https:\/\/www.vivaeurovision.com\/index.php\/2017\/04\/07\/4353-eurovision\/"},"author":{"name":"Pedro Palomo","@id":"https:\/\/www.vivaeurovision.com\/#\/schema\/person\/1d31fdaa3f5f7df556f73d164bd3c47a"},"headline":"Manel Navarro, \u00e9xito en su tour europeo y versi\u00f3n ac\u00fastica de Do It For Your Love, canci\u00f3n con la que defender\u00e1 a Espa\u00f1a en Eurovisi\u00f3n","datePublished":"2017-04-07T18:17:24+00:00","dateModified":"2017-04-07T23:04:03+00:00","mainEntityOfPage":{"@id":"https:\/\/www.vivaeurovision.com\/index.php\/2017\/04\/07\/4353-eurovision\/"},"wordCount":673,"commentCount":0,"publisher":{"@id":"https:\/\/www.vivaeurovision.com\/#organization"},"image":{"@id":"https:\/\/www.vivaeurovision.com\/index.php\/2017\/04\/07\/4353-eurovision\/#primaryimage"},"thumbnailUrl":"https:\/\/www.vivaeurovision.com\/wp-content\/uploads\/2017\/04\/manelnavarrotour.jpg","keywords":["celebrate diversity","do it for yor lover eurovision","do it for yor lover eurovision 2017","ESC","esc 2017","espa\u00f1a eurovision 2017","Eurovision","Eurovision 2017","eurovision celebrate diversity","eurovision celebrate diversity kiev 2017","eurovision kiev 2017","eurovision song contest 2017","eurovision song contest festival","eurovision spain 2017","Festival de Eurovisi\u00f3n","manel navarro","manel navarro do it for your lover","manel navarro do it for your lover eurovision","manel navarro eurovision","manel navarro eurovision 2017","Noticia","objetivo eurovision","objetivo Eurovisi\u00f3n 2017","Pedro Palomo","Pedro Palomo Eurovision","Pedro Palomo Vivaeurovision","RTVE","Rtve EUROVISION","tve","viva eurovision","vivaeurovision"],"articleSection":["Espa\u00f1a en Eurovisi\u00f3n","eurovision","Eurovisi\u00f3n 2017","Inicio","Noticia","Noticias"],"inLanguage":"es","potentialAction":[{"@type":"CommentAction","name":"Comment","target":["https:\/\/www.vivaeurovision.com\/index.php\/2017\/04\/07\/4353-eurovision\/#respond"]}]},{"@type":"WebPage","@id":"https:\/\/www.vivaeurovision.com\/index.php\/2017\/04\/07\/4353-eurovision\/","url":"https:\/\/www.vivaeurovision.com\/index.php\/2017\/04\/07\/4353-eurovision\/","name":"Manel Navarro, \u00e9xito en su tour europeo y versi\u00f3n ac\u00fastica de Do It For Your Love, canci\u00f3n con la que defender\u00e1 a Espa\u00f1a en Eurovisi\u00f3n - VIVAEUROVISION viva eurovision","isPartOf":{"@id":"https:\/\/www.vivaeurovision.com\/#website"},"primaryImageOfPage":{"@id":"https:\/\/www.vivaeurovision.com\/index.php\/2017\/04\/07\/4353-eurovision\/#primaryimage"},"image":{"@id":"https:\/\/www.vivaeurovision.com\/index.php\/2017\/04\/07\/4353-eurovision\/#primaryimage"},"thumbnailUrl":"https:\/\/www.vivaeurovision.com\/wp-content\/uploads\/2017\/04\/manelnavarrotour.jpg","datePublished":"2017-04-07T18:17:24+00:00","dateModified":"2017-04-07T23:04:03+00:00","description":"eurovision, manel navarro, vivaeurovision, festival de eurovision, eurovisi\u00f3n, eurovision 2017, viva eurovision, Kiev 2017","breadcrumb":{"@id":"https:\/\/www.vivaeurovision.com\/index.php\/2017\/04\/07\/4353-eurovision\/#breadcrumb"},"inLanguage":"es","potentialAction":[{"@type":"ReadAction","target":["https:\/\/www.vivaeurovision.com\/index.php\/2017\/04\/07\/4353-eurovision\/"]}]},{"@type":"ImageObject","inLanguage":"es","@id":"https:\/\/www.vivaeurovision.com\/index.php\/2017\/04\/07\/4353-eurovision\/#primaryimage","url":"https:\/\/www.vivaeurovision.com\/wp-content\/uploads\/2017\/04\/manelnavarrotour.jpg","contentUrl":"https:\/\/www.vivaeurovision.com\/wp-content\/uploads\/2017\/04\/manelnavarrotour.jpg","width":1181,"height":552,"caption":"eurovision"},{"@type":"BreadcrumbList","@id":"https:\/\/www.vivaeurovision.com\/index.php\/2017\/04\/07\/4353-eurovision\/#breadcrumb","itemListElement":[{"@type":"ListItem","position":1,"name":"Portada","item":"https:\/\/www.vivaeurovision.com\/"},{"@type":"ListItem","position":2,"name":"Manel Navarro, \u00e9xito en su tour europeo y versi\u00f3n ac\u00fastica de Do It For Your Love, canci\u00f3n con la que defender\u00e1 a Espa\u00f1a en Eurovisi\u00f3n"}]},{"@type":"WebSite","@id":"https:\/\/www.vivaeurovision.com\/#website","url":"https:\/\/www.vivaeurovision.com\/","name":"VIVAEUROVISION viva eurovision","description":"Tu portal sobre el Festival de Eurovision, eurovision, eurovisi\u00f3n","publisher":{"@id":"https:\/\/www.vivaeurovision.com\/#organization"},"potentialAction":[{"@type":"SearchAction","target":{"@type":"EntryPoint","urlTemplate":"https:\/\/www.vivaeurovision.com\/?s={search_term_string}"},"query-input":{"@type":"PropertyValueSpecification","valueRequired":true,"valueName":"search_term_string"}}],"inLanguage":"es"},{"@type":"Organization","@id":"https:\/\/www.vivaeurovision.com\/#organization","name":"vivaeurovision","url":"https:\/\/www.vivaeurovision.com\/","logo":{"@type":"ImageObject","inLanguage":"es","@id":"https:\/\/www.vivaeurovision.com\/#\/schema\/logo\/image\/","url":"https:\/\/www.vivaeurovision.com\/wp-content\/uploads\/2016\/01\/cropped-image-21-1.jpeg","contentUrl":"https:\/\/www.vivaeurovision.com\/wp-content\/uploads\/2016\/01\/cropped-image-21-1.jpeg","width":669,"height":368,"caption":"vivaeurovision"},"image":{"@id":"https:\/\/www.vivaeurovision.com\/#\/schema\/logo\/image\/"}},{"@type":"Person","@id":"https:\/\/www.vivaeurovision.com\/#\/schema\/person\/1d31fdaa3f5f7df556f73d164bd3c47a","name":"Pedro Palomo","image":{"@type":"ImageObject","inLanguage":"es","@id":"https:\/\/secure.gravatar.com\/avatar\/4cf9a4877f5f71f44fb7cedbe1bac1bd28bd8ce7a217517d98d5b2117f9f5505?s=96&d=mm&r=g","url":"https:\/\/secure.gravatar.com\/avatar\/4cf9a4877f5f71f44fb7cedbe1bac1bd28bd8ce7a217517d98d5b2117f9f5505?s=96&d=mm&r=g","contentUrl":"https:\/\/secure.gravatar.com\/avatar\/4cf9a4877f5f71f44fb7cedbe1bac1bd28bd8ce7a217517d98d5b2117f9f5505?s=96&d=mm&r=g","caption":"Pedro Palomo"},"sameAs":["http:\/\/www.vivaeurovision.com","@pedrobcn","https:\/\/x.com\/@pedropalomobcn"]}]}},"_links":{"self":[{"href":"https:\/\/www.vivaeurovision.com\/index.php\/wp-json\/wp\/v2\/posts\/4353","targetHints":{"allow":["GET"]}}],"collection":[{"href":"https:\/\/www.vivaeurovision.com\/index.php\/wp-json\/wp\/v2\/posts"}],"about":[{"href":"https:\/\/www.vivaeurovision.com\/index.php\/wp-json\/wp\/v2\/types\/post"}],"author":[{"embeddable":true,"href":"https:\/\/www.vivaeurovision.com\/index.php\/wp-json\/wp\/v2\/users\/1"}],"replies":[{"embeddable":true,"href":"https:\/\/www.vivaeurovision.com\/index.php\/wp-json\/wp\/v2\/comments?post=4353"}],"version-history":[{"count":6,"href":"https:\/\/www.vivaeurovision.com\/index.php\/wp-json\/wp\/v2\/posts\/4353\/revisions"}],"predecessor-version":[{"id":4379,"href":"https:\/\/www.vivaeurovision.com\/index.php\/wp-json\/wp\/v2\/posts\/4353\/revisions\/4379"}],"wp:featuredmedia":[{"embeddable":true,"href":"https:\/\/www.vivaeurovision.com\/index.php\/wp-json\/wp\/v2\/media\/4380"}],"wp:attachment":[{"href":"https:\/\/www.vivaeurovision.com\/index.php\/wp-json\/wp\/v2\/media?parent=4353"}],"wp:term":[{"taxonomy":"category","embeddable":true,"href":"https:\/\/www.vivaeurovision.com\/index.php\/wp-json\/wp\/v2\/categories?post=4353"},{"taxonomy":"post_tag","embeddable":true,"href":"https:\/\/www.vivaeurovision.com\/index.php\/wp-json\/wp\/v2\/tags?post=4353"}],"curies":[{"name":"wp","href":"https:\/\/api.w.org\/{rel}","templated":true}]}}